{"id":181215,"date":"2016-12-14T16:03:37","date_gmt":"2016-12-14T16:03:37","guid":{"rendered":"https:\/\/www.meydan.tv\/article\/muharibe-ve-her-102-saniye-sonra-olen-insan\/"},"modified":"2016-12-14T16:03:37","modified_gmt":"2016-12-14T16:03:37","slug":"muharibe-ve-her-102-saniye-sonra-olen-insan","status":"publish","type":"post","link":"https:\/\/www.meydan.tv\/az\/article\/muharibe-ve-her-102-saniye-sonra-olen-insan\/","title":{"rendered":"M\u00fcharib\u0259 v\u0259 h\u0259r 102 saniy\u0259 sonra \u00f6l\u0259n insan"},"content":{"rendered":"<figure class=\"wp-block-image size-large\">\n  <img decoding=\"async\" src=\"https:\/\/www.meydan.tv\/az\/orxan-adigozel\/\" alt=\"Orxan Ad\u0131g\u00f6z\u0259l\" class=\"wp-image-47490\"\/><figcaption>\n    Orxan Ad\u0131g\u00f6z\u0259l<br \/>\n  <\/figcaption><\/figure>\n<figure class=\"wp-block-image size-large\">\n  <img decoding=\"async\" src=\"https:\/\/www.meydan.tv\/az\/orxan-adigozel-banner\/\" alt=\"Orxan Ad\u0131g\u00f6z\u0259l-Banner\" class=\"wp-image-47493\"\/><figcaption>\n    Orxan Ad\u0131g\u00f6z\u0259l-Banner<br \/>\n  <\/figcaption><\/figure>\n<p>\n  <i><br \/>\n    T\u0259z\u0259likc\u0259 Meydan TV-d\u0259 &#8220;Hans\u0131 \u00f6lk\u0259l\u0259rd\u0259 m\u00fcharib\u0259 davam edir?&#8221; ba\u015fl\u0131ql\u0131 yaz\u0131 oxudum<br \/>\n  <\/i>\n<\/p>\n<p>\n  M\u0259lum oldu ki, hal-haz\u0131rda d\u00fcnyada davam etm\u0259kd\u0259 olan 28 m\u00fcharib\u0259 var. Bunlar\u0131n bir qismi v\u0259t\u0259nda\u015f, dig\u0259r qismi is\u0259 \u00f6lk\u0259l\u0259r aras\u0131nda olan m\u00fcharib\u0259dir. H\u0259min m\u00fcharib\u0259 ocaqlar\u0131n\u0131n b\u00f6y\u00fck \u0259ks\u0259riyy\u0259ti \u015e\u0259rqd\u0259dir v\u0259 ham\u0131s\u0131na konflikt statusu verilib.\n<\/p>\n<p>\n  Bu yaz\u0131 m\u0259n\u0259 \u00e7ox pis t\u0259sir el\u0259di. \u018fslind\u0259 bel\u0259 t\u0259sirl\u0259r qa\u00e7\u0131lmazd\u0131r. \u00d6z\u00fcm\u00fcz\u00fc n\u0259 q\u0259d\u0259r toxtaq tutsaq, n\u0259 q\u0259d\u0259r nikbin d\u00fc\u015f\u00fcnc\u0259l\u0259r\u0259 malik olsaq da, bu reall\u0131qlar m\u00f6vcuddur v\u0259 bel\u0259 x\u0259b\u0259rl\u0259rin m\u0259nfi t\u0259siri bizi k\u0259d\u0259rl\u0259ndirir.\n<\/p>\n<p>\n  Reall\u0131q budur, bunu m\u00fc\u0259yy\u0259n q\u0259d\u0259r q\u0259bul edirik. Bu hal art\u0131q d\u00fcnya miqyas\u0131nda el\u0259 bil nizama sal\u0131n\u0131b. H\u0259r g\u00fcn planetimizd\u0259 m\u00fc\u0259yy\u0259n s\u0259b\u0259bl\u0259r ucbat\u0131ndan 160\u00a0000 insan \u00f6l\u00fcr. Bura m\u00fcxt\u0259lif s\u0259b\u0259bl\u0259r daxildir-cinay\u0259t qurbanlar\u0131, avto-q\u0259zalar, x\u0259st\u0259likl\u0259r, acl\u0131q v\u0259 s. Bu \u00f6l\u00fcml\u0259rin indi statistikas\u0131na bax\u0131b, d\u0259h\u015f\u0259t\u0259 g\u0259lir\u0259m. H\u0259min 160 min \u00f6l\u00fcm hallar\u0131n\u0131n i\u00e7in\u0259 &#8220;m\u00fcharib\u0259nin t\u0259siri il\u0259 \u00f6l\u0259nl\u0259r&#8221; d\u0259 daxildir v\u0259 o, siyah\u0131da y\u00fcks\u0259k yeri tutur.\n<\/p>\n<p>\n  T\u0259s\u0259vv\u00fcr edin, h\u0259r 102 saniy\u0259d\u0259 m\u00fcharib\u0259y\u0259 g\u00f6r\u0259 bir n\u0259f\u0259r h\u0259yat\u0131n\u0131 itirir. (O biri \u00f6l\u00fcm hallar\u0131n\u0131n tezlik x\u0259ttini yazmayacam.) Bu, he\u00e7 iki d\u0259qiq\u0259 d\u0259 deyil.\n<\/p>\n<p>\n  \u018fn d\u0259h\u015f\u0259tlisi bu m\u00fcharib\u0259d\u0259 \u00f6l\u0259n azya\u015fl\u0131 u\u015faqlar\u0131n olmas\u0131d\u0131r. G\u00fcnahs\u0131z k\u00f6rp\u0259 fidanlar, silah v\u0259 bombalar\u0131n h\u0259d\u0259fin\u0259 tu\u015f g\u0259lib, h\u0259yatla tez bir zamanda vidala\u015fmal\u0131 olurlar. H\u0259r d\u0259f\u0259 Suriyal\u0131 azya\u015fl\u0131 q\u0131z\u0131n bir mahn\u0131 m\u00fcsabiq\u0259sind\u0259 a\u011flaya-a\u011flaya &#8220;Give us our childhood&#8221;(&#8220;Biz\u0259 bizim u\u015faql\u0131\u011f\u0131m\u0131z\u0131 qaytar&#8221;) mahn\u0131s\u0131n\u0131 e\u015fid\u0259nd\u0259 d\u00fcnya &#8220;nizam\u0131&#8221; il\u0259 bar\u0131\u015fd\u0131\u011f\u0131ma g\u00f6r\u0259 \u00e7ox utan\u0131ram. G\u00f6zl\u0259rim ya\u015far\u0131r, d\u00f6z\u0259 bilmir\u0259m. El\u0259 bil kims\u0259 m\u0259ni g\u00f6y\u0259 qald\u0131r\u0131b, sonra yer\u0259 \u00e7\u0131rp\u0131r. Bax, n\u0259yi reall\u0131q kimi q\u0259bul ets\u0259m d\u0259, u\u015faqlar\u0131n m\u00fcharib\u0259 yolu il\u0259 \u00f6lm\u0259l\u0259rini q\u0259bul ed\u0259 bilmir\u0259m. Bel\u0259 olmamal\u0131d\u0131r, amma n\u0259 yaz\u0131q ki olur v\u0259 u\u015faqlar da m\u00fcharib\u0259l\u0259rd\u0259 \u00f6l\u00fcrl\u0259r.\n<\/p>\n<p>\n  Tarixboyu m\u00fcharib\u0259l\u0259r olub. Bu, dan\u0131lmaz faktd\u0131r. Sad\u0259c\u0259 bu \u00e7a\u011f\u0131m\u0131zda, d\u00fcnyada elm-texnologiya v\u0259 m\u0259d\u0259ni inki\u015faf\u0131n fonunda bu q\u0259d\u0259r q\u0131z\u011f\u0131n v\u0259 arams\u0131z m\u00fcharib\u0259l\u0259r\u0259 \u015fahidlik etm\u0259k paradoks v\u0259ziyy\u0259t yarad\u0131r. Bir \u015feyi d\u0259rk etm\u0259liyik. Hal-haz\u0131rda d\u00fcnyadak\u0131 m\u00fcharib\u0259l\u0259r silah-sursat alveri il\u0259 milyardlarla pul qazanc\u0131na xidm\u0259t edir. Bu pullar kimin \u0259lind\u0259 d\u00f6vr edir? Silah-sursat istehsal\u0131 v\u0259 sat\u0131\u015f\u0131na g\u00f6r\u0259 d\u00fcnya siyah\u0131s\u0131na g\u00f6r\u0259 ilk pill\u0259l\u0259rd\u0259 duran qlobal d\u00f6vl\u0259tl\u0259rin \u0259lind\u0259. M\u00fc\u0259llifin ad\u0131n\u0131 unutmu\u015fam, o, qeyd edib ki, &#8220;paradokslar \u0259srind\u0259 ya\u015fay\u0131r\u0131q, s\u00fclh \u00fc\u00e7\u00fcn m\u00fcharib\u0259 edirik&#8221;.\n<\/p>\n<p>\n  Terror\u00e7ular\u0131n \u0259lind\u0259 olan \u0259n m\u00fcasir v\u0259 geni\u015fh\u0259cmli silah-sursat bu fakt\u0131 t\u0259sdiql\u0259yir. Nec\u0259 olur ki, h\u0259min silhlar tez bir zamanda radikallar\u0131n \u0259lin\u0259 ke\u00e7ir?! N\u0259dir, yoxsa h\u0259min silahlar\u0131 o\u011furlay\u0131rlar? M\u00fcmk\u00fcn deyil! Silah sat\u0131\u015f\u0131 prosesi m\u00f6vcuddur! H\u0259m d\u0259 geni\u015f miqyasda. Faktiki olaraq terror\u00e7ular\u0131n \u0259ll\u0259rind\u0259 olan silahlar\u0131 kiml\u0259rs\u0259 sat\u0131r v\u0259 m\u0259nf\u0259\u0259t g\u00f6t\u00fcr\u00fcr. Q\u0259rib\u0259 v\u0259 m\u00fc\u0259mmal\u0131 oyun gedir \u2013 bir t\u0259r\u0259fd\u0259n radikallara imkan yarad\u0131l\u0131r, dig\u0259r t\u0259r\u0259fd\u0259n is\u0259 guya onlara qar\u015f\u0131 m\u00fcbariz\u0259 apar\u0131l\u0131r. H\u0259r iki halda is\u0259 ortada silah alverind\u0259n qazananlar olur. V\u0259 n\u0259 ba\u015f verir? H\u0259r 102 saniy\u0259d\u0259 m\u00fcharib\u0259y\u0259 g\u00f6r\u0259 bir insan \u00f6l\u00fcr.\n<\/p>\n<p>\n  AB\u015e-\u0131n &#8220;The National Interest&#8221; jurnal\u0131 \u00f6t\u0259n il \u00fc\u00e7\u00fcnc\u00fc d\u00fcnya m\u00fcharib\u0259sini alovland\u0131ra bil\u0259c\u0259k 5 oca\u011f\u0131n oldu\u011fundan yazm\u0131\u015fd\u0131 (m\u0259nb\u0259: Robert Farley. How World War III Starts: 5 &#8216;Sparks&#8217; That Could Set the World Ablaze \/ &#8220;The National Interest&#8221;, 21 noyabr 2015).\n<\/p>\n<p>\n  H\u0259min ocaqlar:\n<\/p>\n<p>\n  1) Bu s\u0131rada ilk yeri Suriya m\u00fcnaqi\u015f\u0259si tutur. \u0130\u015e\u0130D-in g\u00fccl\u0259nm\u0259si d\u00fcnyan\u0131n b\u00fct\u00fcn \u00f6lk\u0259l\u0259rinin t\u0259hl\u00fck\u0259sizliyin\u0259 t\u0259hdidl\u0259r yarad\u0131r. Avropa, Asiya, Afrika v\u0259 Amerikada yerl\u0259\u015f\u0259n d\u00f6vl\u0259tl\u0259rin he\u00e7 biri terror aktlar\u0131ndan s\u0131\u011fortalanmay\u0131blar. Bu t\u0259hl\u00fck\u0259 art\u0131q Q\u0259rbi Avropan\u0131 da \u00f6z c\u0259ngin\u0259 al\u0131b. \u0130\u015e\u0130D-in s\u0131ralar\u0131na g\u00fcn\u00fc-g\u00fcnd\u0259n qo\u015fulanlardan ba\u015fqa eyni zamanda \u0259n m\u00fcasir silah-sursata da malik olma\u011f\u0131 faktl\u0131\u011f\u0131n\u0131 itirmir. H\u0259tta onlar h\u0259d\u0259fl\u0259rin\u0259 m\u00fcasir elektron vasit\u0259l\u0259rd\u0259n istifad\u0259 ed\u0259r\u0259k d\u0259 \u00e7at\u0131rlar.\n<\/p>\n<p>\n  2) &#8220;The National Interest&#8221; ikinci t\u0259hl\u00fck\u0259 m\u0259nb\u0259yi kimi Pakistan-Hindistan m\u00fcnaqi\u015f\u0259sini g\u00f6st\u0259rir. Burada da radikal terror qruplar\u0131 dinc durmurlar. Bu v\u0259ziyy\u0259t bel\u0259 davam ets\u0259, Asiyada da ciddi h\u0259rbi toqqu\u015fmalar ba\u015flaya bil\u0259r. T\u0259bii ki, h\u0259min ssenarid\u0259 Pakistan v\u0259 Hindistan\u0131n m\u00fctt\u0259fiql\u0259ri d\u0259 i\u015f\u0259 qar\u0131\u015fma\u011fa m\u0259cbur olacaqlar. B\u0259s Asiyada f\u0259aliyy\u0259t g\u00f6st\u0259r\u0259n radikal qrupla\u015fmalara silahlar\u0131 kiml\u0259r v\u0259 n\u0259 \u00fc\u00e7\u00fcn sat\u0131rlar?\n<\/p>\n<p>\n  3)\u00dc\u00e7\u00fcnc\u00fc t\u0259hl\u00fck\u0259 m\u0259nb\u0259yi kimi C\u0259nubi \u00c7in d\u0259nizi \u0259traf\u0131nda yaranm\u0131\u015f v\u0259ziyy\u0259t g\u00f6st\u0259rilir. Burada da \u00c7in, Yaponiya, Koreya, Vyetnam, Tayland, Sinqapur, Malayziya aras\u0131nda \u00f6z\u00fcn\u00fc g\u00f6st\u0259rm\u0259kd\u0259 olan g\u0259rginliy\u0259 diqq\u0259t yetirilir. Onlar aras\u0131ndak\u0131 m\u00fcnasib\u0259tl\u0259rd\u0259 son zamanlar h\u0259rbi g\u00fcc\u00fcn n\u00fcmayi\u015fi hallar\u0131na tez-tez rast g\u0259linir. Bunun fonunda h\u0259min regionda AB\u015e-\u0131n silahl\u0131 q\u00fcvv\u0259l\u0259rini art\u0131rmas\u0131 v\u0259 m\u00fctt\u0259fiql\u0259rin\u0259 yeni silahlar satmas\u0131 haqq\u0131nda informasiyalar da yay\u0131l\u0131r. \u00d6z n\u00f6vb\u0259sind\u0259 Pekin h\u0259min \u0259razid\u0259 yeni h\u0259rbi qrupla\u015fma (m\u0259s\u0259l\u0259n, ballistik raket da\u015f\u0131ya bil\u0259n yeni n\u0259sil sualt\u0131 qay\u0131qlar) formala\u015fd\u0131r\u0131r.\n<\/p>\n<p>\n  4) D\u00f6rd\u00fcnc\u00fc t\u0259hl\u00fck\u0259 m\u0259nb\u0259yi kimi AB\u015e-la \u00c7in aras\u0131nda ged\u0259n silah yar\u0131\u015fmas\u0131 g\u00f6st\u0259rilir. Bu \u00f6lk\u0259l\u0259r h\u0259rbi sah\u0259d\u0259 bir-birini qabaqlama\u011fa \u00e7al\u0131\u015f\u0131rlar. O c\u00fcml\u0259d\u0259n C\u0259nubi \u00c7in d\u0259nizi akvatoriyas\u0131nda onlar\u0131n yeni silahlar yerl\u0259\u015fdirm\u0259k yar\u0131\u015f\u0131 daha da intensivl\u0259\u015fir.\n<\/p>\n<p>\n  5) Be\u015finci t\u0259hl\u00fck\u0259 Ukrayna m\u0259s\u0259l\u0259si il\u0259 ba\u011fl\u0131d\u0131r. D\u00fcnya K\u0130V-i bu \u00f6lk\u0259y\u0259 silah sat\u0131\u015f\u0131n\u0131n daha da geni\u015fl\u0259ndiyini vur\u011fulay\u0131r. Q\u0259rb h\u0259m h\u0259rbi kontingenti t\u0259kmill\u0259\u015fdirir, h\u0259m d\u0259 m\u00fcasir silahlar verir. H\u0259tta NATO-nun v\u0259ziyy\u0259t\u0259 birba\u015fa m\u00fcdaxil\u0259sind\u0259n d\u0259 b\u0259hs olunur. Bel\u0259 olan halda Rusiya t\u0259r\u0259fd\u0259n d\u0259 konkret add\u0131mlar at\u0131la bil\u0259r.\n<\/p>\n<p>\n  Paradoksu g\u00f6r\u00fcrs\u00fcn\u00fcz, deyilmi? Terror\u00e7unun \u0259lind\u0259 silah olmasa, o, nec\u0259 d\u00f6y\u00fc\u015f\u0259, bel\u0259 \u0259l-qol a\u00e7a bil\u0259r ax\u0131?\n<\/p>\n<p>\n  M\u00fcharib\u0259nin alovu ancaq silah satmaq il\u0259 al\u0131\u015fa bil\u0259r. V\u0259ssalam.\n<\/p>\n<p>\n  Bir ne\u00e7\u0259 misal \u00e7\u0259kim, dem\u0259li, \u0130ngilt\u0259r\u0259 son 5 ild\u0259 32 milyard AB\u015e dollar\u0131 h\u0259cmind\u0259 silah sat\u0131b. \u00d6z\u00fc d\u0259 silah ixracat\u0131n\u0131n 40%-i h\u0259min regionlarda h\u0259yata ke\u00e7irilir. T\u0259kc\u0259 \u015eimali Afrikaya 8,4 milyard funt-sterlinq h\u0259cmind\u0259 \u00f6l\u00fcmsa\u00e7an silahlar verilib. Bu i\u015fl\u0259rd\u0259n d\u00fcnyada \u0259n \u00e7ox &#8220;qazanan&#8221; B\u00f6y\u00fck Britaniya v\u0259 AB\u015e \u015firk\u0259tl\u0259ri olub (m\u0259nb\u0259: Ortado\u011fu&#8217;da kaos silah \u015firketlerine yarad\u0131 \/ &#8220;Habert\u00fcrk&#8221;, 21 noyabr 2015). Ukraynan\u0131n \u015f\u0259rqind\u0259 ged\u0259n m\u00fcharib\u0259y\u0259 dolay\u0131s\u0131 il\u0259 \u00fcmumilikd\u0259 Rusiya telekanallar\u0131nda yay\u0131mlanan t\u0259xmin\u0259n 120-d\u0259n \u00e7ox h\u0259rbi-v\u0259t\u0259np\u0259rv\u0259lik ruhunda \u00e7\u0259kilmi\u015f seriallar\u0131n rolu dan\u0131lmazd\u0131r. B\u00fct\u00fcn bu q\u0259bild\u0259n olan t\u0259bli\u011fat v\u0259 t\u0259bli\u011fat \u00f6z n\u0259tic\u0259sini &#8220;u\u011furla&#8221; g\u00f6st\u0259rir.\n<\/p>\n<p>\n  Sonda&#8221;The National Interest&#8221; jurnal\u0131 x\u0259b\u0259rdarl\u0131q edir: &#8220;\u00d6lk\u0259l\u0259rin liderl\u0259ri anlamal\u0131d\u0131rlar ki, m\u00fcharib\u0259 oyunu \u00e7ox t\u0259hl\u00fck\u0259li ola bil\u0259r v\u0259 b\u00f6hranlar\u0131n artmas\u0131na imkan verm\u0259m\u0259lidirl\u0259r&#8221;\n<\/p>\n<p>\n  Bu x\u0259b\u0259rdarl\u0131\u011fa diqq\u0259t yetirilm\u0259s\u0259 d\u00fcnyam\u0131z\u0131, b\u00fct\u00f6vl\u00fckd\u0259 b\u0259\u015f\u0259riyy\u0259ti k\u00fctl\u0259vi xaos b\u00fcr\u00fcy\u0259c\u0259k. Bir ne\u00e7\u0259 g\u00fcn \u00f6nc\u0259 1 sutka \u0259rzind\u0259 terror partlay\u0131\u015flar\u0131nda 170-d\u0259n \u00e7ox adam \u00f6ld\u00fc. \u0130stanbulda 44 , Somalid\u0259 29, Qahir\u0259d\u0259 20, Keniyada 30 v\u0259 Nigeriyada 30 \u00f6l\u00fc.\n<\/p>\n<p>\n  H\u0259qiq\u0259t\u0259n t\u0259hl\u00fck\u0259li v\u0259ziyy\u0259t yaran\u0131b. B\u0259z\u0259n \u00fcr\u0259yim\u0259 el\u0259 g\u0259lir ki, g\u00f6r\u0259s\u0259n d\u00fcnyam\u0131z\u0131n sonu yax\u0131nla\u015f\u0131r?! \u0130nsan bu q\u0259d\u0259r qan niy\u0259 t\u00f6k\u00fcr ax\u0131? M\u00fcharib\u0259l\u0259r v\u0259 onun g\u0259tirdiyi ac\u0131 n\u0259tic\u0259l\u0259ri g\u00f6z \u00f6n\u00fcm\u00fcz\u0259 g\u0259tirm\u0259liyik, sonra da insanl\u0131\u011f\u0131m\u0131z\u0131. \u00d6l\u0259c\u0259yimizi bildiyimiz halda \u00f6ld\u00fcrm\u0259k biz\u0259 n\u0259 q\u0259d\u0259r yara\u015f\u0131r? N\u0259 bilim, a\u011f\u0131rd\u0131r.. Sevgi v\u0259 s\u00fclh dil\u0259kl\u0259rimi q\u0259bul edin&#8230;\n<\/p><\/p>\n","protected":false},"excerpt":{"rendered":"<p>T\u0259z\u0259likc\u0259 Meydan TV-d\u0259 &#8220;Hans\u0131 \u00f6lk\u0259l\u0259rd\u0259 m\u00fcharib\u0259 davam edir?&#8221; ba\u015fl\u0131ql\u0131 yaz\u0131 oxudum<\/p>\n","protected":false},"author":11,"featured_media":47490,"comment_status":"closed","ping_status":"open","sticky":false,"template":"","format":"standard","meta":{"_acf_changed":false,"_sitemap_exclude":false,"_sitemap_priority":"","_sitemap_frequency":"","footnotes":""},"categories":[57],"tags":[],"class_list":["post-181215","post","type-post","status-publish","format-standard","has-post-thumbnail","hentry","category-menim-fikrimce","infinite-scroll-item","generate-columns","tablet-grid-50","mobile-grid-100","grid-parent","grid-33","no-featured-image-padding"],"acf":[],"yoast_head":"<!-- This site is optimized with the Yoast SEO plugin v27.5 - https:\/\/yoast.com\/product\/yoast-seo-wordpress\/ -->\n<title>M\u00fcharib\u0259 v\u0259 h\u0259r 102 saniy\u0259 sonra \u00f6l\u0259n insan - MEYDAN.TV<\/title>\n<meta name=\"robots\" content=\"index, follow, max-snippet:-1, max-image-preview:large, max-video-preview:-1\" \/>\n<link rel=\"canonical\" href=\"https:\/\/www.meydan.tv\/az\/article\/muharibe-ve-her-102-saniye-sonra-olen-insan\/\" \/>\n<meta property=\"og:locale\" content=\"az_AZ\" \/>\n<meta property=\"og:type\" content=\"article\" \/>\n<meta property=\"og:title\" content=\"M\u00fcharib\u0259 v\u0259 h\u0259r 102 saniy\u0259 sonra \u00f6l\u0259n insan - MEYDAN.TV\" \/>\n<meta property=\"og:description\" content=\"T\u0259z\u0259likc\u0259 Meydan TV-d\u0259 &quot;Hans\u0131 \u00f6lk\u0259l\u0259rd\u0259 m\u00fcharib\u0259 davam edir?&quot; ba\u015fl\u0131ql\u0131 yaz\u0131 oxudum\" \/>\n<meta property=\"og:url\" content=\"https:\/\/www.meydan.tv\/az\/article\/muharibe-ve-her-102-saniye-sonra-olen-insan\/\" \/>\n<meta property=\"og:site_name\" content=\"MEYDAN.TV\" \/>\n<meta property=\"article:published_time\" content=\"2016-12-14T16:03:37+00:00\" \/>\n<meta property=\"og:image\" content=\"https:\/\/www.meydan.tv\/wp-content\/uploads\/17796.jpg\" \/>\n\t<meta property=\"og:image:width\" content=\"500\" \/>\n\t<meta property=\"og:image:height\" content=\"500\" \/>\n\t<meta property=\"og:image:type\" content=\"image\/jpeg\" \/>\n<meta name=\"author\" content=\"user-manager\" \/>\n<meta name=\"twitter:card\" content=\"summary_large_image\" \/>\n<script type=\"application\/ld+json\" class=\"yoast-schema-graph\">{\"@context\":\"https:\\\/\\\/schema.org\",\"@graph\":[{\"@type\":\"Article\",\"@id\":\"https:\\\/\\\/www.meydan.tv\\\/az\\\/article\\\/muharibe-ve-her-102-saniye-sonra-olen-insan\\\/#article\",\"isPartOf\":{\"@id\":\"https:\\\/\\\/www.meydan.tv\\\/az\\\/article\\\/muharibe-ve-her-102-saniye-sonra-olen-insan\\\/\"},\"author\":{\"name\":\"user-manager\",\"@id\":\"https:\\\/\\\/www.meydan.tv\\\/az\\\/#\\\/schema\\\/person\\\/10d11eccf6da3662cf5fdab9806ea91a\"},\"headline\":\"M\u00fcharib\u0259 v\u0259 h\u0259r 102 saniy\u0259 sonra \u00f6l\u0259n insan\",\"datePublished\":\"2016-12-14T16:03:37+00:00\",\"mainEntityOfPage\":{\"@id\":\"https:\\\/\\\/www.meydan.tv\\\/az\\\/article\\\/muharibe-ve-her-102-saniye-sonra-olen-insan\\\/\"},\"wordCount\":1621,\"publisher\":{\"@id\":\"https:\\\/\\\/www.meydan.tv\\\/az\\\/#organization\"},\"image\":{\"@id\":\"https:\\\/\\\/www.meydan.tv\\\/az\\\/article\\\/muharibe-ve-her-102-saniye-sonra-olen-insan\\\/#primaryimage\"},\"thumbnailUrl\":\"https:\\\/\\\/www.meydan.tv\\\/wp-content\\\/uploads\\\/17796.jpg\",\"articleSection\":[\"M\u0259nim Fikrimc\u0259\"],\"inLanguage\":\"az\"},{\"@type\":\"WebPage\",\"@id\":\"https:\\\/\\\/www.meydan.tv\\\/az\\\/article\\\/muharibe-ve-her-102-saniye-sonra-olen-insan\\\/\",\"url\":\"https:\\\/\\\/www.meydan.tv\\\/az\\\/article\\\/muharibe-ve-her-102-saniye-sonra-olen-insan\\\/\",\"name\":\"M\u00fcharib\u0259 v\u0259 h\u0259r 102 saniy\u0259 sonra \u00f6l\u0259n insan - MEYDAN.TV\",\"isPartOf\":{\"@id\":\"https:\\\/\\\/www.meydan.tv\\\/az\\\/#website\"},\"primaryImageOfPage\":{\"@id\":\"https:\\\/\\\/www.meydan.tv\\\/az\\\/article\\\/muharibe-ve-her-102-saniye-sonra-olen-insan\\\/#primaryimage\"},\"image\":{\"@id\":\"https:\\\/\\\/www.meydan.tv\\\/az\\\/article\\\/muharibe-ve-her-102-saniye-sonra-olen-insan\\\/#primaryimage\"},\"thumbnailUrl\":\"https:\\\/\\\/www.meydan.tv\\\/wp-content\\\/uploads\\\/17796.jpg\",\"datePublished\":\"2016-12-14T16:03:37+00:00\",\"breadcrumb\":{\"@id\":\"https:\\\/\\\/www.meydan.tv\\\/az\\\/article\\\/muharibe-ve-her-102-saniye-sonra-olen-insan\\\/#breadcrumb\"},\"inLanguage\":\"az\",\"potentialAction\":[{\"@type\":\"ReadAction\",\"target\":[\"https:\\\/\\\/www.meydan.tv\\\/az\\\/article\\\/muharibe-ve-her-102-saniye-sonra-olen-insan\\\/\"]}]},{\"@type\":\"ImageObject\",\"inLanguage\":\"az\",\"@id\":\"https:\\\/\\\/www.meydan.tv\\\/az\\\/article\\\/muharibe-ve-her-102-saniye-sonra-olen-insan\\\/#primaryimage\",\"url\":\"https:\\\/\\\/www.meydan.tv\\\/wp-content\\\/uploads\\\/17796.jpg\",\"contentUrl\":\"https:\\\/\\\/www.meydan.tv\\\/wp-content\\\/uploads\\\/17796.jpg\",\"width\":500,\"height\":500,\"caption\":\"Source:\"},{\"@type\":\"BreadcrumbList\",\"@id\":\"https:\\\/\\\/www.meydan.tv\\\/az\\\/article\\\/muharibe-ve-her-102-saniye-sonra-olen-insan\\\/#breadcrumb\",\"itemListElement\":[{\"@type\":\"ListItem\",\"position\":1,\"name\":\"Ana s\u0259hif\u0259\",\"item\":\"https:\\\/\\\/www.meydan.tv\\\/az\\\/\"},{\"@type\":\"ListItem\",\"position\":2,\"name\":\"M\u0259nim Fikrimc\u0259\",\"item\":\"https:\\\/\\\/www.meydan.tv\\\/az\\\/section\\\/menim-fikrimce\\\/\"},{\"@type\":\"ListItem\",\"position\":3,\"name\":\"M\u00fcharib\u0259 v\u0259 h\u0259r 102 saniy\u0259 sonra \u00f6l\u0259n insan\"}]},{\"@type\":\"WebSite\",\"@id\":\"https:\\\/\\\/www.meydan.tv\\\/az\\\/#website\",\"url\":\"https:\\\/\\\/www.meydan.tv\\\/az\\\/\",\"name\":\"MEYDAN.TV\",\"description\":\"Meydan TV Az\u0259rbaycan\u0131n media m\u0259kan\u0131ndak\u0131 alternativ s\u0259sidir\",\"publisher\":{\"@id\":\"https:\\\/\\\/www.meydan.tv\\\/az\\\/#organization\"},\"potentialAction\":[{\"@type\":\"SearchAction\",\"target\":{\"@type\":\"EntryPoint\",\"urlTemplate\":\"https:\\\/\\\/www.meydan.tv\\\/az\\\/?s={search_term_string}\"},\"query-input\":{\"@type\":\"PropertyValueSpecification\",\"valueRequired\":true,\"valueName\":\"search_term_string\"}}],\"inLanguage\":\"az\"},{\"@type\":\"Organization\",\"@id\":\"https:\\\/\\\/www.meydan.tv\\\/az\\\/#organization\",\"name\":\"Meydan TV\",\"url\":\"https:\\\/\\\/www.meydan.tv\\\/az\\\/\",\"logo\":{\"@type\":\"ImageObject\",\"inLanguage\":\"az\",\"@id\":\"https:\\\/\\\/www.meydan.tv\\\/az\\\/#\\\/schema\\\/logo\\\/image\\\/\",\"url\":\"https:\\\/\\\/www.meydan.tv\\\/wp-content\\\/uploads\\\/2021\\\/07\\\/meydan-logo.svg\",\"contentUrl\":\"https:\\\/\\\/www.meydan.tv\\\/wp-content\\\/uploads\\\/2021\\\/07\\\/meydan-logo.svg\",\"width\":195,\"height\":46,\"caption\":\"Meydan TV\"},\"image\":{\"@id\":\"https:\\\/\\\/www.meydan.tv\\\/az\\\/#\\\/schema\\\/logo\\\/image\\\/\"}},{\"@type\":\"Person\",\"@id\":\"https:\\\/\\\/www.meydan.tv\\\/az\\\/#\\\/schema\\\/person\\\/10d11eccf6da3662cf5fdab9806ea91a\",\"name\":\"user-manager\"}]}<\/script>\n<!-- \/ Yoast SEO plugin. -->","yoast_head_json":{"title":"M\u00fcharib\u0259 v\u0259 h\u0259r 102 saniy\u0259 sonra \u00f6l\u0259n insan - MEYDAN.TV","robots":{"index":"index","follow":"follow","max-snippet":"max-snippet:-1","max-image-preview":"max-image-preview:large","max-video-preview":"max-video-preview:-1"},"canonical":"https:\/\/www.meydan.tv\/az\/article\/muharibe-ve-her-102-saniye-sonra-olen-insan\/","og_locale":"az_AZ","og_type":"article","og_title":"M\u00fcharib\u0259 v\u0259 h\u0259r 102 saniy\u0259 sonra \u00f6l\u0259n insan - MEYDAN.TV","og_description":"T\u0259z\u0259likc\u0259 Meydan TV-d\u0259 \"Hans\u0131 \u00f6lk\u0259l\u0259rd\u0259 m\u00fcharib\u0259 davam edir?\" ba\u015fl\u0131ql\u0131 yaz\u0131 oxudum","og_url":"https:\/\/www.meydan.tv\/az\/article\/muharibe-ve-her-102-saniye-sonra-olen-insan\/","og_site_name":"MEYDAN.TV","article_published_time":"2016-12-14T16:03:37+00:00","og_image":[{"width":500,"height":500,"url":"https:\/\/www.meydan.tv\/wp-content\/uploads\/17796.jpg","type":"image\/jpeg"}],"author":"user-manager","twitter_card":"summary_large_image","schema":{"@context":"https:\/\/schema.org","@graph":[{"@type":"Article","@id":"https:\/\/www.meydan.tv\/az\/article\/muharibe-ve-her-102-saniye-sonra-olen-insan\/#article","isPartOf":{"@id":"https:\/\/www.meydan.tv\/az\/article\/muharibe-ve-her-102-saniye-sonra-olen-insan\/"},"author":{"name":"user-manager","@id":"https:\/\/www.meydan.tv\/az\/#\/schema\/person\/10d11eccf6da3662cf5fdab9806ea91a"},"headline":"M\u00fcharib\u0259 v\u0259 h\u0259r 102 saniy\u0259 sonra \u00f6l\u0259n insan","datePublished":"2016-12-14T16:03:37+00:00","mainEntityOfPage":{"@id":"https:\/\/www.meydan.tv\/az\/article\/muharibe-ve-her-102-saniye-sonra-olen-insan\/"},"wordCount":1621,"publisher":{"@id":"https:\/\/www.meydan.tv\/az\/#organization"},"image":{"@id":"https:\/\/www.meydan.tv\/az\/article\/muharibe-ve-her-102-saniye-sonra-olen-insan\/#primaryimage"},"thumbnailUrl":"https:\/\/www.meydan.tv\/wp-content\/uploads\/17796.jpg","articleSection":["M\u0259nim Fikrimc\u0259"],"inLanguage":"az"},{"@type":"WebPage","@id":"https:\/\/www.meydan.tv\/az\/article\/muharibe-ve-her-102-saniye-sonra-olen-insan\/","url":"https:\/\/www.meydan.tv\/az\/article\/muharibe-ve-her-102-saniye-sonra-olen-insan\/","name":"M\u00fcharib\u0259 v\u0259 h\u0259r 102 saniy\u0259 sonra \u00f6l\u0259n insan - MEYDAN.TV","isPartOf":{"@id":"https:\/\/www.meydan.tv\/az\/#website"},"primaryImageOfPage":{"@id":"https:\/\/www.meydan.tv\/az\/article\/muharibe-ve-her-102-saniye-sonra-olen-insan\/#primaryimage"},"image":{"@id":"https:\/\/www.meydan.tv\/az\/article\/muharibe-ve-her-102-saniye-sonra-olen-insan\/#primaryimage"},"thumbnailUrl":"https:\/\/www.meydan.tv\/wp-content\/uploads\/17796.jpg","datePublished":"2016-12-14T16:03:37+00:00","breadcrumb":{"@id":"https:\/\/www.meydan.tv\/az\/article\/muharibe-ve-her-102-saniye-sonra-olen-insan\/#breadcrumb"},"inLanguage":"az","potentialAction":[{"@type":"ReadAction","target":["https:\/\/www.meydan.tv\/az\/article\/muharibe-ve-her-102-saniye-sonra-olen-insan\/"]}]},{"@type":"ImageObject","inLanguage":"az","@id":"https:\/\/www.meydan.tv\/az\/article\/muharibe-ve-her-102-saniye-sonra-olen-insan\/#primaryimage","url":"https:\/\/www.meydan.tv\/wp-content\/uploads\/17796.jpg","contentUrl":"https:\/\/www.meydan.tv\/wp-content\/uploads\/17796.jpg","width":500,"height":500,"caption":"Source:"},{"@type":"BreadcrumbList","@id":"https:\/\/www.meydan.tv\/az\/article\/muharibe-ve-her-102-saniye-sonra-olen-insan\/#breadcrumb","itemListElement":[{"@type":"ListItem","position":1,"name":"Ana s\u0259hif\u0259","item":"https:\/\/www.meydan.tv\/az\/"},{"@type":"ListItem","position":2,"name":"M\u0259nim Fikrimc\u0259","item":"https:\/\/www.meydan.tv\/az\/section\/menim-fikrimce\/"},{"@type":"ListItem","position":3,"name":"M\u00fcharib\u0259 v\u0259 h\u0259r 102 saniy\u0259 sonra \u00f6l\u0259n insan"}]},{"@type":"WebSite","@id":"https:\/\/www.meydan.tv\/az\/#website","url":"https:\/\/www.meydan.tv\/az\/","name":"MEYDAN.TV","description":"Meydan TV Az\u0259rbaycan\u0131n media m\u0259kan\u0131ndak\u0131 alternativ s\u0259sidir","publisher":{"@id":"https:\/\/www.meydan.tv\/az\/#organization"},"potentialAction":[{"@type":"SearchAction","target":{"@type":"EntryPoint","urlTemplate":"https:\/\/www.meydan.tv\/az\/?s={search_term_string}"},"query-input":{"@type":"PropertyValueSpecification","valueRequired":true,"valueName":"search_term_string"}}],"inLanguage":"az"},{"@type":"Organization","@id":"https:\/\/www.meydan.tv\/az\/#organization","name":"Meydan TV","url":"https:\/\/www.meydan.tv\/az\/","logo":{"@type":"ImageObject","inLanguage":"az","@id":"https:\/\/www.meydan.tv\/az\/#\/schema\/logo\/image\/","url":"https:\/\/www.meydan.tv\/wp-content\/uploads\/2021\/07\/meydan-logo.svg","contentUrl":"https:\/\/www.meydan.tv\/wp-content\/uploads\/2021\/07\/meydan-logo.svg","width":195,"height":46,"caption":"Meydan TV"},"image":{"@id":"https:\/\/www.meydan.tv\/az\/#\/schema\/logo\/image\/"}},{"@type":"Person","@id":"https:\/\/www.meydan.tv\/az\/#\/schema\/person\/10d11eccf6da3662cf5fdab9806ea91a","name":"user-manager"}]}},"_links":{"self":[{"href":"https:\/\/www.meydan.tv\/az\/wp-json\/wp\/v2\/posts\/181215","targetHints":{"allow":["GET"]}}],"collection":[{"href":"https:\/\/www.meydan.tv\/az\/wp-json\/wp\/v2\/posts"}],"about":[{"href":"https:\/\/www.meydan.tv\/az\/wp-json\/wp\/v2\/types\/post"}],"author":[{"embeddable":true,"href":"https:\/\/www.meydan.tv\/az\/wp-json\/wp\/v2\/users\/11"}],"replies":[{"embeddable":true,"href":"https:\/\/www.meydan.tv\/az\/wp-json\/wp\/v2\/comments?post=181215"}],"version-history":[{"count":0,"href":"https:\/\/www.meydan.tv\/az\/wp-json\/wp\/v2\/posts\/181215\/revisions"}],"wp:featuredmedia":[{"embeddable":true,"href":"https:\/\/www.meydan.tv\/az\/wp-json\/wp\/v2\/media\/47490"}],"wp:attachment":[{"href":"https:\/\/www.meydan.tv\/az\/wp-json\/wp\/v2\/media?parent=181215"}],"wp:term":[{"taxonomy":"category","embeddable":true,"href":"https:\/\/www.meydan.tv\/az\/wp-json\/wp\/v2\/categories?post=181215"},{"taxonomy":"post_tag","embeddable":true,"href":"https:\/\/www.meydan.tv\/az\/wp-json\/wp\/v2\/tags?post=181215"}],"curies":[{"name":"wp","href":"https:\/\/api.w.org\/{rel}","templated":true}]}}