{"id":181213,"date":"2016-12-14T15:48:39","date_gmt":"2016-12-14T15:48:39","guid":{"rendered":"https:\/\/www.meydan.tv\/article\/enver-seyidova-nifretin-xeyri\/"},"modified":"2016-12-14T15:48:39","modified_gmt":"2016-12-14T15:48:39","slug":"enver-seyidova-nifretin-xeyri","status":"publish","type":"post","link":"https:\/\/www.meydan.tv\/az\/article\/enver-seyidova-nifretin-xeyri\/","title":{"rendered":"\u018fnv\u0259r Seyidova nifr\u0259tin xeyri"},"content":{"rendered":"<figure class=\"wp-block-image size-large\">\n  <img decoding=\"async\" src=\"https:\/\/www.meydan.tv\/az\/zaur-qurbanli-3\/\" alt=\"Zaur Qurbanl\u0131\" class=\"wp-image-72139\"\/><figcaption>\n    Zaur Qurbanl\u0131<br \/>\n  <\/figcaption><\/figure>\n<figure class=\"wp-block-image size-large\">\n  <img decoding=\"async\" src=\"https:\/\/www.meydan.tv\/az\/zaur-qurbanli-banner\/\" alt=\"Zaur Qurbanl\u0131 &#8211; Banner\" class=\"wp-image-54453\"\/><figcaption>\n    Zaur Qurbanl\u0131 &#8211; Banner<br \/>\n  <\/figcaption><\/figure>\n<p>\n  Bu g\u00fcn 2 n\u0259f\u0259rin h\u0259yat\u0131, sa\u011flaml\u0131\u011f\u0131 il\u0259 ba\u011fl\u0131 x\u0259b\u0259r yay\u0131ld\u0131\n<\/p>\n<p>\n  Biri N\u0259rgiz Ad\u0131g\u00f6z\u0259lovad\u0131r, dig\u0259ri \u018fnv\u0259r Seyidov. Birinci g\u0259nc aktivist olub, T\u00fcrkiy\u0259d\u0259 t\u0259hsil al\u0131b, orda i\u015fl\u0259yirdi, avtoq\u0259zada \u00f6ld\u00fc. Dig\u0259ri is\u0259 Bak\u0131 A\u011f\u0131r Cinay\u0259tl\u0259r M\u0259hk\u0259m\u0259sind\u0259 hakimdir, 1 h\u0259ft\u0259dir, reanimasiyaya yerl\u0259\u015fdirilib.\n<\/p>\n<p>\n  N\u0259rgizin \u00f6l\u00fcm x\u0259b\u0259rin\u0259 e\u015fid\u0259n insanlar \u015fok oldular, \u00e7\u00f6kd\u00fcl\u0259r, a\u011flad\u0131lar. C\u0259mi 27 ya\u015f\u0131 var idi. O q\u0259d\u0259r balaca deyildi ki, \u00f6z\u00fcn\u00fc tan\u0131tma\u011fa kifay\u0259t q\u0259d\u0259r vaxt\u0131 olmas\u0131n v\u0259 u\u015faq oldu\u011funa g\u00f6r\u0259 \u00f6l\u00fcm\u00fc insanlar\u0131 k\u0259d\u0259rl\u0259ndirsin. \u018fksin\u0259, q\u0131sa m\u00fcdd\u0259td\u0259 \u00f6z\u00fcn\u00fc el\u0259 tan\u0131tm\u0131\u015fd\u0131 ki, \u00f6l\u00fcm\u00fc y\u00fczl\u0259rl\u0259 insan\u0131 yand\u0131rd\u0131.\n<\/p>\n<p>\n  \u018fnv\u0259r Seyidovun x\u0259st\u0259l\u0259nm\u0259si x\u0259b\u0259rin\u0259 is\u0259 minl\u0259rl\u0259 insan sevindi, ne\u00e7\u0259si ona \u00f6l\u00fcm arzulad\u0131, \u0259ks\u0259riyy\u0259t is\u0259 \u00f6l\u00fcmd\u0259n daha a\u011f\u0131r z\u00fclm \u00e7\u0259km\u0259sini ist\u0259di. 67 ya\u015f\u0131nda adamd\u0131r. Az\u0259rbaycanda a\u011fsaqqal say\u0131l\u0131r, \u00f6z\u00fc d\u0259 hakim. \u018fslind\u0259 h\u00f6rm\u0259tli adam olmal\u0131 idi. Amma toplad\u0131\u011f\u0131 nifr\u0259t o q\u0259d\u0259r b\u00f6y\u00fckd\u00fcr ki, bir n\u0259f\u0259r bel\u0259 sa\u011flaml\u0131q, uzun \u00f6m\u00fcr arzulamad\u0131 ona.\n<\/p>\n<p>\n  Amma bir ne\u00e7\u0259 n\u0259f\u0259r \u018fnv\u0259r Seyidova olan nifr\u0259td\u0259n qorxusunu bildirdi, c\u0259miyy\u0259td\u0259ki nifr\u0259t enerjisinin hara, nec\u0259 x\u0259rcl\u0259n\u0259c\u0259yind\u0259n narahat oldular. Haql\u0131 narahatl\u0131qd\u0131r. Amma nifr\u0259t ed\u0259nl\u0259ri, nifr\u0259tini ifad\u0259 ed\u0259nl\u0259ri q\u0131namaq olarm\u0131? Sabah hakimiyy\u0259t d\u0259yi\u015fs\u0259, etirazlar ba\u015f qald\u0131rsa, bu nifr\u0259tin ziyan\u0131m\u0131 olacaq, xeyrimi?\n<\/p>\n<p>\n  Narahat olanlar ona g\u00f6r\u0259 haql\u0131d\u0131rlar ki, nifr\u0259t n\u0259 q\u0259d\u0259r d\u0259rin olsa, qisas hissi o q\u0259d\u0259r g\u00fccl\u00fc olacaq v\u0259 hakimiyy\u0259tind\u0259n devrilmi\u015f insanlara m\u00fcnasib\u0259td\u0259 q\u0259ddarl\u0131q da o q\u0259d\u0259r \u00e7ox olacaq. Bu da c\u0259miyy\u0259td\u0259 hakimiyy\u0259tin, sosial m\u00f6vqel\u0259rin d\u0259yi\u015film\u0259si, \u00f6t\u00fcr\u00fclm\u0259si sah\u0259sind\u0259 pis t\u0259cr\u00fcb\u0259 yaradacaq. Ba\u015fqa c\u00fcr \u2013 daha dinc, sivil ke\u00e7id bel\u0259 t\u0259cr\u00fcb\u0259d\u0259n sonra he\u00e7 vaxt m\u00fcmk\u00fcn olmaya bil\u0259r.\n<\/p>\n<p>\n  Amma buna g\u00f6r\u0259 nifr\u0259t ed\u0259nl\u0259ri q\u0131namaq olarm\u0131? Bu nifr\u0259ti yaradanlar el\u0259 \u018fnv\u0259r Seyidov v\u0259 ona siyasi sifari\u015f ver\u0259n insanlard\u0131r. B\u0259s qisas t\u0259min olunmasa, n\u0259 ba\u015f ver\u0259c\u0259k? Bunu t\u0259xmin etm\u0259k \u00e7\u0259tindir, amma \u0259min olmaq olar ki, bu, nifr\u0259tin n\u0259zar\u0259t alt\u0131nda realla\u015fd\u0131r\u0131lmas\u0131ndan daha t\u0259hl\u00fck\u0259li olacaq.\n<\/p>\n<p>\n  Qisas t\u0259bii v\u0259 t\u0259hl\u00fck\u0259li hiss oldu\u011fundan bu, h\u00fcquqi d\u00f6vl\u0259tl\u0259rd\u0259 d\u00f6vl\u0259tin s\u0259lahiyy\u0259tin\u0259 verilib. \u0130btidai sisteml\u0259rd\u0259 &#8220;g\u00f6z\u0259 g\u00f6z, di\u015f\u0259 di\u015f&#8221; prinsipi \u0259sasd\u0131r. M\u0259s\u0259l\u0259n, islam \u015f\u0259ri\u0259tind\u0259 bu prinsip var. Amma modern c\u0259miyy\u0259tl\u0259rd\u0259 bel\u0259 \u015fey yoxdur. \u0130nsanlara t\u0259lqin olunur ki, cinay\u0259t\u0259 veril\u0259n c\u0259za qisas\u0131 \u0259v\u0259z edir v\u0259 insanlar da \u00f6z hissl\u0259rini t\u0259rbiy\u0259 etm\u0259lidirl\u0259r. Bu t\u0259rbiy\u0259 oturu\u015fmayan c\u0259miyy\u0259tl\u0259rd\u0259 insanlar qisas hissl\u0259rini ba\u015fqa yollarla t\u0259min etm\u0259y\u0259 \u00e7al\u0131\u015f\u0131rlar.\n<\/p>\n<p>\n  Bizim c\u0259miyy\u0259td\u0259 d\u0259 m\u00fcst\u0259qil m\u0259hk\u0259m\u0259l\u0259r olmad\u0131\u011f\u0131ndan, istintaq, m\u0259hk\u0259m\u0259, penitensiar orqanlar ba\u015fdan-aya\u011fa korrupsiyaya bula\u015fd\u0131\u011f\u0131ndan, t\u0259qsirkar insanlar asanl\u0131qla c\u0259zadan k\u0259narda qala bildikl\u0259rind\u0259n v\u0259 hakiml\u0259r, prokurorlar \u00f6zl\u0259ri cinay\u0259t t\u00f6r\u0259tm\u0259kd\u0259 olduqlar\u0131ndan d\u00f6vl\u0259t insanlar\u0131n qisas hissini t\u0259min etmir (bu misalda is\u0259 m\u0259hz hakim h\u0259d\u0259fd\u0259dir).\n<\/p>\n<p>\n  Az\u0259rbaycan\u0131n problemi d\u0259 sistemin tamamil\u0259 d\u0259yi\u015fm\u0259si problemidir. Nifr\u0259tin \u00e7oxlu\u011fu is\u0259 sistemin bir o q\u0259d\u0259r k\u00f6k\u00fcnd\u0259n d\u0259yi\u015fm\u0259sin\u0259 apar\u0131r. M\u0259s\u0259l\u0259n, B\u00f6y\u00fck Fransa \u0130nqilab\u0131nda nifr\u0259t feodalizmi tamamil\u0259 sildi. M\u0259s\u0259l\u0259 bu nifr\u0259tin d\u00fczg\u00fcn istiqam\u0259tl\u0259ndirilm\u0259sind\u0259dir, yum\u015fald\u0131lmas\u0131nda yox. M\u0259s\u0259l\u0259n, Ukraynada nifr\u0259t m\u0259hz Yanukovi\u00e7\u0259 y\u00f6n\u0259ldiyind\u0259n sistem \u00e7ox da d\u0259yi\u015fm\u0259di, korrupsionerl\u0259r yen\u0259 hakimiyy\u0259td\u0259 qald\u0131.\n<\/p>\n<p>\n  K\u00fctl\u0259nin nifr\u0259ti t\u0259bii materiald\u0131r, bundan d\u00fczg\u00fcn istifad\u0259 edib inki\u015faf \u00fc\u00e7\u00fcn xammala \u00e7evirm\u0259k laz\u0131md\u0131r. Az\u0259rbaycandak\u0131 rejimin t\u0259qsirind\u0259n \u00e7oxsayl\u0131 insanlar \u00f6l\u00fcb \u2013 tibbin, t\u0259hsilin, m\u0259hk\u0259m\u0259nin, ordunun korrupsiyan\u0131n i\u00e7ind\u0259 olmas\u0131na g\u00f6r\u0259. Buna g\u00f6r\u0259 d\u0259 xeyli nifr\u0259t y\u0131\u011f\u0131l\u0131b. Bu nifr\u0259tin dini v\u0259 ya ba\u015fqa ekstremist ideyalara qurban getm\u0259m\u0259si, sekulyar, demokratik, modernist ideyalar \u00fc\u00e7\u00fcn istifad\u0259 olunmas\u0131 laz\u0131md\u0131r v\u0259 bunu ba\u015fa d\u00fc\u015f\u0259n vicdanl\u0131 adamlar\u0131n v\u0259zif\u0259sidir. Nifr\u0259ti azaltmaq onsuz da m\u00fcmk\u00fcn deyil, \u0259sas onu proqressiv n\u0259tic\u0259l\u0259r \u00fc\u00e7\u00fcn xammal kimi istifad\u0259 ed\u0259 bilm\u0259kdir. Bu, m\u00fcmk\u00fcn olaca\u011f\u0131 t\u0259qdird\u0259 nifr\u0259tin \u00e7oxlu\u011fu yeni sisteml\u0259 indiki aras\u0131nda, proqresl\u0259 reqres aras\u0131nda f\u0259rqin \u00e7oxlu\u011fu dem\u0259k olacaq.<\/p>\n","protected":false},"excerpt":{"rendered":"<p>Bu g\u00fcn 2 n\u0259f\u0259rin h\u0259yat\u0131, sa\u011flaml\u0131\u011f\u0131 il\u0259 ba\u011fl\u0131 x\u0259b\u0259r yay\u0131ld\u0131<\/p>\n","protected":false},"author":11,"featured_media":72139,"comment_status":"closed","ping_status":"open","sticky":false,"template":"","format":"standard","meta":{"_acf_changed":false,"_sitemap_exclude":false,"_sitemap_priority":"","_sitemap_frequency":"","footnotes":""},"categories":[57],"tags":[],"class_list":["post-181213","post","type-post","status-publish","format-standard","has-post-thumbnail","hentry","category-menim-fikrimce","infinite-scroll-item","generate-columns","tablet-grid-50","mobile-grid-100","grid-parent","grid-33","no-featured-image-padding"],"acf":[],"yoast_head":"<!-- This site is optimized with the Yoast SEO plugin v27.5 - https:\/\/yoast.com\/product\/yoast-seo-wordpress\/ -->\n<title>\u018fnv\u0259r Seyidova nifr\u0259tin xeyri - MEYDAN.TV<\/title>\n<meta name=\"robots\" content=\"index, follow, max-snippet:-1, max-image-preview:large, max-video-preview:-1\" \/>\n<link rel=\"canonical\" href=\"https:\/\/www.meydan.tv\/az\/article\/enver-seyidova-nifretin-xeyri\/\" \/>\n<meta property=\"og:locale\" content=\"az_AZ\" \/>\n<meta property=\"og:type\" content=\"article\" \/>\n<meta property=\"og:title\" content=\"\u018fnv\u0259r Seyidova nifr\u0259tin xeyri - MEYDAN.TV\" \/>\n<meta property=\"og:description\" content=\"Bu g\u00fcn 2 n\u0259f\u0259rin h\u0259yat\u0131, sa\u011flaml\u0131\u011f\u0131 il\u0259 ba\u011fl\u0131 x\u0259b\u0259r yay\u0131ld\u0131\" \/>\n<meta property=\"og:url\" content=\"https:\/\/www.meydan.tv\/az\/article\/enver-seyidova-nifretin-xeyri\/\" \/>\n<meta property=\"og:site_name\" content=\"MEYDAN.TV\" \/>\n<meta property=\"article:published_time\" content=\"2016-12-14T15:48:39+00:00\" \/>\n<meta property=\"og:image\" content=\"https:\/\/www.meydan.tv\/wp-content\/uploads\/27670.jpg\" \/>\n\t<meta property=\"og:image:width\" content=\"500\" \/>\n\t<meta property=\"og:image:height\" content=\"350\" \/>\n\t<meta property=\"og:image:type\" content=\"image\/jpeg\" \/>\n<meta name=\"author\" content=\"user-manager\" \/>\n<meta name=\"twitter:card\" content=\"summary_large_image\" \/>\n<script type=\"application\/ld+json\" class=\"yoast-schema-graph\">{\"@context\":\"https:\\\/\\\/schema.org\",\"@graph\":[{\"@type\":\"Article\",\"@id\":\"https:\\\/\\\/www.meydan.tv\\\/az\\\/article\\\/enver-seyidova-nifretin-xeyri\\\/#article\",\"isPartOf\":{\"@id\":\"https:\\\/\\\/www.meydan.tv\\\/az\\\/article\\\/enver-seyidova-nifretin-xeyri\\\/\"},\"author\":{\"name\":\"user-manager\",\"@id\":\"https:\\\/\\\/www.meydan.tv\\\/az\\\/#\\\/schema\\\/person\\\/10d11eccf6da3662cf5fdab9806ea91a\"},\"headline\":\"\u018fnv\u0259r Seyidova nifr\u0259tin xeyri\",\"datePublished\":\"2016-12-14T15:48:39+00:00\",\"mainEntityOfPage\":{\"@id\":\"https:\\\/\\\/www.meydan.tv\\\/az\\\/article\\\/enver-seyidova-nifretin-xeyri\\\/\"},\"wordCount\":898,\"publisher\":{\"@id\":\"https:\\\/\\\/www.meydan.tv\\\/az\\\/#organization\"},\"image\":{\"@id\":\"https:\\\/\\\/www.meydan.tv\\\/az\\\/article\\\/enver-seyidova-nifretin-xeyri\\\/#primaryimage\"},\"thumbnailUrl\":\"https:\\\/\\\/www.meydan.tv\\\/wp-content\\\/uploads\\\/27670.jpg\",\"articleSection\":[\"M\u0259nim Fikrimc\u0259\"],\"inLanguage\":\"az\"},{\"@type\":\"WebPage\",\"@id\":\"https:\\\/\\\/www.meydan.tv\\\/az\\\/article\\\/enver-seyidova-nifretin-xeyri\\\/\",\"url\":\"https:\\\/\\\/www.meydan.tv\\\/az\\\/article\\\/enver-seyidova-nifretin-xeyri\\\/\",\"name\":\"\u018fnv\u0259r Seyidova nifr\u0259tin xeyri - MEYDAN.TV\",\"isPartOf\":{\"@id\":\"https:\\\/\\\/www.meydan.tv\\\/az\\\/#website\"},\"primaryImageOfPage\":{\"@id\":\"https:\\\/\\\/www.meydan.tv\\\/az\\\/article\\\/enver-seyidova-nifretin-xeyri\\\/#primaryimage\"},\"image\":{\"@id\":\"https:\\\/\\\/www.meydan.tv\\\/az\\\/article\\\/enver-seyidova-nifretin-xeyri\\\/#primaryimage\"},\"thumbnailUrl\":\"https:\\\/\\\/www.meydan.tv\\\/wp-content\\\/uploads\\\/27670.jpg\",\"datePublished\":\"2016-12-14T15:48:39+00:00\",\"breadcrumb\":{\"@id\":\"https:\\\/\\\/www.meydan.tv\\\/az\\\/article\\\/enver-seyidova-nifretin-xeyri\\\/#breadcrumb\"},\"inLanguage\":\"az\",\"potentialAction\":[{\"@type\":\"ReadAction\",\"target\":[\"https:\\\/\\\/www.meydan.tv\\\/az\\\/article\\\/enver-seyidova-nifretin-xeyri\\\/\"]}]},{\"@type\":\"ImageObject\",\"inLanguage\":\"az\",\"@id\":\"https:\\\/\\\/www.meydan.tv\\\/az\\\/article\\\/enver-seyidova-nifretin-xeyri\\\/#primaryimage\",\"url\":\"https:\\\/\\\/www.meydan.tv\\\/wp-content\\\/uploads\\\/27670.jpg\",\"contentUrl\":\"https:\\\/\\\/www.meydan.tv\\\/wp-content\\\/uploads\\\/27670.jpg\",\"width\":500,\"height\":350,\"caption\":\"Source:\"},{\"@type\":\"BreadcrumbList\",\"@id\":\"https:\\\/\\\/www.meydan.tv\\\/az\\\/article\\\/enver-seyidova-nifretin-xeyri\\\/#breadcrumb\",\"itemListElement\":[{\"@type\":\"ListItem\",\"position\":1,\"name\":\"Ana s\u0259hif\u0259\",\"item\":\"https:\\\/\\\/www.meydan.tv\\\/az\\\/\"},{\"@type\":\"ListItem\",\"position\":2,\"name\":\"M\u0259nim Fikrimc\u0259\",\"item\":\"https:\\\/\\\/www.meydan.tv\\\/az\\\/section\\\/menim-fikrimce\\\/\"},{\"@type\":\"ListItem\",\"position\":3,\"name\":\"\u018fnv\u0259r Seyidova nifr\u0259tin xeyri\"}]},{\"@type\":\"WebSite\",\"@id\":\"https:\\\/\\\/www.meydan.tv\\\/az\\\/#website\",\"url\":\"https:\\\/\\\/www.meydan.tv\\\/az\\\/\",\"name\":\"MEYDAN.TV\",\"description\":\"Meydan TV Az\u0259rbaycan\u0131n media m\u0259kan\u0131ndak\u0131 alternativ s\u0259sidir\",\"publisher\":{\"@id\":\"https:\\\/\\\/www.meydan.tv\\\/az\\\/#organization\"},\"potentialAction\":[{\"@type\":\"SearchAction\",\"target\":{\"@type\":\"EntryPoint\",\"urlTemplate\":\"https:\\\/\\\/www.meydan.tv\\\/az\\\/?s={search_term_string}\"},\"query-input\":{\"@type\":\"PropertyValueSpecification\",\"valueRequired\":true,\"valueName\":\"search_term_string\"}}],\"inLanguage\":\"az\"},{\"@type\":\"Organization\",\"@id\":\"https:\\\/\\\/www.meydan.tv\\\/az\\\/#organization\",\"name\":\"Meydan TV\",\"url\":\"https:\\\/\\\/www.meydan.tv\\\/az\\\/\",\"logo\":{\"@type\":\"ImageObject\",\"inLanguage\":\"az\",\"@id\":\"https:\\\/\\\/www.meydan.tv\\\/az\\\/#\\\/schema\\\/logo\\\/image\\\/\",\"url\":\"https:\\\/\\\/www.meydan.tv\\\/wp-content\\\/uploads\\\/2021\\\/07\\\/meydan-logo.svg\",\"contentUrl\":\"https:\\\/\\\/www.meydan.tv\\\/wp-content\\\/uploads\\\/2021\\\/07\\\/meydan-logo.svg\",\"width\":195,\"height\":46,\"caption\":\"Meydan TV\"},\"image\":{\"@id\":\"https:\\\/\\\/www.meydan.tv\\\/az\\\/#\\\/schema\\\/logo\\\/image\\\/\"}},{\"@type\":\"Person\",\"@id\":\"https:\\\/\\\/www.meydan.tv\\\/az\\\/#\\\/schema\\\/person\\\/10d11eccf6da3662cf5fdab9806ea91a\",\"name\":\"user-manager\"}]}<\/script>\n<!-- \/ Yoast SEO plugin. -->","yoast_head_json":{"title":"\u018fnv\u0259r Seyidova nifr\u0259tin xeyri - MEYDAN.TV","robots":{"index":"index","follow":"follow","max-snippet":"max-snippet:-1","max-image-preview":"max-image-preview:large","max-video-preview":"max-video-preview:-1"},"canonical":"https:\/\/www.meydan.tv\/az\/article\/enver-seyidova-nifretin-xeyri\/","og_locale":"az_AZ","og_type":"article","og_title":"\u018fnv\u0259r Seyidova nifr\u0259tin xeyri - MEYDAN.TV","og_description":"Bu g\u00fcn 2 n\u0259f\u0259rin h\u0259yat\u0131, sa\u011flaml\u0131\u011f\u0131 il\u0259 ba\u011fl\u0131 x\u0259b\u0259r yay\u0131ld\u0131","og_url":"https:\/\/www.meydan.tv\/az\/article\/enver-seyidova-nifretin-xeyri\/","og_site_name":"MEYDAN.TV","article_published_time":"2016-12-14T15:48:39+00:00","og_image":[{"width":500,"height":350,"url":"https:\/\/www.meydan.tv\/wp-content\/uploads\/27670.jpg","type":"image\/jpeg"}],"author":"user-manager","twitter_card":"summary_large_image","schema":{"@context":"https:\/\/schema.org","@graph":[{"@type":"Article","@id":"https:\/\/www.meydan.tv\/az\/article\/enver-seyidova-nifretin-xeyri\/#article","isPartOf":{"@id":"https:\/\/www.meydan.tv\/az\/article\/enver-seyidova-nifretin-xeyri\/"},"author":{"name":"user-manager","@id":"https:\/\/www.meydan.tv\/az\/#\/schema\/person\/10d11eccf6da3662cf5fdab9806ea91a"},"headline":"\u018fnv\u0259r Seyidova nifr\u0259tin xeyri","datePublished":"2016-12-14T15:48:39+00:00","mainEntityOfPage":{"@id":"https:\/\/www.meydan.tv\/az\/article\/enver-seyidova-nifretin-xeyri\/"},"wordCount":898,"publisher":{"@id":"https:\/\/www.meydan.tv\/az\/#organization"},"image":{"@id":"https:\/\/www.meydan.tv\/az\/article\/enver-seyidova-nifretin-xeyri\/#primaryimage"},"thumbnailUrl":"https:\/\/www.meydan.tv\/wp-content\/uploads\/27670.jpg","articleSection":["M\u0259nim Fikrimc\u0259"],"inLanguage":"az"},{"@type":"WebPage","@id":"https:\/\/www.meydan.tv\/az\/article\/enver-seyidova-nifretin-xeyri\/","url":"https:\/\/www.meydan.tv\/az\/article\/enver-seyidova-nifretin-xeyri\/","name":"\u018fnv\u0259r Seyidova nifr\u0259tin xeyri - MEYDAN.TV","isPartOf":{"@id":"https:\/\/www.meydan.tv\/az\/#website"},"primaryImageOfPage":{"@id":"https:\/\/www.meydan.tv\/az\/article\/enver-seyidova-nifretin-xeyri\/#primaryimage"},"image":{"@id":"https:\/\/www.meydan.tv\/az\/article\/enver-seyidova-nifretin-xeyri\/#primaryimage"},"thumbnailUrl":"https:\/\/www.meydan.tv\/wp-content\/uploads\/27670.jpg","datePublished":"2016-12-14T15:48:39+00:00","breadcrumb":{"@id":"https:\/\/www.meydan.tv\/az\/article\/enver-seyidova-nifretin-xeyri\/#breadcrumb"},"inLanguage":"az","potentialAction":[{"@type":"ReadAction","target":["https:\/\/www.meydan.tv\/az\/article\/enver-seyidova-nifretin-xeyri\/"]}]},{"@type":"ImageObject","inLanguage":"az","@id":"https:\/\/www.meydan.tv\/az\/article\/enver-seyidova-nifretin-xeyri\/#primaryimage","url":"https:\/\/www.meydan.tv\/wp-content\/uploads\/27670.jpg","contentUrl":"https:\/\/www.meydan.tv\/wp-content\/uploads\/27670.jpg","width":500,"height":350,"caption":"Source:"},{"@type":"BreadcrumbList","@id":"https:\/\/www.meydan.tv\/az\/article\/enver-seyidova-nifretin-xeyri\/#breadcrumb","itemListElement":[{"@type":"ListItem","position":1,"name":"Ana s\u0259hif\u0259","item":"https:\/\/www.meydan.tv\/az\/"},{"@type":"ListItem","position":2,"name":"M\u0259nim Fikrimc\u0259","item":"https:\/\/www.meydan.tv\/az\/section\/menim-fikrimce\/"},{"@type":"ListItem","position":3,"name":"\u018fnv\u0259r Seyidova nifr\u0259tin xeyri"}]},{"@type":"WebSite","@id":"https:\/\/www.meydan.tv\/az\/#website","url":"https:\/\/www.meydan.tv\/az\/","name":"MEYDAN.TV","description":"Meydan TV Az\u0259rbaycan\u0131n media m\u0259kan\u0131ndak\u0131 alternativ s\u0259sidir","publisher":{"@id":"https:\/\/www.meydan.tv\/az\/#organization"},"potentialAction":[{"@type":"SearchAction","target":{"@type":"EntryPoint","urlTemplate":"https:\/\/www.meydan.tv\/az\/?s={search_term_string}"},"query-input":{"@type":"PropertyValueSpecification","valueRequired":true,"valueName":"search_term_string"}}],"inLanguage":"az"},{"@type":"Organization","@id":"https:\/\/www.meydan.tv\/az\/#organization","name":"Meydan TV","url":"https:\/\/www.meydan.tv\/az\/","logo":{"@type":"ImageObject","inLanguage":"az","@id":"https:\/\/www.meydan.tv\/az\/#\/schema\/logo\/image\/","url":"https:\/\/www.meydan.tv\/wp-content\/uploads\/2021\/07\/meydan-logo.svg","contentUrl":"https:\/\/www.meydan.tv\/wp-content\/uploads\/2021\/07\/meydan-logo.svg","width":195,"height":46,"caption":"Meydan TV"},"image":{"@id":"https:\/\/www.meydan.tv\/az\/#\/schema\/logo\/image\/"}},{"@type":"Person","@id":"https:\/\/www.meydan.tv\/az\/#\/schema\/person\/10d11eccf6da3662cf5fdab9806ea91a","name":"user-manager"}]}},"_links":{"self":[{"href":"https:\/\/www.meydan.tv\/az\/wp-json\/wp\/v2\/posts\/181213","targetHints":{"allow":["GET"]}}],"collection":[{"href":"https:\/\/www.meydan.tv\/az\/wp-json\/wp\/v2\/posts"}],"about":[{"href":"https:\/\/www.meydan.tv\/az\/wp-json\/wp\/v2\/types\/post"}],"author":[{"embeddable":true,"href":"https:\/\/www.meydan.tv\/az\/wp-json\/wp\/v2\/users\/11"}],"replies":[{"embeddable":true,"href":"https:\/\/www.meydan.tv\/az\/wp-json\/wp\/v2\/comments?post=181213"}],"version-history":[{"count":0,"href":"https:\/\/www.meydan.tv\/az\/wp-json\/wp\/v2\/posts\/181213\/revisions"}],"wp:featuredmedia":[{"embeddable":true,"href":"https:\/\/www.meydan.tv\/az\/wp-json\/wp\/v2\/media\/72139"}],"wp:attachment":[{"href":"https:\/\/www.meydan.tv\/az\/wp-json\/wp\/v2\/media?parent=181213"}],"wp:term":[{"taxonomy":"category","embeddable":true,"href":"https:\/\/www.meydan.tv\/az\/wp-json\/wp\/v2\/categories?post=181213"},{"taxonomy":"post_tag","embeddable":true,"href":"https:\/\/www.meydan.tv\/az\/wp-json\/wp\/v2\/tags?post=181213"}],"curies":[{"name":"wp","href":"https:\/\/api.w.org\/{rel}","templated":true}]}}