{"id":181206,"date":"2016-12-14T14:07:03","date_gmt":"2016-12-14T14:07:03","guid":{"rendered":"https:\/\/www.meydan.tv\/article\/netanyahunun-baki-seferi-ve-tehranin-boyukseytan-gedisi\/"},"modified":"2016-12-14T14:07:03","modified_gmt":"2016-12-14T14:07:03","slug":"netanyahunun-baki-seferi-ve-tehranin-boyukseytan-gedisi","status":"publish","type":"post","link":"https:\/\/www.meydan.tv\/az\/article\/netanyahunun-baki-seferi-ve-tehranin-boyukseytan-gedisi\/","title":{"rendered":"Netanyahunun Bak\u0131 s\u0259f\u0259ri v\u0259 Tehran\u0131n &#8221;b\u00f6y\u00fck\u015feytan&#8221;  gedi\u015fi"},"content":{"rendered":"<figure class=\"wp-block-image size-large\">\n  <img decoding=\"async\" src=\"https:\/\/www.meydan.tv\/az\/foto-apa-71\/\" alt=\"foto APA\" class=\"wp-image-75352\"\/><figcaption>\n    foto APA<br \/>\n  <\/figcaption><\/figure>\n<p>\n  \u0130srailAz\u0259rbaycan\u0131n m\u00fcst\u0259qilliyini ilk tan\u0131yan d\u00f6vl\u0259tl\u0259rd\u0259ndir. 1990-ci ill\u0259rd\u0259 iki d\u00f6vl\u0259t aras\u0131nda \u0259laq\u0259l\u0259r yeni qurulma\u011fa ba\u015flasa da, m\u00fcs\u0259lman Az\u0259rbaycanla y\u0259hudi d\u00f6vl\u0259ti olan \u0130srail aras\u0131nda qar\u015f\u0131l\u0131ql\u0131 anla\u015fma yarand\u0131.<br \/>\n  <br \/>\n  \u0130srailin ba\u015f naziri Benyamin Netanyahu ilk d\u0259f\u0259 Az\u0259rbaycana 1997-ci ild\u0259 s\u0259f\u0259r edib. Bu q\u0131sa s\u0259f\u0259r bir ne\u00e7\u0259 saat \u00e7\u0259kib, \u0130srailin ba\u015f nazirinin t\u0259yyar\u0259si C\u0259nubi Koreyadan \u0130srail\u0259 geri d\u00f6n\u0259rk\u0259n Bak\u0131 hava liman\u0131na enib. Ancaq bir ne\u00e7\u0259 saatl\u0131q s\u0259f\u0259r kifay\u0259t edib ki, Benyamin Netanyahu il\u0259 Az\u0259rbaycan\u0131n o zamank\u0131 prezidenti Heyd\u0259r \u018fliyev aras\u0131nda s\u0131x dialoq qurulsun. \u00dcst\u00fcnd\u0259n 12 il ke\u00e7dikd\u0259n sonra, 2009-cu ild\u0259 Az\u0259rbaycana \u0130srailin o zamank\u0131 prezidenti \u015eimon Peres s\u0259f\u0259r etdi. Bir il sonra is\u0259 Az\u0259rbaycana \u0130srailin xarici i\u015fl\u0259r naziri Aviqdor Liberman g\u0259ldi.<br \/>\n  <br \/>\n  Bu g\u00f6r\u00fc\u015fl\u0259r v\u0259 iki \u00f6lk\u0259 aras\u0131nda qurulan s\u0131x m\u00fcnasib\u0259tl\u0259r \u0130ran\u0131 \u00e7ox narahat edir. Tehran ke\u00e7mi\u015f ill\u0259rd\u0259 d\u0259 Az\u0259rbaycan-\u0130srail m\u00fcnasib\u0259tl\u0259rinin \u0259leyhin\u0259 \u00e7\u0131x\u0131r, iranl\u0131 r\u0259smil\u0259r buna qar\u015f\u0131 s\u0259rt a\u00e7\u0131qlamalar verirdil\u0259r. Bu d\u0259f\u0259 d\u0259 bel\u0259 oldu. Benyamin Netanyahunun Bak\u0131ya s\u0259f\u0259rind\u0259n bir ne\u00e7\u0259 g\u00fcn \u00f6nc\u0259 \u0130randan Az\u0259rbaycan\u0131n \u00fcnvan\u0131na s\u0259rt a\u00e7\u0131qlamalar\u0131n say\u0131 artd\u0131.\n<\/p>\n<p>\n  \u0130lk s\u0259rt a\u00e7\u0131qlama \u0130ran\u0131n dini liderinin Q\u0259rbi Az\u0259rbaycan \u0259yal\u0259tind\u0259ki n\u00fcmay\u0259nd\u0259si, Urmiyan\u0131n c\u00fcm\u0259 namaz\u0131n\u0131n r\u0259hb\u0259ri axund Seyid Mehdi Q\u00fcrey\u015fid\u0259n g\u0259ldi. O dedi ki, Az\u0259rbaycan Respublikas\u0131 m\u00fcs\u0259lmanlar\u0131n\u0131 g\u0259r\u0259k Bak\u0131ya s\u0259f\u0259ri g\u00f6zl\u0259nil\u0259n \u0130srailin ba\u015f naziri Benyamin Netanyahuya qar\u015f\u0131 \u00e7\u0131xs\u0131nlar. \u00d6z \u00e7\u0131x\u0131\u015f\u0131nda \u0130srailin ba\u015f nazirini \u201ccinay\u0259tkar\u201d adland\u0131ran v\u0259 a\u00e7\u0131q-a\u015fkar anti-semitizm t\u0259bli\u011fat\u0131 aparan axund Q\u00fcrey\u015fi bildirdi ki, Netanyahu kimi \u015f\u0259xsl\u0259ri qar\u015f\u0131lamaq, Allah qar\u015f\u0131s\u0131nda durmaq dem\u0259kdir.\n<\/p>\n<p>\n  \u0130ranl\u0131 axund bu m\u00fcraci\u0259ti il\u0259 Az\u0259rbaycan\u0131n daxili i\u015fl\u0259rin\u0259 qar\u0131\u015f\u0131r v\u0259 Az\u0259rbaycan Respublikas\u0131n\u0131n v\u0259t\u0259nda\u015flar\u0131n\u0131 faktiki qiyama \u00e7a\u011f\u0131r\u0131rd\u0131. R\u0259smi Bak\u0131 v\u0259 Az\u0259rbaycan\u0131n din sah\u0259sind\u0259 m\u00f6vqe tutan insanlar he\u00e7 zaman \u0130ran\u0131n daxili i\u015fl\u0259rin\u0259 qar\u0131\u015fm\u0131rlar, \u201cniy\u0259 \u0130ran m\u00fcs\u0259lman az\u0259rbaycanl\u0131lar q\u0259tl\u0259 yetir\u0259n, m\u00fcs\u0259lman torpaqlar\u0131 i\u015f\u011fal ed\u0259n v\u0259 m\u0259scidl\u0259ri da\u011f\u0131dan Erm\u0259nistan hakimiyy\u0259ti il\u0131 s\u0131x m\u00fcnasib\u0259tl\u0259r qurur\u201d sual\u0131n\u0131 Tehrana \u00fcnvanlam\u0131rlar. \u00c7\u00fcnki bu r\u0259smi s\u0259viyy\u0259d\u0259 \u0130ran\u0131n daxili i\u015fl\u0259rin\u0259 qar\u0131\u015fmaq m\u0259nas\u0131na g\u0259lir. Bunun qar\u015fl\u0131\u011f\u0131nda \u0130ran r\u0259smil\u0259ri v\u0259 din xadiml\u0259ri Az\u0259rbaycan-\u0130srail m\u00fcnasib\u0259tl\u0259rin\u0259 eyni tolerantl\u0131\u011f\u0131, d\u00f6z\u00fcml\u00fcl\u00fcy\u00fc n\u00fcmayi\u015f etdirmirl\u0259r.\n<\/p>\n<p>\n  \u0130ran\u0131n dini liderinin Q\u0259rbi Az\u0259rbaycan \u0259yal\u0259tind\u0259ki n\u00fcmay\u0259nd\u0259sind\u0259n sonra \u0130ran parlamentinin s\u0259dri \u018fli Laricaninin k\u00f6m\u0259k\u00e7isi H\u00fcseyn \u018fmir Abdullahiyan v\u0259 \u0130ran\u0131n Az\u0259rbaycandak\u0131 ke\u00e7mi\u015f s\u0259firi M\u00f6hs\u00fcn Pakayin d\u0259 \u0130srail ba\u015f nazirinin Az\u0259rbaycana s\u0259f\u0259rini t\u0259nqid etdil\u0259r. \u0130ranl\u0131 r\u0259smil\u0259rin, diplomatlar\u0131n v\u0259 din xadiml\u0259rinin a\u00e7\u0131qlamalar\u0131ndan bu q\u0259na\u0259t\u0259 g\u0259lm\u0259k olard\u0131 ki, guya Netahyahu Az\u0259rbaycana s\u0259f\u0259rini r\u0259smi Bak\u0131ya zorla q\u0259bul etdirib v\u0259 guya Netanyahunun bu s\u0259f\u0259rinin \u0259sas m\u0259qs\u0259di Tehran-Bak\u0131 m\u00fcnasib\u0259tl\u0259rinin m\u00fcsb\u0259t prosesin\u0259 x\u0259l\u0259l g\u0259tirm\u0259y\u0259 c\u0259hd g\u00f6st\u0259rm\u0259kdir.\n<\/p>\n<p>\n  \u0130ranl\u0131 r\u0259smil\u0259r v\u0259 din xadiml\u0259r eyni s\u0259rtliyi 2012-ci ild\u0259 d\u0259 n\u00fcmayi\u015f etdirmi\u015fdil\u0259r. H\u0259min il Bak\u0131da \u201cEvrovision\u201d musiqi yar\u0131\u015fmas\u0131 ke\u00e7irilirdi. Yar\u0131\u015fmadan bir ne\u00e7\u0259 g\u00fcn \u0259vv\u0259l \u0130ran\u0131n anti-Az\u0259rbaycan a\u00e7\u0131qlamalar\u0131 \u00e7oxald\u0131 v\u0259 bu, bir kampaniya \u015f\u0259klini ald\u0131. \u0130ran h\u0259min t\u0259dbiri d\u0259 Netanyahunun Bak\u0131ya s\u0259f\u0259ri kimi \u00f6z\u00fc \u00fc\u00e7\u00fcn t\u0259hl\u00fck\u0259sizlik problemin\u0259 \u00e7evirmi\u015fdi.\n<\/p>\n<p>\n  \u0130ranl\u0131 r\u0259smil\u0259r v\u0259 din xadiml\u0259rinin Netanyahunun Az\u0259rbaycana s\u0259f\u0259rin\u0259 s\u0259rt etiraz\u0131n\u0131n ba\u015fqa s\u0259b\u0259bi d\u0259 var: Tehran ehtimal ed\u0259 bil\u0259rdi ki, Benyamin Netanyahunun Bak\u0131ya s\u0259f\u0259ri Az\u0259rbaycan\u0131n \u0130sraild\u0259 s\u0259firlik a\u00e7\u0131lmas\u0131 prosesini s\u00fcr\u0259tl\u0259ndir\u0259 bil\u0259r. Tehran bunu ist\u0259mir v\u0259 bilir ki, r\u0259smi Bak\u0131 \u0130sraild\u0259 s\u0259firliyin a\u00e7\u0131lmas\u0131 m\u0259s\u0259l\u0259sind\u0259 \u0130ran\u0131n s\u0259rt m\u00f6vqeyini n\u0259z\u0259r\u0259 al\u0131r. Halbuki, r\u0259smi Bak\u0131n\u0131n g\u00f6zl\u0259m\u0259 m\u00f6vqeyind\u0259 dayanmas\u0131 \u0130ran\u0131n Az\u0259rbaycana qar\u015f\u0131 siyas\u0259tini s\u0259rtl\u0259\u015fdirir.\n<\/p>\n<p>\n  \u0130ranl\u0131 r\u0259smil\u0259r v\u0259 din xadiml\u0259ri anlamaq ist\u0259mirl\u0259r ki, Az\u0259rbaycan \u0130sraild\u0259n m\u00fcasir silahlar al\u0131r v\u0259 bu biz\u0259 torpaqlar\u0131m\u0131z\u0131 i\u015f\u011faldan azad etm\u0259k \u00fc\u00e7\u00fcn vacibdir. Aprel d\u00f6y\u00fc\u015fl\u0259rind\u0259 \u0130srailin m\u00fcasir silahlar\u0131n\u0131n i\u015f\u011fal\u00e7\u0131ya nec\u0259 b\u00f6y\u00fck z\u0259rb\u0259l\u0259r vurdu\u011funu ham\u0131 g\u00f6rd\u00fc. \u00dcst\u0259g\u0259l \u0130srail Ceyhan limandan Az\u0259rbaycan neftinin \u0259sas al\u0131c\u0131lar\u0131ndand\u0131r.<br \/>\n  <br \/>\n  Buna baxmayaraq, Netanyahunun Bak\u0131ya s\u0259f\u0259ri il\u0259 ba\u011fl\u0131 yay\u0131lan m\u0259lumatda bel\u0259 bir hiss\u0259 d\u0259 var ki, Bak\u0131da F\u0259l\u0259stin-\u0130srail m\u00fcnaqi\u015f\u0259si d\u0259 m\u00fczakir\u0259 olunacaq. X\u0259b\u0259rd\u0259 el\u0259 bel\u0259 d\u0259 yaz\u0131l\u0131rd\u0131: \u201cAz\u0259rbaycan h\u0259r iki t\u0259r\u0259fl\u0259 normal m\u00fcnasib\u0259tl\u0259r saxlayan, h\u0259m\u00e7inin \u0130slam d\u00f6vl\u0259ti olaraq, problemin h\u0259lli \u00fc\u00e7\u00fcn \u00f6z bar\u0131\u015fd\u0131r\u0131c\u0131 missiyas\u0131n\u0131 t\u0259klif ed\u0259c\u0259k\u201d. \u018fslind\u0259 bu r\u0259smi Bak\u0131n\u0131n Tehrana mesaj\u0131 idi ki, r\u0259smi Bak\u0131 \u0130slam d\u00fcnyas\u0131 v\u0259 \u0130ran \u00fc\u00e7\u00fcn h\u0259ssas m\u00f6vzu olan F\u0259l\u0259stinin problemini d\u0259 diqq\u0259td\u0259 saxlay\u0131r. Halbuki, F\u0259l\u0259stin-\u0130srail m\u00fcnasib\u0259tl\u0259rinin normalla\u015fmas\u0131 v\u0259 70 il\u0259 yax\u0131nd\u0131r uzanan g\u0259rginliyin r\u0259smi Bak\u0131n\u0131n vasit\u0259\u00e7ilik t\u0259\u015f\u0259bb\u00fcsl\u0259ri il\u0259 h\u0259llini g\u00f6zl\u0259m\u0259k d\u0259 yersiz olard\u0131.<br \/>\n  <br \/>\n  \u018fn maraql\u0131s\u0131 odur ki, iranl\u0131 r\u0259smil\u0259r, diplomatlar v\u0259 din xadiml\u0259ri Az\u0259rbaycan-\u0130srail m\u00fcnasib\u0259tl\u0259ri v\u0259 Netanyahunun Bak\u0131ya g\u0259li\u015fi \u0259leyhin\u0259 a\u00e7\u0131qlamalar ver\u0259n g\u00fcn Tehranda Amerikan\u0131n t\u0259yyar\u0259 istehsal ed\u0259n \u0259n b\u00f6y\u00fck aerokosmik \u015firk\u0259ti \u201cBoeing\u201din amerikal\u0131 r\u0259hb\u0259rliyi il\u0259 b\u00f6y\u00fck m\u00fcqavil\u0259 imzaland\u0131. Bu m\u00fcqavil\u0259y\u0259 g\u00f6r\u0259, \u0130ran Amerika \u015firk\u0259tind\u0259n 80 \u0259d\u0259d t\u0259yyar\u0259 alacaq v\u0259 bunun m\u00fcqabilind\u0259 17 milyard dollara yax\u0131n pul \u00f6d\u0259y\u0259c\u0259k.<br \/>\n  <br \/>\n  Bu ikili standartlar\u0131n \u0259n bariz n\u00fcmun\u0259sidir. \u0130ran r\u0259smil\u0259ri v\u0259 din xadiml\u0259ri Amerikan\u0131 bu g\u00fcn d\u0259 \u201cb\u00f6y\u00fck \u015feytan\u201d v\u0259 \u0130srailin \u0259sas d\u0259st\u0259k\u00e7isi adland\u0131r\u0131rlar. Buna baxmayaraq, \u201cb\u00f6y\u00fck \u015feytan\u201d adland\u0131rd\u0131qlar\u0131 \u00f6lk\u0259nin \u0259n b\u00f6y\u00fck \u015firk\u0259tin\u0259 17 milyard dollar pul \u00f6d\u0259y\u0259c\u0259kl\u0259rin\u0259 dair m\u00fcqavil\u0259 imzalay\u0131rlar.\n<\/p>\n<p>\n  Tehran\u0131n s\u0259rt reaksiyalar\u0131 u\u011fursuz oldu. Benyamin Netanyahunun 20 ild\u0259n sonra Az\u0259rbaycana ikinci s\u0259f\u0259ri d\u0259 u\u011furlu oldu. Netanyahunun \u00f6z\u00fc d\u0259 s\u0259f\u0259r etdiyi Az\u0259rbaycanla Qazax\u0131stan\u0131 m\u00fcs\u0259lman d\u00fcnyas\u0131n\u0131n iki b\u00f6y\u00fck v\u0259 vacib \u00f6lk\u0259si adland\u0131rd\u0131. S\u0259f\u0259r zaman\u0131 iki \u00f6lk\u0259 aras\u0131ndak\u0131 \u0259m\u0259kda\u015fl\u0131\u011fa dair bir ne\u00e7\u0259 s\u0259n\u0259d imzaland\u0131.<br \/>\n  <br \/>\n  Netanyahunun Az\u0259rbaycana s\u0259f\u0259ri iki m\u00fch\u00fcm amill\u0259 yadda qald\u0131.\n<\/p>\n<p>\n  <b><br \/>\n    <i><br \/>\n      Birinci amil.<br \/>\n    <\/i><br \/>\n  <\/b><br \/>\n  Az\u0259rbaycan prezidenti \u0130lham \u018fliyev dedi ki, Az\u0259rbaycan bug\u00fcn\u0259 q\u0259d\u0259r \u0130sraild\u0259n 4 milyard 850 milyon dollar civar\u0131nda h\u0259rbi texnika al\u0131b. \u0130mzalanm\u0131\u015f m\u00fcqavil\u0259l\u0259rin \u00fcmumi d\u0259y\u0259ri is\u0259 5 milyard dollard\u0131r. \u0130lham \u018fliyev ilk d\u0259f\u0259 idi iki d\u00f6vl\u0259t aras\u0131ndak\u0131 h\u0259rbi \u0259m\u0259kda\u015fl\u0131\u011f\u0131n miqyas\u0131n\u0131 g\u00f6st\u0259r\u0259n r\u0259q\u0259mi a\u00e7\u0131qlad\u0131. \u018fslind\u0259 bu a\u00e7\u0131qlama h\u0259m Erm\u0259nistana, h\u0259m d\u0259 Rusiyaya mesaj idi. \u0130lham \u018fliyev bu a\u00e7\u0131qlama il\u0259 g\u00f6st\u0259rdi ki, Rusiyan\u0131n Erm\u0259nistana yerl\u0259\u015fdirdiyi \u201c\u0130sg\u0259nd\u0259r\u201d raketl\u0259ri \u0259leyhin\u0259 Az\u0259rbaycan\u0131n da \u0130sraild\u0259n eyni tipli v\u0259 qoruyucu raketl\u0259r almaq imkan\u0131 var.\n<\/p>\n<p>\n  <b><br \/>\n    <i><br \/>\n      \u0130kinci amil.<br \/>\n    <\/i><br \/>\n  <\/b><br \/>\n  Benyamin Netanyahu dedi ki, \u0130srail \u00f6z qaz\u0131n\u0131 Az\u0259rbaycanla T\u00fcrkiy\u0259 aras\u0131nda in\u015fa edil\u0259n boru x\u0259tl\u0259ri il\u0259 Avropaya n\u0259ql etm\u0259k ist\u0259yir. \u0130srailin bu ist\u0259yi haqq\u0131nda \u0259vv\u0259ll\u0259r m\u00fcxt\u0259lif versiyalar s\u0259sl\u0259nirdi. Ancaq ilk d\u0259f\u0259 idi ki, \u0130srail ba\u015f nazir s\u0259viyy\u0259sind\u0259 \u00f6z qaz\u0131n\u0131 Az\u0259rbaycan\u0131n in\u015fa etdiyi boru x\u0259tti il\u0259 Avropaya n\u0259ql etm\u0259kd\u0259 maraql\u0131 oldu\u011funu a\u00e7\u0131qlad\u0131. Bu a\u00e7\u0131qlama iki \u00f6lk\u0259 aras\u0131ndak\u0131 enerji \u0259m\u0259kda\u015fl\u0131\u011f\u0131n\u0131 daha \u00fcst s\u0259viyy\u0259y\u0259 qald\u0131racaq. Dig\u0259r t\u0259r\u0259fd\u0259n, bu enerji \u0259m\u0259kda\u015fl\u0131\u011f\u0131 say\u0259sind\u0259 T\u00fcrkiy\u0259-Az\u0259rbaycan-\u0130srail \u00fc\u00e7buca\u011f\u0131 g\u00fccl\u0259n\u0259c\u0259k.\n<\/p>\n<p>\n  \u0130srail-Az\u0259rbaycan \u0259m\u0259kda\u015fl\u0131\u011f\u0131n\u0131n daha bir \u0259h\u0259miyy\u0259ti var. D\u00fcnyan\u0131n m\u00fcxt\u0259lif \u00f6lk\u0259l\u0259rind\u0259 k\u00f6k salm\u0131\u015f erm\u0259ni lobbisi T\u00fcrkiy\u0259 il\u0259 yana\u015f\u0131 Az\u0259rbaycan \u0259leyhin\u0259 d\u0259 kampaniya apar\u0131r, Da\u011fl\u0131q Qaraba\u011f v\u0259 \u0259traf rayonlar\u0131n i\u015f\u011fal\u0131na haqq qazand\u0131r\u0131rlar. Buna g\u00f6r\u0259 d\u0259 Az\u0259rbaycan\u0131n d\u00fcnyan\u0131n m\u00fcxt\u0259lif \u00f6lk\u0259l\u0259rind\u0259ki y\u0259hudi icmalar\u0131n\u0131n d\u0259st\u0259yin\u0259 ehtiyac\u0131 var ki, erm\u0259ni lobbisi il\u0259 m\u00fcbariz\u0259d\u0259 g\u00fccl\u00fc m\u00fctt\u0259fiq\u0259 malik olsun. \u0130sraild\u0259ki 70 min n\u0259f\u0259rlik az\u0259rbaycanl\u0131 diaspor is\u0259 milliy\u0259tc\u0259 y\u0259hudi olmas\u0131na baxmayaraq, iki \u00f6lk\u0259 aras\u0131ndak\u0131 \u0259m\u0259kda\u015fl\u0131\u011f\u0131n geni\u015fl\u0259nm\u0259sind\u0259 m\u00fch\u00fcm rol oynay\u0131r.<br \/>\n  \n<\/p>\n<p>\n  <b><br \/>\n    <i><br \/>\n      \u201cAtlas\u201d Ara\u015fd\u0131rmalar M\u0259rk\u0259zi<br \/>\n    <\/i><br \/>\n  <\/b><\/p>\n","protected":false},"excerpt":{"rendered":"<p>foto APA \u0130srailAz\u0259rbaycan\u0131n m\u00fcst\u0259qilliyini ilk tan\u0131yan d\u00f6vl\u0259tl\u0259rd\u0259ndir. 1990-ci ill\u0259rd\u0259 iki &#8230; <\/p>\n<p class=\"read-more-container\"><a title=\"Netanyahunun Bak\u0131 s\u0259f\u0259ri v\u0259 Tehran\u0131n &#8221;b\u00f6y\u00fck\u015feytan&#8221;  gedi\u015fi\" class=\"read-more button\" href=\"https:\/\/www.meydan.tv\/az\/article\/netanyahunun-baki-seferi-ve-tehranin-boyukseytan-gedisi\/#more-181206\" aria-label=\"Read more about Netanyahunun Bak\u0131 s\u0259f\u0259ri v\u0259 Tehran\u0131n &#8221;b\u00f6y\u00fck\u015feytan&#8221;  gedi\u015fi\">Davam\u0131<\/a><\/p>\n","protected":false},"author":11,"featured_media":75352,"comment_status":"closed","ping_status":"open","sticky":false,"template":"","format":"standard","meta":{"_acf_changed":false,"_sitemap_exclude":false,"_sitemap_priority":"","_sitemap_frequency":"","footnotes":""},"categories":[51],"tags":[],"class_list":["post-181206","post","type-post","status-publish","format-standard","has-post-thumbnail","hentry","category-analitika","infinite-scroll-item","generate-columns","tablet-grid-50","mobile-grid-100","grid-parent","grid-33","no-featured-image-padding"],"acf":[],"yoast_head":"<!-- This site is optimized with the Yoast SEO plugin v27.5 - https:\/\/yoast.com\/product\/yoast-seo-wordpress\/ -->\n<title>Netanyahunun Bak\u0131 s\u0259f\u0259ri v\u0259 Tehran\u0131n &#039;&#039;b\u00f6y\u00fck\u015feytan&#039;&#039; gedi\u015fi - MEYDAN.TV<\/title>\n<meta name=\"robots\" content=\"index, follow, max-snippet:-1, max-image-preview:large, max-video-preview:-1\" \/>\n<link rel=\"canonical\" href=\"https:\/\/www.meydan.tv\/az\/article\/netanyahunun-baki-seferi-ve-tehranin-boyukseytan-gedisi\/\" \/>\n<meta property=\"og:locale\" content=\"az_AZ\" \/>\n<meta property=\"og:type\" content=\"article\" \/>\n<meta property=\"og:title\" content=\"Netanyahunun Bak\u0131 s\u0259f\u0259ri v\u0259 Tehran\u0131n &#039;&#039;b\u00f6y\u00fck\u015feytan&#039;&#039; gedi\u015fi - MEYDAN.TV\" \/>\n<meta property=\"og:description\" content=\"foto APA \u0130srailAz\u0259rbaycan\u0131n m\u00fcst\u0259qilliyini ilk tan\u0131yan d\u00f6vl\u0259tl\u0259rd\u0259ndir. 1990-ci ill\u0259rd\u0259 iki ... Davam\u0131\" \/>\n<meta property=\"og:url\" content=\"https:\/\/www.meydan.tv\/az\/article\/netanyahunun-baki-seferi-ve-tehranin-boyukseytan-gedisi\/\" \/>\n<meta property=\"og:site_name\" content=\"MEYDAN.TV\" \/>\n<meta property=\"article:published_time\" content=\"2016-12-14T14:07:03+00:00\" \/>\n<meta property=\"og:image\" content=\"https:\/\/www.meydan.tv\/wp-content\/uploads\/29140.jpg\" \/>\n\t<meta property=\"og:image:width\" content=\"750\" \/>\n\t<meta property=\"og:image:height\" content=\"536\" \/>\n\t<meta property=\"og:image:type\" content=\"image\/jpeg\" \/>\n<meta name=\"author\" content=\"user-manager\" \/>\n<meta name=\"twitter:card\" content=\"summary_large_image\" \/>\n<script type=\"application\/ld+json\" class=\"yoast-schema-graph\">{\"@context\":\"https:\\\/\\\/schema.org\",\"@graph\":[{\"@type\":\"Article\",\"@id\":\"https:\\\/\\\/www.meydan.tv\\\/az\\\/article\\\/netanyahunun-baki-seferi-ve-tehranin-boyukseytan-gedisi\\\/#article\",\"isPartOf\":{\"@id\":\"https:\\\/\\\/www.meydan.tv\\\/az\\\/article\\\/netanyahunun-baki-seferi-ve-tehranin-boyukseytan-gedisi\\\/\"},\"author\":{\"name\":\"user-manager\",\"@id\":\"https:\\\/\\\/www.meydan.tv\\\/az\\\/#\\\/schema\\\/person\\\/10d11eccf6da3662cf5fdab9806ea91a\"},\"headline\":\"Netanyahunun Bak\u0131 s\u0259f\u0259ri v\u0259 Tehran\u0131n &#8221;b\u00f6y\u00fck\u015feytan&#8221; gedi\u015fi\",\"datePublished\":\"2016-12-14T14:07:03+00:00\",\"mainEntityOfPage\":{\"@id\":\"https:\\\/\\\/www.meydan.tv\\\/az\\\/article\\\/netanyahunun-baki-seferi-ve-tehranin-boyukseytan-gedisi\\\/\"},\"wordCount\":1683,\"publisher\":{\"@id\":\"https:\\\/\\\/www.meydan.tv\\\/az\\\/#organization\"},\"image\":{\"@id\":\"https:\\\/\\\/www.meydan.tv\\\/az\\\/article\\\/netanyahunun-baki-seferi-ve-tehranin-boyukseytan-gedisi\\\/#primaryimage\"},\"thumbnailUrl\":\"https:\\\/\\\/www.meydan.tv\\\/wp-content\\\/uploads\\\/29140.jpg\",\"articleSection\":[\"Analitika\"],\"inLanguage\":\"az\"},{\"@type\":\"WebPage\",\"@id\":\"https:\\\/\\\/www.meydan.tv\\\/az\\\/article\\\/netanyahunun-baki-seferi-ve-tehranin-boyukseytan-gedisi\\\/\",\"url\":\"https:\\\/\\\/www.meydan.tv\\\/az\\\/article\\\/netanyahunun-baki-seferi-ve-tehranin-boyukseytan-gedisi\\\/\",\"name\":\"Netanyahunun Bak\u0131 s\u0259f\u0259ri v\u0259 Tehran\u0131n ''b\u00f6y\u00fck\u015feytan'' gedi\u015fi - MEYDAN.TV\",\"isPartOf\":{\"@id\":\"https:\\\/\\\/www.meydan.tv\\\/az\\\/#website\"},\"primaryImageOfPage\":{\"@id\":\"https:\\\/\\\/www.meydan.tv\\\/az\\\/article\\\/netanyahunun-baki-seferi-ve-tehranin-boyukseytan-gedisi\\\/#primaryimage\"},\"image\":{\"@id\":\"https:\\\/\\\/www.meydan.tv\\\/az\\\/article\\\/netanyahunun-baki-seferi-ve-tehranin-boyukseytan-gedisi\\\/#primaryimage\"},\"thumbnailUrl\":\"https:\\\/\\\/www.meydan.tv\\\/wp-content\\\/uploads\\\/29140.jpg\",\"datePublished\":\"2016-12-14T14:07:03+00:00\",\"breadcrumb\":{\"@id\":\"https:\\\/\\\/www.meydan.tv\\\/az\\\/article\\\/netanyahunun-baki-seferi-ve-tehranin-boyukseytan-gedisi\\\/#breadcrumb\"},\"inLanguage\":\"az\",\"potentialAction\":[{\"@type\":\"ReadAction\",\"target\":[\"https:\\\/\\\/www.meydan.tv\\\/az\\\/article\\\/netanyahunun-baki-seferi-ve-tehranin-boyukseytan-gedisi\\\/\"]}]},{\"@type\":\"ImageObject\",\"inLanguage\":\"az\",\"@id\":\"https:\\\/\\\/www.meydan.tv\\\/az\\\/article\\\/netanyahunun-baki-seferi-ve-tehranin-boyukseytan-gedisi\\\/#primaryimage\",\"url\":\"https:\\\/\\\/www.meydan.tv\\\/wp-content\\\/uploads\\\/29140.jpg\",\"contentUrl\":\"https:\\\/\\\/www.meydan.tv\\\/wp-content\\\/uploads\\\/29140.jpg\",\"width\":750,\"height\":536,\"caption\":\"Source:\"},{\"@type\":\"BreadcrumbList\",\"@id\":\"https:\\\/\\\/www.meydan.tv\\\/az\\\/article\\\/netanyahunun-baki-seferi-ve-tehranin-boyukseytan-gedisi\\\/#breadcrumb\",\"itemListElement\":[{\"@type\":\"ListItem\",\"position\":1,\"name\":\"Ana s\u0259hif\u0259\",\"item\":\"https:\\\/\\\/www.meydan.tv\\\/az\\\/\"},{\"@type\":\"ListItem\",\"position\":2,\"name\":\"Analitika\",\"item\":\"https:\\\/\\\/www.meydan.tv\\\/az\\\/section\\\/analitika\\\/\"},{\"@type\":\"ListItem\",\"position\":3,\"name\":\"Netanyahunun Bak\u0131 s\u0259f\u0259ri v\u0259 Tehran\u0131n &#8221;b\u00f6y\u00fck\u015feytan&#8221; gedi\u015fi\"}]},{\"@type\":\"WebSite\",\"@id\":\"https:\\\/\\\/www.meydan.tv\\\/az\\\/#website\",\"url\":\"https:\\\/\\\/www.meydan.tv\\\/az\\\/\",\"name\":\"MEYDAN.TV\",\"description\":\"Meydan TV Az\u0259rbaycan\u0131n media m\u0259kan\u0131ndak\u0131 alternativ s\u0259sidir\",\"publisher\":{\"@id\":\"https:\\\/\\\/www.meydan.tv\\\/az\\\/#organization\"},\"potentialAction\":[{\"@type\":\"SearchAction\",\"target\":{\"@type\":\"EntryPoint\",\"urlTemplate\":\"https:\\\/\\\/www.meydan.tv\\\/az\\\/?s={search_term_string}\"},\"query-input\":{\"@type\":\"PropertyValueSpecification\",\"valueRequired\":true,\"valueName\":\"search_term_string\"}}],\"inLanguage\":\"az\"},{\"@type\":\"Organization\",\"@id\":\"https:\\\/\\\/www.meydan.tv\\\/az\\\/#organization\",\"name\":\"Meydan TV\",\"url\":\"https:\\\/\\\/www.meydan.tv\\\/az\\\/\",\"logo\":{\"@type\":\"ImageObject\",\"inLanguage\":\"az\",\"@id\":\"https:\\\/\\\/www.meydan.tv\\\/az\\\/#\\\/schema\\\/logo\\\/image\\\/\",\"url\":\"https:\\\/\\\/www.meydan.tv\\\/wp-content\\\/uploads\\\/2021\\\/07\\\/meydan-logo.svg\",\"contentUrl\":\"https:\\\/\\\/www.meydan.tv\\\/wp-content\\\/uploads\\\/2021\\\/07\\\/meydan-logo.svg\",\"width\":195,\"height\":46,\"caption\":\"Meydan TV\"},\"image\":{\"@id\":\"https:\\\/\\\/www.meydan.tv\\\/az\\\/#\\\/schema\\\/logo\\\/image\\\/\"}},{\"@type\":\"Person\",\"@id\":\"https:\\\/\\\/www.meydan.tv\\\/az\\\/#\\\/schema\\\/person\\\/10d11eccf6da3662cf5fdab9806ea91a\",\"name\":\"user-manager\"}]}<\/script>\n<!-- \/ Yoast SEO plugin. -->","yoast_head_json":{"title":"Netanyahunun Bak\u0131 s\u0259f\u0259ri v\u0259 Tehran\u0131n ''b\u00f6y\u00fck\u015feytan'' gedi\u015fi - MEYDAN.TV","robots":{"index":"index","follow":"follow","max-snippet":"max-snippet:-1","max-image-preview":"max-image-preview:large","max-video-preview":"max-video-preview:-1"},"canonical":"https:\/\/www.meydan.tv\/az\/article\/netanyahunun-baki-seferi-ve-tehranin-boyukseytan-gedisi\/","og_locale":"az_AZ","og_type":"article","og_title":"Netanyahunun Bak\u0131 s\u0259f\u0259ri v\u0259 Tehran\u0131n ''b\u00f6y\u00fck\u015feytan'' gedi\u015fi - MEYDAN.TV","og_description":"foto APA \u0130srailAz\u0259rbaycan\u0131n m\u00fcst\u0259qilliyini ilk tan\u0131yan d\u00f6vl\u0259tl\u0259rd\u0259ndir. 1990-ci ill\u0259rd\u0259 iki ... Davam\u0131","og_url":"https:\/\/www.meydan.tv\/az\/article\/netanyahunun-baki-seferi-ve-tehranin-boyukseytan-gedisi\/","og_site_name":"MEYDAN.TV","article_published_time":"2016-12-14T14:07:03+00:00","og_image":[{"width":750,"height":536,"url":"https:\/\/www.meydan.tv\/wp-content\/uploads\/29140.jpg","type":"image\/jpeg"}],"author":"user-manager","twitter_card":"summary_large_image","schema":{"@context":"https:\/\/schema.org","@graph":[{"@type":"Article","@id":"https:\/\/www.meydan.tv\/az\/article\/netanyahunun-baki-seferi-ve-tehranin-boyukseytan-gedisi\/#article","isPartOf":{"@id":"https:\/\/www.meydan.tv\/az\/article\/netanyahunun-baki-seferi-ve-tehranin-boyukseytan-gedisi\/"},"author":{"name":"user-manager","@id":"https:\/\/www.meydan.tv\/az\/#\/schema\/person\/10d11eccf6da3662cf5fdab9806ea91a"},"headline":"Netanyahunun Bak\u0131 s\u0259f\u0259ri v\u0259 Tehran\u0131n &#8221;b\u00f6y\u00fck\u015feytan&#8221; gedi\u015fi","datePublished":"2016-12-14T14:07:03+00:00","mainEntityOfPage":{"@id":"https:\/\/www.meydan.tv\/az\/article\/netanyahunun-baki-seferi-ve-tehranin-boyukseytan-gedisi\/"},"wordCount":1683,"publisher":{"@id":"https:\/\/www.meydan.tv\/az\/#organization"},"image":{"@id":"https:\/\/www.meydan.tv\/az\/article\/netanyahunun-baki-seferi-ve-tehranin-boyukseytan-gedisi\/#primaryimage"},"thumbnailUrl":"https:\/\/www.meydan.tv\/wp-content\/uploads\/29140.jpg","articleSection":["Analitika"],"inLanguage":"az"},{"@type":"WebPage","@id":"https:\/\/www.meydan.tv\/az\/article\/netanyahunun-baki-seferi-ve-tehranin-boyukseytan-gedisi\/","url":"https:\/\/www.meydan.tv\/az\/article\/netanyahunun-baki-seferi-ve-tehranin-boyukseytan-gedisi\/","name":"Netanyahunun Bak\u0131 s\u0259f\u0259ri v\u0259 Tehran\u0131n ''b\u00f6y\u00fck\u015feytan'' gedi\u015fi - MEYDAN.TV","isPartOf":{"@id":"https:\/\/www.meydan.tv\/az\/#website"},"primaryImageOfPage":{"@id":"https:\/\/www.meydan.tv\/az\/article\/netanyahunun-baki-seferi-ve-tehranin-boyukseytan-gedisi\/#primaryimage"},"image":{"@id":"https:\/\/www.meydan.tv\/az\/article\/netanyahunun-baki-seferi-ve-tehranin-boyukseytan-gedisi\/#primaryimage"},"thumbnailUrl":"https:\/\/www.meydan.tv\/wp-content\/uploads\/29140.jpg","datePublished":"2016-12-14T14:07:03+00:00","breadcrumb":{"@id":"https:\/\/www.meydan.tv\/az\/article\/netanyahunun-baki-seferi-ve-tehranin-boyukseytan-gedisi\/#breadcrumb"},"inLanguage":"az","potentialAction":[{"@type":"ReadAction","target":["https:\/\/www.meydan.tv\/az\/article\/netanyahunun-baki-seferi-ve-tehranin-boyukseytan-gedisi\/"]}]},{"@type":"ImageObject","inLanguage":"az","@id":"https:\/\/www.meydan.tv\/az\/article\/netanyahunun-baki-seferi-ve-tehranin-boyukseytan-gedisi\/#primaryimage","url":"https:\/\/www.meydan.tv\/wp-content\/uploads\/29140.jpg","contentUrl":"https:\/\/www.meydan.tv\/wp-content\/uploads\/29140.jpg","width":750,"height":536,"caption":"Source:"},{"@type":"BreadcrumbList","@id":"https:\/\/www.meydan.tv\/az\/article\/netanyahunun-baki-seferi-ve-tehranin-boyukseytan-gedisi\/#breadcrumb","itemListElement":[{"@type":"ListItem","position":1,"name":"Ana s\u0259hif\u0259","item":"https:\/\/www.meydan.tv\/az\/"},{"@type":"ListItem","position":2,"name":"Analitika","item":"https:\/\/www.meydan.tv\/az\/section\/analitika\/"},{"@type":"ListItem","position":3,"name":"Netanyahunun Bak\u0131 s\u0259f\u0259ri v\u0259 Tehran\u0131n &#8221;b\u00f6y\u00fck\u015feytan&#8221; gedi\u015fi"}]},{"@type":"WebSite","@id":"https:\/\/www.meydan.tv\/az\/#website","url":"https:\/\/www.meydan.tv\/az\/","name":"MEYDAN.TV","description":"Meydan TV Az\u0259rbaycan\u0131n media m\u0259kan\u0131ndak\u0131 alternativ s\u0259sidir","publisher":{"@id":"https:\/\/www.meydan.tv\/az\/#organization"},"potentialAction":[{"@type":"SearchAction","target":{"@type":"EntryPoint","urlTemplate":"https:\/\/www.meydan.tv\/az\/?s={search_term_string}"},"query-input":{"@type":"PropertyValueSpecification","valueRequired":true,"valueName":"search_term_string"}}],"inLanguage":"az"},{"@type":"Organization","@id":"https:\/\/www.meydan.tv\/az\/#organization","name":"Meydan TV","url":"https:\/\/www.meydan.tv\/az\/","logo":{"@type":"ImageObject","inLanguage":"az","@id":"https:\/\/www.meydan.tv\/az\/#\/schema\/logo\/image\/","url":"https:\/\/www.meydan.tv\/wp-content\/uploads\/2021\/07\/meydan-logo.svg","contentUrl":"https:\/\/www.meydan.tv\/wp-content\/uploads\/2021\/07\/meydan-logo.svg","width":195,"height":46,"caption":"Meydan TV"},"image":{"@id":"https:\/\/www.meydan.tv\/az\/#\/schema\/logo\/image\/"}},{"@type":"Person","@id":"https:\/\/www.meydan.tv\/az\/#\/schema\/person\/10d11eccf6da3662cf5fdab9806ea91a","name":"user-manager"}]}},"_links":{"self":[{"href":"https:\/\/www.meydan.tv\/az\/wp-json\/wp\/v2\/posts\/181206","targetHints":{"allow":["GET"]}}],"collection":[{"href":"https:\/\/www.meydan.tv\/az\/wp-json\/wp\/v2\/posts"}],"about":[{"href":"https:\/\/www.meydan.tv\/az\/wp-json\/wp\/v2\/types\/post"}],"author":[{"embeddable":true,"href":"https:\/\/www.meydan.tv\/az\/wp-json\/wp\/v2\/users\/11"}],"replies":[{"embeddable":true,"href":"https:\/\/www.meydan.tv\/az\/wp-json\/wp\/v2\/comments?post=181206"}],"version-history":[{"count":0,"href":"https:\/\/www.meydan.tv\/az\/wp-json\/wp\/v2\/posts\/181206\/revisions"}],"wp:featuredmedia":[{"embeddable":true,"href":"https:\/\/www.meydan.tv\/az\/wp-json\/wp\/v2\/media\/75352"}],"wp:attachment":[{"href":"https:\/\/www.meydan.tv\/az\/wp-json\/wp\/v2\/media?parent=181206"}],"wp:term":[{"taxonomy":"category","embeddable":true,"href":"https:\/\/www.meydan.tv\/az\/wp-json\/wp\/v2\/categories?post=181206"},{"taxonomy":"post_tag","embeddable":true,"href":"https:\/\/www.meydan.tv\/az\/wp-json\/wp\/v2\/tags?post=181206"}],"curies":[{"name":"wp","href":"https:\/\/api.w.org\/{rel}","templated":true}]}}