{"id":181195,"date":"2016-12-14T00:34:41","date_gmt":"2016-12-14T00:34:41","guid":{"rendered":"https:\/\/www.meydan.tv\/article\/niderlandda-orta-tehsil\/"},"modified":"2016-12-14T00:34:41","modified_gmt":"2016-12-14T00:34:41","slug":"niderlandda-orta-tehsil","status":"publish","type":"post","link":"https:\/\/www.meydan.tv\/az\/article\/niderlandda-orta-tehsil\/","title":{"rendered":"Niderlandda orta t\u0259hsil"},"content":{"rendered":"<figure class=\"wp-block-image size-large\">\n  <img decoding=\"async\" src=\"https:\/\/www.meydan.tv\/az\/fotolar-sosial-sebeke\/\" alt=\"fotolar sosial \u015f\u0259b\u0259k\u0259\" class=\"wp-image-75319\"\/><figcaption>\n    fotolar sosial \u015f\u0259b\u0259k\u0259<br \/>\n  <\/figcaption><\/figure>\n<p>\n  <i><br \/>\n    T\u0259hsilin praktiki t\u0259r\u0259fl\u0259ri<br \/>\n  <\/i>\n<\/p>\n<p>\n  Bu m\u00f6vzu il\u0259 ba\u011fl\u0131 yazm\u0131\u015fd\u0131m. Daha do\u011frusu, onun n\u0259z\u0259ri t\u0259r\u0259fl\u0259ri haqq\u0131nda. \u0130ndi is\u0259 praktiki m\u00fc\u015fahid\u0259l\u0259rimi b\u00f6l\u00fc\u015fm\u0259k ist\u0259yir\u0259m. M\u0259qs\u0259dim \u0259n az\u0131 bu bar\u0259d\u0259 m\u0259lumat verm\u0259kdir ki, aidiyy\u0259ti dostlar: t\u0259hsil i\u015f\u00e7il\u0259ri, m\u00fc\u0259lliml\u0259r, \u015fagirdl\u0259r v\u0259 valideynl\u0259r Az\u0259rbaycanda da bel\u0259 olmas\u0131 \u00fc\u00e7\u00fcn c\u0259hdl\u0259r etsinl\u0259r v\u0259 yaxud bu istiqam\u0259td\u0259 onlar\u0131n motivasiyalar\u0131 arts\u0131n. Bununla ba\u011fl\u0131 \u0259vv\u0259lki yaz\u0131mda qeyd etmi\u015fdim ki, Niderlandda orta m\u0259kt\u0259bl\u0259r ibtidai m\u0259kt\u0259bl\u0259rd\u0259n ayr\u0131 f\u0259aliyy\u0259t g\u00f6st\u0259rir. Burada t\u0259hsil m\u00fc\u0259ss\u0259l\u0259rinin ham\u0131s\u0131\u0131 m\u0259rk\u0259zd\u0259, regionda, ucqar k\u0259ndd\u0259 yerl\u0259\u015fm\u0259sind\u0259n as\u0131l\u0131 olmayaraq eyni s\u0259viyy\u0259d\u0259 maddi texniki bazaya malikdir. Bura m\u0259kt\u0259b binas\u0131, onun q\u0131zd\u0131r\u0131lmas\u0131, oturacaqlar, komp\u00fcter t\u0259minat\u0131, birg\u0259 t\u0259dbirl\u0259rin ke\u00e7irilm\u0259si \u00fc\u00e7\u00fcn \u015f\u0259rait v\u0259 s. hallar daxildir.\n<\/p>\n<p>\n  Praktiki m\u00fc\u015fahid\u0259 yazd\u0131m. Ona g\u00f6r\u0259 ki, ail\u0259mizin balacas\u0131 orta t\u0259hsil al\u0131r. Bu, o dem\u0259kdir ki, bir valideyn olaraq ist\u0259s\u0259n d\u0259, ist\u0259m\u0259s\u0259n d\u0259 avtomatik olaraq t\u0259hsil prosesinin \u0259n az\u0131 m\u00fc\u015fahid\u0259\u00e7isin\u0259 \u00e7evrilirs\u0259n.\n<\/p>\n<p>\n  <i><br \/>\n    <b><br \/>\n      Nec\u0259?<br \/>\n    <\/b><br \/>\n  <\/i>\n<\/p>\n<p>\n  H\u0259r bir m\u0259kt\u0259bin \u00f6z sayt\u0131 var. Bel\u0259 saytda h\u0259r bir \u015fagirdin \u00f6z s\u0259hif\u0259si m\u00f6vc\u00fcdd\u00fcr. H\u0259min s\u0259hif\u0259y\u0259 yaln\u0131z m\u0259kt\u0259b r\u0259hb\u0259rliyi (inzibati v\u0259 sinif), \u015fagirdin \u00f6z\u00fc v\u0259 valideyni b\u0259lli \u015fifr\u0259 il\u0259 daxil olur. S\u0259hif\u0259d\u0259 u\u015fa\u011f\u0131n d\u0259rs c\u0259dv\u0259li, g\u00fcnd\u0259lik olaraq ke\u00e7iril\u0259n d\u0259rsl\u0259r v\u0259 m\u00fc\u0259llim x\u0259st\u0259 olanda d\u0259rsin \u00e7\u0131x-da\u015f edilm\u0259sil\u0259 ba\u011fl\u0131 m\u0259lumat, vaxt, ev tap\u015f\u0131r\u0131qlar\u0131 v\u0259 \u015fagirdin g\u00fcnd\u0259lik olaraq ald\u0131\u011f\u0131 qiym\u0259tl\u0259r v\u0259 s. \u0259ksini tap\u0131r. Bununla h\u0259r bir valideyn\u0259 \u00f6z u\u015fa\u011f\u0131n\u0131 m\u0259kt\u0259bin sayt\u0131 vasit\u0259sil\u0259 g\u00fcnd\u0259lik olaraq n\u0259zar\u0259td\u0259 saxlamaq imkan\u0131 verilir.\n<\/p>\n<p>\n  <b><br \/>\n    <i><br \/>\n      D\u0259rslik problemi nec\u0259 h\u0259ll olunub?<br \/>\n    <\/i><br \/>\n  <\/b>\n<\/p>\n<p>\n  Orta t\u0259hsilin ilk ilind\u0259 d\u0259rs v\u0259saiti \u00fc\u00e7\u00fcn m\u00fc\u0259yy\u0259n m\u0259bl\u0259\u011f (t\u0259xmin\u0259n 70 avro) orta m\u0259kt\u0259b d\u0259rslikl\u0259rin fonduna k\u00f6\u00e7\u00fcr\u00fcl\u00fcr (Bu, bir n\u00f6v d\u0259bb\u0259 pulu rolunu oynay\u0131r v\u0259 kitablar\u0131n s\u0259liq\u0259li saxlan\u0131lmas\u0131 v\u0259 onlar\u0131 d\u0259rs ilinin sonunda oldu\u011fu kimi geri qaytar\u0131lmas\u0131na hesablan\u0131b). H\u0259min fondda Niderland \u00fczr\u0259 b\u00fct\u00fcn \u015fagirdl\u0259rin, onlar\u0131n hans\u0131 m\u0259kt\u0259bd\u0259 v\u0259 hans\u0131 sinifd\u0259 oturmalar\u0131 bar\u0259d\u0259 m\u0259lumat vard\u0131r. M\u00fc\u0259yy\u0259n m\u0259bl\u0259\u011f hesaba k\u00f6\u00e7\u00fcr\u00fcld\u00fckd\u0259n sonra bir h\u0259ft\u0259 \u0259rzind\u0259 \u015fagirdin oturdu\u011fu sinifd\u0259 il \u0259rzind\u0259 t\u0259dris edil\u0259n b\u00fct\u00fcn d\u0259rslikl\u0259r onun ev \u00fcnvan\u0131na \u00e7atd\u0131r\u0131l\u0131r. D\u0259rs ilin sonunda kitablar\u0131n ham\u0131s\u0131 istifad\u0259y\u0259 yaral\u0131 v\u0259ziyy\u0259t\u0259d\u0259 qaytar\u0131laca\u011f\u0131 t\u0259qdird\u0259, qeyd edil\u0259n m\u0259bl\u0259\u011f avtomatik olaraq sonrak\u0131 il \u00fc\u00e7\u00fcn t\u0259minatverici vasit\u0259y\u0259 \u00e7evrilir. Bel\u0259likl\u0259, \u015fagirdin s\u0259liq\u0259li olaca\u011f\u0131 t\u0259qdird\u0259 b\u00fct\u00fcn orta t\u0259hsil boyu pulsuz t\u0259dris materiallar\u0131n\u0131 almaq \u015fans\u0131 vard\u0131r.\n<\/p>\n<p>\n  <b><br \/>\n    <i><br \/>\n      \u015eagirdin \u015f\u0259xsi komp\u00fcterl\u0259 t\u0259mini m\u0259s\u0259l\u0259si nec\u0259 h\u0259ll olunub?<br \/>\n    <\/i><br \/>\n  <\/b>\n<\/p>\n<figure class=\"wp-block-image size-large\">\n  <img decoding=\"async\" src=\"https:\/\/www.meydan.tv\/az\/75322\/\" alt=\"\" class=\"wp-image-75322\"\/><figcaption><\/figcaption><\/figure>\n<p>\n  Son ill\u0259r Niderland \u00fczr\u0259 h\u0259r bir \u015fagirdin \u015f\u0259xsi komp\u00fcterl\u0259 t\u0259mini proqram\u0131 haz\u0131rlan\u0131b. Bel\u0259 proqrama \u0259sas\u0259n, m\u0259kt\u0259b hans\u0131sa komp\u00fcter t\u0259minat\u0131 il\u0259 m\u0259\u011ful olan \u015firk\u0259tl\u0259 m\u00fcqavil\u0259 ba\u011flay\u0131r. T\u0259drisin ilk ilind\u0259 valideynl\u0259r\u0259 \u015fagirdin \u015f\u0259xsi komp\u00fcterl\u0259 t\u0259mini proqram\u0131 izah edilir v\u0259 valideynl\u0259 \u015firk\u0259t aras\u0131nda kredit m\u00fcqavil\u0259si ba\u011flan\u0131r. Orta m\u0259kt\u0259bd\u0259 t\u0259dris s\u0259viyy\u0259sinin n\u00f6v\u00fcnd\u0259n as\u0131l\u0131 olaraq t\u0259hsil 4-6 il aras\u0131 davam edir. Bu m\u00fcdd\u0259t \u0259rzind\u0259 valideyn h\u0259r ay m\u00fc\u0259yy\u0259n m\u0259bl\u0259\u011f olmaqla komp\u00fcterin d\u0259y\u0259rini his\u0259-his\u0259 \u00f6d\u0259yir. \u015eirk\u0259t d\u0259 \u00f6z n\u00f6vb\u0259sind\u0259 komp\u00fcterin i\u015fl\u0259k v\u0259ziyy\u0259tin\u0259 t\u0259minat verir. Bel\u0259likl\u0259, Niderlandda orta m\u0259kt\u0259bd\u0259 t\u0259hsil alan h\u0259r bir \u015fagird \u015f\u0259xsi komp\u00fcterlr\u0259 t\u0259min edilir.\n<\/p>\n<p>\n  <b><br \/>\n    <i><br \/>\n      M\u0259kt\u0259b nec\u0259 hesabat verir?<br \/>\n    <\/i><br \/>\n  <\/b>\n<\/p>\n<p>\n  M\u0259kt\u0259b d\u0259rs dey\u0259n m\u00fc\u0259lliml\u0259rin simas\u0131nda ild\u0259 3 d\u0259v\u0259 valideyn qar\u015f\u0131s\u0131nda hesabat verir. Valideyn u\u015fa\u011f\u0131n i\u015ftirak\u0131yla onun davran\u0131\u015f\u0131n\u0131, qiym\u0259tl\u0259ri, z\u0259if v\u0259 g\u00fccl\u00fc t\u0259r\u0259fl\u0259rini aidiyy\u0259ti m\u00fc\u0259lliml\u0259rl\u0259 m\u00fczakir\u0259 edir.\n<\/p>\n<p>\n  <b><br \/>\n    <i><br \/>\n      Hans\u0131 f\u0259nn t\u0259dris edilir v\u0259 d\u0259rsl\u0259rin h\u0259cmi n\u0259 q\u0259d\u0259rdir?<br \/>\n    <\/i><br \/>\n  <\/b>\n<\/p>\n<p>\n  T\u0259dris prosesi daha \u00e7ox dil \u00f6yr\u0259tm\u0259y\u0259 hesablan\u0131b. Eyni vaxtda d\u00f6vl\u0259t dili il\u0259 yana\u015f\u0131 \u0259n az\u0131 4 dil \u00f6yr\u0259dilir. Bunlar \u0259sas\u0259n ingilis, alman, frans\u0131z v\u0259 ispan dill\u0259ridir. Gimnaziumlarda bu s\u0131raya q\u0259dim dill\u0259r: yunan v\u0259 lat\u0131n da \u0259lav\u0259 edilir. T\u0259drisd\u0259 \u0259d\u0259biyyat d\u0259rsi yer almay\u0131b. Elmi f\u0259nl\u0259r kimi riyaziyyat, tarix, biologiya, fizika, co\u011frafiya v\u0259 kimya ke\u00e7irilir.\n<\/p>\n<p>\n  D\u0259rsl\u0259r saat 8.30-dan ba\u015flay\u0131r, 16.30-a q\u0259d\u0259r davam edir. \u015eagird m\u0259kt\u0259b\u0259 i\u00e7m\u0259y\u0259 su v\u0259 g\u00fcnorta yem\u0259yi g\u00f6t\u00fcr\u0259 bil\u0259r.\n<\/p>\n<p>\n  M\u00fc\u0259llim \u015fagird m\u00fcnasib\u0259ti liberal d\u0259y\u0259rl\u0259r\u0259 s\u00f6yk\u0259nir. Adi m\u00fcnasib\u0259td\u0259 he\u00e7 bir ciddiyy\u0259t hiss olunmur, amma t\u0259dris\u0259 m\u00fcnasib\u0259t v\u0259 onun n\u0259tic\u0259l\u0259rini qiym\u0259tl\u0259ndirm\u0259d\u0259 he\u00e7 bir g\u00fcz\u0259\u015ft yer alm\u0131r.\n<\/p>\n<p>\n  Orta m\u0259kt\u0259bi m\u00fcv\u0259ff\u0259qiyy\u0259tl\u0259 bitir\u0259n \u015fagird imtahans\u0131z universitet auditoriyas\u0131na gedir&#8230;\n<\/p>\n<p>\n  U\u011furlu t\u0259dris u\u011furlu g\u0259l\u0259c\u0259k dem\u0259kdir. El\u0259 is\u0259 u\u011furlu g\u0259l\u0259c\u0259yi \u0259ld\u0259n buraxmayaq&#8230;<\/p>\n","protected":false},"excerpt":{"rendered":"<p>T\u0259hsilin praktiki t\u0259r\u0259fl\u0259ri<\/p>\n","protected":false},"author":11,"featured_media":75319,"comment_status":"closed","ping_status":"open","sticky":false,"template":"","format":"standard","meta":{"_acf_changed":false,"_sitemap_exclude":false,"_sitemap_priority":"","_sitemap_frequency":"","footnotes":""},"categories":[51],"tags":[],"class_list":["post-181195","post","type-post","status-publish","format-standard","has-post-thumbnail","hentry","category-analitika","infinite-scroll-item","generate-columns","tablet-grid-50","mobile-grid-100","grid-parent","grid-33","no-featured-image-padding"],"acf":[],"yoast_head":"<!-- This site is optimized with the Yoast SEO plugin v27.5 - https:\/\/yoast.com\/product\/yoast-seo-wordpress\/ -->\n<title>Niderlandda orta t\u0259hsil - MEYDAN.TV<\/title>\n<meta name=\"robots\" content=\"index, follow, max-snippet:-1, max-image-preview:large, max-video-preview:-1\" \/>\n<link rel=\"canonical\" href=\"https:\/\/www.meydan.tv\/az\/article\/niderlandda-orta-tehsil\/\" \/>\n<meta property=\"og:locale\" content=\"az_AZ\" \/>\n<meta property=\"og:type\" content=\"article\" \/>\n<meta property=\"og:title\" content=\"Niderlandda orta t\u0259hsil - MEYDAN.TV\" \/>\n<meta property=\"og:description\" content=\"T\u0259hsilin praktiki t\u0259r\u0259fl\u0259ri\" \/>\n<meta property=\"og:url\" content=\"https:\/\/www.meydan.tv\/az\/article\/niderlandda-orta-tehsil\/\" \/>\n<meta property=\"og:site_name\" content=\"MEYDAN.TV\" \/>\n<meta property=\"article:published_time\" content=\"2016-12-14T00:34:41+00:00\" \/>\n<meta property=\"og:image\" content=\"https:\/\/www.meydan.tv\/wp-content\/uploads\/29126.jpg\" \/>\n\t<meta property=\"og:image:width\" content=\"1000\" \/>\n\t<meta property=\"og:image:height\" content=\"541\" \/>\n\t<meta property=\"og:image:type\" content=\"image\/jpeg\" \/>\n<meta name=\"author\" content=\"user-manager\" \/>\n<meta name=\"twitter:card\" content=\"summary_large_image\" \/>\n<script type=\"application\/ld+json\" class=\"yoast-schema-graph\">{\"@context\":\"https:\\\/\\\/schema.org\",\"@graph\":[{\"@type\":\"Article\",\"@id\":\"https:\\\/\\\/www.meydan.tv\\\/az\\\/article\\\/niderlandda-orta-tehsil\\\/#article\",\"isPartOf\":{\"@id\":\"https:\\\/\\\/www.meydan.tv\\\/az\\\/article\\\/niderlandda-orta-tehsil\\\/\"},\"author\":{\"name\":\"user-manager\",\"@id\":\"https:\\\/\\\/www.meydan.tv\\\/az\\\/#\\\/schema\\\/person\\\/10d11eccf6da3662cf5fdab9806ea91a\"},\"headline\":\"Niderlandda orta t\u0259hsil\",\"datePublished\":\"2016-12-14T00:34:41+00:00\",\"mainEntityOfPage\":{\"@id\":\"https:\\\/\\\/www.meydan.tv\\\/az\\\/article\\\/niderlandda-orta-tehsil\\\/\"},\"wordCount\":1000,\"publisher\":{\"@id\":\"https:\\\/\\\/www.meydan.tv\\\/az\\\/#organization\"},\"image\":{\"@id\":\"https:\\\/\\\/www.meydan.tv\\\/az\\\/article\\\/niderlandda-orta-tehsil\\\/#primaryimage\"},\"thumbnailUrl\":\"https:\\\/\\\/www.meydan.tv\\\/wp-content\\\/uploads\\\/29126.jpg\",\"articleSection\":[\"Analitika\"],\"inLanguage\":\"az\"},{\"@type\":\"WebPage\",\"@id\":\"https:\\\/\\\/www.meydan.tv\\\/az\\\/article\\\/niderlandda-orta-tehsil\\\/\",\"url\":\"https:\\\/\\\/www.meydan.tv\\\/az\\\/article\\\/niderlandda-orta-tehsil\\\/\",\"name\":\"Niderlandda orta t\u0259hsil - MEYDAN.TV\",\"isPartOf\":{\"@id\":\"https:\\\/\\\/www.meydan.tv\\\/az\\\/#website\"},\"primaryImageOfPage\":{\"@id\":\"https:\\\/\\\/www.meydan.tv\\\/az\\\/article\\\/niderlandda-orta-tehsil\\\/#primaryimage\"},\"image\":{\"@id\":\"https:\\\/\\\/www.meydan.tv\\\/az\\\/article\\\/niderlandda-orta-tehsil\\\/#primaryimage\"},\"thumbnailUrl\":\"https:\\\/\\\/www.meydan.tv\\\/wp-content\\\/uploads\\\/29126.jpg\",\"datePublished\":\"2016-12-14T00:34:41+00:00\",\"breadcrumb\":{\"@id\":\"https:\\\/\\\/www.meydan.tv\\\/az\\\/article\\\/niderlandda-orta-tehsil\\\/#breadcrumb\"},\"inLanguage\":\"az\",\"potentialAction\":[{\"@type\":\"ReadAction\",\"target\":[\"https:\\\/\\\/www.meydan.tv\\\/az\\\/article\\\/niderlandda-orta-tehsil\\\/\"]}]},{\"@type\":\"ImageObject\",\"inLanguage\":\"az\",\"@id\":\"https:\\\/\\\/www.meydan.tv\\\/az\\\/article\\\/niderlandda-orta-tehsil\\\/#primaryimage\",\"url\":\"https:\\\/\\\/www.meydan.tv\\\/wp-content\\\/uploads\\\/29126.jpg\",\"contentUrl\":\"https:\\\/\\\/www.meydan.tv\\\/wp-content\\\/uploads\\\/29126.jpg\",\"width\":1000,\"height\":541,\"caption\":\"Source:\"},{\"@type\":\"BreadcrumbList\",\"@id\":\"https:\\\/\\\/www.meydan.tv\\\/az\\\/article\\\/niderlandda-orta-tehsil\\\/#breadcrumb\",\"itemListElement\":[{\"@type\":\"ListItem\",\"position\":1,\"name\":\"Ana s\u0259hif\u0259\",\"item\":\"https:\\\/\\\/www.meydan.tv\\\/az\\\/\"},{\"@type\":\"ListItem\",\"position\":2,\"name\":\"Analitika\",\"item\":\"https:\\\/\\\/www.meydan.tv\\\/az\\\/section\\\/analitika\\\/\"},{\"@type\":\"ListItem\",\"position\":3,\"name\":\"Niderlandda orta t\u0259hsil\"}]},{\"@type\":\"WebSite\",\"@id\":\"https:\\\/\\\/www.meydan.tv\\\/az\\\/#website\",\"url\":\"https:\\\/\\\/www.meydan.tv\\\/az\\\/\",\"name\":\"MEYDAN.TV\",\"description\":\"Meydan TV Az\u0259rbaycan\u0131n media m\u0259kan\u0131ndak\u0131 alternativ s\u0259sidir\",\"publisher\":{\"@id\":\"https:\\\/\\\/www.meydan.tv\\\/az\\\/#organization\"},\"potentialAction\":[{\"@type\":\"SearchAction\",\"target\":{\"@type\":\"EntryPoint\",\"urlTemplate\":\"https:\\\/\\\/www.meydan.tv\\\/az\\\/?s={search_term_string}\"},\"query-input\":{\"@type\":\"PropertyValueSpecification\",\"valueRequired\":true,\"valueName\":\"search_term_string\"}}],\"inLanguage\":\"az\"},{\"@type\":\"Organization\",\"@id\":\"https:\\\/\\\/www.meydan.tv\\\/az\\\/#organization\",\"name\":\"Meydan TV\",\"url\":\"https:\\\/\\\/www.meydan.tv\\\/az\\\/\",\"logo\":{\"@type\":\"ImageObject\",\"inLanguage\":\"az\",\"@id\":\"https:\\\/\\\/www.meydan.tv\\\/az\\\/#\\\/schema\\\/logo\\\/image\\\/\",\"url\":\"https:\\\/\\\/www.meydan.tv\\\/wp-content\\\/uploads\\\/2021\\\/07\\\/meydan-logo.svg\",\"contentUrl\":\"https:\\\/\\\/www.meydan.tv\\\/wp-content\\\/uploads\\\/2021\\\/07\\\/meydan-logo.svg\",\"width\":195,\"height\":46,\"caption\":\"Meydan TV\"},\"image\":{\"@id\":\"https:\\\/\\\/www.meydan.tv\\\/az\\\/#\\\/schema\\\/logo\\\/image\\\/\"}},{\"@type\":\"Person\",\"@id\":\"https:\\\/\\\/www.meydan.tv\\\/az\\\/#\\\/schema\\\/person\\\/10d11eccf6da3662cf5fdab9806ea91a\",\"name\":\"user-manager\"}]}<\/script>\n<!-- \/ Yoast SEO plugin. -->","yoast_head_json":{"title":"Niderlandda orta t\u0259hsil - MEYDAN.TV","robots":{"index":"index","follow":"follow","max-snippet":"max-snippet:-1","max-image-preview":"max-image-preview:large","max-video-preview":"max-video-preview:-1"},"canonical":"https:\/\/www.meydan.tv\/az\/article\/niderlandda-orta-tehsil\/","og_locale":"az_AZ","og_type":"article","og_title":"Niderlandda orta t\u0259hsil - MEYDAN.TV","og_description":"T\u0259hsilin praktiki t\u0259r\u0259fl\u0259ri","og_url":"https:\/\/www.meydan.tv\/az\/article\/niderlandda-orta-tehsil\/","og_site_name":"MEYDAN.TV","article_published_time":"2016-12-14T00:34:41+00:00","og_image":[{"width":1000,"height":541,"url":"https:\/\/www.meydan.tv\/wp-content\/uploads\/29126.jpg","type":"image\/jpeg"}],"author":"user-manager","twitter_card":"summary_large_image","schema":{"@context":"https:\/\/schema.org","@graph":[{"@type":"Article","@id":"https:\/\/www.meydan.tv\/az\/article\/niderlandda-orta-tehsil\/#article","isPartOf":{"@id":"https:\/\/www.meydan.tv\/az\/article\/niderlandda-orta-tehsil\/"},"author":{"name":"user-manager","@id":"https:\/\/www.meydan.tv\/az\/#\/schema\/person\/10d11eccf6da3662cf5fdab9806ea91a"},"headline":"Niderlandda orta t\u0259hsil","datePublished":"2016-12-14T00:34:41+00:00","mainEntityOfPage":{"@id":"https:\/\/www.meydan.tv\/az\/article\/niderlandda-orta-tehsil\/"},"wordCount":1000,"publisher":{"@id":"https:\/\/www.meydan.tv\/az\/#organization"},"image":{"@id":"https:\/\/www.meydan.tv\/az\/article\/niderlandda-orta-tehsil\/#primaryimage"},"thumbnailUrl":"https:\/\/www.meydan.tv\/wp-content\/uploads\/29126.jpg","articleSection":["Analitika"],"inLanguage":"az"},{"@type":"WebPage","@id":"https:\/\/www.meydan.tv\/az\/article\/niderlandda-orta-tehsil\/","url":"https:\/\/www.meydan.tv\/az\/article\/niderlandda-orta-tehsil\/","name":"Niderlandda orta t\u0259hsil - MEYDAN.TV","isPartOf":{"@id":"https:\/\/www.meydan.tv\/az\/#website"},"primaryImageOfPage":{"@id":"https:\/\/www.meydan.tv\/az\/article\/niderlandda-orta-tehsil\/#primaryimage"},"image":{"@id":"https:\/\/www.meydan.tv\/az\/article\/niderlandda-orta-tehsil\/#primaryimage"},"thumbnailUrl":"https:\/\/www.meydan.tv\/wp-content\/uploads\/29126.jpg","datePublished":"2016-12-14T00:34:41+00:00","breadcrumb":{"@id":"https:\/\/www.meydan.tv\/az\/article\/niderlandda-orta-tehsil\/#breadcrumb"},"inLanguage":"az","potentialAction":[{"@type":"ReadAction","target":["https:\/\/www.meydan.tv\/az\/article\/niderlandda-orta-tehsil\/"]}]},{"@type":"ImageObject","inLanguage":"az","@id":"https:\/\/www.meydan.tv\/az\/article\/niderlandda-orta-tehsil\/#primaryimage","url":"https:\/\/www.meydan.tv\/wp-content\/uploads\/29126.jpg","contentUrl":"https:\/\/www.meydan.tv\/wp-content\/uploads\/29126.jpg","width":1000,"height":541,"caption":"Source:"},{"@type":"BreadcrumbList","@id":"https:\/\/www.meydan.tv\/az\/article\/niderlandda-orta-tehsil\/#breadcrumb","itemListElement":[{"@type":"ListItem","position":1,"name":"Ana s\u0259hif\u0259","item":"https:\/\/www.meydan.tv\/az\/"},{"@type":"ListItem","position":2,"name":"Analitika","item":"https:\/\/www.meydan.tv\/az\/section\/analitika\/"},{"@type":"ListItem","position":3,"name":"Niderlandda orta t\u0259hsil"}]},{"@type":"WebSite","@id":"https:\/\/www.meydan.tv\/az\/#website","url":"https:\/\/www.meydan.tv\/az\/","name":"MEYDAN.TV","description":"Meydan TV Az\u0259rbaycan\u0131n media m\u0259kan\u0131ndak\u0131 alternativ s\u0259sidir","publisher":{"@id":"https:\/\/www.meydan.tv\/az\/#organization"},"potentialAction":[{"@type":"SearchAction","target":{"@type":"EntryPoint","urlTemplate":"https:\/\/www.meydan.tv\/az\/?s={search_term_string}"},"query-input":{"@type":"PropertyValueSpecification","valueRequired":true,"valueName":"search_term_string"}}],"inLanguage":"az"},{"@type":"Organization","@id":"https:\/\/www.meydan.tv\/az\/#organization","name":"Meydan TV","url":"https:\/\/www.meydan.tv\/az\/","logo":{"@type":"ImageObject","inLanguage":"az","@id":"https:\/\/www.meydan.tv\/az\/#\/schema\/logo\/image\/","url":"https:\/\/www.meydan.tv\/wp-content\/uploads\/2021\/07\/meydan-logo.svg","contentUrl":"https:\/\/www.meydan.tv\/wp-content\/uploads\/2021\/07\/meydan-logo.svg","width":195,"height":46,"caption":"Meydan TV"},"image":{"@id":"https:\/\/www.meydan.tv\/az\/#\/schema\/logo\/image\/"}},{"@type":"Person","@id":"https:\/\/www.meydan.tv\/az\/#\/schema\/person\/10d11eccf6da3662cf5fdab9806ea91a","name":"user-manager"}]}},"_links":{"self":[{"href":"https:\/\/www.meydan.tv\/az\/wp-json\/wp\/v2\/posts\/181195","targetHints":{"allow":["GET"]}}],"collection":[{"href":"https:\/\/www.meydan.tv\/az\/wp-json\/wp\/v2\/posts"}],"about":[{"href":"https:\/\/www.meydan.tv\/az\/wp-json\/wp\/v2\/types\/post"}],"author":[{"embeddable":true,"href":"https:\/\/www.meydan.tv\/az\/wp-json\/wp\/v2\/users\/11"}],"replies":[{"embeddable":true,"href":"https:\/\/www.meydan.tv\/az\/wp-json\/wp\/v2\/comments?post=181195"}],"version-history":[{"count":0,"href":"https:\/\/www.meydan.tv\/az\/wp-json\/wp\/v2\/posts\/181195\/revisions"}],"wp:featuredmedia":[{"embeddable":true,"href":"https:\/\/www.meydan.tv\/az\/wp-json\/wp\/v2\/media\/75319"}],"wp:attachment":[{"href":"https:\/\/www.meydan.tv\/az\/wp-json\/wp\/v2\/media?parent=181195"}],"wp:term":[{"taxonomy":"category","embeddable":true,"href":"https:\/\/www.meydan.tv\/az\/wp-json\/wp\/v2\/categories?post=181195"},{"taxonomy":"post_tag","embeddable":true,"href":"https:\/\/www.meydan.tv\/az\/wp-json\/wp\/v2\/tags?post=181195"}],"curies":[{"name":"wp","href":"https:\/\/api.w.org\/{rel}","templated":true}]}}