{"id":181192,"date":"2016-12-13T22:49:08","date_gmt":"2016-12-13T22:49:08","guid":{"rendered":"https:\/\/www.meydan.tv\/article\/eliyev-administrasiyasi-kecmis-ve-gelecek-arasinda\/"},"modified":"2016-12-13T22:49:08","modified_gmt":"2016-12-13T22:49:08","slug":"eliyev-administrasiyasi-kecmis-ve-gelecek-arasinda","status":"publish","type":"post","link":"https:\/\/www.meydan.tv\/az\/article\/eliyev-administrasiyasi-kecmis-ve-gelecek-arasinda\/","title":{"rendered":"\u018fliyev Administrasiyas\u0131 ke\u00e7mi\u015f v\u0259 g\u0259l\u0259c\u0259k aras\u0131nda"},"content":{"rendered":"<figure class=\"wp-block-image size-large\">\n  <img decoding=\"async\" src=\"https:\/\/www.meydan.tv\/az\/foto-turan-ia-10\/\" alt=\"foto Turan \u0130A\" class=\"wp-image-75256\"\/><figcaption>\n    foto Turan \u0130A<br \/>\n  <\/figcaption><\/figure>\n<\/p>\n<figure class=\"wp-block-image size-large\">\n  <img decoding=\"async\" src=\"https:\/\/www.meydan.tv\/az\/foto-turan-ia-10\/\" alt=\"foto Turan \u0130A\" class=\"wp-image-75256\"\/><figcaption>\n    foto Turan \u0130A<br \/>\n  <\/figcaption><\/figure>\n<p>\n  <i><br \/>\n    <b><br \/>\n      Dekabr\u0131n 6-da Az\u0259rbaycan prezidenti \u0130lham \u018fliyevin \u00e7oxdan g\u00f6zl\u0259nil\u0259n \u201cMilli iqtisadiyyat v\u0259 iqtisadiyyat\u0131n \u0259sas sektorlar\u0131 \u00fczr\u0259 strateji yol x\u0259rit\u0259sinin \u0259sas istiqam\u0259tl\u0259ri\u201d proqram s\u0259n\u0259dini imzalamas\u0131 h\u0259m rejimin t\u0259bli\u011fat ma\u015f\u0131n\u0131n\u0131n, h\u0259m d\u0259 Q\u0259rbin diqq\u0259tind\u0259n k\u0259narda qald\u0131.<br \/>\n    <\/b><br \/>\n  <\/i>\n<\/p>\n<p>\n  Yol x\u0259rit\u0259sinin i\u015fl\u0259nib haz\u0131rlanmas\u0131nda i\u015ftirak ed\u0259n Avropa \u0130ttifaq\u0131da, AB\u015e da ilk bax\u0131\u015fda \u0259h\u0259miyy\u0259tli g\u00f6r\u00fcn\u0259n bu strateji s\u0259n\u0259di diqq\u0259td\u0259n k\u0259narda qoydu. D\u00f6vl\u0259t informasiya agentliyinin sayt\u0131nda yerl\u0259\u015fdirilmi\u015f s\u0259n\u0259din s\u0259thi t\u0259hlili (d\u0259rind\u0259n t\u0259dqiq ed\u0259c\u0259k bir \u015fey yox idi) g\u00f6st\u0259rir ki, onun m\u0259zmunu v\u0259 mahiyy\u0259ti layih\u0259nin bu ilin yaz\u0131nda anons edilmi\u015f m\u0259qs\u0259d v\u0259 v\u0259zif\u0259l\u0259rind\u0259n xeyli f\u0259rql\u0259nir.\n<\/p>\n<p>\n  M\u0259s\u0259l\u0259nin m\u00fc\u0259yy\u0259n ara\u015fd\u0131rmalar\u0131 bir fakt\u0131 \u00fcz\u0259 \u00e7\u0131xard\u0131 ki, Va\u015finqtonun t\u00f6vsiy\u0259 etdiyi v\u0259 r\u0259smi Bak\u0131n\u0131n c\u0259lb etdiyi McKinsey m\u0259\u015fhur konsaltinq \u015firk\u0259ti layih\u0259nin haz\u0131rlanmas\u0131n\u0131n yekun m\u0259rh\u0259l\u0259sind\u0259 prezident \u018fliyevin administrasiyas\u0131 aparat\u0131n\u0131n n\u00fcfuzlu hiss\u0259si t\u0259r\u0259find\u0259n islahatlara qar\u015f\u0131 m\u00fcqavim\u0259tl\u0259 \u00fczl\u0259\u015f\u0259r\u0259k, layih\u0259ni t\u0259rk etdi.\n<\/p>\n<p>\n  \u0130slahatlar\u0131n ideyas\u0131 tamam\u0259n m\u0259zmunu itir\u0259r\u0259k, Amerikal\u0131 layih\u0259 m\u00fc\u0259llifl\u0259rin\u0259 ba\u015fqa \u00e7\u0131x\u0131\u015f yolu qoymay\u0131b. \u0130ctimaiyy\u0259t\u0259 t\u0259qdim edil\u0259n x\u0259rit\u0259 \u00f6lk\u0259nin d\u0259rin v\u0259 al\u00e7ald\u0131c\u0131 b\u00f6hrandan \u00e7\u0131x\u0131\u015f\u0131 haqq\u0131nda taktiki q\u0259rarlara bax\u0131\u015f\u0131 v\u0259t\u0259nda\u015flara a\u00e7\u0131qlaya bilm\u0259yib. Y\u00fcz s\u0259hif\u0259d\u0259n \u00e7ox h\u0259cmi olan icmal, &#8211; s\u0259n\u0259di m\u0259hz bel\u0259 s\u0259ciyy\u0259l\u0259ndirm\u0259k olar, &#8211; \u0259sas\u0259n ke\u00e7mi\u015fin \u015fanl\u0131 neft dollarlar\u0131ndan v\u0259 \u00e7ox da ayd\u0131n olmayan, dumanl\u0131 fir\u0259van g\u0259l\u0259c\u0259kd\u0259n b\u0259hs edir. Bug\u00fcnl\u0259 ba\u011fl\u0131 yaln\u0131z pul, maliyy\u0259 v\u0259 s. sabitliyinin qorunub saxlanmas\u0131 haqq\u0131nda c\u0259f\u0259ngiyyat var. \u0130nki\u015faf haqq\u0131nda he\u00e7 n\u0259 deyilmir.\n<\/p>\n<p>\n  S\u0259n\u0259dd\u0259n bel\u0259 bir n\u0259tic\u0259 \u00e7\u0131x\u0131r ki, \u018fliyev komandas\u0131 ke\u00e7mi\u015fd\u0259, b\u0259z\u0259n is\u0259 g\u0259l\u0259c\u0259kd\u0259 ya\u015fay\u0131r, \u00f6z\u00fcn\u00fc b\u00f6hran v\u0259ziyy\u0259tind\u0259 olan \u00f6lk\u0259nin xo\u015fag\u0259lm\u0259z adi g\u00fcnl\u0259rind\u0259n k\u0259nara \u00e7\u0259kir. Bu, yanl\u0131\u015f probleml\u0259rd\u0259n qa\u00e7ma v\u0259 \u00f6z\u00fcn\u00fct\u0259crid siyas\u0259tidir. \u00d6m\u0259r X\u0259yyam\u0131n ibar\u0259li \u015feirl\u0259rind\u0259 d\u0259f\u0259l\u0259rl\u0259 m\u00fcxt\u0259lif \u015f\u0259kill\u0259rd\u0259 \u00e7ox m\u00fcdrik m\u0259nas\u0131 olan mesaj x\u00fcsusi olaraq ifad\u0259 olunur, onun m\u0259nas\u0131 q\u0131saca bel\u0259dir:\n<\/p>\n<p>\n  <i><br \/>\n    1. Ke\u00e7mi\u015fi unutma, amma ke\u00e7mi\u015fd\u0259 ya\u015fama<br \/>\n  <\/i>\n<\/p>\n<p>\n  <i><br \/>\n    2. G\u0259l\u0259c\u0259k haqq\u0131nda d\u00fc\u015f\u00fcn, amma g\u0259l\u0259c\u0259kd\u0259 ya\u015fama<br \/>\n  <\/i>\n<\/p>\n<p>\n  <i><br \/>\n    3. Bu g\u00fcn ya\u015fa.<br \/>\n  <\/i>\n<\/p>\n<p>\n  <i><br \/>\n    Daha s\u0259rt t\u0259rif d\u0259 var: ke\u00e7mi\u015f yoxdur, g\u0259l\u0259c\u0259k is\u0259 olmaya da bil\u0259r.<br \/>\n  <\/i>\n<\/p>\n<p>\n  Bel\u0259likl\u0259, rejimin yol x\u0259rit\u0259sind\u0259 m\u0259zmunu dolduran dur\u011funluq istisna olmaqla, bu g\u00fcn\u00fcn dinamikas\u0131 yoxdur. Biznes ictimaiyy\u0259tin\u0259 azadl\u0131q verilm\u0259sin\u0259, onun icra hakimiyy\u0259tinin \u00f6zba\u015f\u0131nal\u0131\u011f\u0131ndan h\u00fcquqi m\u00fcdafi\u0259sin\u0259 y\u00f6n\u0259lmi\u015f \u0259sas t\u0259dbirl\u0259r s\u0259n\u0259dd\u0259 \u0259ksini tapmay\u0131b. Bu da s\u0259n\u0259di m\u0259nas\u0131s v\u0259 h\u00fcquqi c\u0259h\u0259td\u0259n n\u0259tic\u0259siz edir. Bu is\u0259 o dem\u0259kdir ki, bu hakimiyy\u0259t Az\u0259rbaycanda real v\u0259 operativ islahatlar h\u0259yata ke\u00e7irm\u0259k niyy\u0259tind\u0259 deyil.\n<\/p>\n<p>\n  X\u0259rit\u0259 bir daha \u018fliyev komandas\u0131n\u0131n hakimiyy\u0259td\u0259n azad orta sinfin, ki\u00e7ik sahibkarlar\u0131n formala\u015fmas\u0131nda, bunun \u0259ks\u0259r hiss\u0259sini h\u0259l\u0259lik hakimiyy\u0259td\u0259n as\u0131l\u0131 olan \u00f6z\u0259l sahibkarlar t\u0259\u015fkil ed\u0259n b\u00fct\u00fcn c\u0259miyy\u0259tin n\u0259zar\u0259td\u0259n \u00e7\u0131xmas\u0131na g\u0259tirib \u00e7\u0131xara bil\u0259c\u0259yi t\u0259hl\u00fck\u0259si g\u00f6rd\u00fcy\u00fc haqq\u0131nda fikirl\u0259ri t\u0259sdiq edir. \u0130qtisadi azadl\u0131q verilm\u0259si m\u00fctl\u0259q siyasi azadl\u0131q v\u0259 se\u00e7im azadl\u0131\u011f\u0131 z\u0259rur\u0259tini g\u00fcnd\u0259liy\u0259 g\u0259tir\u0259c\u0259k, bu zaman hakimiyy\u0259t olimpind\u0259 haz\u0131rki elitaya yer tap\u0131lmaya bil\u0259r. Bu, h\u0259tta \u00f6lk\u0259 \u00fc\u00e7\u00fcn t\u0259hl\u00fck\u0259li olan b\u00f6hran \u015f\u0259raitind\u0259 bel\u0259 c\u0259miyy\u0259tl\u0259 g\u00fcz\u0259\u015ftl\u0259r\u0259 getm\u0259k ist\u0259m\u0259y\u0259n komandan\u0131n \u0259sas motivasiyas\u0131d\u0131r.\n<\/p>\n<p>\n  Haz\u0131rki rejimi psixoloji c\u0259h\u0259td\u0259n anlamaq olar \u2013 \u00f6lk\u0259nin 23 illik idar\u0259etm\u0259si \u0259b\u0259di minillik reyx\u0259, onun sars\u0131lmazl\u0131\u011f\u0131na \u0259minlik yarad\u0131b. B\u00fct\u00fcn bu m\u00fcdd\u0259t \u0259rzind\u0259 yaranan siyasi hakimiyy\u0259t v\u0259 maliyy\u0259 kapital\u0131n\u0131n qar\u0131\u015f\u0131\u011f\u0131ndan ibar\u0259t oliqarx sistemi m\u0259\u011flubiyy\u0259ti etiraf ed\u0259 bilmir, t\u0259kc\u0259 iqtisadi b\u00f6hran deyil, d\u00f6vl\u0259tin ya\u015fad\u0131\u011f\u0131 sistem b\u00f6hran\u0131 da bunun parlaq n\u00fcmun\u0259sidir.\n<\/p>\n<p>\n  Mahiyy\u0259tc\u0259 administrasiyan\u0131n \u0259m\u0259ll\u0259ri q\u0259zaya u\u011frayan g\u0259minin qorxuya b\u00fcr\u00fcnm\u00fc\u015f komandas\u0131n\u0131n h\u0259r\u0259k\u0259tl\u0259rini xat\u0131rlad\u0131r. V\u0259ziyy\u0259tin d\u0259yi\u015fm\u0259y\u0259c\u0259yi v\u0259 ya yax\u015f\u0131ya do\u011fru d\u0259yi\u015fm\u0259y\u0259c\u0259yi bax\u0131m\u0131ndan deyil, prosesi art\u0131q s\u0131rf k\u00f6hn\u0259 fikirli prezident komandas\u0131n\u0131n idar\u0259 etm\u0259y\u0259c\u0259yi bax\u0131m\u0131ndan d\u0259yi\u015fiklikl\u0259r f\u00fcrs\u0259tinin \u0259ld\u0259n burax\u0131ld\u0131\u011f\u0131n\u0131 d\u00fc\u015f\u00fcnm\u0259k olar.\n<\/p>\n<p>\n  <b><br \/>\n    M\u0259s\u0259l\u0259nin tarixi il\u0259 ba\u011fl\u0131:<br \/>\n  <\/b>\n<\/p>\n<p>\n  <i><br \/>\n    2016-c\u0131 il mart\u0131n 16-da prezident \u0130lham \u018fliyev \u201cMilli iqtisadiyyat v\u0259 iqtisadiyyat\u0131n \u0259sas sektorlar\u0131 \u00fczr\u0259 strateji yol x\u0259rit\u0259sinin \u0259sas istiqam\u0259tl\u0259ri\u201dni t\u0259sdiq etm\u0259k bar\u0259d\u0259 s\u0259r\u0259ncam imzalay\u0131b. Bu, iqtisadiyyat\u0131n haz\u0131rki v\u0259ziyy\u0259tinin t\u0259hlili v\u0259 h\u0259yata ke\u00e7irilmi\u015f iqtisadi siyas\u0259tin sabitliyinin v\u0259 islahatlar\u0131n t\u0259min edilm\u0259si \u00fc\u00e7\u00fcn iqtisadi inki\u015faf\u0131n yeni strategiyas\u0131n\u0131n haz\u0131rlanmas\u0131 z\u0259rur\u0259ti il\u0259 \u0259sasland\u0131r\u0131l\u0131b. Prezientin yeni t\u0259yin edilmi\u015f k\u00f6m\u0259k\u00e7isi v\u0259 ke\u00e7mi\u015f 2 n\u00f6mr\u0259li vergi i\u015f\u00e7isi Natiq \u018fmirovun ba\u015f\u00e7\u0131l\u0131\u011f\u0131 il\u0259 \u0130\u015f\u00e7i Qrup yarad\u0131l\u0131b.<br \/>\n  <\/i>\n<\/p>\n<p>\n  <i><br \/>\n    \u0130\u015f\u00e7i Qrupa 6 ay \u0259rzind\u0259 strateji iqtisadi inki\u015faf layih\u0259si v\u0259 2016-2020-ci ill\u0259r \u00fc\u00e7\u00fcn t\u0259dbirl\u0259r plan\u0131, 2025-ci il\u0259 q\u0259d\u0259rki d\u00f6vr \u00fc\u00e7\u00fcn uzunm\u00fcdd\u0259tli icmal layih\u0259si, habel\u0259 2025-ci ild\u0259n sonrak\u0131 d\u00f6vr \u00fc\u00e7\u00fcn m\u0259qs\u0259dli icmal layih\u0259si haz\u0131rlamaq tap\u015f\u0131r\u0131l\u0131b. Proqram\u0131n haz\u0131rlanmas\u0131na Amerikan\u0131n McKinsey &amp; Company \u015firk\u0259ti \u2013 strateji idar\u0259etm\u0259 il\u0259 ba\u011fl\u0131 v\u0259zif\u0259l\u0259rin h\u0259llind\u0259 ixtisasla\u015fan beyn\u0259lxalq konsaltinq \u015firk\u0259ti d\u0259 c\u0259lb edilib.<br \/>\n  <\/i>\n<\/p>\n<p>\n  <i><br \/>\n    B\u00f6y\u00fck \u201cYol x\u0259rit\u0259si\u201d matryo\u015fka kimi iqtisadiyyat\u0131n sah\u0259l\u0259rinin inki\u015faf\u0131 \u00fczr\u0259 11 strateji \u201cyol x\u0259rit\u0259sind\u0259n\u201d ibar\u0259tdir. Administrasiyada hesab edirl\u0259r ki, x\u0259rit\u0259nin h\u0259yata ke\u00e7irilm\u0259si d\u00fcnyada Az\u0259rbaycan\u0131n iqtisadi m\u00f6vqel\u0259rini m\u00f6hk\u0259ml\u0259ndir\u0259c\u0259k v\u0259 g\u0259liri y\u00fcks\u0259k s\u0259viyy\u0259d\u0259 olan \u00f6lk\u0259l\u0259r s\u0131ras\u0131na daxil olacaq.<br \/>\n  <\/i>\n<\/p>\n<p>\n  <i><br \/>\n    Layih\u0259nin h\u0259yata ke\u00e7irilm\u0259si \u00fc\u00e7\u00fcn laz\u0131m olan investisiya 27 milyard manat (t\u0259xmin\u0259n 18 mlrd. dollar) olaraq d\u0259y\u0259rl\u0259ndirilir, bunun b\u00f6y\u00fck hiss\u0259si xarici borclar\u0131n pay\u0131na d\u00fc\u015f\u00fcr.<br \/>\n  <\/i><\/p>\n","protected":false},"excerpt":{"rendered":"<p>foto Turan \u0130A foto Turan \u0130A Dekabr\u0131n 6-da Az\u0259rbaycan prezidenti &#8230; <\/p>\n<p class=\"read-more-container\"><a title=\"\u018fliyev Administrasiyas\u0131 ke\u00e7mi\u015f v\u0259 g\u0259l\u0259c\u0259k aras\u0131nda\" class=\"read-more button\" href=\"https:\/\/www.meydan.tv\/az\/article\/eliyev-administrasiyasi-kecmis-ve-gelecek-arasinda\/#more-181192\" aria-label=\"Read more about \u018fliyev Administrasiyas\u0131 ke\u00e7mi\u015f v\u0259 g\u0259l\u0259c\u0259k aras\u0131nda\">Davam\u0131<\/a><\/p>\n","protected":false},"author":11,"featured_media":75256,"comment_status":"closed","ping_status":"open","sticky":false,"template":"","format":"standard","meta":{"_acf_changed":false,"_sitemap_exclude":false,"_sitemap_priority":"","_sitemap_frequency":"","footnotes":""},"categories":[51],"tags":[],"class_list":["post-181192","post","type-post","status-publish","format-standard","has-post-thumbnail","hentry","category-analitika","infinite-scroll-item","generate-columns","tablet-grid-50","mobile-grid-100","grid-parent","grid-33","no-featured-image-padding"],"acf":[],"yoast_head":"<!-- This site is optimized with the Yoast SEO plugin v27.5 - https:\/\/yoast.com\/product\/yoast-seo-wordpress\/ -->\n<title>\u018fliyev Administrasiyas\u0131 ke\u00e7mi\u015f v\u0259 g\u0259l\u0259c\u0259k aras\u0131nda - MEYDAN.TV<\/title>\n<meta name=\"robots\" content=\"index, follow, max-snippet:-1, max-image-preview:large, max-video-preview:-1\" \/>\n<link rel=\"canonical\" href=\"https:\/\/www.meydan.tv\/az\/article\/eliyev-administrasiyasi-kecmis-ve-gelecek-arasinda\/\" \/>\n<meta property=\"og:locale\" content=\"az_AZ\" \/>\n<meta property=\"og:type\" content=\"article\" \/>\n<meta property=\"og:title\" content=\"\u018fliyev Administrasiyas\u0131 ke\u00e7mi\u015f v\u0259 g\u0259l\u0259c\u0259k aras\u0131nda - MEYDAN.TV\" \/>\n<meta property=\"og:description\" content=\"foto Turan \u0130A foto Turan \u0130A Dekabr\u0131n 6-da Az\u0259rbaycan prezidenti ... Davam\u0131\" \/>\n<meta property=\"og:url\" content=\"https:\/\/www.meydan.tv\/az\/article\/eliyev-administrasiyasi-kecmis-ve-gelecek-arasinda\/\" \/>\n<meta property=\"og:site_name\" content=\"MEYDAN.TV\" \/>\n<meta property=\"article:published_time\" content=\"2016-12-13T22:49:08+00:00\" \/>\n<meta property=\"og:image\" content=\"https:\/\/www.meydan.tv\/wp-content\/uploads\/29123.jpg\" \/>\n\t<meta property=\"og:image:width\" content=\"548\" \/>\n\t<meta property=\"og:image:height\" content=\"400\" \/>\n\t<meta property=\"og:image:type\" content=\"image\/jpeg\" \/>\n<meta name=\"author\" content=\"user-manager\" \/>\n<meta name=\"twitter:card\" content=\"summary_large_image\" \/>\n<script type=\"application\/ld+json\" class=\"yoast-schema-graph\">{\"@context\":\"https:\\\/\\\/schema.org\",\"@graph\":[{\"@type\":\"Article\",\"@id\":\"https:\\\/\\\/www.meydan.tv\\\/az\\\/article\\\/eliyev-administrasiyasi-kecmis-ve-gelecek-arasinda\\\/#article\",\"isPartOf\":{\"@id\":\"https:\\\/\\\/www.meydan.tv\\\/az\\\/article\\\/eliyev-administrasiyasi-kecmis-ve-gelecek-arasinda\\\/\"},\"author\":{\"name\":\"user-manager\",\"@id\":\"https:\\\/\\\/www.meydan.tv\\\/az\\\/#\\\/schema\\\/person\\\/10d11eccf6da3662cf5fdab9806ea91a\"},\"headline\":\"\u018fliyev Administrasiyas\u0131 ke\u00e7mi\u015f v\u0259 g\u0259l\u0259c\u0259k aras\u0131nda\",\"datePublished\":\"2016-12-13T22:49:08+00:00\",\"mainEntityOfPage\":{\"@id\":\"https:\\\/\\\/www.meydan.tv\\\/az\\\/article\\\/eliyev-administrasiyasi-kecmis-ve-gelecek-arasinda\\\/\"},\"wordCount\":1245,\"publisher\":{\"@id\":\"https:\\\/\\\/www.meydan.tv\\\/az\\\/#organization\"},\"image\":{\"@id\":\"https:\\\/\\\/www.meydan.tv\\\/az\\\/article\\\/eliyev-administrasiyasi-kecmis-ve-gelecek-arasinda\\\/#primaryimage\"},\"thumbnailUrl\":\"https:\\\/\\\/www.meydan.tv\\\/wp-content\\\/uploads\\\/29123.jpg\",\"articleSection\":[\"Analitika\"],\"inLanguage\":\"az\"},{\"@type\":\"WebPage\",\"@id\":\"https:\\\/\\\/www.meydan.tv\\\/az\\\/article\\\/eliyev-administrasiyasi-kecmis-ve-gelecek-arasinda\\\/\",\"url\":\"https:\\\/\\\/www.meydan.tv\\\/az\\\/article\\\/eliyev-administrasiyasi-kecmis-ve-gelecek-arasinda\\\/\",\"name\":\"\u018fliyev Administrasiyas\u0131 ke\u00e7mi\u015f v\u0259 g\u0259l\u0259c\u0259k aras\u0131nda - MEYDAN.TV\",\"isPartOf\":{\"@id\":\"https:\\\/\\\/www.meydan.tv\\\/az\\\/#website\"},\"primaryImageOfPage\":{\"@id\":\"https:\\\/\\\/www.meydan.tv\\\/az\\\/article\\\/eliyev-administrasiyasi-kecmis-ve-gelecek-arasinda\\\/#primaryimage\"},\"image\":{\"@id\":\"https:\\\/\\\/www.meydan.tv\\\/az\\\/article\\\/eliyev-administrasiyasi-kecmis-ve-gelecek-arasinda\\\/#primaryimage\"},\"thumbnailUrl\":\"https:\\\/\\\/www.meydan.tv\\\/wp-content\\\/uploads\\\/29123.jpg\",\"datePublished\":\"2016-12-13T22:49:08+00:00\",\"breadcrumb\":{\"@id\":\"https:\\\/\\\/www.meydan.tv\\\/az\\\/article\\\/eliyev-administrasiyasi-kecmis-ve-gelecek-arasinda\\\/#breadcrumb\"},\"inLanguage\":\"az\",\"potentialAction\":[{\"@type\":\"ReadAction\",\"target\":[\"https:\\\/\\\/www.meydan.tv\\\/az\\\/article\\\/eliyev-administrasiyasi-kecmis-ve-gelecek-arasinda\\\/\"]}]},{\"@type\":\"ImageObject\",\"inLanguage\":\"az\",\"@id\":\"https:\\\/\\\/www.meydan.tv\\\/az\\\/article\\\/eliyev-administrasiyasi-kecmis-ve-gelecek-arasinda\\\/#primaryimage\",\"url\":\"https:\\\/\\\/www.meydan.tv\\\/wp-content\\\/uploads\\\/29123.jpg\",\"contentUrl\":\"https:\\\/\\\/www.meydan.tv\\\/wp-content\\\/uploads\\\/29123.jpg\",\"width\":548,\"height\":400,\"caption\":\"Source:\"},{\"@type\":\"BreadcrumbList\",\"@id\":\"https:\\\/\\\/www.meydan.tv\\\/az\\\/article\\\/eliyev-administrasiyasi-kecmis-ve-gelecek-arasinda\\\/#breadcrumb\",\"itemListElement\":[{\"@type\":\"ListItem\",\"position\":1,\"name\":\"Ana s\u0259hif\u0259\",\"item\":\"https:\\\/\\\/www.meydan.tv\\\/az\\\/\"},{\"@type\":\"ListItem\",\"position\":2,\"name\":\"Analitika\",\"item\":\"https:\\\/\\\/www.meydan.tv\\\/az\\\/section\\\/analitika\\\/\"},{\"@type\":\"ListItem\",\"position\":3,\"name\":\"\u018fliyev Administrasiyas\u0131 ke\u00e7mi\u015f v\u0259 g\u0259l\u0259c\u0259k aras\u0131nda\"}]},{\"@type\":\"WebSite\",\"@id\":\"https:\\\/\\\/www.meydan.tv\\\/az\\\/#website\",\"url\":\"https:\\\/\\\/www.meydan.tv\\\/az\\\/\",\"name\":\"MEYDAN.TV\",\"description\":\"Meydan TV Az\u0259rbaycan\u0131n media m\u0259kan\u0131ndak\u0131 alternativ s\u0259sidir\",\"publisher\":{\"@id\":\"https:\\\/\\\/www.meydan.tv\\\/az\\\/#organization\"},\"potentialAction\":[{\"@type\":\"SearchAction\",\"target\":{\"@type\":\"EntryPoint\",\"urlTemplate\":\"https:\\\/\\\/www.meydan.tv\\\/az\\\/?s={search_term_string}\"},\"query-input\":{\"@type\":\"PropertyValueSpecification\",\"valueRequired\":true,\"valueName\":\"search_term_string\"}}],\"inLanguage\":\"az\"},{\"@type\":\"Organization\",\"@id\":\"https:\\\/\\\/www.meydan.tv\\\/az\\\/#organization\",\"name\":\"Meydan TV\",\"url\":\"https:\\\/\\\/www.meydan.tv\\\/az\\\/\",\"logo\":{\"@type\":\"ImageObject\",\"inLanguage\":\"az\",\"@id\":\"https:\\\/\\\/www.meydan.tv\\\/az\\\/#\\\/schema\\\/logo\\\/image\\\/\",\"url\":\"https:\\\/\\\/www.meydan.tv\\\/wp-content\\\/uploads\\\/2021\\\/07\\\/meydan-logo.svg\",\"contentUrl\":\"https:\\\/\\\/www.meydan.tv\\\/wp-content\\\/uploads\\\/2021\\\/07\\\/meydan-logo.svg\",\"width\":195,\"height\":46,\"caption\":\"Meydan TV\"},\"image\":{\"@id\":\"https:\\\/\\\/www.meydan.tv\\\/az\\\/#\\\/schema\\\/logo\\\/image\\\/\"}},{\"@type\":\"Person\",\"@id\":\"https:\\\/\\\/www.meydan.tv\\\/az\\\/#\\\/schema\\\/person\\\/10d11eccf6da3662cf5fdab9806ea91a\",\"name\":\"user-manager\"}]}<\/script>\n<!-- \/ Yoast SEO plugin. -->","yoast_head_json":{"title":"\u018fliyev Administrasiyas\u0131 ke\u00e7mi\u015f v\u0259 g\u0259l\u0259c\u0259k aras\u0131nda - MEYDAN.TV","robots":{"index":"index","follow":"follow","max-snippet":"max-snippet:-1","max-image-preview":"max-image-preview:large","max-video-preview":"max-video-preview:-1"},"canonical":"https:\/\/www.meydan.tv\/az\/article\/eliyev-administrasiyasi-kecmis-ve-gelecek-arasinda\/","og_locale":"az_AZ","og_type":"article","og_title":"\u018fliyev Administrasiyas\u0131 ke\u00e7mi\u015f v\u0259 g\u0259l\u0259c\u0259k aras\u0131nda - MEYDAN.TV","og_description":"foto Turan \u0130A foto Turan \u0130A Dekabr\u0131n 6-da Az\u0259rbaycan prezidenti ... Davam\u0131","og_url":"https:\/\/www.meydan.tv\/az\/article\/eliyev-administrasiyasi-kecmis-ve-gelecek-arasinda\/","og_site_name":"MEYDAN.TV","article_published_time":"2016-12-13T22:49:08+00:00","og_image":[{"width":548,"height":400,"url":"https:\/\/www.meydan.tv\/wp-content\/uploads\/29123.jpg","type":"image\/jpeg"}],"author":"user-manager","twitter_card":"summary_large_image","schema":{"@context":"https:\/\/schema.org","@graph":[{"@type":"Article","@id":"https:\/\/www.meydan.tv\/az\/article\/eliyev-administrasiyasi-kecmis-ve-gelecek-arasinda\/#article","isPartOf":{"@id":"https:\/\/www.meydan.tv\/az\/article\/eliyev-administrasiyasi-kecmis-ve-gelecek-arasinda\/"},"author":{"name":"user-manager","@id":"https:\/\/www.meydan.tv\/az\/#\/schema\/person\/10d11eccf6da3662cf5fdab9806ea91a"},"headline":"\u018fliyev Administrasiyas\u0131 ke\u00e7mi\u015f v\u0259 g\u0259l\u0259c\u0259k aras\u0131nda","datePublished":"2016-12-13T22:49:08+00:00","mainEntityOfPage":{"@id":"https:\/\/www.meydan.tv\/az\/article\/eliyev-administrasiyasi-kecmis-ve-gelecek-arasinda\/"},"wordCount":1245,"publisher":{"@id":"https:\/\/www.meydan.tv\/az\/#organization"},"image":{"@id":"https:\/\/www.meydan.tv\/az\/article\/eliyev-administrasiyasi-kecmis-ve-gelecek-arasinda\/#primaryimage"},"thumbnailUrl":"https:\/\/www.meydan.tv\/wp-content\/uploads\/29123.jpg","articleSection":["Analitika"],"inLanguage":"az"},{"@type":"WebPage","@id":"https:\/\/www.meydan.tv\/az\/article\/eliyev-administrasiyasi-kecmis-ve-gelecek-arasinda\/","url":"https:\/\/www.meydan.tv\/az\/article\/eliyev-administrasiyasi-kecmis-ve-gelecek-arasinda\/","name":"\u018fliyev Administrasiyas\u0131 ke\u00e7mi\u015f v\u0259 g\u0259l\u0259c\u0259k aras\u0131nda - MEYDAN.TV","isPartOf":{"@id":"https:\/\/www.meydan.tv\/az\/#website"},"primaryImageOfPage":{"@id":"https:\/\/www.meydan.tv\/az\/article\/eliyev-administrasiyasi-kecmis-ve-gelecek-arasinda\/#primaryimage"},"image":{"@id":"https:\/\/www.meydan.tv\/az\/article\/eliyev-administrasiyasi-kecmis-ve-gelecek-arasinda\/#primaryimage"},"thumbnailUrl":"https:\/\/www.meydan.tv\/wp-content\/uploads\/29123.jpg","datePublished":"2016-12-13T22:49:08+00:00","breadcrumb":{"@id":"https:\/\/www.meydan.tv\/az\/article\/eliyev-administrasiyasi-kecmis-ve-gelecek-arasinda\/#breadcrumb"},"inLanguage":"az","potentialAction":[{"@type":"ReadAction","target":["https:\/\/www.meydan.tv\/az\/article\/eliyev-administrasiyasi-kecmis-ve-gelecek-arasinda\/"]}]},{"@type":"ImageObject","inLanguage":"az","@id":"https:\/\/www.meydan.tv\/az\/article\/eliyev-administrasiyasi-kecmis-ve-gelecek-arasinda\/#primaryimage","url":"https:\/\/www.meydan.tv\/wp-content\/uploads\/29123.jpg","contentUrl":"https:\/\/www.meydan.tv\/wp-content\/uploads\/29123.jpg","width":548,"height":400,"caption":"Source:"},{"@type":"BreadcrumbList","@id":"https:\/\/www.meydan.tv\/az\/article\/eliyev-administrasiyasi-kecmis-ve-gelecek-arasinda\/#breadcrumb","itemListElement":[{"@type":"ListItem","position":1,"name":"Ana s\u0259hif\u0259","item":"https:\/\/www.meydan.tv\/az\/"},{"@type":"ListItem","position":2,"name":"Analitika","item":"https:\/\/www.meydan.tv\/az\/section\/analitika\/"},{"@type":"ListItem","position":3,"name":"\u018fliyev Administrasiyas\u0131 ke\u00e7mi\u015f v\u0259 g\u0259l\u0259c\u0259k aras\u0131nda"}]},{"@type":"WebSite","@id":"https:\/\/www.meydan.tv\/az\/#website","url":"https:\/\/www.meydan.tv\/az\/","name":"MEYDAN.TV","description":"Meydan TV Az\u0259rbaycan\u0131n media m\u0259kan\u0131ndak\u0131 alternativ s\u0259sidir","publisher":{"@id":"https:\/\/www.meydan.tv\/az\/#organization"},"potentialAction":[{"@type":"SearchAction","target":{"@type":"EntryPoint","urlTemplate":"https:\/\/www.meydan.tv\/az\/?s={search_term_string}"},"query-input":{"@type":"PropertyValueSpecification","valueRequired":true,"valueName":"search_term_string"}}],"inLanguage":"az"},{"@type":"Organization","@id":"https:\/\/www.meydan.tv\/az\/#organization","name":"Meydan TV","url":"https:\/\/www.meydan.tv\/az\/","logo":{"@type":"ImageObject","inLanguage":"az","@id":"https:\/\/www.meydan.tv\/az\/#\/schema\/logo\/image\/","url":"https:\/\/www.meydan.tv\/wp-content\/uploads\/2021\/07\/meydan-logo.svg","contentUrl":"https:\/\/www.meydan.tv\/wp-content\/uploads\/2021\/07\/meydan-logo.svg","width":195,"height":46,"caption":"Meydan TV"},"image":{"@id":"https:\/\/www.meydan.tv\/az\/#\/schema\/logo\/image\/"}},{"@type":"Person","@id":"https:\/\/www.meydan.tv\/az\/#\/schema\/person\/10d11eccf6da3662cf5fdab9806ea91a","name":"user-manager"}]}},"_links":{"self":[{"href":"https:\/\/www.meydan.tv\/az\/wp-json\/wp\/v2\/posts\/181192","targetHints":{"allow":["GET"]}}],"collection":[{"href":"https:\/\/www.meydan.tv\/az\/wp-json\/wp\/v2\/posts"}],"about":[{"href":"https:\/\/www.meydan.tv\/az\/wp-json\/wp\/v2\/types\/post"}],"author":[{"embeddable":true,"href":"https:\/\/www.meydan.tv\/az\/wp-json\/wp\/v2\/users\/11"}],"replies":[{"embeddable":true,"href":"https:\/\/www.meydan.tv\/az\/wp-json\/wp\/v2\/comments?post=181192"}],"version-history":[{"count":0,"href":"https:\/\/www.meydan.tv\/az\/wp-json\/wp\/v2\/posts\/181192\/revisions"}],"wp:featuredmedia":[{"embeddable":true,"href":"https:\/\/www.meydan.tv\/az\/wp-json\/wp\/v2\/media\/75256"}],"wp:attachment":[{"href":"https:\/\/www.meydan.tv\/az\/wp-json\/wp\/v2\/media?parent=181192"}],"wp:term":[{"taxonomy":"category","embeddable":true,"href":"https:\/\/www.meydan.tv\/az\/wp-json\/wp\/v2\/categories?post=181192"},{"taxonomy":"post_tag","embeddable":true,"href":"https:\/\/www.meydan.tv\/az\/wp-json\/wp\/v2\/tags?post=181192"}],"curies":[{"name":"wp","href":"https:\/\/api.w.org\/{rel}","templated":true}]}}