{"id":181165,"date":"2016-12-13T09:24:29","date_gmt":"2016-12-13T09:24:29","guid":{"rendered":"https:\/\/www.meydan.tv\/article\/rovsen-agayev-serbest-uzen-mezenneye-nece-kecile-biler\/"},"modified":"2016-12-13T09:24:29","modified_gmt":"2016-12-13T09:24:29","slug":"rovsen-agayev-serbest-uzen-mezenneye-nece-kecile-biler","status":"publish","type":"post","link":"https:\/\/www.meydan.tv\/az\/article\/rovsen-agayev-serbest-uzen-mezenneye-nece-kecile-biler\/","title":{"rendered":"R\u00f6v\u015f\u0259n A\u011fayev: &#8221;S\u0259rb\u0259st \u00fcz\u0259n m\u0259z\u0259nn\u0259&#8221;y\u0259 nec\u0259 ke\u00e7il\u0259 bil\u0259r?"},"content":{"rendered":"<figure class=\"wp-block-image size-large\">\n  <img decoding=\"async\" src=\"https:\/\/www.meydan.tv\/az\/69412\/\" alt=\"\" class=\"wp-image-69412\"\/><figcaption><\/figcaption><\/figure>\n<p>\n  <i><br \/>\n    &#8221;Yax\u0131n 5 il d\u00f6vl\u0259t sektorunun intensiv v\u0259 b\u00f6y\u00fck h\u0259cmd\u0259 xarici borclara xidm\u0259t d\u00f6vr\u00fc olacaq&#8221;<br \/>\n  <\/i>\n<\/p>\n<p>\n  \u201c\u0130qtisadiyyat\u0131n\u0131n haz\u0131rk\u0131 strukturu, monetar siyas\u0259tin se\u00e7diyi yax\u0131n v\u0259 orta m\u00fcdd\u0259tli h\u0259d\u0259fl\u0259r, m\u00f6vcud maliyy\u0259 sistemi s\u0259rb\u0259st \u00fcz\u0259n m\u0259z\u0259nn\u0259y\u0259 ke\u00e7idi m\u00fcmk\u00fcns\u00fcz edir\u201d.\n<\/p>\n<p>\n  Bunu iqtisad\u00e7\u0131 R\u00f6v\u015f\u0259n A\u011fayev h\u00f6kum\u0259tin a\u00e7\u0131qlad\u0131\u011f\u0131 yol x\u0259rit\u0259sind\u0259 &#8220;s\u0259rb\u0259st \u00fcz\u0259n m\u0259z\u0259nn\u0259y\u0259 ke\u00e7il\u0259c\u0259k&#8221; m\u00f6vqeyini \u015f\u0259rh ed\u0259rk\u0259n deyib.\n<\/p>\n<p>\n  \u0130qtisad\u00e7\u0131 \u00f6z \u201cFacebook\u201d s\u0259hif\u0259sind\u0259 yaz\u0131r ki, iqtisadiyyat\u0131n haz\u0131rk\u0131 strukturu dedikd\u0259, \u0259sas\u0259n \u00f6lk\u0259nin qeyri-resurs ixracat potensial\u0131n\u0131n son d\u0259r\u0259c\u0259 m\u0259hdud olmas\u0131n\u0131, t\u0259diyy\u0259 balans\u0131n\u0131n \u00fcmumi saldosunda, el\u0259c\u0259 d\u0259 cari hesablar balans\u0131n\u0131n saldosunda yax\u0131n v\u0259 orta m\u00fcdd\u0259td\u0259 defisitin qalmas\u0131 riskinin y\u00fcks\u0259k olmas\u0131n\u0131 n\u0259z\u0259rd\u0259 tutur:\n<\/p>\n<p>\n  \u201c\u018flav\u0259 olaraq, s\u0259rb\u0259st \u00fcz\u0259n m\u0259z\u0259nn\u0259 liberal iqtisadi sistemin t\u0259rkib elementl\u0259rind\u0259n biridir. Az\u0259rbaycanda is\u0259 liberal iqtisadi sistem\u0259 alternativ, y\u00fcks\u0259k s\u0259viyy\u0259d\u0259 m\u0259rk\u0259zl\u0259\u015fmi\u015f d\u00f6vl\u0259t iqtisadiyyat\u0131n\u0131n dominant oldu\u011fu, kapital v\u0259 maliyy\u0259 ax\u0131nlar\u0131n\u0131n m\u0259hdudla\u015fd\u0131r\u0131ld\u0131\u011f\u0131 iqtisadi sistem h\u00f6km etm\u0259kd\u0259dir. Siyasi riskl\u0259rin y\u00fcks\u0259k olmas\u0131 yax\u0131n d\u00f6vrd\u0259 Az\u0259rbaycana kapital g\u0259li\u015fi ehtimal\u0131n\u0131 azald\u0131r \u2013 bu, bir vacib m\u0259qamd\u0131, \u00f6lk\u0259d\u0259n xroniki kapital qa\u00e7\u0131\u015f\u0131n\u0131 stimulla\u015fd\u0131r\u0131r &#8211; ba\u015fqa bir \u0259h\u0259miyy\u0259tli m\u0259qamd\u0131.\n<\/p>\n<p>\n  M\u00f6vcud maliyy\u0259 sisteminin v\u0259ziyy\u0259ti dedikd\u0259, yax\u0131n d\u00f6vrd\u0259 fiskal k\u0259sirin qalmas\u0131 riskinin y\u00fcks\u0259k olmas\u0131, milli valyutaya t\u0259l\u0259bi formala\u015fd\u0131ran alternativ bazarlar\u0131n (fond, kapital bazarlar\u0131, alternativ pensiya fondlar\u0131, investisiya fondlar\u0131 v\u0259 s.) olmamas\u0131n\u0131 n\u0259z\u0259rd\u0259 tuturam. \u018flav\u0259 olaraq, \u00f6lk\u0259d\u0259 valyutaya t\u0259l\u0259bi qar\u015f\u0131layan \u015f\u0259ffaf v\u0259 r\u0259qab\u0259tli bank sektorunun f\u0259aliyy\u0259t imkanlar\u0131 tam m\u0259hdudla\u015fd\u0131r\u0131l\u0131b.\n<\/p>\n<p>\n  Maliyy\u0259 sisteminin durumu il\u0259 ba\u011fl\u0131 daha bir \u0259lav\u0259: h\u00f6kum\u0259t sektorunun, d\u00f6vl\u0259t \u015firk\u0259tl\u0259rinin, bank sektorunun kifay\u0259t q\u0259d\u0259r iri h\u0259cmd\u0259 valyuta borclar\u0131 var. Qeyri-sabit valyuta m\u0259z\u0259nn\u0259l\u0259ri bu borclar\u0131n manat ekvivalentind\u0259 h\u0259dd\u0259n art\u0131q \u015fi\u015fm\u0259sin\u0259 s\u0259b\u0259b olur. Birc\u0259 fakt: Az\u0259rbaycan\u0131n m\u00fcst\u0259qillik tarixind\u0259 he\u00e7 vaxt b\u00fcdc\u0259sinin 10%-ni xarici borclar\u0131n qaytar\u0131lmas\u0131na x\u0259rcl\u0259m\u0259yib. Amma 2017-d\u0259 bu, ba\u015f ver\u0259c\u0259k. \u018fsas s\u0259b\u0259b manat\u0131n k\u0259skin d\u0259y\u0259r itirm\u0259sidir. Yax\u0131n 5 ild\u0259 is\u0259 d\u00f6vl\u0259t sektorunun intensiv v\u0259 b\u00f6y\u00fck h\u0259cmd\u0259 xarici borclara xidm\u0259t d\u00f6vr\u00fc olacaq\u201d.\n<\/p>\n<p>\n  R\u00f6v\u015f\u0259n A\u011fayev deyir ki, monetar sistemin se\u00e7diyi yax\u0131n v\u0259 orta m\u00fcdd\u0259tli h\u0259d\u0259fl\u0259r dedikd\u0259, inflyasiyan\u0131n cilovlanmas\u0131n\u0131n M\u0259rk\u0259zi Bank \u00fc\u00e7\u00fcn 1 n\u00f6mr\u0259li h\u0259yati h\u0259d\u0259f olmas\u0131n\u0131 n\u0259z\u0259rd\u0259 tutur:\n<\/p>\n<p>\n  \u201c\u018fn n\u0259hay\u0259t, &#8220;s\u0259rb\u0259st \u00fcz\u0259n m\u0259z\u0259nn\u0259 rejimi&#8221; M\u0259rk\u0259zi Bank\u0131n m\u00fcdaxil\u0259si olmadan m\u0259z\u0259nn\u0259nin bilavasit\u0259 bazarda t\u0259l\u0259b v\u0259 t\u0259klif \u0259sas\u0131nda formala\u015fmas\u0131n\u0131 n\u0259z\u0259rd\u0259 tutur. Az\u0259rbaycanda t\u0259l\u0259b tam h\u0259cmd\u0259 bazarda formala\u015f\u0131r &#8211; y\u0259ni xarici valyutaya t\u0259l\u0259b tam h\u0259cmd\u0259 bazar subyektl\u0259rinin ehtiyaclar\u0131ndan yaran\u0131r. B\u0259s t\u0259klifi nec\u0259, bazar formala\u015fd\u0131r\u0131rm\u0131? H\u00f6kum\u0259tin maliyy\u0259-b\u00fcdc\u0259 sistemi vasit\u0259sil\u0259 bazara daxil olan valyuta h\u0259cmini t\u0259klif k\u00fctl\u0259sind\u0259 n\u0259z\u0259r\u0259 almayan. \u00c7\u00fcnki onun h\u0259cmini bazar deyil, h\u00f6kum\u0259t administrativ q\u0259rarlarla t\u0259nziml\u0259yir. 2013-2017-ci ill\u0259rin timsal\u0131nda bunu a\u015fkar m\u00fc\u015fahid\u0259 etm\u0259k olur: 4 il \u0259vv\u0259l Neft Fondu vasit\u0259sil\u0259 iqtisadiyyata 15 mlrd. dollar burax\u0131l\u0131rd\u0131, 2016-c\u0131 ild\u0259 6.5 mlrd. dollara endi. 2017-d\u0259 is\u0259 c\u0259mi 4 mlrd. dollar proqnozla\u015fd\u0131r\u0131l\u0131r.\n<\/p>\n<p>\n  \u201cYol X\u0259rit\u0259si\u201dnd\u0259n ayd\u0131n olur ki, yax\u0131n 10 ild\u0259 Fondun v\u0259saitl\u0259rind\u0259n istifad\u0259 daha da m\u0259hdudla\u015fd\u0131r\u0131lacaq.\n<\/p>\n<p>\n  \u0130ndi \u0259sas sual budur: h\u00f6kum\u0259tin maliyy\u0259-b\u00fcdc\u0259 kanallar\u0131 vasit\u0259sil\u0259 bazara valyuta k\u00fctl\u0259sini tam m\u0259hdudla\u015fd\u0131rd\u0131\u011f\u0131 bir \u015f\u0259raitd\u0259 valyuta bazar\u0131n\u0131n a\u00e7\u0131\u011f\u0131n\u0131 \u00f6rtm\u0259y\u0259 potensial\u0131 olan, t\u0259klif formala\u015fd\u0131ran bazar potesial\u0131 yoxdursa, \u201cs\u0259rb\u0259st \u00fcz\u0259n m\u0259z\u0259nn\u0259\u201dy\u0259 nec\u0259 ke\u00e7il\u0259 bil\u0259r?\u201d<\/p>\n","protected":false},"excerpt":{"rendered":"<p>&#8221;Yax\u0131n 5 il d\u00f6vl\u0259t sektorunun intensiv v\u0259 b\u00f6y\u00fck h\u0259cmd\u0259 xarici borclara xidm\u0259t d\u00f6vr\u00fc olacaq&#8221;<\/p>\n","protected":false},"author":11,"featured_media":69412,"comment_status":"closed","ping_status":"open","sticky":false,"template":"","format":"standard","meta":{"_acf_changed":false,"_sitemap_exclude":false,"_sitemap_priority":"","_sitemap_frequency":"","footnotes":""},"categories":[51],"tags":[],"class_list":["post-181165","post","type-post","status-publish","format-standard","has-post-thumbnail","hentry","category-analitika","infinite-scroll-item","generate-columns","tablet-grid-50","mobile-grid-100","grid-parent","grid-33","no-featured-image-padding"],"acf":[],"yoast_head":"<!-- This site is optimized with the Yoast SEO plugin v27.5 - https:\/\/yoast.com\/product\/yoast-seo-wordpress\/ -->\n<title>R\u00f6v\u015f\u0259n A\u011fayev: &#039;&#039;S\u0259rb\u0259st \u00fcz\u0259n m\u0259z\u0259nn\u0259&#039;&#039;y\u0259 nec\u0259 ke\u00e7il\u0259 bil\u0259r? - MEYDAN.TV<\/title>\n<meta name=\"robots\" content=\"index, follow, max-snippet:-1, max-image-preview:large, max-video-preview:-1\" \/>\n<link rel=\"canonical\" href=\"https:\/\/www.meydan.tv\/az\/article\/rovsen-agayev-serbest-uzen-mezenneye-nece-kecile-biler\/\" \/>\n<meta property=\"og:locale\" content=\"az_AZ\" \/>\n<meta property=\"og:type\" content=\"article\" \/>\n<meta property=\"og:title\" content=\"R\u00f6v\u015f\u0259n A\u011fayev: &#039;&#039;S\u0259rb\u0259st \u00fcz\u0259n m\u0259z\u0259nn\u0259&#039;&#039;y\u0259 nec\u0259 ke\u00e7il\u0259 bil\u0259r? - MEYDAN.TV\" \/>\n<meta property=\"og:description\" content=\"&#039;&#039;Yax\u0131n 5 il d\u00f6vl\u0259t sektorunun intensiv v\u0259 b\u00f6y\u00fck h\u0259cmd\u0259 xarici borclara xidm\u0259t d\u00f6vr\u00fc olacaq&#039;&#039;\" \/>\n<meta property=\"og:url\" content=\"https:\/\/www.meydan.tv\/az\/article\/rovsen-agayev-serbest-uzen-mezenneye-nece-kecile-biler\/\" \/>\n<meta property=\"og:site_name\" content=\"MEYDAN.TV\" \/>\n<meta property=\"article:published_time\" content=\"2016-12-13T09:24:29+00:00\" \/>\n<meta property=\"og:image\" content=\"https:\/\/www.meydan.tv\/wp-content\/uploads\/26549.jpg\" \/>\n\t<meta property=\"og:image:width\" content=\"1280\" \/>\n\t<meta property=\"og:image:height\" content=\"720\" \/>\n\t<meta property=\"og:image:type\" content=\"image\/jpeg\" \/>\n<meta name=\"author\" content=\"user-manager\" \/>\n<meta name=\"twitter:card\" content=\"summary_large_image\" \/>\n<script type=\"application\/ld+json\" class=\"yoast-schema-graph\">{\"@context\":\"https:\\\/\\\/schema.org\",\"@graph\":[{\"@type\":\"Article\",\"@id\":\"https:\\\/\\\/www.meydan.tv\\\/az\\\/article\\\/rovsen-agayev-serbest-uzen-mezenneye-nece-kecile-biler\\\/#article\",\"isPartOf\":{\"@id\":\"https:\\\/\\\/www.meydan.tv\\\/az\\\/article\\\/rovsen-agayev-serbest-uzen-mezenneye-nece-kecile-biler\\\/\"},\"author\":{\"name\":\"user-manager\",\"@id\":\"https:\\\/\\\/www.meydan.tv\\\/az\\\/#\\\/schema\\\/person\\\/10d11eccf6da3662cf5fdab9806ea91a\"},\"headline\":\"R\u00f6v\u015f\u0259n A\u011fayev: &#8221;S\u0259rb\u0259st \u00fcz\u0259n m\u0259z\u0259nn\u0259&#8221;y\u0259 nec\u0259 ke\u00e7il\u0259 bil\u0259r?\",\"datePublished\":\"2016-12-13T09:24:29+00:00\",\"mainEntityOfPage\":{\"@id\":\"https:\\\/\\\/www.meydan.tv\\\/az\\\/article\\\/rovsen-agayev-serbest-uzen-mezenneye-nece-kecile-biler\\\/\"},\"wordCount\":788,\"publisher\":{\"@id\":\"https:\\\/\\\/www.meydan.tv\\\/az\\\/#organization\"},\"image\":{\"@id\":\"https:\\\/\\\/www.meydan.tv\\\/az\\\/article\\\/rovsen-agayev-serbest-uzen-mezenneye-nece-kecile-biler\\\/#primaryimage\"},\"thumbnailUrl\":\"https:\\\/\\\/www.meydan.tv\\\/wp-content\\\/uploads\\\/26549.jpg\",\"articleSection\":[\"Analitika\"],\"inLanguage\":\"az\"},{\"@type\":\"WebPage\",\"@id\":\"https:\\\/\\\/www.meydan.tv\\\/az\\\/article\\\/rovsen-agayev-serbest-uzen-mezenneye-nece-kecile-biler\\\/\",\"url\":\"https:\\\/\\\/www.meydan.tv\\\/az\\\/article\\\/rovsen-agayev-serbest-uzen-mezenneye-nece-kecile-biler\\\/\",\"name\":\"R\u00f6v\u015f\u0259n A\u011fayev: ''S\u0259rb\u0259st \u00fcz\u0259n m\u0259z\u0259nn\u0259''y\u0259 nec\u0259 ke\u00e7il\u0259 bil\u0259r? - MEYDAN.TV\",\"isPartOf\":{\"@id\":\"https:\\\/\\\/www.meydan.tv\\\/az\\\/#website\"},\"primaryImageOfPage\":{\"@id\":\"https:\\\/\\\/www.meydan.tv\\\/az\\\/article\\\/rovsen-agayev-serbest-uzen-mezenneye-nece-kecile-biler\\\/#primaryimage\"},\"image\":{\"@id\":\"https:\\\/\\\/www.meydan.tv\\\/az\\\/article\\\/rovsen-agayev-serbest-uzen-mezenneye-nece-kecile-biler\\\/#primaryimage\"},\"thumbnailUrl\":\"https:\\\/\\\/www.meydan.tv\\\/wp-content\\\/uploads\\\/26549.jpg\",\"datePublished\":\"2016-12-13T09:24:29+00:00\",\"breadcrumb\":{\"@id\":\"https:\\\/\\\/www.meydan.tv\\\/az\\\/article\\\/rovsen-agayev-serbest-uzen-mezenneye-nece-kecile-biler\\\/#breadcrumb\"},\"inLanguage\":\"az\",\"potentialAction\":[{\"@type\":\"ReadAction\",\"target\":[\"https:\\\/\\\/www.meydan.tv\\\/az\\\/article\\\/rovsen-agayev-serbest-uzen-mezenneye-nece-kecile-biler\\\/\"]}]},{\"@type\":\"ImageObject\",\"inLanguage\":\"az\",\"@id\":\"https:\\\/\\\/www.meydan.tv\\\/az\\\/article\\\/rovsen-agayev-serbest-uzen-mezenneye-nece-kecile-biler\\\/#primaryimage\",\"url\":\"https:\\\/\\\/www.meydan.tv\\\/wp-content\\\/uploads\\\/26549.jpg\",\"contentUrl\":\"https:\\\/\\\/www.meydan.tv\\\/wp-content\\\/uploads\\\/26549.jpg\",\"width\":1280,\"height\":720,\"caption\":\"Source:\"},{\"@type\":\"BreadcrumbList\",\"@id\":\"https:\\\/\\\/www.meydan.tv\\\/az\\\/article\\\/rovsen-agayev-serbest-uzen-mezenneye-nece-kecile-biler\\\/#breadcrumb\",\"itemListElement\":[{\"@type\":\"ListItem\",\"position\":1,\"name\":\"Ana s\u0259hif\u0259\",\"item\":\"https:\\\/\\\/www.meydan.tv\\\/az\\\/\"},{\"@type\":\"ListItem\",\"position\":2,\"name\":\"Analitika\",\"item\":\"https:\\\/\\\/www.meydan.tv\\\/az\\\/section\\\/analitika\\\/\"},{\"@type\":\"ListItem\",\"position\":3,\"name\":\"R\u00f6v\u015f\u0259n A\u011fayev: &#8221;S\u0259rb\u0259st \u00fcz\u0259n m\u0259z\u0259nn\u0259&#8221;y\u0259 nec\u0259 ke\u00e7il\u0259 bil\u0259r?\"}]},{\"@type\":\"WebSite\",\"@id\":\"https:\\\/\\\/www.meydan.tv\\\/az\\\/#website\",\"url\":\"https:\\\/\\\/www.meydan.tv\\\/az\\\/\",\"name\":\"MEYDAN.TV\",\"description\":\"Meydan TV Az\u0259rbaycan\u0131n media m\u0259kan\u0131ndak\u0131 alternativ s\u0259sidir\",\"publisher\":{\"@id\":\"https:\\\/\\\/www.meydan.tv\\\/az\\\/#organization\"},\"potentialAction\":[{\"@type\":\"SearchAction\",\"target\":{\"@type\":\"EntryPoint\",\"urlTemplate\":\"https:\\\/\\\/www.meydan.tv\\\/az\\\/?s={search_term_string}\"},\"query-input\":{\"@type\":\"PropertyValueSpecification\",\"valueRequired\":true,\"valueName\":\"search_term_string\"}}],\"inLanguage\":\"az\"},{\"@type\":\"Organization\",\"@id\":\"https:\\\/\\\/www.meydan.tv\\\/az\\\/#organization\",\"name\":\"Meydan TV\",\"url\":\"https:\\\/\\\/www.meydan.tv\\\/az\\\/\",\"logo\":{\"@type\":\"ImageObject\",\"inLanguage\":\"az\",\"@id\":\"https:\\\/\\\/www.meydan.tv\\\/az\\\/#\\\/schema\\\/logo\\\/image\\\/\",\"url\":\"https:\\\/\\\/www.meydan.tv\\\/wp-content\\\/uploads\\\/2021\\\/07\\\/meydan-logo.svg\",\"contentUrl\":\"https:\\\/\\\/www.meydan.tv\\\/wp-content\\\/uploads\\\/2021\\\/07\\\/meydan-logo.svg\",\"width\":195,\"height\":46,\"caption\":\"Meydan TV\"},\"image\":{\"@id\":\"https:\\\/\\\/www.meydan.tv\\\/az\\\/#\\\/schema\\\/logo\\\/image\\\/\"}},{\"@type\":\"Person\",\"@id\":\"https:\\\/\\\/www.meydan.tv\\\/az\\\/#\\\/schema\\\/person\\\/10d11eccf6da3662cf5fdab9806ea91a\",\"name\":\"user-manager\"}]}<\/script>\n<!-- \/ Yoast SEO plugin. -->","yoast_head_json":{"title":"R\u00f6v\u015f\u0259n A\u011fayev: ''S\u0259rb\u0259st \u00fcz\u0259n m\u0259z\u0259nn\u0259''y\u0259 nec\u0259 ke\u00e7il\u0259 bil\u0259r? - MEYDAN.TV","robots":{"index":"index","follow":"follow","max-snippet":"max-snippet:-1","max-image-preview":"max-image-preview:large","max-video-preview":"max-video-preview:-1"},"canonical":"https:\/\/www.meydan.tv\/az\/article\/rovsen-agayev-serbest-uzen-mezenneye-nece-kecile-biler\/","og_locale":"az_AZ","og_type":"article","og_title":"R\u00f6v\u015f\u0259n A\u011fayev: ''S\u0259rb\u0259st \u00fcz\u0259n m\u0259z\u0259nn\u0259''y\u0259 nec\u0259 ke\u00e7il\u0259 bil\u0259r? - MEYDAN.TV","og_description":"''Yax\u0131n 5 il d\u00f6vl\u0259t sektorunun intensiv v\u0259 b\u00f6y\u00fck h\u0259cmd\u0259 xarici borclara xidm\u0259t d\u00f6vr\u00fc olacaq''","og_url":"https:\/\/www.meydan.tv\/az\/article\/rovsen-agayev-serbest-uzen-mezenneye-nece-kecile-biler\/","og_site_name":"MEYDAN.TV","article_published_time":"2016-12-13T09:24:29+00:00","og_image":[{"width":1280,"height":720,"url":"https:\/\/www.meydan.tv\/wp-content\/uploads\/26549.jpg","type":"image\/jpeg"}],"author":"user-manager","twitter_card":"summary_large_image","schema":{"@context":"https:\/\/schema.org","@graph":[{"@type":"Article","@id":"https:\/\/www.meydan.tv\/az\/article\/rovsen-agayev-serbest-uzen-mezenneye-nece-kecile-biler\/#article","isPartOf":{"@id":"https:\/\/www.meydan.tv\/az\/article\/rovsen-agayev-serbest-uzen-mezenneye-nece-kecile-biler\/"},"author":{"name":"user-manager","@id":"https:\/\/www.meydan.tv\/az\/#\/schema\/person\/10d11eccf6da3662cf5fdab9806ea91a"},"headline":"R\u00f6v\u015f\u0259n A\u011fayev: &#8221;S\u0259rb\u0259st \u00fcz\u0259n m\u0259z\u0259nn\u0259&#8221;y\u0259 nec\u0259 ke\u00e7il\u0259 bil\u0259r?","datePublished":"2016-12-13T09:24:29+00:00","mainEntityOfPage":{"@id":"https:\/\/www.meydan.tv\/az\/article\/rovsen-agayev-serbest-uzen-mezenneye-nece-kecile-biler\/"},"wordCount":788,"publisher":{"@id":"https:\/\/www.meydan.tv\/az\/#organization"},"image":{"@id":"https:\/\/www.meydan.tv\/az\/article\/rovsen-agayev-serbest-uzen-mezenneye-nece-kecile-biler\/#primaryimage"},"thumbnailUrl":"https:\/\/www.meydan.tv\/wp-content\/uploads\/26549.jpg","articleSection":["Analitika"],"inLanguage":"az"},{"@type":"WebPage","@id":"https:\/\/www.meydan.tv\/az\/article\/rovsen-agayev-serbest-uzen-mezenneye-nece-kecile-biler\/","url":"https:\/\/www.meydan.tv\/az\/article\/rovsen-agayev-serbest-uzen-mezenneye-nece-kecile-biler\/","name":"R\u00f6v\u015f\u0259n A\u011fayev: ''S\u0259rb\u0259st \u00fcz\u0259n m\u0259z\u0259nn\u0259''y\u0259 nec\u0259 ke\u00e7il\u0259 bil\u0259r? - MEYDAN.TV","isPartOf":{"@id":"https:\/\/www.meydan.tv\/az\/#website"},"primaryImageOfPage":{"@id":"https:\/\/www.meydan.tv\/az\/article\/rovsen-agayev-serbest-uzen-mezenneye-nece-kecile-biler\/#primaryimage"},"image":{"@id":"https:\/\/www.meydan.tv\/az\/article\/rovsen-agayev-serbest-uzen-mezenneye-nece-kecile-biler\/#primaryimage"},"thumbnailUrl":"https:\/\/www.meydan.tv\/wp-content\/uploads\/26549.jpg","datePublished":"2016-12-13T09:24:29+00:00","breadcrumb":{"@id":"https:\/\/www.meydan.tv\/az\/article\/rovsen-agayev-serbest-uzen-mezenneye-nece-kecile-biler\/#breadcrumb"},"inLanguage":"az","potentialAction":[{"@type":"ReadAction","target":["https:\/\/www.meydan.tv\/az\/article\/rovsen-agayev-serbest-uzen-mezenneye-nece-kecile-biler\/"]}]},{"@type":"ImageObject","inLanguage":"az","@id":"https:\/\/www.meydan.tv\/az\/article\/rovsen-agayev-serbest-uzen-mezenneye-nece-kecile-biler\/#primaryimage","url":"https:\/\/www.meydan.tv\/wp-content\/uploads\/26549.jpg","contentUrl":"https:\/\/www.meydan.tv\/wp-content\/uploads\/26549.jpg","width":1280,"height":720,"caption":"Source:"},{"@type":"BreadcrumbList","@id":"https:\/\/www.meydan.tv\/az\/article\/rovsen-agayev-serbest-uzen-mezenneye-nece-kecile-biler\/#breadcrumb","itemListElement":[{"@type":"ListItem","position":1,"name":"Ana s\u0259hif\u0259","item":"https:\/\/www.meydan.tv\/az\/"},{"@type":"ListItem","position":2,"name":"Analitika","item":"https:\/\/www.meydan.tv\/az\/section\/analitika\/"},{"@type":"ListItem","position":3,"name":"R\u00f6v\u015f\u0259n A\u011fayev: &#8221;S\u0259rb\u0259st \u00fcz\u0259n m\u0259z\u0259nn\u0259&#8221;y\u0259 nec\u0259 ke\u00e7il\u0259 bil\u0259r?"}]},{"@type":"WebSite","@id":"https:\/\/www.meydan.tv\/az\/#website","url":"https:\/\/www.meydan.tv\/az\/","name":"MEYDAN.TV","description":"Meydan TV Az\u0259rbaycan\u0131n media m\u0259kan\u0131ndak\u0131 alternativ s\u0259sidir","publisher":{"@id":"https:\/\/www.meydan.tv\/az\/#organization"},"potentialAction":[{"@type":"SearchAction","target":{"@type":"EntryPoint","urlTemplate":"https:\/\/www.meydan.tv\/az\/?s={search_term_string}"},"query-input":{"@type":"PropertyValueSpecification","valueRequired":true,"valueName":"search_term_string"}}],"inLanguage":"az"},{"@type":"Organization","@id":"https:\/\/www.meydan.tv\/az\/#organization","name":"Meydan TV","url":"https:\/\/www.meydan.tv\/az\/","logo":{"@type":"ImageObject","inLanguage":"az","@id":"https:\/\/www.meydan.tv\/az\/#\/schema\/logo\/image\/","url":"https:\/\/www.meydan.tv\/wp-content\/uploads\/2021\/07\/meydan-logo.svg","contentUrl":"https:\/\/www.meydan.tv\/wp-content\/uploads\/2021\/07\/meydan-logo.svg","width":195,"height":46,"caption":"Meydan TV"},"image":{"@id":"https:\/\/www.meydan.tv\/az\/#\/schema\/logo\/image\/"}},{"@type":"Person","@id":"https:\/\/www.meydan.tv\/az\/#\/schema\/person\/10d11eccf6da3662cf5fdab9806ea91a","name":"user-manager"}]}},"_links":{"self":[{"href":"https:\/\/www.meydan.tv\/az\/wp-json\/wp\/v2\/posts\/181165","targetHints":{"allow":["GET"]}}],"collection":[{"href":"https:\/\/www.meydan.tv\/az\/wp-json\/wp\/v2\/posts"}],"about":[{"href":"https:\/\/www.meydan.tv\/az\/wp-json\/wp\/v2\/types\/post"}],"author":[{"embeddable":true,"href":"https:\/\/www.meydan.tv\/az\/wp-json\/wp\/v2\/users\/11"}],"replies":[{"embeddable":true,"href":"https:\/\/www.meydan.tv\/az\/wp-json\/wp\/v2\/comments?post=181165"}],"version-history":[{"count":0,"href":"https:\/\/www.meydan.tv\/az\/wp-json\/wp\/v2\/posts\/181165\/revisions"}],"wp:featuredmedia":[{"embeddable":true,"href":"https:\/\/www.meydan.tv\/az\/wp-json\/wp\/v2\/media\/69412"}],"wp:attachment":[{"href":"https:\/\/www.meydan.tv\/az\/wp-json\/wp\/v2\/media?parent=181165"}],"wp:term":[{"taxonomy":"category","embeddable":true,"href":"https:\/\/www.meydan.tv\/az\/wp-json\/wp\/v2\/categories?post=181165"},{"taxonomy":"post_tag","embeddable":true,"href":"https:\/\/www.meydan.tv\/az\/wp-json\/wp\/v2\/tags?post=181165"}],"curies":[{"name":"wp","href":"https:\/\/api.w.org\/{rel}","templated":true}]}}