{"id":181156,"date":"2016-12-12T16:34:00","date_gmt":"2016-12-12T16:34:00","guid":{"rendered":"https:\/\/www.meydan.tv\/article\/tam-uzen-mezenneye-kecid-mumkundurmu\/"},"modified":"2016-12-12T16:34:00","modified_gmt":"2016-12-12T16:34:00","slug":"tam-uzen-mezenneye-kecid-mumkundurmu","status":"publish","type":"post","link":"https:\/\/www.meydan.tv\/az\/article\/tam-uzen-mezenneye-kecid-mumkundurmu\/","title":{"rendered":"Tam \u00fcz\u0259n m\u0259z\u0259nn\u0259y\u0259 ke\u00e7id m\u00fcmk\u00fcnd\u00fcrm\u00fc?"},"content":{"rendered":"<figure class=\"wp-block-image size-large\">\n  <img decoding=\"async\" src=\"https:\/\/www.meydan.tv\/az\/72098\/\" alt=\"\" class=\"wp-image-72098\"\/><figcaption><\/figcaption><\/figure>\n<p>\n  Az\u0259rbaycan\u0131n milli iqtisadiyyat perspektivi \u00fczr\u0259 strateji yol x\u0259rit\u0259sinin q\u0259bulu il\u0259 \u00fcz\u0259n m\u0259z\u0259nn\u0259 m\u0259s\u0259l\u0259si yenid\u0259n g\u00fcnd\u0259m\u0259 g\u0259lib. S\u00f6hb\u0259t tam \u00fcz\u0259n m\u0259z\u0259nn\u0259d\u0259 gedir. \u00c7\u00fcnki s\u0259n\u0259dd\u0259 tam \u00fcz\u0259n m\u0259z\u0259nn\u0259 rejiminin t\u0259tbiqin\u0259 ke\u00e7id h\u0259d\u0259fl\u0259nib. S\u0259n\u0259dd\u0259 qeyd edilir ki, istehlak s\u0259b\u0259tind\u0259 idxal m\u0259hsullar\u0131n\u0131n pay\u0131n\u0131n azald\u0131lmas\u0131na nail olma s\u0259viyy\u0259sin\u0259 uy\u011fun \u015f\u0259kild\u0259 m\u0259z\u0259nn\u0259 \u00fc\u00e7\u00fcn faktiki t\u0259tbiq edil\u0259n d\u0259hliz geni\u015fl\u0259ndiril\u0259c\u0259k, ortam\u00fcdd\u0259tli d\u00f6vrd\u0259 is\u0259 tamamil\u0259 l\u0259\u011fv edil\u0259c\u0259k. Eyni zamanda, bazarda hedcinq v\u0259 m\u0259z\u0259nn\u0259 riskl\u0259rind\u0259n s\u0131\u011fortalanma\u011fa imkan ver\u0259n maliyy\u0259 al\u0259tl\u0259ri t\u0259tbiqi n\u0259z\u0259rd\u0259 tutulur.\n<\/p>\n<p>\n  H\u00f6kum\u0259tin \u00fcz\u0259n m\u0259z\u0259nn\u0259y\u0259 ke\u00e7m\u0259k ist\u0259yi ba\u015fa d\u00fc\u015f\u00fcl\u0259ndir v\u0259 g\u0259l\u0259c\u0259kd\u0259 maliyy\u0259 sabitliyinin \u0259sas qarantlar\u0131ndan biri ola bil\u0259r. Baxmayaraq M\u0259rk\u0259zi Bank dekabr\u0131n 21-d\u0259n sonra \u00fcz\u0259n m\u0259z\u0259nn\u0259y\u0259 ke\u00e7idi elan edib, prosesl\u0259r g\u00f6st\u0259rdi ki, ba\u015f bank\u0131m\u0131z yum\u015faq des\u0259k buna nail ola bilm\u0259yib. \u00c7\u00fcnki dollar\u0131n manata qar\u015f\u0131 m\u0259z\u0259nn\u0259sini t\u0259l\u0259b v\u0259 t\u0259klifin s\u0259viyy\u0259si yox, Neft Fondu v\u0259 M\u0259rk\u0259zi Bank\u0131n valyuta ehtiyatlar\u0131, eyni zamanda, ikincini inzibati m\u00fcdaxil\u0259l\u0259ri m\u00fc\u0259yy\u0259nl\u0259\u015fdirir. Bel\u0259 olmasayd\u0131 M\u0259rk\u0259zi Bank\u0131n valyuta ehtiyatlar\u0131 \u00fcz\u0259n m\u0259z\u0259nn\u0259y\u0259 ke\u00e7idd\u0259n sonra 5 milyarddan 4 milyarda q\u0259d\u0259r azalmazd\u0131. \u00dcz\u0259n m\u0259z\u0259nn\u0259y\u0259 ke\u00e7dikd\u0259n sonra M\u0259rk\u0259zi Bank bazara 1 milyarddan \u00e7ox dollar sat\u0131b. Sonuncu d\u0259f\u0259 sentyabrda 100 milyon dollar sat\u0131b. Neft Fondunun 2016-c\u0131 ild\u0259 sat\u0131\u015f\u0131 is\u0259 4,6 milyard dollardan \u00e7ox olub.\n<\/p>\n<p>\n  \u0130ndi \u0259sas sual budur: tam \u00fcz\u0259n m\u0259z\u0259nn\u0259y\u0259 ke\u00e7id m\u00fcmk\u00fcnd\u00fcrm\u00fc v\u0259 bu halda manat\u0131n dollar qar\u015f\u0131s\u0131nda m\u0259z\u0259nn\u0259si nec\u0259 olacaq?\n<\/p>\n<p>\n  \u018fvv\u0259ll\u0259r oldu\u011fu kimi bir daha fikrimd\u0259 qal\u0131ram ki yax\u0131n d\u00f6vrd\u0259 Az\u0259rbaycanda tam \u00fcz\u0259n m\u0259z\u0259nn\u0259y\u0259 ke\u00e7id m\u00fcmk\u00fcn deyil. Az\u0259rbaycan iqtisadiyyat\u0131n\u0131n m\u00f6vcud durumu \u00f6lk\u0259ni neftd\u0259n k\u0259nar dollarla t\u0259min ed\u0259c\u0259k durumda deyil. \u00d6lk\u0259y\u0259 \u0259sas\u0259n 3 m\u0259nb\u0259d\u0259n valyuta g\u0259lir. Neft Fondu, M\u0259rk\u0259zi Bank v\u0259 SOCAR. Neft Fondu valyuta bazar\u0131na ayda 300-400 milyon dollar (b\u0259zi hallarda daha \u00e7ox) t\u00f6hf\u0259 verir. SOCAR n\u0259inki \u0259ld\u0259 etdiyi dollar\u0131 bazara y\u00f6n\u0259ltmir, h\u0259tta bazardan dollar al\u0131\u015f\u0131 (istiqraz v\u0259 xarici borc \u00f6hd\u0259likl\u0259ri) h\u0259yata ke\u00e7irir. M\u0259rk\u0259zi Bank is\u0259 valyuta ehtiyatlar\u0131 k\u0259skin azald\u0131qdan sonra (haz\u0131rda 2008-ci il s\u0259viyy\u0259sind\u0259dir) bazarda \u201coyun\u00e7u\u201d funksiyas\u0131n\u0131 h\u0259rrac t\u0259\u015fkilat\u00e7\u0131s\u0131 funksiyas\u0131 il\u0259 d\u0259yi\u015fib. Dig\u0259r m\u0259nb\u0259l\u0259r valyuta bazar\u0131na t\u0259sir etm\u0259k iqtidar\u0131nda deyil. \u00d6lk\u0259d\u0259 dollar \u0259man\u0259tl\u0259rinin ucuz olmas\u0131 banklar\u0131 xaricd\u0259n resurs c\u0259lb etm\u0259y\u0259 maraql\u0131 etmir. Dem\u0259li, \u00f6lk\u0259nin valyuta bazar\u0131 haz\u0131rda ancaq Neft Fondundan as\u0131l\u0131d\u0131r. Hesablamalar\u0131m\u0131za g\u00f6r\u0259, ayl\u0131q valyuta k\u0259sirimiz t\u0259xmin\u0259n 300-400 milyon dollar aral\u0131\u011f\u0131nda d\u0259yi\u015fir. H\u0259min k\u0259siri \u00f6rtm\u0259k \u00fc\u00e7\u00fcn ya devalvasiya gedilm\u0259lidir, ya Neft Fondu sat\u0131\u015f\u0131 art\u0131rmal\u0131d\u0131r, ya da ixrac\u0131 art\u0131rmal\u0131y\u0131q (idxal\u0131 azaltmal\u0131y\u0131q). Bu ona b\u0259nz\u0259yir ki, \u00fcr\u0259yi qanla t\u0259min ed\u0259n damarlar\u0131n biri tam, dig\u0259ri natamam i\u015fl\u0259yir, dig\u0259rl\u0259ri is\u0259 tam tutulub.\n<\/p>\n<p>\n  Az\u0259rbaycan kimi Rusiya v\u0259 Qazax\u0131stan da \u00fcz\u0259n m\u0259z\u0259nn\u0259y\u0259 ke\u00e7ib. Az\u0259rbaycanla m\u00fcqayis\u0259d\u0259 dig\u0259r iki \u00f6lk\u0259nin iqtisadiyyat\u0131nda diversifikasiya s\u0259viyy\u0259si yax\u015f\u0131d\u0131r. Bizd\u0259 qeyri-neftin ixracda pay\u0131 5-10 faiz aras\u0131nda d\u0259yi\u015fdiyi halda Qazax\u0131standa 30 faiz, Rusiyada is\u0259 40-50 faiz aras\u0131nda d\u0259yi\u015fir. Rusiya M\u0259rk\u0259zi Bank\u0131 \u00fcz\u0259n m\u0259z\u0259nn\u0259y\u0259 2014-c\u00fc ilin noyabr\u0131nda ke\u00e7ib v\u0259 son intervensiyan\u0131 h\u0259min ilin dekabr\u0131nda edib. Qazax\u0131standa 2015-ci ilin avqustunda ke\u00e7ilib v\u0259 intervensiyan\u0131 h\u0259l\u0259 d\u0259 d\u00f6vri olaraq davam etdirir. Y\u0259ni iqtisadiyyat\u0131n neftd\u0259n as\u0131l\u0131l\u0131q s\u0259viyy\u0259si y\u00fcks\u0259k olduqca m\u0259z\u0259nn\u0259nin d\u0259 s\u0259rb\u0259st burax\u0131lmas\u0131 m\u0259s\u0259l\u0259si \u00e7\u0259tinl\u0259\u015fir. Ona g\u00f6r\u0259 d\u0259, Az\u0259rbaycanda \u00f6lk\u0259ni dollarla t\u0259min ed\u0259c\u0259k kanallar qurulmay\u0131nca v\u0259 ya g\u00fcc\u00fc art\u0131r\u0131lmay\u0131nca tam \u00fcz\u0259n m\u0259z\u0259nn\u0259y\u0259 ke\u00e7id m\u00fcmk\u00fcn olmayacaq. Bunun \u00fc\u00e7\u00fcn d\u0259 fundamental add\u0131mlar at\u0131lmal\u0131d\u0131r. Struktur islahatlar\u0131ndan tutmu\u015f d\u00f6vl\u0259tin iqtisadiyyatda rolunun azald\u0131lmas\u0131, m\u00fclkiyy\u0259t h\u00fcququnun qorunmas\u0131ndan tutmu\u015f m\u0259hk\u0259m\u0259l\u0259rin m\u00fcst\u0259qilliyinin t\u0259min edilm\u0259si kimi m\u0259s\u0259l\u0259l\u0259r h\u0259llini tapmal\u0131d\u0131r.\n<\/p>\n<p>\n  Bu g\u00fcn hiss olunur ki, h\u00f6kum\u0259tin \u0259sas fikri daxili istehsal\u0131n art\u0131m\u0131 hesab\u0131na idxal\u0131 m\u0259hdudla\u015fd\u0131rmaqd\u0131r. Bu, \u0259lb\u0259tt\u0259 kapital ax\u0131n\u0131n azald\u0131lmas\u0131 v\u0259 daxili bazar\u0131n xaricd\u0259n as\u0131l\u0131l\u0131\u011f\u0131n\u0131n azald\u0131mas\u0131 bax\u0131m\u0131ndan yax\u015f\u0131 fikirdir. Ancaq n\u0259z\u0259r\u0259 almaq laz\u0131md\u0131r ki, Az\u0259rbaycan kimi ki\u00e7ik bazarlara malik \u00f6lk\u0259l\u0259rd\u0259 idxal\u0131 \u0259v\u0259zl\u0259m\u0259 siyas\u0259ti m\u00fc\u0259yy\u0259n h\u0259dd\u0259 q\u0259d\u0259r s\u0259m\u0259r\u0259 verir. Ona g\u00f6r\u0259 d\u0259, bizim yolumuz daha \u00e7ox ixrac\u0131 g\u00fccl\u0259ndirm\u0259k olmal\u0131d\u0131r. Bunun \u00fc\u00e7\u00fcn keyfiyy\u0259t v\u0259 qiym\u0259t amili n\u0259z\u0259rd\u0259n qa\u00e7\u0131r\u0131lmamal\u0131d\u0131r.\n<\/p>\n<p>\n  Tam \u00fcz\u0259n m\u0259z\u0259nn\u0259y\u0259 ke\u00e7idin narahat\u00e7\u0131l\u0131\u011f\u0131 t\u0259kc\u0259 manat\u0131n ucuzla\u015fmas\u0131 il\u0259 ba\u011fl\u0131 deyil. \u00dcz\u0259n m\u0259z\u0259nn\u0259 h\u0259m d\u0259 manat\u0131n m\u0259z\u0259nn\u0259sinin qeyri-sabit olmas\u0131 dem\u0259kdir. \u00d6lk\u0259 iqtisadiyyat\u0131n\u0131n diversifiksiya s\u0259viyy\u0259si n\u0259 q\u0259d\u0259r a\u015fa\u011f\u0131 olsa, manat\u0131n m\u0259z\u0259nn\u0259sinin oynamas\u0131 bir o q\u0259d\u0259r k\u0259skin olacaq. Bu is\u0259 biznes \u00fc\u00e7\u00fcn t\u0259hl\u00fck\u0259, \u0259hali \u00fc\u00e7\u00fcn sosial g\u0259rginlik yarada bil\u0259r.\n<\/p>\n<p>\n  Tam \u00fcz\u0259n m\u0259z\u0259nn\u0259y\u0259 ke\u00e7id zaman\u0131 manat\u0131n m\u0259z\u0259nn\u0259sinin n\u0259 q\u0259d\u0259r olmas\u0131 il\u0259 ba\u011fl\u0131 suallara g\u0259linc\u0259, onu dey\u0259 bil\u0259r\u0259m ki, bu sah\u0259d\u0259 s\u0259sl\u0259ndiril\u0259n ist\u0259nil\u0259n r\u0259q\u0259m \u0259sasland\u0131r\u0131lmas\u0131 m\u00fcmk\u00fcn olmamaqla yana\u015f\u0131, reall\u0131qdan uzaqd\u0131r. Tam \u00fcz\u0259n m\u0259z\u0259nn\u0259y\u0259 ke\u00e7\u0259n zaman manat\u0131n hans\u0131 h\u0259dd\u0259 q\u0259d\u0259r ucuzla\u015faca\u011f\u0131n\u0131 dem\u0259k \u00e7ox \u00e7\u0259tindir. Bu, hans\u0131sa futbol oyununda qap\u0131lara n\u0259 q\u0259d\u0259r top vurulaca\u011f\u0131 il\u0259 ba\u011fl\u0131 yox, n\u0259 q\u0259d\u0259r aut v\u0259 k\u00fcnc z\u0259rb\u0259si olaca\u011f\u0131 il\u0259 ba\u011fl\u0131 verilmi\u015f proqnoza b\u0259nz\u0259yir. \u00c7\u00fcnki burada t\u0259kc\u0259 t\u0259diyy\u0259 balans\u0131n\u0131n m\u00f6vcud durumu rol oynam\u0131r. \u018fhalinin psixoloji v\u0259ziyy\u0259ti, iqtisadiyyat\u0131n dollarla\u015fma s\u0259viyy\u0259si, h\u00f6kum\u0259tin davran\u0131\u015f\u0131, kapital ax\u0131n\u0131n\u0131n s\u0259viyy\u0259si d\u0259 t\u0259sir edir. Birc\u0259 m\u0259s\u0259l\u0259 ayd\u0131nd\u0131r ki, tam \u00fcz\u0259n m\u0259z\u0259nn\u0259y\u0259 ke\u00e7id n\u00f6vb\u0259ti k\u0259skin devalvasiya il\u0259 yana\u015f\u0131 manat\u0131 ucuzla\u015fd\u0131racaq. Bu ucuzla\u015fman\u0131n hans\u0131 h\u0259dd\u0259 q\u0259d\u0259r olaca\u011f\u0131n\u0131 is\u0259 zaman g\u00f6st\u0259r\u0259c\u0259k.<\/p>\n","protected":false},"excerpt":{"rendered":"<p>Az\u0259rbaycan\u0131n milli iqtisadiyyat perspektivi \u00fczr\u0259 strateji yol x\u0259rit\u0259sinin q\u0259bulu il\u0259 &#8230; <\/p>\n<p class=\"read-more-container\"><a title=\"Tam \u00fcz\u0259n m\u0259z\u0259nn\u0259y\u0259 ke\u00e7id m\u00fcmk\u00fcnd\u00fcrm\u00fc?\" class=\"read-more button\" href=\"https:\/\/www.meydan.tv\/az\/article\/tam-uzen-mezenneye-kecid-mumkundurmu\/#more-181156\" aria-label=\"Read more about Tam \u00fcz\u0259n m\u0259z\u0259nn\u0259y\u0259 ke\u00e7id m\u00fcmk\u00fcnd\u00fcrm\u00fc?\">Davam\u0131<\/a><\/p>\n","protected":false},"author":11,"featured_media":72098,"comment_status":"closed","ping_status":"open","sticky":false,"template":"","format":"standard","meta":{"_acf_changed":false,"_sitemap_exclude":false,"_sitemap_priority":"","_sitemap_frequency":"","footnotes":""},"categories":[51],"tags":[],"class_list":["post-181156","post","type-post","status-publish","format-standard","has-post-thumbnail","hentry","category-analitika","infinite-scroll-item","generate-columns","tablet-grid-50","mobile-grid-100","grid-parent","grid-33","no-featured-image-padding"],"acf":[],"yoast_head":"<!-- This site is optimized with the Yoast SEO plugin v27.5 - https:\/\/yoast.com\/product\/yoast-seo-wordpress\/ -->\n<title>Tam \u00fcz\u0259n m\u0259z\u0259nn\u0259y\u0259 ke\u00e7id m\u00fcmk\u00fcnd\u00fcrm\u00fc? - MEYDAN.TV<\/title>\n<meta name=\"robots\" content=\"index, follow, max-snippet:-1, max-image-preview:large, max-video-preview:-1\" \/>\n<link rel=\"canonical\" href=\"https:\/\/www.meydan.tv\/az\/article\/tam-uzen-mezenneye-kecid-mumkundurmu\/\" \/>\n<meta property=\"og:locale\" content=\"az_AZ\" \/>\n<meta property=\"og:type\" content=\"article\" \/>\n<meta property=\"og:title\" content=\"Tam \u00fcz\u0259n m\u0259z\u0259nn\u0259y\u0259 ke\u00e7id m\u00fcmk\u00fcnd\u00fcrm\u00fc? - MEYDAN.TV\" \/>\n<meta property=\"og:description\" content=\"Az\u0259rbaycan\u0131n milli iqtisadiyyat perspektivi \u00fczr\u0259 strateji yol x\u0259rit\u0259sinin q\u0259bulu il\u0259 ... Davam\u0131\" \/>\n<meta property=\"og:url\" content=\"https:\/\/www.meydan.tv\/az\/article\/tam-uzen-mezenneye-kecid-mumkundurmu\/\" \/>\n<meta property=\"og:site_name\" content=\"MEYDAN.TV\" \/>\n<meta property=\"article:published_time\" content=\"2016-12-12T16:34:00+00:00\" \/>\n<meta property=\"og:image\" content=\"https:\/\/www.meydan.tv\/wp-content\/uploads\/27649.jpg\" \/>\n\t<meta property=\"og:image:width\" content=\"688\" \/>\n\t<meta property=\"og:image:height\" content=\"500\" \/>\n\t<meta property=\"og:image:type\" content=\"image\/jpeg\" \/>\n<meta name=\"author\" content=\"user-manager\" \/>\n<meta name=\"twitter:card\" content=\"summary_large_image\" \/>\n<script type=\"application\/ld+json\" class=\"yoast-schema-graph\">{\"@context\":\"https:\\\/\\\/schema.org\",\"@graph\":[{\"@type\":\"Article\",\"@id\":\"https:\\\/\\\/www.meydan.tv\\\/az\\\/article\\\/tam-uzen-mezenneye-kecid-mumkundurmu\\\/#article\",\"isPartOf\":{\"@id\":\"https:\\\/\\\/www.meydan.tv\\\/az\\\/article\\\/tam-uzen-mezenneye-kecid-mumkundurmu\\\/\"},\"author\":{\"name\":\"user-manager\",\"@id\":\"https:\\\/\\\/www.meydan.tv\\\/az\\\/#\\\/schema\\\/person\\\/10d11eccf6da3662cf5fdab9806ea91a\"},\"headline\":\"Tam \u00fcz\u0259n m\u0259z\u0259nn\u0259y\u0259 ke\u00e7id m\u00fcmk\u00fcnd\u00fcrm\u00fc?\",\"datePublished\":\"2016-12-12T16:34:00+00:00\",\"mainEntityOfPage\":{\"@id\":\"https:\\\/\\\/www.meydan.tv\\\/az\\\/article\\\/tam-uzen-mezenneye-kecid-mumkundurmu\\\/\"},\"wordCount\":1286,\"publisher\":{\"@id\":\"https:\\\/\\\/www.meydan.tv\\\/az\\\/#organization\"},\"image\":{\"@id\":\"https:\\\/\\\/www.meydan.tv\\\/az\\\/article\\\/tam-uzen-mezenneye-kecid-mumkundurmu\\\/#primaryimage\"},\"thumbnailUrl\":\"https:\\\/\\\/www.meydan.tv\\\/wp-content\\\/uploads\\\/27649.jpg\",\"articleSection\":[\"Analitika\"],\"inLanguage\":\"az\"},{\"@type\":\"WebPage\",\"@id\":\"https:\\\/\\\/www.meydan.tv\\\/az\\\/article\\\/tam-uzen-mezenneye-kecid-mumkundurmu\\\/\",\"url\":\"https:\\\/\\\/www.meydan.tv\\\/az\\\/article\\\/tam-uzen-mezenneye-kecid-mumkundurmu\\\/\",\"name\":\"Tam \u00fcz\u0259n m\u0259z\u0259nn\u0259y\u0259 ke\u00e7id m\u00fcmk\u00fcnd\u00fcrm\u00fc? - MEYDAN.TV\",\"isPartOf\":{\"@id\":\"https:\\\/\\\/www.meydan.tv\\\/az\\\/#website\"},\"primaryImageOfPage\":{\"@id\":\"https:\\\/\\\/www.meydan.tv\\\/az\\\/article\\\/tam-uzen-mezenneye-kecid-mumkundurmu\\\/#primaryimage\"},\"image\":{\"@id\":\"https:\\\/\\\/www.meydan.tv\\\/az\\\/article\\\/tam-uzen-mezenneye-kecid-mumkundurmu\\\/#primaryimage\"},\"thumbnailUrl\":\"https:\\\/\\\/www.meydan.tv\\\/wp-content\\\/uploads\\\/27649.jpg\",\"datePublished\":\"2016-12-12T16:34:00+00:00\",\"breadcrumb\":{\"@id\":\"https:\\\/\\\/www.meydan.tv\\\/az\\\/article\\\/tam-uzen-mezenneye-kecid-mumkundurmu\\\/#breadcrumb\"},\"inLanguage\":\"az\",\"potentialAction\":[{\"@type\":\"ReadAction\",\"target\":[\"https:\\\/\\\/www.meydan.tv\\\/az\\\/article\\\/tam-uzen-mezenneye-kecid-mumkundurmu\\\/\"]}]},{\"@type\":\"ImageObject\",\"inLanguage\":\"az\",\"@id\":\"https:\\\/\\\/www.meydan.tv\\\/az\\\/article\\\/tam-uzen-mezenneye-kecid-mumkundurmu\\\/#primaryimage\",\"url\":\"https:\\\/\\\/www.meydan.tv\\\/wp-content\\\/uploads\\\/27649.jpg\",\"contentUrl\":\"https:\\\/\\\/www.meydan.tv\\\/wp-content\\\/uploads\\\/27649.jpg\",\"width\":688,\"height\":500,\"caption\":\"Source:\"},{\"@type\":\"BreadcrumbList\",\"@id\":\"https:\\\/\\\/www.meydan.tv\\\/az\\\/article\\\/tam-uzen-mezenneye-kecid-mumkundurmu\\\/#breadcrumb\",\"itemListElement\":[{\"@type\":\"ListItem\",\"position\":1,\"name\":\"Ana s\u0259hif\u0259\",\"item\":\"https:\\\/\\\/www.meydan.tv\\\/az\\\/\"},{\"@type\":\"ListItem\",\"position\":2,\"name\":\"Analitika\",\"item\":\"https:\\\/\\\/www.meydan.tv\\\/az\\\/section\\\/analitika\\\/\"},{\"@type\":\"ListItem\",\"position\":3,\"name\":\"Tam \u00fcz\u0259n m\u0259z\u0259nn\u0259y\u0259 ke\u00e7id m\u00fcmk\u00fcnd\u00fcrm\u00fc?\"}]},{\"@type\":\"WebSite\",\"@id\":\"https:\\\/\\\/www.meydan.tv\\\/az\\\/#website\",\"url\":\"https:\\\/\\\/www.meydan.tv\\\/az\\\/\",\"name\":\"MEYDAN.TV\",\"description\":\"Meydan TV Az\u0259rbaycan\u0131n media m\u0259kan\u0131ndak\u0131 alternativ s\u0259sidir\",\"publisher\":{\"@id\":\"https:\\\/\\\/www.meydan.tv\\\/az\\\/#organization\"},\"potentialAction\":[{\"@type\":\"SearchAction\",\"target\":{\"@type\":\"EntryPoint\",\"urlTemplate\":\"https:\\\/\\\/www.meydan.tv\\\/az\\\/?s={search_term_string}\"},\"query-input\":{\"@type\":\"PropertyValueSpecification\",\"valueRequired\":true,\"valueName\":\"search_term_string\"}}],\"inLanguage\":\"az\"},{\"@type\":\"Organization\",\"@id\":\"https:\\\/\\\/www.meydan.tv\\\/az\\\/#organization\",\"name\":\"Meydan TV\",\"url\":\"https:\\\/\\\/www.meydan.tv\\\/az\\\/\",\"logo\":{\"@type\":\"ImageObject\",\"inLanguage\":\"az\",\"@id\":\"https:\\\/\\\/www.meydan.tv\\\/az\\\/#\\\/schema\\\/logo\\\/image\\\/\",\"url\":\"https:\\\/\\\/www.meydan.tv\\\/wp-content\\\/uploads\\\/2021\\\/07\\\/meydan-logo.svg\",\"contentUrl\":\"https:\\\/\\\/www.meydan.tv\\\/wp-content\\\/uploads\\\/2021\\\/07\\\/meydan-logo.svg\",\"width\":195,\"height\":46,\"caption\":\"Meydan TV\"},\"image\":{\"@id\":\"https:\\\/\\\/www.meydan.tv\\\/az\\\/#\\\/schema\\\/logo\\\/image\\\/\"}},{\"@type\":\"Person\",\"@id\":\"https:\\\/\\\/www.meydan.tv\\\/az\\\/#\\\/schema\\\/person\\\/10d11eccf6da3662cf5fdab9806ea91a\",\"name\":\"user-manager\"}]}<\/script>\n<!-- \/ Yoast SEO plugin. -->","yoast_head_json":{"title":"Tam \u00fcz\u0259n m\u0259z\u0259nn\u0259y\u0259 ke\u00e7id m\u00fcmk\u00fcnd\u00fcrm\u00fc? - MEYDAN.TV","robots":{"index":"index","follow":"follow","max-snippet":"max-snippet:-1","max-image-preview":"max-image-preview:large","max-video-preview":"max-video-preview:-1"},"canonical":"https:\/\/www.meydan.tv\/az\/article\/tam-uzen-mezenneye-kecid-mumkundurmu\/","og_locale":"az_AZ","og_type":"article","og_title":"Tam \u00fcz\u0259n m\u0259z\u0259nn\u0259y\u0259 ke\u00e7id m\u00fcmk\u00fcnd\u00fcrm\u00fc? - MEYDAN.TV","og_description":"Az\u0259rbaycan\u0131n milli iqtisadiyyat perspektivi \u00fczr\u0259 strateji yol x\u0259rit\u0259sinin q\u0259bulu il\u0259 ... Davam\u0131","og_url":"https:\/\/www.meydan.tv\/az\/article\/tam-uzen-mezenneye-kecid-mumkundurmu\/","og_site_name":"MEYDAN.TV","article_published_time":"2016-12-12T16:34:00+00:00","og_image":[{"width":688,"height":500,"url":"https:\/\/www.meydan.tv\/wp-content\/uploads\/27649.jpg","type":"image\/jpeg"}],"author":"user-manager","twitter_card":"summary_large_image","schema":{"@context":"https:\/\/schema.org","@graph":[{"@type":"Article","@id":"https:\/\/www.meydan.tv\/az\/article\/tam-uzen-mezenneye-kecid-mumkundurmu\/#article","isPartOf":{"@id":"https:\/\/www.meydan.tv\/az\/article\/tam-uzen-mezenneye-kecid-mumkundurmu\/"},"author":{"name":"user-manager","@id":"https:\/\/www.meydan.tv\/az\/#\/schema\/person\/10d11eccf6da3662cf5fdab9806ea91a"},"headline":"Tam \u00fcz\u0259n m\u0259z\u0259nn\u0259y\u0259 ke\u00e7id m\u00fcmk\u00fcnd\u00fcrm\u00fc?","datePublished":"2016-12-12T16:34:00+00:00","mainEntityOfPage":{"@id":"https:\/\/www.meydan.tv\/az\/article\/tam-uzen-mezenneye-kecid-mumkundurmu\/"},"wordCount":1286,"publisher":{"@id":"https:\/\/www.meydan.tv\/az\/#organization"},"image":{"@id":"https:\/\/www.meydan.tv\/az\/article\/tam-uzen-mezenneye-kecid-mumkundurmu\/#primaryimage"},"thumbnailUrl":"https:\/\/www.meydan.tv\/wp-content\/uploads\/27649.jpg","articleSection":["Analitika"],"inLanguage":"az"},{"@type":"WebPage","@id":"https:\/\/www.meydan.tv\/az\/article\/tam-uzen-mezenneye-kecid-mumkundurmu\/","url":"https:\/\/www.meydan.tv\/az\/article\/tam-uzen-mezenneye-kecid-mumkundurmu\/","name":"Tam \u00fcz\u0259n m\u0259z\u0259nn\u0259y\u0259 ke\u00e7id m\u00fcmk\u00fcnd\u00fcrm\u00fc? - MEYDAN.TV","isPartOf":{"@id":"https:\/\/www.meydan.tv\/az\/#website"},"primaryImageOfPage":{"@id":"https:\/\/www.meydan.tv\/az\/article\/tam-uzen-mezenneye-kecid-mumkundurmu\/#primaryimage"},"image":{"@id":"https:\/\/www.meydan.tv\/az\/article\/tam-uzen-mezenneye-kecid-mumkundurmu\/#primaryimage"},"thumbnailUrl":"https:\/\/www.meydan.tv\/wp-content\/uploads\/27649.jpg","datePublished":"2016-12-12T16:34:00+00:00","breadcrumb":{"@id":"https:\/\/www.meydan.tv\/az\/article\/tam-uzen-mezenneye-kecid-mumkundurmu\/#breadcrumb"},"inLanguage":"az","potentialAction":[{"@type":"ReadAction","target":["https:\/\/www.meydan.tv\/az\/article\/tam-uzen-mezenneye-kecid-mumkundurmu\/"]}]},{"@type":"ImageObject","inLanguage":"az","@id":"https:\/\/www.meydan.tv\/az\/article\/tam-uzen-mezenneye-kecid-mumkundurmu\/#primaryimage","url":"https:\/\/www.meydan.tv\/wp-content\/uploads\/27649.jpg","contentUrl":"https:\/\/www.meydan.tv\/wp-content\/uploads\/27649.jpg","width":688,"height":500,"caption":"Source:"},{"@type":"BreadcrumbList","@id":"https:\/\/www.meydan.tv\/az\/article\/tam-uzen-mezenneye-kecid-mumkundurmu\/#breadcrumb","itemListElement":[{"@type":"ListItem","position":1,"name":"Ana s\u0259hif\u0259","item":"https:\/\/www.meydan.tv\/az\/"},{"@type":"ListItem","position":2,"name":"Analitika","item":"https:\/\/www.meydan.tv\/az\/section\/analitika\/"},{"@type":"ListItem","position":3,"name":"Tam \u00fcz\u0259n m\u0259z\u0259nn\u0259y\u0259 ke\u00e7id m\u00fcmk\u00fcnd\u00fcrm\u00fc?"}]},{"@type":"WebSite","@id":"https:\/\/www.meydan.tv\/az\/#website","url":"https:\/\/www.meydan.tv\/az\/","name":"MEYDAN.TV","description":"Meydan TV Az\u0259rbaycan\u0131n media m\u0259kan\u0131ndak\u0131 alternativ s\u0259sidir","publisher":{"@id":"https:\/\/www.meydan.tv\/az\/#organization"},"potentialAction":[{"@type":"SearchAction","target":{"@type":"EntryPoint","urlTemplate":"https:\/\/www.meydan.tv\/az\/?s={search_term_string}"},"query-input":{"@type":"PropertyValueSpecification","valueRequired":true,"valueName":"search_term_string"}}],"inLanguage":"az"},{"@type":"Organization","@id":"https:\/\/www.meydan.tv\/az\/#organization","name":"Meydan TV","url":"https:\/\/www.meydan.tv\/az\/","logo":{"@type":"ImageObject","inLanguage":"az","@id":"https:\/\/www.meydan.tv\/az\/#\/schema\/logo\/image\/","url":"https:\/\/www.meydan.tv\/wp-content\/uploads\/2021\/07\/meydan-logo.svg","contentUrl":"https:\/\/www.meydan.tv\/wp-content\/uploads\/2021\/07\/meydan-logo.svg","width":195,"height":46,"caption":"Meydan TV"},"image":{"@id":"https:\/\/www.meydan.tv\/az\/#\/schema\/logo\/image\/"}},{"@type":"Person","@id":"https:\/\/www.meydan.tv\/az\/#\/schema\/person\/10d11eccf6da3662cf5fdab9806ea91a","name":"user-manager"}]}},"_links":{"self":[{"href":"https:\/\/www.meydan.tv\/az\/wp-json\/wp\/v2\/posts\/181156","targetHints":{"allow":["GET"]}}],"collection":[{"href":"https:\/\/www.meydan.tv\/az\/wp-json\/wp\/v2\/posts"}],"about":[{"href":"https:\/\/www.meydan.tv\/az\/wp-json\/wp\/v2\/types\/post"}],"author":[{"embeddable":true,"href":"https:\/\/www.meydan.tv\/az\/wp-json\/wp\/v2\/users\/11"}],"replies":[{"embeddable":true,"href":"https:\/\/www.meydan.tv\/az\/wp-json\/wp\/v2\/comments?post=181156"}],"version-history":[{"count":0,"href":"https:\/\/www.meydan.tv\/az\/wp-json\/wp\/v2\/posts\/181156\/revisions"}],"wp:featuredmedia":[{"embeddable":true,"href":"https:\/\/www.meydan.tv\/az\/wp-json\/wp\/v2\/media\/72098"}],"wp:attachment":[{"href":"https:\/\/www.meydan.tv\/az\/wp-json\/wp\/v2\/media?parent=181156"}],"wp:term":[{"taxonomy":"category","embeddable":true,"href":"https:\/\/www.meydan.tv\/az\/wp-json\/wp\/v2\/categories?post=181156"},{"taxonomy":"post_tag","embeddable":true,"href":"https:\/\/www.meydan.tv\/az\/wp-json\/wp\/v2\/tags?post=181156"}],"curies":[{"name":"wp","href":"https:\/\/api.w.org\/{rel}","templated":true}]}}