{"id":181153,"date":"2016-12-12T16:14:17","date_gmt":"2016-12-12T16:14:17","guid":{"rendered":"https:\/\/www.meydan.tv\/article\/ixracatimizin-kederli-sehnesi\/"},"modified":"2016-12-12T16:14:17","modified_gmt":"2016-12-12T16:14:17","slug":"ixracatimizin-kederli-sehnesi","status":"publish","type":"post","link":"https:\/\/www.meydan.tv\/az\/article\/ixracatimizin-kederli-sehnesi\/","title":{"rendered":"\u0130xracat\u0131m\u0131z\u0131n k\u0259d\u0259rli s\u0259hn\u0259si"},"content":{"rendered":"<figure class=\"wp-block-image size-large\">\n  <img decoding=\"async\" src=\"https:\/\/www.meydan.tv\/az\/foto-sosial-sebeke-186\/\" alt=\"foto sosial \u015f\u0259b\u0259k\u0259\" class=\"wp-image-75205\"\/><figcaption>\n    foto sosial \u015f\u0259b\u0259k\u0259<br \/>\n  <\/figcaption><\/figure>\n<p>\n  <i><br \/>\n    Erm\u0259nistandan 1,3 d\u0259f\u0259, G\u00fcrc\u00fcstandan 2,1 d\u0259f\u0259 az olan qeyri-neft ixracat\u0131m\u0131z<br \/>\n  <\/i>\n<\/p>\n<p>\n  <b><br \/>\n    <i><br \/>\n      \u201cD\u00f6vl\u0259t h\u0259r k\u0259s\u0259 b\u0259rab\u0259r imkanlar yarats\u0131n, azad r\u0259qab\u0259ti d\u0259st\u0259kl\u0259sin, m\u00fclkiyy\u0259ti qorusun, daha he\u00e7 n\u0259 laz\u0131m deyil. Ondan g\u0259l\u0259n xeyir, Allahdan g\u0259lsin\u201d<br \/>\n    <\/i><br \/>\n    <i><br \/>\n      .<br \/>\n    <\/i><br \/>\n    <i><\/i><br \/>\n  <\/b>\n<\/p>\n<p>\n  <b><br \/>\n    <i><br \/>\n      \u0130qtisadiyyat \u00fczr\u0259 \u201cNobel\u201d<br \/>\n    <\/i><br \/>\n    <i><br \/>\n      m\u00fckafat\u00e7\u0131s\u0131<br \/>\n    <\/i><br \/>\n    <i><br \/>\n      \u00a0Milton Fridman<br \/>\n    <\/i><br \/>\n  <\/b>\n<\/p>\n<p>\n  \u0130qtisadiyyata sad\u0259l\u00f6vh insanlar\u0131n bax\u0131\u015f\u0131 h\u0259mi\u015f\u0259 \u00fcmidverici olur. \u201cK\u00f6p\u00fck\u201d iqtisadiyyat\u0131n\u0131n g\u00f6zqama\u015fd\u0131r\u0131c\u0131 \u0259lam\u0259tl\u0259ri onlar\u0131 h\u0259r zaman sevindir\u0259r: yollar \u00e7\u0259kilib, k\u00f6rp\u00fcl\u0259r sal\u0131n\u0131b, yeni \u00e7oxm\u0259rt\u0259b\u0259li binalar tikilib, bahal\u0131 avtomobill\u0259r \u015f\u0259h\u0259rd\u0259 \u015f\u00fct\u00fcl\u00fcr, restoranlar qaynay\u0131r v\u0259 s. Onlar\u0131n g\u00f6z\u00fcnd\u0259 iqtisadi inki\u015faf\u0131n g\u00f6rs\u0259ni\u015fl\u0259ri bunlard\u0131r. H\u0259min dekorasiyan\u0131n m\u0259nb\u0259l\u0259ri v\u0259 onlar\u0131n maliyy\u0259 \u00f6hd\u0259likl\u0259rini he\u00e7 d\u00fc\u015f\u00fcnm\u0259zl\u0259r. \u018fslind\u0259 is\u0259 bunca yarad\u0131lm\u0131\u015f s\u00fcni bumdan sonra h\u0259mi\u015f\u0259 bir b\u00f6hran g\u0259lir. Buras\u0131 is\u0259 iqtisadiyyat elminin m\u0259ntiqind\u0259n do\u011fur. O zaman is\u0259 buna idar\u0259etm\u0259nin do\u011furdu\u011fu yox, taleyin z\u0259nbill\u0259 g\u00f6yd\u0259n yollad\u0131\u011f\u0131 b\u00f6hran kimi z\u0259nn ed\u0259c\u0259kl\u0259r.\n<\/p>\n<p>\n  \u0130qtisadiyyat\u0131n g\u00fcc\u00fc\u00a0onun istehlak t\u0259yinat\u0131nda yox, istehsal g\u00fcc\u00fcnd\u0259dir.\u00a0He\u00e7 d\u00fc\u015f\u00fcnd\u00fcn\u00fczm\u00fc, bu q\u0259d\u0259r daxild\u0259n g\u00fccl\u00fc kimi g\u00f6r\u00fcn\u0259n iqtisadiyyat xaricd\u0259n n\u0259 q\u0259d\u0259r z\u0259if g\u00f6r\u00fcn\u00fcr? He\u00e7 d\u00fc\u015f\u00fcnd\u00fcn\u00fczm\u00fc, neftin ixracat\u0131ndan as\u0131l\u0131 olan\u00a0\u00a0iqtisadiyyat\u0131m\u0131z qeyri-neft ixracat\u0131nda niy\u0259 piyadad\u0131r? G\u00fcnd\u0259lik istehlak m\u0259hsullar\u0131n\u0131 bel\u0259 idxal hesab\u0131na t\u0259min ed\u0259n \u00f6lk\u0259nin adic\u0259 corab istehal\u0131 bel\u0259 yox s\u0259viyy\u0259sind\u0259dir? \u0130xracat\u0131n art\u0131r\u0131lmas\u0131 \u00fc\u00e7\u00fcn hans\u0131 add\u0131mlar at\u0131ld\u0131?\n<\/p>\n<p>\n  Xat\u0131rlay\u0131rs\u0131n\u0131zsa, birinci devalvasiya il\u0259 ba\u011fl\u0131 q\u0259rar\u0131n definisiyas\u0131nda bel\u0259 yaz\u0131lm\u0131\u015fd\u0131: ixracat\u0131 stimulla\u015fd\u0131rmaq m\u0259qs\u0259dil\u0259 milli valyutan\u0131n devalvasiyas\u0131 (ucuzla\u015fd\u0131r\u0131lmas\u0131) q\u0259rara al\u0131n\u0131r.H\u0259min arqumentini d\u0259st\u0259kl\u0259y\u0259n \u0259ziz\u00a0h\u0259mkarlar\u0131m, iqtisadiyyat\u0131n uklad\u0131 ixracaty\u00f6n\u00fcml\u00fc deyils\u0259, monetar al\u0259t hesab\u0131na onun diapazonunu\u00a0geni\u015fl\u0259ndirm\u0259k m\u00fcmk\u00fcn olmaz! \u018fg\u0259r bu arqument ke\u00e7\u0259rli olsayd\u0131, o zaman g\u0259r\u0259k Zumbabve ixracat\u0131na g\u00f6r\u0259 d\u00fcnyada birinci, Avropa \u0130ttifaq\u0131 \u00f6lk\u0259l\u0259ri is\u0259 ixracat\u0131na g\u00f6r\u0259 sonuncu olard\u0131.\n<\/p>\n<p>\n  \u0130qtisadiyyat\u0131n m\u0259nz\u0259r\u0259sinin d\u0259y\u0259rl\u0259ndirilm\u0259si \u00fc\u00e7\u00fcn dekorativ \u201ckarkas\u201d \u00f6n\u0259mli deyil. Onun\u00a0\u00a0real simas\u0131 r\u0259q\u0259ml\u0259rin dili il\u0259 ifad\u0259 olunanda formala\u015f\u0131r. Bu m\u0259nada iqtisadiyyat\u0131 r\u0259q\u0259ml\u0259rin dili il\u0259 ba\u015fa d\u00fc\u015f\u0259nl\u0259r d\u0259rin k\u0259d\u0259r i\u00e7\u0259risind\u0259 m\u00f6vcud narahatl\u0131\u011f\u0131 seyr edir. \u00c7\u00fcnki m\u0259lumatl\u0131d\u0131rlar. Suyun \u00fcz\u0259rind\u0259 qurulan\u00a0\u00a0g\u00f6zqama\u015fd\u0131r\u0131c\u0131 dekorasiya d\u0259nizinin alt\u0131ndan nam\u0259lum sular ax\u0131r. Bunu da\u011f\u0131d\u0131c\u0131 g\u00fcc\u0259 malik olan minalar da adland\u0131rmaq olar. H\u0259l\u0259liks\u0259 suyun lal axmas\u0131 h\u0259r \u015feyin sakit olmas\u0131 kimi yalan\u00e7\u0131 t\u0259\u0259ssurat yarad\u0131b. M\u0259n bundan \u00fczg\u00fcn\u0259m. S\u0259b\u0259b? \u0130zah\u0131 \u00e7\u0259tin deyil.\n<\/p>\n<p>\n  Olk\u0259nin ixracat\u0131n\u0131n a\u011f\u0131rl\u0131\u011f\u0131n\u0131n neft v\u0259 neft m\u0259hsullar\u0131n\u0131n t\u0259\u015fkil etm\u0259si he\u00e7 kim\u0259 sirr deyil. O zaman qeyri-neft ixracat\u0131n\u0131n strukturunu \u00fczr\u0259 t\u0259hlil aparaq. Biz d\u00f6vl\u0259t olaraq n\u0259yi v\u0259 hans\u0131 payla ixrac edirik? Onc\u0259 bu c\u0259dv\u0259l\u0259 bax\u0131n.\n<\/p>\n<p>\n  Neft v\u0259 neft m\u0259hsullar\u0131ndan k\u0259nar hans\u0131sa mal pozisiyas\u0131 \u00fczr\u0259 bel\u0259 1 faizlik paya malik olan (\u015f\u0259k\u0259r m\u0259hsullar\u0131, meyv\u0259-t\u0259r\u0259v\u0259z istisna olmaqla) he\u00e7 bir m\u0259hsul ixrac etmirik. 2015-ci il \u00fczr\u0259 qeyri-neft ixracat\u0131n\u0131n real v\u0259ziyy\u0259tini ondan bir il \u0259vv\u0259l(2014) v\u0259 bir il sonrak\u0131 ill\u0259rl\u0259 (2016) m\u00fcqayis\u0259 ed\u0259k. 2014-c\u00fc ild\u0259 Az\u0259rbaycan\u0131n qeyri-neft ixracat\u0131 c\u0259mi 1,652 milyon dollar t\u0259\u015fkil edib. H\u0259min ili G\u00fcrc\u00fcstanda bu r\u0259q\u0259m 2,860 milyon dollar, Erm\u0259nistanda is\u0259 1,547 milyon dollar t\u0259\u015fkil etmi\u015fdir. Devalvasiyan\u0131n ixrac\u0131 stimulla\u015fd\u0131raca\u011f\u0131 h\u0259d\u0259find\u0259n sonra ixracat\u0131n h\u0259cmi bir az da a\u015fa\u011f\u0131 d\u00fc\u015f\u00fcb. M\u0259hz \u201cislahatlar\u201d n\u0259tic\u0259sind\u0259 is\u0259 qeyri-neft ixracat\u0131m\u0131z\u00a0t\u0259n\u0259zz\u00fcl\u0259 m\u0259ruz qal\u0131b. Art\u0131q bu ilin sonuna (haz\u0131rda 980 mln.)\u00a0olan bu r\u0259q\u0259ml\u0259r \u0259sas\u0131nda qeyri-neft ixracat\u0131m\u0131z 1,125 milyon dollar s\u0259viyy\u0259sin\u0259 d\u00fc\u015f\u0259c\u0259k. Bu zaman is\u0259 G\u00fcrc\u00fcstanda ixracat 2,370 milyon dollar, Erm\u0259nistanda is\u0259 1,547 milyon dollar s\u0259viyy\u0259sind\u0259 olacaq. Dem\u0259li, G\u00fcrc\u00fcstan Az\u0259rbaycandan 2,1 d\u0259f\u0259, Erm\u0259nistan is\u0259 1,3 d\u0259f\u0259 daha \u00e7ox qeyri-neft ixracat\u0131na malikdirl\u0259r.\n<\/p>\n<p>\n  Bu q\u0259d\u0259r iqtisadi q\u00fcdr\u0259t\u0259 malik \u00f6lk\u0259nin c\u0259mi ixracat\u0131 1 milyard dollar civar\u0131nda olmas\u0131 sanki he\u00e7 n\u0259 ixrac etm\u0259m\u0259k kimi bir \u015feydir. \u00c7\u00fcnki d\u00fcnyan\u0131n inki\u015faf etmi\u015f \u00f6lk\u0259l\u0259rd\u0259ki \u015firk\u0259tl\u0259rin bir ne\u00e7\u0259sinin\u00a0ixrac g\u00fcc\u00fc el\u0259 bu\u00a0q\u0259d\u0259rdir. On iri \u015firk\u0259tin ixracat g\u00fcc\u00fc\u00a0\u00a0bizim kimi bir \u00f6lk\u0259nin ixracat\u0131ndan \u00e7oxdur. H\u0259tta inki\u015faf etmi\u015f \u00f6lk\u0259l\u0259r vard\u0131r ki, onlarda illik ixrac\u0131 100 milyon dollar\u0131n \u00fcz\u0259rind\u0259 olan \u015firk\u0259tl\u0259rinin say\u0131 minl\u0259rl\u0259dir.\n<\/p>\n<p>\n  Yuxar\u0131dak\u0131 t\u0259hlild\u0259n ayd\u0131n olur ki, C\u0259nubi Qafqaz Respubliklar\u0131n\u0131n \u00dcDM-nin 75 faizini t\u0259\u015fkil ed\u0259n Az\u0259rbaycan h\u0259r iki \u00f6lk\u0259d\u0259n \u0259n az qeyri-neft m\u0259hsulu ixrac ed\u0259n \u00f6lk\u0259 imi\u015f. \u00dcDM-i \u015fi\u015fird\u0259n v\u0259 onun geni\u015fl\u0259nm\u0259sin\u0259 xidm\u0259t ed\u0259n (neft hasilat\u0131 v\u0259 qiym\u0259ti) sah\u0259l\u0259r s\u0259nin irad\u0259nd\u0259n as\u0131l\u0131 deyil, o t\u0259bi\u0259tin h\u0259diyy\u0259sidir. Yerd\u0259 qalan ixracat (qeyri-neft) is\u0259 bacard\u0131qlar\u0131n\u0131n c\u0259midir. Orada is\u0259 v\u0259ziyy\u0259t \u00e7ox biab\u0131r\u00e7\u0131d\u0131r. D\u0259rin t\u0259\u0259ss\u00fcf hiss il\u0259 qeyd edim ki, biz haz\u0131rda bel\u0259 k\u0259d\u0259rli s\u0259hn\u0259d\u0259 yer al\u0131r\u0131q.\u00a0\u00a0Halbuki,\u00a0d\u00fcnyan\u0131n inki\u015faf etmi\u015f \u00f6lk\u0259l\u0259ri ixracatlar\u0131n\u0131n geni\u015fl\u0259nm\u0259si \u00fc\u00e7\u00fcn m\u00fcxt\u0259lif t\u0259sisatlar formala\u015fd\u0131r\u0131rlar. Onlara g\u00f6st\u0259ril\u0259n institsional d\u0259st\u0259k hesab\u0131na \u00f6lk\u0259nin ixracat imkanlar\u0131 art\u0131r.\u00a0Olk\u0259nin idxal as\u0131ll\u0131\u011f\u0131 ixracat\u0131n g\u00fccl\u0259nm\u0259si il\u0259 \u0259v\u0259z edilir. D\u00fczd\u00fcr, t\u0259diyy\u0259 balanas\u0131n\u0131 d\u00fczg\u00fcn formala\u015fd\u0131ran d\u00f6vl\u0259tl\u0259r he\u00e7 d\u0259 birm\u0259nal\u0131 olaraq \u0259zici \u00fcst\u00fcnl\u00fcy\u00fc il\u0259 ixrac\u0131 idxal\u0131 ifrat formada \u00fcst\u0259l\u0259m\u0259sini t\u0259\u015fviq etmirl\u0259r. Davaml\u0131 olaraq xarici ticar\u0259tin strukturuna diqq\u0259t yetir\u0259r\u0259k onun optimall\u0131\u011f\u0131n\u0131 t\u0259min etm\u0259y\u0259 \u00e7al\u0131\u015f\u0131rlar. D\u00fcnya t\u0259cr\u00fcb\u0259si g\u00f6st\u0259rir ki, m\u00fcxt\u0259lif t\u0259\u015fkilatlar\u0131n yarad\u0131lmas\u0131 yolu il\u0259 \u015firk\u0259tl\u0259rin daha effektiv formada ixracat imkanlar\u0131n\u0131 geni\u015fl\u0259ndirm\u0259sin\u0259 nail olmaq m\u00fcmk\u00fcnd\u00fcr. 1918-ci ild\u0259 AB\u015e-da ilk d\u0259f\u0259 Xarici Ticar\u0259t Qanunlar\u0131na istinad edil\u0259r\u0259k \u201cWeb-Pomerenc Associations\u201d qurumlar\u0131, Argentinan\u0131n \u015f\u0259rab istehsal\u00e7\u0131lar\u0131n\u0131n qurduqlar\u0131 \u201cCons-export\u201d, \u0130sraild\u0259 haz\u0131r geyim \u0259\u015fyalar\u0131n\u0131n ticar\u0259ti il\u0259 m\u0259\u015f\u011ful olan ixracat \u015firk\u0259tl\u0259ri, Fransada \u201cBeto\u201d, \u0130sve\u00e7r\u0259d\u0259 \u201cDelta\u201d, \u0130talyada \u201cFederexport\u201d qruplar\u0131 ixracat imkanlar\u0131n\u0131n art\u0131r\u0131lmas\u0131na nail ola bilibl\u0259r. Bundan \u0259lav\u0259 olaraq da,\u00a0f\u0259rqli strukturlar\u0131n k\u00f6m\u0259yi il\u0259 d\u00f6vl\u0259tin t\u0259sisatlar\u0131 olaraq ixracata yard\u0131m m\u0259qs\u0259dil\u0259 f\u0259rqli qurumlar formala\u015fd\u0131r\u0131blar.Qarda\u015f T\u00fcrkiy\u0259d\u0259 Xarici Ticar\u0259t S\u0259rmay\u0259 \u015eirk\u0259tl\u0259ri, \u0130talyada \u0130xracat Birliyi Federasiyas\u0131 (\u201cFederexport\u201d),\u00a0AB\u015e-da \u201c\u0130xracat\u0131n \u0130dar\u0259edilm\u0259si \u015eirk\u0259tl\u0259ri\u201d (Export Manacment Companies) v\u0259 dig\u0259r \u00f6lk\u0259l\u0259rd\u0259 analoji qurumlar f\u0259aliyy\u0259t g\u00f6st\u0259rir.\n<\/p>\n<p>\n  B\u0259s bizd\u0259 nec\u0259? Y\u0259qin ki, a\u011fl\u0131n\u0131za g\u0259l\u0259n o olacaq ki, bu q\u0259d\u0259r ixracat\u0131 m\u0259hdud olan \u00f6lk\u0259d\u0259 analoji t\u0259sisat ola bilm\u0259z. \u00c7\u00fcnki, olsayd\u0131 bel\u0259 durumda ola bilm\u0259zdik.T\u0259\u0259s\u00fcfl\u0259 qeyd edim ki, bizd\u0259 d\u0259 analoji qurum olan \u2013 \u0130xracat\u0131n v\u0259 \u0130nvestisiyan\u0131n T\u0259\u015fviqi \u015eirk\u0259ti (AZPROMA) ad\u0131nda d\u00f6vl\u0259t qurumu 13 ildir ki, f\u0259aliyy\u0259t g\u00f6st\u0259rir. Guya ixracat\u0131 stimulla\u015fd\u0131rmaq m\u0259qs\u0259dil\u0259 investorlar c\u0259lb etm\u0259li idil\u0259r. Amma reall\u0131q g\u00f6z \u00f6n\u00fcnd\u0259dir. Halbuki, neft sektorunun \u00f6z\u00fcn\u00fcn inki\u015faf\u0131 avtomatik olaraq qeyri-neft sektoru \u00fc\u00e7\u00fcn birba\u015fa v\u0259 dolay\u0131 t\u0259sir g\u00fcc\u00fcn\u0259 malik olaraqdig\u0259r lakomotivl\u0259ri d\u0259 arxas\u0131nca g\u0259tirm\u0259k g\u00fcc\u00fcn\u0259 sahib olmal\u0131 idi. Amma bizd\u0259 el\u0259 olmad\u0131.\n<\/p>\n<p>\n  B\u0259z\u0259n susma\u011f\u0131n g\u00fcc\u00fc dan\u0131\u015fma\u011f\u0131n f\u0259zil\u0259tind\u0259n \u00fcst\u00fcn olur. R\u0259q\u0259ml\u0259r ayd\u0131n izahatla v\u0259 \u0259la dan\u0131\u015fanda t\u0259hlil art\u0131q olur. Bu,\u00a0bizim indiki v\u0259ziyy\u0259timizdir. C\u0259dv\u0259l v\u0259 r\u0259q\u0259ml\u0259rin h\u0259r \u015feyi ayd\u0131n \u0259ks etdirdiyi halda bel\u0259 v\u0259ziyy\u0259td\u0259 bundan art\u0131q izahat\u0131 g\u0259r\u0259ksiz bildim. Amma izahat\u0131n\u0131 h\u0259mi\u015f\u0259 yalan\u0131n nec\u0259 \u0259sasland\u0131rmas\u0131na h\u0259sr ed\u0259n b\u0259zi iqtisad\u00e7\u0131 h\u0259mkarlar\u0131m susan zaman bel\u0259,\u00a0yen\u0259 qrammatik s\u0259hv\u0259 yol ver\u0259c\u0259kl\u0259r. \u00c7\u00fcnki\u00a0\u00a0\u00f6m\u00fcrl\u0259rini yalanlar\u0131n nec\u0259 \u0259sasland\u0131rmas\u0131na h\u0259sr etdil\u0259r.<\/p>\n","protected":false},"excerpt":{"rendered":"<p>Erm\u0259nistandan 1,3 d\u0259f\u0259, G\u00fcrc\u00fcstandan 2,1 d\u0259f\u0259 az olan qeyri-neft ixracat\u0131m\u0131z<\/p>\n","protected":false},"author":11,"featured_media":75205,"comment_status":"closed","ping_status":"open","sticky":false,"template":"","format":"standard","meta":{"_acf_changed":false,"_sitemap_exclude":false,"_sitemap_priority":"","_sitemap_frequency":"","footnotes":""},"categories":[51],"tags":[],"class_list":["post-181153","post","type-post","status-publish","format-standard","has-post-thumbnail","hentry","category-analitika","infinite-scroll-item","generate-columns","tablet-grid-50","mobile-grid-100","grid-parent","grid-33","no-featured-image-padding"],"acf":[],"yoast_head":"<!-- This site is optimized with the Yoast SEO plugin v27.5 - https:\/\/yoast.com\/product\/yoast-seo-wordpress\/ -->\n<title>\u0130xracat\u0131m\u0131z\u0131n k\u0259d\u0259rli s\u0259hn\u0259si - MEYDAN.TV<\/title>\n<meta name=\"robots\" content=\"index, follow, max-snippet:-1, max-image-preview:large, max-video-preview:-1\" \/>\n<link rel=\"canonical\" href=\"https:\/\/www.meydan.tv\/az\/article\/ixracatimizin-kederli-sehnesi\/\" \/>\n<meta property=\"og:locale\" content=\"az_AZ\" \/>\n<meta property=\"og:type\" content=\"article\" \/>\n<meta property=\"og:title\" content=\"\u0130xracat\u0131m\u0131z\u0131n k\u0259d\u0259rli s\u0259hn\u0259si - MEYDAN.TV\" \/>\n<meta property=\"og:description\" content=\"Erm\u0259nistandan 1,3 d\u0259f\u0259, G\u00fcrc\u00fcstandan 2,1 d\u0259f\u0259 az olan qeyri-neft ixracat\u0131m\u0131z\" \/>\n<meta property=\"og:url\" content=\"https:\/\/www.meydan.tv\/az\/article\/ixracatimizin-kederli-sehnesi\/\" \/>\n<meta property=\"og:site_name\" content=\"MEYDAN.TV\" \/>\n<meta property=\"article:published_time\" content=\"2016-12-12T16:14:17+00:00\" \/>\n<meta property=\"og:image\" content=\"https:\/\/www.meydan.tv\/wp-content\/uploads\/29083.jpg\" \/>\n\t<meta property=\"og:image:width\" content=\"768\" \/>\n\t<meta property=\"og:image:height\" content=\"387\" \/>\n\t<meta property=\"og:image:type\" content=\"image\/jpeg\" \/>\n<meta name=\"author\" content=\"user-manager\" \/>\n<meta name=\"twitter:card\" content=\"summary_large_image\" \/>\n<script type=\"application\/ld+json\" class=\"yoast-schema-graph\">{\"@context\":\"https:\\\/\\\/schema.org\",\"@graph\":[{\"@type\":\"Article\",\"@id\":\"https:\\\/\\\/www.meydan.tv\\\/az\\\/article\\\/ixracatimizin-kederli-sehnesi\\\/#article\",\"isPartOf\":{\"@id\":\"https:\\\/\\\/www.meydan.tv\\\/az\\\/article\\\/ixracatimizin-kederli-sehnesi\\\/\"},\"author\":{\"name\":\"user-manager\",\"@id\":\"https:\\\/\\\/www.meydan.tv\\\/az\\\/#\\\/schema\\\/person\\\/10d11eccf6da3662cf5fdab9806ea91a\"},\"headline\":\"\u0130xracat\u0131m\u0131z\u0131n k\u0259d\u0259rli s\u0259hn\u0259si\",\"datePublished\":\"2016-12-12T16:14:17+00:00\",\"mainEntityOfPage\":{\"@id\":\"https:\\\/\\\/www.meydan.tv\\\/az\\\/article\\\/ixracatimizin-kederli-sehnesi\\\/\"},\"wordCount\":1583,\"publisher\":{\"@id\":\"https:\\\/\\\/www.meydan.tv\\\/az\\\/#organization\"},\"image\":{\"@id\":\"https:\\\/\\\/www.meydan.tv\\\/az\\\/article\\\/ixracatimizin-kederli-sehnesi\\\/#primaryimage\"},\"thumbnailUrl\":\"https:\\\/\\\/www.meydan.tv\\\/wp-content\\\/uploads\\\/29083.jpg\",\"articleSection\":[\"Analitika\"],\"inLanguage\":\"az\"},{\"@type\":\"WebPage\",\"@id\":\"https:\\\/\\\/www.meydan.tv\\\/az\\\/article\\\/ixracatimizin-kederli-sehnesi\\\/\",\"url\":\"https:\\\/\\\/www.meydan.tv\\\/az\\\/article\\\/ixracatimizin-kederli-sehnesi\\\/\",\"name\":\"\u0130xracat\u0131m\u0131z\u0131n k\u0259d\u0259rli s\u0259hn\u0259si - MEYDAN.TV\",\"isPartOf\":{\"@id\":\"https:\\\/\\\/www.meydan.tv\\\/az\\\/#website\"},\"primaryImageOfPage\":{\"@id\":\"https:\\\/\\\/www.meydan.tv\\\/az\\\/article\\\/ixracatimizin-kederli-sehnesi\\\/#primaryimage\"},\"image\":{\"@id\":\"https:\\\/\\\/www.meydan.tv\\\/az\\\/article\\\/ixracatimizin-kederli-sehnesi\\\/#primaryimage\"},\"thumbnailUrl\":\"https:\\\/\\\/www.meydan.tv\\\/wp-content\\\/uploads\\\/29083.jpg\",\"datePublished\":\"2016-12-12T16:14:17+00:00\",\"breadcrumb\":{\"@id\":\"https:\\\/\\\/www.meydan.tv\\\/az\\\/article\\\/ixracatimizin-kederli-sehnesi\\\/#breadcrumb\"},\"inLanguage\":\"az\",\"potentialAction\":[{\"@type\":\"ReadAction\",\"target\":[\"https:\\\/\\\/www.meydan.tv\\\/az\\\/article\\\/ixracatimizin-kederli-sehnesi\\\/\"]}]},{\"@type\":\"ImageObject\",\"inLanguage\":\"az\",\"@id\":\"https:\\\/\\\/www.meydan.tv\\\/az\\\/article\\\/ixracatimizin-kederli-sehnesi\\\/#primaryimage\",\"url\":\"https:\\\/\\\/www.meydan.tv\\\/wp-content\\\/uploads\\\/29083.jpg\",\"contentUrl\":\"https:\\\/\\\/www.meydan.tv\\\/wp-content\\\/uploads\\\/29083.jpg\",\"width\":768,\"height\":387,\"caption\":\"Source:\"},{\"@type\":\"BreadcrumbList\",\"@id\":\"https:\\\/\\\/www.meydan.tv\\\/az\\\/article\\\/ixracatimizin-kederli-sehnesi\\\/#breadcrumb\",\"itemListElement\":[{\"@type\":\"ListItem\",\"position\":1,\"name\":\"Ana s\u0259hif\u0259\",\"item\":\"https:\\\/\\\/www.meydan.tv\\\/az\\\/\"},{\"@type\":\"ListItem\",\"position\":2,\"name\":\"Analitika\",\"item\":\"https:\\\/\\\/www.meydan.tv\\\/az\\\/section\\\/analitika\\\/\"},{\"@type\":\"ListItem\",\"position\":3,\"name\":\"\u0130xracat\u0131m\u0131z\u0131n k\u0259d\u0259rli s\u0259hn\u0259si\"}]},{\"@type\":\"WebSite\",\"@id\":\"https:\\\/\\\/www.meydan.tv\\\/az\\\/#website\",\"url\":\"https:\\\/\\\/www.meydan.tv\\\/az\\\/\",\"name\":\"MEYDAN.TV\",\"description\":\"Meydan TV Az\u0259rbaycan\u0131n media m\u0259kan\u0131ndak\u0131 alternativ s\u0259sidir\",\"publisher\":{\"@id\":\"https:\\\/\\\/www.meydan.tv\\\/az\\\/#organization\"},\"potentialAction\":[{\"@type\":\"SearchAction\",\"target\":{\"@type\":\"EntryPoint\",\"urlTemplate\":\"https:\\\/\\\/www.meydan.tv\\\/az\\\/?s={search_term_string}\"},\"query-input\":{\"@type\":\"PropertyValueSpecification\",\"valueRequired\":true,\"valueName\":\"search_term_string\"}}],\"inLanguage\":\"az\"},{\"@type\":\"Organization\",\"@id\":\"https:\\\/\\\/www.meydan.tv\\\/az\\\/#organization\",\"name\":\"Meydan TV\",\"url\":\"https:\\\/\\\/www.meydan.tv\\\/az\\\/\",\"logo\":{\"@type\":\"ImageObject\",\"inLanguage\":\"az\",\"@id\":\"https:\\\/\\\/www.meydan.tv\\\/az\\\/#\\\/schema\\\/logo\\\/image\\\/\",\"url\":\"https:\\\/\\\/www.meydan.tv\\\/wp-content\\\/uploads\\\/2021\\\/07\\\/meydan-logo.svg\",\"contentUrl\":\"https:\\\/\\\/www.meydan.tv\\\/wp-content\\\/uploads\\\/2021\\\/07\\\/meydan-logo.svg\",\"width\":195,\"height\":46,\"caption\":\"Meydan TV\"},\"image\":{\"@id\":\"https:\\\/\\\/www.meydan.tv\\\/az\\\/#\\\/schema\\\/logo\\\/image\\\/\"}},{\"@type\":\"Person\",\"@id\":\"https:\\\/\\\/www.meydan.tv\\\/az\\\/#\\\/schema\\\/person\\\/10d11eccf6da3662cf5fdab9806ea91a\",\"name\":\"user-manager\"}]}<\/script>\n<!-- \/ Yoast SEO plugin. -->","yoast_head_json":{"title":"\u0130xracat\u0131m\u0131z\u0131n k\u0259d\u0259rli s\u0259hn\u0259si - MEYDAN.TV","robots":{"index":"index","follow":"follow","max-snippet":"max-snippet:-1","max-image-preview":"max-image-preview:large","max-video-preview":"max-video-preview:-1"},"canonical":"https:\/\/www.meydan.tv\/az\/article\/ixracatimizin-kederli-sehnesi\/","og_locale":"az_AZ","og_type":"article","og_title":"\u0130xracat\u0131m\u0131z\u0131n k\u0259d\u0259rli s\u0259hn\u0259si - MEYDAN.TV","og_description":"Erm\u0259nistandan 1,3 d\u0259f\u0259, G\u00fcrc\u00fcstandan 2,1 d\u0259f\u0259 az olan qeyri-neft ixracat\u0131m\u0131z","og_url":"https:\/\/www.meydan.tv\/az\/article\/ixracatimizin-kederli-sehnesi\/","og_site_name":"MEYDAN.TV","article_published_time":"2016-12-12T16:14:17+00:00","og_image":[{"width":768,"height":387,"url":"https:\/\/www.meydan.tv\/wp-content\/uploads\/29083.jpg","type":"image\/jpeg"}],"author":"user-manager","twitter_card":"summary_large_image","schema":{"@context":"https:\/\/schema.org","@graph":[{"@type":"Article","@id":"https:\/\/www.meydan.tv\/az\/article\/ixracatimizin-kederli-sehnesi\/#article","isPartOf":{"@id":"https:\/\/www.meydan.tv\/az\/article\/ixracatimizin-kederli-sehnesi\/"},"author":{"name":"user-manager","@id":"https:\/\/www.meydan.tv\/az\/#\/schema\/person\/10d11eccf6da3662cf5fdab9806ea91a"},"headline":"\u0130xracat\u0131m\u0131z\u0131n k\u0259d\u0259rli s\u0259hn\u0259si","datePublished":"2016-12-12T16:14:17+00:00","mainEntityOfPage":{"@id":"https:\/\/www.meydan.tv\/az\/article\/ixracatimizin-kederli-sehnesi\/"},"wordCount":1583,"publisher":{"@id":"https:\/\/www.meydan.tv\/az\/#organization"},"image":{"@id":"https:\/\/www.meydan.tv\/az\/article\/ixracatimizin-kederli-sehnesi\/#primaryimage"},"thumbnailUrl":"https:\/\/www.meydan.tv\/wp-content\/uploads\/29083.jpg","articleSection":["Analitika"],"inLanguage":"az"},{"@type":"WebPage","@id":"https:\/\/www.meydan.tv\/az\/article\/ixracatimizin-kederli-sehnesi\/","url":"https:\/\/www.meydan.tv\/az\/article\/ixracatimizin-kederli-sehnesi\/","name":"\u0130xracat\u0131m\u0131z\u0131n k\u0259d\u0259rli s\u0259hn\u0259si - MEYDAN.TV","isPartOf":{"@id":"https:\/\/www.meydan.tv\/az\/#website"},"primaryImageOfPage":{"@id":"https:\/\/www.meydan.tv\/az\/article\/ixracatimizin-kederli-sehnesi\/#primaryimage"},"image":{"@id":"https:\/\/www.meydan.tv\/az\/article\/ixracatimizin-kederli-sehnesi\/#primaryimage"},"thumbnailUrl":"https:\/\/www.meydan.tv\/wp-content\/uploads\/29083.jpg","datePublished":"2016-12-12T16:14:17+00:00","breadcrumb":{"@id":"https:\/\/www.meydan.tv\/az\/article\/ixracatimizin-kederli-sehnesi\/#breadcrumb"},"inLanguage":"az","potentialAction":[{"@type":"ReadAction","target":["https:\/\/www.meydan.tv\/az\/article\/ixracatimizin-kederli-sehnesi\/"]}]},{"@type":"ImageObject","inLanguage":"az","@id":"https:\/\/www.meydan.tv\/az\/article\/ixracatimizin-kederli-sehnesi\/#primaryimage","url":"https:\/\/www.meydan.tv\/wp-content\/uploads\/29083.jpg","contentUrl":"https:\/\/www.meydan.tv\/wp-content\/uploads\/29083.jpg","width":768,"height":387,"caption":"Source:"},{"@type":"BreadcrumbList","@id":"https:\/\/www.meydan.tv\/az\/article\/ixracatimizin-kederli-sehnesi\/#breadcrumb","itemListElement":[{"@type":"ListItem","position":1,"name":"Ana s\u0259hif\u0259","item":"https:\/\/www.meydan.tv\/az\/"},{"@type":"ListItem","position":2,"name":"Analitika","item":"https:\/\/www.meydan.tv\/az\/section\/analitika\/"},{"@type":"ListItem","position":3,"name":"\u0130xracat\u0131m\u0131z\u0131n k\u0259d\u0259rli s\u0259hn\u0259si"}]},{"@type":"WebSite","@id":"https:\/\/www.meydan.tv\/az\/#website","url":"https:\/\/www.meydan.tv\/az\/","name":"MEYDAN.TV","description":"Meydan TV Az\u0259rbaycan\u0131n media m\u0259kan\u0131ndak\u0131 alternativ s\u0259sidir","publisher":{"@id":"https:\/\/www.meydan.tv\/az\/#organization"},"potentialAction":[{"@type":"SearchAction","target":{"@type":"EntryPoint","urlTemplate":"https:\/\/www.meydan.tv\/az\/?s={search_term_string}"},"query-input":{"@type":"PropertyValueSpecification","valueRequired":true,"valueName":"search_term_string"}}],"inLanguage":"az"},{"@type":"Organization","@id":"https:\/\/www.meydan.tv\/az\/#organization","name":"Meydan TV","url":"https:\/\/www.meydan.tv\/az\/","logo":{"@type":"ImageObject","inLanguage":"az","@id":"https:\/\/www.meydan.tv\/az\/#\/schema\/logo\/image\/","url":"https:\/\/www.meydan.tv\/wp-content\/uploads\/2021\/07\/meydan-logo.svg","contentUrl":"https:\/\/www.meydan.tv\/wp-content\/uploads\/2021\/07\/meydan-logo.svg","width":195,"height":46,"caption":"Meydan TV"},"image":{"@id":"https:\/\/www.meydan.tv\/az\/#\/schema\/logo\/image\/"}},{"@type":"Person","@id":"https:\/\/www.meydan.tv\/az\/#\/schema\/person\/10d11eccf6da3662cf5fdab9806ea91a","name":"user-manager"}]}},"_links":{"self":[{"href":"https:\/\/www.meydan.tv\/az\/wp-json\/wp\/v2\/posts\/181153","targetHints":{"allow":["GET"]}}],"collection":[{"href":"https:\/\/www.meydan.tv\/az\/wp-json\/wp\/v2\/posts"}],"about":[{"href":"https:\/\/www.meydan.tv\/az\/wp-json\/wp\/v2\/types\/post"}],"author":[{"embeddable":true,"href":"https:\/\/www.meydan.tv\/az\/wp-json\/wp\/v2\/users\/11"}],"replies":[{"embeddable":true,"href":"https:\/\/www.meydan.tv\/az\/wp-json\/wp\/v2\/comments?post=181153"}],"version-history":[{"count":0,"href":"https:\/\/www.meydan.tv\/az\/wp-json\/wp\/v2\/posts\/181153\/revisions"}],"wp:featuredmedia":[{"embeddable":true,"href":"https:\/\/www.meydan.tv\/az\/wp-json\/wp\/v2\/media\/75205"}],"wp:attachment":[{"href":"https:\/\/www.meydan.tv\/az\/wp-json\/wp\/v2\/media?parent=181153"}],"wp:term":[{"taxonomy":"category","embeddable":true,"href":"https:\/\/www.meydan.tv\/az\/wp-json\/wp\/v2\/categories?post=181153"},{"taxonomy":"post_tag","embeddable":true,"href":"https:\/\/www.meydan.tv\/az\/wp-json\/wp\/v2\/tags?post=181153"}],"curies":[{"name":"wp","href":"https:\/\/api.w.org\/{rel}","templated":true}]}}