{"id":181147,"date":"2016-12-12T13:36:10","date_gmt":"2016-12-12T13:36:10","guid":{"rendered":"https:\/\/www.meydan.tv\/article\/nazim-beydemirli-mezenneni-bazar-mueyyen-etmelidir\/"},"modified":"2016-12-12T13:36:10","modified_gmt":"2016-12-12T13:36:10","slug":"nazim-beydemirli-mezenneni-bazar-mueyyen-etmelidir","status":"publish","type":"post","link":"https:\/\/www.meydan.tv\/az\/article\/nazim-beydemirli-mezenneni-bazar-mueyyen-etmelidir\/","title":{"rendered":"Nazim B\u0259yd\u0259mirli: M\u0259z\u0259nn\u0259ni bazar m\u00fc\u0259yy\u0259n etm\u0259lidir"},"content":{"rendered":"<figure class=\"wp-block-image size-large\">\n  <img decoding=\"async\" src=\"https:\/\/www.meydan.tv\/az\/70309\/\" alt=\"\" class=\"wp-image-70309\"\/><figcaption><\/figcaption><\/figure>\n<p>\n  &#8221;\u201c\u00dcz\u0259n m\u0259z\u0259nn\u0259\u201d makroiqtisadi v\u0259 struktur probleml\u0259rinin h\u0259llini t\u0259l\u0259b edir&#8221;\n<\/p>\n<p>\n  &#8220;Haz\u0131rda tam &#8220;\u00fcz\u0259n m\u0259z\u0259nn\u0259&#8221;y\u0259 ke\u00e7idl\u0259 ba\u011fl\u0131 i\u015fl\u0259r apar\u0131l\u0131r v\u0259 tezlikl\u0259 \u00f6z proqram\u0131m\u0131z\u0131 ictimaiyy\u0259t\u0259 elan ed\u0259c\u0259yik&#8221;.\n<\/p>\n<p>\n  &#8220;Report&#8221; yaz\u0131r ki, bunu jurnalistl\u0259r\u0259 a\u00e7\u0131qlamas\u0131nda Az\u0259rbaycan M\u0259rk\u0259zi Bank\u0131n\u0131n (AMB) s\u0259dri Elman R\u00fcst\u0259mov deyib.\n<\/p>\n<p>\n  Onun s\u00f6zl\u0259rin\u0259 g\u00f6r\u0259, hans\u0131sa m\u0259murun pullar\u0131 y\u0131\u011f\u0131b saxlamas\u0131 il\u0259 ba\u011fl\u0131 yay\u0131lan fikirl\u0259r do\u011fru deyil:\n<\/p>\n<p>\n  &#8220;Tam &#8220;\u00fcz\u0259n m\u0259z\u0259nn\u0259&#8221;y\u0259 ke\u00e7id \u00e7ox s\u0131x makroiqtisadi v\u0259 struktur probleml\u0259rinin h\u0259ll edilm\u0259sini t\u0259l\u0259b edir. Biz art\u0131q bu ilin \u0259vv\u0259lind\u0259n &#8220;\u00fcz\u0259n m\u0259z\u0259nn\u0259&#8221;y\u0259 ke\u00e7mi\u015fik. Fevraldan m\u0259rk\u0259zi bank \u00f6z pulunu h\u0259rraca \u00e7\u0131xarm\u0131r. Amma bazarda t\u0259l\u0259bl\u0259 t\u0259klif aras\u0131nda b\u00f6y\u00fck disproporsiya var&#8221;.\n<\/p>\n<p>\n  Elman R\u00fcst\u0259movun fikirl\u0259rini Meydan TV-y\u0259 \u015f\u0259rh ed\u0259n sabiq deputat, iqtisad\u00e7\u0131 Nazim B\u0259yd\u0259mirli deyir ki, h\u0259l\u0259 neft qiym\u0259tl\u0259ri y\u00fcks\u0259k oldu\u011fu zaman bu bar\u0259d\u0259 t\u0259klifl\u0259r veribmi\u015f:\n<\/p>\n<p>\n  &#8220;Biz demi\u015fdik ki, valyutan\u0131n kursu banklararas\u0131 birjada m\u00fc\u0259yy\u0259n olunmur. M\u0259rk\u0259zi Bank\u0131n add\u0131m\u0131 do\u011fru deyil.\n<\/p>\n<p>\n  2015-ci ild\u0259 iki d\u0259f\u0259 devalvasiya q\u0259rar\u0131ndan sonra ba\u015f bankirin a\u00e7\u0131qlamas\u0131 da m\u0259z\u0259nn\u0259nin inzibati yolla m\u00fc\u0259yy\u0259n olundu\u011funu g\u00f6st\u0259rdi. Buna g\u00f6r\u0259 d\u0259 v\u0259t\u0259nda\u015flar, x\u00fcsusil\u0259 krediti olanlar he\u00e7 bir m\u0259suliyy\u0259t da\u015f\u0131mamal\u0131 idi. \u018fslind\u0259, q\u0259rar M\u0259rk\u0259zi Bankla h\u00f6kum\u0259tin idis\u0259, kompensasiya verilm\u0259li idi\u201d.\n<\/p>\n<p>\n  Nazim B\u0259yd\u0259mirli\u00a0\u00a0deyib ki, &#8220;\u00fcz\u0259n m\u0259z\u0259nn\u0259&#8221; Rusiyadan Az\u0259rbaycana ke\u00e7\u0259n ifad\u0259dir, \u00fcmumiyy\u0259tl\u0259, bel\u0259 anlay\u0131\u015f yoxdur, s\u00fcni d\u00fc\u015f\u00fcn\u00fcl\u00fcb. Bu bax\u0131mdan kursu bazar m\u00fc\u0259yy\u0259n etm\u0259lidir. Bazar i\u015ftirak\u00e7\u0131lar\u0131 \u00f6lk\u0259y\u0259 daxil olan valyutan\u0131 birjaya \u00e7\u0131xar\u0131r, idxal ed\u0259nl\u0259r is\u0259 t\u0259l\u0259bat\u0131 yerin\u0259 yetirm\u0259k \u00fc\u00e7\u00fcn \u00f6z banklar\u0131 vasit\u0259sil\u0259 banklararas\u0131 birjaya m\u00fcraci\u0259t edirl\u0259r. N\u0259tic\u0259d\u0259 t\u0259l\u0259b-t\u0259klif \u00fcz\u0259rind\u0259 kurs m\u00fc\u0259yy\u0259n olunur:\n<\/p>\n<p>\n  &#8220;Bir daha deyir\u0259m, liberal bazar iqtisadiyyat\u0131nda bir m\u0259z\u0259nn\u0259 olur, onu da banklararas\u0131 valyuta birjas\u0131nda bazar m\u00fc\u0259yy\u0259n edir&#8221;.<\/p>\n","protected":false},"excerpt":{"rendered":"<p>&#8221;\u201c\u00dcz\u0259n m\u0259z\u0259nn\u0259\u201d makroiqtisadi v\u0259 struktur probleml\u0259rinin h\u0259llini t\u0259l\u0259b edir&#8221; &#8220;Haz\u0131rda &#8230; <\/p>\n<p class=\"read-more-container\"><a title=\"Nazim B\u0259yd\u0259mirli: M\u0259z\u0259nn\u0259ni bazar m\u00fc\u0259yy\u0259n etm\u0259lidir\" class=\"read-more button\" href=\"https:\/\/www.meydan.tv\/az\/article\/nazim-beydemirli-mezenneni-bazar-mueyyen-etmelidir\/#more-181147\" aria-label=\"Read more about Nazim B\u0259yd\u0259mirli: M\u0259z\u0259nn\u0259ni bazar m\u00fc\u0259yy\u0259n etm\u0259lidir\">Davam\u0131<\/a><\/p>\n","protected":false},"author":11,"featured_media":70309,"comment_status":"closed","ping_status":"open","sticky":false,"template":"","format":"standard","meta":{"_acf_changed":false,"_sitemap_exclude":false,"_sitemap_priority":"","_sitemap_frequency":"","footnotes":""},"categories":[51],"tags":[],"class_list":["post-181147","post","type-post","status-publish","format-standard","has-post-thumbnail","hentry","category-analitika","infinite-scroll-item","generate-columns","tablet-grid-50","mobile-grid-100","grid-parent","grid-33","no-featured-image-padding"],"acf":[],"yoast_head":"<!-- This site is optimized with the Yoast SEO plugin v27.5 - https:\/\/yoast.com\/product\/yoast-seo-wordpress\/ -->\n<title>Nazim B\u0259yd\u0259mirli: M\u0259z\u0259nn\u0259ni bazar m\u00fc\u0259yy\u0259n etm\u0259lidir - MEYDAN.TV<\/title>\n<meta name=\"robots\" content=\"index, follow, max-snippet:-1, max-image-preview:large, max-video-preview:-1\" \/>\n<link rel=\"canonical\" href=\"https:\/\/www.meydan.tv\/az\/article\/nazim-beydemirli-mezenneni-bazar-mueyyen-etmelidir\/\" \/>\n<meta property=\"og:locale\" content=\"az_AZ\" \/>\n<meta property=\"og:type\" content=\"article\" \/>\n<meta property=\"og:title\" content=\"Nazim B\u0259yd\u0259mirli: M\u0259z\u0259nn\u0259ni bazar m\u00fc\u0259yy\u0259n etm\u0259lidir - MEYDAN.TV\" \/>\n<meta property=\"og:description\" content=\"&#8221;\u201c\u00dcz\u0259n m\u0259z\u0259nn\u0259\u201d makroiqtisadi v\u0259 struktur probleml\u0259rinin h\u0259llini t\u0259l\u0259b edir&#8221; &#8220;Haz\u0131rda ... Davam\u0131\" \/>\n<meta property=\"og:url\" content=\"https:\/\/www.meydan.tv\/az\/article\/nazim-beydemirli-mezenneni-bazar-mueyyen-etmelidir\/\" \/>\n<meta property=\"og:site_name\" content=\"MEYDAN.TV\" \/>\n<meta property=\"article:published_time\" content=\"2016-12-12T13:36:10+00:00\" \/>\n<meta property=\"og:image\" content=\"https:\/\/www.meydan.tv\/wp-content\/uploads\/26903.jpg\" \/>\n\t<meta property=\"og:image:width\" content=\"680\" \/>\n\t<meta property=\"og:image:height\" content=\"500\" \/>\n\t<meta property=\"og:image:type\" content=\"image\/jpeg\" \/>\n<meta name=\"author\" content=\"user-manager\" \/>\n<meta name=\"twitter:card\" content=\"summary_large_image\" \/>\n<script type=\"application\/ld+json\" class=\"yoast-schema-graph\">{\"@context\":\"https:\\\/\\\/schema.org\",\"@graph\":[{\"@type\":\"Article\",\"@id\":\"https:\\\/\\\/www.meydan.tv\\\/az\\\/article\\\/nazim-beydemirli-mezenneni-bazar-mueyyen-etmelidir\\\/#article\",\"isPartOf\":{\"@id\":\"https:\\\/\\\/www.meydan.tv\\\/az\\\/article\\\/nazim-beydemirli-mezenneni-bazar-mueyyen-etmelidir\\\/\"},\"author\":{\"name\":\"user-manager\",\"@id\":\"https:\\\/\\\/www.meydan.tv\\\/az\\\/#\\\/schema\\\/person\\\/10d11eccf6da3662cf5fdab9806ea91a\"},\"headline\":\"Nazim B\u0259yd\u0259mirli: M\u0259z\u0259nn\u0259ni bazar m\u00fc\u0259yy\u0259n etm\u0259lidir\",\"datePublished\":\"2016-12-12T13:36:10+00:00\",\"mainEntityOfPage\":{\"@id\":\"https:\\\/\\\/www.meydan.tv\\\/az\\\/article\\\/nazim-beydemirli-mezenneni-bazar-mueyyen-etmelidir\\\/\"},\"wordCount\":416,\"publisher\":{\"@id\":\"https:\\\/\\\/www.meydan.tv\\\/az\\\/#organization\"},\"image\":{\"@id\":\"https:\\\/\\\/www.meydan.tv\\\/az\\\/article\\\/nazim-beydemirli-mezenneni-bazar-mueyyen-etmelidir\\\/#primaryimage\"},\"thumbnailUrl\":\"https:\\\/\\\/www.meydan.tv\\\/wp-content\\\/uploads\\\/26903.jpg\",\"articleSection\":[\"Analitika\"],\"inLanguage\":\"az\"},{\"@type\":\"WebPage\",\"@id\":\"https:\\\/\\\/www.meydan.tv\\\/az\\\/article\\\/nazim-beydemirli-mezenneni-bazar-mueyyen-etmelidir\\\/\",\"url\":\"https:\\\/\\\/www.meydan.tv\\\/az\\\/article\\\/nazim-beydemirli-mezenneni-bazar-mueyyen-etmelidir\\\/\",\"name\":\"Nazim B\u0259yd\u0259mirli: M\u0259z\u0259nn\u0259ni bazar m\u00fc\u0259yy\u0259n etm\u0259lidir - MEYDAN.TV\",\"isPartOf\":{\"@id\":\"https:\\\/\\\/www.meydan.tv\\\/az\\\/#website\"},\"primaryImageOfPage\":{\"@id\":\"https:\\\/\\\/www.meydan.tv\\\/az\\\/article\\\/nazim-beydemirli-mezenneni-bazar-mueyyen-etmelidir\\\/#primaryimage\"},\"image\":{\"@id\":\"https:\\\/\\\/www.meydan.tv\\\/az\\\/article\\\/nazim-beydemirli-mezenneni-bazar-mueyyen-etmelidir\\\/#primaryimage\"},\"thumbnailUrl\":\"https:\\\/\\\/www.meydan.tv\\\/wp-content\\\/uploads\\\/26903.jpg\",\"datePublished\":\"2016-12-12T13:36:10+00:00\",\"breadcrumb\":{\"@id\":\"https:\\\/\\\/www.meydan.tv\\\/az\\\/article\\\/nazim-beydemirli-mezenneni-bazar-mueyyen-etmelidir\\\/#breadcrumb\"},\"inLanguage\":\"az\",\"potentialAction\":[{\"@type\":\"ReadAction\",\"target\":[\"https:\\\/\\\/www.meydan.tv\\\/az\\\/article\\\/nazim-beydemirli-mezenneni-bazar-mueyyen-etmelidir\\\/\"]}]},{\"@type\":\"ImageObject\",\"inLanguage\":\"az\",\"@id\":\"https:\\\/\\\/www.meydan.tv\\\/az\\\/article\\\/nazim-beydemirli-mezenneni-bazar-mueyyen-etmelidir\\\/#primaryimage\",\"url\":\"https:\\\/\\\/www.meydan.tv\\\/wp-content\\\/uploads\\\/26903.jpg\",\"contentUrl\":\"https:\\\/\\\/www.meydan.tv\\\/wp-content\\\/uploads\\\/26903.jpg\",\"width\":680,\"height\":500,\"caption\":\"Source:\"},{\"@type\":\"BreadcrumbList\",\"@id\":\"https:\\\/\\\/www.meydan.tv\\\/az\\\/article\\\/nazim-beydemirli-mezenneni-bazar-mueyyen-etmelidir\\\/#breadcrumb\",\"itemListElement\":[{\"@type\":\"ListItem\",\"position\":1,\"name\":\"Ana s\u0259hif\u0259\",\"item\":\"https:\\\/\\\/www.meydan.tv\\\/az\\\/\"},{\"@type\":\"ListItem\",\"position\":2,\"name\":\"Analitika\",\"item\":\"https:\\\/\\\/www.meydan.tv\\\/az\\\/section\\\/analitika\\\/\"},{\"@type\":\"ListItem\",\"position\":3,\"name\":\"Nazim B\u0259yd\u0259mirli: M\u0259z\u0259nn\u0259ni bazar m\u00fc\u0259yy\u0259n etm\u0259lidir\"}]},{\"@type\":\"WebSite\",\"@id\":\"https:\\\/\\\/www.meydan.tv\\\/az\\\/#website\",\"url\":\"https:\\\/\\\/www.meydan.tv\\\/az\\\/\",\"name\":\"MEYDAN.TV\",\"description\":\"Meydan TV Az\u0259rbaycan\u0131n media m\u0259kan\u0131ndak\u0131 alternativ s\u0259sidir\",\"publisher\":{\"@id\":\"https:\\\/\\\/www.meydan.tv\\\/az\\\/#organization\"},\"potentialAction\":[{\"@type\":\"SearchAction\",\"target\":{\"@type\":\"EntryPoint\",\"urlTemplate\":\"https:\\\/\\\/www.meydan.tv\\\/az\\\/?s={search_term_string}\"},\"query-input\":{\"@type\":\"PropertyValueSpecification\",\"valueRequired\":true,\"valueName\":\"search_term_string\"}}],\"inLanguage\":\"az\"},{\"@type\":\"Organization\",\"@id\":\"https:\\\/\\\/www.meydan.tv\\\/az\\\/#organization\",\"name\":\"Meydan TV\",\"url\":\"https:\\\/\\\/www.meydan.tv\\\/az\\\/\",\"logo\":{\"@type\":\"ImageObject\",\"inLanguage\":\"az\",\"@id\":\"https:\\\/\\\/www.meydan.tv\\\/az\\\/#\\\/schema\\\/logo\\\/image\\\/\",\"url\":\"https:\\\/\\\/www.meydan.tv\\\/wp-content\\\/uploads\\\/2021\\\/07\\\/meydan-logo.svg\",\"contentUrl\":\"https:\\\/\\\/www.meydan.tv\\\/wp-content\\\/uploads\\\/2021\\\/07\\\/meydan-logo.svg\",\"width\":195,\"height\":46,\"caption\":\"Meydan TV\"},\"image\":{\"@id\":\"https:\\\/\\\/www.meydan.tv\\\/az\\\/#\\\/schema\\\/logo\\\/image\\\/\"}},{\"@type\":\"Person\",\"@id\":\"https:\\\/\\\/www.meydan.tv\\\/az\\\/#\\\/schema\\\/person\\\/10d11eccf6da3662cf5fdab9806ea91a\",\"name\":\"user-manager\"}]}<\/script>\n<!-- \/ Yoast SEO plugin. -->","yoast_head_json":{"title":"Nazim B\u0259yd\u0259mirli: M\u0259z\u0259nn\u0259ni bazar m\u00fc\u0259yy\u0259n etm\u0259lidir - MEYDAN.TV","robots":{"index":"index","follow":"follow","max-snippet":"max-snippet:-1","max-image-preview":"max-image-preview:large","max-video-preview":"max-video-preview:-1"},"canonical":"https:\/\/www.meydan.tv\/az\/article\/nazim-beydemirli-mezenneni-bazar-mueyyen-etmelidir\/","og_locale":"az_AZ","og_type":"article","og_title":"Nazim B\u0259yd\u0259mirli: M\u0259z\u0259nn\u0259ni bazar m\u00fc\u0259yy\u0259n etm\u0259lidir - MEYDAN.TV","og_description":"&#8221;\u201c\u00dcz\u0259n m\u0259z\u0259nn\u0259\u201d makroiqtisadi v\u0259 struktur probleml\u0259rinin h\u0259llini t\u0259l\u0259b edir&#8221; &#8220;Haz\u0131rda ... Davam\u0131","og_url":"https:\/\/www.meydan.tv\/az\/article\/nazim-beydemirli-mezenneni-bazar-mueyyen-etmelidir\/","og_site_name":"MEYDAN.TV","article_published_time":"2016-12-12T13:36:10+00:00","og_image":[{"width":680,"height":500,"url":"https:\/\/www.meydan.tv\/wp-content\/uploads\/26903.jpg","type":"image\/jpeg"}],"author":"user-manager","twitter_card":"summary_large_image","schema":{"@context":"https:\/\/schema.org","@graph":[{"@type":"Article","@id":"https:\/\/www.meydan.tv\/az\/article\/nazim-beydemirli-mezenneni-bazar-mueyyen-etmelidir\/#article","isPartOf":{"@id":"https:\/\/www.meydan.tv\/az\/article\/nazim-beydemirli-mezenneni-bazar-mueyyen-etmelidir\/"},"author":{"name":"user-manager","@id":"https:\/\/www.meydan.tv\/az\/#\/schema\/person\/10d11eccf6da3662cf5fdab9806ea91a"},"headline":"Nazim B\u0259yd\u0259mirli: M\u0259z\u0259nn\u0259ni bazar m\u00fc\u0259yy\u0259n etm\u0259lidir","datePublished":"2016-12-12T13:36:10+00:00","mainEntityOfPage":{"@id":"https:\/\/www.meydan.tv\/az\/article\/nazim-beydemirli-mezenneni-bazar-mueyyen-etmelidir\/"},"wordCount":416,"publisher":{"@id":"https:\/\/www.meydan.tv\/az\/#organization"},"image":{"@id":"https:\/\/www.meydan.tv\/az\/article\/nazim-beydemirli-mezenneni-bazar-mueyyen-etmelidir\/#primaryimage"},"thumbnailUrl":"https:\/\/www.meydan.tv\/wp-content\/uploads\/26903.jpg","articleSection":["Analitika"],"inLanguage":"az"},{"@type":"WebPage","@id":"https:\/\/www.meydan.tv\/az\/article\/nazim-beydemirli-mezenneni-bazar-mueyyen-etmelidir\/","url":"https:\/\/www.meydan.tv\/az\/article\/nazim-beydemirli-mezenneni-bazar-mueyyen-etmelidir\/","name":"Nazim B\u0259yd\u0259mirli: M\u0259z\u0259nn\u0259ni bazar m\u00fc\u0259yy\u0259n etm\u0259lidir - MEYDAN.TV","isPartOf":{"@id":"https:\/\/www.meydan.tv\/az\/#website"},"primaryImageOfPage":{"@id":"https:\/\/www.meydan.tv\/az\/article\/nazim-beydemirli-mezenneni-bazar-mueyyen-etmelidir\/#primaryimage"},"image":{"@id":"https:\/\/www.meydan.tv\/az\/article\/nazim-beydemirli-mezenneni-bazar-mueyyen-etmelidir\/#primaryimage"},"thumbnailUrl":"https:\/\/www.meydan.tv\/wp-content\/uploads\/26903.jpg","datePublished":"2016-12-12T13:36:10+00:00","breadcrumb":{"@id":"https:\/\/www.meydan.tv\/az\/article\/nazim-beydemirli-mezenneni-bazar-mueyyen-etmelidir\/#breadcrumb"},"inLanguage":"az","potentialAction":[{"@type":"ReadAction","target":["https:\/\/www.meydan.tv\/az\/article\/nazim-beydemirli-mezenneni-bazar-mueyyen-etmelidir\/"]}]},{"@type":"ImageObject","inLanguage":"az","@id":"https:\/\/www.meydan.tv\/az\/article\/nazim-beydemirli-mezenneni-bazar-mueyyen-etmelidir\/#primaryimage","url":"https:\/\/www.meydan.tv\/wp-content\/uploads\/26903.jpg","contentUrl":"https:\/\/www.meydan.tv\/wp-content\/uploads\/26903.jpg","width":680,"height":500,"caption":"Source:"},{"@type":"BreadcrumbList","@id":"https:\/\/www.meydan.tv\/az\/article\/nazim-beydemirli-mezenneni-bazar-mueyyen-etmelidir\/#breadcrumb","itemListElement":[{"@type":"ListItem","position":1,"name":"Ana s\u0259hif\u0259","item":"https:\/\/www.meydan.tv\/az\/"},{"@type":"ListItem","position":2,"name":"Analitika","item":"https:\/\/www.meydan.tv\/az\/section\/analitika\/"},{"@type":"ListItem","position":3,"name":"Nazim B\u0259yd\u0259mirli: M\u0259z\u0259nn\u0259ni bazar m\u00fc\u0259yy\u0259n etm\u0259lidir"}]},{"@type":"WebSite","@id":"https:\/\/www.meydan.tv\/az\/#website","url":"https:\/\/www.meydan.tv\/az\/","name":"MEYDAN.TV","description":"Meydan TV Az\u0259rbaycan\u0131n media m\u0259kan\u0131ndak\u0131 alternativ s\u0259sidir","publisher":{"@id":"https:\/\/www.meydan.tv\/az\/#organization"},"potentialAction":[{"@type":"SearchAction","target":{"@type":"EntryPoint","urlTemplate":"https:\/\/www.meydan.tv\/az\/?s={search_term_string}"},"query-input":{"@type":"PropertyValueSpecification","valueRequired":true,"valueName":"search_term_string"}}],"inLanguage":"az"},{"@type":"Organization","@id":"https:\/\/www.meydan.tv\/az\/#organization","name":"Meydan TV","url":"https:\/\/www.meydan.tv\/az\/","logo":{"@type":"ImageObject","inLanguage":"az","@id":"https:\/\/www.meydan.tv\/az\/#\/schema\/logo\/image\/","url":"https:\/\/www.meydan.tv\/wp-content\/uploads\/2021\/07\/meydan-logo.svg","contentUrl":"https:\/\/www.meydan.tv\/wp-content\/uploads\/2021\/07\/meydan-logo.svg","width":195,"height":46,"caption":"Meydan TV"},"image":{"@id":"https:\/\/www.meydan.tv\/az\/#\/schema\/logo\/image\/"}},{"@type":"Person","@id":"https:\/\/www.meydan.tv\/az\/#\/schema\/person\/10d11eccf6da3662cf5fdab9806ea91a","name":"user-manager"}]}},"_links":{"self":[{"href":"https:\/\/www.meydan.tv\/az\/wp-json\/wp\/v2\/posts\/181147","targetHints":{"allow":["GET"]}}],"collection":[{"href":"https:\/\/www.meydan.tv\/az\/wp-json\/wp\/v2\/posts"}],"about":[{"href":"https:\/\/www.meydan.tv\/az\/wp-json\/wp\/v2\/types\/post"}],"author":[{"embeddable":true,"href":"https:\/\/www.meydan.tv\/az\/wp-json\/wp\/v2\/users\/11"}],"replies":[{"embeddable":true,"href":"https:\/\/www.meydan.tv\/az\/wp-json\/wp\/v2\/comments?post=181147"}],"version-history":[{"count":0,"href":"https:\/\/www.meydan.tv\/az\/wp-json\/wp\/v2\/posts\/181147\/revisions"}],"wp:featuredmedia":[{"embeddable":true,"href":"https:\/\/www.meydan.tv\/az\/wp-json\/wp\/v2\/media\/70309"}],"wp:attachment":[{"href":"https:\/\/www.meydan.tv\/az\/wp-json\/wp\/v2\/media?parent=181147"}],"wp:term":[{"taxonomy":"category","embeddable":true,"href":"https:\/\/www.meydan.tv\/az\/wp-json\/wp\/v2\/categories?post=181147"},{"taxonomy":"post_tag","embeddable":true,"href":"https:\/\/www.meydan.tv\/az\/wp-json\/wp\/v2\/tags?post=181147"}],"curies":[{"name":"wp","href":"https:\/\/api.w.org\/{rel}","templated":true}]}}