{"id":181141,"date":"2016-12-11T22:13:37","date_gmt":"2016-12-11T22:13:37","guid":{"rendered":"https:\/\/www.meydan.tv\/article\/qara-avtomobilin-ag-hekayeti\/"},"modified":"2016-12-11T22:13:37","modified_gmt":"2016-12-11T22:13:37","slug":"qara-avtomobilin-ag-hekayeti","status":"publish","type":"post","link":"https:\/\/www.meydan.tv\/az\/article\/qara-avtomobilin-ag-hekayeti\/","title":{"rendered":"Qara avtomobilin a\u011f hekay\u0259ti&#8230;"},"content":{"rendered":"<figure class=\"wp-block-image size-large\">\n  <img decoding=\"async\" src=\"https:\/\/www.meydan.tv\/az\/nazli-agayeva-2\/\" alt=\"Nazl\u0131 A\u011fayeva\" class=\"wp-image-72776\"\/><figcaption>\n    Nazl\u0131 A\u011fayeva<br \/>\n  <\/figcaption><\/figure>\n<figure class=\"wp-block-image size-large\">\n  <img decoding=\"async\" src=\"https:\/\/www.meydan.tv\/az\/nazli-agayeva-3\/\" alt=\"Nazl\u0131 A\u011fayeva\" class=\"wp-image-72779\"\/><figcaption>\n    Nazl\u0131 A\u011fayeva<br \/>\n  <\/figcaption><\/figure>\n<p>\n  G\u00fcnl\u0259rd\u0259n \u015f\u0259nb\u0259ydi. Noyabr\u0131n son \u015f\u0259nb\u0259si. \u015e\u0259h\u0259r\u0259 giri\u015f dair\u0259sinin g\u00f6r\u00fcnd\u00fcy\u00fc m\u0259saf\u0259d\u0259n yolu ke\u00e7m\u0259liydim. D\u00fc\u015fd\u00fcy\u00fcm q\u0259zadan sonra h\u0259r\u0259k\u0259t ed\u0259n h\u0259r n\u00f6v texnikadan qorxuram, o g\u00fcnl\u0259ri d\u0259 yol bo\u015fal\u0131ncaya q\u0259d\u0259r g\u00f6zl\u0259dim. Qar\u015f\u0131 t\u0259r\u0259f\u0259 \u00e7atha\u00e7atda b\u00f6yr\u00fcmd\u0259n s\u00fcr\u0259tl\u0259 ke\u00e7\u0259n avtomobilin k\u00fcl\u0259yi balaca v\u00fccudumu silk\u0259l\u0259di. Ani olaraq qara avtomoilin s\u00fckan\u0131nda oturmu\u015f eyn\u0259kli ad\u0131m\u0131n \u00fcz\u00fcn\u00fc g\u00f6rd\u00fcm. Avtomobilin arxas\u0131nca baxmadan sad\u0259c\u0259 \u00f6z\u00fcm\u00fc qar\u015f\u0131 h\u0259y\u0259tin qap\u0131s\u0131ndan i\u00e7\u0259ri sald\u0131m. Toxtamaq \u00fc\u00e7\u00fcn c\u0131\u011f\u0131r\u0131n yan\u0131ndak\u0131 k\u00f6t\u00fcy\u00fcn \u00fcst\u00fcnd\u0259 oturmu\u015fdum ki, bird\u0259n avtomobild\u0259ki adam\u0131 hardasa g\u00f6rd\u00fcy\u00fcm\u00fc xat\u0131rlad\u0131m. Onda b\u0259s harda? Bird\u0259n yadda\u015f\u0131mda bizim t\u0259r\u0259fl\u0259rd\u0259 uzun ill\u0259r ad\u0131 hallanan m\u0259\u015fhur adam canland\u0131. Eyn\u0259n o idi! Amma bel\u0259 bir t\u0259sad\u00fcf m\u00fcmk\u00fcnm\u00fc? \u018fslind\u0259 t\u0259sad\u00fcf niy\u0259, adam\u0131n ev-e\u015fiyi, biznesi burda, daha durub piyada g\u0259z\u0259si deyil ki? M\u0259n d\u0259 ki, havadan q\u0259za axtaran adam. Niy\u0259 d\u0259 olmas\u0131n? Bu m\u0259ntiql\u0259 t\u0259s\u0259lli tap\u0131b ev\u0259 qalxd\u0131m.\n<\/p>\n<p>\n  &#8230;S\u0259kkiz il \u00f6nc\u0259 d\u0259 noyabr idi. \u00d6mr\u00fcm\u00fcn \u0259n dol\u011fun ill\u0259rini ya\u015fad\u0131\u011f\u0131m vaxtlarda q\u0259fil \u00fcst\u00fcm\u0259 \u015f\u0131\u011f\u0131yan bir b\u0259ladan b\u00fct\u00fcn varl\u0131\u011f\u0131m param-par\u00e7a oldu. O vaxtdan q\u0131r\u0131l\u0131b g\u00f6d\u0259lmi\u015f aya\u011f\u0131mla, beynimd\u0259 yaranan s\u0259sl\u0259rl\u0259, g\u00fccl\u0259 d\u00f6y\u00fcn\u0259n \u00fcr\u0259yiml\u0259 h\u0259yat\u0131mdan qopan o par\u00e7alar\u0131 axtar\u0131ram. H\u0259m d\u0259 tapmayaca\u011f\u0131m\u0131 bil\u0259-bil\u0259. Bu m\u0259nas\u0131z axtar\u0131\u015f ya\u015fam s\u0259b\u0259bl\u0259rim\u0259 \u00e7evrils\u0259 d\u0259, art\u0131q \u00e7ox yorulmu\u015fam. O q\u0259d\u0259r ki, o g\u00fcnl\u0259ri iri-x\u0131rda daha bir q\u0259zadan qurtulma\u011f\u0131ma sevin\u0259 d\u0259 bilm\u0259dim&#8230;\n<\/p>\n<p>\n  B\u0259lk\u0259 b\u00f6yr\u00fcmd\u0259n \u015f\u00fct\u00fcy\u0259n avtomobili y\u00fcks\u0259k \u00e7inli ba\u015fqa bir m\u0259mur idar\u0259 edirdi. D\u00fcnya bir-birin\u0259 b\u0259nz\u0259y\u0259n insanlarla doludur. H\u0259m d\u0259 b\u00f6y\u00fck Tolstoy demi\u015fk\u0259n &#8220;b\u00fct\u00fcn xo\u015fb\u0259xtl\u0259r eyni c\u00fcr xo\u015fb\u0259xtdirl\u0259r&#8221;. H\u0259r\u00e7\u0259nd yar\u0131m\u00e7\u0131q v\u0259 u\u011fursuz sitat oldu. Tolstoyu bu s\u00f6hb\u0259t\u0259 qatmaq he\u00e7 do\u011fru olmad\u0131. Amma vallah, bizim \u00f6lk\u0259d\u0259 xo\u015fb\u0259xtlik v\u0259zif\u0259 il\u0259, s\u0259rv\u0259tl\u0259 \u00f6l\u00e7\u00fcl\u00fcr, b\u0259db\u0259xtl\u0259r haqq\u0131nda is\u0259 dan\u0131\u015fma\u011fa d\u0259ym\u0259z. Y\u0259ni, o m\u00f6ht\u0259\u015f\u0259m avtomobild\u0259 hans\u0131sa bir yoxsulun oturmas\u0131 m\u00fcmk\u00fcn deyildi. \u018fg\u0259r ox\u015fatm\u0131\u015f\u0131qsa, dem\u0259li, z\u0259nnimizi \u00e7a\u015fd\u0131ran adam da c\u0259nab nazirin z\u00fcmr\u0259sind\u0259n imi\u015f. Di g\u0259l ki, h\u0259l\u0259lik ilk ehtimala \u00fcst\u00fcnl\u00fck verir\u0259m. N\u0259 d\u0259 olsa, b\u00f6y\u00fck-ki\u00e7ik var. Yeri g\u0259lmi\u015fk\u0259n, m\u0259n d\u0259 c\u0259nab nazird\u0259n bir ya\u015f b\u00f6y\u00fcy\u0259m, \u00fcst\u0259lik ikinci qrup \u0259lil\u0259m d\u0259. Bu yerd\u0259 s\u00f6z m\u0259n\u0259 d\u00fc\u015f\u0259r&#8230;\n<\/p>\n<p>\n  O vaxtlar m\u0259ni \u015fil-k\u00fct ed\u0259n s\u00fcr\u00fcc\u00fc yaln\u0131z \u0259m\u0259liyyatdan sonra yan\u0131ma g\u0259lib &#8220;evimizd\u0259 \u00e7\u00f6r\u0259k yoxdu, u\u015faqlar acd\u0131&#8221;, deyib a\u011flams\u0131nm\u0131\u015fd\u0131. Bal\u0131\u015f\u0131m\u0131n alt\u0131na dost-tan\u0131\u015f\u0131n qoydu\u011fu &#8220;yard\u0131mdan&#8221; bir kis\u0259 unun pulu il\u0259 bir daha m\u0259n\u0259 d\u0259ym\u0259y\u0259 g\u0259lm\u0259sin dey\u0259 xahi\u015f ed\u0259r\u0259k onu yola verdim. \u00c7\u00fcnki o bal\u0131\u015f\u0131n alt\u0131nda daha he\u00e7 n\u0259 qalmam\u0131\u015fd\u0131. Q\u0259za yerind\u0259n x\u0259st\u0259xanaya g\u0259tiril\u0259nd\u0259 da\u011f\u0131lm\u0131\u015f \u00e7antam\u0131 toparlay\u0131b i\u00e7ind\u0259n \u00fc\u00e7 manat pul tapm\u0131\u015fd\u0131lar.\n<\/p>\n<p>\n  \u018fm\u0259liyyatdan sonra d\u00f6vl\u0259t x\u0259st\u0259xans\u0131ndan daha bir ne\u00e7\u0259 ay yataq rejimi resepti v\u0259 \u00fc\u00e7 mind\u0259n art\u0131q borc-x\u0259rcl\u0259 bombo\u015f ev\u0259 qay\u0131td\u0131q. Na\u015f\u00fck\u00fcrl\u00fck kimi \u00e7\u0131xmas\u0131n, o halda inki\u015faf etmi\u015f bir v\u0259t\u0259nda\u015f olaraq q\u0259zadan sa\u011f \u00e7\u0131xd\u0131\u011f\u0131ma kifay\u0259t xo\u015fb\u0259xt ola bilm\u0259dim. \u00d6z\u00fc d\u0259 h\u0259l\u0259 manat\u0131n dollar\u0131 dolad\u0131\u011f\u0131, milli n\u00f6y\u00fct\u00fcm\u00fcz\u00fcn d\u00fc\u015fm\u0259n g\u00f6z\u00fc \u00e7\u0131xartd\u0131\u011f\u0131 kulminasiya d\u00f6vr\u00fcnd\u0259.\n<\/p>\n<p>\n  Onda tez-tez d\u00fc\u015f\u00fcn\u00fcrd\u00fcm ki, Allah\u0131m, s\u0259n\u0259 qurban olum, yolda-irizd\u0259 bu q\u0259d\u0259r imkanl\u0131 adam ola-ola m\u0259ni bu yetimmi vurmal\u0131yd\u0131? Q\u0259zan\u0131n z\u00fclm\u00fcn\u00fc \u00e7\u0259kdik, he\u00e7 olmasa vuran\u0131n d\u0259rdin\u0259 y\u00fckl\u0259nm\u0259y\u0259ydik. \u0130ndi \u015fans birc\u0259 add\u0131ml\u0131\u011f\u0131mdan qu\u015f kimi u\u00e7ub ged\u0259nd\u0259n sonra beynimd\u0259 sad\u0259c\u0259 \u015firin suallar dola\u015f\u0131r:\n<\/p>\n<p>\n  \u2013 O avtomobil m\u0259ni vursayd\u0131 v\u0259 s\u00fckan arxas\u0131ndak\u0131 t\u0259xmin etdiyimiz kimi c\u0259nab nazir olsayd\u0131, n\u0259 d\u0259yi\u015f\u0259c\u0259kdi? N\u0259hay\u0259t, b\u0259xtim g\u0259tir\u0259c\u0259kdimi? T\u0259z\u0259 x\u0259sar\u0259tl\u0259rl\u0259 b\u0259rab\u0259r k\u00f6hn\u0259 s\u0131n\u0131qlara da \u0259l g\u0259zdir\u0259c\u0259kdil\u0259rmi? \u0130kiqat z\u0259r\u0259r\u00e7\u0259kmi\u015f\u0259 balaca, rahat, isti bir daxma ay\u0131racaqd\u0131larm\u0131? V\u0259 yaxud d\u00fcnyadan bird\u0259f\u0259lik can\u0131m qurtarsayd\u0131?\n<\/p>\n<p>\n  T\u0259nt\u0259n\u0259li d\u0259fn m\u0259rasimi, qonaqlar \u00fc\u00e7\u00fcn ulduzlu otell\u0259rd\u0259 l\u00fcks n\u00f6mr\u0259l\u0259r t\u0259\u015fkil ed\u0259c\u0259kdil\u0259rmi? H\u0259l\u0259 \u015feirl\u0259rimd\u0259n birin\u0259 \u0259l\u00fcst\u00fc musiqi b\u0259st\u0259l\u0259yib m\u0259rasimd\u0259 yerli pianolar\u0131m\u0131z\u0131n m\u00fc\u015fayi\u0259ti il\u0259 s\u0259sl\u0259ndirm\u0259zdil\u0259rmi? Kim bilir, h\u0259tta b\u0259lk\u0259 hans\u0131sa k\u00fc\u00e7\u0259nin q\u0259n\u0259t-quyru\u011fundan bir az k\u0259sib ad\u0131ma ver\u0259rdil\u0259r d\u0259. V\u0259 o k\u00f6vr\u0259k pay\u0131z g\u00fcn\u00fc m\u0259ni vurmayan qara avtomobil b\u00fct\u00fcn bu g\u00f6z\u0259l x\u0259yallar\u0131n \u00fcst\u00fcnd\u0259n ke\u00e7di&#8230;\n<\/p>\n<p>\n  H\u0259min g\u00fcn\u00fcn ax\u015fam\u0131 ma\u011fazadan qay\u0131danda yol\u00fcst\u00fc m\u0259ni g\u00f6t\u00fcr\u0259n taksi q\u0259fil qar\u015f\u0131dan \u00e7\u0131xan tan\u0131\u015f qara avtomobil\u0259 i\u015far\u0259 edib dill\u0259ndi:\n<\/p>\n<p>\n  &#8220;Halal olsun ki\u015fiy\u0259, o boyda adam &#8220;oxran&#8221;s\u0131z g\u0259zir!&#8221; &#8220;O boyda adam\u0131n o boyda avtomobild\u0259 &#8220;oxran&#8221;a n\u0259 ehtiyac\u0131?&#8221; \u2013 dey\u0259 soru\u015fmad\u0131m. O boyda adam o adam idis\u0259, taksi\u00e7i haqs\u0131z say\u0131lmaz. M\u0259s\u0259l\u0259n, h\u0259min g\u00fcn o avtomobil m\u0259n\u0259 d\u0259yib z\u0259d\u0259l\u0259n\u0259rdi v\u0259 sahibi d\u0259 kim olur-olsun, y\u00fcng\u00fcl psixoloji x\u0259sar\u0259t ala bil\u0259rdi&#8230; B\u00fct\u00fcn ehtimallarda Allah qorusun! \u00c7\u00fcnki q\u0259za yaman \u015feydir. Vuran v\u0259 vurulandan as\u0131l\u0131 olmayaraq h\u0259r hans\u0131 q\u0259zan\u0131n hasili a\u011fr\u0131l\u0131, a\u011f\u0131r n\u0259tic\u0259y\u0259 nisb\u0259td\u0259 s\u0131f\u0131ra b\u0259rab\u0259rdir&#8230; \u00d6z\u00fcm\u00fcz\u00fc b\u00fct\u00fcn n\u00f6v q\u0259zalardan qoruma\u011fa \u00e7al\u0131\u015faq. T\u0259bii, q\u0259za v\u0259ziyy\u0259tind\u0259 olan \u00f6lk\u0259d\u0259 bunu n\u0259 q\u0259d\u0259r bacara bils\u0259k&#8230;\n<\/p>\n<p>\n  <i><br \/>\n    <b><br \/>\n      Yaz\u0131 m\u00fc\u0259llifin fikirl\u0259rini \u0259ks etdirir v\u0259 Meydan TV-nin m\u00f6vqeyi il\u0259 \u00fcst-\u00fcst\u0259 d\u00fc\u015fm\u0259y\u0259 bil\u0259r.<br \/>\n    <\/b><br \/>\n  <\/i><\/p>\n","protected":false},"excerpt":{"rendered":"<p>G\u00fcnl\u0259rd\u0259n \u015f\u0259nb\u0259ydi<\/p>\n","protected":false},"author":11,"featured_media":72776,"comment_status":"closed","ping_status":"open","sticky":false,"template":"","format":"standard","meta":{"_acf_changed":false,"_sitemap_exclude":false,"_sitemap_priority":"","_sitemap_frequency":"","footnotes":""},"categories":[57],"tags":[],"class_list":["post-181141","post","type-post","status-publish","format-standard","has-post-thumbnail","hentry","category-menim-fikrimce","infinite-scroll-item","generate-columns","tablet-grid-50","mobile-grid-100","grid-parent","grid-33","no-featured-image-padding"],"acf":[],"yoast_head":"<!-- This site is optimized with the Yoast SEO plugin v27.5 - https:\/\/yoast.com\/product\/yoast-seo-wordpress\/ -->\n<title>Qara avtomobilin a\u011f hekay\u0259ti... - MEYDAN.TV<\/title>\n<meta name=\"robots\" content=\"index, follow, max-snippet:-1, max-image-preview:large, max-video-preview:-1\" \/>\n<link rel=\"canonical\" href=\"https:\/\/www.meydan.tv\/az\/article\/qara-avtomobilin-ag-hekayeti\/\" \/>\n<meta property=\"og:locale\" content=\"az_AZ\" \/>\n<meta property=\"og:type\" content=\"article\" \/>\n<meta property=\"og:title\" content=\"Qara avtomobilin a\u011f hekay\u0259ti... - MEYDAN.TV\" \/>\n<meta property=\"og:description\" content=\"G\u00fcnl\u0259rd\u0259n \u015f\u0259nb\u0259ydi\" \/>\n<meta property=\"og:url\" content=\"https:\/\/www.meydan.tv\/az\/article\/qara-avtomobilin-ag-hekayeti\/\" \/>\n<meta property=\"og:site_name\" content=\"MEYDAN.TV\" \/>\n<meta property=\"article:published_time\" content=\"2016-12-11T22:13:37+00:00\" \/>\n<meta property=\"og:image\" content=\"https:\/\/www.meydan.tv\/wp-content\/uploads\/28026.jpg\" \/>\n\t<meta property=\"og:image:width\" content=\"500\" \/>\n\t<meta property=\"og:image:height\" content=\"300\" \/>\n\t<meta property=\"og:image:type\" content=\"image\/jpeg\" \/>\n<meta name=\"author\" content=\"user-manager\" \/>\n<meta name=\"twitter:card\" content=\"summary_large_image\" \/>\n<script type=\"application\/ld+json\" class=\"yoast-schema-graph\">{\"@context\":\"https:\\\/\\\/schema.org\",\"@graph\":[{\"@type\":\"Article\",\"@id\":\"https:\\\/\\\/www.meydan.tv\\\/az\\\/article\\\/qara-avtomobilin-ag-hekayeti\\\/#article\",\"isPartOf\":{\"@id\":\"https:\\\/\\\/www.meydan.tv\\\/az\\\/article\\\/qara-avtomobilin-ag-hekayeti\\\/\"},\"author\":{\"name\":\"user-manager\",\"@id\":\"https:\\\/\\\/www.meydan.tv\\\/az\\\/#\\\/schema\\\/person\\\/10d11eccf6da3662cf5fdab9806ea91a\"},\"headline\":\"Qara avtomobilin a\u011f hekay\u0259ti&#8230;\",\"datePublished\":\"2016-12-11T22:13:37+00:00\",\"mainEntityOfPage\":{\"@id\":\"https:\\\/\\\/www.meydan.tv\\\/az\\\/article\\\/qara-avtomobilin-ag-hekayeti\\\/\"},\"wordCount\":1185,\"publisher\":{\"@id\":\"https:\\\/\\\/www.meydan.tv\\\/az\\\/#organization\"},\"image\":{\"@id\":\"https:\\\/\\\/www.meydan.tv\\\/az\\\/article\\\/qara-avtomobilin-ag-hekayeti\\\/#primaryimage\"},\"thumbnailUrl\":\"https:\\\/\\\/www.meydan.tv\\\/wp-content\\\/uploads\\\/28026.jpg\",\"articleSection\":[\"M\u0259nim Fikrimc\u0259\"],\"inLanguage\":\"az\"},{\"@type\":\"WebPage\",\"@id\":\"https:\\\/\\\/www.meydan.tv\\\/az\\\/article\\\/qara-avtomobilin-ag-hekayeti\\\/\",\"url\":\"https:\\\/\\\/www.meydan.tv\\\/az\\\/article\\\/qara-avtomobilin-ag-hekayeti\\\/\",\"name\":\"Qara avtomobilin a\u011f hekay\u0259ti... - MEYDAN.TV\",\"isPartOf\":{\"@id\":\"https:\\\/\\\/www.meydan.tv\\\/az\\\/#website\"},\"primaryImageOfPage\":{\"@id\":\"https:\\\/\\\/www.meydan.tv\\\/az\\\/article\\\/qara-avtomobilin-ag-hekayeti\\\/#primaryimage\"},\"image\":{\"@id\":\"https:\\\/\\\/www.meydan.tv\\\/az\\\/article\\\/qara-avtomobilin-ag-hekayeti\\\/#primaryimage\"},\"thumbnailUrl\":\"https:\\\/\\\/www.meydan.tv\\\/wp-content\\\/uploads\\\/28026.jpg\",\"datePublished\":\"2016-12-11T22:13:37+00:00\",\"breadcrumb\":{\"@id\":\"https:\\\/\\\/www.meydan.tv\\\/az\\\/article\\\/qara-avtomobilin-ag-hekayeti\\\/#breadcrumb\"},\"inLanguage\":\"az\",\"potentialAction\":[{\"@type\":\"ReadAction\",\"target\":[\"https:\\\/\\\/www.meydan.tv\\\/az\\\/article\\\/qara-avtomobilin-ag-hekayeti\\\/\"]}]},{\"@type\":\"ImageObject\",\"inLanguage\":\"az\",\"@id\":\"https:\\\/\\\/www.meydan.tv\\\/az\\\/article\\\/qara-avtomobilin-ag-hekayeti\\\/#primaryimage\",\"url\":\"https:\\\/\\\/www.meydan.tv\\\/wp-content\\\/uploads\\\/28026.jpg\",\"contentUrl\":\"https:\\\/\\\/www.meydan.tv\\\/wp-content\\\/uploads\\\/28026.jpg\",\"width\":500,\"height\":300,\"caption\":\"Source:\"},{\"@type\":\"BreadcrumbList\",\"@id\":\"https:\\\/\\\/www.meydan.tv\\\/az\\\/article\\\/qara-avtomobilin-ag-hekayeti\\\/#breadcrumb\",\"itemListElement\":[{\"@type\":\"ListItem\",\"position\":1,\"name\":\"Ana s\u0259hif\u0259\",\"item\":\"https:\\\/\\\/www.meydan.tv\\\/az\\\/\"},{\"@type\":\"ListItem\",\"position\":2,\"name\":\"M\u0259nim Fikrimc\u0259\",\"item\":\"https:\\\/\\\/www.meydan.tv\\\/az\\\/section\\\/menim-fikrimce\\\/\"},{\"@type\":\"ListItem\",\"position\":3,\"name\":\"Qara avtomobilin a\u011f hekay\u0259ti&#8230;\"}]},{\"@type\":\"WebSite\",\"@id\":\"https:\\\/\\\/www.meydan.tv\\\/az\\\/#website\",\"url\":\"https:\\\/\\\/www.meydan.tv\\\/az\\\/\",\"name\":\"MEYDAN.TV\",\"description\":\"Meydan TV Az\u0259rbaycan\u0131n media m\u0259kan\u0131ndak\u0131 alternativ s\u0259sidir\",\"publisher\":{\"@id\":\"https:\\\/\\\/www.meydan.tv\\\/az\\\/#organization\"},\"potentialAction\":[{\"@type\":\"SearchAction\",\"target\":{\"@type\":\"EntryPoint\",\"urlTemplate\":\"https:\\\/\\\/www.meydan.tv\\\/az\\\/?s={search_term_string}\"},\"query-input\":{\"@type\":\"PropertyValueSpecification\",\"valueRequired\":true,\"valueName\":\"search_term_string\"}}],\"inLanguage\":\"az\"},{\"@type\":\"Organization\",\"@id\":\"https:\\\/\\\/www.meydan.tv\\\/az\\\/#organization\",\"name\":\"Meydan TV\",\"url\":\"https:\\\/\\\/www.meydan.tv\\\/az\\\/\",\"logo\":{\"@type\":\"ImageObject\",\"inLanguage\":\"az\",\"@id\":\"https:\\\/\\\/www.meydan.tv\\\/az\\\/#\\\/schema\\\/logo\\\/image\\\/\",\"url\":\"https:\\\/\\\/www.meydan.tv\\\/wp-content\\\/uploads\\\/2021\\\/07\\\/meydan-logo.svg\",\"contentUrl\":\"https:\\\/\\\/www.meydan.tv\\\/wp-content\\\/uploads\\\/2021\\\/07\\\/meydan-logo.svg\",\"width\":195,\"height\":46,\"caption\":\"Meydan TV\"},\"image\":{\"@id\":\"https:\\\/\\\/www.meydan.tv\\\/az\\\/#\\\/schema\\\/logo\\\/image\\\/\"}},{\"@type\":\"Person\",\"@id\":\"https:\\\/\\\/www.meydan.tv\\\/az\\\/#\\\/schema\\\/person\\\/10d11eccf6da3662cf5fdab9806ea91a\",\"name\":\"user-manager\"}]}<\/script>\n<!-- \/ Yoast SEO plugin. -->","yoast_head_json":{"title":"Qara avtomobilin a\u011f hekay\u0259ti... - MEYDAN.TV","robots":{"index":"index","follow":"follow","max-snippet":"max-snippet:-1","max-image-preview":"max-image-preview:large","max-video-preview":"max-video-preview:-1"},"canonical":"https:\/\/www.meydan.tv\/az\/article\/qara-avtomobilin-ag-hekayeti\/","og_locale":"az_AZ","og_type":"article","og_title":"Qara avtomobilin a\u011f hekay\u0259ti... - MEYDAN.TV","og_description":"G\u00fcnl\u0259rd\u0259n \u015f\u0259nb\u0259ydi","og_url":"https:\/\/www.meydan.tv\/az\/article\/qara-avtomobilin-ag-hekayeti\/","og_site_name":"MEYDAN.TV","article_published_time":"2016-12-11T22:13:37+00:00","og_image":[{"width":500,"height":300,"url":"https:\/\/www.meydan.tv\/wp-content\/uploads\/28026.jpg","type":"image\/jpeg"}],"author":"user-manager","twitter_card":"summary_large_image","schema":{"@context":"https:\/\/schema.org","@graph":[{"@type":"Article","@id":"https:\/\/www.meydan.tv\/az\/article\/qara-avtomobilin-ag-hekayeti\/#article","isPartOf":{"@id":"https:\/\/www.meydan.tv\/az\/article\/qara-avtomobilin-ag-hekayeti\/"},"author":{"name":"user-manager","@id":"https:\/\/www.meydan.tv\/az\/#\/schema\/person\/10d11eccf6da3662cf5fdab9806ea91a"},"headline":"Qara avtomobilin a\u011f hekay\u0259ti&#8230;","datePublished":"2016-12-11T22:13:37+00:00","mainEntityOfPage":{"@id":"https:\/\/www.meydan.tv\/az\/article\/qara-avtomobilin-ag-hekayeti\/"},"wordCount":1185,"publisher":{"@id":"https:\/\/www.meydan.tv\/az\/#organization"},"image":{"@id":"https:\/\/www.meydan.tv\/az\/article\/qara-avtomobilin-ag-hekayeti\/#primaryimage"},"thumbnailUrl":"https:\/\/www.meydan.tv\/wp-content\/uploads\/28026.jpg","articleSection":["M\u0259nim Fikrimc\u0259"],"inLanguage":"az"},{"@type":"WebPage","@id":"https:\/\/www.meydan.tv\/az\/article\/qara-avtomobilin-ag-hekayeti\/","url":"https:\/\/www.meydan.tv\/az\/article\/qara-avtomobilin-ag-hekayeti\/","name":"Qara avtomobilin a\u011f hekay\u0259ti... - MEYDAN.TV","isPartOf":{"@id":"https:\/\/www.meydan.tv\/az\/#website"},"primaryImageOfPage":{"@id":"https:\/\/www.meydan.tv\/az\/article\/qara-avtomobilin-ag-hekayeti\/#primaryimage"},"image":{"@id":"https:\/\/www.meydan.tv\/az\/article\/qara-avtomobilin-ag-hekayeti\/#primaryimage"},"thumbnailUrl":"https:\/\/www.meydan.tv\/wp-content\/uploads\/28026.jpg","datePublished":"2016-12-11T22:13:37+00:00","breadcrumb":{"@id":"https:\/\/www.meydan.tv\/az\/article\/qara-avtomobilin-ag-hekayeti\/#breadcrumb"},"inLanguage":"az","potentialAction":[{"@type":"ReadAction","target":["https:\/\/www.meydan.tv\/az\/article\/qara-avtomobilin-ag-hekayeti\/"]}]},{"@type":"ImageObject","inLanguage":"az","@id":"https:\/\/www.meydan.tv\/az\/article\/qara-avtomobilin-ag-hekayeti\/#primaryimage","url":"https:\/\/www.meydan.tv\/wp-content\/uploads\/28026.jpg","contentUrl":"https:\/\/www.meydan.tv\/wp-content\/uploads\/28026.jpg","width":500,"height":300,"caption":"Source:"},{"@type":"BreadcrumbList","@id":"https:\/\/www.meydan.tv\/az\/article\/qara-avtomobilin-ag-hekayeti\/#breadcrumb","itemListElement":[{"@type":"ListItem","position":1,"name":"Ana s\u0259hif\u0259","item":"https:\/\/www.meydan.tv\/az\/"},{"@type":"ListItem","position":2,"name":"M\u0259nim Fikrimc\u0259","item":"https:\/\/www.meydan.tv\/az\/section\/menim-fikrimce\/"},{"@type":"ListItem","position":3,"name":"Qara avtomobilin a\u011f hekay\u0259ti&#8230;"}]},{"@type":"WebSite","@id":"https:\/\/www.meydan.tv\/az\/#website","url":"https:\/\/www.meydan.tv\/az\/","name":"MEYDAN.TV","description":"Meydan TV Az\u0259rbaycan\u0131n media m\u0259kan\u0131ndak\u0131 alternativ s\u0259sidir","publisher":{"@id":"https:\/\/www.meydan.tv\/az\/#organization"},"potentialAction":[{"@type":"SearchAction","target":{"@type":"EntryPoint","urlTemplate":"https:\/\/www.meydan.tv\/az\/?s={search_term_string}"},"query-input":{"@type":"PropertyValueSpecification","valueRequired":true,"valueName":"search_term_string"}}],"inLanguage":"az"},{"@type":"Organization","@id":"https:\/\/www.meydan.tv\/az\/#organization","name":"Meydan TV","url":"https:\/\/www.meydan.tv\/az\/","logo":{"@type":"ImageObject","inLanguage":"az","@id":"https:\/\/www.meydan.tv\/az\/#\/schema\/logo\/image\/","url":"https:\/\/www.meydan.tv\/wp-content\/uploads\/2021\/07\/meydan-logo.svg","contentUrl":"https:\/\/www.meydan.tv\/wp-content\/uploads\/2021\/07\/meydan-logo.svg","width":195,"height":46,"caption":"Meydan TV"},"image":{"@id":"https:\/\/www.meydan.tv\/az\/#\/schema\/logo\/image\/"}},{"@type":"Person","@id":"https:\/\/www.meydan.tv\/az\/#\/schema\/person\/10d11eccf6da3662cf5fdab9806ea91a","name":"user-manager"}]}},"_links":{"self":[{"href":"https:\/\/www.meydan.tv\/az\/wp-json\/wp\/v2\/posts\/181141","targetHints":{"allow":["GET"]}}],"collection":[{"href":"https:\/\/www.meydan.tv\/az\/wp-json\/wp\/v2\/posts"}],"about":[{"href":"https:\/\/www.meydan.tv\/az\/wp-json\/wp\/v2\/types\/post"}],"author":[{"embeddable":true,"href":"https:\/\/www.meydan.tv\/az\/wp-json\/wp\/v2\/users\/11"}],"replies":[{"embeddable":true,"href":"https:\/\/www.meydan.tv\/az\/wp-json\/wp\/v2\/comments?post=181141"}],"version-history":[{"count":0,"href":"https:\/\/www.meydan.tv\/az\/wp-json\/wp\/v2\/posts\/181141\/revisions"}],"wp:featuredmedia":[{"embeddable":true,"href":"https:\/\/www.meydan.tv\/az\/wp-json\/wp\/v2\/media\/72776"}],"wp:attachment":[{"href":"https:\/\/www.meydan.tv\/az\/wp-json\/wp\/v2\/media?parent=181141"}],"wp:term":[{"taxonomy":"category","embeddable":true,"href":"https:\/\/www.meydan.tv\/az\/wp-json\/wp\/v2\/categories?post=181141"},{"taxonomy":"post_tag","embeddable":true,"href":"https:\/\/www.meydan.tv\/az\/wp-json\/wp\/v2\/tags?post=181141"}],"curies":[{"name":"wp","href":"https:\/\/api.w.org\/{rel}","templated":true}]}}