{"id":181129,"date":"2016-12-10T21:11:32","date_gmt":"2016-12-10T21:11:32","guid":{"rendered":"https:\/\/www.meydan.tv\/article\/quberniyalar-sistemine-kecirilerse\/"},"modified":"2016-12-10T21:11:32","modified_gmt":"2016-12-10T21:11:32","slug":"quberniyalar-sistemine-kecirilerse","status":"publish","type":"post","link":"https:\/\/www.meydan.tv\/az\/article\/quberniyalar-sistemine-kecirilerse\/","title":{"rendered":"Quberniyalar sistemin\u0259 ke\u00e7iril\u0259rs\u0259&#8230;"},"content":{"rendered":"<p>\n  <i><br \/>\n    &#8221;Bu c\u00fcr sistem yerli \u00f6z\u00fcn\u00fcidar\u0259etm\u0259ni inkar edir&#8221;<br \/>\n  <\/i>\n<\/p>\n<p>\n  \u00d6t\u0259n h\u0259ft\u0259 Milli M\u0259clisin b\u00fcdc\u0259 m\u00fczakir\u0259l\u0259ri zaman\u0131 deputatlar rayonlar\u0131n l\u0259\u011fv olunaraq quberniyalar sistemin\u0259 ke\u00e7ilm\u0259sini d\u0259 g\u00fcnd\u0259m\u0259 g\u0259tirdil\u0259r. Onlar t\u0259klifl\u0259rini b\u00fcdc\u0259nin y\u00fck\u00fcn\u00fcn azalmas\u0131 v\u0259 daha \u00e7evik idar\u0259etm\u0259 sisteminin yarad\u0131lmas\u0131 il\u0259 \u0259laq\u0259l\u0259ndirdil\u0259r.\n<\/p>\n<p>\n  Konkret olaraq, Ana V\u0259t\u0259n Partiyas\u0131n\u0131n s\u0259dri, deputat F\u0259zail A\u011famal\u0131 rayonlar\u0131n l\u0259\u011fv olunmas\u0131n\u0131, quberniya tipli \u00e7evik idar\u0259\u00e7ilik sistemin\u0259 ke\u00e7ilm\u0259sini t\u0259klif edib.\n<\/p>\n<p>\n  ASDP s\u0259dri, deputat Araz \u018flizad\u0259 bu t\u0259klifi h\u0259l\u0259 2003-c\u00fc ild\u0259 ir\u0259li s\u00fcrd\u00fcy\u00fcn\u00fc bildirdi:\n<\/p>\n<figure class=\"wp-block-image size-large\">\n  <img decoding=\"async\" src=\"https:\/\/www.meydan.tv\/az\/75067\/\" alt=\"\" class=\"wp-image-75067\"\/><figcaption>\n    Araz \u018flizad\u0259 foto sosial \u015f\u0259b\u0259k\u0259<br \/>\n  <\/figcaption><\/figure>\n<p>\n  \u201cH\u0259min il \u00f6z layih\u0259mi haz\u0131rlayark\u0259n, Az\u0259rbaycan\u0131n tarixi inzibati b\u00f6l\u00fcnm\u0259 formas\u0131n\u0131 n\u0259z\u0259r\u0259 alaraq, xanl\u0131qlar d\u00f6vr\u00fcnd\u0259 oldu\u011fu kimi, G\u0259nc\u0259, Quba, L\u0259nk\u0259ran, \u015eirvan v\u0259 ba\u015fqa adlarda quberniyalar\u0131n yarad\u0131lmas\u0131n\u0131 t\u0259klif etmi\u015fdim. O zaman m\u0259ni &#8220;topa tutdular&#8221;. Bunun separat\u00e7\u0131l\u0131\u011fa yol a\u00e7aca\u011f\u0131n\u0131 bildirdil\u0259r. \u0130ndi is\u0259 h\u0259min m\u0259s\u0259l\u0259nin \u0259h\u0259miyy\u0259tini anlay\u0131b, h\u0259yata ke\u00e7irm\u0259y\u0259 \u00e7al\u0131\u015f\u0131rlar. S\u00f6zs\u00fcz ki, bu b\u00f6lg\u00fcn\u00fc d\u0259st\u0259kl\u0259yir\u0259m v\u0259 h\u0259yata ke\u00e7irilm\u0259sin\u0259 \u00fcmid edir\u0259m\u201d.\n<\/p>\n<p>\n  Siyasi icmal\u00e7\u0131 Elxan \u015eahino\u011flu is\u0259 t\u0259klifi t\u0259hl\u00fck\u0259li hesab edib. O, bu bar\u0259d\u0259 \u00f6z \u201cFacebook\u201d s\u0259hif\u0259sind\u0259 m\u00fcnasib\u0259tini s\u0259rgil\u0259yib:\n<\/p>\n<p>\n  \u201cAyd\u0131nd\u0131r ki, 2017 iqtisadi bax\u0131mdan a\u011f\u0131r il olacaq, idar\u0259etm\u0259d\u0259 struktur islahatlar\u0131 apar\u0131lmal\u0131, x\u0259rcl\u0259r azald\u0131lmal\u0131d\u0131r. Ancaq, do\u011frusu, icra hakiml\u0259rinin ixtisar olunaraq idar\u0259etm\u0259nin b\u00f6lg\u0259l\u0259r \u00fczr\u0259 ayr\u0131lmas\u0131, quberniyalar\u0131n yarad\u0131lmas\u0131 ideyas\u0131ndan ehtiyat edir\u0259m. T\u0259klif bir q\u0259d\u0259r ke\u00e7mi\u015f\u0259 &#8211; xanl\u0131qlar anlay\u0131\u015f\u0131na qay\u0131d\u0131\u015fa b\u0259nz\u0259yir v\u0259 qorxuram ki, bu c\u00fcr islahatlar m\u0259rk\u0259zd\u0259nqa\u00e7ma meyll\u0259rini g\u00fccl\u0259ndir\u0259 bil\u0259r. M\u0259s\u0259l\u0259n, hans\u0131sa vilay\u0259t iqtisadi bax\u0131mdan daha \u00e7ox inki\u015faf edib bir g\u00fcn dey\u0259 bil\u0259r ki, kas\u0131b vilay\u0259tl\u0259 bizi bir tutumay\u0131n, \u00f6lk\u0259 b\u00fcdc\u0259sin\u0259 daha \u00e7ox pul veririk, ona g\u00f6r\u0259 bizim daha \u00e7ox haqq\u0131m\u0131z olmal\u0131d\u0131r. Bunun sonda n\u0259y\u0259 g\u0259tirib \u00e7\u0131xaraca\u011f\u0131 \u00fcz\u0259rind\u0259 ba\u015f s\u0131nd\u0131rma\u011fa d\u0259ym\u0259z\u201d.\n<\/p>\n<figure class=\"wp-block-image size-large\">\n  <img decoding=\"async\" src=\"https:\/\/www.meydan.tv\/az\/70829\/\" alt=\"\" class=\"wp-image-70829\"\/><figcaption>\n    Elxan \u015eahino\u011flu Meydan TV<br \/>\n  <\/figcaption><\/figure>\n<p>\n  O, fikirl\u0259rini inand\u0131r\u0131c\u0131 etm\u0259k \u00fc\u00e7\u00fcn Avropa \u00f6lk\u0259l\u0259rind\u0259n d\u0259 misal \u00e7\u0259kib: \u201c\u0130taliyan\u0131n \u015fimal\u0131 daha \u00e7ox m\u00fcst\u0259qilliy\u0259 ona g\u00f6r\u0259 \u00e7al\u0131\u015f\u0131r ki, daha az inki\u015faf ed\u0259n c\u0259nuba pul ay\u0131rmas\u0131n. V\u0259 ya yax\u0131n Ukraynan\u0131 g\u00f6t\u00fcr\u0259k. Kiyev Donbasa h\u0259m d\u0259 ona g\u00f6r\u0259 \u00e7ox m\u00fcst\u0259qillik verm\u0259k ist\u0259mir ki, sabah q\u0259rb b\u00f6lg\u0259l\u0259ri d\u0259 muxtariyy\u0259t t\u0259l\u0259b ed\u0259c\u0259k v\u0259 \u00f6lk\u0259 b\u00fcdc\u0259sin\u0259 ian\u0259l\u0259r ke\u00e7irm\u0259y\u0259c\u0259kl\u0259r. \u0130cra hakiml\u0259rinin ixtisar\u0131 vacibdirs\u0259, \u0259n yax\u015f\u0131s\u0131 onlar\u0131n yerin\u0259 b\u0259l\u0259diyy\u0259 sisteminin g\u00fccl\u0259ndirilm\u0259sidir. Ancaq bunun \u00fc\u00e7\u00fcn azad v\u0259 \u0259dal\u0259t b\u0259l\u0259diyy\u0259 se\u00e7kisi ke\u00e7irm\u0259k laz\u0131md\u0131r\u201d.\n<\/p>\n<p>\n  \u0130qtisad\u00e7\u0131 Qadir \u0130brahimli is\u0259 bu bar\u0259d\u0259 ideyan\u0131 ilk d\u0259f\u0259 \u00f6z\u00fcn\u00fcn s\u0259sl\u0259ndirdiyini s\u00f6yl\u0259y\u0259r\u0259k deyib ki, onu narahat ed\u0259n ideyaya b\u0259zi \u201cekspertl\u0259rin\u201d diletant yana\u015fmas\u0131d\u0131r:\n<\/p>\n<p>\n  \u201cAy guya yen\u0259 xanl\u0131qlar yarad\u0131l\u0131r, quberniyalar Car Rusiyas\u0131n\u0131n m\u0259hsulu idi v\u0259 s. Yax\u015f\u0131 olard\u0131, 1988-ci il ritorikas\u0131ndan \u00e7\u0131xas\u0131n\u0131z, vaxt\u0131n\u0131z olanda idar\u0259etm\u0259 il\u0259 ba\u011fl\u0131 kitablar oxuyun. Vilay\u0259tl\u0259rin yarad\u0131lmas\u0131 idar\u0259etm\u0259 islahatlar\u0131n\u0131n \u0259n vacib \u015f\u0259rtl\u0259rind\u0259n biridir. H\u00f6kum\u0259t bu add\u0131m\u0131 atacaqsa, bunu yaln\u0131z m\u00fcsb\u0259t d\u0259y\u0259rl\u0259ndirm\u0259k olar. M\u0259rk\u0259zi hakimiyy\u0259tin s\u0259lahiyy\u0259tinin (H\u00fcquq m\u00fchafiz\u0259 v\u0259 m\u00fcdafi\u0259 funksiyalar\u0131 istisna olmaqla) vilay\u0259tl\u0259r\u0259 verilm\u0259si, yerli \u00f6z\u00fcn\u00fcidar\u0259etm\u0259 imkanlar\u0131n\u0131n art\u0131r\u0131lmas\u0131 regionlar\u0131n inki\u015faf\u0131n\u0131 stimulla\u015fd\u0131racaq\u201d.\n<\/p>\n<figure class=\"wp-block-image size-large\">\n  <img decoding=\"async\" src=\"https:\/\/www.meydan.tv\/az\/72436\/\" alt=\"\" class=\"wp-image-72436\"\/><figcaption>\n    Qadir \u0130brahimli foto Meydan TV<br \/>\n  <\/figcaption><\/figure>\n<p>\n  \u201cT\u0259bii ki, vilay\u0259tl\u0259rin hans\u0131 \u0259saslarla yarad\u0131laca\u011f\u0131 v\u0259 hans\u0131 s\u0259lahiyy\u0259tl\u0259r\u0259 sahib olaca\u011f\u0131 ciddi m\u00fczakir\u0259l\u0259r m\u00f6vzusudur. Ancaq ideyan\u0131n \u00f6z\u00fc b\u00fct\u00fcn hallarda pozitivdir\u201d,-dey\u0259 qitisad\u00e7\u0131 fikrini yekunla\u015fd\u0131r\u0131b.\n<\/p>\n<p>\n  M\u00fcsavat Partiyas\u0131n\u0131n ba\u015fqan\u0131 Arif Hac\u0131l\u0131 Meydan TV-nin bu bar\u0259d\u0259 sual\u0131na cavab olaraq bildirib ki, Az\u0259rbaycan kimi ki\u00e7ik \u00f6lk\u0259 \u00fc\u00e7\u00fcn 80 rayonun olmas\u0131 \u00e7oxdur:\n<\/p>\n<p>\n  &#8220;Bu, \u0259lav\u0259 b\u00fcrokratik aparat, \u0259lav\u0259 m\u0259mur d\u0259st\u0259si, d\u00f6vl\u0259t b\u00fcdc\u0259sind\u0259n k\u00fclli miqdarda v\u0259saitl\u0259rin ayr\u0131lmas\u0131 dem\u0259kdir. Eyni zamanda, bu c\u00fcr sistem yerli \u00f6z\u00fcn\u00fcidar\u0259etm\u0259ni inkar edir v\u0259 faktiki olaraq, regionlar\u0131n m\u0259rk\u0259zd\u0259n idar\u0259 olunmas\u0131n\u0131 g\u00fccl\u0259ndirir. Normal b\u0259l\u0259diyy\u0259l\u0259rin olmad\u0131\u011f\u0131n\u0131 n\u0259z\u0259r\u0131 ald\u0131qda, bu, v\u0259ziyy\u0259ti bir q\u0259d\u0259r d\u0259 m\u00fcr\u0259kk\u0259bl\u0259\u015fdirir. Ona g\u00f6r\u0259 \u00f6lk\u0259nin vilay\u0259tl\u0259r\u0259 b\u00f6l\u00fcnm\u0259si, b\u00fcrokratik aparat\u0131n azalmas\u0131, yerli \u00f6z\u00fcn\u00fcidar\u0259etm\u0259nin g\u00fccl\u0259nm\u0259sin\u0259 m\u00fcsb\u0259t yana\u015fmaq olar&#8221;.\n<\/p>\n<p>\n  Ancaq M\u00fcsavat ba\u015fqan\u0131 d\u00fc\u015f\u00fcn\u00fcr ki, hakimiyy\u0259t konseptual olaraq bu m\u0259s\u0259l\u0259 f\u0259rqli m\u00f6vqe tutur, bir qayda olaraq yerli \u00f6z\u00fcn\u00fcidar\u0259etm\u0259nin funksiyalar\u0131n\u0131 m\u0259hdudla\u015fd\u0131r\u0131r, rayonlar\u0131n say\u0131 art\u0131r\u0131l\u0131r v\u0259 b\u00fcrokratik aparat\u0131n t\u0259rkibi geni\u015fl\u0259ndirilir: \u201cBu m\u0259nada t\u0259klifin c\u0259miyy\u0259tin sosial \u00e7\u0259tinlikl\u0259rd\u0259n v\u0259 yaranm\u0131\u015f b\u00f6hrandan yay\u0131nd\u0131rmaq m\u0259qs\u0259di da\u015f\u0131d\u0131\u011f\u0131 q\u0259na\u0259tind\u0259y\u0259m. M\u0259nc\u0259, hakimiyy\u0259tin indiki \u015f\u0259raitd\u0259 yeni inzibati b\u00f6lg\u00fc sistemini t\u0259tbiq etm\u0259y\u0259 siyasi irad\u0259si \u00e7atmayacaq v\u0259 t\u0259klif m\u00fczakir\u0259 \u015f\u0259klind\u0259 d\u0259 qalacaq\u201d.\n<\/p>\n<figure class=\"wp-block-image size-large\">\n  <img decoding=\"async\" src=\"https:\/\/www.meydan.tv\/az\/75070\/\" alt=\"\" class=\"wp-image-75070\"\/><figcaption>\n    Arif Hac\u0131l\u0131, foto: Meydan TV<br \/>\n  <\/figcaption><\/figure>\n<p>\n  O, yerli \u00f6z\u00fcn\u00fcidar\u0259etm\u0259 sisteminin inki\u015faf\u0131n\u0131n h\u0259r bir c\u0259miyy\u0259t \u00fc\u00e7\u00fcn z\u0259ruri oldu\u011funu s\u00f6yl\u0259y\u0259r\u0259k \u0259lav\u0259 edib ki, Az\u0259rbaycanda bu sistem fakiti olaraq m\u00f6vcud deyil. \u015e\u0259h\u0259rl\u0259rd\u0259, rayonlarda, obalarda, k\u0259ndl\u0259rd\u0259 yerli \u00f6z\u00fcn\u00fcidar\u0259etm\u0259 sistemi qurulmal\u0131d\u0131r. Bunun \u00fc\u00e7\u00fcn se\u00e7ki qurumlar\u0131 yarad\u0131lmal\u0131 v\u0259 onlar toplad\u0131qlar\u0131 v\u0259sait hesab\u0131na f\u0259aliyy\u0259t g\u00f6st\u0259rm\u0259lidir. H\u0259tta sovet d\u00f6vr\u00fcnd\u0259 formal olaraq rayon v\u0259 k\u0259nd sovetl\u0259ri vard\u0131 ki, probleml\u0259ri m\u00fczakir\u0259 edirdil\u0259r. Az\u0259rbaycan unikal \u00f6lk\u0259dir ki, \u015f\u0259h\u0259rl\u0259rin merl\u0259ri v\u0259 \u00fcmumi b\u0259l\u0259diyy\u0259l\u0259ri yoxdur. M\u0259s\u0259l\u0259n, Bak\u0131 \u015f\u0259h\u0259rinin b\u0259l\u0259diyy\u0259si yoxdur. Yaln\u0131z \u00f6lk\u0259ni vilay\u0259tl\u0259r\u0259 b\u00f6lm\u0259kl\u0259 idar\u0259etm\u0259ni yax\u015f\u0131la\u015fd\u0131rmaq m\u00fcmk\u00fcn deyil, bu m\u0259s\u0259l\u0259l\u0259r kompleks h\u0259ll olunmal\u0131d\u0131r. Ona g\u00f6r\u0259 bir daha vur\u011fulay\u0131ram ki, indiki idar\u0259\u00e7ilikl\u0259 hakimiyy\u0259tin pozitiv islahatlar aparaca\u011f\u0131 qeyri-m\u00fcmk\u00fcnd\u00fcr&#8221;.\n<\/p>\n<p>\n  Arif Hac\u0131l\u0131 ba\u015fqan\u0131 oldu\u011fu partiyan\u0131n 2000 v\u0259 2003-c\u00fc ill\u0259rd\u0259 yerli \u00f6z\u00fcn\u00fcidar\u0259etm\u0259yl\u0259 ba\u011fl\u0131 t\u0259klifl\u0259rini ictimaiyy\u0259t\u0259 t\u0259qdim etdiyini dedi: \u201cH\u0259tta qanun layih\u0259l\u0259ri d\u0259 zaman-zaman Milli M\u0259clis\u0259 t\u0259qdim olunub. Sad\u0259c\u0259, hakimiyy\u0259t t\u0259klifl\u0259rimizi iqnor edib neqativ d\u0259yi\u015fiklikl\u0259r\u0259 \u00fcst\u00fcnl\u00fck verir\u201d.<\/p>\n","protected":false},"excerpt":{"rendered":"<p>&#8221;Bu c\u00fcr sistem yerli \u00f6z\u00fcn\u00fcidar\u0259etm\u0259ni inkar edir&#8221;<\/p>\n","protected":false},"author":11,"featured_media":71018,"comment_status":"closed","ping_status":"open","sticky":false,"template":"","format":"standard","meta":{"_acf_changed":false,"_sitemap_exclude":false,"_sitemap_priority":"","_sitemap_frequency":"","footnotes":""},"categories":[51],"tags":[],"class_list":["post-181129","post","type-post","status-publish","format-standard","has-post-thumbnail","hentry","category-analitika","infinite-scroll-item","generate-columns","tablet-grid-50","mobile-grid-100","grid-parent","grid-33","no-featured-image-padding"],"acf":[],"yoast_head":"<!-- This site is optimized with the Yoast SEO plugin v27.5 - https:\/\/yoast.com\/product\/yoast-seo-wordpress\/ -->\n<title>Quberniyalar sistemin\u0259 ke\u00e7iril\u0259rs\u0259... - MEYDAN.TV<\/title>\n<meta name=\"robots\" content=\"index, follow, max-snippet:-1, max-image-preview:large, max-video-preview:-1\" \/>\n<link rel=\"canonical\" href=\"https:\/\/www.meydan.tv\/az\/article\/quberniyalar-sistemine-kecirilerse\/\" \/>\n<meta property=\"og:locale\" content=\"az_AZ\" \/>\n<meta property=\"og:type\" content=\"article\" \/>\n<meta property=\"og:title\" content=\"Quberniyalar sistemin\u0259 ke\u00e7iril\u0259rs\u0259... - MEYDAN.TV\" \/>\n<meta property=\"og:description\" content=\"&#039;&#039;Bu c\u00fcr sistem yerli \u00f6z\u00fcn\u00fcidar\u0259etm\u0259ni inkar edir&#039;&#039;\" \/>\n<meta property=\"og:url\" content=\"https:\/\/www.meydan.tv\/az\/article\/quberniyalar-sistemine-kecirilerse\/\" \/>\n<meta property=\"og:site_name\" content=\"MEYDAN.TV\" \/>\n<meta property=\"article:published_time\" content=\"2016-12-10T21:11:32+00:00\" \/>\n<meta property=\"og:image\" content=\"https:\/\/www.meydan.tv\/wp-content\/uploads\/27195.jpg\" \/>\n\t<meta property=\"og:image:width\" content=\"2000\" \/>\n\t<meta property=\"og:image:height\" content=\"1333\" \/>\n\t<meta property=\"og:image:type\" content=\"image\/jpeg\" \/>\n<meta name=\"author\" content=\"user-manager\" \/>\n<meta name=\"twitter:card\" content=\"summary_large_image\" \/>\n<script type=\"application\/ld+json\" class=\"yoast-schema-graph\">{\"@context\":\"https:\\\/\\\/schema.org\",\"@graph\":[{\"@type\":\"Article\",\"@id\":\"https:\\\/\\\/www.meydan.tv\\\/az\\\/article\\\/quberniyalar-sistemine-kecirilerse\\\/#article\",\"isPartOf\":{\"@id\":\"https:\\\/\\\/www.meydan.tv\\\/az\\\/article\\\/quberniyalar-sistemine-kecirilerse\\\/\"},\"author\":{\"name\":\"user-manager\",\"@id\":\"https:\\\/\\\/www.meydan.tv\\\/az\\\/#\\\/schema\\\/person\\\/10d11eccf6da3662cf5fdab9806ea91a\"},\"headline\":\"Quberniyalar sistemin\u0259 ke\u00e7iril\u0259rs\u0259&#8230;\",\"datePublished\":\"2016-12-10T21:11:32+00:00\",\"mainEntityOfPage\":{\"@id\":\"https:\\\/\\\/www.meydan.tv\\\/az\\\/article\\\/quberniyalar-sistemine-kecirilerse\\\/\"},\"wordCount\":1282,\"publisher\":{\"@id\":\"https:\\\/\\\/www.meydan.tv\\\/az\\\/#organization\"},\"image\":{\"@id\":\"https:\\\/\\\/www.meydan.tv\\\/az\\\/article\\\/quberniyalar-sistemine-kecirilerse\\\/#primaryimage\"},\"thumbnailUrl\":\"https:\\\/\\\/www.meydan.tv\\\/wp-content\\\/uploads\\\/27195.jpg\",\"articleSection\":[\"Analitika\"],\"inLanguage\":\"az\"},{\"@type\":\"WebPage\",\"@id\":\"https:\\\/\\\/www.meydan.tv\\\/az\\\/article\\\/quberniyalar-sistemine-kecirilerse\\\/\",\"url\":\"https:\\\/\\\/www.meydan.tv\\\/az\\\/article\\\/quberniyalar-sistemine-kecirilerse\\\/\",\"name\":\"Quberniyalar sistemin\u0259 ke\u00e7iril\u0259rs\u0259... - MEYDAN.TV\",\"isPartOf\":{\"@id\":\"https:\\\/\\\/www.meydan.tv\\\/az\\\/#website\"},\"primaryImageOfPage\":{\"@id\":\"https:\\\/\\\/www.meydan.tv\\\/az\\\/article\\\/quberniyalar-sistemine-kecirilerse\\\/#primaryimage\"},\"image\":{\"@id\":\"https:\\\/\\\/www.meydan.tv\\\/az\\\/article\\\/quberniyalar-sistemine-kecirilerse\\\/#primaryimage\"},\"thumbnailUrl\":\"https:\\\/\\\/www.meydan.tv\\\/wp-content\\\/uploads\\\/27195.jpg\",\"datePublished\":\"2016-12-10T21:11:32+00:00\",\"breadcrumb\":{\"@id\":\"https:\\\/\\\/www.meydan.tv\\\/az\\\/article\\\/quberniyalar-sistemine-kecirilerse\\\/#breadcrumb\"},\"inLanguage\":\"az\",\"potentialAction\":[{\"@type\":\"ReadAction\",\"target\":[\"https:\\\/\\\/www.meydan.tv\\\/az\\\/article\\\/quberniyalar-sistemine-kecirilerse\\\/\"]}]},{\"@type\":\"ImageObject\",\"inLanguage\":\"az\",\"@id\":\"https:\\\/\\\/www.meydan.tv\\\/az\\\/article\\\/quberniyalar-sistemine-kecirilerse\\\/#primaryimage\",\"url\":\"https:\\\/\\\/www.meydan.tv\\\/wp-content\\\/uploads\\\/27195.jpg\",\"contentUrl\":\"https:\\\/\\\/www.meydan.tv\\\/wp-content\\\/uploads\\\/27195.jpg\",\"width\":2000,\"height\":1333,\"caption\":\"Source:\"},{\"@type\":\"BreadcrumbList\",\"@id\":\"https:\\\/\\\/www.meydan.tv\\\/az\\\/article\\\/quberniyalar-sistemine-kecirilerse\\\/#breadcrumb\",\"itemListElement\":[{\"@type\":\"ListItem\",\"position\":1,\"name\":\"Ana s\u0259hif\u0259\",\"item\":\"https:\\\/\\\/www.meydan.tv\\\/az\\\/\"},{\"@type\":\"ListItem\",\"position\":2,\"name\":\"Analitika\",\"item\":\"https:\\\/\\\/www.meydan.tv\\\/az\\\/section\\\/analitika\\\/\"},{\"@type\":\"ListItem\",\"position\":3,\"name\":\"Quberniyalar sistemin\u0259 ke\u00e7iril\u0259rs\u0259&#8230;\"}]},{\"@type\":\"WebSite\",\"@id\":\"https:\\\/\\\/www.meydan.tv\\\/az\\\/#website\",\"url\":\"https:\\\/\\\/www.meydan.tv\\\/az\\\/\",\"name\":\"MEYDAN.TV\",\"description\":\"Meydan TV Az\u0259rbaycan\u0131n media m\u0259kan\u0131ndak\u0131 alternativ s\u0259sidir\",\"publisher\":{\"@id\":\"https:\\\/\\\/www.meydan.tv\\\/az\\\/#organization\"},\"potentialAction\":[{\"@type\":\"SearchAction\",\"target\":{\"@type\":\"EntryPoint\",\"urlTemplate\":\"https:\\\/\\\/www.meydan.tv\\\/az\\\/?s={search_term_string}\"},\"query-input\":{\"@type\":\"PropertyValueSpecification\",\"valueRequired\":true,\"valueName\":\"search_term_string\"}}],\"inLanguage\":\"az\"},{\"@type\":\"Organization\",\"@id\":\"https:\\\/\\\/www.meydan.tv\\\/az\\\/#organization\",\"name\":\"Meydan TV\",\"url\":\"https:\\\/\\\/www.meydan.tv\\\/az\\\/\",\"logo\":{\"@type\":\"ImageObject\",\"inLanguage\":\"az\",\"@id\":\"https:\\\/\\\/www.meydan.tv\\\/az\\\/#\\\/schema\\\/logo\\\/image\\\/\",\"url\":\"https:\\\/\\\/www.meydan.tv\\\/wp-content\\\/uploads\\\/2021\\\/07\\\/meydan-logo.svg\",\"contentUrl\":\"https:\\\/\\\/www.meydan.tv\\\/wp-content\\\/uploads\\\/2021\\\/07\\\/meydan-logo.svg\",\"width\":195,\"height\":46,\"caption\":\"Meydan TV\"},\"image\":{\"@id\":\"https:\\\/\\\/www.meydan.tv\\\/az\\\/#\\\/schema\\\/logo\\\/image\\\/\"}},{\"@type\":\"Person\",\"@id\":\"https:\\\/\\\/www.meydan.tv\\\/az\\\/#\\\/schema\\\/person\\\/10d11eccf6da3662cf5fdab9806ea91a\",\"name\":\"user-manager\"}]}<\/script>\n<!-- \/ Yoast SEO plugin. -->","yoast_head_json":{"title":"Quberniyalar sistemin\u0259 ke\u00e7iril\u0259rs\u0259... - MEYDAN.TV","robots":{"index":"index","follow":"follow","max-snippet":"max-snippet:-1","max-image-preview":"max-image-preview:large","max-video-preview":"max-video-preview:-1"},"canonical":"https:\/\/www.meydan.tv\/az\/article\/quberniyalar-sistemine-kecirilerse\/","og_locale":"az_AZ","og_type":"article","og_title":"Quberniyalar sistemin\u0259 ke\u00e7iril\u0259rs\u0259... - MEYDAN.TV","og_description":"''Bu c\u00fcr sistem yerli \u00f6z\u00fcn\u00fcidar\u0259etm\u0259ni inkar edir''","og_url":"https:\/\/www.meydan.tv\/az\/article\/quberniyalar-sistemine-kecirilerse\/","og_site_name":"MEYDAN.TV","article_published_time":"2016-12-10T21:11:32+00:00","og_image":[{"width":2000,"height":1333,"url":"https:\/\/www.meydan.tv\/wp-content\/uploads\/27195.jpg","type":"image\/jpeg"}],"author":"user-manager","twitter_card":"summary_large_image","schema":{"@context":"https:\/\/schema.org","@graph":[{"@type":"Article","@id":"https:\/\/www.meydan.tv\/az\/article\/quberniyalar-sistemine-kecirilerse\/#article","isPartOf":{"@id":"https:\/\/www.meydan.tv\/az\/article\/quberniyalar-sistemine-kecirilerse\/"},"author":{"name":"user-manager","@id":"https:\/\/www.meydan.tv\/az\/#\/schema\/person\/10d11eccf6da3662cf5fdab9806ea91a"},"headline":"Quberniyalar sistemin\u0259 ke\u00e7iril\u0259rs\u0259&#8230;","datePublished":"2016-12-10T21:11:32+00:00","mainEntityOfPage":{"@id":"https:\/\/www.meydan.tv\/az\/article\/quberniyalar-sistemine-kecirilerse\/"},"wordCount":1282,"publisher":{"@id":"https:\/\/www.meydan.tv\/az\/#organization"},"image":{"@id":"https:\/\/www.meydan.tv\/az\/article\/quberniyalar-sistemine-kecirilerse\/#primaryimage"},"thumbnailUrl":"https:\/\/www.meydan.tv\/wp-content\/uploads\/27195.jpg","articleSection":["Analitika"],"inLanguage":"az"},{"@type":"WebPage","@id":"https:\/\/www.meydan.tv\/az\/article\/quberniyalar-sistemine-kecirilerse\/","url":"https:\/\/www.meydan.tv\/az\/article\/quberniyalar-sistemine-kecirilerse\/","name":"Quberniyalar sistemin\u0259 ke\u00e7iril\u0259rs\u0259... - MEYDAN.TV","isPartOf":{"@id":"https:\/\/www.meydan.tv\/az\/#website"},"primaryImageOfPage":{"@id":"https:\/\/www.meydan.tv\/az\/article\/quberniyalar-sistemine-kecirilerse\/#primaryimage"},"image":{"@id":"https:\/\/www.meydan.tv\/az\/article\/quberniyalar-sistemine-kecirilerse\/#primaryimage"},"thumbnailUrl":"https:\/\/www.meydan.tv\/wp-content\/uploads\/27195.jpg","datePublished":"2016-12-10T21:11:32+00:00","breadcrumb":{"@id":"https:\/\/www.meydan.tv\/az\/article\/quberniyalar-sistemine-kecirilerse\/#breadcrumb"},"inLanguage":"az","potentialAction":[{"@type":"ReadAction","target":["https:\/\/www.meydan.tv\/az\/article\/quberniyalar-sistemine-kecirilerse\/"]}]},{"@type":"ImageObject","inLanguage":"az","@id":"https:\/\/www.meydan.tv\/az\/article\/quberniyalar-sistemine-kecirilerse\/#primaryimage","url":"https:\/\/www.meydan.tv\/wp-content\/uploads\/27195.jpg","contentUrl":"https:\/\/www.meydan.tv\/wp-content\/uploads\/27195.jpg","width":2000,"height":1333,"caption":"Source:"},{"@type":"BreadcrumbList","@id":"https:\/\/www.meydan.tv\/az\/article\/quberniyalar-sistemine-kecirilerse\/#breadcrumb","itemListElement":[{"@type":"ListItem","position":1,"name":"Ana s\u0259hif\u0259","item":"https:\/\/www.meydan.tv\/az\/"},{"@type":"ListItem","position":2,"name":"Analitika","item":"https:\/\/www.meydan.tv\/az\/section\/analitika\/"},{"@type":"ListItem","position":3,"name":"Quberniyalar sistemin\u0259 ke\u00e7iril\u0259rs\u0259&#8230;"}]},{"@type":"WebSite","@id":"https:\/\/www.meydan.tv\/az\/#website","url":"https:\/\/www.meydan.tv\/az\/","name":"MEYDAN.TV","description":"Meydan TV Az\u0259rbaycan\u0131n media m\u0259kan\u0131ndak\u0131 alternativ s\u0259sidir","publisher":{"@id":"https:\/\/www.meydan.tv\/az\/#organization"},"potentialAction":[{"@type":"SearchAction","target":{"@type":"EntryPoint","urlTemplate":"https:\/\/www.meydan.tv\/az\/?s={search_term_string}"},"query-input":{"@type":"PropertyValueSpecification","valueRequired":true,"valueName":"search_term_string"}}],"inLanguage":"az"},{"@type":"Organization","@id":"https:\/\/www.meydan.tv\/az\/#organization","name":"Meydan TV","url":"https:\/\/www.meydan.tv\/az\/","logo":{"@type":"ImageObject","inLanguage":"az","@id":"https:\/\/www.meydan.tv\/az\/#\/schema\/logo\/image\/","url":"https:\/\/www.meydan.tv\/wp-content\/uploads\/2021\/07\/meydan-logo.svg","contentUrl":"https:\/\/www.meydan.tv\/wp-content\/uploads\/2021\/07\/meydan-logo.svg","width":195,"height":46,"caption":"Meydan TV"},"image":{"@id":"https:\/\/www.meydan.tv\/az\/#\/schema\/logo\/image\/"}},{"@type":"Person","@id":"https:\/\/www.meydan.tv\/az\/#\/schema\/person\/10d11eccf6da3662cf5fdab9806ea91a","name":"user-manager"}]}},"_links":{"self":[{"href":"https:\/\/www.meydan.tv\/az\/wp-json\/wp\/v2\/posts\/181129","targetHints":{"allow":["GET"]}}],"collection":[{"href":"https:\/\/www.meydan.tv\/az\/wp-json\/wp\/v2\/posts"}],"about":[{"href":"https:\/\/www.meydan.tv\/az\/wp-json\/wp\/v2\/types\/post"}],"author":[{"embeddable":true,"href":"https:\/\/www.meydan.tv\/az\/wp-json\/wp\/v2\/users\/11"}],"replies":[{"embeddable":true,"href":"https:\/\/www.meydan.tv\/az\/wp-json\/wp\/v2\/comments?post=181129"}],"version-history":[{"count":0,"href":"https:\/\/www.meydan.tv\/az\/wp-json\/wp\/v2\/posts\/181129\/revisions"}],"wp:featuredmedia":[{"embeddable":true,"href":"https:\/\/www.meydan.tv\/az\/wp-json\/wp\/v2\/media\/71018"}],"wp:attachment":[{"href":"https:\/\/www.meydan.tv\/az\/wp-json\/wp\/v2\/media?parent=181129"}],"wp:term":[{"taxonomy":"category","embeddable":true,"href":"https:\/\/www.meydan.tv\/az\/wp-json\/wp\/v2\/categories?post=181129"},{"taxonomy":"post_tag","embeddable":true,"href":"https:\/\/www.meydan.tv\/az\/wp-json\/wp\/v2\/tags?post=181129"}],"curies":[{"name":"wp","href":"https:\/\/api.w.org\/{rel}","templated":true}]}}