{"id":181112,"date":"2016-12-10T13:44:38","date_gmt":"2016-12-10T13:44:38","guid":{"rendered":"https:\/\/www.meydan.tv\/article\/toyuq-evveldir-yoxsa-yumurta\/"},"modified":"2016-12-10T13:44:38","modified_gmt":"2016-12-10T13:44:38","slug":"toyuq-evveldir-yoxsa-yumurta","status":"publish","type":"post","link":"https:\/\/www.meydan.tv\/az\/article\/toyuq-evveldir-yoxsa-yumurta\/","title":{"rendered":"Toyuq \u0259vv\u0259ldir, yoxsa yumurta?"},"content":{"rendered":"<figure class=\"wp-block-image size-large\">\n  <img decoding=\"async\" src=\"https:\/\/www.meydan.tv\/az\/zerdust-elizade-10\/\" alt=\"Z\u0259rd\u00fc\u015ft \u018flizad\u0259\" class=\"wp-image-65223\"\/><figcaption>\n    Z\u0259rd\u00fc\u015ft \u018flizad\u0259<br \/>\n  <\/figcaption><\/figure>\n<figure class=\"wp-block-image size-large\">\n  <img decoding=\"async\" src=\"https:\/\/www.meydan.tv\/az\/zerdust\/\" alt=\"Z\u0259rd\u00fc\u015ft\" class=\"wp-image-74950\"\/><figcaption>\n    Z\u0259rd\u00fc\u015ft<br \/>\n  <\/figcaption><\/figure>\n<p>\n  Kainatin \u0259vv\u0259li q\u0259d\u0259r m\u00fcr\u0259kk\u0259b olan bu sual\u0131n cavab\u0131n\u0131 he\u00e7 k\u0259s bilmir. Amma soru\u015furlar, m\u00fcxt\u0259lif s\u0259pgil\u0259rd\u0259, \u00e7ox vaxt zarafat v\u0259 dolamaq \u00fc\u00e7\u00fcn . B\u0259z\u0259n is\u0259 ciddi \u015f\u0259kild\u0259. M\u0259s\u0259l\u0259n, bel\u0259: Az\u0259rbaycan\u0131n d\u00fc\u015fd\u00fcy\u00fc a\u011f\u0131r b\u00f6hranda kim daha \u00e7ox m\u00fcq\u0259ssirdir, hakimiyy\u0259t, yoxsa xalq?\n<\/p>\n<p>\n  Cavab\u0131 kims\u0259 bilirmi? M\u0259nc\u0259, yox, amma m\u00fcbahis\u0259l\u0259r s\u0259ngimir.\n<\/p>\n<p>\n  &#8220;T\u0259qsir hakimiyy\u0259td\u0259dir&#8221; dey\u0259nl\u0259r \u00f6z fikirl\u0259rini t\u0259sdiql\u0259m\u0259k \u00fc\u00e7\u00fcn s\u00fcbut g\u0259tirirl\u0259r: G\u00fcnah\u0131 xalq\u0131n \u00fcst\u00fcn\u0259 atmaq d\u00fcz deyil. Pis \u0259sg\u0259r olmur, pis komandir olur. M\u0259s\u0259l\u0259n:\n<\/p>\n<p>\n  &#8211; 1941-ci ild\u0259 Moskvan\u0131n m\u00fcdafi\u0259sini tap\u015f\u0131rm\u0131\u015fd\u0131lar Voro\u015filova, paytaxt \u0259ld\u0259n gedirdi. Tap\u015f\u0131rd\u0131lar Jukova, birc\u0259 aya almanlar\u0131 120 kilometr geri oturtdu, \u015f\u0259h\u0259ri xilas etdi.\n<\/p>\n<p>\n  &#8211; 1985-ci ild\u0259 SSR\u0130-d\u0259 hakimiyy\u0259t\u0259 Mixail Qorba\u00e7ov, \u00c7in Xalq Respublikas\u0131nda Den Syao-Pin g\u0259lmi\u015fdil\u0259r. SSR\u0130 q\u00fcdr\u0259tli s\u0259naye v\u0259 elm \u00f6lk\u0259si idi, Cin pis g\u00fcnd\u0259, n\u0259h\u0259ng \u0259halisi yar\u0131ac ya\u015fayan \u00f6lk\u0259 idi. Qorba\u00e7ovun c\u0259mi be\u015fillik hakimiyy\u0259ti SSR\u0130-ni da\u011f\u0131td\u0131, Den-Syao-Pinin islahatlar\u0131 Cini d\u00fcnyan\u0131n \u0259n inki\u015faf etmi\u015f \u00f6lk\u0259sin\u0259 \u00e7evirdi.\n<\/p>\n<p>\n  &#8211; G\u00fcrc\u00fcstan r\u00fc\u015fv\u0259td\u0259 t\u0259k Qafqazda yox, b\u00fct\u00fcn SSR\u0130-d\u0259 birinci yerd\u0259 idi. Hakimiyy\u0259t\u0259 Mixail Saaka\u015fvili g\u0259ldi, \u0259traf\u0131na t\u0259miz v\u0259t\u0259np\u0259rv\u0259rl\u0259ri toplad\u0131, bir-iki il\u0259 G\u00fcrc\u00fcstan\u0131 r\u00fc\u015fv\u0259td\u0259n t\u0259mizl\u0259di. \u0130ndi b\u00fct\u00fcn Qafqaz G\u00fcrc\u00fcstana h\u0259s\u0259dl\u0259 bax\u0131r, biznes Az\u0259rbaycandan v\u0259 Erm\u0259nistandan G\u00fcrc\u00fcstana qa\u00e7\u0131r.\n<\/p>\n<p>\n  &#8211; Li-Kuan-Yu ba\u015f nazir v\u0259zif\u0259sin\u0259 g\u0259l\u0259nd\u0259 Sinqapur r\u00fc\u015fv\u0259t bataql\u0131\u011f\u0131nda \u00e7abalayan kas\u0131b v\u0259 qapazalt\u0131 bir \u00f6lk\u0259 idi. Li-Kuan-Yu d\u0259mir \u0259ll\u0259 r\u00fc\u015fv\u0259t \u0259jd\u0259has\u0131n\u0131 bo\u011fdu, \u00f6lk\u0259ni korrupsiyadan tam t\u0259mizl\u0259di, sahibkarlara f\u0259aliyy\u0259t \u00fc\u00e7\u00fcn ideal \u015f\u0259rait yaratd\u0131. \u0130ndi Sinqapur d\u00fcnyada \u0259n z\u0259ngin v\u0259 qabaqc\u0131l \u00f6lk\u0259l\u0259rd\u0259ndir.\n<\/p>\n<p>\n  &#8211; Heyd\u0259r \u018fliyev hakimiyy\u0259t\u0259 1969-cu ild\u0259 g\u0259ldi, \u015f\u0259xs\u0259n \u00f6z\u00fc, ki\u00e7ik fasil\u0259l\u0259ri \u00e7\u0131xsaq, otuz il\u0259 yax\u0131n \u00f6lk\u0259y\u0259 r\u0259hb\u0259rlik etdi. O\u011flu da on \u00fc\u00e7 ildir taxtda \u0259yl\u0259\u015fib. Az\u0259rbaycan haradad\u0131r? \u018fn miskin, \u0259n r\u0259zil g\u00fcnd\u0259yik. Olan s\u0259nayemiz da\u011f\u0131ld\u0131, d\u00f6vl\u0259t aparat\u0131 reket v\u0259 z\u00fclm aparat\u0131d\u0131r, r\u00fc\u015fv\u0259t v\u0259 yalan d\u00f6vl\u0259timizd\u0259 milli ideyaya \u00e7evrilib. N\u0259h\u0259ng neft pullar\u0131 d\u00fc\u015f\u00fcn\u00fclm\u0259d\u0259n israf olundu, yeyildi, indi qap\u0131lara d\u00fc\u015f\u00fcb pul dil\u0259nirik.\n<\/p>\n<p>\n  H\u0259r \u015fey hakimiyy\u0259td\u0259n, yuxar\u0131da kimin olmas\u0131ndan as\u0131l\u0131d\u0131r!\n<\/p>\n<p>\n  &#8220;Hakimiyy\u0259td\u0259 t\u0259qsir yoxdur, t\u0259qsir xalqdad\u0131r&#8221; dey\u0259nl\u0259r d\u0259 \u00f6z fikirl\u0259rini s\u00fcbut etm\u0259k \u00fc\u00e7\u00fcn misal \u00e7\u0259kirl\u0259r:\n<\/p>\n<p>\n  Az\u0259rbaycan xalq\u0131na d\u00fcz yol g\u00f6st\u0259r\u0259n azm\u0131 olub? \u0130\u015f\u011fal v\u0259 \u0259sar\u0259t d\u00f6vr\u00fcn\u00fc demirik, onda xalqdan soru\u015fan yox idi. Amma h\u0259r\u0259kat ba\u015flayanda ki, tam h\u00fcrriyy\u0259t var idi. Ay b\u0259ni-Ad\u0259m, bax, m\u00fcqayis\u0259 et, d\u00fc\u015f\u00fcn, se\u00e7. Bu xalq kimi se\u00e7di, kimi sevdi? 1988-ci ild\u0259 Nem\u0259t P\u0259nahovu, 1989-cu ild\u0259 Etibar M\u0259mm\u0259dovu, 1990-c\u0131 ild\u0259 Ayaz M\u00fct\u0259llibovu, 1991-ci ild\u0259 \u018fb\u00fclf\u0259z \u018fliyevi, 1993-c\u00fc ild\u0259 Heyd\u0259r \u018fliyevi v\u0259 sair\u0259 v\u0259 ilax\u0131r. \u0130ndi d\u0259 \u0130lham \u018fliyevi sevir. Y\u0259ni xalq \u00f6z m\u0259nafeyini anlam\u0131r, \u00f6z xeyrini bilmir. Bu xalq h\u0259mi\u015f\u0259 \u015feyx n\u0259srullahlar\u0131n arxas\u0131yca getm\u0259y\u0259 amad\u0259dir. \u018fg\u0259r Mirz\u0259 C\u0259lilin \u015eeyx N\u0259srullah\u0131 camaat\u0131 tovlamaq \u00fc\u00e7\u00fcn \u00f6l\u00fcl\u0259ri dirild\u0259c\u0259yini s\u00f6z verirdis\u0259, \u018fb\u00fclf\u0259z \u018fliyev v\u0259 d\u0259st\u0259si xalqa \u00e7oxdan \u00f6lm\u00fc\u015f &#8220;t\u00fcrk d\u00fcnyas\u0131&#8221;n\u0131 diriltm\u0259yi s\u00f6z verirdi. \u0130ndi is\u0259 \u0130lham \u018fliyev 13 ildir Qaraba\u011f\u0131 qaytaraca\u011f\u0131n\u0131, h\u0259tta &#8220;\u0130r\u0259van\u0131&#8221; alaca\u011f\u0131n\u0131 v\u0259d edir.\n<\/p>\n<p>\n  Rus xalq\u0131 guya ki, b\u00f6y\u00fck v\u0259 m\u0259d\u0259ni xalqd\u0131r. Bu xalq\u0131 Yeltsin-\u00c7ubays c\u00fctl\u00fcy\u00fc nec\u0259 d\u0259 &#8220;bir azdan vau\u00e7erl\u0259 h\u0259r\u0259niz bir &#8220;Volqa&#8221; ma\u015f\u0131n\u0131 alacaq&#8221; dey\u0259r\u0259k aldatd\u0131 v\u0259 soydu, \u00f6lk\u0259nin var-d\u00f6vl\u0259ti bir ovuc d\u0259l\u0259duzun \u0259lin\u0259 ke\u00e7di. Onsuz da pis ya\u015fayan ruslar\u0131n \u0259ks\u0259riyy\u0259ti dil\u0259n\u00e7i k\u00f6k\u00fcn\u0259 d\u00fc\u015fd\u00fc.\n<\/p>\n<p>\n  Amerikan xalq\u0131 d\u00fcnyada \u0259n qabaqc\u0131l \u00f6lk\u0259d\u0259 ya\u015fay\u0131r. Y\u00fcks\u0259k elmi, q\u00fcdr\u0259tli s\u0259nayesi, m\u00fck\u0259mm\u0259l d\u00f6vl\u0259t cihaz\u0131 var. Nec\u0259 oldu 2000-ci ild\u0259 z\u0259ka g\u00f6st\u0259ricisi \u0259n a\u015fa\u011f\u0131 olan Corc Bu\u015fu prezident se\u00e7di, o da d\u00fcnyan\u0131, illa da ki, Yax\u0131n \u015e\u0259rqi, xarabazara \u00e7evirdi?\n<\/p>\n<p>\n  M\u00fcs\u0259lman d\u00fcnyas\u0131na xilas namin\u0259 elmi, m\u0259rif\u0259ti, s\u0259naye v\u0259 m\u0259d\u0259niyy\u0259ti inki\u015faf etdirm\u0259k laz\u0131md\u0131r. N\u0259 \u00fc\u00e7\u00fcn b\u00fct\u00fcn bunlar\u0131n \u0259v\u0259zin\u0259 m\u00fcs\u0259lmanlar gedib qo\u015fulurlar onlar\u0131 orta \u0259srl\u0259r\u0259 s\u0259sl\u0259y\u0259n cahil radikallara v\u0259 ba\u015flay\u0131rlar bir-birl\u0259rini \u00f6l\u00fcb-\u00f6ld\u00fcrm\u0259y\u0259?\n<\/p>\n<p>\n  &#8220;H\u0259r \u015fey xalqdan as\u0131l\u0131d\u0131r&#8221; fikrin\u0259 \u00f6z\u00fcn\u00fcz\u00fcn d\u0259 \u015f\u0259rik \u00e7\u0131xma\u011f\u0131n\u0131z \u00fc\u00e7\u00fcn daha bir misal \u00e7\u0259kim. T\u0259s\u0259vv\u00fcr edin ki, Allah-Taala mill\u0259t\u0259 ibr\u0259t olsun dey\u0259 t\u0259cr\u00fcb\u0259 qoyur, bir gec\u0259 8,6 milyon isve\u00e7lini g\u00f6t\u00fcr\u00fcb qoyur Az\u0259rbaycana, 9,6 milyon az\u0259rbaycanl\u0131n\u0131 da g\u00f6t\u00fcr\u00fcb qoyur \u0130sve\u00e7\u0259 v\u0259 buyurur ki, ya\u015fay\u0131n!\n<\/p>\n<p>\n  Bir ild\u0259n sonra n\u0259 olacaq? \u0130ndi ham\u0131n\u0131n &#8220;\u0259l-h\u0259z\u0259r&#8221; dediyi Az\u0259rbaycan bu isve\u00e7lil\u0259rin a\u011f\u0131ll\u0131 v\u0259 qanacaql\u0131 zind\u0259ganl\u0131\u011f\u0131n\u0131n n\u0259tic\u0259sind\u0259 bir ild\u0259n sonra d\u00f6n\u00fcb olacaq Avropan\u0131n \u0259n qibt\u0259edil\u0259si abad \u00f6lk\u0259si! Qanunlar\u0131n aliliyi? T\u0259min olunub! Parlament? \u018fn vicdanl\u0131 v\u0259 a\u011f\u0131ll\u0131 adamlarla dolub! S\u0259naye? Ca\u011f v\u0259ziyy\u0259td\u0259, mallar\u0131n\u0131 Avropaya v\u0259 Yax\u0131n \u015e\u0259rq\u0259 sat\u0131r! K\u0259nd t\u0259s\u0259rr\u00fcfat\u0131? H\u0259r hektardan 60 sentner bu\u011fda! H\u0259r in\u0259kd\u0259n ild\u0259 6 ton s\u00fcd! Adamba\u015f\u0131na illik orta g\u0259lir? \u0130ld\u0259 35 min avro!\n<\/p>\n<p>\n  B\u0259s az\u0259rbaycanl\u0131lar\u0131n k\u00f6\u00e7d\u00fcy\u00fc \u0130sve\u00e7d\u0259 n\u0259 ba\u015f verir? \u018fvv\u0259lc\u0259 \u0259l\u0259 ke\u00e7mi\u015f abad \u00f6lk\u0259ni talan etm\u0259k namin\u0259 xudmani bir v\u0259t\u0259nda\u015f m\u00fcharib\u0259si! Sonra, can\u0131m s\u0259n\u0259 desin, qanunlar at\u0131l\u0131r qalib g\u0259lmi\u015f quldurun aya\u011f\u0131n\u0131n alt\u0131na, ham\u0131 ba\u011f\u0131r\u0131r ki, &#8220;b\u00f6y\u00fcy\u00fcn \u00fcz\u00fcn\u0259 a\u011f olmay\u0131n&#8221;! Parlament? &#8220;L\u0259bbeyk&#8221; dey\u0259nl\u0259r y\u0131\u011fna\u011f\u0131! S\u0259naye? S\u00f6k\u00fcl\u00fcb qon\u015fu \u00f6lk\u0259l\u0259r\u0259 sat\u0131ld\u0131! K\u0259nd t\u0259s\u0259rr\u00fcfat\u0131? H\u0259r hektardan 12 sentner tax\u0131l, h\u0259r in\u0259kd\u0259n ild\u0259 2 ton s\u00fcd! \u0130llik orta g\u0259lir? \u0130ld\u0259 adamba\u015f\u0131na 10 min avro!\n<\/p>\n<p>\n  V\u0259 sabiq az\u0259rbaycanl\u0131lar ba\u015flay\u0131rlar min bir f\u0131r\u0131ldaqla \u00e7i\u00e7\u0259kl\u0259n\u0259n Az\u0259rbaycana m\u00fchacir\u0259t etm\u0259y\u0259! S\u0259b\u0259b d\u0259 g\u00f6z \u00fcn\u00fcnd\u0259dir! \u0130nsan haqlar\u0131 add\u0131mba\u015f\u0131 pozulur, polis v\u0259t\u0259nda\u015flara i\u015fg\u0259nc\u0259 verir, \u0259dal\u0259tli m\u0259hk\u0259m\u0259 yoxdur&#8230;\n<\/p>\n<p>\n  Bu yandan da Norve\u00e7in yad\u0131na d\u00fc\u015f\u0259c\u0259k ki, G\u00f6teborq itin quduran vaxt\u0131nda \u0259sl v\u0259 q\u0259dim Norve\u00e7 torpa\u011f\u0131 olub. H\u00fccum edib \u0259yal\u0259ti \u0130sve\u00e7d\u0259n alacaq! Cahili h\u0259rifl\u0259m\u0259m\u0259k g\u00fcnahd\u0131r!\n<\/p>\n<p>\n  Bel\u0259-bel\u0259 i\u015fl\u0259r&#8230;\n<\/p>\n<p>\n  M\u0259n bu m\u00fcbahis\u0259d\u0259, n\u0259 q\u0259d\u0259r a\u011fr\u0131l\u0131 olsa da, ikinci fikrin t\u0259r\u0259fdar\u0131yam. Y\u0259ni, yumurta \u0259vv\u0259ldir. Amma bu d\u00fczg\u00fcn fikirl\u0259 yana\u015f\u0131 ba\u015fqa bir fikir d\u0259 m\u0259ni g\u0259mirir: bu \u015fo\u011f\u0259rib yumurtan\u0131 hans\u0131 and\u0131ra qalm\u0131\u015f toyuq yumurtlay\u0131b?<\/p>\n","protected":false},"excerpt":{"rendered":"<p>Kainatin \u0259vv\u0259li q\u0259d\u0259r m\u00fcr\u0259kk\u0259b olan bu sual\u0131n cavab\u0131n\u0131 he\u00e7 k\u0259s bilmir<\/p>\n","protected":false},"author":11,"featured_media":65223,"comment_status":"closed","ping_status":"open","sticky":false,"template":"","format":"standard","meta":{"_acf_changed":false,"_sitemap_exclude":false,"_sitemap_priority":"","_sitemap_frequency":"","footnotes":""},"categories":[57],"tags":[],"class_list":["post-181112","post","type-post","status-publish","format-standard","has-post-thumbnail","hentry","category-menim-fikrimce","infinite-scroll-item","generate-columns","tablet-grid-50","mobile-grid-100","grid-parent","grid-33","no-featured-image-padding"],"acf":[],"yoast_head":"<!-- This site is optimized with the Yoast SEO plugin v27.5 - https:\/\/yoast.com\/product\/yoast-seo-wordpress\/ -->\n<title>Toyuq \u0259vv\u0259ldir, yoxsa yumurta? - MEYDAN.TV<\/title>\n<meta name=\"robots\" content=\"index, follow, max-snippet:-1, max-image-preview:large, max-video-preview:-1\" \/>\n<link rel=\"canonical\" href=\"https:\/\/www.meydan.tv\/az\/article\/toyuq-evveldir-yoxsa-yumurta\/\" \/>\n<meta property=\"og:locale\" content=\"az_AZ\" \/>\n<meta property=\"og:type\" content=\"article\" \/>\n<meta property=\"og:title\" content=\"Toyuq \u0259vv\u0259ldir, yoxsa yumurta? - MEYDAN.TV\" \/>\n<meta property=\"og:description\" content=\"Kainatin \u0259vv\u0259li q\u0259d\u0259r m\u00fcr\u0259kk\u0259b olan bu sual\u0131n cavab\u0131n\u0131 he\u00e7 k\u0259s bilmir\" \/>\n<meta property=\"og:url\" content=\"https:\/\/www.meydan.tv\/az\/article\/toyuq-evveldir-yoxsa-yumurta\/\" \/>\n<meta property=\"og:site_name\" content=\"MEYDAN.TV\" \/>\n<meta property=\"article:published_time\" content=\"2016-12-10T13:44:38+00:00\" \/>\n<meta property=\"og:image\" content=\"https:\/\/www.meydan.tv\/wp-content\/uploads\/24887.jpg\" \/>\n\t<meta property=\"og:image:width\" content=\"500\" \/>\n\t<meta property=\"og:image:height\" content=\"500\" \/>\n\t<meta property=\"og:image:type\" content=\"image\/jpeg\" \/>\n<meta name=\"author\" content=\"user-manager\" \/>\n<meta name=\"twitter:card\" content=\"summary_large_image\" \/>\n<script type=\"application\/ld+json\" class=\"yoast-schema-graph\">{\"@context\":\"https:\\\/\\\/schema.org\",\"@graph\":[{\"@type\":\"Article\",\"@id\":\"https:\\\/\\\/www.meydan.tv\\\/az\\\/article\\\/toyuq-evveldir-yoxsa-yumurta\\\/#article\",\"isPartOf\":{\"@id\":\"https:\\\/\\\/www.meydan.tv\\\/az\\\/article\\\/toyuq-evveldir-yoxsa-yumurta\\\/\"},\"author\":{\"name\":\"user-manager\",\"@id\":\"https:\\\/\\\/www.meydan.tv\\\/az\\\/#\\\/schema\\\/person\\\/10d11eccf6da3662cf5fdab9806ea91a\"},\"headline\":\"Toyuq \u0259vv\u0259ldir, yoxsa yumurta?\",\"datePublished\":\"2016-12-10T13:44:38+00:00\",\"mainEntityOfPage\":{\"@id\":\"https:\\\/\\\/www.meydan.tv\\\/az\\\/article\\\/toyuq-evveldir-yoxsa-yumurta\\\/\"},\"wordCount\":1330,\"publisher\":{\"@id\":\"https:\\\/\\\/www.meydan.tv\\\/az\\\/#organization\"},\"image\":{\"@id\":\"https:\\\/\\\/www.meydan.tv\\\/az\\\/article\\\/toyuq-evveldir-yoxsa-yumurta\\\/#primaryimage\"},\"thumbnailUrl\":\"https:\\\/\\\/www.meydan.tv\\\/wp-content\\\/uploads\\\/24887.jpg\",\"articleSection\":[\"M\u0259nim Fikrimc\u0259\"],\"inLanguage\":\"az\"},{\"@type\":\"WebPage\",\"@id\":\"https:\\\/\\\/www.meydan.tv\\\/az\\\/article\\\/toyuq-evveldir-yoxsa-yumurta\\\/\",\"url\":\"https:\\\/\\\/www.meydan.tv\\\/az\\\/article\\\/toyuq-evveldir-yoxsa-yumurta\\\/\",\"name\":\"Toyuq \u0259vv\u0259ldir, yoxsa yumurta? - MEYDAN.TV\",\"isPartOf\":{\"@id\":\"https:\\\/\\\/www.meydan.tv\\\/az\\\/#website\"},\"primaryImageOfPage\":{\"@id\":\"https:\\\/\\\/www.meydan.tv\\\/az\\\/article\\\/toyuq-evveldir-yoxsa-yumurta\\\/#primaryimage\"},\"image\":{\"@id\":\"https:\\\/\\\/www.meydan.tv\\\/az\\\/article\\\/toyuq-evveldir-yoxsa-yumurta\\\/#primaryimage\"},\"thumbnailUrl\":\"https:\\\/\\\/www.meydan.tv\\\/wp-content\\\/uploads\\\/24887.jpg\",\"datePublished\":\"2016-12-10T13:44:38+00:00\",\"breadcrumb\":{\"@id\":\"https:\\\/\\\/www.meydan.tv\\\/az\\\/article\\\/toyuq-evveldir-yoxsa-yumurta\\\/#breadcrumb\"},\"inLanguage\":\"az\",\"potentialAction\":[{\"@type\":\"ReadAction\",\"target\":[\"https:\\\/\\\/www.meydan.tv\\\/az\\\/article\\\/toyuq-evveldir-yoxsa-yumurta\\\/\"]}]},{\"@type\":\"ImageObject\",\"inLanguage\":\"az\",\"@id\":\"https:\\\/\\\/www.meydan.tv\\\/az\\\/article\\\/toyuq-evveldir-yoxsa-yumurta\\\/#primaryimage\",\"url\":\"https:\\\/\\\/www.meydan.tv\\\/wp-content\\\/uploads\\\/24887.jpg\",\"contentUrl\":\"https:\\\/\\\/www.meydan.tv\\\/wp-content\\\/uploads\\\/24887.jpg\",\"width\":500,\"height\":500,\"caption\":\"Source:\"},{\"@type\":\"BreadcrumbList\",\"@id\":\"https:\\\/\\\/www.meydan.tv\\\/az\\\/article\\\/toyuq-evveldir-yoxsa-yumurta\\\/#breadcrumb\",\"itemListElement\":[{\"@type\":\"ListItem\",\"position\":1,\"name\":\"Ana s\u0259hif\u0259\",\"item\":\"https:\\\/\\\/www.meydan.tv\\\/az\\\/\"},{\"@type\":\"ListItem\",\"position\":2,\"name\":\"M\u0259nim Fikrimc\u0259\",\"item\":\"https:\\\/\\\/www.meydan.tv\\\/az\\\/section\\\/menim-fikrimce\\\/\"},{\"@type\":\"ListItem\",\"position\":3,\"name\":\"Toyuq \u0259vv\u0259ldir, yoxsa yumurta?\"}]},{\"@type\":\"WebSite\",\"@id\":\"https:\\\/\\\/www.meydan.tv\\\/az\\\/#website\",\"url\":\"https:\\\/\\\/www.meydan.tv\\\/az\\\/\",\"name\":\"MEYDAN.TV\",\"description\":\"Meydan TV Az\u0259rbaycan\u0131n media m\u0259kan\u0131ndak\u0131 alternativ s\u0259sidir\",\"publisher\":{\"@id\":\"https:\\\/\\\/www.meydan.tv\\\/az\\\/#organization\"},\"potentialAction\":[{\"@type\":\"SearchAction\",\"target\":{\"@type\":\"EntryPoint\",\"urlTemplate\":\"https:\\\/\\\/www.meydan.tv\\\/az\\\/?s={search_term_string}\"},\"query-input\":{\"@type\":\"PropertyValueSpecification\",\"valueRequired\":true,\"valueName\":\"search_term_string\"}}],\"inLanguage\":\"az\"},{\"@type\":\"Organization\",\"@id\":\"https:\\\/\\\/www.meydan.tv\\\/az\\\/#organization\",\"name\":\"Meydan TV\",\"url\":\"https:\\\/\\\/www.meydan.tv\\\/az\\\/\",\"logo\":{\"@type\":\"ImageObject\",\"inLanguage\":\"az\",\"@id\":\"https:\\\/\\\/www.meydan.tv\\\/az\\\/#\\\/schema\\\/logo\\\/image\\\/\",\"url\":\"https:\\\/\\\/www.meydan.tv\\\/wp-content\\\/uploads\\\/2021\\\/07\\\/meydan-logo.svg\",\"contentUrl\":\"https:\\\/\\\/www.meydan.tv\\\/wp-content\\\/uploads\\\/2021\\\/07\\\/meydan-logo.svg\",\"width\":195,\"height\":46,\"caption\":\"Meydan TV\"},\"image\":{\"@id\":\"https:\\\/\\\/www.meydan.tv\\\/az\\\/#\\\/schema\\\/logo\\\/image\\\/\"}},{\"@type\":\"Person\",\"@id\":\"https:\\\/\\\/www.meydan.tv\\\/az\\\/#\\\/schema\\\/person\\\/10d11eccf6da3662cf5fdab9806ea91a\",\"name\":\"user-manager\"}]}<\/script>\n<!-- \/ Yoast SEO plugin. -->","yoast_head_json":{"title":"Toyuq \u0259vv\u0259ldir, yoxsa yumurta? - MEYDAN.TV","robots":{"index":"index","follow":"follow","max-snippet":"max-snippet:-1","max-image-preview":"max-image-preview:large","max-video-preview":"max-video-preview:-1"},"canonical":"https:\/\/www.meydan.tv\/az\/article\/toyuq-evveldir-yoxsa-yumurta\/","og_locale":"az_AZ","og_type":"article","og_title":"Toyuq \u0259vv\u0259ldir, yoxsa yumurta? - MEYDAN.TV","og_description":"Kainatin \u0259vv\u0259li q\u0259d\u0259r m\u00fcr\u0259kk\u0259b olan bu sual\u0131n cavab\u0131n\u0131 he\u00e7 k\u0259s bilmir","og_url":"https:\/\/www.meydan.tv\/az\/article\/toyuq-evveldir-yoxsa-yumurta\/","og_site_name":"MEYDAN.TV","article_published_time":"2016-12-10T13:44:38+00:00","og_image":[{"width":500,"height":500,"url":"https:\/\/www.meydan.tv\/wp-content\/uploads\/24887.jpg","type":"image\/jpeg"}],"author":"user-manager","twitter_card":"summary_large_image","schema":{"@context":"https:\/\/schema.org","@graph":[{"@type":"Article","@id":"https:\/\/www.meydan.tv\/az\/article\/toyuq-evveldir-yoxsa-yumurta\/#article","isPartOf":{"@id":"https:\/\/www.meydan.tv\/az\/article\/toyuq-evveldir-yoxsa-yumurta\/"},"author":{"name":"user-manager","@id":"https:\/\/www.meydan.tv\/az\/#\/schema\/person\/10d11eccf6da3662cf5fdab9806ea91a"},"headline":"Toyuq \u0259vv\u0259ldir, yoxsa yumurta?","datePublished":"2016-12-10T13:44:38+00:00","mainEntityOfPage":{"@id":"https:\/\/www.meydan.tv\/az\/article\/toyuq-evveldir-yoxsa-yumurta\/"},"wordCount":1330,"publisher":{"@id":"https:\/\/www.meydan.tv\/az\/#organization"},"image":{"@id":"https:\/\/www.meydan.tv\/az\/article\/toyuq-evveldir-yoxsa-yumurta\/#primaryimage"},"thumbnailUrl":"https:\/\/www.meydan.tv\/wp-content\/uploads\/24887.jpg","articleSection":["M\u0259nim Fikrimc\u0259"],"inLanguage":"az"},{"@type":"WebPage","@id":"https:\/\/www.meydan.tv\/az\/article\/toyuq-evveldir-yoxsa-yumurta\/","url":"https:\/\/www.meydan.tv\/az\/article\/toyuq-evveldir-yoxsa-yumurta\/","name":"Toyuq \u0259vv\u0259ldir, yoxsa yumurta? - MEYDAN.TV","isPartOf":{"@id":"https:\/\/www.meydan.tv\/az\/#website"},"primaryImageOfPage":{"@id":"https:\/\/www.meydan.tv\/az\/article\/toyuq-evveldir-yoxsa-yumurta\/#primaryimage"},"image":{"@id":"https:\/\/www.meydan.tv\/az\/article\/toyuq-evveldir-yoxsa-yumurta\/#primaryimage"},"thumbnailUrl":"https:\/\/www.meydan.tv\/wp-content\/uploads\/24887.jpg","datePublished":"2016-12-10T13:44:38+00:00","breadcrumb":{"@id":"https:\/\/www.meydan.tv\/az\/article\/toyuq-evveldir-yoxsa-yumurta\/#breadcrumb"},"inLanguage":"az","potentialAction":[{"@type":"ReadAction","target":["https:\/\/www.meydan.tv\/az\/article\/toyuq-evveldir-yoxsa-yumurta\/"]}]},{"@type":"ImageObject","inLanguage":"az","@id":"https:\/\/www.meydan.tv\/az\/article\/toyuq-evveldir-yoxsa-yumurta\/#primaryimage","url":"https:\/\/www.meydan.tv\/wp-content\/uploads\/24887.jpg","contentUrl":"https:\/\/www.meydan.tv\/wp-content\/uploads\/24887.jpg","width":500,"height":500,"caption":"Source:"},{"@type":"BreadcrumbList","@id":"https:\/\/www.meydan.tv\/az\/article\/toyuq-evveldir-yoxsa-yumurta\/#breadcrumb","itemListElement":[{"@type":"ListItem","position":1,"name":"Ana s\u0259hif\u0259","item":"https:\/\/www.meydan.tv\/az\/"},{"@type":"ListItem","position":2,"name":"M\u0259nim Fikrimc\u0259","item":"https:\/\/www.meydan.tv\/az\/section\/menim-fikrimce\/"},{"@type":"ListItem","position":3,"name":"Toyuq \u0259vv\u0259ldir, yoxsa yumurta?"}]},{"@type":"WebSite","@id":"https:\/\/www.meydan.tv\/az\/#website","url":"https:\/\/www.meydan.tv\/az\/","name":"MEYDAN.TV","description":"Meydan TV Az\u0259rbaycan\u0131n media m\u0259kan\u0131ndak\u0131 alternativ s\u0259sidir","publisher":{"@id":"https:\/\/www.meydan.tv\/az\/#organization"},"potentialAction":[{"@type":"SearchAction","target":{"@type":"EntryPoint","urlTemplate":"https:\/\/www.meydan.tv\/az\/?s={search_term_string}"},"query-input":{"@type":"PropertyValueSpecification","valueRequired":true,"valueName":"search_term_string"}}],"inLanguage":"az"},{"@type":"Organization","@id":"https:\/\/www.meydan.tv\/az\/#organization","name":"Meydan TV","url":"https:\/\/www.meydan.tv\/az\/","logo":{"@type":"ImageObject","inLanguage":"az","@id":"https:\/\/www.meydan.tv\/az\/#\/schema\/logo\/image\/","url":"https:\/\/www.meydan.tv\/wp-content\/uploads\/2021\/07\/meydan-logo.svg","contentUrl":"https:\/\/www.meydan.tv\/wp-content\/uploads\/2021\/07\/meydan-logo.svg","width":195,"height":46,"caption":"Meydan TV"},"image":{"@id":"https:\/\/www.meydan.tv\/az\/#\/schema\/logo\/image\/"}},{"@type":"Person","@id":"https:\/\/www.meydan.tv\/az\/#\/schema\/person\/10d11eccf6da3662cf5fdab9806ea91a","name":"user-manager"}]}},"_links":{"self":[{"href":"https:\/\/www.meydan.tv\/az\/wp-json\/wp\/v2\/posts\/181112","targetHints":{"allow":["GET"]}}],"collection":[{"href":"https:\/\/www.meydan.tv\/az\/wp-json\/wp\/v2\/posts"}],"about":[{"href":"https:\/\/www.meydan.tv\/az\/wp-json\/wp\/v2\/types\/post"}],"author":[{"embeddable":true,"href":"https:\/\/www.meydan.tv\/az\/wp-json\/wp\/v2\/users\/11"}],"replies":[{"embeddable":true,"href":"https:\/\/www.meydan.tv\/az\/wp-json\/wp\/v2\/comments?post=181112"}],"version-history":[{"count":0,"href":"https:\/\/www.meydan.tv\/az\/wp-json\/wp\/v2\/posts\/181112\/revisions"}],"wp:featuredmedia":[{"embeddable":true,"href":"https:\/\/www.meydan.tv\/az\/wp-json\/wp\/v2\/media\/65223"}],"wp:attachment":[{"href":"https:\/\/www.meydan.tv\/az\/wp-json\/wp\/v2\/media?parent=181112"}],"wp:term":[{"taxonomy":"category","embeddable":true,"href":"https:\/\/www.meydan.tv\/az\/wp-json\/wp\/v2\/categories?post=181112"},{"taxonomy":"post_tag","embeddable":true,"href":"https:\/\/www.meydan.tv\/az\/wp-json\/wp\/v2\/tags?post=181112"}],"curies":[{"name":"wp","href":"https:\/\/api.w.org\/{rel}","templated":true}]}}