{"id":181094,"date":"2016-12-09T16:46:23","date_gmt":"2016-12-09T16:46:23","guid":{"rendered":"https:\/\/www.meydan.tv\/article\/qlobal-maqnistski-qanunu-azerbaycan-memurlarina-tetbiq-edilecekmi\/"},"modified":"2016-12-09T16:46:23","modified_gmt":"2016-12-09T16:46:23","slug":"qlobal-maqnistski-qanunu-azerbaycan-memurlarina-tetbiq-edilecekmi","status":"publish","type":"post","link":"https:\/\/www.meydan.tv\/az\/article\/qlobal-maqnistski-qanunu-azerbaycan-memurlarina-tetbiq-edilecekmi\/","title":{"rendered":"&#8221;Qlobal Maqnistski&#8221; qanunu Az\u0259rbaycan m\u0259murlar\u0131na t\u0259tbiq edil\u0259c\u0259kmi?"},"content":{"rendered":"<figure class=\"wp-block-image size-large\">\n  <img decoding=\"async\" src=\"https:\/\/www.meydan.tv\/az\/74908\/\" alt=\"\" class=\"wp-image-74908\"\/><figcaption><\/figcaption><\/figure>\n<p>\n  <i><br \/>\n    Altay G\u00f6y\u00fc\u015fov \u015f\u00fcbh\u0259 edir, \u0130sa Q\u0259mb\u0259r is\u0259 prosesin u\u011furla ged\u0259c\u0259yini d\u00fc\u015f\u00fcn\u00fcr<br \/>\n  <\/i><\/p>\n<p>  AB\u015e Konqresi Qlobal Maqnitski \u0130nsan Haqlar\u0131 Cavabdehliyi Qanununu (Global Magnitsky Human Rights Accountability Act) q\u0259bul edib. Yeni qanun 2012-ci ild\u0259 q\u0259bul edilmi\u015f Maqnitski \u0130nsan Haqlar\u0131 qanunun t\u0259sir dair\u0259sini qloballa\u015fd\u0131r\u0131r.\n<\/p>\n<p>\n  2012-ci il tarixli qanun yaln\u0131z Rusiya v\u0259t\u0259nda\u015flar\u0131na \u015famil edil\u0259 bil\u0259rdi, lakin dekabr\u0131n 8-d\u0259 q\u0259bul edilmi\u015f qanun onun t\u0259sir dair\u0259sini potensial olaraq h\u0259r bir \u00f6lk\u0259y\u0259 yay\u0131r. Qanun Amerika prezidentin\u0259 insan haqlar\u0131n\u0131 pozmu\u015f v\u0259 ya korrupsiyaya bula\u015fm\u0131\u015f xarici r\u0259smil\u0259r\u0259 viza verilm\u0259sind\u0259n imtina etm\u0259k v\u0259 onlar\u0131n AB\u015e-dak\u0131 aktivl\u0259rini dondurmaq s\u0259lahiyy\u0259ti verir.\n<\/p>\n<p>\n  <b><br \/>\n    <i><br \/>\n      &#8220;Q\u0259rb h\u00f6kum\u0259ti v\u0259ziyy\u0259td\u0259n \u00e7\u0131xarmaq \u00fc\u00e7\u00fcn \u0259ll\u0259rind\u0259n g\u0259l\u0259ni ed\u0259c\u0259k&#8221;<br \/>\n    <\/i><br \/>\n  <\/b><\/p>\n<p>  Tarix\u00e7i-alim Altay G\u00f6y\u00fc\u015fov qanunun Az\u0259rbaycan m\u0259murlar\u0131na t\u0259tbiq edil\u0259c\u0259yin\u0259 \u015f\u00fcbh\u0259yl\u0259 yana\u015f\u0131r. O, bu bar\u0259d\u0259 Meydan TV-y\u0259 dan\u0131\u015fark\u0259n deyib.\n<\/p>\n<p>\n  Altay G\u00f6y\u00fc\u015fov \u015f\u00fcbh\u0259sini bel\u0259 \u0259sasland\u0131r\u0131r ki, indiki \u015f\u0259raitd\u0259 Amerika h\u00f6kum\u0259tinin Az\u0259rbaycan hakimiyy\u0259tin\u0259 s\u0259rt m\u00f6vqe n\u00fcmayi\u015f etdir\u0259c\u0259yi inand\u0131r\u0131c\u0131 deyil:<\/p>\n<p>  &#8220;B\u0259lk\u0259 repressiyalar\u0131n a\u011f\u0131r vaxtlar\u0131nda, 2015-ci ilin \u0259vv\u0259ll\u0259rind\u0259 bel\u0259 bir imkan vard\u0131, h\u0259tta c\u0259nab Smit ayr\u0131ca s\u0259n\u0259d d\u0259 haz\u0131rlam\u0131\u015fd\u0131. Bu g\u00fcn is\u0259 \u0259ksin\u0259, Amerika, Q\u0259rb Az\u0259rbaycan h\u00f6kum\u0259tini v\u0259ziyy\u0259td\u0259n \u00e7\u0131xarmaq \u00fc\u00e7\u00fcn \u0259ll\u0259rind\u0259n g\u0259l\u0259ni ed\u0259c\u0259k&#8221;.\n<\/p>\n<figure class=\"wp-block-image size-large\">\n  <img decoding=\"async\" src=\"https:\/\/www.meydan.tv\/az\/63940\/\" alt=\"\" class=\"wp-image-63940\"\/><figcaption>\n    Altay G\u00f6y\u00fc\u015fov<br \/>\n  <\/figcaption><\/figure>\n<p>\n  Altay G\u00f6y\u00fc\u015fov \u0259sas s\u0259b\u0259b kimi Tramp\u0131n hans\u0131 \u015f\u00fcarlarla hakimiyy\u0259t\u0259 g\u0259lm\u0259sin\u0259 diqq\u0259t yetirm\u0259yi vacib say\u0131r:<\/p>\n<p>  &#8220;Birinci \u015f\u00fcar odur ki, Tramp ancaq Amerika haqq\u0131nda d\u00fc\u015f\u00fcn\u0259c\u0259kl\u0259rini dedi. Onun \u0259traf\u0131ndak\u0131lar da Va\u015finqtonun xarici \u00f6lk\u0259l\u0259r\u0259 diqq\u0259t yetirm\u0259si, maliyy\u0259 ay\u0131rmas\u0131n\u0131n yeni administrasiya \u00fc\u00e7\u00fcn prioritet olmad\u0131\u011f\u0131n\u0131 s\u00f6yl\u0259dil\u0259r. Onsuz da d\u00f6vl\u0259tl\u0259raras\u0131 m\u00fcnasib\u0259tl\u0259rd\u0259 maraqlar birinci olurdu, yeni administrasiyan\u0131n siyas\u0259tind\u0259 is\u0259 maraqlar d\u0259y\u0259rl\u0259ri, \u00fcmumiyy\u0259tl\u0259, a\u015facaq. \u0130kinci, etiraf etm\u0259k laz\u0131md\u0131r, Tramp administrasiyas\u0131n\u0131n Az\u0259rbaycan hakimiyy\u0259til\u0259 \u0259laq\u0259l\u0259ri var, biznes v\u0259 s. N\u0259hay\u0259t, sonuncu amil geopolitikdir. Suriya olaylar\u0131ndan sonra A\u011f Ev\u0259 Kremll\u0259 qar\u015f\u0131durma s\u0259rf etmir. Baxmayaq ki, Tramp Moskvayla m\u00fcnasib\u0259tl\u0259ri ba\u015fqa \u015f\u0259kild\u0259 qurma\u011fa \u00e7al\u0131\u015facaq, amma burda t\u0259\u015f\u0259bb\u00fcs onda yox, Putind\u0259dir. Kreml sahibi \u00f6z\u00fcn\u00fc el\u0259 apar\u0131r ki, Amerikan\u0131n onunla yax\u0131nla\u015fmas\u0131 olduqca \u00e7\u0259tin m\u0259s\u0259l\u0259dir&#8221;.<\/p>\n<p>\n  <b><br \/>\n    <i><br \/>\n      &#8220;Bu c\u00fcr qeyri-m\u00fc\u0259yy\u0259n \u015f\u0259raitd\u0259 Az\u0259rbaycan m\u0259murlar\u0131na hans\u0131sa sanksiyalar\u0131n t\u0259tbiq olunaca\u011f\u0131 \u015f\u00fcbh\u0259lidir&#8221;<br \/>\n    <\/i><br \/>\n  <\/b><\/p>\n<p>  Altay G\u00f6y\u00fc\u015fov yeni administrasiya \u00fczvl\u0259rind\u0259n olan Flini xat\u0131rladaraq bildirdi ki, bu adam h\u0259r g\u00fcn &#8220;Rusiya bu g\u00fcn&#8221; proqram\u0131nda Amerikan\u0131n t\u0259bli\u011fat\u0131 il\u0259 m\u0259\u015f\u011fuldur. Bel\u0259 \u015f\u0259raitd\u0259 Va\u015finqtonun Moskva il\u0259 nec\u0259 m\u00fcnasib\u0259tl\u0259r quraca\u011f\u0131 sual alt\u0131ndad\u0131r.\n<\/p>\n<p>\n  &#8220;B\u0259z\u0259n Amerikada oturu\u015fmu\u015f sistemin v\u0259 prezidentin m\u00fcdaxil\u0259sinin m\u0259hdud oldu\u011fu bildirilir, bu yana\u015fma hardasa do\u011frudur. Amma biz Tramp\u0131n h\u0259min d\u0259y\u0259rl\u0259rin \u00fcst\u00fcn\u0259 ged\u0259-ged\u0259 se\u00e7kil\u0259rd\u0259 qalib g\u0259ldiyini g\u00f6rd\u00fck. Bu c\u00fcr qeyri-m\u00fc\u0259yy\u0259n \u015f\u0259raitd\u0259 Az\u0259rbaycan m\u0259murlar\u0131na hans\u0131sa sanksiyalar\u0131n t\u0259tbiq olunaca\u011f\u0131 \u015f\u00fcbh\u0259lidir&#8221;,-G\u00f6y\u00fc\u015fov bel\u0259 deyib.\n<\/p>\n<p>\n  Onun s\u00f6zl\u0259rin\u0259 g\u00f6r\u0259, ad\u0259t\u0259n Amerika v\u0259 Avropa aras\u0131nda sanksiyalar m\u0259s\u0259l\u0259sind\u0259 m\u00fctt\u0259fiqlik olur:<\/p>\n<p>  &#8220;Avropa strukturlar\u0131 is\u0259 indiki halda he\u00e7 bir \u015f\u0259kild\u0259 Az\u0259rbaycana qar\u015f\u0131 sanksiyalar\u0131n t\u0259tbiqind\u0259 maraql\u0131 deyil. R\u0259smi Bak\u0131 b\u00fct\u00fcn &#8220;q\u0131rm\u0131z\u0131 x\u0259tl\u0259ri&#8221; ke\u00e7s\u0259 d\u0259, Avropa \u015euras\u0131 \u00f6t\u0259n ilin yanvar\u0131nda saxta yolla se\u00e7ilmi\u015f Az\u0259rbaycan parlamentinin n\u00fcmay\u0259nd\u0259l\u0259rinin t\u0259sdiqini ger\u00e7\u0259kl\u0259\u015fdirdi. \u00c7ox g\u00fcman ki, qapal\u0131 g\u00f6r\u00fc\u015fl\u0259rd\u0259 siyasi m\u0259hbuslar bar\u0259d\u0259 dan\u0131\u015f\u0131qlar apar\u0131l\u0131r. Amma h\u0259min m\u0259hbuslar\u0131n \u00e7\u0131xar\u0131lmas\u0131, media azadl\u0131\u011f\u0131, demokratik institutlar\u0131n qorunmas\u0131 \u00fc\u00e7\u00fcn Amerika v\u0259 Avropan\u0131n s\u0259rt t\u0259dbirl\u0259r\u0259 \u0259l ataca\u011f\u0131 indiki \u015f\u0259raitd\u0259 qeyri-m\u00fcmk\u00fcn g\u00f6r\u00fcn\u00fcr&#8221;.<\/p>\n<p>  <b><br \/>\n    <i><br \/>\n      &#8220;\u0130nsan haqlar\u0131 t\u0259kc\u0259 Rusiyada deyil, ba\u015fqa \u00f6lk\u0259l\u0259rd\u0259 d\u0259 pozulur, o c\u00fcml\u0259d\u0259n, Az\u0259rbaycanda&#8221;<br \/>\n    <\/i><br \/>\n  <\/b><\/p>\n<p>  Milli Strateji D\u00fc\u015f\u00fcnc\u0259 M\u0259rk\u0259zinin s\u0259dri \u0130sa Q\u0259mb\u0259r qanunun q\u0259bul edilm\u0259sinin iki s\u0259b\u0259bd\u0259n g\u00f6zl\u0259nil\u0259n oldu\u011funu dedi:\n<\/p>\n<p>\n  &#8220;\u018fvv\u0259la, uzun ill\u0259r idi Amerika korrupsiyaya qar\u015f\u0131 m\u00fcbariz\u0259ni \u00f6lk\u0259 s\u0259rh\u0259dl\u0259rind\u0259n k\u0259narda apar\u0131rd\u0131, b\u00fct\u00fcn d\u00fcnyaya aid edirdi. Bir s\u0131ra \u00f6lk\u0259l\u0259rd\u0259n f\u0259rqli olaraq AB\u015e v\u0259t\u0259nda\u015flar\u0131 h\u0259tta xarici \u00f6lk\u0259d\u0259 r\u00fc\u015fv\u0259t verdikd\u0259, yaxud ald\u0131qda da Amerika qanunlar\u0131 il\u0259 m\u0259suliyy\u0259t\u0259 c\u0259lb edil\u0259 bil\u0259rdi. Bu, b\u00fct\u00f6vl\u00fckd\u0259 Va\u015finqtonun r\u00fc\u015fv\u0259t\u0259 v\u0259 korrupsiyaya m\u00fcnasib\u0259tidir. Eyni zamanda, &#8220;Maqnitski Akt\u0131&#8221; qanunu q\u0259bul edil\u0259nd\u0259n sonra bir ne\u00e7\u0259 il s\u0259n\u0259din yaln\u0131z Rusiyaya yox, b\u00fct\u00fcn d\u00fcnya \u00f6lk\u0259l\u0259rin\u0259 aid edilm\u0259si diskussiyas\u0131 getdi. \u00c7\u00fcnki insan haqlar\u0131 t\u0259kc\u0259 Rusiyada deyil, ba\u015fqa \u00f6lk\u0259l\u0259rd\u0259 d\u0259 pozulur, o c\u00fcml\u0259d\u0259n, Az\u0259rbaycanda. Konqresin bel\u0259 bir qanun q\u0259bul etm\u0259si h\u0259min diskussiyalar\u0131n n\u0259tic\u0259si kimi qiym\u0259tl\u0259ndirilm\u0259lidir&#8221;.\n<\/p>\n<figure class=\"wp-block-image size-large\">\n  <img decoding=\"async\" src=\"https:\/\/www.meydan.tv\/az\/67763\/\" alt=\"\" class=\"wp-image-67763\"\/><figcaption>\n    \u0130sa Q\u0259mb\u0259r<br \/>\n  <\/figcaption><\/figure>\n<p>\n  Qanunu \u00e7ox \u00f6n\u0259mli sayan \u0130sa Q\u0259mb\u0259r d\u00fc\u015f\u00fcn\u00fcr ki, s\u0259n\u0259d h\u0259m indiki prezident Obamaya, h\u0259m d\u0259 n\u00f6vb\u0259ti prezident Trampa korrupsiyaya qar\u015f\u0131 m\u00fcbariz\u0259d\u0259 m\u0259suliyy\u0259t v\u0259 imkanlar yarad\u0131r: &#8220;Bu prosesin u\u011furlu olaca\u011f\u0131n\u0131 hesab edir\u0259m&#8221;.<\/p>\n<p>  <b><br \/>\n    <i><br \/>\n      &#8220;AB\u015e kimi b\u00f6y\u00fck v\u0259 lider bir d\u00f6vl\u0259t yaln\u0131z Amerikan\u0131n daxili i\u015fl\u0259ril\u0259 m\u0259\u015f\u011ful ola bilm\u0259z&#8221;<br \/>\n    <\/i><br \/>\n  <\/b><\/p>\n<p>  \u0130sa Q\u0259mb\u0259r s\u0259n\u0259din Az\u0259rbaycana da aid edil\u0259 bil\u0259c\u0259yini d\u00fc\u015f\u00fcn\u00fcr:<\/p>\n<p>  &#8220;\u018fg\u0259r qanun b\u00fct\u00fcn d\u00fcnyaya aiddirs\u0259, dem\u0259li, Az\u0259rbaycana da aiddir. \u0130kinci, Az\u0259rbaycanda insan haqlar\u0131n\u0131n pozulmas\u0131 iyr\u0259nc v\u0259 k\u00fctl\u0259vi xarakter ald\u0131\u011f\u0131ndan, bu da demokratik d\u00fc\u015f\u00fcnc\u0259li insanlar\u0131n diqq\u0259t m\u0259rk\u0259zind\u0259 olacaq. Ona g\u00f6r\u0259 d\u0259 burda m\u00fcbahis\u0259lik he\u00e7 n\u0259 yoxdur, s\u0259n\u0259d Az\u0259rbaycan m\u0259murlar\u0131na da t\u0259tbiq oluna bil\u0259r&#8221;.<br \/>\n  <br \/>\n  \u0130sa Q\u0259mb\u0259r hesab etmir ki, yeni administrasiya t\u0259kc\u0259 Amerikan\u0131n maraqlar\u0131n\u0131 d\u00fc\u015f\u00fcn\u0259c\u0259k: &#8220;AB\u015e kimi b\u00f6y\u00fck v\u0259 lider bir d\u00f6vl\u0259t yaln\u0131z Amerikan\u0131n daxili i\u015fl\u0259ril\u0259 m\u0259\u015f\u011ful ola bilm\u0259z. Yeni administrasiya da m\u0259hz Amerikan\u0131n t\u0259hl\u00fck\u0259sizliyi, iqtisadi inki\u015faf\u0131n\u0131 t\u0259min etm\u0259k m\u0259qs\u0259dil\u0259 d\u00fcnyada \u0259dal\u0259tsizliy\u0259, insan haqlar\u0131n\u0131n pozulmas\u0131na qar\u015f\u0131 m\u00fcbariz\u0259 aparmal\u0131 olacaq. Bu, t\u0259kc\u0259 demokratiya \u015f\u00fcarlar\u0131ndan ir\u0259li g\u0259lmir, h\u0259m d\u0259 Amerikan\u0131n v\u0259 azad d\u00fcnyan\u0131n k\u00f6kl\u00fc maraqlar\u0131ndan do\u011fan bir m\u0259suliyy\u0259tdir ki, ba\u015fqa \u00f6lk\u0259l\u0259rd\u0259 d\u0259 demokratiya, azad m\u0259tbuat, sahibkarl\u0131q olsun, \u015f\u0259ffaf se\u00e7kil\u0259r ke\u00e7irilsin v\u0259 d\u00fcnyan\u0131n qaydalar\u0131na uy\u011fun prosesl\u0259r getsin&#8221;<\/p>\n","protected":false},"excerpt":{"rendered":"<p>Altay G\u00f6y\u00fc\u015fov \u015f\u00fcbh\u0259 edir, \u0130sa Q\u0259mb\u0259r is\u0259 prosesin u\u011furla ged\u0259c\u0259yini d\u00fc\u015f\u00fcn\u00fcr<\/p>\n","protected":false},"author":11,"featured_media":74908,"comment_status":"closed","ping_status":"open","sticky":false,"template":"","format":"standard","meta":{"_acf_changed":false,"_sitemap_exclude":false,"_sitemap_priority":"","_sitemap_frequency":"","footnotes":""},"categories":[51],"tags":[],"class_list":["post-181094","post","type-post","status-publish","format-standard","has-post-thumbnail","hentry","category-analitika","infinite-scroll-item","generate-columns","tablet-grid-50","mobile-grid-100","grid-parent","grid-33","no-featured-image-padding"],"acf":[],"yoast_head":"<!-- This site is optimized with the Yoast SEO plugin v27.5 - https:\/\/yoast.com\/product\/yoast-seo-wordpress\/ -->\n<title>&#039;&#039;Qlobal Maqnistski&#039;&#039; qanunu Az\u0259rbaycan m\u0259murlar\u0131na t\u0259tbiq edil\u0259c\u0259kmi? - MEYDAN.TV<\/title>\n<meta name=\"robots\" content=\"index, follow, max-snippet:-1, max-image-preview:large, max-video-preview:-1\" \/>\n<link rel=\"canonical\" href=\"https:\/\/www.meydan.tv\/az\/article\/qlobal-maqnistski-qanunu-azerbaycan-memurlarina-tetbiq-edilecekmi\/\" \/>\n<meta property=\"og:locale\" content=\"az_AZ\" \/>\n<meta property=\"og:type\" content=\"article\" \/>\n<meta property=\"og:title\" content=\"&#039;&#039;Qlobal Maqnistski&#039;&#039; qanunu Az\u0259rbaycan m\u0259murlar\u0131na t\u0259tbiq edil\u0259c\u0259kmi? - MEYDAN.TV\" \/>\n<meta property=\"og:description\" content=\"Altay G\u00f6y\u00fc\u015fov \u015f\u00fcbh\u0259 edir, \u0130sa Q\u0259mb\u0259r is\u0259 prosesin u\u011furla ged\u0259c\u0259yini d\u00fc\u015f\u00fcn\u00fcr\" \/>\n<meta property=\"og:url\" content=\"https:\/\/www.meydan.tv\/az\/article\/qlobal-maqnistski-qanunu-azerbaycan-memurlarina-tetbiq-edilecekmi\/\" \/>\n<meta property=\"og:site_name\" content=\"MEYDAN.TV\" \/>\n<meta property=\"article:published_time\" content=\"2016-12-09T16:46:23+00:00\" \/>\n<meta property=\"og:image\" content=\"https:\/\/www.meydan.tv\/wp-content\/uploads\/28957.jpg\" \/>\n\t<meta property=\"og:image:width\" content=\"768\" \/>\n\t<meta property=\"og:image:height\" content=\"459\" \/>\n\t<meta property=\"og:image:type\" content=\"image\/jpeg\" \/>\n<meta name=\"author\" content=\"user-manager\" \/>\n<meta name=\"twitter:card\" content=\"summary_large_image\" \/>\n<script type=\"application\/ld+json\" class=\"yoast-schema-graph\">{\"@context\":\"https:\\\/\\\/schema.org\",\"@graph\":[{\"@type\":\"Article\",\"@id\":\"https:\\\/\\\/www.meydan.tv\\\/az\\\/article\\\/qlobal-maqnistski-qanunu-azerbaycan-memurlarina-tetbiq-edilecekmi\\\/#article\",\"isPartOf\":{\"@id\":\"https:\\\/\\\/www.meydan.tv\\\/az\\\/article\\\/qlobal-maqnistski-qanunu-azerbaycan-memurlarina-tetbiq-edilecekmi\\\/\"},\"author\":{\"name\":\"user-manager\",\"@id\":\"https:\\\/\\\/www.meydan.tv\\\/az\\\/#\\\/schema\\\/person\\\/10d11eccf6da3662cf5fdab9806ea91a\"},\"headline\":\"&#8221;Qlobal Maqnistski&#8221; qanunu Az\u0259rbaycan m\u0259murlar\u0131na t\u0259tbiq edil\u0259c\u0259kmi?\",\"datePublished\":\"2016-12-09T16:46:23+00:00\",\"mainEntityOfPage\":{\"@id\":\"https:\\\/\\\/www.meydan.tv\\\/az\\\/article\\\/qlobal-maqnistski-qanunu-azerbaycan-memurlarina-tetbiq-edilecekmi\\\/\"},\"wordCount\":1265,\"publisher\":{\"@id\":\"https:\\\/\\\/www.meydan.tv\\\/az\\\/#organization\"},\"image\":{\"@id\":\"https:\\\/\\\/www.meydan.tv\\\/az\\\/article\\\/qlobal-maqnistski-qanunu-azerbaycan-memurlarina-tetbiq-edilecekmi\\\/#primaryimage\"},\"thumbnailUrl\":\"https:\\\/\\\/www.meydan.tv\\\/wp-content\\\/uploads\\\/28957.jpg\",\"articleSection\":[\"Analitika\"],\"inLanguage\":\"az\"},{\"@type\":\"WebPage\",\"@id\":\"https:\\\/\\\/www.meydan.tv\\\/az\\\/article\\\/qlobal-maqnistski-qanunu-azerbaycan-memurlarina-tetbiq-edilecekmi\\\/\",\"url\":\"https:\\\/\\\/www.meydan.tv\\\/az\\\/article\\\/qlobal-maqnistski-qanunu-azerbaycan-memurlarina-tetbiq-edilecekmi\\\/\",\"name\":\"''Qlobal Maqnistski'' qanunu Az\u0259rbaycan m\u0259murlar\u0131na t\u0259tbiq edil\u0259c\u0259kmi? - MEYDAN.TV\",\"isPartOf\":{\"@id\":\"https:\\\/\\\/www.meydan.tv\\\/az\\\/#website\"},\"primaryImageOfPage\":{\"@id\":\"https:\\\/\\\/www.meydan.tv\\\/az\\\/article\\\/qlobal-maqnistski-qanunu-azerbaycan-memurlarina-tetbiq-edilecekmi\\\/#primaryimage\"},\"image\":{\"@id\":\"https:\\\/\\\/www.meydan.tv\\\/az\\\/article\\\/qlobal-maqnistski-qanunu-azerbaycan-memurlarina-tetbiq-edilecekmi\\\/#primaryimage\"},\"thumbnailUrl\":\"https:\\\/\\\/www.meydan.tv\\\/wp-content\\\/uploads\\\/28957.jpg\",\"datePublished\":\"2016-12-09T16:46:23+00:00\",\"breadcrumb\":{\"@id\":\"https:\\\/\\\/www.meydan.tv\\\/az\\\/article\\\/qlobal-maqnistski-qanunu-azerbaycan-memurlarina-tetbiq-edilecekmi\\\/#breadcrumb\"},\"inLanguage\":\"az\",\"potentialAction\":[{\"@type\":\"ReadAction\",\"target\":[\"https:\\\/\\\/www.meydan.tv\\\/az\\\/article\\\/qlobal-maqnistski-qanunu-azerbaycan-memurlarina-tetbiq-edilecekmi\\\/\"]}]},{\"@type\":\"ImageObject\",\"inLanguage\":\"az\",\"@id\":\"https:\\\/\\\/www.meydan.tv\\\/az\\\/article\\\/qlobal-maqnistski-qanunu-azerbaycan-memurlarina-tetbiq-edilecekmi\\\/#primaryimage\",\"url\":\"https:\\\/\\\/www.meydan.tv\\\/wp-content\\\/uploads\\\/28957.jpg\",\"contentUrl\":\"https:\\\/\\\/www.meydan.tv\\\/wp-content\\\/uploads\\\/28957.jpg\",\"width\":768,\"height\":459,\"caption\":\"Source:\"},{\"@type\":\"BreadcrumbList\",\"@id\":\"https:\\\/\\\/www.meydan.tv\\\/az\\\/article\\\/qlobal-maqnistski-qanunu-azerbaycan-memurlarina-tetbiq-edilecekmi\\\/#breadcrumb\",\"itemListElement\":[{\"@type\":\"ListItem\",\"position\":1,\"name\":\"Ana s\u0259hif\u0259\",\"item\":\"https:\\\/\\\/www.meydan.tv\\\/az\\\/\"},{\"@type\":\"ListItem\",\"position\":2,\"name\":\"Analitika\",\"item\":\"https:\\\/\\\/www.meydan.tv\\\/az\\\/section\\\/analitika\\\/\"},{\"@type\":\"ListItem\",\"position\":3,\"name\":\"&#8221;Qlobal Maqnistski&#8221; qanunu Az\u0259rbaycan m\u0259murlar\u0131na t\u0259tbiq edil\u0259c\u0259kmi?\"}]},{\"@type\":\"WebSite\",\"@id\":\"https:\\\/\\\/www.meydan.tv\\\/az\\\/#website\",\"url\":\"https:\\\/\\\/www.meydan.tv\\\/az\\\/\",\"name\":\"MEYDAN.TV\",\"description\":\"Meydan TV Az\u0259rbaycan\u0131n media m\u0259kan\u0131ndak\u0131 alternativ s\u0259sidir\",\"publisher\":{\"@id\":\"https:\\\/\\\/www.meydan.tv\\\/az\\\/#organization\"},\"potentialAction\":[{\"@type\":\"SearchAction\",\"target\":{\"@type\":\"EntryPoint\",\"urlTemplate\":\"https:\\\/\\\/www.meydan.tv\\\/az\\\/?s={search_term_string}\"},\"query-input\":{\"@type\":\"PropertyValueSpecification\",\"valueRequired\":true,\"valueName\":\"search_term_string\"}}],\"inLanguage\":\"az\"},{\"@type\":\"Organization\",\"@id\":\"https:\\\/\\\/www.meydan.tv\\\/az\\\/#organization\",\"name\":\"Meydan TV\",\"url\":\"https:\\\/\\\/www.meydan.tv\\\/az\\\/\",\"logo\":{\"@type\":\"ImageObject\",\"inLanguage\":\"az\",\"@id\":\"https:\\\/\\\/www.meydan.tv\\\/az\\\/#\\\/schema\\\/logo\\\/image\\\/\",\"url\":\"https:\\\/\\\/www.meydan.tv\\\/wp-content\\\/uploads\\\/2021\\\/07\\\/meydan-logo.svg\",\"contentUrl\":\"https:\\\/\\\/www.meydan.tv\\\/wp-content\\\/uploads\\\/2021\\\/07\\\/meydan-logo.svg\",\"width\":195,\"height\":46,\"caption\":\"Meydan TV\"},\"image\":{\"@id\":\"https:\\\/\\\/www.meydan.tv\\\/az\\\/#\\\/schema\\\/logo\\\/image\\\/\"}},{\"@type\":\"Person\",\"@id\":\"https:\\\/\\\/www.meydan.tv\\\/az\\\/#\\\/schema\\\/person\\\/10d11eccf6da3662cf5fdab9806ea91a\",\"name\":\"user-manager\"}]}<\/script>\n<!-- \/ Yoast SEO plugin. -->","yoast_head_json":{"title":"''Qlobal Maqnistski'' qanunu Az\u0259rbaycan m\u0259murlar\u0131na t\u0259tbiq edil\u0259c\u0259kmi? - MEYDAN.TV","robots":{"index":"index","follow":"follow","max-snippet":"max-snippet:-1","max-image-preview":"max-image-preview:large","max-video-preview":"max-video-preview:-1"},"canonical":"https:\/\/www.meydan.tv\/az\/article\/qlobal-maqnistski-qanunu-azerbaycan-memurlarina-tetbiq-edilecekmi\/","og_locale":"az_AZ","og_type":"article","og_title":"''Qlobal Maqnistski'' qanunu Az\u0259rbaycan m\u0259murlar\u0131na t\u0259tbiq edil\u0259c\u0259kmi? - MEYDAN.TV","og_description":"Altay G\u00f6y\u00fc\u015fov \u015f\u00fcbh\u0259 edir, \u0130sa Q\u0259mb\u0259r is\u0259 prosesin u\u011furla ged\u0259c\u0259yini d\u00fc\u015f\u00fcn\u00fcr","og_url":"https:\/\/www.meydan.tv\/az\/article\/qlobal-maqnistski-qanunu-azerbaycan-memurlarina-tetbiq-edilecekmi\/","og_site_name":"MEYDAN.TV","article_published_time":"2016-12-09T16:46:23+00:00","og_image":[{"width":768,"height":459,"url":"https:\/\/www.meydan.tv\/wp-content\/uploads\/28957.jpg","type":"image\/jpeg"}],"author":"user-manager","twitter_card":"summary_large_image","schema":{"@context":"https:\/\/schema.org","@graph":[{"@type":"Article","@id":"https:\/\/www.meydan.tv\/az\/article\/qlobal-maqnistski-qanunu-azerbaycan-memurlarina-tetbiq-edilecekmi\/#article","isPartOf":{"@id":"https:\/\/www.meydan.tv\/az\/article\/qlobal-maqnistski-qanunu-azerbaycan-memurlarina-tetbiq-edilecekmi\/"},"author":{"name":"user-manager","@id":"https:\/\/www.meydan.tv\/az\/#\/schema\/person\/10d11eccf6da3662cf5fdab9806ea91a"},"headline":"&#8221;Qlobal Maqnistski&#8221; qanunu Az\u0259rbaycan m\u0259murlar\u0131na t\u0259tbiq edil\u0259c\u0259kmi?","datePublished":"2016-12-09T16:46:23+00:00","mainEntityOfPage":{"@id":"https:\/\/www.meydan.tv\/az\/article\/qlobal-maqnistski-qanunu-azerbaycan-memurlarina-tetbiq-edilecekmi\/"},"wordCount":1265,"publisher":{"@id":"https:\/\/www.meydan.tv\/az\/#organization"},"image":{"@id":"https:\/\/www.meydan.tv\/az\/article\/qlobal-maqnistski-qanunu-azerbaycan-memurlarina-tetbiq-edilecekmi\/#primaryimage"},"thumbnailUrl":"https:\/\/www.meydan.tv\/wp-content\/uploads\/28957.jpg","articleSection":["Analitika"],"inLanguage":"az"},{"@type":"WebPage","@id":"https:\/\/www.meydan.tv\/az\/article\/qlobal-maqnistski-qanunu-azerbaycan-memurlarina-tetbiq-edilecekmi\/","url":"https:\/\/www.meydan.tv\/az\/article\/qlobal-maqnistski-qanunu-azerbaycan-memurlarina-tetbiq-edilecekmi\/","name":"''Qlobal Maqnistski'' qanunu Az\u0259rbaycan m\u0259murlar\u0131na t\u0259tbiq edil\u0259c\u0259kmi? - MEYDAN.TV","isPartOf":{"@id":"https:\/\/www.meydan.tv\/az\/#website"},"primaryImageOfPage":{"@id":"https:\/\/www.meydan.tv\/az\/article\/qlobal-maqnistski-qanunu-azerbaycan-memurlarina-tetbiq-edilecekmi\/#primaryimage"},"image":{"@id":"https:\/\/www.meydan.tv\/az\/article\/qlobal-maqnistski-qanunu-azerbaycan-memurlarina-tetbiq-edilecekmi\/#primaryimage"},"thumbnailUrl":"https:\/\/www.meydan.tv\/wp-content\/uploads\/28957.jpg","datePublished":"2016-12-09T16:46:23+00:00","breadcrumb":{"@id":"https:\/\/www.meydan.tv\/az\/article\/qlobal-maqnistski-qanunu-azerbaycan-memurlarina-tetbiq-edilecekmi\/#breadcrumb"},"inLanguage":"az","potentialAction":[{"@type":"ReadAction","target":["https:\/\/www.meydan.tv\/az\/article\/qlobal-maqnistski-qanunu-azerbaycan-memurlarina-tetbiq-edilecekmi\/"]}]},{"@type":"ImageObject","inLanguage":"az","@id":"https:\/\/www.meydan.tv\/az\/article\/qlobal-maqnistski-qanunu-azerbaycan-memurlarina-tetbiq-edilecekmi\/#primaryimage","url":"https:\/\/www.meydan.tv\/wp-content\/uploads\/28957.jpg","contentUrl":"https:\/\/www.meydan.tv\/wp-content\/uploads\/28957.jpg","width":768,"height":459,"caption":"Source:"},{"@type":"BreadcrumbList","@id":"https:\/\/www.meydan.tv\/az\/article\/qlobal-maqnistski-qanunu-azerbaycan-memurlarina-tetbiq-edilecekmi\/#breadcrumb","itemListElement":[{"@type":"ListItem","position":1,"name":"Ana s\u0259hif\u0259","item":"https:\/\/www.meydan.tv\/az\/"},{"@type":"ListItem","position":2,"name":"Analitika","item":"https:\/\/www.meydan.tv\/az\/section\/analitika\/"},{"@type":"ListItem","position":3,"name":"&#8221;Qlobal Maqnistski&#8221; qanunu Az\u0259rbaycan m\u0259murlar\u0131na t\u0259tbiq edil\u0259c\u0259kmi?"}]},{"@type":"WebSite","@id":"https:\/\/www.meydan.tv\/az\/#website","url":"https:\/\/www.meydan.tv\/az\/","name":"MEYDAN.TV","description":"Meydan TV Az\u0259rbaycan\u0131n media m\u0259kan\u0131ndak\u0131 alternativ s\u0259sidir","publisher":{"@id":"https:\/\/www.meydan.tv\/az\/#organization"},"potentialAction":[{"@type":"SearchAction","target":{"@type":"EntryPoint","urlTemplate":"https:\/\/www.meydan.tv\/az\/?s={search_term_string}"},"query-input":{"@type":"PropertyValueSpecification","valueRequired":true,"valueName":"search_term_string"}}],"inLanguage":"az"},{"@type":"Organization","@id":"https:\/\/www.meydan.tv\/az\/#organization","name":"Meydan TV","url":"https:\/\/www.meydan.tv\/az\/","logo":{"@type":"ImageObject","inLanguage":"az","@id":"https:\/\/www.meydan.tv\/az\/#\/schema\/logo\/image\/","url":"https:\/\/www.meydan.tv\/wp-content\/uploads\/2021\/07\/meydan-logo.svg","contentUrl":"https:\/\/www.meydan.tv\/wp-content\/uploads\/2021\/07\/meydan-logo.svg","width":195,"height":46,"caption":"Meydan TV"},"image":{"@id":"https:\/\/www.meydan.tv\/az\/#\/schema\/logo\/image\/"}},{"@type":"Person","@id":"https:\/\/www.meydan.tv\/az\/#\/schema\/person\/10d11eccf6da3662cf5fdab9806ea91a","name":"user-manager"}]}},"_links":{"self":[{"href":"https:\/\/www.meydan.tv\/az\/wp-json\/wp\/v2\/posts\/181094","targetHints":{"allow":["GET"]}}],"collection":[{"href":"https:\/\/www.meydan.tv\/az\/wp-json\/wp\/v2\/posts"}],"about":[{"href":"https:\/\/www.meydan.tv\/az\/wp-json\/wp\/v2\/types\/post"}],"author":[{"embeddable":true,"href":"https:\/\/www.meydan.tv\/az\/wp-json\/wp\/v2\/users\/11"}],"replies":[{"embeddable":true,"href":"https:\/\/www.meydan.tv\/az\/wp-json\/wp\/v2\/comments?post=181094"}],"version-history":[{"count":0,"href":"https:\/\/www.meydan.tv\/az\/wp-json\/wp\/v2\/posts\/181094\/revisions"}],"wp:featuredmedia":[{"embeddable":true,"href":"https:\/\/www.meydan.tv\/az\/wp-json\/wp\/v2\/media\/74908"}],"wp:attachment":[{"href":"https:\/\/www.meydan.tv\/az\/wp-json\/wp\/v2\/media?parent=181094"}],"wp:term":[{"taxonomy":"category","embeddable":true,"href":"https:\/\/www.meydan.tv\/az\/wp-json\/wp\/v2\/categories?post=181094"},{"taxonomy":"post_tag","embeddable":true,"href":"https:\/\/www.meydan.tv\/az\/wp-json\/wp\/v2\/tags?post=181094"}],"curies":[{"name":"wp","href":"https:\/\/api.w.org\/{rel}","templated":true}]}}