{"id":181093,"date":"2016-12-09T15:54:02","date_gmt":"2016-12-09T15:54:02","guid":{"rendered":"https:\/\/www.meydan.tv\/article\/beynelxalq-bank-vaxtinda-ozellesdirilseydi\/"},"modified":"2016-12-09T15:54:02","modified_gmt":"2016-12-09T15:54:02","slug":"beynelxalq-bank-vaxtinda-ozellesdirilseydi","status":"publish","type":"post","link":"https:\/\/www.meydan.tv\/az\/article\/beynelxalq-bank-vaxtinda-ozellesdirilseydi\/","title":{"rendered":"&#8221;Beyn\u0259lxalq Bank vaxt\u0131nda \u00f6z\u0259ll\u0259\u015fdirils\u0259ydi\u2026&#8221;"},"content":{"rendered":"<figure class=\"wp-block-image size-large\">\n  <img decoding=\"async\" src=\"https:\/\/www.meydan.tv\/az\/66794\/\" alt=\"\" class=\"wp-image-66794\"\/><figcaption><\/figcaption><\/figure>\n<p>\n  <i><br \/>\n    &#8221;Ba\u015f ver\u0259nl\u0259rin birinci g\u00fcnahkar\u0131 islahatlar\u0131 vaxt\u0131nda aparmayan h\u00f6k\u00fcm\u0259tdir&#8221;<br \/>\n  <\/i>\n<\/p>\n<p>\n  Az\u0259rbaycan Beyn\u0259lxalq Bank\u0131 (ABB) \u0259traf\u0131nda s\u00f6hb\u0259tl\u0259r davam edir. Bu d\u0259f\u0259 d\u0259 bank\u0131n v\u0259zif\u0259sind\u0259n uzaqla\u015fd\u0131r\u0131lm\u0131\u015f yeni r\u0259hb\u0259ri \u201cqara bazar\u201da valyuta \u00f6t\u00fcrm\u0259kd\u0259 g\u00fcnahland\u0131r\u0131l\u0131r.\n<\/p>\n<p>\n  Bu bar\u0259d\u0259 iqtisad\u00e7\u0131 Qubad \u0130bado\u011flu \u00f6z\u00fcn\u00fcn \u201cFacebook\u201d s\u0259hif\u0259sind\u0259 yaz\u0131b.\n<\/p>\n<p>\n  Bildirib ki, d\u00f6vl\u0259t z\u0259man\u0259ti il\u0259 M\u0259rk\u0259zi Bankdan 7 milyard manat, eyni zamanda Neft Fondundan 1 milyard AB\u015e dollar\u0131 alan Az\u0259rbaycan Beyn\u0259lxalq Bank\u0131 (ABB) \u0259traf\u0131nda bitm\u0259y\u0259n s\u00f6hb\u0259tl\u0259r ABB d\u00f6vl\u0259t m\u00fclkiyy\u0259tind\u0259 qalanad\u0259k davam ed\u0259c\u0259k.\n<\/p>\n<p>\n  \u201cABB-nin \u00f6z\u0259ll\u0259dirilm\u0259si il\u0259 ba\u011fl\u0131 m\u00fczakir\u0259l\u0259r 2000-ci ilin ortalar\u0131nda Beyn\u0259lxalq Valyuta Fondunun t\u0259\u015f\u0259bb\u00fcs\u00fc il\u0259 ba\u015flasa da, bu istiqam\u0259td\u0259 i\u015f getmir. \u018fg\u0259r Beyn\u0259lxalq Bank vaxt\u0131nda \u00f6z\u0259ll\u0259\u015fdirils\u0259ydi n\u0259 d\u00f6vl\u0259t 7 milyard manat v\u0259 1 milyard dollar \u0259lav\u0259 x\u0259rc\u0259 d\u00fc\u015f\u0259r, n\u0259 d\u0259 bu bankdan kredit g\u00f6t\u00fcr\u0259n \u015f\u0259xsl\u0259r 6 il\u0259 10 milyard manata q\u0259d\u0259r v\u0259sait o\u011furlaya bilm\u0259zdil\u0259r. \u00c7\u00fcnki, bank \u00f6z\u0259l olanda o\u011furlanan d\u00f6vl\u0259tin deyil, onun idar\u0259\u00e7iliyi \u00fcz\u0259rind\u0259 korporativ n\u0259zar\u0259ti h\u0259yata ke\u00e7ir\u0259n s\u0259hmdarlar\u0131n v\u0259saitl\u0259ri olur\u201d.\n<\/p>\n<figure class=\"wp-block-image size-large\">\n  <img decoding=\"async\" src=\"https:\/\/www.meydan.tv\/az\/qubad-ibadoglu-foto-meydan-tv-2\/\" alt=\"Qubad \u0130bado\u011flu foto Meydan TV\" class=\"wp-image-72532\"\/><figcaption>\n    Qubad \u0130bado\u011flu foto Meydan TV<br \/>\n  <\/figcaption><\/figure>\n<p>\n  \u0130qtisad\u00e7\u0131 deyir ki, \u00f6z\u0259l banklar\u0131n s\u0259hmdarlar\u0131 bel\u0259 hallar\u0131n qar\u015f\u0131s\u0131n\u0131 vaxt\u0131nda almaq \u00fc\u00e7\u00fcn xeyli r\u0131\u00e7aqlara malikdir, bu is\u0259 Beyn\u0259lxalq Bankda oldu\u011fu kimi uzunm\u00fcdd\u0259tli d\u00f6vrd\u0259 d\u0259h\u015f\u0259tli d\u0259r\u0259c\u0259d\u0259 b\u00f6y\u00fck korrupsiyalara yol a\u00e7m\u0131r. Odur ki, Beyn\u0259lxalq Bankda ba\u015f ver\u0259nl\u0259rin birinci g\u00fcnahkar\u0131 islahatlar\u0131 vaxt\u0131nda aparmayan h\u00f6k\u00fcm\u0259tdir:\n<\/p>\n<p>\n  \u201cBu s\u0259b\u0259bd\u0259n d\u0259 ABB-nin v\u0259zif\u0259sind\u0259n uzaqla\u015fd\u0131r\u0131lm\u0131\u015f r\u0259hb\u0259ri qara bazara valyuta \u00f6t\u00fcrm\u0259kd\u0259 ittiham olunur. Onun da ba\u015fl\u0131ca s\u0259b\u0259bi bu bank\u0131n h\u0259l\u0259 d\u0259 d\u00f6vl\u0259t m\u00fclkiyy\u0259tind\u0259 qalmas\u0131d\u0131r. Hesab edir\u0259m ki, g\u0259l\u0259n ild\u0259n ABB v\u0259 Az\u0259rt\u00fckrbank \u00f6z\u0259ll\u0259\u015fdirm\u0259y\u0259 haz\u0131rlanmal\u0131 v\u0259 bu proses m\u00fcmk\u00fcn q\u0259d\u0259r tez ba\u015fa \u00e7atd\u0131r\u0131lmald\u0131r. \u00d6z\u0259ll\u0259\u015fdirm\u0259 is\u0259 a\u00e7\u0131q olmal\u0131, orda maraql\u0131 investorlar\u0131n s\u0259rb\u0259st i\u015ftirak\u0131na \u015f\u0259rait yarad\u0131lmal\u0131d\u0131r\u201d.<\/p>\n","protected":false},"excerpt":{"rendered":"<p>&#8221;Ba\u015f ver\u0259nl\u0259rin birinci g\u00fcnahkar\u0131 islahatlar\u0131 vaxt\u0131nda aparmayan h\u00f6k\u00fcm\u0259tdir&#8221;<\/p>\n","protected":false},"author":11,"featured_media":66794,"comment_status":"closed","ping_status":"open","sticky":false,"template":"","format":"standard","meta":{"_acf_changed":false,"_sitemap_exclude":false,"_sitemap_priority":"","_sitemap_frequency":"","footnotes":""},"categories":[51],"tags":[],"class_list":["post-181093","post","type-post","status-publish","format-standard","has-post-thumbnail","hentry","category-analitika","infinite-scroll-item","generate-columns","tablet-grid-50","mobile-grid-100","grid-parent","grid-33","no-featured-image-padding"],"acf":[],"yoast_head":"<!-- This site is optimized with the Yoast SEO plugin v27.5 - https:\/\/yoast.com\/product\/yoast-seo-wordpress\/ -->\n<title>&#039;&#039;Beyn\u0259lxalq Bank vaxt\u0131nda \u00f6z\u0259ll\u0259\u015fdirils\u0259ydi\u2026&#039;&#039; - MEYDAN.TV<\/title>\n<meta name=\"robots\" content=\"index, follow, max-snippet:-1, max-image-preview:large, max-video-preview:-1\" \/>\n<link rel=\"canonical\" href=\"https:\/\/www.meydan.tv\/az\/article\/beynelxalq-bank-vaxtinda-ozellesdirilseydi\/\" \/>\n<meta property=\"og:locale\" content=\"az_AZ\" \/>\n<meta property=\"og:type\" content=\"article\" \/>\n<meta property=\"og:title\" content=\"&#039;&#039;Beyn\u0259lxalq Bank vaxt\u0131nda \u00f6z\u0259ll\u0259\u015fdirils\u0259ydi\u2026&#039;&#039; - MEYDAN.TV\" \/>\n<meta property=\"og:description\" content=\"&#039;&#039;Ba\u015f ver\u0259nl\u0259rin birinci g\u00fcnahkar\u0131 islahatlar\u0131 vaxt\u0131nda aparmayan h\u00f6k\u00fcm\u0259tdir&#039;&#039;\" \/>\n<meta property=\"og:url\" content=\"https:\/\/www.meydan.tv\/az\/article\/beynelxalq-bank-vaxtinda-ozellesdirilseydi\/\" \/>\n<meta property=\"og:site_name\" content=\"MEYDAN.TV\" \/>\n<meta property=\"article:published_time\" content=\"2016-12-09T15:54:02+00:00\" \/>\n<meta property=\"og:image\" content=\"https:\/\/www.meydan.tv\/wp-content\/uploads\/25509.jpg\" \/>\n\t<meta property=\"og:image:width\" content=\"900\" \/>\n\t<meta property=\"og:image:height\" content=\"601\" \/>\n\t<meta property=\"og:image:type\" content=\"image\/jpeg\" \/>\n<meta name=\"author\" content=\"user-manager\" \/>\n<meta name=\"twitter:card\" content=\"summary_large_image\" \/>\n<script type=\"application\/ld+json\" class=\"yoast-schema-graph\">{\"@context\":\"https:\\\/\\\/schema.org\",\"@graph\":[{\"@type\":\"Article\",\"@id\":\"https:\\\/\\\/www.meydan.tv\\\/az\\\/article\\\/beynelxalq-bank-vaxtinda-ozellesdirilseydi\\\/#article\",\"isPartOf\":{\"@id\":\"https:\\\/\\\/www.meydan.tv\\\/az\\\/article\\\/beynelxalq-bank-vaxtinda-ozellesdirilseydi\\\/\"},\"author\":{\"name\":\"user-manager\",\"@id\":\"https:\\\/\\\/www.meydan.tv\\\/az\\\/#\\\/schema\\\/person\\\/10d11eccf6da3662cf5fdab9806ea91a\"},\"headline\":\"&#8221;Beyn\u0259lxalq Bank vaxt\u0131nda \u00f6z\u0259ll\u0259\u015fdirils\u0259ydi\u2026&#8221;\",\"datePublished\":\"2016-12-09T15:54:02+00:00\",\"mainEntityOfPage\":{\"@id\":\"https:\\\/\\\/www.meydan.tv\\\/az\\\/article\\\/beynelxalq-bank-vaxtinda-ozellesdirilseydi\\\/\"},\"wordCount\":432,\"publisher\":{\"@id\":\"https:\\\/\\\/www.meydan.tv\\\/az\\\/#organization\"},\"image\":{\"@id\":\"https:\\\/\\\/www.meydan.tv\\\/az\\\/article\\\/beynelxalq-bank-vaxtinda-ozellesdirilseydi\\\/#primaryimage\"},\"thumbnailUrl\":\"https:\\\/\\\/www.meydan.tv\\\/wp-content\\\/uploads\\\/25509.jpg\",\"articleSection\":[\"Analitika\"],\"inLanguage\":\"az\"},{\"@type\":\"WebPage\",\"@id\":\"https:\\\/\\\/www.meydan.tv\\\/az\\\/article\\\/beynelxalq-bank-vaxtinda-ozellesdirilseydi\\\/\",\"url\":\"https:\\\/\\\/www.meydan.tv\\\/az\\\/article\\\/beynelxalq-bank-vaxtinda-ozellesdirilseydi\\\/\",\"name\":\"''Beyn\u0259lxalq Bank vaxt\u0131nda \u00f6z\u0259ll\u0259\u015fdirils\u0259ydi\u2026'' - MEYDAN.TV\",\"isPartOf\":{\"@id\":\"https:\\\/\\\/www.meydan.tv\\\/az\\\/#website\"},\"primaryImageOfPage\":{\"@id\":\"https:\\\/\\\/www.meydan.tv\\\/az\\\/article\\\/beynelxalq-bank-vaxtinda-ozellesdirilseydi\\\/#primaryimage\"},\"image\":{\"@id\":\"https:\\\/\\\/www.meydan.tv\\\/az\\\/article\\\/beynelxalq-bank-vaxtinda-ozellesdirilseydi\\\/#primaryimage\"},\"thumbnailUrl\":\"https:\\\/\\\/www.meydan.tv\\\/wp-content\\\/uploads\\\/25509.jpg\",\"datePublished\":\"2016-12-09T15:54:02+00:00\",\"breadcrumb\":{\"@id\":\"https:\\\/\\\/www.meydan.tv\\\/az\\\/article\\\/beynelxalq-bank-vaxtinda-ozellesdirilseydi\\\/#breadcrumb\"},\"inLanguage\":\"az\",\"potentialAction\":[{\"@type\":\"ReadAction\",\"target\":[\"https:\\\/\\\/www.meydan.tv\\\/az\\\/article\\\/beynelxalq-bank-vaxtinda-ozellesdirilseydi\\\/\"]}]},{\"@type\":\"ImageObject\",\"inLanguage\":\"az\",\"@id\":\"https:\\\/\\\/www.meydan.tv\\\/az\\\/article\\\/beynelxalq-bank-vaxtinda-ozellesdirilseydi\\\/#primaryimage\",\"url\":\"https:\\\/\\\/www.meydan.tv\\\/wp-content\\\/uploads\\\/25509.jpg\",\"contentUrl\":\"https:\\\/\\\/www.meydan.tv\\\/wp-content\\\/uploads\\\/25509.jpg\",\"width\":900,\"height\":601,\"caption\":\"Source:\"},{\"@type\":\"BreadcrumbList\",\"@id\":\"https:\\\/\\\/www.meydan.tv\\\/az\\\/article\\\/beynelxalq-bank-vaxtinda-ozellesdirilseydi\\\/#breadcrumb\",\"itemListElement\":[{\"@type\":\"ListItem\",\"position\":1,\"name\":\"Ana s\u0259hif\u0259\",\"item\":\"https:\\\/\\\/www.meydan.tv\\\/az\\\/\"},{\"@type\":\"ListItem\",\"position\":2,\"name\":\"Analitika\",\"item\":\"https:\\\/\\\/www.meydan.tv\\\/az\\\/section\\\/analitika\\\/\"},{\"@type\":\"ListItem\",\"position\":3,\"name\":\"&#8221;Beyn\u0259lxalq Bank vaxt\u0131nda \u00f6z\u0259ll\u0259\u015fdirils\u0259ydi\u2026&#8221;\"}]},{\"@type\":\"WebSite\",\"@id\":\"https:\\\/\\\/www.meydan.tv\\\/az\\\/#website\",\"url\":\"https:\\\/\\\/www.meydan.tv\\\/az\\\/\",\"name\":\"MEYDAN.TV\",\"description\":\"Meydan TV Az\u0259rbaycan\u0131n media m\u0259kan\u0131ndak\u0131 alternativ s\u0259sidir\",\"publisher\":{\"@id\":\"https:\\\/\\\/www.meydan.tv\\\/az\\\/#organization\"},\"potentialAction\":[{\"@type\":\"SearchAction\",\"target\":{\"@type\":\"EntryPoint\",\"urlTemplate\":\"https:\\\/\\\/www.meydan.tv\\\/az\\\/?s={search_term_string}\"},\"query-input\":{\"@type\":\"PropertyValueSpecification\",\"valueRequired\":true,\"valueName\":\"search_term_string\"}}],\"inLanguage\":\"az\"},{\"@type\":\"Organization\",\"@id\":\"https:\\\/\\\/www.meydan.tv\\\/az\\\/#organization\",\"name\":\"Meydan TV\",\"url\":\"https:\\\/\\\/www.meydan.tv\\\/az\\\/\",\"logo\":{\"@type\":\"ImageObject\",\"inLanguage\":\"az\",\"@id\":\"https:\\\/\\\/www.meydan.tv\\\/az\\\/#\\\/schema\\\/logo\\\/image\\\/\",\"url\":\"https:\\\/\\\/www.meydan.tv\\\/wp-content\\\/uploads\\\/2021\\\/07\\\/meydan-logo.svg\",\"contentUrl\":\"https:\\\/\\\/www.meydan.tv\\\/wp-content\\\/uploads\\\/2021\\\/07\\\/meydan-logo.svg\",\"width\":195,\"height\":46,\"caption\":\"Meydan TV\"},\"image\":{\"@id\":\"https:\\\/\\\/www.meydan.tv\\\/az\\\/#\\\/schema\\\/logo\\\/image\\\/\"}},{\"@type\":\"Person\",\"@id\":\"https:\\\/\\\/www.meydan.tv\\\/az\\\/#\\\/schema\\\/person\\\/10d11eccf6da3662cf5fdab9806ea91a\",\"name\":\"user-manager\"}]}<\/script>\n<!-- \/ Yoast SEO plugin. -->","yoast_head_json":{"title":"''Beyn\u0259lxalq Bank vaxt\u0131nda \u00f6z\u0259ll\u0259\u015fdirils\u0259ydi\u2026'' - MEYDAN.TV","robots":{"index":"index","follow":"follow","max-snippet":"max-snippet:-1","max-image-preview":"max-image-preview:large","max-video-preview":"max-video-preview:-1"},"canonical":"https:\/\/www.meydan.tv\/az\/article\/beynelxalq-bank-vaxtinda-ozellesdirilseydi\/","og_locale":"az_AZ","og_type":"article","og_title":"''Beyn\u0259lxalq Bank vaxt\u0131nda \u00f6z\u0259ll\u0259\u015fdirils\u0259ydi\u2026'' - MEYDAN.TV","og_description":"''Ba\u015f ver\u0259nl\u0259rin birinci g\u00fcnahkar\u0131 islahatlar\u0131 vaxt\u0131nda aparmayan h\u00f6k\u00fcm\u0259tdir''","og_url":"https:\/\/www.meydan.tv\/az\/article\/beynelxalq-bank-vaxtinda-ozellesdirilseydi\/","og_site_name":"MEYDAN.TV","article_published_time":"2016-12-09T15:54:02+00:00","og_image":[{"width":900,"height":601,"url":"https:\/\/www.meydan.tv\/wp-content\/uploads\/25509.jpg","type":"image\/jpeg"}],"author":"user-manager","twitter_card":"summary_large_image","schema":{"@context":"https:\/\/schema.org","@graph":[{"@type":"Article","@id":"https:\/\/www.meydan.tv\/az\/article\/beynelxalq-bank-vaxtinda-ozellesdirilseydi\/#article","isPartOf":{"@id":"https:\/\/www.meydan.tv\/az\/article\/beynelxalq-bank-vaxtinda-ozellesdirilseydi\/"},"author":{"name":"user-manager","@id":"https:\/\/www.meydan.tv\/az\/#\/schema\/person\/10d11eccf6da3662cf5fdab9806ea91a"},"headline":"&#8221;Beyn\u0259lxalq Bank vaxt\u0131nda \u00f6z\u0259ll\u0259\u015fdirils\u0259ydi\u2026&#8221;","datePublished":"2016-12-09T15:54:02+00:00","mainEntityOfPage":{"@id":"https:\/\/www.meydan.tv\/az\/article\/beynelxalq-bank-vaxtinda-ozellesdirilseydi\/"},"wordCount":432,"publisher":{"@id":"https:\/\/www.meydan.tv\/az\/#organization"},"image":{"@id":"https:\/\/www.meydan.tv\/az\/article\/beynelxalq-bank-vaxtinda-ozellesdirilseydi\/#primaryimage"},"thumbnailUrl":"https:\/\/www.meydan.tv\/wp-content\/uploads\/25509.jpg","articleSection":["Analitika"],"inLanguage":"az"},{"@type":"WebPage","@id":"https:\/\/www.meydan.tv\/az\/article\/beynelxalq-bank-vaxtinda-ozellesdirilseydi\/","url":"https:\/\/www.meydan.tv\/az\/article\/beynelxalq-bank-vaxtinda-ozellesdirilseydi\/","name":"''Beyn\u0259lxalq Bank vaxt\u0131nda \u00f6z\u0259ll\u0259\u015fdirils\u0259ydi\u2026'' - MEYDAN.TV","isPartOf":{"@id":"https:\/\/www.meydan.tv\/az\/#website"},"primaryImageOfPage":{"@id":"https:\/\/www.meydan.tv\/az\/article\/beynelxalq-bank-vaxtinda-ozellesdirilseydi\/#primaryimage"},"image":{"@id":"https:\/\/www.meydan.tv\/az\/article\/beynelxalq-bank-vaxtinda-ozellesdirilseydi\/#primaryimage"},"thumbnailUrl":"https:\/\/www.meydan.tv\/wp-content\/uploads\/25509.jpg","datePublished":"2016-12-09T15:54:02+00:00","breadcrumb":{"@id":"https:\/\/www.meydan.tv\/az\/article\/beynelxalq-bank-vaxtinda-ozellesdirilseydi\/#breadcrumb"},"inLanguage":"az","potentialAction":[{"@type":"ReadAction","target":["https:\/\/www.meydan.tv\/az\/article\/beynelxalq-bank-vaxtinda-ozellesdirilseydi\/"]}]},{"@type":"ImageObject","inLanguage":"az","@id":"https:\/\/www.meydan.tv\/az\/article\/beynelxalq-bank-vaxtinda-ozellesdirilseydi\/#primaryimage","url":"https:\/\/www.meydan.tv\/wp-content\/uploads\/25509.jpg","contentUrl":"https:\/\/www.meydan.tv\/wp-content\/uploads\/25509.jpg","width":900,"height":601,"caption":"Source:"},{"@type":"BreadcrumbList","@id":"https:\/\/www.meydan.tv\/az\/article\/beynelxalq-bank-vaxtinda-ozellesdirilseydi\/#breadcrumb","itemListElement":[{"@type":"ListItem","position":1,"name":"Ana s\u0259hif\u0259","item":"https:\/\/www.meydan.tv\/az\/"},{"@type":"ListItem","position":2,"name":"Analitika","item":"https:\/\/www.meydan.tv\/az\/section\/analitika\/"},{"@type":"ListItem","position":3,"name":"&#8221;Beyn\u0259lxalq Bank vaxt\u0131nda \u00f6z\u0259ll\u0259\u015fdirils\u0259ydi\u2026&#8221;"}]},{"@type":"WebSite","@id":"https:\/\/www.meydan.tv\/az\/#website","url":"https:\/\/www.meydan.tv\/az\/","name":"MEYDAN.TV","description":"Meydan TV Az\u0259rbaycan\u0131n media m\u0259kan\u0131ndak\u0131 alternativ s\u0259sidir","publisher":{"@id":"https:\/\/www.meydan.tv\/az\/#organization"},"potentialAction":[{"@type":"SearchAction","target":{"@type":"EntryPoint","urlTemplate":"https:\/\/www.meydan.tv\/az\/?s={search_term_string}"},"query-input":{"@type":"PropertyValueSpecification","valueRequired":true,"valueName":"search_term_string"}}],"inLanguage":"az"},{"@type":"Organization","@id":"https:\/\/www.meydan.tv\/az\/#organization","name":"Meydan TV","url":"https:\/\/www.meydan.tv\/az\/","logo":{"@type":"ImageObject","inLanguage":"az","@id":"https:\/\/www.meydan.tv\/az\/#\/schema\/logo\/image\/","url":"https:\/\/www.meydan.tv\/wp-content\/uploads\/2021\/07\/meydan-logo.svg","contentUrl":"https:\/\/www.meydan.tv\/wp-content\/uploads\/2021\/07\/meydan-logo.svg","width":195,"height":46,"caption":"Meydan TV"},"image":{"@id":"https:\/\/www.meydan.tv\/az\/#\/schema\/logo\/image\/"}},{"@type":"Person","@id":"https:\/\/www.meydan.tv\/az\/#\/schema\/person\/10d11eccf6da3662cf5fdab9806ea91a","name":"user-manager"}]}},"_links":{"self":[{"href":"https:\/\/www.meydan.tv\/az\/wp-json\/wp\/v2\/posts\/181093","targetHints":{"allow":["GET"]}}],"collection":[{"href":"https:\/\/www.meydan.tv\/az\/wp-json\/wp\/v2\/posts"}],"about":[{"href":"https:\/\/www.meydan.tv\/az\/wp-json\/wp\/v2\/types\/post"}],"author":[{"embeddable":true,"href":"https:\/\/www.meydan.tv\/az\/wp-json\/wp\/v2\/users\/11"}],"replies":[{"embeddable":true,"href":"https:\/\/www.meydan.tv\/az\/wp-json\/wp\/v2\/comments?post=181093"}],"version-history":[{"count":0,"href":"https:\/\/www.meydan.tv\/az\/wp-json\/wp\/v2\/posts\/181093\/revisions"}],"wp:featuredmedia":[{"embeddable":true,"href":"https:\/\/www.meydan.tv\/az\/wp-json\/wp\/v2\/media\/66794"}],"wp:attachment":[{"href":"https:\/\/www.meydan.tv\/az\/wp-json\/wp\/v2\/media?parent=181093"}],"wp:term":[{"taxonomy":"category","embeddable":true,"href":"https:\/\/www.meydan.tv\/az\/wp-json\/wp\/v2\/categories?post=181093"},{"taxonomy":"post_tag","embeddable":true,"href":"https:\/\/www.meydan.tv\/az\/wp-json\/wp\/v2\/tags?post=181093"}],"curies":[{"name":"wp","href":"https:\/\/api.w.org\/{rel}","templated":true}]}}