{"id":181081,"date":"2016-12-08T23:38:23","date_gmt":"2016-12-08T23:38:23","guid":{"rendered":"https:\/\/www.meydan.tv\/article\/bayram-ve-qiyas\/"},"modified":"2016-12-08T23:38:23","modified_gmt":"2016-12-08T23:38:23","slug":"bayram-ve-qiyas","status":"publish","type":"post","link":"https:\/\/www.meydan.tv\/az\/article\/bayram-ve-qiyas\/","title":{"rendered":"Bayram v\u0259 Qiyas"},"content":{"rendered":"<figure class=\"wp-block-image size-large\">\n  <img decoding=\"async\" src=\"https:\/\/www.meydan.tv\/az\/bayram-ve-qiyas\/\" alt=\"Bayram v\u0259 Qiyas\" class=\"wp-image-74890\"\/><figcaption>\n    Bayram v\u0259 Qiyas<br \/>\n  <\/figcaption><\/figure>\n<figure class=\"wp-block-image size-large\">\n  <img decoding=\"async\" src=\"https:\/\/www.meydan.tv\/az\/emin-aslan-2\/\" alt=\"Emin Aslan\" class=\"wp-image-74887\"\/><figcaption>\n    Emin Aslan<br \/>\n  <\/figcaption><\/figure>\n<p>\n  <i><br \/>\n    Bu yaz\u0131n\u0131 ona g\u00f6r\u0259 yaz\u0131ram ki, sabah he\u00e7 kim, he\u00e7 kimin haqq\u0131n\u0131 yem\u0259sin<br \/>\n  <\/i>\n<\/p>\n<p>\n  Bug\u00fcnl\u0259rd\u0259 Vaslav Havelin &#8220;Q\u0259sr\u0259 do\u011fru v\u0259 ke\u00e7mi\u015f\u0259&#8221; adl\u0131 kitab\u0131n\u0131 bitirdim. Kitabda Havel prezidentliyi d\u00f6vr\u00fcnd\u0259 g\u00fcnd\u0259lik h\u0259yatda ya\u015fad\u0131qlar\u0131n\u0131, prezidentlikd\u0259n sonrak\u0131 xatir\u0259l\u0259rini v\u0259 bir jurnalistin ona ke\u00e7mi\u015fil\u0259 ba\u011fl\u0131 verdiyi suallara cavablar\u0131n\u0131 toplayaraq kitab hal\u0131na g\u0259tirib. Ke\u00e7mi\u015f, indiki v\u0259 g\u0259l\u0259c\u0259k zaman q\u0259rib\u0259 formada bu kitabda birl\u0259\u015fib. Kitab Havelin, onun yolda\u015flar\u0131n\u0131n ke\u00e7diyi yola, ya\u015fad\u0131qlar\u0131 \u00e7\u0259tinlikl\u0259r\u0259, \u00fczl\u0259\u015fdikl\u0259ri probleml\u0259r\u0259 i\u015f\u0131q tutur, bizi \u00c7exiyan\u0131n kommunist v\u0259 post-kommunist d\u00f6vr\u00fc il\u0259 tan\u0131\u015f edir.\n<\/p>\n<p>\n  Kitabda diqq\u0259timi \u00e7\u0259k\u0259n m\u0259qamlardan biri Havelin \u00c7exiyada kommunist hakimiyy\u0259tinin \u00e7\u00f6km\u0259sin\u0259 yaln\u0131z tarixi determinizm m\u00fcst\u0259visind\u0259 baxan insanlara etiraz\u0131 idi. Havel bu \u00e7\u00f6k\u00fc\u015fd\u0259 dissidentl\u0259rin, m\u00fcbariz f\u0259rdl\u0259rin rolunu azaldan bax\u0131\u015fa, anlay\u0131\u015fa etiraz edir, yaln\u0131z \u00e7ex xalq\u0131n\u0131n etiraz\u0131n\u0131n \u0259sas m\u00fc\u0259yy\u0259nedici q\u00fcvv\u0259 olmas\u0131 fikrini q\u0259bul etmir. Havel konformizm\u0259, l\u0259yaq\u0259tsiz ya\u015fay\u0131\u015fa, yalana yuvarlanm\u0131\u015f \u00e7ex xalq\u0131n\u0131n kommunist hakimiyy\u0259tinin devrilm\u0259sind\u0259 yegan\u0259 oyun\u00e7u olmas\u0131 d\u00fc\u015f\u00fcnc\u0259sini q\u0259ti yax\u0131n buraxm\u0131r. O, bu bax\u0131\u015f\u0131 dissidentl\u0259rin \u0259m\u0259yinin he\u00e7\u0259 endirilm\u0259si kimi qiym\u0259tl\u0259ndirir. Havel ac\u0131ql\u0131 formada bir zamanlar onun m\u00fcbariz\u0259sin\u0259 ri\u015fx\u0259nd ed\u0259n \u00e7oxlu\u011fu t\u0259nqid edir, ona d\u0259li-divan\u0259 kimi yana\u015fd\u0131qlar\u0131n\u0131 yaz\u0131r: &#8220;Onlar m\u0259ni ba\u015f\u0131n\u0131 divara vuran insan hesab edirdil\u0259r, amma m\u0259n o divar\u0131 a\u015f\u0131rda bildim&#8221;.\n<\/p>\n<p>\n  Ba\u015f\u0131n\u0131 divara vuran insan, tan\u0131\u015f anlay\u0131\u015fd\u0131r, deyilmi?\n<\/p>\n<p>\n  Bayram v\u0259 Qiyas bizim \u00e7irk\u0259 bula\u015fm\u0131\u015flar c\u0259miyy\u0259tind\u0259 t\u0259miz qalm\u0131\u015f nadir n\u00fcmun\u0259l\u0259rdir. Bayram v\u0259 Qiyas insan\u0131n yaln\u0131z yem\u0259k, yatmaq, t\u00f6r\u0259tm\u0259k v\u0259 \u00f6lm\u0259k \u00fc\u00e7\u00fcn bu d\u00fcnyaya g\u0259lm\u0259diyini ba\u015fa salma\u011fa \u00e7al\u0131\u015f\u0131r. Onlar kor olmu\u015flar aras\u0131nda g\u00f6r\u0259n g\u00f6z, lal olmu\u015flar aras\u0131nda dan\u0131\u015fan dil, \u0259li-qolu ba\u011flanm\u0131\u015flar aras\u0131nda azad v\u00fccuddurlar. Onlar \u015f\u0259r\u0259 qar\u015f\u0131 \u00e7\u0131x\u0131blar. \u00d6l\u00fcm\u00fc, h\u0259bsi g\u00f6z\u0259 al\u0131blar. Onlar\u0131 f\u0259rql\u0259ndir\u0259n d\u0259 el\u0259 budur.\n<\/p>\n<p>\n  Sabah, biri g\u00fcn, daha biri g\u00fcn, olmas\u0131n be\u015f il, on il sonra bu insani \u00fcz\u00fcn\u00fc itirmi\u015f hakimiyy\u0259t \u00e7oxlu\u011fun g\u00fcc\u00fc il\u0259 yox, qaranl\u0131\u011f\u0131n g\u00f6z \u00e7\u0131xard\u0131\u011f\u0131 m\u00fchit\u0259 i\u015f\u0131q tutan Bayramla Qiyas kimi t\u0259k-t\u00fck azad f\u0259rdl\u0259rin m\u00fcbariz\u0259sin\u0259 g\u00f6r\u0259 diz \u00e7\u00f6k\u0259c\u0259k, m\u0259\u011flub olacaq. Bel\u0259 f\u0259rdl\u0259rin indiki \u0259m\u0259yini, c\u0259sar\u0259tini &#8220;tarixi proses&#8221; kontekstin\u0259 salacaq, sanki m\u0259chul q\u00fcvv\u0259 t\u0259r\u0259find\u0259n idar\u0259 olunan o &#8220;obyektiv \u015f\u0259rtl\u0259r&#8221; i\u015f\u0131\u011f\u0131nda qiym\u0259tl\u0259ndir\u0259c\u0259k b\u00fct\u00fcn g\u0259l\u0259c\u0259k bax\u0131\u015flar\u0131 indid\u0259n r\u0259dd etdiyimi deyir\u0259m! \u018fsl q\u0259hr\u0259manlar bel\u0259l\u0259ridir, \u00e7oxlu\u011fun h\u0259r\u0259k\u0259tl\u0259nm\u0259sini f\u00fcrs\u0259t g\u00f6zl\u0259y\u0259nl\u0259r yox.\n<\/p>\n<p>\n  Haqq\u0131 haqq ed\u0259n almal\u0131d\u0131r.\n<\/p>\n<p>\n  <i><br \/>\n    <b><br \/>\n      Yaz\u0131 m\u00fc\u0259llifin fikirl\u0259rini \u0259ks etdirir v\u0259 Meydan TV-nin m\u00f6vqeyi il\u0259 \u00fcst-\u00fcst\u0259 d\u00fc\u015fm\u0259y\u0259 bil\u0259r.<br \/>\n    <\/b><br \/>\n  <\/i>\n<\/p><\/p>\n","protected":false},"excerpt":{"rendered":"<p>Bu yaz\u0131n\u0131 ona g\u00f6r\u0259 yaz\u0131ram ki, sabah he\u00e7 kim, he\u00e7 kimin haqq\u0131n\u0131 yem\u0259sin<\/p>\n","protected":false},"author":11,"featured_media":74890,"comment_status":"closed","ping_status":"open","sticky":false,"template":"","format":"standard","meta":{"_acf_changed":false,"_sitemap_exclude":false,"_sitemap_priority":"","_sitemap_frequency":"","footnotes":""},"categories":[57],"tags":[],"class_list":["post-181081","post","type-post","status-publish","format-standard","has-post-thumbnail","hentry","category-menim-fikrimce","infinite-scroll-item","generate-columns","tablet-grid-50","mobile-grid-100","grid-parent","grid-33","no-featured-image-padding"],"acf":[],"yoast_head":"<!-- This site is optimized with the Yoast SEO plugin v27.5 - https:\/\/yoast.com\/product\/yoast-seo-wordpress\/ -->\n<title>Bayram v\u0259 Qiyas - MEYDAN.TV<\/title>\n<meta name=\"robots\" content=\"index, follow, max-snippet:-1, max-image-preview:large, max-video-preview:-1\" \/>\n<link rel=\"canonical\" href=\"https:\/\/www.meydan.tv\/az\/article\/bayram-ve-qiyas\/\" \/>\n<meta property=\"og:locale\" content=\"az_AZ\" \/>\n<meta property=\"og:type\" content=\"article\" \/>\n<meta property=\"og:title\" content=\"Bayram v\u0259 Qiyas - MEYDAN.TV\" \/>\n<meta property=\"og:description\" content=\"Bu yaz\u0131n\u0131 ona g\u00f6r\u0259 yaz\u0131ram ki, sabah he\u00e7 kim, he\u00e7 kimin haqq\u0131n\u0131 yem\u0259sin\" \/>\n<meta property=\"og:url\" content=\"https:\/\/www.meydan.tv\/az\/article\/bayram-ve-qiyas\/\" \/>\n<meta property=\"og:site_name\" content=\"MEYDAN.TV\" \/>\n<meta property=\"article:published_time\" content=\"2016-12-08T23:38:23+00:00\" \/>\n<meta property=\"og:image\" content=\"https:\/\/www.meydan.tv\/wp-content\/uploads\/28946.jpg\" \/>\n\t<meta property=\"og:image:width\" content=\"1150\" \/>\n\t<meta property=\"og:image:height\" content=\"500\" \/>\n\t<meta property=\"og:image:type\" content=\"image\/jpeg\" \/>\n<meta name=\"author\" content=\"user-manager\" \/>\n<meta name=\"twitter:card\" content=\"summary_large_image\" \/>\n<script type=\"application\/ld+json\" class=\"yoast-schema-graph\">{\"@context\":\"https:\\\/\\\/schema.org\",\"@graph\":[{\"@type\":\"Article\",\"@id\":\"https:\\\/\\\/www.meydan.tv\\\/az\\\/article\\\/bayram-ve-qiyas\\\/#article\",\"isPartOf\":{\"@id\":\"https:\\\/\\\/www.meydan.tv\\\/az\\\/article\\\/bayram-ve-qiyas\\\/\"},\"author\":{\"name\":\"user-manager\",\"@id\":\"https:\\\/\\\/www.meydan.tv\\\/az\\\/#\\\/schema\\\/person\\\/10d11eccf6da3662cf5fdab9806ea91a\"},\"headline\":\"Bayram v\u0259 Qiyas\",\"datePublished\":\"2016-12-08T23:38:23+00:00\",\"mainEntityOfPage\":{\"@id\":\"https:\\\/\\\/www.meydan.tv\\\/az\\\/article\\\/bayram-ve-qiyas\\\/\"},\"wordCount\":563,\"publisher\":{\"@id\":\"https:\\\/\\\/www.meydan.tv\\\/az\\\/#organization\"},\"image\":{\"@id\":\"https:\\\/\\\/www.meydan.tv\\\/az\\\/article\\\/bayram-ve-qiyas\\\/#primaryimage\"},\"thumbnailUrl\":\"https:\\\/\\\/www.meydan.tv\\\/wp-content\\\/uploads\\\/28946.jpg\",\"articleSection\":[\"M\u0259nim Fikrimc\u0259\"],\"inLanguage\":\"az\"},{\"@type\":\"WebPage\",\"@id\":\"https:\\\/\\\/www.meydan.tv\\\/az\\\/article\\\/bayram-ve-qiyas\\\/\",\"url\":\"https:\\\/\\\/www.meydan.tv\\\/az\\\/article\\\/bayram-ve-qiyas\\\/\",\"name\":\"Bayram v\u0259 Qiyas - MEYDAN.TV\",\"isPartOf\":{\"@id\":\"https:\\\/\\\/www.meydan.tv\\\/az\\\/#website\"},\"primaryImageOfPage\":{\"@id\":\"https:\\\/\\\/www.meydan.tv\\\/az\\\/article\\\/bayram-ve-qiyas\\\/#primaryimage\"},\"image\":{\"@id\":\"https:\\\/\\\/www.meydan.tv\\\/az\\\/article\\\/bayram-ve-qiyas\\\/#primaryimage\"},\"thumbnailUrl\":\"https:\\\/\\\/www.meydan.tv\\\/wp-content\\\/uploads\\\/28946.jpg\",\"datePublished\":\"2016-12-08T23:38:23+00:00\",\"breadcrumb\":{\"@id\":\"https:\\\/\\\/www.meydan.tv\\\/az\\\/article\\\/bayram-ve-qiyas\\\/#breadcrumb\"},\"inLanguage\":\"az\",\"potentialAction\":[{\"@type\":\"ReadAction\",\"target\":[\"https:\\\/\\\/www.meydan.tv\\\/az\\\/article\\\/bayram-ve-qiyas\\\/\"]}]},{\"@type\":\"ImageObject\",\"inLanguage\":\"az\",\"@id\":\"https:\\\/\\\/www.meydan.tv\\\/az\\\/article\\\/bayram-ve-qiyas\\\/#primaryimage\",\"url\":\"https:\\\/\\\/www.meydan.tv\\\/wp-content\\\/uploads\\\/28946.jpg\",\"contentUrl\":\"https:\\\/\\\/www.meydan.tv\\\/wp-content\\\/uploads\\\/28946.jpg\",\"width\":1150,\"height\":500,\"caption\":\"Source:\"},{\"@type\":\"BreadcrumbList\",\"@id\":\"https:\\\/\\\/www.meydan.tv\\\/az\\\/article\\\/bayram-ve-qiyas\\\/#breadcrumb\",\"itemListElement\":[{\"@type\":\"ListItem\",\"position\":1,\"name\":\"Ana s\u0259hif\u0259\",\"item\":\"https:\\\/\\\/www.meydan.tv\\\/az\\\/\"},{\"@type\":\"ListItem\",\"position\":2,\"name\":\"M\u0259nim Fikrimc\u0259\",\"item\":\"https:\\\/\\\/www.meydan.tv\\\/az\\\/section\\\/menim-fikrimce\\\/\"},{\"@type\":\"ListItem\",\"position\":3,\"name\":\"Bayram v\u0259 Qiyas\"}]},{\"@type\":\"WebSite\",\"@id\":\"https:\\\/\\\/www.meydan.tv\\\/az\\\/#website\",\"url\":\"https:\\\/\\\/www.meydan.tv\\\/az\\\/\",\"name\":\"MEYDAN.TV\",\"description\":\"Meydan TV Az\u0259rbaycan\u0131n media m\u0259kan\u0131ndak\u0131 alternativ s\u0259sidir\",\"publisher\":{\"@id\":\"https:\\\/\\\/www.meydan.tv\\\/az\\\/#organization\"},\"potentialAction\":[{\"@type\":\"SearchAction\",\"target\":{\"@type\":\"EntryPoint\",\"urlTemplate\":\"https:\\\/\\\/www.meydan.tv\\\/az\\\/?s={search_term_string}\"},\"query-input\":{\"@type\":\"PropertyValueSpecification\",\"valueRequired\":true,\"valueName\":\"search_term_string\"}}],\"inLanguage\":\"az\"},{\"@type\":\"Organization\",\"@id\":\"https:\\\/\\\/www.meydan.tv\\\/az\\\/#organization\",\"name\":\"Meydan TV\",\"url\":\"https:\\\/\\\/www.meydan.tv\\\/az\\\/\",\"logo\":{\"@type\":\"ImageObject\",\"inLanguage\":\"az\",\"@id\":\"https:\\\/\\\/www.meydan.tv\\\/az\\\/#\\\/schema\\\/logo\\\/image\\\/\",\"url\":\"https:\\\/\\\/www.meydan.tv\\\/wp-content\\\/uploads\\\/2021\\\/07\\\/meydan-logo.svg\",\"contentUrl\":\"https:\\\/\\\/www.meydan.tv\\\/wp-content\\\/uploads\\\/2021\\\/07\\\/meydan-logo.svg\",\"width\":195,\"height\":46,\"caption\":\"Meydan TV\"},\"image\":{\"@id\":\"https:\\\/\\\/www.meydan.tv\\\/az\\\/#\\\/schema\\\/logo\\\/image\\\/\"}},{\"@type\":\"Person\",\"@id\":\"https:\\\/\\\/www.meydan.tv\\\/az\\\/#\\\/schema\\\/person\\\/10d11eccf6da3662cf5fdab9806ea91a\",\"name\":\"user-manager\"}]}<\/script>\n<!-- \/ Yoast SEO plugin. -->","yoast_head_json":{"title":"Bayram v\u0259 Qiyas - MEYDAN.TV","robots":{"index":"index","follow":"follow","max-snippet":"max-snippet:-1","max-image-preview":"max-image-preview:large","max-video-preview":"max-video-preview:-1"},"canonical":"https:\/\/www.meydan.tv\/az\/article\/bayram-ve-qiyas\/","og_locale":"az_AZ","og_type":"article","og_title":"Bayram v\u0259 Qiyas - MEYDAN.TV","og_description":"Bu yaz\u0131n\u0131 ona g\u00f6r\u0259 yaz\u0131ram ki, sabah he\u00e7 kim, he\u00e7 kimin haqq\u0131n\u0131 yem\u0259sin","og_url":"https:\/\/www.meydan.tv\/az\/article\/bayram-ve-qiyas\/","og_site_name":"MEYDAN.TV","article_published_time":"2016-12-08T23:38:23+00:00","og_image":[{"width":1150,"height":500,"url":"https:\/\/www.meydan.tv\/wp-content\/uploads\/28946.jpg","type":"image\/jpeg"}],"author":"user-manager","twitter_card":"summary_large_image","schema":{"@context":"https:\/\/schema.org","@graph":[{"@type":"Article","@id":"https:\/\/www.meydan.tv\/az\/article\/bayram-ve-qiyas\/#article","isPartOf":{"@id":"https:\/\/www.meydan.tv\/az\/article\/bayram-ve-qiyas\/"},"author":{"name":"user-manager","@id":"https:\/\/www.meydan.tv\/az\/#\/schema\/person\/10d11eccf6da3662cf5fdab9806ea91a"},"headline":"Bayram v\u0259 Qiyas","datePublished":"2016-12-08T23:38:23+00:00","mainEntityOfPage":{"@id":"https:\/\/www.meydan.tv\/az\/article\/bayram-ve-qiyas\/"},"wordCount":563,"publisher":{"@id":"https:\/\/www.meydan.tv\/az\/#organization"},"image":{"@id":"https:\/\/www.meydan.tv\/az\/article\/bayram-ve-qiyas\/#primaryimage"},"thumbnailUrl":"https:\/\/www.meydan.tv\/wp-content\/uploads\/28946.jpg","articleSection":["M\u0259nim Fikrimc\u0259"],"inLanguage":"az"},{"@type":"WebPage","@id":"https:\/\/www.meydan.tv\/az\/article\/bayram-ve-qiyas\/","url":"https:\/\/www.meydan.tv\/az\/article\/bayram-ve-qiyas\/","name":"Bayram v\u0259 Qiyas - MEYDAN.TV","isPartOf":{"@id":"https:\/\/www.meydan.tv\/az\/#website"},"primaryImageOfPage":{"@id":"https:\/\/www.meydan.tv\/az\/article\/bayram-ve-qiyas\/#primaryimage"},"image":{"@id":"https:\/\/www.meydan.tv\/az\/article\/bayram-ve-qiyas\/#primaryimage"},"thumbnailUrl":"https:\/\/www.meydan.tv\/wp-content\/uploads\/28946.jpg","datePublished":"2016-12-08T23:38:23+00:00","breadcrumb":{"@id":"https:\/\/www.meydan.tv\/az\/article\/bayram-ve-qiyas\/#breadcrumb"},"inLanguage":"az","potentialAction":[{"@type":"ReadAction","target":["https:\/\/www.meydan.tv\/az\/article\/bayram-ve-qiyas\/"]}]},{"@type":"ImageObject","inLanguage":"az","@id":"https:\/\/www.meydan.tv\/az\/article\/bayram-ve-qiyas\/#primaryimage","url":"https:\/\/www.meydan.tv\/wp-content\/uploads\/28946.jpg","contentUrl":"https:\/\/www.meydan.tv\/wp-content\/uploads\/28946.jpg","width":1150,"height":500,"caption":"Source:"},{"@type":"BreadcrumbList","@id":"https:\/\/www.meydan.tv\/az\/article\/bayram-ve-qiyas\/#breadcrumb","itemListElement":[{"@type":"ListItem","position":1,"name":"Ana s\u0259hif\u0259","item":"https:\/\/www.meydan.tv\/az\/"},{"@type":"ListItem","position":2,"name":"M\u0259nim Fikrimc\u0259","item":"https:\/\/www.meydan.tv\/az\/section\/menim-fikrimce\/"},{"@type":"ListItem","position":3,"name":"Bayram v\u0259 Qiyas"}]},{"@type":"WebSite","@id":"https:\/\/www.meydan.tv\/az\/#website","url":"https:\/\/www.meydan.tv\/az\/","name":"MEYDAN.TV","description":"Meydan TV Az\u0259rbaycan\u0131n media m\u0259kan\u0131ndak\u0131 alternativ s\u0259sidir","publisher":{"@id":"https:\/\/www.meydan.tv\/az\/#organization"},"potentialAction":[{"@type":"SearchAction","target":{"@type":"EntryPoint","urlTemplate":"https:\/\/www.meydan.tv\/az\/?s={search_term_string}"},"query-input":{"@type":"PropertyValueSpecification","valueRequired":true,"valueName":"search_term_string"}}],"inLanguage":"az"},{"@type":"Organization","@id":"https:\/\/www.meydan.tv\/az\/#organization","name":"Meydan TV","url":"https:\/\/www.meydan.tv\/az\/","logo":{"@type":"ImageObject","inLanguage":"az","@id":"https:\/\/www.meydan.tv\/az\/#\/schema\/logo\/image\/","url":"https:\/\/www.meydan.tv\/wp-content\/uploads\/2021\/07\/meydan-logo.svg","contentUrl":"https:\/\/www.meydan.tv\/wp-content\/uploads\/2021\/07\/meydan-logo.svg","width":195,"height":46,"caption":"Meydan TV"},"image":{"@id":"https:\/\/www.meydan.tv\/az\/#\/schema\/logo\/image\/"}},{"@type":"Person","@id":"https:\/\/www.meydan.tv\/az\/#\/schema\/person\/10d11eccf6da3662cf5fdab9806ea91a","name":"user-manager"}]}},"_links":{"self":[{"href":"https:\/\/www.meydan.tv\/az\/wp-json\/wp\/v2\/posts\/181081","targetHints":{"allow":["GET"]}}],"collection":[{"href":"https:\/\/www.meydan.tv\/az\/wp-json\/wp\/v2\/posts"}],"about":[{"href":"https:\/\/www.meydan.tv\/az\/wp-json\/wp\/v2\/types\/post"}],"author":[{"embeddable":true,"href":"https:\/\/www.meydan.tv\/az\/wp-json\/wp\/v2\/users\/11"}],"replies":[{"embeddable":true,"href":"https:\/\/www.meydan.tv\/az\/wp-json\/wp\/v2\/comments?post=181081"}],"version-history":[{"count":0,"href":"https:\/\/www.meydan.tv\/az\/wp-json\/wp\/v2\/posts\/181081\/revisions"}],"wp:featuredmedia":[{"embeddable":true,"href":"https:\/\/www.meydan.tv\/az\/wp-json\/wp\/v2\/media\/74890"}],"wp:attachment":[{"href":"https:\/\/www.meydan.tv\/az\/wp-json\/wp\/v2\/media?parent=181081"}],"wp:term":[{"taxonomy":"category","embeddable":true,"href":"https:\/\/www.meydan.tv\/az\/wp-json\/wp\/v2\/categories?post=181081"},{"taxonomy":"post_tag","embeddable":true,"href":"https:\/\/www.meydan.tv\/az\/wp-json\/wp\/v2\/tags?post=181081"}],"curies":[{"name":"wp","href":"https:\/\/api.w.org\/{rel}","templated":true}]}}