{"id":181074,"date":"2016-12-08T19:09:06","date_gmt":"2016-12-08T19:09:06","guid":{"rendered":"https:\/\/www.meydan.tv\/article\/xarici-isler-nazirleri-hamburqda-toplandi\/"},"modified":"2016-12-08T19:09:06","modified_gmt":"2016-12-08T19:09:06","slug":"xarici-isler-nazirleri-hamburqda-toplandi","status":"publish","type":"post","link":"https:\/\/www.meydan.tv\/az\/article\/xarici-isler-nazirleri-hamburqda-toplandi\/","title":{"rendered":"Xarici i\u015fl\u0259r nazirl\u0259ri Hamburqda topland\u0131"},"content":{"rendered":"<figure class=\"wp-block-image size-large\">\n  <img decoding=\"async\" src=\"https:\/\/www.meydan.tv\/az\/foto-report-az-34\/\" alt=\"foto report.az\" class=\"wp-image-74881\"\/><figcaption>\n    foto report.az<br \/>\n  <\/figcaption><\/figure>\n<p>\n  <i><br \/>\n    Tofiq Z\u00fclf\u00fcqarov: &#8221;\u0130clasda m\u00fcnaqi\u015f\u0259nin \u0259sas m\u0259s\u0259l\u0259 kimi m\u00fczakir\u0259 olundu\u011funa v\u0259 ir\u0259lil\u0259yi\u015f\u0259 inanm\u0131ram&#8221;<br \/>\n  <\/i><\/p>\n<p>  Dekabr\u0131n 8-d\u0259 AT\u018fT Xarici \u0130\u015fl\u0259r Nazirl\u0259ri \u015euras\u0131n\u0131n Hamburqda 23-c\u00fc iclas\u0131 ke\u00e7irilib.\n<\/p>\n<p>\n  Toplant\u0131n\u0131 a\u00e7an AT\u018fT-in f\u0259aliyy\u0259t\u0259 olan s\u0259dri, Almaniyan\u0131n xarici i\u015fl\u0259r naziri Frank Valter \u015etaynmayer Da\u011fl\u0131q Qaraba\u011f m\u00fcnaqi\u015f\u0259sinin haz\u0131rki v\u0259ziyy\u0259tinin narahatl\u0131q m\u0259nb\u0259yi olaraq qald\u0131\u011f\u0131n\u0131 deyib.<br \/>\n  <br \/>\n  APA-n\u0131n m\u0259lumat\u0131na g\u00f6r\u0259, o bildirib ki, bu ilin aprelind\u0259 v\u0259ziyy\u0259tin g\u0259rginl\u0259\u015fm\u0259si m\u00fcnaqi\u015f\u0259nin n\u0259 q\u0259d\u0259r t\u0259hl\u00fck\u0259li oldu\u011funu g\u00f6st\u0259rdi: \u201cBu hadis\u0259 g\u00f6st\u0259rdi ki, at\u0259\u015fk\u0259si m\u00f6hk\u0259ml\u0259ndirm\u0259k v\u0259 m\u00fcnaqi\u015f\u0259nin d\u00fczg\u00fcn h\u0259ll yolunu tapmaq \u00fc\u00e7\u00fcn m\u00fczakir\u0259l\u0259r apard\u0131\u011f\u0131m\u0131za \u0259min olma\u011f\u0131m\u0131z n\u0259 q\u0259d\u0259r vacibdir\u201d.\n<\/p>\n<p>\n  Nazir hesab edir ki, AT\u018fT m\u0259kan\u0131nda m\u00fcnaqi\u015f\u0259l\u0259rin h\u0259lli \u00fc\u00e7\u00fcn s\u0259yl\u0259rin art\u0131r\u0131lmas\u0131 \u00e7ox vacibdir: \u201cAT\u018fT Da\u011fl\u0131q Qaraba\u011f, Ukrayna m\u00fcnaqi\u015f\u0259l\u0259rinin h\u0259lli istiqam\u0259tind\u0259 m\u00fck\u0259mm\u0259l i\u015f apar\u0131r. AT\u018fT b\u0259zi hallarda h\u0259tta bu m\u00fcnaqi\u015f\u0259l\u0259rin a\u00e7\u0131q m\u00fcharib\u0259 v\u0259ziyy\u0259tin\u0259 g\u0259lm\u0259sinin qar\u015f\u0131s\u0131n\u0131 al\u0131b\u201d.\n<\/p>\n<p>\n  <b><br \/>\n    <i><br \/>\n      Kerri: &#8220;Postsovet m\u0259kan\u0131ndak\u0131 m\u00fcnaqi\u015f\u0259l\u0259r Avropan\u0131 t\u0259hdid alt\u0131nda saxlay\u0131r&#8221;<br \/>\n    <\/i><br \/>\n  <\/b>\n<\/p>\n<p>\n  AB\u015e d\u00f6vl\u0259t katibi Con Kerri Az\u0259rbaycan v\u0259 Erm\u0259nistan aras\u0131ndak\u0131 h\u0259lli uzanan m\u00fcnaqi\u015f\u0259nin Avropan\u0131n t\u0259hl\u00fck\u0259sizliyini t\u0259hdid alt\u0131na qoydu\u011funu deyib.\n<\/p>\n<figure class=\"wp-block-image size-large\">\n  <img decoding=\"async\" src=\"https:\/\/www.meydan.tv\/az\/kerri-ve-lavrov\/\" alt=\"Kerri v\u0259 Lavrov\" class=\"wp-image-53670\"\/><figcaption>\n    Kerri v\u0259 Lavrov<br \/>\n  <\/figcaption><\/figure>\n<p>\n  D\u00f6vl\u0259t katibi Avropan\u0131n \u00fczl\u0259\u015fdiyi t\u0259hl\u00fck\u0259nin t\u0259k Ukraynada olmad\u0131\u011f\u0131n\u0131 dey\u0259r\u0259k, bu s\u0131rada Da\u011fl\u0131q Qaraba\u011f, Moldova v\u0259 G\u00fcrc\u00fcstandak\u0131 m\u00fcnaqi\u015f\u0259l\u0259ri d\u0259 qeyd edib.<\/p>\n<p>  <b><br \/>\n    <i><br \/>\n      Lavrov: &#8220;M\u00fcnaqi\u015f\u0259l\u0259r m\u00f6vcud formatlar \u00e7\u0259r\u00e7iv\u0259sind\u0259 h\u0259ll olunmal\u0131d\u0131r&#8221;<br \/>\n    <\/i><br \/>\n  <\/b>\n<\/p>\n<p>\n  Rusiya xarici i\u015fl\u0259r naziri Sergey Lavrov is\u0259 bildirib ki, Da\u011fl\u0131q Qaraba\u011f m\u00fcnaqi\u015f\u0259si d\u0259 daxil olmaqla, dig\u0259r \u00e7\u0259tin probleml\u0259rin h\u0259llind\u0259 daha \u0259vv\u0259l \u0259ld\u0259 olunmu\u015f raz\u0131l\u0131qlara sadiqlik \u0259sas rol oynay\u0131r.<br \/>\n  <br \/>\n  Lavrov deyib ki, m\u00fcnaqi\u015f\u0259l\u0259r b\u00fct\u00fcn t\u0259r\u0259fl\u0259rin maraqlar\u0131n\u0131n balans\u0131n\u0131n qorunmas\u0131 \u015f\u0259rti il\u0259 m\u00f6vcud formatlar \u00e7\u0259r\u00e7iv\u0259sind\u0259 h\u0259ll olunmal\u0131d\u0131r.<\/p>\n<p>  <b><br \/>\n    <i><br \/>\n      Zanyer: &#8220;Dan\u0131\u015f\u0131qlar format\u0131na yeni enerji verm\u0259y\u0259 v\u0259 yeni yana\u015fmalara ehtiyac var&#8221;<br \/>\n    <\/i><br \/>\n  <\/b>\n<\/p>\n<p>\n  AT\u018fT-in ba\u015f katibi Lamberto Zanyer C\u0259nubi Qafqazdak\u0131 m\u00fcnaqi\u015f\u0259l\u0259rin h\u0259llinin t\u0259r\u0259fl\u0259rin siyasi irad\u0259sind\u0259n as\u0131l\u0131 oldu\u011funu s\u00f6yl\u0259yib.<br \/>\n  <br \/>\n  O bildirib ki, Moldova v\u0259 C\u0259nubi Qafqazdak\u0131 m\u00fcnaqi\u015f\u0259l\u0259rin h\u0259lli \u00fc\u00e7\u00fcn s\u0259yl\u0259ri ikiqat art\u0131rmaq v\u0259 t\u0259r\u0259fl\u0259r \u00fc\u00e7\u00fcn m\u0259qbul olan h\u0259ll yolunu tapmaq m\u0259qs\u0259dil\u0259 dan\u0131\u015f\u0131qlar format\u0131na yeni enerji verm\u0259y\u0259 v\u0259 yeni yana\u015fmalara ehtiyac var.<br \/>\n  <br \/>\n  Az\u0259rbaycan\u0131n xarici i\u015fl\u0259r naziri Elmar M\u0259mm\u0259dyarov AT\u018fT m\u0259kan\u0131ndak\u0131 m\u00fcnaqi\u015f\u0259l\u0259rin regionda s\u00fclh v\u0259 t\u0259hl\u00fck\u0259sizliyi t\u0259hdid ed\u0259n \u0259sas s\u0259b\u0259bl\u0259rd\u0259n say\u0131b.<\/p>\n<p>  &#8220;Bu s\u0259b\u0259bl\u0259r tez bir zamanda aradan qald\u0131r\u0131lmal\u0131d\u0131r&#8221;,- nazir bel\u0259 deyib.<\/p>\n<p>  <b><br \/>\n    <i><br \/>\n      M\u0259mm\u0259dyarov Putin\u0259 t\u0259\u015f\u0259kk\u00fcr etdi<br \/>\n    <\/i><br \/>\n  <\/b><\/p>\n<figure class=\"wp-block-image size-large\">\n  <img decoding=\"async\" src=\"https:\/\/www.meydan.tv\/az\/74878\/\" alt=\"\" class=\"wp-image-74878\"\/><figcaption>\n    Elmar M\u0259mm\u0259dyarov<br \/>\n  <\/figcaption><\/figure>\n<p>\n  Nazir bildirib ki, Az\u0259rbaycan \u0259razil\u0259rinin Erm\u0259nistan t\u0259r\u0259find\u0259n i\u015f\u011fal alt\u0131nda saxlan\u0131lmas\u0131 aprel ay\u0131nda m\u00fcnaqi\u015f\u0259 zonas\u0131nda eskalasiyan\u0131n \u0259sas s\u0259b\u0259bl\u0259rind\u0259n biridir: \u201cBu fakt m\u00fcnaqi\u015f\u0259nin siyasi h\u0259llin\u0259 \u0259n b\u00f6y\u00fck mane\u0259dir. Aprel eskalasiyas\u0131 g\u00f6st\u0259rir ki, t\u0259mas x\u0259ttind\u0259 v\u0259ziyy\u0259ti t\u0259hl\u00fck\u0259lidir v\u0259 ist\u0259nil\u0259n vaxt g\u0259rginl\u0259\u015f\u0259 bil\u0259r. Status-kvo dayan\u0131ql\u0131 ola bilm\u0259z v\u0259 d\u0259yi\u015fm\u0259lidir. Biz Vyana v\u0259 Sankt-Peterburq m\u00fczakir\u0259l\u0259rini y\u00fcks\u0259k qiym\u0259tl\u0259ndiririk v\u0259 hesab edirik ki, bunlar d\u00fczg\u00fcn istiqam\u0259td\u0259 at\u0131lan add\u0131mlard\u0131r. H\u0259ms\u0259drl\u0259r\u0259 v\u0259 x\u00fcsusil\u0259 Rusiya prezidenti Vladimir Putin\u0259 bu istiqam\u0259td\u0259 s\u0259yl\u0259rin\u0259 g\u00f6r\u0259 t\u0259\u015f\u0259kk\u00fcr edirik. Bu dinamikan\u0131 saxlamaq laz\u0131md\u0131r. \u00dcmid edirik ki, Minsk qrupu bu istiqam\u0259td\u0259 vacib rol oynayacaq. M\u00fcnaqi\u015f\u0259nin n\u0259tic\u0259l\u0259rinin m\u0259rh\u0259l\u0259li \u015f\u0259kild\u0259 aradan qald\u0131r\u0131lmas\u0131, o c\u00fcml\u0259d\u0259n Erm\u0259nistan silahl\u0131 q\u00fcvv\u0259l\u0259rinin Az\u0259rbaycan\u0131n i\u015f\u011fal olunmu\u015f \u0259razil\u0259rind\u0259n \u00e7\u0131xar\u0131lmas\u0131, n\u0259qliyyat \u0259laq\u0259l\u0259rinin b\u0259rpas\u0131 v\u0259 m\u0259cburi k\u00f6\u00e7k\u00fcnl\u0259rin \u00f6z torpaqlar\u0131na qaytar\u0131lmas\u0131 \u00fcmumilikd\u0259 m\u00fcnaqi\u015f\u0259nin h\u0259llin\u0259 imkan ver\u0259c\u0259k. Bu yana\u015fma BMT-nin m\u00fcvafiq q\u0259tnam\u0259l\u0259rind\u0259 d\u0259 g\u00f6st\u0259rilib&#8221;.<\/p>\n<p>  E. M\u0259mm\u0259dyarov xat\u0131rlad\u0131b ki, etimadyarad\u0131c\u0131 t\u0259dbirl\u0259r kimi AT\u018fT-in f\u0259aliyy\u0259td\u0259 olan s\u0259drinin \u015f\u0259xsi n\u00fcmay\u0259nd\u0259sinin ofisinin geni\u015fl\u0259ndirilm\u0259si il\u0259 ba\u011fl\u0131 q\u0259rar q\u0259bul edilib: \u201cAz\u0259rbaycan bunu q\u0259bul edib v\u0259 konstruktiv dan\u0131\u015f\u0131qlar g\u00f6zl\u0259yir. Son vaxtlar Erm\u0259nistan t\u0259r\u0259finin \u00e7\u0131x\u0131\u015flar\u0131 g\u00f6st\u0259rir ki, bu \u00f6lk\u0259 konstruktiv dan\u0131\u015f\u0131qlar aparmaq ist\u0259mir. Erm\u0259nistan i\u015f\u011fal olunmu\u015f \u0259razil\u0259rd\u0259 h\u0259rbi potensial\u0131n\u0131 geni\u015fl\u0259ndirir v\u0259 oradak\u0131 v\u0259ziyy\u0259ti d\u0259yi\u015fir. Bu, Erm\u0259nistan\u0131n \u0259sl m\u0259qs\u0259dini g\u00f6st\u0259rir. Yax\u0131n g\u0259l\u0259c\u0259k g\u00f6st\u0259r\u0259c\u0259k ki, Erm\u0259nistan h\u0259qiq\u0259t\u0259n m\u00fcnaqi\u015f\u0259nin h\u0259lli il\u0259 ba\u011fl\u0131 dan\u0131\u015f\u0131qlarda i\u015ftirak ed\u0259c\u0259k, yoxsa regionda qeyri-stabilliy\u0259 t\u0259kan ver\u0259c\u0259k&#8221;.\n<\/p>\n<p>\n  <b><br \/>\n    <i><br \/>\n      &#8220;N\u0259s\u0259 g\u00f6zl\u0259m\u0259y\u0259 ehtiyac yoxdur&#8221;<br \/>\n    <\/i><br \/>\n  <\/b><\/p>\n<figure class=\"wp-block-image size-large\">\n  <img decoding=\"async\" src=\"https:\/\/www.meydan.tv\/az\/74872\/\" alt=\"\" class=\"wp-image-74872\"\/><figcaption>\n    Tofiq Z\u00fclf\u00fcqarov foto Amerikan\u0131n s\u0259si<br \/>\n  <\/figcaption><\/figure>\n<p>\n  Toplant\u0131da s\u0259sl\u0259n\u0259n fikirl\u0259ri Meydan TV-y\u0259 \u015f\u0259rh ed\u0259n Az\u0259rbaycan\u0131n sabiq xarici i\u015fl\u0259r naziri Tofiq Z\u00fclf\u00fcqarov AT\u018fT Xarici \u0130\u015fl\u0259r Nazirl\u0259ri \u015euras\u0131n\u0131n Hamburq iclas\u0131n\u0131 \u0259n\u0259n\u0259vi t\u0259dbirl\u0259rd\u0259n biri say\u0131b.<br \/>\n  <br \/>\n  O bildirib ki, h\u0259r ilin dekabr\u0131nda bel\u0259 bir t\u0259dbir ke\u00e7irilir: &#8220;Nazirl\u0259r, yaxud prezidentl\u0259r s\u0259viyy\u0259sind\u0259 m\u0259s\u0259l\u0259l\u0259r m\u00fczakir\u0259 olunur. \u018fg\u0259r Da\u011fl\u0131q Qaraba\u011f m\u0259s\u0259l\u0259si g\u00fcnd\u0259md\u0259dirs\u0259, diqq\u0259t yetirilir. M\u0259s\u0259l\u0259n, m\u0259\u015fhur Lissabon sammiti m\u00fcnaqi\u015f\u0259nin h\u0259llind\u0259 b\u00f6y\u00fck t\u00f6hf\u0259 idi, yaxud Budape\u015ft sammiti&#8221;.\n<\/p>\n<p>\n  Ancaq sabiq nazir son vaxtlar Da\u011fl\u0131q Qaraba\u011f m\u00fcnaqi\u015f\u0259sil\u0259 ba\u011fl\u0131 dan\u0131\u015f\u0131qlar\u0131n gedi\u015fat\u0131n\u0131 \u0259sas g\u00f6t\u00fcr\u0259r\u0259k deyib ki, o, iclasda m\u00fcnaqi\u015f\u0259nin \u0259sas m\u0259s\u0259l\u0259 kimi m\u00fczakir\u0259 olundu\u011funa v\u0259 ir\u0259lil\u0259yi\u015f\u0259 inanm\u0131r:<\/p>\n<p>  &#8220;\u018fslind\u0259, he\u00e7 geni\u015f m\u00fczakir\u0259nin d\u0259 yeri yoxdur. H\u0259r bir t\u0259r\u0259f \u00f6z n\u00fcmay\u0259nd\u0259sini g\u00f6nd\u0259rir v\u0259 onlar da \u00f6z m\u00f6vqeyini a\u00e7\u0131qlay\u0131r. H\u0259m d\u0259 format el\u0259 b\u00f6y\u00fck deyil ki, hans\u0131sa m\u0259s\u0259l\u0259 h\u0259ll olunsun. Ona g\u00f6r\u0259 n\u0259s\u0259 g\u00f6zl\u0259m\u0259y\u0259 ehtiyac yoxdur&#8221;.<\/p>\n","protected":false},"excerpt":{"rendered":"<p>Tofiq Z\u00fclf\u00fcqarov: &#8221;\u0130clasda m\u00fcnaqi\u015f\u0259nin \u0259sas m\u0259s\u0259l\u0259 kimi m\u00fczakir\u0259 olundu\u011funa v\u0259 ir\u0259lil\u0259yi\u015f\u0259 inanm\u0131ram&#8221;<\/p>\n","protected":false},"author":11,"featured_media":74881,"comment_status":"closed","ping_status":"open","sticky":false,"template":"","format":"standard","meta":{"_acf_changed":false,"_sitemap_exclude":false,"_sitemap_priority":"","_sitemap_frequency":"","footnotes":""},"categories":[51],"tags":[],"class_list":["post-181074","post","type-post","status-publish","format-standard","has-post-thumbnail","hentry","category-analitika","infinite-scroll-item","generate-columns","tablet-grid-50","mobile-grid-100","grid-parent","grid-33","no-featured-image-padding"],"acf":[],"yoast_head":"<!-- This site is optimized with the Yoast SEO plugin v27.5 - https:\/\/yoast.com\/product\/yoast-seo-wordpress\/ -->\n<title>Xarici i\u015fl\u0259r nazirl\u0259ri Hamburqda topland\u0131 - MEYDAN.TV<\/title>\n<meta name=\"robots\" content=\"index, follow, max-snippet:-1, max-image-preview:large, max-video-preview:-1\" \/>\n<link rel=\"canonical\" href=\"https:\/\/www.meydan.tv\/az\/article\/xarici-isler-nazirleri-hamburqda-toplandi\/\" \/>\n<meta property=\"og:locale\" content=\"az_AZ\" \/>\n<meta property=\"og:type\" content=\"article\" \/>\n<meta property=\"og:title\" content=\"Xarici i\u015fl\u0259r nazirl\u0259ri Hamburqda topland\u0131 - MEYDAN.TV\" \/>\n<meta property=\"og:description\" content=\"Tofiq Z\u00fclf\u00fcqarov: &#039;&#039;\u0130clasda m\u00fcnaqi\u015f\u0259nin \u0259sas m\u0259s\u0259l\u0259 kimi m\u00fczakir\u0259 olundu\u011funa v\u0259 ir\u0259lil\u0259yi\u015f\u0259 inanm\u0131ram&#039;&#039;\" \/>\n<meta property=\"og:url\" content=\"https:\/\/www.meydan.tv\/az\/article\/xarici-isler-nazirleri-hamburqda-toplandi\/\" \/>\n<meta property=\"og:site_name\" content=\"MEYDAN.TV\" \/>\n<meta property=\"article:published_time\" content=\"2016-12-08T19:09:06+00:00\" \/>\n<meta property=\"og:image\" content=\"https:\/\/www.meydan.tv\/wp-content\/uploads\/28939.jpg\" \/>\n\t<meta property=\"og:image:width\" content=\"1000\" \/>\n\t<meta property=\"og:image:height\" content=\"667\" \/>\n\t<meta property=\"og:image:type\" content=\"image\/jpeg\" \/>\n<meta name=\"author\" content=\"user-manager\" \/>\n<meta name=\"twitter:card\" content=\"summary_large_image\" \/>\n<script type=\"application\/ld+json\" class=\"yoast-schema-graph\">{\"@context\":\"https:\\\/\\\/schema.org\",\"@graph\":[{\"@type\":\"Article\",\"@id\":\"https:\\\/\\\/www.meydan.tv\\\/az\\\/article\\\/xarici-isler-nazirleri-hamburqda-toplandi\\\/#article\",\"isPartOf\":{\"@id\":\"https:\\\/\\\/www.meydan.tv\\\/az\\\/article\\\/xarici-isler-nazirleri-hamburqda-toplandi\\\/\"},\"author\":{\"name\":\"user-manager\",\"@id\":\"https:\\\/\\\/www.meydan.tv\\\/az\\\/#\\\/schema\\\/person\\\/10d11eccf6da3662cf5fdab9806ea91a\"},\"headline\":\"Xarici i\u015fl\u0259r nazirl\u0259ri Hamburqda topland\u0131\",\"datePublished\":\"2016-12-08T19:09:06+00:00\",\"mainEntityOfPage\":{\"@id\":\"https:\\\/\\\/www.meydan.tv\\\/az\\\/article\\\/xarici-isler-nazirleri-hamburqda-toplandi\\\/\"},\"wordCount\":1225,\"publisher\":{\"@id\":\"https:\\\/\\\/www.meydan.tv\\\/az\\\/#organization\"},\"image\":{\"@id\":\"https:\\\/\\\/www.meydan.tv\\\/az\\\/article\\\/xarici-isler-nazirleri-hamburqda-toplandi\\\/#primaryimage\"},\"thumbnailUrl\":\"https:\\\/\\\/www.meydan.tv\\\/wp-content\\\/uploads\\\/28939.jpg\",\"articleSection\":[\"Analitika\"],\"inLanguage\":\"az\"},{\"@type\":\"WebPage\",\"@id\":\"https:\\\/\\\/www.meydan.tv\\\/az\\\/article\\\/xarici-isler-nazirleri-hamburqda-toplandi\\\/\",\"url\":\"https:\\\/\\\/www.meydan.tv\\\/az\\\/article\\\/xarici-isler-nazirleri-hamburqda-toplandi\\\/\",\"name\":\"Xarici i\u015fl\u0259r nazirl\u0259ri Hamburqda topland\u0131 - MEYDAN.TV\",\"isPartOf\":{\"@id\":\"https:\\\/\\\/www.meydan.tv\\\/az\\\/#website\"},\"primaryImageOfPage\":{\"@id\":\"https:\\\/\\\/www.meydan.tv\\\/az\\\/article\\\/xarici-isler-nazirleri-hamburqda-toplandi\\\/#primaryimage\"},\"image\":{\"@id\":\"https:\\\/\\\/www.meydan.tv\\\/az\\\/article\\\/xarici-isler-nazirleri-hamburqda-toplandi\\\/#primaryimage\"},\"thumbnailUrl\":\"https:\\\/\\\/www.meydan.tv\\\/wp-content\\\/uploads\\\/28939.jpg\",\"datePublished\":\"2016-12-08T19:09:06+00:00\",\"breadcrumb\":{\"@id\":\"https:\\\/\\\/www.meydan.tv\\\/az\\\/article\\\/xarici-isler-nazirleri-hamburqda-toplandi\\\/#breadcrumb\"},\"inLanguage\":\"az\",\"potentialAction\":[{\"@type\":\"ReadAction\",\"target\":[\"https:\\\/\\\/www.meydan.tv\\\/az\\\/article\\\/xarici-isler-nazirleri-hamburqda-toplandi\\\/\"]}]},{\"@type\":\"ImageObject\",\"inLanguage\":\"az\",\"@id\":\"https:\\\/\\\/www.meydan.tv\\\/az\\\/article\\\/xarici-isler-nazirleri-hamburqda-toplandi\\\/#primaryimage\",\"url\":\"https:\\\/\\\/www.meydan.tv\\\/wp-content\\\/uploads\\\/28939.jpg\",\"contentUrl\":\"https:\\\/\\\/www.meydan.tv\\\/wp-content\\\/uploads\\\/28939.jpg\",\"width\":1000,\"height\":667,\"caption\":\"Source:\"},{\"@type\":\"BreadcrumbList\",\"@id\":\"https:\\\/\\\/www.meydan.tv\\\/az\\\/article\\\/xarici-isler-nazirleri-hamburqda-toplandi\\\/#breadcrumb\",\"itemListElement\":[{\"@type\":\"ListItem\",\"position\":1,\"name\":\"Ana s\u0259hif\u0259\",\"item\":\"https:\\\/\\\/www.meydan.tv\\\/az\\\/\"},{\"@type\":\"ListItem\",\"position\":2,\"name\":\"Analitika\",\"item\":\"https:\\\/\\\/www.meydan.tv\\\/az\\\/section\\\/analitika\\\/\"},{\"@type\":\"ListItem\",\"position\":3,\"name\":\"Xarici i\u015fl\u0259r nazirl\u0259ri Hamburqda topland\u0131\"}]},{\"@type\":\"WebSite\",\"@id\":\"https:\\\/\\\/www.meydan.tv\\\/az\\\/#website\",\"url\":\"https:\\\/\\\/www.meydan.tv\\\/az\\\/\",\"name\":\"MEYDAN.TV\",\"description\":\"Meydan TV Az\u0259rbaycan\u0131n media m\u0259kan\u0131ndak\u0131 alternativ s\u0259sidir\",\"publisher\":{\"@id\":\"https:\\\/\\\/www.meydan.tv\\\/az\\\/#organization\"},\"potentialAction\":[{\"@type\":\"SearchAction\",\"target\":{\"@type\":\"EntryPoint\",\"urlTemplate\":\"https:\\\/\\\/www.meydan.tv\\\/az\\\/?s={search_term_string}\"},\"query-input\":{\"@type\":\"PropertyValueSpecification\",\"valueRequired\":true,\"valueName\":\"search_term_string\"}}],\"inLanguage\":\"az\"},{\"@type\":\"Organization\",\"@id\":\"https:\\\/\\\/www.meydan.tv\\\/az\\\/#organization\",\"name\":\"Meydan TV\",\"url\":\"https:\\\/\\\/www.meydan.tv\\\/az\\\/\",\"logo\":{\"@type\":\"ImageObject\",\"inLanguage\":\"az\",\"@id\":\"https:\\\/\\\/www.meydan.tv\\\/az\\\/#\\\/schema\\\/logo\\\/image\\\/\",\"url\":\"https:\\\/\\\/www.meydan.tv\\\/wp-content\\\/uploads\\\/2021\\\/07\\\/meydan-logo.svg\",\"contentUrl\":\"https:\\\/\\\/www.meydan.tv\\\/wp-content\\\/uploads\\\/2021\\\/07\\\/meydan-logo.svg\",\"width\":195,\"height\":46,\"caption\":\"Meydan TV\"},\"image\":{\"@id\":\"https:\\\/\\\/www.meydan.tv\\\/az\\\/#\\\/schema\\\/logo\\\/image\\\/\"}},{\"@type\":\"Person\",\"@id\":\"https:\\\/\\\/www.meydan.tv\\\/az\\\/#\\\/schema\\\/person\\\/10d11eccf6da3662cf5fdab9806ea91a\",\"name\":\"user-manager\"}]}<\/script>\n<!-- \/ Yoast SEO plugin. -->","yoast_head_json":{"title":"Xarici i\u015fl\u0259r nazirl\u0259ri Hamburqda topland\u0131 - MEYDAN.TV","robots":{"index":"index","follow":"follow","max-snippet":"max-snippet:-1","max-image-preview":"max-image-preview:large","max-video-preview":"max-video-preview:-1"},"canonical":"https:\/\/www.meydan.tv\/az\/article\/xarici-isler-nazirleri-hamburqda-toplandi\/","og_locale":"az_AZ","og_type":"article","og_title":"Xarici i\u015fl\u0259r nazirl\u0259ri Hamburqda topland\u0131 - MEYDAN.TV","og_description":"Tofiq Z\u00fclf\u00fcqarov: ''\u0130clasda m\u00fcnaqi\u015f\u0259nin \u0259sas m\u0259s\u0259l\u0259 kimi m\u00fczakir\u0259 olundu\u011funa v\u0259 ir\u0259lil\u0259yi\u015f\u0259 inanm\u0131ram''","og_url":"https:\/\/www.meydan.tv\/az\/article\/xarici-isler-nazirleri-hamburqda-toplandi\/","og_site_name":"MEYDAN.TV","article_published_time":"2016-12-08T19:09:06+00:00","og_image":[{"width":1000,"height":667,"url":"https:\/\/www.meydan.tv\/wp-content\/uploads\/28939.jpg","type":"image\/jpeg"}],"author":"user-manager","twitter_card":"summary_large_image","schema":{"@context":"https:\/\/schema.org","@graph":[{"@type":"Article","@id":"https:\/\/www.meydan.tv\/az\/article\/xarici-isler-nazirleri-hamburqda-toplandi\/#article","isPartOf":{"@id":"https:\/\/www.meydan.tv\/az\/article\/xarici-isler-nazirleri-hamburqda-toplandi\/"},"author":{"name":"user-manager","@id":"https:\/\/www.meydan.tv\/az\/#\/schema\/person\/10d11eccf6da3662cf5fdab9806ea91a"},"headline":"Xarici i\u015fl\u0259r nazirl\u0259ri Hamburqda topland\u0131","datePublished":"2016-12-08T19:09:06+00:00","mainEntityOfPage":{"@id":"https:\/\/www.meydan.tv\/az\/article\/xarici-isler-nazirleri-hamburqda-toplandi\/"},"wordCount":1225,"publisher":{"@id":"https:\/\/www.meydan.tv\/az\/#organization"},"image":{"@id":"https:\/\/www.meydan.tv\/az\/article\/xarici-isler-nazirleri-hamburqda-toplandi\/#primaryimage"},"thumbnailUrl":"https:\/\/www.meydan.tv\/wp-content\/uploads\/28939.jpg","articleSection":["Analitika"],"inLanguage":"az"},{"@type":"WebPage","@id":"https:\/\/www.meydan.tv\/az\/article\/xarici-isler-nazirleri-hamburqda-toplandi\/","url":"https:\/\/www.meydan.tv\/az\/article\/xarici-isler-nazirleri-hamburqda-toplandi\/","name":"Xarici i\u015fl\u0259r nazirl\u0259ri Hamburqda topland\u0131 - MEYDAN.TV","isPartOf":{"@id":"https:\/\/www.meydan.tv\/az\/#website"},"primaryImageOfPage":{"@id":"https:\/\/www.meydan.tv\/az\/article\/xarici-isler-nazirleri-hamburqda-toplandi\/#primaryimage"},"image":{"@id":"https:\/\/www.meydan.tv\/az\/article\/xarici-isler-nazirleri-hamburqda-toplandi\/#primaryimage"},"thumbnailUrl":"https:\/\/www.meydan.tv\/wp-content\/uploads\/28939.jpg","datePublished":"2016-12-08T19:09:06+00:00","breadcrumb":{"@id":"https:\/\/www.meydan.tv\/az\/article\/xarici-isler-nazirleri-hamburqda-toplandi\/#breadcrumb"},"inLanguage":"az","potentialAction":[{"@type":"ReadAction","target":["https:\/\/www.meydan.tv\/az\/article\/xarici-isler-nazirleri-hamburqda-toplandi\/"]}]},{"@type":"ImageObject","inLanguage":"az","@id":"https:\/\/www.meydan.tv\/az\/article\/xarici-isler-nazirleri-hamburqda-toplandi\/#primaryimage","url":"https:\/\/www.meydan.tv\/wp-content\/uploads\/28939.jpg","contentUrl":"https:\/\/www.meydan.tv\/wp-content\/uploads\/28939.jpg","width":1000,"height":667,"caption":"Source:"},{"@type":"BreadcrumbList","@id":"https:\/\/www.meydan.tv\/az\/article\/xarici-isler-nazirleri-hamburqda-toplandi\/#breadcrumb","itemListElement":[{"@type":"ListItem","position":1,"name":"Ana s\u0259hif\u0259","item":"https:\/\/www.meydan.tv\/az\/"},{"@type":"ListItem","position":2,"name":"Analitika","item":"https:\/\/www.meydan.tv\/az\/section\/analitika\/"},{"@type":"ListItem","position":3,"name":"Xarici i\u015fl\u0259r nazirl\u0259ri Hamburqda topland\u0131"}]},{"@type":"WebSite","@id":"https:\/\/www.meydan.tv\/az\/#website","url":"https:\/\/www.meydan.tv\/az\/","name":"MEYDAN.TV","description":"Meydan TV Az\u0259rbaycan\u0131n media m\u0259kan\u0131ndak\u0131 alternativ s\u0259sidir","publisher":{"@id":"https:\/\/www.meydan.tv\/az\/#organization"},"potentialAction":[{"@type":"SearchAction","target":{"@type":"EntryPoint","urlTemplate":"https:\/\/www.meydan.tv\/az\/?s={search_term_string}"},"query-input":{"@type":"PropertyValueSpecification","valueRequired":true,"valueName":"search_term_string"}}],"inLanguage":"az"},{"@type":"Organization","@id":"https:\/\/www.meydan.tv\/az\/#organization","name":"Meydan TV","url":"https:\/\/www.meydan.tv\/az\/","logo":{"@type":"ImageObject","inLanguage":"az","@id":"https:\/\/www.meydan.tv\/az\/#\/schema\/logo\/image\/","url":"https:\/\/www.meydan.tv\/wp-content\/uploads\/2021\/07\/meydan-logo.svg","contentUrl":"https:\/\/www.meydan.tv\/wp-content\/uploads\/2021\/07\/meydan-logo.svg","width":195,"height":46,"caption":"Meydan TV"},"image":{"@id":"https:\/\/www.meydan.tv\/az\/#\/schema\/logo\/image\/"}},{"@type":"Person","@id":"https:\/\/www.meydan.tv\/az\/#\/schema\/person\/10d11eccf6da3662cf5fdab9806ea91a","name":"user-manager"}]}},"_links":{"self":[{"href":"https:\/\/www.meydan.tv\/az\/wp-json\/wp\/v2\/posts\/181074","targetHints":{"allow":["GET"]}}],"collection":[{"href":"https:\/\/www.meydan.tv\/az\/wp-json\/wp\/v2\/posts"}],"about":[{"href":"https:\/\/www.meydan.tv\/az\/wp-json\/wp\/v2\/types\/post"}],"author":[{"embeddable":true,"href":"https:\/\/www.meydan.tv\/az\/wp-json\/wp\/v2\/users\/11"}],"replies":[{"embeddable":true,"href":"https:\/\/www.meydan.tv\/az\/wp-json\/wp\/v2\/comments?post=181074"}],"version-history":[{"count":0,"href":"https:\/\/www.meydan.tv\/az\/wp-json\/wp\/v2\/posts\/181074\/revisions"}],"wp:featuredmedia":[{"embeddable":true,"href":"https:\/\/www.meydan.tv\/az\/wp-json\/wp\/v2\/media\/74881"}],"wp:attachment":[{"href":"https:\/\/www.meydan.tv\/az\/wp-json\/wp\/v2\/media?parent=181074"}],"wp:term":[{"taxonomy":"category","embeddable":true,"href":"https:\/\/www.meydan.tv\/az\/wp-json\/wp\/v2\/categories?post=181074"},{"taxonomy":"post_tag","embeddable":true,"href":"https:\/\/www.meydan.tv\/az\/wp-json\/wp\/v2\/tags?post=181074"}],"curies":[{"name":"wp","href":"https:\/\/api.w.org\/{rel}","templated":true}]}}