{"id":181053,"date":"2016-12-08T12:21:23","date_gmt":"2016-12-08T12:21:23","guid":{"rendered":"https:\/\/www.meydan.tv\/article\/rauf-mirqedirov-irevanin-imtina-teessurati-yaratmasi-teeccubludur\/"},"modified":"2016-12-08T12:21:23","modified_gmt":"2016-12-08T12:21:23","slug":"rauf-mirqedirov-irevanin-imtina-teessurati-yaratmasi-teeccubludur","status":"publish","type":"post","link":"https:\/\/www.meydan.tv\/az\/article\/rauf-mirqedirov-irevanin-imtina-teessurati-yaratmasi-teeccubludur\/","title":{"rendered":"Rauf Mirq\u0259dirov: \u0130r\u0259van\u0131n imtina t\u0259\u0259ss\u00fcrat\u0131 yaratmas\u0131 t\u0259\u0259cc\u00fcbl\u00fcd\u00fcr"},"content":{"rendered":"<figure class=\"wp-block-image size-large\">\n  <img decoding=\"async\" src=\"https:\/\/www.meydan.tv\/az\/72986\/\" alt=\"\" class=\"wp-image-72986\"\/><figcaption><\/figcaption><\/figure>\n<figure class=\"wp-block-image size-large\">\n  <img decoding=\"async\" src=\"https:\/\/www.meydan.tv\/az\/72986\/\" alt=\"\" class=\"wp-image-72986\"\/><figcaption>\n    Rauf Mirq\u0259dirov foto ANS press<br \/>\n  <\/figcaption><\/figure>\n<p>\n  <i><br \/>\n    &#8221;\u0130r\u0259van\u0131n etdiyi Paris v\u0259 Va\u015finqtonun n\u00fcfuzuna x\u0259l\u0259l g\u0259tir\u0259c\u0259k yana\u015fmad\u0131r&#8221;<br \/>\n  <\/i>\n<\/p>\n<p>\n  Rusiya Xarici \u0130\u015fl\u0259r Nazirliyinin m\u0259tbuat xidm\u0259tinin r\u0259hb\u0259ri Mariya Zaxarova Hamburq g\u00f6r\u00fc\u015f\u00fc il\u0259 ba\u011fl\u0131 h\u0259l\u0259 d\u0259 raz\u0131l\u0131\u011f\u0131n \u0259ld\u0259 olunmad\u0131\u011f\u0131n\u0131 deyib.\n<\/p>\n<p>\n  APA-n\u0131n m\u0259lumat\u0131na g\u00f6r\u0259, M.Zaxarova s\u00f6yl\u0259yib ki, Fransa AT\u018fT-in Minsk Qrupunun h\u0259ms\u0259drl\u0259rinin v\u0259 m\u00fcnaqi\u015f\u0259 t\u0259r\u0259fl\u0259rinin i\u015ftirak\u0131 il\u0259 3+2 format\u0131nda sammitin ke\u00e7irilm\u0259sini t\u0259klif ets\u0259 d\u0259, Erm\u0259nistan xarici i\u015fl\u0259r nazirinin m\u00fcavini Svar\u015f Ko\u00e7aryan iclas haqda d\u0259qiq m\u0259lumatl\u0131 olmad\u0131\u011f\u0131n\u0131 ifad\u0259 edib.\n<\/p>\n<p>\n  Siyasi icmal\u00e7\u0131 Rauf Mirq\u0259dirov Meydan TV-y\u0259 a\u00e7\u0131qlamas\u0131nda xat\u0131rlad\u0131b ki, h\u0259ms\u0259drl\u0259rin Bak\u0131 g\u00f6r\u00fc\u015f\u00fcnd\u0259n sonra Az\u0259rbaycan X\u0130N ba\u015f\u00e7\u0131s\u0131 Elmar M\u0259mm\u0259dyarov Bak\u0131n\u0131n Hamburq sammitin\u0259 haz\u0131r oldu\u011funu b\u0259yan etmi\u015fdi.\n<\/p>\n<p>\n  O, g\u00f6r\u00fc\u015f\u00fcn uzanmas\u0131n\u0131n s\u0259b\u0259bini h\u0259m d\u0259 apar\u0131c\u0131 d\u00f6vl\u0259tl\u0259rin beyn\u0259lxalq al\u0259md\u0259ki taktiki add\u0131mlar\u0131nda g\u00f6r\u00fcr:\n<\/p>\n<p>\n  \u201cHamburq g\u00f6r\u00fc\u015f\u00fcn\u00fcn t\u0259\u015f\u0259bb\u00fcskar\u0131 Parisdir. Haz\u0131rda h\u0259ms\u0259dr d\u00f6vl\u0259tl\u0259r Fransa v\u0259 Amerikada qeyri-m\u00fc\u0259yy\u0259nlikl\u0259r ya\u015fan\u0131r. Fransa n\u00f6vb\u0259ti se\u00e7kil\u0259r\u0259 haz\u0131rla\u015f\u0131r v\u0259 prezident Olland\u0131n \u00f6z postundan getm\u0259si ehtimal\u0131 \u00e7ox b\u00f6y\u00fckd\u00fcr. Amerikada is\u0259 m\u00f6vcud administrasiya d\u0259yi\u015fir. H\u0259ms\u0259dr olmayan B\u00f6y\u00fck Britaniyada da ox\u015far v\u0259ziyy\u0259t yaran\u0131b. Bel\u0259 v\u0259ziyy\u0259td\u0259 Rusiya \u00f6z\u00fc olmasa da, Erm\u0259nistan vasit\u0259sil\u0259 h\u0259ms\u0259dr d\u00f6vl\u0259tl\u0259rin n\u00fcfuzuna x\u0259l\u0259l g\u0259tir\u0259c\u0259k bu c\u00fcr add\u0131mlardan da istifad\u0259 edir. M\u0259n inanm\u0131ram ki, Rusiyan\u0131n d\u0259st\u0259yi olmadan Erm\u0259nistan t\u0259r\u0259fi s\u0131radan bir g\u00f6r\u00fc\u015f\u00fcn ke\u00e7irilm\u0259sini uzats\u0131n. Halbuki, y\u00fczl\u0259rl\u0259 bel\u0259 g\u00f6r\u00fc\u015fl\u0259r ke\u00e7irilib, prezidentl\u0259r s\u0259viyy\u0259sind\u0259 d\u0259 onlarla t\u0259maslar olub. N\u0259z\u0259r\u0259 al\u0131n ki, Hamburqda xarici i\u015fl\u0259r nazirl\u0259ri g\u00f6r\u00fc\u015f\u0259c\u0259k. Bird\u0259n-bir\u0259 Hamburq g\u00f6r\u00fc\u015f\u00fcn\u00fcn bu c\u00fcr uzad\u0131lmas\u0131 anla\u015f\u0131lm\u0131r. \u018fg\u0259r aprel \u0259m\u0259liyyatlar\u0131ndan d\u0259rhal sonra bel\u0259 bir hadis\u0259 olsayd\u0131, anlamaq olard\u0131, ancaq h\u0259min d\u00f6y\u00fc\u015fl\u0259rd\u0259n sonra prezidentl\u0259r v\u0259 nazirl\u0259r g\u00f6r\u00fc\u015f\u00fcb. \u0130ndi s\u0131ravi g\u00f6r\u00fc\u015f \u0259traf\u0131nda bu c\u00fcr hay-k\u00fcy\u00fcn qalxmas\u0131 v\u0259 \u0130r\u0259van\u0131n imtina t\u0259\u0259ss\u00fcrat\u0131 yaratmas\u0131 t\u0259\u0259cc\u00fcb do\u011furur. \u00c7\u00fcnki c\u0259bh\u0259d\u0259 he\u00e7 n\u0259 ba\u015f vermir, h\u0259tta vasit\u0259\u00e7il\u0259r Erm\u0259nistan\u0131 qane ed\u0259n b\u0259yanatla \u00e7\u0131x\u0131\u015f etdil\u0259r. Ona g\u00f6r\u0259 Hamburqda qeyri-adi s\u0131\u00e7ray\u0131\u015f olaca\u011f\u0131 istisna edilir. \u018fslind\u0259, \u0130r\u0259van\u0131n imtina t\u0259\u0259ss\u00fcrat\u0131 yaratmas\u0131 Paris v\u0259 Va\u015finqtonun n\u00fcfuzuna x\u0259l\u0259l g\u0259tir\u0259c\u0259k yana\u015fmad\u0131r. Bu m\u0259nada yax\u0131n vaxtlarda Moskvan\u0131n t\u0259\u015f\u0259bb\u00fcs\u00fc il\u0259 nazirl\u0259rin g\u00f6r\u00fc\u015f\u00fcn\u00fcn ke\u00e7iril\u0259c\u0259yini istisna etmir\u0259m\u201d.\n<\/p><\/p>\n","protected":false},"excerpt":{"rendered":"<p>&#8221;\u0130r\u0259van\u0131n etdiyi Paris v\u0259 Va\u015finqtonun n\u00fcfuzuna x\u0259l\u0259l g\u0259tir\u0259c\u0259k yana\u015fmad\u0131r&#8221;<\/p>\n","protected":false},"author":11,"featured_media":72986,"comment_status":"closed","ping_status":"open","sticky":false,"template":"","format":"standard","meta":{"_acf_changed":false,"_sitemap_exclude":false,"_sitemap_priority":"","_sitemap_frequency":"","footnotes":""},"categories":[51],"tags":[],"class_list":["post-181053","post","type-post","status-publish","format-standard","has-post-thumbnail","hentry","category-analitika","infinite-scroll-item","generate-columns","tablet-grid-50","mobile-grid-100","grid-parent","grid-33","no-featured-image-padding"],"acf":[],"yoast_head":"<!-- This site is optimized with the Yoast SEO plugin v27.5 - https:\/\/yoast.com\/product\/yoast-seo-wordpress\/ -->\n<title>Rauf Mirq\u0259dirov: \u0130r\u0259van\u0131n imtina t\u0259\u0259ss\u00fcrat\u0131 yaratmas\u0131 t\u0259\u0259cc\u00fcbl\u00fcd\u00fcr - MEYDAN.TV<\/title>\n<meta name=\"robots\" content=\"index, follow, max-snippet:-1, max-image-preview:large, max-video-preview:-1\" \/>\n<link rel=\"canonical\" href=\"https:\/\/www.meydan.tv\/az\/article\/rauf-mirqedirov-irevanin-imtina-teessurati-yaratmasi-teeccubludur\/\" \/>\n<meta property=\"og:locale\" content=\"az_AZ\" \/>\n<meta property=\"og:type\" content=\"article\" \/>\n<meta property=\"og:title\" content=\"Rauf Mirq\u0259dirov: \u0130r\u0259van\u0131n imtina t\u0259\u0259ss\u00fcrat\u0131 yaratmas\u0131 t\u0259\u0259cc\u00fcbl\u00fcd\u00fcr - MEYDAN.TV\" \/>\n<meta property=\"og:description\" content=\"&#039;&#039;\u0130r\u0259van\u0131n etdiyi Paris v\u0259 Va\u015finqtonun n\u00fcfuzuna x\u0259l\u0259l g\u0259tir\u0259c\u0259k yana\u015fmad\u0131r&#039;&#039;\" \/>\n<meta property=\"og:url\" content=\"https:\/\/www.meydan.tv\/az\/article\/rauf-mirqedirov-irevanin-imtina-teessurati-yaratmasi-teeccubludur\/\" \/>\n<meta property=\"og:site_name\" content=\"MEYDAN.TV\" \/>\n<meta property=\"article:published_time\" content=\"2016-12-08T12:21:23+00:00\" \/>\n<meta property=\"og:image\" content=\"https:\/\/www.meydan.tv\/wp-content\/uploads\/28151.jpg\" \/>\n\t<meta property=\"og:image:width\" content=\"637\" \/>\n\t<meta property=\"og:image:height\" content=\"400\" \/>\n\t<meta property=\"og:image:type\" content=\"image\/jpeg\" \/>\n<meta name=\"author\" content=\"user-manager\" \/>\n<meta name=\"twitter:card\" content=\"summary_large_image\" \/>\n<script type=\"application\/ld+json\" class=\"yoast-schema-graph\">{\"@context\":\"https:\\\/\\\/schema.org\",\"@graph\":[{\"@type\":\"Article\",\"@id\":\"https:\\\/\\\/www.meydan.tv\\\/az\\\/article\\\/rauf-mirqedirov-irevanin-imtina-teessurati-yaratmasi-teeccubludur\\\/#article\",\"isPartOf\":{\"@id\":\"https:\\\/\\\/www.meydan.tv\\\/az\\\/article\\\/rauf-mirqedirov-irevanin-imtina-teessurati-yaratmasi-teeccubludur\\\/\"},\"author\":{\"name\":\"user-manager\",\"@id\":\"https:\\\/\\\/www.meydan.tv\\\/az\\\/#\\\/schema\\\/person\\\/10d11eccf6da3662cf5fdab9806ea91a\"},\"headline\":\"Rauf Mirq\u0259dirov: \u0130r\u0259van\u0131n imtina t\u0259\u0259ss\u00fcrat\u0131 yaratmas\u0131 t\u0259\u0259cc\u00fcbl\u00fcd\u00fcr\",\"datePublished\":\"2016-12-08T12:21:23+00:00\",\"mainEntityOfPage\":{\"@id\":\"https:\\\/\\\/www.meydan.tv\\\/az\\\/article\\\/rauf-mirqedirov-irevanin-imtina-teessurati-yaratmasi-teeccubludur\\\/\"},\"wordCount\":549,\"publisher\":{\"@id\":\"https:\\\/\\\/www.meydan.tv\\\/az\\\/#organization\"},\"image\":{\"@id\":\"https:\\\/\\\/www.meydan.tv\\\/az\\\/article\\\/rauf-mirqedirov-irevanin-imtina-teessurati-yaratmasi-teeccubludur\\\/#primaryimage\"},\"thumbnailUrl\":\"https:\\\/\\\/www.meydan.tv\\\/wp-content\\\/uploads\\\/28151.jpg\",\"articleSection\":[\"Analitika\"],\"inLanguage\":\"az\"},{\"@type\":\"WebPage\",\"@id\":\"https:\\\/\\\/www.meydan.tv\\\/az\\\/article\\\/rauf-mirqedirov-irevanin-imtina-teessurati-yaratmasi-teeccubludur\\\/\",\"url\":\"https:\\\/\\\/www.meydan.tv\\\/az\\\/article\\\/rauf-mirqedirov-irevanin-imtina-teessurati-yaratmasi-teeccubludur\\\/\",\"name\":\"Rauf Mirq\u0259dirov: \u0130r\u0259van\u0131n imtina t\u0259\u0259ss\u00fcrat\u0131 yaratmas\u0131 t\u0259\u0259cc\u00fcbl\u00fcd\u00fcr - MEYDAN.TV\",\"isPartOf\":{\"@id\":\"https:\\\/\\\/www.meydan.tv\\\/az\\\/#website\"},\"primaryImageOfPage\":{\"@id\":\"https:\\\/\\\/www.meydan.tv\\\/az\\\/article\\\/rauf-mirqedirov-irevanin-imtina-teessurati-yaratmasi-teeccubludur\\\/#primaryimage\"},\"image\":{\"@id\":\"https:\\\/\\\/www.meydan.tv\\\/az\\\/article\\\/rauf-mirqedirov-irevanin-imtina-teessurati-yaratmasi-teeccubludur\\\/#primaryimage\"},\"thumbnailUrl\":\"https:\\\/\\\/www.meydan.tv\\\/wp-content\\\/uploads\\\/28151.jpg\",\"datePublished\":\"2016-12-08T12:21:23+00:00\",\"breadcrumb\":{\"@id\":\"https:\\\/\\\/www.meydan.tv\\\/az\\\/article\\\/rauf-mirqedirov-irevanin-imtina-teessurati-yaratmasi-teeccubludur\\\/#breadcrumb\"},\"inLanguage\":\"az\",\"potentialAction\":[{\"@type\":\"ReadAction\",\"target\":[\"https:\\\/\\\/www.meydan.tv\\\/az\\\/article\\\/rauf-mirqedirov-irevanin-imtina-teessurati-yaratmasi-teeccubludur\\\/\"]}]},{\"@type\":\"ImageObject\",\"inLanguage\":\"az\",\"@id\":\"https:\\\/\\\/www.meydan.tv\\\/az\\\/article\\\/rauf-mirqedirov-irevanin-imtina-teessurati-yaratmasi-teeccubludur\\\/#primaryimage\",\"url\":\"https:\\\/\\\/www.meydan.tv\\\/wp-content\\\/uploads\\\/28151.jpg\",\"contentUrl\":\"https:\\\/\\\/www.meydan.tv\\\/wp-content\\\/uploads\\\/28151.jpg\",\"width\":637,\"height\":400,\"caption\":\"Source:\"},{\"@type\":\"BreadcrumbList\",\"@id\":\"https:\\\/\\\/www.meydan.tv\\\/az\\\/article\\\/rauf-mirqedirov-irevanin-imtina-teessurati-yaratmasi-teeccubludur\\\/#breadcrumb\",\"itemListElement\":[{\"@type\":\"ListItem\",\"position\":1,\"name\":\"Ana s\u0259hif\u0259\",\"item\":\"https:\\\/\\\/www.meydan.tv\\\/az\\\/\"},{\"@type\":\"ListItem\",\"position\":2,\"name\":\"Analitika\",\"item\":\"https:\\\/\\\/www.meydan.tv\\\/az\\\/section\\\/analitika\\\/\"},{\"@type\":\"ListItem\",\"position\":3,\"name\":\"Rauf Mirq\u0259dirov: \u0130r\u0259van\u0131n imtina t\u0259\u0259ss\u00fcrat\u0131 yaratmas\u0131 t\u0259\u0259cc\u00fcbl\u00fcd\u00fcr\"}]},{\"@type\":\"WebSite\",\"@id\":\"https:\\\/\\\/www.meydan.tv\\\/az\\\/#website\",\"url\":\"https:\\\/\\\/www.meydan.tv\\\/az\\\/\",\"name\":\"MEYDAN.TV\",\"description\":\"Meydan TV Az\u0259rbaycan\u0131n media m\u0259kan\u0131ndak\u0131 alternativ s\u0259sidir\",\"publisher\":{\"@id\":\"https:\\\/\\\/www.meydan.tv\\\/az\\\/#organization\"},\"potentialAction\":[{\"@type\":\"SearchAction\",\"target\":{\"@type\":\"EntryPoint\",\"urlTemplate\":\"https:\\\/\\\/www.meydan.tv\\\/az\\\/?s={search_term_string}\"},\"query-input\":{\"@type\":\"PropertyValueSpecification\",\"valueRequired\":true,\"valueName\":\"search_term_string\"}}],\"inLanguage\":\"az\"},{\"@type\":\"Organization\",\"@id\":\"https:\\\/\\\/www.meydan.tv\\\/az\\\/#organization\",\"name\":\"Meydan TV\",\"url\":\"https:\\\/\\\/www.meydan.tv\\\/az\\\/\",\"logo\":{\"@type\":\"ImageObject\",\"inLanguage\":\"az\",\"@id\":\"https:\\\/\\\/www.meydan.tv\\\/az\\\/#\\\/schema\\\/logo\\\/image\\\/\",\"url\":\"https:\\\/\\\/www.meydan.tv\\\/wp-content\\\/uploads\\\/2021\\\/07\\\/meydan-logo.svg\",\"contentUrl\":\"https:\\\/\\\/www.meydan.tv\\\/wp-content\\\/uploads\\\/2021\\\/07\\\/meydan-logo.svg\",\"width\":195,\"height\":46,\"caption\":\"Meydan TV\"},\"image\":{\"@id\":\"https:\\\/\\\/www.meydan.tv\\\/az\\\/#\\\/schema\\\/logo\\\/image\\\/\"}},{\"@type\":\"Person\",\"@id\":\"https:\\\/\\\/www.meydan.tv\\\/az\\\/#\\\/schema\\\/person\\\/10d11eccf6da3662cf5fdab9806ea91a\",\"name\":\"user-manager\"}]}<\/script>\n<!-- \/ Yoast SEO plugin. -->","yoast_head_json":{"title":"Rauf Mirq\u0259dirov: \u0130r\u0259van\u0131n imtina t\u0259\u0259ss\u00fcrat\u0131 yaratmas\u0131 t\u0259\u0259cc\u00fcbl\u00fcd\u00fcr - MEYDAN.TV","robots":{"index":"index","follow":"follow","max-snippet":"max-snippet:-1","max-image-preview":"max-image-preview:large","max-video-preview":"max-video-preview:-1"},"canonical":"https:\/\/www.meydan.tv\/az\/article\/rauf-mirqedirov-irevanin-imtina-teessurati-yaratmasi-teeccubludur\/","og_locale":"az_AZ","og_type":"article","og_title":"Rauf Mirq\u0259dirov: \u0130r\u0259van\u0131n imtina t\u0259\u0259ss\u00fcrat\u0131 yaratmas\u0131 t\u0259\u0259cc\u00fcbl\u00fcd\u00fcr - MEYDAN.TV","og_description":"''\u0130r\u0259van\u0131n etdiyi Paris v\u0259 Va\u015finqtonun n\u00fcfuzuna x\u0259l\u0259l g\u0259tir\u0259c\u0259k yana\u015fmad\u0131r''","og_url":"https:\/\/www.meydan.tv\/az\/article\/rauf-mirqedirov-irevanin-imtina-teessurati-yaratmasi-teeccubludur\/","og_site_name":"MEYDAN.TV","article_published_time":"2016-12-08T12:21:23+00:00","og_image":[{"width":637,"height":400,"url":"https:\/\/www.meydan.tv\/wp-content\/uploads\/28151.jpg","type":"image\/jpeg"}],"author":"user-manager","twitter_card":"summary_large_image","schema":{"@context":"https:\/\/schema.org","@graph":[{"@type":"Article","@id":"https:\/\/www.meydan.tv\/az\/article\/rauf-mirqedirov-irevanin-imtina-teessurati-yaratmasi-teeccubludur\/#article","isPartOf":{"@id":"https:\/\/www.meydan.tv\/az\/article\/rauf-mirqedirov-irevanin-imtina-teessurati-yaratmasi-teeccubludur\/"},"author":{"name":"user-manager","@id":"https:\/\/www.meydan.tv\/az\/#\/schema\/person\/10d11eccf6da3662cf5fdab9806ea91a"},"headline":"Rauf Mirq\u0259dirov: \u0130r\u0259van\u0131n imtina t\u0259\u0259ss\u00fcrat\u0131 yaratmas\u0131 t\u0259\u0259cc\u00fcbl\u00fcd\u00fcr","datePublished":"2016-12-08T12:21:23+00:00","mainEntityOfPage":{"@id":"https:\/\/www.meydan.tv\/az\/article\/rauf-mirqedirov-irevanin-imtina-teessurati-yaratmasi-teeccubludur\/"},"wordCount":549,"publisher":{"@id":"https:\/\/www.meydan.tv\/az\/#organization"},"image":{"@id":"https:\/\/www.meydan.tv\/az\/article\/rauf-mirqedirov-irevanin-imtina-teessurati-yaratmasi-teeccubludur\/#primaryimage"},"thumbnailUrl":"https:\/\/www.meydan.tv\/wp-content\/uploads\/28151.jpg","articleSection":["Analitika"],"inLanguage":"az"},{"@type":"WebPage","@id":"https:\/\/www.meydan.tv\/az\/article\/rauf-mirqedirov-irevanin-imtina-teessurati-yaratmasi-teeccubludur\/","url":"https:\/\/www.meydan.tv\/az\/article\/rauf-mirqedirov-irevanin-imtina-teessurati-yaratmasi-teeccubludur\/","name":"Rauf Mirq\u0259dirov: \u0130r\u0259van\u0131n imtina t\u0259\u0259ss\u00fcrat\u0131 yaratmas\u0131 t\u0259\u0259cc\u00fcbl\u00fcd\u00fcr - MEYDAN.TV","isPartOf":{"@id":"https:\/\/www.meydan.tv\/az\/#website"},"primaryImageOfPage":{"@id":"https:\/\/www.meydan.tv\/az\/article\/rauf-mirqedirov-irevanin-imtina-teessurati-yaratmasi-teeccubludur\/#primaryimage"},"image":{"@id":"https:\/\/www.meydan.tv\/az\/article\/rauf-mirqedirov-irevanin-imtina-teessurati-yaratmasi-teeccubludur\/#primaryimage"},"thumbnailUrl":"https:\/\/www.meydan.tv\/wp-content\/uploads\/28151.jpg","datePublished":"2016-12-08T12:21:23+00:00","breadcrumb":{"@id":"https:\/\/www.meydan.tv\/az\/article\/rauf-mirqedirov-irevanin-imtina-teessurati-yaratmasi-teeccubludur\/#breadcrumb"},"inLanguage":"az","potentialAction":[{"@type":"ReadAction","target":["https:\/\/www.meydan.tv\/az\/article\/rauf-mirqedirov-irevanin-imtina-teessurati-yaratmasi-teeccubludur\/"]}]},{"@type":"ImageObject","inLanguage":"az","@id":"https:\/\/www.meydan.tv\/az\/article\/rauf-mirqedirov-irevanin-imtina-teessurati-yaratmasi-teeccubludur\/#primaryimage","url":"https:\/\/www.meydan.tv\/wp-content\/uploads\/28151.jpg","contentUrl":"https:\/\/www.meydan.tv\/wp-content\/uploads\/28151.jpg","width":637,"height":400,"caption":"Source:"},{"@type":"BreadcrumbList","@id":"https:\/\/www.meydan.tv\/az\/article\/rauf-mirqedirov-irevanin-imtina-teessurati-yaratmasi-teeccubludur\/#breadcrumb","itemListElement":[{"@type":"ListItem","position":1,"name":"Ana s\u0259hif\u0259","item":"https:\/\/www.meydan.tv\/az\/"},{"@type":"ListItem","position":2,"name":"Analitika","item":"https:\/\/www.meydan.tv\/az\/section\/analitika\/"},{"@type":"ListItem","position":3,"name":"Rauf Mirq\u0259dirov: \u0130r\u0259van\u0131n imtina t\u0259\u0259ss\u00fcrat\u0131 yaratmas\u0131 t\u0259\u0259cc\u00fcbl\u00fcd\u00fcr"}]},{"@type":"WebSite","@id":"https:\/\/www.meydan.tv\/az\/#website","url":"https:\/\/www.meydan.tv\/az\/","name":"MEYDAN.TV","description":"Meydan TV Az\u0259rbaycan\u0131n media m\u0259kan\u0131ndak\u0131 alternativ s\u0259sidir","publisher":{"@id":"https:\/\/www.meydan.tv\/az\/#organization"},"potentialAction":[{"@type":"SearchAction","target":{"@type":"EntryPoint","urlTemplate":"https:\/\/www.meydan.tv\/az\/?s={search_term_string}"},"query-input":{"@type":"PropertyValueSpecification","valueRequired":true,"valueName":"search_term_string"}}],"inLanguage":"az"},{"@type":"Organization","@id":"https:\/\/www.meydan.tv\/az\/#organization","name":"Meydan TV","url":"https:\/\/www.meydan.tv\/az\/","logo":{"@type":"ImageObject","inLanguage":"az","@id":"https:\/\/www.meydan.tv\/az\/#\/schema\/logo\/image\/","url":"https:\/\/www.meydan.tv\/wp-content\/uploads\/2021\/07\/meydan-logo.svg","contentUrl":"https:\/\/www.meydan.tv\/wp-content\/uploads\/2021\/07\/meydan-logo.svg","width":195,"height":46,"caption":"Meydan TV"},"image":{"@id":"https:\/\/www.meydan.tv\/az\/#\/schema\/logo\/image\/"}},{"@type":"Person","@id":"https:\/\/www.meydan.tv\/az\/#\/schema\/person\/10d11eccf6da3662cf5fdab9806ea91a","name":"user-manager"}]}},"_links":{"self":[{"href":"https:\/\/www.meydan.tv\/az\/wp-json\/wp\/v2\/posts\/181053","targetHints":{"allow":["GET"]}}],"collection":[{"href":"https:\/\/www.meydan.tv\/az\/wp-json\/wp\/v2\/posts"}],"about":[{"href":"https:\/\/www.meydan.tv\/az\/wp-json\/wp\/v2\/types\/post"}],"author":[{"embeddable":true,"href":"https:\/\/www.meydan.tv\/az\/wp-json\/wp\/v2\/users\/11"}],"replies":[{"embeddable":true,"href":"https:\/\/www.meydan.tv\/az\/wp-json\/wp\/v2\/comments?post=181053"}],"version-history":[{"count":0,"href":"https:\/\/www.meydan.tv\/az\/wp-json\/wp\/v2\/posts\/181053\/revisions"}],"wp:featuredmedia":[{"embeddable":true,"href":"https:\/\/www.meydan.tv\/az\/wp-json\/wp\/v2\/media\/72986"}],"wp:attachment":[{"href":"https:\/\/www.meydan.tv\/az\/wp-json\/wp\/v2\/media?parent=181053"}],"wp:term":[{"taxonomy":"category","embeddable":true,"href":"https:\/\/www.meydan.tv\/az\/wp-json\/wp\/v2\/categories?post=181053"},{"taxonomy":"post_tag","embeddable":true,"href":"https:\/\/www.meydan.tv\/az\/wp-json\/wp\/v2\/tags?post=181053"}],"curies":[{"name":"wp","href":"https:\/\/api.w.org\/{rel}","templated":true}]}}