{"id":181031,"date":"2016-12-07T13:09:33","date_gmt":"2016-12-07T13:09:33","guid":{"rendered":"https:\/\/www.meydan.tv\/article\/turk-axini-qarabag-munaqisesinin-hellini-suretlendirecekmi\/"},"modified":"2016-12-07T13:09:33","modified_gmt":"2016-12-07T13:09:33","slug":"turk-axini-qarabag-munaqisesinin-hellini-suretlendirecekmi","status":"publish","type":"post","link":"https:\/\/www.meydan.tv\/az\/article\/turk-axini-qarabag-munaqisesinin-hellini-suretlendirecekmi\/","title":{"rendered":"&#8221;T\u00fcrk ax\u0131n\u0131&#8221; Qaraba\u011f m\u00fcnaqi\u015f\u0259sinin h\u0259llini s\u00fcr\u0259tl\u0259ndir\u0259c\u0259kmi?"},"content":{"rendered":"<figure class=\"wp-block-image size-large\">\n  <img decoding=\"async\" src=\"https:\/\/www.meydan.tv\/az\/foto-atlas-arasdirmalar-merkezi-4\/\" alt=\"foto \u201cAtlas\u201d Ara\u015fd\u0131rmalar M\u0259rk\u0259zi\" class=\"wp-image-96356\"\/><figcaption>\n    foto \u201cAtlas\u201d Ara\u015fd\u0131rmalar M\u0259rk\u0259zi<br \/>\n  <\/figcaption><\/figure>\n<figure class=\"wp-block-image size-large\">\n  <img decoding=\"async\" src=\"https:\/\/www.meydan.tv\/az\/foto-atlas-arasdirmalar-merkezi-4\/\" alt=\"foto \u201cAtlas\u201d Ara\u015fd\u0131rmalar M\u0259rk\u0259zi\" class=\"wp-image-96356\"\/><figcaption>\n    foto \u201cAtlas\u201d Ara\u015fd\u0131rmalar M\u0259rk\u0259zi<br \/>\n  <\/figcaption><\/figure>\n<p>\n  <b><br \/>\n    <i><br \/>\n      R\u0259smi Bak\u0131 \u00e7ox \u00fcmidlidir ki, Moskva Erm\u0259nistan hakimiyy\u0259tin\u0259 t\u0259sir ed\u0259c\u0259k<br \/>\n    <\/i><br \/>\n  <\/b>\n<\/p>\n<\/p>\n<p>\n  T\u00fcrkiy\u0259nin ba\u015f naziri Bin\u0259li Y\u0131ld\u0131r\u0131m dekabr\u0131n 6-da Moskvada r\u0259smi s\u0259f\u0259rd\u0259 oldu. Eyni g\u00fcnd\u0259 T\u00fcrkiy\u0259nin prezidenti R\u0259c\u0259b T\u0259yyub \u018frdo\u011fan \u201ct\u00fcrx ax\u0131n\u0131\u201d layih\u0259sini imzalad\u0131. \u018frdo\u011fan\u0131n bu add\u0131m\u0131n\u0131 Rusiya prezidenti Vladimir Putin y\u00fcks\u0259k qiym\u0259tl\u0259ndirdi v\u0259 bunu Bin\u0259li Y\u0131ld\u0131r\u0131ma da s\u00f6yl\u0259di. Bununla Rusiya qaz\u0131 T\u00fcrkiy\u0259 \u00fcz\u0259rind\u0259n Avropaya da\u015f\u0131nacaq. Bu, Rusiyan\u0131 m\u00fcnasib\u0259tl\u0259ri g\u0259rgin oldu\u011fu Ukrayna \u00fcz\u0259rind\u0259n tranzit as\u0131l\u0131l\u0131\u011f\u0131ndan qurtaracaq.\n<\/p>\n<p>\n  Bel\u0259likl\u0259, T\u00fcrkiy\u0259-Rusiya m\u00fcnasib\u0259tl\u0259ri inki\u015faf edir. Bir ne\u00e7\u0259 aydan sonra T\u00fcrkiy\u0259 v\u0259 Rusiya prezident\u0259ri n\u00f6vb\u0259ti d\u0259f\u0259 g\u00f6r\u00fc\u015f\u0259c\u0259kl\u0259r. Strareji \u0259m\u0259kda\u015fl\u0131\u011f\u0131n strtateji t\u0259r\u0259fda\u015fl\u0131\u011fa \u00e7evrilm\u0259si ehitmal\u0131 var. Bu is\u0259 Rusiya il\u0259 T\u00fcrkiy\u0259 aras\u0131nda ba\u015fqa m\u0259s\u0259l\u0259l\u0259rin h\u0259llini d\u0259 s\u00fcr\u0259tl\u0259ndir\u0259 bil\u0259r.\n<\/p>\n<p>\n  Bu arada, T\u00fcrkiy\u0259nin xarici i\u015fl\u0259r naziri M\u00f6vlud \u00c7avu\u015fo\u011flu Az\u0259rbaycanda i\u015fg\u00fczar s\u0259f\u0259rd\u0259 oldu. S\u0259f\u0259ri \u00e7\u0259r\u00e7iv\u0259sind\u0259 M\u00f6vl\u00fcd \u00c7avu\u015fo\u011flu Az\u0259rbaycan prezidenti \u0130lham \u018fliyev v\u0259 xarici i\u015fl\u0259r naziri Elmar M\u0259mm\u0259dyarovla g\u00f6r\u00fc\u015fl\u0259r ke\u00e7irdi.<\/p>\n<p>  \u00c7avu\u015fo\u011flu Bak\u0131da h\u0259mkar\u0131 Elmar M\u0259mm\u0259dyarovla birg\u0259 ke\u00e7irdiyi m\u0259tbuat konfrans\u0131nda Da\u011fl\u0131q Qaraba\u011f m\u00fcnaqi\u015f\u0259sind\u0259n s\u00f6z a\u00e7araq i\u015f\u011fal\u00e7\u0131 Erm\u0259nistan\u0131n tezlikl\u0259 Az\u0259rbaycan torpaqlar\u0131ndan \u00e7\u0131xar\u0131lmas\u0131n\u0131n vacibliyini diqq\u0259t\u0259 \u00e7atd\u0131rd\u0131.<\/p>\n<p>  \u00c7avu\u015fo\u011flu m\u0259tbuat konfrans\u0131nda bunlar\u0131 dedi:<br \/>\n  <i><br \/>\n    \u201cBiz problemin h\u0259lli \u00fc\u00e7\u00fcn \u0259limizd\u0259n g\u0259l\u0259ni edirik. T\u00fcrkiy\u0259y\u0259 s\u0259f\u0259ri zaman\u0131 Rusiyan\u0131n xarici i\u015fl\u0259r naziri Sergey Lavrovla da Da\u011fl\u0131q Qaraba\u011f m\u00fcnaqi\u015f\u0259sini m\u00fczakir\u0259 etdik. T\u00fcrkiy\u0259 olaraq \u00f6z m\u00f6vqeyimizi Lavrova bildirdik. Vur\u011fulad\u0131m ki, tezlikl\u0259 bu problem Az\u0259rbaycan\u0131n \u0259razi b\u00fct\u00f6vl\u00fcy\u00fc \u00e7\u0259r\u00e7iv\u0259sind\u0259 h\u0259ll olunmal\u0131d\u0131r. Hesab edir\u0259m ki, tez bir zamanda m\u00fcnaqi\u015f\u0259 il\u0259 ba\u011fl\u0131 n\u0259tic\u0259 \u0259ld\u0259 olunmal\u0131d\u0131r\u201d.<br \/>\n  <\/i>\n<\/p>\n<p>\n  T\u00fcrkiy\u0259 xarici i\u015fl\u0259r nazirinin bu a\u00e7\u0131qlamas\u0131 bir daha onu g\u00f6st\u0259rdi ki, M\u00f6vl\u00fcd \u00c7avu\u015fo\u011flunun Bak\u0131ya bud\u0259f\u0259ki s\u0259f\u0259ri Ankaran\u0131n Da\u011fl\u0131q Qaraba\u011f m\u00fcnaqi\u015f\u0259sinin h\u0259llil\u0259 ba\u011fl\u0131 Moskva il\u0259 apard\u0131\u011f\u0131 dialoqla \u0259laq\u0259lidir. \u00c7avu\u015fo\u011flu Bak\u0131ya g\u0259lm\u0259mi\u015fd\u0259n bir g\u00fcn \u0259vv\u0259l Lavrovla T\u00fcrkiy\u0259d\u0259 g\u00f6r\u00fc\u015fm\u00fc\u015fd\u00fc. B\u00f6y\u00fck ehtimalla \u00c7avu\u015fo\u011flu Rusiyan\u0131n xarici i\u015fl\u0259r naziri Sergey Lavrovla Da\u011fl\u0131q Qaraba\u011f problemi \u0259traf\u0131nda apard\u0131\u011f\u0131 dan\u0131\u015f\u0131qlar\u0131n detallar\u0131n\u0131 r\u0259smi Bak\u0131ya \u00e7atd\u0131rmaq \u00fc\u00e7\u00fcn Az\u0259rbaycan paytaxt\u0131na g\u0259lmi\u015fdi.<\/p>\n<p>  Bel\u0259likl\u0259, Ankara Da\u011fl\u0131q Qaraba\u011f problemi il\u0259 \u0259laq\u0259dar Rusiya il\u0259 dan\u0131\u015f\u0131qlar\u0131 intensivl\u0259\u015fdirib. Ankaran\u0131n m\u0259qs\u0259di Moskvan\u0131nm\u00fcnaqi\u015f\u0259nin h\u0259llil\u0259 ba\u011fl\u0131 Erm\u0259nistan hakimiyy\u0259tin\u0259 t\u0259sir etm\u0259sidir. \u0130lk n\u00f6vb\u0259d\u0259, Da\u011fl\u0131q Qaraba\u011f \u0259traf\u0131ndak\u0131 rayonlar bo\u015fald\u0131lmal\u0131d\u0131r ki, s\u00fclh prosesin\u0259 start verilsin.\n<\/p>\n<p>\n  Sergey Lavrovun M\u00f6vlud \u00c7avu\u015fo\u011flunun Da\u011fl\u0131q Qaraba\u011f m\u00fcnaqi\u015f\u0259sinin h\u0259lli il\u0259 ba\u011fl\u0131 t\u0259klifl\u0259rin\u0259 cavab\u0131 b\u0259lli deyil. Ancaq o da m\u0259lumdur ki, Ankara il\u0259 m\u00fcnasib\u0259tl\u0259rini normalla\u015fd\u0131ran Moskva T\u00fcrkiy\u0259nin Da\u011fl\u0131q Qaraba\u011f m\u00fcnaqi\u015f\u0259sinin h\u0259llind\u0259ki f\u0259all\u0131\u011f\u0131na etiraz etmir. Dig\u0259r t\u0259r\u0259fd\u0259n Moskva T\u00fcrkiy\u0259-Rusiya-Az\u0259rbaycan format\u0131n\u0131n yarad\u0131lmas\u0131na da etiraz etmir.\n<\/p>\n<p>\n  Hadis\u0259l\u0259rin bu istiqam\u0259td\u0259 inki\u015faf\u0131 is\u0259 Erm\u0259nistan hakimiyy\u0259tini narahat edir. Erm\u0259nistan tamam\u0259n Rusiyadan as\u0131l\u0131 v\u0259ziyy\u0259t\u0259 d\u00fc\u015f\u00fcb. Erm\u0259nistan ordusu v\u0259 iqtisadiyyat\u0131 Rusiyan\u0131n n\u0259zar\u0259ti alt\u0131ndad\u0131r. H\u0259l\u0259 ki, Rusiya Erm\u0259nistan hakimiyy\u0259tini m\u00fcdafi\u0259 edir v\u0259 Da\u011fl\u0131q Qaraba\u011f m\u00fcnaqi\u015f\u0259sinin Az\u0259rbaycan\u0131n \u0259razi b\u00fct\u00f6vl\u00fcy\u00fc \u00e7\u0259r\u00e7iv\u0259sind\u0259 h\u0259llin\u0259 maraq g\u00f6st\u0259rmir.\n<\/p>\n<p>\n  Ancaq bir g\u00fcn Moskvan\u0131n m\u00f6vqeyi d\u0259yi\u015f\u0259rs\u0259 v\u0259 Kreml Da\u011fl\u0131q Qaraba\u011f m\u00fcnaqi\u015f\u0259sinin h\u0259lli m\u0259qs\u0259dil\u0259 Erm\u0259nistan hakimiyy\u0259tin\u0259 t\u0259zyiq ed\u0259rs\u0259, bu halda prezident Serj S\u0259rkisyan n\u0259 ed\u0259c\u0259k? R\u0259smi \u0130r\u0259van Moskvaya etiraz ed\u0259c\u0259kmi?\n<\/p>\n<p>\n  Bu suallar Erm\u0259nistan\u0131n siyasi dair\u0259l\u0259rind\u0259 ciddi m\u00fczakir\u0259 olunur. Q\u0259rbd\u0259ki erm\u0259ni lobbisi d\u0259 Serj S\u0259rkisyan\u0131n xarici siyas\u0259tind\u0259n naraz\u0131d\u0131r. Erm\u0259ni lobbisinin q\u0259na\u0259tin\u0259 g\u00f6r\u0259, Erm\u0259nistan hakimiyy\u0259tinin Rusiyadan artan as\u0131l\u0131l\u0131\u011f\u0131 Erm\u0259nistan\u0131 f\u0259lak\u0259t\u0259 apar\u0131r. Erm\u0259ni lobbisi d\u00fc\u015f\u00fcn\u00fcr ki, yax\u0131n zamanda Moskva Ankara il\u0259 raz\u0131la\u015faraq Da\u011fl\u0131q Qaraba\u011f m\u00fcnaqi\u015f\u0259sini Az\u0259rbaycan\u0131n xeyrin\u0259 h\u0259ll ed\u0259c\u0259k.\n<\/p>\n<p>\n  Erm\u0259nistan\u0131n getdikc\u0259 kas\u0131bla\u015fmas\u0131 v\u0259 \u0259halinin azalmas\u0131 faktoru bu \u00f6lk\u0259nin \u0259h\u0259miyy\u0259tini azald\u0131r. Erm\u0259ni lobbisi ke\u00e7mi\u015f ill\u0259rd\u0259 oldu\u011fu kimi Erm\u0259nistana pul g\u00f6nd\u0259rmir. Bunun qar\u015fl\u0131\u011f\u0131nda iqtisadi \u00e7\u0259tinlikl\u0259r\u0259 r\u0259\u011fm\u0259n, Az\u0259rbaycan\u0131n h\u0259rbi potensial\u0131 art\u0131r, \u0259halinin say\u0131 is\u0259 s\u00fcr\u0259tl\u0259 10 milyon n\u0259f\u0259r\u0259 yax\u0131nla\u015f\u0131r. Y\u0259ni m\u0259ntiql\u0259 b\u00f6y\u00fck d\u00f6vl\u0259tl\u0259r\u0259 C\u0259nubi Qafqazda Az\u0259rbaycanla \u0259m\u0259kda\u015fl\u0131q daha m\u0259qbuldur.\n<\/p>\n<p>\n  R\u0259smi Bak\u0131 \u00e7ox \u00fcmidlidir ki, Moskva Erm\u0259nistan hakimiyy\u0259tin\u0259 t\u0259sir ed\u0259r\u0259k Qaraba\u011f \u0259traf\u0131ndak\u0131 rayonlar\u0131n bo\u015fald\u0131lmas\u0131n\u0131 s\u00fcr\u0259tl\u0259ndir\u0259c\u0259k. H\u0259l\u0259 ki, bu, ba\u015f vermir. R\u0259smi Bak\u0131 h\u0259m d\u0259 ona \u00fcmidlidir ki, Ankara da Moskvan\u0131 bu m\u0259s\u0259l\u0259y\u0259 inand\u0131rma\u011fa nail olacaq. H\u0259m Bak\u0131, h\u0259m d\u0259 Ankara Rusiyaya t\u0259klif edibl\u0259r ki, Da\u011fl\u0131q Qaraba\u011f m\u00fcnaqi\u015f\u0259sinin \u0259dal\u0259tli h\u0259lli hal\u0131nda b\u00f6lg\u0259d\u0259 regional \u0259m\u0259kda\u015fl\u0131\u011f\u0131 geni\u015fl\u0259ndirm\u0259k m\u00fcmk\u00fcn olacaq. Bu regional \u0259m\u0259kda\u015fl\u0131q is\u0259 Rusiyan\u0131n maraqlar\u0131na cavab ver\u0259c\u0259k \u015f\u0259kild\u0259 inki\u015faf ed\u0259c\u0259k. Ancaq h\u0259l\u0259 ki, n\u0259 Bak\u0131, n\u0259 d\u0259 Ankara Moskvadan tutarl\u0131 cavab ala bilm\u0259yibl\u0259r. Moskva Erm\u0259nistan hakimiyy\u0259tin\u0259 t\u0259sir etm\u0259k ist\u0259mir. Tam \u0259ksin\u0259, Rusiya Erm\u0259nistan\u0131 daha \u00e7ox silahland\u0131r\u0131r. Buna baxmayaraq, Rusiyan\u0131n C\u0259nubi Qafqaz siyas\u0259tini korrekt\u0259 ed\u0259c\u0259yi istisna deyil.\n<\/p>\n<p>\n  Az\u0259rbaycan prezidenti \u0130lham \u018fliyev Rusiyan\u0131n siyas\u0259tinin d\u0259yi\u015f\u0259c\u0259yini g\u00f6zl\u0259m\u0259d\u0259n Qaraba\u011f strategiyas\u0131n\u0131 davam etdirir. Bu strategiya Az\u0259rbaycan ordusunu g\u00fccl\u0259ndirm\u0259k, yeni modern silahlar almaq v\u0259 bununla Erm\u0259nistan\u0131 z\u0259ifl\u0259tm\u0259kd\u0259n ibar\u0259tdir. R\u0259smi Bak\u0131 Erm\u0259nistan\u0131 orduya v\u0259 silah al\u0131\u015f\u0131na daha \u00e7ox pul x\u0259rcl\u0259m\u0259y\u0259 m\u0259cbur edir. Ba\u015fqa s\u00f6zl\u0259, \u0130lham \u018fliyevin Qaraba\u011fla ba\u011fl\u0131 haz\u0131rk\u0131 strategiyas\u0131 Erm\u0259nistan\u0131 yormaqdan ibar\u0259tdir. Y\u0259ni \u0259g\u0259r indiki \u015f\u0259rtl\u0259r daxilind\u0259 (Rusiya amili d\u0259 n\u0259z\u0259r\u0259 al\u0131naraq) m\u00fcharib\u0259 yolu il\u0259 Erm\u0259nistan\u0131 m\u0259\u011flub etm\u0259k m\u00fcmk\u00fcn deyils\u0259, he\u00e7 olmazsa i\u015f\u011fal\u00e7\u0131n\u0131n insan v\u0259 maliyy\u0259 itkil\u0259rinin artmas\u0131n\u0131 s\u00fcr\u0259tl\u0259ndirm\u0259k laz\u0131md\u0131r.\n<\/p>\n<p>\n  <b><br \/>\n    \u201cAtlas\u201d Ara\u015fd\u0131rmalar M\u0259rk\u0259zi<br \/>\n  <\/b><\/p>\n","protected":false},"excerpt":{"rendered":"<p>R\u0259smi Bak\u0131 \u00e7ox \u00fcmidlidir ki, Moskva Erm\u0259nistan hakimiyy\u0259tin\u0259 t\u0259sir ed\u0259c\u0259k<\/p>\n","protected":false},"author":11,"featured_media":96356,"comment_status":"closed","ping_status":"open","sticky":false,"template":"","format":"standard","meta":{"_acf_changed":false,"_sitemap_exclude":false,"_sitemap_priority":"","_sitemap_frequency":"","footnotes":""},"categories":[51],"tags":[],"class_list":["post-181031","post","type-post","status-publish","format-standard","has-post-thumbnail","hentry","category-analitika","infinite-scroll-item","generate-columns","tablet-grid-50","mobile-grid-100","grid-parent","grid-33","no-featured-image-padding"],"acf":[],"yoast_head":"<!-- This site is optimized with the Yoast SEO plugin v27.5 - https:\/\/yoast.com\/product\/yoast-seo-wordpress\/ -->\n<title>&#039;&#039;T\u00fcrk ax\u0131n\u0131&#039;&#039; Qaraba\u011f m\u00fcnaqi\u015f\u0259sinin h\u0259llini s\u00fcr\u0259tl\u0259ndir\u0259c\u0259kmi? - MEYDAN.TV<\/title>\n<meta name=\"robots\" content=\"index, follow, max-snippet:-1, max-image-preview:large, max-video-preview:-1\" \/>\n<link rel=\"canonical\" href=\"https:\/\/www.meydan.tv\/az\/article\/turk-axini-qarabag-munaqisesinin-hellini-suretlendirecekmi\/\" \/>\n<meta property=\"og:locale\" content=\"az_AZ\" \/>\n<meta property=\"og:type\" content=\"article\" \/>\n<meta property=\"og:title\" content=\"&#039;&#039;T\u00fcrk ax\u0131n\u0131&#039;&#039; Qaraba\u011f m\u00fcnaqi\u015f\u0259sinin h\u0259llini s\u00fcr\u0259tl\u0259ndir\u0259c\u0259kmi? - MEYDAN.TV\" \/>\n<meta property=\"og:description\" content=\"R\u0259smi Bak\u0131 \u00e7ox \u00fcmidlidir ki, Moskva Erm\u0259nistan hakimiyy\u0259tin\u0259 t\u0259sir ed\u0259c\u0259k\" \/>\n<meta property=\"og:url\" content=\"https:\/\/www.meydan.tv\/az\/article\/turk-axini-qarabag-munaqisesinin-hellini-suretlendirecekmi\/\" \/>\n<meta property=\"og:site_name\" content=\"MEYDAN.TV\" \/>\n<meta property=\"article:published_time\" content=\"2016-12-07T13:09:33+00:00\" \/>\n<meta property=\"og:image\" content=\"https:\/\/www.meydan.tv\/wp-content\/uploads\/28910.jpg\" \/>\n\t<meta property=\"og:image:width\" content=\"572\" \/>\n\t<meta property=\"og:image:height\" content=\"400\" \/>\n\t<meta property=\"og:image:type\" content=\"image\/jpeg\" \/>\n<meta name=\"author\" content=\"user-manager\" \/>\n<meta name=\"twitter:card\" content=\"summary_large_image\" \/>\n<script type=\"application\/ld+json\" class=\"yoast-schema-graph\">{\"@context\":\"https:\\\/\\\/schema.org\",\"@graph\":[{\"@type\":\"Article\",\"@id\":\"https:\\\/\\\/www.meydan.tv\\\/az\\\/article\\\/turk-axini-qarabag-munaqisesinin-hellini-suretlendirecekmi\\\/#article\",\"isPartOf\":{\"@id\":\"https:\\\/\\\/www.meydan.tv\\\/az\\\/article\\\/turk-axini-qarabag-munaqisesinin-hellini-suretlendirecekmi\\\/\"},\"author\":{\"name\":\"user-manager\",\"@id\":\"https:\\\/\\\/www.meydan.tv\\\/az\\\/#\\\/schema\\\/person\\\/10d11eccf6da3662cf5fdab9806ea91a\"},\"headline\":\"&#8221;T\u00fcrk ax\u0131n\u0131&#8221; Qaraba\u011f m\u00fcnaqi\u015f\u0259sinin h\u0259llini s\u00fcr\u0259tl\u0259ndir\u0259c\u0259kmi?\",\"datePublished\":\"2016-12-07T13:09:33+00:00\",\"mainEntityOfPage\":{\"@id\":\"https:\\\/\\\/www.meydan.tv\\\/az\\\/article\\\/turk-axini-qarabag-munaqisesinin-hellini-suretlendirecekmi\\\/\"},\"wordCount\":1299,\"publisher\":{\"@id\":\"https:\\\/\\\/www.meydan.tv\\\/az\\\/#organization\"},\"image\":{\"@id\":\"https:\\\/\\\/www.meydan.tv\\\/az\\\/article\\\/turk-axini-qarabag-munaqisesinin-hellini-suretlendirecekmi\\\/#primaryimage\"},\"thumbnailUrl\":\"https:\\\/\\\/www.meydan.tv\\\/wp-content\\\/uploads\\\/28910.jpg\",\"articleSection\":[\"Analitika\"],\"inLanguage\":\"az\"},{\"@type\":\"WebPage\",\"@id\":\"https:\\\/\\\/www.meydan.tv\\\/az\\\/article\\\/turk-axini-qarabag-munaqisesinin-hellini-suretlendirecekmi\\\/\",\"url\":\"https:\\\/\\\/www.meydan.tv\\\/az\\\/article\\\/turk-axini-qarabag-munaqisesinin-hellini-suretlendirecekmi\\\/\",\"name\":\"''T\u00fcrk ax\u0131n\u0131'' Qaraba\u011f m\u00fcnaqi\u015f\u0259sinin h\u0259llini s\u00fcr\u0259tl\u0259ndir\u0259c\u0259kmi? - MEYDAN.TV\",\"isPartOf\":{\"@id\":\"https:\\\/\\\/www.meydan.tv\\\/az\\\/#website\"},\"primaryImageOfPage\":{\"@id\":\"https:\\\/\\\/www.meydan.tv\\\/az\\\/article\\\/turk-axini-qarabag-munaqisesinin-hellini-suretlendirecekmi\\\/#primaryimage\"},\"image\":{\"@id\":\"https:\\\/\\\/www.meydan.tv\\\/az\\\/article\\\/turk-axini-qarabag-munaqisesinin-hellini-suretlendirecekmi\\\/#primaryimage\"},\"thumbnailUrl\":\"https:\\\/\\\/www.meydan.tv\\\/wp-content\\\/uploads\\\/28910.jpg\",\"datePublished\":\"2016-12-07T13:09:33+00:00\",\"breadcrumb\":{\"@id\":\"https:\\\/\\\/www.meydan.tv\\\/az\\\/article\\\/turk-axini-qarabag-munaqisesinin-hellini-suretlendirecekmi\\\/#breadcrumb\"},\"inLanguage\":\"az\",\"potentialAction\":[{\"@type\":\"ReadAction\",\"target\":[\"https:\\\/\\\/www.meydan.tv\\\/az\\\/article\\\/turk-axini-qarabag-munaqisesinin-hellini-suretlendirecekmi\\\/\"]}]},{\"@type\":\"ImageObject\",\"inLanguage\":\"az\",\"@id\":\"https:\\\/\\\/www.meydan.tv\\\/az\\\/article\\\/turk-axini-qarabag-munaqisesinin-hellini-suretlendirecekmi\\\/#primaryimage\",\"url\":\"https:\\\/\\\/www.meydan.tv\\\/wp-content\\\/uploads\\\/28910.jpg\",\"contentUrl\":\"https:\\\/\\\/www.meydan.tv\\\/wp-content\\\/uploads\\\/28910.jpg\",\"width\":572,\"height\":400,\"caption\":\"Source:\"},{\"@type\":\"BreadcrumbList\",\"@id\":\"https:\\\/\\\/www.meydan.tv\\\/az\\\/article\\\/turk-axini-qarabag-munaqisesinin-hellini-suretlendirecekmi\\\/#breadcrumb\",\"itemListElement\":[{\"@type\":\"ListItem\",\"position\":1,\"name\":\"Ana s\u0259hif\u0259\",\"item\":\"https:\\\/\\\/www.meydan.tv\\\/az\\\/\"},{\"@type\":\"ListItem\",\"position\":2,\"name\":\"Analitika\",\"item\":\"https:\\\/\\\/www.meydan.tv\\\/az\\\/section\\\/analitika\\\/\"},{\"@type\":\"ListItem\",\"position\":3,\"name\":\"&#8221;T\u00fcrk ax\u0131n\u0131&#8221; Qaraba\u011f m\u00fcnaqi\u015f\u0259sinin h\u0259llini s\u00fcr\u0259tl\u0259ndir\u0259c\u0259kmi?\"}]},{\"@type\":\"WebSite\",\"@id\":\"https:\\\/\\\/www.meydan.tv\\\/az\\\/#website\",\"url\":\"https:\\\/\\\/www.meydan.tv\\\/az\\\/\",\"name\":\"MEYDAN.TV\",\"description\":\"Meydan TV Az\u0259rbaycan\u0131n media m\u0259kan\u0131ndak\u0131 alternativ s\u0259sidir\",\"publisher\":{\"@id\":\"https:\\\/\\\/www.meydan.tv\\\/az\\\/#organization\"},\"potentialAction\":[{\"@type\":\"SearchAction\",\"target\":{\"@type\":\"EntryPoint\",\"urlTemplate\":\"https:\\\/\\\/www.meydan.tv\\\/az\\\/?s={search_term_string}\"},\"query-input\":{\"@type\":\"PropertyValueSpecification\",\"valueRequired\":true,\"valueName\":\"search_term_string\"}}],\"inLanguage\":\"az\"},{\"@type\":\"Organization\",\"@id\":\"https:\\\/\\\/www.meydan.tv\\\/az\\\/#organization\",\"name\":\"Meydan TV\",\"url\":\"https:\\\/\\\/www.meydan.tv\\\/az\\\/\",\"logo\":{\"@type\":\"ImageObject\",\"inLanguage\":\"az\",\"@id\":\"https:\\\/\\\/www.meydan.tv\\\/az\\\/#\\\/schema\\\/logo\\\/image\\\/\",\"url\":\"https:\\\/\\\/www.meydan.tv\\\/wp-content\\\/uploads\\\/2021\\\/07\\\/meydan-logo.svg\",\"contentUrl\":\"https:\\\/\\\/www.meydan.tv\\\/wp-content\\\/uploads\\\/2021\\\/07\\\/meydan-logo.svg\",\"width\":195,\"height\":46,\"caption\":\"Meydan TV\"},\"image\":{\"@id\":\"https:\\\/\\\/www.meydan.tv\\\/az\\\/#\\\/schema\\\/logo\\\/image\\\/\"}},{\"@type\":\"Person\",\"@id\":\"https:\\\/\\\/www.meydan.tv\\\/az\\\/#\\\/schema\\\/person\\\/10d11eccf6da3662cf5fdab9806ea91a\",\"name\":\"user-manager\"}]}<\/script>\n<!-- \/ Yoast SEO plugin. -->","yoast_head_json":{"title":"''T\u00fcrk ax\u0131n\u0131'' Qaraba\u011f m\u00fcnaqi\u015f\u0259sinin h\u0259llini s\u00fcr\u0259tl\u0259ndir\u0259c\u0259kmi? - MEYDAN.TV","robots":{"index":"index","follow":"follow","max-snippet":"max-snippet:-1","max-image-preview":"max-image-preview:large","max-video-preview":"max-video-preview:-1"},"canonical":"https:\/\/www.meydan.tv\/az\/article\/turk-axini-qarabag-munaqisesinin-hellini-suretlendirecekmi\/","og_locale":"az_AZ","og_type":"article","og_title":"''T\u00fcrk ax\u0131n\u0131'' Qaraba\u011f m\u00fcnaqi\u015f\u0259sinin h\u0259llini s\u00fcr\u0259tl\u0259ndir\u0259c\u0259kmi? - MEYDAN.TV","og_description":"R\u0259smi Bak\u0131 \u00e7ox \u00fcmidlidir ki, Moskva Erm\u0259nistan hakimiyy\u0259tin\u0259 t\u0259sir ed\u0259c\u0259k","og_url":"https:\/\/www.meydan.tv\/az\/article\/turk-axini-qarabag-munaqisesinin-hellini-suretlendirecekmi\/","og_site_name":"MEYDAN.TV","article_published_time":"2016-12-07T13:09:33+00:00","og_image":[{"width":572,"height":400,"url":"https:\/\/www.meydan.tv\/wp-content\/uploads\/28910.jpg","type":"image\/jpeg"}],"author":"user-manager","twitter_card":"summary_large_image","schema":{"@context":"https:\/\/schema.org","@graph":[{"@type":"Article","@id":"https:\/\/www.meydan.tv\/az\/article\/turk-axini-qarabag-munaqisesinin-hellini-suretlendirecekmi\/#article","isPartOf":{"@id":"https:\/\/www.meydan.tv\/az\/article\/turk-axini-qarabag-munaqisesinin-hellini-suretlendirecekmi\/"},"author":{"name":"user-manager","@id":"https:\/\/www.meydan.tv\/az\/#\/schema\/person\/10d11eccf6da3662cf5fdab9806ea91a"},"headline":"&#8221;T\u00fcrk ax\u0131n\u0131&#8221; Qaraba\u011f m\u00fcnaqi\u015f\u0259sinin h\u0259llini s\u00fcr\u0259tl\u0259ndir\u0259c\u0259kmi?","datePublished":"2016-12-07T13:09:33+00:00","mainEntityOfPage":{"@id":"https:\/\/www.meydan.tv\/az\/article\/turk-axini-qarabag-munaqisesinin-hellini-suretlendirecekmi\/"},"wordCount":1299,"publisher":{"@id":"https:\/\/www.meydan.tv\/az\/#organization"},"image":{"@id":"https:\/\/www.meydan.tv\/az\/article\/turk-axini-qarabag-munaqisesinin-hellini-suretlendirecekmi\/#primaryimage"},"thumbnailUrl":"https:\/\/www.meydan.tv\/wp-content\/uploads\/28910.jpg","articleSection":["Analitika"],"inLanguage":"az"},{"@type":"WebPage","@id":"https:\/\/www.meydan.tv\/az\/article\/turk-axini-qarabag-munaqisesinin-hellini-suretlendirecekmi\/","url":"https:\/\/www.meydan.tv\/az\/article\/turk-axini-qarabag-munaqisesinin-hellini-suretlendirecekmi\/","name":"''T\u00fcrk ax\u0131n\u0131'' Qaraba\u011f m\u00fcnaqi\u015f\u0259sinin h\u0259llini s\u00fcr\u0259tl\u0259ndir\u0259c\u0259kmi? - MEYDAN.TV","isPartOf":{"@id":"https:\/\/www.meydan.tv\/az\/#website"},"primaryImageOfPage":{"@id":"https:\/\/www.meydan.tv\/az\/article\/turk-axini-qarabag-munaqisesinin-hellini-suretlendirecekmi\/#primaryimage"},"image":{"@id":"https:\/\/www.meydan.tv\/az\/article\/turk-axini-qarabag-munaqisesinin-hellini-suretlendirecekmi\/#primaryimage"},"thumbnailUrl":"https:\/\/www.meydan.tv\/wp-content\/uploads\/28910.jpg","datePublished":"2016-12-07T13:09:33+00:00","breadcrumb":{"@id":"https:\/\/www.meydan.tv\/az\/article\/turk-axini-qarabag-munaqisesinin-hellini-suretlendirecekmi\/#breadcrumb"},"inLanguage":"az","potentialAction":[{"@type":"ReadAction","target":["https:\/\/www.meydan.tv\/az\/article\/turk-axini-qarabag-munaqisesinin-hellini-suretlendirecekmi\/"]}]},{"@type":"ImageObject","inLanguage":"az","@id":"https:\/\/www.meydan.tv\/az\/article\/turk-axini-qarabag-munaqisesinin-hellini-suretlendirecekmi\/#primaryimage","url":"https:\/\/www.meydan.tv\/wp-content\/uploads\/28910.jpg","contentUrl":"https:\/\/www.meydan.tv\/wp-content\/uploads\/28910.jpg","width":572,"height":400,"caption":"Source:"},{"@type":"BreadcrumbList","@id":"https:\/\/www.meydan.tv\/az\/article\/turk-axini-qarabag-munaqisesinin-hellini-suretlendirecekmi\/#breadcrumb","itemListElement":[{"@type":"ListItem","position":1,"name":"Ana s\u0259hif\u0259","item":"https:\/\/www.meydan.tv\/az\/"},{"@type":"ListItem","position":2,"name":"Analitika","item":"https:\/\/www.meydan.tv\/az\/section\/analitika\/"},{"@type":"ListItem","position":3,"name":"&#8221;T\u00fcrk ax\u0131n\u0131&#8221; Qaraba\u011f m\u00fcnaqi\u015f\u0259sinin h\u0259llini s\u00fcr\u0259tl\u0259ndir\u0259c\u0259kmi?"}]},{"@type":"WebSite","@id":"https:\/\/www.meydan.tv\/az\/#website","url":"https:\/\/www.meydan.tv\/az\/","name":"MEYDAN.TV","description":"Meydan TV Az\u0259rbaycan\u0131n media m\u0259kan\u0131ndak\u0131 alternativ s\u0259sidir","publisher":{"@id":"https:\/\/www.meydan.tv\/az\/#organization"},"potentialAction":[{"@type":"SearchAction","target":{"@type":"EntryPoint","urlTemplate":"https:\/\/www.meydan.tv\/az\/?s={search_term_string}"},"query-input":{"@type":"PropertyValueSpecification","valueRequired":true,"valueName":"search_term_string"}}],"inLanguage":"az"},{"@type":"Organization","@id":"https:\/\/www.meydan.tv\/az\/#organization","name":"Meydan TV","url":"https:\/\/www.meydan.tv\/az\/","logo":{"@type":"ImageObject","inLanguage":"az","@id":"https:\/\/www.meydan.tv\/az\/#\/schema\/logo\/image\/","url":"https:\/\/www.meydan.tv\/wp-content\/uploads\/2021\/07\/meydan-logo.svg","contentUrl":"https:\/\/www.meydan.tv\/wp-content\/uploads\/2021\/07\/meydan-logo.svg","width":195,"height":46,"caption":"Meydan TV"},"image":{"@id":"https:\/\/www.meydan.tv\/az\/#\/schema\/logo\/image\/"}},{"@type":"Person","@id":"https:\/\/www.meydan.tv\/az\/#\/schema\/person\/10d11eccf6da3662cf5fdab9806ea91a","name":"user-manager"}]}},"_links":{"self":[{"href":"https:\/\/www.meydan.tv\/az\/wp-json\/wp\/v2\/posts\/181031","targetHints":{"allow":["GET"]}}],"collection":[{"href":"https:\/\/www.meydan.tv\/az\/wp-json\/wp\/v2\/posts"}],"about":[{"href":"https:\/\/www.meydan.tv\/az\/wp-json\/wp\/v2\/types\/post"}],"author":[{"embeddable":true,"href":"https:\/\/www.meydan.tv\/az\/wp-json\/wp\/v2\/users\/11"}],"replies":[{"embeddable":true,"href":"https:\/\/www.meydan.tv\/az\/wp-json\/wp\/v2\/comments?post=181031"}],"version-history":[{"count":0,"href":"https:\/\/www.meydan.tv\/az\/wp-json\/wp\/v2\/posts\/181031\/revisions"}],"wp:featuredmedia":[{"embeddable":true,"href":"https:\/\/www.meydan.tv\/az\/wp-json\/wp\/v2\/media\/96356"}],"wp:attachment":[{"href":"https:\/\/www.meydan.tv\/az\/wp-json\/wp\/v2\/media?parent=181031"}],"wp:term":[{"taxonomy":"category","embeddable":true,"href":"https:\/\/www.meydan.tv\/az\/wp-json\/wp\/v2\/categories?post=181031"},{"taxonomy":"post_tag","embeddable":true,"href":"https:\/\/www.meydan.tv\/az\/wp-json\/wp\/v2\/tags?post=181031"}],"curies":[{"name":"wp","href":"https:\/\/api.w.org\/{rel}","templated":true}]}}