{"id":181020,"date":"2016-12-07T00:23:57","date_gmt":"2016-12-07T00:23:57","guid":{"rendered":"https:\/\/www.meydan.tv\/article\/qubad-ibadoglu-normativler-gercekliyin-telebi-nezere-alinmaqla-islenmelidir\/"},"modified":"2016-12-07T00:23:57","modified_gmt":"2016-12-07T00:23:57","slug":"qubad-ibadoglu-normativler-gercekliyin-telebi-nezere-alinmaqla-islenmelidir","status":"publish","type":"post","link":"https:\/\/www.meydan.tv\/az\/article\/qubad-ibadoglu-normativler-gercekliyin-telebi-nezere-alinmaqla-islenmelidir\/","title":{"rendered":"Qubad \u0130bado\u011flu: Normativl\u0259r ger\u00e7\u0259kliyin t\u0259l\u0259bi n\u0259z\u0259r\u0259 al\u0131nmaqla i\u015fl\u0259nm\u0259lidir"},"content":{"rendered":"<figure class=\"wp-block-image size-large\">\n  <img decoding=\"async\" src=\"https:\/\/www.meydan.tv\/az\/74154\/\" alt=\"\" class=\"wp-image-74154\"\/><figcaption><\/figcaption><\/figure>\n<p>\n  <i><br \/>\n    &#8221;T\u0259\u0259ss\u00fcf ki, b\u00fcdc\u0259 m\u00fczakir\u0259l\u0259rind\u0259 bu m\u0259s\u0259l\u0259l\u0259r diqq\u0259td\u0259n k\u0259narda qal\u0131r&#8221;<br \/>\n  <\/i>\n<\/p>\n<p>\n  \u201cB\u00fcdc\u0259 t\u0259\u015fkilatlar\u0131n\u0131n normativl\u0259ri: \u00e7aya 10, nahar yem\u0259yin\u0259 40, \u015fam yem\u0259yin\u0259 60, ziyaf\u0259t\u0259 adamba\u015f\u0131na 80 manata q\u0259d\u0259r v\u0259sait v\u0259 1173 xidm\u0259ti minik avtomobilin\u0259 ayda 2000 km y\u00fcr\u00fc\u015f. D\u00f6vl\u0259t b\u00fcdc\u0259sind\u0259 israf\u00e7\u0131l\u0131\u011f\u0131n qar\u015f\u0131s\u0131n\u0131 almaq \u00fc\u00e7\u00fcn, ilk n\u00f6vb\u0259d\u0259, t\u0259nziml\u0259yici normativl\u0259r haz\u0131rk\u0131 d\u00f6vr\u00fcn t\u0259l\u0259bl\u0259ri n\u0259z\u0259r\u0259 al\u0131nmaqla yenid\u0259n i\u015fl\u0259nm\u0259lidir. T\u0259\u0259ss\u00fcf ki, b\u00fcdc\u0259 m\u00fczakir\u0259l\u0259rind\u0259, el\u0259c\u0259 d\u0259 onun icras\u0131 v\u0259 icras\u0131na dair hesabat\u0131 d\u00f6vr\u00fcnd\u0259 bu m\u0259s\u0259l\u0259l\u0259r diqq\u0259td\u0259n k\u0259narda qal\u0131r\u201d.\n<\/p>\n<p>\n  Bunu iqtisad\u00e7\u0131 Qubad \u0130bado\u011flu \u00f6z \u201cFacebook\u201d s\u0259hif\u0259sind\u0259 yaz\u0131b.\n<\/p>\n<p>\n  \u0130qtisad\u00e7\u0131 bel\u0259 normativl\u0259rd\u0259n ikisin\u0259 diqq\u0259t \u00e7\u0259kib:\n<\/p>\n<p>\n  \u201c1. Az\u0259rbaycan Respublikas\u0131 Nazirl\u0259r Kabinetinin 2014-c\u00fc il 1 oktyabr tarixli 318 n\u00f6mr\u0259li q\u0259rar\u0131 il\u0259 t\u0259sdiq edilmi\u015f \u201cD\u00f6vl\u0259t b\u00fcdc\u0259sind\u0259n maliyy\u0259l\u0259\u015f\u0259n t\u0259\u015fkilatlar t\u0259r\u0259find\u0259n beyn\u0259lxalq v\u0259 \u00f6lk\u0259 s\u0259viyy\u0259li t\u0259dbirl\u0259r ke\u00e7irilm\u0259si il\u0259 ba\u011fl\u0131 \u00f6hd\u0259lik g\u00f6t\u00fcr\u00fclm\u0259si Qaydalar\u0131\u201dna edil\u0259n \u0259lav\u0259y\u0259 g\u00f6r\u0259, xarici \u00f6lk\u0259l\u0259rin n\u00fcmay\u0259nd\u0259 hey\u0259tl\u0259rinin v\u0259 r\u0259smi \u015f\u0259xsl\u0259rinin q\u0259bulu, onlara xidm\u0259t g\u00f6st\u0259rilm\u0259si \u00fc\u00e7\u00fcn b\u00fcdc\u0259 v\u0259saitl\u0259rinin x\u0259rc normalar\u0131 h\u0259r bir n\u0259f\u0259r \u00fc\u00e7\u00fcn dan\u0131\u015f\u0131qlar, m\u0259d\u0259ni t\u0259dbirl\u0259r zaman\u0131 \u00e7ay, q\u0259hv\u0259 fasil\u0259si zaman\u0131 10 manata q\u0259d\u0259r, nahar yem\u0259yi zaman\u0131 40 manata q\u0259d\u0259r, \u015fam yem\u0259yi zaman\u0131 60 manata q\u0259d\u0259r, ziyaf\u0259tl\u0259r zaman\u0131 80 manata q\u0259d\u0259r t\u0259sdiq edilib. Bununla yana\u015f\u0131, n\u00fcmay\u0259nd\u0259 hey\u0259tinin r\u0259hb\u0259ri \u00fc\u00e7\u00fcn d\u0259ft\u0259rxana x\u0259rcl\u0259ri \u00fc\u00e7\u00fcn 60 manata q\u0259d\u0259r, n\u00fcmay\u0259nd\u0259 hey\u0259tinin \u00fczvl\u0259ri \u00fc\u00e7\u00fcn 30 manata q\u0259d\u0259r \u0259lav\u0259 v\u0259sait ayr\u0131lmas\u0131na icaz\u0259 verilir. Bundan \u0259lav\u0259, Az\u0259rbaycan Respublikas\u0131n\u0131n tarixini v\u0259 m\u0259d\u0259niyy\u0259tini t\u0259c\u0259ss\u00fcm etdir\u0259n xatir\u0259 h\u0259diyy\u0259l\u0259rinin al\u0131nmas\u0131 x\u0259rcl\u0259ri n\u00fcmay\u0259nd\u0259 hey\u0259tinin r\u0259hb\u0259ri \u00fc\u00e7\u00fcn 100 manata q\u0259d\u0259r, n\u00fcmay\u0259nd\u0259 hey\u0259tinin \u00fczvl\u0259ri \u00fc\u00e7\u00fcn 50 manata q\u0259d\u0259r t\u0259sdiq edilib.\n<\/p>\n<p>\n  2. Az\u0259rbaycan Respublikas\u0131 Nazirl\u0259r Kabinetinin 18 iyul 2011-ci il tarixli 120 sayl\u0131 q\u0259rar\u0131 il\u0259 t\u0259sdiq edilmi\u015f \u201cAz\u0259rbaycan Respublikas\u0131nda d\u00f6vl\u0259t b\u00fcdc\u0259sind\u0259n maliyy\u0259l\u0259\u015f\u0259n idar\u0259, m\u00fc\u0259ssis\u0259 v\u0259 t\u0259\u015fkilatlarda n\u0259qliyyat vasit\u0259l\u0259rind\u0259n istifad\u0259 qaydalar\u0131n\u0131n t\u0259kmill\u0259\u015fdirilm\u0259si haqq\u0131nda\u201d Qaydalarla Az\u0259rbaycan Respublikas\u0131nda d\u00f6vl\u0259t b\u00fcdc\u0259sind\u0259n maliyy\u0259l\u0259\u015f\u0259n idar\u0259, m\u00fc\u0259ssis\u0259 v\u0259 t\u0259\u015fkilatlarda (h\u0259rbi qurumlar, milli t\u0259hl\u00fck\u0259sizlik, h\u00fcquq m\u00fchafiz\u0259 v\u0259 prokurorluq orqanlar\u0131nda x\u00fcsusi t\u0259yinatl\u0131 v\u0259 dig\u0259r avton\u0259qliyyat vasit\u0259l\u0259ri istisna olmaqla) xidm\u0259ti minik, x\u00fcsusi t\u0259yinatl\u0131 v\u0259 dig\u0259r avton\u0259qliyyat vasit\u0259l\u0259ri \u00fc\u00e7\u00fcn ayl\u0131q y\u00fcr\u00fc\u015f h\u0259ddi t\u0259nziml\u0259nir. Qaydalara g\u00f6r\u0259, xidm\u0259ti minik avtomobill\u0259ri \u00fc\u00e7\u00fcn ayl\u0131q y\u00fcr\u00fc\u015f normas\u0131 2000 km, qonaqlara xidm\u0259t ed\u0259n minik avtomobill\u0259ri \u00fc\u00e7\u00fcn 1000 km m\u00fc\u0259yy\u0259nl\u0259\u015fdirilib. Son m\u0259lumatlara g\u00f6r\u0259, \u00f6lk\u0259 \u00fczr\u0259 xidm\u0259ti minik avtomobill\u0259rin say\u0131 1173, aparat \u00fczr\u0259 olanlar\u0131n say\u0131 is\u0259 343-d\u00fcr. Avtomobill\u0259rin bir \u0259d\u0259di \u00fc\u00e7\u00fcn 100 km y\u00fcr\u00fc\u015f\u0259 g\u00f6r\u0259 yanacaq s\u0259rfi normas\u0131 h\u0259min avtomobill\u0259rin texniki g\u00f6st\u0259ricil\u0259rin\u0259 \u0259sas\u0259n, h\u0259r 100 km m\u0259saf\u0259y\u0259 g\u00f6r\u0259 istifad\u0259 olunan yanaca\u011f\u0131n miqdar\u0131na uy\u011fun olaraq m\u00fc\u0259yy\u0259n edilir. N\u0259z\u0259r\u0259 alsaq ki, xidm\u0259ti ma\u015f\u0131nlar\u0131n, x\u00fcsusil\u0259 d\u0259 aparata m\u0259xsus olanlar\u0131n b\u00f6y\u00fck \u0259ks\u0259riyy\u0259ti m\u00fch\u0259rrik g\u00fcc\u00fc yuxar\u0131d\u0131r, onda onlar\u0131n h\u0259r 100 km m\u0259saf\u0259y\u0259 g\u00f6r\u0259 yanacaq s\u0259rfi 20 litrd\u0259n \u00e7oxdur. Hesab edir\u0259m ki, n\u00f6vb\u0259ti ilin b\u00fcdc\u0259sinin icras\u0131 ba\u015flamam\u0131\u015fdan \u0259vv\u0259l x\u0259rcl\u0259rin t\u0259nziml\u0259yici normativl\u0259ri haz\u0131rk\u0131 iqtisadi ger\u00e7\u0259kliyin t\u0259l\u0259bl\u0259ri n\u0259z\u0259r\u0259 al\u0131nmaqla yenid\u0259n i\u015fl\u0259nilm\u0259lidir\u201d.<\/p>\n","protected":false},"excerpt":{"rendered":"<p>&#8221;T\u0259\u0259ss\u00fcf ki, b\u00fcdc\u0259 m\u00fczakir\u0259l\u0259rind\u0259 bu m\u0259s\u0259l\u0259l\u0259r diqq\u0259td\u0259n k\u0259narda qal\u0131r&#8221;<\/p>\n","protected":false},"author":11,"featured_media":74154,"comment_status":"closed","ping_status":"open","sticky":false,"template":"","format":"standard","meta":{"_acf_changed":false,"_sitemap_exclude":false,"_sitemap_priority":"","_sitemap_frequency":"","footnotes":""},"categories":[51],"tags":[],"class_list":["post-181020","post","type-post","status-publish","format-standard","has-post-thumbnail","hentry","category-analitika","infinite-scroll-item","generate-columns","tablet-grid-50","mobile-grid-100","grid-parent","grid-33","no-featured-image-padding"],"acf":[],"yoast_head":"<!-- This site is optimized with the Yoast SEO plugin v27.5 - https:\/\/yoast.com\/product\/yoast-seo-wordpress\/ -->\n<title>Qubad \u0130bado\u011flu: Normativl\u0259r ger\u00e7\u0259kliyin t\u0259l\u0259bi n\u0259z\u0259r\u0259 al\u0131nmaqla i\u015fl\u0259nm\u0259lidir - MEYDAN.TV<\/title>\n<meta name=\"robots\" content=\"index, follow, max-snippet:-1, max-image-preview:large, max-video-preview:-1\" \/>\n<link rel=\"canonical\" href=\"https:\/\/www.meydan.tv\/az\/article\/qubad-ibadoglu-normativler-gercekliyin-telebi-nezere-alinmaqla-islenmelidir\/\" \/>\n<meta property=\"og:locale\" content=\"az_AZ\" \/>\n<meta property=\"og:type\" content=\"article\" \/>\n<meta property=\"og:title\" content=\"Qubad \u0130bado\u011flu: Normativl\u0259r ger\u00e7\u0259kliyin t\u0259l\u0259bi n\u0259z\u0259r\u0259 al\u0131nmaqla i\u015fl\u0259nm\u0259lidir - MEYDAN.TV\" \/>\n<meta property=\"og:description\" content=\"&#039;&#039;T\u0259\u0259ss\u00fcf ki, b\u00fcdc\u0259 m\u00fczakir\u0259l\u0259rind\u0259 bu m\u0259s\u0259l\u0259l\u0259r diqq\u0259td\u0259n k\u0259narda qal\u0131r&#039;&#039;\" \/>\n<meta property=\"og:url\" content=\"https:\/\/www.meydan.tv\/az\/article\/qubad-ibadoglu-normativler-gercekliyin-telebi-nezere-alinmaqla-islenmelidir\/\" \/>\n<meta property=\"og:site_name\" content=\"MEYDAN.TV\" \/>\n<meta property=\"article:published_time\" content=\"2016-12-07T00:23:57+00:00\" \/>\n<meta property=\"og:image\" content=\"https:\/\/www.meydan.tv\/wp-content\/uploads\/28633.jpg\" \/>\n\t<meta property=\"og:image:width\" content=\"720\" \/>\n\t<meta property=\"og:image:height\" content=\"400\" \/>\n\t<meta property=\"og:image:type\" content=\"image\/jpeg\" \/>\n<meta name=\"author\" content=\"user-manager\" \/>\n<meta name=\"twitter:card\" content=\"summary_large_image\" \/>\n<script type=\"application\/ld+json\" class=\"yoast-schema-graph\">{\"@context\":\"https:\\\/\\\/schema.org\",\"@graph\":[{\"@type\":\"Article\",\"@id\":\"https:\\\/\\\/www.meydan.tv\\\/az\\\/article\\\/qubad-ibadoglu-normativler-gercekliyin-telebi-nezere-alinmaqla-islenmelidir\\\/#article\",\"isPartOf\":{\"@id\":\"https:\\\/\\\/www.meydan.tv\\\/az\\\/article\\\/qubad-ibadoglu-normativler-gercekliyin-telebi-nezere-alinmaqla-islenmelidir\\\/\"},\"author\":{\"name\":\"user-manager\",\"@id\":\"https:\\\/\\\/www.meydan.tv\\\/az\\\/#\\\/schema\\\/person\\\/10d11eccf6da3662cf5fdab9806ea91a\"},\"headline\":\"Qubad \u0130bado\u011flu: Normativl\u0259r ger\u00e7\u0259kliyin t\u0259l\u0259bi n\u0259z\u0259r\u0259 al\u0131nmaqla i\u015fl\u0259nm\u0259lidir\",\"datePublished\":\"2016-12-07T00:23:57+00:00\",\"mainEntityOfPage\":{\"@id\":\"https:\\\/\\\/www.meydan.tv\\\/az\\\/article\\\/qubad-ibadoglu-normativler-gercekliyin-telebi-nezere-alinmaqla-islenmelidir\\\/\"},\"wordCount\":747,\"publisher\":{\"@id\":\"https:\\\/\\\/www.meydan.tv\\\/az\\\/#organization\"},\"image\":{\"@id\":\"https:\\\/\\\/www.meydan.tv\\\/az\\\/article\\\/qubad-ibadoglu-normativler-gercekliyin-telebi-nezere-alinmaqla-islenmelidir\\\/#primaryimage\"},\"thumbnailUrl\":\"https:\\\/\\\/www.meydan.tv\\\/wp-content\\\/uploads\\\/28633.jpg\",\"articleSection\":[\"Analitika\"],\"inLanguage\":\"az\"},{\"@type\":\"WebPage\",\"@id\":\"https:\\\/\\\/www.meydan.tv\\\/az\\\/article\\\/qubad-ibadoglu-normativler-gercekliyin-telebi-nezere-alinmaqla-islenmelidir\\\/\",\"url\":\"https:\\\/\\\/www.meydan.tv\\\/az\\\/article\\\/qubad-ibadoglu-normativler-gercekliyin-telebi-nezere-alinmaqla-islenmelidir\\\/\",\"name\":\"Qubad \u0130bado\u011flu: Normativl\u0259r ger\u00e7\u0259kliyin t\u0259l\u0259bi n\u0259z\u0259r\u0259 al\u0131nmaqla i\u015fl\u0259nm\u0259lidir - MEYDAN.TV\",\"isPartOf\":{\"@id\":\"https:\\\/\\\/www.meydan.tv\\\/az\\\/#website\"},\"primaryImageOfPage\":{\"@id\":\"https:\\\/\\\/www.meydan.tv\\\/az\\\/article\\\/qubad-ibadoglu-normativler-gercekliyin-telebi-nezere-alinmaqla-islenmelidir\\\/#primaryimage\"},\"image\":{\"@id\":\"https:\\\/\\\/www.meydan.tv\\\/az\\\/article\\\/qubad-ibadoglu-normativler-gercekliyin-telebi-nezere-alinmaqla-islenmelidir\\\/#primaryimage\"},\"thumbnailUrl\":\"https:\\\/\\\/www.meydan.tv\\\/wp-content\\\/uploads\\\/28633.jpg\",\"datePublished\":\"2016-12-07T00:23:57+00:00\",\"breadcrumb\":{\"@id\":\"https:\\\/\\\/www.meydan.tv\\\/az\\\/article\\\/qubad-ibadoglu-normativler-gercekliyin-telebi-nezere-alinmaqla-islenmelidir\\\/#breadcrumb\"},\"inLanguage\":\"az\",\"potentialAction\":[{\"@type\":\"ReadAction\",\"target\":[\"https:\\\/\\\/www.meydan.tv\\\/az\\\/article\\\/qubad-ibadoglu-normativler-gercekliyin-telebi-nezere-alinmaqla-islenmelidir\\\/\"]}]},{\"@type\":\"ImageObject\",\"inLanguage\":\"az\",\"@id\":\"https:\\\/\\\/www.meydan.tv\\\/az\\\/article\\\/qubad-ibadoglu-normativler-gercekliyin-telebi-nezere-alinmaqla-islenmelidir\\\/#primaryimage\",\"url\":\"https:\\\/\\\/www.meydan.tv\\\/wp-content\\\/uploads\\\/28633.jpg\",\"contentUrl\":\"https:\\\/\\\/www.meydan.tv\\\/wp-content\\\/uploads\\\/28633.jpg\",\"width\":720,\"height\":400,\"caption\":\"Source:\"},{\"@type\":\"BreadcrumbList\",\"@id\":\"https:\\\/\\\/www.meydan.tv\\\/az\\\/article\\\/qubad-ibadoglu-normativler-gercekliyin-telebi-nezere-alinmaqla-islenmelidir\\\/#breadcrumb\",\"itemListElement\":[{\"@type\":\"ListItem\",\"position\":1,\"name\":\"Ana s\u0259hif\u0259\",\"item\":\"https:\\\/\\\/www.meydan.tv\\\/az\\\/\"},{\"@type\":\"ListItem\",\"position\":2,\"name\":\"Analitika\",\"item\":\"https:\\\/\\\/www.meydan.tv\\\/az\\\/section\\\/analitika\\\/\"},{\"@type\":\"ListItem\",\"position\":3,\"name\":\"Qubad \u0130bado\u011flu: Normativl\u0259r ger\u00e7\u0259kliyin t\u0259l\u0259bi n\u0259z\u0259r\u0259 al\u0131nmaqla i\u015fl\u0259nm\u0259lidir\"}]},{\"@type\":\"WebSite\",\"@id\":\"https:\\\/\\\/www.meydan.tv\\\/az\\\/#website\",\"url\":\"https:\\\/\\\/www.meydan.tv\\\/az\\\/\",\"name\":\"MEYDAN.TV\",\"description\":\"Meydan TV Az\u0259rbaycan\u0131n media m\u0259kan\u0131ndak\u0131 alternativ s\u0259sidir\",\"publisher\":{\"@id\":\"https:\\\/\\\/www.meydan.tv\\\/az\\\/#organization\"},\"potentialAction\":[{\"@type\":\"SearchAction\",\"target\":{\"@type\":\"EntryPoint\",\"urlTemplate\":\"https:\\\/\\\/www.meydan.tv\\\/az\\\/?s={search_term_string}\"},\"query-input\":{\"@type\":\"PropertyValueSpecification\",\"valueRequired\":true,\"valueName\":\"search_term_string\"}}],\"inLanguage\":\"az\"},{\"@type\":\"Organization\",\"@id\":\"https:\\\/\\\/www.meydan.tv\\\/az\\\/#organization\",\"name\":\"Meydan TV\",\"url\":\"https:\\\/\\\/www.meydan.tv\\\/az\\\/\",\"logo\":{\"@type\":\"ImageObject\",\"inLanguage\":\"az\",\"@id\":\"https:\\\/\\\/www.meydan.tv\\\/az\\\/#\\\/schema\\\/logo\\\/image\\\/\",\"url\":\"https:\\\/\\\/www.meydan.tv\\\/wp-content\\\/uploads\\\/2021\\\/07\\\/meydan-logo.svg\",\"contentUrl\":\"https:\\\/\\\/www.meydan.tv\\\/wp-content\\\/uploads\\\/2021\\\/07\\\/meydan-logo.svg\",\"width\":195,\"height\":46,\"caption\":\"Meydan TV\"},\"image\":{\"@id\":\"https:\\\/\\\/www.meydan.tv\\\/az\\\/#\\\/schema\\\/logo\\\/image\\\/\"}},{\"@type\":\"Person\",\"@id\":\"https:\\\/\\\/www.meydan.tv\\\/az\\\/#\\\/schema\\\/person\\\/10d11eccf6da3662cf5fdab9806ea91a\",\"name\":\"user-manager\"}]}<\/script>\n<!-- \/ Yoast SEO plugin. -->","yoast_head_json":{"title":"Qubad \u0130bado\u011flu: Normativl\u0259r ger\u00e7\u0259kliyin t\u0259l\u0259bi n\u0259z\u0259r\u0259 al\u0131nmaqla i\u015fl\u0259nm\u0259lidir - MEYDAN.TV","robots":{"index":"index","follow":"follow","max-snippet":"max-snippet:-1","max-image-preview":"max-image-preview:large","max-video-preview":"max-video-preview:-1"},"canonical":"https:\/\/www.meydan.tv\/az\/article\/qubad-ibadoglu-normativler-gercekliyin-telebi-nezere-alinmaqla-islenmelidir\/","og_locale":"az_AZ","og_type":"article","og_title":"Qubad \u0130bado\u011flu: Normativl\u0259r ger\u00e7\u0259kliyin t\u0259l\u0259bi n\u0259z\u0259r\u0259 al\u0131nmaqla i\u015fl\u0259nm\u0259lidir - MEYDAN.TV","og_description":"''T\u0259\u0259ss\u00fcf ki, b\u00fcdc\u0259 m\u00fczakir\u0259l\u0259rind\u0259 bu m\u0259s\u0259l\u0259l\u0259r diqq\u0259td\u0259n k\u0259narda qal\u0131r''","og_url":"https:\/\/www.meydan.tv\/az\/article\/qubad-ibadoglu-normativler-gercekliyin-telebi-nezere-alinmaqla-islenmelidir\/","og_site_name":"MEYDAN.TV","article_published_time":"2016-12-07T00:23:57+00:00","og_image":[{"width":720,"height":400,"url":"https:\/\/www.meydan.tv\/wp-content\/uploads\/28633.jpg","type":"image\/jpeg"}],"author":"user-manager","twitter_card":"summary_large_image","schema":{"@context":"https:\/\/schema.org","@graph":[{"@type":"Article","@id":"https:\/\/www.meydan.tv\/az\/article\/qubad-ibadoglu-normativler-gercekliyin-telebi-nezere-alinmaqla-islenmelidir\/#article","isPartOf":{"@id":"https:\/\/www.meydan.tv\/az\/article\/qubad-ibadoglu-normativler-gercekliyin-telebi-nezere-alinmaqla-islenmelidir\/"},"author":{"name":"user-manager","@id":"https:\/\/www.meydan.tv\/az\/#\/schema\/person\/10d11eccf6da3662cf5fdab9806ea91a"},"headline":"Qubad \u0130bado\u011flu: Normativl\u0259r ger\u00e7\u0259kliyin t\u0259l\u0259bi n\u0259z\u0259r\u0259 al\u0131nmaqla i\u015fl\u0259nm\u0259lidir","datePublished":"2016-12-07T00:23:57+00:00","mainEntityOfPage":{"@id":"https:\/\/www.meydan.tv\/az\/article\/qubad-ibadoglu-normativler-gercekliyin-telebi-nezere-alinmaqla-islenmelidir\/"},"wordCount":747,"publisher":{"@id":"https:\/\/www.meydan.tv\/az\/#organization"},"image":{"@id":"https:\/\/www.meydan.tv\/az\/article\/qubad-ibadoglu-normativler-gercekliyin-telebi-nezere-alinmaqla-islenmelidir\/#primaryimage"},"thumbnailUrl":"https:\/\/www.meydan.tv\/wp-content\/uploads\/28633.jpg","articleSection":["Analitika"],"inLanguage":"az"},{"@type":"WebPage","@id":"https:\/\/www.meydan.tv\/az\/article\/qubad-ibadoglu-normativler-gercekliyin-telebi-nezere-alinmaqla-islenmelidir\/","url":"https:\/\/www.meydan.tv\/az\/article\/qubad-ibadoglu-normativler-gercekliyin-telebi-nezere-alinmaqla-islenmelidir\/","name":"Qubad \u0130bado\u011flu: Normativl\u0259r ger\u00e7\u0259kliyin t\u0259l\u0259bi n\u0259z\u0259r\u0259 al\u0131nmaqla i\u015fl\u0259nm\u0259lidir - MEYDAN.TV","isPartOf":{"@id":"https:\/\/www.meydan.tv\/az\/#website"},"primaryImageOfPage":{"@id":"https:\/\/www.meydan.tv\/az\/article\/qubad-ibadoglu-normativler-gercekliyin-telebi-nezere-alinmaqla-islenmelidir\/#primaryimage"},"image":{"@id":"https:\/\/www.meydan.tv\/az\/article\/qubad-ibadoglu-normativler-gercekliyin-telebi-nezere-alinmaqla-islenmelidir\/#primaryimage"},"thumbnailUrl":"https:\/\/www.meydan.tv\/wp-content\/uploads\/28633.jpg","datePublished":"2016-12-07T00:23:57+00:00","breadcrumb":{"@id":"https:\/\/www.meydan.tv\/az\/article\/qubad-ibadoglu-normativler-gercekliyin-telebi-nezere-alinmaqla-islenmelidir\/#breadcrumb"},"inLanguage":"az","potentialAction":[{"@type":"ReadAction","target":["https:\/\/www.meydan.tv\/az\/article\/qubad-ibadoglu-normativler-gercekliyin-telebi-nezere-alinmaqla-islenmelidir\/"]}]},{"@type":"ImageObject","inLanguage":"az","@id":"https:\/\/www.meydan.tv\/az\/article\/qubad-ibadoglu-normativler-gercekliyin-telebi-nezere-alinmaqla-islenmelidir\/#primaryimage","url":"https:\/\/www.meydan.tv\/wp-content\/uploads\/28633.jpg","contentUrl":"https:\/\/www.meydan.tv\/wp-content\/uploads\/28633.jpg","width":720,"height":400,"caption":"Source:"},{"@type":"BreadcrumbList","@id":"https:\/\/www.meydan.tv\/az\/article\/qubad-ibadoglu-normativler-gercekliyin-telebi-nezere-alinmaqla-islenmelidir\/#breadcrumb","itemListElement":[{"@type":"ListItem","position":1,"name":"Ana s\u0259hif\u0259","item":"https:\/\/www.meydan.tv\/az\/"},{"@type":"ListItem","position":2,"name":"Analitika","item":"https:\/\/www.meydan.tv\/az\/section\/analitika\/"},{"@type":"ListItem","position":3,"name":"Qubad \u0130bado\u011flu: Normativl\u0259r ger\u00e7\u0259kliyin t\u0259l\u0259bi n\u0259z\u0259r\u0259 al\u0131nmaqla i\u015fl\u0259nm\u0259lidir"}]},{"@type":"WebSite","@id":"https:\/\/www.meydan.tv\/az\/#website","url":"https:\/\/www.meydan.tv\/az\/","name":"MEYDAN.TV","description":"Meydan TV Az\u0259rbaycan\u0131n media m\u0259kan\u0131ndak\u0131 alternativ s\u0259sidir","publisher":{"@id":"https:\/\/www.meydan.tv\/az\/#organization"},"potentialAction":[{"@type":"SearchAction","target":{"@type":"EntryPoint","urlTemplate":"https:\/\/www.meydan.tv\/az\/?s={search_term_string}"},"query-input":{"@type":"PropertyValueSpecification","valueRequired":true,"valueName":"search_term_string"}}],"inLanguage":"az"},{"@type":"Organization","@id":"https:\/\/www.meydan.tv\/az\/#organization","name":"Meydan TV","url":"https:\/\/www.meydan.tv\/az\/","logo":{"@type":"ImageObject","inLanguage":"az","@id":"https:\/\/www.meydan.tv\/az\/#\/schema\/logo\/image\/","url":"https:\/\/www.meydan.tv\/wp-content\/uploads\/2021\/07\/meydan-logo.svg","contentUrl":"https:\/\/www.meydan.tv\/wp-content\/uploads\/2021\/07\/meydan-logo.svg","width":195,"height":46,"caption":"Meydan TV"},"image":{"@id":"https:\/\/www.meydan.tv\/az\/#\/schema\/logo\/image\/"}},{"@type":"Person","@id":"https:\/\/www.meydan.tv\/az\/#\/schema\/person\/10d11eccf6da3662cf5fdab9806ea91a","name":"user-manager"}]}},"_links":{"self":[{"href":"https:\/\/www.meydan.tv\/az\/wp-json\/wp\/v2\/posts\/181020","targetHints":{"allow":["GET"]}}],"collection":[{"href":"https:\/\/www.meydan.tv\/az\/wp-json\/wp\/v2\/posts"}],"about":[{"href":"https:\/\/www.meydan.tv\/az\/wp-json\/wp\/v2\/types\/post"}],"author":[{"embeddable":true,"href":"https:\/\/www.meydan.tv\/az\/wp-json\/wp\/v2\/users\/11"}],"replies":[{"embeddable":true,"href":"https:\/\/www.meydan.tv\/az\/wp-json\/wp\/v2\/comments?post=181020"}],"version-history":[{"count":0,"href":"https:\/\/www.meydan.tv\/az\/wp-json\/wp\/v2\/posts\/181020\/revisions"}],"wp:featuredmedia":[{"embeddable":true,"href":"https:\/\/www.meydan.tv\/az\/wp-json\/wp\/v2\/media\/74154"}],"wp:attachment":[{"href":"https:\/\/www.meydan.tv\/az\/wp-json\/wp\/v2\/media?parent=181020"}],"wp:term":[{"taxonomy":"category","embeddable":true,"href":"https:\/\/www.meydan.tv\/az\/wp-json\/wp\/v2\/categories?post=181020"},{"taxonomy":"post_tag","embeddable":true,"href":"https:\/\/www.meydan.tv\/az\/wp-json\/wp\/v2\/tags?post=181020"}],"curies":[{"name":"wp","href":"https:\/\/api.w.org\/{rel}","templated":true}]}}