{"id":180996,"date":"2016-12-05T18:47:48","date_gmt":"2016-12-05T18:47:48","guid":{"rendered":"https:\/\/www.meydan.tv\/article\/bahar-muradova-heyecan-siqnali-verib\/"},"modified":"2016-12-05T18:47:48","modified_gmt":"2016-12-05T18:47:48","slug":"bahar-muradova-heyecan-siqnali-verib","status":"publish","type":"post","link":"https:\/\/www.meydan.tv\/az\/article\/bahar-muradova-heyecan-siqnali-verib\/","title":{"rendered":"&#8221;Bahar Muradova h\u0259y\u0259can siqnal\u0131 verib&#8221;"},"content":{"rendered":"<figure class=\"wp-block-image size-large\">\n  <img decoding=\"async\" src=\"https:\/\/www.meydan.tv\/az\/qurban-memmedov-foto-sosial-sebeke\/\" alt=\"Qurban M\u0259mm\u0259dov foto sosial \u015f\u0259b\u0259k\u0259\" class=\"wp-image-74721\"\/><figcaption>\n    Qurban M\u0259mm\u0259dov foto sosial \u015f\u0259b\u0259k\u0259<br \/>\n  <\/figcaption><\/figure>\n<figure class=\"wp-block-image size-large\">\n  <img decoding=\"async\" src=\"https:\/\/www.meydan.tv\/az\/qurban-memmedov-foto-sosial-sebeke\/\" alt=\"Qurban M\u0259mm\u0259dov foto sosial \u015f\u0259b\u0259k\u0259\" class=\"wp-image-74721\"\/><figcaption>\n    Qurban M\u0259mm\u0259dov foto sosial \u015f\u0259b\u0259k\u0259<br \/>\n  <\/figcaption><\/figure>\n<p>\n  <i><br \/>\n    Qurban M\u0259mm\u0259dov: &#8221;Mill\u0259ti oyatmaq \u00fc\u00e7\u00fcn onun da \u0259lind\u0259n bu c\u00fcr dan\u0131\u015fmaq g\u0259lir&#8221;<br \/>\n  <\/i>\n<\/p>\n<p>\n  <i><br \/>\n    M\u0259h\u0259mm\u0259d Tal\u0131bl\u0131: &#8221;Bahal\u0131 yar\u0131\u015flar v\u0259 populist layih\u0259l\u0259r q\u0259na\u0259t olunas\u0131 \u0259sas maliyy\u0259 h\u0259lq\u0259l\u0259ri idi&#8221;<br \/>\n  <\/i>\n<\/p>\n<p>\n  <br \/>\n  V\u0259kil Qurban M\u0259mm\u0259dov Milli M\u0259clisin vitse-spikeri Bahar Muradovaya minn\u0259tdarl\u0131\u011f\u0131n\u0131 bildirib.\n<\/p>\n<p>\n  O, Meydan TV-y\u0259 deyib ki, Bahar Muradova m\u0259lum \u00e7\u0131x\u0131\u015f\u0131 il\u0259 s\u0259tiralt\u0131 da olsa, Az\u0259rbaycan xalq\u0131na g\u00f6zl\u0259nil\u0259n sosial v\u0259ziyy\u0259tin a\u011f\u0131rl\u0131\u011f\u0131n\u0131 \u00e7atd\u0131r\u0131b:\n<\/p>\n<p>\n  &#8220;Vitse-spiker Bahar Muradova dem\u0259k ist\u0259yib ki, ay mill\u0259t, bilin v\u0259 agah olun, onlar m\u00f6vcud hakimiyy\u0259tin \u00f6hd\u0259sind\u0259n g\u0259l\u0259 bilmirl\u0259r, qar\u015f\u0131dak\u0131 ill\u0259rd\u0259 is\u0259 xalq\u0131 faci\u0259 g\u00f6zl\u0259yir. Bahar xan\u0131m h\u0259yacan siqnal\u0131 ver\u0259r\u0259k, kas\u0131bl\u0131\u011fa al\u0131\u015fma\u011f\u0131 t\u00f6vsiy\u0259 edir. Mill\u0259ti oyatmaq \u00fc\u00e7\u00fcn onun da \u0259lind\u0259n bu c\u00fcr dan\u0131\u015fmaq g\u0259lir&#8221;.\n<\/p>\n<p>\n  V\u0259kil bildirib ki, Az\u0259rbaycan xalq\u0131 art\u0131q 5-6 ildir yor\u011fans\u0131zd\u0131r: &#8220;M\u0259g\u0259r, mill\u0259tin yor\u011fan\u0131 var ki, aya\u011f\u0131n\u0131 da uzats\u0131n? Camaat ac\u0131ndan \u00f6l\u00fcr, g\u00f6mr\u00fckd\u0259 el\u0259 faiz qoyublar ki, ticar\u0259t\u00e7il\u0259r \u0259vv\u0259lki monopoliyaya dua etsin. M\u0259qs\u0259dl\u0259ri d\u0259 monopolist cinay\u0259tkarl\u0131\u011fa qay\u0131tmaqd\u0131r. Haz\u0131rda \u00f6lk\u0259d\u0259 maliyy\u0259 sistemi \u00e7\u00f6k\u00fcb, yerli valyuta h\u0259r g\u00fcn d\u0259y\u0259rini itirir v\u0259 bunlara r\u0259\u011fm\u0259n r\u00fc\u015fv\u0259t v\u0259 korrupsiya yeni i\u015f yerl\u0259rinin a\u015f\u00e7\u0131lmas\u0131na imkan vermir. Bu m\u0259nada Bahar Muradova mill\u0259t\u0259 onu \u00e7ox s\u0259rt q\u0131\u015f\u0131n g\u00f6zl\u0259diyini x\u0259b\u0259r verib&#8221;.\n<\/p>\n<p>\n  \u0130qtisad\u00e7\u0131 M\u0259h\u0259mm\u0259d Tal\u0131bl\u0131 is\u0259 vitse-spikerin dedikl\u0259rini &#8220;q\u0259na\u0259tin yor\u011fan \u00f6l\u00e7\u00fcs\u00fc&#8221; adland\u0131r\u0131b:\n<\/p>\n<p>\n  &#8220;\u0130qtisadiyyatda bel\u0259 bir aforizm var: &#8220;Pul iqtisadiyyat\u0131n, s\u0259s is\u0259 siyas\u0259tin dilidir\u201d. \u0130qtisadiyyat\u0131n pulu qurtar\u0131r. Siyas\u0259tin dili n\u0259yis\u0259 ifad\u0259 etmir. Sad\u0259c\u0259, onunla m\u0259\u015f\u011ful olanlar\u0131n arabir s\u0259sl\u0259ri g\u0259lir. Yor\u011fan\u0131m\u0131z nec\u0259 \u00f6rt\u0259k? Onu ayaq \u00f6l\u00e7\u00fcs\u00fcn\u0259 nec\u0259 uy\u011funla\u015fd\u0131raq kimi mesajlar var. Amma birinin yad\u0131na d\u00fc\u015fm\u00fcr ki, b\u0259lk\u0259 ayaq \u00f6l\u00e7\u00fcs\u00fcn\u0259 uy\u011fun yor\u011fan tik\u0259k? Q\u0259na\u0259tin \u00f6l\u00e7\u00fcs\u00fc b\u0259lk\u0259 d\u0259 yor\u011fan yox, aya\u011fa uy\u011fun olan yor\u011fan olmal\u0131 idi. Biz onsuz da bel\u0259yik. D\u00fcnyan\u0131n gedi\u015fat\u0131na dair qaydalar\u0131 t\u0259rsin\u0259 t\u0259tbiq edirik. Ona g\u00f6r\u0259 n\u0259tic\u0259si bel\u0259dir. X\u0259rcl\u0259y\u0259nd\u0259n sonra q\u0259na\u0259t edirik. Halbuki, q\u0259na\u0259t ed\u0259nd\u0259n sonra x\u0259rcl\u0259m\u0259li idik. Ona g\u00f6r\u0259 s\u0259b\u0259b-n\u0259tic\u0259 uy\u011funsuzlu\u011funun \u0259lind\u0259 qalm\u0131\u015f\u0131q&#8221;.\n<\/p>\n<p>\n  \u0130qtisad\u00e7\u0131 bildirib ki, bazar iqtisadiyyat\u0131 \u015f\u0259raitind\u0259 istehlak\u00e7\u0131lar\u0131n n\u0259 yem\u0259sinin, n\u0259 i\u00e7m\u0259sinin v\u0259 hans\u0131 h\u0259dd\u0259 q\u0259d\u0259r istehlak etm\u0259sinin normas\u0131 \u015f\u0259xsi ist\u0259y\u0259 ba\u011fl\u0131 m\u0259s\u0259l\u0259dir:\n<\/p>\n<p>\n  &#8220;Ona m\u00fcdaxil\u0259 \u0259vv\u0259la, qeyri-etikdir. Y\u0259ni, insan\u0131n \u015f\u0259xsi z\u00f6vq\u00fcn\u0259 k\u0259nar t\u0259sir kimi qiym\u0259tl\u0259ndirilir. \u0130kincisi, insan n\u0259 q\u0259d\u0259r istehlak edirs\u0259, h\u0259min miqdarda da x\u0259rcl\u0259m\u0259y\u0259 m\u0259cbur olur. Bazar iqtisadiyyat\u0131 \u015f\u0259raitind\u0259 he\u00e7 bir \u015fey qar\u015f\u0131l\u0131ql\u0131 \u00f6d\u0259ni\u015fsiz m\u00fcmk\u00fcn olmur. Ona g\u00f6r\u0259 kim n\u0259 q\u0259d\u0259r istehlak edirs\u0259, bir o q\u0259d\u0259r d\u0259 x\u0259rcl\u0259m\u0259k g\u00fcc\u00fcn\u0259 malik oldu\u011funu ifad\u0259 etmi\u015f olur. Biz insanlar\u0131n x\u0259rcl\u0259rind\u0259n onlar\u0131n g\u0259lirini m\u00fc\u0259yy\u0259nl\u0259\u015fdirmi\u015f oluruq&#8221;.\n<\/p>\n<figure class=\"wp-block-image size-large\">\n  <img decoding=\"async\" src=\"https:\/\/www.meydan.tv\/az\/mehemmed-talibli-foto-meydan-tv\/\" alt=\"M\u0259h\u0259mm\u0259d Tal\u0131bl\u0131 foto Meydan TV\" class=\"wp-image-69325\"\/><figcaption>\n    M\u0259h\u0259mm\u0259d Tal\u0131bl\u0131 foto Meydan TV<br \/>\n  <\/figcaption><\/figure>\n<p>\n  M.Tal\u0131bl\u0131 hesab edir ki, h\u00f6kum\u0259t \u00fczvl\u0259rinin v\u0259t\u0259nda\u015flar\u0131 q\u0259na\u0259tl\u0259 ya\u015fama\u011fa d\u0259v\u0259t etm\u0259si m\u0259ntiqli deyil v\u0259 d\u00f6vl\u0259tin maraqlar\u0131na ziddir:\n<\/p>\n<p>\n  &#8220;D\u00f6vl\u0259t sektorunda t\u0259bii inhisar\u00e7\u0131lar\u0131n istehsal etdikl\u0259ri mal v\u0259 xidm\u0259tl\u0259rin istehlak edilm\u0259sind\u0259 h\u00f6kum\u0259tl\u0259r daha \u00e7ox maraql\u0131 olmal\u0131d\u0131r ki, bu art\u0131mdan d\u00f6vl\u0259tin maliyy\u0259 imkanlar\u0131 daha da arts\u0131n. Tutaq ki, onu d\u00f6vl\u0259t yox, \u00f6z\u0259l sektor istehsal edir. O zaman is\u0259 lap \u0259la! \u0130qtisadi d\u00f6vriyy\u0259nin h\u0259cmin\u0259 adekvat olaraq fiskal qurumlar daha \u00e7ox v\u0259sait toplayacaq. \u0130qtisadi aktivlik artacaq v\u0259 b\u00fcdc\u0259y\u0259 daxilolma diapazonu geni\u015fl\u0259n\u0259c\u0259k. H\u00f6kum\u0259t bu fiskal kanal\u0131n darald\u0131lmas\u0131nda niy\u0259 maraql\u0131 olmal\u0131d\u0131r ki? Ax\u0131, o ev t\u0259s\u0259rr\u00fcfatlar\u0131n\u0131 yox, d\u00f6vl\u0259tin maraqlar\u0131n\u0131 d\u00fc\u015f\u00fcnm\u0259lidir. Ail\u0259 b\u00fcdc\u0259sinin planla\u015fd\u0131r\u0131lmas\u0131 ki\u00e7ik \u201cd\u00f6vl\u0259tl\u0259rin\u201d \u00f6z\u00fc i\u015fidir. Bel\u0259 m\u0259n\u0259viyyat \u0259msal\u0131n\u0131n y\u00fcks\u0259k olmas\u0131na iddial\u0131 olub, humanizmin n\u00fcmayi\u015f etdirilm\u0259si yerind\u0259 deyil&#8221;.\n<\/p>\n<p>\n  Olaya f\u0259ls\u0259fi bax\u0131mdan yana\u015fan iqtisad\u00e7\u0131 deyib ki, insan d\u00fcnyaya m\u00fcxt\u0259lif yadda\u015fla v\u0259 dig\u0259r f\u0259rqli g\u00f6st\u0259ricil\u0259rl\u0259 g\u0259lir:\n<\/p>\n<p>\n  &#8220;H\u0259yatda insan\u0131n ya\u015fam \u015f\u0259rtl\u0259ri, z\u00f6vql\u0259ri v\u0259 maraqlar\u0131 formala\u015f\u0131r. Onun standartlar\u0131n\u0131n v\u0259 t\u0259l\u0259batlar\u0131n\u0131n s\u00fcni s\u00fcr\u0259td\u0259 m\u0259hdudla\u015fd\u0131rmas\u0131n\u0131n \u00f6z\u00fc \u0259dal\u0259tsizlikdir. Bir manat qazanan 1 manatl\u0131q ya\u015fay\u0131\u015fa, 10000 manat qazanan is\u0259 10000 min manatl\u0131q ya\u015fama layiq olmal\u0131d\u0131r. A\u015f\u0131\u011f\u0131 y\u0131\u011fan oynamaq \u00fc\u00e7\u00fcn y\u0131\u011f\u0131r. Onun oyun meydan\u0131 yoxsa, a\u015f\u0131\u011f\u0131 y\u0131\u011fmaq onun n\u0259yin\u0259 laz\u0131m? Onun durmadan qazanmaq ehtiras\u0131 \u00f6z\u00fcn\u00fcifad\u0259 z\u00f6vq\u00fc \u00fc\u00e7\u00fcnd\u00fcr. Onun imkanlar\u0131n\u0131 m\u0259hdudla\u015fma\u011fa y\u00f6n\u0259lik mesaj v\u0259 ya t\u0259\u015f\u0259bb\u00fcs onun qazanmaq mara\u011f\u0131n\u0131 destimulizasiya edir. Q\u0259na\u0259t t\u0259kc\u0259 \u00e7\u0259tin g\u00fcnl\u0259rd\u0259 yada d\u00fc\u015f\u0259n norma olmal\u0131 deyil. Q\u0259na\u0259t d\u00f6vl\u0259tin maliyy\u0259 ax\u0131n\u0131 kanallar\u0131 \u00fcz\u0259rind\u0259 daha \u00e7ox cilovlay\u0131c\u0131 mexanizm olmal\u0131d\u0131r. Bahal\u0131 yar\u0131\u015flar v\u0259 populist layih\u0259l\u0259r q\u0259na\u0259t olunas\u0131 \u0259sas maliyy\u0259 h\u0259lq\u0259l\u0259ri idi. S\u0259b\u0259tl\u0259 g\u00f6yd\u0259n t\u00f6k\u00fcl\u0259n pullar zaman\u0131 q\u0259na\u0259t yadlar\u0131na d\u00fc\u015fm\u0259di. H\u0259r \u015feyin t\u00fck\u0259nm\u0259y\u0259 do\u011fru getdiyi zaman bu anlay\u0131\u015f\u0131 dill\u0259r \u0259zb\u0259rin\u0259 \u00e7evirdil\u0259r&#8221;.\n<\/p>\n<p>\n  2017-ci il \u00fczr\u0259 d\u00f6vl\u0259t b\u00fcdc\u0259sinin layih\u0259sinin m\u00fczakir\u0259si zaman\u0131 Milli M\u0259clis s\u0259drinin m\u00fcavini Bahar Muradova c\u0259miyy\u0259t\u0259 x\u0259b\u0259rdarl\u0131q ed\u0259r\u0259k \u201ch\u0259r k\u0259s aya\u011f\u0131n\u0131 yor\u011fan\u0131na g\u00f6r\u0259 uzatmal\u0131d\u0131r\u201d \u2013 s\u00f6yl\u0259yib.\n<\/p>\n<p>\n  \u201cNeftin d\u00fcnya bazar\u0131nda ucuzla\u015fmas\u0131 v\u0259 manat\u0131n devalvasiyas\u0131 t\u0259l\u0259b edir ki, insanlar q\u0259na\u0259t rejimin\u0259 ke\u00e7sin, \u0259hali yoxsul ya\u015fama\u011fa \u00f6yr\u0259\u015fsin, 2017-ci ilin daha \u00e7\u0259tin olaca\u011f\u0131n\u0131 n\u0259z\u0259r\u0259 alaraq h\u00f6kum\u0259td\u0259n g\u00f6zl\u0259ntil\u0259rinizi sonraya saxlay\u0131n\u201d,-dey\u0259 o bildirib.<\/p>\n","protected":false},"excerpt":{"rendered":"<p>Qurban M\u0259mm\u0259dov: &#8221;Mill\u0259ti oyatmaq \u00fc\u00e7\u00fcn onun da \u0259lind\u0259n bu c\u00fcr dan\u0131\u015fmaq g\u0259lir&#8221;<\/p>\n<p>M\u0259h\u0259mm\u0259d Tal\u0131bl\u0131: &#8221;Bahal\u0131 yar\u0131\u015flar v\u0259 populist layih\u0259l\u0259r q\u0259na\u0259t olunas\u0131 \u0259sas maliyy\u0259 h\u0259lq\u0259l\u0259ri idi&#8221;<\/p>\n","protected":false},"author":11,"featured_media":74721,"comment_status":"closed","ping_status":"open","sticky":false,"template":"","format":"standard","meta":{"_acf_changed":false,"_sitemap_exclude":false,"_sitemap_priority":"","_sitemap_frequency":"","footnotes":""},"categories":[51],"tags":[],"class_list":["post-180996","post","type-post","status-publish","format-standard","has-post-thumbnail","hentry","category-analitika","infinite-scroll-item","generate-columns","tablet-grid-50","mobile-grid-100","grid-parent","grid-33","no-featured-image-padding"],"acf":[],"yoast_head":"<!-- This site is optimized with the Yoast SEO plugin v27.5 - https:\/\/yoast.com\/product\/yoast-seo-wordpress\/ -->\n<title>&#039;&#039;Bahar Muradova h\u0259y\u0259can siqnal\u0131 verib&#039;&#039; - MEYDAN.TV<\/title>\n<meta name=\"robots\" content=\"index, follow, max-snippet:-1, max-image-preview:large, max-video-preview:-1\" \/>\n<link rel=\"canonical\" href=\"https:\/\/www.meydan.tv\/az\/article\/bahar-muradova-heyecan-siqnali-verib\/\" \/>\n<meta property=\"og:locale\" content=\"az_AZ\" \/>\n<meta property=\"og:type\" content=\"article\" \/>\n<meta property=\"og:title\" content=\"&#039;&#039;Bahar Muradova h\u0259y\u0259can siqnal\u0131 verib&#039;&#039; - MEYDAN.TV\" \/>\n<meta property=\"og:description\" content=\"Qurban M\u0259mm\u0259dov: &#039;&#039;Mill\u0259ti oyatmaq \u00fc\u00e7\u00fcn onun da \u0259lind\u0259n bu c\u00fcr dan\u0131\u015fmaq g\u0259lir&#039;&#039;  M\u0259h\u0259mm\u0259d Tal\u0131bl\u0131: &#039;&#039;Bahal\u0131 yar\u0131\u015flar v\u0259 populist layih\u0259l\u0259r q\u0259na\u0259t olunas\u0131 \u0259sas maliyy\u0259 h\u0259lq\u0259l\u0259ri idi&#039;&#039;\" \/>\n<meta property=\"og:url\" content=\"https:\/\/www.meydan.tv\/az\/article\/bahar-muradova-heyecan-siqnali-verib\/\" \/>\n<meta property=\"og:site_name\" content=\"MEYDAN.TV\" \/>\n<meta property=\"article:published_time\" content=\"2016-12-05T18:47:48+00:00\" \/>\n<meta property=\"og:image\" content=\"https:\/\/www.meydan.tv\/wp-content\/uploads\/28871.jpg\" \/>\n\t<meta property=\"og:image:width\" content=\"554\" \/>\n\t<meta property=\"og:image:height\" content=\"400\" \/>\n\t<meta property=\"og:image:type\" content=\"image\/jpeg\" \/>\n<meta name=\"author\" content=\"user-manager\" \/>\n<meta name=\"twitter:card\" content=\"summary_large_image\" \/>\n<script type=\"application\/ld+json\" class=\"yoast-schema-graph\">{\"@context\":\"https:\\\/\\\/schema.org\",\"@graph\":[{\"@type\":\"Article\",\"@id\":\"https:\\\/\\\/www.meydan.tv\\\/az\\\/article\\\/bahar-muradova-heyecan-siqnali-verib\\\/#article\",\"isPartOf\":{\"@id\":\"https:\\\/\\\/www.meydan.tv\\\/az\\\/article\\\/bahar-muradova-heyecan-siqnali-verib\\\/\"},\"author\":{\"name\":\"user-manager\",\"@id\":\"https:\\\/\\\/www.meydan.tv\\\/az\\\/#\\\/schema\\\/person\\\/10d11eccf6da3662cf5fdab9806ea91a\"},\"headline\":\"&#8221;Bahar Muradova h\u0259y\u0259can siqnal\u0131 verib&#8221;\",\"datePublished\":\"2016-12-05T18:47:48+00:00\",\"mainEntityOfPage\":{\"@id\":\"https:\\\/\\\/www.meydan.tv\\\/az\\\/article\\\/bahar-muradova-heyecan-siqnali-verib\\\/\"},\"wordCount\":1168,\"publisher\":{\"@id\":\"https:\\\/\\\/www.meydan.tv\\\/az\\\/#organization\"},\"image\":{\"@id\":\"https:\\\/\\\/www.meydan.tv\\\/az\\\/article\\\/bahar-muradova-heyecan-siqnali-verib\\\/#primaryimage\"},\"thumbnailUrl\":\"https:\\\/\\\/www.meydan.tv\\\/wp-content\\\/uploads\\\/28871.jpg\",\"articleSection\":[\"Analitika\"],\"inLanguage\":\"az\"},{\"@type\":\"WebPage\",\"@id\":\"https:\\\/\\\/www.meydan.tv\\\/az\\\/article\\\/bahar-muradova-heyecan-siqnali-verib\\\/\",\"url\":\"https:\\\/\\\/www.meydan.tv\\\/az\\\/article\\\/bahar-muradova-heyecan-siqnali-verib\\\/\",\"name\":\"''Bahar Muradova h\u0259y\u0259can siqnal\u0131 verib'' - MEYDAN.TV\",\"isPartOf\":{\"@id\":\"https:\\\/\\\/www.meydan.tv\\\/az\\\/#website\"},\"primaryImageOfPage\":{\"@id\":\"https:\\\/\\\/www.meydan.tv\\\/az\\\/article\\\/bahar-muradova-heyecan-siqnali-verib\\\/#primaryimage\"},\"image\":{\"@id\":\"https:\\\/\\\/www.meydan.tv\\\/az\\\/article\\\/bahar-muradova-heyecan-siqnali-verib\\\/#primaryimage\"},\"thumbnailUrl\":\"https:\\\/\\\/www.meydan.tv\\\/wp-content\\\/uploads\\\/28871.jpg\",\"datePublished\":\"2016-12-05T18:47:48+00:00\",\"breadcrumb\":{\"@id\":\"https:\\\/\\\/www.meydan.tv\\\/az\\\/article\\\/bahar-muradova-heyecan-siqnali-verib\\\/#breadcrumb\"},\"inLanguage\":\"az\",\"potentialAction\":[{\"@type\":\"ReadAction\",\"target\":[\"https:\\\/\\\/www.meydan.tv\\\/az\\\/article\\\/bahar-muradova-heyecan-siqnali-verib\\\/\"]}]},{\"@type\":\"ImageObject\",\"inLanguage\":\"az\",\"@id\":\"https:\\\/\\\/www.meydan.tv\\\/az\\\/article\\\/bahar-muradova-heyecan-siqnali-verib\\\/#primaryimage\",\"url\":\"https:\\\/\\\/www.meydan.tv\\\/wp-content\\\/uploads\\\/28871.jpg\",\"contentUrl\":\"https:\\\/\\\/www.meydan.tv\\\/wp-content\\\/uploads\\\/28871.jpg\",\"width\":554,\"height\":400,\"caption\":\"Source:\"},{\"@type\":\"BreadcrumbList\",\"@id\":\"https:\\\/\\\/www.meydan.tv\\\/az\\\/article\\\/bahar-muradova-heyecan-siqnali-verib\\\/#breadcrumb\",\"itemListElement\":[{\"@type\":\"ListItem\",\"position\":1,\"name\":\"Ana s\u0259hif\u0259\",\"item\":\"https:\\\/\\\/www.meydan.tv\\\/az\\\/\"},{\"@type\":\"ListItem\",\"position\":2,\"name\":\"Analitika\",\"item\":\"https:\\\/\\\/www.meydan.tv\\\/az\\\/section\\\/analitika\\\/\"},{\"@type\":\"ListItem\",\"position\":3,\"name\":\"&#8221;Bahar Muradova h\u0259y\u0259can siqnal\u0131 verib&#8221;\"}]},{\"@type\":\"WebSite\",\"@id\":\"https:\\\/\\\/www.meydan.tv\\\/az\\\/#website\",\"url\":\"https:\\\/\\\/www.meydan.tv\\\/az\\\/\",\"name\":\"MEYDAN.TV\",\"description\":\"Meydan TV Az\u0259rbaycan\u0131n media m\u0259kan\u0131ndak\u0131 alternativ s\u0259sidir\",\"publisher\":{\"@id\":\"https:\\\/\\\/www.meydan.tv\\\/az\\\/#organization\"},\"potentialAction\":[{\"@type\":\"SearchAction\",\"target\":{\"@type\":\"EntryPoint\",\"urlTemplate\":\"https:\\\/\\\/www.meydan.tv\\\/az\\\/?s={search_term_string}\"},\"query-input\":{\"@type\":\"PropertyValueSpecification\",\"valueRequired\":true,\"valueName\":\"search_term_string\"}}],\"inLanguage\":\"az\"},{\"@type\":\"Organization\",\"@id\":\"https:\\\/\\\/www.meydan.tv\\\/az\\\/#organization\",\"name\":\"Meydan TV\",\"url\":\"https:\\\/\\\/www.meydan.tv\\\/az\\\/\",\"logo\":{\"@type\":\"ImageObject\",\"inLanguage\":\"az\",\"@id\":\"https:\\\/\\\/www.meydan.tv\\\/az\\\/#\\\/schema\\\/logo\\\/image\\\/\",\"url\":\"https:\\\/\\\/www.meydan.tv\\\/wp-content\\\/uploads\\\/2021\\\/07\\\/meydan-logo.svg\",\"contentUrl\":\"https:\\\/\\\/www.meydan.tv\\\/wp-content\\\/uploads\\\/2021\\\/07\\\/meydan-logo.svg\",\"width\":195,\"height\":46,\"caption\":\"Meydan TV\"},\"image\":{\"@id\":\"https:\\\/\\\/www.meydan.tv\\\/az\\\/#\\\/schema\\\/logo\\\/image\\\/\"}},{\"@type\":\"Person\",\"@id\":\"https:\\\/\\\/www.meydan.tv\\\/az\\\/#\\\/schema\\\/person\\\/10d11eccf6da3662cf5fdab9806ea91a\",\"name\":\"user-manager\"}]}<\/script>\n<!-- \/ Yoast SEO plugin. -->","yoast_head_json":{"title":"''Bahar Muradova h\u0259y\u0259can siqnal\u0131 verib'' - MEYDAN.TV","robots":{"index":"index","follow":"follow","max-snippet":"max-snippet:-1","max-image-preview":"max-image-preview:large","max-video-preview":"max-video-preview:-1"},"canonical":"https:\/\/www.meydan.tv\/az\/article\/bahar-muradova-heyecan-siqnali-verib\/","og_locale":"az_AZ","og_type":"article","og_title":"''Bahar Muradova h\u0259y\u0259can siqnal\u0131 verib'' - MEYDAN.TV","og_description":"Qurban M\u0259mm\u0259dov: ''Mill\u0259ti oyatmaq \u00fc\u00e7\u00fcn onun da \u0259lind\u0259n bu c\u00fcr dan\u0131\u015fmaq g\u0259lir''  M\u0259h\u0259mm\u0259d Tal\u0131bl\u0131: ''Bahal\u0131 yar\u0131\u015flar v\u0259 populist layih\u0259l\u0259r q\u0259na\u0259t olunas\u0131 \u0259sas maliyy\u0259 h\u0259lq\u0259l\u0259ri idi''","og_url":"https:\/\/www.meydan.tv\/az\/article\/bahar-muradova-heyecan-siqnali-verib\/","og_site_name":"MEYDAN.TV","article_published_time":"2016-12-05T18:47:48+00:00","og_image":[{"width":554,"height":400,"url":"https:\/\/www.meydan.tv\/wp-content\/uploads\/28871.jpg","type":"image\/jpeg"}],"author":"user-manager","twitter_card":"summary_large_image","schema":{"@context":"https:\/\/schema.org","@graph":[{"@type":"Article","@id":"https:\/\/www.meydan.tv\/az\/article\/bahar-muradova-heyecan-siqnali-verib\/#article","isPartOf":{"@id":"https:\/\/www.meydan.tv\/az\/article\/bahar-muradova-heyecan-siqnali-verib\/"},"author":{"name":"user-manager","@id":"https:\/\/www.meydan.tv\/az\/#\/schema\/person\/10d11eccf6da3662cf5fdab9806ea91a"},"headline":"&#8221;Bahar Muradova h\u0259y\u0259can siqnal\u0131 verib&#8221;","datePublished":"2016-12-05T18:47:48+00:00","mainEntityOfPage":{"@id":"https:\/\/www.meydan.tv\/az\/article\/bahar-muradova-heyecan-siqnali-verib\/"},"wordCount":1168,"publisher":{"@id":"https:\/\/www.meydan.tv\/az\/#organization"},"image":{"@id":"https:\/\/www.meydan.tv\/az\/article\/bahar-muradova-heyecan-siqnali-verib\/#primaryimage"},"thumbnailUrl":"https:\/\/www.meydan.tv\/wp-content\/uploads\/28871.jpg","articleSection":["Analitika"],"inLanguage":"az"},{"@type":"WebPage","@id":"https:\/\/www.meydan.tv\/az\/article\/bahar-muradova-heyecan-siqnali-verib\/","url":"https:\/\/www.meydan.tv\/az\/article\/bahar-muradova-heyecan-siqnali-verib\/","name":"''Bahar Muradova h\u0259y\u0259can siqnal\u0131 verib'' - MEYDAN.TV","isPartOf":{"@id":"https:\/\/www.meydan.tv\/az\/#website"},"primaryImageOfPage":{"@id":"https:\/\/www.meydan.tv\/az\/article\/bahar-muradova-heyecan-siqnali-verib\/#primaryimage"},"image":{"@id":"https:\/\/www.meydan.tv\/az\/article\/bahar-muradova-heyecan-siqnali-verib\/#primaryimage"},"thumbnailUrl":"https:\/\/www.meydan.tv\/wp-content\/uploads\/28871.jpg","datePublished":"2016-12-05T18:47:48+00:00","breadcrumb":{"@id":"https:\/\/www.meydan.tv\/az\/article\/bahar-muradova-heyecan-siqnali-verib\/#breadcrumb"},"inLanguage":"az","potentialAction":[{"@type":"ReadAction","target":["https:\/\/www.meydan.tv\/az\/article\/bahar-muradova-heyecan-siqnali-verib\/"]}]},{"@type":"ImageObject","inLanguage":"az","@id":"https:\/\/www.meydan.tv\/az\/article\/bahar-muradova-heyecan-siqnali-verib\/#primaryimage","url":"https:\/\/www.meydan.tv\/wp-content\/uploads\/28871.jpg","contentUrl":"https:\/\/www.meydan.tv\/wp-content\/uploads\/28871.jpg","width":554,"height":400,"caption":"Source:"},{"@type":"BreadcrumbList","@id":"https:\/\/www.meydan.tv\/az\/article\/bahar-muradova-heyecan-siqnali-verib\/#breadcrumb","itemListElement":[{"@type":"ListItem","position":1,"name":"Ana s\u0259hif\u0259","item":"https:\/\/www.meydan.tv\/az\/"},{"@type":"ListItem","position":2,"name":"Analitika","item":"https:\/\/www.meydan.tv\/az\/section\/analitika\/"},{"@type":"ListItem","position":3,"name":"&#8221;Bahar Muradova h\u0259y\u0259can siqnal\u0131 verib&#8221;"}]},{"@type":"WebSite","@id":"https:\/\/www.meydan.tv\/az\/#website","url":"https:\/\/www.meydan.tv\/az\/","name":"MEYDAN.TV","description":"Meydan TV Az\u0259rbaycan\u0131n media m\u0259kan\u0131ndak\u0131 alternativ s\u0259sidir","publisher":{"@id":"https:\/\/www.meydan.tv\/az\/#organization"},"potentialAction":[{"@type":"SearchAction","target":{"@type":"EntryPoint","urlTemplate":"https:\/\/www.meydan.tv\/az\/?s={search_term_string}"},"query-input":{"@type":"PropertyValueSpecification","valueRequired":true,"valueName":"search_term_string"}}],"inLanguage":"az"},{"@type":"Organization","@id":"https:\/\/www.meydan.tv\/az\/#organization","name":"Meydan TV","url":"https:\/\/www.meydan.tv\/az\/","logo":{"@type":"ImageObject","inLanguage":"az","@id":"https:\/\/www.meydan.tv\/az\/#\/schema\/logo\/image\/","url":"https:\/\/www.meydan.tv\/wp-content\/uploads\/2021\/07\/meydan-logo.svg","contentUrl":"https:\/\/www.meydan.tv\/wp-content\/uploads\/2021\/07\/meydan-logo.svg","width":195,"height":46,"caption":"Meydan TV"},"image":{"@id":"https:\/\/www.meydan.tv\/az\/#\/schema\/logo\/image\/"}},{"@type":"Person","@id":"https:\/\/www.meydan.tv\/az\/#\/schema\/person\/10d11eccf6da3662cf5fdab9806ea91a","name":"user-manager"}]}},"_links":{"self":[{"href":"https:\/\/www.meydan.tv\/az\/wp-json\/wp\/v2\/posts\/180996","targetHints":{"allow":["GET"]}}],"collection":[{"href":"https:\/\/www.meydan.tv\/az\/wp-json\/wp\/v2\/posts"}],"about":[{"href":"https:\/\/www.meydan.tv\/az\/wp-json\/wp\/v2\/types\/post"}],"author":[{"embeddable":true,"href":"https:\/\/www.meydan.tv\/az\/wp-json\/wp\/v2\/users\/11"}],"replies":[{"embeddable":true,"href":"https:\/\/www.meydan.tv\/az\/wp-json\/wp\/v2\/comments?post=180996"}],"version-history":[{"count":0,"href":"https:\/\/www.meydan.tv\/az\/wp-json\/wp\/v2\/posts\/180996\/revisions"}],"wp:featuredmedia":[{"embeddable":true,"href":"https:\/\/www.meydan.tv\/az\/wp-json\/wp\/v2\/media\/74721"}],"wp:attachment":[{"href":"https:\/\/www.meydan.tv\/az\/wp-json\/wp\/v2\/media?parent=180996"}],"wp:term":[{"taxonomy":"category","embeddable":true,"href":"https:\/\/www.meydan.tv\/az\/wp-json\/wp\/v2\/categories?post=180996"},{"taxonomy":"post_tag","embeddable":true,"href":"https:\/\/www.meydan.tv\/az\/wp-json\/wp\/v2\/tags?post=180996"}],"curies":[{"name":"wp","href":"https:\/\/api.w.org\/{rel}","templated":true}]}}