{"id":180976,"date":"2016-12-04T20:42:20","date_gmt":"2016-12-04T20:42:20","guid":{"rendered":"https:\/\/www.meydan.tv\/article\/nemet-eliyev-tarif-surasinin-qerari-legv-olunmalidir\/"},"modified":"2016-12-04T20:42:20","modified_gmt":"2016-12-04T20:42:20","slug":"nemet-eliyev-tarif-surasinin-qerari-legv-olunmalidir","status":"publish","type":"post","link":"https:\/\/www.meydan.tv\/az\/article\/nemet-eliyev-tarif-surasinin-qerari-legv-olunmalidir\/","title":{"rendered":"Nem\u0259t \u018fliyev: Tarif \u015euras\u0131n\u0131n q\u0259rar\u0131 l\u0259\u011fv olunmal\u0131d\u0131r"},"content":{"rendered":"<figure class=\"wp-block-image size-large\">\n  <img decoding=\"async\" src=\"https:\/\/www.meydan.tv\/az\/72481\/\" alt=\"\" class=\"wp-image-72481\"\/><figcaption><\/figcaption><\/figure>\n<p>\n  <i><br \/>\n    &#8221;Tarifl\u0259ri qald\u0131rmaqla z\u0259r\u0259rli yol se\u00e7ilib&#8221;<br \/>\n  <\/i>\n<\/p>\n<p>\n  &#8220;Tarif \u015euras\u0131n\u0131n q\u0259rar\u0131 geri oxunmal\u0131d\u0131r!&#8221;\n<\/p>\n<p>\n  Bunu iqtisad\u00e7\u0131 Nem\u0259t \u018fliyev deyir. \u0130qtisad\u00e7\u0131 \u00f6z &#8220;Facebook&#8221; s\u0259hif\u0259sind\u0259 yaz\u0131r:\n<\/p>\n<p>\n  &#8220;Bildirildiyin\u0259 g\u00f6r\u0259, bu q\u0259rar il \u0259rzind\u0259 300 milyon manat \u0259lav\u0259 v\u0259sait c\u0259lb etm\u0259y\u0259 imkan ver\u0259c\u0259k. 300 milyonu \u0259ld\u0259 etm\u0259yin 3 alternativ yolu t\u0259qdim olunur. Nec\u0259 dey\u0259rl\u0259r, k\u00f6nl\u00fc bal\u0131q ist\u0259y\u0259nin quyru\u011fu suda g\u0259r\u0259k. Ba\u015f nazir Artur R\u0259sizad\u0259 m\u00fc\u015favir\u0259l\u0259rin birind\u0259 Heyd\u0259r \u018fliyev\u0259 izahat ver\u0259r\u0259k xat\u0131rlad\u0131rd\u0131 ki, Sovetl\u0259r \u0130ttifaq\u0131 d\u00f6vr\u00fcnd\u0259 elektrik enerji itkisi 8 faizd\u0259n 9 faiz\u0259 qalxanda al\u0259m da\u011f\u0131l\u0131rd\u0131. Niy\u0259si budur ki, sovetl\u0259rd\u0259 elektrik enerjisinin h\u0259r bir kVt\/saat\u0131na q\u0259dir-qiym\u0259t ver\u0259rdil\u0259r. Bu \u00fczd\u0259n 8 faizlik normadan k\u0259nara \u00e7\u0131xan itkil\u0259r\u0259 g\u00f6r\u0259 idar\u0259etm\u0259 pill\u0259sind\u0259 m\u0259suliyy\u0259t da\u015f\u0131yan b\u00fct\u00fcn v\u0259zif\u0259lil\u0259r\u0259, r\u0259hb\u0259rl\u0259r\u0259 rahatl\u0131q verm\u0259zdil\u0259r, i\u015f\u0259 qeyri-ciddi m\u00fcnasib\u0259tin hesab\u0131n\u0131 sorard\u0131lar. 1 faiz \u0259lav\u0259 itkiy\u0259 g\u00f6z yumma\u011f\u0131n n\u00f6vb\u0259ti aylarda v\u0259 ill\u0259rd\u0259 daha b\u00f6y\u00fck itkil\u0259r\u0259 yol a\u00e7a bil\u0259c\u0259yini h\u0259l\u0259 o d\u00f6vrl\u0259r yax\u015f\u0131 ba\u015fa d\u00fc\u015f\u0259rdil\u0259r. Bu m\u0259s\u0259l\u0259d\u0259 he\u00e7 k\u0259s\u0259 g\u00fcz\u0259\u015ft etm\u0259zdil\u0259r dey\u0259 al\u0259m bir-birin\u0259 d\u0259y\u0259rdi. B\u0259s bizd\u0259 v\u0259ziyy\u0259t nec\u0259dir? 2010-2015-ci ill\u0259rd\u0259 h\u0259r il orta hesabla 3,5 milyard, 6 ild\u0259 is\u0259 21 milyard kVt\/saata yax\u0131n elektrik enerjisi itkiy\u0259 gedib. Bu h\u0259cm, dem\u0259k olar ki, Az\u0259rbaycan\u0131n birillik t\u0259l\u0259bat\u0131 q\u0259d\u0259rdir. Dem\u0259li, alt\u0131 ild\u0259 birillik t\u0259l\u0259bat\u0131m\u0131z q\u0259d\u0259r elektrik enerjisi itkiy\u0259 gedib. \u0130tkil\u0259r h\u0259r il orta hesabla 15,6 faiz t\u0259\u015fkil edib. 2010 v\u0259 2011-ci ill\u0259rd\u0259 bu g\u00f6st\u0259rici, h\u0259tta 20-21 faiz\u0259 q\u0259d\u0259r y\u00fcks\u0259lib. Ha\u015fiy\u0259 \u00e7\u0131xaraq qeyd etm\u0259k yerin\u0259 d\u00fc\u015f\u0259r ki, itkil\u0259rin bu q\u0259d\u0259r biab\u0131r\u00e7\u0131 s\u0259viyy\u0259y\u0259 qalxmas\u0131na g\u00f6r\u0259 m\u0259suliyy\u0259t da\u015f\u0131yan bir kims\u0259y\u0259 h\u0259l\u0259 d\u0259 \u201cg\u00f6z\u00fcn \u00fcst\u0259 qa\u015f\u0131n var\u201d dey\u0259n olmay\u0131b. B\u0259s n\u0259 \u00fc\u00e7\u00fcn sovetl\u0259rd\u0259 1 faiz \u0259lav\u0259 itkiy\u0259 g\u00f6r\u0259 al\u0259min da\u011f\u0131lmas\u0131ndan x\u0259b\u0259rdar olanlar 12 faiz \u0259lav\u0259 itkiy\u0259 yol verdikl\u0259rin\u0259 g\u00f6r\u0259 v\u0259zif\u0259li bir kims\u0259nin \u201ctelini\u201d d\u0259 t\u0259rp\u0259tm\u0259yib? M\u0259hz i\u015f\u0259 bu c\u00fcr qeyri-sa\u011flam m\u00fcnasib\u0259t\u0259 g\u00f6r\u0259dir ki, energetika sektorunda itkil\u0259rin idar\u0259 olunmas\u0131nda anarxiya k\u00f6k at\u0131b&#8221;.\n<\/p>\n<p>\n  Nem\u0259t \u018fliyev deyir ki, itki s\u0259viyy\u0259sini 8 faiz\u0259 endirm\u0259kl\u0259 (qabaqc\u0131l \u00f6lk\u0259l\u0259rd\u0259 bu g\u00f6st\u0259rici daha a\u015fa\u011f\u0131d\u0131r) h\u0259r il orta hesabla 1,7 milyard kVt\/saat elektrik enerjisini qoruya bil\u0259rdik:\n<\/p>\n<p>\n  &#8220;H\u0259r kVt\/saat\u0131na 7 q\u0259pik hesablasaq, bu, 1 ild\u0259 119 milyon manat, 6 ild\u0259 is\u0259 714 milyon manat dem\u0259kdir. Fikrimc\u0259, \u0259lav\u0259 milyonlar \u0259ld\u0259 etm\u0259yin \u0259sas m\u0259nb\u0259yini bu istiqam\u0259td\u0259 axtarmaq v\u0259 \u00fcz\u0259 \u00e7\u0131xarmaq laz\u0131md\u0131r.<br \/>\n  <br \/>\n  T\u0259bii qaz itkisinin h\u0259cmi heyr\u0259tamiz h\u0259dd\u0259 y\u00fcks\u0259lib. Yaln\u0131z 2015-ci ild\u0259 1,1 milyard kub metr qaz itkisin\u0259 yol verilib. \u0130tki s\u0259viyy\u0259si 9,5 faizd\u0259n y\u00fcks\u0259k olub. Bu sah\u0259d\u0259 yol veril\u0259n itki normas\u0131 6-7 faiz interval\u0131nda qiym\u0259tl\u0259ndirilir. Dem\u0259li, itki s\u0259viyy\u0259sini norma h\u0259ddin\u0259 endirm\u0259kl\u0259 ild\u0259 288 milyon kub metr t\u0259bii qaza q\u0259na\u0259t ed\u0259 bil\u0259rdik. \u00d6t\u0259n il t\u0259bii qaz\u0131n kub metri xaric\u0259 20 sentd\u0259n sat\u0131l\u0131b. Bu hesabla d\u0259y\u0259rl\u0259ndirm\u0259 ets\u0259k, 57,6 milyon dollar, M\u0259rk\u0259zi Bank\u0131n bu g\u00fcn\u0259 olan m\u0259z\u0259nn\u0259si il\u0259 konvertasiya ets\u0259k, 100 milyon manat al\u0131nar. Dem\u0259li, qazpaylay\u0131c\u0131 \u015f\u0259b\u0259k\u0259l\u0259rd\u0259 itkil\u0259ri azaltmaqla, normaya salmaqla h\u0259r il milyonlar\u0131n n\u00f6vb\u0259ti partiyas\u0131na \u00e7\u0131x\u0131\u015f \u0259ld\u0259 etm\u0259k m\u00fcmk\u00fcnd\u00fcr. 2014 v\u0259 2015-ci ill\u0259rin m\u00fcqayis\u0259li t\u0259hlili g\u00f6st\u0259rir ki, sonuncu ild\u0259 365 min ton (NE) \u0259lav\u0259 yanacaq s\u0259rf olunmas\u0131na baxmayaraq, elektrik v\u0259 istilik enerjisinin istehsal\u0131 \u0259vv\u0259lki il\u0259 n\u0259z\u0259r\u0259n a\u015fa\u011f\u0131 d\u00fc\u015f\u00fcb. Bel\u0259 ayd\u0131n olur ki, natura ifad\u0259sind\u0259 360 min ton mazut h\u0259d\u0259r gedib. Dem\u0259li, enerji istehsal\u0131nda yanacaq s\u0259rfiyyat\u0131 \u00fcz\u0259rind\u0259 etibarl\u0131 n\u0259zar\u0259t mexanizmini b\u0259rpa etm\u0259k hesab\u0131na n\u00f6vb\u0259ti 59 milyon dollara \u2013 100 milyon manata q\u0259na\u0259t etm\u0259k m\u00fcmk\u00fcnd\u00fcr (Payla\u015fd\u0131\u011f\u0131m bir ne\u00e7\u0259 \u0259vv\u0259ki statusda bu haqda geni\u015f yaz\u0131l\u0131b). Y\u0259ni bu istiqam\u0259t milyonlar \u0259ld\u0259 etm\u0259yin n\u00f6vb\u0259ti m\u0259nb\u0259yi hesab oluna bil\u0259r. Bu istiqam\u0259tl\u0259r \u00fczr\u0259 g\u0259r\u0259k\u0259n t\u0259dbirl\u0259ri h\u0259yata ke\u00e7irm\u0259kl\u0259 h\u0259r il 300 milyon manatdan \u00e7ox maliyy\u0259 v\u0259saitin\u0259 q\u0259na\u0259t etm\u0259k m\u00fcmk\u00fcnd\u00fcr. Odur ki, maliyy\u0259 axtar\u0131\u015flar\u0131 bu istiqam\u0259tl\u0259rd\u0259 apar\u0131lmal\u0131yd\u0131. Burada \u00fcst\u00fcnl\u00fck ondad\u0131r ki, itkil\u0259rin v\u0259 s\u0259rfiyyat s\u0259viyy\u0259sinin a\u015fa\u011f\u0131 sal\u0131nmas\u0131 mallar\u0131n, i\u015f v\u0259 xidm\u0259tl\u0259rin maya d\u0259y\u0259rin\u0259 v\u0259 dem\u0259li, h\u0259m d\u0259 bahala\u015fmaya azald\u0131c\u0131 t\u0259sir g\u00f6st\u0259rir. N\u0259tic\u0259d\u0259 yerli mallar\u0131n r\u0259qab\u0259t qabiliyy\u0259ti arta, \u0259halinin h\u0259yat s\u0259viyy\u0259sinin pisl\u0259\u015fm\u0259si s\u0259ngiy\u0259 bil\u0259r. Lakin Maliyy\u0259 Nazirliyi, h\u00f6kum\u0259t maliyy\u0259 m\u0259nb\u0259l\u0259rini f\u0259rqli istiqam\u0259tl\u0259rd\u0259 axtar\u0131b. Tarifl\u0259ri qald\u0131rmaqla z\u0259r\u0259rli yol se\u00e7ilib. \u00c7\u00fcnki enerji da\u015f\u0131y\u0131c\u0131lar\u0131n\u0131n qiym\u0259t art\u0131m\u0131 h\u0259r bir halda x\u0259rcl\u0259r\u0259 art\u0131r\u0131c\u0131 t\u0259sir g\u00f6st\u0259rir. Bu hesabla, yerli mallar\u0131n r\u0259qab\u0259t qabiliyy\u0259ti z\u0259ifl\u0259diyin\u0259 g\u00f6r\u0259 bazarlarda \u00fcst\u00fcnl\u00fck idxal mallar\u0131n\u0131n xeyrin\u0259 d\u0259yi\u015fir. Tarif art\u0131m\u0131, h\u0259m d\u0259 bahala\u015fmaya \u0259lav\u0259 t\u0259kan verir. Bu da, bir qayda olaraq, \u0259halinin al\u0131c\u0131l\u0131q qabiliyy\u0259tinin pisl\u0259\u015fm\u0259si il\u0259 m\u00fc\u015fayi\u0259t olunur. Odur ki, n\u0259 q\u0259d\u0259r gec deyil, istehsal, xidm\u0259t v\u0259 h\u0259yat s\u0259viyy\u0259si g\u00f6st\u0259ricil\u0259rinin daha da pisl\u0259\u015fm\u0259sinin qar\u015f\u0131s\u0131n\u0131 almaq namin\u0259 Tarif \u015euras\u0131n\u0131n q\u0259rar\u0131 l\u0259\u011fv olunmal\u0131d\u0131r&#8221;.<\/p>\n","protected":false},"excerpt":{"rendered":"<p>&#8221;Tarifl\u0259ri qald\u0131rmaqla z\u0259r\u0259rli yol se\u00e7ilib&#8221;<\/p>\n","protected":false},"author":11,"featured_media":72481,"comment_status":"closed","ping_status":"open","sticky":false,"template":"","format":"standard","meta":{"_acf_changed":false,"_sitemap_exclude":false,"_sitemap_priority":"","_sitemap_frequency":"","footnotes":""},"categories":[51],"tags":[],"class_list":["post-180976","post","type-post","status-publish","format-standard","has-post-thumbnail","hentry","category-analitika","infinite-scroll-item","generate-columns","tablet-grid-50","mobile-grid-100","grid-parent","grid-33","no-featured-image-padding"],"acf":[],"yoast_head":"<!-- This site is optimized with the Yoast SEO plugin v27.5 - https:\/\/yoast.com\/product\/yoast-seo-wordpress\/ -->\n<title>Nem\u0259t \u018fliyev: Tarif \u015euras\u0131n\u0131n q\u0259rar\u0131 l\u0259\u011fv olunmal\u0131d\u0131r - MEYDAN.TV<\/title>\n<meta name=\"robots\" content=\"index, follow, max-snippet:-1, max-image-preview:large, max-video-preview:-1\" \/>\n<link rel=\"canonical\" href=\"https:\/\/www.meydan.tv\/az\/article\/nemet-eliyev-tarif-surasinin-qerari-legv-olunmalidir\/\" \/>\n<meta property=\"og:locale\" content=\"az_AZ\" \/>\n<meta property=\"og:type\" content=\"article\" \/>\n<meta property=\"og:title\" content=\"Nem\u0259t \u018fliyev: Tarif \u015euras\u0131n\u0131n q\u0259rar\u0131 l\u0259\u011fv olunmal\u0131d\u0131r - MEYDAN.TV\" \/>\n<meta property=\"og:description\" content=\"&#039;&#039;Tarifl\u0259ri qald\u0131rmaqla z\u0259r\u0259rli yol se\u00e7ilib&#039;&#039;\" \/>\n<meta property=\"og:url\" content=\"https:\/\/www.meydan.tv\/az\/article\/nemet-eliyev-tarif-surasinin-qerari-legv-olunmalidir\/\" \/>\n<meta property=\"og:site_name\" content=\"MEYDAN.TV\" \/>\n<meta property=\"article:published_time\" content=\"2016-12-04T20:42:20+00:00\" \/>\n<meta property=\"og:image\" content=\"https:\/\/www.meydan.tv\/wp-content\/uploads\/27898.jpg\" \/>\n\t<meta property=\"og:image:width\" content=\"987\" \/>\n\t<meta property=\"og:image:height\" content=\"555\" \/>\n\t<meta property=\"og:image:type\" content=\"image\/jpeg\" \/>\n<meta name=\"author\" content=\"user-manager\" \/>\n<meta name=\"twitter:card\" content=\"summary_large_image\" \/>\n<script type=\"application\/ld+json\" class=\"yoast-schema-graph\">{\"@context\":\"https:\\\/\\\/schema.org\",\"@graph\":[{\"@type\":\"Article\",\"@id\":\"https:\\\/\\\/www.meydan.tv\\\/az\\\/article\\\/nemet-eliyev-tarif-surasinin-qerari-legv-olunmalidir\\\/#article\",\"isPartOf\":{\"@id\":\"https:\\\/\\\/www.meydan.tv\\\/az\\\/article\\\/nemet-eliyev-tarif-surasinin-qerari-legv-olunmalidir\\\/\"},\"author\":{\"name\":\"user-manager\",\"@id\":\"https:\\\/\\\/www.meydan.tv\\\/az\\\/#\\\/schema\\\/person\\\/10d11eccf6da3662cf5fdab9806ea91a\"},\"headline\":\"Nem\u0259t \u018fliyev: Tarif \u015euras\u0131n\u0131n q\u0259rar\u0131 l\u0259\u011fv olunmal\u0131d\u0131r\",\"datePublished\":\"2016-12-04T20:42:20+00:00\",\"mainEntityOfPage\":{\"@id\":\"https:\\\/\\\/www.meydan.tv\\\/az\\\/article\\\/nemet-eliyev-tarif-surasinin-qerari-legv-olunmalidir\\\/\"},\"wordCount\":1091,\"publisher\":{\"@id\":\"https:\\\/\\\/www.meydan.tv\\\/az\\\/#organization\"},\"image\":{\"@id\":\"https:\\\/\\\/www.meydan.tv\\\/az\\\/article\\\/nemet-eliyev-tarif-surasinin-qerari-legv-olunmalidir\\\/#primaryimage\"},\"thumbnailUrl\":\"https:\\\/\\\/www.meydan.tv\\\/wp-content\\\/uploads\\\/27898.jpg\",\"articleSection\":[\"Analitika\"],\"inLanguage\":\"az\"},{\"@type\":\"WebPage\",\"@id\":\"https:\\\/\\\/www.meydan.tv\\\/az\\\/article\\\/nemet-eliyev-tarif-surasinin-qerari-legv-olunmalidir\\\/\",\"url\":\"https:\\\/\\\/www.meydan.tv\\\/az\\\/article\\\/nemet-eliyev-tarif-surasinin-qerari-legv-olunmalidir\\\/\",\"name\":\"Nem\u0259t \u018fliyev: Tarif \u015euras\u0131n\u0131n q\u0259rar\u0131 l\u0259\u011fv olunmal\u0131d\u0131r - MEYDAN.TV\",\"isPartOf\":{\"@id\":\"https:\\\/\\\/www.meydan.tv\\\/az\\\/#website\"},\"primaryImageOfPage\":{\"@id\":\"https:\\\/\\\/www.meydan.tv\\\/az\\\/article\\\/nemet-eliyev-tarif-surasinin-qerari-legv-olunmalidir\\\/#primaryimage\"},\"image\":{\"@id\":\"https:\\\/\\\/www.meydan.tv\\\/az\\\/article\\\/nemet-eliyev-tarif-surasinin-qerari-legv-olunmalidir\\\/#primaryimage\"},\"thumbnailUrl\":\"https:\\\/\\\/www.meydan.tv\\\/wp-content\\\/uploads\\\/27898.jpg\",\"datePublished\":\"2016-12-04T20:42:20+00:00\",\"breadcrumb\":{\"@id\":\"https:\\\/\\\/www.meydan.tv\\\/az\\\/article\\\/nemet-eliyev-tarif-surasinin-qerari-legv-olunmalidir\\\/#breadcrumb\"},\"inLanguage\":\"az\",\"potentialAction\":[{\"@type\":\"ReadAction\",\"target\":[\"https:\\\/\\\/www.meydan.tv\\\/az\\\/article\\\/nemet-eliyev-tarif-surasinin-qerari-legv-olunmalidir\\\/\"]}]},{\"@type\":\"ImageObject\",\"inLanguage\":\"az\",\"@id\":\"https:\\\/\\\/www.meydan.tv\\\/az\\\/article\\\/nemet-eliyev-tarif-surasinin-qerari-legv-olunmalidir\\\/#primaryimage\",\"url\":\"https:\\\/\\\/www.meydan.tv\\\/wp-content\\\/uploads\\\/27898.jpg\",\"contentUrl\":\"https:\\\/\\\/www.meydan.tv\\\/wp-content\\\/uploads\\\/27898.jpg\",\"width\":987,\"height\":555,\"caption\":\"Source:\"},{\"@type\":\"BreadcrumbList\",\"@id\":\"https:\\\/\\\/www.meydan.tv\\\/az\\\/article\\\/nemet-eliyev-tarif-surasinin-qerari-legv-olunmalidir\\\/#breadcrumb\",\"itemListElement\":[{\"@type\":\"ListItem\",\"position\":1,\"name\":\"Ana s\u0259hif\u0259\",\"item\":\"https:\\\/\\\/www.meydan.tv\\\/az\\\/\"},{\"@type\":\"ListItem\",\"position\":2,\"name\":\"Analitika\",\"item\":\"https:\\\/\\\/www.meydan.tv\\\/az\\\/section\\\/analitika\\\/\"},{\"@type\":\"ListItem\",\"position\":3,\"name\":\"Nem\u0259t \u018fliyev: Tarif \u015euras\u0131n\u0131n q\u0259rar\u0131 l\u0259\u011fv olunmal\u0131d\u0131r\"}]},{\"@type\":\"WebSite\",\"@id\":\"https:\\\/\\\/www.meydan.tv\\\/az\\\/#website\",\"url\":\"https:\\\/\\\/www.meydan.tv\\\/az\\\/\",\"name\":\"MEYDAN.TV\",\"description\":\"Meydan TV Az\u0259rbaycan\u0131n media m\u0259kan\u0131ndak\u0131 alternativ s\u0259sidir\",\"publisher\":{\"@id\":\"https:\\\/\\\/www.meydan.tv\\\/az\\\/#organization\"},\"potentialAction\":[{\"@type\":\"SearchAction\",\"target\":{\"@type\":\"EntryPoint\",\"urlTemplate\":\"https:\\\/\\\/www.meydan.tv\\\/az\\\/?s={search_term_string}\"},\"query-input\":{\"@type\":\"PropertyValueSpecification\",\"valueRequired\":true,\"valueName\":\"search_term_string\"}}],\"inLanguage\":\"az\"},{\"@type\":\"Organization\",\"@id\":\"https:\\\/\\\/www.meydan.tv\\\/az\\\/#organization\",\"name\":\"Meydan TV\",\"url\":\"https:\\\/\\\/www.meydan.tv\\\/az\\\/\",\"logo\":{\"@type\":\"ImageObject\",\"inLanguage\":\"az\",\"@id\":\"https:\\\/\\\/www.meydan.tv\\\/az\\\/#\\\/schema\\\/logo\\\/image\\\/\",\"url\":\"https:\\\/\\\/www.meydan.tv\\\/wp-content\\\/uploads\\\/2021\\\/07\\\/meydan-logo.svg\",\"contentUrl\":\"https:\\\/\\\/www.meydan.tv\\\/wp-content\\\/uploads\\\/2021\\\/07\\\/meydan-logo.svg\",\"width\":195,\"height\":46,\"caption\":\"Meydan TV\"},\"image\":{\"@id\":\"https:\\\/\\\/www.meydan.tv\\\/az\\\/#\\\/schema\\\/logo\\\/image\\\/\"}},{\"@type\":\"Person\",\"@id\":\"https:\\\/\\\/www.meydan.tv\\\/az\\\/#\\\/schema\\\/person\\\/10d11eccf6da3662cf5fdab9806ea91a\",\"name\":\"user-manager\"}]}<\/script>\n<!-- \/ Yoast SEO plugin. -->","yoast_head_json":{"title":"Nem\u0259t \u018fliyev: Tarif \u015euras\u0131n\u0131n q\u0259rar\u0131 l\u0259\u011fv olunmal\u0131d\u0131r - MEYDAN.TV","robots":{"index":"index","follow":"follow","max-snippet":"max-snippet:-1","max-image-preview":"max-image-preview:large","max-video-preview":"max-video-preview:-1"},"canonical":"https:\/\/www.meydan.tv\/az\/article\/nemet-eliyev-tarif-surasinin-qerari-legv-olunmalidir\/","og_locale":"az_AZ","og_type":"article","og_title":"Nem\u0259t \u018fliyev: Tarif \u015euras\u0131n\u0131n q\u0259rar\u0131 l\u0259\u011fv olunmal\u0131d\u0131r - MEYDAN.TV","og_description":"''Tarifl\u0259ri qald\u0131rmaqla z\u0259r\u0259rli yol se\u00e7ilib''","og_url":"https:\/\/www.meydan.tv\/az\/article\/nemet-eliyev-tarif-surasinin-qerari-legv-olunmalidir\/","og_site_name":"MEYDAN.TV","article_published_time":"2016-12-04T20:42:20+00:00","og_image":[{"width":987,"height":555,"url":"https:\/\/www.meydan.tv\/wp-content\/uploads\/27898.jpg","type":"image\/jpeg"}],"author":"user-manager","twitter_card":"summary_large_image","schema":{"@context":"https:\/\/schema.org","@graph":[{"@type":"Article","@id":"https:\/\/www.meydan.tv\/az\/article\/nemet-eliyev-tarif-surasinin-qerari-legv-olunmalidir\/#article","isPartOf":{"@id":"https:\/\/www.meydan.tv\/az\/article\/nemet-eliyev-tarif-surasinin-qerari-legv-olunmalidir\/"},"author":{"name":"user-manager","@id":"https:\/\/www.meydan.tv\/az\/#\/schema\/person\/10d11eccf6da3662cf5fdab9806ea91a"},"headline":"Nem\u0259t \u018fliyev: Tarif \u015euras\u0131n\u0131n q\u0259rar\u0131 l\u0259\u011fv olunmal\u0131d\u0131r","datePublished":"2016-12-04T20:42:20+00:00","mainEntityOfPage":{"@id":"https:\/\/www.meydan.tv\/az\/article\/nemet-eliyev-tarif-surasinin-qerari-legv-olunmalidir\/"},"wordCount":1091,"publisher":{"@id":"https:\/\/www.meydan.tv\/az\/#organization"},"image":{"@id":"https:\/\/www.meydan.tv\/az\/article\/nemet-eliyev-tarif-surasinin-qerari-legv-olunmalidir\/#primaryimage"},"thumbnailUrl":"https:\/\/www.meydan.tv\/wp-content\/uploads\/27898.jpg","articleSection":["Analitika"],"inLanguage":"az"},{"@type":"WebPage","@id":"https:\/\/www.meydan.tv\/az\/article\/nemet-eliyev-tarif-surasinin-qerari-legv-olunmalidir\/","url":"https:\/\/www.meydan.tv\/az\/article\/nemet-eliyev-tarif-surasinin-qerari-legv-olunmalidir\/","name":"Nem\u0259t \u018fliyev: Tarif \u015euras\u0131n\u0131n q\u0259rar\u0131 l\u0259\u011fv olunmal\u0131d\u0131r - MEYDAN.TV","isPartOf":{"@id":"https:\/\/www.meydan.tv\/az\/#website"},"primaryImageOfPage":{"@id":"https:\/\/www.meydan.tv\/az\/article\/nemet-eliyev-tarif-surasinin-qerari-legv-olunmalidir\/#primaryimage"},"image":{"@id":"https:\/\/www.meydan.tv\/az\/article\/nemet-eliyev-tarif-surasinin-qerari-legv-olunmalidir\/#primaryimage"},"thumbnailUrl":"https:\/\/www.meydan.tv\/wp-content\/uploads\/27898.jpg","datePublished":"2016-12-04T20:42:20+00:00","breadcrumb":{"@id":"https:\/\/www.meydan.tv\/az\/article\/nemet-eliyev-tarif-surasinin-qerari-legv-olunmalidir\/#breadcrumb"},"inLanguage":"az","potentialAction":[{"@type":"ReadAction","target":["https:\/\/www.meydan.tv\/az\/article\/nemet-eliyev-tarif-surasinin-qerari-legv-olunmalidir\/"]}]},{"@type":"ImageObject","inLanguage":"az","@id":"https:\/\/www.meydan.tv\/az\/article\/nemet-eliyev-tarif-surasinin-qerari-legv-olunmalidir\/#primaryimage","url":"https:\/\/www.meydan.tv\/wp-content\/uploads\/27898.jpg","contentUrl":"https:\/\/www.meydan.tv\/wp-content\/uploads\/27898.jpg","width":987,"height":555,"caption":"Source:"},{"@type":"BreadcrumbList","@id":"https:\/\/www.meydan.tv\/az\/article\/nemet-eliyev-tarif-surasinin-qerari-legv-olunmalidir\/#breadcrumb","itemListElement":[{"@type":"ListItem","position":1,"name":"Ana s\u0259hif\u0259","item":"https:\/\/www.meydan.tv\/az\/"},{"@type":"ListItem","position":2,"name":"Analitika","item":"https:\/\/www.meydan.tv\/az\/section\/analitika\/"},{"@type":"ListItem","position":3,"name":"Nem\u0259t \u018fliyev: Tarif \u015euras\u0131n\u0131n q\u0259rar\u0131 l\u0259\u011fv olunmal\u0131d\u0131r"}]},{"@type":"WebSite","@id":"https:\/\/www.meydan.tv\/az\/#website","url":"https:\/\/www.meydan.tv\/az\/","name":"MEYDAN.TV","description":"Meydan TV Az\u0259rbaycan\u0131n media m\u0259kan\u0131ndak\u0131 alternativ s\u0259sidir","publisher":{"@id":"https:\/\/www.meydan.tv\/az\/#organization"},"potentialAction":[{"@type":"SearchAction","target":{"@type":"EntryPoint","urlTemplate":"https:\/\/www.meydan.tv\/az\/?s={search_term_string}"},"query-input":{"@type":"PropertyValueSpecification","valueRequired":true,"valueName":"search_term_string"}}],"inLanguage":"az"},{"@type":"Organization","@id":"https:\/\/www.meydan.tv\/az\/#organization","name":"Meydan TV","url":"https:\/\/www.meydan.tv\/az\/","logo":{"@type":"ImageObject","inLanguage":"az","@id":"https:\/\/www.meydan.tv\/az\/#\/schema\/logo\/image\/","url":"https:\/\/www.meydan.tv\/wp-content\/uploads\/2021\/07\/meydan-logo.svg","contentUrl":"https:\/\/www.meydan.tv\/wp-content\/uploads\/2021\/07\/meydan-logo.svg","width":195,"height":46,"caption":"Meydan TV"},"image":{"@id":"https:\/\/www.meydan.tv\/az\/#\/schema\/logo\/image\/"}},{"@type":"Person","@id":"https:\/\/www.meydan.tv\/az\/#\/schema\/person\/10d11eccf6da3662cf5fdab9806ea91a","name":"user-manager"}]}},"_links":{"self":[{"href":"https:\/\/www.meydan.tv\/az\/wp-json\/wp\/v2\/posts\/180976","targetHints":{"allow":["GET"]}}],"collection":[{"href":"https:\/\/www.meydan.tv\/az\/wp-json\/wp\/v2\/posts"}],"about":[{"href":"https:\/\/www.meydan.tv\/az\/wp-json\/wp\/v2\/types\/post"}],"author":[{"embeddable":true,"href":"https:\/\/www.meydan.tv\/az\/wp-json\/wp\/v2\/users\/11"}],"replies":[{"embeddable":true,"href":"https:\/\/www.meydan.tv\/az\/wp-json\/wp\/v2\/comments?post=180976"}],"version-history":[{"count":0,"href":"https:\/\/www.meydan.tv\/az\/wp-json\/wp\/v2\/posts\/180976\/revisions"}],"wp:featuredmedia":[{"embeddable":true,"href":"https:\/\/www.meydan.tv\/az\/wp-json\/wp\/v2\/media\/72481"}],"wp:attachment":[{"href":"https:\/\/www.meydan.tv\/az\/wp-json\/wp\/v2\/media?parent=180976"}],"wp:term":[{"taxonomy":"category","embeddable":true,"href":"https:\/\/www.meydan.tv\/az\/wp-json\/wp\/v2\/categories?post=180976"},{"taxonomy":"post_tag","embeddable":true,"href":"https:\/\/www.meydan.tv\/az\/wp-json\/wp\/v2\/tags?post=180976"}],"curies":[{"name":"wp","href":"https:\/\/api.w.org\/{rel}","templated":true}]}}