{"id":180974,"date":"2016-12-04T17:52:54","date_gmt":"2016-12-04T17:52:54","guid":{"rendered":"https:\/\/www.meydan.tv\/article\/regionlarin-qara-gunleri\/"},"modified":"2016-12-04T17:52:54","modified_gmt":"2016-12-04T17:52:54","slug":"regionlarin-qara-gunleri","status":"publish","type":"post","link":"https:\/\/www.meydan.tv\/az\/article\/regionlarin-qara-gunleri\/","title":{"rendered":"Regionlar\u0131n qara g\u00fcnl\u0259ri"},"content":{"rendered":"<figure class=\"wp-block-image size-large\">\n  <img decoding=\"async\" src=\"https:\/\/www.meydan.tv\/az\/yadigar-sadiqov-5\/\" alt=\"Yadigar Sad\u0131qov\" class=\"wp-image-73571\"\/><figcaption>\n    Yadigar Sad\u0131qov<br \/>\n  <\/figcaption><\/figure>\n<figure class=\"wp-block-image size-large\">\n  <img decoding=\"async\" src=\"https:\/\/www.meydan.tv\/az\/yadigar-sadiqov-4\/\" alt=\"Yadigar Sad\u0131qov\" class=\"wp-image-72080\"\/><figcaption>\n    Yadigar Sad\u0131qov<br \/>\n  <\/figcaption><\/figure>\n<p>\n  Az\u0259rbaycanda 2004-c\u00fc ild\u0259n b\u0259ri 3 &#8220;Regionlar\u0131n sosial-iqtisadi inki\u015faf\u0131 D\u00f6vl\u0259t proqram\u0131&#8221; q\u0259bul edilib. Sonuncu 2014-c\u00fc ild\u0259n icra edilir. Ondan \u0259vv\u0259lki 2 proqramlara is\u0259 50,7 milyard manat v\u0259sait x\u0259rcl\u0259nib. \u0130qtisadiyyat v\u0259 s\u0259naye naziri \u015eahin Mustafayevin 2014-c\u00fc il fevral\u0131n 4-d\u0259 ke\u00e7iril\u0259n konfransda s\u00f6yl\u0259diyin\u0259 g\u00f6r\u0259, ilk proqram\u0131n icras\u0131na 16 milyard, ikincisin\u0259 is\u0259 34,7 milyard y\u00f6n\u0259ldilmi\u015fdir.\n<\/p>\n<p>\n  Bu v\u0259saitl\u0259rin n\u0259 q\u0259d\u0259r s\u0259m\u0259r\u0259li x\u0259rcl\u0259nm\u0259si zaman-zaman diskussiya m\u00f6vzusu olub. Subyektiv m\u00fc\u015fahid\u0259l\u0259rim\u0259 g\u00f6r\u0259, \u00e7oxluq o fikird\u0259dir ki, milyardlarla manat\u0131n \u0259sas hiss\u0259si iqtisadiyyat\u0131n dir\u00e7\u0259lm\u0259sin\u0259 x\u0259rcl\u0259nm\u0259yib, &#8220;abadl\u0131q i\u015fl\u0259ri&#8221; ad\u0131 alt\u0131nda parklara, muzeyl\u0259r\u0259, heyk\u0259ll\u0259r\u0259, palma a\u011faclar\u0131na s\u0259rf olunub, \u0259h\u0259miyy\u0259tli hiss\u0259si d\u0259 m\u0259murlar t\u0259r\u0259find\u0259n m\u0259nims\u0259nilib.\n<\/p>\n<p>\n  T\u0259sad\u00fcfi deyil ki, bu q\u0259d\u0259r b\u00f6y\u00fck m\u0259bl\u0259\u011fin m\u00fcqabilind\u0259 m\u00fcst\u0259qil iqtisad\u00e7\u0131lar v\u0259 siyasi m\u00fcxalif\u0259tin n\u00fcmay\u0259nd\u0259l\u0259ri regionlarda iqtisadi v\u0259ziyy\u0259tin he\u00e7 d\u0259 \u00fcr\u0259ka\u00e7an olmad\u0131\u011f\u0131n\u0131 s\u00f6yl\u0259yirl\u0259r. Bu zaman onlar \u0259sas\u0259n 2 fakta istinad edirl\u0259r: regionlardan b\u00fcdc\u0259y\u0259 daxilolmalar\u0131n azl\u0131\u011f\u0131na v\u0259 rayonlar\u0131n h\u0259l\u0259 d\u0259 dotasiya hesab\u0131na ya\u015famas\u0131na.\n<\/p>\n<p>\n  Do\u011frudan da, iqtidar n\u00fcmay\u0259nd\u0259l\u0259ri regionlar\u0131n sosial-iqtisadi inki\u015faf\u0131, yeni m\u00fc\u0259ssis\u0259l\u0259rin v\u0259 i\u015f yerl\u0259rinin a\u00e7\u0131lmas\u0131 haqq\u0131nda \u00e7ox b\u0259la\u011f\u0259tli nitql\u0259r s\u00f6yl\u0259y\u0259, yoxlan\u0131lmas\u0131 m\u00fc\u015fk\u00fcl olan r\u0259q\u0259ml\u0259r s\u0259sl\u0259ndir\u0259 bil\u0259rl\u0259r. Amma dan\u0131lmaz fakt ondan ibar\u0259tdir ki, 2015-ci ild\u0259 regionlardan b\u00fcdc\u0259y\u0259 daxilolmalar b\u00fct\u00fcn g\u0259lirl\u0259rin c\u0259mi 4,1%-ni t\u0259\u015fkil edib. Ayd\u0131n m\u0259s\u0259l\u0259dir ki, d\u00f6vl\u0259t proqramlar\u0131 olmasayd\u0131 bel\u0259, regionlardan az-\u00e7ox v\u0259sait daxil olacaqd\u0131. Bunun topdan v\u0259 parak\u0259nd\u0259 sat\u0131\u015f\u0131 var, \u00e7ayxanas\u0131, restoran\u0131, \u015fadl\u0131q evl\u0259ri v\u0259 s. var. Hans\u0131lar ki, d\u00f6vl\u0259t proqramlar\u0131 icra edilm\u0259d\u0259n \u00f6nc\u0259 d\u0259 olub v\u0259 olacaqd\u0131. O zaman bu x\u0259rcl\u0259n\u0259n 50 milyard\u0131n effekti n\u0259d\u0259n ibar\u0259tdir?\n<\/p>\n<p>\n  Dotasiyalara g\u0259ldikd\u0259 is\u0259, regionlar\u0131n b\u00f6y\u00fck \u0259ks\u0259riyy\u0259ti \u00f6z x\u0259rcl\u0259rini qapatmaq \u00fc\u00e7\u00fcn g\u0259lirl\u0259rind\u0259n \u0259lav\u0259 bug\u00fcn\u0259 q\u0259d\u0259r m\u0259rk\u0259zd\u0259n maliyy\u0259 v\u0259saiti al\u0131rd\u0131lar. Yaln\u0131z Ab\u015feron v\u0259 \u0130mi\u015fli rayonlar\u0131, Sumqay\u0131t, Ming\u0259\u00e7evir, Naftalan v\u0259 \u015eirvan \u015f\u0259h\u0259rl\u0259ri son ill\u0259r \u00f6z x\u0259rcl\u0259rini \u00f6d\u0259yirdil\u0259r. O zaman da haql\u0131 sual yaran\u0131rd\u0131 ki, bu q\u0259d\u0259r s\u0259rmay\u0259 yat\u0131r\u0131lan regionlar niy\u0259 dotasiya il\u0259 ya\u015fay\u0131rlar.\n<\/p>\n<p>\n  Yeni ild\u0259n is\u0259 v\u0259ziyy\u0259t d\u0259yi\u015f\u0259c\u0259k. Bel\u0259 ki, 2017-ci ilin b\u00fcdc\u0259 layih\u0259sin\u0259 g\u00f6r\u0259 yuxar\u0131da sadalananlardan \u0259lav\u0259 daha 27 \u015f\u0259h\u0259r v\u0259 rayonlar (G\u0259nc\u0259, L\u0259nk\u0259ran, \u015e\u0259ki v\u0259 Yevlax \u015f\u0259h\u0259rl\u0259ri, A\u011fcab\u0259di, Astara, Beyl\u0259qan, B\u0259rd\u0259, Bil\u0259suvar, G\u00f6y\u00e7ay, Hac\u0131qabul, Xa\u00e7maz, \u0130smay\u0131ll\u0131, K\u00fcrd\u0259mir, Qazax, Q\u0259b\u0259l\u0259, Quba, Qubadl\u0131, Qusar, Masall\u0131, Neft\u00e7ala, Saatl\u0131, Sabirabad, Salyan, Siy\u0259z\u0259n, \u015eabran v\u0259 \u015eamax\u0131 rayonlar\u0131) \u00f6z g\u0259lirl\u0259ri hesab\u0131na ya\u015fayacaqlar. Dig\u0259r rayonlara da m\u0259rk\u0259zd\u0259n dotasiyalar xeyli azalacaq.\n<\/p>\n<p>\n  N\u0259tic\u0259d\u0259 bel\u0259 bir v\u0259ziyy\u0259t yaran\u0131r: \u0259g\u0259r 2016-c\u0131 ilin b\u00fcdc\u0259sind\u0259 \u0259yal\u0259tl\u0259r\u0259 775 milyon manata yax\u0131n dotasiyan\u0131n ayr\u0131lmas\u0131 n\u0259z\u0259rd\u0259 tutulmu\u015fdusa, 2017-ci ild\u0259 bu r\u0259q\u0259m 11 d\u0259f\u0259d\u0259n \u00e7ox azalaraq 68,4 milyon manata b\u0259rab\u0259r olacaq.\n<\/p>\n<p>\n  \u0130lk bax\u0131\u015fda bu hal pozitiv t\u0259\u0259ss\u00fcrat oyada bil\u0259r. Yoxsa yat\u0131r\u0131lan s\u0259rmay\u0259 art\u0131q n\u0259tic\u0259 verm\u0259y\u0259 ba\u015flay\u0131r v\u0259 m\u0259rk\u0259zd\u0259n as\u0131l\u0131l\u0131q azal\u0131r? T\u0259\u0259ss\u00fcf ki, ger\u00e7\u0259klik bel\u0259 \u00fcr\u0259ka\u00e7an deyil. Regionlarda he\u00e7 bir iqtisadi s\u0131\u00e7ray\u0131\u015f m\u00fc\u015fahid\u0259 olunmayacaq.\n<\/p>\n<p>\n  \u018fg\u0259r bu ilin b\u00fcdc\u0259sind\u0259 regionlardan 586,9 milyon manat m\u0259bl\u0259\u011f\u0131nd\u0259 g\u0259lirl\u0259rin toplanmas\u0131 n\u0259z\u0259rd\u0259 tutulurdusa, g\u0259l\u0259n il bu m\u0259bl\u0259\u011fin 596,6 milyon manat olaa\u011f\u0131 proqnozla\u015fd\u0131r\u0131l\u0131r. Y\u0259ni 1,65% h\u0259cmind\u0259 art\u0131m g\u00f6zl\u0259nilir. Manat\u0131n d\u0259y\u0259r itkisi faizinin daha y\u00fcks\u0259k oldu\u011funu n\u0259z\u0259r\u0259 alsaq, real g\u0259lirl\u0259rin artaca\u011f\u0131n\u0131 deyil, azalaca\u011f\u0131n\u0131 s\u00f6yl\u0259m\u0259k olar.<br \/>\n  <br \/>\n  Onu da qeyd ed\u0259k, b\u00fcdc\u0259 layih\u0259sind\u0259 Nax\u00e7\u0131van Muxtar Respublikas\u0131n\u0131n g\u0259lir v\u0259 x\u0259rcl\u0259ri ayr\u0131ca g\u00f6st\u0259rilir. Burada is\u0259 yerli g\u0259lir v\u0259 m\u0259rk\u0259zd\u0259n dotasiya nisb\u0259tind\u0259 ciddi d\u0259yi\u015fiklik yoxdur. 2016-c\u0131 ilin b\u00fcdc\u0259sind\u0259 muxtar respublikan\u0131n b\u00fcdc\u0259sinin 19,6%-ni (69 milyon manat) yerli g\u0259lirl\u0259r, 80,4%-ni (282,4 milyon manat) dotasiya t\u0259\u015fkil edirdi. G\u0259l\u0259n ilin b\u00fcdc\u0259sind\u0259 bu g\u00f6st\u0259ricil\u0259r 19,9% (69,5 milyon) v\u0259 80,1% (278,9 milyon) olmas\u0131 planla\u015fd\u0131r\u0131l\u0131r. Y\u0259ni dig\u0259r \u0259yal\u0259tl\u0259r\u0259 nisb\u0259td\u0259 m\u00fc\u015fahid\u0259 etdiyimiz n\u0259h\u0259ng q\u0259na\u0259t Nax\u00e7\u0131vanda yaln\u0131z 3,5 milyon manatl\u0131q azalma il\u0259 \u0259ks olunur.\n<\/p>\n<p>\n  Bu r\u0259q\u0259ml\u0259r ortaya maraql\u0131 situasiya qoyur. 444 min \u0259halisi olan Nax\u00e7\u0131van Muxtar Respublikas\u0131n\u0131n b\u00fcdc\u0259si 348,4 milyon manata b\u0259rab\u0259r olur. Adamba\u015f\u0131na d\u00fc\u015f\u0259n g\u0259lir 785 manat t\u0259\u015fkil edir ki, bu g\u00f6st\u0259rici d\u0259 yaln\u0131z paytaxtdak\u0131ndan azd\u0131r. \u018fn a\u015fa\u011f\u0131 g\u00f6st\u0259rici is\u0259 L\u0259nk\u0259randa proqnozl\u015fd\u0131r\u0131l\u0131r. 231 min \u0259halisi olan rayonda 16,88 milyon g\u0259lir g\u00f6zl\u0259nilir ki, bu zaman da adamba\u015f\u0131na 73 manat d\u00fc\u015f\u00fcr. Nax\u00e7\u0131vanda qeydiyyatda olan \u0259halinin ger\u00e7\u0259klikd\u0259 n\u0259 q\u0259d\u0259rinin muxtar respublikada ya\u015famas\u0131 da ba\u015fqa m\u00f6vzudur.\n<\/p>\n<p>\n  Yeni b\u00fcdc\u0259 layih\u0259si regionlar \u00fc\u00e7\u00fcn \u00e7ox \u00e7\u0259tin bir d\u00f6vr\u00fcn ba\u015flanmas\u0131ndan x\u0259b\u0259r verir. \u00d6nc\u0259ki ill\u0259rd\u0259 ayr\u0131lan v\u0259saitl\u0259r n\u0259 q\u0259d\u0259r s\u0259m\u0259r\u0259siz x\u0259rcl\u0259ns\u0259l\u0259r bel\u0259, h\u0259r halda \u0259halinin dolan\u0131\u015f\u0131\u011f\u0131na m\u00fcsb\u0259t t\u0259sir g\u00f6st\u0259rirdi. Abadl\u0131q i\u015fl\u0259rind\u0259 \u00e7al\u0131\u015fanlar maa\u015f al\u0131rd\u0131lar, d\u00f6vl\u0259t t\u0259r\u0259find\u0259n x\u0131rda-para sat\u0131nalmalar (daha \u0259h\u0259miyy\u0259tli sat\u0131nalmalar monopoliyada olur ad\u0259t\u0259n) h\u0259yata ke\u00e7irilirdi. \u0130ndi is\u0259 b\u00fct\u00fcn bunlar olmayacaq v\u0259 regionlarda pul k\u00fctl\u0259si 2 d\u0259f\u0259d\u0259n \u00e7ox azalacaq.\n<\/p>\n<p>\n  Dig\u0259r t\u0259r\u0259fd\u0259n, bu tendensiya neft qiym\u0259tl\u0259rinin baha oldu\u011fu vaxtlarda israfl\u0131qla \u015fi\u015firdilmi\u015f idar\u0259etm\u0259 aparat\u0131nda ixtisarlar\u0131n anonsu hesab oluna bil\u0259r. N\u0259tic\u0259d\u0259, i\u015fsizl\u0259rin say\u0131 artacaq.\n<\/p>\n<p>\n  Bel\u0259c\u0259, m\u0259rk\u0259zi hakimiyy\u0259tin regionlar\u0131 taleyin \u00fcmidin\u0259 buraxmas\u0131n\u0131n \u015fahidi oluruq. Bir m\u00fcdd\u0259t \u00f6nc\u0259 &#8220;icra ba\u015f\u00e7\u0131lar\u0131 xaricd\u0259n investor c\u0259lb etsinl\u0259r&#8221; \u015f\u0259klind\u0259 s\u0259sl\u0259ndiril\u0259n siyas\u0259tin davam\u0131 olaraq suda bo\u011fulan\u0131n xilas\u0131 \u00f6z \u00f6hd\u0259sin\u0259 burax\u0131l\u0131r. Bu is\u0259 ciddi sosial sars\u0131nt\u0131larla m\u00fc\u015fayi\u0259t oluna bil\u0259r.<\/p>\n","protected":false},"excerpt":{"rendered":"<p>Az\u0259rbaycanda 2004-c\u00fc ild\u0259n b\u0259ri 3 &#8220;Regionlar\u0131n sosial-iqtisadi inki\u015faf\u0131 D\u00f6vl\u0259t proqram\u0131&#8221; q\u0259bul edilib<\/p>\n","protected":false},"author":11,"featured_media":73571,"comment_status":"closed","ping_status":"open","sticky":false,"template":"","format":"standard","meta":{"_acf_changed":false,"_sitemap_exclude":false,"_sitemap_priority":"","_sitemap_frequency":"","footnotes":""},"categories":[57],"tags":[],"class_list":["post-180974","post","type-post","status-publish","format-standard","has-post-thumbnail","hentry","category-menim-fikrimce","infinite-scroll-item","generate-columns","tablet-grid-50","mobile-grid-100","grid-parent","grid-33","no-featured-image-padding"],"acf":[],"yoast_head":"<!-- This site is optimized with the Yoast SEO plugin v27.5 - https:\/\/yoast.com\/product\/yoast-seo-wordpress\/ -->\n<title>Regionlar\u0131n qara g\u00fcnl\u0259ri - MEYDAN.TV<\/title>\n<meta name=\"robots\" content=\"index, follow, max-snippet:-1, max-image-preview:large, max-video-preview:-1\" \/>\n<link rel=\"canonical\" href=\"https:\/\/www.meydan.tv\/az\/article\/regionlarin-qara-gunleri\/\" \/>\n<meta property=\"og:locale\" content=\"az_AZ\" \/>\n<meta property=\"og:type\" content=\"article\" \/>\n<meta property=\"og:title\" content=\"Regionlar\u0131n qara g\u00fcnl\u0259ri - MEYDAN.TV\" \/>\n<meta property=\"og:description\" content=\"Az\u0259rbaycanda 2004-c\u00fc ild\u0259n b\u0259ri 3 &quot;Regionlar\u0131n sosial-iqtisadi inki\u015faf\u0131 D\u00f6vl\u0259t proqram\u0131&quot; q\u0259bul edilib\" \/>\n<meta property=\"og:url\" content=\"https:\/\/www.meydan.tv\/az\/article\/regionlarin-qara-gunleri\/\" \/>\n<meta property=\"og:site_name\" content=\"MEYDAN.TV\" \/>\n<meta property=\"article:published_time\" content=\"2016-12-04T17:52:54+00:00\" \/>\n<meta property=\"og:image\" content=\"https:\/\/www.meydan.tv\/wp-content\/uploads\/27675.jpg\" \/>\n\t<meta property=\"og:image:width\" content=\"500\" \/>\n\t<meta property=\"og:image:height\" content=\"350\" \/>\n\t<meta property=\"og:image:type\" content=\"image\/jpeg\" \/>\n<meta name=\"author\" content=\"user-manager\" \/>\n<meta name=\"twitter:card\" content=\"summary_large_image\" \/>\n<script type=\"application\/ld+json\" class=\"yoast-schema-graph\">{\"@context\":\"https:\\\/\\\/schema.org\",\"@graph\":[{\"@type\":\"Article\",\"@id\":\"https:\\\/\\\/www.meydan.tv\\\/az\\\/article\\\/regionlarin-qara-gunleri\\\/#article\",\"isPartOf\":{\"@id\":\"https:\\\/\\\/www.meydan.tv\\\/az\\\/article\\\/regionlarin-qara-gunleri\\\/\"},\"author\":{\"name\":\"user-manager\",\"@id\":\"https:\\\/\\\/www.meydan.tv\\\/az\\\/#\\\/schema\\\/person\\\/10d11eccf6da3662cf5fdab9806ea91a\"},\"headline\":\"Regionlar\u0131n qara g\u00fcnl\u0259ri\",\"datePublished\":\"2016-12-04T17:52:54+00:00\",\"mainEntityOfPage\":{\"@id\":\"https:\\\/\\\/www.meydan.tv\\\/az\\\/article\\\/regionlarin-qara-gunleri\\\/\"},\"wordCount\":1205,\"publisher\":{\"@id\":\"https:\\\/\\\/www.meydan.tv\\\/az\\\/#organization\"},\"image\":{\"@id\":\"https:\\\/\\\/www.meydan.tv\\\/az\\\/article\\\/regionlarin-qara-gunleri\\\/#primaryimage\"},\"thumbnailUrl\":\"https:\\\/\\\/www.meydan.tv\\\/wp-content\\\/uploads\\\/27675.jpg\",\"articleSection\":[\"M\u0259nim Fikrimc\u0259\"],\"inLanguage\":\"az\"},{\"@type\":\"WebPage\",\"@id\":\"https:\\\/\\\/www.meydan.tv\\\/az\\\/article\\\/regionlarin-qara-gunleri\\\/\",\"url\":\"https:\\\/\\\/www.meydan.tv\\\/az\\\/article\\\/regionlarin-qara-gunleri\\\/\",\"name\":\"Regionlar\u0131n qara g\u00fcnl\u0259ri - MEYDAN.TV\",\"isPartOf\":{\"@id\":\"https:\\\/\\\/www.meydan.tv\\\/az\\\/#website\"},\"primaryImageOfPage\":{\"@id\":\"https:\\\/\\\/www.meydan.tv\\\/az\\\/article\\\/regionlarin-qara-gunleri\\\/#primaryimage\"},\"image\":{\"@id\":\"https:\\\/\\\/www.meydan.tv\\\/az\\\/article\\\/regionlarin-qara-gunleri\\\/#primaryimage\"},\"thumbnailUrl\":\"https:\\\/\\\/www.meydan.tv\\\/wp-content\\\/uploads\\\/27675.jpg\",\"datePublished\":\"2016-12-04T17:52:54+00:00\",\"breadcrumb\":{\"@id\":\"https:\\\/\\\/www.meydan.tv\\\/az\\\/article\\\/regionlarin-qara-gunleri\\\/#breadcrumb\"},\"inLanguage\":\"az\",\"potentialAction\":[{\"@type\":\"ReadAction\",\"target\":[\"https:\\\/\\\/www.meydan.tv\\\/az\\\/article\\\/regionlarin-qara-gunleri\\\/\"]}]},{\"@type\":\"ImageObject\",\"inLanguage\":\"az\",\"@id\":\"https:\\\/\\\/www.meydan.tv\\\/az\\\/article\\\/regionlarin-qara-gunleri\\\/#primaryimage\",\"url\":\"https:\\\/\\\/www.meydan.tv\\\/wp-content\\\/uploads\\\/27675.jpg\",\"contentUrl\":\"https:\\\/\\\/www.meydan.tv\\\/wp-content\\\/uploads\\\/27675.jpg\",\"width\":500,\"height\":350,\"caption\":\"Source:\"},{\"@type\":\"BreadcrumbList\",\"@id\":\"https:\\\/\\\/www.meydan.tv\\\/az\\\/article\\\/regionlarin-qara-gunleri\\\/#breadcrumb\",\"itemListElement\":[{\"@type\":\"ListItem\",\"position\":1,\"name\":\"Ana s\u0259hif\u0259\",\"item\":\"https:\\\/\\\/www.meydan.tv\\\/az\\\/\"},{\"@type\":\"ListItem\",\"position\":2,\"name\":\"M\u0259nim Fikrimc\u0259\",\"item\":\"https:\\\/\\\/www.meydan.tv\\\/az\\\/section\\\/menim-fikrimce\\\/\"},{\"@type\":\"ListItem\",\"position\":3,\"name\":\"Regionlar\u0131n qara g\u00fcnl\u0259ri\"}]},{\"@type\":\"WebSite\",\"@id\":\"https:\\\/\\\/www.meydan.tv\\\/az\\\/#website\",\"url\":\"https:\\\/\\\/www.meydan.tv\\\/az\\\/\",\"name\":\"MEYDAN.TV\",\"description\":\"Meydan TV Az\u0259rbaycan\u0131n media m\u0259kan\u0131ndak\u0131 alternativ s\u0259sidir\",\"publisher\":{\"@id\":\"https:\\\/\\\/www.meydan.tv\\\/az\\\/#organization\"},\"potentialAction\":[{\"@type\":\"SearchAction\",\"target\":{\"@type\":\"EntryPoint\",\"urlTemplate\":\"https:\\\/\\\/www.meydan.tv\\\/az\\\/?s={search_term_string}\"},\"query-input\":{\"@type\":\"PropertyValueSpecification\",\"valueRequired\":true,\"valueName\":\"search_term_string\"}}],\"inLanguage\":\"az\"},{\"@type\":\"Organization\",\"@id\":\"https:\\\/\\\/www.meydan.tv\\\/az\\\/#organization\",\"name\":\"Meydan TV\",\"url\":\"https:\\\/\\\/www.meydan.tv\\\/az\\\/\",\"logo\":{\"@type\":\"ImageObject\",\"inLanguage\":\"az\",\"@id\":\"https:\\\/\\\/www.meydan.tv\\\/az\\\/#\\\/schema\\\/logo\\\/image\\\/\",\"url\":\"https:\\\/\\\/www.meydan.tv\\\/wp-content\\\/uploads\\\/2021\\\/07\\\/meydan-logo.svg\",\"contentUrl\":\"https:\\\/\\\/www.meydan.tv\\\/wp-content\\\/uploads\\\/2021\\\/07\\\/meydan-logo.svg\",\"width\":195,\"height\":46,\"caption\":\"Meydan TV\"},\"image\":{\"@id\":\"https:\\\/\\\/www.meydan.tv\\\/az\\\/#\\\/schema\\\/logo\\\/image\\\/\"}},{\"@type\":\"Person\",\"@id\":\"https:\\\/\\\/www.meydan.tv\\\/az\\\/#\\\/schema\\\/person\\\/10d11eccf6da3662cf5fdab9806ea91a\",\"name\":\"user-manager\"}]}<\/script>\n<!-- \/ Yoast SEO plugin. -->","yoast_head_json":{"title":"Regionlar\u0131n qara g\u00fcnl\u0259ri - MEYDAN.TV","robots":{"index":"index","follow":"follow","max-snippet":"max-snippet:-1","max-image-preview":"max-image-preview:large","max-video-preview":"max-video-preview:-1"},"canonical":"https:\/\/www.meydan.tv\/az\/article\/regionlarin-qara-gunleri\/","og_locale":"az_AZ","og_type":"article","og_title":"Regionlar\u0131n qara g\u00fcnl\u0259ri - MEYDAN.TV","og_description":"Az\u0259rbaycanda 2004-c\u00fc ild\u0259n b\u0259ri 3 \"Regionlar\u0131n sosial-iqtisadi inki\u015faf\u0131 D\u00f6vl\u0259t proqram\u0131\" q\u0259bul edilib","og_url":"https:\/\/www.meydan.tv\/az\/article\/regionlarin-qara-gunleri\/","og_site_name":"MEYDAN.TV","article_published_time":"2016-12-04T17:52:54+00:00","og_image":[{"width":500,"height":350,"url":"https:\/\/www.meydan.tv\/wp-content\/uploads\/27675.jpg","type":"image\/jpeg"}],"author":"user-manager","twitter_card":"summary_large_image","schema":{"@context":"https:\/\/schema.org","@graph":[{"@type":"Article","@id":"https:\/\/www.meydan.tv\/az\/article\/regionlarin-qara-gunleri\/#article","isPartOf":{"@id":"https:\/\/www.meydan.tv\/az\/article\/regionlarin-qara-gunleri\/"},"author":{"name":"user-manager","@id":"https:\/\/www.meydan.tv\/az\/#\/schema\/person\/10d11eccf6da3662cf5fdab9806ea91a"},"headline":"Regionlar\u0131n qara g\u00fcnl\u0259ri","datePublished":"2016-12-04T17:52:54+00:00","mainEntityOfPage":{"@id":"https:\/\/www.meydan.tv\/az\/article\/regionlarin-qara-gunleri\/"},"wordCount":1205,"publisher":{"@id":"https:\/\/www.meydan.tv\/az\/#organization"},"image":{"@id":"https:\/\/www.meydan.tv\/az\/article\/regionlarin-qara-gunleri\/#primaryimage"},"thumbnailUrl":"https:\/\/www.meydan.tv\/wp-content\/uploads\/27675.jpg","articleSection":["M\u0259nim Fikrimc\u0259"],"inLanguage":"az"},{"@type":"WebPage","@id":"https:\/\/www.meydan.tv\/az\/article\/regionlarin-qara-gunleri\/","url":"https:\/\/www.meydan.tv\/az\/article\/regionlarin-qara-gunleri\/","name":"Regionlar\u0131n qara g\u00fcnl\u0259ri - MEYDAN.TV","isPartOf":{"@id":"https:\/\/www.meydan.tv\/az\/#website"},"primaryImageOfPage":{"@id":"https:\/\/www.meydan.tv\/az\/article\/regionlarin-qara-gunleri\/#primaryimage"},"image":{"@id":"https:\/\/www.meydan.tv\/az\/article\/regionlarin-qara-gunleri\/#primaryimage"},"thumbnailUrl":"https:\/\/www.meydan.tv\/wp-content\/uploads\/27675.jpg","datePublished":"2016-12-04T17:52:54+00:00","breadcrumb":{"@id":"https:\/\/www.meydan.tv\/az\/article\/regionlarin-qara-gunleri\/#breadcrumb"},"inLanguage":"az","potentialAction":[{"@type":"ReadAction","target":["https:\/\/www.meydan.tv\/az\/article\/regionlarin-qara-gunleri\/"]}]},{"@type":"ImageObject","inLanguage":"az","@id":"https:\/\/www.meydan.tv\/az\/article\/regionlarin-qara-gunleri\/#primaryimage","url":"https:\/\/www.meydan.tv\/wp-content\/uploads\/27675.jpg","contentUrl":"https:\/\/www.meydan.tv\/wp-content\/uploads\/27675.jpg","width":500,"height":350,"caption":"Source:"},{"@type":"BreadcrumbList","@id":"https:\/\/www.meydan.tv\/az\/article\/regionlarin-qara-gunleri\/#breadcrumb","itemListElement":[{"@type":"ListItem","position":1,"name":"Ana s\u0259hif\u0259","item":"https:\/\/www.meydan.tv\/az\/"},{"@type":"ListItem","position":2,"name":"M\u0259nim Fikrimc\u0259","item":"https:\/\/www.meydan.tv\/az\/section\/menim-fikrimce\/"},{"@type":"ListItem","position":3,"name":"Regionlar\u0131n qara g\u00fcnl\u0259ri"}]},{"@type":"WebSite","@id":"https:\/\/www.meydan.tv\/az\/#website","url":"https:\/\/www.meydan.tv\/az\/","name":"MEYDAN.TV","description":"Meydan TV Az\u0259rbaycan\u0131n media m\u0259kan\u0131ndak\u0131 alternativ s\u0259sidir","publisher":{"@id":"https:\/\/www.meydan.tv\/az\/#organization"},"potentialAction":[{"@type":"SearchAction","target":{"@type":"EntryPoint","urlTemplate":"https:\/\/www.meydan.tv\/az\/?s={search_term_string}"},"query-input":{"@type":"PropertyValueSpecification","valueRequired":true,"valueName":"search_term_string"}}],"inLanguage":"az"},{"@type":"Organization","@id":"https:\/\/www.meydan.tv\/az\/#organization","name":"Meydan TV","url":"https:\/\/www.meydan.tv\/az\/","logo":{"@type":"ImageObject","inLanguage":"az","@id":"https:\/\/www.meydan.tv\/az\/#\/schema\/logo\/image\/","url":"https:\/\/www.meydan.tv\/wp-content\/uploads\/2021\/07\/meydan-logo.svg","contentUrl":"https:\/\/www.meydan.tv\/wp-content\/uploads\/2021\/07\/meydan-logo.svg","width":195,"height":46,"caption":"Meydan TV"},"image":{"@id":"https:\/\/www.meydan.tv\/az\/#\/schema\/logo\/image\/"}},{"@type":"Person","@id":"https:\/\/www.meydan.tv\/az\/#\/schema\/person\/10d11eccf6da3662cf5fdab9806ea91a","name":"user-manager"}]}},"_links":{"self":[{"href":"https:\/\/www.meydan.tv\/az\/wp-json\/wp\/v2\/posts\/180974","targetHints":{"allow":["GET"]}}],"collection":[{"href":"https:\/\/www.meydan.tv\/az\/wp-json\/wp\/v2\/posts"}],"about":[{"href":"https:\/\/www.meydan.tv\/az\/wp-json\/wp\/v2\/types\/post"}],"author":[{"embeddable":true,"href":"https:\/\/www.meydan.tv\/az\/wp-json\/wp\/v2\/users\/11"}],"replies":[{"embeddable":true,"href":"https:\/\/www.meydan.tv\/az\/wp-json\/wp\/v2\/comments?post=180974"}],"version-history":[{"count":0,"href":"https:\/\/www.meydan.tv\/az\/wp-json\/wp\/v2\/posts\/180974\/revisions"}],"wp:featuredmedia":[{"embeddable":true,"href":"https:\/\/www.meydan.tv\/az\/wp-json\/wp\/v2\/media\/73571"}],"wp:attachment":[{"href":"https:\/\/www.meydan.tv\/az\/wp-json\/wp\/v2\/media?parent=180974"}],"wp:term":[{"taxonomy":"category","embeddable":true,"href":"https:\/\/www.meydan.tv\/az\/wp-json\/wp\/v2\/categories?post=180974"},{"taxonomy":"post_tag","embeddable":true,"href":"https:\/\/www.meydan.tv\/az\/wp-json\/wp\/v2\/tags?post=180974"}],"curies":[{"name":"wp","href":"https:\/\/api.w.org\/{rel}","templated":true}]}}