{"id":180973,"date":"2016-12-04T17:38:34","date_gmt":"2016-12-04T17:38:34","guid":{"rendered":"https:\/\/www.meydan.tv\/article\/bohranin-sezon-finali\/"},"modified":"2016-12-04T17:38:34","modified_gmt":"2016-12-04T17:38:34","slug":"bohranin-sezon-finali","status":"publish","type":"post","link":"https:\/\/www.meydan.tv\/az\/article\/bohranin-sezon-finali\/","title":{"rendered":"B\u00f6hran\u0131n sezon final\u0131&#8230;"},"content":{"rendered":"<figure class=\"wp-block-image size-large\">\n  <img decoding=\"async\" src=\"https:\/\/www.meydan.tv\/az\/74625\/\" alt=\"\" class=\"wp-image-74625\"\/><figcaption><\/figcaption><\/figure>\n<figure class=\"wp-block-image size-large\">\n  <img decoding=\"async\" src=\"https:\/\/www.meydan.tv\/az\/74628\/\" alt=\"\" class=\"wp-image-74628\"\/><figcaption><\/figcaption><\/figure>\n<p>\n  H\u0259r bir \u00f6lk\u0259nin inki\u015faf\u0131 \u00fc\u00e7\u00fcn \u0259sas amill\u0259rd\u0259n biri istehlak\u00e7\u0131 (t\u00fck\u0259dici) g\u00fcv\u0259nidir. \u018fhali, istehlak\u00e7\u0131lar g\u0259l\u0259c\u0259y\u0259 inam\u0131, g\u00fcv\u0259ni varsa, daha \u00e7ox x\u0259rcl\u0259yir, daha \u00e7ox x\u0259rcl\u0259dikc\u0259 iqtisadiyyat\u0131n art\u0131m\u0131 s\u00fcr\u0259tl\u0259nir, iqtisadiyyat artd\u0131qca \u0259hali daha \u00e7ox qazan\u0131r, daha \u00e7ox qazand\u0131qca da, yenid\u0259n daha \u00e7ox x\u0259rcl\u0259yir v\u0259 bu \u00e7arx yenid\u0259n d\u00f6nm\u0259y\u0259 ba\u015flay\u0131r. H\u00f6kum\u0259t\u0259, g\u0259l\u0259c\u0259y\u0259, milli iqtisadiyyata g\u00fcv\u0259n olduqda banklar daha \u00e7ox kredit verir, banklar\u0131n kreditl\u0259\u015fm\u0259 s\u00fcr\u0259ti art\u0131qca iqtisadiyyata daha \u00e7ox pul daxil olur, daha \u00e7ox pul is\u0259 \u0259hali \u00fc\u00e7\u00fcn daha \u00e7ox i\u015f yerl\u0259ri v\u0259 qazanc yarad\u0131r.\n<\/p>\n<p>\n  H\u0259r bir \u00f6lk\u0259d\u0259 \u0259hali qazanc\u0131n\u0131n b\u00f6y\u00fck bir hiss\u0259sini \u0259rza\u011fa, kommunal xidm\u0259tl\u0259r\u0259 v\u0259 sa\u011flaml\u0131\u011fa x\u0259rcl\u0259yirs\u0259 v\u0259 bununla paralel olaraq \u00f6lk\u0259l\u0259rd\u0259 i\u015f yerl\u0259ri v\u0259 g\u0259lirl\u0259r azal\u0131rsa, istehlak\u00e7\u0131 g\u00fcv\u0259ni dib\u0259 vurur, \u00f6lk\u0259l\u0259r s\u00fcr\u0259tl\u0259 kas\u0131bl\u0131\u011fa yuvarlan\u0131r, banklar borclar\u0131n\u0131 ala bilmir, bank sistemi iflic olur, bununla da b\u00fct\u00fcn iqtisadiyyat s\u00fcr\u0259tl\u0259 geriliyir.\n<\/p>\n<p>\n  Yuxar\u0131da yazd\u0131qlar\u0131m elmdir, iqtisadiyyat elmidir, sad\u0259c\u0259, daha b\u0259sit formada izah etm\u0259y\u0259 \u00e7al\u0131\u015fd\u0131m. Qeyd etdiyim b\u00fct\u00fcn bu simptomlar \u00f6lk\u0259mizd\u0259 var, \u0259halinin n\u0259 h\u00f6kum\u0259t\u0259, n\u0259 maliyy\u0259 sistemin\u0259, n\u0259 g\u0259l\u0259c\u0259yin\u0259, n\u0259 milli valyutas\u0131na inam\u0131 qalmay\u0131b, g\u00fcv\u0259n yerl\u0259-bir olub. Bank sistemi \u00e7\u00f6k\u00fcb, sad\u0259c\u0259 elan edilmir, \u0259hali s\u00fcr\u0259tl\u0259 kas\u0131bla\u015f\u0131r, \u00f6lk\u0259 iqtisadiyyat\u0131n\u0131n \u00e7arxlar\u0131n\u0131 b\u00fcdc\u0259 i\u015f\u00e7il\u0259rinin v\u0259 t\u0259qa\u00fcd\u00e7\u00fcl\u0259rin h\u0259r ay ald\u0131\u011f\u0131 500 mln. manata yax\u0131n v\u0259sait saxlay\u0131r ki, bu da ancaq \u0259rzaq, kommunal x\u0259rcl\u0259r v\u0259 d\u0259rmana y\u00f6n\u0259lir. Obrazl\u0131 des\u0259k, \u00f6lk\u0259nin b\u00f6y\u00fck \u0259ks\u0259riyy\u0259tini (t\u0259qa\u00fcd\u00e7\u00fcl\u0259rin tamam\u0131n\u0131) maddi g\u0259lir, \u0259lav\u0259 d\u0259y\u0259r yaratmayan b\u00fcdc\u0259 t\u0259\u015fkilat\u0131 i\u015f\u00e7il\u0259rini, 60 min\u0259 yax\u0131n neft sektorunda \u00e7al\u0131\u015fan, \u00f6lk\u0259nin maddi qaynaqlar\u0131n\u0131n 90%-d\u0259n \u00e7oxunu t\u0259min ed\u0259n neft\u00e7il\u0259r doland\u0131r\u0131r. H\u0259min o b\u00fcdc\u0259 t\u0259\u015fkilat\u0131 i\u015f\u00e7il\u0259ri v\u0259 t\u0259qa\u00fcd\u00e7\u00fcl\u0259r is\u0259 600 min\u0259 yax\u0131n \u00f6z\u0259l sektorda \u00e7al\u0131\u015fan i\u015f\u00e7il\u0259rin tamam\u0131na yax\u0131n\u0131n\u0131 \u00f6z maa\u015f\u0131 v\u0259 t\u0259qa\u00fcd\u00fc il\u0259 doland\u0131r\u0131r. Q\u0131sas\u0131: Neft \u00e7\u0131xar\u0131l\u0131r, da\u015f\u0131n\u0131r, sat\u0131l\u0131r, daxil olur Neft Fonduna, oradan da b\u00fcdc\u0259y\u0259, b\u00fcdc\u0259d\u0259n t\u0259qa\u00fcd v\u0259 maa\u015flar verilir, t\u0259mir-tikinti apar\u0131l\u0131r, o v\u0259sait d\u0259 \u00f6z\u0259l sektoru doland\u0131r\u0131r \u2013 v\u0259ssalam, bel\u0259 bir primitiv \u201cdurba modeli\u201d iqtisadiyyat\u0131m\u0131z var.\n<\/p>\n<p>\n  Bu g\u00fcn g\u0259lirl\u0259r azal\u0131b, b\u00fcdc\u0259 ki\u00e7ilib, m\u0259hz buna g\u00f6r\u0259 d\u0259 iqtisadiyyat dib\u0259 vurub. G\u00fcv\u0259nsizlik, sabaha inams\u0131zl\u0131q o q\u0259d\u0259r art\u0131b ki, \u0259hali m\u0259cbur\u0259n \u0259rzaq, kommunal x\u0259rcl\u0259r v\u0259 d\u0259rmana pul x\u0259rcl\u0259y\u0259c\u0259k, dig\u0259r b\u00fct\u00fcn sah\u0259l\u0259rd\u0259 davam ed\u0259n dur\u011funluq v\u0259 \u00e7\u00f6k\u00fc\u015f s\u00fcr\u0259tl\u0259n\u0259c\u0259k. Paltar, ayaqqab\u0131, m\u0259i\u015f\u0259t texnikas\u0131, mebel, avtomobil, mobil telefon, kafe, restoran \u2013 b\u00fct\u00fcn bu sah\u0259l\u0259rd\u0259 \u00e7al\u0131\u015fan insanlar\u0131 g\u0259l\u0259n il ciddi i\u015fsizlik v\u0259 g\u0259lirl\u0259rin s\u00fcr\u0259tl\u0259 azalmas\u0131 g\u00f6zl\u0259yir. Bunlara bank sektorunda yaranacaq i\u015fsizl\u0259rin n\u00f6vb\u0259ti dal\u011fas\u0131, bu yax\u0131nlarda \u201cpublik h\u00fcquqi \u015f\u0259xs\u201d elan edilmi\u015f d\u00f6vl\u0259t v\u0259 h\u00f6kum\u0259t strukturlar\u0131nda olacaq k\u00fctl\u0259vi ixtisarlar da qo\u015fulacaq. T\u0259mir-tikintiy\u0259 ayr\u0131lan x\u0259rcl\u0259rin azalmas\u0131 bu sektorun \u00f6z\u00fcnd\u0259 v\u0259 yan sektorlarda da i\u015fsizliyi art\u0131racaq.\n<\/p>\n<p>\n  Getdikc\u0259 ayaqqab\u0131, paltar, m\u0259i\u015f\u0259t texnikas\u0131 ustalar\u0131na, evl\u0259rd\u0259, v\u0259 ya ki\u00e7ik i\u015fl\u0259tm\u0259l\u0259rd\u0259 bi\u015firilib ucuz sat\u0131lan yem\u0259y\u0259 t\u0259l\u0259bat artacaq. \u0130nsanlar paltarlar\u0131n\u0131, ayaqqab\u0131lar\u0131n\u0131 yamadaraq t\u0259z\u0259l\u0259m\u0259kd\u0259n \u00e7\u0259kin\u0259c\u0259kl\u0259r, ya da buna imkanlar\u0131 olmayacaq. M\u0259i\u015f\u0259t texnikas\u0131n\u0131 yenil\u0259m\u0259y\u0259 imkan olmayacaq, t\u0259mir\u0259 t\u0259l\u0259bat artacaq, mebel ustalar\u0131nn h\u0259mi\u015f\u0259 i\u015fi olacaq. Y\u0259ni, \u00e7al\u0131\u015f\u0131n indid\u0259n bu sah\u0259l\u0259rd\u0259 n\u0259s\u0259 i\u015f qurun, ald\u0131\u011f\u0131n\u0131z d\u00f6vl\u0259t maa\u015f\u0131na v\u0259 t\u0259qa\u00fcd\u00fcn\u0259 arxay\u0131n olmay\u0131n, bir m\u00fcdd\u0259t sonra \u00f6d\u0259ni\u015fl\u0259rd\u0259 d\u0259 probleml\u0259r, gecikm\u0259l\u0259r olacaq.\n<\/p>\n<p>\n  Bel\u0259likl\u0259, m\u00fcst\u0259qillik tariximizd\u0259n \u00fcz\u00fc b\u0259ri \u0259n a\u011f\u0131r il olan 2016-c\u0131 ilin final\u0131na yax\u0131nla\u015f\u0131r\u0131q, amma bu \u00e7ox t\u0259\u0259ss\u00fcf ki, b\u00f6hran\u0131n final\u0131 deyil, sezon final\u0131d\u0131r, 2017-ci ild\u0259 yeni, daha a\u011f\u0131r b\u00f6l\u00fcml\u0259ri il\u0259 izl\u0259y\u0259c\u0259yimiz b\u00f6hran filminin yeni sezonu ba\u015flayacaq. \u00c7\u0131x\u0131\u015f yolu sistem d\u0259yi\u015fikliyidir, ciddi idar\u0259etm\u0259 islahatlar\u0131d\u0131r, art\u0131q iqtisadi add\u0131mlarla b\u00f6hrandan \u00e7\u0131x\u0131\u015f imkanlar\u0131 bitib-t\u00fck\u0259nib, bunu anlamal\u0131y\u0131q, ancaq siyasi islahatlar g\u00fcv\u0259ni yenil\u0259y\u0259 bil\u0259r. D\u00fc\u015f\u00fcn\u00fcn xan\u0131mlar v\u0259 c\u0259nablar, d\u00fc\u015f\u00fcn\u00fcn, h\u0259l\u0259 ki, gec deyil&#8230;<\/p>\n","protected":false},"excerpt":{"rendered":"<p>H\u0259r bir \u00f6lk\u0259nin inki\u015faf\u0131 \u00fc\u00e7\u00fcn \u0259sas amill\u0259rd\u0259n biri istehlak\u00e7\u0131 (t\u00fck\u0259dici) &#8230; <\/p>\n<p class=\"read-more-container\"><a title=\"B\u00f6hran\u0131n sezon final\u0131&#8230;\" class=\"read-more button\" href=\"https:\/\/www.meydan.tv\/az\/article\/bohranin-sezon-finali\/#more-180973\" aria-label=\"Read more about B\u00f6hran\u0131n sezon final\u0131&#8230;\">Davam\u0131<\/a><\/p>\n","protected":false},"author":11,"featured_media":74625,"comment_status":"closed","ping_status":"open","sticky":false,"template":"","format":"standard","meta":{"_acf_changed":false,"_sitemap_exclude":false,"_sitemap_priority":"","_sitemap_frequency":"","footnotes":""},"categories":[51],"tags":[],"class_list":["post-180973","post","type-post","status-publish","format-standard","has-post-thumbnail","hentry","category-analitika","infinite-scroll-item","generate-columns","tablet-grid-50","mobile-grid-100","grid-parent","grid-33","no-featured-image-padding"],"acf":[],"yoast_head":"<!-- This site is optimized with the Yoast SEO plugin v27.5 - https:\/\/yoast.com\/product\/yoast-seo-wordpress\/ -->\n<title>B\u00f6hran\u0131n sezon final\u0131... - MEYDAN.TV<\/title>\n<meta name=\"robots\" content=\"index, follow, max-snippet:-1, max-image-preview:large, max-video-preview:-1\" \/>\n<link rel=\"canonical\" href=\"https:\/\/www.meydan.tv\/az\/article\/bohranin-sezon-finali\/\" \/>\n<meta property=\"og:locale\" content=\"az_AZ\" \/>\n<meta property=\"og:type\" content=\"article\" \/>\n<meta property=\"og:title\" content=\"B\u00f6hran\u0131n sezon final\u0131... - MEYDAN.TV\" \/>\n<meta property=\"og:description\" content=\"H\u0259r bir \u00f6lk\u0259nin inki\u015faf\u0131 \u00fc\u00e7\u00fcn \u0259sas amill\u0259rd\u0259n biri istehlak\u00e7\u0131 (t\u00fck\u0259dici) ... Davam\u0131\" \/>\n<meta property=\"og:url\" content=\"https:\/\/www.meydan.tv\/az\/article\/bohranin-sezon-finali\/\" \/>\n<meta property=\"og:site_name\" content=\"MEYDAN.TV\" \/>\n<meta property=\"article:published_time\" content=\"2016-12-04T17:38:34+00:00\" \/>\n<meta property=\"og:image\" content=\"https:\/\/www.meydan.tv\/wp-content\/uploads\/28848.jpg\" \/>\n\t<meta property=\"og:image:width\" content=\"389\" \/>\n\t<meta property=\"og:image:height\" content=\"300\" \/>\n\t<meta property=\"og:image:type\" content=\"image\/jpeg\" \/>\n<meta name=\"author\" content=\"user-manager\" \/>\n<meta name=\"twitter:card\" content=\"summary_large_image\" \/>\n<script type=\"application\/ld+json\" class=\"yoast-schema-graph\">{\"@context\":\"https:\\\/\\\/schema.org\",\"@graph\":[{\"@type\":\"Article\",\"@id\":\"https:\\\/\\\/www.meydan.tv\\\/az\\\/article\\\/bohranin-sezon-finali\\\/#article\",\"isPartOf\":{\"@id\":\"https:\\\/\\\/www.meydan.tv\\\/az\\\/article\\\/bohranin-sezon-finali\\\/\"},\"author\":{\"name\":\"user-manager\",\"@id\":\"https:\\\/\\\/www.meydan.tv\\\/az\\\/#\\\/schema\\\/person\\\/10d11eccf6da3662cf5fdab9806ea91a\"},\"headline\":\"B\u00f6hran\u0131n sezon final\u0131&#8230;\",\"datePublished\":\"2016-12-04T17:38:34+00:00\",\"mainEntityOfPage\":{\"@id\":\"https:\\\/\\\/www.meydan.tv\\\/az\\\/article\\\/bohranin-sezon-finali\\\/\"},\"wordCount\":900,\"publisher\":{\"@id\":\"https:\\\/\\\/www.meydan.tv\\\/az\\\/#organization\"},\"image\":{\"@id\":\"https:\\\/\\\/www.meydan.tv\\\/az\\\/article\\\/bohranin-sezon-finali\\\/#primaryimage\"},\"thumbnailUrl\":\"https:\\\/\\\/www.meydan.tv\\\/wp-content\\\/uploads\\\/28848.jpg\",\"articleSection\":[\"Analitika\"],\"inLanguage\":\"az\"},{\"@type\":\"WebPage\",\"@id\":\"https:\\\/\\\/www.meydan.tv\\\/az\\\/article\\\/bohranin-sezon-finali\\\/\",\"url\":\"https:\\\/\\\/www.meydan.tv\\\/az\\\/article\\\/bohranin-sezon-finali\\\/\",\"name\":\"B\u00f6hran\u0131n sezon final\u0131... - MEYDAN.TV\",\"isPartOf\":{\"@id\":\"https:\\\/\\\/www.meydan.tv\\\/az\\\/#website\"},\"primaryImageOfPage\":{\"@id\":\"https:\\\/\\\/www.meydan.tv\\\/az\\\/article\\\/bohranin-sezon-finali\\\/#primaryimage\"},\"image\":{\"@id\":\"https:\\\/\\\/www.meydan.tv\\\/az\\\/article\\\/bohranin-sezon-finali\\\/#primaryimage\"},\"thumbnailUrl\":\"https:\\\/\\\/www.meydan.tv\\\/wp-content\\\/uploads\\\/28848.jpg\",\"datePublished\":\"2016-12-04T17:38:34+00:00\",\"breadcrumb\":{\"@id\":\"https:\\\/\\\/www.meydan.tv\\\/az\\\/article\\\/bohranin-sezon-finali\\\/#breadcrumb\"},\"inLanguage\":\"az\",\"potentialAction\":[{\"@type\":\"ReadAction\",\"target\":[\"https:\\\/\\\/www.meydan.tv\\\/az\\\/article\\\/bohranin-sezon-finali\\\/\"]}]},{\"@type\":\"ImageObject\",\"inLanguage\":\"az\",\"@id\":\"https:\\\/\\\/www.meydan.tv\\\/az\\\/article\\\/bohranin-sezon-finali\\\/#primaryimage\",\"url\":\"https:\\\/\\\/www.meydan.tv\\\/wp-content\\\/uploads\\\/28848.jpg\",\"contentUrl\":\"https:\\\/\\\/www.meydan.tv\\\/wp-content\\\/uploads\\\/28848.jpg\",\"width\":389,\"height\":300,\"caption\":\"Source:\"},{\"@type\":\"BreadcrumbList\",\"@id\":\"https:\\\/\\\/www.meydan.tv\\\/az\\\/article\\\/bohranin-sezon-finali\\\/#breadcrumb\",\"itemListElement\":[{\"@type\":\"ListItem\",\"position\":1,\"name\":\"Ana s\u0259hif\u0259\",\"item\":\"https:\\\/\\\/www.meydan.tv\\\/az\\\/\"},{\"@type\":\"ListItem\",\"position\":2,\"name\":\"Analitika\",\"item\":\"https:\\\/\\\/www.meydan.tv\\\/az\\\/section\\\/analitika\\\/\"},{\"@type\":\"ListItem\",\"position\":3,\"name\":\"B\u00f6hran\u0131n sezon final\u0131&#8230;\"}]},{\"@type\":\"WebSite\",\"@id\":\"https:\\\/\\\/www.meydan.tv\\\/az\\\/#website\",\"url\":\"https:\\\/\\\/www.meydan.tv\\\/az\\\/\",\"name\":\"MEYDAN.TV\",\"description\":\"Meydan TV Az\u0259rbaycan\u0131n media m\u0259kan\u0131ndak\u0131 alternativ s\u0259sidir\",\"publisher\":{\"@id\":\"https:\\\/\\\/www.meydan.tv\\\/az\\\/#organization\"},\"potentialAction\":[{\"@type\":\"SearchAction\",\"target\":{\"@type\":\"EntryPoint\",\"urlTemplate\":\"https:\\\/\\\/www.meydan.tv\\\/az\\\/?s={search_term_string}\"},\"query-input\":{\"@type\":\"PropertyValueSpecification\",\"valueRequired\":true,\"valueName\":\"search_term_string\"}}],\"inLanguage\":\"az\"},{\"@type\":\"Organization\",\"@id\":\"https:\\\/\\\/www.meydan.tv\\\/az\\\/#organization\",\"name\":\"Meydan TV\",\"url\":\"https:\\\/\\\/www.meydan.tv\\\/az\\\/\",\"logo\":{\"@type\":\"ImageObject\",\"inLanguage\":\"az\",\"@id\":\"https:\\\/\\\/www.meydan.tv\\\/az\\\/#\\\/schema\\\/logo\\\/image\\\/\",\"url\":\"https:\\\/\\\/www.meydan.tv\\\/wp-content\\\/uploads\\\/2021\\\/07\\\/meydan-logo.svg\",\"contentUrl\":\"https:\\\/\\\/www.meydan.tv\\\/wp-content\\\/uploads\\\/2021\\\/07\\\/meydan-logo.svg\",\"width\":195,\"height\":46,\"caption\":\"Meydan TV\"},\"image\":{\"@id\":\"https:\\\/\\\/www.meydan.tv\\\/az\\\/#\\\/schema\\\/logo\\\/image\\\/\"}},{\"@type\":\"Person\",\"@id\":\"https:\\\/\\\/www.meydan.tv\\\/az\\\/#\\\/schema\\\/person\\\/10d11eccf6da3662cf5fdab9806ea91a\",\"name\":\"user-manager\"}]}<\/script>\n<!-- \/ Yoast SEO plugin. -->","yoast_head_json":{"title":"B\u00f6hran\u0131n sezon final\u0131... - MEYDAN.TV","robots":{"index":"index","follow":"follow","max-snippet":"max-snippet:-1","max-image-preview":"max-image-preview:large","max-video-preview":"max-video-preview:-1"},"canonical":"https:\/\/www.meydan.tv\/az\/article\/bohranin-sezon-finali\/","og_locale":"az_AZ","og_type":"article","og_title":"B\u00f6hran\u0131n sezon final\u0131... - MEYDAN.TV","og_description":"H\u0259r bir \u00f6lk\u0259nin inki\u015faf\u0131 \u00fc\u00e7\u00fcn \u0259sas amill\u0259rd\u0259n biri istehlak\u00e7\u0131 (t\u00fck\u0259dici) ... Davam\u0131","og_url":"https:\/\/www.meydan.tv\/az\/article\/bohranin-sezon-finali\/","og_site_name":"MEYDAN.TV","article_published_time":"2016-12-04T17:38:34+00:00","og_image":[{"width":389,"height":300,"url":"https:\/\/www.meydan.tv\/wp-content\/uploads\/28848.jpg","type":"image\/jpeg"}],"author":"user-manager","twitter_card":"summary_large_image","schema":{"@context":"https:\/\/schema.org","@graph":[{"@type":"Article","@id":"https:\/\/www.meydan.tv\/az\/article\/bohranin-sezon-finali\/#article","isPartOf":{"@id":"https:\/\/www.meydan.tv\/az\/article\/bohranin-sezon-finali\/"},"author":{"name":"user-manager","@id":"https:\/\/www.meydan.tv\/az\/#\/schema\/person\/10d11eccf6da3662cf5fdab9806ea91a"},"headline":"B\u00f6hran\u0131n sezon final\u0131&#8230;","datePublished":"2016-12-04T17:38:34+00:00","mainEntityOfPage":{"@id":"https:\/\/www.meydan.tv\/az\/article\/bohranin-sezon-finali\/"},"wordCount":900,"publisher":{"@id":"https:\/\/www.meydan.tv\/az\/#organization"},"image":{"@id":"https:\/\/www.meydan.tv\/az\/article\/bohranin-sezon-finali\/#primaryimage"},"thumbnailUrl":"https:\/\/www.meydan.tv\/wp-content\/uploads\/28848.jpg","articleSection":["Analitika"],"inLanguage":"az"},{"@type":"WebPage","@id":"https:\/\/www.meydan.tv\/az\/article\/bohranin-sezon-finali\/","url":"https:\/\/www.meydan.tv\/az\/article\/bohranin-sezon-finali\/","name":"B\u00f6hran\u0131n sezon final\u0131... - MEYDAN.TV","isPartOf":{"@id":"https:\/\/www.meydan.tv\/az\/#website"},"primaryImageOfPage":{"@id":"https:\/\/www.meydan.tv\/az\/article\/bohranin-sezon-finali\/#primaryimage"},"image":{"@id":"https:\/\/www.meydan.tv\/az\/article\/bohranin-sezon-finali\/#primaryimage"},"thumbnailUrl":"https:\/\/www.meydan.tv\/wp-content\/uploads\/28848.jpg","datePublished":"2016-12-04T17:38:34+00:00","breadcrumb":{"@id":"https:\/\/www.meydan.tv\/az\/article\/bohranin-sezon-finali\/#breadcrumb"},"inLanguage":"az","potentialAction":[{"@type":"ReadAction","target":["https:\/\/www.meydan.tv\/az\/article\/bohranin-sezon-finali\/"]}]},{"@type":"ImageObject","inLanguage":"az","@id":"https:\/\/www.meydan.tv\/az\/article\/bohranin-sezon-finali\/#primaryimage","url":"https:\/\/www.meydan.tv\/wp-content\/uploads\/28848.jpg","contentUrl":"https:\/\/www.meydan.tv\/wp-content\/uploads\/28848.jpg","width":389,"height":300,"caption":"Source:"},{"@type":"BreadcrumbList","@id":"https:\/\/www.meydan.tv\/az\/article\/bohranin-sezon-finali\/#breadcrumb","itemListElement":[{"@type":"ListItem","position":1,"name":"Ana s\u0259hif\u0259","item":"https:\/\/www.meydan.tv\/az\/"},{"@type":"ListItem","position":2,"name":"Analitika","item":"https:\/\/www.meydan.tv\/az\/section\/analitika\/"},{"@type":"ListItem","position":3,"name":"B\u00f6hran\u0131n sezon final\u0131&#8230;"}]},{"@type":"WebSite","@id":"https:\/\/www.meydan.tv\/az\/#website","url":"https:\/\/www.meydan.tv\/az\/","name":"MEYDAN.TV","description":"Meydan TV Az\u0259rbaycan\u0131n media m\u0259kan\u0131ndak\u0131 alternativ s\u0259sidir","publisher":{"@id":"https:\/\/www.meydan.tv\/az\/#organization"},"potentialAction":[{"@type":"SearchAction","target":{"@type":"EntryPoint","urlTemplate":"https:\/\/www.meydan.tv\/az\/?s={search_term_string}"},"query-input":{"@type":"PropertyValueSpecification","valueRequired":true,"valueName":"search_term_string"}}],"inLanguage":"az"},{"@type":"Organization","@id":"https:\/\/www.meydan.tv\/az\/#organization","name":"Meydan TV","url":"https:\/\/www.meydan.tv\/az\/","logo":{"@type":"ImageObject","inLanguage":"az","@id":"https:\/\/www.meydan.tv\/az\/#\/schema\/logo\/image\/","url":"https:\/\/www.meydan.tv\/wp-content\/uploads\/2021\/07\/meydan-logo.svg","contentUrl":"https:\/\/www.meydan.tv\/wp-content\/uploads\/2021\/07\/meydan-logo.svg","width":195,"height":46,"caption":"Meydan TV"},"image":{"@id":"https:\/\/www.meydan.tv\/az\/#\/schema\/logo\/image\/"}},{"@type":"Person","@id":"https:\/\/www.meydan.tv\/az\/#\/schema\/person\/10d11eccf6da3662cf5fdab9806ea91a","name":"user-manager"}]}},"_links":{"self":[{"href":"https:\/\/www.meydan.tv\/az\/wp-json\/wp\/v2\/posts\/180973","targetHints":{"allow":["GET"]}}],"collection":[{"href":"https:\/\/www.meydan.tv\/az\/wp-json\/wp\/v2\/posts"}],"about":[{"href":"https:\/\/www.meydan.tv\/az\/wp-json\/wp\/v2\/types\/post"}],"author":[{"embeddable":true,"href":"https:\/\/www.meydan.tv\/az\/wp-json\/wp\/v2\/users\/11"}],"replies":[{"embeddable":true,"href":"https:\/\/www.meydan.tv\/az\/wp-json\/wp\/v2\/comments?post=180973"}],"version-history":[{"count":0,"href":"https:\/\/www.meydan.tv\/az\/wp-json\/wp\/v2\/posts\/180973\/revisions"}],"wp:featuredmedia":[{"embeddable":true,"href":"https:\/\/www.meydan.tv\/az\/wp-json\/wp\/v2\/media\/74625"}],"wp:attachment":[{"href":"https:\/\/www.meydan.tv\/az\/wp-json\/wp\/v2\/media?parent=180973"}],"wp:term":[{"taxonomy":"category","embeddable":true,"href":"https:\/\/www.meydan.tv\/az\/wp-json\/wp\/v2\/categories?post=180973"},{"taxonomy":"post_tag","embeddable":true,"href":"https:\/\/www.meydan.tv\/az\/wp-json\/wp\/v2\/tags?post=180973"}],"curies":[{"name":"wp","href":"https:\/\/api.w.org\/{rel}","templated":true}]}}