{"id":180955,"date":"2016-12-03T13:36:58","date_gmt":"2016-12-03T13:36:58","guid":{"rendered":"https:\/\/www.meydan.tv\/article\/3-dekabr-beynelxalq-elilliyi-olan-insanlar-gunu\/"},"modified":"2016-12-03T13:36:58","modified_gmt":"2016-12-03T13:36:58","slug":"3-dekabr-beynelxalq-elilliyi-olan-insanlar-gunu","status":"publish","type":"post","link":"https:\/\/www.meydan.tv\/az\/article\/3-dekabr-beynelxalq-elilliyi-olan-insanlar-gunu\/","title":{"rendered":"3 dekabr- Beyn\u0259lxalq \u0259lilliyi olan insanlar g\u00fcn\u00fc"},"content":{"rendered":"<figure class=\"wp-block-image size-large\">\n  <img decoding=\"async\" src=\"https:\/\/www.meydan.tv\/az\/orxan-adigozel\/\" alt=\"Orxan Ad\u0131g\u00f6z\u0259l\" class=\"wp-image-47490\"\/><figcaption>\n    Orxan Ad\u0131g\u00f6z\u0259l<br \/>\n  <\/figcaption><\/figure>\n<figure class=\"wp-block-image size-large\">\n  <img decoding=\"async\" src=\"https:\/\/www.meydan.tv\/az\/orxan-adigozel-banner\/\" alt=\"Orxan Ad\u0131g\u00f6z\u0259l-Banner\" class=\"wp-image-47493\"\/><figcaption>\n    Orxan Ad\u0131g\u00f6z\u0259l-Banner<br \/>\n  <\/figcaption><\/figure>\n<p>\n  Bir ne\u00e7\u0259 ay qabaq Bak\u0131da \u0259lilliyi olan \u015f\u0259xsl\u0259r\u0259 aid beyn\u0259lxalq bir konfransda i\u015ftirak etdim. Aram\u0131zda MDB \u00f6lk\u0259l\u0259rind\u0259n olan \u0259lilliyi olan v\u0259t\u0259nda\u015flar daha \u00e7ox idi. Konfrans\u0131n son g\u00fcn\u00fc b\u0259zi deputatlarla g\u00f6r\u00fc\u015f\u00fcm\u00fcz t\u0259\u015fkil olundu.\n<\/p>\n<p>\n  \u0130lk d\u0259f\u0259 idi parlamentin binas\u0131na daxil olurdum. D\u00fc\u015f\u00fcn\u00fcrd\u00fcm ki, hara olmasa da, he\u00e7 olmasa bura \u0259lil arabamla rahat daxil ola bil\u0259r\u0259m. Az ke\u00e7m\u0259di ki, yaman sad\u0259l\u00f6vh oldu\u011fumu anlad\u0131m. Parlamentin binas\u0131n\u0131n bir t\u0259r\u0259find\u0259 guya \u0259lil arabas\u0131 istifad\u0259\u00e7il\u0259ri \u00fc\u00e7\u00fcn pill\u0259kanlar\u0131n yan\u0131na pandus yerl\u0259\u015fdiribl\u0259r. Pandusu g\u00f6r\u0259nd\u0259 r\u0259ngim qa\u00e7d\u0131. O pandusdan daha \u00e7ox xiz\u0259k s\u00fcr\u0259nl\u0259rin s\u00fcr\u0259t y\u0131\u011fmas\u0131 \u00fc\u00e7\u00fcn n\u0259z\u0259rd\u0259 tutulan yoxu\u015fa b\u0259nz\u0259yirdi. Ordan he\u00e7 c\u00fcr s\u0259rb\u0259st en\u0259 bilm\u0259zdim. N\u0259zar\u0259t\u00e7il\u0259rd\u0259n k\u00f6m\u0259k ist\u0259dim. \u0130ki n\u0259zar\u0259t\u00e7i \u00e7\u0259tinlikl\u0259 m\u0259ni ordan ke\u00e7irdil\u0259r. H\u0259min vaxt \u00f6z\u00fcm\u00fc Amerikadak\u0131 s\u00fcr\u0259tl\u0259 h\u0259r\u0259k\u0259t ed\u0259n karuseld\u0259 hiss edirdim. Y\u0259ni \u0259sl ekstrim ya\u015fad\u0131m.\n<\/p>\n<p>\n  \u00c7ox \u015f\u00fck\u00fcr, i\u00e7\u0259ri salamat ke\u00e7\u0259 bildim. 5-10 d\u0259qiq\u0259 sonra konfransda i\u015ftirak ed\u0259n G\u00fcrc\u00fcstandan olan, \u0259lil arabas\u0131ndan istifad\u0259 ed\u0259n ki\u015fini d\u0259hlizin ba\u015f\u0131nda g\u00f6rd\u00fcm. Bayaq m\u0259nim i\u00e7\u0259ri giri\u015f etdiyim t\u0259r\u0259fd\u0259n t\u0259kba\u015f\u0131na biz\u0259 sar\u0131 g\u0259lirdi. Deyin\u0259-deyin\u0259 m\u0259n dayand\u0131\u011f\u0131m t\u0259r\u0259f\u0259 yax\u0131nla\u015fanda onun r\u0259nginin qa\u00e7d\u0131\u011f\u0131n\u0131 g\u00f6rd\u00fcm. Qorxmu\u015fdu. \u018fs\u0259bi \u015f\u0259kild\u0259 h\u0259min anormal pandusdan \u015fikay\u0259tl\u0259ndi. Dedi: &#8220;Az qalm\u0131\u015fd\u0131lar m\u0259ni y\u0131xs\u0131nlar, o pandusu hans\u0131 a\u011f\u0131ls\u0131zlar o \u015f\u0259kild\u0259 d\u00fcz\u0259ldib?!&#8221; Adama cavab verm\u0259dim. \u00dcz\u00fcmd\u0259ki m\u0259yusluq v\u0259 t\u0259\u0259ss\u00fcf ifad\u0259sind\u0259n h\u0259r \u015feyi anlad\u0131 zat\u0259n.\n<\/p>\n<p>\n  N\u0259 is\u0259, bir qrup deputat v\u0259 b\u0259zi \u00f6z\u0259l universitet rektorlar\u0131n\u0131n oldu\u011fu konfrans zal\u0131na girdik. B\u0259la\u011f\u0259tli nitql\u0259r\u0259 start verildi. &#8220;Ay bel\u0259 inki\u015faf edirik, ay siz\u0259 bel\u0259 \u015f\u0259rait yarad\u0131r\u0131q&#8221; v\u0259 s. AzTV c\u00fcml\u0259l\u0259ri il\u0259 xeyli s\u00f6hb\u0259t getdi.\n<\/p>\n<p>\n  Deputatlar\u0131n i\u00e7ind\u0259 \u0259n f\u0259al v\u0259 \u015f\u0259n \u0259hval-ruhiyy\u0259d\u0259 olan Milli M\u0259clisin \u018fm\u0259k v\u0259 Sosial siyas\u0259tinin s\u0259dri Had\u0131 R\u0259c\u0259bli idi. Ona sual verdim ki, n\u0259 \u00fc\u00e7\u00fcn parlamentin binas\u0131na giri\u015f \u0259lilliyi olan \u015f\u0259xsl\u0259r \u00fc\u00e7\u00fcn qeyri-m\u00fc\u0259ss\u0259rdir v\u0259 pandus el\u0259 iti v\u0259 &#8220;krutoydur&#8221;? Had\u0131 m\u00fc\u0259llim g\u00fcl\u0259-g\u00fcl\u0259 cavab verdi ki, &#8220;onu sizin kimi &#8220;krutoy&#8221; adamlar \u00fc\u00e7\u00fcn qoymu\u015fuq&#8221;, sonra soru\u015fdum ki, b\u0259s bird\u0259n deputatlardan hans\u0131sa q\u0259za, ya da x\u0259st\u0259lik n\u0259tic\u0259sind\u0259 yerim\u0259 qabiliyy\u0259tini itirib, \u0259lil arabas\u0131ndan istifad\u0259 ets\u0259, binaya giri\u015f-\u00e7\u0131x\u0131\u015f\u0131 yen\u0259 h\u0259min t\u0259hl\u00fck\u0259li yolla t\u0259min olunacaq?\n<\/p>\n<p>\n  Cavab verdi ki, m\u00fctl\u0259q n\u0259z\u0259r\u0259 al\u0131nacaq v\u0259 h\u0259r \u015fey yax\u015f\u0131 olacaq, Orxan. &#8220;N\u0259 vaxt&#8221; sual\u0131ma cavab o biri cavablar kimi \u0259n\u0259n\u0259vi v\u0259 yolaverici oldu- &#8220;tezlikl\u0259!&#8221; Bax bel\u0259&#8230;\n<\/p>\n<p>\n  O g\u00fcn k\u00fc\u00e7\u0259d\u0259 yen\u0259 az qalm\u0131\u015fd\u0131m \u0259lil arabamdan y\u0131x\u0131l\u0131m. \u00dcmumiyy\u0259tl\u0259, t\u0259kba\u015f\u0131na he\u00e7 yer\u0259 gedib-g\u0259l\u0259 bilmir\u0259m. \u018fg\u0259r bel\u0259 bir q\u0259rar vers\u0259m, g\u0259r\u0259k motosiklet s\u00fcr\u0259nl\u0259r kimi d\u0259bilq\u0259 il\u0259 zirehl\u0259nim. \u00c7\u00fcnki h\u0259r yer m\u0259hdudiyy\u0259tl\u0259rl\u0259 doludur v\u0259 y\u0131x\u0131l\u0131b, \u0259lav\u0259 travma alma\u011f\u0131m qa\u00e7\u0131lmaza d\u00f6n\u00fc\u015f\u00fcr. H\u0259r yer\u0259 dostlar\u0131mla, ya da qohumlar\u0131mdan kiminl\u0259s\u0259 gedir\u0259m. Onlar \u00f6z\u00fcm\u00fcn s\u0259rb\u0259st ke\u00e7\u0259 bilm\u0259y\u0259c\u0259yim manel\u0259ri a\u015fma\u011f\u0131ma k\u00f6m\u0259k edirl\u0259r. Bir \u00e7ox yerd\u0259s\u0259, \u00fcmumiyy\u0259tl\u0259, yan\u0131mda olan t\u0259k bir n\u0259f\u0259rin m\u0259ni hans\u0131sa binaya daxil olub-\u00e7\u0131xma\u011fa v\u0259 ya pandusdan qalx\u0131b-d\u00fc\u015fm\u0259y\u0259 k\u00f6m\u0259k etm\u0259y\u0259 fiziki g\u00fcc\u00fc \u00e7atm\u0131r. M\u0259cbur \u0259trafdan ke\u00e7\u0259nl\u0259rd\u0259n k\u00f6m\u0259k ist\u0259yirik. A\u00e7\u0131\u011f\u0131, bizim mill\u0259t bel\u0259 k\u00f6m\u0259k ehtiyaclar\u0131nda h\u0259dsiz yard\u0131msev\u0259r v\u0259 m\u0259rh\u0259m\u0259tlidir. Bir d\u0259 g\u00f6r\u00fcrs\u0259n he\u00e7 xahi\u015f etm\u0259y\u0259, a\u011fz\u0131n\u0131 a\u00e7ma\u011fa imkan tapmam\u0131\u015f iki-\u00fc\u00e7 qolu q\u00fcvv\u0259tli g\u0259nc araban\u0131n bir k\u00fcnc\u00fcnd\u0259n tutub, m\u0259ni mane\u0259d\u0259n rahatl\u0131qla ke\u00e7irirl\u0259r. Bu, yax\u015f\u0131 x\u00fcsusiyy\u0259tdir. Amma olmaz ki, infrastruktur m\u00fc\u0259ss\u0259r olsun v\u0259 m\u0259n, yaxud dig\u0259r \u0259lil arabas\u0131ndan istifad\u0259 ed\u0259n v\u0259t\u0259nda\u015flar\u0131m\u0131z s\u0259rb\u0259st, he\u00e7 kimin k\u00f6m\u0259yi olmadan ist\u0259diyi yer\u0259 rahat, mane\u0259siz gedib-g\u0259lsin? Ax\u0131 bu \u015f\u0259raiti yaratmaq \u00e7\u0259tin deyil.\n<\/p>\n<p>\n  Faktiki olaraq \u00f6z\u00fcm\u00fc h\u0259bsxanadak\u0131 kimi g\u00f6r\u00fcr\u0259m. \u018flil arabas\u0131ndan istifad\u0259 etm\u0259k el\u0259 bil d\u0259mir barmaql\u0131qdan h\u0259yata baxmaq kimidir bu \u00f6lk\u0259d\u0259. N\u0259 normal m\u00fcalic\u0259 m\u0259rk\u0259zl\u0259ri m\u00f6vcud deyil ki, m\u00fcalic\u0259 ala bilim, n\u0259 ictimai n\u0259qliyyatdan(avtobus,metro) istifad\u0259 ed\u0259 bilir\u0259m, n\u0259 \u0259lil arabas\u0131na g\u00f6r\u0259 i\u015f\u0259 g\u00f6t\u00fcr\u00fcrl\u0259r, n\u0259 m\u0259ni maddi c\u0259h\u0259td\u0259n t\u0259min ed\u0259c\u0259k ayl\u0131q sosial m\u00fcavinat al\u0131ram(140 AZN), n\u0259 d\u0259 k\u00fc\u00e7\u0259d\u0259-bay\u0131rda, ictimai yerl\u0259rd\u0259 s\u0259rb\u0259st h\u0259r\u0259k\u0259t ed\u0259 bilir\u0259m.\n<\/p>\n<p>\n  B\u00fct\u00fcn bu sadalad\u0131qlar\u0131m\u0131n fonunda onu da qeyd edim ki, 3 dekabr Beyn\u0259lxalq \u018flilliyi olan \u0130nsanlar G\u00fcn\u00fcd\u00fcr. Az\u0259rbaycan \u0259halisinin 5,6 faizi y\u0259ni 530 min n\u0259f\u0259ri \u0259lilliyi olan \u015f\u0259xsl\u0259r v\u0259 sa\u011flaml\u0131q imkanlar\u0131 m\u0259hdud u\u015faqlard\u0131r. \u018flilliyi olan \u015f\u0259xsl\u0259rin h\u00fcquqlar\u0131na dair BMT Konvensiyas\u0131 planetin tarixind\u0259 \u0259lilliyi olan milyonlarla \u015f\u0259xsin h\u00fcquqlar\u0131n\u0131 m\u00fcdafi\u0259, t\u0259\u015fviq v\u0259 t\u0259min etm\u0259k \u00fczr\u0259 d\u00f6vl\u0259tl\u0259rin qar\u015f\u0131s\u0131na \u00f6hd\u0259likl\u0259r qoyub. H\u0259min \u00f6hd\u0259likl\u0259r \u0259lilliyi olan \u015f\u0259xsl\u0259rin c\u0259miyy\u0259td\u0259 b\u0259rab\u0259rh\u00fcquqlu, m\u00fc\u0259ss\u0259r, \u0259l\u00e7at\u0131ml\u0131, bir s\u00f6zl\u0259, onlar\u0131n firavanl\u0131\u011f\u0131n\u0131n t\u0259minat\u0131na xidm\u0259t ed\u0259n qanunlar m\u0259cmusudur.\n<\/p>\n<p>\n  Qeyd edim ki, tragikomik d\u0259 olsa, Az\u0259rbaycan h\u00f6kum\u0259ti d\u0259 BMT-nin h\u0259min qanunlar\u0131n\u0131 ratifikasiya edib.\n<\/p>\n<p>\n  Buyurun:\n<\/p>\n<p>\n  &#8220;\u018flilliyi olan \u015f\u0259xsl\u0259rin h\u00fcquqlar\u0131 haqq\u0131nda&#8221; Konvensiyan\u0131n Fak\u00fcltativ Protokoluna qo\u015fulmaq bar\u0259sind\u0259<br \/>\n  <br \/>\n  AZ\u018fRBAYCAN RESPUBL\u0130KASININ QANUNU Az\u0259rbaycan Respublikas\u0131n\u0131n Milli M\u0259clisi q\u0259rara al\u0131r:\n<\/p>\n<p>\n  I. Az\u0259rbaycan Respublikas\u0131 Birl\u0259\u015fmi\u015f Mill\u0259tl\u0259r T\u0259\u015fkilat\u0131n\u0131n Ba\u015f M\u0259clisi t\u0259r\u0259find\u0259n 2006-c\u0131 il dekabr\u0131n 13-d\u0259 q\u0259bul edilmi\u015f &#8220;\u018flilliyi olan \u015f\u0259xsl\u0259rin h\u00fcquqlar\u0131 haqq\u0131nda&#8221; Konvensiyan\u0131n Fak\u00fcltativ Protokoluna m\u00fcvafiq b\u0259yanatla qo\u015fulsun.\n<\/p>\n<p>\n  II. Bu Qanun d\u0259rc edildiyi g\u00fcnd\u0259n q\u00fcvv\u0259y\u0259 minir.<br \/>\n  <br \/>\n  \u0130lham \u018fL\u0130YEV, Az\u0259rbaycan Respublikas\u0131n\u0131n Prezidenti<br \/>\n  <br \/>\n  Bak\u0131 \u015f\u0259h\u0259ri, 2 oktyabr 2008-ci il No. 686-IIIQ<\/p>\n","protected":false},"excerpt":{"rendered":"<p>Bir ne\u00e7\u0259 ay qabaq Bak\u0131da \u0259lilliyi olan \u015f\u0259xsl\u0259r\u0259 aid beyn\u0259lxalq bir konfransda i\u015ftirak etdim<\/p>\n","protected":false},"author":11,"featured_media":47490,"comment_status":"closed","ping_status":"open","sticky":false,"template":"","format":"standard","meta":{"_acf_changed":false,"_sitemap_exclude":false,"_sitemap_priority":"","_sitemap_frequency":"","footnotes":""},"categories":[57],"tags":[],"class_list":["post-180955","post","type-post","status-publish","format-standard","has-post-thumbnail","hentry","category-menim-fikrimce","infinite-scroll-item","generate-columns","tablet-grid-50","mobile-grid-100","grid-parent","grid-33","no-featured-image-padding"],"acf":[],"yoast_head":"<!-- This site is optimized with the Yoast SEO plugin v27.5 - https:\/\/yoast.com\/product\/yoast-seo-wordpress\/ -->\n<title>3 dekabr- Beyn\u0259lxalq \u0259lilliyi olan insanlar g\u00fcn\u00fc - MEYDAN.TV<\/title>\n<meta name=\"robots\" content=\"index, follow, max-snippet:-1, max-image-preview:large, max-video-preview:-1\" \/>\n<link rel=\"canonical\" href=\"https:\/\/www.meydan.tv\/az\/article\/3-dekabr-beynelxalq-elilliyi-olan-insanlar-gunu\/\" \/>\n<meta property=\"og:locale\" content=\"az_AZ\" \/>\n<meta property=\"og:type\" content=\"article\" \/>\n<meta property=\"og:title\" content=\"3 dekabr- Beyn\u0259lxalq \u0259lilliyi olan insanlar g\u00fcn\u00fc - MEYDAN.TV\" \/>\n<meta property=\"og:description\" content=\"Bir ne\u00e7\u0259 ay qabaq Bak\u0131da \u0259lilliyi olan \u015f\u0259xsl\u0259r\u0259 aid beyn\u0259lxalq bir konfransda i\u015ftirak etdim\" \/>\n<meta property=\"og:url\" content=\"https:\/\/www.meydan.tv\/az\/article\/3-dekabr-beynelxalq-elilliyi-olan-insanlar-gunu\/\" \/>\n<meta property=\"og:site_name\" content=\"MEYDAN.TV\" \/>\n<meta property=\"article:published_time\" content=\"2016-12-03T13:36:58+00:00\" \/>\n<meta property=\"og:image\" content=\"https:\/\/www.meydan.tv\/wp-content\/uploads\/17796.jpg\" \/>\n\t<meta property=\"og:image:width\" content=\"500\" \/>\n\t<meta property=\"og:image:height\" content=\"500\" \/>\n\t<meta property=\"og:image:type\" content=\"image\/jpeg\" \/>\n<meta name=\"author\" content=\"user-manager\" \/>\n<meta name=\"twitter:card\" content=\"summary_large_image\" \/>\n<script type=\"application\/ld+json\" class=\"yoast-schema-graph\">{\"@context\":\"https:\\\/\\\/schema.org\",\"@graph\":[{\"@type\":\"Article\",\"@id\":\"https:\\\/\\\/www.meydan.tv\\\/az\\\/article\\\/3-dekabr-beynelxalq-elilliyi-olan-insanlar-gunu\\\/#article\",\"isPartOf\":{\"@id\":\"https:\\\/\\\/www.meydan.tv\\\/az\\\/article\\\/3-dekabr-beynelxalq-elilliyi-olan-insanlar-gunu\\\/\"},\"author\":{\"name\":\"user-manager\",\"@id\":\"https:\\\/\\\/www.meydan.tv\\\/az\\\/#\\\/schema\\\/person\\\/10d11eccf6da3662cf5fdab9806ea91a\"},\"headline\":\"3 dekabr- Beyn\u0259lxalq \u0259lilliyi olan insanlar g\u00fcn\u00fc\",\"datePublished\":\"2016-12-03T13:36:58+00:00\",\"mainEntityOfPage\":{\"@id\":\"https:\\\/\\\/www.meydan.tv\\\/az\\\/article\\\/3-dekabr-beynelxalq-elilliyi-olan-insanlar-gunu\\\/\"},\"wordCount\":1201,\"publisher\":{\"@id\":\"https:\\\/\\\/www.meydan.tv\\\/az\\\/#organization\"},\"image\":{\"@id\":\"https:\\\/\\\/www.meydan.tv\\\/az\\\/article\\\/3-dekabr-beynelxalq-elilliyi-olan-insanlar-gunu\\\/#primaryimage\"},\"thumbnailUrl\":\"https:\\\/\\\/www.meydan.tv\\\/wp-content\\\/uploads\\\/17796.jpg\",\"articleSection\":[\"M\u0259nim Fikrimc\u0259\"],\"inLanguage\":\"az\"},{\"@type\":\"WebPage\",\"@id\":\"https:\\\/\\\/www.meydan.tv\\\/az\\\/article\\\/3-dekabr-beynelxalq-elilliyi-olan-insanlar-gunu\\\/\",\"url\":\"https:\\\/\\\/www.meydan.tv\\\/az\\\/article\\\/3-dekabr-beynelxalq-elilliyi-olan-insanlar-gunu\\\/\",\"name\":\"3 dekabr- Beyn\u0259lxalq \u0259lilliyi olan insanlar g\u00fcn\u00fc - MEYDAN.TV\",\"isPartOf\":{\"@id\":\"https:\\\/\\\/www.meydan.tv\\\/az\\\/#website\"},\"primaryImageOfPage\":{\"@id\":\"https:\\\/\\\/www.meydan.tv\\\/az\\\/article\\\/3-dekabr-beynelxalq-elilliyi-olan-insanlar-gunu\\\/#primaryimage\"},\"image\":{\"@id\":\"https:\\\/\\\/www.meydan.tv\\\/az\\\/article\\\/3-dekabr-beynelxalq-elilliyi-olan-insanlar-gunu\\\/#primaryimage\"},\"thumbnailUrl\":\"https:\\\/\\\/www.meydan.tv\\\/wp-content\\\/uploads\\\/17796.jpg\",\"datePublished\":\"2016-12-03T13:36:58+00:00\",\"breadcrumb\":{\"@id\":\"https:\\\/\\\/www.meydan.tv\\\/az\\\/article\\\/3-dekabr-beynelxalq-elilliyi-olan-insanlar-gunu\\\/#breadcrumb\"},\"inLanguage\":\"az\",\"potentialAction\":[{\"@type\":\"ReadAction\",\"target\":[\"https:\\\/\\\/www.meydan.tv\\\/az\\\/article\\\/3-dekabr-beynelxalq-elilliyi-olan-insanlar-gunu\\\/\"]}]},{\"@type\":\"ImageObject\",\"inLanguage\":\"az\",\"@id\":\"https:\\\/\\\/www.meydan.tv\\\/az\\\/article\\\/3-dekabr-beynelxalq-elilliyi-olan-insanlar-gunu\\\/#primaryimage\",\"url\":\"https:\\\/\\\/www.meydan.tv\\\/wp-content\\\/uploads\\\/17796.jpg\",\"contentUrl\":\"https:\\\/\\\/www.meydan.tv\\\/wp-content\\\/uploads\\\/17796.jpg\",\"width\":500,\"height\":500,\"caption\":\"Source:\"},{\"@type\":\"BreadcrumbList\",\"@id\":\"https:\\\/\\\/www.meydan.tv\\\/az\\\/article\\\/3-dekabr-beynelxalq-elilliyi-olan-insanlar-gunu\\\/#breadcrumb\",\"itemListElement\":[{\"@type\":\"ListItem\",\"position\":1,\"name\":\"Ana s\u0259hif\u0259\",\"item\":\"https:\\\/\\\/www.meydan.tv\\\/az\\\/\"},{\"@type\":\"ListItem\",\"position\":2,\"name\":\"M\u0259nim Fikrimc\u0259\",\"item\":\"https:\\\/\\\/www.meydan.tv\\\/az\\\/section\\\/menim-fikrimce\\\/\"},{\"@type\":\"ListItem\",\"position\":3,\"name\":\"3 dekabr- Beyn\u0259lxalq \u0259lilliyi olan insanlar g\u00fcn\u00fc\"}]},{\"@type\":\"WebSite\",\"@id\":\"https:\\\/\\\/www.meydan.tv\\\/az\\\/#website\",\"url\":\"https:\\\/\\\/www.meydan.tv\\\/az\\\/\",\"name\":\"MEYDAN.TV\",\"description\":\"Meydan TV Az\u0259rbaycan\u0131n media m\u0259kan\u0131ndak\u0131 alternativ s\u0259sidir\",\"publisher\":{\"@id\":\"https:\\\/\\\/www.meydan.tv\\\/az\\\/#organization\"},\"potentialAction\":[{\"@type\":\"SearchAction\",\"target\":{\"@type\":\"EntryPoint\",\"urlTemplate\":\"https:\\\/\\\/www.meydan.tv\\\/az\\\/?s={search_term_string}\"},\"query-input\":{\"@type\":\"PropertyValueSpecification\",\"valueRequired\":true,\"valueName\":\"search_term_string\"}}],\"inLanguage\":\"az\"},{\"@type\":\"Organization\",\"@id\":\"https:\\\/\\\/www.meydan.tv\\\/az\\\/#organization\",\"name\":\"Meydan TV\",\"url\":\"https:\\\/\\\/www.meydan.tv\\\/az\\\/\",\"logo\":{\"@type\":\"ImageObject\",\"inLanguage\":\"az\",\"@id\":\"https:\\\/\\\/www.meydan.tv\\\/az\\\/#\\\/schema\\\/logo\\\/image\\\/\",\"url\":\"https:\\\/\\\/www.meydan.tv\\\/wp-content\\\/uploads\\\/2021\\\/07\\\/meydan-logo.svg\",\"contentUrl\":\"https:\\\/\\\/www.meydan.tv\\\/wp-content\\\/uploads\\\/2021\\\/07\\\/meydan-logo.svg\",\"width\":195,\"height\":46,\"caption\":\"Meydan TV\"},\"image\":{\"@id\":\"https:\\\/\\\/www.meydan.tv\\\/az\\\/#\\\/schema\\\/logo\\\/image\\\/\"}},{\"@type\":\"Person\",\"@id\":\"https:\\\/\\\/www.meydan.tv\\\/az\\\/#\\\/schema\\\/person\\\/10d11eccf6da3662cf5fdab9806ea91a\",\"name\":\"user-manager\"}]}<\/script>\n<!-- \/ Yoast SEO plugin. -->","yoast_head_json":{"title":"3 dekabr- Beyn\u0259lxalq \u0259lilliyi olan insanlar g\u00fcn\u00fc - MEYDAN.TV","robots":{"index":"index","follow":"follow","max-snippet":"max-snippet:-1","max-image-preview":"max-image-preview:large","max-video-preview":"max-video-preview:-1"},"canonical":"https:\/\/www.meydan.tv\/az\/article\/3-dekabr-beynelxalq-elilliyi-olan-insanlar-gunu\/","og_locale":"az_AZ","og_type":"article","og_title":"3 dekabr- Beyn\u0259lxalq \u0259lilliyi olan insanlar g\u00fcn\u00fc - MEYDAN.TV","og_description":"Bir ne\u00e7\u0259 ay qabaq Bak\u0131da \u0259lilliyi olan \u015f\u0259xsl\u0259r\u0259 aid beyn\u0259lxalq bir konfransda i\u015ftirak etdim","og_url":"https:\/\/www.meydan.tv\/az\/article\/3-dekabr-beynelxalq-elilliyi-olan-insanlar-gunu\/","og_site_name":"MEYDAN.TV","article_published_time":"2016-12-03T13:36:58+00:00","og_image":[{"width":500,"height":500,"url":"https:\/\/www.meydan.tv\/wp-content\/uploads\/17796.jpg","type":"image\/jpeg"}],"author":"user-manager","twitter_card":"summary_large_image","schema":{"@context":"https:\/\/schema.org","@graph":[{"@type":"Article","@id":"https:\/\/www.meydan.tv\/az\/article\/3-dekabr-beynelxalq-elilliyi-olan-insanlar-gunu\/#article","isPartOf":{"@id":"https:\/\/www.meydan.tv\/az\/article\/3-dekabr-beynelxalq-elilliyi-olan-insanlar-gunu\/"},"author":{"name":"user-manager","@id":"https:\/\/www.meydan.tv\/az\/#\/schema\/person\/10d11eccf6da3662cf5fdab9806ea91a"},"headline":"3 dekabr- Beyn\u0259lxalq \u0259lilliyi olan insanlar g\u00fcn\u00fc","datePublished":"2016-12-03T13:36:58+00:00","mainEntityOfPage":{"@id":"https:\/\/www.meydan.tv\/az\/article\/3-dekabr-beynelxalq-elilliyi-olan-insanlar-gunu\/"},"wordCount":1201,"publisher":{"@id":"https:\/\/www.meydan.tv\/az\/#organization"},"image":{"@id":"https:\/\/www.meydan.tv\/az\/article\/3-dekabr-beynelxalq-elilliyi-olan-insanlar-gunu\/#primaryimage"},"thumbnailUrl":"https:\/\/www.meydan.tv\/wp-content\/uploads\/17796.jpg","articleSection":["M\u0259nim Fikrimc\u0259"],"inLanguage":"az"},{"@type":"WebPage","@id":"https:\/\/www.meydan.tv\/az\/article\/3-dekabr-beynelxalq-elilliyi-olan-insanlar-gunu\/","url":"https:\/\/www.meydan.tv\/az\/article\/3-dekabr-beynelxalq-elilliyi-olan-insanlar-gunu\/","name":"3 dekabr- Beyn\u0259lxalq \u0259lilliyi olan insanlar g\u00fcn\u00fc - MEYDAN.TV","isPartOf":{"@id":"https:\/\/www.meydan.tv\/az\/#website"},"primaryImageOfPage":{"@id":"https:\/\/www.meydan.tv\/az\/article\/3-dekabr-beynelxalq-elilliyi-olan-insanlar-gunu\/#primaryimage"},"image":{"@id":"https:\/\/www.meydan.tv\/az\/article\/3-dekabr-beynelxalq-elilliyi-olan-insanlar-gunu\/#primaryimage"},"thumbnailUrl":"https:\/\/www.meydan.tv\/wp-content\/uploads\/17796.jpg","datePublished":"2016-12-03T13:36:58+00:00","breadcrumb":{"@id":"https:\/\/www.meydan.tv\/az\/article\/3-dekabr-beynelxalq-elilliyi-olan-insanlar-gunu\/#breadcrumb"},"inLanguage":"az","potentialAction":[{"@type":"ReadAction","target":["https:\/\/www.meydan.tv\/az\/article\/3-dekabr-beynelxalq-elilliyi-olan-insanlar-gunu\/"]}]},{"@type":"ImageObject","inLanguage":"az","@id":"https:\/\/www.meydan.tv\/az\/article\/3-dekabr-beynelxalq-elilliyi-olan-insanlar-gunu\/#primaryimage","url":"https:\/\/www.meydan.tv\/wp-content\/uploads\/17796.jpg","contentUrl":"https:\/\/www.meydan.tv\/wp-content\/uploads\/17796.jpg","width":500,"height":500,"caption":"Source:"},{"@type":"BreadcrumbList","@id":"https:\/\/www.meydan.tv\/az\/article\/3-dekabr-beynelxalq-elilliyi-olan-insanlar-gunu\/#breadcrumb","itemListElement":[{"@type":"ListItem","position":1,"name":"Ana s\u0259hif\u0259","item":"https:\/\/www.meydan.tv\/az\/"},{"@type":"ListItem","position":2,"name":"M\u0259nim Fikrimc\u0259","item":"https:\/\/www.meydan.tv\/az\/section\/menim-fikrimce\/"},{"@type":"ListItem","position":3,"name":"3 dekabr- Beyn\u0259lxalq \u0259lilliyi olan insanlar g\u00fcn\u00fc"}]},{"@type":"WebSite","@id":"https:\/\/www.meydan.tv\/az\/#website","url":"https:\/\/www.meydan.tv\/az\/","name":"MEYDAN.TV","description":"Meydan TV Az\u0259rbaycan\u0131n media m\u0259kan\u0131ndak\u0131 alternativ s\u0259sidir","publisher":{"@id":"https:\/\/www.meydan.tv\/az\/#organization"},"potentialAction":[{"@type":"SearchAction","target":{"@type":"EntryPoint","urlTemplate":"https:\/\/www.meydan.tv\/az\/?s={search_term_string}"},"query-input":{"@type":"PropertyValueSpecification","valueRequired":true,"valueName":"search_term_string"}}],"inLanguage":"az"},{"@type":"Organization","@id":"https:\/\/www.meydan.tv\/az\/#organization","name":"Meydan TV","url":"https:\/\/www.meydan.tv\/az\/","logo":{"@type":"ImageObject","inLanguage":"az","@id":"https:\/\/www.meydan.tv\/az\/#\/schema\/logo\/image\/","url":"https:\/\/www.meydan.tv\/wp-content\/uploads\/2021\/07\/meydan-logo.svg","contentUrl":"https:\/\/www.meydan.tv\/wp-content\/uploads\/2021\/07\/meydan-logo.svg","width":195,"height":46,"caption":"Meydan TV"},"image":{"@id":"https:\/\/www.meydan.tv\/az\/#\/schema\/logo\/image\/"}},{"@type":"Person","@id":"https:\/\/www.meydan.tv\/az\/#\/schema\/person\/10d11eccf6da3662cf5fdab9806ea91a","name":"user-manager"}]}},"_links":{"self":[{"href":"https:\/\/www.meydan.tv\/az\/wp-json\/wp\/v2\/posts\/180955","targetHints":{"allow":["GET"]}}],"collection":[{"href":"https:\/\/www.meydan.tv\/az\/wp-json\/wp\/v2\/posts"}],"about":[{"href":"https:\/\/www.meydan.tv\/az\/wp-json\/wp\/v2\/types\/post"}],"author":[{"embeddable":true,"href":"https:\/\/www.meydan.tv\/az\/wp-json\/wp\/v2\/users\/11"}],"replies":[{"embeddable":true,"href":"https:\/\/www.meydan.tv\/az\/wp-json\/wp\/v2\/comments?post=180955"}],"version-history":[{"count":0,"href":"https:\/\/www.meydan.tv\/az\/wp-json\/wp\/v2\/posts\/180955\/revisions"}],"wp:featuredmedia":[{"embeddable":true,"href":"https:\/\/www.meydan.tv\/az\/wp-json\/wp\/v2\/media\/47490"}],"wp:attachment":[{"href":"https:\/\/www.meydan.tv\/az\/wp-json\/wp\/v2\/media?parent=180955"}],"wp:term":[{"taxonomy":"category","embeddable":true,"href":"https:\/\/www.meydan.tv\/az\/wp-json\/wp\/v2\/categories?post=180955"},{"taxonomy":"post_tag","embeddable":true,"href":"https:\/\/www.meydan.tv\/az\/wp-json\/wp\/v2\/tags?post=180955"}],"curies":[{"name":"wp","href":"https:\/\/api.w.org\/{rel}","templated":true}]}}