{"id":180943,"date":"2016-12-02T16:03:11","date_gmt":"2016-12-02T16:03:11","guid":{"rendered":"https:\/\/www.meydan.tv\/article\/esassiz-tarifler-ve-gedisler\/"},"modified":"2016-12-02T16:03:11","modified_gmt":"2016-12-02T16:03:11","slug":"esassiz-tarifler-ve-gedisler","status":"publish","type":"post","link":"https:\/\/www.meydan.tv\/az\/article\/esassiz-tarifler-ve-gedisler\/","title":{"rendered":"\u018fsass\u0131z tarifl\u0259r v\u0259 gedi\u015fl\u0259r"},"content":{"rendered":"<figure class=\"wp-block-image size-large\">\n  <img decoding=\"async\" src=\"https:\/\/www.meydan.tv\/az\/qiymet-artimi-arxiv-foto\/\" alt=\"Qiym\u0259t art\u0131m\u0131, arxiv foto\" class=\"wp-image-74556\"\/><figcaption>\n    Qiym\u0259t art\u0131m\u0131, arxiv foto<br \/>\n  <\/figcaption><\/figure>\n<p>\n  <i><br \/>\n    Qiym\u0259tl\u0259rin art\u0131r\u0131lmas\u0131 \u00fc\u00e7\u00fcn \u0259sas yoxdur<br \/>\n  <\/i>\n<\/p>\n<p>\n  Az\u0259rbaycan h\u00f6kum\u0259ti q\u0259dim \u0259n\u0259n\u0259y\u0259 sadiq qalaraq, he\u00e7 bir ictimai m\u00fczakir\u0259 v\u0259 \u0259sasland\u0131rma olmadan, noyabr\u0131n 28-d\u0259 qaz v\u0259 elektrik enerjisi tarifl\u0259rini art\u0131r\u0131b, bu add\u0131m\u0131 kommunal xidm\u0259tl\u0259rin &#8220;\u015fax\u0259l\u0259ndirilmi\u015f \u00f6d\u0259ni\u015f sisteminin&#8221; t\u0259tbiq edilm\u0259si il\u0259 izah edib.\n<\/p>\n<p>\n  Bel\u0259 ki, \u0259hali qrupundan olan istehlak\u00e7\u0131lar \u00fc\u00e7\u00fcn illik 1500 kubmetr istehlak h\u0259cmini ke\u00e7\u0259n t\u0259bii qaz\u0131n 1 kubmetri \u00fc\u00e7\u00fcn tarif 0,1 manatdan 0,2 manata, y\u0259ni 1000 kubmetr \u00fc\u00e7\u00fcn 200 manata q\u0259d\u0259r art\u0131r\u0131lacaq.\n<\/p>\n<p>\n  Elektrik enerjisi il\u0259 ba\u011fl\u0131 m\u0259nz\u0259r\u0259 d\u0259 eynidir, ayl\u0131q 250 kilovat\/saat istehlak h\u0259cmini a\u015fd\u0131qda sonrak\u0131 h\u0259r kilovat \u00fc\u00e7\u00fcn tarif avtomatik olaraq 0,07 manatdan 0,11 manata q\u0259d\u0259r art\u0131r\u0131l\u0131r.\n<\/p>\n<p>\n  Baxmayaraq ki, Tarif \u015euras\u0131 tarifl\u0259rin art\u0131r\u0131lmas\u0131n\u0131n \u0259halinin yaln\u0131z c\u00fczi, amma \u00f6d\u0259ni\u015f qabiliyy\u0259tli hiss\u0259sin\u0259 t\u0259sir ed\u0259c\u0259yini iddia edir. M\u0259s\u0259l\u0259n, SOCAR d\u00f6vl\u0259t neft \u015firk\u0259tinin m\u0259lumat\u0131na g\u00f6r\u0259, &#8220;\u0259hali&#8221; kateqoriyas\u0131ndan olan abun\u0259\u00e7il\u0259rin 62%-i ild\u0259 1500 kubmetrd\u0259n az qazdan istifad\u0259 edir. &#8220;Az\u0259ri\u015f\u0131q&#8221; enerjipaylay\u0131c\u0131 \u015firk\u0259tin m\u0259lumat\u0131na g\u00f6r\u0259 is\u0259, &#8220;\u0259hal\u0130&#8221; kateqoriyas\u0131ndan olan abun\u0259\u00e7il\u0259rin 72%-i ayda 250 kilovatt\/saat h\u0259cmind\u0259n az elektrik enerjisind\u0259n istifad\u0259 edir.\n<\/p>\n<p>\n  Amma statistika g\u00f6st\u0259ricil\u0259ri f\u0259rqlidir. Az\u0259ristilikt\u0259chizat ASC-nin etiraf\u0131na g\u00f6r\u0259 Bak\u0131da 2000 bina m\u0259rk\u0259zl\u0259\u015fmi\u015f isitm\u0259 t\u0259min edilib. Orta hesabla bir binada 50 ail\u0259 ya\u015fad\u0131\u011f\u0131n\u0131 n\u0259z\u0259r\u0259 alsaq, bel\u0259 \u00e7\u0131x\u0131r ki, 100 min ail\u0259 v\u0259 ya 400 min n\u0259f\u0259r (orta statistik ail\u0259 4 n\u0259f\u0259rd\u0259n ibar\u0259tdir) m\u0259rk\u0259zl\u0259\u015fmi\u015f isitm\u0259d\u0259n istifad\u0259 edir. Sumqay\u0131tda binalar\u0131n 1-2%-i m\u0259rk\u0259zl\u0259\u015fmi\u015f isitm\u0259 il\u0259 t\u0259chiz olunub. G\u0259nc\u0259d\u0259 v\u0259 dig\u0259r \u015f\u0259h\u0259rl\u0259rd\u0259 d\u0259 eyni v\u0259ziyy\u0259tdir. Bel\u0259likl\u0259, \u00f6lk\u0259 \u0259halisinin c\u0259mi 5%-i m\u0259rk\u0259zl\u0259\u015fmi\u015f isitm\u0259d\u0259n istifad\u0259 edir. Bu, o dem\u0259kdir ki, t\u0259xmin\u0259n 9 mln. \u0259hali isinm\u0259k \u00fc\u00e7\u00fc qazdan, elektrik enerjisind\u0259n v\u0259 qism\u0259n odundan istifad\u0259 edir. Bel\u0259 bir sual yaran\u0131r: 70 v\u0259 ya daha \u00e7ox kv. m. sah\u0259si olan evi soyuq 5 ayda (noyabr-mart) 1500 kubmetr qaz v\u0259 ya 1250 kVt elektrik enerjisi il\u0259 nec\u0259 isitm\u0259k olar? Bu m\u0259lumatlar g\u00f6st\u0259rir ki, \u0259halinin \u0259ks\u0259r hiss\u0259si &#8220;\u015fax\u0259l\u0259ndirilmi\u015f yana\u015fman\u0131&#8221; \u00f6z \u00fcz\u0259rind\u0259 hiss ed\u0259c\u0259k v\u0259 ya &#8220;d\u00f6vl\u0259t maraqlar\u0131&#8221; namin\u0259 &#8211; m\u0259suliyy\u0259tsiz h\u00f6kum\u0259tin d\u00f6vl\u0259t b\u00fcdc\u0259sind\u0259 yaratd\u0131\u011f\u0131 bo\u015fluqlar\u0131 doldurmaq \u00fc\u00e7\u00fcn istid\u0259n imtina etm\u0259k m\u0259cburiyy\u0259tind\u0259 qalacaq.\n<\/p>\n<blockquote><p>\n  Qiym\u0259tl\u0259rin art\u0131r\u0131lmas\u0131 \u00fc\u00e7\u00fcn \u0259sas yoxdur\n<\/p><\/blockquote>\n<p>\n  Tarifl\u0259rin art\u0131r\u0131lmas\u0131 \u00fc\u00e7\u00fcn \u0259sas yoxdur, bel\u0259 ki, Az\u0259rbaycan ucuz enerji resurslar\u0131n\u0131n istehsal\u00e7\u0131s\u0131d\u0131r. Yataqdan istehlak\u00e7\u0131ya qaz \u00e7atd\u0131r\u0131lmas\u0131 10 dollara ba\u015fa g\u0259lir v\u0259 m\u00fcvafiq olaraq elektrik enerjisi istehsal\u0131n\u0131n maya d\u0259y\u0259rind\u0259 onun x\u00fcsusi \u00e7\u0259kisi c\u00fczidir. Avropada v\u0259 Az\u0259rbaycanda elektrik enerjisi v\u0259 qaz qiym\u0259tl\u0259rinin m\u00fcqayis\u0259li t\u0259hlili a\u015fa\u011f\u0131dak\u0131 m\u0259nz\u0259r\u0259ni g\u00f6st\u0259rir:\n<\/p>\n<figure class=\"wp-block-image size-large\">\n  <img decoding=\"async\" src=\"https:\/\/www.meydan.tv\/az\/74559\/\" alt=\"\" class=\"wp-image-74559\"\/><figcaption><\/figcaption><\/figure>\n<p>\n  Avropada elektrik enerjisinin qiym\u0259ti iki d\u0259f\u0259 \u00e7oxdur, amma maya d\u0259y\u0259ri 25 d\u0259f\u0259 \u00e7oxdur. M\u0259s\u0259l\u0259n, Yunan\u0131stan kimi orta Avropa \u00f6lk\u0259sind\u0259 orta ayl\u0131q \u0259m\u0259k haqq\u0131 1800 dollar, Az\u0259rbaycanda is\u0259 250 dollard\u0131r. Hans\u0131 m\u00fcqayis\u0259d\u0259n v\u0259 hans\u0131 \u0259saslardan s\u00f6hb\u0259t ged\u0259 bil\u0259r? Yaln\u0131z bir n\u0259tic\u0259 \u00e7\u0131x\u0131r \u2013 istehlak\u00e7\u0131lar\u0131 talan etm\u0259kl\u0259 d\u00f6vl\u0259t b\u00fcdc\u0259sini doldurmaq.\n<\/p>\n<blockquote><p>\n  Z\u0259ncirvari reaksiya\n<\/p><\/blockquote>\n<p>\n  \u018fhali kateqoriyas\u0131 \u00fc\u00e7\u00fcn qaz tarifinin iki d\u0259f\u0259 &#8211; 1000 kubmetr \u00fc\u00e7\u00fcn 200 manata q\u0259d\u0259r v\u0259 elektrik enerjisi tarifinin 58% &#8211; bir kVt \u00fc\u00e7\u00fcn 0,11 manata q\u0259d\u0259r art\u0131r\u0131lmas\u0131 avtomatik olaraq mal v\u0259 xidm\u0259t istehsal\u0131, onlar\u0131n sat\u0131\u015f\u0131 qiym\u0259tl\u0259rinin art\u0131r\u0131lmas\u0131na g\u0259tirib \u00e7\u0131xaracaq. \u018fhalinin istehlak z\u0259nbilini enerji da\u015f\u0131y\u0131c\u0131lar\u0131, n\u0259qliyyat istiqam\u0259tin\u0259 d\u0259yi\u015fdirm\u0259si istehlak mallar\u0131ndan v\u0259 xidm\u0259tl\u0259rd\u0259n daha az istifad\u0259 olunmas\u0131na g\u0259tirib \u00e7\u0131xaracaq. Al\u0131c\u0131l\u0131q qabiliyy\u0259tinin azalmas\u0131 mal v\u0259 xidm\u0259t istehsal\u0131n\u0131n azalmas\u0131na s\u0259b\u0259b olacaq. B\u00fct\u00fcn bunlar vergi y\u0131\u011f\u0131lmas\u0131n\u0131n v\u0259 b\u00fcdc\u0259y\u0259 daxilolmalar\u0131n azalmas\u0131na v\u0259 manat\u0131n ucuzla\u015fmas\u0131na g\u0259tirib \u00e7\u0131xaracaq. Bel\u0259 olan halda h\u00f6kum\u0259t yenid\u0259n s\u00f6z\u00fcged\u0259n z\u0259ncir \u00fczr\u0259 qiym\u0259tl\u0259rin qald\u0131r\u0131lmas\u0131na \u0259l atacaq v\u0259 bel\u0259c\u0259 \u0259n z\u0259if halqa q\u0131r\u0131lana q\u0259d\u0259r davam ed\u0259c\u0259k.\n<\/p>\n<blockquote><p>\n  Qiym\u0259t art\u0131m\u0131n\u0131n s\u0259b\u0259bi islahatlar\u0131n l\u0259ngim\u0259sind\u0259dir\n<\/p><\/blockquote>\n<p>\n  Az\u0259rbaycanda b\u00f6hran iki ildir \u00f6z\u00fcn\u00fc a\u00e7\u0131q-a\u015fkar g\u00f6st\u0259rir v\u0259 h\u00f6kum\u0259t ki\u00e7ik v\u0259 orta biznesin inki\u015faf\u0131n\u0131 \u00f6n\u0259 \u00e7\u0131xarmaqla, qeyri-neft iqtisadiyyat\u0131 qurma\u011fa ba\u015flamaq \u00fc\u00e7\u00fcn he\u00e7 bir islahat h\u0259yata ke\u00e7irm\u0259yib. T\u0259cr\u00fcb\u0259d\u0259 tamamil\u0259 \u0259ksi oldu. Manat\u0131n devalvasiyas\u0131 v\u0259 al\u0131c\u0131l\u0131q qabiliyy\u0259tinin azalmas\u0131 bir \u00e7ox biznes qurumlar\u0131n\u0131n \u2013 banklar\u0131n, istehsalat, in\u015faat \u015firk\u0259tl\u0259rinin, ma\u011fazalar\u0131n, xidm\u0259t t\u0259\u015fkilatlar\u0131n\u0131n v\u0259 s. ba\u011flanmas\u0131na g\u0259tirib \u00e7\u0131xard\u0131 v\u0259 bu proses davam edir. M\u0259ntiq il\u0259 x\u00fcsusi ki\u00e7ik v\u0259 orta sahibkarl\u0131\u011f\u0131n \u2013 k\u0259nd t\u0259s\u0259rr\u00fcfat\u0131, s\u0259naye v\u0259 \u0259n \u0259sas\u0131 xidm\u0259tl\u0259r sah\u0259sind\u0259 y\u00fcz minl\u0259rl\u0259 mal v\u0259 xidm\u0259t istehsal\u00e7\u0131lar\u0131n\u0131n inki\u015faf\u0131 b\u00f6hrandan \u00e7\u0131x\u0131\u015f\u0131 t\u0259min ed\u0259 bil\u0259rdi. Son ill\u0259r inki\u015faf etmi\u015f \u00f6lk\u0259l\u0259rd\u0259 \u00dcDM-in pay\u0131na 70%, Az\u0259rbaycanda is\u0259 5% d\u00fc\u015f\u00fcr.\n<\/p>\n<p>\n  Hakimiyy\u0259tin bu davran\u0131\u015f\u0131n\u0131n s\u0259b\u0259bl\u0259rini ba\u015fa d\u00fc\u015fm\u0259k \u00fc\u00e7\u00fcn n\u0259z\u0259r\u0259 almaq laz\u0131md\u0131r ki, Az\u0259rbaycanda ki\u00e7ik v\u0259 orta biznesin m\u00fcst\u0259qilliyi 90-c\u0131 ill\u0259rin ortalar\u0131ndan metodik v\u0259 ard\u0131c\u0131l olaraq m\u0259hv edilirdi. 20-ci \u0259srin \u0259vv\u0259ll\u0259rind\u0259 c\u0259miyy\u0259tin h\u0259r\u0259k\u0259tverici q\u00fcvv\u0259si proletariat idis\u0259, 21-ci \u0259sr \u0259r\u0259f\u0259sind\u0259 bu q\u00fcvv\u0259 ki\u00e7ik v\u0259 orta biznes \u2013 azad istehlak\u00e7\u0131lar birliyi idi. Maliyy\u0259 azadl\u0131\u011f\u0131 v\u0259 siyasi azadl\u0131\u011f\u0131 olan bel\u0259 sinif \u00f6z konstruksiyas\u0131n\u0131 oliqarx idar\u0259etm\u0259 \u00fcz\u0259rind\u0259 qurmu\u015f hakim elita \u00fc\u00e7\u00fcn t\u0259hl\u00fck\u0259li idi v\u0259 t\u0259hl\u00fck\u0259li olaraq qal\u0131r. Bu halda biznes\u0259 azadl\u0131q verilm\u0259si c\u0259miyy\u0259t \u00fcz\u0259rind\u0259 n\u0259zar\u0259tin itirilm\u0259si dem\u0259kdir. C\u0259miyy\u0259tin susdurulmas\u0131 al\u0259tl\u0259ri maliyy\u0259 vasit\u0259l\u0259rinin inhisar\u0131, hakimiyy\u0259tin b\u00fct\u00fcn qollar\u0131 \u00fcz\u0259rind\u0259 icra sisteminin inhisar\u0131, qorxu v\u0259 depressiya yaratmaqla c\u0259miyy\u0259t\u0259 qar\u015f\u0131 repressiv \u0259m\u0259ll\u0259rdir.\n<\/p>\n<p>\n  G\u00f6r\u00fcnd\u00fcy\u00fc kimi, v\u0259ziyy\u0259t h\u0259qiq\u0259t\u0259n pisdir v\u0259 prosesl\u0259r dalan istiqam\u0259tind\u0259 inki\u015faf etm\u0259kd\u0259 davam ed\u0259k, ictimai g\u0259rginlik yay\u0131n\u0131 s\u0131x\u0131r. Bir m\u00fcdd\u0259t \u0259vv\u0259l qeyd edildiyi kimi, prezident \u018fliyev islahatlar\u0131 yaza q\u0259d\u0259r uzad\u0131r. Bel\u0259 baxanda, c\u0259mi 3-4 ayd\u0131r, amma Az\u0259rbaycanla ba\u011fl\u0131 bu, \u00e7ox \u0259sass\u0131z uzun zaman k\u0259siyidir. V\u0259ziyy\u0259t s\u00fcr\u0259tl\u0259 d\u0259yi\u015fir v\u0259 q\u0259rib\u0259dir ki, d\u0259yi\u015fikliyi hakimiyy\u0259t \u00f6z\u00fc s\u00fcr\u0259tl\u0259ndirir.<\/p>\n","protected":false},"excerpt":{"rendered":"<p>Qiym\u0259tl\u0259rin art\u0131r\u0131lmas\u0131 \u00fc\u00e7\u00fcn \u0259sas yoxdur<\/p>\n","protected":false},"author":11,"featured_media":74556,"comment_status":"closed","ping_status":"open","sticky":false,"template":"","format":"standard","meta":{"_acf_changed":false,"_sitemap_exclude":false,"_sitemap_priority":"","_sitemap_frequency":"","footnotes":""},"categories":[51],"tags":[],"class_list":["post-180943","post","type-post","status-publish","format-standard","has-post-thumbnail","hentry","category-analitika","infinite-scroll-item","generate-columns","tablet-grid-50","mobile-grid-100","grid-parent","grid-33","no-featured-image-padding"],"acf":[],"yoast_head":"<!-- This site is optimized with the Yoast SEO plugin v27.5 - https:\/\/yoast.com\/product\/yoast-seo-wordpress\/ -->\n<title>\u018fsass\u0131z tarifl\u0259r v\u0259 gedi\u015fl\u0259r - MEYDAN.TV<\/title>\n<meta name=\"robots\" content=\"index, follow, max-snippet:-1, max-image-preview:large, max-video-preview:-1\" \/>\n<link rel=\"canonical\" href=\"https:\/\/www.meydan.tv\/az\/article\/esassiz-tarifler-ve-gedisler\/\" \/>\n<meta property=\"og:locale\" content=\"az_AZ\" \/>\n<meta property=\"og:type\" content=\"article\" \/>\n<meta property=\"og:title\" content=\"\u018fsass\u0131z tarifl\u0259r v\u0259 gedi\u015fl\u0259r - MEYDAN.TV\" \/>\n<meta property=\"og:description\" content=\"Qiym\u0259tl\u0259rin art\u0131r\u0131lmas\u0131 \u00fc\u00e7\u00fcn \u0259sas yoxdur\" \/>\n<meta property=\"og:url\" content=\"https:\/\/www.meydan.tv\/az\/article\/esassiz-tarifler-ve-gedisler\/\" \/>\n<meta property=\"og:site_name\" content=\"MEYDAN.TV\" \/>\n<meta property=\"article:published_time\" content=\"2016-12-02T16:03:11+00:00\" \/>\n<meta property=\"og:image\" content=\"https:\/\/www.meydan.tv\/wp-content\/uploads\/28808.jpg\" \/>\n\t<meta property=\"og:image:width\" content=\"1024\" \/>\n\t<meta property=\"og:image:height\" content=\"576\" \/>\n\t<meta property=\"og:image:type\" content=\"image\/jpeg\" \/>\n<meta name=\"author\" content=\"user-manager\" \/>\n<meta name=\"twitter:card\" content=\"summary_large_image\" \/>\n<script type=\"application\/ld+json\" class=\"yoast-schema-graph\">{\"@context\":\"https:\\\/\\\/schema.org\",\"@graph\":[{\"@type\":\"Article\",\"@id\":\"https:\\\/\\\/www.meydan.tv\\\/az\\\/article\\\/esassiz-tarifler-ve-gedisler\\\/#article\",\"isPartOf\":{\"@id\":\"https:\\\/\\\/www.meydan.tv\\\/az\\\/article\\\/esassiz-tarifler-ve-gedisler\\\/\"},\"author\":{\"name\":\"user-manager\",\"@id\":\"https:\\\/\\\/www.meydan.tv\\\/az\\\/#\\\/schema\\\/person\\\/10d11eccf6da3662cf5fdab9806ea91a\"},\"headline\":\"\u018fsass\u0131z tarifl\u0259r v\u0259 gedi\u015fl\u0259r\",\"datePublished\":\"2016-12-02T16:03:11+00:00\",\"mainEntityOfPage\":{\"@id\":\"https:\\\/\\\/www.meydan.tv\\\/az\\\/article\\\/esassiz-tarifler-ve-gedisler\\\/\"},\"wordCount\":1243,\"publisher\":{\"@id\":\"https:\\\/\\\/www.meydan.tv\\\/az\\\/#organization\"},\"image\":{\"@id\":\"https:\\\/\\\/www.meydan.tv\\\/az\\\/article\\\/esassiz-tarifler-ve-gedisler\\\/#primaryimage\"},\"thumbnailUrl\":\"https:\\\/\\\/www.meydan.tv\\\/wp-content\\\/uploads\\\/28808.jpg\",\"articleSection\":[\"Analitika\"],\"inLanguage\":\"az\"},{\"@type\":\"WebPage\",\"@id\":\"https:\\\/\\\/www.meydan.tv\\\/az\\\/article\\\/esassiz-tarifler-ve-gedisler\\\/\",\"url\":\"https:\\\/\\\/www.meydan.tv\\\/az\\\/article\\\/esassiz-tarifler-ve-gedisler\\\/\",\"name\":\"\u018fsass\u0131z tarifl\u0259r v\u0259 gedi\u015fl\u0259r - MEYDAN.TV\",\"isPartOf\":{\"@id\":\"https:\\\/\\\/www.meydan.tv\\\/az\\\/#website\"},\"primaryImageOfPage\":{\"@id\":\"https:\\\/\\\/www.meydan.tv\\\/az\\\/article\\\/esassiz-tarifler-ve-gedisler\\\/#primaryimage\"},\"image\":{\"@id\":\"https:\\\/\\\/www.meydan.tv\\\/az\\\/article\\\/esassiz-tarifler-ve-gedisler\\\/#primaryimage\"},\"thumbnailUrl\":\"https:\\\/\\\/www.meydan.tv\\\/wp-content\\\/uploads\\\/28808.jpg\",\"datePublished\":\"2016-12-02T16:03:11+00:00\",\"breadcrumb\":{\"@id\":\"https:\\\/\\\/www.meydan.tv\\\/az\\\/article\\\/esassiz-tarifler-ve-gedisler\\\/#breadcrumb\"},\"inLanguage\":\"az\",\"potentialAction\":[{\"@type\":\"ReadAction\",\"target\":[\"https:\\\/\\\/www.meydan.tv\\\/az\\\/article\\\/esassiz-tarifler-ve-gedisler\\\/\"]}]},{\"@type\":\"ImageObject\",\"inLanguage\":\"az\",\"@id\":\"https:\\\/\\\/www.meydan.tv\\\/az\\\/article\\\/esassiz-tarifler-ve-gedisler\\\/#primaryimage\",\"url\":\"https:\\\/\\\/www.meydan.tv\\\/wp-content\\\/uploads\\\/28808.jpg\",\"contentUrl\":\"https:\\\/\\\/www.meydan.tv\\\/wp-content\\\/uploads\\\/28808.jpg\",\"width\":1024,\"height\":576,\"caption\":\"Source:\"},{\"@type\":\"BreadcrumbList\",\"@id\":\"https:\\\/\\\/www.meydan.tv\\\/az\\\/article\\\/esassiz-tarifler-ve-gedisler\\\/#breadcrumb\",\"itemListElement\":[{\"@type\":\"ListItem\",\"position\":1,\"name\":\"Ana s\u0259hif\u0259\",\"item\":\"https:\\\/\\\/www.meydan.tv\\\/az\\\/\"},{\"@type\":\"ListItem\",\"position\":2,\"name\":\"Analitika\",\"item\":\"https:\\\/\\\/www.meydan.tv\\\/az\\\/section\\\/analitika\\\/\"},{\"@type\":\"ListItem\",\"position\":3,\"name\":\"\u018fsass\u0131z tarifl\u0259r v\u0259 gedi\u015fl\u0259r\"}]},{\"@type\":\"WebSite\",\"@id\":\"https:\\\/\\\/www.meydan.tv\\\/az\\\/#website\",\"url\":\"https:\\\/\\\/www.meydan.tv\\\/az\\\/\",\"name\":\"MEYDAN.TV\",\"description\":\"Meydan TV Az\u0259rbaycan\u0131n media m\u0259kan\u0131ndak\u0131 alternativ s\u0259sidir\",\"publisher\":{\"@id\":\"https:\\\/\\\/www.meydan.tv\\\/az\\\/#organization\"},\"potentialAction\":[{\"@type\":\"SearchAction\",\"target\":{\"@type\":\"EntryPoint\",\"urlTemplate\":\"https:\\\/\\\/www.meydan.tv\\\/az\\\/?s={search_term_string}\"},\"query-input\":{\"@type\":\"PropertyValueSpecification\",\"valueRequired\":true,\"valueName\":\"search_term_string\"}}],\"inLanguage\":\"az\"},{\"@type\":\"Organization\",\"@id\":\"https:\\\/\\\/www.meydan.tv\\\/az\\\/#organization\",\"name\":\"Meydan TV\",\"url\":\"https:\\\/\\\/www.meydan.tv\\\/az\\\/\",\"logo\":{\"@type\":\"ImageObject\",\"inLanguage\":\"az\",\"@id\":\"https:\\\/\\\/www.meydan.tv\\\/az\\\/#\\\/schema\\\/logo\\\/image\\\/\",\"url\":\"https:\\\/\\\/www.meydan.tv\\\/wp-content\\\/uploads\\\/2021\\\/07\\\/meydan-logo.svg\",\"contentUrl\":\"https:\\\/\\\/www.meydan.tv\\\/wp-content\\\/uploads\\\/2021\\\/07\\\/meydan-logo.svg\",\"width\":195,\"height\":46,\"caption\":\"Meydan TV\"},\"image\":{\"@id\":\"https:\\\/\\\/www.meydan.tv\\\/az\\\/#\\\/schema\\\/logo\\\/image\\\/\"}},{\"@type\":\"Person\",\"@id\":\"https:\\\/\\\/www.meydan.tv\\\/az\\\/#\\\/schema\\\/person\\\/10d11eccf6da3662cf5fdab9806ea91a\",\"name\":\"user-manager\"}]}<\/script>\n<!-- \/ Yoast SEO plugin. -->","yoast_head_json":{"title":"\u018fsass\u0131z tarifl\u0259r v\u0259 gedi\u015fl\u0259r - MEYDAN.TV","robots":{"index":"index","follow":"follow","max-snippet":"max-snippet:-1","max-image-preview":"max-image-preview:large","max-video-preview":"max-video-preview:-1"},"canonical":"https:\/\/www.meydan.tv\/az\/article\/esassiz-tarifler-ve-gedisler\/","og_locale":"az_AZ","og_type":"article","og_title":"\u018fsass\u0131z tarifl\u0259r v\u0259 gedi\u015fl\u0259r - MEYDAN.TV","og_description":"Qiym\u0259tl\u0259rin art\u0131r\u0131lmas\u0131 \u00fc\u00e7\u00fcn \u0259sas yoxdur","og_url":"https:\/\/www.meydan.tv\/az\/article\/esassiz-tarifler-ve-gedisler\/","og_site_name":"MEYDAN.TV","article_published_time":"2016-12-02T16:03:11+00:00","og_image":[{"width":1024,"height":576,"url":"https:\/\/www.meydan.tv\/wp-content\/uploads\/28808.jpg","type":"image\/jpeg"}],"author":"user-manager","twitter_card":"summary_large_image","schema":{"@context":"https:\/\/schema.org","@graph":[{"@type":"Article","@id":"https:\/\/www.meydan.tv\/az\/article\/esassiz-tarifler-ve-gedisler\/#article","isPartOf":{"@id":"https:\/\/www.meydan.tv\/az\/article\/esassiz-tarifler-ve-gedisler\/"},"author":{"name":"user-manager","@id":"https:\/\/www.meydan.tv\/az\/#\/schema\/person\/10d11eccf6da3662cf5fdab9806ea91a"},"headline":"\u018fsass\u0131z tarifl\u0259r v\u0259 gedi\u015fl\u0259r","datePublished":"2016-12-02T16:03:11+00:00","mainEntityOfPage":{"@id":"https:\/\/www.meydan.tv\/az\/article\/esassiz-tarifler-ve-gedisler\/"},"wordCount":1243,"publisher":{"@id":"https:\/\/www.meydan.tv\/az\/#organization"},"image":{"@id":"https:\/\/www.meydan.tv\/az\/article\/esassiz-tarifler-ve-gedisler\/#primaryimage"},"thumbnailUrl":"https:\/\/www.meydan.tv\/wp-content\/uploads\/28808.jpg","articleSection":["Analitika"],"inLanguage":"az"},{"@type":"WebPage","@id":"https:\/\/www.meydan.tv\/az\/article\/esassiz-tarifler-ve-gedisler\/","url":"https:\/\/www.meydan.tv\/az\/article\/esassiz-tarifler-ve-gedisler\/","name":"\u018fsass\u0131z tarifl\u0259r v\u0259 gedi\u015fl\u0259r - MEYDAN.TV","isPartOf":{"@id":"https:\/\/www.meydan.tv\/az\/#website"},"primaryImageOfPage":{"@id":"https:\/\/www.meydan.tv\/az\/article\/esassiz-tarifler-ve-gedisler\/#primaryimage"},"image":{"@id":"https:\/\/www.meydan.tv\/az\/article\/esassiz-tarifler-ve-gedisler\/#primaryimage"},"thumbnailUrl":"https:\/\/www.meydan.tv\/wp-content\/uploads\/28808.jpg","datePublished":"2016-12-02T16:03:11+00:00","breadcrumb":{"@id":"https:\/\/www.meydan.tv\/az\/article\/esassiz-tarifler-ve-gedisler\/#breadcrumb"},"inLanguage":"az","potentialAction":[{"@type":"ReadAction","target":["https:\/\/www.meydan.tv\/az\/article\/esassiz-tarifler-ve-gedisler\/"]}]},{"@type":"ImageObject","inLanguage":"az","@id":"https:\/\/www.meydan.tv\/az\/article\/esassiz-tarifler-ve-gedisler\/#primaryimage","url":"https:\/\/www.meydan.tv\/wp-content\/uploads\/28808.jpg","contentUrl":"https:\/\/www.meydan.tv\/wp-content\/uploads\/28808.jpg","width":1024,"height":576,"caption":"Source:"},{"@type":"BreadcrumbList","@id":"https:\/\/www.meydan.tv\/az\/article\/esassiz-tarifler-ve-gedisler\/#breadcrumb","itemListElement":[{"@type":"ListItem","position":1,"name":"Ana s\u0259hif\u0259","item":"https:\/\/www.meydan.tv\/az\/"},{"@type":"ListItem","position":2,"name":"Analitika","item":"https:\/\/www.meydan.tv\/az\/section\/analitika\/"},{"@type":"ListItem","position":3,"name":"\u018fsass\u0131z tarifl\u0259r v\u0259 gedi\u015fl\u0259r"}]},{"@type":"WebSite","@id":"https:\/\/www.meydan.tv\/az\/#website","url":"https:\/\/www.meydan.tv\/az\/","name":"MEYDAN.TV","description":"Meydan TV Az\u0259rbaycan\u0131n media m\u0259kan\u0131ndak\u0131 alternativ s\u0259sidir","publisher":{"@id":"https:\/\/www.meydan.tv\/az\/#organization"},"potentialAction":[{"@type":"SearchAction","target":{"@type":"EntryPoint","urlTemplate":"https:\/\/www.meydan.tv\/az\/?s={search_term_string}"},"query-input":{"@type":"PropertyValueSpecification","valueRequired":true,"valueName":"search_term_string"}}],"inLanguage":"az"},{"@type":"Organization","@id":"https:\/\/www.meydan.tv\/az\/#organization","name":"Meydan TV","url":"https:\/\/www.meydan.tv\/az\/","logo":{"@type":"ImageObject","inLanguage":"az","@id":"https:\/\/www.meydan.tv\/az\/#\/schema\/logo\/image\/","url":"https:\/\/www.meydan.tv\/wp-content\/uploads\/2021\/07\/meydan-logo.svg","contentUrl":"https:\/\/www.meydan.tv\/wp-content\/uploads\/2021\/07\/meydan-logo.svg","width":195,"height":46,"caption":"Meydan TV"},"image":{"@id":"https:\/\/www.meydan.tv\/az\/#\/schema\/logo\/image\/"}},{"@type":"Person","@id":"https:\/\/www.meydan.tv\/az\/#\/schema\/person\/10d11eccf6da3662cf5fdab9806ea91a","name":"user-manager"}]}},"_links":{"self":[{"href":"https:\/\/www.meydan.tv\/az\/wp-json\/wp\/v2\/posts\/180943","targetHints":{"allow":["GET"]}}],"collection":[{"href":"https:\/\/www.meydan.tv\/az\/wp-json\/wp\/v2\/posts"}],"about":[{"href":"https:\/\/www.meydan.tv\/az\/wp-json\/wp\/v2\/types\/post"}],"author":[{"embeddable":true,"href":"https:\/\/www.meydan.tv\/az\/wp-json\/wp\/v2\/users\/11"}],"replies":[{"embeddable":true,"href":"https:\/\/www.meydan.tv\/az\/wp-json\/wp\/v2\/comments?post=180943"}],"version-history":[{"count":0,"href":"https:\/\/www.meydan.tv\/az\/wp-json\/wp\/v2\/posts\/180943\/revisions"}],"wp:featuredmedia":[{"embeddable":true,"href":"https:\/\/www.meydan.tv\/az\/wp-json\/wp\/v2\/media\/74556"}],"wp:attachment":[{"href":"https:\/\/www.meydan.tv\/az\/wp-json\/wp\/v2\/media?parent=180943"}],"wp:term":[{"taxonomy":"category","embeddable":true,"href":"https:\/\/www.meydan.tv\/az\/wp-json\/wp\/v2\/categories?post=180943"},{"taxonomy":"post_tag","embeddable":true,"href":"https:\/\/www.meydan.tv\/az\/wp-json\/wp\/v2\/tags?post=180943"}],"curies":[{"name":"wp","href":"https:\/\/api.w.org\/{rel}","templated":true}]}}