{"id":180908,"date":"2016-12-01T15:13:21","date_gmt":"2016-12-01T15:13:21","guid":{"rendered":"https:\/\/www.meydan.tv\/article\/manat-son-20-ayda-120-faiz-deyer-itirib\/"},"modified":"2016-12-01T15:13:21","modified_gmt":"2016-12-01T15:13:21","slug":"manat-son-20-ayda-120-faiz-deyer-itirib","status":"publish","type":"post","link":"https:\/\/www.meydan.tv\/az\/article\/manat-son-20-ayda-120-faiz-deyer-itirib\/","title":{"rendered":"&#8221;Manat son 20 ayda 120 faiz d\u0259y\u0259r itirib&#8221;"},"content":{"rendered":"<figure class=\"wp-block-image size-large\">\n  <img decoding=\"async\" src=\"https:\/\/www.meydan.tv\/az\/96353\/\" alt=\"\" class=\"wp-image-96353\"\/><figcaption><\/figcaption><\/figure>\n<p>\n  <i><br \/>\n    Elman R\u00fcst\u0259mov: \u0130dar\u0259etm\u0259 g\u00f6t\u00fcr\u00fcls\u0259 manat\u0131n m\u0259z\u0259nn\u0259sid\u0259 n\u0259 ba\u015f ver\u0259c\u0259yini bilmirik<br \/>\n  <\/i>\n<\/p>\n<p>\n  \u201cM\u0259rk\u0259zi Bank 2016-c\u0131 ilin fevral\u0131ndan valyuta bazar\u0131na intervensiyan\u0131 dayand\u0131r\u0131b\u201d.\n<\/p>\n<p>\n  APA yaz\u0131r ki, bunu dekabr\u0131n 1-d\u0259 Milli M\u0259clisin iclas\u0131nda 2017-ci il d\u00f6vl\u0259t b\u00fcdc\u0259si layih\u0259sinin m\u00fczakir\u0259si zaman\u0131 M\u0259rk\u0259zi Bank\u0131n \u0130dar\u0259 Hey\u0259tinin s\u0259dri Elman R\u00fcst\u0259mov deyib.\n<\/p>\n<p>\n  Onun s\u00f6zl\u0259rin\u0259 g\u00f6r\u0259, haz\u0131rda \u00fcz\u0259n m\u0259z\u0259nn\u0259nin \u0259sas prinsipl\u0259ri g\u00f6zl\u0259nilir:\n<\/p>\n<p>\n  \u201cBuna baxmayaraq, manat\u0131n \u00f6z d\u0259y\u0259rini tapmas\u0131 \u00fc\u00e7\u00fcn m\u0259z\u0259nn\u0259nin m\u00fc\u0259yy\u0259n s\u0259viyy\u0259d\u0259 idar\u0259 edilm\u0259si siyas\u0259ti m\u00f6vcuddur. Bu g\u00fcn idar\u0259etm\u0259ni g\u00f6t\u00fcr\u0259c\u0259yimiz t\u0259qdird\u0259 manat\u0131n m\u0259z\u0259nn\u0259sind\u0259 n\u0259 ba\u015f ver\u0259 bil\u0259c\u0259yin\u0259 \u0259min deyilik. G\u00f6rd\u00fcy\u00fcm\u00fcz i\u015fl\u0259r 2017-ci ild\u0259 makroiqtisadi sabitliyin m\u00f6hk\u0259ml\u0259nm\u0259si, manat\u0131n m\u0259z\u0259nn\u0259sinin arzuolunan s\u0259viyy\u0259d\u0259 sabitl\u0259\u015fm\u0259si, qiym\u0259tl\u0259rin sabitliyi, inflyasiyan\u0131n azald\u0131lmas\u0131na h\u0259d\u0259fl\u0259nib. Bundan sonra inki\u015fafa ke\u00e7m\u0259k \u00fc\u00e7\u00fcn kifay\u0259t q\u0259d\u0259r imkan olacaq\u201d.\n<\/p>\n<p>\n  <b><br \/>\n    <i><br \/>\n      \u201c20 aya manat 120 faiz d\u0259y\u0259r itirib\u201d<br \/>\n    <\/i><br \/>\n  <\/b>\n<\/p>\n<p>\n  \u0130qtisad\u00e7\u0131 Qadir \u0130brahimli Meydan TV-y\u0259 a\u00e7\u0131qlamas\u0131nda ba\u015f bankirin fikirl\u0259rini m\u0259nfi qiym\u0259tl\u0259ndirib. O deyib ki, 20 ayd\u0131r manat d\u0259y\u0259rini itirib v\u0259 bu itki 120 faiz civar\u0131ndad\u0131r. Davam ed\u0259n prosesin hans\u0131 h\u0259dd\u0259 q\u0259d\u0259r ucuzla\u015faca\u011f\u0131n\u0131 dem\u0259k m\u00fcmk\u00fcn deyil. H\u0259tta c\u0259nab R\u00fcst\u0259mov da bunu t\u0259xmin ed\u0259 bilmir. Ancaq Az\u0259rbaycanla m\u00fcqayis\u0259d\u0259 G\u00fcrc\u00fcstanda, Qazax\u0131standa, Erm\u0259nistanda, Rusiyada yerli valyutalar art\u0131q sabitl\u0259\u015fm\u0259y\u0259 ba\u015flay\u0131b:\n<\/p>\n<p>\n  \u201cM\u0259s\u0259l\u0259n, Qazax\u0131stan\u0131n valyutas\u0131 24, G\u00fcrc\u00fcstan\u0131n valyutas\u0131 30, Erm\u0259nistan\u0131n valyutas\u0131 20 faiz d\u0259y\u0259rini itirib. Rusiyan\u0131n valyutas\u0131 \u0259vv\u0259l 45 faiz d\u0259y\u0259r itirdi, sonra is\u0259 bu r\u0259q\u0259m 15 faiz\u0259 endi. Az\u0259rbaycan manat\u0131 is\u0259 120 faiz itkiy\u0259 m\u0259ruz qal\u0131b. T\u0259bii ki, G\u00fcrc\u00fcstan v\u0259 Erm\u0259nistan\u0131n t\u0259bii ehtiyatlar\u0131 Az\u0259rbaycanla m\u00fcqayis\u0259 oluna bilm\u0259z. Amma Az\u0259rbaycanda h\u0259l\u0259 20 aya yax\u0131n davam ed\u0259n devalvasiya ba\u015fa \u00e7atmay\u0131b, maliyy\u0259 bazar\u0131ndak\u0131 sabitlik pozulub\u201d.\n<\/p>\n<figure class=\"wp-block-image size-large\">\n  <img decoding=\"async\" src=\"https:\/\/www.meydan.tv\/az\/72436\/\" alt=\"\" class=\"wp-image-72436\"\/><figcaption>\n    Qadir \u0130brahimli foto Meydan TV<br \/>\n  <\/figcaption><\/figure>\n<p>\n  \u0130qtisad\u00e7\u0131 bildirir ki, b\u00fct\u00fcn bunlar biznes m\u00fchitin\u0259, \u0259halinin g\u0259lirl\u0259rin\u0259 v\u0259 ajiotaja s\u0259b\u0259b olur. \u018fg\u0259r problem yax\u0131n vaxtlarda h\u0259llini tapmasa, \u00f6lk\u0259nin maliyy\u0259 sektoru \u00e7\u00f6k\u0259 bil\u0259r.\n<\/p>\n<p>\n  Dig\u0259r bir iqtisad\u00e7\u0131 R\u0259\u015fad H\u0259s\u0259nov hesab edir ki, Elman R\u00fcst\u0259movun fikirl\u0259ri yeni deyil, art\u0131q s\u00fcbut olunub v\u0259 ictimaiyy\u0259t t\u0259r\u0259find\u0259n q\u0259bul edilib. Baxmayaraq ki, h\u00f6kum\u0259t 2015-ci il dekabr\u0131n 21-d\u0259 ortaya \u00fcz\u0259n m\u0259z\u0259nn\u0259y\u0259 ke\u00e7idl\u0259 ba\u011fl\u0131 m\u00f6vqe qoydu, amma h\u0259yata ke\u00e7iril\u0259n siyas\u0259t daha \u00e7ox t\u0259nziml\u0259n\u0259n \u00fcz\u0259n m\u0259z\u0259nn\u0259 siyas\u0259ti idi:<br \/>\n  <br \/>\n  \u201cParalel olaraq monetar v\u0259 fiskal siyas\u0259td\u0259 m\u0259hz m\u0259z\u0259nn\u0259y\u0259 h\u0259d\u0259fl\u0259nmi\u015f istiqam\u0259t g\u00f6t\u00fcr\u00fclm\u00fc\u015fd\u00fc. H\u0259min istiqam\u0259tl\u0259r pul k\u00fctl\u0259sinin azald\u0131lmas\u0131, d\u00f6vriyy\u0259d\u0259 m\u00fcmk\u00fcn q\u0259d\u0259r manat \u00e7at\u0131\u015fmazl\u0131\u011f\u0131, b\u00fcdc\u0259 x\u0259rcl\u0259m\u0259l\u0259rind\u0259 k\u0259sintiy\u0259 gedilm\u0259si, banklar\u0131n manatla kredit verm\u0259sinin m\u00fc\u0259yy\u0259n formada l\u0259ngidilm\u0259siyl\u0259 daxili bazarlarda xarici valyuta t\u0259l\u0259bat\u0131na n\u0259zar\u0259ti m\u00fcmk\u00fcn s\u0259viyy\u0259d\u0259 qorumaq idi. B\u00fct\u00fcn bunlar da \u00f6z n\u00f6vb\u0259sind\u0259 normal \u015f\u0259rtl\u0259r daxilind\u0259 valyuta bazarlar\u0131nda manat\u0131n m\u0259z\u0259nn\u0259sinin formala\u015fmas\u0131n\u0131 \u0259ng\u0259ll\u0259yir\u201d.\n<\/p>\n<p>\n  <br \/>\n  <b><br \/>\n    <i><br \/>\n      \u201cM\u0259rk\u0259zi Bank v\u0259 h\u00f6kum\u0259t manat\u0131n taleyi il\u0259 ba\u011fl\u0131 proqnoz verm\u0259kd\u0259 \u00e7\u0259tinlik \u00e7\u0259kir\u201d<br \/>\n    <\/i><br \/>\n  <\/b>\n<\/p>\n<p>\n  \u0130qtisad\u00e7\u0131 deyir ki, bir \u00e7ox hallarda informasiya t\u0259minat\u0131 bax\u0131m\u0131ndan daha \u00e7ox m\u0259lumatl\u0131 olan M\u0259rk\u0259zi Bank valyutan\u0131n g\u0259l\u0259c\u0259k dinamikas\u0131n\u0131n proqnozunu daha asan \u015f\u0259kild\u0259 verm\u0259lidir. G\u00f6r\u00fcn\u0259n odur ki, haz\u0131rda psixoloji amill\u0259r v\u0259 m\u0259z\u0259nn\u0259d\u0259 neft amilinin kifay\u0259t q\u0259d\u0259r y\u00fcks\u0259k olmas\u0131 manatla n\u0259l\u0259rin olaca\u011f\u0131n\u0131 proqnozla\u015fd\u0131rmalar\u0131na \u00e7\u0259tinlik yarad\u0131r. \u018fvv\u0259lki zamanlarda da h\u0259yata ke\u00e7iril\u0259n testl\u0259r onu g\u00f6st\u0259rir ki, psixoloji amill\u0259r g\u00f6zl\u0259nildiyind\u0259n art\u0131qd\u0131r:\n<\/p>\n<p>\n  \u201cNeft bazar\u0131nda olan qiym\u0259t dal\u011falanmas\u0131 M\u0259rk\u0259zi Bank v\u0259 h\u00f6kum\u0259tin manat\u0131n d\u0259y\u0259rinin hans\u0131 s\u0259viyy\u0259d\u0259 q\u0259rarla\u015faca\u011f\u0131n\u0131 dem\u0259l\u0259rin\u0259 \u0259ng\u0259ldir. Ona g\u00f6r\u0259 bir \u00e7ox istiqam\u0259tl\u0259rd\u0259, x\u00fcsus\u0259n tam liberal m\u0259z\u0259nn\u0259y\u0259 ke\u00e7m\u0259kl\u0259 ba\u011fl\u0131 \u00e7\u0259king\u0259n m\u00f6vqe g\u00f6t\u0259rirl\u0259r\u201d.\n<\/p>\n<p>\n  R\u0259\u015fad H\u0259s\u0259nov bildirib ki, son valyuta h\u0259rraclar\u0131n\u0131n ke\u00e7irilm\u0259 qaydas\u0131 m\u0259rh\u0259l\u0259li \u015f\u0259kild\u0259 prosesin apar\u0131lmas\u0131na h\u0259d\u0259fl\u0259nib:\n<\/p>\n<p>\n  \u201cH\u0259m d\u0259, Neft Fondunun 3 milyarda yax\u0131n manat saxlamas\u0131 da maraql\u0131d\u0131r. Bu manat\u0131 d\u00f6vl\u0259t b\u00fcdc\u0259sinin b\u00fcdc\u0259 m\u0259qs\u0259dinin yerin\u0259 yetirm\u0259 m\u0259qs\u0259diyl\u0259 bazarlarda konvertasiya edib. Faktiki olaraq, Maliyy\u0259 Nazirliyi fonddan bu v\u0259saiti ist\u0259mir, halbuki, nazirlik x\u0259rcl\u0259rinin m\u00fc\u0259yy\u0259n bir qismini k\u0259sintiyl\u0259 icra edib. Bu x\u0259rcl\u0259rd\u0259 t\u0259nziml\u0259m\u0259l\u0259rin m\u0259qs\u0259dli \u015f\u0259kild\u0259 h\u0259yata ke\u00e7irildiyini g\u00f6st\u0259rir. Y\u0259ni hans\u0131sa formada bazarlarda \u0259lav\u0259 dal\u011fa yaradacaq ki, manat k\u00fctl\u0259si olmas\u0131n v\u0259 proses\u0259 n\u0259zar\u0259t edilsin\u201d.\n<\/p>\n<p>\n  <b><br \/>\n    <i><br \/>\n      \u201cG\u0259l\u0259n il davam etdiril\u0259n s\u0259rt monetar siyas\u0259t dayanmayacaq\u201d<br \/>\n    <\/i><br \/>\n  <\/b>\n<\/p>\n<figure class=\"wp-block-image size-large\">\n  <img decoding=\"async\" src=\"https:\/\/www.meydan.tv\/az\/resad-hesenov-foto-sosial-sebeke\/\" alt=\"R\u0259\u015fad H\u0259s\u0259nov foto sosial \u015f\u0259b\u0259k\u0259\" class=\"wp-image-74454\"\/><figcaption>\n    R\u0259\u015fad H\u0259s\u0259nov foto sosial \u015f\u0259b\u0259k\u0259<br \/>\n  <\/figcaption><\/figure>\n<p>\n  \u0130qtisad\u00e7\u0131 d\u00fc\u015f\u00fcn\u00fcr ki, 2017-ci il 2016 v\u0259 2015-ci ill\u0259rl\u0259 m\u00fcqayis\u0259d\u0259 sabit ke\u00e7\u0259 bil\u0259r. Amma, bu sabitlik he\u00e7 d\u0259 u\u011furlu olmayacaq:\n<\/p>\n<p>\n  \u201c\u00c7\u00fcnki g\u0259l\u0259n il iqtisadi subyektl\u0259r kifay\u0259t q\u0259d\u0259r passiv olacaq v\u0259 bu il davam etdiril\u0259n s\u0259rt monetar siyas\u0259t dayanmayacaq. Bu is\u0259 qeyri-neft sah\u0259sind\u0259 iqtisadi \u0259hval-ruhiyy\u0259ni m\u0259hdudla\u015fd\u0131ran amil olacaq. Ancaq 30 noyabrda OPEC-in hasilat\u0131n kvotala\u015fd\u0131r\u0131lmas\u0131 raz\u0131l\u0131\u011f\u0131 davaml\u0131 olarsa, neftin qiym\u0259ti 55-60 dollar aras\u0131nda formala\u015facaq. Bu is\u0259 Az\u0259rbaycan h\u00f6kum\u0259tinin manevr imkanlar\u0131n\u0131 art\u0131ra, manat \u00fcz\u0259rind\u0259ki psixoloji amill\u0259ri m\u00fc\u0259yy\u0259n q\u0259d\u0259r neytralla\u015fd\u0131ra bil\u0259r. Bu yolla bazarlarda sabitliy\u0259 nail ola bil\u0259rl\u0259r. Amma maliyy\u0259-bank sektorunda g\u0259rginlik davam ed\u0259c\u0259k ki, bu, g\u0259l\u0259n il valyuta bazarlar\u0131 \u00fc\u00e7\u00fcn kataklizml\u0259rin ya\u015fanmas\u0131n\u0131 v\u0259d edir\u201d.<\/p>\n","protected":false},"excerpt":{"rendered":"<p>Elman R\u00fcst\u0259mov: \u0130dar\u0259etm\u0259 g\u00f6t\u00fcr\u00fcls\u0259 manat\u0131n m\u0259z\u0259nn\u0259sid\u0259 n\u0259 ba\u015f ver\u0259c\u0259yini bilmirik<\/p>\n","protected":false},"author":11,"featured_media":96353,"comment_status":"closed","ping_status":"open","sticky":false,"template":"","format":"standard","meta":{"_acf_changed":false,"_sitemap_exclude":false,"_sitemap_priority":"","_sitemap_frequency":"","footnotes":""},"categories":[51],"tags":[],"class_list":["post-180908","post","type-post","status-publish","format-standard","has-post-thumbnail","hentry","category-analitika","infinite-scroll-item","generate-columns","tablet-grid-50","mobile-grid-100","grid-parent","grid-33","no-featured-image-padding"],"acf":[],"yoast_head":"<!-- This site is optimized with the Yoast SEO plugin v27.5 - https:\/\/yoast.com\/product\/yoast-seo-wordpress\/ -->\n<title>&#039;&#039;Manat son 20 ayda 120 faiz d\u0259y\u0259r itirib&#039;&#039; - MEYDAN.TV<\/title>\n<meta name=\"robots\" content=\"index, follow, max-snippet:-1, max-image-preview:large, max-video-preview:-1\" \/>\n<link rel=\"canonical\" href=\"https:\/\/www.meydan.tv\/az\/article\/manat-son-20-ayda-120-faiz-deyer-itirib\/\" \/>\n<meta property=\"og:locale\" content=\"az_AZ\" \/>\n<meta property=\"og:type\" content=\"article\" \/>\n<meta property=\"og:title\" content=\"&#039;&#039;Manat son 20 ayda 120 faiz d\u0259y\u0259r itirib&#039;&#039; - MEYDAN.TV\" \/>\n<meta property=\"og:description\" content=\"Elman R\u00fcst\u0259mov: \u0130dar\u0259etm\u0259 g\u00f6t\u00fcr\u00fcls\u0259 manat\u0131n m\u0259z\u0259nn\u0259sid\u0259 n\u0259 ba\u015f ver\u0259c\u0259yini bilmirik\" \/>\n<meta property=\"og:url\" content=\"https:\/\/www.meydan.tv\/az\/article\/manat-son-20-ayda-120-faiz-deyer-itirib\/\" \/>\n<meta property=\"og:site_name\" content=\"MEYDAN.TV\" \/>\n<meta property=\"article:published_time\" content=\"2016-12-01T15:13:21+00:00\" \/>\n<meta property=\"og:image\" content=\"https:\/\/www.meydan.tv\/wp-content\/uploads\/28784.jpg\" \/>\n\t<meta property=\"og:image:width\" content=\"800\" \/>\n\t<meta property=\"og:image:height\" content=\"600\" \/>\n\t<meta property=\"og:image:type\" content=\"image\/jpeg\" \/>\n<meta name=\"author\" content=\"user-manager\" \/>\n<meta name=\"twitter:card\" content=\"summary_large_image\" \/>\n<script type=\"application\/ld+json\" class=\"yoast-schema-graph\">{\"@context\":\"https:\\\/\\\/schema.org\",\"@graph\":[{\"@type\":\"Article\",\"@id\":\"https:\\\/\\\/www.meydan.tv\\\/az\\\/article\\\/manat-son-20-ayda-120-faiz-deyer-itirib\\\/#article\",\"isPartOf\":{\"@id\":\"https:\\\/\\\/www.meydan.tv\\\/az\\\/article\\\/manat-son-20-ayda-120-faiz-deyer-itirib\\\/\"},\"author\":{\"name\":\"user-manager\",\"@id\":\"https:\\\/\\\/www.meydan.tv\\\/az\\\/#\\\/schema\\\/person\\\/10d11eccf6da3662cf5fdab9806ea91a\"},\"headline\":\"&#8221;Manat son 20 ayda 120 faiz d\u0259y\u0259r itirib&#8221;\",\"datePublished\":\"2016-12-01T15:13:21+00:00\",\"mainEntityOfPage\":{\"@id\":\"https:\\\/\\\/www.meydan.tv\\\/az\\\/article\\\/manat-son-20-ayda-120-faiz-deyer-itirib\\\/\"},\"wordCount\":1140,\"publisher\":{\"@id\":\"https:\\\/\\\/www.meydan.tv\\\/az\\\/#organization\"},\"image\":{\"@id\":\"https:\\\/\\\/www.meydan.tv\\\/az\\\/article\\\/manat-son-20-ayda-120-faiz-deyer-itirib\\\/#primaryimage\"},\"thumbnailUrl\":\"https:\\\/\\\/www.meydan.tv\\\/wp-content\\\/uploads\\\/28784.jpg\",\"articleSection\":[\"Analitika\"],\"inLanguage\":\"az\"},{\"@type\":\"WebPage\",\"@id\":\"https:\\\/\\\/www.meydan.tv\\\/az\\\/article\\\/manat-son-20-ayda-120-faiz-deyer-itirib\\\/\",\"url\":\"https:\\\/\\\/www.meydan.tv\\\/az\\\/article\\\/manat-son-20-ayda-120-faiz-deyer-itirib\\\/\",\"name\":\"''Manat son 20 ayda 120 faiz d\u0259y\u0259r itirib'' - MEYDAN.TV\",\"isPartOf\":{\"@id\":\"https:\\\/\\\/www.meydan.tv\\\/az\\\/#website\"},\"primaryImageOfPage\":{\"@id\":\"https:\\\/\\\/www.meydan.tv\\\/az\\\/article\\\/manat-son-20-ayda-120-faiz-deyer-itirib\\\/#primaryimage\"},\"image\":{\"@id\":\"https:\\\/\\\/www.meydan.tv\\\/az\\\/article\\\/manat-son-20-ayda-120-faiz-deyer-itirib\\\/#primaryimage\"},\"thumbnailUrl\":\"https:\\\/\\\/www.meydan.tv\\\/wp-content\\\/uploads\\\/28784.jpg\",\"datePublished\":\"2016-12-01T15:13:21+00:00\",\"breadcrumb\":{\"@id\":\"https:\\\/\\\/www.meydan.tv\\\/az\\\/article\\\/manat-son-20-ayda-120-faiz-deyer-itirib\\\/#breadcrumb\"},\"inLanguage\":\"az\",\"potentialAction\":[{\"@type\":\"ReadAction\",\"target\":[\"https:\\\/\\\/www.meydan.tv\\\/az\\\/article\\\/manat-son-20-ayda-120-faiz-deyer-itirib\\\/\"]}]},{\"@type\":\"ImageObject\",\"inLanguage\":\"az\",\"@id\":\"https:\\\/\\\/www.meydan.tv\\\/az\\\/article\\\/manat-son-20-ayda-120-faiz-deyer-itirib\\\/#primaryimage\",\"url\":\"https:\\\/\\\/www.meydan.tv\\\/wp-content\\\/uploads\\\/28784.jpg\",\"contentUrl\":\"https:\\\/\\\/www.meydan.tv\\\/wp-content\\\/uploads\\\/28784.jpg\",\"width\":800,\"height\":600,\"caption\":\"Source:\"},{\"@type\":\"BreadcrumbList\",\"@id\":\"https:\\\/\\\/www.meydan.tv\\\/az\\\/article\\\/manat-son-20-ayda-120-faiz-deyer-itirib\\\/#breadcrumb\",\"itemListElement\":[{\"@type\":\"ListItem\",\"position\":1,\"name\":\"Ana s\u0259hif\u0259\",\"item\":\"https:\\\/\\\/www.meydan.tv\\\/az\\\/\"},{\"@type\":\"ListItem\",\"position\":2,\"name\":\"Analitika\",\"item\":\"https:\\\/\\\/www.meydan.tv\\\/az\\\/section\\\/analitika\\\/\"},{\"@type\":\"ListItem\",\"position\":3,\"name\":\"&#8221;Manat son 20 ayda 120 faiz d\u0259y\u0259r itirib&#8221;\"}]},{\"@type\":\"WebSite\",\"@id\":\"https:\\\/\\\/www.meydan.tv\\\/az\\\/#website\",\"url\":\"https:\\\/\\\/www.meydan.tv\\\/az\\\/\",\"name\":\"MEYDAN.TV\",\"description\":\"Meydan TV Az\u0259rbaycan\u0131n media m\u0259kan\u0131ndak\u0131 alternativ s\u0259sidir\",\"publisher\":{\"@id\":\"https:\\\/\\\/www.meydan.tv\\\/az\\\/#organization\"},\"potentialAction\":[{\"@type\":\"SearchAction\",\"target\":{\"@type\":\"EntryPoint\",\"urlTemplate\":\"https:\\\/\\\/www.meydan.tv\\\/az\\\/?s={search_term_string}\"},\"query-input\":{\"@type\":\"PropertyValueSpecification\",\"valueRequired\":true,\"valueName\":\"search_term_string\"}}],\"inLanguage\":\"az\"},{\"@type\":\"Organization\",\"@id\":\"https:\\\/\\\/www.meydan.tv\\\/az\\\/#organization\",\"name\":\"Meydan TV\",\"url\":\"https:\\\/\\\/www.meydan.tv\\\/az\\\/\",\"logo\":{\"@type\":\"ImageObject\",\"inLanguage\":\"az\",\"@id\":\"https:\\\/\\\/www.meydan.tv\\\/az\\\/#\\\/schema\\\/logo\\\/image\\\/\",\"url\":\"https:\\\/\\\/www.meydan.tv\\\/wp-content\\\/uploads\\\/2021\\\/07\\\/meydan-logo.svg\",\"contentUrl\":\"https:\\\/\\\/www.meydan.tv\\\/wp-content\\\/uploads\\\/2021\\\/07\\\/meydan-logo.svg\",\"width\":195,\"height\":46,\"caption\":\"Meydan TV\"},\"image\":{\"@id\":\"https:\\\/\\\/www.meydan.tv\\\/az\\\/#\\\/schema\\\/logo\\\/image\\\/\"}},{\"@type\":\"Person\",\"@id\":\"https:\\\/\\\/www.meydan.tv\\\/az\\\/#\\\/schema\\\/person\\\/10d11eccf6da3662cf5fdab9806ea91a\",\"name\":\"user-manager\"}]}<\/script>\n<!-- \/ Yoast SEO plugin. -->","yoast_head_json":{"title":"''Manat son 20 ayda 120 faiz d\u0259y\u0259r itirib'' - MEYDAN.TV","robots":{"index":"index","follow":"follow","max-snippet":"max-snippet:-1","max-image-preview":"max-image-preview:large","max-video-preview":"max-video-preview:-1"},"canonical":"https:\/\/www.meydan.tv\/az\/article\/manat-son-20-ayda-120-faiz-deyer-itirib\/","og_locale":"az_AZ","og_type":"article","og_title":"''Manat son 20 ayda 120 faiz d\u0259y\u0259r itirib'' - MEYDAN.TV","og_description":"Elman R\u00fcst\u0259mov: \u0130dar\u0259etm\u0259 g\u00f6t\u00fcr\u00fcls\u0259 manat\u0131n m\u0259z\u0259nn\u0259sid\u0259 n\u0259 ba\u015f ver\u0259c\u0259yini bilmirik","og_url":"https:\/\/www.meydan.tv\/az\/article\/manat-son-20-ayda-120-faiz-deyer-itirib\/","og_site_name":"MEYDAN.TV","article_published_time":"2016-12-01T15:13:21+00:00","og_image":[{"width":800,"height":600,"url":"https:\/\/www.meydan.tv\/wp-content\/uploads\/28784.jpg","type":"image\/jpeg"}],"author":"user-manager","twitter_card":"summary_large_image","schema":{"@context":"https:\/\/schema.org","@graph":[{"@type":"Article","@id":"https:\/\/www.meydan.tv\/az\/article\/manat-son-20-ayda-120-faiz-deyer-itirib\/#article","isPartOf":{"@id":"https:\/\/www.meydan.tv\/az\/article\/manat-son-20-ayda-120-faiz-deyer-itirib\/"},"author":{"name":"user-manager","@id":"https:\/\/www.meydan.tv\/az\/#\/schema\/person\/10d11eccf6da3662cf5fdab9806ea91a"},"headline":"&#8221;Manat son 20 ayda 120 faiz d\u0259y\u0259r itirib&#8221;","datePublished":"2016-12-01T15:13:21+00:00","mainEntityOfPage":{"@id":"https:\/\/www.meydan.tv\/az\/article\/manat-son-20-ayda-120-faiz-deyer-itirib\/"},"wordCount":1140,"publisher":{"@id":"https:\/\/www.meydan.tv\/az\/#organization"},"image":{"@id":"https:\/\/www.meydan.tv\/az\/article\/manat-son-20-ayda-120-faiz-deyer-itirib\/#primaryimage"},"thumbnailUrl":"https:\/\/www.meydan.tv\/wp-content\/uploads\/28784.jpg","articleSection":["Analitika"],"inLanguage":"az"},{"@type":"WebPage","@id":"https:\/\/www.meydan.tv\/az\/article\/manat-son-20-ayda-120-faiz-deyer-itirib\/","url":"https:\/\/www.meydan.tv\/az\/article\/manat-son-20-ayda-120-faiz-deyer-itirib\/","name":"''Manat son 20 ayda 120 faiz d\u0259y\u0259r itirib'' - MEYDAN.TV","isPartOf":{"@id":"https:\/\/www.meydan.tv\/az\/#website"},"primaryImageOfPage":{"@id":"https:\/\/www.meydan.tv\/az\/article\/manat-son-20-ayda-120-faiz-deyer-itirib\/#primaryimage"},"image":{"@id":"https:\/\/www.meydan.tv\/az\/article\/manat-son-20-ayda-120-faiz-deyer-itirib\/#primaryimage"},"thumbnailUrl":"https:\/\/www.meydan.tv\/wp-content\/uploads\/28784.jpg","datePublished":"2016-12-01T15:13:21+00:00","breadcrumb":{"@id":"https:\/\/www.meydan.tv\/az\/article\/manat-son-20-ayda-120-faiz-deyer-itirib\/#breadcrumb"},"inLanguage":"az","potentialAction":[{"@type":"ReadAction","target":["https:\/\/www.meydan.tv\/az\/article\/manat-son-20-ayda-120-faiz-deyer-itirib\/"]}]},{"@type":"ImageObject","inLanguage":"az","@id":"https:\/\/www.meydan.tv\/az\/article\/manat-son-20-ayda-120-faiz-deyer-itirib\/#primaryimage","url":"https:\/\/www.meydan.tv\/wp-content\/uploads\/28784.jpg","contentUrl":"https:\/\/www.meydan.tv\/wp-content\/uploads\/28784.jpg","width":800,"height":600,"caption":"Source:"},{"@type":"BreadcrumbList","@id":"https:\/\/www.meydan.tv\/az\/article\/manat-son-20-ayda-120-faiz-deyer-itirib\/#breadcrumb","itemListElement":[{"@type":"ListItem","position":1,"name":"Ana s\u0259hif\u0259","item":"https:\/\/www.meydan.tv\/az\/"},{"@type":"ListItem","position":2,"name":"Analitika","item":"https:\/\/www.meydan.tv\/az\/section\/analitika\/"},{"@type":"ListItem","position":3,"name":"&#8221;Manat son 20 ayda 120 faiz d\u0259y\u0259r itirib&#8221;"}]},{"@type":"WebSite","@id":"https:\/\/www.meydan.tv\/az\/#website","url":"https:\/\/www.meydan.tv\/az\/","name":"MEYDAN.TV","description":"Meydan TV Az\u0259rbaycan\u0131n media m\u0259kan\u0131ndak\u0131 alternativ s\u0259sidir","publisher":{"@id":"https:\/\/www.meydan.tv\/az\/#organization"},"potentialAction":[{"@type":"SearchAction","target":{"@type":"EntryPoint","urlTemplate":"https:\/\/www.meydan.tv\/az\/?s={search_term_string}"},"query-input":{"@type":"PropertyValueSpecification","valueRequired":true,"valueName":"search_term_string"}}],"inLanguage":"az"},{"@type":"Organization","@id":"https:\/\/www.meydan.tv\/az\/#organization","name":"Meydan TV","url":"https:\/\/www.meydan.tv\/az\/","logo":{"@type":"ImageObject","inLanguage":"az","@id":"https:\/\/www.meydan.tv\/az\/#\/schema\/logo\/image\/","url":"https:\/\/www.meydan.tv\/wp-content\/uploads\/2021\/07\/meydan-logo.svg","contentUrl":"https:\/\/www.meydan.tv\/wp-content\/uploads\/2021\/07\/meydan-logo.svg","width":195,"height":46,"caption":"Meydan TV"},"image":{"@id":"https:\/\/www.meydan.tv\/az\/#\/schema\/logo\/image\/"}},{"@type":"Person","@id":"https:\/\/www.meydan.tv\/az\/#\/schema\/person\/10d11eccf6da3662cf5fdab9806ea91a","name":"user-manager"}]}},"_links":{"self":[{"href":"https:\/\/www.meydan.tv\/az\/wp-json\/wp\/v2\/posts\/180908","targetHints":{"allow":["GET"]}}],"collection":[{"href":"https:\/\/www.meydan.tv\/az\/wp-json\/wp\/v2\/posts"}],"about":[{"href":"https:\/\/www.meydan.tv\/az\/wp-json\/wp\/v2\/types\/post"}],"author":[{"embeddable":true,"href":"https:\/\/www.meydan.tv\/az\/wp-json\/wp\/v2\/users\/11"}],"replies":[{"embeddable":true,"href":"https:\/\/www.meydan.tv\/az\/wp-json\/wp\/v2\/comments?post=180908"}],"version-history":[{"count":0,"href":"https:\/\/www.meydan.tv\/az\/wp-json\/wp\/v2\/posts\/180908\/revisions"}],"wp:featuredmedia":[{"embeddable":true,"href":"https:\/\/www.meydan.tv\/az\/wp-json\/wp\/v2\/media\/96353"}],"wp:attachment":[{"href":"https:\/\/www.meydan.tv\/az\/wp-json\/wp\/v2\/media?parent=180908"}],"wp:term":[{"taxonomy":"category","embeddable":true,"href":"https:\/\/www.meydan.tv\/az\/wp-json\/wp\/v2\/categories?post=180908"},{"taxonomy":"post_tag","embeddable":true,"href":"https:\/\/www.meydan.tv\/az\/wp-json\/wp\/v2\/tags?post=180908"}],"curies":[{"name":"wp","href":"https:\/\/api.w.org\/{rel}","templated":true}]}}