{"id":180904,"date":"2016-12-01T14:50:51","date_gmt":"2016-12-01T14:50:51","guid":{"rendered":"https:\/\/www.meydan.tv\/article\/moskva-toplantisinin-azerbaycan-ucun-3-meqami\/"},"modified":"2016-12-01T14:50:51","modified_gmt":"2016-12-01T14:50:51","slug":"moskva-toplantisinin-azerbaycan-ucun-3-meqami","status":"publish","type":"post","link":"https:\/\/www.meydan.tv\/az\/article\/moskva-toplantisinin-azerbaycan-ucun-3-meqami\/","title":{"rendered":"Moskva toplant\u0131s\u0131n\u0131n Az\u0259rbaycan \u00fc\u00e7\u00fcn 3 m\u0259qam\u0131"},"content":{"rendered":"<figure class=\"wp-block-image size-large\">\n  <img decoding=\"async\" src=\"https:\/\/www.meydan.tv\/az\/foto-atlas-arasdirmalar-merkezi-2\/\" alt=\"foto \u201cAtlas\u201d Ara\u015fd\u0131rmalar M\u0259rk\u0259zi\" class=\"wp-image-74430\"\/><figcaption>\n    foto \u201cAtlas\u201d Ara\u015fd\u0131rmalar M\u0259rk\u0259zi<br \/>\n  <\/figcaption><\/figure>\n<figure class=\"wp-block-image size-large\">\n  <img decoding=\"async\" src=\"https:\/\/www.meydan.tv\/az\/foto-atlas-arasdirmalar-merkezi-2\/\" alt=\"foto \u201cAtlas\u201d Ara\u015fd\u0131rmalar M\u0259rk\u0259zi\" class=\"wp-image-74430\"\/><figcaption>\n    foto \u201cAtlas\u201d Ara\u015fd\u0131rmalar M\u0259rk\u0259zi<br \/>\n  <\/figcaption><\/figure>\n<p>\n  <i><br \/>\n    Rusiyan\u0131n r\u0259hb\u0259rliyi alt\u0131nda koalisiyada i\u015ftirak\u0131 r\u0259smi Bak\u0131n\u0131n t\u0259r\u0259f se\u00e7m\u0259si anlam\u0131na g\u0259l\u0259c\u0259k<br \/>\n  <\/i><\/p>\n<p>  Noyabr\u0131n 30-da Moskvada M\u00fcst\u0259qil D\u00f6vl\u0259t Birliyi (MDB) M\u00fcdafi\u0259 Nazirl\u0259ri \u015euras\u0131n\u0131n n\u00f6vb\u0259ti iclas\u0131 ke\u00e7irildi.<br \/>\n  <br \/>\n  Bu iclas b\u0259lk\u0259 d\u0259 x\u00fcsusi diqq\u0259t \u00e7\u0259km\u0259zdi. Ancaq \u0259n az\u0131 3 m\u0259qam diqq\u0259ti bu toplant\u0131ya y\u00f6n\u0259ltdi.\n<\/p>\n<p>\n  <b><br \/>\n    <i><br \/>\n      Birinci m\u0259qam.<br \/>\n    <\/i><br \/>\n  <\/b><br \/>\n  Rusiyan\u0131n m\u00fcdafi\u0259 naziri Sergey \u015eoyqu az\u0259rbaycanl\u0131 h\u0259mkar\u0131 Zakir H\u0259s\u0259novla g\u00f6r\u00fc\u015fd\u0259 dedi ki, Az\u0259rbaycan bu g\u00fcn X\u0259z\u0259r regionunda t\u0259hl\u00fck\u0259sizlik forpostudur. Seygey \u015eoyqunun bu c\u00fcml\u0259si Moskvan\u0131n X\u0259z\u0259rd\u0259 g\u0259l\u0259c\u0259k planlar\u0131 il\u0259 ba\u011fl\u0131d\u0131r. Rusiya 2017-ci ild\u0259 iki \u00f6lk\u0259nin h\u0259rbi d\u0259niz donanma komandanl\u0131\u011f\u0131n\u0131n X\u0259z\u0259rd\u0259 t\u0259hl\u00fck\u0259sizlik m\u0259s\u0259l\u0259l\u0259rinin nizamlanmas\u0131 il\u0259 ba\u011fl\u0131 ortaq strukturun yarad\u0131lmas\u0131na \u00e7al\u0131\u015f\u0131r. R\u0259smi Bak\u0131n\u0131n bu t\u0259klif\u0259 h\u0259l\u0259 ki, konkret cavab\u0131 yoxdur. \u00c7\u00fcnki i\u015f\u011fal\u00e7\u0131 Erm\u0259nistan\u0131n h\u0259rbi m\u00fctt\u0259fiqi avtomatik olaraq Az\u0259rbaycan\u0131n h\u0259rbi m\u00fctt\u0259fiqi ola bilm\u0259z. Rusiyadan silah v\u0259 sursat almaq ba\u015fqa, bu d\u00f6vl\u0259tl\u0259 birg\u0259 h\u0259rbi sturktur yaratmaq ba\u015fqa. \u00dcmumiyy\u0259tl\u0259, iki nazirin g\u00f6r\u00fc\u015f\u00fcn\u00fcn sonunda iki \u00f6lk\u0259nin M\u00fcdafi\u0259 nazirlikl\u0259ri aras\u0131nda 2017-ci il \u00fc\u00e7\u00fcn \u0259m\u0259kda\u015fl\u0131q plan\u0131 imzaland\u0131. \u018fm\u0259kda\u015fl\u0131q plan\u0131na q\u0259rargah dan\u0131\u015f\u0131qlar\u0131 v\u0259 t\u0259hsil aiddir. Ancaq Rusiya M\u00fcdafi\u0259 Nazirliyi \u0259m\u0259kda\u015fl\u0131\u011fa dair \u0259lav\u0259 m\u00fcdd\u0259lar t\u0259klif etm\u0259yi planla\u015fd\u0131r\u0131r. Ayd\u0131nd\u0131r ki, bu t\u0259klifl\u0259r el\u0259 X\u0259z\u0259rd\u0259 birg\u0259 \u0259m\u0259kda\u015fl\u0131\u011f\u0131n geni\u015fl\u0259nm\u0259sini ehtiva edir. G\u00f6r\u00fcn\u00fcr, bu yolla Moskva iki m\u0259qs\u0259din\u0259 \u00e7atmaq ist\u0259yir. Birinci m\u0259qs\u0259d AB\u015e-\u0131n X\u0259z\u0259r akvatoriyas\u0131nda m\u00fcmk\u00fcn f\u0259all\u0131\u011f\u0131n\u0131n qar\u015f\u0131s\u0131n\u0131 almaq, ikinci m\u0259qs\u0259d is\u0259 Az\u0259rbaycan\u0131 h\u0259rbi \u0259m\u0259kda\u015fl\u0131\u011fa c\u0259lb etm\u0259kl\u0259 Va\u015finqtonun \u00e7ox \u00e7al\u0131\u015fd\u0131\u011f\u0131 Transx\u0259z\u0259r (X\u0259z\u0259rin dibi il\u0259 qaz boru x\u0259ttinin tikintisi) layih\u0259sinin realla\u015fmas\u0131n\u0131 \u0259ng\u0259ll\u0259m\u0259kdir.\n<\/p>\n<p>\n  <b><br \/>\n    <i><br \/>\n      \u0130kinci m\u0259qam.<br \/>\n    <\/i><br \/>\n  <\/b><br \/>\n  Sergey \u015eoyqu Az\u0259rbaycanla h\u0259rbi \u0259m\u0259kda\u015fl\u0131q haqq\u0131nda xo\u015f s\u00f6zl\u0259r s\u00f6yl\u0259m\u0259sin\u0259 r\u0259\u011fm\u0259n, Moskvada \u0259sas s\u0259n\u0259di Erm\u0259nistan\u0131n m\u00fcdafi\u0259 naziri Viqen S\u0259rkisyanla imzalad\u0131. S\u00f6hb\u0259t iki \u00f6lk\u0259 aras\u0131nda birl\u0259\u015fmi\u015f qo\u015fun qrupla\u015fmas\u0131n\u0131n yarad\u0131lmas\u0131ndan gedir. \u015eoyqu Az\u0259rbaycan\u0131n \u00fcnvan\u0131na dedikl\u0259rinin eynisi Erm\u0259nistan\u0131n \u00fcnvan\u0131na dedi: \u201cRusiya Erm\u0259nistanla h\u0259rbi t\u0259hsil sah\u0259sind\u0259 \u0259m\u0259kda\u015fl\u0131\u011f\u0131 geni\u015fl\u0259ndirm\u0259y\u0259 haz\u0131rd\u0131r. Rusiya-Erm\u0259nistan m\u00fcnasib\u0259tl\u0259ri m\u00fcxt\u0259lif raz\u0131la\u015fmalar v\u0259 m\u00fcqavil\u0259-h\u00fcquq bazas\u0131 \u0259sas\u0131nda yax\u015f\u0131 qurulub.\u018fn \u0259sas\u0131 is\u0259 Rusiya il\u0259 Erm\u0259nistan aras\u0131nda tarixi dostluq v\u0259 t\u0259r\u0259fda\u015fl\u0131q m\u00fcnasib\u0259tl\u0259rinin m\u00f6vcudlu\u011fudur\u201d.<\/p>\n<p>  Qeyd ed\u0259k ki, birl\u0259\u015fmi\u015f qo\u015fun qrupla\u015fmas\u0131na Rusiyan\u0131n Erm\u0259nistandak\u0131 102 sayl\u0131 h\u0259rbi bazas\u0131 v\u0259 Erm\u0259nistan Silahl\u0131 Q\u00fcvv\u0259l\u0259rinin birl\u0259\u015fm\u0259l\u0259ri daxil olacaq.\n<\/p>\n<p>\n  <b><br \/>\n    <i><br \/>\n      \u00dc\u00e7\u00fcnc\u00fc m\u0259qam.<br \/>\n    <\/i><br \/>\n  <\/b><br \/>\n  M\u00fcst\u0259qil D\u00f6vl\u0259t Birliyi (MDB) M\u00fcdafi\u0259 Nazirl\u0259ri \u015euras\u0131n\u0131n iclas\u0131 il\u0259 eyni g\u00fcnd\u0259 Kremlin n\u0259zar\u0259tind\u0259ki \u201cNezavisimaya qazeta\u201dda maraql\u0131 m\u0259qal\u0259 yay\u0131nland\u0131. H\u0259min m\u0259qal\u0259d\u0259 yaz\u0131l\u0131rd\u0131 ki, Az\u0259rbaycan da daxil olmaqla b\u0259zi MDB respublikalar\u0131 Suriyada \u201cs\u00fclh\u00fcn t\u0259min olunmas\u0131\u201d \u00fc\u00e7\u00fcn ba\u015flad\u0131lacaq s\u00fclhm\u0259raml\u0131 missiyan\u0131n t\u0259rkibind\u0259 \u00f6z qo\u015funlar\u0131n\u0131 bu \u00f6lk\u0259y\u0259 g\u00f6nd\u0259r\u0259 bil\u0259rl\u0259r. M\u00fcmk\u00fcnd\u00fcr ki, bu m\u00f6vzu Sergey \u015eoyqu il\u0259 Zakir H\u0259s\u0259nov aras\u0131nda da m\u00fczakir\u0259 olunub.\n<\/p>\n<p>\n  \u0130ndiki \u015f\u0259rtl\u0259r alt\u0131nda Suriyaya h\u0259rbi birlik g\u00f6nd\u0259rilm\u0259si Az\u0259rbaycan\u0131n maraqlar\u0131na cavab vermir.\n<\/p>\n<p>\n  <i><br \/>\n    Birincisi,<br \/>\n  <\/i><br \/>\n  Az\u0259rbaycan\u0131n \u0130raq, Kosovo v\u0259 \u018ffqan\u0131standak\u0131 s\u00fclhm\u0259raml\u0131lar\u0131n t\u0259rkibind\u0259 i\u015ftirak\u0131 \u00fcmumi koalisiyan\u0131n varl\u0131\u011f\u0131 il\u0259 \u0259laq\u0259li idi. Suriyada is\u0259 terror\u00e7ulara qar\u015f\u0131 sava\u015fan beyn\u0259lxalq koalisiya yoxdur.<br \/>\n  <i><br \/>\n    \u0130kincisi,<br \/>\n  <\/i><br \/>\n  Az\u0259rbaycan\u0131n Erm\u0259nistan h\u0259rb\u00e7il\u0259ri il\u0259 eyni koalisiyada i\u015ftirak m\u00fcmk\u00fcn deyil.<br \/>\n  <i><br \/>\n    \u00dc\u00e7\u00fcnc\u00fcs\u00fc,<br \/>\n  <\/i><br \/>\n  Az\u0259rbaycan\u0131n Rusiyan\u0131n r\u0259hb\u0259rliyi alt\u0131nda koalisiyada i\u015ftirak\u0131 r\u0259smi Bak\u0131n\u0131n t\u0259r\u0259f se\u00e7m\u0259si anlam\u0131na g\u0259l\u0259c\u0259k. Y\u0259ni r\u0259smi Bak\u0131 y\u00fczminl\u0259rl\u0259 insan\u0131n q\u0259tlinin s\u0259b\u0259bkar\u0131 B\u0259\u015f\u0259r \u018fs\u0259d se\u00e7\u0259c\u0259k, qar\u015f\u0131s\u0131nda is\u0259 strateji m\u00fctt\u0259fiqi T\u00fcrkiy\u0259ni v\u0259 AB\u015e g\u00f6r\u0259c\u0259k.\n<\/p>\n<p>\n  Bu arada, Az\u0259rbaycan Parlamentind\u0259 deputatlar\u0131n bir qismi Rusiyan\u0131n regional siyas\u0259tini t\u0259nqid etdil\u0259r. Rusiya t\u0259hl\u00fck\u0259li qon\u015fu oldu\u011fundan r\u0259smi Bak\u0131 \u201c\u0130sg\u0259nd\u0259r\u201d raketl\u0259rinin Erm\u0259nistana verilm\u0259si v\u0259 Rusiyan\u0131n bu d\u00f6vl\u0259tl\u0259 birg\u0259 h\u0259rbi birlikl\u0259ri yaratmas\u0131 q\u0259rar\u0131na g\u00f6r\u0259 Moskvan\u0131 t\u0259nqid etm\u0259k ist\u0259mir. Buna baxmayaraq, \u201cRusiya i\u015f\u011fal\u00e7\u0131 \u00f6lk\u0259d\u0259 \u201c\u0130sg\u0259nd\u0259r\u201d raketl\u0259rini yerl\u0259\u015fdirm\u0259kl\u0259, Erm\u0259nistanla birg\u0259 qo\u015fun birlikl\u0259ri yaratmaqla Da\u011fl\u0131q Qaraba\u011f m\u00fcnaqi\u015f\u0259sinin h\u0259llind\u0259 t\u0259r\u0259fsizliyin\u0259 k\u00f6lg\u0259 sal\u0131r\u201d ifad\u0259si Bak\u0131da s\u0259sl\u0259nm\u0259lidir. \u018fg\u0259r Az\u0259rbaycan r\u0259smil\u0259rnin bu a\u00e7\u0131qlaman\u0131 s\u0259sl\u0259ndirm\u0259si problematikdirs\u0259, bu tip fikirl\u0259rin parlamentd\u0259 s\u0259sl\u0259nm\u0259si vacibdir. Deputatlar deyibl\u0259r ki, Erm\u0259nistanla h\u0259rbi m\u00fctt\u0259fiqliyini daha da d\u0259rinl\u0259\u015fdir\u0259n Rusiya il\u0259 m\u00fcnasib\u0259tl\u0259r\u0259 yenid\u0259n bax\u0131lmal\u0131d\u0131r. Bu c\u00fcr t\u0259nqidl\u0259r daima s\u0259sl\u0259nm\u0259lidir ki, Moskvada anlas\u0131nlar ki, Az\u0259rbaycanda Rusiyan\u0131n regional siyas\u0259tind\u0259n ciddi naraz\u0131l\u0131q var, bu \u015f\u0259rtl\u0259r daxilind\u0259 Az\u0259rbaycan-Rusiya h\u0259rbi \u0259m\u0259kda\u015fl\u0131\u011f\u0131n\u0131 \u00fcst s\u0259viyy\u0259y\u0259 qald\u0131rmaq \u00e7\u0259tindir.<br \/>\n  \n<\/p>\n<p>\n  <b><br \/>\n    <i><br \/>\n      \u201cAtlas\u201d Ara\u015fd\u0131rmalar M\u0259rk\u0259zi<br \/>\n    <\/i><br \/>\n  <\/b><\/p>\n","protected":false},"excerpt":{"rendered":"<p>Rusiyan\u0131n r\u0259hb\u0259rliyi alt\u0131nda koalisiyada i\u015ftirak\u0131 r\u0259smi Bak\u0131n\u0131n t\u0259r\u0259f se\u00e7m\u0259si anlam\u0131na g\u0259l\u0259c\u0259k<\/p>\n","protected":false},"author":11,"featured_media":74430,"comment_status":"closed","ping_status":"open","sticky":false,"template":"","format":"standard","meta":{"_acf_changed":false,"_sitemap_exclude":false,"_sitemap_priority":"","_sitemap_frequency":"","footnotes":""},"categories":[51],"tags":[],"class_list":["post-180904","post","type-post","status-publish","format-standard","has-post-thumbnail","hentry","category-analitika","infinite-scroll-item","generate-columns","tablet-grid-50","mobile-grid-100","grid-parent","grid-33","no-featured-image-padding"],"acf":[],"yoast_head":"<!-- This site is optimized with the Yoast SEO plugin v27.5 - https:\/\/yoast.com\/product\/yoast-seo-wordpress\/ -->\n<title>Moskva toplant\u0131s\u0131n\u0131n Az\u0259rbaycan \u00fc\u00e7\u00fcn 3 m\u0259qam\u0131 - MEYDAN.TV<\/title>\n<meta name=\"robots\" content=\"index, follow, max-snippet:-1, max-image-preview:large, max-video-preview:-1\" \/>\n<link rel=\"canonical\" href=\"https:\/\/www.meydan.tv\/az\/article\/moskva-toplantisinin-azerbaycan-ucun-3-meqami\/\" \/>\n<meta property=\"og:locale\" content=\"az_AZ\" \/>\n<meta property=\"og:type\" content=\"article\" \/>\n<meta property=\"og:title\" content=\"Moskva toplant\u0131s\u0131n\u0131n Az\u0259rbaycan \u00fc\u00e7\u00fcn 3 m\u0259qam\u0131 - MEYDAN.TV\" \/>\n<meta property=\"og:description\" content=\"Rusiyan\u0131n r\u0259hb\u0259rliyi alt\u0131nda koalisiyada i\u015ftirak\u0131 r\u0259smi Bak\u0131n\u0131n t\u0259r\u0259f se\u00e7m\u0259si anlam\u0131na g\u0259l\u0259c\u0259k\" \/>\n<meta property=\"og:url\" content=\"https:\/\/www.meydan.tv\/az\/article\/moskva-toplantisinin-azerbaycan-ucun-3-meqami\/\" \/>\n<meta property=\"og:site_name\" content=\"MEYDAN.TV\" \/>\n<meta property=\"article:published_time\" content=\"2016-12-01T14:50:51+00:00\" \/>\n<meta property=\"og:image\" content=\"https:\/\/www.meydan.tv\/wp-content\/uploads\/28765.jpg\" \/>\n\t<meta property=\"og:image:width\" content=\"584\" \/>\n\t<meta property=\"og:image:height\" content=\"500\" \/>\n\t<meta property=\"og:image:type\" content=\"image\/jpeg\" \/>\n<meta name=\"author\" content=\"user-manager\" \/>\n<meta name=\"twitter:card\" content=\"summary_large_image\" \/>\n<script type=\"application\/ld+json\" class=\"yoast-schema-graph\">{\"@context\":\"https:\\\/\\\/schema.org\",\"@graph\":[{\"@type\":\"Article\",\"@id\":\"https:\\\/\\\/www.meydan.tv\\\/az\\\/article\\\/moskva-toplantisinin-azerbaycan-ucun-3-meqami\\\/#article\",\"isPartOf\":{\"@id\":\"https:\\\/\\\/www.meydan.tv\\\/az\\\/article\\\/moskva-toplantisinin-azerbaycan-ucun-3-meqami\\\/\"},\"author\":{\"name\":\"user-manager\",\"@id\":\"https:\\\/\\\/www.meydan.tv\\\/az\\\/#\\\/schema\\\/person\\\/10d11eccf6da3662cf5fdab9806ea91a\"},\"headline\":\"Moskva toplant\u0131s\u0131n\u0131n Az\u0259rbaycan \u00fc\u00e7\u00fcn 3 m\u0259qam\u0131\",\"datePublished\":\"2016-12-01T14:50:51+00:00\",\"mainEntityOfPage\":{\"@id\":\"https:\\\/\\\/www.meydan.tv\\\/az\\\/article\\\/moskva-toplantisinin-azerbaycan-ucun-3-meqami\\\/\"},\"wordCount\":1066,\"publisher\":{\"@id\":\"https:\\\/\\\/www.meydan.tv\\\/az\\\/#organization\"},\"image\":{\"@id\":\"https:\\\/\\\/www.meydan.tv\\\/az\\\/article\\\/moskva-toplantisinin-azerbaycan-ucun-3-meqami\\\/#primaryimage\"},\"thumbnailUrl\":\"https:\\\/\\\/www.meydan.tv\\\/wp-content\\\/uploads\\\/28765.jpg\",\"articleSection\":[\"Analitika\"],\"inLanguage\":\"az\"},{\"@type\":\"WebPage\",\"@id\":\"https:\\\/\\\/www.meydan.tv\\\/az\\\/article\\\/moskva-toplantisinin-azerbaycan-ucun-3-meqami\\\/\",\"url\":\"https:\\\/\\\/www.meydan.tv\\\/az\\\/article\\\/moskva-toplantisinin-azerbaycan-ucun-3-meqami\\\/\",\"name\":\"Moskva toplant\u0131s\u0131n\u0131n Az\u0259rbaycan \u00fc\u00e7\u00fcn 3 m\u0259qam\u0131 - MEYDAN.TV\",\"isPartOf\":{\"@id\":\"https:\\\/\\\/www.meydan.tv\\\/az\\\/#website\"},\"primaryImageOfPage\":{\"@id\":\"https:\\\/\\\/www.meydan.tv\\\/az\\\/article\\\/moskva-toplantisinin-azerbaycan-ucun-3-meqami\\\/#primaryimage\"},\"image\":{\"@id\":\"https:\\\/\\\/www.meydan.tv\\\/az\\\/article\\\/moskva-toplantisinin-azerbaycan-ucun-3-meqami\\\/#primaryimage\"},\"thumbnailUrl\":\"https:\\\/\\\/www.meydan.tv\\\/wp-content\\\/uploads\\\/28765.jpg\",\"datePublished\":\"2016-12-01T14:50:51+00:00\",\"breadcrumb\":{\"@id\":\"https:\\\/\\\/www.meydan.tv\\\/az\\\/article\\\/moskva-toplantisinin-azerbaycan-ucun-3-meqami\\\/#breadcrumb\"},\"inLanguage\":\"az\",\"potentialAction\":[{\"@type\":\"ReadAction\",\"target\":[\"https:\\\/\\\/www.meydan.tv\\\/az\\\/article\\\/moskva-toplantisinin-azerbaycan-ucun-3-meqami\\\/\"]}]},{\"@type\":\"ImageObject\",\"inLanguage\":\"az\",\"@id\":\"https:\\\/\\\/www.meydan.tv\\\/az\\\/article\\\/moskva-toplantisinin-azerbaycan-ucun-3-meqami\\\/#primaryimage\",\"url\":\"https:\\\/\\\/www.meydan.tv\\\/wp-content\\\/uploads\\\/28765.jpg\",\"contentUrl\":\"https:\\\/\\\/www.meydan.tv\\\/wp-content\\\/uploads\\\/28765.jpg\",\"width\":584,\"height\":500,\"caption\":\"Source:\"},{\"@type\":\"BreadcrumbList\",\"@id\":\"https:\\\/\\\/www.meydan.tv\\\/az\\\/article\\\/moskva-toplantisinin-azerbaycan-ucun-3-meqami\\\/#breadcrumb\",\"itemListElement\":[{\"@type\":\"ListItem\",\"position\":1,\"name\":\"Ana s\u0259hif\u0259\",\"item\":\"https:\\\/\\\/www.meydan.tv\\\/az\\\/\"},{\"@type\":\"ListItem\",\"position\":2,\"name\":\"Analitika\",\"item\":\"https:\\\/\\\/www.meydan.tv\\\/az\\\/section\\\/analitika\\\/\"},{\"@type\":\"ListItem\",\"position\":3,\"name\":\"Moskva toplant\u0131s\u0131n\u0131n Az\u0259rbaycan \u00fc\u00e7\u00fcn 3 m\u0259qam\u0131\"}]},{\"@type\":\"WebSite\",\"@id\":\"https:\\\/\\\/www.meydan.tv\\\/az\\\/#website\",\"url\":\"https:\\\/\\\/www.meydan.tv\\\/az\\\/\",\"name\":\"MEYDAN.TV\",\"description\":\"Meydan TV Az\u0259rbaycan\u0131n media m\u0259kan\u0131ndak\u0131 alternativ s\u0259sidir\",\"publisher\":{\"@id\":\"https:\\\/\\\/www.meydan.tv\\\/az\\\/#organization\"},\"potentialAction\":[{\"@type\":\"SearchAction\",\"target\":{\"@type\":\"EntryPoint\",\"urlTemplate\":\"https:\\\/\\\/www.meydan.tv\\\/az\\\/?s={search_term_string}\"},\"query-input\":{\"@type\":\"PropertyValueSpecification\",\"valueRequired\":true,\"valueName\":\"search_term_string\"}}],\"inLanguage\":\"az\"},{\"@type\":\"Organization\",\"@id\":\"https:\\\/\\\/www.meydan.tv\\\/az\\\/#organization\",\"name\":\"Meydan TV\",\"url\":\"https:\\\/\\\/www.meydan.tv\\\/az\\\/\",\"logo\":{\"@type\":\"ImageObject\",\"inLanguage\":\"az\",\"@id\":\"https:\\\/\\\/www.meydan.tv\\\/az\\\/#\\\/schema\\\/logo\\\/image\\\/\",\"url\":\"https:\\\/\\\/www.meydan.tv\\\/wp-content\\\/uploads\\\/2021\\\/07\\\/meydan-logo.svg\",\"contentUrl\":\"https:\\\/\\\/www.meydan.tv\\\/wp-content\\\/uploads\\\/2021\\\/07\\\/meydan-logo.svg\",\"width\":195,\"height\":46,\"caption\":\"Meydan TV\"},\"image\":{\"@id\":\"https:\\\/\\\/www.meydan.tv\\\/az\\\/#\\\/schema\\\/logo\\\/image\\\/\"}},{\"@type\":\"Person\",\"@id\":\"https:\\\/\\\/www.meydan.tv\\\/az\\\/#\\\/schema\\\/person\\\/10d11eccf6da3662cf5fdab9806ea91a\",\"name\":\"user-manager\"}]}<\/script>\n<!-- \/ Yoast SEO plugin. -->","yoast_head_json":{"title":"Moskva toplant\u0131s\u0131n\u0131n Az\u0259rbaycan \u00fc\u00e7\u00fcn 3 m\u0259qam\u0131 - MEYDAN.TV","robots":{"index":"index","follow":"follow","max-snippet":"max-snippet:-1","max-image-preview":"max-image-preview:large","max-video-preview":"max-video-preview:-1"},"canonical":"https:\/\/www.meydan.tv\/az\/article\/moskva-toplantisinin-azerbaycan-ucun-3-meqami\/","og_locale":"az_AZ","og_type":"article","og_title":"Moskva toplant\u0131s\u0131n\u0131n Az\u0259rbaycan \u00fc\u00e7\u00fcn 3 m\u0259qam\u0131 - MEYDAN.TV","og_description":"Rusiyan\u0131n r\u0259hb\u0259rliyi alt\u0131nda koalisiyada i\u015ftirak\u0131 r\u0259smi Bak\u0131n\u0131n t\u0259r\u0259f se\u00e7m\u0259si anlam\u0131na g\u0259l\u0259c\u0259k","og_url":"https:\/\/www.meydan.tv\/az\/article\/moskva-toplantisinin-azerbaycan-ucun-3-meqami\/","og_site_name":"MEYDAN.TV","article_published_time":"2016-12-01T14:50:51+00:00","og_image":[{"width":584,"height":500,"url":"https:\/\/www.meydan.tv\/wp-content\/uploads\/28765.jpg","type":"image\/jpeg"}],"author":"user-manager","twitter_card":"summary_large_image","schema":{"@context":"https:\/\/schema.org","@graph":[{"@type":"Article","@id":"https:\/\/www.meydan.tv\/az\/article\/moskva-toplantisinin-azerbaycan-ucun-3-meqami\/#article","isPartOf":{"@id":"https:\/\/www.meydan.tv\/az\/article\/moskva-toplantisinin-azerbaycan-ucun-3-meqami\/"},"author":{"name":"user-manager","@id":"https:\/\/www.meydan.tv\/az\/#\/schema\/person\/10d11eccf6da3662cf5fdab9806ea91a"},"headline":"Moskva toplant\u0131s\u0131n\u0131n Az\u0259rbaycan \u00fc\u00e7\u00fcn 3 m\u0259qam\u0131","datePublished":"2016-12-01T14:50:51+00:00","mainEntityOfPage":{"@id":"https:\/\/www.meydan.tv\/az\/article\/moskva-toplantisinin-azerbaycan-ucun-3-meqami\/"},"wordCount":1066,"publisher":{"@id":"https:\/\/www.meydan.tv\/az\/#organization"},"image":{"@id":"https:\/\/www.meydan.tv\/az\/article\/moskva-toplantisinin-azerbaycan-ucun-3-meqami\/#primaryimage"},"thumbnailUrl":"https:\/\/www.meydan.tv\/wp-content\/uploads\/28765.jpg","articleSection":["Analitika"],"inLanguage":"az"},{"@type":"WebPage","@id":"https:\/\/www.meydan.tv\/az\/article\/moskva-toplantisinin-azerbaycan-ucun-3-meqami\/","url":"https:\/\/www.meydan.tv\/az\/article\/moskva-toplantisinin-azerbaycan-ucun-3-meqami\/","name":"Moskva toplant\u0131s\u0131n\u0131n Az\u0259rbaycan \u00fc\u00e7\u00fcn 3 m\u0259qam\u0131 - MEYDAN.TV","isPartOf":{"@id":"https:\/\/www.meydan.tv\/az\/#website"},"primaryImageOfPage":{"@id":"https:\/\/www.meydan.tv\/az\/article\/moskva-toplantisinin-azerbaycan-ucun-3-meqami\/#primaryimage"},"image":{"@id":"https:\/\/www.meydan.tv\/az\/article\/moskva-toplantisinin-azerbaycan-ucun-3-meqami\/#primaryimage"},"thumbnailUrl":"https:\/\/www.meydan.tv\/wp-content\/uploads\/28765.jpg","datePublished":"2016-12-01T14:50:51+00:00","breadcrumb":{"@id":"https:\/\/www.meydan.tv\/az\/article\/moskva-toplantisinin-azerbaycan-ucun-3-meqami\/#breadcrumb"},"inLanguage":"az","potentialAction":[{"@type":"ReadAction","target":["https:\/\/www.meydan.tv\/az\/article\/moskva-toplantisinin-azerbaycan-ucun-3-meqami\/"]}]},{"@type":"ImageObject","inLanguage":"az","@id":"https:\/\/www.meydan.tv\/az\/article\/moskva-toplantisinin-azerbaycan-ucun-3-meqami\/#primaryimage","url":"https:\/\/www.meydan.tv\/wp-content\/uploads\/28765.jpg","contentUrl":"https:\/\/www.meydan.tv\/wp-content\/uploads\/28765.jpg","width":584,"height":500,"caption":"Source:"},{"@type":"BreadcrumbList","@id":"https:\/\/www.meydan.tv\/az\/article\/moskva-toplantisinin-azerbaycan-ucun-3-meqami\/#breadcrumb","itemListElement":[{"@type":"ListItem","position":1,"name":"Ana s\u0259hif\u0259","item":"https:\/\/www.meydan.tv\/az\/"},{"@type":"ListItem","position":2,"name":"Analitika","item":"https:\/\/www.meydan.tv\/az\/section\/analitika\/"},{"@type":"ListItem","position":3,"name":"Moskva toplant\u0131s\u0131n\u0131n Az\u0259rbaycan \u00fc\u00e7\u00fcn 3 m\u0259qam\u0131"}]},{"@type":"WebSite","@id":"https:\/\/www.meydan.tv\/az\/#website","url":"https:\/\/www.meydan.tv\/az\/","name":"MEYDAN.TV","description":"Meydan TV Az\u0259rbaycan\u0131n media m\u0259kan\u0131ndak\u0131 alternativ s\u0259sidir","publisher":{"@id":"https:\/\/www.meydan.tv\/az\/#organization"},"potentialAction":[{"@type":"SearchAction","target":{"@type":"EntryPoint","urlTemplate":"https:\/\/www.meydan.tv\/az\/?s={search_term_string}"},"query-input":{"@type":"PropertyValueSpecification","valueRequired":true,"valueName":"search_term_string"}}],"inLanguage":"az"},{"@type":"Organization","@id":"https:\/\/www.meydan.tv\/az\/#organization","name":"Meydan TV","url":"https:\/\/www.meydan.tv\/az\/","logo":{"@type":"ImageObject","inLanguage":"az","@id":"https:\/\/www.meydan.tv\/az\/#\/schema\/logo\/image\/","url":"https:\/\/www.meydan.tv\/wp-content\/uploads\/2021\/07\/meydan-logo.svg","contentUrl":"https:\/\/www.meydan.tv\/wp-content\/uploads\/2021\/07\/meydan-logo.svg","width":195,"height":46,"caption":"Meydan TV"},"image":{"@id":"https:\/\/www.meydan.tv\/az\/#\/schema\/logo\/image\/"}},{"@type":"Person","@id":"https:\/\/www.meydan.tv\/az\/#\/schema\/person\/10d11eccf6da3662cf5fdab9806ea91a","name":"user-manager"}]}},"_links":{"self":[{"href":"https:\/\/www.meydan.tv\/az\/wp-json\/wp\/v2\/posts\/180904","targetHints":{"allow":["GET"]}}],"collection":[{"href":"https:\/\/www.meydan.tv\/az\/wp-json\/wp\/v2\/posts"}],"about":[{"href":"https:\/\/www.meydan.tv\/az\/wp-json\/wp\/v2\/types\/post"}],"author":[{"embeddable":true,"href":"https:\/\/www.meydan.tv\/az\/wp-json\/wp\/v2\/users\/11"}],"replies":[{"embeddable":true,"href":"https:\/\/www.meydan.tv\/az\/wp-json\/wp\/v2\/comments?post=180904"}],"version-history":[{"count":0,"href":"https:\/\/www.meydan.tv\/az\/wp-json\/wp\/v2\/posts\/180904\/revisions"}],"wp:featuredmedia":[{"embeddable":true,"href":"https:\/\/www.meydan.tv\/az\/wp-json\/wp\/v2\/media\/74430"}],"wp:attachment":[{"href":"https:\/\/www.meydan.tv\/az\/wp-json\/wp\/v2\/media?parent=180904"}],"wp:term":[{"taxonomy":"category","embeddable":true,"href":"https:\/\/www.meydan.tv\/az\/wp-json\/wp\/v2\/categories?post=180904"},{"taxonomy":"post_tag","embeddable":true,"href":"https:\/\/www.meydan.tv\/az\/wp-json\/wp\/v2\/tags?post=180904"}],"curies":[{"name":"wp","href":"https:\/\/api.w.org\/{rel}","templated":true}]}}