{"id":180871,"date":"2016-11-30T17:45:29","date_gmt":"2016-11-30T17:45:29","guid":{"rendered":"https:\/\/www.meydan.tv\/article\/edaletsizliyin-diferensiyasi-ve-ya-qerarin-fesadlari\/"},"modified":"2016-11-30T17:45:29","modified_gmt":"2016-11-30T17:45:29","slug":"edaletsizliyin-diferensiyasi-ve-ya-qerarin-fesadlari","status":"publish","type":"post","link":"https:\/\/www.meydan.tv\/az\/article\/edaletsizliyin-diferensiyasi-ve-ya-qerarin-fesadlari\/","title":{"rendered":"\u018fdal\u0259tsizliyin diferensiyas\u0131 v\u0259 ya q\u0259rar\u0131n f\u0259sadlar\u0131"},"content":{"rendered":"<figure class=\"wp-block-image size-large\">\n  <img decoding=\"async\" src=\"https:\/\/www.meydan.tv\/az\/qubad-ibadoglu-foto-meydan-tv-2\/\" alt=\"Qubad \u0130bado\u011flu foto Meydan TV\" class=\"wp-image-72532\"\/><figcaption>\n    Qubad \u0130bado\u011flu foto Meydan TV<br \/>\n  <\/figcaption><\/figure>\n<figure class=\"wp-block-image size-large\">\n  <img decoding=\"async\" src=\"https:\/\/www.meydan.tv\/az\/qubad-ibadoglu-foto-meydan-tv-2\/\" alt=\"Qubad \u0130bado\u011flu foto Meydan TV\" class=\"wp-image-72532\"\/><figcaption>\n    Qubad \u0130bado\u011flu foto Meydan TV<br \/>\n  <\/figcaption><\/figure>\n<p>\n  <i><br \/>\n    Az\u0259rbaycan h\u00f6kum\u0259ti is\u0259 islahat dey\u0259nd\u0259 yaln\u0131z qiym\u0259t art\u0131m\u0131n\u0131 ba\u015fa d\u00fc\u015f\u00fcr<br \/>\n  <\/i>\n<\/p>\n<p>\n  D\u00fcnyada \u201cBlack Friday\u201d qiym\u0259t endiriml\u0259rinin davam etdiyi g\u00fcnl\u0259rd\u0259 Az\u0259rbaycanda elektrik enerjisi, t\u0259bii qaz\u0131n tarifl\u0259rinin qald\u0131r\u0131lmas\u0131 n\u0259 q\u0259d\u0259r t\u0259zadl\u0131 g\u00f6rs\u0259ns\u0259 d\u0259, \u00f6lk\u0259d\u0259 b\u00f6y\u00fck bahala\u015fmaya start verilib. Odur ki, bu d\u0259f\u0259ki yaz\u0131mda enerji tarifl\u0259rinin diferensialla\u015fd\u0131r\u0131lmas\u0131na m\u00fcnasib\u0259t bildirm\u0259k ist\u0259rdim. \u018fslind\u0259 Tarif \u015euras\u0131n\u0131n difersial yana\u015fmas\u0131 v\u0259 optimal qiym\u0259t siyas\u0259ti h\u0259m iqtisadi v\u0259 h\u0259m d\u0259 sosial aspektl\u0259rin\u0259 g\u00f6r\u0259 ciddi t\u0259nqid\u0259 layiqdir.\n<\/p>\n<p>\n  \u018fvvala, Tarif \u015euras\u0131n\u0131n yana\u015fmas\u0131 diferensial deyil, ikili tarif yana\u015fmas\u0131d\u0131r. Diferensiall\u0131q \u00e7ox sayda m\u00fcxt\u0259liflik dem\u0259kdir. Bel\u0259 m\u00fcxt\u0259liflik ad\u0259t\u0259n gec\u0259 v\u0259 g\u00fcnd\u00fcz, iqisadiyyat\u0131n sah\u0259l\u0259ri v\u0259 ev t\u0259s\u0259rr\u00fcfatlar\u0131, el\u0259c\u0259 d\u0259 adamba\u015f\u0131na istehlak\u0131n normalar \u00fczr\u0259 f\u0259rqli tarifl\u0259rl\u0259 ifad\u0259 olunur. Az\u0259rbaycanda is\u0259 saat qur\u015fa\u011f\u0131n\u0131 bel\u0259 d\u00fczg\u00fcn se\u00e7\u0259 bilm\u0259y\u0259n h\u00f6kum\u0259t (haz\u0131rda havann i\u015f\u0131qlanmas\u0131 s\u0259h\u0259r saat 7.30-dan sonra ba\u015flay\u0131r) m\u0259qs\u0259dli \u015f\u0259kild\u0259 \u0259halini elektrik enerjisind\u0259n istifad\u0259y\u0259 s\u00f6vq edir. Di\u011f\u0259r t\u0259r\u0259fd\u0259n is\u0259 Tarif \u015euras\u0131n\u0131n son q\u0259rar\u0131 il\u0259 \u0259hali qrupu \u00fczr\u0259 istehlak\u00e7\u0131lar \u00fc\u00e7\u00fcn f\u0259rql\u0259ndirici s\u0259viyy\u0259nin 1 say\u011faca g\u00f6r\u0259 250 kilovat saat m\u00fc\u0259yy\u0259n edilm\u0259si d\u0259 iqtisadi c\u0259h\u0259td\u0259n \u0259sasland\u0131r\u0131lmay\u0131b. Bel\u0259 ki, bir \u00e7ox \u00f6lk\u0259l\u0259rd\u0259 bel\u0259 f\u0259rql\u0259ndirm\u0259 ail\u0259 \u00fczvl\u0259rinin say\u0131na m\u00fcvafiq olaraq h\u0259yata ke\u00e7irilir. Burda t\u0259bii ki, ba\u015fl\u0131ca m\u0259qs\u0259d azt\u0259minatl\u0131 \u0259halinin sosial v\u0259ziyy\u0259tini a\u011f\u0131rla\u015fmas\u0131n\u0131n qar\u015f\u0131s\u0131n\u0131 almaqd\u0131r. Az\u0259rbaycanda t\u0259tbiq edil\u0259n norma 1 n\u0259f\u0259rlik ail\u0259nin minimal istehlak normas\u0131na uy\u011fun g\u0259ls\u0259 d\u0259, ail\u0259 \u00fczvl\u0259rinin say\u0131 2 v\u0259 ondan \u00e7ox olanlar\u0131n \u0259n minimal ehtiyaclar\u0131n\u0131 bel\u0259 \u00f6d\u0259mir. H\u0259tta, m\u0259cburi k\u00f6\u00e7k\u00fcnl\u0259r \u00fc\u015f\u00fcn adamba\u015f\u0131na norma yay aylar\u0131nda 100 kilovatt, q\u0131\u015f aylar\u0131nda is\u0259 200 kilovat, orta hesabla is\u0259 150 kilovatt m\u00fc\u0259yy\u0259n edilib. (Yeri g\u0259lmi\u015fk\u0259n, onu da qeyd edim ki, 2017-ci ilin b\u00fcdc\u0259sind\u0259n Az\u0259rbaycan Respublikas\u0131n\u0131n Qa\u00e7q\u0131nlar\u0131n v\u0259 M\u0259cburi K\u00f6\u00e7k\u00fcnl\u0259rin \u0130\u015fl\u0259ri \u00fczr\u0259 D\u00f6vl\u0259t Komit\u0259si vasit\u0259sil\u0259 qa\u00e7q\u0131nlar\u0131n v\u0259 m\u0259cburi k\u00f6\u00e7k\u00fcnl\u0259rin sosial m\u00fcdafi\u0259sinin t\u0259min edilm\u0259si \u00fc\u00e7\u00fcn ayr\u0131lacaq v\u0259sait bu il \u00fc\u00e7\u00fcn olandan 47,1 milyon manat v\u0259 ya 21 faiz az proqnozla\u015fd\u0131r\u0131l\u0131b. Bu is\u0259 o dem\u0259kdir ki, g\u0259l\u0259n il m\u0259cburi k\u00f6\u00e7k\u00fcnl\u0259r \u00fc\u00e7\u00fcn kommunal v\u0259 dig\u0259r xidm\u0259t haqlar\u0131 (elektrik enerjisi, t\u0259bii qaz, i\u00e7m\u0259li su) g\u00fcz\u0259\u015ftl\u0259ri d\u0259 l\u0259\u011fv edil\u0259 v\u0259 ya azald\u0131la bil\u0259r). M\u0259cburi k\u00f6\u00e7k\u00fcnl\u0259r \u00fc\u00e7\u00fcn uzun ill\u0259rdir ki, t\u0259tbiq olunan norman\u0131 \u0259sas g\u00f6t\u00fcr\u0259r\u0259k Tarif \u015euras\u0131 elektrik enerjisinin tarif f\u0259rql\u0259ndirilm\u0259si zaman\u0131 f\u0259rql\u0259ndirici norman\u0131 ail\u0259 ba\u015f\u0131na deyil, adamba\u015f\u0131na uy\u011funla\u015fd\u0131rmal\u0131 idi. Az\u0259rbaycanda orta statistik ail\u0259nin 4,5 n\u0259f\u0259r oldu\u011funu n\u0259z\u0259r\u0259 alanda aylq norma bel\u0259 diferensiallad\u0131r\u0131lmal\u0131 idi: 1 n\u0259f\u0259rlik ail\u0259 \u00fc\u00e7\u00fcn 250 kilovatt, 2 n\u0259f\u0259rlik ail\u0259 \u00fc\u00e7\u00fcn 300 kilovatt, 3 n\u0259f\u0259rlik ail\u0259 \u00fc\u00e7\u00fcn 450 kilovatt, 4 n\u0259f\u0259rlik ail\u0259 \u00fc\u00e7\u00fcn 600 kilovatt, n\u0259hay\u0259t, 5 v\u0259 ondan \u00e7ox \u00fczvl\u0259ri olan ail\u0259 \u00fc\u00e7\u00fcn 750 kilovat. M\u00fcqayis\u0259 \u00fc\u00e7\u00fcn qeyd edim ki, Q\u0131r\u011f\u0131z\u0131standa \u00fczvl\u0259rinin say\u0131ndan as\u0131l\u0131 olmayaraq 1 ail\u0259 \u00fc\u00e7\u00fcn minimal tarif ayda 700 kilovattd\u0131r, T\u00fcrkm\u0259nistanda h\u0259r ay adamba\u015f\u0131na 35 kilovatt, 1 ail\u0259 \u00fc\u00e7\u00fcn minimal olaraq is\u0259 100 kilovatt elektrik enerjisi pulsuz verilir. Onu da \u0259lav\u0259 edim ki, \u0259hali qrupu \u00fc\u00e7\u00fcn Q\u0131r\u011f\u0131z\u0131standa 1 kilovat elektrik enerjisi 1,1 sent, Qazax\u0131standa 4,7 sent, Az\u0259rbaycanda is\u0259 yuxar\u0131 tarif \u00fczr\u0259 6,3 sentdir.\n<\/p>\n<p>\n  Fikrimc\u0259, Tarif \u015euras\u0131n\u0131n son q\u0259rar\u0131 a\u015fa\u011f\u0131dak\u0131 f\u0259sadlara s\u0259b\u0259b olacaq:\n<\/p>\n<p>\n  <i><br \/>\n    1)<br \/>\n  <\/i><br \/>\n  Yoxsullar\u0131n say\u0131 artacaq. Ev t\u0259s\u0259rr\u00fcfatlar\u0131n\u0131n b\u00fcdc\u0259 m\u00fcayin\u0259si g\u00f6st\u0259rir ki, ail\u0259d\u0259 u\u015faqlar\u0131n say\u0131 artd\u0131qca, yoxsulluq s\u0259viyy\u0259si daha da d\u0259rinl\u0259\u015fir. Bel\u0259 olan halda \u0259slind\u0259 \u00f6lk\u0259d\u0259 azt\u0259minatl\u0131 t\u0259b\u0259q\u0259l\u0259r \u0259sas\u0259n ail\u0259 \u00fczvl\u0259rinin say\u0131 \u00e7ox olanlar say\u0131l\u0131r. Tarif \u015euras\u0131n\u0131n son q\u0259rar\u0131 is\u0259 bu m\u00fch\u00fcm sosial aspekti n\u0259z\u0259r\u0259 almadan verildiyind\u0259n \u00f6lk\u0259d\u0259 yoxsulluq h\u0259ddind\u0259n a\u015fa\u011f\u0131da ya\u015fayanlar\u0131n say\u0131n\u0131n s\u00fcr\u0259tl\u0259 art\u0131m\u0131 m\u00fc\u015fahid\u0259 olunacaq.\n<\/p>\n<p>\n  <i><br \/>\n    2)<br \/>\n  <\/i><br \/>\n  Elektrik enerjisinin y\u0131\u011f\u0131m s\u0259viyy\u0259si a\u015fa\u011f\u0131 d\u00fc\u015f\u0259c\u0259k. Q\u0131sam\u00fcdd\u0259tli d\u00f6vrd\u0259 y\u0131\u011f\u0131m s\u0259viyy\u0259si sabit qalsa da, orta v\u0259 uzun m\u00fcdd\u0259tli d\u00f6vrd\u0259 elektrik enerjisin\u0259 g\u00f6r\u0259 boclu olan abonentl\u0259rin say\u0131 artacaq. Bu is\u0259 sat\u0131\u015f\u0131 h\u0259yata ke\u00e7ir\u0259n qurumlarla \u0259hali v\u0259 qeyri-\u0259hali qruplar\u0131 aras\u0131nda konfliktl\u0259r yaradacaq.\n<\/p>\n<p>\n  <i><br \/>\n    3)<br \/>\n  <\/i><br \/>\n  \u018fhalinin sosial-iqtisadi t\u0259r\u0259qqinin n\u0259tic\u0259l\u0259rin\u0259 \u00e7\u0131x\u0131\u015f\u0131 pisl\u0259\u015f\u0259c\u0259k. M\u00fcasir m\u0259i\u015f\u0259t (qabyuyan, paltaryuyan v\u0259 qurudan v\u0259 s. ) v\u0259 elektron (televezor, radio, komp\u00fcter v\u0259 s.) avadanl\u0131qlar\u0131n istifad\u0259 s\u0259viyy\u0259sinin a\u015fa\u011f\u0131 d\u00fc\u015fm\u0259si n\u0259tic\u0259sind\u0259 ev t\u0259s\u0259r\u00fcfatlar\u0131nda sosial-iqtisadi t\u0259r\u0259qqinin n\u0259tic\u0259l\u0259rind\u0259n b\u0259hr\u0259l\u0259nm\u0259k s\u0259viyy\u0259si a\u015fa\u011f\u0131 d\u00fc\u015f\u0259c\u0259k.\n<\/p>\n<p>\n  <i><br \/>\n    4)<br \/>\n  <\/i><br \/>\n  \u0130nflyasiya s\u0259viyy\u0259si y\u00fcks\u0259l\u0259c\u0259k. Eyni v\u0259 dig\u0259r bazarlarda qar\u015f\u0131l\u0131ql\u0131 t\u0259sirl\u0259rd\u0259n v\u0259 x\u0259rcl\u0259rin artmas\u0131ndan qaynaqlanan faktorlar qiym\u0259tl\u0259ri s\u00fcr\u0259tl\u0259 bahala\u015fd\u0131racaq. Qiym\u0259t art\u0131m\u0131 \u0259vv\u0259lc\u0259 elektrik enerji v\u0259 qaz s\u0259rfiyyat\u0131 y\u00fcks\u0259k olan \u00e7\u00f6r\u0259kbi\u015firm\u0259, q\u0259nnad\u0131, emal, polad\u0259ritm\u0259 v\u0259 dig\u0259r m\u00fc\u0259ssis\u0259l\u0259rin m\u0259hsullar\u0131n\u0131, el\u0259c\u0259 d\u0259 d\u0259miryolu, metro n\u0259qliyyat\u0131n\u0131n xidm\u0259tl\u0259rini bahala\u015fd\u0131rcaq. \u00dcmumi qiym\u0259t s\u0259viyy\u0259si artd\u0131qca, mobil rabit\u0259 xidm\u0259tl\u0259rind\u0259n tutmu\u015f hotel xidm\u0259tl\u0259rin\u0259d\u0259k m\u00fcxt\u0259lif sah\u0259l\u0259rd\u0259 bahala\u015fma m\u00fc\u015fahid\u0259 olunacaq.\n<\/p>\n<p>\n  <i><br \/>\n    5)<br \/>\n  <\/i><br \/>\n  Sosial naraz\u0131l\u0131q artacaq. D\u00fczg\u00fcn olmayan diferensialla\u015fd\u0131rma siyas\u0259ti sosial v\u0259ziyy\u0259td\u0259n naraz\u0131 qalanlar\u0131n \u0259hat\u0259 dair\u0259sini geni\u015fl\u0259ndir\u0259c\u0259k. \u0130ndi bel\u0259l\u0259rinin s\u0131ras\u0131na difensialla\u015fd\u0131r\u0131lman\u0131n neqativ t\u0259sirl\u0259rin\u0259 m\u0259ruz qalanlar da qo\u015fulacaq.\n<\/p>\n<p>\n  Yekun olaraq onu da qeyd etm\u0259k ist\u0259rdim ki, elektrik enerjisinin qiym\u0259tinin bahala\u015fd\u0131r\u0131lmas\u0131 Asiya \u0130nki\u015faf Bank\u0131 v\u0259 Az\u0259rbaycan h\u00f6kum\u0259tinin \u00f6lk\u0259nin enerji paylama \u015f\u0259b\u0259k\u0259sinin b\u0259rpas\u0131 v\u0259 geni\u015fl\u0259ndirilm\u0259si m\u0259qs\u0259dil\u0259 1 milyard dollar m\u0259bl\u0259\u011find\u0259 investisiya proqram\u0131 \u00e7\u0259r\u00e7iv\u0259sind\u0259 h\u0259yata ke\u00e7iril\u0259n t\u0259dbirl\u0259rind\u0259n biri hesab oluna bil\u0259r.\n<\/p>\n<p>\n  \u00c7\u00fcnki bu m\u0259qs\u0259dl\u0259 imzalanan anla\u015fma memorandumunda m\u00fcvafiq qurumlar qar\u015f\u0131s\u0131nda enerji b\u00f6lm\u0259sind\u0259 islahatar\u0131n apar\u0131lmas\u0131 t\u0259l\u0259bi qoyulub. Az\u0259rbaycan h\u00f6kum\u0259ti is\u0259 islahat dey\u0259nd\u0259 yaln\u0131z qiym\u0259t art\u0131m\u0131n\u0131 ba\u015fa d\u00fc\u015f\u00fcr.\n<\/p><\/p>\n","protected":false},"excerpt":{"rendered":"<p>Az\u0259rbaycan h\u00f6kum\u0259ti is\u0259 islahat dey\u0259nd\u0259 yaln\u0131z qiym\u0259t art\u0131m\u0131n\u0131 ba\u015fa d\u00fc\u015f\u00fcr<\/p>\n","protected":false},"author":11,"featured_media":72532,"comment_status":"closed","ping_status":"open","sticky":false,"template":"","format":"standard","meta":{"_acf_changed":false,"_sitemap_exclude":false,"_sitemap_priority":"","_sitemap_frequency":"","footnotes":""},"categories":[51],"tags":[],"class_list":["post-180871","post","type-post","status-publish","format-standard","has-post-thumbnail","hentry","category-analitika","infinite-scroll-item","generate-columns","tablet-grid-50","mobile-grid-100","grid-parent","grid-33","no-featured-image-padding"],"acf":[],"yoast_head":"<!-- This site is optimized with the Yoast SEO plugin v27.5 - https:\/\/yoast.com\/product\/yoast-seo-wordpress\/ -->\n<title>\u018fdal\u0259tsizliyin diferensiyas\u0131 v\u0259 ya q\u0259rar\u0131n f\u0259sadlar\u0131 - MEYDAN.TV<\/title>\n<meta name=\"robots\" content=\"index, follow, max-snippet:-1, max-image-preview:large, max-video-preview:-1\" \/>\n<link rel=\"canonical\" href=\"https:\/\/www.meydan.tv\/az\/article\/edaletsizliyin-diferensiyasi-ve-ya-qerarin-fesadlari\/\" \/>\n<meta property=\"og:locale\" content=\"az_AZ\" \/>\n<meta property=\"og:type\" content=\"article\" \/>\n<meta property=\"og:title\" content=\"\u018fdal\u0259tsizliyin diferensiyas\u0131 v\u0259 ya q\u0259rar\u0131n f\u0259sadlar\u0131 - MEYDAN.TV\" \/>\n<meta property=\"og:description\" content=\"Az\u0259rbaycan h\u00f6kum\u0259ti is\u0259 islahat dey\u0259nd\u0259 yaln\u0131z qiym\u0259t art\u0131m\u0131n\u0131 ba\u015fa d\u00fc\u015f\u00fcr\" \/>\n<meta property=\"og:url\" content=\"https:\/\/www.meydan.tv\/az\/article\/edaletsizliyin-diferensiyasi-ve-ya-qerarin-fesadlari\/\" \/>\n<meta property=\"og:site_name\" content=\"MEYDAN.TV\" \/>\n<meta property=\"article:published_time\" content=\"2016-11-30T17:45:29+00:00\" \/>\n<meta property=\"og:image\" content=\"https:\/\/www.meydan.tv\/wp-content\/uploads\/27931.jpg\" \/>\n\t<meta property=\"og:image:width\" content=\"600\" \/>\n\t<meta property=\"og:image:height\" content=\"400\" \/>\n\t<meta property=\"og:image:type\" content=\"image\/jpeg\" \/>\n<meta name=\"author\" content=\"user-manager\" \/>\n<meta name=\"twitter:card\" content=\"summary_large_image\" \/>\n<script type=\"application\/ld+json\" class=\"yoast-schema-graph\">{\"@context\":\"https:\\\/\\\/schema.org\",\"@graph\":[{\"@type\":\"Article\",\"@id\":\"https:\\\/\\\/www.meydan.tv\\\/az\\\/article\\\/edaletsizliyin-diferensiyasi-ve-ya-qerarin-fesadlari\\\/#article\",\"isPartOf\":{\"@id\":\"https:\\\/\\\/www.meydan.tv\\\/az\\\/article\\\/edaletsizliyin-diferensiyasi-ve-ya-qerarin-fesadlari\\\/\"},\"author\":{\"name\":\"user-manager\",\"@id\":\"https:\\\/\\\/www.meydan.tv\\\/az\\\/#\\\/schema\\\/person\\\/10d11eccf6da3662cf5fdab9806ea91a\"},\"headline\":\"\u018fdal\u0259tsizliyin diferensiyas\u0131 v\u0259 ya q\u0259rar\u0131n f\u0259sadlar\u0131\",\"datePublished\":\"2016-11-30T17:45:29+00:00\",\"mainEntityOfPage\":{\"@id\":\"https:\\\/\\\/www.meydan.tv\\\/az\\\/article\\\/edaletsizliyin-diferensiyasi-ve-ya-qerarin-fesadlari\\\/\"},\"wordCount\":1259,\"publisher\":{\"@id\":\"https:\\\/\\\/www.meydan.tv\\\/az\\\/#organization\"},\"image\":{\"@id\":\"https:\\\/\\\/www.meydan.tv\\\/az\\\/article\\\/edaletsizliyin-diferensiyasi-ve-ya-qerarin-fesadlari\\\/#primaryimage\"},\"thumbnailUrl\":\"https:\\\/\\\/www.meydan.tv\\\/wp-content\\\/uploads\\\/27931.jpg\",\"articleSection\":[\"Analitika\"],\"inLanguage\":\"az\"},{\"@type\":\"WebPage\",\"@id\":\"https:\\\/\\\/www.meydan.tv\\\/az\\\/article\\\/edaletsizliyin-diferensiyasi-ve-ya-qerarin-fesadlari\\\/\",\"url\":\"https:\\\/\\\/www.meydan.tv\\\/az\\\/article\\\/edaletsizliyin-diferensiyasi-ve-ya-qerarin-fesadlari\\\/\",\"name\":\"\u018fdal\u0259tsizliyin diferensiyas\u0131 v\u0259 ya q\u0259rar\u0131n f\u0259sadlar\u0131 - MEYDAN.TV\",\"isPartOf\":{\"@id\":\"https:\\\/\\\/www.meydan.tv\\\/az\\\/#website\"},\"primaryImageOfPage\":{\"@id\":\"https:\\\/\\\/www.meydan.tv\\\/az\\\/article\\\/edaletsizliyin-diferensiyasi-ve-ya-qerarin-fesadlari\\\/#primaryimage\"},\"image\":{\"@id\":\"https:\\\/\\\/www.meydan.tv\\\/az\\\/article\\\/edaletsizliyin-diferensiyasi-ve-ya-qerarin-fesadlari\\\/#primaryimage\"},\"thumbnailUrl\":\"https:\\\/\\\/www.meydan.tv\\\/wp-content\\\/uploads\\\/27931.jpg\",\"datePublished\":\"2016-11-30T17:45:29+00:00\",\"breadcrumb\":{\"@id\":\"https:\\\/\\\/www.meydan.tv\\\/az\\\/article\\\/edaletsizliyin-diferensiyasi-ve-ya-qerarin-fesadlari\\\/#breadcrumb\"},\"inLanguage\":\"az\",\"potentialAction\":[{\"@type\":\"ReadAction\",\"target\":[\"https:\\\/\\\/www.meydan.tv\\\/az\\\/article\\\/edaletsizliyin-diferensiyasi-ve-ya-qerarin-fesadlari\\\/\"]}]},{\"@type\":\"ImageObject\",\"inLanguage\":\"az\",\"@id\":\"https:\\\/\\\/www.meydan.tv\\\/az\\\/article\\\/edaletsizliyin-diferensiyasi-ve-ya-qerarin-fesadlari\\\/#primaryimage\",\"url\":\"https:\\\/\\\/www.meydan.tv\\\/wp-content\\\/uploads\\\/27931.jpg\",\"contentUrl\":\"https:\\\/\\\/www.meydan.tv\\\/wp-content\\\/uploads\\\/27931.jpg\",\"width\":600,\"height\":400,\"caption\":\"Source:\"},{\"@type\":\"BreadcrumbList\",\"@id\":\"https:\\\/\\\/www.meydan.tv\\\/az\\\/article\\\/edaletsizliyin-diferensiyasi-ve-ya-qerarin-fesadlari\\\/#breadcrumb\",\"itemListElement\":[{\"@type\":\"ListItem\",\"position\":1,\"name\":\"Ana s\u0259hif\u0259\",\"item\":\"https:\\\/\\\/www.meydan.tv\\\/az\\\/\"},{\"@type\":\"ListItem\",\"position\":2,\"name\":\"Analitika\",\"item\":\"https:\\\/\\\/www.meydan.tv\\\/az\\\/section\\\/analitika\\\/\"},{\"@type\":\"ListItem\",\"position\":3,\"name\":\"\u018fdal\u0259tsizliyin diferensiyas\u0131 v\u0259 ya q\u0259rar\u0131n f\u0259sadlar\u0131\"}]},{\"@type\":\"WebSite\",\"@id\":\"https:\\\/\\\/www.meydan.tv\\\/az\\\/#website\",\"url\":\"https:\\\/\\\/www.meydan.tv\\\/az\\\/\",\"name\":\"MEYDAN.TV\",\"description\":\"Meydan TV Az\u0259rbaycan\u0131n media m\u0259kan\u0131ndak\u0131 alternativ s\u0259sidir\",\"publisher\":{\"@id\":\"https:\\\/\\\/www.meydan.tv\\\/az\\\/#organization\"},\"potentialAction\":[{\"@type\":\"SearchAction\",\"target\":{\"@type\":\"EntryPoint\",\"urlTemplate\":\"https:\\\/\\\/www.meydan.tv\\\/az\\\/?s={search_term_string}\"},\"query-input\":{\"@type\":\"PropertyValueSpecification\",\"valueRequired\":true,\"valueName\":\"search_term_string\"}}],\"inLanguage\":\"az\"},{\"@type\":\"Organization\",\"@id\":\"https:\\\/\\\/www.meydan.tv\\\/az\\\/#organization\",\"name\":\"Meydan TV\",\"url\":\"https:\\\/\\\/www.meydan.tv\\\/az\\\/\",\"logo\":{\"@type\":\"ImageObject\",\"inLanguage\":\"az\",\"@id\":\"https:\\\/\\\/www.meydan.tv\\\/az\\\/#\\\/schema\\\/logo\\\/image\\\/\",\"url\":\"https:\\\/\\\/www.meydan.tv\\\/wp-content\\\/uploads\\\/2021\\\/07\\\/meydan-logo.svg\",\"contentUrl\":\"https:\\\/\\\/www.meydan.tv\\\/wp-content\\\/uploads\\\/2021\\\/07\\\/meydan-logo.svg\",\"width\":195,\"height\":46,\"caption\":\"Meydan TV\"},\"image\":{\"@id\":\"https:\\\/\\\/www.meydan.tv\\\/az\\\/#\\\/schema\\\/logo\\\/image\\\/\"}},{\"@type\":\"Person\",\"@id\":\"https:\\\/\\\/www.meydan.tv\\\/az\\\/#\\\/schema\\\/person\\\/10d11eccf6da3662cf5fdab9806ea91a\",\"name\":\"user-manager\"}]}<\/script>\n<!-- \/ Yoast SEO plugin. -->","yoast_head_json":{"title":"\u018fdal\u0259tsizliyin diferensiyas\u0131 v\u0259 ya q\u0259rar\u0131n f\u0259sadlar\u0131 - MEYDAN.TV","robots":{"index":"index","follow":"follow","max-snippet":"max-snippet:-1","max-image-preview":"max-image-preview:large","max-video-preview":"max-video-preview:-1"},"canonical":"https:\/\/www.meydan.tv\/az\/article\/edaletsizliyin-diferensiyasi-ve-ya-qerarin-fesadlari\/","og_locale":"az_AZ","og_type":"article","og_title":"\u018fdal\u0259tsizliyin diferensiyas\u0131 v\u0259 ya q\u0259rar\u0131n f\u0259sadlar\u0131 - MEYDAN.TV","og_description":"Az\u0259rbaycan h\u00f6kum\u0259ti is\u0259 islahat dey\u0259nd\u0259 yaln\u0131z qiym\u0259t art\u0131m\u0131n\u0131 ba\u015fa d\u00fc\u015f\u00fcr","og_url":"https:\/\/www.meydan.tv\/az\/article\/edaletsizliyin-diferensiyasi-ve-ya-qerarin-fesadlari\/","og_site_name":"MEYDAN.TV","article_published_time":"2016-11-30T17:45:29+00:00","og_image":[{"width":600,"height":400,"url":"https:\/\/www.meydan.tv\/wp-content\/uploads\/27931.jpg","type":"image\/jpeg"}],"author":"user-manager","twitter_card":"summary_large_image","schema":{"@context":"https:\/\/schema.org","@graph":[{"@type":"Article","@id":"https:\/\/www.meydan.tv\/az\/article\/edaletsizliyin-diferensiyasi-ve-ya-qerarin-fesadlari\/#article","isPartOf":{"@id":"https:\/\/www.meydan.tv\/az\/article\/edaletsizliyin-diferensiyasi-ve-ya-qerarin-fesadlari\/"},"author":{"name":"user-manager","@id":"https:\/\/www.meydan.tv\/az\/#\/schema\/person\/10d11eccf6da3662cf5fdab9806ea91a"},"headline":"\u018fdal\u0259tsizliyin diferensiyas\u0131 v\u0259 ya q\u0259rar\u0131n f\u0259sadlar\u0131","datePublished":"2016-11-30T17:45:29+00:00","mainEntityOfPage":{"@id":"https:\/\/www.meydan.tv\/az\/article\/edaletsizliyin-diferensiyasi-ve-ya-qerarin-fesadlari\/"},"wordCount":1259,"publisher":{"@id":"https:\/\/www.meydan.tv\/az\/#organization"},"image":{"@id":"https:\/\/www.meydan.tv\/az\/article\/edaletsizliyin-diferensiyasi-ve-ya-qerarin-fesadlari\/#primaryimage"},"thumbnailUrl":"https:\/\/www.meydan.tv\/wp-content\/uploads\/27931.jpg","articleSection":["Analitika"],"inLanguage":"az"},{"@type":"WebPage","@id":"https:\/\/www.meydan.tv\/az\/article\/edaletsizliyin-diferensiyasi-ve-ya-qerarin-fesadlari\/","url":"https:\/\/www.meydan.tv\/az\/article\/edaletsizliyin-diferensiyasi-ve-ya-qerarin-fesadlari\/","name":"\u018fdal\u0259tsizliyin diferensiyas\u0131 v\u0259 ya q\u0259rar\u0131n f\u0259sadlar\u0131 - MEYDAN.TV","isPartOf":{"@id":"https:\/\/www.meydan.tv\/az\/#website"},"primaryImageOfPage":{"@id":"https:\/\/www.meydan.tv\/az\/article\/edaletsizliyin-diferensiyasi-ve-ya-qerarin-fesadlari\/#primaryimage"},"image":{"@id":"https:\/\/www.meydan.tv\/az\/article\/edaletsizliyin-diferensiyasi-ve-ya-qerarin-fesadlari\/#primaryimage"},"thumbnailUrl":"https:\/\/www.meydan.tv\/wp-content\/uploads\/27931.jpg","datePublished":"2016-11-30T17:45:29+00:00","breadcrumb":{"@id":"https:\/\/www.meydan.tv\/az\/article\/edaletsizliyin-diferensiyasi-ve-ya-qerarin-fesadlari\/#breadcrumb"},"inLanguage":"az","potentialAction":[{"@type":"ReadAction","target":["https:\/\/www.meydan.tv\/az\/article\/edaletsizliyin-diferensiyasi-ve-ya-qerarin-fesadlari\/"]}]},{"@type":"ImageObject","inLanguage":"az","@id":"https:\/\/www.meydan.tv\/az\/article\/edaletsizliyin-diferensiyasi-ve-ya-qerarin-fesadlari\/#primaryimage","url":"https:\/\/www.meydan.tv\/wp-content\/uploads\/27931.jpg","contentUrl":"https:\/\/www.meydan.tv\/wp-content\/uploads\/27931.jpg","width":600,"height":400,"caption":"Source:"},{"@type":"BreadcrumbList","@id":"https:\/\/www.meydan.tv\/az\/article\/edaletsizliyin-diferensiyasi-ve-ya-qerarin-fesadlari\/#breadcrumb","itemListElement":[{"@type":"ListItem","position":1,"name":"Ana s\u0259hif\u0259","item":"https:\/\/www.meydan.tv\/az\/"},{"@type":"ListItem","position":2,"name":"Analitika","item":"https:\/\/www.meydan.tv\/az\/section\/analitika\/"},{"@type":"ListItem","position":3,"name":"\u018fdal\u0259tsizliyin diferensiyas\u0131 v\u0259 ya q\u0259rar\u0131n f\u0259sadlar\u0131"}]},{"@type":"WebSite","@id":"https:\/\/www.meydan.tv\/az\/#website","url":"https:\/\/www.meydan.tv\/az\/","name":"MEYDAN.TV","description":"Meydan TV Az\u0259rbaycan\u0131n media m\u0259kan\u0131ndak\u0131 alternativ s\u0259sidir","publisher":{"@id":"https:\/\/www.meydan.tv\/az\/#organization"},"potentialAction":[{"@type":"SearchAction","target":{"@type":"EntryPoint","urlTemplate":"https:\/\/www.meydan.tv\/az\/?s={search_term_string}"},"query-input":{"@type":"PropertyValueSpecification","valueRequired":true,"valueName":"search_term_string"}}],"inLanguage":"az"},{"@type":"Organization","@id":"https:\/\/www.meydan.tv\/az\/#organization","name":"Meydan TV","url":"https:\/\/www.meydan.tv\/az\/","logo":{"@type":"ImageObject","inLanguage":"az","@id":"https:\/\/www.meydan.tv\/az\/#\/schema\/logo\/image\/","url":"https:\/\/www.meydan.tv\/wp-content\/uploads\/2021\/07\/meydan-logo.svg","contentUrl":"https:\/\/www.meydan.tv\/wp-content\/uploads\/2021\/07\/meydan-logo.svg","width":195,"height":46,"caption":"Meydan TV"},"image":{"@id":"https:\/\/www.meydan.tv\/az\/#\/schema\/logo\/image\/"}},{"@type":"Person","@id":"https:\/\/www.meydan.tv\/az\/#\/schema\/person\/10d11eccf6da3662cf5fdab9806ea91a","name":"user-manager"}]}},"_links":{"self":[{"href":"https:\/\/www.meydan.tv\/az\/wp-json\/wp\/v2\/posts\/180871","targetHints":{"allow":["GET"]}}],"collection":[{"href":"https:\/\/www.meydan.tv\/az\/wp-json\/wp\/v2\/posts"}],"about":[{"href":"https:\/\/www.meydan.tv\/az\/wp-json\/wp\/v2\/types\/post"}],"author":[{"embeddable":true,"href":"https:\/\/www.meydan.tv\/az\/wp-json\/wp\/v2\/users\/11"}],"replies":[{"embeddable":true,"href":"https:\/\/www.meydan.tv\/az\/wp-json\/wp\/v2\/comments?post=180871"}],"version-history":[{"count":0,"href":"https:\/\/www.meydan.tv\/az\/wp-json\/wp\/v2\/posts\/180871\/revisions"}],"wp:featuredmedia":[{"embeddable":true,"href":"https:\/\/www.meydan.tv\/az\/wp-json\/wp\/v2\/media\/72532"}],"wp:attachment":[{"href":"https:\/\/www.meydan.tv\/az\/wp-json\/wp\/v2\/media?parent=180871"}],"wp:term":[{"taxonomy":"category","embeddable":true,"href":"https:\/\/www.meydan.tv\/az\/wp-json\/wp\/v2\/categories?post=180871"},{"taxonomy":"post_tag","embeddable":true,"href":"https:\/\/www.meydan.tv\/az\/wp-json\/wp\/v2\/tags?post=180871"}],"curies":[{"name":"wp","href":"https:\/\/api.w.org\/{rel}","templated":true}]}}