{"id":180870,"date":"2016-11-30T17:36:31","date_gmt":"2016-11-30T17:36:31","guid":{"rendered":"https:\/\/www.meydan.tv\/article\/elxan-sahinoglu-azerbaycanin-nebzini-yoxlayirlar\/"},"modified":"2016-11-30T17:36:31","modified_gmt":"2016-11-30T17:36:31","slug":"elxan-sahinoglu-azerbaycanin-nebzini-yoxlayirlar","status":"publish","type":"post","link":"https:\/\/www.meydan.tv\/az\/article\/elxan-sahinoglu-azerbaycanin-nebzini-yoxlayirlar\/","title":{"rendered":"Elxan \u015eahino\u011flu: Az\u0259rbaycan\u0131n n\u0259bzini yoxlay\u0131rlar"},"content":{"rendered":"<figure class=\"wp-block-image size-large\">\n  <img decoding=\"async\" src=\"https:\/\/www.meydan.tv\/az\/foto-apa-57\/\" alt=\"foto APA\" class=\"wp-image-74403\"\/><figcaption>\n    foto APA<br \/>\n  <\/figcaption><\/figure>\n<p>\n  <i><br \/>\n    Az\u0259rbaycan v\u0259 Rusiyan\u0131n m\u00fcdafi\u0259 nazirl\u0259ri g\u00f6r\u00fc\u015fd\u00fc<br \/>\n  <\/i><\/p>\n<p>  &#8220;Rusiya v\u0259 Az\u0259rbaycan X\u0259z\u0259r regionunun t\u0259hl\u00fck\u0259sizliyinin t\u0259min olunmas\u0131 \u00fc\u00e7\u00fcn \u0259m\u0259kda\u015fl\u0131\u011f\u0131 geni\u015fl\u0259ndirir&#8221;.\n<\/p>\n<p>\n  APA-n\u0131n Moskva m\u00fcxbirinin verdiyi m\u0259lumata g\u00f6r\u0259, bunu Rusiya m\u00fcdafi\u0259 naziri Sergey \u015eoyqu az\u0259rbaycanl\u0131 h\u0259mkar\u0131, general-polkovnik Zakir\u0259 H\u0259s\u0259novla ke\u00e7irdiyi g\u00f6r\u00fc\u015fd\u0259 deyib.\n<\/p>\n<p>\n  Noyabr\u0131n 30-da Moskvada Az\u0259rbaycan\u0131n m\u00fcdafi\u0259 naziri Zakir H\u0259s\u0259nov v\u0259 Rusiyan\u0131n m\u00fcdafi\u0259 naziri Sergey \u015eoyqu aras\u0131nda MBD M\u00fcdafi\u0259 Nazirl\u0259ri \u015euras\u0131n\u0131n n\u00f6vb\u0259ti iclas\u0131 \u00e7\u0259r\u00e7iv\u0259sind\u0259 g\u00f6r\u00fc\u015f ke\u00e7irilib. G\u00f6r\u00fc\u015f \u0259vv\u0259lc\u0259 t\u0259kb\u0259t\u0259k, daha sonra geni\u015f formatda ba\u015f tutub.\n<\/p>\n<p>\n  G\u00f6r\u00fc\u015f zaman\u0131 iki \u00f6lk\u0259 aras\u0131nda h\u0259rbi v\u0259 h\u0259rbi-texniki \u0259m\u0259kda\u015fl\u0131\u011f\u0131n inki\u015faf\u0131 perspektivl\u0259ri m\u00fczakir\u0259 edilib.<\/p>\n<p>  &#8220;Hesab edirik ki, Az\u0259rbaycan X\u0259z\u0259r regionunda t\u0259hl\u00fck\u0259sizlik forpostudur. Ona g\u00f6r\u0259 d\u0259, biz\u0259 bu regionda daha da effektli \u0259m\u0259kda\u015fl\u0131q etm\u0259k laz\u0131md\u0131r&#8221;, &#8211; dey\u0259 Rusiya m\u00fcdafi\u0259 naziri qeyd edib.\n<\/p>\n<p>\n  S. \u015eoyqu \u00f6lk\u0259l\u0259rin buna olduqca yax\u0131nla\u015fd\u0131\u011f\u0131n\u0131 da vur\u011fulay\u0131b: &#8220;\u018fmin\u0259m ki, bu, regionda sabitliy\u0259 \u0259h\u0259miyy\u0259tli d\u0259r\u0259c\u0259d\u0259 t\u0259sir edir&#8221;.\n<\/p>\n<p>\n  Zakir H\u0259s\u0259nov is\u0259 bildirib ki, iki \u00f6lk\u0259 aras\u0131nda h\u0259rbi v\u0259 h\u0259rbi-texnika sah\u0259d\u0259 \u0259m\u0259kda\u015fl\u0131q inki\u015faf edir. O, bug\u00fcnk\u00fc g\u00f6r\u00fc\u015f\u00fcn h\u0259r iki \u00f6lk\u0259 \u00fc\u00e7\u00fcn s\u0259m\u0259r\u0259li olaca\u011f\u0131n\u0131 deyib.\n<\/p>\n<p>\n  Zakir H\u0259s\u0259nov onu da bildirib ki, haz\u0131rda Rusiya ali h\u0259rbi m\u0259kt\u0259bl\u0259rind\u0259 80-d\u0259n \u00e7ox az\u0259rbaycanl\u0131 kursant t\u0259hsil al\u0131r.<br \/>\n  <br \/>\n  \u00f6r\u00fc\u015f\u00fcn sonunda m\u00fcdafi\u0259 nazirl\u0259ri iki \u00f6lk\u0259nin M\u00fcdafi\u0259 nazirlikl\u0259ri aras\u0131nda 2017-ci il \u00fc\u00e7\u00fcn \u0259m\u0259kda\u015fl\u0131q plan\u0131n\u0131 imzalay\u0131blar.<\/p>\n<p>  G\u00f6r\u00fc\u015f\u00fc \u015f\u0259rh ed\u0259n &#8220;Atlas&#8221; Ara\u015fd\u0131rmalar M\u0259rk\u0259zinin r\u0259hb\u0259ri Elxan \u015eahino\u011flu Meydan TV-y\u0259 deyib ki, Rusiyan\u0131n X\u0259z\u0259r d\u0259nizind\u0259 g\u00fccl\u00fc h\u0259rbi donanmas\u0131 var v\u0259 Rusiya g\u0259mil\u0259ri Bak\u0131 liman\u0131nda ara-s\u0131ra g\u00f6r\u00fcn\u00fcr, yaxud Az\u0259rbaycan h\u0259rbi g\u0259mil\u0259ri qon\u015fu \u00f6lk\u0259nin limanlar\u0131na daxil olur:\n<\/p>\n<figure class=\"wp-block-image size-large\">\n  <img decoding=\"async\" src=\"https:\/\/www.meydan.tv\/az\/72089\/\" alt=\"\" class=\"wp-image-72089\"\/><figcaption>\n    Elxan \u015eahino\u011flu foto Meydan TV<br \/>\n  <\/figcaption><\/figure>\n<p>\n  &#8220;Y\u0259ni X\u0259z\u0259r d\u0259nizind\u0259 iki \u00f6lk\u0259nin \u0259m\u0259kda\u015fl\u0131q imkanlar\u0131 oldu\u011fundan bir-birinin maraqlar\u0131na zidd add\u0131m atm\u0131rlar. Bir m\u00fcdd\u0259t \u00f6nc\u0259 Rusiya v\u0259 \u0130ran Amerikan\u0131n h\u0259rbi bax\u0131m\u0131ndan X\u0259z\u0259rd\u0259 f\u0259alla\u015fmas\u0131ndan narahat idi. D\u00fczd\u00fcr, Az\u0259rbaycan Amerikadan h\u0259rbi avadanl\u0131qlar alsa da, he\u00e7 vaxt Va\u015finqton v\u0259 T\u0259l-\u018fvivl\u0259 \u0259m\u0259kda\u015fl\u0131\u011f\u0131ndan \u00fc\u00e7\u00fcnc\u00fc d\u00f6vl\u0259t\u0259 qar\u015f\u0131 istifad\u0259 etm\u0259yib. Moskva v\u0259 Tehran bunu anlay\u0131r. Ona g\u00f6r\u0259 Rusiya m\u00fcdafi\u0259 nazirinin a\u00e7\u0131qlamas\u0131 obyektiv situasiyan\u0131 \u0259ks etdirir&#8221;.\n<\/p>\n<p>\n  Ancaq politoloq d\u00fc\u015f\u00fcn\u00fcr ki, Moskva toplant\u0131s\u0131nda ba\u015fqa m\u0259s\u0259l\u0259l\u0259r d\u0259 m\u00fczakir\u0259 edil\u0259 bil\u0259r:\n<\/p>\n<p>\n  &#8220;Sad\u0259c\u0259, nazir \u015eoyqu m\u0259lum a\u00e7\u0131qlaman\u0131 i\u015fl\u0259tm\u0259kl\u0259 Az\u0259rbaycanla ba\u015fqa m\u0259s\u0259l\u0259nin h\u0259llin\u0259 \u00e7al\u0131\u015f\u0131r. Rusiyada n\u0259\u015fr olunan &#8220;Nezavisimaya q\u0259zeta&#8221;da maraql\u0131 bir m\u0259qal\u0259 d\u0259rc olunub, bildirilir ki, Rusiya H\u0259l\u0259bi \u0259l\u0259 ke\u00e7ir\u0259nd\u0259n sonra MDB-d\u0259 \u00fcmumi qo\u015fun yarad\u0131b Suriyaya g\u00f6nd\u0259rm\u0259k ist\u0259yir ki, koalsiya formala\u015fs\u0131n. S\u00f6hb\u0259t minalar\u0131n t\u0259mizl\u0259nm\u0259si, d\u00f6vl\u0259t obyektl\u0259rinin m\u00fcdafi\u0259sind\u0259n gedir. Bu, Az\u0259rbaycan \u00fc\u00e7\u00fcn \u00e7ox t\u0259hl\u00fck\u0259li t\u0259klifdir. S\u0259b\u0259bl\u0259rd\u0259n biri odur ki, Suriyada beyn\u0259lxalq koalisiya yoxdur, m\u00fcxt\u0259lif q\u00fcvv\u0259l\u0259r aras\u0131nda sava\u015f gedir. B\u0259li, Az\u0259rbaycan s\u00fclhm\u0259raml\u0131lar\u0131 \u0130raqda, Kosovada, \u018ffqan\u0131standa i\u015ftirak edir, sad\u0259c\u0259, beyn\u0259lxalq koalsiyan\u0131n daxilind\u0259. \u0130kinci, Rusiyan\u0131n yaratmaq ist\u0259diyi MDB koalisiyas\u0131nda Erm\u0259nistan da yer almal\u0131d\u0131r. Bel\u0259 olduqda, Az\u0259rbaycan\u0131n koalisiyada yer almas\u0131 do\u011fru deyil. N\u0259hay\u0259t, Bak\u0131 Moskvan\u0131n t\u0259klifin\u0259 raz\u0131la\u015fsa, t\u0259r\u0259f olaca\u011f\u0131 anlam\u0131na g\u0259lir. Dem\u0259li, minl\u0259rl\u0259 insan\u0131n q\u0259tliam\u0131n\u0131n baiskar\u0131 B\u0259\u015f\u0259r \u018fs\u0259di v\u0259 Rusiyayla t\u0259r\u0259fda\u015fl\u0131\u011f\u0131 se\u00e7\u0259c\u0259k. Qar\u015f\u0131s\u0131nda is\u0259 strateji m\u00fctt\u0259fiqi T\u00fcrkiy\u0259 v\u0259 Amerikan\u0131 g\u00f6r\u0259c\u0259k. Ola bilsin bu m\u0259s\u0259l\u0259l\u0259r m\u00fczakir\u0259 alt\u0131ndad\u0131r, amma Kremlin n\u0259zar\u0259tind\u0259 olan q\u0259zet bu bar\u0259d\u0259 yaz\u0131rsa, dem\u0259li, Az\u0259rbaycan\u0131n n\u0259bzini yoxlay\u0131rlar&#8221;.<\/p>\n","protected":false},"excerpt":{"rendered":"<p>Az\u0259rbaycan v\u0259 Rusiyan\u0131n m\u00fcdafi\u0259 nazirl\u0259ri g\u00f6r\u00fc\u015fd\u00fc<\/p>\n","protected":false},"author":11,"featured_media":74403,"comment_status":"closed","ping_status":"open","sticky":false,"template":"","format":"standard","meta":{"_acf_changed":false,"_sitemap_exclude":false,"_sitemap_priority":"","_sitemap_frequency":"","footnotes":""},"categories":[51],"tags":[],"class_list":["post-180870","post","type-post","status-publish","format-standard","has-post-thumbnail","hentry","category-analitika","infinite-scroll-item","generate-columns","tablet-grid-50","mobile-grid-100","grid-parent","grid-33","no-featured-image-padding"],"acf":[],"yoast_head":"<!-- This site is optimized with the Yoast SEO plugin v27.5 - https:\/\/yoast.com\/product\/yoast-seo-wordpress\/ -->\n<title>Elxan \u015eahino\u011flu: Az\u0259rbaycan\u0131n n\u0259bzini yoxlay\u0131rlar - MEYDAN.TV<\/title>\n<meta name=\"robots\" content=\"index, follow, max-snippet:-1, max-image-preview:large, max-video-preview:-1\" \/>\n<link rel=\"canonical\" href=\"https:\/\/www.meydan.tv\/az\/article\/elxan-sahinoglu-azerbaycanin-nebzini-yoxlayirlar\/\" \/>\n<meta property=\"og:locale\" content=\"az_AZ\" \/>\n<meta property=\"og:type\" content=\"article\" \/>\n<meta property=\"og:title\" content=\"Elxan \u015eahino\u011flu: Az\u0259rbaycan\u0131n n\u0259bzini yoxlay\u0131rlar - MEYDAN.TV\" \/>\n<meta property=\"og:description\" content=\"Az\u0259rbaycan v\u0259 Rusiyan\u0131n m\u00fcdafi\u0259 nazirl\u0259ri g\u00f6r\u00fc\u015fd\u00fc\" \/>\n<meta property=\"og:url\" content=\"https:\/\/www.meydan.tv\/az\/article\/elxan-sahinoglu-azerbaycanin-nebzini-yoxlayirlar\/\" \/>\n<meta property=\"og:site_name\" content=\"MEYDAN.TV\" \/>\n<meta property=\"article:published_time\" content=\"2016-11-30T17:36:31+00:00\" \/>\n<meta property=\"og:image\" content=\"https:\/\/www.meydan.tv\/wp-content\/uploads\/28736.jpg\" \/>\n\t<meta property=\"og:image:width\" content=\"750\" \/>\n\t<meta property=\"og:image:height\" content=\"500\" \/>\n\t<meta property=\"og:image:type\" content=\"image\/jpeg\" \/>\n<meta name=\"author\" content=\"user-manager\" \/>\n<meta name=\"twitter:card\" content=\"summary_large_image\" \/>\n<script type=\"application\/ld+json\" class=\"yoast-schema-graph\">{\"@context\":\"https:\\\/\\\/schema.org\",\"@graph\":[{\"@type\":\"Article\",\"@id\":\"https:\\\/\\\/www.meydan.tv\\\/az\\\/article\\\/elxan-sahinoglu-azerbaycanin-nebzini-yoxlayirlar\\\/#article\",\"isPartOf\":{\"@id\":\"https:\\\/\\\/www.meydan.tv\\\/az\\\/article\\\/elxan-sahinoglu-azerbaycanin-nebzini-yoxlayirlar\\\/\"},\"author\":{\"name\":\"user-manager\",\"@id\":\"https:\\\/\\\/www.meydan.tv\\\/az\\\/#\\\/schema\\\/person\\\/10d11eccf6da3662cf5fdab9806ea91a\"},\"headline\":\"Elxan \u015eahino\u011flu: Az\u0259rbaycan\u0131n n\u0259bzini yoxlay\u0131rlar\",\"datePublished\":\"2016-11-30T17:36:31+00:00\",\"mainEntityOfPage\":{\"@id\":\"https:\\\/\\\/www.meydan.tv\\\/az\\\/article\\\/elxan-sahinoglu-azerbaycanin-nebzini-yoxlayirlar\\\/\"},\"wordCount\":788,\"publisher\":{\"@id\":\"https:\\\/\\\/www.meydan.tv\\\/az\\\/#organization\"},\"image\":{\"@id\":\"https:\\\/\\\/www.meydan.tv\\\/az\\\/article\\\/elxan-sahinoglu-azerbaycanin-nebzini-yoxlayirlar\\\/#primaryimage\"},\"thumbnailUrl\":\"https:\\\/\\\/www.meydan.tv\\\/wp-content\\\/uploads\\\/28736.jpg\",\"articleSection\":[\"Analitika\"],\"inLanguage\":\"az\"},{\"@type\":\"WebPage\",\"@id\":\"https:\\\/\\\/www.meydan.tv\\\/az\\\/article\\\/elxan-sahinoglu-azerbaycanin-nebzini-yoxlayirlar\\\/\",\"url\":\"https:\\\/\\\/www.meydan.tv\\\/az\\\/article\\\/elxan-sahinoglu-azerbaycanin-nebzini-yoxlayirlar\\\/\",\"name\":\"Elxan \u015eahino\u011flu: Az\u0259rbaycan\u0131n n\u0259bzini yoxlay\u0131rlar - MEYDAN.TV\",\"isPartOf\":{\"@id\":\"https:\\\/\\\/www.meydan.tv\\\/az\\\/#website\"},\"primaryImageOfPage\":{\"@id\":\"https:\\\/\\\/www.meydan.tv\\\/az\\\/article\\\/elxan-sahinoglu-azerbaycanin-nebzini-yoxlayirlar\\\/#primaryimage\"},\"image\":{\"@id\":\"https:\\\/\\\/www.meydan.tv\\\/az\\\/article\\\/elxan-sahinoglu-azerbaycanin-nebzini-yoxlayirlar\\\/#primaryimage\"},\"thumbnailUrl\":\"https:\\\/\\\/www.meydan.tv\\\/wp-content\\\/uploads\\\/28736.jpg\",\"datePublished\":\"2016-11-30T17:36:31+00:00\",\"breadcrumb\":{\"@id\":\"https:\\\/\\\/www.meydan.tv\\\/az\\\/article\\\/elxan-sahinoglu-azerbaycanin-nebzini-yoxlayirlar\\\/#breadcrumb\"},\"inLanguage\":\"az\",\"potentialAction\":[{\"@type\":\"ReadAction\",\"target\":[\"https:\\\/\\\/www.meydan.tv\\\/az\\\/article\\\/elxan-sahinoglu-azerbaycanin-nebzini-yoxlayirlar\\\/\"]}]},{\"@type\":\"ImageObject\",\"inLanguage\":\"az\",\"@id\":\"https:\\\/\\\/www.meydan.tv\\\/az\\\/article\\\/elxan-sahinoglu-azerbaycanin-nebzini-yoxlayirlar\\\/#primaryimage\",\"url\":\"https:\\\/\\\/www.meydan.tv\\\/wp-content\\\/uploads\\\/28736.jpg\",\"contentUrl\":\"https:\\\/\\\/www.meydan.tv\\\/wp-content\\\/uploads\\\/28736.jpg\",\"width\":750,\"height\":500,\"caption\":\"Source:\"},{\"@type\":\"BreadcrumbList\",\"@id\":\"https:\\\/\\\/www.meydan.tv\\\/az\\\/article\\\/elxan-sahinoglu-azerbaycanin-nebzini-yoxlayirlar\\\/#breadcrumb\",\"itemListElement\":[{\"@type\":\"ListItem\",\"position\":1,\"name\":\"Ana s\u0259hif\u0259\",\"item\":\"https:\\\/\\\/www.meydan.tv\\\/az\\\/\"},{\"@type\":\"ListItem\",\"position\":2,\"name\":\"Analitika\",\"item\":\"https:\\\/\\\/www.meydan.tv\\\/az\\\/section\\\/analitika\\\/\"},{\"@type\":\"ListItem\",\"position\":3,\"name\":\"Elxan \u015eahino\u011flu: Az\u0259rbaycan\u0131n n\u0259bzini yoxlay\u0131rlar\"}]},{\"@type\":\"WebSite\",\"@id\":\"https:\\\/\\\/www.meydan.tv\\\/az\\\/#website\",\"url\":\"https:\\\/\\\/www.meydan.tv\\\/az\\\/\",\"name\":\"MEYDAN.TV\",\"description\":\"Meydan TV Az\u0259rbaycan\u0131n media m\u0259kan\u0131ndak\u0131 alternativ s\u0259sidir\",\"publisher\":{\"@id\":\"https:\\\/\\\/www.meydan.tv\\\/az\\\/#organization\"},\"potentialAction\":[{\"@type\":\"SearchAction\",\"target\":{\"@type\":\"EntryPoint\",\"urlTemplate\":\"https:\\\/\\\/www.meydan.tv\\\/az\\\/?s={search_term_string}\"},\"query-input\":{\"@type\":\"PropertyValueSpecification\",\"valueRequired\":true,\"valueName\":\"search_term_string\"}}],\"inLanguage\":\"az\"},{\"@type\":\"Organization\",\"@id\":\"https:\\\/\\\/www.meydan.tv\\\/az\\\/#organization\",\"name\":\"Meydan TV\",\"url\":\"https:\\\/\\\/www.meydan.tv\\\/az\\\/\",\"logo\":{\"@type\":\"ImageObject\",\"inLanguage\":\"az\",\"@id\":\"https:\\\/\\\/www.meydan.tv\\\/az\\\/#\\\/schema\\\/logo\\\/image\\\/\",\"url\":\"https:\\\/\\\/www.meydan.tv\\\/wp-content\\\/uploads\\\/2021\\\/07\\\/meydan-logo.svg\",\"contentUrl\":\"https:\\\/\\\/www.meydan.tv\\\/wp-content\\\/uploads\\\/2021\\\/07\\\/meydan-logo.svg\",\"width\":195,\"height\":46,\"caption\":\"Meydan TV\"},\"image\":{\"@id\":\"https:\\\/\\\/www.meydan.tv\\\/az\\\/#\\\/schema\\\/logo\\\/image\\\/\"}},{\"@type\":\"Person\",\"@id\":\"https:\\\/\\\/www.meydan.tv\\\/az\\\/#\\\/schema\\\/person\\\/10d11eccf6da3662cf5fdab9806ea91a\",\"name\":\"user-manager\"}]}<\/script>\n<!-- \/ Yoast SEO plugin. -->","yoast_head_json":{"title":"Elxan \u015eahino\u011flu: Az\u0259rbaycan\u0131n n\u0259bzini yoxlay\u0131rlar - MEYDAN.TV","robots":{"index":"index","follow":"follow","max-snippet":"max-snippet:-1","max-image-preview":"max-image-preview:large","max-video-preview":"max-video-preview:-1"},"canonical":"https:\/\/www.meydan.tv\/az\/article\/elxan-sahinoglu-azerbaycanin-nebzini-yoxlayirlar\/","og_locale":"az_AZ","og_type":"article","og_title":"Elxan \u015eahino\u011flu: Az\u0259rbaycan\u0131n n\u0259bzini yoxlay\u0131rlar - MEYDAN.TV","og_description":"Az\u0259rbaycan v\u0259 Rusiyan\u0131n m\u00fcdafi\u0259 nazirl\u0259ri g\u00f6r\u00fc\u015fd\u00fc","og_url":"https:\/\/www.meydan.tv\/az\/article\/elxan-sahinoglu-azerbaycanin-nebzini-yoxlayirlar\/","og_site_name":"MEYDAN.TV","article_published_time":"2016-11-30T17:36:31+00:00","og_image":[{"width":750,"height":500,"url":"https:\/\/www.meydan.tv\/wp-content\/uploads\/28736.jpg","type":"image\/jpeg"}],"author":"user-manager","twitter_card":"summary_large_image","schema":{"@context":"https:\/\/schema.org","@graph":[{"@type":"Article","@id":"https:\/\/www.meydan.tv\/az\/article\/elxan-sahinoglu-azerbaycanin-nebzini-yoxlayirlar\/#article","isPartOf":{"@id":"https:\/\/www.meydan.tv\/az\/article\/elxan-sahinoglu-azerbaycanin-nebzini-yoxlayirlar\/"},"author":{"name":"user-manager","@id":"https:\/\/www.meydan.tv\/az\/#\/schema\/person\/10d11eccf6da3662cf5fdab9806ea91a"},"headline":"Elxan \u015eahino\u011flu: Az\u0259rbaycan\u0131n n\u0259bzini yoxlay\u0131rlar","datePublished":"2016-11-30T17:36:31+00:00","mainEntityOfPage":{"@id":"https:\/\/www.meydan.tv\/az\/article\/elxan-sahinoglu-azerbaycanin-nebzini-yoxlayirlar\/"},"wordCount":788,"publisher":{"@id":"https:\/\/www.meydan.tv\/az\/#organization"},"image":{"@id":"https:\/\/www.meydan.tv\/az\/article\/elxan-sahinoglu-azerbaycanin-nebzini-yoxlayirlar\/#primaryimage"},"thumbnailUrl":"https:\/\/www.meydan.tv\/wp-content\/uploads\/28736.jpg","articleSection":["Analitika"],"inLanguage":"az"},{"@type":"WebPage","@id":"https:\/\/www.meydan.tv\/az\/article\/elxan-sahinoglu-azerbaycanin-nebzini-yoxlayirlar\/","url":"https:\/\/www.meydan.tv\/az\/article\/elxan-sahinoglu-azerbaycanin-nebzini-yoxlayirlar\/","name":"Elxan \u015eahino\u011flu: Az\u0259rbaycan\u0131n n\u0259bzini yoxlay\u0131rlar - MEYDAN.TV","isPartOf":{"@id":"https:\/\/www.meydan.tv\/az\/#website"},"primaryImageOfPage":{"@id":"https:\/\/www.meydan.tv\/az\/article\/elxan-sahinoglu-azerbaycanin-nebzini-yoxlayirlar\/#primaryimage"},"image":{"@id":"https:\/\/www.meydan.tv\/az\/article\/elxan-sahinoglu-azerbaycanin-nebzini-yoxlayirlar\/#primaryimage"},"thumbnailUrl":"https:\/\/www.meydan.tv\/wp-content\/uploads\/28736.jpg","datePublished":"2016-11-30T17:36:31+00:00","breadcrumb":{"@id":"https:\/\/www.meydan.tv\/az\/article\/elxan-sahinoglu-azerbaycanin-nebzini-yoxlayirlar\/#breadcrumb"},"inLanguage":"az","potentialAction":[{"@type":"ReadAction","target":["https:\/\/www.meydan.tv\/az\/article\/elxan-sahinoglu-azerbaycanin-nebzini-yoxlayirlar\/"]}]},{"@type":"ImageObject","inLanguage":"az","@id":"https:\/\/www.meydan.tv\/az\/article\/elxan-sahinoglu-azerbaycanin-nebzini-yoxlayirlar\/#primaryimage","url":"https:\/\/www.meydan.tv\/wp-content\/uploads\/28736.jpg","contentUrl":"https:\/\/www.meydan.tv\/wp-content\/uploads\/28736.jpg","width":750,"height":500,"caption":"Source:"},{"@type":"BreadcrumbList","@id":"https:\/\/www.meydan.tv\/az\/article\/elxan-sahinoglu-azerbaycanin-nebzini-yoxlayirlar\/#breadcrumb","itemListElement":[{"@type":"ListItem","position":1,"name":"Ana s\u0259hif\u0259","item":"https:\/\/www.meydan.tv\/az\/"},{"@type":"ListItem","position":2,"name":"Analitika","item":"https:\/\/www.meydan.tv\/az\/section\/analitika\/"},{"@type":"ListItem","position":3,"name":"Elxan \u015eahino\u011flu: Az\u0259rbaycan\u0131n n\u0259bzini yoxlay\u0131rlar"}]},{"@type":"WebSite","@id":"https:\/\/www.meydan.tv\/az\/#website","url":"https:\/\/www.meydan.tv\/az\/","name":"MEYDAN.TV","description":"Meydan TV Az\u0259rbaycan\u0131n media m\u0259kan\u0131ndak\u0131 alternativ s\u0259sidir","publisher":{"@id":"https:\/\/www.meydan.tv\/az\/#organization"},"potentialAction":[{"@type":"SearchAction","target":{"@type":"EntryPoint","urlTemplate":"https:\/\/www.meydan.tv\/az\/?s={search_term_string}"},"query-input":{"@type":"PropertyValueSpecification","valueRequired":true,"valueName":"search_term_string"}}],"inLanguage":"az"},{"@type":"Organization","@id":"https:\/\/www.meydan.tv\/az\/#organization","name":"Meydan TV","url":"https:\/\/www.meydan.tv\/az\/","logo":{"@type":"ImageObject","inLanguage":"az","@id":"https:\/\/www.meydan.tv\/az\/#\/schema\/logo\/image\/","url":"https:\/\/www.meydan.tv\/wp-content\/uploads\/2021\/07\/meydan-logo.svg","contentUrl":"https:\/\/www.meydan.tv\/wp-content\/uploads\/2021\/07\/meydan-logo.svg","width":195,"height":46,"caption":"Meydan TV"},"image":{"@id":"https:\/\/www.meydan.tv\/az\/#\/schema\/logo\/image\/"}},{"@type":"Person","@id":"https:\/\/www.meydan.tv\/az\/#\/schema\/person\/10d11eccf6da3662cf5fdab9806ea91a","name":"user-manager"}]}},"_links":{"self":[{"href":"https:\/\/www.meydan.tv\/az\/wp-json\/wp\/v2\/posts\/180870","targetHints":{"allow":["GET"]}}],"collection":[{"href":"https:\/\/www.meydan.tv\/az\/wp-json\/wp\/v2\/posts"}],"about":[{"href":"https:\/\/www.meydan.tv\/az\/wp-json\/wp\/v2\/types\/post"}],"author":[{"embeddable":true,"href":"https:\/\/www.meydan.tv\/az\/wp-json\/wp\/v2\/users\/11"}],"replies":[{"embeddable":true,"href":"https:\/\/www.meydan.tv\/az\/wp-json\/wp\/v2\/comments?post=180870"}],"version-history":[{"count":0,"href":"https:\/\/www.meydan.tv\/az\/wp-json\/wp\/v2\/posts\/180870\/revisions"}],"wp:featuredmedia":[{"embeddable":true,"href":"https:\/\/www.meydan.tv\/az\/wp-json\/wp\/v2\/media\/74403"}],"wp:attachment":[{"href":"https:\/\/www.meydan.tv\/az\/wp-json\/wp\/v2\/media?parent=180870"}],"wp:term":[{"taxonomy":"category","embeddable":true,"href":"https:\/\/www.meydan.tv\/az\/wp-json\/wp\/v2\/categories?post=180870"},{"taxonomy":"post_tag","embeddable":true,"href":"https:\/\/www.meydan.tv\/az\/wp-json\/wp\/v2\/tags?post=180870"}],"curies":[{"name":"wp","href":"https:\/\/api.w.org\/{rel}","templated":true}]}}