{"id":180866,"date":"2016-11-30T16:30:48","date_gmt":"2016-11-30T16:30:48","guid":{"rendered":"https:\/\/www.meydan.tv\/article\/oqtay-haqverdiyev-elman-rustemov-da-daxil-olmaqla-hazirki-komanda-paslanib\/"},"modified":"2016-11-30T16:30:48","modified_gmt":"2016-11-30T16:30:48","slug":"oqtay-haqverdiyev-elman-rustemov-da-daxil-olmaqla-hazirki-komanda-paslanib","status":"publish","type":"post","link":"https:\/\/www.meydan.tv\/az\/article\/oqtay-haqverdiyev-elman-rustemov-da-daxil-olmaqla-hazirki-komanda-paslanib\/","title":{"rendered":"Oqtay Haqverdiyev: Elman R\u00fcst\u0259mov da daxil olmaqla haz\u0131rk\u0131 komanda paslan\u0131b"},"content":{"rendered":"<figure class=\"wp-block-image size-large\">\n  <img decoding=\"async\" src=\"https:\/\/www.meydan.tv\/az\/74394\/\" alt=\"\" class=\"wp-image-74394\"\/><figcaption><\/figcaption><\/figure>\n<p>\n  <i><br \/>\n    &#8221;Hakim komandan\u0131n apard\u0131\u011f\u0131 model ya\u015fland\u0131\u011f\u0131ndan g\u00fcn\u00fcn t\u0259l\u0259bl\u0259rin\u0259 cavab vermir&#8221;<br \/>\n  <\/i>\n<\/p>\n<p>\n  \u201cNeftin qiym\u0259ti Az\u0259rbaycan iqtisadiyyat\u0131 \u00fc\u00e7\u00fcn \u00e7ox ciddi amildir. Dig\u0259r neft ixracat\u00e7\u0131lar\u0131 olan \u00f6lk\u0259l\u0259rd\u0259 d\u0259 neftin qiym\u0259ti \u0259sas makroiqtisadi g\u00f6st\u0259ricil\u0259rd\u0259ndir\u201d.\n<\/p>\n<p>\n  \u201cAPA-Economics\u201din m\u0259lumat\u0131na g\u00f6r\u0259, bunu Milli M\u0259clisin komit\u0259l\u0259rinin birg\u0259 iclas\u0131nda 2017-ci il d\u00f6vl\u0259t b\u00fcdc\u0259sinin layih\u0259sinin m\u00fczakir\u0259si zaman\u0131 M\u0259rk\u0259zi Bank\u0131n \u0130dar\u0259 Hey\u0259tinin s\u0259dri Elman R\u00fcst\u0259mov deyib.\n<\/p>\n<p>\n  Onun s\u00f6zl\u0259rin\u0259 g\u00f6r\u0259, manat\u0131n neftin bu qiym\u0259tin\u0259 adaptasiya olunmas\u0131 h\u0259m pul-kredit, valyuta siyas\u0259ti, h\u0259m d\u0259 b\u00fcdc\u0259 siyas\u0259ti \u00e7\u0259r\u00e7iv\u0259sind\u0259 g\u00f6r\u00fcl\u0259n i\u015fl\u0259r n\u0259tic\u0259sind\u0259 m\u00fcmk\u00fcn olub.\n<\/p>\n<p>\n  \u201cNeftin qiym\u0259tinin bu intervalda 10 dollar qalxmas\u0131 \u0259lav\u0259 1,7 mlrd. dollar g\u0259lir, yaxud 10 dollar d\u00fc\u015fm\u0259si 1,7 mlrd. dollar itki dem\u0259kdir. Az\u0259rbaycan h\u00f6kum\u0259tinin itkil\u0259ri qar\u015f\u0131lamaq \u00fc\u00e7\u00fcn kifay\u0259t q\u0259d\u0259r ehtiyatlar\u0131 v\u0259 maliyy\u0259 resurslar\u0131 var ki, buna diqq\u0259t verm\u0259d\u0259n b\u00fct\u00f6vl\u00fckd\u0259 \u00f6z siyas\u0259tini formala\u015fd\u0131rs\u0131n. T\u0259bii ki, g\u0259lirl\u0259rin artmas\u0131 bizim \u00fc\u00e7\u00fcn \u00e7ox \u00f6n\u0259mlidir. Neftin qiym\u0259ti 30-40 dollar artsa, daha yax\u015f\u0131 olar. H\u0259tta y\u00fcks\u0259k neft qiym\u0259tl\u0259ri olsa bel\u0259, art\u0131q post-neft eras\u0131, yeni iqtisadi model\u0259 ke\u00e7id \u0259sas m\u0259qs\u0259ddir.\n<\/p>\n<p>\n  Y\u0259ni, qiym\u0259tl\u0259r y\u00fcks\u0259k olsa da, bundan \u00f6nc\u0259ki 10 ilin iqtisadi modelin\u0259 qay\u0131d\u0131\u015f olmamal\u0131d\u0131r. \u00c7\u00fcnki d\u00fcnyada yeni \u00e7a\u011f\u0131r\u0131\u015flar var v\u0259 biz bunu n\u0259z\u0259r\u0259 almal\u0131y\u0131q\u201d, &#8211; dey\u0259 E. R\u00fcst\u0259mov vur\u011fulay\u0131b.\n<\/p>\n<p>\n  Ba\u015f bankirin s\u00f6yl\u0259dikl\u0259rini Meydan TV-y\u0259 \u015f\u0259rh ed\u0259n iqtisad\u00e7\u0131 Oqtay Haqverdiyev bildirib ki, neftin qiym\u0259ti d\u00fcnya bazar\u0131nda t\u0259l\u0259b-t\u0259klif \u0259sas\u0131nda t\u0259nziml\u0259ndiyind\u0259n \u0259vv\u0259lc\u0259d\u0259n he\u00e7 kim d\u0259qiq fikir dey\u0259 bilm\u0259z:\n<\/p>\n<p>\n  &#8220;\u018fg\u0259r neft\u0259 t\u0259l\u0259b artacaqsa, qiym\u0259t qalxacaq, yox, t\u0259klif \u00e7oxalacaqsa, qiym\u0259t d\u00fc\u015f\u0259c\u0259k, tarix boyu bel\u0259 olub. Amma g\u00fcman edir\u0259m ki, 2017-ci ild\u0259 neftin qiym\u0259ti 40-50 dollar aras\u0131nda olacaq. D\u00fczd\u00fcr, Amerika neft v\u0259 qaz\u0131 ixrac ed\u0259c\u0259yini b\u0259yan edib, m\u0259nc\u0259, bu add\u0131m AB\u015e iqtisadiyyat\u0131na z\u0259r\u0259r ver\u0259 bil\u0259r. M\u0259nc\u0259, bu m\u0259s\u0259l\u0259 uzun \u00e7\u0259k\u0259c\u0259k&#8221;.\n<\/p>\n<p>\n  Ancaq iqtisad\u00e7\u0131 hesab edir ki, 2017-ci ilin birinci r\u00fcb\u00fcnd\u0259n sonra Az\u0259rbaycan\u0131n hans\u0131 siyasi-iqtisadi x\u0259tt\u0259 do\u011fru ged\u0259c\u0259yi b\u0259lli olacaq:\n<\/p>\n<p>\n  Oqtay Haqverdiyev Elman R\u00fcst\u0259movun &#8220;Bundan \u00f6nc\u0259ki 10 ilin iqtisadi modelin\u0259 qay\u0131d\u0131\u015f olmamal\u0131d\u0131r. \u00c7\u00fcnki d\u00fcnyada yeni \u00e7a\u011f\u0131r\u0131\u015flar var v\u0259 biz bunu n\u0259z\u0259r\u0259 almal\u0131y\u0131q&#8221; fikrini bel\u0259 \u015f\u0259rh edib:\n<\/p>\n<p>\n  &#8220;M\u0259n 15 ildir bu bar\u0259d\u0259 dan\u0131\u015f\u0131ram. Elman R\u00fcst\u0259mov da daxil olmaqla haz\u0131rk\u0131 komanda paslan\u0131b. Yeni d\u00fc\u015f\u00fcnc\u0259li insanlar g\u0259lm\u0259lidir. H\u0259r \u015fey ya\u015fland\u0131\u011f\u0131 kimi hakim komandan\u0131n 15 ildir apard\u0131\u011f\u0131 model d\u0259 ya\u015fland\u0131\u011f\u0131ndan g\u00fcn\u00fcn t\u0259l\u0259bl\u0259rin\u0259 cavab vermir. Amma bu proses tez-t\u0259l\u0259sik h\u0259yata ke\u00e7iril\u0259 bilm\u0259z, zaman laz\u0131md\u0131r. Bunun \u00fc\u00e7\u00fcn d\u00fc\u015f\u00fcn\u00fclm\u00fc\u015f proqram haz\u0131rlanmal\u0131 v\u0259 a\u011f\u0131ll\u0131 siyas\u0259t apar\u0131lmal\u0131d\u0131r. Yoxsa k\u00f6hn\u0259 d\u00fc\u015f\u00fcnc\u0259li m\u0259murlar\u0131n g\u00f6z\u0259l b\u0259yanatlar\u0131 il\u0259 he\u00e7 n\u0259yi d\u0259yi\u015fm\u0259k m\u00fcmk\u00fcn olmayacaq. Proqram dedikd\u0259, qanunlar\u0131m\u0131z var, sad\u0259c\u0259, bunlar\u0131 i\u015fl\u0259tm\u0259y\u0259 maraq v\u0259 siyasi irad\u0259 yoxdur. Bunlar olmayan yerd\u0259, qalanlar\u0131 deklarasiyad\u0131r&#8221;.<\/p>\n","protected":false},"excerpt":{"rendered":"<p>&#8221;Hakim komandan\u0131n apard\u0131\u011f\u0131 model ya\u015fland\u0131\u011f\u0131ndan g\u00fcn\u00fcn t\u0259l\u0259bl\u0259rin\u0259 cavab vermir&#8221;<\/p>\n","protected":false},"author":11,"featured_media":74394,"comment_status":"closed","ping_status":"open","sticky":false,"template":"","format":"standard","meta":{"_acf_changed":false,"_sitemap_exclude":false,"_sitemap_priority":"","_sitemap_frequency":"","footnotes":""},"categories":[51],"tags":[],"class_list":["post-180866","post","type-post","status-publish","format-standard","has-post-thumbnail","hentry","category-analitika","infinite-scroll-item","generate-columns","tablet-grid-50","mobile-grid-100","grid-parent","grid-33","no-featured-image-padding"],"acf":[],"yoast_head":"<!-- This site is optimized with the Yoast SEO plugin v27.5 - https:\/\/yoast.com\/product\/yoast-seo-wordpress\/ -->\n<title>Oqtay Haqverdiyev: Elman R\u00fcst\u0259mov da daxil olmaqla haz\u0131rk\u0131 komanda paslan\u0131b - MEYDAN.TV<\/title>\n<meta name=\"robots\" content=\"index, follow, max-snippet:-1, max-image-preview:large, max-video-preview:-1\" \/>\n<link rel=\"canonical\" href=\"https:\/\/www.meydan.tv\/az\/article\/oqtay-haqverdiyev-elman-rustemov-da-daxil-olmaqla-hazirki-komanda-paslanib\/\" \/>\n<meta property=\"og:locale\" content=\"az_AZ\" \/>\n<meta property=\"og:type\" content=\"article\" \/>\n<meta property=\"og:title\" content=\"Oqtay Haqverdiyev: Elman R\u00fcst\u0259mov da daxil olmaqla haz\u0131rk\u0131 komanda paslan\u0131b - MEYDAN.TV\" \/>\n<meta property=\"og:description\" content=\"&#039;&#039;Hakim komandan\u0131n apard\u0131\u011f\u0131 model ya\u015fland\u0131\u011f\u0131ndan g\u00fcn\u00fcn t\u0259l\u0259bl\u0259rin\u0259 cavab vermir&#039;&#039;\" \/>\n<meta property=\"og:url\" content=\"https:\/\/www.meydan.tv\/az\/article\/oqtay-haqverdiyev-elman-rustemov-da-daxil-olmaqla-hazirki-komanda-paslanib\/\" \/>\n<meta property=\"og:site_name\" content=\"MEYDAN.TV\" \/>\n<meta property=\"article:published_time\" content=\"2016-11-30T16:30:48+00:00\" \/>\n<meta property=\"og:image\" content=\"https:\/\/www.meydan.tv\/wp-content\/uploads\/28735.jpg\" \/>\n\t<meta property=\"og:image:width\" content=\"987\" \/>\n\t<meta property=\"og:image:height\" content=\"555\" \/>\n\t<meta property=\"og:image:type\" content=\"image\/jpeg\" \/>\n<meta name=\"author\" content=\"user-manager\" \/>\n<meta name=\"twitter:card\" content=\"summary_large_image\" \/>\n<script type=\"application\/ld+json\" class=\"yoast-schema-graph\">{\"@context\":\"https:\\\/\\\/schema.org\",\"@graph\":[{\"@type\":\"Article\",\"@id\":\"https:\\\/\\\/www.meydan.tv\\\/az\\\/article\\\/oqtay-haqverdiyev-elman-rustemov-da-daxil-olmaqla-hazirki-komanda-paslanib\\\/#article\",\"isPartOf\":{\"@id\":\"https:\\\/\\\/www.meydan.tv\\\/az\\\/article\\\/oqtay-haqverdiyev-elman-rustemov-da-daxil-olmaqla-hazirki-komanda-paslanib\\\/\"},\"author\":{\"name\":\"user-manager\",\"@id\":\"https:\\\/\\\/www.meydan.tv\\\/az\\\/#\\\/schema\\\/person\\\/10d11eccf6da3662cf5fdab9806ea91a\"},\"headline\":\"Oqtay Haqverdiyev: Elman R\u00fcst\u0259mov da daxil olmaqla haz\u0131rk\u0131 komanda paslan\u0131b\",\"datePublished\":\"2016-11-30T16:30:48+00:00\",\"mainEntityOfPage\":{\"@id\":\"https:\\\/\\\/www.meydan.tv\\\/az\\\/article\\\/oqtay-haqverdiyev-elman-rustemov-da-daxil-olmaqla-hazirki-komanda-paslanib\\\/\"},\"wordCount\":627,\"publisher\":{\"@id\":\"https:\\\/\\\/www.meydan.tv\\\/az\\\/#organization\"},\"image\":{\"@id\":\"https:\\\/\\\/www.meydan.tv\\\/az\\\/article\\\/oqtay-haqverdiyev-elman-rustemov-da-daxil-olmaqla-hazirki-komanda-paslanib\\\/#primaryimage\"},\"thumbnailUrl\":\"https:\\\/\\\/www.meydan.tv\\\/wp-content\\\/uploads\\\/28735.jpg\",\"articleSection\":[\"Analitika\"],\"inLanguage\":\"az\"},{\"@type\":\"WebPage\",\"@id\":\"https:\\\/\\\/www.meydan.tv\\\/az\\\/article\\\/oqtay-haqverdiyev-elman-rustemov-da-daxil-olmaqla-hazirki-komanda-paslanib\\\/\",\"url\":\"https:\\\/\\\/www.meydan.tv\\\/az\\\/article\\\/oqtay-haqverdiyev-elman-rustemov-da-daxil-olmaqla-hazirki-komanda-paslanib\\\/\",\"name\":\"Oqtay Haqverdiyev: Elman R\u00fcst\u0259mov da daxil olmaqla haz\u0131rk\u0131 komanda paslan\u0131b - MEYDAN.TV\",\"isPartOf\":{\"@id\":\"https:\\\/\\\/www.meydan.tv\\\/az\\\/#website\"},\"primaryImageOfPage\":{\"@id\":\"https:\\\/\\\/www.meydan.tv\\\/az\\\/article\\\/oqtay-haqverdiyev-elman-rustemov-da-daxil-olmaqla-hazirki-komanda-paslanib\\\/#primaryimage\"},\"image\":{\"@id\":\"https:\\\/\\\/www.meydan.tv\\\/az\\\/article\\\/oqtay-haqverdiyev-elman-rustemov-da-daxil-olmaqla-hazirki-komanda-paslanib\\\/#primaryimage\"},\"thumbnailUrl\":\"https:\\\/\\\/www.meydan.tv\\\/wp-content\\\/uploads\\\/28735.jpg\",\"datePublished\":\"2016-11-30T16:30:48+00:00\",\"breadcrumb\":{\"@id\":\"https:\\\/\\\/www.meydan.tv\\\/az\\\/article\\\/oqtay-haqverdiyev-elman-rustemov-da-daxil-olmaqla-hazirki-komanda-paslanib\\\/#breadcrumb\"},\"inLanguage\":\"az\",\"potentialAction\":[{\"@type\":\"ReadAction\",\"target\":[\"https:\\\/\\\/www.meydan.tv\\\/az\\\/article\\\/oqtay-haqverdiyev-elman-rustemov-da-daxil-olmaqla-hazirki-komanda-paslanib\\\/\"]}]},{\"@type\":\"ImageObject\",\"inLanguage\":\"az\",\"@id\":\"https:\\\/\\\/www.meydan.tv\\\/az\\\/article\\\/oqtay-haqverdiyev-elman-rustemov-da-daxil-olmaqla-hazirki-komanda-paslanib\\\/#primaryimage\",\"url\":\"https:\\\/\\\/www.meydan.tv\\\/wp-content\\\/uploads\\\/28735.jpg\",\"contentUrl\":\"https:\\\/\\\/www.meydan.tv\\\/wp-content\\\/uploads\\\/28735.jpg\",\"width\":987,\"height\":555,\"caption\":\"Source:\"},{\"@type\":\"BreadcrumbList\",\"@id\":\"https:\\\/\\\/www.meydan.tv\\\/az\\\/article\\\/oqtay-haqverdiyev-elman-rustemov-da-daxil-olmaqla-hazirki-komanda-paslanib\\\/#breadcrumb\",\"itemListElement\":[{\"@type\":\"ListItem\",\"position\":1,\"name\":\"Ana s\u0259hif\u0259\",\"item\":\"https:\\\/\\\/www.meydan.tv\\\/az\\\/\"},{\"@type\":\"ListItem\",\"position\":2,\"name\":\"Analitika\",\"item\":\"https:\\\/\\\/www.meydan.tv\\\/az\\\/section\\\/analitika\\\/\"},{\"@type\":\"ListItem\",\"position\":3,\"name\":\"Oqtay Haqverdiyev: Elman R\u00fcst\u0259mov da daxil olmaqla haz\u0131rk\u0131 komanda paslan\u0131b\"}]},{\"@type\":\"WebSite\",\"@id\":\"https:\\\/\\\/www.meydan.tv\\\/az\\\/#website\",\"url\":\"https:\\\/\\\/www.meydan.tv\\\/az\\\/\",\"name\":\"MEYDAN.TV\",\"description\":\"Meydan TV Az\u0259rbaycan\u0131n media m\u0259kan\u0131ndak\u0131 alternativ s\u0259sidir\",\"publisher\":{\"@id\":\"https:\\\/\\\/www.meydan.tv\\\/az\\\/#organization\"},\"potentialAction\":[{\"@type\":\"SearchAction\",\"target\":{\"@type\":\"EntryPoint\",\"urlTemplate\":\"https:\\\/\\\/www.meydan.tv\\\/az\\\/?s={search_term_string}\"},\"query-input\":{\"@type\":\"PropertyValueSpecification\",\"valueRequired\":true,\"valueName\":\"search_term_string\"}}],\"inLanguage\":\"az\"},{\"@type\":\"Organization\",\"@id\":\"https:\\\/\\\/www.meydan.tv\\\/az\\\/#organization\",\"name\":\"Meydan TV\",\"url\":\"https:\\\/\\\/www.meydan.tv\\\/az\\\/\",\"logo\":{\"@type\":\"ImageObject\",\"inLanguage\":\"az\",\"@id\":\"https:\\\/\\\/www.meydan.tv\\\/az\\\/#\\\/schema\\\/logo\\\/image\\\/\",\"url\":\"https:\\\/\\\/www.meydan.tv\\\/wp-content\\\/uploads\\\/2021\\\/07\\\/meydan-logo.svg\",\"contentUrl\":\"https:\\\/\\\/www.meydan.tv\\\/wp-content\\\/uploads\\\/2021\\\/07\\\/meydan-logo.svg\",\"width\":195,\"height\":46,\"caption\":\"Meydan TV\"},\"image\":{\"@id\":\"https:\\\/\\\/www.meydan.tv\\\/az\\\/#\\\/schema\\\/logo\\\/image\\\/\"}},{\"@type\":\"Person\",\"@id\":\"https:\\\/\\\/www.meydan.tv\\\/az\\\/#\\\/schema\\\/person\\\/10d11eccf6da3662cf5fdab9806ea91a\",\"name\":\"user-manager\"}]}<\/script>\n<!-- \/ Yoast SEO plugin. -->","yoast_head_json":{"title":"Oqtay Haqverdiyev: Elman R\u00fcst\u0259mov da daxil olmaqla haz\u0131rk\u0131 komanda paslan\u0131b - MEYDAN.TV","robots":{"index":"index","follow":"follow","max-snippet":"max-snippet:-1","max-image-preview":"max-image-preview:large","max-video-preview":"max-video-preview:-1"},"canonical":"https:\/\/www.meydan.tv\/az\/article\/oqtay-haqverdiyev-elman-rustemov-da-daxil-olmaqla-hazirki-komanda-paslanib\/","og_locale":"az_AZ","og_type":"article","og_title":"Oqtay Haqverdiyev: Elman R\u00fcst\u0259mov da daxil olmaqla haz\u0131rk\u0131 komanda paslan\u0131b - MEYDAN.TV","og_description":"''Hakim komandan\u0131n apard\u0131\u011f\u0131 model ya\u015fland\u0131\u011f\u0131ndan g\u00fcn\u00fcn t\u0259l\u0259bl\u0259rin\u0259 cavab vermir''","og_url":"https:\/\/www.meydan.tv\/az\/article\/oqtay-haqverdiyev-elman-rustemov-da-daxil-olmaqla-hazirki-komanda-paslanib\/","og_site_name":"MEYDAN.TV","article_published_time":"2016-11-30T16:30:48+00:00","og_image":[{"width":987,"height":555,"url":"https:\/\/www.meydan.tv\/wp-content\/uploads\/28735.jpg","type":"image\/jpeg"}],"author":"user-manager","twitter_card":"summary_large_image","schema":{"@context":"https:\/\/schema.org","@graph":[{"@type":"Article","@id":"https:\/\/www.meydan.tv\/az\/article\/oqtay-haqverdiyev-elman-rustemov-da-daxil-olmaqla-hazirki-komanda-paslanib\/#article","isPartOf":{"@id":"https:\/\/www.meydan.tv\/az\/article\/oqtay-haqverdiyev-elman-rustemov-da-daxil-olmaqla-hazirki-komanda-paslanib\/"},"author":{"name":"user-manager","@id":"https:\/\/www.meydan.tv\/az\/#\/schema\/person\/10d11eccf6da3662cf5fdab9806ea91a"},"headline":"Oqtay Haqverdiyev: Elman R\u00fcst\u0259mov da daxil olmaqla haz\u0131rk\u0131 komanda paslan\u0131b","datePublished":"2016-11-30T16:30:48+00:00","mainEntityOfPage":{"@id":"https:\/\/www.meydan.tv\/az\/article\/oqtay-haqverdiyev-elman-rustemov-da-daxil-olmaqla-hazirki-komanda-paslanib\/"},"wordCount":627,"publisher":{"@id":"https:\/\/www.meydan.tv\/az\/#organization"},"image":{"@id":"https:\/\/www.meydan.tv\/az\/article\/oqtay-haqverdiyev-elman-rustemov-da-daxil-olmaqla-hazirki-komanda-paslanib\/#primaryimage"},"thumbnailUrl":"https:\/\/www.meydan.tv\/wp-content\/uploads\/28735.jpg","articleSection":["Analitika"],"inLanguage":"az"},{"@type":"WebPage","@id":"https:\/\/www.meydan.tv\/az\/article\/oqtay-haqverdiyev-elman-rustemov-da-daxil-olmaqla-hazirki-komanda-paslanib\/","url":"https:\/\/www.meydan.tv\/az\/article\/oqtay-haqverdiyev-elman-rustemov-da-daxil-olmaqla-hazirki-komanda-paslanib\/","name":"Oqtay Haqverdiyev: Elman R\u00fcst\u0259mov da daxil olmaqla haz\u0131rk\u0131 komanda paslan\u0131b - MEYDAN.TV","isPartOf":{"@id":"https:\/\/www.meydan.tv\/az\/#website"},"primaryImageOfPage":{"@id":"https:\/\/www.meydan.tv\/az\/article\/oqtay-haqverdiyev-elman-rustemov-da-daxil-olmaqla-hazirki-komanda-paslanib\/#primaryimage"},"image":{"@id":"https:\/\/www.meydan.tv\/az\/article\/oqtay-haqverdiyev-elman-rustemov-da-daxil-olmaqla-hazirki-komanda-paslanib\/#primaryimage"},"thumbnailUrl":"https:\/\/www.meydan.tv\/wp-content\/uploads\/28735.jpg","datePublished":"2016-11-30T16:30:48+00:00","breadcrumb":{"@id":"https:\/\/www.meydan.tv\/az\/article\/oqtay-haqverdiyev-elman-rustemov-da-daxil-olmaqla-hazirki-komanda-paslanib\/#breadcrumb"},"inLanguage":"az","potentialAction":[{"@type":"ReadAction","target":["https:\/\/www.meydan.tv\/az\/article\/oqtay-haqverdiyev-elman-rustemov-da-daxil-olmaqla-hazirki-komanda-paslanib\/"]}]},{"@type":"ImageObject","inLanguage":"az","@id":"https:\/\/www.meydan.tv\/az\/article\/oqtay-haqverdiyev-elman-rustemov-da-daxil-olmaqla-hazirki-komanda-paslanib\/#primaryimage","url":"https:\/\/www.meydan.tv\/wp-content\/uploads\/28735.jpg","contentUrl":"https:\/\/www.meydan.tv\/wp-content\/uploads\/28735.jpg","width":987,"height":555,"caption":"Source:"},{"@type":"BreadcrumbList","@id":"https:\/\/www.meydan.tv\/az\/article\/oqtay-haqverdiyev-elman-rustemov-da-daxil-olmaqla-hazirki-komanda-paslanib\/#breadcrumb","itemListElement":[{"@type":"ListItem","position":1,"name":"Ana s\u0259hif\u0259","item":"https:\/\/www.meydan.tv\/az\/"},{"@type":"ListItem","position":2,"name":"Analitika","item":"https:\/\/www.meydan.tv\/az\/section\/analitika\/"},{"@type":"ListItem","position":3,"name":"Oqtay Haqverdiyev: Elman R\u00fcst\u0259mov da daxil olmaqla haz\u0131rk\u0131 komanda paslan\u0131b"}]},{"@type":"WebSite","@id":"https:\/\/www.meydan.tv\/az\/#website","url":"https:\/\/www.meydan.tv\/az\/","name":"MEYDAN.TV","description":"Meydan TV Az\u0259rbaycan\u0131n media m\u0259kan\u0131ndak\u0131 alternativ s\u0259sidir","publisher":{"@id":"https:\/\/www.meydan.tv\/az\/#organization"},"potentialAction":[{"@type":"SearchAction","target":{"@type":"EntryPoint","urlTemplate":"https:\/\/www.meydan.tv\/az\/?s={search_term_string}"},"query-input":{"@type":"PropertyValueSpecification","valueRequired":true,"valueName":"search_term_string"}}],"inLanguage":"az"},{"@type":"Organization","@id":"https:\/\/www.meydan.tv\/az\/#organization","name":"Meydan TV","url":"https:\/\/www.meydan.tv\/az\/","logo":{"@type":"ImageObject","inLanguage":"az","@id":"https:\/\/www.meydan.tv\/az\/#\/schema\/logo\/image\/","url":"https:\/\/www.meydan.tv\/wp-content\/uploads\/2021\/07\/meydan-logo.svg","contentUrl":"https:\/\/www.meydan.tv\/wp-content\/uploads\/2021\/07\/meydan-logo.svg","width":195,"height":46,"caption":"Meydan TV"},"image":{"@id":"https:\/\/www.meydan.tv\/az\/#\/schema\/logo\/image\/"}},{"@type":"Person","@id":"https:\/\/www.meydan.tv\/az\/#\/schema\/person\/10d11eccf6da3662cf5fdab9806ea91a","name":"user-manager"}]}},"_links":{"self":[{"href":"https:\/\/www.meydan.tv\/az\/wp-json\/wp\/v2\/posts\/180866","targetHints":{"allow":["GET"]}}],"collection":[{"href":"https:\/\/www.meydan.tv\/az\/wp-json\/wp\/v2\/posts"}],"about":[{"href":"https:\/\/www.meydan.tv\/az\/wp-json\/wp\/v2\/types\/post"}],"author":[{"embeddable":true,"href":"https:\/\/www.meydan.tv\/az\/wp-json\/wp\/v2\/users\/11"}],"replies":[{"embeddable":true,"href":"https:\/\/www.meydan.tv\/az\/wp-json\/wp\/v2\/comments?post=180866"}],"version-history":[{"count":0,"href":"https:\/\/www.meydan.tv\/az\/wp-json\/wp\/v2\/posts\/180866\/revisions"}],"wp:featuredmedia":[{"embeddable":true,"href":"https:\/\/www.meydan.tv\/az\/wp-json\/wp\/v2\/media\/74394"}],"wp:attachment":[{"href":"https:\/\/www.meydan.tv\/az\/wp-json\/wp\/v2\/media?parent=180866"}],"wp:term":[{"taxonomy":"category","embeddable":true,"href":"https:\/\/www.meydan.tv\/az\/wp-json\/wp\/v2\/categories?post=180866"},{"taxonomy":"post_tag","embeddable":true,"href":"https:\/\/www.meydan.tv\/az\/wp-json\/wp\/v2\/tags?post=180866"}],"curies":[{"name":"wp","href":"https:\/\/api.w.org\/{rel}","templated":true}]}}