{"id":180851,"date":"2016-11-30T13:08:10","date_gmt":"2016-11-30T13:08:10","guid":{"rendered":"https:\/\/www.meydan.tv\/article\/tarif-surasinin-qiymet-artiminin-sade-izahi\/"},"modified":"2016-11-30T13:08:10","modified_gmt":"2016-11-30T13:08:10","slug":"tarif-surasinin-qiymet-artiminin-sade-izahi","status":"publish","type":"post","link":"https:\/\/www.meydan.tv\/az\/article\/tarif-surasinin-qiymet-artiminin-sade-izahi\/","title":{"rendered":"Tarif \u015euras\u0131n\u0131n qiym\u0259t art\u0131m\u0131n\u0131n sad\u0259 izah\u0131"},"content":{"rendered":"<figure class=\"wp-block-image size-large\">\n  <img decoding=\"async\" src=\"https:\/\/www.meydan.tv\/az\/mehemmed-talibli-foto-meydan-tv-2\/\" alt=\"M\u0259h\u0259mm\u0259d Tal\u0131bl\u0131 foto Meydan TV\" class=\"wp-image-69403\"\/><figcaption>\n    M\u0259h\u0259mm\u0259d Tal\u0131bl\u0131 foto Meydan TV<br \/>\n  <\/figcaption><\/figure>\n<p>\n  Tarif \u015euras\u0131n\u0131n izahat\u0131nda m\u00fcr\u0259kk\u0259b \u00fcslub \u00f6z\u00fcn\u00fc g\u00f6st\u0259rir. Sad\u0259 formada t\u0259s\u0259vv\u00fcr etm\u0259miz \u00fc\u00e7\u00fcn situasiyan\u0131 ayd\u0131nla\u015fd\u0131rma\u011fa ehtiyac var. \u201cAz\u0259riqaz\u201d\u0131n t\u0259klif etdiyi illik istehlak s\u0259rfi 1500 kubmetr olan v\u0259t\u0259nda\u015flar \u00fc\u00e7\u00fcn h\u0259r kubmetri 10 q\u0259pik s\u0259viyy\u0259sind\u0259 saxlan\u0131l\u0131b. \u0130llik 1500 kubmetrd\u0259n art\u0131q olan istifad\u0259\u00e7il\u0259r \u00fc\u00e7\u00fcn is\u0259 bu r\u0259q\u0259m 20 q\u0259pik s\u0259viyy\u0259sind\u0259 t\u0259yin edilib. B\u00f6y\u00fck ehtimalla bu limiti \u0259ks\u0259r v\u0259t\u0259nda\u015flar a\u015facaq. \u00c7\u00fcnki \u0259g\u0259r q\u0131\u015fda 3 ay \u0259rzind\u0259 kombiniz i\u015fl\u0259s\u0259, bu el\u0259 1500 kubmetri ke\u00e7\u0259c\u0259k. Manatla hesablasaq, c\u0259mi 150 manatl\u0131q qaz s\u0259rfiyyat\u0131ndan gedir. Bu limiti a\u015fandan sonra is\u0259 h\u0259r kubmetri \u00fc\u00e7\u00fcn 20 q\u0259pikd\u0259n hesablanacaq. Bunun say\u011fac sistemind\u0259 hesablanmas\u0131nda m\u00fcbahis\u0259l\u0259r istisna olunmur.\n<\/p>\n<p>\n  Elektrik enerjisi \u00fczr\u0259 is\u0259 ayl\u0131q s\u0259rfiyyat\u0131 250 kvt olan \u0259hali qruplar\u0131 \u00fc\u00e7\u00fcn h\u0259r kilovat\u0131 \u00fc\u00e7\u00fcn 7 q\u0259pik, ondan art\u0131q istehlak\u00e7\u0131 \u00fc\u00e7\u00fcns\u0259 11 q\u0259pikl\u0259 hesablanacaq. \u018fg\u0259r 250 kilovat yox, 260 kilovat istehlak olunsa, 10 kilovat 11 q\u0259pikl\u0259 hesablanacaq. V\u0259ziyy\u0259timiz bel\u0259 olacaq. Bu art\u0131mlardan sonra dig\u0259r t\u0259bii inhisar\u00e7\u0131 \u015firk\u0259tl\u0259r T\u015e-a m\u00fcraci\u0259t ed\u0259r\u0259k onlar\u0131n da tarifl\u0259rinin art\u0131r\u0131lmas\u0131n\u0131 ist\u0259y\u0259c\u0259kl\u0259r. S\u0259b\u0259b? Dey\u0259k ki, su t\u0259minat\u0131n\u0131 h\u0259yata ke\u00e7ir\u0259n \u201cAz\u0259rSu\u201d m\u00fcraci\u0259tind\u0259 g\u00f6st\u0259r\u0259c\u0259k ki, suyun \u00e7atd\u0131r\u0131lmas\u0131 zaman\u0131 enerjid\u0259n istifad\u0259 x\u0259rcl\u0259rimiz art\u0131b. \u00c7\u00fcnki \u201cAz\u0259ri\u015f\u0131q\u201d qeyri-\u0259hali kateqoriyas\u0131na daxil oldu\u011fu \u00fc\u00e7\u00fcn (7+4 art\u0131mla)11 q\u0259pikl\u0259 elektrik enerjisini biz\u0259 satd\u0131\u011f\u0131n\u0131 \u0259sas g\u0259tirib qiym\u0259tl\u0259ri art\u0131r\u0131b. Onlar\u0131n qiym\u0259t art\u0131m\u0131na uy\u011fun olaraq biz g\u0259lir v\u0259 x\u0259rcl\u0259rimizi optimalla\u015fd\u0131ra bilmirik. B\u00fct\u00fcn \u015firk\u0259tl\u0259rd\u0259 analoji m\u00fcraci\u0259tl\u0259r qiym\u0259t art\u0131m\u0131 \u00fc\u00e7\u00fcn \u0259sas olacaq. Sonradan buna \u00f6z\u0259l sektor qar\u0131\u015facaq. \u0130qtisadiyyat\u0131n \u00f6z\u00fcnd\u0259 bir bahala\u015fma tednesiyas\u0131 g\u00fccl\u0259n\u0259c\u0259k. Dem\u0259li, bu m\u0259ntiql\u0259 suyun, metroda gedi\u015f haqlar\u0131n\u0131n, t\u0259yyar\u0259 il\u0259 u\u00e7u\u015f qiym\u0259tl\u0259rinin, d\u0259miryolunda tarifl\u0259rin d\u0259 y\u00fcks\u0259l\u0259c\u0259yi g\u00f6zl\u0259nil\u0259ndir. \u00c7\u00fcnki t\u0259bii inhisar\u00e7\u0131 \u015firk\u0259tl\u0259rin qiym\u0259t art\u0131mlar\u0131 z\u0259ncirvari reaksiya prinsipin\u0259 g\u00f6r\u0259 m\u00fc\u0259yy\u0259nl\u0259\u015fir. Dem\u0259li, T\u015e-n\u0131n bu add\u0131m\u0131 son qiym\u0259t art\u0131m\u0131 olmayacaq.\n<\/p>\n<p>\n  <b><br \/>\n    <i><br \/>\n      \u018fhalinin istehlak x\u0259rcl\u0259ri artacaq<br \/>\n    <\/i><br \/>\n  <\/b>\n<\/p>\n<p>\n  Bu add\u0131m v\u0259t\u0259nda\u015flar\u0131n kommunal \u00f6d\u0259ni\u015fl\u0259r \u00fczr\u0259 x\u0259rcl\u0259rini art\u0131racaq v\u0259 buna uy\u011fun olaraq istehlak bazar\u0131nda da qiym\u0259t art\u0131mlar\u0131na g\u0259tirib \u00e7\u0131xaracaq. Bu is\u0259 h\u0259r bir v\u0259t\u0259nda\u015f\u0131n ayl\u0131q b\u00fcdc\u0259sind\u0259 s\u0131rf ya\u015fam \u00fc\u00e7\u00fcn n\u0259z\u0259rd\u0259 tutulan x\u0259rcl\u0259rinin x\u00fcsusi \u00e7\u0259kisinin artmas\u0131na g\u0259tirib \u00e7\u0131xaracaq. Onsuz da \u00f6lk\u0259d\u0259 ortalama olaraq v\u0259t\u0259nda\u015flar\u0131m\u0131z ayl\u0131q g\u0259lirl\u0259rinin 72,3 faizini yaln\u0131z \u0259rzaq m\u0259hsullar\u0131na s\u0259rf edirdi. Bura artan kommunal x\u0259rcl\u0259ri d\u0259 \u0259lav\u0259 ets\u0259k, onda t\u0259kc\u0259 bio-fizioloji ehtiyaclar\u0131n\u0131n t\u0259min edilm\u0259sin\u0259 b\u00fct\u00fcn x\u0259rcl\u0259ri ancaq ki, yet\u0259c\u0259k. Bu yoxsulluq d\u0259rinliyin\u0259 yuvarlanan sosial qruplar\u0131n \u0259hat\u0259sini geni\u015fl\u0259ndir\u0259c\u0259k.\n<\/p>\n<p>\n  <b><br \/>\n    <i><br \/>\n      Regionun liderliyi nec\u0259 oldu?<br \/>\n    <\/i><br \/>\n  <\/b>\n<\/p>\n<p>\n  Az\u0259rbaycan\u0131n \u00f6z\u00fc neftl\u0259 b\u0259rab\u0259r s\u0259mt qaz\u0131n\u0131 da \u00e7\u0131xar\u0131r v\u0259 \u201c\u018fsrin kontrakt\u0131\u201d \u015f\u0259rtl\u0259rin\u0259 g\u00f6r\u0259 onu Az\u0259rbaycan t\u0259r\u0259fi bir q\u0259pik \u00f6d\u0259m\u0259d\u0259n al\u0131r. (2,5 milyard kubmetr). Olk\u0259d\u0259 is\u0259 \u0259halinin illik qaz t\u0259l\u0259bat\u0131 2,8 milyard kubmetrdir. He\u00e7 bir \u00f6d\u0259ni\u015f etm\u0259d\u0259n al\u0131nan qaz\u0131 \u00f6z v\u0259t\u0259nda\u015f\u0131m\u0131za y\u00fcks\u0259ldil\u0259n qiym\u0259tl\u0259rl\u0259 sat\u0131r\u0131q. Amma Erm\u0259nistan t\u0259bii qazla ba\u011fl\u0131 5 faiz (21 sent) endirim edib. O zaman bizim neft v\u0259 qazla z\u0259ngin \u00f6lk\u0259 olma\u011f\u0131n hans\u0131 \u00fcst\u00fcnl\u00fcy\u00fc oldu?\n<\/p>\n<p>\n  <b><br \/>\n    <i><br \/>\n      \u0130nflyasiyan\u0131n ceyran s\u00fcr\u0259ti v\u0259 g\u0259lirl\u0259rin t\u0131sba\u011fa yeri\u015fi<br \/>\n    <\/i><br \/>\n  <\/b>\n<\/p>\n<p>\n  T\u015e-n\u0131n son q\u0259rar\u0131n\u0131 bir sah\u0259d\u0259 ba\u015f ver\u0259c\u0259k qiym\u0259t art\u0131m\u0131 kimi xarakteriz\u0259 etm\u0259k do\u011fru olmaz. \u00c7\u00fcnki bu \u00f6z\u00fc il\u0259 b\u0259rab\u0259r inflyasiya \u201cqatar\u0131n\u0131\u201d da \u00fcmumi platformaya g\u0259tir\u0259c\u0259k. \u0130stehlak mallar\u0131n\u0131n qiym\u0259tl\u0259ri artmas\u0131 fonunda d\u00f6vl\u0259t b\u00fcdc\u0259sind\u0259n faydalananlar \u00fc\u00e7\u00fcn \u0259slind\u0259 effektiv sosial siyas\u0259t h\u0259yata ke\u00e7irilm\u0259lidir. \u018fks halda onlar\u0131n g\u0259lirl\u0259rinin s\u00fcr\u0259ti inflyasiyan\u0131n \u00fcmumi tempind\u0259n gerid\u0259 qalacaq.\n<\/p>\n<p>\n  <b><br \/>\n    <i><br \/>\n      D\u00f6vl\u0259t b\u00fcdc\u0259sinin \u201cyama\u011f\u0131n\u0131\u201d nec\u0259 tutmal\u0131?<br \/>\n    <\/i><br \/>\n  <\/b>\n<\/p>\n<p>\n  2017-ci ilin d\u00f6vl\u0259t b\u00fcdc\u0259 parametrl\u0259ri asanl\u0131qla n\u00f6vb\u0259ti ilin b\u00fcdc\u0259 g\u00f6zl\u0259ntil\u0259rinin nec\u0259 oxunmas\u0131n\u0131n biz\u0259 m\u00fcjd\u0259sini verir. N\u00f6vb\u0259ti ilin d\u00f6vl\u0259t b\u00fcdc\u0259sind\u0259 NF-dan transfertl\u0259r azal\u0131r. Qeyri-neft sektrorundan m\u0259cburi qaydada daxilolmalar\u0131 art\u0131rmaq \u00fc\u00e7\u00fcn t\u0259dbirl\u0259r g\u00f6r\u00fcl\u0259c\u0259k. X\u00fcsusil\u0259 vergi \u00f6d\u0259yicil\u0259rinin vergi y\u00fckl\u0259rinin v\u0259 v\u0259t\u0259nda\u015flardan m\u00fcxt\u0259lif c\u00fcr maliyy\u0259 c\u0259rim\u0259l\u0259rinin(sanksiyalar\u0131n) art\u0131\u0131rlmas\u0131 g\u00f6r\u00fcl\u0259c\u0259k \u0259sas t\u0259dbirl\u0259r kimi n\u0259z\u0259rd\u0259 tutulur. \u0130ri (t\u0259bii inhisar\u00e7\u0131 \u015firk\u0259tl\u0259r) vergi \u00f6d\u0259yicil\u0259rinin d\u00f6vl\u0259t b\u00fcdc\u0259sin\u0259 daha \u00e7ox \u00f6d\u0259m\u0259l\u0259r etm\u0259si \u00fc\u00e7\u00fcn onun v\u0259t\u0259nda\u015flara satd\u0131qlar\u0131 mal v\u0259 g\u00f6st\u0259rdikl\u0259ri xidm\u0259tl\u0259rin tarifl\u0259rini y\u00fcks\u0259ltm\u0259kl\u0259 onu v\u0259t\u0259nda\u015flar hesab\u0131na t\u0259min etm\u0259k yolun tutdular. Bu, \u0259lav\u0259 olaraq sosial g\u0259rginliyi art\u0131ran amil\u0259 \u00e7evril\u0259c\u0259k.\n<\/p>\n<p>\n  <b><br \/>\n    <i><br \/>\n      Antib\u00f6hranl\u0131 idar\u0259etm\u0259nin absurdu<br \/>\n    <\/i><br \/>\n  <\/b>\n<\/p>\n<p>\n  Olk\u0259d\u0259 b\u00f6hran\u0131n \u0259ks\u0259r sah\u0259l\u0259ri \u201cvurdu\u011fu\u201d \u011f\u00f6z \u00f6n\u00fcnd\u0259dir. Antib\u00f6hran add\u0131mlar\u0131 kimi yeni strukturlar yarad\u0131l\u0131r. Halbuki, bu v\u0259ziyy\u0259td\u0259 iqtisadiyyat\u0131 pulla t\u0259min etm\u0259k \u00fc\u00e7\u00fcn sahibkarlar ordusu \u00fc\u00e7\u00fcn \u0259lveri\u015fli investisiya iqliminin yarad\u0131lmas\u0131 daha vacibdir. \u0130qtisadiyyat\u0131n m\u00fch\u0259rriki olan sahibkarlar \u00fc\u00e7\u00fcn \u0259lveri\u015fli \u015f\u0259rait yaradaraq onlar\u0131n vergi \u00f6d\u0259m\u0259k imkanlar\u0131n\u0131 art\u0131rmaq \u0259v\u0259zin\u0259, onlar\u0131n istehsal etdikl\u0259ri mal v\u0259 xidm\u0259tl\u0259rin qiym\u0259tl\u0259rinin art\u0131m\u0131n\u0131 \u015f\u0259rtl\u0259ndir\u0259n baza qiym\u0259tl\u0259rind\u0259(kommunal \u00f6d\u0259ni\u015fl\u0259r) art\u0131mlar edilir. C\u0259nablar, antib\u00f6hran elementl\u0259ri s\u0131ras\u0131nda d\u00f6vl\u0259tin n\u0259zar\u0259tind\u0259 olan mal v\u0259 xidm\u0259tl\u0259rd\u0259 tarifl\u0259r art\u0131r\u0131lm\u0131r, azald\u0131l\u0131r. Siz \u0259ksini edirsiniz! \u018fslind\u0259 bu add\u0131m iqtisadiyyat\u0131n bahala\u015fmas\u0131 \u00fc\u00e7\u00fcn ciddi plastarm formala\u015fd\u0131r\u0131r. Bu zaman \u00f6z\u0259l sektorun istehsal etdikl\u0259ri mallar\u0131n qiym\u0259tl\u0259ri artacaq ki, bu da onun sat\u0131\u015f h\u0259cminin azalmas\u0131 il\u0259 m\u00fc\u015fahid\u0259 olunacaq. \u00c7\u00fcnki \u0259hali g\u0259lirl\u0259rinin artmamas\u0131 fonunda qiym\u0259t art\u0131m\u0131na gedilir. Dig\u0259r t\u0259r\u0259fd\u0259n is\u0259 h\u0259m d\u0259 d\u00f6vl\u0259t b\u00fcdc\u0259sin\u0259 \u0259lav\u0259 olaraq vergi \u00f6d\u0259ni\u015fl\u0259rinin azalmas\u0131na g\u0259tirib \u00e7\u0131xaracaq. Ola bilsin ki, istehlak\u00e7\u0131lar hesab\u0131na qiym\u0259t art\u0131m\u0131ndan t\u0259bii inhisar\u00e7\u0131 \u015firk\u0259tl\u0259r qazanacaq, amma onlar\u0131n satd\u0131qlar\u0131 mal v\u0259 xidm\u0259tl\u0259ri alan sahibkarl\u0131q subyektl\u0259ri (qeyri-\u0259hali qruplar\u0131) is\u0259 \u00f6zl\u0259rinin istehsal etdikl\u0259ri m\u0259hsullar\u0131n bazarda azalan azsayl\u0131 m\u00fc\u015ft\u0259ril\u0259ri il\u0259 rastla\u015facaq. Bu, iqtisadiyyat\u0131n h\u0259rar\u0259tl\u0259nm\u0259sini xeyli a\u015fa\u011f\u0131 salacaq.<\/p>\n","protected":false},"excerpt":{"rendered":"<p>M\u0259h\u0259mm\u0259d Tal\u0131bl\u0131 foto Meydan TV Tarif \u015euras\u0131n\u0131n izahat\u0131nda m\u00fcr\u0259kk\u0259b \u00fcslub &#8230; <\/p>\n<p class=\"read-more-container\"><a title=\"Tarif \u015euras\u0131n\u0131n qiym\u0259t art\u0131m\u0131n\u0131n sad\u0259 izah\u0131\" class=\"read-more button\" href=\"https:\/\/www.meydan.tv\/az\/article\/tarif-surasinin-qiymet-artiminin-sade-izahi\/#more-180851\" aria-label=\"Read more about Tarif \u015euras\u0131n\u0131n qiym\u0259t art\u0131m\u0131n\u0131n sad\u0259 izah\u0131\">Davam\u0131<\/a><\/p>\n","protected":false},"author":11,"featured_media":69403,"comment_status":"closed","ping_status":"open","sticky":false,"template":"","format":"standard","meta":{"_acf_changed":false,"_sitemap_exclude":false,"_sitemap_priority":"","_sitemap_frequency":"","footnotes":""},"categories":[51],"tags":[],"class_list":["post-180851","post","type-post","status-publish","format-standard","has-post-thumbnail","hentry","category-analitika","infinite-scroll-item","generate-columns","tablet-grid-50","mobile-grid-100","grid-parent","grid-33","no-featured-image-padding"],"acf":[],"yoast_head":"<!-- This site is optimized with the Yoast SEO plugin v27.5 - https:\/\/yoast.com\/product\/yoast-seo-wordpress\/ -->\n<title>Tarif \u015euras\u0131n\u0131n qiym\u0259t art\u0131m\u0131n\u0131n sad\u0259 izah\u0131 - MEYDAN.TV<\/title>\n<meta name=\"robots\" content=\"index, follow, max-snippet:-1, max-image-preview:large, max-video-preview:-1\" \/>\n<link rel=\"canonical\" href=\"https:\/\/www.meydan.tv\/az\/article\/tarif-surasinin-qiymet-artiminin-sade-izahi\/\" \/>\n<meta property=\"og:locale\" content=\"az_AZ\" \/>\n<meta property=\"og:type\" content=\"article\" \/>\n<meta property=\"og:title\" content=\"Tarif \u015euras\u0131n\u0131n qiym\u0259t art\u0131m\u0131n\u0131n sad\u0259 izah\u0131 - MEYDAN.TV\" \/>\n<meta property=\"og:description\" content=\"M\u0259h\u0259mm\u0259d Tal\u0131bl\u0131 foto Meydan TV Tarif \u015euras\u0131n\u0131n izahat\u0131nda m\u00fcr\u0259kk\u0259b \u00fcslub ... Davam\u0131\" \/>\n<meta property=\"og:url\" content=\"https:\/\/www.meydan.tv\/az\/article\/tarif-surasinin-qiymet-artiminin-sade-izahi\/\" \/>\n<meta property=\"og:site_name\" content=\"MEYDAN.TV\" \/>\n<meta property=\"article:published_time\" content=\"2016-11-30T13:08:10+00:00\" \/>\n<meta property=\"og:image\" content=\"https:\/\/www.meydan.tv\/wp-content\/uploads\/26550.jpg\" \/>\n\t<meta property=\"og:image:width\" content=\"842\" \/>\n\t<meta property=\"og:image:height\" content=\"471\" \/>\n\t<meta property=\"og:image:type\" content=\"image\/jpeg\" \/>\n<meta name=\"author\" content=\"user-manager\" \/>\n<meta name=\"twitter:card\" content=\"summary_large_image\" \/>\n<script type=\"application\/ld+json\" class=\"yoast-schema-graph\">{\"@context\":\"https:\\\/\\\/schema.org\",\"@graph\":[{\"@type\":\"Article\",\"@id\":\"https:\\\/\\\/www.meydan.tv\\\/az\\\/article\\\/tarif-surasinin-qiymet-artiminin-sade-izahi\\\/#article\",\"isPartOf\":{\"@id\":\"https:\\\/\\\/www.meydan.tv\\\/az\\\/article\\\/tarif-surasinin-qiymet-artiminin-sade-izahi\\\/\"},\"author\":{\"name\":\"user-manager\",\"@id\":\"https:\\\/\\\/www.meydan.tv\\\/az\\\/#\\\/schema\\\/person\\\/10d11eccf6da3662cf5fdab9806ea91a\"},\"headline\":\"Tarif \u015euras\u0131n\u0131n qiym\u0259t art\u0131m\u0131n\u0131n sad\u0259 izah\u0131\",\"datePublished\":\"2016-11-30T13:08:10+00:00\",\"mainEntityOfPage\":{\"@id\":\"https:\\\/\\\/www.meydan.tv\\\/az\\\/article\\\/tarif-surasinin-qiymet-artiminin-sade-izahi\\\/\"},\"wordCount\":1287,\"publisher\":{\"@id\":\"https:\\\/\\\/www.meydan.tv\\\/az\\\/#organization\"},\"image\":{\"@id\":\"https:\\\/\\\/www.meydan.tv\\\/az\\\/article\\\/tarif-surasinin-qiymet-artiminin-sade-izahi\\\/#primaryimage\"},\"thumbnailUrl\":\"https:\\\/\\\/www.meydan.tv\\\/wp-content\\\/uploads\\\/26550.jpg\",\"articleSection\":[\"Analitika\"],\"inLanguage\":\"az\"},{\"@type\":\"WebPage\",\"@id\":\"https:\\\/\\\/www.meydan.tv\\\/az\\\/article\\\/tarif-surasinin-qiymet-artiminin-sade-izahi\\\/\",\"url\":\"https:\\\/\\\/www.meydan.tv\\\/az\\\/article\\\/tarif-surasinin-qiymet-artiminin-sade-izahi\\\/\",\"name\":\"Tarif \u015euras\u0131n\u0131n qiym\u0259t art\u0131m\u0131n\u0131n sad\u0259 izah\u0131 - MEYDAN.TV\",\"isPartOf\":{\"@id\":\"https:\\\/\\\/www.meydan.tv\\\/az\\\/#website\"},\"primaryImageOfPage\":{\"@id\":\"https:\\\/\\\/www.meydan.tv\\\/az\\\/article\\\/tarif-surasinin-qiymet-artiminin-sade-izahi\\\/#primaryimage\"},\"image\":{\"@id\":\"https:\\\/\\\/www.meydan.tv\\\/az\\\/article\\\/tarif-surasinin-qiymet-artiminin-sade-izahi\\\/#primaryimage\"},\"thumbnailUrl\":\"https:\\\/\\\/www.meydan.tv\\\/wp-content\\\/uploads\\\/26550.jpg\",\"datePublished\":\"2016-11-30T13:08:10+00:00\",\"breadcrumb\":{\"@id\":\"https:\\\/\\\/www.meydan.tv\\\/az\\\/article\\\/tarif-surasinin-qiymet-artiminin-sade-izahi\\\/#breadcrumb\"},\"inLanguage\":\"az\",\"potentialAction\":[{\"@type\":\"ReadAction\",\"target\":[\"https:\\\/\\\/www.meydan.tv\\\/az\\\/article\\\/tarif-surasinin-qiymet-artiminin-sade-izahi\\\/\"]}]},{\"@type\":\"ImageObject\",\"inLanguage\":\"az\",\"@id\":\"https:\\\/\\\/www.meydan.tv\\\/az\\\/article\\\/tarif-surasinin-qiymet-artiminin-sade-izahi\\\/#primaryimage\",\"url\":\"https:\\\/\\\/www.meydan.tv\\\/wp-content\\\/uploads\\\/26550.jpg\",\"contentUrl\":\"https:\\\/\\\/www.meydan.tv\\\/wp-content\\\/uploads\\\/26550.jpg\",\"width\":842,\"height\":471,\"caption\":\"Source:\"},{\"@type\":\"BreadcrumbList\",\"@id\":\"https:\\\/\\\/www.meydan.tv\\\/az\\\/article\\\/tarif-surasinin-qiymet-artiminin-sade-izahi\\\/#breadcrumb\",\"itemListElement\":[{\"@type\":\"ListItem\",\"position\":1,\"name\":\"Ana s\u0259hif\u0259\",\"item\":\"https:\\\/\\\/www.meydan.tv\\\/az\\\/\"},{\"@type\":\"ListItem\",\"position\":2,\"name\":\"Analitika\",\"item\":\"https:\\\/\\\/www.meydan.tv\\\/az\\\/section\\\/analitika\\\/\"},{\"@type\":\"ListItem\",\"position\":3,\"name\":\"Tarif \u015euras\u0131n\u0131n qiym\u0259t art\u0131m\u0131n\u0131n sad\u0259 izah\u0131\"}]},{\"@type\":\"WebSite\",\"@id\":\"https:\\\/\\\/www.meydan.tv\\\/az\\\/#website\",\"url\":\"https:\\\/\\\/www.meydan.tv\\\/az\\\/\",\"name\":\"MEYDAN.TV\",\"description\":\"Meydan TV Az\u0259rbaycan\u0131n media m\u0259kan\u0131ndak\u0131 alternativ s\u0259sidir\",\"publisher\":{\"@id\":\"https:\\\/\\\/www.meydan.tv\\\/az\\\/#organization\"},\"potentialAction\":[{\"@type\":\"SearchAction\",\"target\":{\"@type\":\"EntryPoint\",\"urlTemplate\":\"https:\\\/\\\/www.meydan.tv\\\/az\\\/?s={search_term_string}\"},\"query-input\":{\"@type\":\"PropertyValueSpecification\",\"valueRequired\":true,\"valueName\":\"search_term_string\"}}],\"inLanguage\":\"az\"},{\"@type\":\"Organization\",\"@id\":\"https:\\\/\\\/www.meydan.tv\\\/az\\\/#organization\",\"name\":\"Meydan TV\",\"url\":\"https:\\\/\\\/www.meydan.tv\\\/az\\\/\",\"logo\":{\"@type\":\"ImageObject\",\"inLanguage\":\"az\",\"@id\":\"https:\\\/\\\/www.meydan.tv\\\/az\\\/#\\\/schema\\\/logo\\\/image\\\/\",\"url\":\"https:\\\/\\\/www.meydan.tv\\\/wp-content\\\/uploads\\\/2021\\\/07\\\/meydan-logo.svg\",\"contentUrl\":\"https:\\\/\\\/www.meydan.tv\\\/wp-content\\\/uploads\\\/2021\\\/07\\\/meydan-logo.svg\",\"width\":195,\"height\":46,\"caption\":\"Meydan TV\"},\"image\":{\"@id\":\"https:\\\/\\\/www.meydan.tv\\\/az\\\/#\\\/schema\\\/logo\\\/image\\\/\"}},{\"@type\":\"Person\",\"@id\":\"https:\\\/\\\/www.meydan.tv\\\/az\\\/#\\\/schema\\\/person\\\/10d11eccf6da3662cf5fdab9806ea91a\",\"name\":\"user-manager\"}]}<\/script>\n<!-- \/ Yoast SEO plugin. -->","yoast_head_json":{"title":"Tarif \u015euras\u0131n\u0131n qiym\u0259t art\u0131m\u0131n\u0131n sad\u0259 izah\u0131 - MEYDAN.TV","robots":{"index":"index","follow":"follow","max-snippet":"max-snippet:-1","max-image-preview":"max-image-preview:large","max-video-preview":"max-video-preview:-1"},"canonical":"https:\/\/www.meydan.tv\/az\/article\/tarif-surasinin-qiymet-artiminin-sade-izahi\/","og_locale":"az_AZ","og_type":"article","og_title":"Tarif \u015euras\u0131n\u0131n qiym\u0259t art\u0131m\u0131n\u0131n sad\u0259 izah\u0131 - MEYDAN.TV","og_description":"M\u0259h\u0259mm\u0259d Tal\u0131bl\u0131 foto Meydan TV Tarif \u015euras\u0131n\u0131n izahat\u0131nda m\u00fcr\u0259kk\u0259b \u00fcslub ... Davam\u0131","og_url":"https:\/\/www.meydan.tv\/az\/article\/tarif-surasinin-qiymet-artiminin-sade-izahi\/","og_site_name":"MEYDAN.TV","article_published_time":"2016-11-30T13:08:10+00:00","og_image":[{"width":842,"height":471,"url":"https:\/\/www.meydan.tv\/wp-content\/uploads\/26550.jpg","type":"image\/jpeg"}],"author":"user-manager","twitter_card":"summary_large_image","schema":{"@context":"https:\/\/schema.org","@graph":[{"@type":"Article","@id":"https:\/\/www.meydan.tv\/az\/article\/tarif-surasinin-qiymet-artiminin-sade-izahi\/#article","isPartOf":{"@id":"https:\/\/www.meydan.tv\/az\/article\/tarif-surasinin-qiymet-artiminin-sade-izahi\/"},"author":{"name":"user-manager","@id":"https:\/\/www.meydan.tv\/az\/#\/schema\/person\/10d11eccf6da3662cf5fdab9806ea91a"},"headline":"Tarif \u015euras\u0131n\u0131n qiym\u0259t art\u0131m\u0131n\u0131n sad\u0259 izah\u0131","datePublished":"2016-11-30T13:08:10+00:00","mainEntityOfPage":{"@id":"https:\/\/www.meydan.tv\/az\/article\/tarif-surasinin-qiymet-artiminin-sade-izahi\/"},"wordCount":1287,"publisher":{"@id":"https:\/\/www.meydan.tv\/az\/#organization"},"image":{"@id":"https:\/\/www.meydan.tv\/az\/article\/tarif-surasinin-qiymet-artiminin-sade-izahi\/#primaryimage"},"thumbnailUrl":"https:\/\/www.meydan.tv\/wp-content\/uploads\/26550.jpg","articleSection":["Analitika"],"inLanguage":"az"},{"@type":"WebPage","@id":"https:\/\/www.meydan.tv\/az\/article\/tarif-surasinin-qiymet-artiminin-sade-izahi\/","url":"https:\/\/www.meydan.tv\/az\/article\/tarif-surasinin-qiymet-artiminin-sade-izahi\/","name":"Tarif \u015euras\u0131n\u0131n qiym\u0259t art\u0131m\u0131n\u0131n sad\u0259 izah\u0131 - MEYDAN.TV","isPartOf":{"@id":"https:\/\/www.meydan.tv\/az\/#website"},"primaryImageOfPage":{"@id":"https:\/\/www.meydan.tv\/az\/article\/tarif-surasinin-qiymet-artiminin-sade-izahi\/#primaryimage"},"image":{"@id":"https:\/\/www.meydan.tv\/az\/article\/tarif-surasinin-qiymet-artiminin-sade-izahi\/#primaryimage"},"thumbnailUrl":"https:\/\/www.meydan.tv\/wp-content\/uploads\/26550.jpg","datePublished":"2016-11-30T13:08:10+00:00","breadcrumb":{"@id":"https:\/\/www.meydan.tv\/az\/article\/tarif-surasinin-qiymet-artiminin-sade-izahi\/#breadcrumb"},"inLanguage":"az","potentialAction":[{"@type":"ReadAction","target":["https:\/\/www.meydan.tv\/az\/article\/tarif-surasinin-qiymet-artiminin-sade-izahi\/"]}]},{"@type":"ImageObject","inLanguage":"az","@id":"https:\/\/www.meydan.tv\/az\/article\/tarif-surasinin-qiymet-artiminin-sade-izahi\/#primaryimage","url":"https:\/\/www.meydan.tv\/wp-content\/uploads\/26550.jpg","contentUrl":"https:\/\/www.meydan.tv\/wp-content\/uploads\/26550.jpg","width":842,"height":471,"caption":"Source:"},{"@type":"BreadcrumbList","@id":"https:\/\/www.meydan.tv\/az\/article\/tarif-surasinin-qiymet-artiminin-sade-izahi\/#breadcrumb","itemListElement":[{"@type":"ListItem","position":1,"name":"Ana s\u0259hif\u0259","item":"https:\/\/www.meydan.tv\/az\/"},{"@type":"ListItem","position":2,"name":"Analitika","item":"https:\/\/www.meydan.tv\/az\/section\/analitika\/"},{"@type":"ListItem","position":3,"name":"Tarif \u015euras\u0131n\u0131n qiym\u0259t art\u0131m\u0131n\u0131n sad\u0259 izah\u0131"}]},{"@type":"WebSite","@id":"https:\/\/www.meydan.tv\/az\/#website","url":"https:\/\/www.meydan.tv\/az\/","name":"MEYDAN.TV","description":"Meydan TV Az\u0259rbaycan\u0131n media m\u0259kan\u0131ndak\u0131 alternativ s\u0259sidir","publisher":{"@id":"https:\/\/www.meydan.tv\/az\/#organization"},"potentialAction":[{"@type":"SearchAction","target":{"@type":"EntryPoint","urlTemplate":"https:\/\/www.meydan.tv\/az\/?s={search_term_string}"},"query-input":{"@type":"PropertyValueSpecification","valueRequired":true,"valueName":"search_term_string"}}],"inLanguage":"az"},{"@type":"Organization","@id":"https:\/\/www.meydan.tv\/az\/#organization","name":"Meydan TV","url":"https:\/\/www.meydan.tv\/az\/","logo":{"@type":"ImageObject","inLanguage":"az","@id":"https:\/\/www.meydan.tv\/az\/#\/schema\/logo\/image\/","url":"https:\/\/www.meydan.tv\/wp-content\/uploads\/2021\/07\/meydan-logo.svg","contentUrl":"https:\/\/www.meydan.tv\/wp-content\/uploads\/2021\/07\/meydan-logo.svg","width":195,"height":46,"caption":"Meydan TV"},"image":{"@id":"https:\/\/www.meydan.tv\/az\/#\/schema\/logo\/image\/"}},{"@type":"Person","@id":"https:\/\/www.meydan.tv\/az\/#\/schema\/person\/10d11eccf6da3662cf5fdab9806ea91a","name":"user-manager"}]}},"_links":{"self":[{"href":"https:\/\/www.meydan.tv\/az\/wp-json\/wp\/v2\/posts\/180851","targetHints":{"allow":["GET"]}}],"collection":[{"href":"https:\/\/www.meydan.tv\/az\/wp-json\/wp\/v2\/posts"}],"about":[{"href":"https:\/\/www.meydan.tv\/az\/wp-json\/wp\/v2\/types\/post"}],"author":[{"embeddable":true,"href":"https:\/\/www.meydan.tv\/az\/wp-json\/wp\/v2\/users\/11"}],"replies":[{"embeddable":true,"href":"https:\/\/www.meydan.tv\/az\/wp-json\/wp\/v2\/comments?post=180851"}],"version-history":[{"count":0,"href":"https:\/\/www.meydan.tv\/az\/wp-json\/wp\/v2\/posts\/180851\/revisions"}],"wp:featuredmedia":[{"embeddable":true,"href":"https:\/\/www.meydan.tv\/az\/wp-json\/wp\/v2\/media\/69403"}],"wp:attachment":[{"href":"https:\/\/www.meydan.tv\/az\/wp-json\/wp\/v2\/media?parent=180851"}],"wp:term":[{"taxonomy":"category","embeddable":true,"href":"https:\/\/www.meydan.tv\/az\/wp-json\/wp\/v2\/categories?post=180851"},{"taxonomy":"post_tag","embeddable":true,"href":"https:\/\/www.meydan.tv\/az\/wp-json\/wp\/v2\/tags?post=180851"}],"curies":[{"name":"wp","href":"https:\/\/api.w.org\/{rel}","templated":true}]}}