{"id":180840,"date":"2016-11-29T23:07:30","date_gmt":"2016-11-29T23:07:30","guid":{"rendered":"https:\/\/www.meydan.tv\/article\/is-yerlerinin-ixtisari-yoxsullq-seviyyesinin-yukselmesi-qacilmazdir\/"},"modified":"2016-11-29T23:07:30","modified_gmt":"2016-11-29T23:07:30","slug":"is-yerlerinin-ixtisari-yoxsullq-seviyyesinin-yukselmesi-qacilmazdir","status":"publish","type":"post","link":"https:\/\/www.meydan.tv\/az\/article\/is-yerlerinin-ixtisari-yoxsullq-seviyyesinin-yukselmesi-qacilmazdir\/","title":{"rendered":"&#8221;\u0130\u015f yerl\u0259rinin ixtisar\u0131, yoxsullq s\u0259viyy\u0259sinin y\u00fcks\u0259lm\u0259si qa\u00e7\u0131lmazd\u0131r&#8221;"},"content":{"rendered":"<figure class=\"wp-block-image size-large\">\n  <img decoding=\"async\" src=\"https:\/\/www.meydan.tv\/az\/72481\/\" alt=\"\" class=\"wp-image-72481\"\/><figcaption><\/figcaption><\/figure>\n<p>\n  <i><br \/>\n    Nem\u0259t \u018fliyev: &#8221;Yerli mallar h\u0259m daxili, h\u0259m d\u0259 xarici bazarlardan s\u0131x\u0131\u015fd\u0131r\u0131lacaq&#8221;<br \/>\n  <\/i><\/p>\n<p>  \u0130qtisad\u00e7\u0131 Nem\u0259t \u018fliyev Tarif \u015euras\u0131n\u0131n 28 noyabr q\u0259rar\u0131n\u0131 \u201c\u0259halini var-yoxdan \u00e7\u0131xaracaq bahala\u015fma\u201d kimi d\u0259y\u0259rl\u0259ndirib.\n<\/p>\n<p>\n  \u0130qtisad\u00e7\u0131 fikrini \u0259sasland\u0131rmaq \u00fc\u00e7\u00fcn bildirib ki, manat\u0131n s\u00fcr\u0259tli ucuzla\u015fmas\u0131n\u0131n t\u0259siri il\u0259 ya\u015fanan bahala\u015fma, enerji da\u015f\u0131y\u0131c\u0131lar\u0131n\u0131n qiym\u0259tl\u0259rinin art\u0131r\u0131lmas\u0131na dair Tarif \u015euras\u0131n\u0131n d\u00fcn\u0259n q\u0259bul etdiyi q\u0259rar\u0131n t\u0259siri il\u0259 daha da b\u00f6y\u00fcy\u0259c\u0259k.\n<\/p>\n<p>\n  O, bu bar\u0259d\u0259 \u00f6z &#8220;Facebook&#8221; s\u0259hif\u0259sind\u0259 yaz\u0131b: \u201cQeyri-\u0259hali istehlak\u00e7\u0131 qrupuna t\u0259bii qaz\u0131n h\u0259r min kubmetrinin sat\u0131\u015f qiym\u0259ti 100 manatdan 200 manata qald\u0131r\u0131l\u0131b. Bu kateqoriyadan olan istehlak\u00e7\u0131 qrupuna elektrik enerjisinin sat\u0131\u015f qiym\u0259ti 28,6 faiz art\u0131r\u0131l\u0131b (kilovat\/saat\u0131 7 q\u0259pik idi, indi 9 q\u0259pik olub). Kimya v\u0259 al\u00fcminium s\u0259naye m\u00fc\u0259ssis\u0259l\u0259ri, da\u011f-m\u0259d\u0259n filizi \u0259sas\u0131nda polad\u0259ritm\u0259 istehsal\u0131 il\u0259 m\u0259\u015f\u011ful olan m\u00fc\u0259ssis\u0259l\u0259r istifad\u0259 etdikl\u0259ri elektrik enerjisin\u0259 g\u00f6r\u0259 bundan sonra gec\u0259-g\u00fcnd\u00fcz rejimind\u0259n as\u0131l\u0131 olaraq 38-40 faiz \u00e7ox \u00f6d\u0259m\u0259 etm\u0259li olacaq. \u018fsas hiss\u0259si Az\u0259rbaycan Hava Yollar\u0131 t\u0259r\u0259find\u0259n istifad\u0259 olunan reaktiv yanaca\u011f\u0131n tarifi 22 faiz, soba mazutunun tarifi is\u0259 2,4 d\u0259f\u0259 qald\u0131r\u0131l\u0131b&#8221;.\n<\/p>\n<p>\n  \u0130qtisad\u00e7\u0131 deyir ki, bu q\u0259rar\u0131n t\u0259siri il\u0259 elektrik enerjisind\u0259n, t\u0259bii qazdan, reaktiv yanacaqdan, soba mazutundan istifad\u0259 ed\u0259n b\u00fct\u00fcn istehsal, xidm\u0259t, ia\u015f\u0259 sah\u0259l\u0259rind\u0259 maya d\u0259y\u0259ri y\u00fcks\u0259l\u0259c\u0259k v\u0259 bu hesaba qiym\u0259tl\u0259r bahala\u015facaq. &#8220;Qida m\u0259hsullar\u0131n\u0131n, i\u00e7kil\u0259rin, t\u00fct\u00fcn m\u0259mulatlar\u0131n\u0131n, tiki\u015f, geyim, toxuculuq, kimya v\u0259 metallurgiya s\u0259naye m\u0259hsullar\u0131n\u0131n qiym\u0259tl\u0259rind\u0259 g\u00f6z\u0259g\u0259limli bahala\u015fma ba\u015f ver\u0259c\u0259k. Bu q\u0259rar hava n\u0259qliyyat\u0131 il\u0259 da\u015f\u0131malarda xidm\u0259t haqlar\u0131n\u0131n, habel\u0259 benzinin, dizelin, s\u00fcrtk\u00fc ya\u011flar\u0131n\u0131n v\u0259 istilik enerjisinin bahala\u015fmas\u0131 \u00fc\u00e7\u00fcn z\u0259min yarad\u0131b. Enerji da\u015f\u0131y\u0131c\u0131lar\u0131n\u0131n bahala\u015fd\u0131r\u0131lmas\u0131 son zamanlar a\u015fa\u011f\u0131 d\u00fc\u015fm\u00fc\u015f al\u0131c\u0131l\u0131q qabiliyy\u0259tin\u0259 ciddi z\u0259rb\u0259 vuracaq. Bu hesaba istehsal v\u0259 xidm\u0259t sah\u0259l\u0259rind\u0259 iqtisadi f\u0259all\u0131q a\u015fa\u011f\u0131 d\u00fc\u015f\u0259c\u0259k\u201d.\n<\/p>\n<p>\n  Nem\u0259t \u018fliyev deyib ki, maya d\u0259y\u0259rinin y\u00fcks\u0259lm\u0259si daxili v\u0259 xarici bazarlarda yerli mallar\u0131n r\u0259qab\u0259t qabiliyy\u0259tini z\u0259ifl\u0259d\u0259c\u0259k: &#8220;Yerli mallar h\u0259m daxili, h\u0259m d\u0259 xarici bazarlardan s\u0131x\u0131\u015fd\u0131r\u0131lacaq. Y\u0259ni, qeyri-neft sektorunda itkil\u0259rimiz b\u00f6y\u00fcy\u0259c\u0259k. Odur ki, i\u015f yerl\u0259rinin ixtisar\u0131, yoxsullq s\u0259viyy\u0259sinin y\u00fcks\u0259lm\u0259si qa\u00e7\u0131lmazd\u0131r&#8221;.<\/p>\n","protected":false},"excerpt":{"rendered":"<p>Nem\u0259t \u018fliyev: &#8221;Yerli mallar h\u0259m daxili, h\u0259m d\u0259 xarici bazarlardan s\u0131x\u0131\u015fd\u0131r\u0131lacaq&#8221;<\/p>\n","protected":false},"author":11,"featured_media":72481,"comment_status":"closed","ping_status":"open","sticky":false,"template":"","format":"standard","meta":{"_acf_changed":false,"_sitemap_exclude":false,"_sitemap_priority":"","_sitemap_frequency":"","footnotes":""},"categories":[51],"tags":[],"class_list":["post-180840","post","type-post","status-publish","format-standard","has-post-thumbnail","hentry","category-analitika","infinite-scroll-item","generate-columns","tablet-grid-50","mobile-grid-100","grid-parent","grid-33","no-featured-image-padding"],"acf":[],"yoast_head":"<!-- This site is optimized with the Yoast SEO plugin v27.5 - https:\/\/yoast.com\/product\/yoast-seo-wordpress\/ -->\n<title>&#039;&#039;\u0130\u015f yerl\u0259rinin ixtisar\u0131, yoxsullq s\u0259viyy\u0259sinin y\u00fcks\u0259lm\u0259si qa\u00e7\u0131lmazd\u0131r&#039;&#039; - MEYDAN.TV<\/title>\n<meta name=\"robots\" content=\"index, follow, max-snippet:-1, max-image-preview:large, max-video-preview:-1\" \/>\n<link rel=\"canonical\" href=\"https:\/\/www.meydan.tv\/az\/article\/is-yerlerinin-ixtisari-yoxsullq-seviyyesinin-yukselmesi-qacilmazdir\/\" \/>\n<meta property=\"og:locale\" content=\"az_AZ\" \/>\n<meta property=\"og:type\" content=\"article\" \/>\n<meta property=\"og:title\" content=\"&#039;&#039;\u0130\u015f yerl\u0259rinin ixtisar\u0131, yoxsullq s\u0259viyy\u0259sinin y\u00fcks\u0259lm\u0259si qa\u00e7\u0131lmazd\u0131r&#039;&#039; - MEYDAN.TV\" \/>\n<meta property=\"og:description\" content=\"Nem\u0259t \u018fliyev: &#039;&#039;Yerli mallar h\u0259m daxili, h\u0259m d\u0259 xarici bazarlardan s\u0131x\u0131\u015fd\u0131r\u0131lacaq&#039;&#039;\" \/>\n<meta property=\"og:url\" content=\"https:\/\/www.meydan.tv\/az\/article\/is-yerlerinin-ixtisari-yoxsullq-seviyyesinin-yukselmesi-qacilmazdir\/\" \/>\n<meta property=\"og:site_name\" content=\"MEYDAN.TV\" \/>\n<meta property=\"article:published_time\" content=\"2016-11-29T23:07:30+00:00\" \/>\n<meta property=\"og:image\" content=\"https:\/\/www.meydan.tv\/wp-content\/uploads\/27898.jpg\" \/>\n\t<meta property=\"og:image:width\" content=\"987\" \/>\n\t<meta property=\"og:image:height\" content=\"555\" \/>\n\t<meta property=\"og:image:type\" content=\"image\/jpeg\" \/>\n<meta name=\"author\" content=\"user-manager\" \/>\n<meta name=\"twitter:card\" content=\"summary_large_image\" \/>\n<script type=\"application\/ld+json\" class=\"yoast-schema-graph\">{\"@context\":\"https:\\\/\\\/schema.org\",\"@graph\":[{\"@type\":\"Article\",\"@id\":\"https:\\\/\\\/www.meydan.tv\\\/az\\\/article\\\/is-yerlerinin-ixtisari-yoxsullq-seviyyesinin-yukselmesi-qacilmazdir\\\/#article\",\"isPartOf\":{\"@id\":\"https:\\\/\\\/www.meydan.tv\\\/az\\\/article\\\/is-yerlerinin-ixtisari-yoxsullq-seviyyesinin-yukselmesi-qacilmazdir\\\/\"},\"author\":{\"name\":\"user-manager\",\"@id\":\"https:\\\/\\\/www.meydan.tv\\\/az\\\/#\\\/schema\\\/person\\\/10d11eccf6da3662cf5fdab9806ea91a\"},\"headline\":\"&#8221;\u0130\u015f yerl\u0259rinin ixtisar\u0131, yoxsullq s\u0259viyy\u0259sinin y\u00fcks\u0259lm\u0259si qa\u00e7\u0131lmazd\u0131r&#8221;\",\"datePublished\":\"2016-11-29T23:07:30+00:00\",\"mainEntityOfPage\":{\"@id\":\"https:\\\/\\\/www.meydan.tv\\\/az\\\/article\\\/is-yerlerinin-ixtisari-yoxsullq-seviyyesinin-yukselmesi-qacilmazdir\\\/\"},\"wordCount\":494,\"publisher\":{\"@id\":\"https:\\\/\\\/www.meydan.tv\\\/az\\\/#organization\"},\"image\":{\"@id\":\"https:\\\/\\\/www.meydan.tv\\\/az\\\/article\\\/is-yerlerinin-ixtisari-yoxsullq-seviyyesinin-yukselmesi-qacilmazdir\\\/#primaryimage\"},\"thumbnailUrl\":\"https:\\\/\\\/www.meydan.tv\\\/wp-content\\\/uploads\\\/27898.jpg\",\"articleSection\":[\"Analitika\"],\"inLanguage\":\"az\"},{\"@type\":\"WebPage\",\"@id\":\"https:\\\/\\\/www.meydan.tv\\\/az\\\/article\\\/is-yerlerinin-ixtisari-yoxsullq-seviyyesinin-yukselmesi-qacilmazdir\\\/\",\"url\":\"https:\\\/\\\/www.meydan.tv\\\/az\\\/article\\\/is-yerlerinin-ixtisari-yoxsullq-seviyyesinin-yukselmesi-qacilmazdir\\\/\",\"name\":\"''\u0130\u015f yerl\u0259rinin ixtisar\u0131, yoxsullq s\u0259viyy\u0259sinin y\u00fcks\u0259lm\u0259si qa\u00e7\u0131lmazd\u0131r'' - MEYDAN.TV\",\"isPartOf\":{\"@id\":\"https:\\\/\\\/www.meydan.tv\\\/az\\\/#website\"},\"primaryImageOfPage\":{\"@id\":\"https:\\\/\\\/www.meydan.tv\\\/az\\\/article\\\/is-yerlerinin-ixtisari-yoxsullq-seviyyesinin-yukselmesi-qacilmazdir\\\/#primaryimage\"},\"image\":{\"@id\":\"https:\\\/\\\/www.meydan.tv\\\/az\\\/article\\\/is-yerlerinin-ixtisari-yoxsullq-seviyyesinin-yukselmesi-qacilmazdir\\\/#primaryimage\"},\"thumbnailUrl\":\"https:\\\/\\\/www.meydan.tv\\\/wp-content\\\/uploads\\\/27898.jpg\",\"datePublished\":\"2016-11-29T23:07:30+00:00\",\"breadcrumb\":{\"@id\":\"https:\\\/\\\/www.meydan.tv\\\/az\\\/article\\\/is-yerlerinin-ixtisari-yoxsullq-seviyyesinin-yukselmesi-qacilmazdir\\\/#breadcrumb\"},\"inLanguage\":\"az\",\"potentialAction\":[{\"@type\":\"ReadAction\",\"target\":[\"https:\\\/\\\/www.meydan.tv\\\/az\\\/article\\\/is-yerlerinin-ixtisari-yoxsullq-seviyyesinin-yukselmesi-qacilmazdir\\\/\"]}]},{\"@type\":\"ImageObject\",\"inLanguage\":\"az\",\"@id\":\"https:\\\/\\\/www.meydan.tv\\\/az\\\/article\\\/is-yerlerinin-ixtisari-yoxsullq-seviyyesinin-yukselmesi-qacilmazdir\\\/#primaryimage\",\"url\":\"https:\\\/\\\/www.meydan.tv\\\/wp-content\\\/uploads\\\/27898.jpg\",\"contentUrl\":\"https:\\\/\\\/www.meydan.tv\\\/wp-content\\\/uploads\\\/27898.jpg\",\"width\":987,\"height\":555,\"caption\":\"Source:\"},{\"@type\":\"BreadcrumbList\",\"@id\":\"https:\\\/\\\/www.meydan.tv\\\/az\\\/article\\\/is-yerlerinin-ixtisari-yoxsullq-seviyyesinin-yukselmesi-qacilmazdir\\\/#breadcrumb\",\"itemListElement\":[{\"@type\":\"ListItem\",\"position\":1,\"name\":\"Ana s\u0259hif\u0259\",\"item\":\"https:\\\/\\\/www.meydan.tv\\\/az\\\/\"},{\"@type\":\"ListItem\",\"position\":2,\"name\":\"Analitika\",\"item\":\"https:\\\/\\\/www.meydan.tv\\\/az\\\/section\\\/analitika\\\/\"},{\"@type\":\"ListItem\",\"position\":3,\"name\":\"&#8221;\u0130\u015f yerl\u0259rinin ixtisar\u0131, yoxsullq s\u0259viyy\u0259sinin y\u00fcks\u0259lm\u0259si qa\u00e7\u0131lmazd\u0131r&#8221;\"}]},{\"@type\":\"WebSite\",\"@id\":\"https:\\\/\\\/www.meydan.tv\\\/az\\\/#website\",\"url\":\"https:\\\/\\\/www.meydan.tv\\\/az\\\/\",\"name\":\"MEYDAN.TV\",\"description\":\"Meydan TV Az\u0259rbaycan\u0131n media m\u0259kan\u0131ndak\u0131 alternativ s\u0259sidir\",\"publisher\":{\"@id\":\"https:\\\/\\\/www.meydan.tv\\\/az\\\/#organization\"},\"potentialAction\":[{\"@type\":\"SearchAction\",\"target\":{\"@type\":\"EntryPoint\",\"urlTemplate\":\"https:\\\/\\\/www.meydan.tv\\\/az\\\/?s={search_term_string}\"},\"query-input\":{\"@type\":\"PropertyValueSpecification\",\"valueRequired\":true,\"valueName\":\"search_term_string\"}}],\"inLanguage\":\"az\"},{\"@type\":\"Organization\",\"@id\":\"https:\\\/\\\/www.meydan.tv\\\/az\\\/#organization\",\"name\":\"Meydan TV\",\"url\":\"https:\\\/\\\/www.meydan.tv\\\/az\\\/\",\"logo\":{\"@type\":\"ImageObject\",\"inLanguage\":\"az\",\"@id\":\"https:\\\/\\\/www.meydan.tv\\\/az\\\/#\\\/schema\\\/logo\\\/image\\\/\",\"url\":\"https:\\\/\\\/www.meydan.tv\\\/wp-content\\\/uploads\\\/2021\\\/07\\\/meydan-logo.svg\",\"contentUrl\":\"https:\\\/\\\/www.meydan.tv\\\/wp-content\\\/uploads\\\/2021\\\/07\\\/meydan-logo.svg\",\"width\":195,\"height\":46,\"caption\":\"Meydan TV\"},\"image\":{\"@id\":\"https:\\\/\\\/www.meydan.tv\\\/az\\\/#\\\/schema\\\/logo\\\/image\\\/\"}},{\"@type\":\"Person\",\"@id\":\"https:\\\/\\\/www.meydan.tv\\\/az\\\/#\\\/schema\\\/person\\\/10d11eccf6da3662cf5fdab9806ea91a\",\"name\":\"user-manager\"}]}<\/script>\n<!-- \/ Yoast SEO plugin. -->","yoast_head_json":{"title":"''\u0130\u015f yerl\u0259rinin ixtisar\u0131, yoxsullq s\u0259viyy\u0259sinin y\u00fcks\u0259lm\u0259si qa\u00e7\u0131lmazd\u0131r'' - MEYDAN.TV","robots":{"index":"index","follow":"follow","max-snippet":"max-snippet:-1","max-image-preview":"max-image-preview:large","max-video-preview":"max-video-preview:-1"},"canonical":"https:\/\/www.meydan.tv\/az\/article\/is-yerlerinin-ixtisari-yoxsullq-seviyyesinin-yukselmesi-qacilmazdir\/","og_locale":"az_AZ","og_type":"article","og_title":"''\u0130\u015f yerl\u0259rinin ixtisar\u0131, yoxsullq s\u0259viyy\u0259sinin y\u00fcks\u0259lm\u0259si qa\u00e7\u0131lmazd\u0131r'' - MEYDAN.TV","og_description":"Nem\u0259t \u018fliyev: ''Yerli mallar h\u0259m daxili, h\u0259m d\u0259 xarici bazarlardan s\u0131x\u0131\u015fd\u0131r\u0131lacaq''","og_url":"https:\/\/www.meydan.tv\/az\/article\/is-yerlerinin-ixtisari-yoxsullq-seviyyesinin-yukselmesi-qacilmazdir\/","og_site_name":"MEYDAN.TV","article_published_time":"2016-11-29T23:07:30+00:00","og_image":[{"width":987,"height":555,"url":"https:\/\/www.meydan.tv\/wp-content\/uploads\/27898.jpg","type":"image\/jpeg"}],"author":"user-manager","twitter_card":"summary_large_image","schema":{"@context":"https:\/\/schema.org","@graph":[{"@type":"Article","@id":"https:\/\/www.meydan.tv\/az\/article\/is-yerlerinin-ixtisari-yoxsullq-seviyyesinin-yukselmesi-qacilmazdir\/#article","isPartOf":{"@id":"https:\/\/www.meydan.tv\/az\/article\/is-yerlerinin-ixtisari-yoxsullq-seviyyesinin-yukselmesi-qacilmazdir\/"},"author":{"name":"user-manager","@id":"https:\/\/www.meydan.tv\/az\/#\/schema\/person\/10d11eccf6da3662cf5fdab9806ea91a"},"headline":"&#8221;\u0130\u015f yerl\u0259rinin ixtisar\u0131, yoxsullq s\u0259viyy\u0259sinin y\u00fcks\u0259lm\u0259si qa\u00e7\u0131lmazd\u0131r&#8221;","datePublished":"2016-11-29T23:07:30+00:00","mainEntityOfPage":{"@id":"https:\/\/www.meydan.tv\/az\/article\/is-yerlerinin-ixtisari-yoxsullq-seviyyesinin-yukselmesi-qacilmazdir\/"},"wordCount":494,"publisher":{"@id":"https:\/\/www.meydan.tv\/az\/#organization"},"image":{"@id":"https:\/\/www.meydan.tv\/az\/article\/is-yerlerinin-ixtisari-yoxsullq-seviyyesinin-yukselmesi-qacilmazdir\/#primaryimage"},"thumbnailUrl":"https:\/\/www.meydan.tv\/wp-content\/uploads\/27898.jpg","articleSection":["Analitika"],"inLanguage":"az"},{"@type":"WebPage","@id":"https:\/\/www.meydan.tv\/az\/article\/is-yerlerinin-ixtisari-yoxsullq-seviyyesinin-yukselmesi-qacilmazdir\/","url":"https:\/\/www.meydan.tv\/az\/article\/is-yerlerinin-ixtisari-yoxsullq-seviyyesinin-yukselmesi-qacilmazdir\/","name":"''\u0130\u015f yerl\u0259rinin ixtisar\u0131, yoxsullq s\u0259viyy\u0259sinin y\u00fcks\u0259lm\u0259si qa\u00e7\u0131lmazd\u0131r'' - MEYDAN.TV","isPartOf":{"@id":"https:\/\/www.meydan.tv\/az\/#website"},"primaryImageOfPage":{"@id":"https:\/\/www.meydan.tv\/az\/article\/is-yerlerinin-ixtisari-yoxsullq-seviyyesinin-yukselmesi-qacilmazdir\/#primaryimage"},"image":{"@id":"https:\/\/www.meydan.tv\/az\/article\/is-yerlerinin-ixtisari-yoxsullq-seviyyesinin-yukselmesi-qacilmazdir\/#primaryimage"},"thumbnailUrl":"https:\/\/www.meydan.tv\/wp-content\/uploads\/27898.jpg","datePublished":"2016-11-29T23:07:30+00:00","breadcrumb":{"@id":"https:\/\/www.meydan.tv\/az\/article\/is-yerlerinin-ixtisari-yoxsullq-seviyyesinin-yukselmesi-qacilmazdir\/#breadcrumb"},"inLanguage":"az","potentialAction":[{"@type":"ReadAction","target":["https:\/\/www.meydan.tv\/az\/article\/is-yerlerinin-ixtisari-yoxsullq-seviyyesinin-yukselmesi-qacilmazdir\/"]}]},{"@type":"ImageObject","inLanguage":"az","@id":"https:\/\/www.meydan.tv\/az\/article\/is-yerlerinin-ixtisari-yoxsullq-seviyyesinin-yukselmesi-qacilmazdir\/#primaryimage","url":"https:\/\/www.meydan.tv\/wp-content\/uploads\/27898.jpg","contentUrl":"https:\/\/www.meydan.tv\/wp-content\/uploads\/27898.jpg","width":987,"height":555,"caption":"Source:"},{"@type":"BreadcrumbList","@id":"https:\/\/www.meydan.tv\/az\/article\/is-yerlerinin-ixtisari-yoxsullq-seviyyesinin-yukselmesi-qacilmazdir\/#breadcrumb","itemListElement":[{"@type":"ListItem","position":1,"name":"Ana s\u0259hif\u0259","item":"https:\/\/www.meydan.tv\/az\/"},{"@type":"ListItem","position":2,"name":"Analitika","item":"https:\/\/www.meydan.tv\/az\/section\/analitika\/"},{"@type":"ListItem","position":3,"name":"&#8221;\u0130\u015f yerl\u0259rinin ixtisar\u0131, yoxsullq s\u0259viyy\u0259sinin y\u00fcks\u0259lm\u0259si qa\u00e7\u0131lmazd\u0131r&#8221;"}]},{"@type":"WebSite","@id":"https:\/\/www.meydan.tv\/az\/#website","url":"https:\/\/www.meydan.tv\/az\/","name":"MEYDAN.TV","description":"Meydan TV Az\u0259rbaycan\u0131n media m\u0259kan\u0131ndak\u0131 alternativ s\u0259sidir","publisher":{"@id":"https:\/\/www.meydan.tv\/az\/#organization"},"potentialAction":[{"@type":"SearchAction","target":{"@type":"EntryPoint","urlTemplate":"https:\/\/www.meydan.tv\/az\/?s={search_term_string}"},"query-input":{"@type":"PropertyValueSpecification","valueRequired":true,"valueName":"search_term_string"}}],"inLanguage":"az"},{"@type":"Organization","@id":"https:\/\/www.meydan.tv\/az\/#organization","name":"Meydan TV","url":"https:\/\/www.meydan.tv\/az\/","logo":{"@type":"ImageObject","inLanguage":"az","@id":"https:\/\/www.meydan.tv\/az\/#\/schema\/logo\/image\/","url":"https:\/\/www.meydan.tv\/wp-content\/uploads\/2021\/07\/meydan-logo.svg","contentUrl":"https:\/\/www.meydan.tv\/wp-content\/uploads\/2021\/07\/meydan-logo.svg","width":195,"height":46,"caption":"Meydan TV"},"image":{"@id":"https:\/\/www.meydan.tv\/az\/#\/schema\/logo\/image\/"}},{"@type":"Person","@id":"https:\/\/www.meydan.tv\/az\/#\/schema\/person\/10d11eccf6da3662cf5fdab9806ea91a","name":"user-manager"}]}},"_links":{"self":[{"href":"https:\/\/www.meydan.tv\/az\/wp-json\/wp\/v2\/posts\/180840","targetHints":{"allow":["GET"]}}],"collection":[{"href":"https:\/\/www.meydan.tv\/az\/wp-json\/wp\/v2\/posts"}],"about":[{"href":"https:\/\/www.meydan.tv\/az\/wp-json\/wp\/v2\/types\/post"}],"author":[{"embeddable":true,"href":"https:\/\/www.meydan.tv\/az\/wp-json\/wp\/v2\/users\/11"}],"replies":[{"embeddable":true,"href":"https:\/\/www.meydan.tv\/az\/wp-json\/wp\/v2\/comments?post=180840"}],"version-history":[{"count":0,"href":"https:\/\/www.meydan.tv\/az\/wp-json\/wp\/v2\/posts\/180840\/revisions"}],"wp:featuredmedia":[{"embeddable":true,"href":"https:\/\/www.meydan.tv\/az\/wp-json\/wp\/v2\/media\/72481"}],"wp:attachment":[{"href":"https:\/\/www.meydan.tv\/az\/wp-json\/wp\/v2\/media?parent=180840"}],"wp:term":[{"taxonomy":"category","embeddable":true,"href":"https:\/\/www.meydan.tv\/az\/wp-json\/wp\/v2\/categories?post=180840"},{"taxonomy":"post_tag","embeddable":true,"href":"https:\/\/www.meydan.tv\/az\/wp-json\/wp\/v2\/tags?post=180840"}],"curies":[{"name":"wp","href":"https:\/\/api.w.org\/{rel}","templated":true}]}}