{"id":180832,"date":"2016-11-29T18:46:09","date_gmt":"2016-11-29T18:46:09","guid":{"rendered":"https:\/\/www.meydan.tv\/article\/internetde-prezidenti-tehqir-edenler-hebs-oluna-biler\/"},"modified":"2016-11-29T18:46:09","modified_gmt":"2016-11-29T18:46:09","slug":"internetde-prezidenti-tehqir-edenler-hebs-oluna-biler","status":"publish","type":"post","link":"https:\/\/www.meydan.tv\/az\/article\/internetde-prezidenti-tehqir-edenler-hebs-oluna-biler\/","title":{"rendered":"\u0130nternetd\u0259 prezidenti t\u0259hqir ed\u0259nl\u0259r h\u0259bs oluna bil\u0259r"},"content":{"rendered":"<figure class=\"wp-block-image size-large\">\n  <img decoding=\"async\" src=\"https:\/\/www.meydan.tv\/az\/ilham-eliyev-36\/\" alt=\"\u0130lham \u018fliyev\" class=\"wp-image-74331\"\/><figcaption>\n    \u0130lham \u018fliyev<br \/>\n  <\/figcaption><\/figure>\n<p>\n  <i><br \/>\n    Az\u0259rbaycanda internet informasiya ehtiyat\u0131nda saxta istifad\u0259\u00e7i adlar, profil v\u0259 ya hesablardan istifad\u0259 ed\u0259r\u0259k b\u00f6htan atma v\u0259 ya t\u0259hqir etm\u0259y\u0259 g\u00f6r\u0259 c\u0259za t\u0259tbiq edil\u0259c\u0259k<br \/>\n  <\/i>\n<\/p>\n<p>\n  &#8220;Report&#8221;un x\u0259b\u0259rin\u0259 g\u00f6r\u0259, bununla ba\u011fl\u0131 Milli M\u0259clisin bu g\u00fcn ke\u00e7iril\u0259n plenar iclas\u0131nda Cinay\u0259t M\u0259c\u0259ll\u0259sinin 148-ci (T\u0259hqir) madd\u0259sin\u0259 yeni b\u0259nd \u0259lav\u0259 edilm\u0259si t\u0259klif olunub.\n<\/p>\n<p>\n  \u018flav\u0259y\u0259 g\u00f6r\u0259, internet informasiya ehtiyat\u0131nda saxta istifad\u0259\u00e7i adlar, profil v\u0259 ya hesablardan istifad\u0259 ed\u0259r\u0259k k\u00fctl\u0259vi n\u00fcmayi\u015f etdirm\u0259kl\u0259 b\u00f6htan atma v\u0259 ya t\u0259hqir etm\u0259y\u0259 g\u00f6r\u0259 1000 manatdan 1500 manatad\u0259k miqdarda c\u0259rim\u0259 v\u0259 ya 360 saatdan 480 saatad\u0259k ictimai i\u015fl\u0259r v\u0259 ya 2 il\u0259d\u0259k m\u00fcdd\u0259t\u0259 islah i\u015fl\u0259ri v\u0259 ya 1 il\u0259d\u0259k m\u00fcdd\u0259t\u0259 azadl\u0131qdan m\u0259hrumetm\u0259 il\u0259 c\u0259zas\u0131 n\u0259z\u0259rd\u0259 tutulur.\n<\/p>\n<p>\n  Bu madd\u0259d\u0259 &#8220;saxta istifad\u0259\u00e7i adlar, profil v\u0259 ya hesablar&#8221; dedikd\u0259 internet informasiya ehtiyatlar\u0131nda, o c\u00fcml\u0259d\u0259n sosial \u015f\u0259b\u0259k\u0259l\u0259rd\u0259 istifad\u0259\u00e7inin \u015f\u0259xsiyy\u0259tini eynil\u0259\u015fdirm\u0259y\u0259 imkan verm\u0259y\u0259n, y\u0259ni ad, soyad v\u0259 ya ata ad\u0131na dair yalan m\u0259lumat yerl\u0259\u015fdirilmi\u015f v\u0259 ya bel\u0259 m\u0259lumatlar gizl\u0259dilmi\u015f, habel\u0259 dig\u0259r \u015f\u0259xs\u0259 aid m\u0259lumatlardan onun raz\u0131l\u0131\u011f\u0131 olmadan istifad\u0259 edilm\u0259kl\u0259 yarad\u0131lm\u0131\u015f istifad\u0259\u00e7i adlar, profil v\u0259 ya hesablar ba\u015fa d\u00fc\u015f\u00fcl\u00fcr.\n<\/p>\n<p>\n  Bundan ba\u015fqa, m\u0259c\u0259ll\u0259nin 323-c\u00fc madd\u0259sind\u0259 d\u0259 d\u0259yi\u015fiklik edilm\u0259si t\u0259klif olunub.\n<\/p>\n<p>\n  D\u0259yi\u015fiklik layih\u0259sin\u0259 \u0259sas\u0259n, Az\u0259rbaycan d\u00f6vl\u0259tinin ba\u015f\u00e7\u0131s\u0131n\u0131n \u2014 Az\u0259rbaycan Prezidentinin \u015f\u0259r\u0259f v\u0259 layaq\u0259tini internet informasiya ehtiyat\u0131nda saxta istifad\u0259\u00e7i adlar, profil v\u0259 ya hesablardan istifad\u0259 ed\u0259r\u0259k k\u00fctl\u0259vi n\u00fcmayi\u015f etdirm\u0259kl\u0259 l\u0259k\u0259l\u0259m\u0259 v\u0259 ya al\u00e7altmaya g\u00f6r\u0259 min manatdan min be\u015f y\u00fcz manatad\u0259k miqdarda c\u0259rim\u0259 v\u0259 ya \u00fc\u00e7 il\u0259d\u0259k m\u00fcdd\u0259t\u0259 azadl\u0131qdan m\u0259hrum etm\u0259 c\u0259zas\u0131 t\u0259tbiq olunacaq.\n<\/p>\n<p>\n  D\u0259yi\u015fiklik layih\u0259si s\u0259sverm\u0259y\u0259 \u00e7\u0131xar\u0131laraq q\u0259bul edilib.<\/p>\n","protected":false},"excerpt":{"rendered":"<p>Az\u0259rbaycanda internet informasiya ehtiyat\u0131nda saxta istifad\u0259\u00e7i adlar, profil v\u0259 ya hesablardan istifad\u0259 ed\u0259r\u0259k b\u00f6htan atma v\u0259 ya t\u0259hqir etm\u0259y\u0259 g\u00f6r\u0259 c\u0259za t\u0259tbiq edil\u0259c\u0259k<\/p>\n","protected":false},"author":11,"featured_media":74331,"comment_status":"closed","ping_status":"open","sticky":false,"template":"","format":"standard","meta":{"_acf_changed":false,"_sitemap_exclude":false,"_sitemap_priority":"","_sitemap_frequency":"","footnotes":""},"categories":[56],"tags":[],"class_list":["post-180832","post","type-post","status-publish","format-standard","has-post-thumbnail","hentry","category-xeberler","infinite-scroll-item","generate-columns","tablet-grid-50","mobile-grid-100","grid-parent","grid-33","no-featured-image-padding"],"acf":[],"yoast_head":"<!-- This site is optimized with the Yoast SEO plugin v27.5 - https:\/\/yoast.com\/product\/yoast-seo-wordpress\/ -->\n<title>\u0130nternetd\u0259 prezidenti t\u0259hqir ed\u0259nl\u0259r h\u0259bs oluna bil\u0259r - MEYDAN.TV<\/title>\n<meta name=\"robots\" content=\"index, follow, max-snippet:-1, max-image-preview:large, max-video-preview:-1\" \/>\n<link rel=\"canonical\" href=\"https:\/\/www.meydan.tv\/az\/article\/internetde-prezidenti-tehqir-edenler-hebs-oluna-biler\/\" \/>\n<meta property=\"og:locale\" content=\"az_AZ\" \/>\n<meta property=\"og:type\" content=\"article\" \/>\n<meta property=\"og:title\" content=\"\u0130nternetd\u0259 prezidenti t\u0259hqir ed\u0259nl\u0259r h\u0259bs oluna bil\u0259r - MEYDAN.TV\" \/>\n<meta property=\"og:description\" content=\"Az\u0259rbaycanda internet informasiya ehtiyat\u0131nda saxta istifad\u0259\u00e7i adlar, profil v\u0259 ya hesablardan istifad\u0259 ed\u0259r\u0259k b\u00f6htan atma v\u0259 ya t\u0259hqir etm\u0259y\u0259 g\u00f6r\u0259 c\u0259za t\u0259tbiq edil\u0259c\u0259k\" \/>\n<meta property=\"og:url\" content=\"https:\/\/www.meydan.tv\/az\/article\/internetde-prezidenti-tehqir-edenler-hebs-oluna-biler\/\" \/>\n<meta property=\"og:site_name\" content=\"MEYDAN.TV\" \/>\n<meta property=\"article:published_time\" content=\"2016-11-29T18:46:09+00:00\" \/>\n<meta property=\"og:image\" content=\"https:\/\/www.meydan.tv\/wp-content\/uploads\/28700.jpg\" \/>\n\t<meta property=\"og:image:width\" content=\"987\" \/>\n\t<meta property=\"og:image:height\" content=\"555\" \/>\n\t<meta property=\"og:image:type\" content=\"image\/jpeg\" \/>\n<meta name=\"author\" content=\"user-manager\" \/>\n<meta name=\"twitter:card\" content=\"summary_large_image\" \/>\n<script type=\"application\/ld+json\" class=\"yoast-schema-graph\">{\"@context\":\"https:\\\/\\\/schema.org\",\"@graph\":[{\"@type\":\"Article\",\"@id\":\"https:\\\/\\\/www.meydan.tv\\\/az\\\/article\\\/internetde-prezidenti-tehqir-edenler-hebs-oluna-biler\\\/#article\",\"isPartOf\":{\"@id\":\"https:\\\/\\\/www.meydan.tv\\\/az\\\/article\\\/internetde-prezidenti-tehqir-edenler-hebs-oluna-biler\\\/\"},\"author\":{\"name\":\"user-manager\",\"@id\":\"https:\\\/\\\/www.meydan.tv\\\/az\\\/#\\\/schema\\\/person\\\/10d11eccf6da3662cf5fdab9806ea91a\"},\"headline\":\"\u0130nternetd\u0259 prezidenti t\u0259hqir ed\u0259nl\u0259r h\u0259bs oluna bil\u0259r\",\"datePublished\":\"2016-11-29T18:46:09+00:00\",\"mainEntityOfPage\":{\"@id\":\"https:\\\/\\\/www.meydan.tv\\\/az\\\/article\\\/internetde-prezidenti-tehqir-edenler-hebs-oluna-biler\\\/\"},\"wordCount\":381,\"publisher\":{\"@id\":\"https:\\\/\\\/www.meydan.tv\\\/az\\\/#organization\"},\"image\":{\"@id\":\"https:\\\/\\\/www.meydan.tv\\\/az\\\/article\\\/internetde-prezidenti-tehqir-edenler-hebs-oluna-biler\\\/#primaryimage\"},\"thumbnailUrl\":\"https:\\\/\\\/www.meydan.tv\\\/wp-content\\\/uploads\\\/28700.jpg\",\"articleSection\":[\"X\u0259b\u0259rl\u0259r\"],\"inLanguage\":\"az\"},{\"@type\":\"WebPage\",\"@id\":\"https:\\\/\\\/www.meydan.tv\\\/az\\\/article\\\/internetde-prezidenti-tehqir-edenler-hebs-oluna-biler\\\/\",\"url\":\"https:\\\/\\\/www.meydan.tv\\\/az\\\/article\\\/internetde-prezidenti-tehqir-edenler-hebs-oluna-biler\\\/\",\"name\":\"\u0130nternetd\u0259 prezidenti t\u0259hqir ed\u0259nl\u0259r h\u0259bs oluna bil\u0259r - MEYDAN.TV\",\"isPartOf\":{\"@id\":\"https:\\\/\\\/www.meydan.tv\\\/az\\\/#website\"},\"primaryImageOfPage\":{\"@id\":\"https:\\\/\\\/www.meydan.tv\\\/az\\\/article\\\/internetde-prezidenti-tehqir-edenler-hebs-oluna-biler\\\/#primaryimage\"},\"image\":{\"@id\":\"https:\\\/\\\/www.meydan.tv\\\/az\\\/article\\\/internetde-prezidenti-tehqir-edenler-hebs-oluna-biler\\\/#primaryimage\"},\"thumbnailUrl\":\"https:\\\/\\\/www.meydan.tv\\\/wp-content\\\/uploads\\\/28700.jpg\",\"datePublished\":\"2016-11-29T18:46:09+00:00\",\"breadcrumb\":{\"@id\":\"https:\\\/\\\/www.meydan.tv\\\/az\\\/article\\\/internetde-prezidenti-tehqir-edenler-hebs-oluna-biler\\\/#breadcrumb\"},\"inLanguage\":\"az\",\"potentialAction\":[{\"@type\":\"ReadAction\",\"target\":[\"https:\\\/\\\/www.meydan.tv\\\/az\\\/article\\\/internetde-prezidenti-tehqir-edenler-hebs-oluna-biler\\\/\"]}]},{\"@type\":\"ImageObject\",\"inLanguage\":\"az\",\"@id\":\"https:\\\/\\\/www.meydan.tv\\\/az\\\/article\\\/internetde-prezidenti-tehqir-edenler-hebs-oluna-biler\\\/#primaryimage\",\"url\":\"https:\\\/\\\/www.meydan.tv\\\/wp-content\\\/uploads\\\/28700.jpg\",\"contentUrl\":\"https:\\\/\\\/www.meydan.tv\\\/wp-content\\\/uploads\\\/28700.jpg\",\"width\":987,\"height\":555,\"caption\":\"Source:\"},{\"@type\":\"BreadcrumbList\",\"@id\":\"https:\\\/\\\/www.meydan.tv\\\/az\\\/article\\\/internetde-prezidenti-tehqir-edenler-hebs-oluna-biler\\\/#breadcrumb\",\"itemListElement\":[{\"@type\":\"ListItem\",\"position\":1,\"name\":\"Ana s\u0259hif\u0259\",\"item\":\"https:\\\/\\\/www.meydan.tv\\\/az\\\/\"},{\"@type\":\"ListItem\",\"position\":2,\"name\":\"X\u0259b\u0259rl\u0259r\",\"item\":\"https:\\\/\\\/www.meydan.tv\\\/az\\\/section\\\/xeberler\\\/\"},{\"@type\":\"ListItem\",\"position\":3,\"name\":\"\u0130nternetd\u0259 prezidenti t\u0259hqir ed\u0259nl\u0259r h\u0259bs oluna bil\u0259r\"}]},{\"@type\":\"WebSite\",\"@id\":\"https:\\\/\\\/www.meydan.tv\\\/az\\\/#website\",\"url\":\"https:\\\/\\\/www.meydan.tv\\\/az\\\/\",\"name\":\"MEYDAN.TV\",\"description\":\"Meydan TV Az\u0259rbaycan\u0131n media m\u0259kan\u0131ndak\u0131 alternativ s\u0259sidir\",\"publisher\":{\"@id\":\"https:\\\/\\\/www.meydan.tv\\\/az\\\/#organization\"},\"potentialAction\":[{\"@type\":\"SearchAction\",\"target\":{\"@type\":\"EntryPoint\",\"urlTemplate\":\"https:\\\/\\\/www.meydan.tv\\\/az\\\/?s={search_term_string}\"},\"query-input\":{\"@type\":\"PropertyValueSpecification\",\"valueRequired\":true,\"valueName\":\"search_term_string\"}}],\"inLanguage\":\"az\"},{\"@type\":\"Organization\",\"@id\":\"https:\\\/\\\/www.meydan.tv\\\/az\\\/#organization\",\"name\":\"Meydan TV\",\"url\":\"https:\\\/\\\/www.meydan.tv\\\/az\\\/\",\"logo\":{\"@type\":\"ImageObject\",\"inLanguage\":\"az\",\"@id\":\"https:\\\/\\\/www.meydan.tv\\\/az\\\/#\\\/schema\\\/logo\\\/image\\\/\",\"url\":\"https:\\\/\\\/www.meydan.tv\\\/wp-content\\\/uploads\\\/2021\\\/07\\\/meydan-logo.svg\",\"contentUrl\":\"https:\\\/\\\/www.meydan.tv\\\/wp-content\\\/uploads\\\/2021\\\/07\\\/meydan-logo.svg\",\"width\":195,\"height\":46,\"caption\":\"Meydan TV\"},\"image\":{\"@id\":\"https:\\\/\\\/www.meydan.tv\\\/az\\\/#\\\/schema\\\/logo\\\/image\\\/\"}},{\"@type\":\"Person\",\"@id\":\"https:\\\/\\\/www.meydan.tv\\\/az\\\/#\\\/schema\\\/person\\\/10d11eccf6da3662cf5fdab9806ea91a\",\"name\":\"user-manager\"}]}<\/script>\n<!-- \/ Yoast SEO plugin. -->","yoast_head_json":{"title":"\u0130nternetd\u0259 prezidenti t\u0259hqir ed\u0259nl\u0259r h\u0259bs oluna bil\u0259r - MEYDAN.TV","robots":{"index":"index","follow":"follow","max-snippet":"max-snippet:-1","max-image-preview":"max-image-preview:large","max-video-preview":"max-video-preview:-1"},"canonical":"https:\/\/www.meydan.tv\/az\/article\/internetde-prezidenti-tehqir-edenler-hebs-oluna-biler\/","og_locale":"az_AZ","og_type":"article","og_title":"\u0130nternetd\u0259 prezidenti t\u0259hqir ed\u0259nl\u0259r h\u0259bs oluna bil\u0259r - MEYDAN.TV","og_description":"Az\u0259rbaycanda internet informasiya ehtiyat\u0131nda saxta istifad\u0259\u00e7i adlar, profil v\u0259 ya hesablardan istifad\u0259 ed\u0259r\u0259k b\u00f6htan atma v\u0259 ya t\u0259hqir etm\u0259y\u0259 g\u00f6r\u0259 c\u0259za t\u0259tbiq edil\u0259c\u0259k","og_url":"https:\/\/www.meydan.tv\/az\/article\/internetde-prezidenti-tehqir-edenler-hebs-oluna-biler\/","og_site_name":"MEYDAN.TV","article_published_time":"2016-11-29T18:46:09+00:00","og_image":[{"width":987,"height":555,"url":"https:\/\/www.meydan.tv\/wp-content\/uploads\/28700.jpg","type":"image\/jpeg"}],"author":"user-manager","twitter_card":"summary_large_image","schema":{"@context":"https:\/\/schema.org","@graph":[{"@type":"Article","@id":"https:\/\/www.meydan.tv\/az\/article\/internetde-prezidenti-tehqir-edenler-hebs-oluna-biler\/#article","isPartOf":{"@id":"https:\/\/www.meydan.tv\/az\/article\/internetde-prezidenti-tehqir-edenler-hebs-oluna-biler\/"},"author":{"name":"user-manager","@id":"https:\/\/www.meydan.tv\/az\/#\/schema\/person\/10d11eccf6da3662cf5fdab9806ea91a"},"headline":"\u0130nternetd\u0259 prezidenti t\u0259hqir ed\u0259nl\u0259r h\u0259bs oluna bil\u0259r","datePublished":"2016-11-29T18:46:09+00:00","mainEntityOfPage":{"@id":"https:\/\/www.meydan.tv\/az\/article\/internetde-prezidenti-tehqir-edenler-hebs-oluna-biler\/"},"wordCount":381,"publisher":{"@id":"https:\/\/www.meydan.tv\/az\/#organization"},"image":{"@id":"https:\/\/www.meydan.tv\/az\/article\/internetde-prezidenti-tehqir-edenler-hebs-oluna-biler\/#primaryimage"},"thumbnailUrl":"https:\/\/www.meydan.tv\/wp-content\/uploads\/28700.jpg","articleSection":["X\u0259b\u0259rl\u0259r"],"inLanguage":"az"},{"@type":"WebPage","@id":"https:\/\/www.meydan.tv\/az\/article\/internetde-prezidenti-tehqir-edenler-hebs-oluna-biler\/","url":"https:\/\/www.meydan.tv\/az\/article\/internetde-prezidenti-tehqir-edenler-hebs-oluna-biler\/","name":"\u0130nternetd\u0259 prezidenti t\u0259hqir ed\u0259nl\u0259r h\u0259bs oluna bil\u0259r - MEYDAN.TV","isPartOf":{"@id":"https:\/\/www.meydan.tv\/az\/#website"},"primaryImageOfPage":{"@id":"https:\/\/www.meydan.tv\/az\/article\/internetde-prezidenti-tehqir-edenler-hebs-oluna-biler\/#primaryimage"},"image":{"@id":"https:\/\/www.meydan.tv\/az\/article\/internetde-prezidenti-tehqir-edenler-hebs-oluna-biler\/#primaryimage"},"thumbnailUrl":"https:\/\/www.meydan.tv\/wp-content\/uploads\/28700.jpg","datePublished":"2016-11-29T18:46:09+00:00","breadcrumb":{"@id":"https:\/\/www.meydan.tv\/az\/article\/internetde-prezidenti-tehqir-edenler-hebs-oluna-biler\/#breadcrumb"},"inLanguage":"az","potentialAction":[{"@type":"ReadAction","target":["https:\/\/www.meydan.tv\/az\/article\/internetde-prezidenti-tehqir-edenler-hebs-oluna-biler\/"]}]},{"@type":"ImageObject","inLanguage":"az","@id":"https:\/\/www.meydan.tv\/az\/article\/internetde-prezidenti-tehqir-edenler-hebs-oluna-biler\/#primaryimage","url":"https:\/\/www.meydan.tv\/wp-content\/uploads\/28700.jpg","contentUrl":"https:\/\/www.meydan.tv\/wp-content\/uploads\/28700.jpg","width":987,"height":555,"caption":"Source:"},{"@type":"BreadcrumbList","@id":"https:\/\/www.meydan.tv\/az\/article\/internetde-prezidenti-tehqir-edenler-hebs-oluna-biler\/#breadcrumb","itemListElement":[{"@type":"ListItem","position":1,"name":"Ana s\u0259hif\u0259","item":"https:\/\/www.meydan.tv\/az\/"},{"@type":"ListItem","position":2,"name":"X\u0259b\u0259rl\u0259r","item":"https:\/\/www.meydan.tv\/az\/section\/xeberler\/"},{"@type":"ListItem","position":3,"name":"\u0130nternetd\u0259 prezidenti t\u0259hqir ed\u0259nl\u0259r h\u0259bs oluna bil\u0259r"}]},{"@type":"WebSite","@id":"https:\/\/www.meydan.tv\/az\/#website","url":"https:\/\/www.meydan.tv\/az\/","name":"MEYDAN.TV","description":"Meydan TV Az\u0259rbaycan\u0131n media m\u0259kan\u0131ndak\u0131 alternativ s\u0259sidir","publisher":{"@id":"https:\/\/www.meydan.tv\/az\/#organization"},"potentialAction":[{"@type":"SearchAction","target":{"@type":"EntryPoint","urlTemplate":"https:\/\/www.meydan.tv\/az\/?s={search_term_string}"},"query-input":{"@type":"PropertyValueSpecification","valueRequired":true,"valueName":"search_term_string"}}],"inLanguage":"az"},{"@type":"Organization","@id":"https:\/\/www.meydan.tv\/az\/#organization","name":"Meydan TV","url":"https:\/\/www.meydan.tv\/az\/","logo":{"@type":"ImageObject","inLanguage":"az","@id":"https:\/\/www.meydan.tv\/az\/#\/schema\/logo\/image\/","url":"https:\/\/www.meydan.tv\/wp-content\/uploads\/2021\/07\/meydan-logo.svg","contentUrl":"https:\/\/www.meydan.tv\/wp-content\/uploads\/2021\/07\/meydan-logo.svg","width":195,"height":46,"caption":"Meydan TV"},"image":{"@id":"https:\/\/www.meydan.tv\/az\/#\/schema\/logo\/image\/"}},{"@type":"Person","@id":"https:\/\/www.meydan.tv\/az\/#\/schema\/person\/10d11eccf6da3662cf5fdab9806ea91a","name":"user-manager"}]}},"_links":{"self":[{"href":"https:\/\/www.meydan.tv\/az\/wp-json\/wp\/v2\/posts\/180832","targetHints":{"allow":["GET"]}}],"collection":[{"href":"https:\/\/www.meydan.tv\/az\/wp-json\/wp\/v2\/posts"}],"about":[{"href":"https:\/\/www.meydan.tv\/az\/wp-json\/wp\/v2\/types\/post"}],"author":[{"embeddable":true,"href":"https:\/\/www.meydan.tv\/az\/wp-json\/wp\/v2\/users\/11"}],"replies":[{"embeddable":true,"href":"https:\/\/www.meydan.tv\/az\/wp-json\/wp\/v2\/comments?post=180832"}],"version-history":[{"count":0,"href":"https:\/\/www.meydan.tv\/az\/wp-json\/wp\/v2\/posts\/180832\/revisions"}],"wp:featuredmedia":[{"embeddable":true,"href":"https:\/\/www.meydan.tv\/az\/wp-json\/wp\/v2\/media\/74331"}],"wp:attachment":[{"href":"https:\/\/www.meydan.tv\/az\/wp-json\/wp\/v2\/media?parent=180832"}],"wp:term":[{"taxonomy":"category","embeddable":true,"href":"https:\/\/www.meydan.tv\/az\/wp-json\/wp\/v2\/categories?post=180832"},{"taxonomy":"post_tag","embeddable":true,"href":"https:\/\/www.meydan.tv\/az\/wp-json\/wp\/v2\/tags?post=180832"}],"curies":[{"name":"wp","href":"https:\/\/api.w.org\/{rel}","templated":true}]}}