{"id":180819,"date":"2016-11-29T14:49:29","date_gmt":"2016-11-29T14:49:29","guid":{"rendered":"https:\/\/www.meydan.tv\/article\/tarif-surasinin-qerari-qanuni-deyil\/"},"modified":"2016-11-29T14:49:29","modified_gmt":"2016-11-29T14:49:29","slug":"tarif-surasinin-qerari-qanuni-deyil","status":"publish","type":"post","link":"https:\/\/www.meydan.tv\/az\/article\/tarif-surasinin-qerari-qanuni-deyil\/","title":{"rendered":"Tarif \u015euras\u0131n\u0131n q\u0259rar\u0131 qanuni deyil"},"content":{"rendered":"<figure class=\"wp-block-image size-large\">\n  <img decoding=\"async\" src=\"https:\/\/www.meydan.tv\/az\/74271\/\" alt=\"\" class=\"wp-image-74271\"\/><figcaption><\/figcaption><\/figure>\n<figure class=\"wp-block-image size-large\">\n  <img decoding=\"async\" src=\"https:\/\/www.meydan.tv\/az\/74271\/\" alt=\"\" class=\"wp-image-74271\"\/><figcaption><\/figcaption><\/figure>\n<p>\n  Tarif \u015euras\u0131n\u0131n qaz v\u0259 elektrik enerjisinin qiym\u0259tl\u0259ri il\u0259 ba\u011fl\u0131 q\u0259rar\u0131na h\u0259m d\u0259 informasiya azadl\u0131\u011f\u0131 p\u0259nc\u0259r\u0259sind\u0259n bax\u0131lmas\u0131 vacibdir.\n<\/p>\n<p>\n  D\u00f6vl\u0259t qurumlar\u0131n\u0131n, ictimai funksiya yerin\u0259 yetir\u0259n h\u00fcquqi \u015f\u0259xsl\u0259rin, inhisar\u00e7\u0131lar\u0131n ictimai \u00f6n\u0259mli bilgil\u0259ri zaman\u0131nda a\u00e7\u0131qlamaq \u00f6hd\u0259liyi var. Bu \u00f6hd\u0259liyi onlar\u0131n \u00fcz\u0259rin\u0259 \u00f6lk\u0259 Konstitusiyas\u0131, \u201c\u0130nformasiya \u0259ld\u0259 edilm\u0259si haqq\u0131nda\u201d Qanun qoyur.\n<\/p>\n<p>\n  \u201c\u0130nformasiya \u0259ld\u0259 edilm\u0259si haqq\u0131nda\u201d Qanunun 29-cu madd\u0259si bu m\u0259s\u0259l\u0259l\u0259ri t\u0259nziml\u0259yir. H\u0259min madd\u0259y\u0259 g\u00f6r\u0259, normativ h\u00fcquqi aktlar\u0131n layih\u0259l\u0259ri raz\u0131la\u015fd\u0131rmaya v\u0259 ya t\u0259sdiq olunma\u011fa g\u00f6nd\u0259rildiyi andan ictimaiyy\u0259t\u0259 a\u00e7\u0131qlanmal\u0131d\u0131r. Bundan ba\u015fqa, h\u0259m d\u0259 \u0259n ba\u015fl\u0131cas\u0131 \u0259mt\u0259\u0259 bazar\u0131nda h\u00f6kmran m\u00f6vqe tutan, x\u00fcsusi v\u0259 ya m\u00fcst\u0259sna h\u00fcquqa v\u0259 yaxud t\u0259bii inhisara malik olan h\u00fcquqi \u015f\u0259xsl\u0259r mallar\u0131n v\u0259 xidm\u0259tl\u0259rin t\u0259klif edilm\u0259si \u015f\u0259rtl\u0259rin\u0259 v\u0259 onlar\u0131n qiym\u0259tl\u0259rin\u0259, h\u0259min \u015f\u0259rtl\u0259rd\u0259 v\u0259 qiym\u0259tl\u0259rd\u0259 d\u0259yi\u015fiklikl\u0259r\u0259 aid informasiyalar\u0131 \u015f\u0259rtl\u0259rin t\u0259klif edilm\u0259sin\u0259 v\u0259 ya h\u0259min \u015f\u0259rtl\u0259rd\u0259 v\u0259 qiym\u0259tl\u0259rd\u0259 d\u0259yi\u015fiklik edilm\u0259sin\u0259 az\u0131 30 g\u00fcn qalm\u0131\u015f ictimaiyy\u0259t\u0259 a\u00e7\u0131qlamal\u0131d\u0131r.\n<\/p>\n<p>\n  Bunun izah\u0131 odur ki, Tarif \u015euras\u0131 v\u0259 ya i\u015f\u0131q v\u0259 qaz\u0131n qiym\u0259tinin qald\u0131r\u0131lmas\u0131n\u0131 t\u0259klif ed\u0259n qurum h\u0259min t\u0259klifi \u0259n az\u0131 oktyabr\u0131n 29-da ictimaiyy\u0259t\u0259 a\u00e7\u0131qlamal\u0131 idi. Tarif \u015euras\u0131n\u0131n son q\u0259rar\u0131 veril\u0259rk\u0259n qanunvericiliyin qeyd edil\u0259n m\u00fcdd\u0259alar\u0131 q\u0259tiyy\u0259n diqq\u0259t\u0259 al\u0131nmay\u0131b.\n<\/p>\n<p>\n  Dig\u0259r t\u0259r\u0259fd\u0259n, n\u0259z\u0259r\u0259 al\u0131nmal\u0131d\u0131r ki, biz elektriki v\u0259 ya qaz\u0131 \u201cAz\u0259ri\u015f\u0131q\u201d v\u0259 ya SOCAR-dan ba\u015fqa kims\u0259d\u0259n ala bilm\u0259rik. Bizim ba\u015fqa se\u00e7imimiz yoxdur. Elektrik v\u0259 qaz bu qurumlar\u0131n inhisar\u0131ndad\u0131r, yaln\u0131z onlar sat\u0131rlar. Bu bax\u0131mdan d\u00fcn\u0259nki q\u0259rar h\u0259m d\u0259 \u201cT\u0259bii inhisarlar haqq\u0131nda\u201d Qanunun i\u015f\u0131\u011f\u0131nda inc\u0259l\u0259nm\u0259lidir.\n<\/p>\n<p>\n  H\u0259min qanunun 10-cu madd\u0259sin\u0259 g\u00f6r\u0259, t\u0259bii inhisar\u00e7\u0131 olan h\u00fcquqi \u015f\u0259xsl\u0259r mallar\u0131n v\u0259 xidm\u0259tl\u0259rin t\u0259klif edilm\u0259si \u015f\u0259rtl\u0259rin\u0259 v\u0259 onlar\u0131n qiym\u0259tl\u0259rin\u0259, h\u0259min \u015f\u0259rtl\u0259rd\u0259 v\u0259 qiym\u0259tl\u0259rd\u0259 d\u0259yi\u015fiklikl\u0259r\u0259 aid informasiyalar\u0131 \u015f\u0259rtl\u0259rin t\u0259klif edilm\u0259sin\u0259 v\u0259 ya h\u0259min \u015f\u0259rtl\u0259rd\u0259 v\u0259 qiym\u0259tl\u0259rd\u0259 d\u0259yi\u015fiklik edilm\u0259sin\u0259 az\u0131 30 g\u00fcn qalm\u0131\u015f ictimaiyy\u0259t\u0259 a\u00e7\u0131qlamal\u0131d\u0131r. Tarif \u015euras\u0131n\u0131n son q\u0259rar\u0131 veril\u0259rk\u0259n bu t\u0259l\u0259b d\u0259 pozulub.\n<\/p>\n<p>\n  Bundan ba\u015fqa, Milli M\u0259clisin \u201cT\u0259bii inhisar\u00e7\u0131lar\u0131n siyah\u0131s\u0131n\u0131n t\u0259sdiq edilm\u0259si haqq\u0131nda\u201d 1995-ci ild\u0259 q\u0259bul etdiyi q\u0259rar var. H\u0259min q\u0259rarda qaz t\u0259chizat\u0131 sistemin\u0259 xidm\u0259t ed\u0259n, elektrik enerjisi istehsal\u0131, onun \u00f6t\u00fcr\u00fclm\u0259si, payla\u015fd\u0131r\u0131lmas\u0131 v\u0259 t\u0259chizat\u0131 il\u0259 m\u0259\u015f\u011ful olan m\u00fc\u0259ssis\u0259 v\u0259 t\u0259\u015fkilatlar t\u0259bii inhisar\u00e7\u0131 elan edilib.\n<\/p>\n<p>\n  Nazirl\u0259r Kabinetinin t\u0259sdiql\u0259diyi \u201cQiym\u0259tl\u0259ri d\u00f6vl\u0259t t\u0259r\u0259find\u0259n t\u0259nziml\u0259n\u0259n mallar\u0131n (i\u015fl\u0259rin, xidm\u0259tl\u0259rin) Siyah\u0131s\u0131nda elektrik enerjisi, t\u0259bii qaz, maye qaz v\u0259 s. sadalan\u0131b. \u201cT\u0259bii inhisarlar haqq\u0131nda\u201d Qanunda qiym\u0259tl\u0259rin Taarif \u015euras\u0131 t\u0259r\u0259find\u0259n t\u0259nziml\u0259nm\u0259si n\u0259z\u0259rd\u0259 tutulur.\n<\/p>\n<p>\n  Qanuna g\u00f6r\u0259, istehlak\u00e7\u0131lar\u0131n v\u0259 istehsal\u00e7\u0131lar\u0131n maraqlar\u0131n\u0131n uzla\u015fd\u0131r\u0131lmas\u0131, \u00f6lk\u0259nin sosial iqtisadi inki\u015faf\u0131na s\u0259m\u0259r\u0259li t\u0259sirin t\u0259min olunmas\u0131, m\u0259hsulun daxili v\u0259 d\u00fcnya bazar qiym\u0259tl\u0259rinin n\u0259z\u0259r\u0259 al\u0131nmas\u0131, iqtisadi v\u0259 sosial b\u00f6hranlara yol verilm\u0259m\u0259si v\u0259 s. qiym\u0259tl\u0259rin t\u0259nziml\u0259nm\u0259si zaman\u0131 \u0259sas prinsipl\u0259r olmal\u0131d\u0131r.\n<\/p>\n<p>\n  Tarif \u015euras\u0131n\u0131n son q\u0259rar\u0131 h\u0259m d\u0259 qiym\u0259tl\u0259rin t\u0259nziml\u0259nm\u0259si il\u0259 ba\u011fl\u0131 sadalad\u0131\u011f\u0131m\u0131z prinsipl\u0259r\u0259 ziddir.\n<\/p>\n<p>\n  B\u00fct\u00fcn bunlara g\u00f6r\u0259, qanunsuz hesab edilm\u0259lidir.<\/p>\n","protected":false},"excerpt":{"rendered":"<p>Tarif \u015euras\u0131n\u0131n qaz v\u0259 elektrik enerjisinin qiym\u0259tl\u0259ri il\u0259 ba\u011fl\u0131 q\u0259rar\u0131na &#8230; <\/p>\n<p class=\"read-more-container\"><a title=\"Tarif \u015euras\u0131n\u0131n q\u0259rar\u0131 qanuni deyil\" class=\"read-more button\" href=\"https:\/\/www.meydan.tv\/az\/article\/tarif-surasinin-qerari-qanuni-deyil\/#more-180819\" aria-label=\"Read more about Tarif \u015euras\u0131n\u0131n q\u0259rar\u0131 qanuni deyil\">Davam\u0131<\/a><\/p>\n","protected":false},"author":11,"featured_media":74271,"comment_status":"closed","ping_status":"open","sticky":false,"template":"","format":"standard","meta":{"_acf_changed":false,"_sitemap_exclude":false,"_sitemap_priority":"","_sitemap_frequency":"","footnotes":""},"categories":[51],"tags":[],"class_list":["post-180819","post","type-post","status-publish","format-standard","has-post-thumbnail","hentry","category-analitika","infinite-scroll-item","generate-columns","tablet-grid-50","mobile-grid-100","grid-parent","grid-33","no-featured-image-padding"],"acf":[],"yoast_head":"<!-- This site is optimized with the Yoast SEO plugin v27.5 - https:\/\/yoast.com\/product\/yoast-seo-wordpress\/ -->\n<title>Tarif \u015euras\u0131n\u0131n q\u0259rar\u0131 qanuni deyil - MEYDAN.TV<\/title>\n<meta name=\"robots\" content=\"index, follow, max-snippet:-1, max-image-preview:large, max-video-preview:-1\" \/>\n<link rel=\"canonical\" href=\"https:\/\/www.meydan.tv\/az\/article\/tarif-surasinin-qerari-qanuni-deyil\/\" \/>\n<meta property=\"og:locale\" content=\"az_AZ\" \/>\n<meta property=\"og:type\" content=\"article\" \/>\n<meta property=\"og:title\" content=\"Tarif \u015euras\u0131n\u0131n q\u0259rar\u0131 qanuni deyil - MEYDAN.TV\" \/>\n<meta property=\"og:description\" content=\"Tarif \u015euras\u0131n\u0131n qaz v\u0259 elektrik enerjisinin qiym\u0259tl\u0259ri il\u0259 ba\u011fl\u0131 q\u0259rar\u0131na ... Davam\u0131\" \/>\n<meta property=\"og:url\" content=\"https:\/\/www.meydan.tv\/az\/article\/tarif-surasinin-qerari-qanuni-deyil\/\" \/>\n<meta property=\"og:site_name\" content=\"MEYDAN.TV\" \/>\n<meta property=\"article:published_time\" content=\"2016-11-29T14:49:29+00:00\" \/>\n<meta property=\"og:image\" content=\"https:\/\/www.meydan.tv\/wp-content\/uploads\/28681.jpg\" \/>\n\t<meta property=\"og:image:width\" content=\"424\" \/>\n\t<meta property=\"og:image:height\" content=\"494\" \/>\n\t<meta property=\"og:image:type\" content=\"image\/jpeg\" \/>\n<meta name=\"author\" content=\"user-manager\" \/>\n<meta name=\"twitter:card\" content=\"summary_large_image\" \/>\n<script type=\"application\/ld+json\" class=\"yoast-schema-graph\">{\"@context\":\"https:\\\/\\\/schema.org\",\"@graph\":[{\"@type\":\"Article\",\"@id\":\"https:\\\/\\\/www.meydan.tv\\\/az\\\/article\\\/tarif-surasinin-qerari-qanuni-deyil\\\/#article\",\"isPartOf\":{\"@id\":\"https:\\\/\\\/www.meydan.tv\\\/az\\\/article\\\/tarif-surasinin-qerari-qanuni-deyil\\\/\"},\"author\":{\"name\":\"user-manager\",\"@id\":\"https:\\\/\\\/www.meydan.tv\\\/az\\\/#\\\/schema\\\/person\\\/10d11eccf6da3662cf5fdab9806ea91a\"},\"headline\":\"Tarif \u015euras\u0131n\u0131n q\u0259rar\u0131 qanuni deyil\",\"datePublished\":\"2016-11-29T14:49:29+00:00\",\"mainEntityOfPage\":{\"@id\":\"https:\\\/\\\/www.meydan.tv\\\/az\\\/article\\\/tarif-surasinin-qerari-qanuni-deyil\\\/\"},\"wordCount\":717,\"publisher\":{\"@id\":\"https:\\\/\\\/www.meydan.tv\\\/az\\\/#organization\"},\"image\":{\"@id\":\"https:\\\/\\\/www.meydan.tv\\\/az\\\/article\\\/tarif-surasinin-qerari-qanuni-deyil\\\/#primaryimage\"},\"thumbnailUrl\":\"https:\\\/\\\/www.meydan.tv\\\/wp-content\\\/uploads\\\/28681.jpg\",\"articleSection\":[\"Analitika\"],\"inLanguage\":\"az\"},{\"@type\":\"WebPage\",\"@id\":\"https:\\\/\\\/www.meydan.tv\\\/az\\\/article\\\/tarif-surasinin-qerari-qanuni-deyil\\\/\",\"url\":\"https:\\\/\\\/www.meydan.tv\\\/az\\\/article\\\/tarif-surasinin-qerari-qanuni-deyil\\\/\",\"name\":\"Tarif \u015euras\u0131n\u0131n q\u0259rar\u0131 qanuni deyil - MEYDAN.TV\",\"isPartOf\":{\"@id\":\"https:\\\/\\\/www.meydan.tv\\\/az\\\/#website\"},\"primaryImageOfPage\":{\"@id\":\"https:\\\/\\\/www.meydan.tv\\\/az\\\/article\\\/tarif-surasinin-qerari-qanuni-deyil\\\/#primaryimage\"},\"image\":{\"@id\":\"https:\\\/\\\/www.meydan.tv\\\/az\\\/article\\\/tarif-surasinin-qerari-qanuni-deyil\\\/#primaryimage\"},\"thumbnailUrl\":\"https:\\\/\\\/www.meydan.tv\\\/wp-content\\\/uploads\\\/28681.jpg\",\"datePublished\":\"2016-11-29T14:49:29+00:00\",\"breadcrumb\":{\"@id\":\"https:\\\/\\\/www.meydan.tv\\\/az\\\/article\\\/tarif-surasinin-qerari-qanuni-deyil\\\/#breadcrumb\"},\"inLanguage\":\"az\",\"potentialAction\":[{\"@type\":\"ReadAction\",\"target\":[\"https:\\\/\\\/www.meydan.tv\\\/az\\\/article\\\/tarif-surasinin-qerari-qanuni-deyil\\\/\"]}]},{\"@type\":\"ImageObject\",\"inLanguage\":\"az\",\"@id\":\"https:\\\/\\\/www.meydan.tv\\\/az\\\/article\\\/tarif-surasinin-qerari-qanuni-deyil\\\/#primaryimage\",\"url\":\"https:\\\/\\\/www.meydan.tv\\\/wp-content\\\/uploads\\\/28681.jpg\",\"contentUrl\":\"https:\\\/\\\/www.meydan.tv\\\/wp-content\\\/uploads\\\/28681.jpg\",\"width\":424,\"height\":494,\"caption\":\"Source:\"},{\"@type\":\"BreadcrumbList\",\"@id\":\"https:\\\/\\\/www.meydan.tv\\\/az\\\/article\\\/tarif-surasinin-qerari-qanuni-deyil\\\/#breadcrumb\",\"itemListElement\":[{\"@type\":\"ListItem\",\"position\":1,\"name\":\"Ana s\u0259hif\u0259\",\"item\":\"https:\\\/\\\/www.meydan.tv\\\/az\\\/\"},{\"@type\":\"ListItem\",\"position\":2,\"name\":\"Analitika\",\"item\":\"https:\\\/\\\/www.meydan.tv\\\/az\\\/section\\\/analitika\\\/\"},{\"@type\":\"ListItem\",\"position\":3,\"name\":\"Tarif \u015euras\u0131n\u0131n q\u0259rar\u0131 qanuni deyil\"}]},{\"@type\":\"WebSite\",\"@id\":\"https:\\\/\\\/www.meydan.tv\\\/az\\\/#website\",\"url\":\"https:\\\/\\\/www.meydan.tv\\\/az\\\/\",\"name\":\"MEYDAN.TV\",\"description\":\"Meydan TV Az\u0259rbaycan\u0131n media m\u0259kan\u0131ndak\u0131 alternativ s\u0259sidir\",\"publisher\":{\"@id\":\"https:\\\/\\\/www.meydan.tv\\\/az\\\/#organization\"},\"potentialAction\":[{\"@type\":\"SearchAction\",\"target\":{\"@type\":\"EntryPoint\",\"urlTemplate\":\"https:\\\/\\\/www.meydan.tv\\\/az\\\/?s={search_term_string}\"},\"query-input\":{\"@type\":\"PropertyValueSpecification\",\"valueRequired\":true,\"valueName\":\"search_term_string\"}}],\"inLanguage\":\"az\"},{\"@type\":\"Organization\",\"@id\":\"https:\\\/\\\/www.meydan.tv\\\/az\\\/#organization\",\"name\":\"Meydan TV\",\"url\":\"https:\\\/\\\/www.meydan.tv\\\/az\\\/\",\"logo\":{\"@type\":\"ImageObject\",\"inLanguage\":\"az\",\"@id\":\"https:\\\/\\\/www.meydan.tv\\\/az\\\/#\\\/schema\\\/logo\\\/image\\\/\",\"url\":\"https:\\\/\\\/www.meydan.tv\\\/wp-content\\\/uploads\\\/2021\\\/07\\\/meydan-logo.svg\",\"contentUrl\":\"https:\\\/\\\/www.meydan.tv\\\/wp-content\\\/uploads\\\/2021\\\/07\\\/meydan-logo.svg\",\"width\":195,\"height\":46,\"caption\":\"Meydan TV\"},\"image\":{\"@id\":\"https:\\\/\\\/www.meydan.tv\\\/az\\\/#\\\/schema\\\/logo\\\/image\\\/\"}},{\"@type\":\"Person\",\"@id\":\"https:\\\/\\\/www.meydan.tv\\\/az\\\/#\\\/schema\\\/person\\\/10d11eccf6da3662cf5fdab9806ea91a\",\"name\":\"user-manager\"}]}<\/script>\n<!-- \/ Yoast SEO plugin. -->","yoast_head_json":{"title":"Tarif \u015euras\u0131n\u0131n q\u0259rar\u0131 qanuni deyil - MEYDAN.TV","robots":{"index":"index","follow":"follow","max-snippet":"max-snippet:-1","max-image-preview":"max-image-preview:large","max-video-preview":"max-video-preview:-1"},"canonical":"https:\/\/www.meydan.tv\/az\/article\/tarif-surasinin-qerari-qanuni-deyil\/","og_locale":"az_AZ","og_type":"article","og_title":"Tarif \u015euras\u0131n\u0131n q\u0259rar\u0131 qanuni deyil - MEYDAN.TV","og_description":"Tarif \u015euras\u0131n\u0131n qaz v\u0259 elektrik enerjisinin qiym\u0259tl\u0259ri il\u0259 ba\u011fl\u0131 q\u0259rar\u0131na ... Davam\u0131","og_url":"https:\/\/www.meydan.tv\/az\/article\/tarif-surasinin-qerari-qanuni-deyil\/","og_site_name":"MEYDAN.TV","article_published_time":"2016-11-29T14:49:29+00:00","og_image":[{"width":424,"height":494,"url":"https:\/\/www.meydan.tv\/wp-content\/uploads\/28681.jpg","type":"image\/jpeg"}],"author":"user-manager","twitter_card":"summary_large_image","schema":{"@context":"https:\/\/schema.org","@graph":[{"@type":"Article","@id":"https:\/\/www.meydan.tv\/az\/article\/tarif-surasinin-qerari-qanuni-deyil\/#article","isPartOf":{"@id":"https:\/\/www.meydan.tv\/az\/article\/tarif-surasinin-qerari-qanuni-deyil\/"},"author":{"name":"user-manager","@id":"https:\/\/www.meydan.tv\/az\/#\/schema\/person\/10d11eccf6da3662cf5fdab9806ea91a"},"headline":"Tarif \u015euras\u0131n\u0131n q\u0259rar\u0131 qanuni deyil","datePublished":"2016-11-29T14:49:29+00:00","mainEntityOfPage":{"@id":"https:\/\/www.meydan.tv\/az\/article\/tarif-surasinin-qerari-qanuni-deyil\/"},"wordCount":717,"publisher":{"@id":"https:\/\/www.meydan.tv\/az\/#organization"},"image":{"@id":"https:\/\/www.meydan.tv\/az\/article\/tarif-surasinin-qerari-qanuni-deyil\/#primaryimage"},"thumbnailUrl":"https:\/\/www.meydan.tv\/wp-content\/uploads\/28681.jpg","articleSection":["Analitika"],"inLanguage":"az"},{"@type":"WebPage","@id":"https:\/\/www.meydan.tv\/az\/article\/tarif-surasinin-qerari-qanuni-deyil\/","url":"https:\/\/www.meydan.tv\/az\/article\/tarif-surasinin-qerari-qanuni-deyil\/","name":"Tarif \u015euras\u0131n\u0131n q\u0259rar\u0131 qanuni deyil - MEYDAN.TV","isPartOf":{"@id":"https:\/\/www.meydan.tv\/az\/#website"},"primaryImageOfPage":{"@id":"https:\/\/www.meydan.tv\/az\/article\/tarif-surasinin-qerari-qanuni-deyil\/#primaryimage"},"image":{"@id":"https:\/\/www.meydan.tv\/az\/article\/tarif-surasinin-qerari-qanuni-deyil\/#primaryimage"},"thumbnailUrl":"https:\/\/www.meydan.tv\/wp-content\/uploads\/28681.jpg","datePublished":"2016-11-29T14:49:29+00:00","breadcrumb":{"@id":"https:\/\/www.meydan.tv\/az\/article\/tarif-surasinin-qerari-qanuni-deyil\/#breadcrumb"},"inLanguage":"az","potentialAction":[{"@type":"ReadAction","target":["https:\/\/www.meydan.tv\/az\/article\/tarif-surasinin-qerari-qanuni-deyil\/"]}]},{"@type":"ImageObject","inLanguage":"az","@id":"https:\/\/www.meydan.tv\/az\/article\/tarif-surasinin-qerari-qanuni-deyil\/#primaryimage","url":"https:\/\/www.meydan.tv\/wp-content\/uploads\/28681.jpg","contentUrl":"https:\/\/www.meydan.tv\/wp-content\/uploads\/28681.jpg","width":424,"height":494,"caption":"Source:"},{"@type":"BreadcrumbList","@id":"https:\/\/www.meydan.tv\/az\/article\/tarif-surasinin-qerari-qanuni-deyil\/#breadcrumb","itemListElement":[{"@type":"ListItem","position":1,"name":"Ana s\u0259hif\u0259","item":"https:\/\/www.meydan.tv\/az\/"},{"@type":"ListItem","position":2,"name":"Analitika","item":"https:\/\/www.meydan.tv\/az\/section\/analitika\/"},{"@type":"ListItem","position":3,"name":"Tarif \u015euras\u0131n\u0131n q\u0259rar\u0131 qanuni deyil"}]},{"@type":"WebSite","@id":"https:\/\/www.meydan.tv\/az\/#website","url":"https:\/\/www.meydan.tv\/az\/","name":"MEYDAN.TV","description":"Meydan TV Az\u0259rbaycan\u0131n media m\u0259kan\u0131ndak\u0131 alternativ s\u0259sidir","publisher":{"@id":"https:\/\/www.meydan.tv\/az\/#organization"},"potentialAction":[{"@type":"SearchAction","target":{"@type":"EntryPoint","urlTemplate":"https:\/\/www.meydan.tv\/az\/?s={search_term_string}"},"query-input":{"@type":"PropertyValueSpecification","valueRequired":true,"valueName":"search_term_string"}}],"inLanguage":"az"},{"@type":"Organization","@id":"https:\/\/www.meydan.tv\/az\/#organization","name":"Meydan TV","url":"https:\/\/www.meydan.tv\/az\/","logo":{"@type":"ImageObject","inLanguage":"az","@id":"https:\/\/www.meydan.tv\/az\/#\/schema\/logo\/image\/","url":"https:\/\/www.meydan.tv\/wp-content\/uploads\/2021\/07\/meydan-logo.svg","contentUrl":"https:\/\/www.meydan.tv\/wp-content\/uploads\/2021\/07\/meydan-logo.svg","width":195,"height":46,"caption":"Meydan TV"},"image":{"@id":"https:\/\/www.meydan.tv\/az\/#\/schema\/logo\/image\/"}},{"@type":"Person","@id":"https:\/\/www.meydan.tv\/az\/#\/schema\/person\/10d11eccf6da3662cf5fdab9806ea91a","name":"user-manager"}]}},"_links":{"self":[{"href":"https:\/\/www.meydan.tv\/az\/wp-json\/wp\/v2\/posts\/180819","targetHints":{"allow":["GET"]}}],"collection":[{"href":"https:\/\/www.meydan.tv\/az\/wp-json\/wp\/v2\/posts"}],"about":[{"href":"https:\/\/www.meydan.tv\/az\/wp-json\/wp\/v2\/types\/post"}],"author":[{"embeddable":true,"href":"https:\/\/www.meydan.tv\/az\/wp-json\/wp\/v2\/users\/11"}],"replies":[{"embeddable":true,"href":"https:\/\/www.meydan.tv\/az\/wp-json\/wp\/v2\/comments?post=180819"}],"version-history":[{"count":0,"href":"https:\/\/www.meydan.tv\/az\/wp-json\/wp\/v2\/posts\/180819\/revisions"}],"wp:featuredmedia":[{"embeddable":true,"href":"https:\/\/www.meydan.tv\/az\/wp-json\/wp\/v2\/media\/74271"}],"wp:attachment":[{"href":"https:\/\/www.meydan.tv\/az\/wp-json\/wp\/v2\/media?parent=180819"}],"wp:term":[{"taxonomy":"category","embeddable":true,"href":"https:\/\/www.meydan.tv\/az\/wp-json\/wp\/v2\/categories?post=180819"},{"taxonomy":"post_tag","embeddable":true,"href":"https:\/\/www.meydan.tv\/az\/wp-json\/wp\/v2\/tags?post=180819"}],"curies":[{"name":"wp","href":"https:\/\/api.w.org\/{rel}","templated":true}]}}