{"id":180815,"date":"2016-11-29T13:59:50","date_gmt":"2016-11-29T13:59:50","guid":{"rendered":"https:\/\/www.meydan.tv\/article\/ermenistanda-qaz-ucuzlasir-azerbaycanda-ise-eksine\/"},"modified":"2016-11-29T13:59:50","modified_gmt":"2016-11-29T13:59:50","slug":"ermenistanda-qaz-ucuzlasir-azerbaycanda-ise-eksine","status":"publish","type":"post","link":"https:\/\/www.meydan.tv\/az\/article\/ermenistanda-qaz-ucuzlasir-azerbaycanda-ise-eksine\/","title":{"rendered":"Erm\u0259nistanda qaz ucuzla\u015f\u0131r, Az\u0259rbaycanda is\u0259 \u0259ksin\u0259"},"content":{"rendered":"<figure class=\"wp-block-image size-large\">\n  <img decoding=\"async\" src=\"https:\/\/www.meydan.tv\/az\/foto-sosial-sebeke-159\/\" alt=\"foto sosial \u015f\u0259b\u0259k\u0259\" class=\"wp-image-74265\"\/><figcaption>\n    foto sosial \u015f\u0259b\u0259k\u0259<br \/>\n  <\/figcaption><\/figure>\n<p>\n  <i><br \/>\n    Natiq C\u0259f\u0259rli: &#8221;Az\u0259rbaycan\u0131n qaz satd\u0131\u011f\u0131 \u00f6lk\u0259l\u0259rd\u0259 mavi yanaca\u011f\u0131n qiym\u0259ti endirilir, bizd\u0259 is\u0259 bahala\u015f\u0131r&#8221;<br \/>\n  <\/i>\n<\/p>\n<p>\n  Erm\u0259nistan h\u00f6kum\u0259ti \u00f6lk\u0259d\u0259 t\u0259bii qaz\u0131n daxili qiym\u0259tinin sal\u0131nmas\u0131 bar\u0259d\u0259 q\u0259rar verib. Azadl\u0131qRadiosunun erm\u0259ni xidm\u0259tinin m\u0259lumat\u0131na g\u00f6r\u0259, qaz\u0131n \u201c\u0259h\u0259miyy\u0259tli d\u0259r\u0259c\u0259d\u0259\u201d ucuzla\u015fd\u0131r\u0131lmas\u0131 t\u0259klifiyl\u0259 Erm\u0259nistan\u0131n Rusiyaya m\u0259xsus qazpaylama \u015f\u0259b\u0259k\u0259si \u00e7\u0131x\u0131\u015f edib.\n<\/p>\n<p>\n  <b><br \/>\n    <i><br \/>\n      Yanvar\u0131n 1-d\u0259 Erm\u0259nistanda v\u0259 Az\u0259rbaycanda\u2026<br \/>\n    <\/i><br \/>\n  <\/b>\n<\/p>\n<p>\n  Erm\u0259nistanda \u0130ctimai Xidm\u0259tl\u0259rin Nizamlanmas\u0131 Komissiyas\u0131n\u0131n a\u00e7\u0131qlamas\u0131nda deyilir ki, ev t\u0259s\u0259rr\u00fcfat\u0131nda i\u015fl\u0259n\u0259n t\u0259bii qaz\u0131n bir kubmetrinin qiym\u0259ti 5 faiz endirilir \u2013 147 dramdan 139 drama d\u00fc\u015f\u00fcr (29 AB\u015e senti v\u0259 ya 51 q\u0259pik). Azg\u0259lirli ail\u0259l\u0259r is\u0259 t\u0259bii qaz\u0131n h\u0259r kubmetrin\u0259 g\u00f6r\u0259 100 dram (21 sent) \u00f6d\u0259y\u0259 bil\u0259rl\u0259r. Ancaq bel\u0259 ail\u0259l\u0259r onlara d\u00fc\u015f\u0259n limiti ke\u00e7m\u0259dikl\u0259ri halda ucuz qazdan yararlanacaqlar. Korporativ, y\u0259ni \u00fcmumi istehlak\u00e7\u0131lardan \u00f6tr\u00fc Erm\u0259nistanda t\u0259bii qaz 15 faiz ucuzla\u015facaq. Bu istehlak\u00e7\u0131lar qaz\u0131n bir kubmetrin\u0259 116 dram (24 sent) \u00f6d\u0259y\u0259c\u0259kl\u0259r. \u0130stixana sahibl\u0259rin\u0259, \u0259rzaq m\u0259hsullar\u0131 istehsal ed\u0259nl\u0259r\u0259 daha \u00e7ox g\u00fcz\u0259\u015ft olunur, onlar qaz\u0131n h\u0259r kubmetrin\u0259 g\u00f6r\u0259 102 dram (21 sent) x\u0259rcl\u0259y\u0259c\u0259kl\u0259r. Az\u0259rbaycanda is\u0259 Tarif \u015euras\u0131 \u00f6lk\u0259d\u0259 t\u0259bii qaz\u0131n qiym\u0259tini qald\u0131rd\u0131. Art\u0131m illik istehlak h\u0259cmi 1500 kubmetrd\u0259n \u00e7ox olan hiss\u0259 \u00fc\u00e7\u00fcn n\u0259z\u0259rd\u0259 tutulub, bu c\u00fcr istifad\u0259\u00e7il\u0259r yanvar\u0131n 1-d\u0259n bir kubmetr\u0259 g\u00f6r\u0259 20 q\u0259pik, y\u0259ni 11.4 AB\u015e senti \u00f6d\u0259y\u0259c\u0259kl\u0259r.\n<\/p>\n<p>\n  <b><br \/>\n    <i><br \/>\n      Ucuzla\u015fma t\u0259klifi ba\u015f nazird\u0259n g\u0259lib<br \/>\n    <\/i><br \/>\n  <\/b>\n<\/p>\n<p>\n  Erm\u0259nistanda da qaz\u0131n ucuzla\u015fmas\u0131yla ba\u011fl\u0131 q\u0259rar g\u0259l\u0259n il, yanvar\u0131n 1-d\u0259n q\u00fcvv\u0259y\u0259 minir. Bundan c\u0259mi bir ne\u00e7\u0259 ay sonra is\u0259 \u00f6lk\u0259d\u0259 parlament se\u00e7kisi ke\u00e7iril\u0259c\u0259k v\u0259 s\u0259sverm\u0259d\u0259 hakim Respublika Partiyas\u0131n\u0131n qalib g\u0259l\u0259c\u0259yi g\u00f6zl\u0259nilir. Ucuzla\u015fma t\u0259klifini prezident Serzh Sarkisian-\u0131n sentyabrda t\u0259yin etdiyi ba\u015f nazir Karen Karapetian da ir\u0259li s\u00fcrm\u00fc\u015fd\u00fc. K.Karapetian son 5 ild\u0259 Rusiyada ya\u015fay\u0131b, Erm\u0259nistan\u0131n t\u0259bii qaz t\u0259l\u0259bat\u0131n\u0131n 80 faizini \u00f6d\u0259y\u0259n d\u00f6vl\u0259t \u015firk\u0259tind\u0259 \u2013 \u201cGazprom\u201dda r\u0259hb\u0259r v\u0259zif\u0259l\u0259rd\u0259 \u00e7al\u0131\u015f\u0131b, 2001-2010-cu ill\u0259rd\u0259 Erm\u0259nistana t\u0259bii qaz\u0131n \u00f6t\u00fcr\u00fclm\u0259si m\u0259s\u0259l\u0259l\u0259rin\u0259 bax\u0131b. O, Erm\u0259nistan\u0131n ba\u015f naziri v\u0259zif\u0259sin\u0259 t\u0259yin olunandan az sonra \u2013 noyabr\u0131n 1-d\u0259 \u201cGazprom\u201dun r\u0259hb\u0259ri Aleksei Miller Yerevana gedibmi\u015f. El\u0259 bu s\u0259f\u0259rd\u0259n sonra \u201cGazprom-Erm\u0259nistan\u201d operatoru t\u0259bii qaz\u0131n tarifl\u0259rinin endirilm\u0259si t\u0259klifini ir\u0259li s\u00fcr\u00fcb. Amma r\u0259smil\u0259r t\u0259s\u0259rr\u00fcfat \u00fc\u00e7\u00fcn n\u0259z\u0259rd\u0259 tutulmu\u015f ucuzla\u015fman\u0131n Erm\u0259nistanda t\u0259bii qaz\u0131n topdansat\u0131\u015f tarifini salmad\u0131\u011f\u0131n\u0131, qaz\u0131n h\u0259r min kubmetrinin yen\u0259 d\u0259 150 AB\u015e dollar\u0131 oldu\u011funu vur\u011fulay\u0131blar.\n<\/p>\n<p>\n  <b><br \/>\n    <i><br \/>\n      \u201cUcuzla\u015fma Gazprom-Erm\u0259nistan \u015firk\u0259tinin 13 milyard draml\u0131q g\u0259lird\u0259n m\u0259hrum olmas\u0131 il\u0259 n\u0259tic\u0259l\u0259n\u0259c\u0259k\u201d<br \/>\n    <\/i><br \/>\n  <\/b>\n<\/p>\n<p>\n  \u201cGazprom-Erm\u0259nistan\u201d\u0131n ba\u015f direktoru Hrant Tadevosian deyib ki, ucuzla\u015fma \u015firk\u0259tin ild\u0259 13 milyard draml\u0131q (27 milyon AB\u015e dollar\u0131) g\u0259lird\u0259n m\u0259hrum olmas\u0131yla sonuclanacaq. \u015eirk\u0259t bu itkini b\u00f6y\u00fck istehlak\u00e7\u0131lar\u0131n hesab\u0131na \u00f6d\u0259y\u0259c\u0259yin\u0259 \u00fcmidlidir. H.Tadevosian s\u00f6yl\u0259yib ki, G\u00fcrc\u00fcstan Rusiya qaz\u0131n\u0131 Erm\u0259nistana \u00f6t\u00fcrd\u00fcy\u00fcn\u0259 g\u00f6r\u0259 ald\u0131\u011f\u0131 tranzit haqq\u0131n\u0131 salsa, onlar\u0131n \u015firk\u0259ti ziyan\u0131n \u00f6hd\u0259sind\u0259n g\u0259l\u0259 bil\u0259r. Haz\u0131rda Tbilisi il\u0259 bu y\u00f6nd\u0259 dan\u0131\u015f\u0131qlar gedir.\n<\/p>\n<p>\n  Erm\u0259nistan h\u00f6kum\u0259ti ilin sonuna elektrik enerjisini d\u0259 ucuzla\u015fd\u0131rma\u011f\u0131 planlay\u0131r. \u00c7\u00fcnki \u00f6lk\u0259d\u0259 elektrik enerjisinin 1\/3-d\u0259n \u00e7oxu t\u0259bii qaz hesab\u0131na \u0259ld\u0259 olunur.\n<\/p>\n<p>\n  <b><br \/>\n    <i><br \/>\n      \u201cD\u00fcnyada ged\u0259n trendl\u0259r Az\u0259rbaycanda h\u0259mi\u015f\u0259 t\u0259rsin\u0259 olur\u201d<br \/>\n    <\/i><br \/>\n  <\/b>\n<\/p>\n<p>\n  Erm\u0259nistan h\u00f6kum\u0259tinin q\u0259rar\u0131yla Az\u0259rbaycan Tarif \u015euras\u0131n\u0131n 28 noyabr q\u0259rar\u0131 aras\u0131nda m\u00fcqayis\u0259 aparan iqtisad\u00e7\u0131 Natiq C\u0259f\u0259rli Meydan TV-y\u0259 deyib ki, b\u00fct\u00fcn \u00f6lk\u0259l\u0259rd\u0259 son 2 ild\u0259 istehlak\u00e7\u0131lara veril\u0259n qaz\u0131n qiym\u0259tind\u0259 ciddi endiriml\u0259r olub. Avropada 2014-c\u00fc ild\u0259 qaz\u0131n ortalama qiym\u0259ti 414-420 dollar aras\u0131 d\u0259yi\u015firdis\u0259, bu g\u00fcn r\u0259q\u0259m 230 dollara q\u0259d\u0259r enib:\n<\/p>\n<figure class=\"wp-block-image size-large\">\n  <img decoding=\"async\" src=\"https:\/\/www.meydan.tv\/az\/73034\/\" alt=\"\" class=\"wp-image-73034\"\/><figcaption>\n    Natiq C\u0259f\u0259rli foto Meydan TV<br \/>\n  <\/figcaption><\/figure>\n<p>\n  \u201cD\u00fcnyada qaz\u0131n qiym\u0259tinin d\u00fc\u015fm\u0259si istehlak\u00e7\u0131lara da t\u0259sir g\u00f6st\u0259rir v\u0259 b\u00fct\u00fcn \u00f6lk\u0259l\u0259rd\u0259 qiym\u0259tl\u0259rin enm\u0259si m\u00fc\u015fahid\u0259 olunur. H\u0259tta Amerika v\u0259t\u0259nda\u015flar\u0131 d\u00fcnyan\u0131n \u0259n ucuz qaz istehlak\u00e7\u0131lar\u0131ndan biridir. T\u0259qrib\u0259n 1000 kubmetrin\u0259 150 dollara yax\u0131n v\u0259sat x\u0259rcl\u0259yirl\u0259r. Orta ayl\u0131q \u0259m\u0259k haqqlar\u0131n\u0131 g\u00f6t\u00fcrd\u00fckd\u0259, \u00e7ox azd\u0131r. T\u0259\u0259ss\u00fcf ki, d\u00fcnyada ged\u0259n trendl\u0259r Az\u0259rbaycanda h\u0259mi\u015f\u0259 t\u0259rsin\u0259 olur. \u018fn q\u0259rib\u0259si Az\u0259rbaycan\u0131n qaz satd\u0131\u011f\u0131 \u00f6lk\u0259l\u0259rd\u0259 qiym\u0259t endiriml\u0259rinin m\u00fc\u015fahid\u0259 olunmas\u0131d\u0131r. M\u0259s\u0259l\u0259n, G\u00fcrc\u00fcstanda son zamanlar iki d\u0259f\u0259 az da olsa endirim oldu. Yanvardan da daha 10 faiz endirim olmas\u0131 g\u00f6zl\u0259nilir. Bu prosesl\u0259r onu dem\u0259y\u0259 \u0259sas verir ki, Az\u0259rbaycan qaz istehsal\u00e7\u0131s\u0131 olmas\u0131na baxmayaraq, qiym\u0259tl\u0259rin t\u0259nziml\u0259nm\u0259sind\u0259 ciddi probleml\u0259r var\u201d.\n<\/p>\n<p>\n  <b><br \/>\n    <i><br \/>\n      \u201cH\u00f6kum\u0259t g\u0259lir yerl\u0259rinin art\u0131r\u0131lmas\u0131nda v\u0259 b\u00fcdc\u0259nin formala\u015fmas\u0131ndak\u0131 y\u00fck\u00fc \u0259halinin \u00fcz\u0259rin\u0259 qoyur\u201d<br \/>\n    <\/i><br \/>\n  <\/b>\n<\/p>\n<p>\n  N.C\u0259f\u0259rli bildirib ki, Erm\u0259nistan qaz\u0131 G\u00fcrc\u00fcstan \u00fcz\u0259rind\u0259n Rusiyadan al\u0131r. Buna baxmayaraq, Rusiya ba\u015fqa \u00f6lk\u0259l\u0259r\u0259 oldu\u011fu kimi Erm\u0259nistana da endirim edir. H\u00f6kum\u0259t d\u0259 h\u0259min endirimi \u0259halinin isifad\u0259 etdiyi qaz\u0131n qiym\u0259tind\u0259n \u00e7\u0131x\u0131r. T\u0259qrib\u0259n 5 faiz\u0259 yax\u0131n endirim olacaq. Amma Erm\u0259nistanda qaz\u0131n qiym\u0259ti bizd\u0259n 2 d\u0259f\u0259d\u0259n \u00e7ox bahad\u0131r v\u0259 bunun obyektiv s\u0259b\u0259bi onlar\u0131n qaz\u0131 Rusiyadan almas\u0131d\u0131r:\n<\/p>\n<p>\n  \u201cAz\u0259rbaycan is\u0259 qaz istehsal\u00e7\u0131s\u0131d\u0131r. 28 noyabr q\u0259rar\u0131n\u0131n birinci s\u0259b\u0259bi b\u00fcdc\u0259 g\u0259lirl\u0259rind\u0259ki problemdir. H\u00f6kum\u0259t ciddi islahat q\u0259rarlar\u0131 verm\u0259kd\u0259ns\u0259, g\u0259lir yerl\u0259rinin art\u0131r\u0131lmas\u0131nda v\u0259 b\u00fcdc\u0259nin formala\u015fmas\u0131ndak\u0131 y\u00fck\u00fc \u0259halinin \u00fcz\u0259rin\u0259 qoyur. \u0130kincisi, Az\u0259rbaycan\u0131n G\u00fcrc\u00fcstan v\u0259 T\u00fcrkiy\u0259y\u0259 \u0259lav\u0259 qaz satmaq \u00f6hd\u0259liyi var. Birinciy\u0259 500 milyon kubmetr, ikinciy\u0259 son 10 ayda 13 faiz qaz ixrac\u0131 art\u0131b. Xat\u0131rlay\u0131rs\u0131n\u0131zsa, G\u00fcrc\u00fcstan Az\u0259rbaycan\u0131 qaz m\u0259s\u0259l\u0259sind\u0259 \u015fantaj etdi. A\u00e7\u0131q dedil\u0259r ki, Rusiya v\u0259 \u0130ranla qaz anla\u015fmas\u0131na ged\u0259 bil\u0259rl\u0259r. H\u00f6kum\u0259t d\u0259 g\u00fcz\u0259\u015ft\u0259 getdi. Bel\u0259 \u00e7\u0131x\u0131r ki, h\u00f6kum\u0259t daxili bazarda \u0259halinin hesab\u0131na q\u0259na\u0259t\u0259 getm\u0259kl\u0259 \u00f6hd\u0259likl\u0259rini yerin\u0259 yetirm\u0259yi d\u00fc\u015f\u00fcn\u00fcr. Bunun hesab\u0131na G\u00fcrc\u00fcstan v\u0259 T\u00fcrkiy\u0259y\u0259 \u0259lav\u0259 qaz sat\u0131b az da olsa, valyuta almaq ist\u0259yir. Bel\u0259likl\u0259, sadalad\u0131\u011f\u0131m s\u0259b\u0259bl\u0259r n\u0259tic\u0259 etibar\u0131yla 28 noyabr q\u0259rar\u0131na g\u0259tirdib \u00e7\u0131xartd\u0131\u201d.\n<\/p>\n<p>\n  <b><br \/>\n    <i><br \/>\n      \u201cH\u00f6kum\u0259t son qiym\u0259t art\u0131m\u0131nda \u0259lav\u0259 300 milyon manata yax\u0131n vasait g\u00f6t\u00fcr\u0259c\u0259k\u201d<br \/>\n    <\/i><br \/>\n  <\/b>\n<\/p>\n<p>\n  \u0130qtisad\u00e7\u0131 bildirir ki, g\u00f6r\u00fcn\u00fcr, h\u00f6kum\u0259t probleml\u0259rin ciddi h\u0259llin\u0259 \u00e7al\u0131\u015fmaqdansa, \u0259halinin belin\u0259 \u0259lav\u0259 y\u00fckl\u0259r qoymaqla m\u0259\u015f\u011fuldur: \u201cT\u0259qribi hesablamalara g\u00f6r\u0259 h\u00f6kum\u0259t son qiym\u0259t art\u0131m\u0131nda \u0259lav\u0259 300 milyon manata yax\u0131n vasait g\u00f6t\u00fcr\u0259c\u0259k. G\u0259l\u0259n il \u0130slam Oyunlar\u0131 v\u0259 Formula 1 yar\u0131\u015flar\u0131na is\u0259 317 mln. manat x\u0259rcl\u0259n\u0259c\u0259k. Bu m\u0259ntiqsizlik v\u0259 uy\u011funsuzluq v\u0259t\u0259nda\u015flarda ciddi t\u0259pkiy\u0259 yol a\u00e7\u0131r. \u00c7\u00fcnki h\u0259min idman yar\u0131\u015flar\u0131n\u0131n Az\u0259rbaycan\u0131n tan\u0131t\u0131ma ver\u0259c\u0259yi xeyir sual alt\u0131ndad\u0131r. \u018fn b\u00f6y\u00fck x\u0259rcl\u0259m\u0259l\u0259rimiz Avropa Oyunlar\u0131nda oldu, amma o vaxt g\u0259l\u0259n turistl\u0259rin say\u0131 \u0259vv\u0259lki il\u0259 nisb\u0259t\u0259n 15 faiz azalm\u0131\u015fd\u0131. Dem\u0259li, bu tipli oyunlarla \u00f6lk\u0259y\u0259 \u0259lav\u0259 turist c\u0259lb etm\u0259k m\u00fcmk\u00fcns\u00fczd\u00fcr. T\u0259\u0259ss\u00fcf ki, h\u00f6kum\u0259t ba\u015f ver\u0259nl\u0259rd\u0259n n\u0259tic\u0259 \u00e7\u0131xartm\u0131r v\u0259 h\u0259l\u0259 d\u0259 idman oyunlar\u0131 vasit\u0259sil\u0259 m\u00fc\u0259yy\u0259n tan\u0131t\u0131m\u0131n h\u0259yata ke\u00e7ir\u0259c\u0259yini d\u00fc\u015f\u00fcn\u00fcr. Bu is\u0259 \u0259ksin\u0259 i\u015fl\u0259yir v\u0259 insanlarda q\u0131c\u0131q, daxili etiraza s\u0259b\u0259b olur&#8221;.<\/p>\n","protected":false},"excerpt":{"rendered":"<p>Natiq C\u0259f\u0259rli: &#8221;Az\u0259rbaycan\u0131n qaz satd\u0131\u011f\u0131 \u00f6lk\u0259l\u0259rd\u0259 mavi yanaca\u011f\u0131n qiym\u0259ti endirilir, bizd\u0259 is\u0259 bahala\u015f\u0131r&#8221;<\/p>\n","protected":false},"author":11,"featured_media":74265,"comment_status":"closed","ping_status":"open","sticky":false,"template":"","format":"standard","meta":{"_acf_changed":false,"_sitemap_exclude":false,"_sitemap_priority":"","_sitemap_frequency":"","footnotes":""},"categories":[51],"tags":[],"class_list":["post-180815","post","type-post","status-publish","format-standard","has-post-thumbnail","hentry","category-analitika","infinite-scroll-item","generate-columns","tablet-grid-50","mobile-grid-100","grid-parent","grid-33","no-featured-image-padding"],"acf":[],"yoast_head":"<!-- This site is optimized with the Yoast SEO plugin v27.5 - https:\/\/yoast.com\/product\/yoast-seo-wordpress\/ -->\n<title>Erm\u0259nistanda qaz ucuzla\u015f\u0131r, Az\u0259rbaycanda is\u0259 \u0259ksin\u0259 - MEYDAN.TV<\/title>\n<meta name=\"robots\" content=\"index, follow, max-snippet:-1, max-image-preview:large, max-video-preview:-1\" \/>\n<link rel=\"canonical\" href=\"https:\/\/www.meydan.tv\/az\/article\/ermenistanda-qaz-ucuzlasir-azerbaycanda-ise-eksine\/\" \/>\n<meta property=\"og:locale\" content=\"az_AZ\" \/>\n<meta property=\"og:type\" content=\"article\" \/>\n<meta property=\"og:title\" content=\"Erm\u0259nistanda qaz ucuzla\u015f\u0131r, Az\u0259rbaycanda is\u0259 \u0259ksin\u0259 - MEYDAN.TV\" \/>\n<meta property=\"og:description\" content=\"Natiq C\u0259f\u0259rli: &#039;&#039;Az\u0259rbaycan\u0131n qaz satd\u0131\u011f\u0131 \u00f6lk\u0259l\u0259rd\u0259 mavi yanaca\u011f\u0131n qiym\u0259ti endirilir, bizd\u0259 is\u0259 bahala\u015f\u0131r&#039;&#039;\" \/>\n<meta property=\"og:url\" content=\"https:\/\/www.meydan.tv\/az\/article\/ermenistanda-qaz-ucuzlasir-azerbaycanda-ise-eksine\/\" \/>\n<meta property=\"og:site_name\" content=\"MEYDAN.TV\" \/>\n<meta property=\"article:published_time\" content=\"2016-11-29T13:59:50+00:00\" \/>\n<meta property=\"og:image\" content=\"https:\/\/www.meydan.tv\/wp-content\/uploads\/28677.jpg\" \/>\n\t<meta property=\"og:image:width\" content=\"800\" \/>\n\t<meta property=\"og:image:height\" content=\"600\" \/>\n\t<meta property=\"og:image:type\" content=\"image\/jpeg\" \/>\n<meta name=\"author\" content=\"user-manager\" \/>\n<meta name=\"twitter:card\" content=\"summary_large_image\" \/>\n<script type=\"application\/ld+json\" class=\"yoast-schema-graph\">{\"@context\":\"https:\\\/\\\/schema.org\",\"@graph\":[{\"@type\":\"Article\",\"@id\":\"https:\\\/\\\/www.meydan.tv\\\/az\\\/article\\\/ermenistanda-qaz-ucuzlasir-azerbaycanda-ise-eksine\\\/#article\",\"isPartOf\":{\"@id\":\"https:\\\/\\\/www.meydan.tv\\\/az\\\/article\\\/ermenistanda-qaz-ucuzlasir-azerbaycanda-ise-eksine\\\/\"},\"author\":{\"name\":\"user-manager\",\"@id\":\"https:\\\/\\\/www.meydan.tv\\\/az\\\/#\\\/schema\\\/person\\\/10d11eccf6da3662cf5fdab9806ea91a\"},\"headline\":\"Erm\u0259nistanda qaz ucuzla\u015f\u0131r, Az\u0259rbaycanda is\u0259 \u0259ksin\u0259\",\"datePublished\":\"2016-11-29T13:59:50+00:00\",\"mainEntityOfPage\":{\"@id\":\"https:\\\/\\\/www.meydan.tv\\\/az\\\/article\\\/ermenistanda-qaz-ucuzlasir-azerbaycanda-ise-eksine\\\/\"},\"wordCount\":1489,\"publisher\":{\"@id\":\"https:\\\/\\\/www.meydan.tv\\\/az\\\/#organization\"},\"image\":{\"@id\":\"https:\\\/\\\/www.meydan.tv\\\/az\\\/article\\\/ermenistanda-qaz-ucuzlasir-azerbaycanda-ise-eksine\\\/#primaryimage\"},\"thumbnailUrl\":\"https:\\\/\\\/www.meydan.tv\\\/wp-content\\\/uploads\\\/28677.jpg\",\"articleSection\":[\"Analitika\"],\"inLanguage\":\"az\"},{\"@type\":\"WebPage\",\"@id\":\"https:\\\/\\\/www.meydan.tv\\\/az\\\/article\\\/ermenistanda-qaz-ucuzlasir-azerbaycanda-ise-eksine\\\/\",\"url\":\"https:\\\/\\\/www.meydan.tv\\\/az\\\/article\\\/ermenistanda-qaz-ucuzlasir-azerbaycanda-ise-eksine\\\/\",\"name\":\"Erm\u0259nistanda qaz ucuzla\u015f\u0131r, Az\u0259rbaycanda is\u0259 \u0259ksin\u0259 - MEYDAN.TV\",\"isPartOf\":{\"@id\":\"https:\\\/\\\/www.meydan.tv\\\/az\\\/#website\"},\"primaryImageOfPage\":{\"@id\":\"https:\\\/\\\/www.meydan.tv\\\/az\\\/article\\\/ermenistanda-qaz-ucuzlasir-azerbaycanda-ise-eksine\\\/#primaryimage\"},\"image\":{\"@id\":\"https:\\\/\\\/www.meydan.tv\\\/az\\\/article\\\/ermenistanda-qaz-ucuzlasir-azerbaycanda-ise-eksine\\\/#primaryimage\"},\"thumbnailUrl\":\"https:\\\/\\\/www.meydan.tv\\\/wp-content\\\/uploads\\\/28677.jpg\",\"datePublished\":\"2016-11-29T13:59:50+00:00\",\"breadcrumb\":{\"@id\":\"https:\\\/\\\/www.meydan.tv\\\/az\\\/article\\\/ermenistanda-qaz-ucuzlasir-azerbaycanda-ise-eksine\\\/#breadcrumb\"},\"inLanguage\":\"az\",\"potentialAction\":[{\"@type\":\"ReadAction\",\"target\":[\"https:\\\/\\\/www.meydan.tv\\\/az\\\/article\\\/ermenistanda-qaz-ucuzlasir-azerbaycanda-ise-eksine\\\/\"]}]},{\"@type\":\"ImageObject\",\"inLanguage\":\"az\",\"@id\":\"https:\\\/\\\/www.meydan.tv\\\/az\\\/article\\\/ermenistanda-qaz-ucuzlasir-azerbaycanda-ise-eksine\\\/#primaryimage\",\"url\":\"https:\\\/\\\/www.meydan.tv\\\/wp-content\\\/uploads\\\/28677.jpg\",\"contentUrl\":\"https:\\\/\\\/www.meydan.tv\\\/wp-content\\\/uploads\\\/28677.jpg\",\"width\":800,\"height\":600,\"caption\":\"Source:\"},{\"@type\":\"BreadcrumbList\",\"@id\":\"https:\\\/\\\/www.meydan.tv\\\/az\\\/article\\\/ermenistanda-qaz-ucuzlasir-azerbaycanda-ise-eksine\\\/#breadcrumb\",\"itemListElement\":[{\"@type\":\"ListItem\",\"position\":1,\"name\":\"Ana s\u0259hif\u0259\",\"item\":\"https:\\\/\\\/www.meydan.tv\\\/az\\\/\"},{\"@type\":\"ListItem\",\"position\":2,\"name\":\"Analitika\",\"item\":\"https:\\\/\\\/www.meydan.tv\\\/az\\\/section\\\/analitika\\\/\"},{\"@type\":\"ListItem\",\"position\":3,\"name\":\"Erm\u0259nistanda qaz ucuzla\u015f\u0131r, Az\u0259rbaycanda is\u0259 \u0259ksin\u0259\"}]},{\"@type\":\"WebSite\",\"@id\":\"https:\\\/\\\/www.meydan.tv\\\/az\\\/#website\",\"url\":\"https:\\\/\\\/www.meydan.tv\\\/az\\\/\",\"name\":\"MEYDAN.TV\",\"description\":\"Meydan TV Az\u0259rbaycan\u0131n media m\u0259kan\u0131ndak\u0131 alternativ s\u0259sidir\",\"publisher\":{\"@id\":\"https:\\\/\\\/www.meydan.tv\\\/az\\\/#organization\"},\"potentialAction\":[{\"@type\":\"SearchAction\",\"target\":{\"@type\":\"EntryPoint\",\"urlTemplate\":\"https:\\\/\\\/www.meydan.tv\\\/az\\\/?s={search_term_string}\"},\"query-input\":{\"@type\":\"PropertyValueSpecification\",\"valueRequired\":true,\"valueName\":\"search_term_string\"}}],\"inLanguage\":\"az\"},{\"@type\":\"Organization\",\"@id\":\"https:\\\/\\\/www.meydan.tv\\\/az\\\/#organization\",\"name\":\"Meydan TV\",\"url\":\"https:\\\/\\\/www.meydan.tv\\\/az\\\/\",\"logo\":{\"@type\":\"ImageObject\",\"inLanguage\":\"az\",\"@id\":\"https:\\\/\\\/www.meydan.tv\\\/az\\\/#\\\/schema\\\/logo\\\/image\\\/\",\"url\":\"https:\\\/\\\/www.meydan.tv\\\/wp-content\\\/uploads\\\/2021\\\/07\\\/meydan-logo.svg\",\"contentUrl\":\"https:\\\/\\\/www.meydan.tv\\\/wp-content\\\/uploads\\\/2021\\\/07\\\/meydan-logo.svg\",\"width\":195,\"height\":46,\"caption\":\"Meydan TV\"},\"image\":{\"@id\":\"https:\\\/\\\/www.meydan.tv\\\/az\\\/#\\\/schema\\\/logo\\\/image\\\/\"}},{\"@type\":\"Person\",\"@id\":\"https:\\\/\\\/www.meydan.tv\\\/az\\\/#\\\/schema\\\/person\\\/10d11eccf6da3662cf5fdab9806ea91a\",\"name\":\"user-manager\"}]}<\/script>\n<!-- \/ Yoast SEO plugin. -->","yoast_head_json":{"title":"Erm\u0259nistanda qaz ucuzla\u015f\u0131r, Az\u0259rbaycanda is\u0259 \u0259ksin\u0259 - MEYDAN.TV","robots":{"index":"index","follow":"follow","max-snippet":"max-snippet:-1","max-image-preview":"max-image-preview:large","max-video-preview":"max-video-preview:-1"},"canonical":"https:\/\/www.meydan.tv\/az\/article\/ermenistanda-qaz-ucuzlasir-azerbaycanda-ise-eksine\/","og_locale":"az_AZ","og_type":"article","og_title":"Erm\u0259nistanda qaz ucuzla\u015f\u0131r, Az\u0259rbaycanda is\u0259 \u0259ksin\u0259 - MEYDAN.TV","og_description":"Natiq C\u0259f\u0259rli: ''Az\u0259rbaycan\u0131n qaz satd\u0131\u011f\u0131 \u00f6lk\u0259l\u0259rd\u0259 mavi yanaca\u011f\u0131n qiym\u0259ti endirilir, bizd\u0259 is\u0259 bahala\u015f\u0131r''","og_url":"https:\/\/www.meydan.tv\/az\/article\/ermenistanda-qaz-ucuzlasir-azerbaycanda-ise-eksine\/","og_site_name":"MEYDAN.TV","article_published_time":"2016-11-29T13:59:50+00:00","og_image":[{"width":800,"height":600,"url":"https:\/\/www.meydan.tv\/wp-content\/uploads\/28677.jpg","type":"image\/jpeg"}],"author":"user-manager","twitter_card":"summary_large_image","schema":{"@context":"https:\/\/schema.org","@graph":[{"@type":"Article","@id":"https:\/\/www.meydan.tv\/az\/article\/ermenistanda-qaz-ucuzlasir-azerbaycanda-ise-eksine\/#article","isPartOf":{"@id":"https:\/\/www.meydan.tv\/az\/article\/ermenistanda-qaz-ucuzlasir-azerbaycanda-ise-eksine\/"},"author":{"name":"user-manager","@id":"https:\/\/www.meydan.tv\/az\/#\/schema\/person\/10d11eccf6da3662cf5fdab9806ea91a"},"headline":"Erm\u0259nistanda qaz ucuzla\u015f\u0131r, Az\u0259rbaycanda is\u0259 \u0259ksin\u0259","datePublished":"2016-11-29T13:59:50+00:00","mainEntityOfPage":{"@id":"https:\/\/www.meydan.tv\/az\/article\/ermenistanda-qaz-ucuzlasir-azerbaycanda-ise-eksine\/"},"wordCount":1489,"publisher":{"@id":"https:\/\/www.meydan.tv\/az\/#organization"},"image":{"@id":"https:\/\/www.meydan.tv\/az\/article\/ermenistanda-qaz-ucuzlasir-azerbaycanda-ise-eksine\/#primaryimage"},"thumbnailUrl":"https:\/\/www.meydan.tv\/wp-content\/uploads\/28677.jpg","articleSection":["Analitika"],"inLanguage":"az"},{"@type":"WebPage","@id":"https:\/\/www.meydan.tv\/az\/article\/ermenistanda-qaz-ucuzlasir-azerbaycanda-ise-eksine\/","url":"https:\/\/www.meydan.tv\/az\/article\/ermenistanda-qaz-ucuzlasir-azerbaycanda-ise-eksine\/","name":"Erm\u0259nistanda qaz ucuzla\u015f\u0131r, Az\u0259rbaycanda is\u0259 \u0259ksin\u0259 - MEYDAN.TV","isPartOf":{"@id":"https:\/\/www.meydan.tv\/az\/#website"},"primaryImageOfPage":{"@id":"https:\/\/www.meydan.tv\/az\/article\/ermenistanda-qaz-ucuzlasir-azerbaycanda-ise-eksine\/#primaryimage"},"image":{"@id":"https:\/\/www.meydan.tv\/az\/article\/ermenistanda-qaz-ucuzlasir-azerbaycanda-ise-eksine\/#primaryimage"},"thumbnailUrl":"https:\/\/www.meydan.tv\/wp-content\/uploads\/28677.jpg","datePublished":"2016-11-29T13:59:50+00:00","breadcrumb":{"@id":"https:\/\/www.meydan.tv\/az\/article\/ermenistanda-qaz-ucuzlasir-azerbaycanda-ise-eksine\/#breadcrumb"},"inLanguage":"az","potentialAction":[{"@type":"ReadAction","target":["https:\/\/www.meydan.tv\/az\/article\/ermenistanda-qaz-ucuzlasir-azerbaycanda-ise-eksine\/"]}]},{"@type":"ImageObject","inLanguage":"az","@id":"https:\/\/www.meydan.tv\/az\/article\/ermenistanda-qaz-ucuzlasir-azerbaycanda-ise-eksine\/#primaryimage","url":"https:\/\/www.meydan.tv\/wp-content\/uploads\/28677.jpg","contentUrl":"https:\/\/www.meydan.tv\/wp-content\/uploads\/28677.jpg","width":800,"height":600,"caption":"Source:"},{"@type":"BreadcrumbList","@id":"https:\/\/www.meydan.tv\/az\/article\/ermenistanda-qaz-ucuzlasir-azerbaycanda-ise-eksine\/#breadcrumb","itemListElement":[{"@type":"ListItem","position":1,"name":"Ana s\u0259hif\u0259","item":"https:\/\/www.meydan.tv\/az\/"},{"@type":"ListItem","position":2,"name":"Analitika","item":"https:\/\/www.meydan.tv\/az\/section\/analitika\/"},{"@type":"ListItem","position":3,"name":"Erm\u0259nistanda qaz ucuzla\u015f\u0131r, Az\u0259rbaycanda is\u0259 \u0259ksin\u0259"}]},{"@type":"WebSite","@id":"https:\/\/www.meydan.tv\/az\/#website","url":"https:\/\/www.meydan.tv\/az\/","name":"MEYDAN.TV","description":"Meydan TV Az\u0259rbaycan\u0131n media m\u0259kan\u0131ndak\u0131 alternativ s\u0259sidir","publisher":{"@id":"https:\/\/www.meydan.tv\/az\/#organization"},"potentialAction":[{"@type":"SearchAction","target":{"@type":"EntryPoint","urlTemplate":"https:\/\/www.meydan.tv\/az\/?s={search_term_string}"},"query-input":{"@type":"PropertyValueSpecification","valueRequired":true,"valueName":"search_term_string"}}],"inLanguage":"az"},{"@type":"Organization","@id":"https:\/\/www.meydan.tv\/az\/#organization","name":"Meydan TV","url":"https:\/\/www.meydan.tv\/az\/","logo":{"@type":"ImageObject","inLanguage":"az","@id":"https:\/\/www.meydan.tv\/az\/#\/schema\/logo\/image\/","url":"https:\/\/www.meydan.tv\/wp-content\/uploads\/2021\/07\/meydan-logo.svg","contentUrl":"https:\/\/www.meydan.tv\/wp-content\/uploads\/2021\/07\/meydan-logo.svg","width":195,"height":46,"caption":"Meydan TV"},"image":{"@id":"https:\/\/www.meydan.tv\/az\/#\/schema\/logo\/image\/"}},{"@type":"Person","@id":"https:\/\/www.meydan.tv\/az\/#\/schema\/person\/10d11eccf6da3662cf5fdab9806ea91a","name":"user-manager"}]}},"_links":{"self":[{"href":"https:\/\/www.meydan.tv\/az\/wp-json\/wp\/v2\/posts\/180815","targetHints":{"allow":["GET"]}}],"collection":[{"href":"https:\/\/www.meydan.tv\/az\/wp-json\/wp\/v2\/posts"}],"about":[{"href":"https:\/\/www.meydan.tv\/az\/wp-json\/wp\/v2\/types\/post"}],"author":[{"embeddable":true,"href":"https:\/\/www.meydan.tv\/az\/wp-json\/wp\/v2\/users\/11"}],"replies":[{"embeddable":true,"href":"https:\/\/www.meydan.tv\/az\/wp-json\/wp\/v2\/comments?post=180815"}],"version-history":[{"count":0,"href":"https:\/\/www.meydan.tv\/az\/wp-json\/wp\/v2\/posts\/180815\/revisions"}],"wp:featuredmedia":[{"embeddable":true,"href":"https:\/\/www.meydan.tv\/az\/wp-json\/wp\/v2\/media\/74265"}],"wp:attachment":[{"href":"https:\/\/www.meydan.tv\/az\/wp-json\/wp\/v2\/media?parent=180815"}],"wp:term":[{"taxonomy":"category","embeddable":true,"href":"https:\/\/www.meydan.tv\/az\/wp-json\/wp\/v2\/categories?post=180815"},{"taxonomy":"post_tag","embeddable":true,"href":"https:\/\/www.meydan.tv\/az\/wp-json\/wp\/v2\/tags?post=180815"}],"curies":[{"name":"wp","href":"https:\/\/api.w.org\/{rel}","templated":true}]}}