{"id":180810,"date":"2016-11-29T01:37:35","date_gmt":"2016-11-29T01:37:35","guid":{"rendered":"https:\/\/www.meydan.tv\/article\/fidel-nece-heyderin-cangudeni-oldu\/"},"modified":"2016-11-29T01:37:35","modified_gmt":"2016-11-29T01:37:35","slug":"fidel-nece-heyderin-cangudeni-oldu","status":"publish","type":"post","link":"https:\/\/www.meydan.tv\/az\/article\/fidel-nece-heyderin-cangudeni-oldu\/","title":{"rendered":"&#8221;Fidel&#8221; nec\u0259 Heyd\u0259rin cang\u00fcd\u0259ni oldu?"},"content":{"rendered":"<figure class=\"wp-block-image size-large\">\n  <img decoding=\"async\" src=\"https:\/\/www.meydan.tv\/az\/fidel-castro-smokes-a-cigar-during-his-meeting-with-two-u-s-senators-the-first-to-visit-castros-cuba-in-havana-cuba-sept-29-1974-ap-photo\/\" alt=\"Fidel Castro,  smokes a cigar during his meeting with two U.S. senators, the first to visit Castro&#8217;s Cuba, in Havana, Cuba, Sept. 29, 1974.  (AP Photo)\" class=\"wp-image-74256\"\/><figcaption>\n    Fidel Castro,  smokes a cigar during his meeting with two U.S. senators, the first to visit Castro&#8217;s Cuba, in Havana, Cuba, Sept. 29, 1974.  (AP Photo)<br \/>\n  <\/figcaption><\/figure>\n<figure class=\"wp-block-image size-large\">\n  <img decoding=\"async\" src=\"https:\/\/www.meydan.tv\/az\/elmir-mirzeyev\/\" alt=\"Elmir Mirzeyev\" class=\"wp-image-74259\"\/><figcaption>\n    Elmir Mirzeyev<br \/>\n  <\/figcaption><\/figure>\n<p>\n  Komandante Fidel getdi, getm\u0259yil\u0259 d\u0259 al\u0259mi qatd\u0131 bir-birin\u0259\n<\/p>\n<p>\n  Komandante haqda t\u0259z\u0259 se\u00e7ilmi\u015f AB\u015e prezidenti Trump dedi ki,<br \/>\n  <a href=\"https:\/\/www.washingtonpost.com\/news\/the-fix\/wp\/2016\/11\/26\/here-is-donald-trumps-reaction-to-fidel-castros-death\/?hpid=hp_rhp-banner-main_fix-trump-838am%3Ahomepage%2Fstory\" target=\"_blank\" rel=\"noopener\"><br \/>\n    &#8220;a brutal dictator&#8221;<br \/>\n  <\/a><br \/>\n  (dem\u0259, brutal diktaroruymu\u015f can\u0131yanm\u0131\u015f), Kanadan\u0131n ba\u015f naziri Justin Trudeau \u0259ksin\u0259, adam\u0131<br \/>\n  <a href=\"https:\/\/www.washingtonpost.com\/news\/worldviews\/wp\/2016\/11\/26\/trudeau-called-castro-a-remarkable-leader-twitter-imagined-what-he-would-say-about-stalin\/?postshare=1131480187009022&amp;tid=ss_tw\" target=\"_blank\" rel=\"noopener\"><br \/>\n    &#8220;remarkable leader&#8221;<br \/>\n  <\/a><br \/>\n  (koro\u00e7i, \u0259jdaha lider) adland\u0131rd\u0131, s\u00f6hb\u0259tin m\u00f6h\u00fcr\u00fcn\u00fc d\u0259 imperator \u0259lah\u0259zr\u0259tl\u0259ri Putin<br \/>\n  <a href=\"https:\/\/lenta.ru\/news\/2016\/11\/26\/putinissorry\/\" target=\"_blank\" rel=\"noopener\"><br \/>\n    &#8220;d\u00f6vr\u00fcn r\u0259mzi&#8221;<br \/>\n  <\/a><br \/>\n  ibar\u0259si il\u0259 vurdu.\n<\/p>\n<p>\n  Sol\u00e7ular\u0131m\u0131z a\u011flad\u0131, d\u0259rd\u0259-q\u0259m\u0259 d\u00fc\u015fd\u00fc, sa\u011f\u00e7\u0131lar\u0131m\u0131z sevindi, camaata da m\u00f6vzu oldu ki, bir d\u0259 desin: &#8220;yax\u015f\u0131 ki\u015fi idi, Brejnevin d\u00f6vr\u00fcnd\u0259 kef el\u0259mi\u015fdux&#8221;.\n<\/p>\n<p>\n  Haz\u0131rda Kubada nec\u0259 bir rejimin oldu\u011fu ba\u015fqa m\u00f6vzudur, zat\u0259n indiy\u0259 kimi \u0259rza\u011f\u0131n karto\u00e7ka sistemi il\u0259 al\u0131nd\u0131\u011f\u0131 \u00f6lk\u0259 haqda n\u0259 dem\u0259k olar ki? Xatirimd\u0259dir, hardasa 2004-d\u0259 TV-d\u0259 orada ilk komp\u00fcter d\u00fckan\u0131n\u0131n a\u00e7\u0131l\u0131\u015f\u0131n\u0131 g\u00f6st\u0259rmi\u015fdil\u0259r, camaat g\u00f6z\u00fcn\u00fc b\u0259r\u0259ldib vitrinl\u0259r\u0259 mat-mat bax\u0131rd\u0131. 2013-d\u0259 \u0130sve\u00e7r\u0259d\u0259 b\u0259st\u0259kar kimi bir yarad\u0131c\u0131l\u0131q evind\u0259 \u00e7al\u0131\u015fark\u0259n oradak\u0131 kubal\u0131 r\u0259ssamla tan\u0131\u015fd\u0131q, adam biz\u0259 dan\u0131\u015f\u0131rd\u0131 ki, e-maili a\u00e7maq \u00fc\u00e7\u00fcn orada nazirliy\u0259 gedib \u0259riz\u0259 yazmal\u0131san ki, hans\u0131 m\u0259qs\u0259dl\u0259rl\u0259 o s\u0259n\u0259 laz\u0131md\u0131r.\n<\/p>\n<p>\n  Oradak\u0131 konslager \u015f\u0259b\u0259k\u0259si, repressiya ma\u015f\u0131n\u0131, dahi liderin 60 il \u0259rzind\u0259 nec\u0259 bir ustal\u0131qla yaratd\u0131\u011f\u0131 h\u0259rbi-polis rejimi haqda l\u00fctf\u0259n internetd\u0259n oxuyun, \u00e7ox maraql\u0131 olar bilm\u0259y\u0259nl\u0259r \u00fc\u00e7\u00fcn.\n<\/p>\n<p>\n  \u0130ndi is\u0259 dahi lider haqda Az\u0259rbaycanda ba\u015f vermi\u015f, \u00f6z\u00fcn\u00fcn d\u0259 he\u00e7 zaman x\u0259b\u0259ri olmayan bir \u0259hvalat\u0131 n\u0259ql etm\u0259k ist\u0259yir\u0259m, \u00e7\u00fcnki bunu yazmaq \u00fc\u00e7\u00fcn bel\u0259 f\u00fcrs\u0259t bir daha olmayacaq.\n<\/p>\n<p>\n  Dem\u0259li, \u0259hvalat vaqe olur 25 il \u00f6nc\u0259, 1991-ci ilin bahar\u0131nda. O d\u00f6vr Az\u0259rbaycanda \u00e7oxu \u00fc\u00e7\u00fcn b\u00f6y\u00fck \u00fcmidl\u0259r zaman\u0131 idi, birc\u0259 m\u0259nd\u0259n ba\u015fqa. G\u0259nc olma\u011f\u0131ma r\u0259\u011fm\u0259n ba\u015f ver\u0259nl\u0259rd\u0259n yax\u015f\u0131 n\u0259s\u0259 g\u00f6zl\u0259mirdim. Az\u0259rbaycanda M\u00fct\u0259llibov hakimiyy\u0259ti \u00f6z\u00fcn\u00fc g\u00fccl\u0259ndirmi\u015fdi, apreld\u0259 OMON t\u0259r\u0259find\u0259n yerin\u0259 yetirildiyi deyil\u0259n m\u0259lum \u201e\u00c7ayk\u0259nd \u0259m\u0259liyyat\u0131&#8221; da ba\u015f tutmu\u015fdu, camaat xeyli \u00fcr\u0259kl\u0259nmi\u015fdi ki, Qaraba\u011f m\u0259s\u0259l\u0259si b\u0259lk\u0259 tezlikl\u0259 h\u0259ll edil\u0259. Amma bu i\u015fd\u0259 OMON-dan ba\u015fqa, biz\u0259 ba\u015fda o ill\u0259r Az\u0259rbaycan Kommunist Partiyas\u0131 M\u0259rk\u0259zi Komit\u0259sinini ikinci katibi Viktor Polyani\u00e7ko olmaqla, m\u0259rk\u0259zin q\u00fcvv\u0259l\u0259ri d\u0259 yard\u0131m edirdi.\n<\/p>\n<p>\n  \u00c7ox maraql\u0131d\u0131r ki, o zaman Moskvada q\u0259rib\u0259 bir balans vard\u0131, erm\u0259nil\u0259r islahat\u00e7\u0131-demokratlar\u0131n yan\u0131nda \u00f6zl\u0259rin\u0259 yer alm\u0131\u015fd\u0131. Yeltsin v\u0259 onun komandas\u0131 ba\u015fdan-aya\u011fa onlar\u0131n adamlar\u0131 il\u0259 dolu idi, q\u0131sas\u0131 adamlar zaman\u0131n istiqam\u0259tini duymu\u015f, g\u0259l\u0259c\u0259yi h\u0259d\u0259fl\u0259mi\u015fdil\u0259r.\n<\/p>\n<p>\n  M\u00fct\u0259llibov da bu arada ke\u00e7mi\u015fdi ba\u015f\u0131nda o zamank\u0131 SSR\u0130 m\u00fcdafi\u0259 naziri, 20 yanvar faci\u0259sinin ba\u015f memarlar\u0131ndan biri olan, b\u0259dheyb\u0259t Dmirtri Yazovun durdu\u011fu m\u00fchafiz\u0259kar h\u0259rbi-s\u0259naye blokunun t\u0259r\u0259fin\u0259. O d\u0259st\u0259 sonradan u\u011fursuz \u0413\u041a\u0427\u041f put\u00e7unu h\u0259yata ke\u00e7irm\u0259y\u0259 c\u0259hd ed\u0259n ke\u00e7mi\u015fin b\u00fct\u00fcn z\u0131r\u0131lt\u0131 sovetozavrlar\u0131 il\u0259 dolu idi &#8211; SSR\u0130 vitse-prezidenti Yanayev, politb\u00fcro \u00fczv\u00fc Yeqor Liqa\u00e7ov, daxili i\u015fl\u0259r naziri Boris Puqo, KGB naziri Kryu\u00e7kov v\u0259 ba\u015fqalar\u0131. O zamank\u0131 SSR\u0130 Ba\u015f naziri Pavlov v\u0259 Rusiya kommunistl\u0259rinin yeni karikatur ba\u015f\u00e7\u0131s\u0131 \u0130van Polozkov da altdan-altdan onlara d\u0259st\u0259k verirdi.\n<\/p>\n<p>\n  M\u00fct\u0259llibov onlara SSR\u0130-nin b\u00fct\u00f6vl\u00fcy\u00fc m\u0259s\u0259l\u0259sind\u0259 Az\u0259rbaycan\u0131n loyall\u0131\u011f\u0131n\u0131 s\u00f6z verib, Qaraba\u011f m\u0259s\u0259l\u0259sind\u0259 d\u0259st\u0259k almaqda \u00fcmidli idi. SSR\u0130-d\u0259 ittifaq\u0131n saxlan\u0131lmas\u0131 m\u0259s\u0259l\u0259si il\u0259 ba\u011fl\u0131 Az\u0259rbaycanda 17 mart 1991-ci il referendumu da m\u0259hz bu s\u0259b\u0259bd\u0259n ke\u00e7irildi. Faizl\u0259ri xatirimd\u0259 deyil, amma inan\u0131n ki, \u00e7ox-\u00e7ox y\u00fcks\u0259k idi.\n<\/p>\n<p>\n  Do\u011frudan da, bu siyas\u0259t \u00f6z n\u0259tic\u0259sini g\u00f6zl\u0259tm\u0259di \u2013 \u201e\u00c7ayk\u0259nd \u0259m\u0259liyyat\u0131&#8221; ba\u015f tutdu v\u0259 ard\u0131nca da bir \u00e7ox i\u015fl\u0259 davam etdi. O zamanlar Az\u0259rbaycan\u0131n M\u00fcdafi\u0259 Nazirliyi olmad\u0131\u011f\u0131 \u00fc\u00e7\u00fcn bu \u0259m\u0259liyyatlara yar\u0131m id\u0259n sonra helikopter q\u0259zas\u0131nda h\u0259lak olmu\u015f daxili i\u015fl\u0259r naziri M\u0259h\u0259mm\u0259d \u018fs\u0259dov v\u0259 ba\u015f prokuror \u0130sm\u0259t Qay\u0131bov r\u0259hb\u0259rlik edirdil\u0259r.\n<\/p>\n<p>\n  Lakin bu i\u015fl\u0259rd\u0259 birc\u0259 \u0259mma vard\u0131. Bu siyas\u0259t taktiki xarakter da\u015f\u0131y\u0131rd\u0131, \u0259sla strategiya deyildi. Konservatorlar SSR\u0130-d\u0259 \u00f6l\u00fcm\u0259 m\u0259hkum idil\u0259r, g\u0259l\u0259c\u0259k onlara m\u0259xsus deyildi. O zaman\u0131n atmosferind\u0259n bunu \u0259minlikl\u0259 dem\u0259k olar. C\u0259miyy\u0259td\u0259 t\u0259l\u0259bat v\u0259 z\u0259rur\u0259t onlara deyil, islahat\u00e7\u0131lara idi. Odur ki, bizim bu istiqam\u0259td\u0259ki b\u00fct\u00fcn m\u00fcv\u0259ff\u0259qiyy\u0259tl\u0259r muv\u0259qq\u0259ti idi.\n<\/p>\n<p>\n  O zaman erm\u0259ni t\u0259bli\u011fat\u0131 da m\u0259hz buna k\u00f6kl\u0259nmi\u015fdi. \u0130\u015fi \u00e7ox a\u011f\u0131ll\u0131 apar\u0131rd\u0131lar. Yerli (y\u0259ni Erm\u0259nistan\u0131n) v\u0259 m\u0259rk\u0259zi m\u0259tbuatda M\u00fct\u0259llibov qani\u00e7\u0259n kommunist diktator adland\u0131r\u0131l\u0131rd\u0131, deyirdil\u0259r ki, o, h\u0259m Qaraba\u011f erm\u0259nil\u0259rini \u0259zir, h\u0259m d\u0259 yerli m\u00fcxalifl\u0259ri. O, h\u0259m d\u0259 Qorba\u00e7ov ba\u015fda olmaqla SSR\u0130-d\u0259 b\u00fct\u00fcn islahat\u00e7\u0131 v\u0259 t\u0259r\u0259qqip\u0259rv\u0259r q\u00fcvv\u0259l\u0259r\u0259 qar\u015f\u0131d\u0131r v\u0259 s. Bu t\u0259bli\u011fat\u0131n say\u0259sind\u0259 M\u00fct\u0259llibov sovetl\u0259rd\u0259 ke\u00e7mi\u015f\u0259 y\u00f6n\u0259lik \u0259sas konservativ liderl\u0259rd\u0259n hesab olunurdu.\n<\/p>\n<p>\n  O g\u00fcnl\u0259rd\u0259 Bak\u0131da tan\u0131nm\u0131\u015f simalar\u0131n b\u0259nz\u0259rl\u0259rinin m\u00fcsabiq\u0259si ke\u00e7irilirdi, m\u00fcxt\u0259lif insanlar\u0131n b\u0259nz\u0259rl\u0259ri vard\u0131 orada &#8211; Lenin, Hitler, S\u0259ddam, daha kiml\u0259r, xatirimd\u0259 deyil, birc\u0259 Fidel Kastronun b\u0259nz\u0259ri xatirimd\u0259 qal\u0131b. Bu insan Nax\u00e7\u0131vandan g\u0259lmi\u015fdi, orada da ad\u0131na Fidel deyib \u00e7a\u011f\u0131r\u0131rm\u0131\u015flar. Adam onun tam bir sur\u0259tin\u0259 \u00e7evrilmi\u015f, yaln\u0131z h\u0259rbi paltarda g\u0259zirmi\u015f, saqqal\u0131n\u0131 is\u0259 lap komandante kimi uzatm\u0131\u015fd\u0131. AzTV-d\u0259ki verili\u015fd\u0259 &#8220;m\u0259n sosializm-zad haqq\u0131nda he\u00e7 n\u0259 dey\u0259 bilm\u0259y\u0259c\u0259y\u0259m, amma o adam \u00f6z xalq\u0131n\u0131 sevir, bunu ondan \u00f6yr\u0259nm\u0259k laz\u0131md\u0131r&#8221; &#8211; demi\u015fdi.\n<\/p>\n<p>\n  Bu \u0259hvalat\u0131 sonralar e\u015fitdim, dem\u0259k &#8220;Bizim Fidel&#8221; Nax\u00e7\u0131vanda olark\u0259n daha h\u0259rbi paltar\u0131n\u0131 \u00e7\u0131xarmay\u0131b, el\u0259c\u0259 gedib bizim s\u0259ng\u0259rl\u0259r\u0259, vuru\u015fanlara d\u0259st\u0259k olma\u011fa. Erm\u0259ni t\u0259r\u0259fd\u0259n d\u0259 kims\u0259 binoklla bizim m\u00f6vqel\u0259ri izl\u0259rk\u0259n bunu g\u00f6r\u00fcb mat qal\u0131b.\n<\/p>\n<p>\n  S\u00f6hb\u0259t\u0259 bir bax &#8211; Az\u0259rbaycanl\u0131lara davada Fidel Kastronun \u00f6z\u00fc yard\u0131m edir!\n<\/p>\n<p>\n  O zaman m\u0259s\u0259l\u0259 gedib erm\u0259ni m\u0259tbuat\u0131na \u00e7\u0131xm\u0131\u015fd\u0131, orada yazm\u0131\u015fd\u0131lar ki, g\u00f6r M\u00fct\u0259llibov nec\u0259 bir \u0259caib-q\u0259raib diktatordu, Az\u0259rbaycan da kommunizmin son dayaqlar\u0131ndan biridir ki, Fidel Kastro da g\u0259lib bunlar\u0131n s\u0259ng\u0259rl\u0259rin\u0259. Erm\u0259nistan is\u0259 demokratiya u\u011frunda m\u00fcbariz\u0259 apar\u0131r, bu, b\u0259\u015f\u0259riyy\u0259t u\u011frunda apar\u0131lan m\u00fccadil\u0259dir.\n<\/p>\n<p>\n  Qon\u015fular\u0131m\u0131zda da \u015f\u00fck\u00fcr, m\u0259s\u0259l\u0259l\u0259ri nec\u0259 b\u00f6y\u00fctm\u0259k bacar\u0131\u011f\u0131 b\u0259lli. Q\u0131sas\u0131, \u00e7ox-\u00e7ox m\u0259z\u0259li s\u00f6hb\u0259t al\u0131nm\u0131\u015fd\u0131. Fidel m\u0259llimin M\u00fct\u0259llibov yolda\u015fa d\u0259st\u0259k verm\u0259sind\u0259n he\u00e7 x\u0259b\u0259ri yox.\n<\/p>\n<p>\n  O zamanlar Moskvan\u0131n d\u0259st\u0259yind\u0259n m\u0259hrum oldu\u011fundan h\u0259qiqi Fidel avara qalm\u0131\u015fd\u0131. &#8220;Socialismo o muerte!&#8221; (Sosializm v\u0259 ya \u00f6l\u00fcm!) \u015f\u00fcar\u0131n\u0131n m\u00fc\u0259llifi Azadl\u0131q Adas\u0131 \u00fc\u00e7\u00fcn yeni sponsorlar axtar\u0131\u015f\u0131 \u00fc\u00e7\u00fcn n\u0259z\u0259rl\u0259rini \u00c7in\u0259 y\u00f6n\u0259ltmi\u015fdi. Tiananmen meydan\u0131nda y\u0131\u011f\u0131lm\u0131\u015f insanlar\u0131 iki il \u0259vv\u0259l rahatca g\u00fcll\u0259l\u0259mi\u015f \u00e7inli yolda\u015flar o zaman bunu anlay\u0131\u015fla qar\u015f\u0131lad\u0131lar, \u0259ziz komandante paras\u0131z qalmad\u0131.\n<\/p>\n<p>\n  El\u0259 o arada M\u00fct\u0259llibov yolda\u015f y\u0131x\u0131landan sonra bizim Fidel d\u0259 avara qal\u0131r, g\u00f6r\u00fcr i\u015fl\u0259r f\u0131r\u0131qd\u0131r, d\u00fc\u015f\u00fcn\u00fcr versin \u00f6z\u00fcn\u00fc Heyd\u0259r yolda\u015f\u0131n yan\u0131na, amma bunu nec\u0259 etm\u0259k olar? Deyil\u0259nl\u0259r\u0259 g\u00f6r\u0259, &#8220;bizim komandante&#8221; a\u011f\u0131ll\u0131 plan qurur &#8211; bir d\u0259st\u0259 y\u0131\u011f\u0131r, d\u0259st\u0259d\u0259n bir adam\u0131 \u00f6yr\u0259dir ki, Heyd\u0259rin \u00e7\u0131x\u0131\u015f\u0131 zaman\u0131 ona qumbara ats\u0131n. H\u0259min adam da \u00e7\u0131x\u0131\u015fda qumbaran\u0131 \u00e7\u0131xaranda \u00f6z\u00fcn\u00fc at\u0131r onun \u00fcst\u00fcn\u0259 &#8211; bel\u0259c\u0259 Heyd\u0259ri &#8220;xilas edir&#8221; v\u0259 bir m\u00fcdd\u0259t onun cang\u00fcd\u0259nin\u0259 \u00e7evrilir.\n<\/p>\n<p>\n  Tibetd\u0259 monaxlar\u0131n ruhdan yaratd\u0131\u011f\u0131 ox\u015far substansiyalar Tulpa adlan\u0131rm\u0131\u015f. Tulpa h\u0259min monaxlar\u0131n ill\u00fcziyas\u0131 (v\u0259 ya \u0259ksin\u0259) say\u0131l\u0131rm\u0131\u015f.\n<\/p>\n<p>\n  Kubada ke\u00e7\u0259n son 60 ili d\u0259 ill\u00fcziya saymaq olar, v\u0259ziyy\u0259t sanki diktator Batistaya qar\u015f\u0131 he\u00e7 bir inqilab olmay\u0131bm\u0131\u015f kimi g\u00f6r\u00fcn\u00fcr. Fidelin tulpas\u0131n\u0131n &#8211; &#8220;bizim Fidelin&#8221;, cang\u00fcd\u0259ni oldu\u011fu Heyd\u0259rin Az\u0259rbaycanda hakimiyy\u0259ti \u0259l\u0259 almas\u0131ndan sonra ke\u00e7\u0259n 23 ili rahatca bizim ill\u00fcziyam\u0131z saymaq olar. \u00c7\u00fcnki bu ill\u0259rd\u0259 g\u00f6zl\u0259rimiz \u00f6n\u00fcnd\u0259 ba\u015f ver\u0259nl\u0259r \u0259n g\u00fccl\u00fc fantastlar\u0131n t\u0259x\u0259yy\u00fcl\u00fcnd\u0259n \u00e7ox-\u00e7ox \u00f6tedir.\n<\/p>\n<p>\n  <b><br \/>\n    Yaz\u0131 m\u00fc\u0259llifin \u015f\u0259xsi m\u00f6vqeyini \u0259ks etdirir. M\u00fc\u0259llifin m\u00f6vqeyi Meydan.Tv-nin m\u00f6vqeyi il\u0259 \u00fcst-\u00fcst\u0259 d\u00fc\u015fm\u0259y\u0259 bil\u0259r.<br \/>\n  <\/b><\/p>\n","protected":false},"excerpt":{"rendered":"<p>Komandante Fidel getdi, getm\u0259yil\u0259 d\u0259 al\u0259mi qatd\u0131 bir-birin\u0259<\/p>\n","protected":false},"author":11,"featured_media":74256,"comment_status":"closed","ping_status":"open","sticky":false,"template":"","format":"standard","meta":{"_acf_changed":false,"_sitemap_exclude":false,"_sitemap_priority":"","_sitemap_frequency":"","footnotes":""},"categories":[57],"tags":[],"class_list":["post-180810","post","type-post","status-publish","format-standard","has-post-thumbnail","hentry","category-menim-fikrimce","infinite-scroll-item","generate-columns","tablet-grid-50","mobile-grid-100","grid-parent","grid-33","no-featured-image-padding"],"acf":[],"yoast_head":"<!-- This site is optimized with the Yoast SEO plugin v27.5 - https:\/\/yoast.com\/product\/yoast-seo-wordpress\/ -->\n<title>&#039;&#039;Fidel&#039;&#039; nec\u0259 Heyd\u0259rin cang\u00fcd\u0259ni oldu? - MEYDAN.TV<\/title>\n<meta name=\"robots\" content=\"index, follow, max-snippet:-1, max-image-preview:large, max-video-preview:-1\" \/>\n<link rel=\"canonical\" href=\"https:\/\/www.meydan.tv\/az\/article\/fidel-nece-heyderin-cangudeni-oldu\/\" \/>\n<meta property=\"og:locale\" content=\"az_AZ\" \/>\n<meta property=\"og:type\" content=\"article\" \/>\n<meta property=\"og:title\" content=\"&#039;&#039;Fidel&#039;&#039; nec\u0259 Heyd\u0259rin cang\u00fcd\u0259ni oldu? - MEYDAN.TV\" \/>\n<meta property=\"og:description\" content=\"Komandante Fidel getdi, getm\u0259yil\u0259 d\u0259 al\u0259mi qatd\u0131 bir-birin\u0259\" \/>\n<meta property=\"og:url\" content=\"https:\/\/www.meydan.tv\/az\/article\/fidel-nece-heyderin-cangudeni-oldu\/\" \/>\n<meta property=\"og:site_name\" content=\"MEYDAN.TV\" \/>\n<meta property=\"article:published_time\" content=\"2016-11-29T01:37:35+00:00\" \/>\n<meta property=\"og:image\" content=\"https:\/\/www.meydan.tv\/wp-content\/uploads\/28673.jpg\" \/>\n\t<meta property=\"og:image:width\" content=\"1160\" \/>\n\t<meta property=\"og:image:height\" content=\"629\" \/>\n\t<meta property=\"og:image:type\" content=\"image\/jpeg\" \/>\n<meta name=\"author\" content=\"user-manager\" \/>\n<meta name=\"twitter:card\" content=\"summary_large_image\" \/>\n<script type=\"application\/ld+json\" class=\"yoast-schema-graph\">{\"@context\":\"https:\\\/\\\/schema.org\",\"@graph\":[{\"@type\":\"Article\",\"@id\":\"https:\\\/\\\/www.meydan.tv\\\/az\\\/article\\\/fidel-nece-heyderin-cangudeni-oldu\\\/#article\",\"isPartOf\":{\"@id\":\"https:\\\/\\\/www.meydan.tv\\\/az\\\/article\\\/fidel-nece-heyderin-cangudeni-oldu\\\/\"},\"author\":{\"name\":\"user-manager\",\"@id\":\"https:\\\/\\\/www.meydan.tv\\\/az\\\/#\\\/schema\\\/person\\\/10d11eccf6da3662cf5fdab9806ea91a\"},\"headline\":\"&#8221;Fidel&#8221; nec\u0259 Heyd\u0259rin cang\u00fcd\u0259ni oldu?\",\"datePublished\":\"2016-11-29T01:37:35+00:00\",\"mainEntityOfPage\":{\"@id\":\"https:\\\/\\\/www.meydan.tv\\\/az\\\/article\\\/fidel-nece-heyderin-cangudeni-oldu\\\/\"},\"wordCount\":1929,\"publisher\":{\"@id\":\"https:\\\/\\\/www.meydan.tv\\\/az\\\/#organization\"},\"image\":{\"@id\":\"https:\\\/\\\/www.meydan.tv\\\/az\\\/article\\\/fidel-nece-heyderin-cangudeni-oldu\\\/#primaryimage\"},\"thumbnailUrl\":\"https:\\\/\\\/www.meydan.tv\\\/wp-content\\\/uploads\\\/28673.jpg\",\"articleSection\":[\"M\u0259nim Fikrimc\u0259\"],\"inLanguage\":\"az\"},{\"@type\":\"WebPage\",\"@id\":\"https:\\\/\\\/www.meydan.tv\\\/az\\\/article\\\/fidel-nece-heyderin-cangudeni-oldu\\\/\",\"url\":\"https:\\\/\\\/www.meydan.tv\\\/az\\\/article\\\/fidel-nece-heyderin-cangudeni-oldu\\\/\",\"name\":\"''Fidel'' nec\u0259 Heyd\u0259rin cang\u00fcd\u0259ni oldu? - MEYDAN.TV\",\"isPartOf\":{\"@id\":\"https:\\\/\\\/www.meydan.tv\\\/az\\\/#website\"},\"primaryImageOfPage\":{\"@id\":\"https:\\\/\\\/www.meydan.tv\\\/az\\\/article\\\/fidel-nece-heyderin-cangudeni-oldu\\\/#primaryimage\"},\"image\":{\"@id\":\"https:\\\/\\\/www.meydan.tv\\\/az\\\/article\\\/fidel-nece-heyderin-cangudeni-oldu\\\/#primaryimage\"},\"thumbnailUrl\":\"https:\\\/\\\/www.meydan.tv\\\/wp-content\\\/uploads\\\/28673.jpg\",\"datePublished\":\"2016-11-29T01:37:35+00:00\",\"breadcrumb\":{\"@id\":\"https:\\\/\\\/www.meydan.tv\\\/az\\\/article\\\/fidel-nece-heyderin-cangudeni-oldu\\\/#breadcrumb\"},\"inLanguage\":\"az\",\"potentialAction\":[{\"@type\":\"ReadAction\",\"target\":[\"https:\\\/\\\/www.meydan.tv\\\/az\\\/article\\\/fidel-nece-heyderin-cangudeni-oldu\\\/\"]}]},{\"@type\":\"ImageObject\",\"inLanguage\":\"az\",\"@id\":\"https:\\\/\\\/www.meydan.tv\\\/az\\\/article\\\/fidel-nece-heyderin-cangudeni-oldu\\\/#primaryimage\",\"url\":\"https:\\\/\\\/www.meydan.tv\\\/wp-content\\\/uploads\\\/28673.jpg\",\"contentUrl\":\"https:\\\/\\\/www.meydan.tv\\\/wp-content\\\/uploads\\\/28673.jpg\",\"width\":1160,\"height\":629,\"caption\":\"Source:\"},{\"@type\":\"BreadcrumbList\",\"@id\":\"https:\\\/\\\/www.meydan.tv\\\/az\\\/article\\\/fidel-nece-heyderin-cangudeni-oldu\\\/#breadcrumb\",\"itemListElement\":[{\"@type\":\"ListItem\",\"position\":1,\"name\":\"Ana s\u0259hif\u0259\",\"item\":\"https:\\\/\\\/www.meydan.tv\\\/az\\\/\"},{\"@type\":\"ListItem\",\"position\":2,\"name\":\"M\u0259nim Fikrimc\u0259\",\"item\":\"https:\\\/\\\/www.meydan.tv\\\/az\\\/section\\\/menim-fikrimce\\\/\"},{\"@type\":\"ListItem\",\"position\":3,\"name\":\"&#8221;Fidel&#8221; nec\u0259 Heyd\u0259rin cang\u00fcd\u0259ni oldu?\"}]},{\"@type\":\"WebSite\",\"@id\":\"https:\\\/\\\/www.meydan.tv\\\/az\\\/#website\",\"url\":\"https:\\\/\\\/www.meydan.tv\\\/az\\\/\",\"name\":\"MEYDAN.TV\",\"description\":\"Meydan TV Az\u0259rbaycan\u0131n media m\u0259kan\u0131ndak\u0131 alternativ s\u0259sidir\",\"publisher\":{\"@id\":\"https:\\\/\\\/www.meydan.tv\\\/az\\\/#organization\"},\"potentialAction\":[{\"@type\":\"SearchAction\",\"target\":{\"@type\":\"EntryPoint\",\"urlTemplate\":\"https:\\\/\\\/www.meydan.tv\\\/az\\\/?s={search_term_string}\"},\"query-input\":{\"@type\":\"PropertyValueSpecification\",\"valueRequired\":true,\"valueName\":\"search_term_string\"}}],\"inLanguage\":\"az\"},{\"@type\":\"Organization\",\"@id\":\"https:\\\/\\\/www.meydan.tv\\\/az\\\/#organization\",\"name\":\"Meydan TV\",\"url\":\"https:\\\/\\\/www.meydan.tv\\\/az\\\/\",\"logo\":{\"@type\":\"ImageObject\",\"inLanguage\":\"az\",\"@id\":\"https:\\\/\\\/www.meydan.tv\\\/az\\\/#\\\/schema\\\/logo\\\/image\\\/\",\"url\":\"https:\\\/\\\/www.meydan.tv\\\/wp-content\\\/uploads\\\/2021\\\/07\\\/meydan-logo.svg\",\"contentUrl\":\"https:\\\/\\\/www.meydan.tv\\\/wp-content\\\/uploads\\\/2021\\\/07\\\/meydan-logo.svg\",\"width\":195,\"height\":46,\"caption\":\"Meydan TV\"},\"image\":{\"@id\":\"https:\\\/\\\/www.meydan.tv\\\/az\\\/#\\\/schema\\\/logo\\\/image\\\/\"}},{\"@type\":\"Person\",\"@id\":\"https:\\\/\\\/www.meydan.tv\\\/az\\\/#\\\/schema\\\/person\\\/10d11eccf6da3662cf5fdab9806ea91a\",\"name\":\"user-manager\"}]}<\/script>\n<!-- \/ Yoast SEO plugin. -->","yoast_head_json":{"title":"''Fidel'' nec\u0259 Heyd\u0259rin cang\u00fcd\u0259ni oldu? - MEYDAN.TV","robots":{"index":"index","follow":"follow","max-snippet":"max-snippet:-1","max-image-preview":"max-image-preview:large","max-video-preview":"max-video-preview:-1"},"canonical":"https:\/\/www.meydan.tv\/az\/article\/fidel-nece-heyderin-cangudeni-oldu\/","og_locale":"az_AZ","og_type":"article","og_title":"''Fidel'' nec\u0259 Heyd\u0259rin cang\u00fcd\u0259ni oldu? - MEYDAN.TV","og_description":"Komandante Fidel getdi, getm\u0259yil\u0259 d\u0259 al\u0259mi qatd\u0131 bir-birin\u0259","og_url":"https:\/\/www.meydan.tv\/az\/article\/fidel-nece-heyderin-cangudeni-oldu\/","og_site_name":"MEYDAN.TV","article_published_time":"2016-11-29T01:37:35+00:00","og_image":[{"width":1160,"height":629,"url":"https:\/\/www.meydan.tv\/wp-content\/uploads\/28673.jpg","type":"image\/jpeg"}],"author":"user-manager","twitter_card":"summary_large_image","schema":{"@context":"https:\/\/schema.org","@graph":[{"@type":"Article","@id":"https:\/\/www.meydan.tv\/az\/article\/fidel-nece-heyderin-cangudeni-oldu\/#article","isPartOf":{"@id":"https:\/\/www.meydan.tv\/az\/article\/fidel-nece-heyderin-cangudeni-oldu\/"},"author":{"name":"user-manager","@id":"https:\/\/www.meydan.tv\/az\/#\/schema\/person\/10d11eccf6da3662cf5fdab9806ea91a"},"headline":"&#8221;Fidel&#8221; nec\u0259 Heyd\u0259rin cang\u00fcd\u0259ni oldu?","datePublished":"2016-11-29T01:37:35+00:00","mainEntityOfPage":{"@id":"https:\/\/www.meydan.tv\/az\/article\/fidel-nece-heyderin-cangudeni-oldu\/"},"wordCount":1929,"publisher":{"@id":"https:\/\/www.meydan.tv\/az\/#organization"},"image":{"@id":"https:\/\/www.meydan.tv\/az\/article\/fidel-nece-heyderin-cangudeni-oldu\/#primaryimage"},"thumbnailUrl":"https:\/\/www.meydan.tv\/wp-content\/uploads\/28673.jpg","articleSection":["M\u0259nim Fikrimc\u0259"],"inLanguage":"az"},{"@type":"WebPage","@id":"https:\/\/www.meydan.tv\/az\/article\/fidel-nece-heyderin-cangudeni-oldu\/","url":"https:\/\/www.meydan.tv\/az\/article\/fidel-nece-heyderin-cangudeni-oldu\/","name":"''Fidel'' nec\u0259 Heyd\u0259rin cang\u00fcd\u0259ni oldu? - MEYDAN.TV","isPartOf":{"@id":"https:\/\/www.meydan.tv\/az\/#website"},"primaryImageOfPage":{"@id":"https:\/\/www.meydan.tv\/az\/article\/fidel-nece-heyderin-cangudeni-oldu\/#primaryimage"},"image":{"@id":"https:\/\/www.meydan.tv\/az\/article\/fidel-nece-heyderin-cangudeni-oldu\/#primaryimage"},"thumbnailUrl":"https:\/\/www.meydan.tv\/wp-content\/uploads\/28673.jpg","datePublished":"2016-11-29T01:37:35+00:00","breadcrumb":{"@id":"https:\/\/www.meydan.tv\/az\/article\/fidel-nece-heyderin-cangudeni-oldu\/#breadcrumb"},"inLanguage":"az","potentialAction":[{"@type":"ReadAction","target":["https:\/\/www.meydan.tv\/az\/article\/fidel-nece-heyderin-cangudeni-oldu\/"]}]},{"@type":"ImageObject","inLanguage":"az","@id":"https:\/\/www.meydan.tv\/az\/article\/fidel-nece-heyderin-cangudeni-oldu\/#primaryimage","url":"https:\/\/www.meydan.tv\/wp-content\/uploads\/28673.jpg","contentUrl":"https:\/\/www.meydan.tv\/wp-content\/uploads\/28673.jpg","width":1160,"height":629,"caption":"Source:"},{"@type":"BreadcrumbList","@id":"https:\/\/www.meydan.tv\/az\/article\/fidel-nece-heyderin-cangudeni-oldu\/#breadcrumb","itemListElement":[{"@type":"ListItem","position":1,"name":"Ana s\u0259hif\u0259","item":"https:\/\/www.meydan.tv\/az\/"},{"@type":"ListItem","position":2,"name":"M\u0259nim Fikrimc\u0259","item":"https:\/\/www.meydan.tv\/az\/section\/menim-fikrimce\/"},{"@type":"ListItem","position":3,"name":"&#8221;Fidel&#8221; nec\u0259 Heyd\u0259rin cang\u00fcd\u0259ni oldu?"}]},{"@type":"WebSite","@id":"https:\/\/www.meydan.tv\/az\/#website","url":"https:\/\/www.meydan.tv\/az\/","name":"MEYDAN.TV","description":"Meydan TV Az\u0259rbaycan\u0131n media m\u0259kan\u0131ndak\u0131 alternativ s\u0259sidir","publisher":{"@id":"https:\/\/www.meydan.tv\/az\/#organization"},"potentialAction":[{"@type":"SearchAction","target":{"@type":"EntryPoint","urlTemplate":"https:\/\/www.meydan.tv\/az\/?s={search_term_string}"},"query-input":{"@type":"PropertyValueSpecification","valueRequired":true,"valueName":"search_term_string"}}],"inLanguage":"az"},{"@type":"Organization","@id":"https:\/\/www.meydan.tv\/az\/#organization","name":"Meydan TV","url":"https:\/\/www.meydan.tv\/az\/","logo":{"@type":"ImageObject","inLanguage":"az","@id":"https:\/\/www.meydan.tv\/az\/#\/schema\/logo\/image\/","url":"https:\/\/www.meydan.tv\/wp-content\/uploads\/2021\/07\/meydan-logo.svg","contentUrl":"https:\/\/www.meydan.tv\/wp-content\/uploads\/2021\/07\/meydan-logo.svg","width":195,"height":46,"caption":"Meydan TV"},"image":{"@id":"https:\/\/www.meydan.tv\/az\/#\/schema\/logo\/image\/"}},{"@type":"Person","@id":"https:\/\/www.meydan.tv\/az\/#\/schema\/person\/10d11eccf6da3662cf5fdab9806ea91a","name":"user-manager"}]}},"_links":{"self":[{"href":"https:\/\/www.meydan.tv\/az\/wp-json\/wp\/v2\/posts\/180810","targetHints":{"allow":["GET"]}}],"collection":[{"href":"https:\/\/www.meydan.tv\/az\/wp-json\/wp\/v2\/posts"}],"about":[{"href":"https:\/\/www.meydan.tv\/az\/wp-json\/wp\/v2\/types\/post"}],"author":[{"embeddable":true,"href":"https:\/\/www.meydan.tv\/az\/wp-json\/wp\/v2\/users\/11"}],"replies":[{"embeddable":true,"href":"https:\/\/www.meydan.tv\/az\/wp-json\/wp\/v2\/comments?post=180810"}],"version-history":[{"count":0,"href":"https:\/\/www.meydan.tv\/az\/wp-json\/wp\/v2\/posts\/180810\/revisions"}],"wp:featuredmedia":[{"embeddable":true,"href":"https:\/\/www.meydan.tv\/az\/wp-json\/wp\/v2\/media\/74256"}],"wp:attachment":[{"href":"https:\/\/www.meydan.tv\/az\/wp-json\/wp\/v2\/media?parent=180810"}],"wp:term":[{"taxonomy":"category","embeddable":true,"href":"https:\/\/www.meydan.tv\/az\/wp-json\/wp\/v2\/categories?post=180810"},{"taxonomy":"post_tag","embeddable":true,"href":"https:\/\/www.meydan.tv\/az\/wp-json\/wp\/v2\/tags?post=180810"}],"curies":[{"name":"wp","href":"https:\/\/api.w.org\/{rel}","templated":true}]}}