{"id":180793,"date":"2016-11-28T15:30:47","date_gmt":"2016-11-28T15:30:47","guid":{"rendered":"https:\/\/www.meydan.tv\/article\/oyun-alverinde-niye-ancaq-kicikler-gunahlandirilir\/"},"modified":"2016-11-28T15:30:47","modified_gmt":"2016-11-28T15:30:47","slug":"oyun-alverinde-niye-ancaq-kicikler-gunahlandirilir","status":"publish","type":"post","link":"https:\/\/www.meydan.tv\/az\/article\/oyun-alverinde-niye-ancaq-kicikler-gunahlandirilir\/","title":{"rendered":"Oyun alverind\u0259 niy\u0259 ancaq &#8221;ki\u00e7ikl\u0259r&#8221; g\u00fcnahland\u0131r\u0131l\u0131r?"},"content":{"rendered":"<figure class=\"wp-block-image size-large\">\n  <img decoding=\"async\" src=\"https:\/\/www.meydan.tv\/az\/affa\/\" alt=\"AFFA\" class=\"wp-image-49190\"\/><figcaption>\n    AFFA<br \/>\n  <\/figcaption><\/figure>\n<figure class=\"wp-block-image size-large\">\n  <img decoding=\"async\" src=\"https:\/\/www.meydan.tv\/az\/affa\/\" alt=\"AFFA\" class=\"wp-image-49190\"\/><figcaption>\n    AFFA<br \/>\n  <\/figcaption><\/figure>\n<p>\n  <i><br \/>\n    Cinay\u0259t M\u0259c\u0259ll\u0259sin\u0259 d\u0259yi\u015fiklikl\u0259r edilm\u0259si il\u0259 ba\u011fl\u0131 t\u00f6vsiy\u0259l\u0259r parlament\u0259 t\u0259qdim edilib<br \/>\n  <\/i>\n<\/p>\n<p>\n  Noyabr\u0131n 22-d\u0259 \u00f6lk\u0259nin futbol t\u0259s\u0259rr\u00fcfat\u0131nda b\u00f6y\u00fck ajiotaj ya\u015fand\u0131. H\u0259min g\u00fcn AFFA \u0130ntizam Komit\u0259sinin iclas\u0131 ke\u00e7irildi. \u0130clasda dan\u0131\u015f\u0131lm\u0131\u015f oyunlarda \u015f\u00fcbh\u0259li bilin\u0259n \u015f\u0259xsl\u0259rin c\u0259zaland\u0131r\u0131lmas\u0131 il\u0259 ba\u011fl\u0131 q\u0259rar verildi. UEFA-dan v\u0259 dig\u0259r m\u0259nb\u0259l\u0259rd\u0259n 1-ci divizion komandalar\u0131 aras\u0131nda dan\u0131\u015f\u0131lm\u0131\u015f oyunlarla ba\u011fl\u0131 daxil olan m\u0259lumatlar AFFA v\u0259 PFL t\u0259r\u0259find\u0259n ciddi \u015f\u0259kild\u0259 ara\u015fd\u0131r\u0131laraq, bu i\u015fd\u0259 \u015f\u00fcbh\u0259li bilin\u0259n \u015f\u0259xsl\u0259r ara\u015fd\u0131rma ba\u015fa \u00e7atana q\u0259d\u0259r AFFA-n\u0131n bayra\u011f\u0131 alt\u0131nda ke\u00e7iril\u0259n b\u00fct\u00fcn oyunlardan k\u0259narla\u015fd\u0131r\u0131ld\u0131.\n<\/p>\n<p>\n  \u00dcst-\u00fcst\u0259 6 klubdan 23 futbol\u00e7u v\u0259 1 hakim c\u0259zaya m\u0259ruz qald\u0131. Ancaq ictimaiyy\u0259t aras\u0131nda AFFA \u0130ntizam Komit\u0259sinin bu q\u0259rar\u0131na m\u00fcnasib\u0259t birm\u0259nal\u0131 deyil. Futbol ictimaiyy\u0259ti hesab edir ki, oyun alverind\u0259 i\u015ftirak ed\u0259nl\u0259r daha y\u00fcks\u0259k s\u0259lahiyy\u0259t sahibl\u0259ri &#8211; klub, AFFA v\u0259 PFL-d\u0259 v\u0259zif\u0259 tutan \u015f\u0259xsl\u0259rdi. Amma ara\u015fd\u0131rmaya c\u0259lb olunanlar futbol\u00e7ular v\u0259 inzibat\u00e7\u0131lard\u0131. Onlar\u0131n aras\u0131nda bir hakim d\u0259 var ki, o da uzun m\u00fcdd\u0259t bundan \u0259vv\u0259l AFFA r\u0259hb\u0259rliyinin q\u0259z\u0259bin\u0259 tu\u015f g\u0259l\u0259r\u0259k, elita oyunlar\u0131n\u0131 idar\u0259 etm\u0259kd\u0259n uzaqla\u015fd\u0131r\u0131lm\u0131\u015fd\u0131. Y\u0259ni Anar Niyazov birinci diviziona \u201cs\u00fcrg\u00fcn edilmi\u015fdi\u201d. Futbol cami\u0259si hesab edir ki, bu \u015f\u0259xsl\u0259r sad\u0259c\u0259, UEFA-n\u0131 aldatmaq \u00fc\u00e7\u00fcn qurban veril\u0259n \u00e7ox ki\u00e7ik fiqurlard\u0131.\n<\/p>\n<p>\n  Az\u0259rbaycanda oyun alq\u0131-satq\u0131s\u0131 il\u0259 ba\u011fl\u0131 s\u00f6z-s\u00f6hb\u0259t h\u0259mi\u015f\u0259 olub. Bu, UEFA-n\u0131n AFFA-ya 3-c\u00fc bel\u0259 m\u00fcraci\u0259tdi. Avropan\u0131n ali futbol qurumu buna q\u0259d\u0259r AFFA-ya iki d\u0259f\u0259 m\u00fcraci\u0259t ed\u0259r\u0259k, \u015f\u00fcbh\u0259li oyunlarla ba\u011fl\u0131 faktlar vermi\u015f v\u0259 ara\u015fd\u0131rma\u00a0 apar\u0131lmas\u0131n\u0131 t\u0259l\u0259b etmi\u015fdi. Ancaq AFFA r\u0259hb\u0259rliyi UEFA-n\u0131n bu t\u0259l\u0259bl\u0259rin\u0259 h\u0259mi\u015f\u0259 \u201cara\u015fd\u0131rma apar\u0131ld\u0131, \u015f\u00fcbh\u0259li m\u0259qamlar tap\u0131lmad\u0131\u201d cavab\u0131n\u0131 vermi\u015fdi. Bu d\u0259f\u0259 UEFA daha t\u0259dbirli t\u0259rp\u0259nib. Qurum AFFA-ya Az\u0259rbaycan \u00e7empionat\u0131nda ba\u015f ver\u0259n oyun alq\u0131-satq\u0131lar\u0131 il\u0259 ba\u011fl\u0131 konkret faktlar t\u0259qdim edib, t\u0259dbir g\u00f6r\u00fclm\u0259sinin t\u0259l\u0259b edib. Bu bar\u0259d\u0259 m\u0259lumat\u0131 AFFA yan\u0131nda M\u0259\u015fq\u00e7il\u0259r Komit\u0259sinin r\u0259hb\u0259ri Vaqif Sad\u0131qov verib: \u201c\u015e\u00fcbh\u0259li oyunlar\u0131n siyah\u0131s\u0131, d\u0259qiq\u0259l\u0259r \u00fczr\u0259 videoyaz\u0131lar UEFA t\u0259r\u0259find\u0259n AFFA-ya g\u00f6nd\u0259rilib\u201d.\n<\/p>\n<p>\n  T\u0259\u015fkilat x\u0259b\u0259rdarl\u0131q edib ki, t\u0259dbir g\u00f6r\u00fclm\u0259s\u0259, Az\u0259rbaycan \u00e7ox ciddi sanksiyalara m\u0259ruz qala bil\u0259r. Yaln\u0131z bundan sonra \u00e7\u0131x\u0131\u015f yolunun qalmad\u011f\u0131n\u0131 g\u00f6r\u0259n AFFA konkret add\u0131mlar at\u0131b. Lakin bu add\u0131m \u201cki\u00e7ikl\u0259r\u201din qurban verilm\u0259sin\u0259 hesablan\u0131b. Ad\u0131 siyah\u0131ya d\u00fc\u015f\u0259n futbol\u00e7ular\u0131n \u0259ks\u0259riyy\u0259ti ya\u015fl\u0131, bu-g\u00fcn sabah karyeras\u0131n\u0131 bitir\u0259c\u0259k \u015f\u0259xsl\u0259rdi. Onlar birinci divizionda dem\u0259k olar ki, futbol karyeralar\u0131n\u0131n q\u00fcrub \u00e7a\u011flar\u0131n\u0131 ya\u015fay\u0131rlar. M\u0259s\u0259l\u0259n, onlardan biri vaxtil\u0259 Az\u0259rbaycan\u0131n iddial\u0131 klublar\u0131nda oynam\u0131\u015f, y\u0131\u011fma komandaya d\u0259v\u0259t alm\u0131\u015f Elvin \u018fliyevdi. Elvin \u018fliyevin atas\u0131 F\u00fczuli \u018fliyev d\u0259 futbol funksioneridi. O, \u201cBak\u0131\u201dda v\u0259 \u201cR\u0259van\u201dda y\u00fcks\u0259k v\u0259zif\u0259l\u0259r tutub. \u00d6z\u00fc d\u0259 daim indiki AFFA r\u0259hb\u0259rliyini t\u0259nqid edib. \u0130ctimaiyy\u0259td\u0259 bel\u0259 fikir formala\u015f\u0131b ki, Elvin \u018fliyevin ad\u0131 bu siyah\u0131ya m\u0259hz bel\u0259 m\u0259qamlara g\u00f6r\u0259 sal\u0131n\u0131b. 32 ya\u015fl\u0131 futbol\u00e7u m\u0259tbuata verdiyi a\u00e7\u0131qlamada tamamil\u0259 g\u00fcnahs\u0131z oldu\u011funu iddia edir. O, bu m\u0259s\u0259l\u0259y\u0259 l\u0259tif\u0259 n\u00fcmun\u0259 g\u00f6st\u0259rm\u0259kl\u0259 m\u00fcnasib\u0259t bildirib: \u201cHe\u00e7 n\u0259 olmadan, ara\u015fd\u0131rma apar\u0131lmadan ad\u0131m\u0131z\u0131 bat\u0131r\u0131blar. Dem\u0259li, bir l\u0259tif\u0259 var. Dov\u015fan me\u015f\u0259d\u0259 qa\u00e7\u0131r. Heyvanlar soru\u015fur ki, hara qa\u00e7\u0131rsan? Deyir ki, me\u015f\u0259y\u0259 bir n\u0259f\u0259r g\u0259lib, \u00fc\u00e7 qula\u011f\u0131 olanlar\u0131n bir qula\u011f\u0131n\u0131 k\u0259sir. Heyvanlar da deyir ki, s\u0259n n\u0259d\u0259n narahat olursan, s\u0259nin iki qula\u011f\u0131n var. Dov\u015fan cavab verir ki, o adam \u0259vv\u0259l qula\u011f\u0131 k\u0259sir, sonra say\u0131r. Bizim m\u0259s\u0259l\u0259miz d\u0259 bu l\u0259tif\u0259y\u0259 b\u0259nz\u0259yir. S\u00fcbut-d\u0259lil yox, ad\u0131m\u0131z\u0131 halland\u0131r\u0131rlar. He\u00e7 olmasa, ad\u0131m\u0131za-san\u0131m\u0131za h\u00f6rm\u0259t ed\u0259ydil\u0259r. H\u0259r \u015fey g\u00f6z qaba\u011f\u0131ndad\u0131. Az\u0259rbaycanda n\u0259l\u0259rin oldu\u011funu bizd\u0259n d\u0259 yax\u015f\u0131 bilirl\u0259r. D\u0259f\u0259l\u0259rl\u0259 AFFA-da i\u015fl\u0259y\u0259nl\u0259r haqda yazm\u0131s\u0131z. Haqq-nahaq bilinir, ortadad\u0131\u201d.\n<\/p>\n<figure class=\"wp-block-image size-large\">\n  <img decoding=\"async\" src=\"https:\/\/www.meydan.tv\/az\/70273\/\" alt=\"\" class=\"wp-image-70273\"\/><figcaption>\n    Milli M\u0259clis foto Meydan TV<br \/>\n  <\/figcaption><\/figure>\n<p>\n  C\u0259zaya m\u0259ruz qalan futbol\u00e7ulardan biri, \u201cBak\u0131l\u0131\u201dn\u0131n oyun\u00e7usu B\u0259hram B\u0259hramzad\u0259 is\u0259 daha s\u0259rt dan\u0131\u015f\u0131b v\u0259 oyun alveri ed\u0259n \u015f\u0259xsin ad\u0131n\u0131 da a\u00e7\u0131qlay\u0131b. O, \u201cFutbol+\u201d q\u0259zetinin 26-27 noybar tarixli say\u0131nda verdiyi a\u00e7\u0131qlamada klubdan iki ay \u0259vv\u0259l ayr\u0131ld\u0131\u011f\u0131n\u0131 deyib. B\u0259hram ona oyun satma\u011f\u0131 t\u0259klif etdikl\u0259ri \u00fc\u00e7\u00fcn bu klubdan ayr\u0131ld\u0131\u011f\u0131n\u0131 vur\u011fulay\u0131b v\u0259 bildirib ki, bel\u0259 i\u015fl\u0259rl\u0259 \u201cBak\u0131l\u0131\u201dn\u0131n prezidenti, i\u015f adam\u0131 Misir \u018fbilovbun o\u011flu Ceyhun \u018fbilov m\u0259\u015f\u011ful olub: \u201cM\u0259n klubdan iki ayd\u0131 ayr\u0131lm\u0131\u015fam. El\u0259 o s\u00f6z-s\u00f6hb\u0259t\u0259 g\u00f6r\u0259 ayr\u0131lm\u0131\u015fam. M\u0259n\u0259 oyun satmaq t\u0259klif olundu, \u00e7\u0131xd\u0131m ordan. C\u0259mi 5-6 oyun oynad\u0131m. G\u00f6rd\u00fcm ki, bunlar oyun sat\u0131rlar. Bilirsiz, m\u0259n\u0259 n\u0259 m\u0259\u015fq\u00e7il\u0259r, n\u0259 d\u0259 futbol\u00e7ular \u201cg\u0259l, oyun sat\u201d demirdi. \u00d6z\u00fcn\u00fcz yax\u015f\u0131 bilirsiz kim bunu t\u0259klif edirdi. M\u0259tbuatda \u0259n \u00e7ox Misir \u018fbilovun o\u011flu Ceyhunun ad\u0131 \u00e7\u0259kilir. B\u0259li, bel\u0259 i\u015fl\u0259ri g\u00f6r\u0259n odu. Bu siyah\u0131ya ad\u0131m\u0131n niy\u0259 sal\u0131nd\u0131\u011f\u0131n\u0131 bilmir\u0259m. Lap telefon dan\u0131\u015f\u0131qlar\u0131ma q\u0259d\u0259r ara\u015fd\u0131rs\u0131nlar, D\u00f6vl\u0259t T\u0259hl\u00fck\u0259sizlik Xidm\u0259ti d\u0259 i\u015f\u0259 qar\u0131s\u0131n. Bunu \u00e7ox ist\u0259yir\u0259m, kimin t\u0259qsiri varsa, c\u0259zalans\u0131n\u201d.\n<\/p>\n<p>\n  Maraql\u0131d\u0131, klubdan iki ay \u0259vv\u0259l ayr\u0131lm\u0131\u015f futbol\u00e7unun ad\u0131 siyah\u0131ya sal\u0131nsa da, bu i\u015fl\u0259 ba\u011fl\u0131 m\u0259tbuatda ad\u0131 daha \u00e7ox hallanan klub prezidentinin o\u011flunun ad\u0131 siyah\u0131da niy\u0259 yoxdu? AFFA \u0259n az\u0131 \u015f\u00fcbh\u0259li m\u0259qamlar\u0131 obyektiv ara\u015fd\u0131rmaq ist\u0259yirs\u0259, m\u0259tbuatda ad\u0131 oyun alq\u0131-satq\u0131s\u0131nda hallanan Ceyhun \u018fbilovun ad\u0131n\u0131 siyah\u0131ya salmal\u0131yd\u0131. El\u0259 bu m\u0259qam\u0131 n\u0259z\u0259r\u0259 alan ictimaiyy\u0259t hesab edir ki, AFFA-n\u0131n ist\u0259yi g\u00fcnahkarlar\u0131 yox, UEFA-n\u0131 aldatmaq \u00fc\u00e7\u00fcn \u201cki\u00e7ik \u015f\u0259xsl\u0259r\u201di c\u0259zaland\u0131rmaqd\u0131.\n<\/p>\n<p>\n  Az\u0259rbaycan Respublikas\u0131n\u0131n Cinay\u0259t M\u0259c\u0259ll\u0259sind\u0259 oyun alq\u0131-satq\u0131s\u0131na g\u00f6r\u0259 c\u0259za n\u0259z\u0259rd\u0259 tutulmay\u0131b. Yaln\u0131z UEFA-n\u0131n t\u0259l\u0259bind\u0259n sonra bu m\u0259s\u0259l\u0259 aktualla\u015f\u0131b. Art\u0131q m\u0259c\u0259ll\u0259y\u0259 d\u0259yi\u015fiklikl\u0259r edilm\u0259siyl\u0259 ba\u011fl\u0131 t\u00f6vsiy\u0259l\u0259r parlament\u0259 t\u0259qdim edilib. Yax\u0131n g\u00fcnl\u0259rd\u0259 d\u0259yi\u015fiklikl\u0259rin q\u0259bul olunaca\u011f\u0131 g\u00f6zl\u0259nilir. Bundan sonra g\u00fcman ki, h\u0259bs olunanlar da olacaq. Ancaq y\u0259qin ki, \u201cki\u00e7ik adamlar\u201d. \u00a0Zat\u0259n Az\u0259rbaycanda b\u00fct\u00fcn sah\u0259l\u0259rd\u0259 bel\u0259 olub: h\u0259r hans\u0131 problem ictimail\u0259\u015finc\u0259, he\u00e7 bir s\u0259lahiyy\u0259t sahibi c\u0259zalanmay\u0131b, \u0259v\u0259zind\u0259 \u00a0\u201cki\u00e7ikl\u0259r\u201d qurban verilib.\n<\/p>\n<p>\n  UEFA oyun alq\u0131-satq\u0131s\u0131 il\u0259 \u00e7ox ciddi m\u00fcbariz\u0259 apar\u0131r. Az\u0259rbaycanla qon\u015fu \u00f6lk\u0259l\u0259rd\u0259 &#8211; G\u00fcrc\u00fcstan v\u0259 Erm\u0259nistanda bununla ba\u011fl\u0131 m\u00fcbariz\u0259 \u00e7oxdan apar\u0131l\u0131r. H\u0259l\u0259 2011-ci ild\u0259 Erm\u0259nistan Milli T\u0259hl\u00fck\u0259sizlik Xidm\u0259ti \u201cUlisses\u201d klubunun 2 m\u0259\u015fq\u00e7isini, futbol\u00e7usunu v\u0259 inzibat\u00e7\u0131s\u0131n\u0131 dan\u0131\u015f\u0131lm\u0131\u015f oyunlarda i\u015ftirakda ittiham ed\u0259r\u0259k, h\u0259bs etmi\u015fdi. G\u00fcrc\u00fcstan polisi d\u0259 \u00f6lk\u0259nin adl\u0131-sanl\u0131 klubu Tbilisi \u201cDinamo\u201dsunun r\u0259hb\u0259r \u015f\u0259xsl\u0259rini v\u0259 bir ne\u00e7\u0259 futbol\u00e7usunu istintaqa c\u0259lb edib. Az\u0259rbaycan is\u0259 UEFA-n\u0131n diqq\u0259t m\u0259rk\u0259zind\u0259 saxlad\u0131\u011f\u0131 bu probleml\u0259 he\u00e7 vaxt m\u0259\u015f\u011ful olmaq ist\u0259m\u0259yib v\u0259 h\u0259mi\u015f\u0259 d\u0259 \u201cbizd\u0259 bel\u0259 problem yoxdu\u201d deyib. Amma s\u0259n dem\u0259, varm\u0131\u015f. Prosesl\u0259rd\u0259n \u00e7\u0131xan m\u0259ntiqi n\u0259tic\u0259 is\u0259 budu: Dem\u0259li, AFFA bu i\u015fl\u0259 indiy\u0259 q\u0259d\u0259r ona g\u00f6r\u0259 m\u0259\u015f\u011ful olmay\u0131b ki, cinay\u0259tin i\u015ftirak\u00e7\u0131lar\u0131n\u0131n y\u00fcks\u0259k s\u0259lahiyy\u0259t sahibl\u0259ri olan futbol funksionerl\u0259rinin oldu\u011funu bilirmi\u015f. Zat\u0259n, bu i\u015fi t\u00f6r\u0259d\u0259n futbol\u00e7ular olsayd\u0131, AFFA onlar\u0131 \u00e7oxdan c\u0259zaland\u0131rard\u0131. \u0130ndi is\u0259 UEFA konkret fakt qoyub v\u0259 n\u0259tic\u0259 g\u00f6zl\u0259yir. AFFA \u201cki\u00e7ik fiqurlar\u201d\u0131 qurban verm\u0259kl\u0259, bu qalmaqaldan \u201ct\u0259miz\u201d \u00e7\u0131xma\u011fa \u00e7al\u0131\u015f\u0131r. Lakin ola bilsin ki, AFFA bu biclikl\u0259 UEFA-n\u0131 aldada bilm\u0259sin. Bel\u0259 olaca\u011f\u0131 t\u0259qdird\u0259, Az\u0259rbaycan\u0131n futbol t\u0259s\u0259rr\u00fcfat\u0131nda daha iri fiqurlar\u0131n c\u0259zalanaca\u011f\u0131 qa\u00e7\u0131lmaz olacaq. Nec\u0259 dey\u0259rl\u0259r, bu x\u0259mir h\u0259l\u0259 \u00e7ox su aparacaq.<\/p>\n","protected":false},"excerpt":{"rendered":"<p>Cinay\u0259t M\u0259c\u0259ll\u0259sin\u0259 d\u0259yi\u015fiklikl\u0259r edilm\u0259si il\u0259 ba\u011fl\u0131 t\u00f6vsiy\u0259l\u0259r parlament\u0259 t\u0259qdim edilib<\/p>\n","protected":false},"author":11,"featured_media":49190,"comment_status":"closed","ping_status":"open","sticky":false,"template":"","format":"standard","meta":{"_acf_changed":false,"_sitemap_exclude":false,"_sitemap_priority":"","_sitemap_frequency":"","footnotes":""},"categories":[51],"tags":[],"class_list":["post-180793","post","type-post","status-publish","format-standard","has-post-thumbnail","hentry","category-analitika","infinite-scroll-item","generate-columns","tablet-grid-50","mobile-grid-100","grid-parent","grid-33","no-featured-image-padding"],"acf":[],"yoast_head":"<!-- This site is optimized with the Yoast SEO plugin v27.5 - https:\/\/yoast.com\/product\/yoast-seo-wordpress\/ -->\n<title>Oyun alverind\u0259 niy\u0259 ancaq &#039;&#039;ki\u00e7ikl\u0259r&#039;&#039; g\u00fcnahland\u0131r\u0131l\u0131r? - MEYDAN.TV<\/title>\n<meta name=\"robots\" content=\"index, follow, max-snippet:-1, max-image-preview:large, max-video-preview:-1\" \/>\n<link rel=\"canonical\" href=\"https:\/\/www.meydan.tv\/az\/article\/oyun-alverinde-niye-ancaq-kicikler-gunahlandirilir\/\" \/>\n<meta property=\"og:locale\" content=\"az_AZ\" \/>\n<meta property=\"og:type\" content=\"article\" \/>\n<meta property=\"og:title\" content=\"Oyun alverind\u0259 niy\u0259 ancaq &#039;&#039;ki\u00e7ikl\u0259r&#039;&#039; g\u00fcnahland\u0131r\u0131l\u0131r? - MEYDAN.TV\" \/>\n<meta property=\"og:description\" content=\"Cinay\u0259t M\u0259c\u0259ll\u0259sin\u0259 d\u0259yi\u015fiklikl\u0259r edilm\u0259si il\u0259 ba\u011fl\u0131 t\u00f6vsiy\u0259l\u0259r parlament\u0259 t\u0259qdim edilib\" \/>\n<meta property=\"og:url\" content=\"https:\/\/www.meydan.tv\/az\/article\/oyun-alverinde-niye-ancaq-kicikler-gunahlandirilir\/\" \/>\n<meta property=\"og:site_name\" content=\"MEYDAN.TV\" \/>\n<meta property=\"article:published_time\" content=\"2016-11-28T15:30:47+00:00\" \/>\n<meta property=\"og:image\" content=\"https:\/\/www.meydan.tv\/wp-content\/uploads\/18484.jpg\" \/>\n\t<meta property=\"og:image:width\" content=\"534\" \/>\n\t<meta property=\"og:image:height\" content=\"400\" \/>\n\t<meta property=\"og:image:type\" content=\"image\/jpeg\" \/>\n<meta name=\"author\" content=\"user-manager\" \/>\n<meta name=\"twitter:card\" content=\"summary_large_image\" \/>\n<script type=\"application\/ld+json\" class=\"yoast-schema-graph\">{\"@context\":\"https:\\\/\\\/schema.org\",\"@graph\":[{\"@type\":\"Article\",\"@id\":\"https:\\\/\\\/www.meydan.tv\\\/az\\\/article\\\/oyun-alverinde-niye-ancaq-kicikler-gunahlandirilir\\\/#article\",\"isPartOf\":{\"@id\":\"https:\\\/\\\/www.meydan.tv\\\/az\\\/article\\\/oyun-alverinde-niye-ancaq-kicikler-gunahlandirilir\\\/\"},\"author\":{\"name\":\"user-manager\",\"@id\":\"https:\\\/\\\/www.meydan.tv\\\/az\\\/#\\\/schema\\\/person\\\/10d11eccf6da3662cf5fdab9806ea91a\"},\"headline\":\"Oyun alverind\u0259 niy\u0259 ancaq &#8221;ki\u00e7ikl\u0259r&#8221; g\u00fcnahland\u0131r\u0131l\u0131r?\",\"datePublished\":\"2016-11-28T15:30:47+00:00\",\"mainEntityOfPage\":{\"@id\":\"https:\\\/\\\/www.meydan.tv\\\/az\\\/article\\\/oyun-alverinde-niye-ancaq-kicikler-gunahlandirilir\\\/\"},\"wordCount\":1594,\"publisher\":{\"@id\":\"https:\\\/\\\/www.meydan.tv\\\/az\\\/#organization\"},\"image\":{\"@id\":\"https:\\\/\\\/www.meydan.tv\\\/az\\\/article\\\/oyun-alverinde-niye-ancaq-kicikler-gunahlandirilir\\\/#primaryimage\"},\"thumbnailUrl\":\"https:\\\/\\\/www.meydan.tv\\\/wp-content\\\/uploads\\\/18484.jpg\",\"articleSection\":[\"Analitika\"],\"inLanguage\":\"az\"},{\"@type\":\"WebPage\",\"@id\":\"https:\\\/\\\/www.meydan.tv\\\/az\\\/article\\\/oyun-alverinde-niye-ancaq-kicikler-gunahlandirilir\\\/\",\"url\":\"https:\\\/\\\/www.meydan.tv\\\/az\\\/article\\\/oyun-alverinde-niye-ancaq-kicikler-gunahlandirilir\\\/\",\"name\":\"Oyun alverind\u0259 niy\u0259 ancaq ''ki\u00e7ikl\u0259r'' g\u00fcnahland\u0131r\u0131l\u0131r? - MEYDAN.TV\",\"isPartOf\":{\"@id\":\"https:\\\/\\\/www.meydan.tv\\\/az\\\/#website\"},\"primaryImageOfPage\":{\"@id\":\"https:\\\/\\\/www.meydan.tv\\\/az\\\/article\\\/oyun-alverinde-niye-ancaq-kicikler-gunahlandirilir\\\/#primaryimage\"},\"image\":{\"@id\":\"https:\\\/\\\/www.meydan.tv\\\/az\\\/article\\\/oyun-alverinde-niye-ancaq-kicikler-gunahlandirilir\\\/#primaryimage\"},\"thumbnailUrl\":\"https:\\\/\\\/www.meydan.tv\\\/wp-content\\\/uploads\\\/18484.jpg\",\"datePublished\":\"2016-11-28T15:30:47+00:00\",\"breadcrumb\":{\"@id\":\"https:\\\/\\\/www.meydan.tv\\\/az\\\/article\\\/oyun-alverinde-niye-ancaq-kicikler-gunahlandirilir\\\/#breadcrumb\"},\"inLanguage\":\"az\",\"potentialAction\":[{\"@type\":\"ReadAction\",\"target\":[\"https:\\\/\\\/www.meydan.tv\\\/az\\\/article\\\/oyun-alverinde-niye-ancaq-kicikler-gunahlandirilir\\\/\"]}]},{\"@type\":\"ImageObject\",\"inLanguage\":\"az\",\"@id\":\"https:\\\/\\\/www.meydan.tv\\\/az\\\/article\\\/oyun-alverinde-niye-ancaq-kicikler-gunahlandirilir\\\/#primaryimage\",\"url\":\"https:\\\/\\\/www.meydan.tv\\\/wp-content\\\/uploads\\\/18484.jpg\",\"contentUrl\":\"https:\\\/\\\/www.meydan.tv\\\/wp-content\\\/uploads\\\/18484.jpg\",\"width\":534,\"height\":400,\"caption\":\"Source: AFFA\"},{\"@type\":\"BreadcrumbList\",\"@id\":\"https:\\\/\\\/www.meydan.tv\\\/az\\\/article\\\/oyun-alverinde-niye-ancaq-kicikler-gunahlandirilir\\\/#breadcrumb\",\"itemListElement\":[{\"@type\":\"ListItem\",\"position\":1,\"name\":\"Ana s\u0259hif\u0259\",\"item\":\"https:\\\/\\\/www.meydan.tv\\\/az\\\/\"},{\"@type\":\"ListItem\",\"position\":2,\"name\":\"Analitika\",\"item\":\"https:\\\/\\\/www.meydan.tv\\\/az\\\/section\\\/analitika\\\/\"},{\"@type\":\"ListItem\",\"position\":3,\"name\":\"Oyun alverind\u0259 niy\u0259 ancaq &#8221;ki\u00e7ikl\u0259r&#8221; g\u00fcnahland\u0131r\u0131l\u0131r?\"}]},{\"@type\":\"WebSite\",\"@id\":\"https:\\\/\\\/www.meydan.tv\\\/az\\\/#website\",\"url\":\"https:\\\/\\\/www.meydan.tv\\\/az\\\/\",\"name\":\"MEYDAN.TV\",\"description\":\"Meydan TV Az\u0259rbaycan\u0131n media m\u0259kan\u0131ndak\u0131 alternativ s\u0259sidir\",\"publisher\":{\"@id\":\"https:\\\/\\\/www.meydan.tv\\\/az\\\/#organization\"},\"potentialAction\":[{\"@type\":\"SearchAction\",\"target\":{\"@type\":\"EntryPoint\",\"urlTemplate\":\"https:\\\/\\\/www.meydan.tv\\\/az\\\/?s={search_term_string}\"},\"query-input\":{\"@type\":\"PropertyValueSpecification\",\"valueRequired\":true,\"valueName\":\"search_term_string\"}}],\"inLanguage\":\"az\"},{\"@type\":\"Organization\",\"@id\":\"https:\\\/\\\/www.meydan.tv\\\/az\\\/#organization\",\"name\":\"Meydan TV\",\"url\":\"https:\\\/\\\/www.meydan.tv\\\/az\\\/\",\"logo\":{\"@type\":\"ImageObject\",\"inLanguage\":\"az\",\"@id\":\"https:\\\/\\\/www.meydan.tv\\\/az\\\/#\\\/schema\\\/logo\\\/image\\\/\",\"url\":\"https:\\\/\\\/www.meydan.tv\\\/wp-content\\\/uploads\\\/2021\\\/07\\\/meydan-logo.svg\",\"contentUrl\":\"https:\\\/\\\/www.meydan.tv\\\/wp-content\\\/uploads\\\/2021\\\/07\\\/meydan-logo.svg\",\"width\":195,\"height\":46,\"caption\":\"Meydan TV\"},\"image\":{\"@id\":\"https:\\\/\\\/www.meydan.tv\\\/az\\\/#\\\/schema\\\/logo\\\/image\\\/\"}},{\"@type\":\"Person\",\"@id\":\"https:\\\/\\\/www.meydan.tv\\\/az\\\/#\\\/schema\\\/person\\\/10d11eccf6da3662cf5fdab9806ea91a\",\"name\":\"user-manager\"}]}<\/script>\n<!-- \/ Yoast SEO plugin. -->","yoast_head_json":{"title":"Oyun alverind\u0259 niy\u0259 ancaq ''ki\u00e7ikl\u0259r'' g\u00fcnahland\u0131r\u0131l\u0131r? - MEYDAN.TV","robots":{"index":"index","follow":"follow","max-snippet":"max-snippet:-1","max-image-preview":"max-image-preview:large","max-video-preview":"max-video-preview:-1"},"canonical":"https:\/\/www.meydan.tv\/az\/article\/oyun-alverinde-niye-ancaq-kicikler-gunahlandirilir\/","og_locale":"az_AZ","og_type":"article","og_title":"Oyun alverind\u0259 niy\u0259 ancaq ''ki\u00e7ikl\u0259r'' g\u00fcnahland\u0131r\u0131l\u0131r? - MEYDAN.TV","og_description":"Cinay\u0259t M\u0259c\u0259ll\u0259sin\u0259 d\u0259yi\u015fiklikl\u0259r edilm\u0259si il\u0259 ba\u011fl\u0131 t\u00f6vsiy\u0259l\u0259r parlament\u0259 t\u0259qdim edilib","og_url":"https:\/\/www.meydan.tv\/az\/article\/oyun-alverinde-niye-ancaq-kicikler-gunahlandirilir\/","og_site_name":"MEYDAN.TV","article_published_time":"2016-11-28T15:30:47+00:00","og_image":[{"width":534,"height":400,"url":"https:\/\/www.meydan.tv\/wp-content\/uploads\/18484.jpg","type":"image\/jpeg"}],"author":"user-manager","twitter_card":"summary_large_image","schema":{"@context":"https:\/\/schema.org","@graph":[{"@type":"Article","@id":"https:\/\/www.meydan.tv\/az\/article\/oyun-alverinde-niye-ancaq-kicikler-gunahlandirilir\/#article","isPartOf":{"@id":"https:\/\/www.meydan.tv\/az\/article\/oyun-alverinde-niye-ancaq-kicikler-gunahlandirilir\/"},"author":{"name":"user-manager","@id":"https:\/\/www.meydan.tv\/az\/#\/schema\/person\/10d11eccf6da3662cf5fdab9806ea91a"},"headline":"Oyun alverind\u0259 niy\u0259 ancaq &#8221;ki\u00e7ikl\u0259r&#8221; g\u00fcnahland\u0131r\u0131l\u0131r?","datePublished":"2016-11-28T15:30:47+00:00","mainEntityOfPage":{"@id":"https:\/\/www.meydan.tv\/az\/article\/oyun-alverinde-niye-ancaq-kicikler-gunahlandirilir\/"},"wordCount":1594,"publisher":{"@id":"https:\/\/www.meydan.tv\/az\/#organization"},"image":{"@id":"https:\/\/www.meydan.tv\/az\/article\/oyun-alverinde-niye-ancaq-kicikler-gunahlandirilir\/#primaryimage"},"thumbnailUrl":"https:\/\/www.meydan.tv\/wp-content\/uploads\/18484.jpg","articleSection":["Analitika"],"inLanguage":"az"},{"@type":"WebPage","@id":"https:\/\/www.meydan.tv\/az\/article\/oyun-alverinde-niye-ancaq-kicikler-gunahlandirilir\/","url":"https:\/\/www.meydan.tv\/az\/article\/oyun-alverinde-niye-ancaq-kicikler-gunahlandirilir\/","name":"Oyun alverind\u0259 niy\u0259 ancaq ''ki\u00e7ikl\u0259r'' g\u00fcnahland\u0131r\u0131l\u0131r? - MEYDAN.TV","isPartOf":{"@id":"https:\/\/www.meydan.tv\/az\/#website"},"primaryImageOfPage":{"@id":"https:\/\/www.meydan.tv\/az\/article\/oyun-alverinde-niye-ancaq-kicikler-gunahlandirilir\/#primaryimage"},"image":{"@id":"https:\/\/www.meydan.tv\/az\/article\/oyun-alverinde-niye-ancaq-kicikler-gunahlandirilir\/#primaryimage"},"thumbnailUrl":"https:\/\/www.meydan.tv\/wp-content\/uploads\/18484.jpg","datePublished":"2016-11-28T15:30:47+00:00","breadcrumb":{"@id":"https:\/\/www.meydan.tv\/az\/article\/oyun-alverinde-niye-ancaq-kicikler-gunahlandirilir\/#breadcrumb"},"inLanguage":"az","potentialAction":[{"@type":"ReadAction","target":["https:\/\/www.meydan.tv\/az\/article\/oyun-alverinde-niye-ancaq-kicikler-gunahlandirilir\/"]}]},{"@type":"ImageObject","inLanguage":"az","@id":"https:\/\/www.meydan.tv\/az\/article\/oyun-alverinde-niye-ancaq-kicikler-gunahlandirilir\/#primaryimage","url":"https:\/\/www.meydan.tv\/wp-content\/uploads\/18484.jpg","contentUrl":"https:\/\/www.meydan.tv\/wp-content\/uploads\/18484.jpg","width":534,"height":400,"caption":"Source: AFFA"},{"@type":"BreadcrumbList","@id":"https:\/\/www.meydan.tv\/az\/article\/oyun-alverinde-niye-ancaq-kicikler-gunahlandirilir\/#breadcrumb","itemListElement":[{"@type":"ListItem","position":1,"name":"Ana s\u0259hif\u0259","item":"https:\/\/www.meydan.tv\/az\/"},{"@type":"ListItem","position":2,"name":"Analitika","item":"https:\/\/www.meydan.tv\/az\/section\/analitika\/"},{"@type":"ListItem","position":3,"name":"Oyun alverind\u0259 niy\u0259 ancaq &#8221;ki\u00e7ikl\u0259r&#8221; g\u00fcnahland\u0131r\u0131l\u0131r?"}]},{"@type":"WebSite","@id":"https:\/\/www.meydan.tv\/az\/#website","url":"https:\/\/www.meydan.tv\/az\/","name":"MEYDAN.TV","description":"Meydan TV Az\u0259rbaycan\u0131n media m\u0259kan\u0131ndak\u0131 alternativ s\u0259sidir","publisher":{"@id":"https:\/\/www.meydan.tv\/az\/#organization"},"potentialAction":[{"@type":"SearchAction","target":{"@type":"EntryPoint","urlTemplate":"https:\/\/www.meydan.tv\/az\/?s={search_term_string}"},"query-input":{"@type":"PropertyValueSpecification","valueRequired":true,"valueName":"search_term_string"}}],"inLanguage":"az"},{"@type":"Organization","@id":"https:\/\/www.meydan.tv\/az\/#organization","name":"Meydan TV","url":"https:\/\/www.meydan.tv\/az\/","logo":{"@type":"ImageObject","inLanguage":"az","@id":"https:\/\/www.meydan.tv\/az\/#\/schema\/logo\/image\/","url":"https:\/\/www.meydan.tv\/wp-content\/uploads\/2021\/07\/meydan-logo.svg","contentUrl":"https:\/\/www.meydan.tv\/wp-content\/uploads\/2021\/07\/meydan-logo.svg","width":195,"height":46,"caption":"Meydan TV"},"image":{"@id":"https:\/\/www.meydan.tv\/az\/#\/schema\/logo\/image\/"}},{"@type":"Person","@id":"https:\/\/www.meydan.tv\/az\/#\/schema\/person\/10d11eccf6da3662cf5fdab9806ea91a","name":"user-manager"}]}},"_links":{"self":[{"href":"https:\/\/www.meydan.tv\/az\/wp-json\/wp\/v2\/posts\/180793","targetHints":{"allow":["GET"]}}],"collection":[{"href":"https:\/\/www.meydan.tv\/az\/wp-json\/wp\/v2\/posts"}],"about":[{"href":"https:\/\/www.meydan.tv\/az\/wp-json\/wp\/v2\/types\/post"}],"author":[{"embeddable":true,"href":"https:\/\/www.meydan.tv\/az\/wp-json\/wp\/v2\/users\/11"}],"replies":[{"embeddable":true,"href":"https:\/\/www.meydan.tv\/az\/wp-json\/wp\/v2\/comments?post=180793"}],"version-history":[{"count":0,"href":"https:\/\/www.meydan.tv\/az\/wp-json\/wp\/v2\/posts\/180793\/revisions"}],"wp:featuredmedia":[{"embeddable":true,"href":"https:\/\/www.meydan.tv\/az\/wp-json\/wp\/v2\/media\/49190"}],"wp:attachment":[{"href":"https:\/\/www.meydan.tv\/az\/wp-json\/wp\/v2\/media?parent=180793"}],"wp:term":[{"taxonomy":"category","embeddable":true,"href":"https:\/\/www.meydan.tv\/az\/wp-json\/wp\/v2\/categories?post=180793"},{"taxonomy":"post_tag","embeddable":true,"href":"https:\/\/www.meydan.tv\/az\/wp-json\/wp\/v2\/tags?post=180793"}],"curies":[{"name":"wp","href":"https:\/\/api.w.org\/{rel}","templated":true}]}}