{"id":180790,"date":"2016-11-28T15:22:34","date_gmt":"2016-11-28T15:22:34","guid":{"rendered":"https:\/\/www.meydan.tv\/article\/yeni-budce-layihesinde-emek-haqlarinin-artirilmasi-nezerde-tutulub\/"},"modified":"2016-11-28T15:22:34","modified_gmt":"2016-11-28T15:22:34","slug":"yeni-budce-layihesinde-emek-haqlarinin-artirilmasi-nezerde-tutulub","status":"publish","type":"post","link":"https:\/\/www.meydan.tv\/az\/article\/yeni-budce-layihesinde-emek-haqlarinin-artirilmasi-nezerde-tutulub\/","title":{"rendered":"Yeni b\u00fcdc\u0259 layih\u0259sind\u0259 \u0259m\u0259k haqlar\u0131n\u0131n art\u0131r\u0131lmas\u0131 n\u0259z\u0259rd\u0259 tutulub"},"content":{"rendered":"<figure class=\"wp-block-image size-large\">\n  <img decoding=\"async\" src=\"https:\/\/www.meydan.tv\/az\/72032\/\" alt=\"\" class=\"wp-image-72032\"\/><figcaption><\/figcaption><\/figure>\n<p>\n  <i><br \/>\n    &#8221;\u018fsas istehlak m\u0259hsullar\u0131n\u0131n d\u0259y\u0259rind\u0259 t\u0259xmin\u0259n 40-45 faiz\u0259 q\u0259d\u0259r art\u0131m var&#8221;<br \/>\n  <\/i>\n<\/p>\n<p>\n  2017-ci il Az\u0259rbaycanda minimum \u0259m\u0259k haqq\u0131n\u0131n, pensiyalar\u0131n minimum m\u0259bl\u0259\u011finin v\u0259 ya\u015fay\u0131\u015f minimumunun h\u0259ddinin t\u0259dric\u0259n art\u0131r\u0131lmas\u0131 n\u0259z\u0259rd\u0259 tutulur.\n<\/p>\n<p>\n  Trend yaz\u0131r ki, bu bar\u0259d\u0259 Milli M\u0259clis\u0259 t\u0259qdim olunmu\u015f \u201cAz\u0259rbaycan\u0131n 2017-ci il v\u0259 g\u0259l\u0259n \u00fc\u00e7 il \u00fczr\u0259 iqtisadi-sosial inki\u015faf konsepsiyas\u0131\u201dn\u0131n layih\u0259sind\u0259 deyilir.\n<\/p>\n<p>\n  Layih\u0259d\u0259 qeyd olunub ki, g\u0259l\u0259n il h\u0259m\u00e7inin \u0259lilliy\u0259, ail\u0259 ba\u015f\u00e7\u0131s\u0131n\u0131n itirilm\u0259sin\u0259, sa\u011flaml\u0131q imkanlar\u0131 m\u0259hdud u\u015faqlara, \u0259m\u0259k x\u0259sar\u0259ti n\u0259tic\u0259sind\u0259 \u015f\u0259xsl\u0259r\u0259 ayl\u0131q (v\u0259 bird\u0259f\u0259lik borc) \u00f6d\u0259ncl\u0259rinin, \u015f\u0259hid, m\u00fcharib\u0259 \u0259lill\u0259ri, \u00c7ernob\u0131l \u0259lill\u0259ri, m\u00fcdd\u0259tli h\u0259rbi qulluq\u00e7u v\u0259 bir ya\u015f\u0131na q\u0259d\u0259r u\u015fa\u011f\u0131 olan ail\u0259l\u0259rin ayl\u0131q m\u00fcavin\u0259tl\u0259rinin, xalq, \u0259m\u0259kdar f\u0259xri adlar\u0131 olanlar\u0131n, f\u0259rdi t\u0259qa\u00fcdl\u0259rin, Milli Q\u0259hr\u0259manlar\u0131n, 20 yanvar v\u0259 dig\u0259r kateqoriyalardan olan \u015f\u0259hid ail\u0259l\u0259rinin v\u0259 m\u00fcharib\u0259 \u0259lill\u0259rinin, Prezident t\u0259qa\u00fcd\u00fcn\u00fcn, \u015f\u0259hid ail\u0259 \u00fczvl\u0259rin\u0259, m\u00fcharib\u0259 veteranlar\u0131n\u0131n ayl\u0131q, u\u015fa\u011f\u0131n do\u011fulmas\u0131 v\u0259 radiasiya q\u0259zas\u0131 n\u0259tic\u0259sind\u0259 z\u0259r\u0259r \u00e7\u0259k\u0259r\u0259k \u0259lil olan \u015f\u0259xsl\u0259r\u0259 bird\u0259f\u0259lik m\u00fcavin\u0259tl\u0259rin art\u0131r\u0131lmas\u0131 istiqam\u0259tind\u0259 t\u0259dbirl\u0259r h\u0259yata ke\u00e7iril\u0259c\u0259k.\n<\/p>\n<p>\n  \u0130qtisad\u00e7\u0131 R\u00f6v\u015f\u0259n A\u011fayev Meydan TV-y\u0259 bildirib ki, Az\u0259rbaycanda pensiyalar\u0131n baza hiss\u0259si v\u0259 minimum \u0259m\u0259khaqq\u0131n\u0131n a\u015fa\u011f\u0131 hiss\u0259si uzun m\u00fcdd\u0259tdir ki, art\u0131r\u0131lm\u0131r. Sonuncu d\u0259f\u0259 minimum \u0259m\u0259khaqq\u0131 2013-c\u00fc ilin sentyabr\u0131nda 5 manat m\u00fc\u0259yy\u0259nl\u0259\u015fdirilib. Pensiyalar\u0131n baza hiss\u0259si 100 manatd\u0131r v\u0259 h\u0259min vaxtdan art\u0131r\u0131lmay\u0131b:<br \/>\n  <br \/>\n  \u201c\u0130ki devalvasiyadan sonra ya\u015fay\u0131\u015f\u0131n d\u0259y\u0259ri is\u0259 k\u0259skin \u015f\u0259kild\u0259 art\u0131b. \u0130lkin qiym\u0259tl\u0259ndirm\u0259l\u0259r\u0259 g\u00f6r\u0259, son 2 ild\u0259 \u0259rzaq s\u0259b\u0259tinin d\u0259y\u0259ri 35-40 faiz bahala\u015f\u0131b. \u018fsas istehlak m\u0259hsullar\u0131n\u0131n d\u0259y\u0259rind\u0259 t\u0259xmin\u0259n 40-45 faiz\u0259 q\u0259d\u0259r art\u0131m var. D\u00fczd\u00fcr, son iki ild\u0259 ya\u015fay\u0131\u015f minimumu art\u0131b, &#8220;B\u00fcdc\u0259 haqq\u0131nda&#8221; qanunveriuciliy\u0259 parlamentd\u0259 bax\u0131l\u0131b, amma bir daha deyir\u0259m, minimum \u0259m\u0259khaqq\u0131 v\u0259 baza pensiyas\u0131 son 3-4 ild\u0259 d\u0259yi\u015fm\u0259yib\u201d.\n<\/p>\n<figure class=\"wp-block-image size-large\">\n  <img decoding=\"async\" src=\"https:\/\/www.meydan.tv\/az\/71743\/\" alt=\"\" class=\"wp-image-71743\"\/><figcaption>\n    R\u00f6v\u015f\u0259n A\u011fayev foto sosial \u015f\u0259b\u0259k\u0259<br \/>\n  <\/figcaption><\/figure>\n<p>\n  \u0130qtisad\u00e7\u0131 vacib m\u0259qamlardan biri kimi baza pensiyas\u0131n\u0131n v\u0259 minimum \u0259m\u0259khaqq\u0131n\u0131n m\u0259bl\u0259\u011finin ya\u015fay\u0131\u015f minimumundan \u0259n az\u0131 30-35 faiz\u0259 q\u0259d\u0259r az oldu\u011funu hesab edir: \u201cH\u00f6kum\u0259t \u00fc\u00e7\u00fcn \u0259slind\u0259 h\u0259d\u0259f minimum \u0259m\u0259khaqq\u0131, pensiyalar\u0131n baza hiss\u0259si v\u0259 yoxsulluq m\u00fcavin\u0259ti \u00fc\u00e7\u00fcn h\u0259ddi ya\u015fay\u0131\u015f minimumun d\u0259y\u0259rin\u0259 uy\u011funla\u015fd\u0131rmaq olmal\u0131d\u0131r. Y\u0259ni, bu yana\u015fma \u00f6z\u00fcl kimi g\u00f6t\u00fcr\u00fclm\u0259lidir\u201d.<\/p>\n","protected":false},"excerpt":{"rendered":"<p>&#8221;\u018fsas istehlak m\u0259hsullar\u0131n\u0131n d\u0259y\u0259rind\u0259 t\u0259xmin\u0259n 40-45 faiz\u0259 q\u0259d\u0259r art\u0131m var&#8221;<\/p>\n","protected":false},"author":11,"featured_media":72032,"comment_status":"closed","ping_status":"open","sticky":false,"template":"","format":"standard","meta":{"_acf_changed":false,"_sitemap_exclude":false,"_sitemap_priority":"","_sitemap_frequency":"","footnotes":""},"categories":[51],"tags":[],"class_list":["post-180790","post","type-post","status-publish","format-standard","has-post-thumbnail","hentry","category-analitika","infinite-scroll-item","generate-columns","tablet-grid-50","mobile-grid-100","grid-parent","grid-33","no-featured-image-padding"],"acf":[],"yoast_head":"<!-- This site is optimized with the Yoast SEO plugin v27.5 - https:\/\/yoast.com\/product\/yoast-seo-wordpress\/ -->\n<title>Yeni b\u00fcdc\u0259 layih\u0259sind\u0259 \u0259m\u0259k haqlar\u0131n\u0131n art\u0131r\u0131lmas\u0131 n\u0259z\u0259rd\u0259 tutulub - MEYDAN.TV<\/title>\n<meta name=\"robots\" content=\"index, follow, max-snippet:-1, max-image-preview:large, max-video-preview:-1\" \/>\n<link rel=\"canonical\" href=\"https:\/\/www.meydan.tv\/az\/article\/yeni-budce-layihesinde-emek-haqlarinin-artirilmasi-nezerde-tutulub\/\" \/>\n<meta property=\"og:locale\" content=\"az_AZ\" \/>\n<meta property=\"og:type\" content=\"article\" \/>\n<meta property=\"og:title\" content=\"Yeni b\u00fcdc\u0259 layih\u0259sind\u0259 \u0259m\u0259k haqlar\u0131n\u0131n art\u0131r\u0131lmas\u0131 n\u0259z\u0259rd\u0259 tutulub - MEYDAN.TV\" \/>\n<meta property=\"og:description\" content=\"&#039;&#039;\u018fsas istehlak m\u0259hsullar\u0131n\u0131n d\u0259y\u0259rind\u0259 t\u0259xmin\u0259n 40-45 faiz\u0259 q\u0259d\u0259r art\u0131m var&#039;&#039;\" \/>\n<meta property=\"og:url\" content=\"https:\/\/www.meydan.tv\/az\/article\/yeni-budce-layihesinde-emek-haqlarinin-artirilmasi-nezerde-tutulub\/\" \/>\n<meta property=\"og:site_name\" content=\"MEYDAN.TV\" \/>\n<meta property=\"article:published_time\" content=\"2016-11-28T15:22:34+00:00\" \/>\n<meta property=\"og:image\" content=\"https:\/\/www.meydan.tv\/wp-content\/uploads\/27622.jpg\" \/>\n\t<meta property=\"og:image:width\" content=\"768\" \/>\n\t<meta property=\"og:image:height\" content=\"512\" \/>\n\t<meta property=\"og:image:type\" content=\"image\/jpeg\" \/>\n<meta name=\"author\" content=\"user-manager\" \/>\n<meta name=\"twitter:card\" content=\"summary_large_image\" \/>\n<script type=\"application\/ld+json\" class=\"yoast-schema-graph\">{\"@context\":\"https:\\\/\\\/schema.org\",\"@graph\":[{\"@type\":\"Article\",\"@id\":\"https:\\\/\\\/www.meydan.tv\\\/az\\\/article\\\/yeni-budce-layihesinde-emek-haqlarinin-artirilmasi-nezerde-tutulub\\\/#article\",\"isPartOf\":{\"@id\":\"https:\\\/\\\/www.meydan.tv\\\/az\\\/article\\\/yeni-budce-layihesinde-emek-haqlarinin-artirilmasi-nezerde-tutulub\\\/\"},\"author\":{\"name\":\"user-manager\",\"@id\":\"https:\\\/\\\/www.meydan.tv\\\/az\\\/#\\\/schema\\\/person\\\/10d11eccf6da3662cf5fdab9806ea91a\"},\"headline\":\"Yeni b\u00fcdc\u0259 layih\u0259sind\u0259 \u0259m\u0259k haqlar\u0131n\u0131n art\u0131r\u0131lmas\u0131 n\u0259z\u0259rd\u0259 tutulub\",\"datePublished\":\"2016-11-28T15:22:34+00:00\",\"mainEntityOfPage\":{\"@id\":\"https:\\\/\\\/www.meydan.tv\\\/az\\\/article\\\/yeni-budce-layihesinde-emek-haqlarinin-artirilmasi-nezerde-tutulub\\\/\"},\"wordCount\":532,\"publisher\":{\"@id\":\"https:\\\/\\\/www.meydan.tv\\\/az\\\/#organization\"},\"image\":{\"@id\":\"https:\\\/\\\/www.meydan.tv\\\/az\\\/article\\\/yeni-budce-layihesinde-emek-haqlarinin-artirilmasi-nezerde-tutulub\\\/#primaryimage\"},\"thumbnailUrl\":\"https:\\\/\\\/www.meydan.tv\\\/wp-content\\\/uploads\\\/27622.jpg\",\"articleSection\":[\"Analitika\"],\"inLanguage\":\"az\"},{\"@type\":\"WebPage\",\"@id\":\"https:\\\/\\\/www.meydan.tv\\\/az\\\/article\\\/yeni-budce-layihesinde-emek-haqlarinin-artirilmasi-nezerde-tutulub\\\/\",\"url\":\"https:\\\/\\\/www.meydan.tv\\\/az\\\/article\\\/yeni-budce-layihesinde-emek-haqlarinin-artirilmasi-nezerde-tutulub\\\/\",\"name\":\"Yeni b\u00fcdc\u0259 layih\u0259sind\u0259 \u0259m\u0259k haqlar\u0131n\u0131n art\u0131r\u0131lmas\u0131 n\u0259z\u0259rd\u0259 tutulub - MEYDAN.TV\",\"isPartOf\":{\"@id\":\"https:\\\/\\\/www.meydan.tv\\\/az\\\/#website\"},\"primaryImageOfPage\":{\"@id\":\"https:\\\/\\\/www.meydan.tv\\\/az\\\/article\\\/yeni-budce-layihesinde-emek-haqlarinin-artirilmasi-nezerde-tutulub\\\/#primaryimage\"},\"image\":{\"@id\":\"https:\\\/\\\/www.meydan.tv\\\/az\\\/article\\\/yeni-budce-layihesinde-emek-haqlarinin-artirilmasi-nezerde-tutulub\\\/#primaryimage\"},\"thumbnailUrl\":\"https:\\\/\\\/www.meydan.tv\\\/wp-content\\\/uploads\\\/27622.jpg\",\"datePublished\":\"2016-11-28T15:22:34+00:00\",\"breadcrumb\":{\"@id\":\"https:\\\/\\\/www.meydan.tv\\\/az\\\/article\\\/yeni-budce-layihesinde-emek-haqlarinin-artirilmasi-nezerde-tutulub\\\/#breadcrumb\"},\"inLanguage\":\"az\",\"potentialAction\":[{\"@type\":\"ReadAction\",\"target\":[\"https:\\\/\\\/www.meydan.tv\\\/az\\\/article\\\/yeni-budce-layihesinde-emek-haqlarinin-artirilmasi-nezerde-tutulub\\\/\"]}]},{\"@type\":\"ImageObject\",\"inLanguage\":\"az\",\"@id\":\"https:\\\/\\\/www.meydan.tv\\\/az\\\/article\\\/yeni-budce-layihesinde-emek-haqlarinin-artirilmasi-nezerde-tutulub\\\/#primaryimage\",\"url\":\"https:\\\/\\\/www.meydan.tv\\\/wp-content\\\/uploads\\\/27622.jpg\",\"contentUrl\":\"https:\\\/\\\/www.meydan.tv\\\/wp-content\\\/uploads\\\/27622.jpg\",\"width\":768,\"height\":512,\"caption\":\"Source:\"},{\"@type\":\"BreadcrumbList\",\"@id\":\"https:\\\/\\\/www.meydan.tv\\\/az\\\/article\\\/yeni-budce-layihesinde-emek-haqlarinin-artirilmasi-nezerde-tutulub\\\/#breadcrumb\",\"itemListElement\":[{\"@type\":\"ListItem\",\"position\":1,\"name\":\"Ana s\u0259hif\u0259\",\"item\":\"https:\\\/\\\/www.meydan.tv\\\/az\\\/\"},{\"@type\":\"ListItem\",\"position\":2,\"name\":\"Analitika\",\"item\":\"https:\\\/\\\/www.meydan.tv\\\/az\\\/section\\\/analitika\\\/\"},{\"@type\":\"ListItem\",\"position\":3,\"name\":\"Yeni b\u00fcdc\u0259 layih\u0259sind\u0259 \u0259m\u0259k haqlar\u0131n\u0131n art\u0131r\u0131lmas\u0131 n\u0259z\u0259rd\u0259 tutulub\"}]},{\"@type\":\"WebSite\",\"@id\":\"https:\\\/\\\/www.meydan.tv\\\/az\\\/#website\",\"url\":\"https:\\\/\\\/www.meydan.tv\\\/az\\\/\",\"name\":\"MEYDAN.TV\",\"description\":\"Meydan TV Az\u0259rbaycan\u0131n media m\u0259kan\u0131ndak\u0131 alternativ s\u0259sidir\",\"publisher\":{\"@id\":\"https:\\\/\\\/www.meydan.tv\\\/az\\\/#organization\"},\"potentialAction\":[{\"@type\":\"SearchAction\",\"target\":{\"@type\":\"EntryPoint\",\"urlTemplate\":\"https:\\\/\\\/www.meydan.tv\\\/az\\\/?s={search_term_string}\"},\"query-input\":{\"@type\":\"PropertyValueSpecification\",\"valueRequired\":true,\"valueName\":\"search_term_string\"}}],\"inLanguage\":\"az\"},{\"@type\":\"Organization\",\"@id\":\"https:\\\/\\\/www.meydan.tv\\\/az\\\/#organization\",\"name\":\"Meydan TV\",\"url\":\"https:\\\/\\\/www.meydan.tv\\\/az\\\/\",\"logo\":{\"@type\":\"ImageObject\",\"inLanguage\":\"az\",\"@id\":\"https:\\\/\\\/www.meydan.tv\\\/az\\\/#\\\/schema\\\/logo\\\/image\\\/\",\"url\":\"https:\\\/\\\/www.meydan.tv\\\/wp-content\\\/uploads\\\/2021\\\/07\\\/meydan-logo.svg\",\"contentUrl\":\"https:\\\/\\\/www.meydan.tv\\\/wp-content\\\/uploads\\\/2021\\\/07\\\/meydan-logo.svg\",\"width\":195,\"height\":46,\"caption\":\"Meydan TV\"},\"image\":{\"@id\":\"https:\\\/\\\/www.meydan.tv\\\/az\\\/#\\\/schema\\\/logo\\\/image\\\/\"}},{\"@type\":\"Person\",\"@id\":\"https:\\\/\\\/www.meydan.tv\\\/az\\\/#\\\/schema\\\/person\\\/10d11eccf6da3662cf5fdab9806ea91a\",\"name\":\"user-manager\"}]}<\/script>\n<!-- \/ Yoast SEO plugin. -->","yoast_head_json":{"title":"Yeni b\u00fcdc\u0259 layih\u0259sind\u0259 \u0259m\u0259k haqlar\u0131n\u0131n art\u0131r\u0131lmas\u0131 n\u0259z\u0259rd\u0259 tutulub - MEYDAN.TV","robots":{"index":"index","follow":"follow","max-snippet":"max-snippet:-1","max-image-preview":"max-image-preview:large","max-video-preview":"max-video-preview:-1"},"canonical":"https:\/\/www.meydan.tv\/az\/article\/yeni-budce-layihesinde-emek-haqlarinin-artirilmasi-nezerde-tutulub\/","og_locale":"az_AZ","og_type":"article","og_title":"Yeni b\u00fcdc\u0259 layih\u0259sind\u0259 \u0259m\u0259k haqlar\u0131n\u0131n art\u0131r\u0131lmas\u0131 n\u0259z\u0259rd\u0259 tutulub - MEYDAN.TV","og_description":"''\u018fsas istehlak m\u0259hsullar\u0131n\u0131n d\u0259y\u0259rind\u0259 t\u0259xmin\u0259n 40-45 faiz\u0259 q\u0259d\u0259r art\u0131m var''","og_url":"https:\/\/www.meydan.tv\/az\/article\/yeni-budce-layihesinde-emek-haqlarinin-artirilmasi-nezerde-tutulub\/","og_site_name":"MEYDAN.TV","article_published_time":"2016-11-28T15:22:34+00:00","og_image":[{"width":768,"height":512,"url":"https:\/\/www.meydan.tv\/wp-content\/uploads\/27622.jpg","type":"image\/jpeg"}],"author":"user-manager","twitter_card":"summary_large_image","schema":{"@context":"https:\/\/schema.org","@graph":[{"@type":"Article","@id":"https:\/\/www.meydan.tv\/az\/article\/yeni-budce-layihesinde-emek-haqlarinin-artirilmasi-nezerde-tutulub\/#article","isPartOf":{"@id":"https:\/\/www.meydan.tv\/az\/article\/yeni-budce-layihesinde-emek-haqlarinin-artirilmasi-nezerde-tutulub\/"},"author":{"name":"user-manager","@id":"https:\/\/www.meydan.tv\/az\/#\/schema\/person\/10d11eccf6da3662cf5fdab9806ea91a"},"headline":"Yeni b\u00fcdc\u0259 layih\u0259sind\u0259 \u0259m\u0259k haqlar\u0131n\u0131n art\u0131r\u0131lmas\u0131 n\u0259z\u0259rd\u0259 tutulub","datePublished":"2016-11-28T15:22:34+00:00","mainEntityOfPage":{"@id":"https:\/\/www.meydan.tv\/az\/article\/yeni-budce-layihesinde-emek-haqlarinin-artirilmasi-nezerde-tutulub\/"},"wordCount":532,"publisher":{"@id":"https:\/\/www.meydan.tv\/az\/#organization"},"image":{"@id":"https:\/\/www.meydan.tv\/az\/article\/yeni-budce-layihesinde-emek-haqlarinin-artirilmasi-nezerde-tutulub\/#primaryimage"},"thumbnailUrl":"https:\/\/www.meydan.tv\/wp-content\/uploads\/27622.jpg","articleSection":["Analitika"],"inLanguage":"az"},{"@type":"WebPage","@id":"https:\/\/www.meydan.tv\/az\/article\/yeni-budce-layihesinde-emek-haqlarinin-artirilmasi-nezerde-tutulub\/","url":"https:\/\/www.meydan.tv\/az\/article\/yeni-budce-layihesinde-emek-haqlarinin-artirilmasi-nezerde-tutulub\/","name":"Yeni b\u00fcdc\u0259 layih\u0259sind\u0259 \u0259m\u0259k haqlar\u0131n\u0131n art\u0131r\u0131lmas\u0131 n\u0259z\u0259rd\u0259 tutulub - MEYDAN.TV","isPartOf":{"@id":"https:\/\/www.meydan.tv\/az\/#website"},"primaryImageOfPage":{"@id":"https:\/\/www.meydan.tv\/az\/article\/yeni-budce-layihesinde-emek-haqlarinin-artirilmasi-nezerde-tutulub\/#primaryimage"},"image":{"@id":"https:\/\/www.meydan.tv\/az\/article\/yeni-budce-layihesinde-emek-haqlarinin-artirilmasi-nezerde-tutulub\/#primaryimage"},"thumbnailUrl":"https:\/\/www.meydan.tv\/wp-content\/uploads\/27622.jpg","datePublished":"2016-11-28T15:22:34+00:00","breadcrumb":{"@id":"https:\/\/www.meydan.tv\/az\/article\/yeni-budce-layihesinde-emek-haqlarinin-artirilmasi-nezerde-tutulub\/#breadcrumb"},"inLanguage":"az","potentialAction":[{"@type":"ReadAction","target":["https:\/\/www.meydan.tv\/az\/article\/yeni-budce-layihesinde-emek-haqlarinin-artirilmasi-nezerde-tutulub\/"]}]},{"@type":"ImageObject","inLanguage":"az","@id":"https:\/\/www.meydan.tv\/az\/article\/yeni-budce-layihesinde-emek-haqlarinin-artirilmasi-nezerde-tutulub\/#primaryimage","url":"https:\/\/www.meydan.tv\/wp-content\/uploads\/27622.jpg","contentUrl":"https:\/\/www.meydan.tv\/wp-content\/uploads\/27622.jpg","width":768,"height":512,"caption":"Source:"},{"@type":"BreadcrumbList","@id":"https:\/\/www.meydan.tv\/az\/article\/yeni-budce-layihesinde-emek-haqlarinin-artirilmasi-nezerde-tutulub\/#breadcrumb","itemListElement":[{"@type":"ListItem","position":1,"name":"Ana s\u0259hif\u0259","item":"https:\/\/www.meydan.tv\/az\/"},{"@type":"ListItem","position":2,"name":"Analitika","item":"https:\/\/www.meydan.tv\/az\/section\/analitika\/"},{"@type":"ListItem","position":3,"name":"Yeni b\u00fcdc\u0259 layih\u0259sind\u0259 \u0259m\u0259k haqlar\u0131n\u0131n art\u0131r\u0131lmas\u0131 n\u0259z\u0259rd\u0259 tutulub"}]},{"@type":"WebSite","@id":"https:\/\/www.meydan.tv\/az\/#website","url":"https:\/\/www.meydan.tv\/az\/","name":"MEYDAN.TV","description":"Meydan TV Az\u0259rbaycan\u0131n media m\u0259kan\u0131ndak\u0131 alternativ s\u0259sidir","publisher":{"@id":"https:\/\/www.meydan.tv\/az\/#organization"},"potentialAction":[{"@type":"SearchAction","target":{"@type":"EntryPoint","urlTemplate":"https:\/\/www.meydan.tv\/az\/?s={search_term_string}"},"query-input":{"@type":"PropertyValueSpecification","valueRequired":true,"valueName":"search_term_string"}}],"inLanguage":"az"},{"@type":"Organization","@id":"https:\/\/www.meydan.tv\/az\/#organization","name":"Meydan TV","url":"https:\/\/www.meydan.tv\/az\/","logo":{"@type":"ImageObject","inLanguage":"az","@id":"https:\/\/www.meydan.tv\/az\/#\/schema\/logo\/image\/","url":"https:\/\/www.meydan.tv\/wp-content\/uploads\/2021\/07\/meydan-logo.svg","contentUrl":"https:\/\/www.meydan.tv\/wp-content\/uploads\/2021\/07\/meydan-logo.svg","width":195,"height":46,"caption":"Meydan TV"},"image":{"@id":"https:\/\/www.meydan.tv\/az\/#\/schema\/logo\/image\/"}},{"@type":"Person","@id":"https:\/\/www.meydan.tv\/az\/#\/schema\/person\/10d11eccf6da3662cf5fdab9806ea91a","name":"user-manager"}]}},"_links":{"self":[{"href":"https:\/\/www.meydan.tv\/az\/wp-json\/wp\/v2\/posts\/180790","targetHints":{"allow":["GET"]}}],"collection":[{"href":"https:\/\/www.meydan.tv\/az\/wp-json\/wp\/v2\/posts"}],"about":[{"href":"https:\/\/www.meydan.tv\/az\/wp-json\/wp\/v2\/types\/post"}],"author":[{"embeddable":true,"href":"https:\/\/www.meydan.tv\/az\/wp-json\/wp\/v2\/users\/11"}],"replies":[{"embeddable":true,"href":"https:\/\/www.meydan.tv\/az\/wp-json\/wp\/v2\/comments?post=180790"}],"version-history":[{"count":0,"href":"https:\/\/www.meydan.tv\/az\/wp-json\/wp\/v2\/posts\/180790\/revisions"}],"wp:featuredmedia":[{"embeddable":true,"href":"https:\/\/www.meydan.tv\/az\/wp-json\/wp\/v2\/media\/72032"}],"wp:attachment":[{"href":"https:\/\/www.meydan.tv\/az\/wp-json\/wp\/v2\/media?parent=180790"}],"wp:term":[{"taxonomy":"category","embeddable":true,"href":"https:\/\/www.meydan.tv\/az\/wp-json\/wp\/v2\/categories?post=180790"},{"taxonomy":"post_tag","embeddable":true,"href":"https:\/\/www.meydan.tv\/az\/wp-json\/wp\/v2\/tags?post=180790"}],"curies":[{"name":"wp","href":"https:\/\/api.w.org\/{rel}","templated":true}]}}