{"id":180711,"date":"2016-11-24T18:19:55","date_gmt":"2016-11-24T18:19:55","guid":{"rendered":"https:\/\/www.meydan.tv\/article\/emanetlerin-sigortalanmasi-fondu-maliyye-yollari-axtarir\/"},"modified":"2016-11-24T18:19:55","modified_gmt":"2016-11-24T18:19:55","slug":"emanetlerin-sigortalanmasi-fondu-maliyye-yollari-axtarir","status":"publish","type":"post","link":"https:\/\/www.meydan.tv\/az\/article\/emanetlerin-sigortalanmasi-fondu-maliyye-yollari-axtarir\/","title":{"rendered":"\u018fman\u0259tl\u0259rin S\u0131\u011fortalanmas\u0131 Fondu maliyy\u0259 yollar\u0131 axtar\u0131r"},"content":{"rendered":"<figure class=\"wp-block-image size-large\">\n  <img decoding=\"async\" src=\"https:\/\/www.meydan.tv\/az\/71656\/\" alt=\"\" class=\"wp-image-71656\"\/><figcaption><\/figcaption><\/figure>\n<p>\n  <i><br \/>\n    Samir \u018fliyev: Fondun m\u00fcst\u0259qilliyini art\u0131rmaq laz\u0131md\u0131r<br \/>\n  <\/i>\n<\/p>\n<p>\n  <br \/>\n  &#8220;\u018fman\u0259tl\u0259rin S\u0131\u011fortalanmas\u0131 Fondunu kapitalla\u015fd\u0131rmaq \u00fc\u00e7\u00fcn yollar axtar\u0131r\u0131q&#8221;.\n<\/p>\n<p>\n  &#8220;APA -Economics&#8221; x\u0259b\u0259r verir ki, bunu Maliyy\u0259 Bazarlar\u0131na N\u0259zar\u0259t Palatas\u0131n\u0131n s\u0259dri R\u00fcf\u0259t Aslanl\u0131 bank forumunda \u00e7\u0131x\u0131\u015f\u0131 zaman\u0131 deyib.<\/p>\n<p>  Onun s\u00f6zl\u0259rin\u0259 g\u00f6r\u0259, bu g\u00fcn 11 bank \u00fczr\u0259 Fond t\u0259r\u0259find\u0259n 710 milyon manat m\u0259bl\u0259\u011find\u0259 v\u0259sait \u00f6d\u0259nilib. &#8220;Haz\u0131rda t\u0259xmin\u0259n 45 mln. manata q\u0259d\u0259r v\u0259sait \u00f6d\u0259ni\u015fini g\u00f6zl\u0259yir. Bu \u00f6d\u0259ni\u015f 130 min \u0259man\u0259t\u00e7iy\u0259 \u00f6d\u0259nilm\u0259lidir. Fondun bu \u00f6hd\u0259liyi yerin\u0259 yetirm\u0259k \u00fc\u00e7\u00fcn bu g\u00fcn kifay\u0259t q\u0259d\u0259r likvid v\u0259saitl\u0259ri var. D\u00f6vl\u0259t z\u0259man\u0259ti il\u0259 fonda kredit verilib. Lakin bu kreditl\u0259r fond v\u0259 \u00fcmumilikd\u0259 bank industriyas\u0131n\u0131n h\u00f6kum\u0259t v\u0259 M\u0259rk\u0259zi Bank qar\u015f\u0131s\u0131nda \u00f6hd\u0259liyidir. Bu \u00f6hd\u0259liyi qaytarmaq \u00fc\u00e7\u00fcn bank industriyas\u0131 uzun m\u00fcdd\u0259t \u0259rzind\u0259 \u00e7al\u0131\u015fmal\u0131d\u0131r&#8221;, &#8211; dey\u0259 R. Aslanl\u0131 qeyd edib.<\/p>\n<p>  R. Aslanl\u0131 bildirib ki, fond kifay\u0259t q\u0259d\u0259r kapitalla\u015fd\u0131r\u0131ld\u0131qdan sonra restrukturizasiya prosesi tamamlanm\u0131\u015f bank sektoruna v\u0259 \u0259haliy\u0259 d\u0259qiq siqnal verilm\u0259lidir: &#8220;Bu siqnalla bildirm\u0259liyik ki, biz \u0259man\u0259tl\u0259rin s\u0131\u011fortalanmas\u0131 sistemini kapitalla\u015fd\u0131rm\u0131\u015f\u0131q v\u0259 fond \u00f6hd\u0259likl\u0259rini yerin\u0259 yetirm\u0259k \u00fc\u00e7\u00fcn kifay\u0259t q\u0259d\u0259r maliyy\u0259 dayan\u0131ql\u0131\u011f\u0131na malikdir. Bundan sonra d\u00f6vl\u0259t bu prosesl\u0259rd\u0259n k\u0259nara \u00e7\u0259kilm\u0259lidir&#8221;.<\/p>\n<p>  R.Aslanl\u0131n\u0131n fikirl\u0259rini Meydan TV-y\u0259 \u015f\u0259rh ed\u0259n iqtisad\u00e7\u0131 Samir \u018fliyev son zamanlar \u018fman\u0259tl\u0259rin S\u0131\u011fortalanmas\u0131 Fondunun m\u0259suliyy\u0259tinin v\u0259 bu quruma t\u0259l\u0259batlar\u0131n artd\u0131\u011f\u0131n\u0131 d\u00fc\u015f\u00fcn\u00fcr:\n<\/p>\n<p>\n  &#8220;Banklar ba\u011fland\u0131\u011f\u0131ndan d\u00f6vl\u0259t s\u0131\u011fortalanan \u0259man\u0259tl\u0259ri qaytarmaq m\u0259cburiyy\u0259tind\u0259dir. M\u0259lum oldu ki, fondun kapital\u0131 ba\u011flanan banklar\u0131n \u0259man\u0259tl\u0259rini qaytarma\u011fa cavab vermir. \u00c7\u00fcnki fond yarad\u0131landa m\u00fc\u0259yy\u0259n faiz \u015f\u0259rti qoyulmu\u015fdu. 12 faizd\u0259n a\u015fa\u011f\u0131 \u0259man\u0259tl\u0259r s\u0131\u011fortalan\u0131r, amma bu, b\u00fct\u00fcn \u0259man\u0259tl\u0259ri qaytarmaq dem\u0259k deyildi, y\u0259ni \u0259man\u0259tl\u0259rin \u0259n yax\u015f\u0131 halda 30 faizi tam kompensasiya olunur. \u018fg\u0259r bank ba\u011flanarsa, yerd\u0259 qalan \u0259man\u0259tin taleyi sual alt\u0131na d\u00fc\u015f\u00fcrd\u00fc. Sonradan h\u00f6kum\u0259t fikrini d\u0259yi\u015fdi, 3 il m\u00fcdd\u0259tin\u0259 100 faiz t\u0259minat verdi. H\u0259min q\u0259rardan sonra bir ne\u00e7\u0259 bank ba\u011fland\u0131 v\u0259 d\u00f6vl\u0259t m\u0259suliyy\u0259ti g\u00f6t\u00fcrd\u00fcy\u00fcnd\u0259n fond pullar\u0131 verm\u0259k m\u0259cburiyy\u0259tind\u0259 qald\u0131. N\u0259tic\u0259d\u0259 \u018fman\u0259tl\u0259rin S\u0131\u011fortalanmas\u0131 Fondunun v\u0259saiti qurtard\u0131. Bel\u0259 v\u0259ziyy\u0259td\u0259 \u018fman\u0259tl\u0259rin S\u0131\u011fortalanmas\u0131 Fondu M\u0259rk\u0259zi Bankdan d\u00f6vl\u0259t z\u0259man\u0259til\u0259 kredit al\u0131b, \u0259man\u0259t\u00e7il\u0259rin kreditini qaytard\u0131. Bu bax\u0131mdan \u018fman\u0259tl\u0259rin S\u0131\u011fortalanmas\u0131 Fondunun f\u0259aliyy\u0259tinin t\u0259kmill\u0259\u015fdirilm\u0259sin\u0259 ehtiyac var, \u00e7\u00fcnki fondun kapitalla\u015fmas\u0131 problemi h\u0259llini tapmal\u0131d\u0131r&#8221;.<\/p>\n<figure class=\"wp-block-image size-large\">\n  <img decoding=\"async\" src=\"https:\/\/www.meydan.tv\/az\/71380\/\" alt=\"\" class=\"wp-image-71380\"\/><figcaption>\n    Samir \u018fliyev foto sosial \u015f\u0259b\u0259k\u0259<br \/>\n  <\/figcaption><\/figure>\n<p>\n  Ancaq Samir \u018fliyev \u018fman\u0259tl\u0259rin S\u0131\u011fortalanmas\u0131 Fondunun kapitalla\u015fmas\u0131n\u0131n \u00e7ox \u00e7\u0259tin oldu\u011funu d\u00fc\u015f\u00fcn\u00fcr: &#8220;H\u0259m d\u0259 haz\u0131rda yeni \u0259man\u0259tl\u0259r d\u0259 yoxdur ki, banklar \u00fczvl\u00fck haqq\u0131 versinl\u0259r. Kapitalla\u015fmas\u0131n\u0131 art\u0131rmaq \u00fc\u00e7\u00fcn fondun idar\u0259etm\u0259 strukturunda m\u00fc\u0259yy\u0259n d\u0259yi\u015fiklik edilm\u0259li v\u0259 kapitalla\u015fman\u0131n c\u0259lb edilm\u0259si mexanizml\u0259ri axtar\u0131lmal\u0131d\u0131r. Hesab edir\u0259m ki, fondun s\u0259lahiyy\u0259tl\u0259ri art\u0131r\u0131lmal\u0131d\u0131r, m\u0259s\u0259l\u0259n, fondun m\u00fcst\u0259qil sur\u0259td\u0259 banklar\u0131n \u0259man\u0259t bazas\u0131n\u0131 bir n\u00f6v audit etm\u0259k imkan\u0131 olmal\u0131d\u0131r. Banklar bu sah\u0259d\u0259 m\u0259suliyy\u0259tsizliy\u0259 yol verib, &#8220;Texnikabank&#8221;\u0131n timsal\u0131nda bunu g\u00f6rd\u00fck. Bundan \u0259lav\u0259, \u018fman\u0259tl\u0259rin S\u0131\u011fortalanmas\u0131 Fondunun m\u00fcst\u0259qilliyini art\u0131rmaq laz\u0131md\u0131r. Ancaq \u0259sas m\u0259s\u0259l\u0259 kapitalla\u015fman\u0131 nec\u0259 t\u0259min etm\u0259k olacaq. Kapitalla\u015fma d\u00f6vl\u0259t t\u0259r\u0259find\u0259n veril\u0259c\u0259k, yoxsa f\u0259rqli x\u0259tt se\u00e7il\u0259c\u0259k?&#8221;<\/p>\n","protected":false},"excerpt":{"rendered":"<p>Samir \u018fliyev: Fondun m\u00fcst\u0259qilliyini art\u0131rmaq laz\u0131md\u0131r<\/p>\n","protected":false},"author":11,"featured_media":71656,"comment_status":"closed","ping_status":"open","sticky":false,"template":"","format":"standard","meta":{"_acf_changed":false,"_sitemap_exclude":false,"_sitemap_priority":"","_sitemap_frequency":"","footnotes":""},"categories":[51],"tags":[],"class_list":["post-180711","post","type-post","status-publish","format-standard","has-post-thumbnail","hentry","category-analitika","infinite-scroll-item","generate-columns","tablet-grid-50","mobile-grid-100","grid-parent","grid-33","no-featured-image-padding"],"acf":[],"yoast_head":"<!-- This site is optimized with the Yoast SEO plugin v27.5 - https:\/\/yoast.com\/product\/yoast-seo-wordpress\/ -->\n<title>\u018fman\u0259tl\u0259rin S\u0131\u011fortalanmas\u0131 Fondu maliyy\u0259 yollar\u0131 axtar\u0131r - MEYDAN.TV<\/title>\n<meta name=\"robots\" content=\"index, follow, max-snippet:-1, max-image-preview:large, max-video-preview:-1\" \/>\n<link rel=\"canonical\" href=\"https:\/\/www.meydan.tv\/az\/article\/emanetlerin-sigortalanmasi-fondu-maliyye-yollari-axtarir\/\" \/>\n<meta property=\"og:locale\" content=\"az_AZ\" \/>\n<meta property=\"og:type\" content=\"article\" \/>\n<meta property=\"og:title\" content=\"\u018fman\u0259tl\u0259rin S\u0131\u011fortalanmas\u0131 Fondu maliyy\u0259 yollar\u0131 axtar\u0131r - MEYDAN.TV\" \/>\n<meta property=\"og:description\" content=\"Samir \u018fliyev: Fondun m\u00fcst\u0259qilliyini art\u0131rmaq laz\u0131md\u0131r\" \/>\n<meta property=\"og:url\" content=\"https:\/\/www.meydan.tv\/az\/article\/emanetlerin-sigortalanmasi-fondu-maliyye-yollari-axtarir\/\" \/>\n<meta property=\"og:site_name\" content=\"MEYDAN.TV\" \/>\n<meta property=\"article:published_time\" content=\"2016-11-24T18:19:55+00:00\" \/>\n<meta property=\"og:image\" content=\"https:\/\/www.meydan.tv\/wp-content\/uploads\/27466.jpg\" \/>\n\t<meta property=\"og:image:width\" content=\"896\" \/>\n\t<meta property=\"og:image:height\" content=\"669\" \/>\n\t<meta property=\"og:image:type\" content=\"image\/jpeg\" \/>\n<meta name=\"author\" content=\"user-manager\" \/>\n<meta name=\"twitter:card\" content=\"summary_large_image\" \/>\n<script type=\"application\/ld+json\" class=\"yoast-schema-graph\">{\"@context\":\"https:\\\/\\\/schema.org\",\"@graph\":[{\"@type\":\"Article\",\"@id\":\"https:\\\/\\\/www.meydan.tv\\\/az\\\/article\\\/emanetlerin-sigortalanmasi-fondu-maliyye-yollari-axtarir\\\/#article\",\"isPartOf\":{\"@id\":\"https:\\\/\\\/www.meydan.tv\\\/az\\\/article\\\/emanetlerin-sigortalanmasi-fondu-maliyye-yollari-axtarir\\\/\"},\"author\":{\"name\":\"user-manager\",\"@id\":\"https:\\\/\\\/www.meydan.tv\\\/az\\\/#\\\/schema\\\/person\\\/10d11eccf6da3662cf5fdab9806ea91a\"},\"headline\":\"\u018fman\u0259tl\u0259rin S\u0131\u011fortalanmas\u0131 Fondu maliyy\u0259 yollar\u0131 axtar\u0131r\",\"datePublished\":\"2016-11-24T18:19:55+00:00\",\"mainEntityOfPage\":{\"@id\":\"https:\\\/\\\/www.meydan.tv\\\/az\\\/article\\\/emanetlerin-sigortalanmasi-fondu-maliyye-yollari-axtarir\\\/\"},\"wordCount\":699,\"publisher\":{\"@id\":\"https:\\\/\\\/www.meydan.tv\\\/az\\\/#organization\"},\"image\":{\"@id\":\"https:\\\/\\\/www.meydan.tv\\\/az\\\/article\\\/emanetlerin-sigortalanmasi-fondu-maliyye-yollari-axtarir\\\/#primaryimage\"},\"thumbnailUrl\":\"https:\\\/\\\/www.meydan.tv\\\/wp-content\\\/uploads\\\/27466.jpg\",\"articleSection\":[\"Analitika\"],\"inLanguage\":\"az\"},{\"@type\":\"WebPage\",\"@id\":\"https:\\\/\\\/www.meydan.tv\\\/az\\\/article\\\/emanetlerin-sigortalanmasi-fondu-maliyye-yollari-axtarir\\\/\",\"url\":\"https:\\\/\\\/www.meydan.tv\\\/az\\\/article\\\/emanetlerin-sigortalanmasi-fondu-maliyye-yollari-axtarir\\\/\",\"name\":\"\u018fman\u0259tl\u0259rin S\u0131\u011fortalanmas\u0131 Fondu maliyy\u0259 yollar\u0131 axtar\u0131r - MEYDAN.TV\",\"isPartOf\":{\"@id\":\"https:\\\/\\\/www.meydan.tv\\\/az\\\/#website\"},\"primaryImageOfPage\":{\"@id\":\"https:\\\/\\\/www.meydan.tv\\\/az\\\/article\\\/emanetlerin-sigortalanmasi-fondu-maliyye-yollari-axtarir\\\/#primaryimage\"},\"image\":{\"@id\":\"https:\\\/\\\/www.meydan.tv\\\/az\\\/article\\\/emanetlerin-sigortalanmasi-fondu-maliyye-yollari-axtarir\\\/#primaryimage\"},\"thumbnailUrl\":\"https:\\\/\\\/www.meydan.tv\\\/wp-content\\\/uploads\\\/27466.jpg\",\"datePublished\":\"2016-11-24T18:19:55+00:00\",\"breadcrumb\":{\"@id\":\"https:\\\/\\\/www.meydan.tv\\\/az\\\/article\\\/emanetlerin-sigortalanmasi-fondu-maliyye-yollari-axtarir\\\/#breadcrumb\"},\"inLanguage\":\"az\",\"potentialAction\":[{\"@type\":\"ReadAction\",\"target\":[\"https:\\\/\\\/www.meydan.tv\\\/az\\\/article\\\/emanetlerin-sigortalanmasi-fondu-maliyye-yollari-axtarir\\\/\"]}]},{\"@type\":\"ImageObject\",\"inLanguage\":\"az\",\"@id\":\"https:\\\/\\\/www.meydan.tv\\\/az\\\/article\\\/emanetlerin-sigortalanmasi-fondu-maliyye-yollari-axtarir\\\/#primaryimage\",\"url\":\"https:\\\/\\\/www.meydan.tv\\\/wp-content\\\/uploads\\\/27466.jpg\",\"contentUrl\":\"https:\\\/\\\/www.meydan.tv\\\/wp-content\\\/uploads\\\/27466.jpg\",\"width\":896,\"height\":669,\"caption\":\"Source:\"},{\"@type\":\"BreadcrumbList\",\"@id\":\"https:\\\/\\\/www.meydan.tv\\\/az\\\/article\\\/emanetlerin-sigortalanmasi-fondu-maliyye-yollari-axtarir\\\/#breadcrumb\",\"itemListElement\":[{\"@type\":\"ListItem\",\"position\":1,\"name\":\"Ana s\u0259hif\u0259\",\"item\":\"https:\\\/\\\/www.meydan.tv\\\/az\\\/\"},{\"@type\":\"ListItem\",\"position\":2,\"name\":\"Analitika\",\"item\":\"https:\\\/\\\/www.meydan.tv\\\/az\\\/section\\\/analitika\\\/\"},{\"@type\":\"ListItem\",\"position\":3,\"name\":\"\u018fman\u0259tl\u0259rin S\u0131\u011fortalanmas\u0131 Fondu maliyy\u0259 yollar\u0131 axtar\u0131r\"}]},{\"@type\":\"WebSite\",\"@id\":\"https:\\\/\\\/www.meydan.tv\\\/az\\\/#website\",\"url\":\"https:\\\/\\\/www.meydan.tv\\\/az\\\/\",\"name\":\"MEYDAN.TV\",\"description\":\"Meydan TV Az\u0259rbaycan\u0131n media m\u0259kan\u0131ndak\u0131 alternativ s\u0259sidir\",\"publisher\":{\"@id\":\"https:\\\/\\\/www.meydan.tv\\\/az\\\/#organization\"},\"potentialAction\":[{\"@type\":\"SearchAction\",\"target\":{\"@type\":\"EntryPoint\",\"urlTemplate\":\"https:\\\/\\\/www.meydan.tv\\\/az\\\/?s={search_term_string}\"},\"query-input\":{\"@type\":\"PropertyValueSpecification\",\"valueRequired\":true,\"valueName\":\"search_term_string\"}}],\"inLanguage\":\"az\"},{\"@type\":\"Organization\",\"@id\":\"https:\\\/\\\/www.meydan.tv\\\/az\\\/#organization\",\"name\":\"Meydan TV\",\"url\":\"https:\\\/\\\/www.meydan.tv\\\/az\\\/\",\"logo\":{\"@type\":\"ImageObject\",\"inLanguage\":\"az\",\"@id\":\"https:\\\/\\\/www.meydan.tv\\\/az\\\/#\\\/schema\\\/logo\\\/image\\\/\",\"url\":\"https:\\\/\\\/www.meydan.tv\\\/wp-content\\\/uploads\\\/2021\\\/07\\\/meydan-logo.svg\",\"contentUrl\":\"https:\\\/\\\/www.meydan.tv\\\/wp-content\\\/uploads\\\/2021\\\/07\\\/meydan-logo.svg\",\"width\":195,\"height\":46,\"caption\":\"Meydan TV\"},\"image\":{\"@id\":\"https:\\\/\\\/www.meydan.tv\\\/az\\\/#\\\/schema\\\/logo\\\/image\\\/\"}},{\"@type\":\"Person\",\"@id\":\"https:\\\/\\\/www.meydan.tv\\\/az\\\/#\\\/schema\\\/person\\\/10d11eccf6da3662cf5fdab9806ea91a\",\"name\":\"user-manager\"}]}<\/script>\n<!-- \/ Yoast SEO plugin. -->","yoast_head_json":{"title":"\u018fman\u0259tl\u0259rin S\u0131\u011fortalanmas\u0131 Fondu maliyy\u0259 yollar\u0131 axtar\u0131r - MEYDAN.TV","robots":{"index":"index","follow":"follow","max-snippet":"max-snippet:-1","max-image-preview":"max-image-preview:large","max-video-preview":"max-video-preview:-1"},"canonical":"https:\/\/www.meydan.tv\/az\/article\/emanetlerin-sigortalanmasi-fondu-maliyye-yollari-axtarir\/","og_locale":"az_AZ","og_type":"article","og_title":"\u018fman\u0259tl\u0259rin S\u0131\u011fortalanmas\u0131 Fondu maliyy\u0259 yollar\u0131 axtar\u0131r - MEYDAN.TV","og_description":"Samir \u018fliyev: Fondun m\u00fcst\u0259qilliyini art\u0131rmaq laz\u0131md\u0131r","og_url":"https:\/\/www.meydan.tv\/az\/article\/emanetlerin-sigortalanmasi-fondu-maliyye-yollari-axtarir\/","og_site_name":"MEYDAN.TV","article_published_time":"2016-11-24T18:19:55+00:00","og_image":[{"width":896,"height":669,"url":"https:\/\/www.meydan.tv\/wp-content\/uploads\/27466.jpg","type":"image\/jpeg"}],"author":"user-manager","twitter_card":"summary_large_image","schema":{"@context":"https:\/\/schema.org","@graph":[{"@type":"Article","@id":"https:\/\/www.meydan.tv\/az\/article\/emanetlerin-sigortalanmasi-fondu-maliyye-yollari-axtarir\/#article","isPartOf":{"@id":"https:\/\/www.meydan.tv\/az\/article\/emanetlerin-sigortalanmasi-fondu-maliyye-yollari-axtarir\/"},"author":{"name":"user-manager","@id":"https:\/\/www.meydan.tv\/az\/#\/schema\/person\/10d11eccf6da3662cf5fdab9806ea91a"},"headline":"\u018fman\u0259tl\u0259rin S\u0131\u011fortalanmas\u0131 Fondu maliyy\u0259 yollar\u0131 axtar\u0131r","datePublished":"2016-11-24T18:19:55+00:00","mainEntityOfPage":{"@id":"https:\/\/www.meydan.tv\/az\/article\/emanetlerin-sigortalanmasi-fondu-maliyye-yollari-axtarir\/"},"wordCount":699,"publisher":{"@id":"https:\/\/www.meydan.tv\/az\/#organization"},"image":{"@id":"https:\/\/www.meydan.tv\/az\/article\/emanetlerin-sigortalanmasi-fondu-maliyye-yollari-axtarir\/#primaryimage"},"thumbnailUrl":"https:\/\/www.meydan.tv\/wp-content\/uploads\/27466.jpg","articleSection":["Analitika"],"inLanguage":"az"},{"@type":"WebPage","@id":"https:\/\/www.meydan.tv\/az\/article\/emanetlerin-sigortalanmasi-fondu-maliyye-yollari-axtarir\/","url":"https:\/\/www.meydan.tv\/az\/article\/emanetlerin-sigortalanmasi-fondu-maliyye-yollari-axtarir\/","name":"\u018fman\u0259tl\u0259rin S\u0131\u011fortalanmas\u0131 Fondu maliyy\u0259 yollar\u0131 axtar\u0131r - MEYDAN.TV","isPartOf":{"@id":"https:\/\/www.meydan.tv\/az\/#website"},"primaryImageOfPage":{"@id":"https:\/\/www.meydan.tv\/az\/article\/emanetlerin-sigortalanmasi-fondu-maliyye-yollari-axtarir\/#primaryimage"},"image":{"@id":"https:\/\/www.meydan.tv\/az\/article\/emanetlerin-sigortalanmasi-fondu-maliyye-yollari-axtarir\/#primaryimage"},"thumbnailUrl":"https:\/\/www.meydan.tv\/wp-content\/uploads\/27466.jpg","datePublished":"2016-11-24T18:19:55+00:00","breadcrumb":{"@id":"https:\/\/www.meydan.tv\/az\/article\/emanetlerin-sigortalanmasi-fondu-maliyye-yollari-axtarir\/#breadcrumb"},"inLanguage":"az","potentialAction":[{"@type":"ReadAction","target":["https:\/\/www.meydan.tv\/az\/article\/emanetlerin-sigortalanmasi-fondu-maliyye-yollari-axtarir\/"]}]},{"@type":"ImageObject","inLanguage":"az","@id":"https:\/\/www.meydan.tv\/az\/article\/emanetlerin-sigortalanmasi-fondu-maliyye-yollari-axtarir\/#primaryimage","url":"https:\/\/www.meydan.tv\/wp-content\/uploads\/27466.jpg","contentUrl":"https:\/\/www.meydan.tv\/wp-content\/uploads\/27466.jpg","width":896,"height":669,"caption":"Source:"},{"@type":"BreadcrumbList","@id":"https:\/\/www.meydan.tv\/az\/article\/emanetlerin-sigortalanmasi-fondu-maliyye-yollari-axtarir\/#breadcrumb","itemListElement":[{"@type":"ListItem","position":1,"name":"Ana s\u0259hif\u0259","item":"https:\/\/www.meydan.tv\/az\/"},{"@type":"ListItem","position":2,"name":"Analitika","item":"https:\/\/www.meydan.tv\/az\/section\/analitika\/"},{"@type":"ListItem","position":3,"name":"\u018fman\u0259tl\u0259rin S\u0131\u011fortalanmas\u0131 Fondu maliyy\u0259 yollar\u0131 axtar\u0131r"}]},{"@type":"WebSite","@id":"https:\/\/www.meydan.tv\/az\/#website","url":"https:\/\/www.meydan.tv\/az\/","name":"MEYDAN.TV","description":"Meydan TV Az\u0259rbaycan\u0131n media m\u0259kan\u0131ndak\u0131 alternativ s\u0259sidir","publisher":{"@id":"https:\/\/www.meydan.tv\/az\/#organization"},"potentialAction":[{"@type":"SearchAction","target":{"@type":"EntryPoint","urlTemplate":"https:\/\/www.meydan.tv\/az\/?s={search_term_string}"},"query-input":{"@type":"PropertyValueSpecification","valueRequired":true,"valueName":"search_term_string"}}],"inLanguage":"az"},{"@type":"Organization","@id":"https:\/\/www.meydan.tv\/az\/#organization","name":"Meydan TV","url":"https:\/\/www.meydan.tv\/az\/","logo":{"@type":"ImageObject","inLanguage":"az","@id":"https:\/\/www.meydan.tv\/az\/#\/schema\/logo\/image\/","url":"https:\/\/www.meydan.tv\/wp-content\/uploads\/2021\/07\/meydan-logo.svg","contentUrl":"https:\/\/www.meydan.tv\/wp-content\/uploads\/2021\/07\/meydan-logo.svg","width":195,"height":46,"caption":"Meydan TV"},"image":{"@id":"https:\/\/www.meydan.tv\/az\/#\/schema\/logo\/image\/"}},{"@type":"Person","@id":"https:\/\/www.meydan.tv\/az\/#\/schema\/person\/10d11eccf6da3662cf5fdab9806ea91a","name":"user-manager"}]}},"_links":{"self":[{"href":"https:\/\/www.meydan.tv\/az\/wp-json\/wp\/v2\/posts\/180711","targetHints":{"allow":["GET"]}}],"collection":[{"href":"https:\/\/www.meydan.tv\/az\/wp-json\/wp\/v2\/posts"}],"about":[{"href":"https:\/\/www.meydan.tv\/az\/wp-json\/wp\/v2\/types\/post"}],"author":[{"embeddable":true,"href":"https:\/\/www.meydan.tv\/az\/wp-json\/wp\/v2\/users\/11"}],"replies":[{"embeddable":true,"href":"https:\/\/www.meydan.tv\/az\/wp-json\/wp\/v2\/comments?post=180711"}],"version-history":[{"count":0,"href":"https:\/\/www.meydan.tv\/az\/wp-json\/wp\/v2\/posts\/180711\/revisions"}],"wp:featuredmedia":[{"embeddable":true,"href":"https:\/\/www.meydan.tv\/az\/wp-json\/wp\/v2\/media\/71656"}],"wp:attachment":[{"href":"https:\/\/www.meydan.tv\/az\/wp-json\/wp\/v2\/media?parent=180711"}],"wp:term":[{"taxonomy":"category","embeddable":true,"href":"https:\/\/www.meydan.tv\/az\/wp-json\/wp\/v2\/categories?post=180711"},{"taxonomy":"post_tag","embeddable":true,"href":"https:\/\/www.meydan.tv\/az\/wp-json\/wp\/v2\/tags?post=180711"}],"curies":[{"name":"wp","href":"https:\/\/api.w.org\/{rel}","templated":true}]}}