{"id":180673,"date":"2016-11-23T17:38:15","date_gmt":"2016-11-23T17:38:15","guid":{"rendered":"https:\/\/www.meydan.tv\/article\/rauf-mirqedirov-novruz-memmedovun-beyanatlari-qerbi-qiciqlandirmaq-meqsedi-dasiyir\/"},"modified":"2016-11-23T17:38:15","modified_gmt":"2016-11-23T17:38:15","slug":"rauf-mirqedirov-novruz-memmedovun-beyanatlari-qerbi-qiciqlandirmaq-meqsedi-dasiyir","status":"publish","type":"post","link":"https:\/\/www.meydan.tv\/az\/article\/rauf-mirqedirov-novruz-memmedovun-beyanatlari-qerbi-qiciqlandirmaq-meqsedi-dasiyir\/","title":{"rendered":"Rauf Mirq\u0259dirov: Novruz M\u0259mm\u0259dovun b\u0259yanatlar\u0131 Q\u0259rbi q\u0131c\u0131qland\u0131rmaq m\u0259qs\u0259di da\u015f\u0131y\u0131r"},"content":{"rendered":"<figure class=\"wp-block-image size-large\">\n  <img decoding=\"async\" src=\"https:\/\/www.meydan.tv\/az\/72986\/\" alt=\"\" class=\"wp-image-72986\"\/><figcaption><\/figcaption><\/figure>\n<figure class=\"wp-block-image size-large\">\n  <img decoding=\"async\" src=\"https:\/\/www.meydan.tv\/az\/72986\/\" alt=\"\" class=\"wp-image-72986\"\/><figcaption>\n    Rauf Mirq\u0259dirov foto ANS press<br \/>\n  <\/figcaption><\/figure>\n<p>\n  <i><br \/>\n    &#8221;\u018fg\u0259r Novruz M\u0259mm\u0259dov T\u00fcrkiy\u0259 kimi Avropadan uzaqla\u015fma siyas\u0259tini \u0259sas g\u00f6t\u00fcr\u00fcb mesaj verirs\u0259, perspektivsizdir&#8221;<br \/>\n  <\/i>\n<\/p>\n<p>\n  <br \/>\n  \u201c\u015eimal-C\u0259nub\u201d Beyn\u0259lxalq N\u0259qliyyat D\u0259hlizinin h\u0259yata ke\u00e7irilm\u0259si m\u0259qs\u0259dil\u0259 Bak\u0131da t\u0259m\u0259li qoyulmu\u015f Az\u0259rbaycan-Rusiya-\u0130ran \u00fc\u00e7t\u0259r\u0259fli \u0259m\u0259kda\u015fl\u0131q format\u0131n\u0131n geni\u015fl\u0259nm\u0259si il\u0259 ba\u011fl\u0131 fikirl\u0259r bu layih\u0259nin \u00e7ox \u0259h\u0259miyy\u0259tli v\u0259 c\u0259lbedici oldu\u011funu n\u00fcmayi\u015f etdirir\u201d.<\/p>\n<p>  Bu s\u00f6zl\u0259ri Az\u0259rbaycan Respublikas\u0131 Prezident Administrasiyas\u0131n\u0131n r\u0259hb\u0259rinin m\u00fcavini, PA-n\u0131n Xarici \u0259laq\u0259l\u0259r \u015f\u00f6b\u0259sinin m\u00fcdiri Novruz M\u0259mm\u0259dov \u00f6z\u00fcn\u00fcn \u201cFacebook\u201d s\u0259hif\u0259sind\u0259 yaz\u0131b. O bildirib ki, bu \u0259m\u0259kda\u015fl\u0131q format\u0131na qo\u015fulmaq ist\u0259y\u0259n \u00f6lk\u0259l\u0259r az deyil.<\/p>\n<p>  \u0130ran Xarici \u0130\u015fl\u0259r Nazirliyinin s\u00f6z\u00e7\u00fcs\u00fc B\u0259hram Qas\u0131mi ke\u00e7irdiyi m\u0259tbuat konfrans\u0131nda \u00fc\u00e7t\u0259r\u0259fli format\u0131n t\u0259rkibinin d\u0259yi\u015f\u0259r\u0259k daha bir ne\u00e7\u0259 \u00f6lk\u0259 prezidentinin i\u015ftirak\u0131 il\u0259 t\u0259\u015fkil oluna bil\u0259c\u0259yini bildirib. Onun s\u00f6zl\u0259rin\u0259 g\u00f6r\u0259, Az\u0259rbaycan, \u0130ran v\u0259 Rusiya d\u00f6vl\u0259t ba\u015f\u00e7\u0131lar\u0131n\u0131n \u00fc\u00e7t\u0259r\u0259fli g\u00f6r\u00fc\u015f\u00fc g\u0259l\u0259n il Tehranda ke\u00e7iril\u0259 bil\u0259r. (APA)<\/p>\n<p>  N.M\u0259mm\u0259dovun a\u00e7\u0131qlamalar\u0131n\u0131 \u015f\u0259rh etm\u0259yin \u00e7ox \u00e7\u0259tin oldu\u011funu dey\u0259n siyasi icmal\u00e7\u0131 Rauf Mirq\u0259dirov Meydan TV-y\u0259 bildirib ki, onun b\u0259yanatlar\u0131 siyasi z\u0259rur\u0259td\u0259n \u00e7ox Q\u0259rbi q\u0131c\u0131qland\u0131rmaq m\u0259qs\u0259di da\u015f\u0131y\u0131r:<br \/>\n  <br \/>\n  &#8221; Novruz M\u0259mm\u0259dov ya birba\u015fa AB\u015e-\u0131 v\u0259 Avropa d\u00f6vl\u0259tl\u0259rini t\u0259nqid etm\u0259li, yaxud onlar\u0131 q\u0131c\u0131qland\u0131ran b\u0259yanatlar verm\u0259lidir. G\u00f6r\u00fcn\u00fcr, onun Prezident Administrasiyas\u0131nda m\u0259tbuatla \u00fcnsiyy\u0259td\u0259 \u0259sas v\u0259zif\u0259si m\u0259hz bu m\u0259qs\u0259d da\u015f\u0131y\u0131r&#8221;.<\/p>\n<p>  Ancaq R.Mirq\u0259dirov hesab edir ki, \u0259g\u0259r s\u00f6hb\u0259t \u00fc\u00e7 d\u00f6vl\u0259tin iqtisadi \u0259m\u0259kda\u015fl\u0131\u011f\u0131ndan, \u015fimal-c\u0259nub d\u0259hlizind\u0259n gedirs\u0259, bu, Az\u0259rbaycan\u0131n maraqlar\u0131na tam cavab verir:<br \/>\n  <br \/>\n  &#8220;\u00c7\u00fcnki ger\u00e7\u0259k iqtisadi d\u0259hlizdir, ancaq siyasi probleml\u0259r h\u0259ll olunandan sonra bu d\u0259hliz i\u015fl\u0259y\u0259 bil\u0259r. Eyni zamanda, Az\u0259rbaycan\u0131n \u015e\u0259rq-Q\u0259rb d\u0259hlizinin \u00f6z \u0259razisind\u0259n ke\u00e7m\u0259sin\u0259 \u00e7al\u0131\u015fd\u0131\u011f\u0131n\u0131 n\u0259z\u0259r\u0259 almal\u0131y\u0131q. Bu iki d\u0259hlizin bizim \u0259razimizd\u0259 k\u0259si\u015fm\u0259si neft g\u0259lirl\u0259rind\u0259n daha \u00e7ox \u00f6lk\u0259nin strateji \u0259h\u0259miyy\u0259tini art\u0131r\u0131r. Amma bu d\u0259hlizin ger\u00e7\u0259kl\u0259\u015fm\u0259sil\u0259 \u0130ran-Az\u0259rbaycan-Rusiya aras\u0131ndak\u0131 y\u00fcks\u0259k s\u0259viyy\u0259li format\u0131n he\u00e7 bir \u0259laq\u0259si yoxdur, s\u0259b\u0259b d\u0259 bu format\u0131n siyasi s\u0259ciyy\u0259li olmas\u0131d\u0131r. El\u0259 t\u0259maslarda da daha \u00e7ox siyasi m\u0259qs\u0259dl\u0259r ortaya qoyulub. Normal \u015f\u0259rtl\u0259r daxilind\u0259 Az\u0259rbaycan\u0131n bu formatda i\u015ftirak\u0131 normald\u0131r, \u00e7\u00fcnki \u0130ran v\u0259 Rusiya qon\u015fumuzdur, ikisi d\u0259 \u0259n\u0259n\u0259vi imperiyad\u0131r v\u0259 C\u0259nubi Qafqaz siyas\u0259tl\u0259rind\u0259 bu yana\u015fmalar\u0131n\u0131 he\u00e7 d\u0259 k\u0259nara qoymurlar. Ona g\u00f6r\u0259 Az\u0259rbaycan bu amill\u0259ri n\u0259z\u0259r\u0259 almaqla dialoqdan qa\u00e7mamal\u0131d\u0131r&#8221;.<\/p>\n<p>  \u015e\u0259rh\u00e7inin fikrinc\u0259, \u0259g\u0259r deyil\u0259n formatla ba\u011fl\u0131 b\u00f6y\u00fck g\u00f6zl\u0259ntil\u0259r varsa, m\u0259s\u0259l\u0259n, T\u00fcrkiy\u0259nin c\u0259lb olunmas\u0131, bu, t\u0259\u0259ss\u00fcfl\u0259ndiricidir: &#8220;Biz konyuktur siyas\u0259t\u0259 strateji m\u0259qs\u0259dl\u0259rimizi qurban ver\u0259 bilm\u0259rik. Bax\u0131n, \u0130randan v\u0259 Rusiyadan, lap T\u00fcrkiy\u0259 prezidentinin son populist b\u0259yanatlar\u0131n\u0131 g\u00f6t\u00fcrs\u0259k, Ankaradan n\u0259 ala bil\u0259rik? Sual yaran\u0131r: Az\u0259rbaycan \u0130ran\u0131n siyasi sistemini q\u0259bul ed\u0259 bil\u0259rmi? Yaxud Rusiyadan hans\u0131 standartlar\u0131 q\u0259bul ed\u0259 bil\u0259rik? \u00d6zl\u0259ri sanksiyalara g\u00f6r\u0259 texnologiyalardan m\u0259hrum olduqlar\u0131n\u0131 a\u00e7\u0131q \u015f\u0259kild\u0259 etiraf edirl\u0259r. H\u0259r hans\u0131 siyasi-iqtisadi sistemin t\u0259rkib hiss\u0259si olmaq ist\u0259yirs\u0259ns\u0259, \u0259vv\u0259lc\u0259 ondan m\u00fcasir d\u00fcnyan\u0131n t\u0259l\u0259bl\u0259rin\u0259 uy\u011fun olaraq n\u0259 qazanaca\u011f\u0131n\u0131 d\u00fc\u015f\u00fcnm\u0259k laz\u0131md\u0131r. Biz Avrasiya \u0130ttifaq\u0131na \u00fczv olsaq, n\u0259 qazanaca\u011f\u0131q? Son d\u00f6vrl\u0259r Rusiyada \u0259m\u0259khaqq\u0131 \u00c7ind\u0259n d\u0259 a\u015fa\u011f\u0131 d\u00fc\u015f\u00fcb. Halbuki, b\u00f6y\u00fck d\u00f6vl\u0259tl\u0259r s\u0131ras\u0131nda \u00c7in \u0259n a\u015fa\u011f\u0131 \u0259m\u0259khaqq\u0131 verir, indi Rusiya ondan da a\u015fa\u011f\u0131 d\u00fc\u015f\u00fcb. Bel\u0259 olanda, Az\u0259rbaycan Avrasiya \u0130ttifaq\u0131nda n\u0259 qazanacaq v\u0259 v\u0259ziyy\u0259timiz onun t\u0259rkibind\u0259 nec\u0259 olacaq? \u018fg\u0259r Novruz M\u0259mm\u0259dov T\u00fcrkiy\u0259 kimi Avropadan uzaqla\u015fma siyas\u0259tini \u0259sas g\u00f6t\u00fcr\u00fcb mesaj verirs\u0259, perspektivsizdir, \u00e7\u00fcnki bu format\u0131n sosial-siyasi bazas\u0131 yoxdur v\u0259 Az\u0259rbaycan\u0131n maraqlar\u0131na ziddir&#8221;.<\/p>\n","protected":false},"excerpt":{"rendered":"<p>&#8221;\u018fg\u0259r Novruz M\u0259mm\u0259dov T\u00fcrkiy\u0259 kimi Avropadan uzaqla\u015fma siyas\u0259tini \u0259sas g\u00f6t\u00fcr\u00fcb mesaj verirs\u0259, perspektivsizdir&#8221;<\/p>\n","protected":false},"author":11,"featured_media":72986,"comment_status":"closed","ping_status":"open","sticky":false,"template":"","format":"standard","meta":{"_acf_changed":false,"_sitemap_exclude":false,"_sitemap_priority":"","_sitemap_frequency":"","footnotes":""},"categories":[51],"tags":[],"class_list":["post-180673","post","type-post","status-publish","format-standard","has-post-thumbnail","hentry","category-analitika","infinite-scroll-item","generate-columns","tablet-grid-50","mobile-grid-100","grid-parent","grid-33","no-featured-image-padding"],"acf":[],"yoast_head":"<!-- This site is optimized with the Yoast SEO plugin v27.5 - https:\/\/yoast.com\/product\/yoast-seo-wordpress\/ -->\n<title>Rauf Mirq\u0259dirov: Novruz M\u0259mm\u0259dovun b\u0259yanatlar\u0131 Q\u0259rbi q\u0131c\u0131qland\u0131rmaq m\u0259qs\u0259di da\u015f\u0131y\u0131r - MEYDAN.TV<\/title>\n<meta name=\"robots\" content=\"index, follow, max-snippet:-1, max-image-preview:large, max-video-preview:-1\" \/>\n<link rel=\"canonical\" href=\"https:\/\/www.meydan.tv\/az\/article\/rauf-mirqedirov-novruz-memmedovun-beyanatlari-qerbi-qiciqlandirmaq-meqsedi-dasiyir\/\" \/>\n<meta property=\"og:locale\" content=\"az_AZ\" \/>\n<meta property=\"og:type\" content=\"article\" \/>\n<meta property=\"og:title\" content=\"Rauf Mirq\u0259dirov: Novruz M\u0259mm\u0259dovun b\u0259yanatlar\u0131 Q\u0259rbi q\u0131c\u0131qland\u0131rmaq m\u0259qs\u0259di da\u015f\u0131y\u0131r - MEYDAN.TV\" \/>\n<meta property=\"og:description\" content=\"&#039;&#039;\u018fg\u0259r Novruz M\u0259mm\u0259dov T\u00fcrkiy\u0259 kimi Avropadan uzaqla\u015fma siyas\u0259tini \u0259sas g\u00f6t\u00fcr\u00fcb mesaj verirs\u0259, perspektivsizdir&#039;&#039;\" \/>\n<meta property=\"og:url\" content=\"https:\/\/www.meydan.tv\/az\/article\/rauf-mirqedirov-novruz-memmedovun-beyanatlari-qerbi-qiciqlandirmaq-meqsedi-dasiyir\/\" \/>\n<meta property=\"og:site_name\" content=\"MEYDAN.TV\" \/>\n<meta property=\"article:published_time\" content=\"2016-11-23T17:38:15+00:00\" \/>\n<meta property=\"og:image\" content=\"https:\/\/www.meydan.tv\/wp-content\/uploads\/28151.jpg\" \/>\n\t<meta property=\"og:image:width\" content=\"637\" \/>\n\t<meta property=\"og:image:height\" content=\"400\" \/>\n\t<meta property=\"og:image:type\" content=\"image\/jpeg\" \/>\n<meta name=\"author\" content=\"user-manager\" \/>\n<meta name=\"twitter:card\" content=\"summary_large_image\" \/>\n<script type=\"application\/ld+json\" class=\"yoast-schema-graph\">{\"@context\":\"https:\\\/\\\/schema.org\",\"@graph\":[{\"@type\":\"Article\",\"@id\":\"https:\\\/\\\/www.meydan.tv\\\/az\\\/article\\\/rauf-mirqedirov-novruz-memmedovun-beyanatlari-qerbi-qiciqlandirmaq-meqsedi-dasiyir\\\/#article\",\"isPartOf\":{\"@id\":\"https:\\\/\\\/www.meydan.tv\\\/az\\\/article\\\/rauf-mirqedirov-novruz-memmedovun-beyanatlari-qerbi-qiciqlandirmaq-meqsedi-dasiyir\\\/\"},\"author\":{\"name\":\"user-manager\",\"@id\":\"https:\\\/\\\/www.meydan.tv\\\/az\\\/#\\\/schema\\\/person\\\/10d11eccf6da3662cf5fdab9806ea91a\"},\"headline\":\"Rauf Mirq\u0259dirov: Novruz M\u0259mm\u0259dovun b\u0259yanatlar\u0131 Q\u0259rbi q\u0131c\u0131qland\u0131rmaq m\u0259qs\u0259di da\u015f\u0131y\u0131r\",\"datePublished\":\"2016-11-23T17:38:15+00:00\",\"mainEntityOfPage\":{\"@id\":\"https:\\\/\\\/www.meydan.tv\\\/az\\\/article\\\/rauf-mirqedirov-novruz-memmedovun-beyanatlari-qerbi-qiciqlandirmaq-meqsedi-dasiyir\\\/\"},\"wordCount\":810,\"publisher\":{\"@id\":\"https:\\\/\\\/www.meydan.tv\\\/az\\\/#organization\"},\"image\":{\"@id\":\"https:\\\/\\\/www.meydan.tv\\\/az\\\/article\\\/rauf-mirqedirov-novruz-memmedovun-beyanatlari-qerbi-qiciqlandirmaq-meqsedi-dasiyir\\\/#primaryimage\"},\"thumbnailUrl\":\"https:\\\/\\\/www.meydan.tv\\\/wp-content\\\/uploads\\\/28151.jpg\",\"articleSection\":[\"Analitika\"],\"inLanguage\":\"az\"},{\"@type\":\"WebPage\",\"@id\":\"https:\\\/\\\/www.meydan.tv\\\/az\\\/article\\\/rauf-mirqedirov-novruz-memmedovun-beyanatlari-qerbi-qiciqlandirmaq-meqsedi-dasiyir\\\/\",\"url\":\"https:\\\/\\\/www.meydan.tv\\\/az\\\/article\\\/rauf-mirqedirov-novruz-memmedovun-beyanatlari-qerbi-qiciqlandirmaq-meqsedi-dasiyir\\\/\",\"name\":\"Rauf Mirq\u0259dirov: Novruz M\u0259mm\u0259dovun b\u0259yanatlar\u0131 Q\u0259rbi q\u0131c\u0131qland\u0131rmaq m\u0259qs\u0259di da\u015f\u0131y\u0131r - MEYDAN.TV\",\"isPartOf\":{\"@id\":\"https:\\\/\\\/www.meydan.tv\\\/az\\\/#website\"},\"primaryImageOfPage\":{\"@id\":\"https:\\\/\\\/www.meydan.tv\\\/az\\\/article\\\/rauf-mirqedirov-novruz-memmedovun-beyanatlari-qerbi-qiciqlandirmaq-meqsedi-dasiyir\\\/#primaryimage\"},\"image\":{\"@id\":\"https:\\\/\\\/www.meydan.tv\\\/az\\\/article\\\/rauf-mirqedirov-novruz-memmedovun-beyanatlari-qerbi-qiciqlandirmaq-meqsedi-dasiyir\\\/#primaryimage\"},\"thumbnailUrl\":\"https:\\\/\\\/www.meydan.tv\\\/wp-content\\\/uploads\\\/28151.jpg\",\"datePublished\":\"2016-11-23T17:38:15+00:00\",\"breadcrumb\":{\"@id\":\"https:\\\/\\\/www.meydan.tv\\\/az\\\/article\\\/rauf-mirqedirov-novruz-memmedovun-beyanatlari-qerbi-qiciqlandirmaq-meqsedi-dasiyir\\\/#breadcrumb\"},\"inLanguage\":\"az\",\"potentialAction\":[{\"@type\":\"ReadAction\",\"target\":[\"https:\\\/\\\/www.meydan.tv\\\/az\\\/article\\\/rauf-mirqedirov-novruz-memmedovun-beyanatlari-qerbi-qiciqlandirmaq-meqsedi-dasiyir\\\/\"]}]},{\"@type\":\"ImageObject\",\"inLanguage\":\"az\",\"@id\":\"https:\\\/\\\/www.meydan.tv\\\/az\\\/article\\\/rauf-mirqedirov-novruz-memmedovun-beyanatlari-qerbi-qiciqlandirmaq-meqsedi-dasiyir\\\/#primaryimage\",\"url\":\"https:\\\/\\\/www.meydan.tv\\\/wp-content\\\/uploads\\\/28151.jpg\",\"contentUrl\":\"https:\\\/\\\/www.meydan.tv\\\/wp-content\\\/uploads\\\/28151.jpg\",\"width\":637,\"height\":400,\"caption\":\"Source:\"},{\"@type\":\"BreadcrumbList\",\"@id\":\"https:\\\/\\\/www.meydan.tv\\\/az\\\/article\\\/rauf-mirqedirov-novruz-memmedovun-beyanatlari-qerbi-qiciqlandirmaq-meqsedi-dasiyir\\\/#breadcrumb\",\"itemListElement\":[{\"@type\":\"ListItem\",\"position\":1,\"name\":\"Ana s\u0259hif\u0259\",\"item\":\"https:\\\/\\\/www.meydan.tv\\\/az\\\/\"},{\"@type\":\"ListItem\",\"position\":2,\"name\":\"Analitika\",\"item\":\"https:\\\/\\\/www.meydan.tv\\\/az\\\/section\\\/analitika\\\/\"},{\"@type\":\"ListItem\",\"position\":3,\"name\":\"Rauf Mirq\u0259dirov: Novruz M\u0259mm\u0259dovun b\u0259yanatlar\u0131 Q\u0259rbi q\u0131c\u0131qland\u0131rmaq m\u0259qs\u0259di da\u015f\u0131y\u0131r\"}]},{\"@type\":\"WebSite\",\"@id\":\"https:\\\/\\\/www.meydan.tv\\\/az\\\/#website\",\"url\":\"https:\\\/\\\/www.meydan.tv\\\/az\\\/\",\"name\":\"MEYDAN.TV\",\"description\":\"Meydan TV Az\u0259rbaycan\u0131n media m\u0259kan\u0131ndak\u0131 alternativ s\u0259sidir\",\"publisher\":{\"@id\":\"https:\\\/\\\/www.meydan.tv\\\/az\\\/#organization\"},\"potentialAction\":[{\"@type\":\"SearchAction\",\"target\":{\"@type\":\"EntryPoint\",\"urlTemplate\":\"https:\\\/\\\/www.meydan.tv\\\/az\\\/?s={search_term_string}\"},\"query-input\":{\"@type\":\"PropertyValueSpecification\",\"valueRequired\":true,\"valueName\":\"search_term_string\"}}],\"inLanguage\":\"az\"},{\"@type\":\"Organization\",\"@id\":\"https:\\\/\\\/www.meydan.tv\\\/az\\\/#organization\",\"name\":\"Meydan TV\",\"url\":\"https:\\\/\\\/www.meydan.tv\\\/az\\\/\",\"logo\":{\"@type\":\"ImageObject\",\"inLanguage\":\"az\",\"@id\":\"https:\\\/\\\/www.meydan.tv\\\/az\\\/#\\\/schema\\\/logo\\\/image\\\/\",\"url\":\"https:\\\/\\\/www.meydan.tv\\\/wp-content\\\/uploads\\\/2021\\\/07\\\/meydan-logo.svg\",\"contentUrl\":\"https:\\\/\\\/www.meydan.tv\\\/wp-content\\\/uploads\\\/2021\\\/07\\\/meydan-logo.svg\",\"width\":195,\"height\":46,\"caption\":\"Meydan TV\"},\"image\":{\"@id\":\"https:\\\/\\\/www.meydan.tv\\\/az\\\/#\\\/schema\\\/logo\\\/image\\\/\"}},{\"@type\":\"Person\",\"@id\":\"https:\\\/\\\/www.meydan.tv\\\/az\\\/#\\\/schema\\\/person\\\/10d11eccf6da3662cf5fdab9806ea91a\",\"name\":\"user-manager\"}]}<\/script>\n<!-- \/ Yoast SEO plugin. -->","yoast_head_json":{"title":"Rauf Mirq\u0259dirov: Novruz M\u0259mm\u0259dovun b\u0259yanatlar\u0131 Q\u0259rbi q\u0131c\u0131qland\u0131rmaq m\u0259qs\u0259di da\u015f\u0131y\u0131r - MEYDAN.TV","robots":{"index":"index","follow":"follow","max-snippet":"max-snippet:-1","max-image-preview":"max-image-preview:large","max-video-preview":"max-video-preview:-1"},"canonical":"https:\/\/www.meydan.tv\/az\/article\/rauf-mirqedirov-novruz-memmedovun-beyanatlari-qerbi-qiciqlandirmaq-meqsedi-dasiyir\/","og_locale":"az_AZ","og_type":"article","og_title":"Rauf Mirq\u0259dirov: Novruz M\u0259mm\u0259dovun b\u0259yanatlar\u0131 Q\u0259rbi q\u0131c\u0131qland\u0131rmaq m\u0259qs\u0259di da\u015f\u0131y\u0131r - MEYDAN.TV","og_description":"''\u018fg\u0259r Novruz M\u0259mm\u0259dov T\u00fcrkiy\u0259 kimi Avropadan uzaqla\u015fma siyas\u0259tini \u0259sas g\u00f6t\u00fcr\u00fcb mesaj verirs\u0259, perspektivsizdir''","og_url":"https:\/\/www.meydan.tv\/az\/article\/rauf-mirqedirov-novruz-memmedovun-beyanatlari-qerbi-qiciqlandirmaq-meqsedi-dasiyir\/","og_site_name":"MEYDAN.TV","article_published_time":"2016-11-23T17:38:15+00:00","og_image":[{"width":637,"height":400,"url":"https:\/\/www.meydan.tv\/wp-content\/uploads\/28151.jpg","type":"image\/jpeg"}],"author":"user-manager","twitter_card":"summary_large_image","schema":{"@context":"https:\/\/schema.org","@graph":[{"@type":"Article","@id":"https:\/\/www.meydan.tv\/az\/article\/rauf-mirqedirov-novruz-memmedovun-beyanatlari-qerbi-qiciqlandirmaq-meqsedi-dasiyir\/#article","isPartOf":{"@id":"https:\/\/www.meydan.tv\/az\/article\/rauf-mirqedirov-novruz-memmedovun-beyanatlari-qerbi-qiciqlandirmaq-meqsedi-dasiyir\/"},"author":{"name":"user-manager","@id":"https:\/\/www.meydan.tv\/az\/#\/schema\/person\/10d11eccf6da3662cf5fdab9806ea91a"},"headline":"Rauf Mirq\u0259dirov: Novruz M\u0259mm\u0259dovun b\u0259yanatlar\u0131 Q\u0259rbi q\u0131c\u0131qland\u0131rmaq m\u0259qs\u0259di da\u015f\u0131y\u0131r","datePublished":"2016-11-23T17:38:15+00:00","mainEntityOfPage":{"@id":"https:\/\/www.meydan.tv\/az\/article\/rauf-mirqedirov-novruz-memmedovun-beyanatlari-qerbi-qiciqlandirmaq-meqsedi-dasiyir\/"},"wordCount":810,"publisher":{"@id":"https:\/\/www.meydan.tv\/az\/#organization"},"image":{"@id":"https:\/\/www.meydan.tv\/az\/article\/rauf-mirqedirov-novruz-memmedovun-beyanatlari-qerbi-qiciqlandirmaq-meqsedi-dasiyir\/#primaryimage"},"thumbnailUrl":"https:\/\/www.meydan.tv\/wp-content\/uploads\/28151.jpg","articleSection":["Analitika"],"inLanguage":"az"},{"@type":"WebPage","@id":"https:\/\/www.meydan.tv\/az\/article\/rauf-mirqedirov-novruz-memmedovun-beyanatlari-qerbi-qiciqlandirmaq-meqsedi-dasiyir\/","url":"https:\/\/www.meydan.tv\/az\/article\/rauf-mirqedirov-novruz-memmedovun-beyanatlari-qerbi-qiciqlandirmaq-meqsedi-dasiyir\/","name":"Rauf Mirq\u0259dirov: Novruz M\u0259mm\u0259dovun b\u0259yanatlar\u0131 Q\u0259rbi q\u0131c\u0131qland\u0131rmaq m\u0259qs\u0259di da\u015f\u0131y\u0131r - MEYDAN.TV","isPartOf":{"@id":"https:\/\/www.meydan.tv\/az\/#website"},"primaryImageOfPage":{"@id":"https:\/\/www.meydan.tv\/az\/article\/rauf-mirqedirov-novruz-memmedovun-beyanatlari-qerbi-qiciqlandirmaq-meqsedi-dasiyir\/#primaryimage"},"image":{"@id":"https:\/\/www.meydan.tv\/az\/article\/rauf-mirqedirov-novruz-memmedovun-beyanatlari-qerbi-qiciqlandirmaq-meqsedi-dasiyir\/#primaryimage"},"thumbnailUrl":"https:\/\/www.meydan.tv\/wp-content\/uploads\/28151.jpg","datePublished":"2016-11-23T17:38:15+00:00","breadcrumb":{"@id":"https:\/\/www.meydan.tv\/az\/article\/rauf-mirqedirov-novruz-memmedovun-beyanatlari-qerbi-qiciqlandirmaq-meqsedi-dasiyir\/#breadcrumb"},"inLanguage":"az","potentialAction":[{"@type":"ReadAction","target":["https:\/\/www.meydan.tv\/az\/article\/rauf-mirqedirov-novruz-memmedovun-beyanatlari-qerbi-qiciqlandirmaq-meqsedi-dasiyir\/"]}]},{"@type":"ImageObject","inLanguage":"az","@id":"https:\/\/www.meydan.tv\/az\/article\/rauf-mirqedirov-novruz-memmedovun-beyanatlari-qerbi-qiciqlandirmaq-meqsedi-dasiyir\/#primaryimage","url":"https:\/\/www.meydan.tv\/wp-content\/uploads\/28151.jpg","contentUrl":"https:\/\/www.meydan.tv\/wp-content\/uploads\/28151.jpg","width":637,"height":400,"caption":"Source:"},{"@type":"BreadcrumbList","@id":"https:\/\/www.meydan.tv\/az\/article\/rauf-mirqedirov-novruz-memmedovun-beyanatlari-qerbi-qiciqlandirmaq-meqsedi-dasiyir\/#breadcrumb","itemListElement":[{"@type":"ListItem","position":1,"name":"Ana s\u0259hif\u0259","item":"https:\/\/www.meydan.tv\/az\/"},{"@type":"ListItem","position":2,"name":"Analitika","item":"https:\/\/www.meydan.tv\/az\/section\/analitika\/"},{"@type":"ListItem","position":3,"name":"Rauf Mirq\u0259dirov: Novruz M\u0259mm\u0259dovun b\u0259yanatlar\u0131 Q\u0259rbi q\u0131c\u0131qland\u0131rmaq m\u0259qs\u0259di da\u015f\u0131y\u0131r"}]},{"@type":"WebSite","@id":"https:\/\/www.meydan.tv\/az\/#website","url":"https:\/\/www.meydan.tv\/az\/","name":"MEYDAN.TV","description":"Meydan TV Az\u0259rbaycan\u0131n media m\u0259kan\u0131ndak\u0131 alternativ s\u0259sidir","publisher":{"@id":"https:\/\/www.meydan.tv\/az\/#organization"},"potentialAction":[{"@type":"SearchAction","target":{"@type":"EntryPoint","urlTemplate":"https:\/\/www.meydan.tv\/az\/?s={search_term_string}"},"query-input":{"@type":"PropertyValueSpecification","valueRequired":true,"valueName":"search_term_string"}}],"inLanguage":"az"},{"@type":"Organization","@id":"https:\/\/www.meydan.tv\/az\/#organization","name":"Meydan TV","url":"https:\/\/www.meydan.tv\/az\/","logo":{"@type":"ImageObject","inLanguage":"az","@id":"https:\/\/www.meydan.tv\/az\/#\/schema\/logo\/image\/","url":"https:\/\/www.meydan.tv\/wp-content\/uploads\/2021\/07\/meydan-logo.svg","contentUrl":"https:\/\/www.meydan.tv\/wp-content\/uploads\/2021\/07\/meydan-logo.svg","width":195,"height":46,"caption":"Meydan TV"},"image":{"@id":"https:\/\/www.meydan.tv\/az\/#\/schema\/logo\/image\/"}},{"@type":"Person","@id":"https:\/\/www.meydan.tv\/az\/#\/schema\/person\/10d11eccf6da3662cf5fdab9806ea91a","name":"user-manager"}]}},"_links":{"self":[{"href":"https:\/\/www.meydan.tv\/az\/wp-json\/wp\/v2\/posts\/180673","targetHints":{"allow":["GET"]}}],"collection":[{"href":"https:\/\/www.meydan.tv\/az\/wp-json\/wp\/v2\/posts"}],"about":[{"href":"https:\/\/www.meydan.tv\/az\/wp-json\/wp\/v2\/types\/post"}],"author":[{"embeddable":true,"href":"https:\/\/www.meydan.tv\/az\/wp-json\/wp\/v2\/users\/11"}],"replies":[{"embeddable":true,"href":"https:\/\/www.meydan.tv\/az\/wp-json\/wp\/v2\/comments?post=180673"}],"version-history":[{"count":0,"href":"https:\/\/www.meydan.tv\/az\/wp-json\/wp\/v2\/posts\/180673\/revisions"}],"wp:featuredmedia":[{"embeddable":true,"href":"https:\/\/www.meydan.tv\/az\/wp-json\/wp\/v2\/media\/72986"}],"wp:attachment":[{"href":"https:\/\/www.meydan.tv\/az\/wp-json\/wp\/v2\/media?parent=180673"}],"wp:term":[{"taxonomy":"category","embeddable":true,"href":"https:\/\/www.meydan.tv\/az\/wp-json\/wp\/v2\/categories?post=180673"},{"taxonomy":"post_tag","embeddable":true,"href":"https:\/\/www.meydan.tv\/az\/wp-json\/wp\/v2\/tags?post=180673"}],"curies":[{"name":"wp","href":"https:\/\/api.w.org\/{rel}","templated":true}]}}