{"id":180669,"date":"2016-11-23T15:32:36","date_gmt":"2016-11-23T15:32:36","guid":{"rendered":"https:\/\/www.meydan.tv\/article\/menzillerde-qazin-tezyiqi-azalib\/"},"modified":"2016-11-23T15:32:36","modified_gmt":"2016-11-23T15:32:36","slug":"menzillerde-qazin-tezyiqi-azalib","status":"publish","type":"post","link":"https:\/\/www.meydan.tv\/az\/article\/menzillerde-qazin-tezyiqi-azalib\/","title":{"rendered":"M\u0259nzill\u0259rd\u0259 qaz\u0131n t\u0259zyiqi  azal\u0131b"},"content":{"rendered":"<figure class=\"wp-block-image size-large\">\n  <img decoding=\"async\" src=\"https:\/\/www.meydan.tv\/az\/foto-sosial-sebeke-145\/\" alt=\"foto sosial \u015f\u0259b\u0259k\u0259\" class=\"wp-image-73866\"\/><figcaption>\n    foto sosial \u015f\u0259b\u0259k\u0259<br \/>\n  <\/figcaption><\/figure>\n<p>\n  <i><br \/>\n    Z\u00f6hrab \u0130smay\u0131l: &#8221;\u018fsas problem Az\u0259rbaycan\u0131n qaz istehsal\u0131n\u0131n azalmas\u0131d\u0131r&#8221;<br \/>\n  <\/i>\n<\/p>\n<p>\n  <i><br \/>\n    \u0130lham \u015eaban: &#8221;Az\u0259rbaycan h\u00f6kum\u0259ti bu m\u0259s\u0259l\u0259l\u0259rd\u0259 d\u00f6z\u00fcml\u00fc olduqlar\u0131na g\u00f6r\u0259 v\u0259t\u0259nda\u015flara t\u0259\u015f\u0259kk\u00fcr etm\u0259lidir&#8221;<br \/>\n  <\/i>\n<\/p>\n<p>\n  <br \/>\n  Havalar k\u0259skin soyusa da, m\u0259nzill\u0259r\u0259 veril\u0259n qaz\u0131n t\u0259zyiqi azal\u0131b. Sosial \u015f\u0259b\u0259k\u0259l\u0259rd\u0259ki payla\u015f\u0131mlardan bel\u0259 b\u0259lli olur ki, gec\u0259l\u0259r paytaxt\u0131n bir s\u0131ra rayonlar\u0131nda, o c\u00fcml\u0259d\u0259n, Sumqay\u0131tda qaz k\u0259silir. Konkret olaraq neft sah\u0259si \u00fczr\u0259 m\u00fct\u0259x\u0259ssis \u0130lham \u015eaban v\u0259 dig\u0259r sosial \u015f\u0259b\u0259k\u0259 istifad\u0259\u00e7il\u0259ri \u00f6z &#8220;Facebook&#8221; s\u0259hif\u0259l\u0259rind\u0259 Yasamalda, H\u00f6vsanda v\u0259 dig\u0259r rayonlarda bel\u0259 bir problemin ya\u015fand\u0131\u011f\u0131n\u0131 bildiribl\u0259r.\n<\/p>\n<p>\n  Yaranan probleml\u0259 ba\u011fl\u0131 Meydan TV-y\u0259 dan\u0131\u015fan \u0130lham \u015eaban deyir ki, h\u0259r g\u00fcn ax\u015fam saat 6-dan 11-\u0259 q\u0259d\u0259r qaz t\u0259zyiqi azal\u0131r, gec\u0259l\u0259r is\u0259 \u0259ks\u0259r\u0259n s\u00f6n\u00fcr.\n<\/p>\n<p>\n  Ekspert yaranm\u0131\u015f problemin \u0259sas\u0131nda Az\u0259rbaycan\u0131n qaz balans\u0131nda k\u0259sirin oldu\u011funu d\u00fc\u015f\u00fcn\u00fcr:<\/p>\n<p>  &#8220;Sual olunur; h\u00f6kum\u0259t k\u0259siri nec\u0259 \u00f6rtm\u0259k ist\u0259yir? R\u0259smi r\u0259q\u0259ml\u0259r\u0259 baxaq: 9 ay\u0131n m\u0259lumat\u0131nda 500 min tona yax\u0131n istilik-elektrik stansiyalar\u0131nda mazutdan istifad\u0259 edilib. Ba\u015fqa t\u0259r\u0259fd\u0259n d\u0259, \u0259vv\u0259l 700 milyon kubmetrd\u0259n \u00e7ox Az\u0259ri-\u00c7\u0131raq-G\u00fcn\u0259\u015flid\u0259n qaz al\u0131n\u0131rd\u0131. Bundan \u0259lav\u0259, SOCAR-\u0131n qaz istehsal\u0131 azal\u0131b, bunlar obyektiv s\u0259b\u0259bl\u0259rdir. Bilirsiniz ki, 2015-ci ilin dekabr\u0131nda 10 sayl\u0131 platformada b\u00f6y\u00fck faci\u0259 ba\u015f verdi, bu platforman\u0131n \u00e7ox yax\u015f\u0131 qaz hasilat\u0131 vard\u0131, g\u00fcnd\u0259 1 milyon kubmetr\u0259 yax\u0131n qaz hasil olunurdu. Bel\u0259likl\u0259, h\u0259min platformadan qaz t\u0259s\u0259rr\u00fcfat\u0131na son 9 ayda 274 milyon kubmetr qaz g\u0259lm\u0259li idi. \u0130kinci amil, 700 milyon kubmetr Az\u0259ri-\u00c7\u0131raq-G\u00fcn\u0259\u015flid\u0259n g\u0259lm\u0259di. \u00dcmumilikd\u0259, 1 milyard kubmetr\u0259 yax\u0131n qaz defisti yarand\u0131. R\u0259smi statistikaya g\u00f6r\u0259, \u00f6lk\u0259 32 faiz\u0259 q\u0259d\u0259r &#8220;\u015eahd\u0259niz&#8221;d\u0259n qaz al\u0131rd\u0131qsa, haz\u0131rda bu r\u0259q\u0259m 37 faiz art\u0131r\u0131ld\u0131 v\u0259 daxili bazara y\u00f6n\u0259ldi. Bununla bel\u0259 q\u0259na\u0259t rejimind\u0259 bu qazdan istifad\u0259 edilir ki, xaricd\u0259n qaz idxal edilm\u0259d\u0259n 2016-c\u0131 ili ba\u015fa vurulsun. Ba\u015fqa bir m\u0259lumat, 10 ay\u0131n yekunlar\u0131na \u0259sas\u0259n, \u00f6lk\u0259d\u0259 elektrik enerjisinin istehsal\u0131 2 faiz a\u015fa\u011f\u0131 d\u00fc\u015f\u00fcb, dem\u0259li, istifad\u0259 olunan yanaca\u011f\u0131n h\u0259cmi v\u0259 SOCAR-\u0131n verdiyi qaz da azal\u0131b. Reall\u0131q bundan ibar\u0259tdir ki, h\u00f6kum\u0259t Az\u0259ri-\u00c7\u0131raq-G\u00fcn\u0259\u015flid\u0259n 3 milyard kubmetr\u0259 yax\u0131n qaz ala bil\u0259rdi. \u018fg\u0259r h\u00f6kum\u0259t qaz alsayd\u0131, o zaman 800 min ton hasilat a\u015fa\u011f\u0131 d\u00fc\u015f\u0259c\u0259kdi, bu, h\u00f6kum\u0259tin proqnozudur. Ona g\u00f6r\u0259 h\u00f6kum\u0259t d\u00fczg\u00fcn q\u0259rar q\u0259bul etdi ki, h\u0259min qaz\u0131 neft quyular\u0131na vurmaqla hasilat\u0131n artmas\u0131na nail olsun. Buna g\u00f6r\u0259 Az\u0259ri-\u00c7\u0131raq-G\u00fcn\u0259\u015flid\u0259 233 min ton hasilat\u0131n artmas\u0131na nail olub, bu, son 10 ay\u0131n n\u0259tic\u0259sidir. Baxmayaraq ki, dig\u0259r layih\u0259l\u0259rd\u0259 hasilat\u0131n azalmas\u0131 450 min ton civar\u0131ndayd\u0131, s\u0259b\u0259b \u00f6t\u0259n ilin 10 sayl\u0131 platformadak\u0131 faci\u0259dir. \u00c7\u00fcnki orda 24 quyu i\u015fl\u0259yirdi. \u0130lk d\u0259f\u0259 olaraq 10 ay\u0131n n\u0259tic\u0259sin\u0259 g\u00f6r\u0259 0,8 faiz azalma qeyd\u0259 al\u0131nd\u0131. \u018fslind\u0259, Az\u0259rbaycan h\u00f6kum\u0259ti bu m\u0259s\u0259l\u0259l\u0259rd\u0259 d\u00f6z\u00fcml\u00fc olduqlar\u0131na g\u00f6r\u0259 v\u0259t\u0259nda\u015flara t\u0259\u015f\u0259kk\u00fcr etm\u0259lidir, t\u0259\u0259ss\u00fcf ki, bunu etmir. \u00c7\u00fcnki h\u00f6kum\u0259tin q\u0259na\u0259ti hesab\u0131na xaricd\u0259n 1 milyard kubmetr qaz al\u0131nmad\u0131 v\u0259 150-200 milyon dollar v\u0259sait x\u0259rcl\u0259nm\u0259di. B\u00fct\u00fcn bunlar Az\u0259rbaycan v\u0259t\u0259nda\u015flar\u0131n\u0131n \u015f\u00fcca\u0259ti hesab\u0131na oldu. H\u00f6kum\u0259t sanki hesab edir ki, az\u0259rbaycanl\u0131lar \u015eimali Koreya \u0259halisi s\u0259viyy\u0259sind\u0259dirl\u0259r, he\u00e7 n\u0259d\u0259n x\u0259b\u0259rl\u0259ri yoxdur, n\u0259 des\u0259l\u0259r inanacaq. G\u00f6r\u00fcn\u00fcr, h\u00f6kum\u0259t q\u0131\u015f\u0131 q\u0259na\u0259t rejimind\u0259 ba\u015fa vurub n\u00f6vb\u0259ti ilin plan\u0131na baxmaq ist\u0259yir. Biz h\u0259l\u0259 2017-ci ilin yanvar v\u0259 fevral\u0131nda havan\u0131n nec\u0259 olaca\u011f\u0131n\u0131 dey\u0259 bilm\u0259rik. Bu ilin mart\u0131n sonunda qaz rejimin\u0259 yekun vurduq. B\u0259lk\u0259 apreld\u0259 oktyabr v\u0259 noyabr\u0131n hava \u015f\u0259raitini ya\u015fad\u0131q, o zaman qazla ba\u011fl\u0131 poroblem ya\u015fana bil\u0259r&#8221;.\n<\/p>\n<figure class=\"wp-block-image size-large\">\n  <img decoding=\"async\" src=\"https:\/\/www.meydan.tv\/az\/73872\/\" alt=\"\" class=\"wp-image-73872\"\/><figcaption>\n    \u0130lham \u015eaban foto Meydan TV<br \/>\n  <\/figcaption><\/figure>\n<p>\n  \u0130lham \u015eaban hesab edir ki, haz\u0131rda Az\u0259rbaycana islahatlar laz\u0131md\u0131r: &#8220;Evind\u0259 istilik olmayan v\u0259t\u0259nda\u015flar televiziyalardan Avropan\u0131n Az\u0259rbaycan\u0131n enerjisind\u0259n as\u0131l\u0131 oldu\u011funu e\u015fidirs\u0259, bu, ona qeyri-ciddi g\u0259l\u0259c\u0259k. Halbuki, Avropan\u0131n 2005-ci ild\u0259n apard\u0131\u011f\u0131 siyas\u0259t he\u00e7 k\u0259sd\u0259n as\u0131l\u0131 olmamaq x\u0259ttin\u0259 s\u00f6yk\u0259nir. Bizim kanallar is\u0259 s\u0259h\u0259rd\u0259n ax\u015fama q\u0259d\u0259r v\u0259t\u0259nda\u015flara dikt\u0259 etm\u0259k ist\u0259yir ki, Az\u0259rbaycan\u0131n boru k\u0259m\u0259ri olmasa, Avropa donacaq, bu, \u00e7ox g\u00fcl\u00fcnc t\u0259bli\u011fatd\u0131r. Ona g\u00f6r\u0259, ilk n\u00f6vb\u0259d\u0259, \u00f6z v\u0259t\u0259nda\u015flar\u0131n\u0131n qay\u011f\u0131s\u0131na qalmaq laz\u0131md\u0131r&#8221;.\n<\/p>\n<p>\n  \u0130qtisad\u00e7\u0131 Z\u00f6hrab \u0130smay\u0131l Meydan TV-y\u0259 deyib ki, \u0259haliy\u0259 veril\u0259n qaz\u0131n tez-tez k\u0259silm\u0259si h\u00f6kum\u0259tin xaric\u0259 baha qiym\u0259t\u0259 qaz satmas\u0131ndan ir\u0259li g\u0259lir:\n<\/p>\n<p>\n  &#8220;\u018fsas problem Az\u0259rbaycan\u0131n qaz istehsal\u0131n\u0131n azalmas\u0131d\u0131r. SOCAR-a is\u0259 valyuta laz\u0131md\u0131r v\u0259 bu bax\u0131mdan maksimum xaric\u0259 satmaq ist\u0259yirl\u0259r. \u018fslind\u0259, qaz maya d\u0259y\u0259rind\u0259n baha sat\u0131l\u0131r, b\u0259li, \u0259halinin ya\u015fam durumunu v\u0259 \u0259m\u0259khaqq\u0131s\u0131n\u0131 n\u0259z\u0259r\u0259 alsaq, qiym\u0259tl\u0259r el\u0259 d\u0259 ucuz deyil. Amma h\u00f6kum\u0259t qaz\u0131 xaric\u0259 satma\u011fa \u00fcst\u00fcnl\u00fck verir. M\u0259s\u0259l\u0259 ondad\u0131r ki, qaz hasilat\u0131 2015 v\u0259 16-c\u0131 ild\u0259 azal\u0131b, \u00fcmum\u0259n \u00f6lk\u0259 s\u0259viyy\u0259sind\u0259 azalma var, s\u00f6hb\u0259t &#8220;\u015eahd\u0259niz&#8221; layih\u0259sind\u0259n gedir, h\u0259m d\u0259 SOCAR-\u0131n \u00f6z\u00fcnd\u0259 azalma var&#8221;.\n<\/p>\n<figure class=\"wp-block-image size-large\">\n  <img decoding=\"async\" src=\"https:\/\/www.meydan.tv\/az\/zohrab-ismayil-foto-sosial-sebeke\/\" alt=\"Z\u00f6hrab \u0130smay\u0131l foto sosial \u015f\u0259b\u0259k\u0259\" class=\"wp-image-73875\"\/><figcaption>\n    Z\u00f6hrab \u0130smay\u0131l foto sosial \u015f\u0259b\u0259k\u0259<br \/>\n  <\/figcaption><\/figure>\n<p>\n  Z\u00f6hrab \u0130smay\u0131l hesab edir ki, h\u00f6kum\u0259tin daxili qazla\u015fmayla ba\u011fl\u0131 siyas\u0259ti yar\u0131m\u00e7\u0131qd\u0131r. Haz\u0131rda y\u00fczl\u0259rl\u0259 k\u0259ndin qaz t\u0259chizat\u0131 yoxdur, onlar\u0131n i\u00e7ind\u0259 b\u00f6y\u00fck k\u0259ndl\u0259r d\u0259 var. B\u0259zi da\u011f k\u0259ndl\u0259rin\u0259 qaz \u00e7\u0259km\u0259yin \u00e7\u0259tinliyini anlamaq olar. S\u00f6hb\u0259t yollara yax\u0131n olan b\u00f6y\u00fck k\u0259ndl\u0259rd\u0259n gedir ki, ill\u0259r \u00f6ts\u0259 d\u0259, problem h\u0259llini tapm\u0131r. Bu, SOCAR-\u0131n ixraca \u00fcst\u00fcnl\u00fck verm\u0259sil\u0259 ba\u011fl\u0131d\u0131r. Vacib m\u0259qamlardan biri Az\u0259ri-G\u00fcn\u0259\u015fli-\u00c7\u0131raq yata\u011f\u0131nda \u00e7\u0131xan s\u0259mt qaz\u0131yla ba\u011fl\u0131d\u0131r, bu qaz Az\u0259rbaycana pulsuz verilir. Amma \u00e7ox t\u0259\u0259ss\u00fcf ki, SOCAR bu qaz\u0131n ham\u0131s\u0131n\u0131 bir yer\u0259 toplay\u0131b Neft Da\u015flar\u0131ndak\u0131 kompressor stansiyas\u0131na \u00f6t\u00fcr\u0259 bilmir: &#8220;D\u00fczd\u00fcr, neft yataqlar\u0131 s\u00f6n\u0259nd\u0259n sonra s\u0259mt qaz\u0131 da olmayacaq, h\u0259r halda s\u00f6hb\u0259t qar\u015f\u0131dak\u0131 10 ild\u0259n gedir. Sad\u0259c\u0259, h\u00f6kum\u0259tin qeyri-effektiv idar\u0259etm\u0259si v\u0259 u\u011fursuz neft-qaz strategiyas\u0131 n\u0259tic\u0259sind\u0259 h\u0259min s\u0259mt qaz\u0131n\u0131n xeyli hiss\u0259si havaya yand\u0131r\u0131l\u0131r. B\u00fct\u00fcn hallarda \u0259haliy\u0259 qaz\u0131n az verilm\u0259sinin s\u0259b\u0259bi qaz\u0131 xaric\u0259 sat\u0131b valyuta \u0259ld\u0259 etm\u0259kl\u0259 ba\u011fl\u0131d\u0131r&#8221;\n<\/p>\n<p>\n  &#8220;Az\u0259riqaz\u201d \u0130B-nin m\u0259tbuat xidm\u0259tinin r\u0259hb\u0259ri \u0130brahim K\u0259rbalayev is\u0259 bildirdi ki, qaz\u0131n k\u0259silm\u0259si bar\u0259d\u0259 onlarda h\u0259r hans\u0131 m\u0259lumat yoxdur: &#8220;Ad\u0259t\u0259n qaz\u0131n verilm\u0259si h\u0259r hans\u0131 q\u0259za n\u0259tic\u0259sind\u0259 dayand\u0131r\u0131l\u0131r. N\u0259 Yasamal, n\u0259 d\u0259 Sumqay\u0131t b\u00f6lg\u0259sind\u0259n q\u0259za x\u0259b\u0259ri almam\u0131\u015f\u0131q. Bu c\u00fcr probleml\u0259 rastla\u015fan sakinl\u0259r &#8220;Az\u0259riqaz&#8221;a m\u00fcraci\u0259t etsinl\u0259r. Bizim i\u015f\u00e7il\u0259r abonentl\u0259rin evl\u0259rin\u0259 gedib, problemin n\u0259d\u0259n qaynaqland\u0131\u011f\u0131n\u0131, s\u0259b\u0259bini \u00f6yr\u0259nib, aradan qald\u0131rs\u0131nlar&#8221;.<\/p>\n","protected":false},"excerpt":{"rendered":"<p>Z\u00f6hrab \u0130smay\u0131l: &#8221;\u018fsas problem Az\u0259rbaycan\u0131n qaz istehsal\u0131n\u0131n azalmas\u0131d\u0131r&#8221;<\/p>\n<p>\u0130lham \u015eaban: &#8221;Az\u0259rbaycan h\u00f6kum\u0259ti bu m\u0259s\u0259l\u0259l\u0259rd\u0259 d\u00f6z\u00fcml\u00fc olduqlar\u0131na g\u00f6r\u0259 v\u0259t\u0259nda\u015flara t\u0259\u015f\u0259kk\u00fcr etm\u0259lidir&#8221;<\/p>\n","protected":false},"author":11,"featured_media":73866,"comment_status":"closed","ping_status":"open","sticky":false,"template":"","format":"standard","meta":{"_acf_changed":false,"_sitemap_exclude":false,"_sitemap_priority":"","_sitemap_frequency":"","footnotes":""},"categories":[51],"tags":[],"class_list":["post-180669","post","type-post","status-publish","format-standard","has-post-thumbnail","hentry","category-analitika","infinite-scroll-item","generate-columns","tablet-grid-50","mobile-grid-100","grid-parent","grid-33","no-featured-image-padding"],"acf":[],"yoast_head":"<!-- This site is optimized with the Yoast SEO plugin v27.5 - https:\/\/yoast.com\/product\/yoast-seo-wordpress\/ -->\n<title>M\u0259nzill\u0259rd\u0259 qaz\u0131n t\u0259zyiqi azal\u0131b - MEYDAN.TV<\/title>\n<meta name=\"robots\" content=\"index, follow, max-snippet:-1, max-image-preview:large, max-video-preview:-1\" \/>\n<link rel=\"canonical\" href=\"https:\/\/www.meydan.tv\/az\/article\/menzillerde-qazin-tezyiqi-azalib\/\" \/>\n<meta property=\"og:locale\" content=\"az_AZ\" \/>\n<meta property=\"og:type\" content=\"article\" \/>\n<meta property=\"og:title\" content=\"M\u0259nzill\u0259rd\u0259 qaz\u0131n t\u0259zyiqi azal\u0131b - MEYDAN.TV\" \/>\n<meta property=\"og:description\" content=\"Z\u00f6hrab \u0130smay\u0131l: &#039;&#039;\u018fsas problem Az\u0259rbaycan\u0131n qaz istehsal\u0131n\u0131n azalmas\u0131d\u0131r&#039;&#039;  \u0130lham \u015eaban: &#039;&#039;Az\u0259rbaycan h\u00f6kum\u0259ti bu m\u0259s\u0259l\u0259l\u0259rd\u0259 d\u00f6z\u00fcml\u00fc olduqlar\u0131na g\u00f6r\u0259 v\u0259t\u0259nda\u015flara t\u0259\u015f\u0259kk\u00fcr etm\u0259lidir&#039;&#039;\" \/>\n<meta property=\"og:url\" content=\"https:\/\/www.meydan.tv\/az\/article\/menzillerde-qazin-tezyiqi-azalib\/\" \/>\n<meta property=\"og:site_name\" content=\"MEYDAN.TV\" \/>\n<meta property=\"article:published_time\" content=\"2016-11-23T15:32:36+00:00\" \/>\n<meta property=\"og:image\" content=\"https:\/\/www.meydan.tv\/wp-content\/uploads\/28516.jpg\" \/>\n\t<meta property=\"og:image:width\" content=\"800\" \/>\n\t<meta property=\"og:image:height\" content=\"600\" \/>\n\t<meta property=\"og:image:type\" content=\"image\/jpeg\" \/>\n<meta name=\"author\" content=\"user-manager\" \/>\n<meta name=\"twitter:card\" content=\"summary_large_image\" \/>\n<script type=\"application\/ld+json\" class=\"yoast-schema-graph\">{\"@context\":\"https:\\\/\\\/schema.org\",\"@graph\":[{\"@type\":\"Article\",\"@id\":\"https:\\\/\\\/www.meydan.tv\\\/az\\\/article\\\/menzillerde-qazin-tezyiqi-azalib\\\/#article\",\"isPartOf\":{\"@id\":\"https:\\\/\\\/www.meydan.tv\\\/az\\\/article\\\/menzillerde-qazin-tezyiqi-azalib\\\/\"},\"author\":{\"name\":\"user-manager\",\"@id\":\"https:\\\/\\\/www.meydan.tv\\\/az\\\/#\\\/schema\\\/person\\\/10d11eccf6da3662cf5fdab9806ea91a\"},\"headline\":\"M\u0259nzill\u0259rd\u0259 qaz\u0131n t\u0259zyiqi azal\u0131b\",\"datePublished\":\"2016-11-23T15:32:36+00:00\",\"mainEntityOfPage\":{\"@id\":\"https:\\\/\\\/www.meydan.tv\\\/az\\\/article\\\/menzillerde-qazin-tezyiqi-azalib\\\/\"},\"wordCount\":1383,\"publisher\":{\"@id\":\"https:\\\/\\\/www.meydan.tv\\\/az\\\/#organization\"},\"image\":{\"@id\":\"https:\\\/\\\/www.meydan.tv\\\/az\\\/article\\\/menzillerde-qazin-tezyiqi-azalib\\\/#primaryimage\"},\"thumbnailUrl\":\"https:\\\/\\\/www.meydan.tv\\\/wp-content\\\/uploads\\\/28516.jpg\",\"articleSection\":[\"Analitika\"],\"inLanguage\":\"az\"},{\"@type\":\"WebPage\",\"@id\":\"https:\\\/\\\/www.meydan.tv\\\/az\\\/article\\\/menzillerde-qazin-tezyiqi-azalib\\\/\",\"url\":\"https:\\\/\\\/www.meydan.tv\\\/az\\\/article\\\/menzillerde-qazin-tezyiqi-azalib\\\/\",\"name\":\"M\u0259nzill\u0259rd\u0259 qaz\u0131n t\u0259zyiqi azal\u0131b - MEYDAN.TV\",\"isPartOf\":{\"@id\":\"https:\\\/\\\/www.meydan.tv\\\/az\\\/#website\"},\"primaryImageOfPage\":{\"@id\":\"https:\\\/\\\/www.meydan.tv\\\/az\\\/article\\\/menzillerde-qazin-tezyiqi-azalib\\\/#primaryimage\"},\"image\":{\"@id\":\"https:\\\/\\\/www.meydan.tv\\\/az\\\/article\\\/menzillerde-qazin-tezyiqi-azalib\\\/#primaryimage\"},\"thumbnailUrl\":\"https:\\\/\\\/www.meydan.tv\\\/wp-content\\\/uploads\\\/28516.jpg\",\"datePublished\":\"2016-11-23T15:32:36+00:00\",\"breadcrumb\":{\"@id\":\"https:\\\/\\\/www.meydan.tv\\\/az\\\/article\\\/menzillerde-qazin-tezyiqi-azalib\\\/#breadcrumb\"},\"inLanguage\":\"az\",\"potentialAction\":[{\"@type\":\"ReadAction\",\"target\":[\"https:\\\/\\\/www.meydan.tv\\\/az\\\/article\\\/menzillerde-qazin-tezyiqi-azalib\\\/\"]}]},{\"@type\":\"ImageObject\",\"inLanguage\":\"az\",\"@id\":\"https:\\\/\\\/www.meydan.tv\\\/az\\\/article\\\/menzillerde-qazin-tezyiqi-azalib\\\/#primaryimage\",\"url\":\"https:\\\/\\\/www.meydan.tv\\\/wp-content\\\/uploads\\\/28516.jpg\",\"contentUrl\":\"https:\\\/\\\/www.meydan.tv\\\/wp-content\\\/uploads\\\/28516.jpg\",\"width\":800,\"height\":600,\"caption\":\"Source:\"},{\"@type\":\"BreadcrumbList\",\"@id\":\"https:\\\/\\\/www.meydan.tv\\\/az\\\/article\\\/menzillerde-qazin-tezyiqi-azalib\\\/#breadcrumb\",\"itemListElement\":[{\"@type\":\"ListItem\",\"position\":1,\"name\":\"Ana s\u0259hif\u0259\",\"item\":\"https:\\\/\\\/www.meydan.tv\\\/az\\\/\"},{\"@type\":\"ListItem\",\"position\":2,\"name\":\"Analitika\",\"item\":\"https:\\\/\\\/www.meydan.tv\\\/az\\\/section\\\/analitika\\\/\"},{\"@type\":\"ListItem\",\"position\":3,\"name\":\"M\u0259nzill\u0259rd\u0259 qaz\u0131n t\u0259zyiqi azal\u0131b\"}]},{\"@type\":\"WebSite\",\"@id\":\"https:\\\/\\\/www.meydan.tv\\\/az\\\/#website\",\"url\":\"https:\\\/\\\/www.meydan.tv\\\/az\\\/\",\"name\":\"MEYDAN.TV\",\"description\":\"Meydan TV Az\u0259rbaycan\u0131n media m\u0259kan\u0131ndak\u0131 alternativ s\u0259sidir\",\"publisher\":{\"@id\":\"https:\\\/\\\/www.meydan.tv\\\/az\\\/#organization\"},\"potentialAction\":[{\"@type\":\"SearchAction\",\"target\":{\"@type\":\"EntryPoint\",\"urlTemplate\":\"https:\\\/\\\/www.meydan.tv\\\/az\\\/?s={search_term_string}\"},\"query-input\":{\"@type\":\"PropertyValueSpecification\",\"valueRequired\":true,\"valueName\":\"search_term_string\"}}],\"inLanguage\":\"az\"},{\"@type\":\"Organization\",\"@id\":\"https:\\\/\\\/www.meydan.tv\\\/az\\\/#organization\",\"name\":\"Meydan TV\",\"url\":\"https:\\\/\\\/www.meydan.tv\\\/az\\\/\",\"logo\":{\"@type\":\"ImageObject\",\"inLanguage\":\"az\",\"@id\":\"https:\\\/\\\/www.meydan.tv\\\/az\\\/#\\\/schema\\\/logo\\\/image\\\/\",\"url\":\"https:\\\/\\\/www.meydan.tv\\\/wp-content\\\/uploads\\\/2021\\\/07\\\/meydan-logo.svg\",\"contentUrl\":\"https:\\\/\\\/www.meydan.tv\\\/wp-content\\\/uploads\\\/2021\\\/07\\\/meydan-logo.svg\",\"width\":195,\"height\":46,\"caption\":\"Meydan TV\"},\"image\":{\"@id\":\"https:\\\/\\\/www.meydan.tv\\\/az\\\/#\\\/schema\\\/logo\\\/image\\\/\"}},{\"@type\":\"Person\",\"@id\":\"https:\\\/\\\/www.meydan.tv\\\/az\\\/#\\\/schema\\\/person\\\/10d11eccf6da3662cf5fdab9806ea91a\",\"name\":\"user-manager\"}]}<\/script>\n<!-- \/ Yoast SEO plugin. -->","yoast_head_json":{"title":"M\u0259nzill\u0259rd\u0259 qaz\u0131n t\u0259zyiqi azal\u0131b - MEYDAN.TV","robots":{"index":"index","follow":"follow","max-snippet":"max-snippet:-1","max-image-preview":"max-image-preview:large","max-video-preview":"max-video-preview:-1"},"canonical":"https:\/\/www.meydan.tv\/az\/article\/menzillerde-qazin-tezyiqi-azalib\/","og_locale":"az_AZ","og_type":"article","og_title":"M\u0259nzill\u0259rd\u0259 qaz\u0131n t\u0259zyiqi azal\u0131b - MEYDAN.TV","og_description":"Z\u00f6hrab \u0130smay\u0131l: ''\u018fsas problem Az\u0259rbaycan\u0131n qaz istehsal\u0131n\u0131n azalmas\u0131d\u0131r''  \u0130lham \u015eaban: ''Az\u0259rbaycan h\u00f6kum\u0259ti bu m\u0259s\u0259l\u0259l\u0259rd\u0259 d\u00f6z\u00fcml\u00fc olduqlar\u0131na g\u00f6r\u0259 v\u0259t\u0259nda\u015flara t\u0259\u015f\u0259kk\u00fcr etm\u0259lidir''","og_url":"https:\/\/www.meydan.tv\/az\/article\/menzillerde-qazin-tezyiqi-azalib\/","og_site_name":"MEYDAN.TV","article_published_time":"2016-11-23T15:32:36+00:00","og_image":[{"width":800,"height":600,"url":"https:\/\/www.meydan.tv\/wp-content\/uploads\/28516.jpg","type":"image\/jpeg"}],"author":"user-manager","twitter_card":"summary_large_image","schema":{"@context":"https:\/\/schema.org","@graph":[{"@type":"Article","@id":"https:\/\/www.meydan.tv\/az\/article\/menzillerde-qazin-tezyiqi-azalib\/#article","isPartOf":{"@id":"https:\/\/www.meydan.tv\/az\/article\/menzillerde-qazin-tezyiqi-azalib\/"},"author":{"name":"user-manager","@id":"https:\/\/www.meydan.tv\/az\/#\/schema\/person\/10d11eccf6da3662cf5fdab9806ea91a"},"headline":"M\u0259nzill\u0259rd\u0259 qaz\u0131n t\u0259zyiqi azal\u0131b","datePublished":"2016-11-23T15:32:36+00:00","mainEntityOfPage":{"@id":"https:\/\/www.meydan.tv\/az\/article\/menzillerde-qazin-tezyiqi-azalib\/"},"wordCount":1383,"publisher":{"@id":"https:\/\/www.meydan.tv\/az\/#organization"},"image":{"@id":"https:\/\/www.meydan.tv\/az\/article\/menzillerde-qazin-tezyiqi-azalib\/#primaryimage"},"thumbnailUrl":"https:\/\/www.meydan.tv\/wp-content\/uploads\/28516.jpg","articleSection":["Analitika"],"inLanguage":"az"},{"@type":"WebPage","@id":"https:\/\/www.meydan.tv\/az\/article\/menzillerde-qazin-tezyiqi-azalib\/","url":"https:\/\/www.meydan.tv\/az\/article\/menzillerde-qazin-tezyiqi-azalib\/","name":"M\u0259nzill\u0259rd\u0259 qaz\u0131n t\u0259zyiqi azal\u0131b - MEYDAN.TV","isPartOf":{"@id":"https:\/\/www.meydan.tv\/az\/#website"},"primaryImageOfPage":{"@id":"https:\/\/www.meydan.tv\/az\/article\/menzillerde-qazin-tezyiqi-azalib\/#primaryimage"},"image":{"@id":"https:\/\/www.meydan.tv\/az\/article\/menzillerde-qazin-tezyiqi-azalib\/#primaryimage"},"thumbnailUrl":"https:\/\/www.meydan.tv\/wp-content\/uploads\/28516.jpg","datePublished":"2016-11-23T15:32:36+00:00","breadcrumb":{"@id":"https:\/\/www.meydan.tv\/az\/article\/menzillerde-qazin-tezyiqi-azalib\/#breadcrumb"},"inLanguage":"az","potentialAction":[{"@type":"ReadAction","target":["https:\/\/www.meydan.tv\/az\/article\/menzillerde-qazin-tezyiqi-azalib\/"]}]},{"@type":"ImageObject","inLanguage":"az","@id":"https:\/\/www.meydan.tv\/az\/article\/menzillerde-qazin-tezyiqi-azalib\/#primaryimage","url":"https:\/\/www.meydan.tv\/wp-content\/uploads\/28516.jpg","contentUrl":"https:\/\/www.meydan.tv\/wp-content\/uploads\/28516.jpg","width":800,"height":600,"caption":"Source:"},{"@type":"BreadcrumbList","@id":"https:\/\/www.meydan.tv\/az\/article\/menzillerde-qazin-tezyiqi-azalib\/#breadcrumb","itemListElement":[{"@type":"ListItem","position":1,"name":"Ana s\u0259hif\u0259","item":"https:\/\/www.meydan.tv\/az\/"},{"@type":"ListItem","position":2,"name":"Analitika","item":"https:\/\/www.meydan.tv\/az\/section\/analitika\/"},{"@type":"ListItem","position":3,"name":"M\u0259nzill\u0259rd\u0259 qaz\u0131n t\u0259zyiqi azal\u0131b"}]},{"@type":"WebSite","@id":"https:\/\/www.meydan.tv\/az\/#website","url":"https:\/\/www.meydan.tv\/az\/","name":"MEYDAN.TV","description":"Meydan TV Az\u0259rbaycan\u0131n media m\u0259kan\u0131ndak\u0131 alternativ s\u0259sidir","publisher":{"@id":"https:\/\/www.meydan.tv\/az\/#organization"},"potentialAction":[{"@type":"SearchAction","target":{"@type":"EntryPoint","urlTemplate":"https:\/\/www.meydan.tv\/az\/?s={search_term_string}"},"query-input":{"@type":"PropertyValueSpecification","valueRequired":true,"valueName":"search_term_string"}}],"inLanguage":"az"},{"@type":"Organization","@id":"https:\/\/www.meydan.tv\/az\/#organization","name":"Meydan TV","url":"https:\/\/www.meydan.tv\/az\/","logo":{"@type":"ImageObject","inLanguage":"az","@id":"https:\/\/www.meydan.tv\/az\/#\/schema\/logo\/image\/","url":"https:\/\/www.meydan.tv\/wp-content\/uploads\/2021\/07\/meydan-logo.svg","contentUrl":"https:\/\/www.meydan.tv\/wp-content\/uploads\/2021\/07\/meydan-logo.svg","width":195,"height":46,"caption":"Meydan TV"},"image":{"@id":"https:\/\/www.meydan.tv\/az\/#\/schema\/logo\/image\/"}},{"@type":"Person","@id":"https:\/\/www.meydan.tv\/az\/#\/schema\/person\/10d11eccf6da3662cf5fdab9806ea91a","name":"user-manager"}]}},"_links":{"self":[{"href":"https:\/\/www.meydan.tv\/az\/wp-json\/wp\/v2\/posts\/180669","targetHints":{"allow":["GET"]}}],"collection":[{"href":"https:\/\/www.meydan.tv\/az\/wp-json\/wp\/v2\/posts"}],"about":[{"href":"https:\/\/www.meydan.tv\/az\/wp-json\/wp\/v2\/types\/post"}],"author":[{"embeddable":true,"href":"https:\/\/www.meydan.tv\/az\/wp-json\/wp\/v2\/users\/11"}],"replies":[{"embeddable":true,"href":"https:\/\/www.meydan.tv\/az\/wp-json\/wp\/v2\/comments?post=180669"}],"version-history":[{"count":0,"href":"https:\/\/www.meydan.tv\/az\/wp-json\/wp\/v2\/posts\/180669\/revisions"}],"wp:featuredmedia":[{"embeddable":true,"href":"https:\/\/www.meydan.tv\/az\/wp-json\/wp\/v2\/media\/73866"}],"wp:attachment":[{"href":"https:\/\/www.meydan.tv\/az\/wp-json\/wp\/v2\/media?parent=180669"}],"wp:term":[{"taxonomy":"category","embeddable":true,"href":"https:\/\/www.meydan.tv\/az\/wp-json\/wp\/v2\/categories?post=180669"},{"taxonomy":"post_tag","embeddable":true,"href":"https:\/\/www.meydan.tv\/az\/wp-json\/wp\/v2\/tags?post=180669"}],"curies":[{"name":"wp","href":"https:\/\/api.w.org\/{rel}","templated":true}]}}