{"id":180664,"date":"2016-11-23T13:54:45","date_gmt":"2016-11-23T13:54:45","guid":{"rendered":"https:\/\/www.meydan.tv\/article\/manati-yaxin-aylarda-ciddi-cetinlikler-gozleyir\/"},"modified":"2016-11-23T13:54:45","modified_gmt":"2016-11-23T13:54:45","slug":"manati-yaxin-aylarda-ciddi-cetinlikler-gozleyir","status":"publish","type":"post","link":"https:\/\/www.meydan.tv\/az\/article\/manati-yaxin-aylarda-ciddi-cetinlikler-gozleyir\/","title":{"rendered":"&#8221;Manat\u0131 yax\u0131n aylarda ciddi \u00e7\u0259tinlikl\u0259r g\u00f6zl\u0259yir&#8221;"},"content":{"rendered":"<figure class=\"wp-block-image size-large\">\n  <img decoding=\"async\" src=\"https:\/\/www.meydan.tv\/az\/mehemmed-talibli-foto-meydan-tv-3\/\" alt=\"M\u0259h\u0259mm\u0259d Tal\u0131bl\u0131 foto Meydan TV\" class=\"wp-image-73854\"\/><figcaption>\n    M\u0259h\u0259mm\u0259d Tal\u0131bl\u0131 foto Meydan TV<br \/>\n  <\/figcaption><\/figure>\n<p>\n  <i><br \/>\n    M\u0259h\u0259mm\u0259d Tal\u0131bl\u0131: &#8221;Bu t\u0259lat\u00fcml\u0259r b\u00fct\u00fcn ail\u0259l\u0259ri silk\u0259l\u0259y\u0259c\u0259k&#8221;<br \/>\n  <\/i>\n<\/p>\n<p>\n  \u201cManat\u0131n d\u0259y\u0259r itirm\u0259si davam etm\u0259kd\u0259dir. T\u0259kc\u0259 noyabrda manat 7 faiz ucuzla\u015f\u0131b. Manat\u0131n dollar qar\u015f\u0131s\u0131nda geri \u00e7\u0259kilm\u0259si h\u0259l\u0259 bir m\u00fcdd\u0259t d\u0259 davam ed\u0259c\u0259k. Neftin d\u0259y\u0259r itirm\u0259si d\u0259 manata t\u0259zyiqi art\u0131ran faktordur. M\u0259rk\u0259zi Bank\u0131n bazara n\u00f6vb\u0259ti m\u00fcdaxil\u0259sinin g\u00f6zl\u0259nildiyi bar\u0259d\u0259 m\u0259lumatlar var\u201d.\n<\/p>\n<p>\n  Bu bar\u0259d\u0259 Meydan TV-y\u0259 dan\u0131\u015fan iqtisad\u00e7\u0131 M\u0259h\u0259mm\u0259d Tal\u0131bl\u0131n\u0131n fikrinc\u0259, dollar q\u0131tl\u0131\u011f\u0131n\u0131n ya\u015fanmas\u0131 t\u0259kc\u0259 manat\u0131n d\u0259y\u0259rd\u0259n d\u00fc\u015fm\u0259si il\u0259 ba\u015f verm\u0259yib:\n<\/p>\n<p>\n  \u201cH\u0259m d\u0259 \u00f6lk\u0259d\u0259 AB\u015e dollar\u0131 v\u0259 avronun sat\u0131\u015f\u0131nda da azalmalar ba\u015f verib. \u018fg\u0259r bu ilin 9 ayl\u0131q g\u00f6st\u0259ricil\u0259ri \u00fczr\u0259 m\u00fcqayis\u0259l\u0259r aparsaq, \u00f6t\u0259n ilin m\u00fcvafiq d\u00f6vr\u00fc il\u0259 m\u00fcqayis\u0259d\u0259 dollar\u0131n sat\u0131s \u0259m\u0259liyyat\u0131 2,8, avronun sat\u0131s \u0259m\u0259liyyat\u0131 is\u0259 2,7 d\u0259f\u0259 azal\u0131b. Dem\u0259li, h\u0259r iki valyuta \u00fczr\u0259 t\u0259l\u0259bin h\u0259l\u0259 y\u00fcks\u0259k olmad\u0131\u011f\u0131 builki d\u00f6vrd\u0259, x\u00fcsusil\u0259 istehlak\u0131n azalmas\u0131 fonunda \u0259m\u0259liyyatlar bel\u0259 azal\u0131bsa, g\u00f6r\u00fcn iqtisadiyyat\u0131n \u00f6z\u00fcnd\u0259 g\u00fccl\u00fc h\u0259rar\u0259tl\u0259nm\u0259 olsayd\u0131, n\u0259 ba\u015f ver\u0259rdi? Bu d\u00f6vr \u0259rzind\u0259 is\u0259 \u0259m\u0259liyyatlar\u0131n 85 faizi AB\u015e dollar\u0131 il\u0259 apar\u0131l\u0131b\u201d.\n<\/p>\n<p>\n  M.Tal\u0131bl\u0131 vur\u011fulay\u0131r ki, dollarla \u0259m\u0259liyyatlara maraq bir t\u0259r\u0259fd\u0259n art\u0131b, dig\u0259r t\u0259r\u0259fd\u0259n is\u0259 dollarla \u00f6lk\u0259y\u0259 daxil olan kanallar z\u0259ifl\u0259yib:\n<\/p>\n<p>\n  \u201cS\u00f6hb\u0259t M\u0259rk\u0259zi Bank, Neft Fondu v\u0259 SOCAR-\u0131n \u0259ld\u0259 etdiyi v\u0259saitl\u0259rin daxilolmas\u0131ndan gedir. S\u00f6hb\u0259t d\u00f6vl\u0259t s\u0259viyy\u0259sind\u0259 dollarla y\u0131\u011f\u0131m imkanlar\u0131ndan gedir. Buna paralel olaraq dollarla y\u0131\u011f\u0131m aparan v\u0259 oliqarxlara m\u0259xsus biznes \u0259m\u0259liyyatlar\u0131nda i\u015ftirak ed\u0259nl\u0259rin d\u0259 davran\u0131\u015flar\u0131 dollar\u0131n t\u0259l\u0259b-t\u0259klif r\u0259qsin\u0259 t\u0259sir g\u00f6st\u0259rib. Y\u0259ni s\u00f6hb\u0259t \u00f6lk\u0259d\u0259ki investisiya iqlimi \u00fc\u00e7\u00fcn yaranm\u0131\u015f qorxunc hesab olunan qeyri-m\u00fc\u0259yy\u0259n v\u0259ziyy\u0259t v\u0259 istintaq alt\u0131nda olan \u015f\u0259xsl\u0259rin dollarla paketl\u0259\u015fmi\u015f s\u0259rv\u0259tl\u0259rinin saxlanma vasit\u0259si kimi h\u0259r\u0259k\u0259tsizliyind\u0259n gedir. Iri s\u0259rv\u0259t sahibl\u0259rinin h\u0259bsi, bir \u00e7oxunun istintaq alt\u0131nda saxlan\u0131lmas\u0131n\u0131n da bu prosesd\u0259 rolu var. Sanki iqtisadiyyat\u0131n qan-damar sistemind\u0259 yaranm\u0131\u015f \u201ctromp\u201d davaml\u0131 qan t\u0259nziml\u0259nm\u0259sini \u0259ng\u0259ll\u0259yir\u201d.\n<\/p>\n<p>\n  Onun s\u00f6zl\u0259rin\u0259 g\u00f6r\u0259, \u00e7oxsayl\u0131 amill\u0259r milli valyutan\u0131n d\u00f6n\u0259rli valyuta olaraq d\u0259y\u0259r qazanmas\u0131n\u0131 \u00e7\u0259tinl\u0259\u015fdirir:\n<\/p>\n<p>\n  \u201cH\u0259d\u0259fl\u0259nmi\u015f islahat add\u0131mlar\u0131 da bu prosesl\u0259r\u0259 y\u00f6n verm\u0259k iqtidar\u0131nda deyil. Ona g\u00f6r\u0259 manat\u0131 yax\u0131n aylarda ciddi \u00e7\u0259tinlikl\u0259r g\u00f6zl\u0259yir. Manat\u0131n dollar qar\u015f\u0131s\u0131nda d\u0259y\u0259r itirm\u0259si n\u00f6vb\u0259ti aylar\u0131n \u0259sas m\u00f6vzusu olacaq. Bu proses el\u0259 \u00e7ox vektorlu olacaq ki, pulu olan da, olmayan da bu m\u00f6vzuda dan\u0131\u015facaq. \u00c7\u00fcnki bu t\u0259lat\u00fcml\u0259r b\u00fct\u00fcn ail\u0259l\u0259ri silk\u0259l\u0259y\u0259c\u0259k&#8221;<\/p>\n","protected":false},"excerpt":{"rendered":"<p>M\u0259h\u0259mm\u0259d Tal\u0131bl\u0131: &#8221;Bu t\u0259lat\u00fcml\u0259r b\u00fct\u00fcn ail\u0259l\u0259ri silk\u0259l\u0259y\u0259c\u0259k&#8221;<\/p>\n","protected":false},"author":11,"featured_media":73854,"comment_status":"closed","ping_status":"open","sticky":false,"template":"","format":"standard","meta":{"_acf_changed":false,"_sitemap_exclude":false,"_sitemap_priority":"","_sitemap_frequency":"","footnotes":""},"categories":[51],"tags":[],"class_list":["post-180664","post","type-post","status-publish","format-standard","has-post-thumbnail","hentry","category-analitika","infinite-scroll-item","generate-columns","tablet-grid-50","mobile-grid-100","grid-parent","grid-33","no-featured-image-padding"],"acf":[],"yoast_head":"<!-- This site is optimized with the Yoast SEO plugin v27.5 - https:\/\/yoast.com\/product\/yoast-seo-wordpress\/ -->\n<title>&#039;&#039;Manat\u0131 yax\u0131n aylarda ciddi \u00e7\u0259tinlikl\u0259r g\u00f6zl\u0259yir&#039;&#039; - MEYDAN.TV<\/title>\n<meta name=\"robots\" content=\"index, follow, max-snippet:-1, max-image-preview:large, max-video-preview:-1\" \/>\n<link rel=\"canonical\" href=\"https:\/\/www.meydan.tv\/az\/article\/manati-yaxin-aylarda-ciddi-cetinlikler-gozleyir\/\" \/>\n<meta property=\"og:locale\" content=\"az_AZ\" \/>\n<meta property=\"og:type\" content=\"article\" \/>\n<meta property=\"og:title\" content=\"&#039;&#039;Manat\u0131 yax\u0131n aylarda ciddi \u00e7\u0259tinlikl\u0259r g\u00f6zl\u0259yir&#039;&#039; - MEYDAN.TV\" \/>\n<meta property=\"og:description\" content=\"M\u0259h\u0259mm\u0259d Tal\u0131bl\u0131: &#039;&#039;Bu t\u0259lat\u00fcml\u0259r b\u00fct\u00fcn ail\u0259l\u0259ri silk\u0259l\u0259y\u0259c\u0259k&#039;&#039;\" \/>\n<meta property=\"og:url\" content=\"https:\/\/www.meydan.tv\/az\/article\/manati-yaxin-aylarda-ciddi-cetinlikler-gozleyir\/\" \/>\n<meta property=\"og:site_name\" content=\"MEYDAN.TV\" \/>\n<meta property=\"article:published_time\" content=\"2016-11-23T13:54:45+00:00\" \/>\n<meta property=\"og:image\" content=\"https:\/\/www.meydan.tv\/wp-content\/uploads\/28511.jpg\" \/>\n\t<meta property=\"og:image:width\" content=\"842\" \/>\n\t<meta property=\"og:image:height\" content=\"471\" \/>\n\t<meta property=\"og:image:type\" content=\"image\/jpeg\" \/>\n<meta name=\"author\" content=\"user-manager\" \/>\n<meta name=\"twitter:card\" content=\"summary_large_image\" \/>\n<script type=\"application\/ld+json\" class=\"yoast-schema-graph\">{\"@context\":\"https:\\\/\\\/schema.org\",\"@graph\":[{\"@type\":\"Article\",\"@id\":\"https:\\\/\\\/www.meydan.tv\\\/az\\\/article\\\/manati-yaxin-aylarda-ciddi-cetinlikler-gozleyir\\\/#article\",\"isPartOf\":{\"@id\":\"https:\\\/\\\/www.meydan.tv\\\/az\\\/article\\\/manati-yaxin-aylarda-ciddi-cetinlikler-gozleyir\\\/\"},\"author\":{\"name\":\"user-manager\",\"@id\":\"https:\\\/\\\/www.meydan.tv\\\/az\\\/#\\\/schema\\\/person\\\/10d11eccf6da3662cf5fdab9806ea91a\"},\"headline\":\"&#8221;Manat\u0131 yax\u0131n aylarda ciddi \u00e7\u0259tinlikl\u0259r g\u00f6zl\u0259yir&#8221;\",\"datePublished\":\"2016-11-23T13:54:45+00:00\",\"mainEntityOfPage\":{\"@id\":\"https:\\\/\\\/www.meydan.tv\\\/az\\\/article\\\/manati-yaxin-aylarda-ciddi-cetinlikler-gozleyir\\\/\"},\"wordCount\":569,\"publisher\":{\"@id\":\"https:\\\/\\\/www.meydan.tv\\\/az\\\/#organization\"},\"image\":{\"@id\":\"https:\\\/\\\/www.meydan.tv\\\/az\\\/article\\\/manati-yaxin-aylarda-ciddi-cetinlikler-gozleyir\\\/#primaryimage\"},\"thumbnailUrl\":\"https:\\\/\\\/www.meydan.tv\\\/wp-content\\\/uploads\\\/28511.jpg\",\"articleSection\":[\"Analitika\"],\"inLanguage\":\"az\"},{\"@type\":\"WebPage\",\"@id\":\"https:\\\/\\\/www.meydan.tv\\\/az\\\/article\\\/manati-yaxin-aylarda-ciddi-cetinlikler-gozleyir\\\/\",\"url\":\"https:\\\/\\\/www.meydan.tv\\\/az\\\/article\\\/manati-yaxin-aylarda-ciddi-cetinlikler-gozleyir\\\/\",\"name\":\"''Manat\u0131 yax\u0131n aylarda ciddi \u00e7\u0259tinlikl\u0259r g\u00f6zl\u0259yir'' - MEYDAN.TV\",\"isPartOf\":{\"@id\":\"https:\\\/\\\/www.meydan.tv\\\/az\\\/#website\"},\"primaryImageOfPage\":{\"@id\":\"https:\\\/\\\/www.meydan.tv\\\/az\\\/article\\\/manati-yaxin-aylarda-ciddi-cetinlikler-gozleyir\\\/#primaryimage\"},\"image\":{\"@id\":\"https:\\\/\\\/www.meydan.tv\\\/az\\\/article\\\/manati-yaxin-aylarda-ciddi-cetinlikler-gozleyir\\\/#primaryimage\"},\"thumbnailUrl\":\"https:\\\/\\\/www.meydan.tv\\\/wp-content\\\/uploads\\\/28511.jpg\",\"datePublished\":\"2016-11-23T13:54:45+00:00\",\"breadcrumb\":{\"@id\":\"https:\\\/\\\/www.meydan.tv\\\/az\\\/article\\\/manati-yaxin-aylarda-ciddi-cetinlikler-gozleyir\\\/#breadcrumb\"},\"inLanguage\":\"az\",\"potentialAction\":[{\"@type\":\"ReadAction\",\"target\":[\"https:\\\/\\\/www.meydan.tv\\\/az\\\/article\\\/manati-yaxin-aylarda-ciddi-cetinlikler-gozleyir\\\/\"]}]},{\"@type\":\"ImageObject\",\"inLanguage\":\"az\",\"@id\":\"https:\\\/\\\/www.meydan.tv\\\/az\\\/article\\\/manati-yaxin-aylarda-ciddi-cetinlikler-gozleyir\\\/#primaryimage\",\"url\":\"https:\\\/\\\/www.meydan.tv\\\/wp-content\\\/uploads\\\/28511.jpg\",\"contentUrl\":\"https:\\\/\\\/www.meydan.tv\\\/wp-content\\\/uploads\\\/28511.jpg\",\"width\":842,\"height\":471,\"caption\":\"Source:\"},{\"@type\":\"BreadcrumbList\",\"@id\":\"https:\\\/\\\/www.meydan.tv\\\/az\\\/article\\\/manati-yaxin-aylarda-ciddi-cetinlikler-gozleyir\\\/#breadcrumb\",\"itemListElement\":[{\"@type\":\"ListItem\",\"position\":1,\"name\":\"Ana s\u0259hif\u0259\",\"item\":\"https:\\\/\\\/www.meydan.tv\\\/az\\\/\"},{\"@type\":\"ListItem\",\"position\":2,\"name\":\"Analitika\",\"item\":\"https:\\\/\\\/www.meydan.tv\\\/az\\\/section\\\/analitika\\\/\"},{\"@type\":\"ListItem\",\"position\":3,\"name\":\"&#8221;Manat\u0131 yax\u0131n aylarda ciddi \u00e7\u0259tinlikl\u0259r g\u00f6zl\u0259yir&#8221;\"}]},{\"@type\":\"WebSite\",\"@id\":\"https:\\\/\\\/www.meydan.tv\\\/az\\\/#website\",\"url\":\"https:\\\/\\\/www.meydan.tv\\\/az\\\/\",\"name\":\"MEYDAN.TV\",\"description\":\"Meydan TV Az\u0259rbaycan\u0131n media m\u0259kan\u0131ndak\u0131 alternativ s\u0259sidir\",\"publisher\":{\"@id\":\"https:\\\/\\\/www.meydan.tv\\\/az\\\/#organization\"},\"potentialAction\":[{\"@type\":\"SearchAction\",\"target\":{\"@type\":\"EntryPoint\",\"urlTemplate\":\"https:\\\/\\\/www.meydan.tv\\\/az\\\/?s={search_term_string}\"},\"query-input\":{\"@type\":\"PropertyValueSpecification\",\"valueRequired\":true,\"valueName\":\"search_term_string\"}}],\"inLanguage\":\"az\"},{\"@type\":\"Organization\",\"@id\":\"https:\\\/\\\/www.meydan.tv\\\/az\\\/#organization\",\"name\":\"Meydan TV\",\"url\":\"https:\\\/\\\/www.meydan.tv\\\/az\\\/\",\"logo\":{\"@type\":\"ImageObject\",\"inLanguage\":\"az\",\"@id\":\"https:\\\/\\\/www.meydan.tv\\\/az\\\/#\\\/schema\\\/logo\\\/image\\\/\",\"url\":\"https:\\\/\\\/www.meydan.tv\\\/wp-content\\\/uploads\\\/2021\\\/07\\\/meydan-logo.svg\",\"contentUrl\":\"https:\\\/\\\/www.meydan.tv\\\/wp-content\\\/uploads\\\/2021\\\/07\\\/meydan-logo.svg\",\"width\":195,\"height\":46,\"caption\":\"Meydan TV\"},\"image\":{\"@id\":\"https:\\\/\\\/www.meydan.tv\\\/az\\\/#\\\/schema\\\/logo\\\/image\\\/\"}},{\"@type\":\"Person\",\"@id\":\"https:\\\/\\\/www.meydan.tv\\\/az\\\/#\\\/schema\\\/person\\\/10d11eccf6da3662cf5fdab9806ea91a\",\"name\":\"user-manager\"}]}<\/script>\n<!-- \/ Yoast SEO plugin. -->","yoast_head_json":{"title":"''Manat\u0131 yax\u0131n aylarda ciddi \u00e7\u0259tinlikl\u0259r g\u00f6zl\u0259yir'' - MEYDAN.TV","robots":{"index":"index","follow":"follow","max-snippet":"max-snippet:-1","max-image-preview":"max-image-preview:large","max-video-preview":"max-video-preview:-1"},"canonical":"https:\/\/www.meydan.tv\/az\/article\/manati-yaxin-aylarda-ciddi-cetinlikler-gozleyir\/","og_locale":"az_AZ","og_type":"article","og_title":"''Manat\u0131 yax\u0131n aylarda ciddi \u00e7\u0259tinlikl\u0259r g\u00f6zl\u0259yir'' - MEYDAN.TV","og_description":"M\u0259h\u0259mm\u0259d Tal\u0131bl\u0131: ''Bu t\u0259lat\u00fcml\u0259r b\u00fct\u00fcn ail\u0259l\u0259ri silk\u0259l\u0259y\u0259c\u0259k''","og_url":"https:\/\/www.meydan.tv\/az\/article\/manati-yaxin-aylarda-ciddi-cetinlikler-gozleyir\/","og_site_name":"MEYDAN.TV","article_published_time":"2016-11-23T13:54:45+00:00","og_image":[{"width":842,"height":471,"url":"https:\/\/www.meydan.tv\/wp-content\/uploads\/28511.jpg","type":"image\/jpeg"}],"author":"user-manager","twitter_card":"summary_large_image","schema":{"@context":"https:\/\/schema.org","@graph":[{"@type":"Article","@id":"https:\/\/www.meydan.tv\/az\/article\/manati-yaxin-aylarda-ciddi-cetinlikler-gozleyir\/#article","isPartOf":{"@id":"https:\/\/www.meydan.tv\/az\/article\/manati-yaxin-aylarda-ciddi-cetinlikler-gozleyir\/"},"author":{"name":"user-manager","@id":"https:\/\/www.meydan.tv\/az\/#\/schema\/person\/10d11eccf6da3662cf5fdab9806ea91a"},"headline":"&#8221;Manat\u0131 yax\u0131n aylarda ciddi \u00e7\u0259tinlikl\u0259r g\u00f6zl\u0259yir&#8221;","datePublished":"2016-11-23T13:54:45+00:00","mainEntityOfPage":{"@id":"https:\/\/www.meydan.tv\/az\/article\/manati-yaxin-aylarda-ciddi-cetinlikler-gozleyir\/"},"wordCount":569,"publisher":{"@id":"https:\/\/www.meydan.tv\/az\/#organization"},"image":{"@id":"https:\/\/www.meydan.tv\/az\/article\/manati-yaxin-aylarda-ciddi-cetinlikler-gozleyir\/#primaryimage"},"thumbnailUrl":"https:\/\/www.meydan.tv\/wp-content\/uploads\/28511.jpg","articleSection":["Analitika"],"inLanguage":"az"},{"@type":"WebPage","@id":"https:\/\/www.meydan.tv\/az\/article\/manati-yaxin-aylarda-ciddi-cetinlikler-gozleyir\/","url":"https:\/\/www.meydan.tv\/az\/article\/manati-yaxin-aylarda-ciddi-cetinlikler-gozleyir\/","name":"''Manat\u0131 yax\u0131n aylarda ciddi \u00e7\u0259tinlikl\u0259r g\u00f6zl\u0259yir'' - MEYDAN.TV","isPartOf":{"@id":"https:\/\/www.meydan.tv\/az\/#website"},"primaryImageOfPage":{"@id":"https:\/\/www.meydan.tv\/az\/article\/manati-yaxin-aylarda-ciddi-cetinlikler-gozleyir\/#primaryimage"},"image":{"@id":"https:\/\/www.meydan.tv\/az\/article\/manati-yaxin-aylarda-ciddi-cetinlikler-gozleyir\/#primaryimage"},"thumbnailUrl":"https:\/\/www.meydan.tv\/wp-content\/uploads\/28511.jpg","datePublished":"2016-11-23T13:54:45+00:00","breadcrumb":{"@id":"https:\/\/www.meydan.tv\/az\/article\/manati-yaxin-aylarda-ciddi-cetinlikler-gozleyir\/#breadcrumb"},"inLanguage":"az","potentialAction":[{"@type":"ReadAction","target":["https:\/\/www.meydan.tv\/az\/article\/manati-yaxin-aylarda-ciddi-cetinlikler-gozleyir\/"]}]},{"@type":"ImageObject","inLanguage":"az","@id":"https:\/\/www.meydan.tv\/az\/article\/manati-yaxin-aylarda-ciddi-cetinlikler-gozleyir\/#primaryimage","url":"https:\/\/www.meydan.tv\/wp-content\/uploads\/28511.jpg","contentUrl":"https:\/\/www.meydan.tv\/wp-content\/uploads\/28511.jpg","width":842,"height":471,"caption":"Source:"},{"@type":"BreadcrumbList","@id":"https:\/\/www.meydan.tv\/az\/article\/manati-yaxin-aylarda-ciddi-cetinlikler-gozleyir\/#breadcrumb","itemListElement":[{"@type":"ListItem","position":1,"name":"Ana s\u0259hif\u0259","item":"https:\/\/www.meydan.tv\/az\/"},{"@type":"ListItem","position":2,"name":"Analitika","item":"https:\/\/www.meydan.tv\/az\/section\/analitika\/"},{"@type":"ListItem","position":3,"name":"&#8221;Manat\u0131 yax\u0131n aylarda ciddi \u00e7\u0259tinlikl\u0259r g\u00f6zl\u0259yir&#8221;"}]},{"@type":"WebSite","@id":"https:\/\/www.meydan.tv\/az\/#website","url":"https:\/\/www.meydan.tv\/az\/","name":"MEYDAN.TV","description":"Meydan TV Az\u0259rbaycan\u0131n media m\u0259kan\u0131ndak\u0131 alternativ s\u0259sidir","publisher":{"@id":"https:\/\/www.meydan.tv\/az\/#organization"},"potentialAction":[{"@type":"SearchAction","target":{"@type":"EntryPoint","urlTemplate":"https:\/\/www.meydan.tv\/az\/?s={search_term_string}"},"query-input":{"@type":"PropertyValueSpecification","valueRequired":true,"valueName":"search_term_string"}}],"inLanguage":"az"},{"@type":"Organization","@id":"https:\/\/www.meydan.tv\/az\/#organization","name":"Meydan TV","url":"https:\/\/www.meydan.tv\/az\/","logo":{"@type":"ImageObject","inLanguage":"az","@id":"https:\/\/www.meydan.tv\/az\/#\/schema\/logo\/image\/","url":"https:\/\/www.meydan.tv\/wp-content\/uploads\/2021\/07\/meydan-logo.svg","contentUrl":"https:\/\/www.meydan.tv\/wp-content\/uploads\/2021\/07\/meydan-logo.svg","width":195,"height":46,"caption":"Meydan TV"},"image":{"@id":"https:\/\/www.meydan.tv\/az\/#\/schema\/logo\/image\/"}},{"@type":"Person","@id":"https:\/\/www.meydan.tv\/az\/#\/schema\/person\/10d11eccf6da3662cf5fdab9806ea91a","name":"user-manager"}]}},"_links":{"self":[{"href":"https:\/\/www.meydan.tv\/az\/wp-json\/wp\/v2\/posts\/180664","targetHints":{"allow":["GET"]}}],"collection":[{"href":"https:\/\/www.meydan.tv\/az\/wp-json\/wp\/v2\/posts"}],"about":[{"href":"https:\/\/www.meydan.tv\/az\/wp-json\/wp\/v2\/types\/post"}],"author":[{"embeddable":true,"href":"https:\/\/www.meydan.tv\/az\/wp-json\/wp\/v2\/users\/11"}],"replies":[{"embeddable":true,"href":"https:\/\/www.meydan.tv\/az\/wp-json\/wp\/v2\/comments?post=180664"}],"version-history":[{"count":0,"href":"https:\/\/www.meydan.tv\/az\/wp-json\/wp\/v2\/posts\/180664\/revisions"}],"wp:featuredmedia":[{"embeddable":true,"href":"https:\/\/www.meydan.tv\/az\/wp-json\/wp\/v2\/media\/73854"}],"wp:attachment":[{"href":"https:\/\/www.meydan.tv\/az\/wp-json\/wp\/v2\/media?parent=180664"}],"wp:term":[{"taxonomy":"category","embeddable":true,"href":"https:\/\/www.meydan.tv\/az\/wp-json\/wp\/v2\/categories?post=180664"},{"taxonomy":"post_tag","embeddable":true,"href":"https:\/\/www.meydan.tv\/az\/wp-json\/wp\/v2\/tags?post=180664"}],"curies":[{"name":"wp","href":"https:\/\/api.w.org\/{rel}","templated":true}]}}