{"id":180641,"date":"2016-11-22T17:09:48","date_gmt":"2016-11-22T17:09:48","guid":{"rendered":"https:\/\/www.meydan.tv\/article\/azerbaycanda-yasayis-minimumunun-gercek-deyeri-hesablanib\/"},"modified":"2016-11-22T17:09:48","modified_gmt":"2016-11-22T17:09:48","slug":"azerbaycanda-yasayis-minimumunun-gercek-deyeri-hesablanib","status":"publish","type":"post","link":"https:\/\/www.meydan.tv\/az\/article\/azerbaycanda-yasayis-minimumunun-gercek-deyeri-hesablanib\/","title":{"rendered":"Az\u0259rbaycanda ya\u015fay\u0131\u015f minimumunun ger\u00e7\u0259k d\u0259y\u0259ri hesablan\u0131b"},"content":{"rendered":"<figure class=\"wp-block-image size-large\">\n  <img decoding=\"async\" src=\"https:\/\/www.meydan.tv\/az\/qubad-ibadoglu-foto-meydan-tv-2\/\" alt=\"Qubad \u0130bado\u011flu foto Meydan TV\" class=\"wp-image-72532\"\/><figcaption>\n    Qubad \u0130bado\u011flu foto Meydan TV<br \/>\n  <\/figcaption><\/figure>\n<figure class=\"wp-block-image size-large\">\n  <img decoding=\"async\" src=\"https:\/\/www.meydan.tv\/az\/qubad-ibadoglu-foto-meydan-tv-2\/\" alt=\"Qubad \u0130bado\u011flu foto Meydan TV\" class=\"wp-image-72532\"\/><figcaption>\n    Qubad \u0130bado\u011flu foto Meydan TV<br \/>\n  <\/figcaption><\/figure>\n<p>\n  <i><br \/>\n    &#8221;Pensiya\u00e7\u0131lar\u0131n ya\u015fay\u0131\u015f minimumunda \u0259rzaq x\u0259rcl\u0259ri \u00fcst\u00fcnl\u00fck t\u0259\u015fkil edir&#8221;<br \/>\n  <\/i>\n<\/p>\n<p>\n  \u0130qtisadi T\u0259dqiqatlar M\u0259rk\u0259zi (\u0130TM) ya\u015fay\u0131\u015f minimumunun ger\u00e7\u0259k d\u0259y\u0259rini hesablay\u0131b.\n<\/p>\n<p>\n  Alternativ hesablamalara g\u00f6r\u0259, oktyabrda ya\u015fay\u0131\u015f minimumunun d\u0259y\u0259ri \u0259m\u0259k qabiliyy\u0259tli \u0259hali \u00fc\u00e7\u00fcn 253,4, pensiya\u00e7\u0131lar \u00fc\u00e7\u00fcn 199,9, u\u015faqlar \u00fc\u00e7\u00fcns\u0259 259,9 manat olub.\n<\/p>\n<p>\n  2017-ci il yanvar\u0131n 1-d\u0259n ya\u015fay\u0131\u015f minimumu \u00f6lk\u0259 \u00fczr\u0259 155, \u0259m\u0259k qabiliyy\u0259tli \u0259hali \u00fc\u00e7\u00fcn 164,5, pensiya\u00e7\u0131lar \u00fc\u00e7\u00fcn 130,2, u\u015faqlar \u00fc\u00e7\u00fcn 136,6 manat m\u0259bl\u0259\u011find\u0259 m\u00fc\u0259yy\u0259n edil\u0259c\u0259k.\n<\/p>\n<p>\n  \u0130TM ekspertl\u0259ri Az\u0259rbaycan Respublikas\u0131 Nazirl\u0259r Kabinetinin 2014-c\u00fc il 6 iyun tarixli 182 n\u00f6mr\u0259li q\u0259rar\u0131 il\u0259 t\u0259sdiq edilmi\u015f &#8220;Az\u0259rbaycan Respublikas\u0131nda minimum istehlak s\u0259b\u0259tinin t\u0259rkibi&#8221;n\u0259 daxil olan \u0259rzaq, qeyri-\u0259rzaq v\u0259 xidm\u0259tl\u0259r \u00fczr\u0259 ya\u015fay\u0131\u015f minimumunun d\u0259y\u0259rini hesablay\u0131blar. Ekspertl\u0259rin cari ilin oktyabr\u0131nda olan qiym\u0259tl\u0259r \u0259sas\u0131nda apard\u0131\u011f\u0131 hesablamalara g\u00f6r\u0259, ya\u015fay\u0131\u015f minimumunun d\u0259y\u0259ri \u0259m\u0259k qabiliyy\u0259tli \u0259hali \u00fc\u00e7\u00fcn 253,4, pensiya\u00e7\u0131lar \u00fc\u00e7\u00fcn 199,9, u\u015faqlar \u00fc\u00e7\u00fcn 259,9 manat olub:\n<\/p>\n<p>\n  \u201c\u00d6t\u0259n aya olan ya\u015fay\u0131\u015f minimumunun ger\u00e7\u0259k d\u0259y\u0259ri n\u00f6vb\u0259ti il \u00fc\u00e7\u00fcn m\u00fc\u0259yy\u0259nl\u0259\u015fdiril\u0259n r\u0259smi d\u0259y\u0259rind\u0259n &#8211; \u0259m\u0259k qabiliyy\u0259tli \u0259hali qrupu \u00fczr\u0259 88,9 manat v\u0259 35,1 faiz \u00e7ox, pensiya\u00e7\u0131lar \u00fczr\u0259 69,7 manat v\u0259 ya 34,9 faiz, u\u015faqlar \u00fc\u00e7\u00fcn 123,3 manat v\u0259 ya 47,5 faiz &#8211; \u00e7oxdur. Hesablamalar aras\u0131nda daha b\u00f6y\u00fck k\u0259narla\u015fma, 2 d\u0259f\u0259y\u0259 yax\u0131n f\u0259rq u\u015faqlar \u00fc\u00e7\u00fcn ya\u015fay\u0131\u015f minimumunun d\u0259y\u0259rind\u0259 qeyd\u0259 al\u0131n\u0131b. U\u015faqlar \u00fc\u00e7\u00fcn ya\u015fay\u0131\u015f minimumunun d\u0259y\u0259rinin yuxar\u0131 olmas\u0131n\u0131n ba\u015fl\u0131ca s\u0259b\u0259bi onlar\u0131n qida v\u0259 geyim m\u0259hsullar\u0131n\u0131n baha olmas\u0131 il\u0259 izah olunur\u201d.\n<\/p>\n<p>\n  \u0130TM t\u0259r\u0259find\u0259n apar\u0131lan hesablamalar g\u00f6st\u0259rib ki, \u0259rzaq m\u0259hsullar\u0131na y\u00f6n\u0259l\u0259n x\u0259rcl\u0259rin \u0259m\u0259k qabiliyy\u0259tli \u0259hali \u00fc\u00e7\u00fcn ya\u015fay\u0131\u015f minimumunun d\u0259y\u0259rind\u0259 pay\u0131 58 faiz, pensiya\u00e7\u0131lar \u00fc\u00e7\u00fcn ya\u015fay\u0131\u015f minimumunun d\u0259y\u0259rind\u0259 pay\u0131 67 faiz, u\u015faqlar \u00fc\u00e7\u00fcn ya\u015fay\u0131\u015f minimumunun d\u0259y\u0259rind\u0259 pay\u0131 61 faiz t\u0259\u015fkil edib:\n<\/p>\n<p>\n  \u201cG\u00f6r\u00fcnd\u00fcy\u00fc kimi, \u0259rzaq x\u0259rcl\u0259ri pensiya\u00e7\u0131lar\u0131n ya\u015fay\u0131\u015f minimumunun d\u0259y\u0259rind\u0259 daha \u00e7ox paya malikdir\u201d.<\/p>\n","protected":false},"excerpt":{"rendered":"<p>&#8221;Pensiya\u00e7\u0131lar\u0131n ya\u015fay\u0131\u015f minimumunda \u0259rzaq x\u0259rcl\u0259ri \u00fcst\u00fcnl\u00fck t\u0259\u015fkil edir&#8221;<\/p>\n","protected":false},"author":11,"featured_media":72532,"comment_status":"closed","ping_status":"open","sticky":false,"template":"","format":"standard","meta":{"_acf_changed":false,"_sitemap_exclude":false,"_sitemap_priority":"","_sitemap_frequency":"","footnotes":""},"categories":[51],"tags":[],"class_list":["post-180641","post","type-post","status-publish","format-standard","has-post-thumbnail","hentry","category-analitika","infinite-scroll-item","generate-columns","tablet-grid-50","mobile-grid-100","grid-parent","grid-33","no-featured-image-padding"],"acf":[],"yoast_head":"<!-- This site is optimized with the Yoast SEO plugin v27.5 - https:\/\/yoast.com\/product\/yoast-seo-wordpress\/ -->\n<title>Az\u0259rbaycanda ya\u015fay\u0131\u015f minimumunun ger\u00e7\u0259k d\u0259y\u0259ri hesablan\u0131b - MEYDAN.TV<\/title>\n<meta name=\"robots\" content=\"index, follow, max-snippet:-1, max-image-preview:large, max-video-preview:-1\" \/>\n<link rel=\"canonical\" href=\"https:\/\/www.meydan.tv\/az\/article\/azerbaycanda-yasayis-minimumunun-gercek-deyeri-hesablanib\/\" \/>\n<meta property=\"og:locale\" content=\"az_AZ\" \/>\n<meta property=\"og:type\" content=\"article\" \/>\n<meta property=\"og:title\" content=\"Az\u0259rbaycanda ya\u015fay\u0131\u015f minimumunun ger\u00e7\u0259k d\u0259y\u0259ri hesablan\u0131b - MEYDAN.TV\" \/>\n<meta property=\"og:description\" content=\"&#039;&#039;Pensiya\u00e7\u0131lar\u0131n ya\u015fay\u0131\u015f minimumunda \u0259rzaq x\u0259rcl\u0259ri \u00fcst\u00fcnl\u00fck t\u0259\u015fkil edir&#039;&#039;\" \/>\n<meta property=\"og:url\" content=\"https:\/\/www.meydan.tv\/az\/article\/azerbaycanda-yasayis-minimumunun-gercek-deyeri-hesablanib\/\" \/>\n<meta property=\"og:site_name\" content=\"MEYDAN.TV\" \/>\n<meta property=\"article:published_time\" content=\"2016-11-22T17:09:48+00:00\" \/>\n<meta property=\"og:image\" content=\"https:\/\/www.meydan.tv\/wp-content\/uploads\/27931.jpg\" \/>\n\t<meta property=\"og:image:width\" content=\"600\" \/>\n\t<meta property=\"og:image:height\" content=\"400\" \/>\n\t<meta property=\"og:image:type\" content=\"image\/jpeg\" \/>\n<meta name=\"author\" content=\"user-manager\" \/>\n<meta name=\"twitter:card\" content=\"summary_large_image\" \/>\n<script type=\"application\/ld+json\" class=\"yoast-schema-graph\">{\"@context\":\"https:\\\/\\\/schema.org\",\"@graph\":[{\"@type\":\"Article\",\"@id\":\"https:\\\/\\\/www.meydan.tv\\\/az\\\/article\\\/azerbaycanda-yasayis-minimumunun-gercek-deyeri-hesablanib\\\/#article\",\"isPartOf\":{\"@id\":\"https:\\\/\\\/www.meydan.tv\\\/az\\\/article\\\/azerbaycanda-yasayis-minimumunun-gercek-deyeri-hesablanib\\\/\"},\"author\":{\"name\":\"user-manager\",\"@id\":\"https:\\\/\\\/www.meydan.tv\\\/az\\\/#\\\/schema\\\/person\\\/10d11eccf6da3662cf5fdab9806ea91a\"},\"headline\":\"Az\u0259rbaycanda ya\u015fay\u0131\u015f minimumunun ger\u00e7\u0259k d\u0259y\u0259ri hesablan\u0131b\",\"datePublished\":\"2016-11-22T17:09:48+00:00\",\"mainEntityOfPage\":{\"@id\":\"https:\\\/\\\/www.meydan.tv\\\/az\\\/article\\\/azerbaycanda-yasayis-minimumunun-gercek-deyeri-hesablanib\\\/\"},\"wordCount\":406,\"publisher\":{\"@id\":\"https:\\\/\\\/www.meydan.tv\\\/az\\\/#organization\"},\"image\":{\"@id\":\"https:\\\/\\\/www.meydan.tv\\\/az\\\/article\\\/azerbaycanda-yasayis-minimumunun-gercek-deyeri-hesablanib\\\/#primaryimage\"},\"thumbnailUrl\":\"https:\\\/\\\/www.meydan.tv\\\/wp-content\\\/uploads\\\/27931.jpg\",\"articleSection\":[\"Analitika\"],\"inLanguage\":\"az\"},{\"@type\":\"WebPage\",\"@id\":\"https:\\\/\\\/www.meydan.tv\\\/az\\\/article\\\/azerbaycanda-yasayis-minimumunun-gercek-deyeri-hesablanib\\\/\",\"url\":\"https:\\\/\\\/www.meydan.tv\\\/az\\\/article\\\/azerbaycanda-yasayis-minimumunun-gercek-deyeri-hesablanib\\\/\",\"name\":\"Az\u0259rbaycanda ya\u015fay\u0131\u015f minimumunun ger\u00e7\u0259k d\u0259y\u0259ri hesablan\u0131b - MEYDAN.TV\",\"isPartOf\":{\"@id\":\"https:\\\/\\\/www.meydan.tv\\\/az\\\/#website\"},\"primaryImageOfPage\":{\"@id\":\"https:\\\/\\\/www.meydan.tv\\\/az\\\/article\\\/azerbaycanda-yasayis-minimumunun-gercek-deyeri-hesablanib\\\/#primaryimage\"},\"image\":{\"@id\":\"https:\\\/\\\/www.meydan.tv\\\/az\\\/article\\\/azerbaycanda-yasayis-minimumunun-gercek-deyeri-hesablanib\\\/#primaryimage\"},\"thumbnailUrl\":\"https:\\\/\\\/www.meydan.tv\\\/wp-content\\\/uploads\\\/27931.jpg\",\"datePublished\":\"2016-11-22T17:09:48+00:00\",\"breadcrumb\":{\"@id\":\"https:\\\/\\\/www.meydan.tv\\\/az\\\/article\\\/azerbaycanda-yasayis-minimumunun-gercek-deyeri-hesablanib\\\/#breadcrumb\"},\"inLanguage\":\"az\",\"potentialAction\":[{\"@type\":\"ReadAction\",\"target\":[\"https:\\\/\\\/www.meydan.tv\\\/az\\\/article\\\/azerbaycanda-yasayis-minimumunun-gercek-deyeri-hesablanib\\\/\"]}]},{\"@type\":\"ImageObject\",\"inLanguage\":\"az\",\"@id\":\"https:\\\/\\\/www.meydan.tv\\\/az\\\/article\\\/azerbaycanda-yasayis-minimumunun-gercek-deyeri-hesablanib\\\/#primaryimage\",\"url\":\"https:\\\/\\\/www.meydan.tv\\\/wp-content\\\/uploads\\\/27931.jpg\",\"contentUrl\":\"https:\\\/\\\/www.meydan.tv\\\/wp-content\\\/uploads\\\/27931.jpg\",\"width\":600,\"height\":400,\"caption\":\"Source:\"},{\"@type\":\"BreadcrumbList\",\"@id\":\"https:\\\/\\\/www.meydan.tv\\\/az\\\/article\\\/azerbaycanda-yasayis-minimumunun-gercek-deyeri-hesablanib\\\/#breadcrumb\",\"itemListElement\":[{\"@type\":\"ListItem\",\"position\":1,\"name\":\"Ana s\u0259hif\u0259\",\"item\":\"https:\\\/\\\/www.meydan.tv\\\/az\\\/\"},{\"@type\":\"ListItem\",\"position\":2,\"name\":\"Analitika\",\"item\":\"https:\\\/\\\/www.meydan.tv\\\/az\\\/section\\\/analitika\\\/\"},{\"@type\":\"ListItem\",\"position\":3,\"name\":\"Az\u0259rbaycanda ya\u015fay\u0131\u015f minimumunun ger\u00e7\u0259k d\u0259y\u0259ri hesablan\u0131b\"}]},{\"@type\":\"WebSite\",\"@id\":\"https:\\\/\\\/www.meydan.tv\\\/az\\\/#website\",\"url\":\"https:\\\/\\\/www.meydan.tv\\\/az\\\/\",\"name\":\"MEYDAN.TV\",\"description\":\"Meydan TV Az\u0259rbaycan\u0131n media m\u0259kan\u0131ndak\u0131 alternativ s\u0259sidir\",\"publisher\":{\"@id\":\"https:\\\/\\\/www.meydan.tv\\\/az\\\/#organization\"},\"potentialAction\":[{\"@type\":\"SearchAction\",\"target\":{\"@type\":\"EntryPoint\",\"urlTemplate\":\"https:\\\/\\\/www.meydan.tv\\\/az\\\/?s={search_term_string}\"},\"query-input\":{\"@type\":\"PropertyValueSpecification\",\"valueRequired\":true,\"valueName\":\"search_term_string\"}}],\"inLanguage\":\"az\"},{\"@type\":\"Organization\",\"@id\":\"https:\\\/\\\/www.meydan.tv\\\/az\\\/#organization\",\"name\":\"Meydan TV\",\"url\":\"https:\\\/\\\/www.meydan.tv\\\/az\\\/\",\"logo\":{\"@type\":\"ImageObject\",\"inLanguage\":\"az\",\"@id\":\"https:\\\/\\\/www.meydan.tv\\\/az\\\/#\\\/schema\\\/logo\\\/image\\\/\",\"url\":\"https:\\\/\\\/www.meydan.tv\\\/wp-content\\\/uploads\\\/2021\\\/07\\\/meydan-logo.svg\",\"contentUrl\":\"https:\\\/\\\/www.meydan.tv\\\/wp-content\\\/uploads\\\/2021\\\/07\\\/meydan-logo.svg\",\"width\":195,\"height\":46,\"caption\":\"Meydan TV\"},\"image\":{\"@id\":\"https:\\\/\\\/www.meydan.tv\\\/az\\\/#\\\/schema\\\/logo\\\/image\\\/\"}},{\"@type\":\"Person\",\"@id\":\"https:\\\/\\\/www.meydan.tv\\\/az\\\/#\\\/schema\\\/person\\\/10d11eccf6da3662cf5fdab9806ea91a\",\"name\":\"user-manager\"}]}<\/script>\n<!-- \/ Yoast SEO plugin. -->","yoast_head_json":{"title":"Az\u0259rbaycanda ya\u015fay\u0131\u015f minimumunun ger\u00e7\u0259k d\u0259y\u0259ri hesablan\u0131b - MEYDAN.TV","robots":{"index":"index","follow":"follow","max-snippet":"max-snippet:-1","max-image-preview":"max-image-preview:large","max-video-preview":"max-video-preview:-1"},"canonical":"https:\/\/www.meydan.tv\/az\/article\/azerbaycanda-yasayis-minimumunun-gercek-deyeri-hesablanib\/","og_locale":"az_AZ","og_type":"article","og_title":"Az\u0259rbaycanda ya\u015fay\u0131\u015f minimumunun ger\u00e7\u0259k d\u0259y\u0259ri hesablan\u0131b - MEYDAN.TV","og_description":"''Pensiya\u00e7\u0131lar\u0131n ya\u015fay\u0131\u015f minimumunda \u0259rzaq x\u0259rcl\u0259ri \u00fcst\u00fcnl\u00fck t\u0259\u015fkil edir''","og_url":"https:\/\/www.meydan.tv\/az\/article\/azerbaycanda-yasayis-minimumunun-gercek-deyeri-hesablanib\/","og_site_name":"MEYDAN.TV","article_published_time":"2016-11-22T17:09:48+00:00","og_image":[{"width":600,"height":400,"url":"https:\/\/www.meydan.tv\/wp-content\/uploads\/27931.jpg","type":"image\/jpeg"}],"author":"user-manager","twitter_card":"summary_large_image","schema":{"@context":"https:\/\/schema.org","@graph":[{"@type":"Article","@id":"https:\/\/www.meydan.tv\/az\/article\/azerbaycanda-yasayis-minimumunun-gercek-deyeri-hesablanib\/#article","isPartOf":{"@id":"https:\/\/www.meydan.tv\/az\/article\/azerbaycanda-yasayis-minimumunun-gercek-deyeri-hesablanib\/"},"author":{"name":"user-manager","@id":"https:\/\/www.meydan.tv\/az\/#\/schema\/person\/10d11eccf6da3662cf5fdab9806ea91a"},"headline":"Az\u0259rbaycanda ya\u015fay\u0131\u015f minimumunun ger\u00e7\u0259k d\u0259y\u0259ri hesablan\u0131b","datePublished":"2016-11-22T17:09:48+00:00","mainEntityOfPage":{"@id":"https:\/\/www.meydan.tv\/az\/article\/azerbaycanda-yasayis-minimumunun-gercek-deyeri-hesablanib\/"},"wordCount":406,"publisher":{"@id":"https:\/\/www.meydan.tv\/az\/#organization"},"image":{"@id":"https:\/\/www.meydan.tv\/az\/article\/azerbaycanda-yasayis-minimumunun-gercek-deyeri-hesablanib\/#primaryimage"},"thumbnailUrl":"https:\/\/www.meydan.tv\/wp-content\/uploads\/27931.jpg","articleSection":["Analitika"],"inLanguage":"az"},{"@type":"WebPage","@id":"https:\/\/www.meydan.tv\/az\/article\/azerbaycanda-yasayis-minimumunun-gercek-deyeri-hesablanib\/","url":"https:\/\/www.meydan.tv\/az\/article\/azerbaycanda-yasayis-minimumunun-gercek-deyeri-hesablanib\/","name":"Az\u0259rbaycanda ya\u015fay\u0131\u015f minimumunun ger\u00e7\u0259k d\u0259y\u0259ri hesablan\u0131b - MEYDAN.TV","isPartOf":{"@id":"https:\/\/www.meydan.tv\/az\/#website"},"primaryImageOfPage":{"@id":"https:\/\/www.meydan.tv\/az\/article\/azerbaycanda-yasayis-minimumunun-gercek-deyeri-hesablanib\/#primaryimage"},"image":{"@id":"https:\/\/www.meydan.tv\/az\/article\/azerbaycanda-yasayis-minimumunun-gercek-deyeri-hesablanib\/#primaryimage"},"thumbnailUrl":"https:\/\/www.meydan.tv\/wp-content\/uploads\/27931.jpg","datePublished":"2016-11-22T17:09:48+00:00","breadcrumb":{"@id":"https:\/\/www.meydan.tv\/az\/article\/azerbaycanda-yasayis-minimumunun-gercek-deyeri-hesablanib\/#breadcrumb"},"inLanguage":"az","potentialAction":[{"@type":"ReadAction","target":["https:\/\/www.meydan.tv\/az\/article\/azerbaycanda-yasayis-minimumunun-gercek-deyeri-hesablanib\/"]}]},{"@type":"ImageObject","inLanguage":"az","@id":"https:\/\/www.meydan.tv\/az\/article\/azerbaycanda-yasayis-minimumunun-gercek-deyeri-hesablanib\/#primaryimage","url":"https:\/\/www.meydan.tv\/wp-content\/uploads\/27931.jpg","contentUrl":"https:\/\/www.meydan.tv\/wp-content\/uploads\/27931.jpg","width":600,"height":400,"caption":"Source:"},{"@type":"BreadcrumbList","@id":"https:\/\/www.meydan.tv\/az\/article\/azerbaycanda-yasayis-minimumunun-gercek-deyeri-hesablanib\/#breadcrumb","itemListElement":[{"@type":"ListItem","position":1,"name":"Ana s\u0259hif\u0259","item":"https:\/\/www.meydan.tv\/az\/"},{"@type":"ListItem","position":2,"name":"Analitika","item":"https:\/\/www.meydan.tv\/az\/section\/analitika\/"},{"@type":"ListItem","position":3,"name":"Az\u0259rbaycanda ya\u015fay\u0131\u015f minimumunun ger\u00e7\u0259k d\u0259y\u0259ri hesablan\u0131b"}]},{"@type":"WebSite","@id":"https:\/\/www.meydan.tv\/az\/#website","url":"https:\/\/www.meydan.tv\/az\/","name":"MEYDAN.TV","description":"Meydan TV Az\u0259rbaycan\u0131n media m\u0259kan\u0131ndak\u0131 alternativ s\u0259sidir","publisher":{"@id":"https:\/\/www.meydan.tv\/az\/#organization"},"potentialAction":[{"@type":"SearchAction","target":{"@type":"EntryPoint","urlTemplate":"https:\/\/www.meydan.tv\/az\/?s={search_term_string}"},"query-input":{"@type":"PropertyValueSpecification","valueRequired":true,"valueName":"search_term_string"}}],"inLanguage":"az"},{"@type":"Organization","@id":"https:\/\/www.meydan.tv\/az\/#organization","name":"Meydan TV","url":"https:\/\/www.meydan.tv\/az\/","logo":{"@type":"ImageObject","inLanguage":"az","@id":"https:\/\/www.meydan.tv\/az\/#\/schema\/logo\/image\/","url":"https:\/\/www.meydan.tv\/wp-content\/uploads\/2021\/07\/meydan-logo.svg","contentUrl":"https:\/\/www.meydan.tv\/wp-content\/uploads\/2021\/07\/meydan-logo.svg","width":195,"height":46,"caption":"Meydan TV"},"image":{"@id":"https:\/\/www.meydan.tv\/az\/#\/schema\/logo\/image\/"}},{"@type":"Person","@id":"https:\/\/www.meydan.tv\/az\/#\/schema\/person\/10d11eccf6da3662cf5fdab9806ea91a","name":"user-manager"}]}},"_links":{"self":[{"href":"https:\/\/www.meydan.tv\/az\/wp-json\/wp\/v2\/posts\/180641","targetHints":{"allow":["GET"]}}],"collection":[{"href":"https:\/\/www.meydan.tv\/az\/wp-json\/wp\/v2\/posts"}],"about":[{"href":"https:\/\/www.meydan.tv\/az\/wp-json\/wp\/v2\/types\/post"}],"author":[{"embeddable":true,"href":"https:\/\/www.meydan.tv\/az\/wp-json\/wp\/v2\/users\/11"}],"replies":[{"embeddable":true,"href":"https:\/\/www.meydan.tv\/az\/wp-json\/wp\/v2\/comments?post=180641"}],"version-history":[{"count":0,"href":"https:\/\/www.meydan.tv\/az\/wp-json\/wp\/v2\/posts\/180641\/revisions"}],"wp:featuredmedia":[{"embeddable":true,"href":"https:\/\/www.meydan.tv\/az\/wp-json\/wp\/v2\/media\/72532"}],"wp:attachment":[{"href":"https:\/\/www.meydan.tv\/az\/wp-json\/wp\/v2\/media?parent=180641"}],"wp:term":[{"taxonomy":"category","embeddable":true,"href":"https:\/\/www.meydan.tv\/az\/wp-json\/wp\/v2\/categories?post=180641"},{"taxonomy":"post_tag","embeddable":true,"href":"https:\/\/www.meydan.tv\/az\/wp-json\/wp\/v2\/tags?post=180641"}],"curies":[{"name":"wp","href":"https:\/\/api.w.org\/{rel}","templated":true}]}}