{"id":180621,"date":"2016-11-22T09:40:13","date_gmt":"2016-11-22T09:40:13","guid":{"rendered":"https:\/\/www.meydan.tv\/article\/linotip-tefekkur\/"},"modified":"2016-11-22T09:40:13","modified_gmt":"2016-11-22T09:40:13","slug":"linotip-tefekkur","status":"publish","type":"post","link":"https:\/\/www.meydan.tv\/az\/article\/linotip-tefekkur\/","title":{"rendered":"Linotip t\u0259f\u0259kk\u00fcr"},"content":{"rendered":"<figure class=\"wp-block-image size-large\">\n  <img decoding=\"async\" src=\"https:\/\/www.meydan.tv\/az\/foto-turan-ia-8\/\" alt=\"foto Turan \u0130A\" class=\"wp-image-73745\"\/><figcaption>\n    foto Turan \u0130A<br \/>\n  <\/figcaption><\/figure>\n<figure class=\"wp-block-image size-large\">\n  <img decoding=\"async\" src=\"https:\/\/www.meydan.tv\/az\/foto-turan-ia-8\/\" alt=\"foto Turan \u0130A\" class=\"wp-image-73745\"\/><figcaption>\n    foto Turan \u0130A<br \/>\n  <\/figcaption><\/figure>\n<p>\n  <i><br \/>\n    B\u0259\u015f\u0259r tarixinin m\u00fcxt\u0259lif m\u0259rh\u0259l\u0259l\u0259rind\u0259 bel\u0259 reaksiyalar\u0131n t\u0259cr\u00fcb\u0259si g\u00f6st\u0259rir ki, s\u00f6z azadl\u0131\u011f\u0131n\u0131 m\u0259hdudla\u015fd\u0131ranlar h\u0259l\u0259 bu qar\u015f\u0131durmadan qalib \u00e7\u0131xmay\u0131blar<br \/>\n  <\/i>\n<\/p>\n<p>\n  Prezident \u0130lham \u018fliyev h\u0259l\u0259 d\u0259 m\u00fcst\u0259qil k\u00fctl\u0259vi kommunikasiya vasit\u0259l\u0259rini \u00f6z\u00fc \u00fc\u00e7\u00fcn d\u00fc\u015fm\u0259n hesab etm\u0259y\u0259 davam edir. Onun 2003-c\u00fc ild\u0259n ba\u015flayan hakimiyy\u0259ti d\u00f6vr\u00fcnd\u0259 onlar\u0131n m\u0259hvi keyfiyy\u0259tli m\u0259tbuat\u0131n itirilm\u0259sin\u0259 v\u0259 reket m\u0259tbuat v\u0259 saray b\u00fclb\u00fcll\u0259ri kimi fenomenini yaranmas\u0131na g\u0259tirib \u00e7\u0131xar\u0131b.\n<\/p>\n<p>\n  Noyabr\u0131n 16-da D\u00fcnya \u0130nformasiya Agentlikl\u0259ri Konqresinin xarici i\u015ftirak\u00e7\u0131lar\u0131 il\u0259 g\u00f6r\u00fc\u015fd\u0259 \u0130lham \u018fliyev q\u0259z\u0259bli tonla K\u0130V-\u0259 t\u0259zyiq v\u0259 \u0130nternetd\u0259 senzura oldu\u011funu inkar edib, Q\u0259rbi ifad\u0259 azadl\u0131\u011f\u0131 m\u0259s\u0259l\u0259sind\u0259 ikili standartlarda ittiham edib. O, h\u0259m\u00e7inin Az\u0259rbaycanda tamamil\u0259 K\u0130V azadl\u0131\u011f\u0131 oldu\u011funu iddia edib.\n<\/p>\n<p>\n  \u0130ki g\u00fcn sonra yaln\u0131z bir hadis\u0259 prezidentin K\u0130V azadl\u0131\u011f\u0131 haqq\u0131nda iddias\u0131n\u0131 t\u0259kzib edib. Noyabr\u0131n 18-d\u0259 m\u00fcst\u0259qil v\u0259t\u0259nda\u015f c\u0259miyy\u0259ti \u00f6lk\u0259 \u00fc\u00e7\u00fcn strateji \u0259h\u0259miyy\u0259t da\u015f\u0131yan m\u0259s\u0259l\u0259ni \u2013 d\u0259rinl\u0259\u015fm\u0259kd\u0259 olan iqtisadi b\u00f6hran \u015f\u0259raitind\u0259 h\u0259l\u0259 d\u0259 ictimaiyy\u0259t\u0259 t\u0259qdim olunmayan 2017-ci il b\u00fcdc\u0259sini m\u00fczakir\u0259 edirdi. He\u00e7 bir teleradio \u015firk\u0259ti, \u00e7oxsayl\u0131 h\u00f6kum\u0259t K\u0130V-l\u0259ri v\u0259 h\u00f6kum\u0259ty\u00f6nl\u00fc m\u0259tbuat orqanlar\u0131 bu t\u0259dbiri i\u015f\u0131qland\u0131rmay\u0131b, onu boykot edib. Bu fakt a\u00e7\u0131q-a\u015fkar K\u0130V-in tamamil\u0259 Prezident Administrasiyas\u0131 t\u0259r\u0259find\u0259n idar\u0259 olundu\u011funu g\u00f6st\u0259rir. PA k\u00fctl\u0259vi kommunikasiya vasit\u0259l\u0259rinin siyasi v\u0259 dig\u0259r idar\u0259etm\u0259sini h\u0259yata ke\u00e7irir.\n<\/p>\n<p>\n  R\u0259qibin qeyri-demokratik t\u0259qibinin n\u00fcmun\u0259si kimi Asanc\u0131n i\u015fi haqq\u0131nda dan\u0131\u015fan \u018fliyev \u00f6z\u00fc \u00f6z\u00fcn\u0259 zidd olub. Onun \u00fc\u00e7 prezidentlik m\u00fcdd\u0259ti \u0259rzind\u0259 K\u0130V v\u0259 \u0130nternetl\u0259 ba\u011fl\u0131 kifay\u0259t q\u0259d\u0259r \u00e7ox m\u0259hdudla\u015fd\u0131r\u0131c\u0131 d\u00fcz\u0259li\u015fl\u0259r q\u0259bul edilib, onlar\u0131n t\u0259tbiqi art\u0131q onlarla Asanclar do\u011furub. Amma onun administrasiyas\u0131 qanun madd\u0259l\u0259rinin s\u0259rtl\u0259\u015fdirilm\u0259sini t\u0259tbiq etmir, azad d\u00fc\u015f\u00fcn\u0259nl\u0259rin narkotik saxlamaq v\u0259 ya xuliqanl\u0131q ittiham\u0131 il\u0259 h\u0259bsin\u0259 \u00fcst\u00fcnl\u00fck verir. Cinay\u0259t madd\u0259l\u0259rinin olmas\u0131 v\u0259 uydurma ittihamlarla h\u0259bsl\u0259r bir m\u0259qs\u0259d\u0259 \u2013 jurnalistl\u0259rin v\u0259 \u015f\u0259b\u0259k\u0259 istifad\u0259\u00e7il\u0259rinin daxili \u00f6z\u00fcn\u00fcsenzuras\u0131n\u0131n yay\u0131lmas\u0131na v\u0259 g\u00fccl\u0259ndirilm\u0259sin\u0259 xidm\u0259t edir.\n<\/p>\n<p>\n  N\u00f6vb\u0259ti bel\u0259 qorxutma v\u0259 azadfikirliliyi m\u0259hdudla\u015fd\u0131rma n\u00fcmun\u0259si ba\u015f prokuror Zakir Qaralovun qanunvericilik t\u0259\u015f\u0259bb\u00fcs\u00fc qaydas\u0131nda CM-in 148-1-ci madd\u0259sin\u0259 d\u00fcz\u0259li\u015fl\u0259r layih\u0259sini parlament\u0259 t\u0259qdim etm\u0259si olub. Bu layih\u0259 \u0130nternetd\u0259 saxta istifad\u0259\u00e7i ad\u0131 v\u0259 profill\u0259rd\u0259n istifad\u0259 il\u0259 t\u0259hqirl\u0259r\u0259 g\u00f6r\u0259 cinay\u0259t m\u0259suliyy\u0259ti n\u0259z\u0259rd\u0259 tutur. CM-in 323.1-ci (prezidentin \u015f\u0259r\u0259f v\u0259 l\u0259yaq\u0259tinin m\u00fcdafi\u0259si) madd\u0259sin\u0259 d\u0259 \u0259lav\u0259 etm\u0259k v\u0259 bel\u0259c\u0259 bu madd\u0259nin t\u0259sirini \u0130nternetd\u0259ki ifad\u0259l\u0259r\u0259 d\u0259 \u015famil etm\u0259k n\u0259z\u0259rd\u0259 tutulur. Bu madd\u0259 saxta profil, hesab v\u0259 nikl\u0259rd\u0259n istifad\u0259 il\u0259 prezidentin \u015f\u0259r\u0259f v\u0259 l\u0259yaq\u0259tinin t\u0259hqirin\u0259 g\u00f6r\u0259 cinay\u0259t c\u0259zas\u0131 n\u0259z\u0259rd\u0259 tutur.\n<\/p>\n<p>\n  M\u00fcst\u0259qil K\u0130V spektrinin geni\u015f m\u00f6vcudlu\u011fu z\u0259rur\u0259ti fakt\u0131na m\u0259h\u0259l qoyulmamas\u0131 siyas\u0259ti v\u0259 internetd\u0259 senzuran\u0131n g\u00fccl\u0259ndirilm\u0259si, \u0259vv\u0259ll\u0259r d\u0259 oldu\u011fu kimi, \u00f6lk\u0259d\u0259 avtoritar tendensiyalar\u0131 g\u00fccl\u0259ndir\u0259c\u0259k v\u0259 s\u00f6z azadl\u0131\u011f\u0131n\u0131n v\u0259 s\u00f6z\u00fcn geni\u015f m\u0259nas\u0131nda azadl\u0131qlar\u0131n, o c\u00fcml\u0259d\u0259n iqtisadi azadl\u0131qlar\u0131n bo\u011fulmas\u0131n\u0131n n\u0259tic\u0259si olan b\u00f6hran\u0131 daha da d\u0259rinl\u0259\u015fdir\u0259c\u0259k.\n<\/p>\n<p>\n  Hakimiyy\u0259tin m\u00fcxt\u0259lif sah\u0259l\u0259rd\u0259 t\u0259klif etdiyi b\u00fct\u00fcn d\u00f6vl\u0259t proqramlar\u0131n\u0131n u\u011fursuzlu\u011fu q\u0259rarlar q\u0259bul edil\u0259rk\u0259n, h\u0259yata ke\u00e7iril\u0259rk\u0259n v\u0259 onlara n\u0259zar\u0259t \u00fc\u00e7\u00fcn geni\u015f ictimai m\u00fczakir\u0259l\u0259rin olmamas\u0131n\u0131n n\u0259tic\u0259si olub. D\u00f6vl\u0259t in\u015faat\u0131nda ictimai inki\u015faf\u0131n \u0259ng\u0259ll\u0259nm\u0259si geni\u015fmiqyas\u0131 s\u00fcr\u00fcnd\u00fcrm\u0259\u00e7iliyin v\u0259 korrupsiyan\u0131n s\u0259b\u0259bi olub, Rabit\u0259 Nazirliyinin y\u00fcks\u0259k v\u0259zif\u0259li \u0259m\u0259kda\u015flar\u0131 \u00fcz\u0259rind\u0259 m\u0259hk\u0259m\u0259 buna d\u0259lal\u0259t edir. M\u0259hk\u0259m\u0259 b\u00fct\u00fcn d\u00f6vl\u0259t qurumlar\u0131n\u0131 \u0259hat\u0259 ed\u0259n v\u0259 obyektiv t\u0259zah\u00fcr olan geni\u015fmiqyasl\u0131 m\u0259nims\u0259m\u0259 v\u0259 sui-istifad\u0259l\u0259r \u00fcz\u0259 \u00e7\u0131xar\u0131b.\n<\/p>\n<p>\n  Prezident \u018fliyev \u00f6lk\u0259ni b\u00f6hrandan \u00e7\u0131xaracaq v\u0259 sabit inki\u015faf yaradacaq iqtisadi islahatlar ke\u00e7irm\u0259yi v\u0259d edir. Amma paralel olaraq ifad\u0259 azadl\u0131\u011f\u0131 sah\u0259sind\u0259 islahatlar aparmaqdan imtina c\u0259miyy\u0259tin geni\u015f i\u015ftirak\u0131 olmadan qar\u015f\u0131ya qoyulmu\u015f v\u0259zif\u0259l\u0259ri h\u0259yata ke\u00e7irm\u0259y\u0259 imkan verm\u0259y\u0259c\u0259k. C\u0259miyy\u0259tin ifad\u0259\u00e7isi v\u0259 vasit\u0259\u00e7isi is\u0259 azad v\u0259 pl\u00fcralist informasiya meydanlar\u0131d\u0131r. \u0130ctimai m\u00fczakir\u0259l\u0259rd\u0259n v\u0259 c\u0259miyy\u0259tin K\u0130V-in i\u015ftirak\u0131 v\u0259 vasit\u0259\u00e7iliyi il\u0259 islahatlar prosesind\u0259 i\u015ftirak\u0131ndan imtina m\u00fctl\u0259q n\u00f6vb\u0259ti geni\u015fmiqyasl\u0131 proqramlar\u0131n u\u011fursuzlu\u011funa g\u0259tirib \u00e7\u0131xaracaq.\n<\/p>\n<p>\n  Bu problemd\u0259 daha bir m\u00fch\u00fcm m\u0259qam var. H\u0259tta hakimiyy\u0259t K\u0130V azadl\u0131\u011f\u0131 z\u0259rur\u0259tin\u0259 m\u0259h\u0259l qoymamaqda davam ets\u0259 v\u0259 yeni mane\u0259l\u0259r yaratsa da, bu, arzuolunan n\u0259tic\u0259y\u0259 &#8211; total n\u0259zar\u0259t\u0259 g\u0259tirib \u00e7\u0131xarmayacaq. \u0130nformasiya kommunikasiyalar\u0131 sah\u0259sind\u0259 texnoloji t\u0259may\u00fcll\u0259r h\u0259nd\u0259si silsil\u0259 il\u0259 g\u00fccl\u0259n\u0259n informasiya s\u0259rh\u0259dl\u0259rinin yuyulmas\u0131n\u0131 v\u0259 internet istifad\u0259\u00e7il\u0259ri aras\u0131nda da eyni \u0259hval-ruhiyy\u0259ni n\u00fcmayi\u015f etdirir. M\u0259s\u0259l\u0259n, WhatsApp v\u0259 dig\u0259r proqramlar art\u0131q \u015fifr\u0259l\u0259nmi\u015f dan\u0131\u015f\u0131qlar, d\u00f6vl\u0259t t\u0259r\u0259find\u0259n n\u0259zar\u0259t olunan \u015fl\u00fczl\u0259rd\u0259n yan ke\u00e7\u0259r\u0259k m\u0259lumat \u00f6t\u00fcr\u00fclm\u0259si imkanlar\u0131 verir. V\u0259 bu c\u00fcr texnologiyalar yeni v\u0259zif\u0259l\u0259rl\u0259 informasiya m\u0259kan\u0131na \u00e7\u0131x\u0131r v\u0259 ya \u00e7\u0131x\u0131\u015f g\u00f6zl\u0259yir.\n<\/p>\n<p>\n  Dig\u0259r g\u00fccl\u0259n\u0259n t\u0259may\u00fcl kimi \u015f\u0259b\u0259k\u0259nin Az\u0259rbaycanl\u0131 istifad\u0259\u00e7il\u0259ri aras\u0131nda azadfikirliliyin v\u0259 etiraz\u00e7\u0131 \u0259hval-ruhiyy\u0259nin g\u00fccl\u0259nm\u0259sini qeyd etm\u0259k olar. Heyd\u0259r \u018fliyevin abid\u0259sind\u0259 qraffiti yazan iki g\u0259ncin n\u00fcmun\u0259si v\u0259 h\u0259tta uzunm\u00fcdd\u0259tli h\u0259bs t\u0259hl\u00fck\u0259si alt\u0131nda pe\u015fman\u00e7\u0131l\u0131q ifad\u0259 etm\u0259kd\u0259n a\u00e7\u0131q-a\u015fkar imtinas\u0131 ciddi siqnald\u0131r, ke\u00e7mi\u015fin \u0259n yax\u015f\u0131 \u0259n\u0259n\u0259l\u0259rind\u0259 hakimiyy\u0259t bel\u0259 siqnallara qeyri-adekvat reaksiya verib. Bu fakt v\u0259 sosial \u015f\u0259b\u0259k\u0259l\u0259rd\u0259 yaz\u0131\u015fmalar etiraz\u00e7\u0131 \u0259hval-ruhiyy\u0259nin artd\u0131\u011f\u0131n\u0131 v\u0259 c\u0259miyy\u0259tin \u0259l\u00e7atan vasit\u0259l\u0259rl\u0259, h\u0259tta hakimiyy\u0259tin qanunsuz elan etm\u0259y\u0259 \u00e7al\u0131\u015fd\u0131\u011f\u0131 vasit\u0259l\u0259rl\u0259 m\u00fcbariz\u0259ni davam etdirm\u0259y\u0259 haz\u0131r oldu\u011funu g\u00f6st\u0259rir.\n<\/p>\n<p>\n  H\u0259r iki halda bu t\u0259may\u00fcll\u0259r informasiya azadl\u0131\u011f\u0131na m\u0259h\u0259l qoyulmamas\u0131na v\u0259 fikir azadl\u0131\u011f\u0131na m\u0259hdudiyy\u0259tl\u0259r t\u0259tbiq etm\u0259k c\u0259hdl\u0259rin\u0259 reaksiyad\u0131r. B\u0259\u015f\u0259r tarixinin m\u00fcxt\u0259lif m\u0259rh\u0259l\u0259l\u0259rind\u0259 bel\u0259 reaksiyalar\u0131n t\u0259cr\u00fcb\u0259si g\u00f6st\u0259rir ki, s\u00f6z azadl\u0131\u011f\u0131n\u0131 m\u0259hdudla\u015fd\u0131ranlar h\u0259l\u0259 bu qar\u015f\u0131durmadan qalib \u00e7\u0131xmay\u0131blar. Kommunikasiya v\u0259 informasiya texnologiyalar\u0131 vasit\u0259l\u0259rinin s\u00fcr\u0259tl\u0259 inki\u015faf etdiyi d\u00f6vrd\u0259 m\u0259hdudla\u015fd\u0131r\u0131c\u0131 siyas\u0259tl\u0259rin m\u0259\u011flubiyy\u0259ti linotip \u00e7ap ma\u015f\u0131nlar\u0131 d\u00f6vr\u00fcnd\u0259 oldu\u011fundan daha da s\u00fcr\u0259tl\u0259 ba\u015f ver\u0259c\u0259k.<\/p>\n","protected":false},"excerpt":{"rendered":"<p>B\u0259\u015f\u0259r tarixinin m\u00fcxt\u0259lif m\u0259rh\u0259l\u0259l\u0259rind\u0259 bel\u0259 reaksiyalar\u0131n t\u0259cr\u00fcb\u0259si g\u00f6st\u0259rir ki, s\u00f6z azadl\u0131\u011f\u0131n\u0131 m\u0259hdudla\u015fd\u0131ranlar h\u0259l\u0259 bu qar\u015f\u0131durmadan qalib \u00e7\u0131xmay\u0131blar<\/p>\n","protected":false},"author":11,"featured_media":73745,"comment_status":"closed","ping_status":"open","sticky":false,"template":"","format":"standard","meta":{"_acf_changed":false,"_sitemap_exclude":false,"_sitemap_priority":"","_sitemap_frequency":"","footnotes":""},"categories":[51],"tags":[],"class_list":["post-180621","post","type-post","status-publish","format-standard","has-post-thumbnail","hentry","category-analitika","infinite-scroll-item","generate-columns","tablet-grid-50","mobile-grid-100","grid-parent","grid-33","no-featured-image-padding"],"acf":[],"yoast_head":"<!-- This site is optimized with the Yoast SEO plugin v27.5 - https:\/\/yoast.com\/product\/yoast-seo-wordpress\/ -->\n<title>Linotip t\u0259f\u0259kk\u00fcr - MEYDAN.TV<\/title>\n<meta name=\"robots\" content=\"index, follow, max-snippet:-1, max-image-preview:large, max-video-preview:-1\" \/>\n<link rel=\"canonical\" href=\"https:\/\/www.meydan.tv\/az\/article\/linotip-tefekkur\/\" \/>\n<meta property=\"og:locale\" content=\"az_AZ\" \/>\n<meta property=\"og:type\" content=\"article\" \/>\n<meta property=\"og:title\" content=\"Linotip t\u0259f\u0259kk\u00fcr - MEYDAN.TV\" \/>\n<meta property=\"og:description\" content=\"B\u0259\u015f\u0259r tarixinin m\u00fcxt\u0259lif m\u0259rh\u0259l\u0259l\u0259rind\u0259 bel\u0259 reaksiyalar\u0131n t\u0259cr\u00fcb\u0259si g\u00f6st\u0259rir ki, s\u00f6z azadl\u0131\u011f\u0131n\u0131 m\u0259hdudla\u015fd\u0131ranlar h\u0259l\u0259 bu qar\u015f\u0131durmadan qalib \u00e7\u0131xmay\u0131blar\" \/>\n<meta property=\"og:url\" content=\"https:\/\/www.meydan.tv\/az\/article\/linotip-tefekkur\/\" \/>\n<meta property=\"og:site_name\" content=\"MEYDAN.TV\" \/>\n<meta property=\"article:published_time\" content=\"2016-11-22T09:40:13+00:00\" \/>\n<meta property=\"og:image\" content=\"https:\/\/www.meydan.tv\/wp-content\/uploads\/28461.jpg\" \/>\n\t<meta property=\"og:image:width\" content=\"599\" \/>\n\t<meta property=\"og:image:height\" content=\"400\" \/>\n\t<meta property=\"og:image:type\" content=\"image\/jpeg\" \/>\n<meta name=\"author\" content=\"user-manager\" \/>\n<meta name=\"twitter:card\" content=\"summary_large_image\" \/>\n<script type=\"application\/ld+json\" class=\"yoast-schema-graph\">{\"@context\":\"https:\\\/\\\/schema.org\",\"@graph\":[{\"@type\":\"Article\",\"@id\":\"https:\\\/\\\/www.meydan.tv\\\/az\\\/article\\\/linotip-tefekkur\\\/#article\",\"isPartOf\":{\"@id\":\"https:\\\/\\\/www.meydan.tv\\\/az\\\/article\\\/linotip-tefekkur\\\/\"},\"author\":{\"name\":\"user-manager\",\"@id\":\"https:\\\/\\\/www.meydan.tv\\\/az\\\/#\\\/schema\\\/person\\\/10d11eccf6da3662cf5fdab9806ea91a\"},\"headline\":\"Linotip t\u0259f\u0259kk\u00fcr\",\"datePublished\":\"2016-11-22T09:40:13+00:00\",\"mainEntityOfPage\":{\"@id\":\"https:\\\/\\\/www.meydan.tv\\\/az\\\/article\\\/linotip-tefekkur\\\/\"},\"wordCount\":1330,\"publisher\":{\"@id\":\"https:\\\/\\\/www.meydan.tv\\\/az\\\/#organization\"},\"image\":{\"@id\":\"https:\\\/\\\/www.meydan.tv\\\/az\\\/article\\\/linotip-tefekkur\\\/#primaryimage\"},\"thumbnailUrl\":\"https:\\\/\\\/www.meydan.tv\\\/wp-content\\\/uploads\\\/28461.jpg\",\"articleSection\":[\"Analitika\"],\"inLanguage\":\"az\"},{\"@type\":\"WebPage\",\"@id\":\"https:\\\/\\\/www.meydan.tv\\\/az\\\/article\\\/linotip-tefekkur\\\/\",\"url\":\"https:\\\/\\\/www.meydan.tv\\\/az\\\/article\\\/linotip-tefekkur\\\/\",\"name\":\"Linotip t\u0259f\u0259kk\u00fcr - MEYDAN.TV\",\"isPartOf\":{\"@id\":\"https:\\\/\\\/www.meydan.tv\\\/az\\\/#website\"},\"primaryImageOfPage\":{\"@id\":\"https:\\\/\\\/www.meydan.tv\\\/az\\\/article\\\/linotip-tefekkur\\\/#primaryimage\"},\"image\":{\"@id\":\"https:\\\/\\\/www.meydan.tv\\\/az\\\/article\\\/linotip-tefekkur\\\/#primaryimage\"},\"thumbnailUrl\":\"https:\\\/\\\/www.meydan.tv\\\/wp-content\\\/uploads\\\/28461.jpg\",\"datePublished\":\"2016-11-22T09:40:13+00:00\",\"breadcrumb\":{\"@id\":\"https:\\\/\\\/www.meydan.tv\\\/az\\\/article\\\/linotip-tefekkur\\\/#breadcrumb\"},\"inLanguage\":\"az\",\"potentialAction\":[{\"@type\":\"ReadAction\",\"target\":[\"https:\\\/\\\/www.meydan.tv\\\/az\\\/article\\\/linotip-tefekkur\\\/\"]}]},{\"@type\":\"ImageObject\",\"inLanguage\":\"az\",\"@id\":\"https:\\\/\\\/www.meydan.tv\\\/az\\\/article\\\/linotip-tefekkur\\\/#primaryimage\",\"url\":\"https:\\\/\\\/www.meydan.tv\\\/wp-content\\\/uploads\\\/28461.jpg\",\"contentUrl\":\"https:\\\/\\\/www.meydan.tv\\\/wp-content\\\/uploads\\\/28461.jpg\",\"width\":599,\"height\":400,\"caption\":\"Source:\"},{\"@type\":\"BreadcrumbList\",\"@id\":\"https:\\\/\\\/www.meydan.tv\\\/az\\\/article\\\/linotip-tefekkur\\\/#breadcrumb\",\"itemListElement\":[{\"@type\":\"ListItem\",\"position\":1,\"name\":\"Ana s\u0259hif\u0259\",\"item\":\"https:\\\/\\\/www.meydan.tv\\\/az\\\/\"},{\"@type\":\"ListItem\",\"position\":2,\"name\":\"Analitika\",\"item\":\"https:\\\/\\\/www.meydan.tv\\\/az\\\/section\\\/analitika\\\/\"},{\"@type\":\"ListItem\",\"position\":3,\"name\":\"Linotip t\u0259f\u0259kk\u00fcr\"}]},{\"@type\":\"WebSite\",\"@id\":\"https:\\\/\\\/www.meydan.tv\\\/az\\\/#website\",\"url\":\"https:\\\/\\\/www.meydan.tv\\\/az\\\/\",\"name\":\"MEYDAN.TV\",\"description\":\"Meydan TV Az\u0259rbaycan\u0131n media m\u0259kan\u0131ndak\u0131 alternativ s\u0259sidir\",\"publisher\":{\"@id\":\"https:\\\/\\\/www.meydan.tv\\\/az\\\/#organization\"},\"potentialAction\":[{\"@type\":\"SearchAction\",\"target\":{\"@type\":\"EntryPoint\",\"urlTemplate\":\"https:\\\/\\\/www.meydan.tv\\\/az\\\/?s={search_term_string}\"},\"query-input\":{\"@type\":\"PropertyValueSpecification\",\"valueRequired\":true,\"valueName\":\"search_term_string\"}}],\"inLanguage\":\"az\"},{\"@type\":\"Organization\",\"@id\":\"https:\\\/\\\/www.meydan.tv\\\/az\\\/#organization\",\"name\":\"Meydan TV\",\"url\":\"https:\\\/\\\/www.meydan.tv\\\/az\\\/\",\"logo\":{\"@type\":\"ImageObject\",\"inLanguage\":\"az\",\"@id\":\"https:\\\/\\\/www.meydan.tv\\\/az\\\/#\\\/schema\\\/logo\\\/image\\\/\",\"url\":\"https:\\\/\\\/www.meydan.tv\\\/wp-content\\\/uploads\\\/2021\\\/07\\\/meydan-logo.svg\",\"contentUrl\":\"https:\\\/\\\/www.meydan.tv\\\/wp-content\\\/uploads\\\/2021\\\/07\\\/meydan-logo.svg\",\"width\":195,\"height\":46,\"caption\":\"Meydan TV\"},\"image\":{\"@id\":\"https:\\\/\\\/www.meydan.tv\\\/az\\\/#\\\/schema\\\/logo\\\/image\\\/\"}},{\"@type\":\"Person\",\"@id\":\"https:\\\/\\\/www.meydan.tv\\\/az\\\/#\\\/schema\\\/person\\\/10d11eccf6da3662cf5fdab9806ea91a\",\"name\":\"user-manager\"}]}<\/script>\n<!-- \/ Yoast SEO plugin. -->","yoast_head_json":{"title":"Linotip t\u0259f\u0259kk\u00fcr - MEYDAN.TV","robots":{"index":"index","follow":"follow","max-snippet":"max-snippet:-1","max-image-preview":"max-image-preview:large","max-video-preview":"max-video-preview:-1"},"canonical":"https:\/\/www.meydan.tv\/az\/article\/linotip-tefekkur\/","og_locale":"az_AZ","og_type":"article","og_title":"Linotip t\u0259f\u0259kk\u00fcr - MEYDAN.TV","og_description":"B\u0259\u015f\u0259r tarixinin m\u00fcxt\u0259lif m\u0259rh\u0259l\u0259l\u0259rind\u0259 bel\u0259 reaksiyalar\u0131n t\u0259cr\u00fcb\u0259si g\u00f6st\u0259rir ki, s\u00f6z azadl\u0131\u011f\u0131n\u0131 m\u0259hdudla\u015fd\u0131ranlar h\u0259l\u0259 bu qar\u015f\u0131durmadan qalib \u00e7\u0131xmay\u0131blar","og_url":"https:\/\/www.meydan.tv\/az\/article\/linotip-tefekkur\/","og_site_name":"MEYDAN.TV","article_published_time":"2016-11-22T09:40:13+00:00","og_image":[{"width":599,"height":400,"url":"https:\/\/www.meydan.tv\/wp-content\/uploads\/28461.jpg","type":"image\/jpeg"}],"author":"user-manager","twitter_card":"summary_large_image","schema":{"@context":"https:\/\/schema.org","@graph":[{"@type":"Article","@id":"https:\/\/www.meydan.tv\/az\/article\/linotip-tefekkur\/#article","isPartOf":{"@id":"https:\/\/www.meydan.tv\/az\/article\/linotip-tefekkur\/"},"author":{"name":"user-manager","@id":"https:\/\/www.meydan.tv\/az\/#\/schema\/person\/10d11eccf6da3662cf5fdab9806ea91a"},"headline":"Linotip t\u0259f\u0259kk\u00fcr","datePublished":"2016-11-22T09:40:13+00:00","mainEntityOfPage":{"@id":"https:\/\/www.meydan.tv\/az\/article\/linotip-tefekkur\/"},"wordCount":1330,"publisher":{"@id":"https:\/\/www.meydan.tv\/az\/#organization"},"image":{"@id":"https:\/\/www.meydan.tv\/az\/article\/linotip-tefekkur\/#primaryimage"},"thumbnailUrl":"https:\/\/www.meydan.tv\/wp-content\/uploads\/28461.jpg","articleSection":["Analitika"],"inLanguage":"az"},{"@type":"WebPage","@id":"https:\/\/www.meydan.tv\/az\/article\/linotip-tefekkur\/","url":"https:\/\/www.meydan.tv\/az\/article\/linotip-tefekkur\/","name":"Linotip t\u0259f\u0259kk\u00fcr - MEYDAN.TV","isPartOf":{"@id":"https:\/\/www.meydan.tv\/az\/#website"},"primaryImageOfPage":{"@id":"https:\/\/www.meydan.tv\/az\/article\/linotip-tefekkur\/#primaryimage"},"image":{"@id":"https:\/\/www.meydan.tv\/az\/article\/linotip-tefekkur\/#primaryimage"},"thumbnailUrl":"https:\/\/www.meydan.tv\/wp-content\/uploads\/28461.jpg","datePublished":"2016-11-22T09:40:13+00:00","breadcrumb":{"@id":"https:\/\/www.meydan.tv\/az\/article\/linotip-tefekkur\/#breadcrumb"},"inLanguage":"az","potentialAction":[{"@type":"ReadAction","target":["https:\/\/www.meydan.tv\/az\/article\/linotip-tefekkur\/"]}]},{"@type":"ImageObject","inLanguage":"az","@id":"https:\/\/www.meydan.tv\/az\/article\/linotip-tefekkur\/#primaryimage","url":"https:\/\/www.meydan.tv\/wp-content\/uploads\/28461.jpg","contentUrl":"https:\/\/www.meydan.tv\/wp-content\/uploads\/28461.jpg","width":599,"height":400,"caption":"Source:"},{"@type":"BreadcrumbList","@id":"https:\/\/www.meydan.tv\/az\/article\/linotip-tefekkur\/#breadcrumb","itemListElement":[{"@type":"ListItem","position":1,"name":"Ana s\u0259hif\u0259","item":"https:\/\/www.meydan.tv\/az\/"},{"@type":"ListItem","position":2,"name":"Analitika","item":"https:\/\/www.meydan.tv\/az\/section\/analitika\/"},{"@type":"ListItem","position":3,"name":"Linotip t\u0259f\u0259kk\u00fcr"}]},{"@type":"WebSite","@id":"https:\/\/www.meydan.tv\/az\/#website","url":"https:\/\/www.meydan.tv\/az\/","name":"MEYDAN.TV","description":"Meydan TV Az\u0259rbaycan\u0131n media m\u0259kan\u0131ndak\u0131 alternativ s\u0259sidir","publisher":{"@id":"https:\/\/www.meydan.tv\/az\/#organization"},"potentialAction":[{"@type":"SearchAction","target":{"@type":"EntryPoint","urlTemplate":"https:\/\/www.meydan.tv\/az\/?s={search_term_string}"},"query-input":{"@type":"PropertyValueSpecification","valueRequired":true,"valueName":"search_term_string"}}],"inLanguage":"az"},{"@type":"Organization","@id":"https:\/\/www.meydan.tv\/az\/#organization","name":"Meydan TV","url":"https:\/\/www.meydan.tv\/az\/","logo":{"@type":"ImageObject","inLanguage":"az","@id":"https:\/\/www.meydan.tv\/az\/#\/schema\/logo\/image\/","url":"https:\/\/www.meydan.tv\/wp-content\/uploads\/2021\/07\/meydan-logo.svg","contentUrl":"https:\/\/www.meydan.tv\/wp-content\/uploads\/2021\/07\/meydan-logo.svg","width":195,"height":46,"caption":"Meydan TV"},"image":{"@id":"https:\/\/www.meydan.tv\/az\/#\/schema\/logo\/image\/"}},{"@type":"Person","@id":"https:\/\/www.meydan.tv\/az\/#\/schema\/person\/10d11eccf6da3662cf5fdab9806ea91a","name":"user-manager"}]}},"_links":{"self":[{"href":"https:\/\/www.meydan.tv\/az\/wp-json\/wp\/v2\/posts\/180621","targetHints":{"allow":["GET"]}}],"collection":[{"href":"https:\/\/www.meydan.tv\/az\/wp-json\/wp\/v2\/posts"}],"about":[{"href":"https:\/\/www.meydan.tv\/az\/wp-json\/wp\/v2\/types\/post"}],"author":[{"embeddable":true,"href":"https:\/\/www.meydan.tv\/az\/wp-json\/wp\/v2\/users\/11"}],"replies":[{"embeddable":true,"href":"https:\/\/www.meydan.tv\/az\/wp-json\/wp\/v2\/comments?post=180621"}],"version-history":[{"count":0,"href":"https:\/\/www.meydan.tv\/az\/wp-json\/wp\/v2\/posts\/180621\/revisions"}],"wp:featuredmedia":[{"embeddable":true,"href":"https:\/\/www.meydan.tv\/az\/wp-json\/wp\/v2\/media\/73745"}],"wp:attachment":[{"href":"https:\/\/www.meydan.tv\/az\/wp-json\/wp\/v2\/media?parent=180621"}],"wp:term":[{"taxonomy":"category","embeddable":true,"href":"https:\/\/www.meydan.tv\/az\/wp-json\/wp\/v2\/categories?post=180621"},{"taxonomy":"post_tag","embeddable":true,"href":"https:\/\/www.meydan.tv\/az\/wp-json\/wp\/v2\/tags?post=180621"}],"curies":[{"name":"wp","href":"https:\/\/api.w.org\/{rel}","templated":true}]}}