{"id":180612,"date":"2016-11-21T19:27:15","date_gmt":"2016-11-21T19:27:15","guid":{"rendered":"https:\/\/www.meydan.tv\/article\/hokumet-siyasetinde-ciddi-deyisiklik-etmese-problemler-qabaracaq\/"},"modified":"2016-11-21T19:27:15","modified_gmt":"2016-11-21T19:27:15","slug":"hokumet-siyasetinde-ciddi-deyisiklik-etmese-problemler-qabaracaq","status":"publish","type":"post","link":"https:\/\/www.meydan.tv\/az\/article\/hokumet-siyasetinde-ciddi-deyisiklik-etmese-problemler-qabaracaq\/","title":{"rendered":"&#8221;H\u00f6kum\u0259t siyas\u0259tind\u0259 ciddi d\u0259yi\u015fiklik etm\u0259s\u0259, probleml\u0259r qabaracaq&#8221;"},"content":{"rendered":"<figure class=\"wp-block-image size-large\">\n  <img decoding=\"async\" src=\"https:\/\/www.meydan.tv\/az\/70886\/\" alt=\"\" class=\"wp-image-70886\"\/><figcaption><\/figcaption><\/figure>\n<p>\n  <i><br \/>\n    Vahid M\u0259h\u0259rr\u0259mov: &#8221;Bu siyas\u0259t heyvandarl\u0131qla m\u0259\u015f\u011ful olan fermerl\u0259ri pis v\u0259ziyy\u0259td\u0259 qoydu&#8221;<br \/>\n  <\/i>\n<\/p>\n<p>\n  K\u0259nd t\u0259s\u0259rr\u00fcfat\u0131 \u00fczr\u0259 m\u00fct\u0259x\u0259ssis Vahid M\u0259h\u0259rr\u0259mov \u0259tin qiym\u0259tinin artaca\u011f\u0131n\u0131 bir ne\u00e7\u0259 il \u0259vv\u0259ld\u0259n proqnozla\u015fd\u0131rd\u0131\u011f\u0131n\u0131 deyir.\n<\/p>\n<p>\n  O, iddia edir ki, \u0259tin qiym\u0259tinin artmas\u0131n\u0131n s\u0259b\u0259bi h\u00f6kum\u0259tin ciddi siyas\u0259t aparmamas\u0131, d\u00f6vl\u0259t proqram\u0131 q\u0259bul etm\u0259k \u0259v\u0259zin\u0259 bu sah\u0259ni m\u0259hv etm\u0259sidir:\n<\/p>\n<p>\n  &#8220;Uzun m\u00fcdd\u0259tdir \u00f6lk\u0259d\u0259 kifay\u0259t q\u0259d\u0259r yem bazas\u0131 yarad\u0131lm\u0131r. Qoyun-quzunun say\u0131 7-8 milyon, iribuynuzlu mal-qaran\u0131n say\u0131 2,7 milyondur. Y\u0259ni bu q\u0259d\u0259r mal-qaran\u0131n saxlan\u0131lmas\u0131 \u00fc\u00e7\u00fcn h\u0259m \u00f6r\u00fc\u015f sah\u0259l\u0259ri azd\u0131r, h\u0259m m\u0259hsuldarl\u0131q a\u015fa\u011f\u0131 d\u00fc\u015fd\u00fcy\u00fcnd\u0259n ot istehsal\u0131 z\u0259ifdir v\u0259 \u00fcmumiyy\u0259tl\u0259, q\u00fcvv\u0259li yem Az\u0259rbaycanda istehsal olunmur. Toyuq, yumurta istehsal\u0131 \u00fc\u00e7\u00fcn yem komponentl\u0259ri xaricd\u0131n g\u0259tirilir. \u018fg\u0259r bu sah\u0259 il\u0259 sistemli m\u0259\u015f\u011ful olunmasa, probleml\u0259r aradan qald\u0131r\u0131lmasa, g\u0259l\u0259c\u0259kd\u0259 Az\u0259rbaycan\u0131n t\u0259l\u0259bat\u0131 q\u0259d\u0259r \u0259t v\u0259 s\u00fcd istehsal etm\u0259k m\u00fcmk\u00fcn olmayacaq&#8221;.\n<\/p>\n<p>\n  Vahid M\u0259h\u0259rr\u0259mov deyir ki, bu g\u00fcn ger\u00e7\u0259k v\u0259ziyy\u0259tin \u015fahidi oluruq: &#8220;H\u00f6kum\u0259t qa\u015f d\u00fcz\u0259ltdiyi yerd\u0259 g\u00f6z\u00fc d\u0259 \u00e7\u0131xartd\u0131. 100 min hektara yax\u0131n \u00f6r\u00fc\u015f sah\u0259si s\u0131radan \u00e7\u0131xar\u0131ld\u0131 v\u0259 bitki\u00e7iliy\u0259 verildi. Halbuki, \u00f6r\u00fc\u015f sah\u0259l\u0259rin\u0259 daha \u00e7ox ehtiyac var. Bu siyas\u0259t heyvandarl\u0131qla m\u0259\u015f\u011ful olan fermerl\u0259ri pis v\u0259ziyy\u0259td\u0259 qoydu. S\u00f6hb\u0259t etdiyim fermerl\u0259r mal-qaran\u0131 saxlamaq \u00fc\u00e7\u00fcn yer v\u0259 yem bazas\u0131 tapmamalar\u0131ndan \u015fikay\u0259t\u00e7idirl\u0259r. Dem\u0259li, yemin qiym\u0259ti artd\u0131\u011f\u0131 \u00fc\u00e7\u00fcn fermerl\u0259r \u0259ld\u0259 etdikl\u0259ri m\u0259hsulun-\u0259tin v\u0259 s\u00fcd\u00fcn qiym\u0259tini qald\u0131rma\u011fa m\u0259cburdurlar.\n<\/p>\n<figure class=\"wp-block-image size-large\">\n  <img decoding=\"async\" src=\"https:\/\/www.meydan.tv\/az\/foto-sosial-sebeke-136\/\" alt=\"foto sosial \u015f\u0259b\u0259k\u0259\" class=\"wp-image-73623\"\/><figcaption>\n    foto sosial \u015f\u0259b\u0259k\u0259<br \/>\n  <\/figcaption><\/figure>\n<p>\n  Vahid M\u0259h\u0259rr\u0259mov fikirl\u0259rini t\u0259sdiql\u0259m\u0259k \u00fc\u00e7\u00fcn statistikaya m\u00fcraci\u0259t edib:\n<\/p>\n<p>\n  &#8220;\u00d6t\u0259n ilin 10 ay\u0131 il\u0259 bu ilin 10 ay\u0131n\u0131 m\u00fcqayis\u0259 ed\u0259nd\u0259 \u0259t idxal\u0131 160, s\u00fcd idxal\u0131 is\u0259 60 faiz art\u0131b. Bu, \u00f6lk\u0259d\u0259 \u0259t q\u0131tl\u0131\u011f\u0131n\u0131n yaranmas\u0131ndan x\u0259b\u0259r verir. Al\u0131c\u0131l\u0131q qabiliyy\u0259tinin k\u0259skin \u015f\u0259kild\u0259 a\u015fa\u011f\u0131 d\u00fc\u015fd\u00fcy\u00fc bir zamanda \u0259tin, s\u00fcd\u00fcn qiym\u0259ti qalx\u0131r. Heyvandarl\u0131q m\u0259hsullar\u0131n\u0131n istehsal\u0131 ciddi \u015f\u0259kild\u0259 azald\u0131l\u0131b. \u018fvv\u0259la, t\u0259klif t\u0259l\u0259b olan q\u0259d\u0259r deyil v\u0259 bu halda idxal art\u0131r. \u018fg\u0259r \u00f6r\u00fc\u015f sah\u0259l\u0259rinin d\u00f6vriyy\u0259d\u0259n \u00e7\u0131xar\u0131lmas\u0131 davam ed\u0259rs\u0259, \u0259t v\u0259 s\u00fcd istehsal\u0131nda ciddi probleml\u0259r yaranacaq. Problem ondad\u0131r ki, yerli icra orqanlar\u0131 fermerl\u0259rin i\u015fin\u0259 \u0259ng\u0259l t\u00f6r\u0259dirl\u0259r. H\u0259r halda d\u00f6vl\u0259t apard\u0131\u011f\u0131 siyas\u0259ti h\u0259rt\u0259r\u0259fli hesablamal\u0131d\u0131r&#8221;.\n<\/p>\n<p>\n  M\u00fct\u0259x\u0259ssisin fikrinc\u0259, d\u00f6vl\u0259t problem yaratmaq ist\u0259yir:\n<\/p>\n<p>\n  &#8220;Bax\u0131n, pamb\u0131q\u00e7\u0131l\u011fa kifay\u0259t q\u0259d\u0259r maliyy\u0259 ayr\u0131ld\u0131, n\u0259 \u0259ld\u0259 olundu? He\u00e7 n\u0259! H\u00f6kum\u0259t pamb\u0131qdan g\u0259l\u0259n g\u0259liri hesablay\u0131r, vurulacaq z\u0259r\u0259ri g\u00f6rm\u00fcr. Art\u0131q yem bazas\u0131 yarad\u0131lmay\u0131b, \u00f6r\u00fc\u015f sah\u0259l\u0259ri \u0259kin\u00e7ilik \u00fc\u00e7\u00fcn s\u0131radan \u00e7\u0131xar\u0131l\u0131r, mal-qarada ciddi x\u0259st\u0259likl\u0259r \u00f6z\u00fcn\u00fc b\u00fcruz\u0259 verir, bu is\u0259 istaehsala ciddi t\u0259sirl\u0259 b\u0259rab\u0259r mal-qaran\u0131n say\u0131n\u0131 da azaldacaq. \u00d6r\u00fc\u015f yeri, yem yoxdursa, fermerl\u0259r n\u0259 etm\u0259lidir? Ola bil\u0259r bir m\u00fcdd\u0259t indiki qiym\u0259t saxlan\u0131ld\u0131, yaxud endirildi, ancaq h\u00f6kum\u0259t siyas\u0259tind\u0259 ciddi d\u0259yi\u015fiklik etm\u0259s\u0259, probleml\u0259r qabaracaq&#8221;.\n<\/p><\/p>\n","protected":false},"excerpt":{"rendered":"<p>Vahid M\u0259h\u0259rr\u0259mov: &#8221;Bu siyas\u0259t heyvandarl\u0131qla m\u0259\u015f\u011ful olan fermerl\u0259ri pis v\u0259ziyy\u0259td\u0259 qoydu&#8221;<\/p>\n","protected":false},"author":11,"featured_media":70886,"comment_status":"closed","ping_status":"open","sticky":false,"template":"","format":"standard","meta":{"_acf_changed":false,"_sitemap_exclude":false,"_sitemap_priority":"","_sitemap_frequency":"","footnotes":""},"categories":[51],"tags":[],"class_list":["post-180612","post","type-post","status-publish","format-standard","has-post-thumbnail","hentry","category-analitika","infinite-scroll-item","generate-columns","tablet-grid-50","mobile-grid-100","grid-parent","grid-33","no-featured-image-padding"],"acf":[],"yoast_head":"<!-- This site is optimized with the Yoast SEO plugin v27.5 - https:\/\/yoast.com\/product\/yoast-seo-wordpress\/ -->\n<title>&#039;&#039;H\u00f6kum\u0259t siyas\u0259tind\u0259 ciddi d\u0259yi\u015fiklik etm\u0259s\u0259, probleml\u0259r qabaracaq&#039;&#039; - MEYDAN.TV<\/title>\n<meta name=\"robots\" content=\"index, follow, max-snippet:-1, max-image-preview:large, max-video-preview:-1\" \/>\n<link rel=\"canonical\" href=\"https:\/\/www.meydan.tv\/az\/article\/hokumet-siyasetinde-ciddi-deyisiklik-etmese-problemler-qabaracaq\/\" \/>\n<meta property=\"og:locale\" content=\"az_AZ\" \/>\n<meta property=\"og:type\" content=\"article\" \/>\n<meta property=\"og:title\" content=\"&#039;&#039;H\u00f6kum\u0259t siyas\u0259tind\u0259 ciddi d\u0259yi\u015fiklik etm\u0259s\u0259, probleml\u0259r qabaracaq&#039;&#039; - MEYDAN.TV\" \/>\n<meta property=\"og:description\" content=\"Vahid M\u0259h\u0259rr\u0259mov: &#039;&#039;Bu siyas\u0259t heyvandarl\u0131qla m\u0259\u015f\u011ful olan fermerl\u0259ri pis v\u0259ziyy\u0259td\u0259 qoydu&#039;&#039;\" \/>\n<meta property=\"og:url\" content=\"https:\/\/www.meydan.tv\/az\/article\/hokumet-siyasetinde-ciddi-deyisiklik-etmese-problemler-qabaracaq\/\" \/>\n<meta property=\"og:site_name\" content=\"MEYDAN.TV\" \/>\n<meta property=\"article:published_time\" content=\"2016-11-21T19:27:15+00:00\" \/>\n<meta property=\"og:image\" content=\"https:\/\/www.meydan.tv\/wp-content\/uploads\/27147.jpg\" \/>\n\t<meta property=\"og:image:width\" content=\"690\" \/>\n\t<meta property=\"og:image:height\" content=\"457\" \/>\n\t<meta property=\"og:image:type\" content=\"image\/jpeg\" \/>\n<meta name=\"author\" content=\"user-manager\" \/>\n<meta name=\"twitter:card\" content=\"summary_large_image\" \/>\n<script type=\"application\/ld+json\" class=\"yoast-schema-graph\">{\"@context\":\"https:\\\/\\\/schema.org\",\"@graph\":[{\"@type\":\"Article\",\"@id\":\"https:\\\/\\\/www.meydan.tv\\\/az\\\/article\\\/hokumet-siyasetinde-ciddi-deyisiklik-etmese-problemler-qabaracaq\\\/#article\",\"isPartOf\":{\"@id\":\"https:\\\/\\\/www.meydan.tv\\\/az\\\/article\\\/hokumet-siyasetinde-ciddi-deyisiklik-etmese-problemler-qabaracaq\\\/\"},\"author\":{\"name\":\"user-manager\",\"@id\":\"https:\\\/\\\/www.meydan.tv\\\/az\\\/#\\\/schema\\\/person\\\/10d11eccf6da3662cf5fdab9806ea91a\"},\"headline\":\"&#8221;H\u00f6kum\u0259t siyas\u0259tind\u0259 ciddi d\u0259yi\u015fiklik etm\u0259s\u0259, probleml\u0259r qabaracaq&#8221;\",\"datePublished\":\"2016-11-21T19:27:15+00:00\",\"mainEntityOfPage\":{\"@id\":\"https:\\\/\\\/www.meydan.tv\\\/az\\\/article\\\/hokumet-siyasetinde-ciddi-deyisiklik-etmese-problemler-qabaracaq\\\/\"},\"wordCount\":639,\"publisher\":{\"@id\":\"https:\\\/\\\/www.meydan.tv\\\/az\\\/#organization\"},\"image\":{\"@id\":\"https:\\\/\\\/www.meydan.tv\\\/az\\\/article\\\/hokumet-siyasetinde-ciddi-deyisiklik-etmese-problemler-qabaracaq\\\/#primaryimage\"},\"thumbnailUrl\":\"https:\\\/\\\/www.meydan.tv\\\/wp-content\\\/uploads\\\/27147.jpg\",\"articleSection\":[\"Analitika\"],\"inLanguage\":\"az\"},{\"@type\":\"WebPage\",\"@id\":\"https:\\\/\\\/www.meydan.tv\\\/az\\\/article\\\/hokumet-siyasetinde-ciddi-deyisiklik-etmese-problemler-qabaracaq\\\/\",\"url\":\"https:\\\/\\\/www.meydan.tv\\\/az\\\/article\\\/hokumet-siyasetinde-ciddi-deyisiklik-etmese-problemler-qabaracaq\\\/\",\"name\":\"''H\u00f6kum\u0259t siyas\u0259tind\u0259 ciddi d\u0259yi\u015fiklik etm\u0259s\u0259, probleml\u0259r qabaracaq'' - MEYDAN.TV\",\"isPartOf\":{\"@id\":\"https:\\\/\\\/www.meydan.tv\\\/az\\\/#website\"},\"primaryImageOfPage\":{\"@id\":\"https:\\\/\\\/www.meydan.tv\\\/az\\\/article\\\/hokumet-siyasetinde-ciddi-deyisiklik-etmese-problemler-qabaracaq\\\/#primaryimage\"},\"image\":{\"@id\":\"https:\\\/\\\/www.meydan.tv\\\/az\\\/article\\\/hokumet-siyasetinde-ciddi-deyisiklik-etmese-problemler-qabaracaq\\\/#primaryimage\"},\"thumbnailUrl\":\"https:\\\/\\\/www.meydan.tv\\\/wp-content\\\/uploads\\\/27147.jpg\",\"datePublished\":\"2016-11-21T19:27:15+00:00\",\"breadcrumb\":{\"@id\":\"https:\\\/\\\/www.meydan.tv\\\/az\\\/article\\\/hokumet-siyasetinde-ciddi-deyisiklik-etmese-problemler-qabaracaq\\\/#breadcrumb\"},\"inLanguage\":\"az\",\"potentialAction\":[{\"@type\":\"ReadAction\",\"target\":[\"https:\\\/\\\/www.meydan.tv\\\/az\\\/article\\\/hokumet-siyasetinde-ciddi-deyisiklik-etmese-problemler-qabaracaq\\\/\"]}]},{\"@type\":\"ImageObject\",\"inLanguage\":\"az\",\"@id\":\"https:\\\/\\\/www.meydan.tv\\\/az\\\/article\\\/hokumet-siyasetinde-ciddi-deyisiklik-etmese-problemler-qabaracaq\\\/#primaryimage\",\"url\":\"https:\\\/\\\/www.meydan.tv\\\/wp-content\\\/uploads\\\/27147.jpg\",\"contentUrl\":\"https:\\\/\\\/www.meydan.tv\\\/wp-content\\\/uploads\\\/27147.jpg\",\"width\":690,\"height\":457,\"caption\":\"Source:\"},{\"@type\":\"BreadcrumbList\",\"@id\":\"https:\\\/\\\/www.meydan.tv\\\/az\\\/article\\\/hokumet-siyasetinde-ciddi-deyisiklik-etmese-problemler-qabaracaq\\\/#breadcrumb\",\"itemListElement\":[{\"@type\":\"ListItem\",\"position\":1,\"name\":\"Ana s\u0259hif\u0259\",\"item\":\"https:\\\/\\\/www.meydan.tv\\\/az\\\/\"},{\"@type\":\"ListItem\",\"position\":2,\"name\":\"Analitika\",\"item\":\"https:\\\/\\\/www.meydan.tv\\\/az\\\/section\\\/analitika\\\/\"},{\"@type\":\"ListItem\",\"position\":3,\"name\":\"&#8221;H\u00f6kum\u0259t siyas\u0259tind\u0259 ciddi d\u0259yi\u015fiklik etm\u0259s\u0259, probleml\u0259r qabaracaq&#8221;\"}]},{\"@type\":\"WebSite\",\"@id\":\"https:\\\/\\\/www.meydan.tv\\\/az\\\/#website\",\"url\":\"https:\\\/\\\/www.meydan.tv\\\/az\\\/\",\"name\":\"MEYDAN.TV\",\"description\":\"Meydan TV Az\u0259rbaycan\u0131n media m\u0259kan\u0131ndak\u0131 alternativ s\u0259sidir\",\"publisher\":{\"@id\":\"https:\\\/\\\/www.meydan.tv\\\/az\\\/#organization\"},\"potentialAction\":[{\"@type\":\"SearchAction\",\"target\":{\"@type\":\"EntryPoint\",\"urlTemplate\":\"https:\\\/\\\/www.meydan.tv\\\/az\\\/?s={search_term_string}\"},\"query-input\":{\"@type\":\"PropertyValueSpecification\",\"valueRequired\":true,\"valueName\":\"search_term_string\"}}],\"inLanguage\":\"az\"},{\"@type\":\"Organization\",\"@id\":\"https:\\\/\\\/www.meydan.tv\\\/az\\\/#organization\",\"name\":\"Meydan TV\",\"url\":\"https:\\\/\\\/www.meydan.tv\\\/az\\\/\",\"logo\":{\"@type\":\"ImageObject\",\"inLanguage\":\"az\",\"@id\":\"https:\\\/\\\/www.meydan.tv\\\/az\\\/#\\\/schema\\\/logo\\\/image\\\/\",\"url\":\"https:\\\/\\\/www.meydan.tv\\\/wp-content\\\/uploads\\\/2021\\\/07\\\/meydan-logo.svg\",\"contentUrl\":\"https:\\\/\\\/www.meydan.tv\\\/wp-content\\\/uploads\\\/2021\\\/07\\\/meydan-logo.svg\",\"width\":195,\"height\":46,\"caption\":\"Meydan TV\"},\"image\":{\"@id\":\"https:\\\/\\\/www.meydan.tv\\\/az\\\/#\\\/schema\\\/logo\\\/image\\\/\"}},{\"@type\":\"Person\",\"@id\":\"https:\\\/\\\/www.meydan.tv\\\/az\\\/#\\\/schema\\\/person\\\/10d11eccf6da3662cf5fdab9806ea91a\",\"name\":\"user-manager\"}]}<\/script>\n<!-- \/ Yoast SEO plugin. -->","yoast_head_json":{"title":"''H\u00f6kum\u0259t siyas\u0259tind\u0259 ciddi d\u0259yi\u015fiklik etm\u0259s\u0259, probleml\u0259r qabaracaq'' - MEYDAN.TV","robots":{"index":"index","follow":"follow","max-snippet":"max-snippet:-1","max-image-preview":"max-image-preview:large","max-video-preview":"max-video-preview:-1"},"canonical":"https:\/\/www.meydan.tv\/az\/article\/hokumet-siyasetinde-ciddi-deyisiklik-etmese-problemler-qabaracaq\/","og_locale":"az_AZ","og_type":"article","og_title":"''H\u00f6kum\u0259t siyas\u0259tind\u0259 ciddi d\u0259yi\u015fiklik etm\u0259s\u0259, probleml\u0259r qabaracaq'' - MEYDAN.TV","og_description":"Vahid M\u0259h\u0259rr\u0259mov: ''Bu siyas\u0259t heyvandarl\u0131qla m\u0259\u015f\u011ful olan fermerl\u0259ri pis v\u0259ziyy\u0259td\u0259 qoydu''","og_url":"https:\/\/www.meydan.tv\/az\/article\/hokumet-siyasetinde-ciddi-deyisiklik-etmese-problemler-qabaracaq\/","og_site_name":"MEYDAN.TV","article_published_time":"2016-11-21T19:27:15+00:00","og_image":[{"width":690,"height":457,"url":"https:\/\/www.meydan.tv\/wp-content\/uploads\/27147.jpg","type":"image\/jpeg"}],"author":"user-manager","twitter_card":"summary_large_image","schema":{"@context":"https:\/\/schema.org","@graph":[{"@type":"Article","@id":"https:\/\/www.meydan.tv\/az\/article\/hokumet-siyasetinde-ciddi-deyisiklik-etmese-problemler-qabaracaq\/#article","isPartOf":{"@id":"https:\/\/www.meydan.tv\/az\/article\/hokumet-siyasetinde-ciddi-deyisiklik-etmese-problemler-qabaracaq\/"},"author":{"name":"user-manager","@id":"https:\/\/www.meydan.tv\/az\/#\/schema\/person\/10d11eccf6da3662cf5fdab9806ea91a"},"headline":"&#8221;H\u00f6kum\u0259t siyas\u0259tind\u0259 ciddi d\u0259yi\u015fiklik etm\u0259s\u0259, probleml\u0259r qabaracaq&#8221;","datePublished":"2016-11-21T19:27:15+00:00","mainEntityOfPage":{"@id":"https:\/\/www.meydan.tv\/az\/article\/hokumet-siyasetinde-ciddi-deyisiklik-etmese-problemler-qabaracaq\/"},"wordCount":639,"publisher":{"@id":"https:\/\/www.meydan.tv\/az\/#organization"},"image":{"@id":"https:\/\/www.meydan.tv\/az\/article\/hokumet-siyasetinde-ciddi-deyisiklik-etmese-problemler-qabaracaq\/#primaryimage"},"thumbnailUrl":"https:\/\/www.meydan.tv\/wp-content\/uploads\/27147.jpg","articleSection":["Analitika"],"inLanguage":"az"},{"@type":"WebPage","@id":"https:\/\/www.meydan.tv\/az\/article\/hokumet-siyasetinde-ciddi-deyisiklik-etmese-problemler-qabaracaq\/","url":"https:\/\/www.meydan.tv\/az\/article\/hokumet-siyasetinde-ciddi-deyisiklik-etmese-problemler-qabaracaq\/","name":"''H\u00f6kum\u0259t siyas\u0259tind\u0259 ciddi d\u0259yi\u015fiklik etm\u0259s\u0259, probleml\u0259r qabaracaq'' - MEYDAN.TV","isPartOf":{"@id":"https:\/\/www.meydan.tv\/az\/#website"},"primaryImageOfPage":{"@id":"https:\/\/www.meydan.tv\/az\/article\/hokumet-siyasetinde-ciddi-deyisiklik-etmese-problemler-qabaracaq\/#primaryimage"},"image":{"@id":"https:\/\/www.meydan.tv\/az\/article\/hokumet-siyasetinde-ciddi-deyisiklik-etmese-problemler-qabaracaq\/#primaryimage"},"thumbnailUrl":"https:\/\/www.meydan.tv\/wp-content\/uploads\/27147.jpg","datePublished":"2016-11-21T19:27:15+00:00","breadcrumb":{"@id":"https:\/\/www.meydan.tv\/az\/article\/hokumet-siyasetinde-ciddi-deyisiklik-etmese-problemler-qabaracaq\/#breadcrumb"},"inLanguage":"az","potentialAction":[{"@type":"ReadAction","target":["https:\/\/www.meydan.tv\/az\/article\/hokumet-siyasetinde-ciddi-deyisiklik-etmese-problemler-qabaracaq\/"]}]},{"@type":"ImageObject","inLanguage":"az","@id":"https:\/\/www.meydan.tv\/az\/article\/hokumet-siyasetinde-ciddi-deyisiklik-etmese-problemler-qabaracaq\/#primaryimage","url":"https:\/\/www.meydan.tv\/wp-content\/uploads\/27147.jpg","contentUrl":"https:\/\/www.meydan.tv\/wp-content\/uploads\/27147.jpg","width":690,"height":457,"caption":"Source:"},{"@type":"BreadcrumbList","@id":"https:\/\/www.meydan.tv\/az\/article\/hokumet-siyasetinde-ciddi-deyisiklik-etmese-problemler-qabaracaq\/#breadcrumb","itemListElement":[{"@type":"ListItem","position":1,"name":"Ana s\u0259hif\u0259","item":"https:\/\/www.meydan.tv\/az\/"},{"@type":"ListItem","position":2,"name":"Analitika","item":"https:\/\/www.meydan.tv\/az\/section\/analitika\/"},{"@type":"ListItem","position":3,"name":"&#8221;H\u00f6kum\u0259t siyas\u0259tind\u0259 ciddi d\u0259yi\u015fiklik etm\u0259s\u0259, probleml\u0259r qabaracaq&#8221;"}]},{"@type":"WebSite","@id":"https:\/\/www.meydan.tv\/az\/#website","url":"https:\/\/www.meydan.tv\/az\/","name":"MEYDAN.TV","description":"Meydan TV Az\u0259rbaycan\u0131n media m\u0259kan\u0131ndak\u0131 alternativ s\u0259sidir","publisher":{"@id":"https:\/\/www.meydan.tv\/az\/#organization"},"potentialAction":[{"@type":"SearchAction","target":{"@type":"EntryPoint","urlTemplate":"https:\/\/www.meydan.tv\/az\/?s={search_term_string}"},"query-input":{"@type":"PropertyValueSpecification","valueRequired":true,"valueName":"search_term_string"}}],"inLanguage":"az"},{"@type":"Organization","@id":"https:\/\/www.meydan.tv\/az\/#organization","name":"Meydan TV","url":"https:\/\/www.meydan.tv\/az\/","logo":{"@type":"ImageObject","inLanguage":"az","@id":"https:\/\/www.meydan.tv\/az\/#\/schema\/logo\/image\/","url":"https:\/\/www.meydan.tv\/wp-content\/uploads\/2021\/07\/meydan-logo.svg","contentUrl":"https:\/\/www.meydan.tv\/wp-content\/uploads\/2021\/07\/meydan-logo.svg","width":195,"height":46,"caption":"Meydan TV"},"image":{"@id":"https:\/\/www.meydan.tv\/az\/#\/schema\/logo\/image\/"}},{"@type":"Person","@id":"https:\/\/www.meydan.tv\/az\/#\/schema\/person\/10d11eccf6da3662cf5fdab9806ea91a","name":"user-manager"}]}},"_links":{"self":[{"href":"https:\/\/www.meydan.tv\/az\/wp-json\/wp\/v2\/posts\/180612","targetHints":{"allow":["GET"]}}],"collection":[{"href":"https:\/\/www.meydan.tv\/az\/wp-json\/wp\/v2\/posts"}],"about":[{"href":"https:\/\/www.meydan.tv\/az\/wp-json\/wp\/v2\/types\/post"}],"author":[{"embeddable":true,"href":"https:\/\/www.meydan.tv\/az\/wp-json\/wp\/v2\/users\/11"}],"replies":[{"embeddable":true,"href":"https:\/\/www.meydan.tv\/az\/wp-json\/wp\/v2\/comments?post=180612"}],"version-history":[{"count":0,"href":"https:\/\/www.meydan.tv\/az\/wp-json\/wp\/v2\/posts\/180612\/revisions"}],"wp:featuredmedia":[{"embeddable":true,"href":"https:\/\/www.meydan.tv\/az\/wp-json\/wp\/v2\/media\/70886"}],"wp:attachment":[{"href":"https:\/\/www.meydan.tv\/az\/wp-json\/wp\/v2\/media?parent=180612"}],"wp:term":[{"taxonomy":"category","embeddable":true,"href":"https:\/\/www.meydan.tv\/az\/wp-json\/wp\/v2\/categories?post=180612"},{"taxonomy":"post_tag","embeddable":true,"href":"https:\/\/www.meydan.tv\/az\/wp-json\/wp\/v2\/tags?post=180612"}],"curies":[{"name":"wp","href":"https:\/\/api.w.org\/{rel}","templated":true}]}}