{"id":180598,"date":"2016-11-21T16:25:29","date_gmt":"2016-11-21T16:25:29","guid":{"rendered":"https:\/\/www.meydan.tv\/article\/umumdunya-sehiyye-teskilatinin-bizim-ucun-harayi\/"},"modified":"2016-11-21T16:25:29","modified_gmt":"2016-11-21T16:25:29","slug":"umumdunya-sehiyye-teskilatinin-bizim-ucun-harayi","status":"publish","type":"post","link":"https:\/\/www.meydan.tv\/az\/article\/umumdunya-sehiyye-teskilatinin-bizim-ucun-harayi\/","title":{"rendered":"\u00dcmumd\u00fcnya S\u0259hiyy\u0259 T\u0259\u015fkilat\u0131n\u0131n bizim \u00fc\u00e7\u00fcn haray\u0131"},"content":{"rendered":"<figure class=\"wp-block-image size-large\">\n  <img decoding=\"async\" src=\"https:\/\/www.meydan.tv\/az\/sahveled-cobanoglu-4\/\" alt=\"\u015eahv\u0259l\u0259d \u00c7obano\u011flu\" class=\"wp-image-73049\"\/><figcaption>\n    \u015eahv\u0259l\u0259d \u00c7obano\u011flu<br \/>\n  <\/figcaption><\/figure>\n<figure class=\"wp-block-image size-large\">\n  <img decoding=\"async\" src=\"https:\/\/www.meydan.tv\/az\/sahveled-cobanoglu-5\/\" alt=\"\u015eahv\u0259l\u0259d \u00c7obano\u011flu\" class=\"wp-image-73665\"\/><figcaption>\n    \u015eahv\u0259l\u0259d \u00c7obano\u011flu<br \/>\n  <\/figcaption><\/figure>\n<p>\n  Tibbi s\u0131\u011fortan\u0131n t\u0259tbiqi bu g\u00fcn bizim \u00fc\u00e7\u00fcn t\u0259cili can v\u0259 l\u0259yaq\u0259t davas\u0131d\u0131r. \u0130ndi onu t\u0259l\u0259b etm\u0259k &#8220;Az\u0259rbaycan\u0131n Gilqame\u015f dastan\u0131&#8221;d\u0131r&#8230;\n<\/p>\n<blockquote><p>\n  \u0130kinci yaz\u0131\n<\/p><\/blockquote>\n<p>\n  Afrika \u00f6lk\u0259si Uqandada 2001-ci ild\u0259 tibbi islahatlar ke\u00e7irilib \u2013 birba\u015fa (s\u0131\u011fortas\u0131z) \u00f6d\u0259ni\u015fd\u0259n imtina edilib. Bundan sonra n\u0259 ba\u015f vers\u0259 yax\u015f\u0131d\u0131r? X\u0259st\u0259xanalara m\u00fcraci\u0259t 84faiz art\u0131b. S\u0259n dem\u0259, adamyey\u0259nl\u0259rin\u0259 g\u00f6r\u0259 vaxtil\u0259 g\u00fcld\u00fcy\u00fcn\u00fcz bu \u00f6lk\u0259nin sakinl\u0259ri he\u00e7 d\u0259 gerid\u0259qalm\u0131\u015fl\u0131q ucbat\u0131ndan m\u00fcasir tibd\u0259n qa\u00e7m\u0131rm\u0131\u015f, sad\u0259c\u0259, pulsuzluqdan otlarla m\u00fcalic\u0259y\u0259 oturublarm\u0131\u015f. \u0130lk imkan yaranan kimi x\u0259st\u0259xanalara ax\u0131\u015f\u0131blar.\n<\/p>\n<p>\n  5 il sonra eyni art\u0131m 55 faizlik g\u00f6st\u0259rici il\u0259 Zambiyada t\u0259krarlan\u0131b. \u00d6d\u0259ni\u015f olmad\u0131\u011f\u0131 halda x\u0259st\u0259xanalara y\u00fcks\u0259k ax\u0131n yaran\u0131b&#8230;\n<\/p>\n<p>\n  Dem\u0259li, Uqandada unikal he\u00e7 n\u0259 ba\u015f verm\u0259yib, d\u00fcnyan\u0131n h\u0259r yerind\u0259 insanlar maddi probleml\u0259r ucbat\u0131ndan h\u0259kim\u0259 getmirl\u0259r, yaxud gec gedirl\u0259r. Biz is\u0259 \u00e7ox vaxt \u015fikay\u0259tl\u0259nirik ki, &#8220;m\u00fcs\u0259lman\u0131n sonrak\u0131 a\u011fl\u0131, i\u015f-i\u00e7d\u0259n ke\u00e7\u0259nd\u0259n sonra gedir h\u0259kim\u0259&#8221;. Halbuki m\u0259hz yoxsulluqdur insanlar\u0131 sonrak\u0131 a\u011f\u0131la saxlayan, son anda h\u0259kim\u0259 aparan&#8230;\n<\/p>\n<p>\n  Daha bir fakt: &#8220;2002-ci ild\u0259 Burundid\u0259 \u00f6d\u0259ni\u015fli tibbi xidm\u0259t\u0259 ke\u00e7ildi. \u0130ki ild\u0259n sonra b\u0259li oldu ki, x\u0259st\u0259l\u0259rin h\u0259r 5-d\u0259n 4-\u00fc ya borca d\u00fc\u015f\u00fcb, ya da \u0259mlak\u0131n\u0131 sat\u0131b&#8221;.\n<\/p>\n<p>\n  Burundi dey\u0259nd\u0259 d\u0259 Az\u0259rbaycan\u0131 yada sal\u0131n ki, \u00f6lk\u0259mizd\u0259 eyni taley\u0259 tu\u015f g\u0259lmi\u015fl\u0259rin iniltisi e\u015fidilsin. Bir \u00e7ox \u00f6lk\u0259l\u0259rd\u0259 bel\u0259dir &#8211; b\u0259db\u0259xtliyin qap\u0131 a\u011fz\u0131nda dola\u015fd\u0131\u011f\u0131 \u00f6lk\u0259l\u0259rd\u0259.\n<\/p>\n<p>\n  Yuxar\u0131da sadalad\u0131\u011f\u0131m faktlar m\u00f6t\u0259b\u0259rdir, onlar Doktor Marqaret \u00c7enin haz\u0131rlatd\u0131\u011f\u0131 hesabatdan g\u00f6t\u00fcr\u00fcl\u00fcb.\n<\/p>\n<p>\n  Doktor Marqaret \u00c7en \u00dcmumd\u00fcnya S\u0259hiyy\u0259 T\u0259\u015fkilat\u0131n\u0131n haz\u0131rk\u0131 r\u0259hb\u0259ridir. \u00c7\u0259kinm\u0259d\u0259n, \u0259sas qay\u0259d\u0259n yay\u0131nmadan, problemin m\u0259\u011fzini malalamadan, a\u00e7\u0131q \u015f\u0259kild\u0259 deyir: &#8220;Tibbi xidm\u0259tl\u0259r\u0259 g\u00f6r\u0259 \u00f6d\u0259ni\u015fl\u0259r imkans\u0131z insanlar \u00fc\u00e7\u00fcn sad\u0259c\u0259 c\u0259zad\u0131r&#8221;.\n<\/p>\n<p>\n  H\u0259m\u00e7inin b\u0259yan edir ki, m\u00fcasir tibbin birba\u015fa \u00f6d\u0259ni\u015fl\u0259ri (s\u0131\u011fortas\u0131z \u00f6d\u0259ni\u015fl\u0259ri \u2013 m\u00fc\u0259llif) qar\u015f\u0131s\u0131nda \u00e7ox \u00f6lk\u0259l\u0259rin \u0259ks\u0259r sakinl\u0259ri imkans\u0131zd\u0131r. Ayd\u0131nd\u0131r ki, m\u0259hz Az\u0259rbaycan kimi \u00f6lk\u0259l\u0259rd\u0259n s\u00f6hb\u0259t gedir.\n<\/p>\n<p>\n  Doktor \u00c7en yaln\u0131z imkans\u0131z insanlardan v\u0259 \u00f6lk\u0259l\u0259rd\u0259n dan\u0131\u015fm\u0131r. O deyir ki, problem t\u0259kc\u0259 kas\u0131blarla ba\u011fl\u0131 deyil, x\u0259st\u0259liy\u0259 q\u0259fil yaxalanmaq ist\u0259nil\u0259n \u00f6lk\u0259d\u0259 h\u0259yat\u0131 tam t\u0259min edilmi\u015f adamlar \u00fc\u00e7\u00fcn d\u0259 maddi \u00e7\u0259tinliy\u0259, h\u0259tta maliyy\u0259 f\u0259lak\u0259tin\u0259 \u00e7evril\u0259 bil\u0259r.\n<\/p>\n<p>\n  H\u0259tta \u00dcmumd\u00fcnya S\u0259hiyy\u0259 T\u0259\u015fkilat\u0131n\u0131n r\u0259hb\u0259ri Marqaret \u00c7en\u0259 g\u00f6r\u0259 tibbi xidm\u0259tl\u0259r \u00fc\u00e7\u00fcn \u00f6d\u0259ni\u015f \u0259ks\u0259r insanlar \u00fc\u00e7\u00fcn c\u0259za dem\u0259kdirs\u0259, siz d\u0259 \u00e7\u0259kinm\u0259d\u0259n v\u0259 t\u0259krar-t\u0259krar \u00f6z\u00fcn\u00fcz\u0259 v\u0259 ba\u015fqalar\u0131na s\u00f6yl\u0259yin ki, bu, insanl\u0131q \u00fc\u00e7\u00fcn ciddi c\u0259zad\u0131r.\n<\/p>\n<p>\n  S\u00f6hb\u0259t Az\u0259rbaycandak\u0131 kimi &#8220;pulsuz s\u0259hiyy\u0259&#8221;d\u0259n getmir, o da bir ayr\u0131 b\u0259db\u0259xtlikdir, nec\u0259 dey\u0259rl\u0259r, pullu s\u0259hiyy\u0259d\u0259n d\u0259 a\u011f\u0131r c\u0259zad\u0131r v\u0259 biz haz\u0131rda onun da y\u00fck\u00fcn\u00fc \u00e7\u0259km\u0259kd\u0259yik.\n<\/p>\n<p>\n  Doktor Marqaret \u00c7en sad\u0259c\u0259 s\u00f6zl\u0259rl\u0259 kifay\u0259tl\u0259n\u0259n adam deyil. 2010-cu ild\u0259 olduqca vacib parametrl\u0259r \u00fczr\u0259, el\u0259 bizi d\u00fc\u015f\u00fcnd\u00fcr\u0259n probleml\u0259rl\u0259 ba\u011fl\u0131 \u00e7ox ciddi bir hesabat\u0131n haz\u0131rlanmas\u0131na g\u00f6st\u0259ri\u015f verdi. O q\u0259d\u0259r vacib hesabat\u0131n haz\u0131rlanmas\u0131na ba\u015flan\u0131ld\u0131 ki, sanki sevimli dostunun \u00f6l\u00fcm\u00fcn\u0259 g\u00fcnl\u0259rl\u0259 a\u011flayan igid Gilgame\u015f at\u0131n\u0131 minib \u00f6l\u00fcm\u0259 \u00e7ar\u0259 axtarma\u011fa \u2013 \u00e7\u0259tin v\u0259 a\u011f\u0131r s\u0259f\u0259r\u0259 \u00fcz tutmu\u015fdu&#8230;\n<\/p>\n<p>\n  Doktor \u00c7en bu axtar\u0131\u015flar\u0131 bel\u0259 adland\u0131r\u0131r: &#8220;K\u00f6m\u0259k alma\u011fa ham\u0131n\u0131n \u0259li \u00e7atmal\u0131d\u0131r. Tibbi xidm\u0259tl\u0259r ham\u0131n\u0131 \u0259hat\u0259 etm\u0259lidir&#8230;&#8221;\n<\/p>\n<p>\n  \u00dcST-\u00fcn s\u00f6z\u00fcged\u0259n hesabat\u0131 \u00f6lk\u0259l\u0259rd\u0259 m\u00f6vcud maliyy\u0259 resurslar\u0131ndan d\u00fczg\u00fcn istifad\u0259 edilm\u0259m\u0259si, yeni resurslar\u0131n v\u0259 \u00fcsullar\u0131n tap\u0131lmamas\u0131 bar\u0259d\u0259dir. Y\u0259ni f\u0259lak\u0259t bar\u0259d\u0259dir &#8211; insan f\u0259lak\u0259tl\u0259ri bar\u0259d\u0259.\n<\/p>\n<p>\n  Bu hesabat\u0131n ortaya \u00e7\u0131xard\u0131\u011f\u0131 emosional k\u00f6kl\u0259nti v\u0259 ictimai bax\u0131\u015f g\u0259l\u0259c\u0259k \u00fc\u00e7\u00fcn olduqca faydal\u0131d\u0131r. H\u0259min faydan\u0131 daha yax\u015f\u0131 t\u0259s\u0259vv\u00fcr etm\u0259k \u00fc\u00e7\u00fcn Rabindranat Taqorun \u0259s\u0259rind\u0259 &#8220;\u0130ndi zaman d\u0259yi\u015fib, indi otlarla m\u00fcalic\u0259 d\u00f6vr\u00fc deyil&#8221; s\u00f6yl\u0259y\u0259r\u0259k yalvaran q\u0259hr\u0259man\u0131n dialoqunu bilm\u0259k g\u0259r\u0259kdir. (Bu bar\u0259d\u0259 v\u0259 Doktor Marqaret \u00c7enin haz\u0131rlatd\u0131\u011f\u0131 hesabat\u0131n \u00e7ox vacib n\u0259tic\u0259l\u0259ri haqda n\u00f6vb\u0259ti yaz\u0131larda).<\/p>\n","protected":false},"excerpt":{"rendered":"<p>Tibbi s\u0131\u011fortan\u0131n t\u0259tbiqi bu g\u00fcn bizim \u00fc\u00e7\u00fcn t\u0259cili can v\u0259 l\u0259yaq\u0259t davas\u0131d\u0131r. \u0130ndi onu t\u0259l\u0259b etm\u0259k &#8220;Az\u0259rbaycan\u0131n Gilqame\u015f dastan\u0131&#8221;d\u0131r&#8230;<\/p>\n","protected":false},"author":11,"featured_media":73049,"comment_status":"closed","ping_status":"open","sticky":false,"template":"","format":"standard","meta":{"_acf_changed":false,"_sitemap_exclude":false,"_sitemap_priority":"","_sitemap_frequency":"","footnotes":""},"categories":[57],"tags":[],"class_list":["post-180598","post","type-post","status-publish","format-standard","has-post-thumbnail","hentry","category-menim-fikrimce","infinite-scroll-item","generate-columns","tablet-grid-50","mobile-grid-100","grid-parent","grid-33","no-featured-image-padding"],"acf":[],"yoast_head":"<!-- This site is optimized with the Yoast SEO plugin v27.5 - https:\/\/yoast.com\/product\/yoast-seo-wordpress\/ -->\n<title>\u00dcmumd\u00fcnya S\u0259hiyy\u0259 T\u0259\u015fkilat\u0131n\u0131n bizim \u00fc\u00e7\u00fcn haray\u0131 - MEYDAN.TV<\/title>\n<meta name=\"robots\" content=\"index, follow, max-snippet:-1, max-image-preview:large, max-video-preview:-1\" \/>\n<link rel=\"canonical\" href=\"https:\/\/www.meydan.tv\/az\/article\/umumdunya-sehiyye-teskilatinin-bizim-ucun-harayi\/\" \/>\n<meta property=\"og:locale\" content=\"az_AZ\" \/>\n<meta property=\"og:type\" content=\"article\" \/>\n<meta property=\"og:title\" content=\"\u00dcmumd\u00fcnya S\u0259hiyy\u0259 T\u0259\u015fkilat\u0131n\u0131n bizim \u00fc\u00e7\u00fcn haray\u0131 - MEYDAN.TV\" \/>\n<meta property=\"og:description\" content=\"Tibbi s\u0131\u011fortan\u0131n t\u0259tbiqi bu g\u00fcn bizim \u00fc\u00e7\u00fcn t\u0259cili can v\u0259 l\u0259yaq\u0259t davas\u0131d\u0131r. \u0130ndi onu t\u0259l\u0259b etm\u0259k &quot;Az\u0259rbaycan\u0131n Gilqame\u015f dastan\u0131&quot;d\u0131r...\" \/>\n<meta property=\"og:url\" content=\"https:\/\/www.meydan.tv\/az\/article\/umumdunya-sehiyye-teskilatinin-bizim-ucun-harayi\/\" \/>\n<meta property=\"og:site_name\" content=\"MEYDAN.TV\" \/>\n<meta property=\"article:published_time\" content=\"2016-11-21T16:25:29+00:00\" \/>\n<meta property=\"og:image\" content=\"https:\/\/www.meydan.tv\/wp-content\/uploads\/28173.jpg\" \/>\n\t<meta property=\"og:image:width\" content=\"500\" \/>\n\t<meta property=\"og:image:height\" content=\"300\" \/>\n\t<meta property=\"og:image:type\" content=\"image\/jpeg\" \/>\n<meta name=\"author\" content=\"user-manager\" \/>\n<meta name=\"twitter:card\" content=\"summary_large_image\" \/>\n<script type=\"application\/ld+json\" class=\"yoast-schema-graph\">{\"@context\":\"https:\\\/\\\/schema.org\",\"@graph\":[{\"@type\":\"Article\",\"@id\":\"https:\\\/\\\/www.meydan.tv\\\/az\\\/article\\\/umumdunya-sehiyye-teskilatinin-bizim-ucun-harayi\\\/#article\",\"isPartOf\":{\"@id\":\"https:\\\/\\\/www.meydan.tv\\\/az\\\/article\\\/umumdunya-sehiyye-teskilatinin-bizim-ucun-harayi\\\/\"},\"author\":{\"name\":\"user-manager\",\"@id\":\"https:\\\/\\\/www.meydan.tv\\\/az\\\/#\\\/schema\\\/person\\\/10d11eccf6da3662cf5fdab9806ea91a\"},\"headline\":\"\u00dcmumd\u00fcnya S\u0259hiyy\u0259 T\u0259\u015fkilat\u0131n\u0131n bizim \u00fc\u00e7\u00fcn haray\u0131\",\"datePublished\":\"2016-11-21T16:25:29+00:00\",\"mainEntityOfPage\":{\"@id\":\"https:\\\/\\\/www.meydan.tv\\\/az\\\/article\\\/umumdunya-sehiyye-teskilatinin-bizim-ucun-harayi\\\/\"},\"wordCount\":874,\"publisher\":{\"@id\":\"https:\\\/\\\/www.meydan.tv\\\/az\\\/#organization\"},\"image\":{\"@id\":\"https:\\\/\\\/www.meydan.tv\\\/az\\\/article\\\/umumdunya-sehiyye-teskilatinin-bizim-ucun-harayi\\\/#primaryimage\"},\"thumbnailUrl\":\"https:\\\/\\\/www.meydan.tv\\\/wp-content\\\/uploads\\\/28173.jpg\",\"articleSection\":[\"M\u0259nim Fikrimc\u0259\"],\"inLanguage\":\"az\"},{\"@type\":\"WebPage\",\"@id\":\"https:\\\/\\\/www.meydan.tv\\\/az\\\/article\\\/umumdunya-sehiyye-teskilatinin-bizim-ucun-harayi\\\/\",\"url\":\"https:\\\/\\\/www.meydan.tv\\\/az\\\/article\\\/umumdunya-sehiyye-teskilatinin-bizim-ucun-harayi\\\/\",\"name\":\"\u00dcmumd\u00fcnya S\u0259hiyy\u0259 T\u0259\u015fkilat\u0131n\u0131n bizim \u00fc\u00e7\u00fcn haray\u0131 - MEYDAN.TV\",\"isPartOf\":{\"@id\":\"https:\\\/\\\/www.meydan.tv\\\/az\\\/#website\"},\"primaryImageOfPage\":{\"@id\":\"https:\\\/\\\/www.meydan.tv\\\/az\\\/article\\\/umumdunya-sehiyye-teskilatinin-bizim-ucun-harayi\\\/#primaryimage\"},\"image\":{\"@id\":\"https:\\\/\\\/www.meydan.tv\\\/az\\\/article\\\/umumdunya-sehiyye-teskilatinin-bizim-ucun-harayi\\\/#primaryimage\"},\"thumbnailUrl\":\"https:\\\/\\\/www.meydan.tv\\\/wp-content\\\/uploads\\\/28173.jpg\",\"datePublished\":\"2016-11-21T16:25:29+00:00\",\"breadcrumb\":{\"@id\":\"https:\\\/\\\/www.meydan.tv\\\/az\\\/article\\\/umumdunya-sehiyye-teskilatinin-bizim-ucun-harayi\\\/#breadcrumb\"},\"inLanguage\":\"az\",\"potentialAction\":[{\"@type\":\"ReadAction\",\"target\":[\"https:\\\/\\\/www.meydan.tv\\\/az\\\/article\\\/umumdunya-sehiyye-teskilatinin-bizim-ucun-harayi\\\/\"]}]},{\"@type\":\"ImageObject\",\"inLanguage\":\"az\",\"@id\":\"https:\\\/\\\/www.meydan.tv\\\/az\\\/article\\\/umumdunya-sehiyye-teskilatinin-bizim-ucun-harayi\\\/#primaryimage\",\"url\":\"https:\\\/\\\/www.meydan.tv\\\/wp-content\\\/uploads\\\/28173.jpg\",\"contentUrl\":\"https:\\\/\\\/www.meydan.tv\\\/wp-content\\\/uploads\\\/28173.jpg\",\"width\":500,\"height\":300,\"caption\":\"Source:\"},{\"@type\":\"BreadcrumbList\",\"@id\":\"https:\\\/\\\/www.meydan.tv\\\/az\\\/article\\\/umumdunya-sehiyye-teskilatinin-bizim-ucun-harayi\\\/#breadcrumb\",\"itemListElement\":[{\"@type\":\"ListItem\",\"position\":1,\"name\":\"Ana s\u0259hif\u0259\",\"item\":\"https:\\\/\\\/www.meydan.tv\\\/az\\\/\"},{\"@type\":\"ListItem\",\"position\":2,\"name\":\"M\u0259nim Fikrimc\u0259\",\"item\":\"https:\\\/\\\/www.meydan.tv\\\/az\\\/section\\\/menim-fikrimce\\\/\"},{\"@type\":\"ListItem\",\"position\":3,\"name\":\"\u00dcmumd\u00fcnya S\u0259hiyy\u0259 T\u0259\u015fkilat\u0131n\u0131n bizim \u00fc\u00e7\u00fcn haray\u0131\"}]},{\"@type\":\"WebSite\",\"@id\":\"https:\\\/\\\/www.meydan.tv\\\/az\\\/#website\",\"url\":\"https:\\\/\\\/www.meydan.tv\\\/az\\\/\",\"name\":\"MEYDAN.TV\",\"description\":\"Meydan TV Az\u0259rbaycan\u0131n media m\u0259kan\u0131ndak\u0131 alternativ s\u0259sidir\",\"publisher\":{\"@id\":\"https:\\\/\\\/www.meydan.tv\\\/az\\\/#organization\"},\"potentialAction\":[{\"@type\":\"SearchAction\",\"target\":{\"@type\":\"EntryPoint\",\"urlTemplate\":\"https:\\\/\\\/www.meydan.tv\\\/az\\\/?s={search_term_string}\"},\"query-input\":{\"@type\":\"PropertyValueSpecification\",\"valueRequired\":true,\"valueName\":\"search_term_string\"}}],\"inLanguage\":\"az\"},{\"@type\":\"Organization\",\"@id\":\"https:\\\/\\\/www.meydan.tv\\\/az\\\/#organization\",\"name\":\"Meydan TV\",\"url\":\"https:\\\/\\\/www.meydan.tv\\\/az\\\/\",\"logo\":{\"@type\":\"ImageObject\",\"inLanguage\":\"az\",\"@id\":\"https:\\\/\\\/www.meydan.tv\\\/az\\\/#\\\/schema\\\/logo\\\/image\\\/\",\"url\":\"https:\\\/\\\/www.meydan.tv\\\/wp-content\\\/uploads\\\/2021\\\/07\\\/meydan-logo.svg\",\"contentUrl\":\"https:\\\/\\\/www.meydan.tv\\\/wp-content\\\/uploads\\\/2021\\\/07\\\/meydan-logo.svg\",\"width\":195,\"height\":46,\"caption\":\"Meydan TV\"},\"image\":{\"@id\":\"https:\\\/\\\/www.meydan.tv\\\/az\\\/#\\\/schema\\\/logo\\\/image\\\/\"}},{\"@type\":\"Person\",\"@id\":\"https:\\\/\\\/www.meydan.tv\\\/az\\\/#\\\/schema\\\/person\\\/10d11eccf6da3662cf5fdab9806ea91a\",\"name\":\"user-manager\"}]}<\/script>\n<!-- \/ Yoast SEO plugin. -->","yoast_head_json":{"title":"\u00dcmumd\u00fcnya S\u0259hiyy\u0259 T\u0259\u015fkilat\u0131n\u0131n bizim \u00fc\u00e7\u00fcn haray\u0131 - MEYDAN.TV","robots":{"index":"index","follow":"follow","max-snippet":"max-snippet:-1","max-image-preview":"max-image-preview:large","max-video-preview":"max-video-preview:-1"},"canonical":"https:\/\/www.meydan.tv\/az\/article\/umumdunya-sehiyye-teskilatinin-bizim-ucun-harayi\/","og_locale":"az_AZ","og_type":"article","og_title":"\u00dcmumd\u00fcnya S\u0259hiyy\u0259 T\u0259\u015fkilat\u0131n\u0131n bizim \u00fc\u00e7\u00fcn haray\u0131 - MEYDAN.TV","og_description":"Tibbi s\u0131\u011fortan\u0131n t\u0259tbiqi bu g\u00fcn bizim \u00fc\u00e7\u00fcn t\u0259cili can v\u0259 l\u0259yaq\u0259t davas\u0131d\u0131r. \u0130ndi onu t\u0259l\u0259b etm\u0259k \"Az\u0259rbaycan\u0131n Gilqame\u015f dastan\u0131\"d\u0131r...","og_url":"https:\/\/www.meydan.tv\/az\/article\/umumdunya-sehiyye-teskilatinin-bizim-ucun-harayi\/","og_site_name":"MEYDAN.TV","article_published_time":"2016-11-21T16:25:29+00:00","og_image":[{"width":500,"height":300,"url":"https:\/\/www.meydan.tv\/wp-content\/uploads\/28173.jpg","type":"image\/jpeg"}],"author":"user-manager","twitter_card":"summary_large_image","schema":{"@context":"https:\/\/schema.org","@graph":[{"@type":"Article","@id":"https:\/\/www.meydan.tv\/az\/article\/umumdunya-sehiyye-teskilatinin-bizim-ucun-harayi\/#article","isPartOf":{"@id":"https:\/\/www.meydan.tv\/az\/article\/umumdunya-sehiyye-teskilatinin-bizim-ucun-harayi\/"},"author":{"name":"user-manager","@id":"https:\/\/www.meydan.tv\/az\/#\/schema\/person\/10d11eccf6da3662cf5fdab9806ea91a"},"headline":"\u00dcmumd\u00fcnya S\u0259hiyy\u0259 T\u0259\u015fkilat\u0131n\u0131n bizim \u00fc\u00e7\u00fcn haray\u0131","datePublished":"2016-11-21T16:25:29+00:00","mainEntityOfPage":{"@id":"https:\/\/www.meydan.tv\/az\/article\/umumdunya-sehiyye-teskilatinin-bizim-ucun-harayi\/"},"wordCount":874,"publisher":{"@id":"https:\/\/www.meydan.tv\/az\/#organization"},"image":{"@id":"https:\/\/www.meydan.tv\/az\/article\/umumdunya-sehiyye-teskilatinin-bizim-ucun-harayi\/#primaryimage"},"thumbnailUrl":"https:\/\/www.meydan.tv\/wp-content\/uploads\/28173.jpg","articleSection":["M\u0259nim Fikrimc\u0259"],"inLanguage":"az"},{"@type":"WebPage","@id":"https:\/\/www.meydan.tv\/az\/article\/umumdunya-sehiyye-teskilatinin-bizim-ucun-harayi\/","url":"https:\/\/www.meydan.tv\/az\/article\/umumdunya-sehiyye-teskilatinin-bizim-ucun-harayi\/","name":"\u00dcmumd\u00fcnya S\u0259hiyy\u0259 T\u0259\u015fkilat\u0131n\u0131n bizim \u00fc\u00e7\u00fcn haray\u0131 - MEYDAN.TV","isPartOf":{"@id":"https:\/\/www.meydan.tv\/az\/#website"},"primaryImageOfPage":{"@id":"https:\/\/www.meydan.tv\/az\/article\/umumdunya-sehiyye-teskilatinin-bizim-ucun-harayi\/#primaryimage"},"image":{"@id":"https:\/\/www.meydan.tv\/az\/article\/umumdunya-sehiyye-teskilatinin-bizim-ucun-harayi\/#primaryimage"},"thumbnailUrl":"https:\/\/www.meydan.tv\/wp-content\/uploads\/28173.jpg","datePublished":"2016-11-21T16:25:29+00:00","breadcrumb":{"@id":"https:\/\/www.meydan.tv\/az\/article\/umumdunya-sehiyye-teskilatinin-bizim-ucun-harayi\/#breadcrumb"},"inLanguage":"az","potentialAction":[{"@type":"ReadAction","target":["https:\/\/www.meydan.tv\/az\/article\/umumdunya-sehiyye-teskilatinin-bizim-ucun-harayi\/"]}]},{"@type":"ImageObject","inLanguage":"az","@id":"https:\/\/www.meydan.tv\/az\/article\/umumdunya-sehiyye-teskilatinin-bizim-ucun-harayi\/#primaryimage","url":"https:\/\/www.meydan.tv\/wp-content\/uploads\/28173.jpg","contentUrl":"https:\/\/www.meydan.tv\/wp-content\/uploads\/28173.jpg","width":500,"height":300,"caption":"Source:"},{"@type":"BreadcrumbList","@id":"https:\/\/www.meydan.tv\/az\/article\/umumdunya-sehiyye-teskilatinin-bizim-ucun-harayi\/#breadcrumb","itemListElement":[{"@type":"ListItem","position":1,"name":"Ana s\u0259hif\u0259","item":"https:\/\/www.meydan.tv\/az\/"},{"@type":"ListItem","position":2,"name":"M\u0259nim Fikrimc\u0259","item":"https:\/\/www.meydan.tv\/az\/section\/menim-fikrimce\/"},{"@type":"ListItem","position":3,"name":"\u00dcmumd\u00fcnya S\u0259hiyy\u0259 T\u0259\u015fkilat\u0131n\u0131n bizim \u00fc\u00e7\u00fcn haray\u0131"}]},{"@type":"WebSite","@id":"https:\/\/www.meydan.tv\/az\/#website","url":"https:\/\/www.meydan.tv\/az\/","name":"MEYDAN.TV","description":"Meydan TV Az\u0259rbaycan\u0131n media m\u0259kan\u0131ndak\u0131 alternativ s\u0259sidir","publisher":{"@id":"https:\/\/www.meydan.tv\/az\/#organization"},"potentialAction":[{"@type":"SearchAction","target":{"@type":"EntryPoint","urlTemplate":"https:\/\/www.meydan.tv\/az\/?s={search_term_string}"},"query-input":{"@type":"PropertyValueSpecification","valueRequired":true,"valueName":"search_term_string"}}],"inLanguage":"az"},{"@type":"Organization","@id":"https:\/\/www.meydan.tv\/az\/#organization","name":"Meydan TV","url":"https:\/\/www.meydan.tv\/az\/","logo":{"@type":"ImageObject","inLanguage":"az","@id":"https:\/\/www.meydan.tv\/az\/#\/schema\/logo\/image\/","url":"https:\/\/www.meydan.tv\/wp-content\/uploads\/2021\/07\/meydan-logo.svg","contentUrl":"https:\/\/www.meydan.tv\/wp-content\/uploads\/2021\/07\/meydan-logo.svg","width":195,"height":46,"caption":"Meydan TV"},"image":{"@id":"https:\/\/www.meydan.tv\/az\/#\/schema\/logo\/image\/"}},{"@type":"Person","@id":"https:\/\/www.meydan.tv\/az\/#\/schema\/person\/10d11eccf6da3662cf5fdab9806ea91a","name":"user-manager"}]}},"_links":{"self":[{"href":"https:\/\/www.meydan.tv\/az\/wp-json\/wp\/v2\/posts\/180598","targetHints":{"allow":["GET"]}}],"collection":[{"href":"https:\/\/www.meydan.tv\/az\/wp-json\/wp\/v2\/posts"}],"about":[{"href":"https:\/\/www.meydan.tv\/az\/wp-json\/wp\/v2\/types\/post"}],"author":[{"embeddable":true,"href":"https:\/\/www.meydan.tv\/az\/wp-json\/wp\/v2\/users\/11"}],"replies":[{"embeddable":true,"href":"https:\/\/www.meydan.tv\/az\/wp-json\/wp\/v2\/comments?post=180598"}],"version-history":[{"count":0,"href":"https:\/\/www.meydan.tv\/az\/wp-json\/wp\/v2\/posts\/180598\/revisions"}],"wp:featuredmedia":[{"embeddable":true,"href":"https:\/\/www.meydan.tv\/az\/wp-json\/wp\/v2\/media\/73049"}],"wp:attachment":[{"href":"https:\/\/www.meydan.tv\/az\/wp-json\/wp\/v2\/media?parent=180598"}],"wp:term":[{"taxonomy":"category","embeddable":true,"href":"https:\/\/www.meydan.tv\/az\/wp-json\/wp\/v2\/categories?post=180598"},{"taxonomy":"post_tag","embeddable":true,"href":"https:\/\/www.meydan.tv\/az\/wp-json\/wp\/v2\/tags?post=180598"}],"curies":[{"name":"wp","href":"https:\/\/api.w.org\/{rel}","templated":true}]}}