{"id":180584,"date":"2016-11-21T13:21:02","date_gmt":"2016-11-21T13:21:02","guid":{"rendered":"https:\/\/www.meydan.tv\/article\/ilham-saban-neftimiz-qeyri-neftcilere-ne-ved-edir\/"},"modified":"2016-11-21T13:21:02","modified_gmt":"2016-11-21T13:21:02","slug":"ilham-saban-neftimiz-qeyri-neftcilere-ne-ved-edir","status":"publish","type":"post","link":"https:\/\/www.meydan.tv\/az\/article\/ilham-saban-neftimiz-qeyri-neftcilere-ne-ved-edir\/","title":{"rendered":"Ilham \u015eaban: Neftimiz &#8221;qeyri-neft\u00e7il\u0259r\u0259&#8221; n\u0259 v\u0259d edir?"},"content":{"rendered":"<figure class=\"wp-block-image size-large\">\n  <img decoding=\"async\" src=\"https:\/\/www.meydan.tv\/az\/70552\/\" alt=\"\" class=\"wp-image-70552\"\/><figcaption><\/figcaption><\/figure>\n<figure class=\"wp-block-image size-large\">\n  <img decoding=\"async\" src=\"https:\/\/www.meydan.tv\/az\/70552\/\" alt=\"\" class=\"wp-image-70552\"\/><figcaption>\n    \u0130lham \u015eaban foto sosial \u015f\u0259b\u0259k\u0259<br \/>\n  <\/figcaption><\/figure>\n<p>\n  <i><br \/>\n    &#8221;Az\u0259rbaycan\u0131n m\u0259nf\u0259\u0259t neftinin g\u0259lirl\u0259ri 2014-d\u0259 $16.3 mlrd, 2015-d\u0259 $7.2 mlrd olmu\u015fdusa, bu il bu g\u00f6st\u0259rici $5 mlrd-dan da az olacaq&#8221;<br \/>\n  <\/i>\n<\/p>\n<p>\n  Bu sualla \u00f6z &#8220;Facebook&#8221; s\u0259hif\u0259sind\u0259 neft sah\u0259si \u00fczr\u0259 m\u00fct\u0259x\u0259ssis \u0130lham \u015eaban \u015f\u0131x\u0131\u015f edib.\n<\/p>\n<p>\n  O, bildirib ki, 10 ay\u0131n yekunlar\u0131na g\u00f6r\u0259 BTC FOB Ceyhan markal\u0131 neftin orta qiym\u0259ti $43.08 t\u0259\u015fkil edib. \u0130lin sonuna neftimizin qiym\u0259ti $45.3-\u0259 q\u0259d\u0259r y\u00fcks\u0259l\u0259 bil\u0259r. Ancaq bu o dem\u0259kdir ki, \u00f6t\u0259n ill\u0259 m\u00fcqayis\u0259d\u0259 neft qiym\u0259tl\u0259ri h\u0259r bareld\u0259 d\u00fcz $9 v\u0259 ya 16.6 faiz azalm\u0131\u015f olar. Bundan \u0259lav\u0259 cari ild\u0259 10 ay\u0131n yekunlar\u0131na g\u00f6r\u0259 \u00f6lk\u0259nin hasilat\u0131nda 0.8 faizlik bir enm\u0259 m\u00fc\u015fahid\u0259 olunub. \u0130lin sonunda bu g\u00f6st\u0259rici 0,9 faizd\u0259n art\u0131q olacaq. N\u0259tic\u0259d\u0259 \u00f6t\u0259n ilin \u0259mt\u0259\u0259lik neft hasilat\u0131 il\u0259 m\u00fcqayis\u0259d\u0259 2016-c\u0131 ild\u0259 t\u0259qrib\u0259n 400 min ton v\u0259 ya 3 mln barel\u0259 yax\u0131n azalma g\u00f6zl\u0259nilir.\n<\/p>\n<p>\n  \u0130.\u015eaban hesab edir ki, yaranm\u0131\u015f durum Neft Fonduna neft v\u0259 qaz sat\u0131\u015f\u0131ndan g\u0259l\u0259n g\u0259lirl\u0259r\u0259 x\u00fcsusil\u0259 \u00f6z t\u0259sirl\u0259rini g\u00f6st\u0259r\u0259c\u0259k. \u018fg\u0259r 2015-ci ild\u0259 neft v\u0259 qaz sat\u0131\u015f\u0131ndan Fonda g\u0259l\u0259n g\u0259lirl\u0259rin h\u0259cmi $7.229 mlrd olmu\u015fdusa, cari ild\u0259 bu g\u00f6st\u0259rici $4.7-4.8 mlrd \u0259traf\u0131nda g\u00f6zl\u0259n\u0259 bil\u0259r. \u018fg\u0259r \u00f6t\u0259n il Neft Fondu &#8220;\u015eahd\u0259niz&#8221; layih\u0259si \u00e7\u0259r\u00e7iv\u0259sind\u0259 $322.8 mln g\u0259lir \u0259ld\u0259 etmi\u015fdis\u0259, bu il qaz\u0131n m\u0259nf\u0259\u0259ti $64 mln-luq bir h\u0259dl\u0259 m\u0259hdudla\u015facaq ki, bunun da bir s\u0259b\u0259bi &#8221; \u015eahd\u0259niz-2&#8243; layih\u0259si \u00fczr\u0259 \u0259sasl\u0131 kapital\u0131n qaytar\u0131lmas\u0131na m\u0259nf\u0259\u0259timizin bir hiss\u0259sinin y\u00f6n\u0259ldilm\u0259si t\u0259\u015fkil edirdis\u0259, ikinci bir t\u0259r\u0259fd\u0259n, &#8220;\u015eahd\u0259niz-1&#8221; layih\u0259si \u00fczr\u0259 daxili bazara al\u0131nan qaz\u0131n \u00f6d\u0259nm\u0259sin\u0259 \u00e7\u0259kil\u0259n x\u0259rcl\u0259rl\u0259 ba\u011fl\u0131d\u0131r.\n<\/p>\n<p>\n  &#8220;Bel\u0259likl\u0259, Az\u0259rbaycan\u0131n m\u0259nf\u0259\u0259t neftinin g\u0259lirl\u0259ri 2014-d\u0259 $16.3 mlrd, 2015-d\u0259 $7.2 mlrd olmu\u015fdusa, bu il bu g\u00f6st\u0259rici $5 mlrd-dan da az olacaq. Ona g\u00f6r\u0259 d\u0259 h\u00f6kum\u0259t g\u0259l\u0259n ilin b\u00fcdc\u0259sini dollar ekvivalentind\u0259 son 10 ilin \u0259n minimal b\u00fcdc\u0259si kimi formala\u015fd\u0131r\u0131r ($8 mlrd)&#8221;,-dey\u0259 \u015eaban fikrini yekunla\u015fd\u0131r\u0131b.\n<\/p><\/p>\n","protected":false},"excerpt":{"rendered":"<p>&#8221;Az\u0259rbaycan\u0131n m\u0259nf\u0259\u0259t neftinin g\u0259lirl\u0259ri 2014-d\u0259 $16.3 mlrd, 2015-d\u0259 $7.2 mlrd olmu\u015fdusa, bu il bu g\u00f6st\u0259rici $5 mlrd-dan da az olacaq&#8221;<\/p>\n","protected":false},"author":11,"featured_media":70552,"comment_status":"closed","ping_status":"open","sticky":false,"template":"","format":"standard","meta":{"_acf_changed":false,"_sitemap_exclude":false,"_sitemap_priority":"","_sitemap_frequency":"","footnotes":""},"categories":[51],"tags":[],"class_list":["post-180584","post","type-post","status-publish","format-standard","has-post-thumbnail","hentry","category-analitika","infinite-scroll-item","generate-columns","tablet-grid-50","mobile-grid-100","grid-parent","grid-33","no-featured-image-padding"],"acf":[],"yoast_head":"<!-- This site is optimized with the Yoast SEO plugin v27.5 - https:\/\/yoast.com\/product\/yoast-seo-wordpress\/ -->\n<title>Ilham \u015eaban: Neftimiz &#039;&#039;qeyri-neft\u00e7il\u0259r\u0259&#039;&#039; n\u0259 v\u0259d edir? - MEYDAN.TV<\/title>\n<meta name=\"robots\" content=\"index, follow, max-snippet:-1, max-image-preview:large, max-video-preview:-1\" \/>\n<link rel=\"canonical\" href=\"https:\/\/www.meydan.tv\/az\/article\/ilham-saban-neftimiz-qeyri-neftcilere-ne-ved-edir\/\" \/>\n<meta property=\"og:locale\" content=\"az_AZ\" \/>\n<meta property=\"og:type\" content=\"article\" \/>\n<meta property=\"og:title\" content=\"Ilham \u015eaban: Neftimiz &#039;&#039;qeyri-neft\u00e7il\u0259r\u0259&#039;&#039; n\u0259 v\u0259d edir? - MEYDAN.TV\" \/>\n<meta property=\"og:description\" content=\"&#039;&#039;Az\u0259rbaycan\u0131n m\u0259nf\u0259\u0259t neftinin g\u0259lirl\u0259ri 2014-d\u0259 $16.3 mlrd, 2015-d\u0259 $7.2 mlrd olmu\u015fdusa, bu il bu g\u00f6st\u0259rici $5 mlrd-dan da az olacaq&#039;&#039;\" \/>\n<meta property=\"og:url\" content=\"https:\/\/www.meydan.tv\/az\/article\/ilham-saban-neftimiz-qeyri-neftcilere-ne-ved-edir\/\" \/>\n<meta property=\"og:site_name\" content=\"MEYDAN.TV\" \/>\n<meta property=\"article:published_time\" content=\"2016-11-21T13:21:02+00:00\" \/>\n<meta property=\"og:image\" content=\"https:\/\/www.meydan.tv\/wp-content\/uploads\/26992.jpg\" \/>\n\t<meta property=\"og:image:width\" content=\"620\" \/>\n\t<meta property=\"og:image:height\" content=\"411\" \/>\n\t<meta property=\"og:image:type\" content=\"image\/jpeg\" \/>\n<meta name=\"author\" content=\"user-manager\" \/>\n<meta name=\"twitter:card\" content=\"summary_large_image\" \/>\n<script type=\"application\/ld+json\" class=\"yoast-schema-graph\">{\"@context\":\"https:\\\/\\\/schema.org\",\"@graph\":[{\"@type\":\"Article\",\"@id\":\"https:\\\/\\\/www.meydan.tv\\\/az\\\/article\\\/ilham-saban-neftimiz-qeyri-neftcilere-ne-ved-edir\\\/#article\",\"isPartOf\":{\"@id\":\"https:\\\/\\\/www.meydan.tv\\\/az\\\/article\\\/ilham-saban-neftimiz-qeyri-neftcilere-ne-ved-edir\\\/\"},\"author\":{\"name\":\"user-manager\",\"@id\":\"https:\\\/\\\/www.meydan.tv\\\/az\\\/#\\\/schema\\\/person\\\/10d11eccf6da3662cf5fdab9806ea91a\"},\"headline\":\"Ilham \u015eaban: Neftimiz &#8221;qeyri-neft\u00e7il\u0259r\u0259&#8221; n\u0259 v\u0259d edir?\",\"datePublished\":\"2016-11-21T13:21:02+00:00\",\"mainEntityOfPage\":{\"@id\":\"https:\\\/\\\/www.meydan.tv\\\/az\\\/article\\\/ilham-saban-neftimiz-qeyri-neftcilere-ne-ved-edir\\\/\"},\"wordCount\":407,\"publisher\":{\"@id\":\"https:\\\/\\\/www.meydan.tv\\\/az\\\/#organization\"},\"image\":{\"@id\":\"https:\\\/\\\/www.meydan.tv\\\/az\\\/article\\\/ilham-saban-neftimiz-qeyri-neftcilere-ne-ved-edir\\\/#primaryimage\"},\"thumbnailUrl\":\"https:\\\/\\\/www.meydan.tv\\\/wp-content\\\/uploads\\\/26992.jpg\",\"articleSection\":[\"Analitika\"],\"inLanguage\":\"az\"},{\"@type\":\"WebPage\",\"@id\":\"https:\\\/\\\/www.meydan.tv\\\/az\\\/article\\\/ilham-saban-neftimiz-qeyri-neftcilere-ne-ved-edir\\\/\",\"url\":\"https:\\\/\\\/www.meydan.tv\\\/az\\\/article\\\/ilham-saban-neftimiz-qeyri-neftcilere-ne-ved-edir\\\/\",\"name\":\"Ilham \u015eaban: Neftimiz ''qeyri-neft\u00e7il\u0259r\u0259'' n\u0259 v\u0259d edir? - MEYDAN.TV\",\"isPartOf\":{\"@id\":\"https:\\\/\\\/www.meydan.tv\\\/az\\\/#website\"},\"primaryImageOfPage\":{\"@id\":\"https:\\\/\\\/www.meydan.tv\\\/az\\\/article\\\/ilham-saban-neftimiz-qeyri-neftcilere-ne-ved-edir\\\/#primaryimage\"},\"image\":{\"@id\":\"https:\\\/\\\/www.meydan.tv\\\/az\\\/article\\\/ilham-saban-neftimiz-qeyri-neftcilere-ne-ved-edir\\\/#primaryimage\"},\"thumbnailUrl\":\"https:\\\/\\\/www.meydan.tv\\\/wp-content\\\/uploads\\\/26992.jpg\",\"datePublished\":\"2016-11-21T13:21:02+00:00\",\"breadcrumb\":{\"@id\":\"https:\\\/\\\/www.meydan.tv\\\/az\\\/article\\\/ilham-saban-neftimiz-qeyri-neftcilere-ne-ved-edir\\\/#breadcrumb\"},\"inLanguage\":\"az\",\"potentialAction\":[{\"@type\":\"ReadAction\",\"target\":[\"https:\\\/\\\/www.meydan.tv\\\/az\\\/article\\\/ilham-saban-neftimiz-qeyri-neftcilere-ne-ved-edir\\\/\"]}]},{\"@type\":\"ImageObject\",\"inLanguage\":\"az\",\"@id\":\"https:\\\/\\\/www.meydan.tv\\\/az\\\/article\\\/ilham-saban-neftimiz-qeyri-neftcilere-ne-ved-edir\\\/#primaryimage\",\"url\":\"https:\\\/\\\/www.meydan.tv\\\/wp-content\\\/uploads\\\/26992.jpg\",\"contentUrl\":\"https:\\\/\\\/www.meydan.tv\\\/wp-content\\\/uploads\\\/26992.jpg\",\"width\":620,\"height\":411,\"caption\":\"Source:\"},{\"@type\":\"BreadcrumbList\",\"@id\":\"https:\\\/\\\/www.meydan.tv\\\/az\\\/article\\\/ilham-saban-neftimiz-qeyri-neftcilere-ne-ved-edir\\\/#breadcrumb\",\"itemListElement\":[{\"@type\":\"ListItem\",\"position\":1,\"name\":\"Ana s\u0259hif\u0259\",\"item\":\"https:\\\/\\\/www.meydan.tv\\\/az\\\/\"},{\"@type\":\"ListItem\",\"position\":2,\"name\":\"Analitika\",\"item\":\"https:\\\/\\\/www.meydan.tv\\\/az\\\/section\\\/analitika\\\/\"},{\"@type\":\"ListItem\",\"position\":3,\"name\":\"Ilham \u015eaban: Neftimiz &#8221;qeyri-neft\u00e7il\u0259r\u0259&#8221; n\u0259 v\u0259d edir?\"}]},{\"@type\":\"WebSite\",\"@id\":\"https:\\\/\\\/www.meydan.tv\\\/az\\\/#website\",\"url\":\"https:\\\/\\\/www.meydan.tv\\\/az\\\/\",\"name\":\"MEYDAN.TV\",\"description\":\"Meydan TV Az\u0259rbaycan\u0131n media m\u0259kan\u0131ndak\u0131 alternativ s\u0259sidir\",\"publisher\":{\"@id\":\"https:\\\/\\\/www.meydan.tv\\\/az\\\/#organization\"},\"potentialAction\":[{\"@type\":\"SearchAction\",\"target\":{\"@type\":\"EntryPoint\",\"urlTemplate\":\"https:\\\/\\\/www.meydan.tv\\\/az\\\/?s={search_term_string}\"},\"query-input\":{\"@type\":\"PropertyValueSpecification\",\"valueRequired\":true,\"valueName\":\"search_term_string\"}}],\"inLanguage\":\"az\"},{\"@type\":\"Organization\",\"@id\":\"https:\\\/\\\/www.meydan.tv\\\/az\\\/#organization\",\"name\":\"Meydan TV\",\"url\":\"https:\\\/\\\/www.meydan.tv\\\/az\\\/\",\"logo\":{\"@type\":\"ImageObject\",\"inLanguage\":\"az\",\"@id\":\"https:\\\/\\\/www.meydan.tv\\\/az\\\/#\\\/schema\\\/logo\\\/image\\\/\",\"url\":\"https:\\\/\\\/www.meydan.tv\\\/wp-content\\\/uploads\\\/2021\\\/07\\\/meydan-logo.svg\",\"contentUrl\":\"https:\\\/\\\/www.meydan.tv\\\/wp-content\\\/uploads\\\/2021\\\/07\\\/meydan-logo.svg\",\"width\":195,\"height\":46,\"caption\":\"Meydan TV\"},\"image\":{\"@id\":\"https:\\\/\\\/www.meydan.tv\\\/az\\\/#\\\/schema\\\/logo\\\/image\\\/\"}},{\"@type\":\"Person\",\"@id\":\"https:\\\/\\\/www.meydan.tv\\\/az\\\/#\\\/schema\\\/person\\\/10d11eccf6da3662cf5fdab9806ea91a\",\"name\":\"user-manager\"}]}<\/script>\n<!-- \/ Yoast SEO plugin. -->","yoast_head_json":{"title":"Ilham \u015eaban: Neftimiz ''qeyri-neft\u00e7il\u0259r\u0259'' n\u0259 v\u0259d edir? - MEYDAN.TV","robots":{"index":"index","follow":"follow","max-snippet":"max-snippet:-1","max-image-preview":"max-image-preview:large","max-video-preview":"max-video-preview:-1"},"canonical":"https:\/\/www.meydan.tv\/az\/article\/ilham-saban-neftimiz-qeyri-neftcilere-ne-ved-edir\/","og_locale":"az_AZ","og_type":"article","og_title":"Ilham \u015eaban: Neftimiz ''qeyri-neft\u00e7il\u0259r\u0259'' n\u0259 v\u0259d edir? - MEYDAN.TV","og_description":"''Az\u0259rbaycan\u0131n m\u0259nf\u0259\u0259t neftinin g\u0259lirl\u0259ri 2014-d\u0259 $16.3 mlrd, 2015-d\u0259 $7.2 mlrd olmu\u015fdusa, bu il bu g\u00f6st\u0259rici $5 mlrd-dan da az olacaq''","og_url":"https:\/\/www.meydan.tv\/az\/article\/ilham-saban-neftimiz-qeyri-neftcilere-ne-ved-edir\/","og_site_name":"MEYDAN.TV","article_published_time":"2016-11-21T13:21:02+00:00","og_image":[{"width":620,"height":411,"url":"https:\/\/www.meydan.tv\/wp-content\/uploads\/26992.jpg","type":"image\/jpeg"}],"author":"user-manager","twitter_card":"summary_large_image","schema":{"@context":"https:\/\/schema.org","@graph":[{"@type":"Article","@id":"https:\/\/www.meydan.tv\/az\/article\/ilham-saban-neftimiz-qeyri-neftcilere-ne-ved-edir\/#article","isPartOf":{"@id":"https:\/\/www.meydan.tv\/az\/article\/ilham-saban-neftimiz-qeyri-neftcilere-ne-ved-edir\/"},"author":{"name":"user-manager","@id":"https:\/\/www.meydan.tv\/az\/#\/schema\/person\/10d11eccf6da3662cf5fdab9806ea91a"},"headline":"Ilham \u015eaban: Neftimiz &#8221;qeyri-neft\u00e7il\u0259r\u0259&#8221; n\u0259 v\u0259d edir?","datePublished":"2016-11-21T13:21:02+00:00","mainEntityOfPage":{"@id":"https:\/\/www.meydan.tv\/az\/article\/ilham-saban-neftimiz-qeyri-neftcilere-ne-ved-edir\/"},"wordCount":407,"publisher":{"@id":"https:\/\/www.meydan.tv\/az\/#organization"},"image":{"@id":"https:\/\/www.meydan.tv\/az\/article\/ilham-saban-neftimiz-qeyri-neftcilere-ne-ved-edir\/#primaryimage"},"thumbnailUrl":"https:\/\/www.meydan.tv\/wp-content\/uploads\/26992.jpg","articleSection":["Analitika"],"inLanguage":"az"},{"@type":"WebPage","@id":"https:\/\/www.meydan.tv\/az\/article\/ilham-saban-neftimiz-qeyri-neftcilere-ne-ved-edir\/","url":"https:\/\/www.meydan.tv\/az\/article\/ilham-saban-neftimiz-qeyri-neftcilere-ne-ved-edir\/","name":"Ilham \u015eaban: Neftimiz ''qeyri-neft\u00e7il\u0259r\u0259'' n\u0259 v\u0259d edir? - MEYDAN.TV","isPartOf":{"@id":"https:\/\/www.meydan.tv\/az\/#website"},"primaryImageOfPage":{"@id":"https:\/\/www.meydan.tv\/az\/article\/ilham-saban-neftimiz-qeyri-neftcilere-ne-ved-edir\/#primaryimage"},"image":{"@id":"https:\/\/www.meydan.tv\/az\/article\/ilham-saban-neftimiz-qeyri-neftcilere-ne-ved-edir\/#primaryimage"},"thumbnailUrl":"https:\/\/www.meydan.tv\/wp-content\/uploads\/26992.jpg","datePublished":"2016-11-21T13:21:02+00:00","breadcrumb":{"@id":"https:\/\/www.meydan.tv\/az\/article\/ilham-saban-neftimiz-qeyri-neftcilere-ne-ved-edir\/#breadcrumb"},"inLanguage":"az","potentialAction":[{"@type":"ReadAction","target":["https:\/\/www.meydan.tv\/az\/article\/ilham-saban-neftimiz-qeyri-neftcilere-ne-ved-edir\/"]}]},{"@type":"ImageObject","inLanguage":"az","@id":"https:\/\/www.meydan.tv\/az\/article\/ilham-saban-neftimiz-qeyri-neftcilere-ne-ved-edir\/#primaryimage","url":"https:\/\/www.meydan.tv\/wp-content\/uploads\/26992.jpg","contentUrl":"https:\/\/www.meydan.tv\/wp-content\/uploads\/26992.jpg","width":620,"height":411,"caption":"Source:"},{"@type":"BreadcrumbList","@id":"https:\/\/www.meydan.tv\/az\/article\/ilham-saban-neftimiz-qeyri-neftcilere-ne-ved-edir\/#breadcrumb","itemListElement":[{"@type":"ListItem","position":1,"name":"Ana s\u0259hif\u0259","item":"https:\/\/www.meydan.tv\/az\/"},{"@type":"ListItem","position":2,"name":"Analitika","item":"https:\/\/www.meydan.tv\/az\/section\/analitika\/"},{"@type":"ListItem","position":3,"name":"Ilham \u015eaban: Neftimiz &#8221;qeyri-neft\u00e7il\u0259r\u0259&#8221; n\u0259 v\u0259d edir?"}]},{"@type":"WebSite","@id":"https:\/\/www.meydan.tv\/az\/#website","url":"https:\/\/www.meydan.tv\/az\/","name":"MEYDAN.TV","description":"Meydan TV Az\u0259rbaycan\u0131n media m\u0259kan\u0131ndak\u0131 alternativ s\u0259sidir","publisher":{"@id":"https:\/\/www.meydan.tv\/az\/#organization"},"potentialAction":[{"@type":"SearchAction","target":{"@type":"EntryPoint","urlTemplate":"https:\/\/www.meydan.tv\/az\/?s={search_term_string}"},"query-input":{"@type":"PropertyValueSpecification","valueRequired":true,"valueName":"search_term_string"}}],"inLanguage":"az"},{"@type":"Organization","@id":"https:\/\/www.meydan.tv\/az\/#organization","name":"Meydan TV","url":"https:\/\/www.meydan.tv\/az\/","logo":{"@type":"ImageObject","inLanguage":"az","@id":"https:\/\/www.meydan.tv\/az\/#\/schema\/logo\/image\/","url":"https:\/\/www.meydan.tv\/wp-content\/uploads\/2021\/07\/meydan-logo.svg","contentUrl":"https:\/\/www.meydan.tv\/wp-content\/uploads\/2021\/07\/meydan-logo.svg","width":195,"height":46,"caption":"Meydan TV"},"image":{"@id":"https:\/\/www.meydan.tv\/az\/#\/schema\/logo\/image\/"}},{"@type":"Person","@id":"https:\/\/www.meydan.tv\/az\/#\/schema\/person\/10d11eccf6da3662cf5fdab9806ea91a","name":"user-manager"}]}},"_links":{"self":[{"href":"https:\/\/www.meydan.tv\/az\/wp-json\/wp\/v2\/posts\/180584","targetHints":{"allow":["GET"]}}],"collection":[{"href":"https:\/\/www.meydan.tv\/az\/wp-json\/wp\/v2\/posts"}],"about":[{"href":"https:\/\/www.meydan.tv\/az\/wp-json\/wp\/v2\/types\/post"}],"author":[{"embeddable":true,"href":"https:\/\/www.meydan.tv\/az\/wp-json\/wp\/v2\/users\/11"}],"replies":[{"embeddable":true,"href":"https:\/\/www.meydan.tv\/az\/wp-json\/wp\/v2\/comments?post=180584"}],"version-history":[{"count":0,"href":"https:\/\/www.meydan.tv\/az\/wp-json\/wp\/v2\/posts\/180584\/revisions"}],"wp:featuredmedia":[{"embeddable":true,"href":"https:\/\/www.meydan.tv\/az\/wp-json\/wp\/v2\/media\/70552"}],"wp:attachment":[{"href":"https:\/\/www.meydan.tv\/az\/wp-json\/wp\/v2\/media?parent=180584"}],"wp:term":[{"taxonomy":"category","embeddable":true,"href":"https:\/\/www.meydan.tv\/az\/wp-json\/wp\/v2\/categories?post=180584"},{"taxonomy":"post_tag","embeddable":true,"href":"https:\/\/www.meydan.tv\/az\/wp-json\/wp\/v2\/tags?post=180584"}],"curies":[{"name":"wp","href":"https:\/\/api.w.org\/{rel}","templated":true}]}}