{"id":180567,"date":"2016-11-20T15:02:31","date_gmt":"2016-11-20T15:02:31","guid":{"rendered":"https:\/\/www.meydan.tv\/article\/resid-hacili-bu-teklifler-yanlisdir-semeresizdir-murtecedir\/"},"modified":"2016-11-20T15:02:31","modified_gmt":"2016-11-20T15:02:31","slug":"resid-hacili-bu-teklifler-yanlisdir-semeresizdir-murtecedir","status":"publish","type":"post","link":"https:\/\/www.meydan.tv\/az\/article\/resid-hacili-bu-teklifler-yanlisdir-semeresizdir-murtecedir\/","title":{"rendered":"R\u0259\u015fid Hac\u0131l\u0131: &#8221;Bu t\u0259klifl\u0259r yanl\u0131\u015fd\u0131r, s\u0259m\u0259r\u0259sizdir, m\u00fcrt\u0259cedir&#8221;"},"content":{"rendered":"<figure class=\"wp-block-image size-large\">\n  <img decoding=\"async\" src=\"https:\/\/www.meydan.tv\/az\/72032\/\" alt=\"\" class=\"wp-image-72032\"\/><figcaption><\/figcaption><\/figure>\n<p>\n  <i><br \/>\n    Osman G\u00fcnd\u00fcz: &#8221;M\u0259hdudla\u015fd\u0131rma demokratik \u0259n\u0259n\u0259l\u0259ri z\u0259if olan \u00f6lk\u0259l\u0259r \u00fc\u00e7\u00fcn problem yaradar&#8221;<br \/>\n  <\/i>\n<\/p>\n<p>\n  M\u0259tbuat \u015euras\u0131n\u0131n s\u0259dri, Milli M\u0259clisin deputat\u0131<br \/>\n  <a href=\"\/az\/article\/metbuat-surasinin-sedri-internet-media-ve-sosial-sebekeler-tenzimlenmelidir\/\"><br \/>\n    \u018fflatun Ama\u015fov<br \/>\n  <\/a><br \/>\n  Ba\u015f prokuror Zakir Qaralovun Cinay\u0259t M\u0259c\u0259ll\u0259sin\u0259 t\u0259klif etdiyi \u0259lav\u0259l\u0259r m\u00fch\u00fcm \u0259h\u0259miyy\u0259t da\u015f\u0131d\u0131\u011f\u0131n\u0131 hesab edib.\n<\/p>\n<p>\n  O, bu bar\u0259d\u0259 APA-ya bildirib ki, haz\u0131rk\u0131 d\u0259yi\u015fiklik \u0259sas\u0259n sosial \u015f\u0259b\u0259k\u0259l\u0259rd\u0259ki saxta profill\u0259rl\u0259 ba\u011fl\u0131d\u0131r: \u201cBu da \u00e7ox vacib m\u0259s\u0259l\u0259dir. Dinamikliyi n\u0259tic\u0259sind\u0259 sosial \u015f\u0259b\u0259k\u0259l\u0259r daha geni\u015f topluma xitab edir. Dem\u0259k ki, xeyri kimi, ziyan\u0131 da \u0259h\u0259miyy\u0259tli d\u0259r\u0259c\u0259d\u0259 b\u00f6y\u00fckd\u00fcr. B\u0259zi saxta profill\u0259rd\u0259 radikal dini c\u0259r\u0259yanlar, ekstremizm, separat\u00e7\u0131l\u0131q v\u0259 terrorizm t\u0259bli\u011f olunur. Bu m\u0259qam da m\u00fctl\u0259q qaydada n\u0259z\u0259r\u0259 al\u0131nmal\u0131d\u0131r. \u0130ndiki \u015f\u0259raitd\u0259 Avropan\u0131n bir \u00e7ox s\u0259lahiyy\u0259tli qurumlar\u0131 internetd\u0259, x\u00fcsus\u0259n d\u0259 sosial \u015f\u0259b\u0259k\u0259l\u0259rd\u0259 insanlar\u0131n al\u00e7ald\u0131lmas\u0131 il\u0259 ba\u011fl\u0131 narahatl\u0131q ke\u00e7irirl\u0259r v\u0259 v\u0259ziyy\u0259tin aradan qald\u0131r\u0131lmas\u0131 \u00fc\u00e7\u00fcn yollar axtar\u0131rlar. Britaniyada, Fransada, \u0130taliyada bel\u0259 n\u00fcmun\u0259l\u0259r var\u201d.\n<\/p>\n<p>\n  M\u015e s\u0259drinin s\u00f6yl\u0259dikl\u0259rini Meydan TV-y\u0259 \u015f\u0259rh ed\u0259n &#8220;Multimedia&#8221; \u0130nformasiya Sisteml\u0259ri Texnologiyalar\u0131 M\u0259rk\u0259zinin direktoru, Az\u0259rbaycan \u0130nternet Forumunun prezidenti Osman G\u00fcnd\u00fcz bildirib ki, bu kifay\u0259t q\u0259d\u0259r m\u00fcr\u0259kk\u0259b m\u0259s\u0259l\u0259dir, asan olsayd\u0131, \u00e7oxdan ed\u0259rdil\u0259r: \u201cArt\u0131q Az\u0259rbaycan qanunvericiliyind\u0259 internetd\u0259 t\u0259hqir v\u0259 b\u00f6htan\u0131n t\u0259nziml\u0259nm\u0259siyl\u0259 ba\u011fl\u0131 praktika var. \u00d6t\u0259n il Cinay\u0259t M\u0259c\u0259ll\u0259sin\u0259 cinay\u0259t m\u0259suliyy\u0259ti yaratmaqla ba\u011fl\u0131 madd\u0259 sald\u0131lar. Halbuki, indiki t\u0259\u015f\u0259bb\u00fcs d\u0259 m\u0259hz cinay\u0259t m\u0259suliyy\u0259tinin yarad\u0131lmas\u0131ndan ibar\u0259tdir. Sual oluna bil\u0259r ki, CM-d\u0259 bu vard\u0131sa, t\u0259\u015f\u0259bb\u00fcs hardan \u00e7\u0131xd\u0131? Sad\u0259c\u0259, t\u0259\u015f\u0259bb\u00fcs\u00fcn mahiyy\u0259tind\u0259 o dayan\u0131r ki, sosial \u015f\u0259b\u0259k\u0259l\u0259rd\u0259 anonim olanlar\u0131 m\u0259suliyy\u0259t\u0259 c\u0259lb etsinl\u0259r, y\u0259ni qanunvericilikd\u0259 anonimlik \u00f6z \u0259ksini taps\u0131n. Ancaq bunun icras\u0131 el\u0259 d\u0259 asan m\u0259s\u0259l\u0259 deyil, \u00e7\u00fcnki internet qlobal \u015f\u0259b\u0259k\u0259dir, adam bir \u00f6lk\u0259d\u0259 oturar, ba\u015fqa \u00f6lk\u0259d\u0259 qeydiyyatdan ke\u00e7\u0259r, \u00fc\u00e7\u00fcnc\u00fc \u00f6lk\u0259d\u0259 is\u0259 status yazar. G\u00fcman ki, h\u00f6kum\u0259t hipercinay\u0259tkarl\u0131qla ba\u011fl\u0131 konvensiyan\u0131 \u0259sas g\u0259tirib Az\u0259rbaycan\u0131n buna imza atd\u0131\u011f\u0131n\u0131 dey\u0259c\u0259k v\u0259 \u00fczv olan \u00f6lk\u0259l\u0259rin bir-birin\u0259 yard\u0131m ed\u0259c\u0259yini b\u0259yan ed\u0259c\u0259k. \u0130st\u0259nil\u0259n halda \u00e7\u0259tin mexanizmdir\u201d.\n<\/p>\n<figure class=\"wp-block-image size-large\">\n  <img decoding=\"async\" src=\"https:\/\/www.meydan.tv\/az\/73562\/\" alt=\"\" class=\"wp-image-73562\"\/><figcaption>\n    Osman G\u00fcnd\u00fcz foto sosial \u015f\u0259b\u0259k\u0259<br \/>\n  <\/figcaption><\/figure>\n<p>\n  Osman G\u00fcnd\u00fcz\u00fcn fikrinc\u0259, bu, h\u0259m d\u0259 kibercinay\u0259tkarl\u0131qla m\u0259\u015f\u011ful olan qurumlar\u0131n faydal\u0131 i\u015f \u0259msal\u0131n\u0131 azalda bil\u0259r: \u201cO q\u0259d\u0259r \u0259h\u0259miyy\u0259tsiz i\u015fl\u0259r\u0259 ba\u015flar\u0131 qar\u0131\u015facaq ki, d\u00f6vl\u0259t \u00fc\u00e7\u00fcn \u0259sl ciddi m\u0259s\u0259l\u0259l\u0259r k\u0259narda qalacaq\u201d.<br \/>\n  <br \/>\n  O, m\u0259hdudla\u015fd\u0131rman\u0131n demokratik \u0259n\u0259n\u0259l\u0259ri z\u0259if olan \u00f6lk\u0259l\u0259r \u00fc\u00e7\u00fcn problem yaradaca\u011f\u0131n\u0131 bildirib: \u201cQanun el\u0259 m\u0259murun \u0259lin\u0259 ke\u00e7\u0259r ki, daha ciddi f\u0259sadlar yaradar, internet azadl\u0131\u011f\u0131 \u00fc\u00e7\u00fcn t\u0259hl\u00fck\u0259l\u0259r do\u011furar. B\u0259li, Az\u0259rbaycanda t\u0259hqir v\u0259 b\u00f6htanla ba\u011fl\u0131 probleml\u0259r var, amma problemin h\u0259llin\u0259 y\u00f6n\u0259lik t\u0259\u015f\u0259bb\u00fcs\u00fc q\u0259bul etmir\u0259m. Daha \u00e7ox internet, sosial media pe\u015f\u0259karl\u0131\u011f\u0131n\u0131n art\u0131r\u0131lmas\u0131, maarifl\u0259ndirici v\u0259 \u00e7\u0259kindirici m\u0259qamlar\u0131 i\u015f\u0259 salmaq vacibdir\u201d.\n<\/p>\n<p>\n  O.G\u00fcnd\u00fcz d\u00fc\u015f\u00fcnm\u00fcr ki, t\u0259klifl\u0259r \u0259sas\u0131nda internet televiziyalara hans\u0131sa t\u0259zyiql\u0259r m\u00fcmk\u00fcnd\u00fcr:<br \/>\n  <br \/>\n  \u201cOnsuz da qanunvericilikd\u0259 bu bar\u0259d\u0259 madd\u0259 var, 147.1. \u018fg\u0259r t\u0259hqir varsa, h\u0259min madd\u0259 m\u0259suliyy\u0259t\u0259 c\u0259lb olunma\u011fa imkan verir. Amma h\u00f6kum\u0259t bu madd\u0259ni i\u015fl\u0259tmir. G\u00fcman ki, d\u00f6vl\u0259t ba\u015f\u00e7\u0131s\u0131 madd\u0259nin i\u015f\u0259 sal\u0131nmas\u0131n\u0131 ist\u0259mir. \u00c7\u00fcnki prezident zaman-zaman Az\u0259rbaycanda internetin azad oldu\u011funu deyib. \u018fg\u0259r h\u0259min madd\u0259 i\u015f\u0259 sal\u0131nsa, h\u0259min c\u00fcml\u0259 daha deyil\u0259 bilm\u0259y\u0259c\u0259k. B\u00fct\u00fcn hallarda qanunvericilik q\u0259bul olunsa, beyn\u0259lxalq qurumlar Az\u0259rbaycanda internet azadl\u0131\u011f\u0131n\u0131 \u015f\u00fcbh\u0259 alt\u0131na alacaq, bax, bu, problem d\u0259 var\u201d.\n<\/p>\n<p>\n  Media H\u00fcquq \u0130nstitutunun r\u0259hb\u0259ri R\u0259\u015fid Hac\u0131l\u0131n\u0131n q\u0259na\u0259tinc\u0259, son \u00e7\u0131x\u0131\u015flar \u0130nternet \u00fcz\u0259rind\u0259n yay\u0131mlanan m\u0259zmunlar\u0131 cilovlamaq komandas\u0131 verildiyini g\u00f6st\u0259rir:\n<\/p>\n<p>\n  \u201cBa\u015f prokurorun qanunvericilik t\u0259\u015f\u0259bb\u00fcs\u00fc h\u00fcququ il\u0259 Cinay\u0259t M\u0259c\u0259ll\u0259sin\u0259 d\u0259yi\u015fiklik v\u0259 \u0259lav\u0259l\u0259r edilm\u0259si haqq\u0131nda qanun layih\u0259sini parlament\u0259 g\u00f6nd\u0259rm\u0259si d\u0259, bir s\u0131ra deputatlar\u0131n onu b\u0259h-b\u0259h dey\u0259r\u0259k alq\u0131\u015flamas\u0131 da bunun g\u00f6st\u0259ricisidir. Ba\u015f Prokurora ya bu t\u0259klifl\u0259 \u00e7\u0131x\u0131\u015f etm\u0259k tap\u015f\u0131r\u0131l\u0131b, ya da t\u0259klif Prezident Administrasiyas\u0131yla raz\u0131la\u015fd\u0131r\u0131landan sonra parlament\u0259 g\u00f6nd\u0259rilib. Niyy\u0259t guya ki, adi \u015f\u0259xsl\u0259rin v\u0259 v\u0259zif\u0259li \u015f\u0259xsl\u0259rin, el\u0259c\u0259 d\u0259 AR prezidentinin sosial \u015f\u0259b\u0259k\u0259l\u0259rd\u0259 yay\u0131lan b\u00f6htan v\u0259 t\u0259hqirl\u0259rd\u0259n qorunmas\u0131 v\u0259 sosial \u015f\u0259b\u0259k\u0259l\u0259rd\u0259 nifr\u0259t v\u0259 q\u0131z\u0131\u015fd\u0131r\u0131c\u0131 \u00e7\u0131x\u0131\u015flar\u0131n c\u0259zaland\u0131r\u0131lmas\u0131 \u00fc\u00e7\u00fcn h\u00fcquqi baza yarad\u0131lmas\u0131d\u0131r. Niyy\u0259t yax\u015f\u0131d\u0131r, nec\u0259 dey\u0259rl\u0259r, oxunan \u201cQuran\u201d olsa. Bu t\u0259klifl\u0259r yanl\u0131\u015fd\u0131r, s\u0259m\u0259r\u0259sizdir, m\u00fcrt\u0259cedir, z\u0259r\u0259rlidir, qeyri-pe\u015f\u0259kard\u0131r, elan olunan xo\u015f m\u0259qs\u0259dl\u0259r\u0259 xidm\u0259t etmir. \u018fksin\u0259, Az\u0259rbaycan v\u0259t\u0259nda\u015flar\u0131n\u0131n d\u00f6vl\u0259t orqanlar\u0131n\u0131n, m\u0259s\u0259l\u0259n, el\u0259 o h\u0259min deputatlar\u0131n, h\u0259min v\u0259zif\u0259li \u015f\u0259xsl\u0259rin add\u0131mlar\u0131n\u0131, q\u0259rarlar\u0131n\u0131 m\u00fczakir\u0259 etm\u0259k, \u00e7\u0259k-\u00e7evir etm\u0259k, t\u0259nqid etm\u0259k imkanlar\u0131n\u0131 daraltma\u011fa xidm\u0259t edir. M\u00fcrt\u0259cedir, ona g\u00f6r\u0259 ki, b\u00fct\u00fcn d\u00fcnyada b\u00f6htan v\u0259 t\u0259hqir\u0259 g\u00f6r\u0259 cinay\u0259t c\u0259zalar\u0131 m\u00fc\u0259yy\u0259n ed\u0259n qanunlar l\u0259\u011fv olunur. M\u0259s\u0259l\u0259n, h\u0259m G\u00fcrc\u00fcstanda, h\u0259m d\u0259 Erm\u0259nistanda bel\u0259 qanunlar silinib qanunvericilikd\u0259n. Rusiya da b\u00f6htan v\u0259 t\u0259hqir\u0259 g\u00f6r\u0259 cinay\u0259t c\u0259zalar\u0131ndan imtina edib. Az\u0259rbaycanda da bu t\u0259\u015f\u0259bb\u00fcs olub. H\u00f6kum\u0259t bunu d\u0259f\u0259l\u0259rl\u0259, a\u011f\u0131zdolusu elan edib. AR Prezidentinin qeyri-r\u0259smi t\u0259\u015f\u0259bb\u00fcs\u00fc il\u0259 Cinay\u0259t M\u0259c\u0259ll\u0259sinin 147 v\u0259 148-ci madd\u0259l\u0259rinin t\u0259tbiqin\u0259 moratorium qoyulub. \u00dcst\u0259lik, h\u00f6kum\u0259t uzun ill\u0259rdir Avropa \u015euras\u0131 v\u0259 AT\u018fT strukturlar\u0131 il\u0259 dan\u0131\u015f\u0131qlar apar\u0131r bu qanunlar\u0131 l\u0259\u011fv etm\u0259kl\u0259 ba\u011fl\u0131\u201d.\n<\/p>\n<figure class=\"wp-block-image size-large\">\n  <img decoding=\"async\" src=\"https:\/\/www.meydan.tv\/az\/resid-hacili-foto-sosial-sebeke-2\/\" alt=\"R\u0259\u015fid Hac\u0131l\u0131 foto sosial \u015f\u0259b\u0259k\u0259\" class=\"wp-image-73565\"\/><figcaption>\n    R\u0259\u015fid Hac\u0131l\u0131 foto sosial \u015f\u0259b\u0259k\u0259<br \/>\n  <\/figcaption><\/figure>\n<p>\n  O, eyni m\u0259s\u0259l\u0259l\u0259rin prezidentin \u015f\u0259r\u0259fini v\u0259 l\u0259yaq\u0259tini qoruma\u011f\u0131 n\u0259z\u0259rd\u0259 tutan Cinay\u0259t M\u0259c\u0259ll\u0259sinin 323-c\u00fc madd\u0259sin\u0259 d\u0259 aid oldu\u011funu vur\u011fulay\u0131b: \u201cBu qanun da uzun ill\u0259rdir t\u0259tbiq edilmir. Bir ne\u00e7\u0259 avtoritar \u00f6lk\u0259l\u0259ri \u00e7\u0131xmaqla bu qanun ke\u00e7mi\u015fd\u0259n qalma xatir\u0259dir. Azadl\u0131qlar\u0131n bo\u011fuldu\u011fu m\u00fcrt\u0259ce zamanlar\u0131n xatir\u0259si. H\u0259r k\u0259s\u0259 d\u0259 b\u0259llidir ki, Avropa \u0130nsan Haqlar\u0131 M\u0259hk\u0259m\u0259si b\u00f6htan v\u0259 t\u0259hqir\u0259 g\u00f6r\u0259 h\u0259bs c\u0259zalar\u0131 verilm\u0259sini ifad\u0259 azadl\u0131\u011f\u0131na qeyri-m\u00fct\u0259nasib m\u00fcdaxil\u0259 say\u0131r. \u0130ndi bu qanunlar\u0131 t\u0259tbiq etm\u0259y\u0259c\u0259yinizi b\u0259yan etmisinizs\u0259, 2013-d\u0259 onu \u0130nternetl\u0259, indi d\u0259 saxta profill\u0259rl\u0259 b\u0259z\u0259m\u0259kd\u0259 niyy\u0259tiniz m\u00fcrt\u0259c\u00fc deyil, b\u0259s n\u0259dir? Milli, irqi, dini, sosial nifr\u0259t v\u0259 q\u0131z\u0131\u015fd\u0131r\u0131c\u0131l\u0131q salan \u00e7a\u011f\u0131r\u0131\u015flar, m\u00fcharib\u0259 t\u0259bli\u011fat\u0131 kimi t\u0259hl\u00fck\u0259li m\u0259zmuna g\u00f6r\u0259 a\u011f\u0131r cinay\u0259t c\u0259zalar\u0131 verilm\u0259si m\u0259qbul say\u0131l\u0131r. Amma b\u00fct\u00fcn hallarda bu qanunvericilik t\u0259klifi qeyri-pe\u015f\u0259kard\u0131r, qanun yaz\u0131l\u0131\u015f\u0131 texnikas\u0131 bax\u0131m\u0131ndan yanl\u0131\u015fd\u0131r. Niy\u0259? M\u0259s\u0259l\u0259n, Cinay\u0259t M\u0259c\u0259ll\u0259sin\u0259 yeni 148-1 madd\u0259sini \u0259lav\u0259 etm\u0259k t\u0259klif olunur. Anonim ad alt\u0131nda b\u00f6htan v\u0259 t\u0259hqir yayma\u011fa g\u00f6r\u0259 cinay\u0259t c\u0259zas\u0131 m\u00fc\u0259yy\u0259n ed\u0259n. Birincisi, Cinay\u0259t M\u0259c\u0259ll\u0259sinin h\u0259m 147-ci (b\u00f6htan), h\u0259m d\u0259 148-ci (t\u0259hqir) madd\u0259l\u0259ri k\u00fctl\u0259vi yay\u0131lan ist\u0259r yaz\u0131l\u0131, ist\u0259rs\u0259 d\u0259 \u015fifahi \u00e7\u0131x\u0131\u015flar\u0131 \u0259hat\u0259 edir. Buraya h\u0259m k\u00fctl\u0259vi yay\u0131lan ist\u0259nil\u0259n yaz\u0131l\u0131, \u015fifahi, audio, video m\u0259zmunlar daxildir. Bu m\u0259zmunlar\u0131n m\u00fc\u0259llifinin anonim olub-olmamas\u0131ndan, hans\u0131 ad alt\u0131nda yay\u0131lmas\u0131ndan as\u0131l\u0131 olmayaraq. Y\u0259ni d\u0259yi\u015fiklik t\u0259klif olunan madd\u0259l\u0259rin m\u00f6vcud m\u0259tnl\u0259ri z\u0259r\u0259rli say\u0131lan m\u0259zmunlar\u0131n ham\u0131s\u0131na, o c\u00fcml\u0259d\u0259n anonim m\u0259nb\u0259d\u0259n yay\u0131lan m\u0259zmunlara t\u0259tbiq edil\u0259 bil\u0259r. Anonim m\u00fc\u0259llifl\u0259r \u00fc\u00e7\u00fcn ayr\u0131ca madd\u0259 m\u00fc\u0259yy\u0259n etm\u0259k hans\u0131 ger\u00e7\u0259k qanunvericilik ehtiyac\u0131ndan ir\u0259li g\u0259lmir. D\u0259yi\u015fiklik t\u0259klifl\u0259ri bu bax\u0131mdan h\u0259m d\u0259 s\u0259m\u0259r\u0259siz qanun yarad\u0131c\u0131l\u0131\u011f\u0131d\u0131r. Cinay\u0259t qanunlar\u0131n\u0131n m\u0259nas\u0131z ifad\u0259l\u0259rl\u0259 doldurulmas\u0131 v\u0259 m\u00fcr\u0259kk\u0259bl\u0259\u015fdirilm\u0259sidir. Bu t\u0259klifl\u0259r h\u0259m d\u0259 ona g\u00f6r\u0259 s\u0259m\u0259r\u0259sizdir ki, h\u0259d\u0259fl\u0259diyi m\u0259qs\u0259dl\u0259r\u0259 \u00e7atmaq \u00fc\u00e7\u00fcn i\u015f\u0259 yaramayacaq. \u018fg\u0259r bu m\u0259qs\u0259d ger\u00e7\u0259kd\u0259n anonim m\u0259nb\u0259l\u0259rd\u0259n yay\u0131lan z\u0259r\u0259rli m\u0259zmunlar\u0131 \u00f6nl\u0259m\u0259kdirs\u0259, bu qanun he\u00e7 n\u0259 verm\u0259y\u0259c\u0259k\u201d.\n<\/p>\n<p>\n  R\u0259\u015fid Hac\u0131l\u0131 deyir ki, anonim profil v\u0259 anonim hesablar\u0131n sahibinin m\u00fc\u0259yy\u0259n edilm\u0259si, x\u00fcsusil\u0259 o hans\u0131sa k\u0259nar \u00f6lk\u0259l\u0259rd\u0259n yay\u0131l\u0131rsa, \u00e7ox hallarda m\u00fcmk\u00fcns\u00fczd\u00fcr: \u201cSosial \u015f\u0259b\u0259k\u0259l\u0259rin \u00f6z korporativ qaydalar\u0131 var v\u0259 z\u0259r\u0259rli m\u0259zmunlar\u0131n \u00e7\u0131xar\u0131lmas\u0131 siyas\u0259ti var. Amma hesablar b\u00fct\u00fcn hallarda konfidensial tutulur v\u0259 h\u00f6kum\u0259tl\u0259rin bu m\u0259lumatlar\u0131 t\u0259l\u0259b ed\u0259n xahi\u015fl\u0259rin\u0259 \u00e7ox nadir hallarda v\u0259 x\u00fcsusi s\u0259b\u0259bl\u0259r olanda (terror\u00e7uluq v\u0259 s kimi a\u011f\u0131r cinay\u0259tl\u0259r\u0259 ba\u011fl\u0131) bax\u0131l\u0131r. Dig\u0259r t\u0259r\u0259fd\u0259n, bel\u0259 laz\u0131ms\u0131z v\u0259 s\u0259m\u0259r\u0259siz qanunvericilik t\u0259klifin\u0259 g\u00f6r\u0259 \u00f6lk\u0259ni beyn\u0259lxalq qurumlar\u0131n t\u0259nqid obyektin\u0259 \u00e7evirm\u0259k, insan haqlar\u0131 v\u0259 ifad\u0259 azadl\u0131\u011f\u0131 sah\u0259sind\u0259 onsuz da yerd\u0259 s\u00fcr\u00fcn\u0259n imicini daha da pisl\u0259\u015fdirm\u0259k kim\u0259 v\u0259 n\u0259y\u0259 xidm\u0259t edir?\u201d\n<\/p><\/p>\n","protected":false},"excerpt":{"rendered":"<p>Osman G\u00fcnd\u00fcz: &#8221;M\u0259hdudla\u015fd\u0131rma demokratik \u0259n\u0259n\u0259l\u0259ri z\u0259if olan \u00f6lk\u0259l\u0259r \u00fc\u00e7\u00fcn problem yaradar&#8221;<\/p>\n","protected":false},"author":11,"featured_media":72032,"comment_status":"closed","ping_status":"open","sticky":false,"template":"","format":"standard","meta":{"_acf_changed":false,"_sitemap_exclude":false,"_sitemap_priority":"","_sitemap_frequency":"","footnotes":""},"categories":[51],"tags":[],"class_list":["post-180567","post","type-post","status-publish","format-standard","has-post-thumbnail","hentry","category-analitika","infinite-scroll-item","generate-columns","tablet-grid-50","mobile-grid-100","grid-parent","grid-33","no-featured-image-padding"],"acf":[],"yoast_head":"<!-- This site is optimized with the Yoast SEO plugin v27.5 - https:\/\/yoast.com\/product\/yoast-seo-wordpress\/ -->\n<title>R\u0259\u015fid Hac\u0131l\u0131: &#039;&#039;Bu t\u0259klifl\u0259r yanl\u0131\u015fd\u0131r, s\u0259m\u0259r\u0259sizdir, m\u00fcrt\u0259cedir&#039;&#039; - MEYDAN.TV<\/title>\n<meta name=\"robots\" content=\"index, follow, max-snippet:-1, max-image-preview:large, max-video-preview:-1\" \/>\n<link rel=\"canonical\" href=\"https:\/\/www.meydan.tv\/az\/article\/resid-hacili-bu-teklifler-yanlisdir-semeresizdir-murtecedir\/\" \/>\n<meta property=\"og:locale\" content=\"az_AZ\" \/>\n<meta property=\"og:type\" content=\"article\" \/>\n<meta property=\"og:title\" content=\"R\u0259\u015fid Hac\u0131l\u0131: &#039;&#039;Bu t\u0259klifl\u0259r yanl\u0131\u015fd\u0131r, s\u0259m\u0259r\u0259sizdir, m\u00fcrt\u0259cedir&#039;&#039; - MEYDAN.TV\" \/>\n<meta property=\"og:description\" content=\"Osman G\u00fcnd\u00fcz: &#039;&#039;M\u0259hdudla\u015fd\u0131rma demokratik \u0259n\u0259n\u0259l\u0259ri z\u0259if olan \u00f6lk\u0259l\u0259r \u00fc\u00e7\u00fcn problem yaradar&#039;&#039;\" \/>\n<meta property=\"og:url\" content=\"https:\/\/www.meydan.tv\/az\/article\/resid-hacili-bu-teklifler-yanlisdir-semeresizdir-murtecedir\/\" \/>\n<meta property=\"og:site_name\" content=\"MEYDAN.TV\" \/>\n<meta property=\"article:published_time\" content=\"2016-11-20T15:02:31+00:00\" \/>\n<meta property=\"og:image\" content=\"https:\/\/www.meydan.tv\/wp-content\/uploads\/27622.jpg\" \/>\n\t<meta property=\"og:image:width\" content=\"768\" \/>\n\t<meta property=\"og:image:height\" content=\"512\" \/>\n\t<meta property=\"og:image:type\" content=\"image\/jpeg\" \/>\n<meta name=\"author\" content=\"user-manager\" \/>\n<meta name=\"twitter:card\" content=\"summary_large_image\" \/>\n<script type=\"application\/ld+json\" class=\"yoast-schema-graph\">{\"@context\":\"https:\\\/\\\/schema.org\",\"@graph\":[{\"@type\":\"Article\",\"@id\":\"https:\\\/\\\/www.meydan.tv\\\/az\\\/article\\\/resid-hacili-bu-teklifler-yanlisdir-semeresizdir-murtecedir\\\/#article\",\"isPartOf\":{\"@id\":\"https:\\\/\\\/www.meydan.tv\\\/az\\\/article\\\/resid-hacili-bu-teklifler-yanlisdir-semeresizdir-murtecedir\\\/\"},\"author\":{\"name\":\"user-manager\",\"@id\":\"https:\\\/\\\/www.meydan.tv\\\/az\\\/#\\\/schema\\\/person\\\/10d11eccf6da3662cf5fdab9806ea91a\"},\"headline\":\"R\u0259\u015fid Hac\u0131l\u0131: &#8221;Bu t\u0259klifl\u0259r yanl\u0131\u015fd\u0131r, s\u0259m\u0259r\u0259sizdir, m\u00fcrt\u0259cedir&#8221;\",\"datePublished\":\"2016-11-20T15:02:31+00:00\",\"mainEntityOfPage\":{\"@id\":\"https:\\\/\\\/www.meydan.tv\\\/az\\\/article\\\/resid-hacili-bu-teklifler-yanlisdir-semeresizdir-murtecedir\\\/\"},\"wordCount\":1852,\"publisher\":{\"@id\":\"https:\\\/\\\/www.meydan.tv\\\/az\\\/#organization\"},\"image\":{\"@id\":\"https:\\\/\\\/www.meydan.tv\\\/az\\\/article\\\/resid-hacili-bu-teklifler-yanlisdir-semeresizdir-murtecedir\\\/#primaryimage\"},\"thumbnailUrl\":\"https:\\\/\\\/www.meydan.tv\\\/wp-content\\\/uploads\\\/27622.jpg\",\"articleSection\":[\"Analitika\"],\"inLanguage\":\"az\"},{\"@type\":\"WebPage\",\"@id\":\"https:\\\/\\\/www.meydan.tv\\\/az\\\/article\\\/resid-hacili-bu-teklifler-yanlisdir-semeresizdir-murtecedir\\\/\",\"url\":\"https:\\\/\\\/www.meydan.tv\\\/az\\\/article\\\/resid-hacili-bu-teklifler-yanlisdir-semeresizdir-murtecedir\\\/\",\"name\":\"R\u0259\u015fid Hac\u0131l\u0131: ''Bu t\u0259klifl\u0259r yanl\u0131\u015fd\u0131r, s\u0259m\u0259r\u0259sizdir, m\u00fcrt\u0259cedir'' - MEYDAN.TV\",\"isPartOf\":{\"@id\":\"https:\\\/\\\/www.meydan.tv\\\/az\\\/#website\"},\"primaryImageOfPage\":{\"@id\":\"https:\\\/\\\/www.meydan.tv\\\/az\\\/article\\\/resid-hacili-bu-teklifler-yanlisdir-semeresizdir-murtecedir\\\/#primaryimage\"},\"image\":{\"@id\":\"https:\\\/\\\/www.meydan.tv\\\/az\\\/article\\\/resid-hacili-bu-teklifler-yanlisdir-semeresizdir-murtecedir\\\/#primaryimage\"},\"thumbnailUrl\":\"https:\\\/\\\/www.meydan.tv\\\/wp-content\\\/uploads\\\/27622.jpg\",\"datePublished\":\"2016-11-20T15:02:31+00:00\",\"breadcrumb\":{\"@id\":\"https:\\\/\\\/www.meydan.tv\\\/az\\\/article\\\/resid-hacili-bu-teklifler-yanlisdir-semeresizdir-murtecedir\\\/#breadcrumb\"},\"inLanguage\":\"az\",\"potentialAction\":[{\"@type\":\"ReadAction\",\"target\":[\"https:\\\/\\\/www.meydan.tv\\\/az\\\/article\\\/resid-hacili-bu-teklifler-yanlisdir-semeresizdir-murtecedir\\\/\"]}]},{\"@type\":\"ImageObject\",\"inLanguage\":\"az\",\"@id\":\"https:\\\/\\\/www.meydan.tv\\\/az\\\/article\\\/resid-hacili-bu-teklifler-yanlisdir-semeresizdir-murtecedir\\\/#primaryimage\",\"url\":\"https:\\\/\\\/www.meydan.tv\\\/wp-content\\\/uploads\\\/27622.jpg\",\"contentUrl\":\"https:\\\/\\\/www.meydan.tv\\\/wp-content\\\/uploads\\\/27622.jpg\",\"width\":768,\"height\":512,\"caption\":\"Source:\"},{\"@type\":\"BreadcrumbList\",\"@id\":\"https:\\\/\\\/www.meydan.tv\\\/az\\\/article\\\/resid-hacili-bu-teklifler-yanlisdir-semeresizdir-murtecedir\\\/#breadcrumb\",\"itemListElement\":[{\"@type\":\"ListItem\",\"position\":1,\"name\":\"Ana s\u0259hif\u0259\",\"item\":\"https:\\\/\\\/www.meydan.tv\\\/az\\\/\"},{\"@type\":\"ListItem\",\"position\":2,\"name\":\"Analitika\",\"item\":\"https:\\\/\\\/www.meydan.tv\\\/az\\\/section\\\/analitika\\\/\"},{\"@type\":\"ListItem\",\"position\":3,\"name\":\"R\u0259\u015fid Hac\u0131l\u0131: &#8221;Bu t\u0259klifl\u0259r yanl\u0131\u015fd\u0131r, s\u0259m\u0259r\u0259sizdir, m\u00fcrt\u0259cedir&#8221;\"}]},{\"@type\":\"WebSite\",\"@id\":\"https:\\\/\\\/www.meydan.tv\\\/az\\\/#website\",\"url\":\"https:\\\/\\\/www.meydan.tv\\\/az\\\/\",\"name\":\"MEYDAN.TV\",\"description\":\"Meydan TV Az\u0259rbaycan\u0131n media m\u0259kan\u0131ndak\u0131 alternativ s\u0259sidir\",\"publisher\":{\"@id\":\"https:\\\/\\\/www.meydan.tv\\\/az\\\/#organization\"},\"potentialAction\":[{\"@type\":\"SearchAction\",\"target\":{\"@type\":\"EntryPoint\",\"urlTemplate\":\"https:\\\/\\\/www.meydan.tv\\\/az\\\/?s={search_term_string}\"},\"query-input\":{\"@type\":\"PropertyValueSpecification\",\"valueRequired\":true,\"valueName\":\"search_term_string\"}}],\"inLanguage\":\"az\"},{\"@type\":\"Organization\",\"@id\":\"https:\\\/\\\/www.meydan.tv\\\/az\\\/#organization\",\"name\":\"Meydan TV\",\"url\":\"https:\\\/\\\/www.meydan.tv\\\/az\\\/\",\"logo\":{\"@type\":\"ImageObject\",\"inLanguage\":\"az\",\"@id\":\"https:\\\/\\\/www.meydan.tv\\\/az\\\/#\\\/schema\\\/logo\\\/image\\\/\",\"url\":\"https:\\\/\\\/www.meydan.tv\\\/wp-content\\\/uploads\\\/2021\\\/07\\\/meydan-logo.svg\",\"contentUrl\":\"https:\\\/\\\/www.meydan.tv\\\/wp-content\\\/uploads\\\/2021\\\/07\\\/meydan-logo.svg\",\"width\":195,\"height\":46,\"caption\":\"Meydan TV\"},\"image\":{\"@id\":\"https:\\\/\\\/www.meydan.tv\\\/az\\\/#\\\/schema\\\/logo\\\/image\\\/\"}},{\"@type\":\"Person\",\"@id\":\"https:\\\/\\\/www.meydan.tv\\\/az\\\/#\\\/schema\\\/person\\\/10d11eccf6da3662cf5fdab9806ea91a\",\"name\":\"user-manager\"}]}<\/script>\n<!-- \/ Yoast SEO plugin. -->","yoast_head_json":{"title":"R\u0259\u015fid Hac\u0131l\u0131: ''Bu t\u0259klifl\u0259r yanl\u0131\u015fd\u0131r, s\u0259m\u0259r\u0259sizdir, m\u00fcrt\u0259cedir'' - MEYDAN.TV","robots":{"index":"index","follow":"follow","max-snippet":"max-snippet:-1","max-image-preview":"max-image-preview:large","max-video-preview":"max-video-preview:-1"},"canonical":"https:\/\/www.meydan.tv\/az\/article\/resid-hacili-bu-teklifler-yanlisdir-semeresizdir-murtecedir\/","og_locale":"az_AZ","og_type":"article","og_title":"R\u0259\u015fid Hac\u0131l\u0131: ''Bu t\u0259klifl\u0259r yanl\u0131\u015fd\u0131r, s\u0259m\u0259r\u0259sizdir, m\u00fcrt\u0259cedir'' - MEYDAN.TV","og_description":"Osman G\u00fcnd\u00fcz: ''M\u0259hdudla\u015fd\u0131rma demokratik \u0259n\u0259n\u0259l\u0259ri z\u0259if olan \u00f6lk\u0259l\u0259r \u00fc\u00e7\u00fcn problem yaradar''","og_url":"https:\/\/www.meydan.tv\/az\/article\/resid-hacili-bu-teklifler-yanlisdir-semeresizdir-murtecedir\/","og_site_name":"MEYDAN.TV","article_published_time":"2016-11-20T15:02:31+00:00","og_image":[{"width":768,"height":512,"url":"https:\/\/www.meydan.tv\/wp-content\/uploads\/27622.jpg","type":"image\/jpeg"}],"author":"user-manager","twitter_card":"summary_large_image","schema":{"@context":"https:\/\/schema.org","@graph":[{"@type":"Article","@id":"https:\/\/www.meydan.tv\/az\/article\/resid-hacili-bu-teklifler-yanlisdir-semeresizdir-murtecedir\/#article","isPartOf":{"@id":"https:\/\/www.meydan.tv\/az\/article\/resid-hacili-bu-teklifler-yanlisdir-semeresizdir-murtecedir\/"},"author":{"name":"user-manager","@id":"https:\/\/www.meydan.tv\/az\/#\/schema\/person\/10d11eccf6da3662cf5fdab9806ea91a"},"headline":"R\u0259\u015fid Hac\u0131l\u0131: &#8221;Bu t\u0259klifl\u0259r yanl\u0131\u015fd\u0131r, s\u0259m\u0259r\u0259sizdir, m\u00fcrt\u0259cedir&#8221;","datePublished":"2016-11-20T15:02:31+00:00","mainEntityOfPage":{"@id":"https:\/\/www.meydan.tv\/az\/article\/resid-hacili-bu-teklifler-yanlisdir-semeresizdir-murtecedir\/"},"wordCount":1852,"publisher":{"@id":"https:\/\/www.meydan.tv\/az\/#organization"},"image":{"@id":"https:\/\/www.meydan.tv\/az\/article\/resid-hacili-bu-teklifler-yanlisdir-semeresizdir-murtecedir\/#primaryimage"},"thumbnailUrl":"https:\/\/www.meydan.tv\/wp-content\/uploads\/27622.jpg","articleSection":["Analitika"],"inLanguage":"az"},{"@type":"WebPage","@id":"https:\/\/www.meydan.tv\/az\/article\/resid-hacili-bu-teklifler-yanlisdir-semeresizdir-murtecedir\/","url":"https:\/\/www.meydan.tv\/az\/article\/resid-hacili-bu-teklifler-yanlisdir-semeresizdir-murtecedir\/","name":"R\u0259\u015fid Hac\u0131l\u0131: ''Bu t\u0259klifl\u0259r yanl\u0131\u015fd\u0131r, s\u0259m\u0259r\u0259sizdir, m\u00fcrt\u0259cedir'' - MEYDAN.TV","isPartOf":{"@id":"https:\/\/www.meydan.tv\/az\/#website"},"primaryImageOfPage":{"@id":"https:\/\/www.meydan.tv\/az\/article\/resid-hacili-bu-teklifler-yanlisdir-semeresizdir-murtecedir\/#primaryimage"},"image":{"@id":"https:\/\/www.meydan.tv\/az\/article\/resid-hacili-bu-teklifler-yanlisdir-semeresizdir-murtecedir\/#primaryimage"},"thumbnailUrl":"https:\/\/www.meydan.tv\/wp-content\/uploads\/27622.jpg","datePublished":"2016-11-20T15:02:31+00:00","breadcrumb":{"@id":"https:\/\/www.meydan.tv\/az\/article\/resid-hacili-bu-teklifler-yanlisdir-semeresizdir-murtecedir\/#breadcrumb"},"inLanguage":"az","potentialAction":[{"@type":"ReadAction","target":["https:\/\/www.meydan.tv\/az\/article\/resid-hacili-bu-teklifler-yanlisdir-semeresizdir-murtecedir\/"]}]},{"@type":"ImageObject","inLanguage":"az","@id":"https:\/\/www.meydan.tv\/az\/article\/resid-hacili-bu-teklifler-yanlisdir-semeresizdir-murtecedir\/#primaryimage","url":"https:\/\/www.meydan.tv\/wp-content\/uploads\/27622.jpg","contentUrl":"https:\/\/www.meydan.tv\/wp-content\/uploads\/27622.jpg","width":768,"height":512,"caption":"Source:"},{"@type":"BreadcrumbList","@id":"https:\/\/www.meydan.tv\/az\/article\/resid-hacili-bu-teklifler-yanlisdir-semeresizdir-murtecedir\/#breadcrumb","itemListElement":[{"@type":"ListItem","position":1,"name":"Ana s\u0259hif\u0259","item":"https:\/\/www.meydan.tv\/az\/"},{"@type":"ListItem","position":2,"name":"Analitika","item":"https:\/\/www.meydan.tv\/az\/section\/analitika\/"},{"@type":"ListItem","position":3,"name":"R\u0259\u015fid Hac\u0131l\u0131: &#8221;Bu t\u0259klifl\u0259r yanl\u0131\u015fd\u0131r, s\u0259m\u0259r\u0259sizdir, m\u00fcrt\u0259cedir&#8221;"}]},{"@type":"WebSite","@id":"https:\/\/www.meydan.tv\/az\/#website","url":"https:\/\/www.meydan.tv\/az\/","name":"MEYDAN.TV","description":"Meydan TV Az\u0259rbaycan\u0131n media m\u0259kan\u0131ndak\u0131 alternativ s\u0259sidir","publisher":{"@id":"https:\/\/www.meydan.tv\/az\/#organization"},"potentialAction":[{"@type":"SearchAction","target":{"@type":"EntryPoint","urlTemplate":"https:\/\/www.meydan.tv\/az\/?s={search_term_string}"},"query-input":{"@type":"PropertyValueSpecification","valueRequired":true,"valueName":"search_term_string"}}],"inLanguage":"az"},{"@type":"Organization","@id":"https:\/\/www.meydan.tv\/az\/#organization","name":"Meydan TV","url":"https:\/\/www.meydan.tv\/az\/","logo":{"@type":"ImageObject","inLanguage":"az","@id":"https:\/\/www.meydan.tv\/az\/#\/schema\/logo\/image\/","url":"https:\/\/www.meydan.tv\/wp-content\/uploads\/2021\/07\/meydan-logo.svg","contentUrl":"https:\/\/www.meydan.tv\/wp-content\/uploads\/2021\/07\/meydan-logo.svg","width":195,"height":46,"caption":"Meydan TV"},"image":{"@id":"https:\/\/www.meydan.tv\/az\/#\/schema\/logo\/image\/"}},{"@type":"Person","@id":"https:\/\/www.meydan.tv\/az\/#\/schema\/person\/10d11eccf6da3662cf5fdab9806ea91a","name":"user-manager"}]}},"_links":{"self":[{"href":"https:\/\/www.meydan.tv\/az\/wp-json\/wp\/v2\/posts\/180567","targetHints":{"allow":["GET"]}}],"collection":[{"href":"https:\/\/www.meydan.tv\/az\/wp-json\/wp\/v2\/posts"}],"about":[{"href":"https:\/\/www.meydan.tv\/az\/wp-json\/wp\/v2\/types\/post"}],"author":[{"embeddable":true,"href":"https:\/\/www.meydan.tv\/az\/wp-json\/wp\/v2\/users\/11"}],"replies":[{"embeddable":true,"href":"https:\/\/www.meydan.tv\/az\/wp-json\/wp\/v2\/comments?post=180567"}],"version-history":[{"count":0,"href":"https:\/\/www.meydan.tv\/az\/wp-json\/wp\/v2\/posts\/180567\/revisions"}],"wp:featuredmedia":[{"embeddable":true,"href":"https:\/\/www.meydan.tv\/az\/wp-json\/wp\/v2\/media\/72032"}],"wp:attachment":[{"href":"https:\/\/www.meydan.tv\/az\/wp-json\/wp\/v2\/media?parent=180567"}],"wp:term":[{"taxonomy":"category","embeddable":true,"href":"https:\/\/www.meydan.tv\/az\/wp-json\/wp\/v2\/categories?post=180567"},{"taxonomy":"post_tag","embeddable":true,"href":"https:\/\/www.meydan.tv\/az\/wp-json\/wp\/v2\/tags?post=180567"}],"curies":[{"name":"wp","href":"https:\/\/api.w.org\/{rel}","templated":true}]}}