{"id":180566,"date":"2016-11-20T14:51:59","date_gmt":"2016-11-20T14:51:59","guid":{"rendered":"https:\/\/www.meydan.tv\/article\/min-ilin-sakitliyi\/"},"modified":"2016-11-20T14:51:59","modified_gmt":"2016-11-20T14:51:59","slug":"min-ilin-sakitliyi","status":"publish","type":"post","link":"https:\/\/www.meydan.tv\/az\/article\/min-ilin-sakitliyi\/","title":{"rendered":"Min ilin sakitliyi"},"content":{"rendered":"<figure class=\"wp-block-image size-large\">\n  <img decoding=\"async\" src=\"https:\/\/www.meydan.tv\/az\/zaur-qurbanli-3\/\" alt=\"Zaur Qurbanl\u0131\" class=\"wp-image-72139\"\/><figcaption>\n    Zaur Qurbanl\u0131<br \/>\n  <\/figcaption><\/figure>\n<figure class=\"wp-block-image size-large\">\n  <img decoding=\"async\" src=\"https:\/\/www.meydan.tv\/az\/zaur-qurbanli-banner\/\" alt=\"Zaur Qurbanl\u0131 &#8211; Banner\" class=\"wp-image-54453\"\/><figcaption>\n    Zaur Qurbanl\u0131 &#8211; Banner<br \/>\n  <\/figcaption><\/figure>\n<p>\n  Cinsi yolla \u00e7oxalan bitkil\u0259rin \u0259ks\u0259riyy\u0259tinin nec\u0259 artmas\u0131n\u0131 biz\u0259 Botanika f\u0259nnind\u0259n \u00f6yr\u0259dibl\u0259r. Di\u015ficik mayalan\u0131r, i\u00e7ind\u0259 r\u00fc\u015feym \u0259m\u0259l\u0259 g\u0259lir. Sonra is\u0259 \u0259slind\u0259 adi, amma m\u0259n\u0259 h\u0259mi\u015f\u0259 q\u0259rib\u0259 g\u0259l\u0259n bir \u015fey ba\u015f verir. Di\u015ficik \u2013 ana d\u00f6n\u00fcb meyv\u0259 olur. Y\u0259ni di\u015ficiyin \u0259sas hiss\u0259si b\u00f6y\u00fcy\u00fcr, meyv\u0259y\u0259 \u00e7evrilir, i\u00e7\u0259rid\u0259ki toxumlar \u2013 balalar is\u0259 m\u0259hz bu meyv\u0259ni \u2013 \u00f6z analar\u0131n\u0131 yey\u0259r\u0259k, b\u00f6y\u00fcy\u00fcrl\u0259r, torpaqdan ba\u015f qald\u0131r\u0131b d\u00fcnyaya g\u0259lirl\u0259r. Bitkil\u0259rd\u0259 bel\u0259dir \u2013 ana balas\u0131n\u0131n d\u00fcnyaya g\u0259lm\u0259si \u00fc\u00e7\u00fcn \u00f6l\u00fcr, bala ilk g\u00fcnl\u0259r yaln\u0131z bu &#8220;meyit&#8221;i yey\u0259r\u0259k ya\u015faya bilir.\n<\/p>\n<p>\n  B\u0259s bizd\u0259? Heyvanlar\u0131n k\u00f6k\u00fc bitkil\u0259rd\u0259n g\u0259ldiyind\u0259ndir, ya n\u0259d\u0259ndirs\u0259, el\u0259 bizd\u0259 d\u0259 analar\u0131n f\u0259dakarl\u0131\u011f\u0131n\u0131n \u015fahidi oluruq. Son ill\u0259rd\u0259 h\u0259bs olunan g\u0259ncl\u0259rin \u0259ks\u0259riyy\u0259tinin analar\u0131 \u00e7\u0131x\u0131b kamera qar\u015f\u0131s\u0131na m\u00fcsahib\u0259l\u0259r verib, el\u0259-hey dan\u0131\u015f\u0131blar, \u00f6vladlar\u0131n\u0131 m\u00fcdafi\u0259 edibl\u0259r, \u00f6zl\u0259rini d\u0259 \u00f6vladlar\u0131n\u0131n m\u00fcbariz\u0259sinin t\u0259rkib hiss\u0259sind\u0259 g\u00f6r\u00fcbl\u0259r, qorxmadan diktatordan tutmu\u015f onun b\u00fct\u00fcn qulbe\u00e7\u0259l\u0259rin\u0259 kimi ham\u0131ya meydan oxuyublar. Atalar bu i\u015fd\u0259 analara h\u0259mi\u015f\u0259 uduzublar.\n<\/p>\n<p>\n  Maraql\u0131 buras\u0131d\u0131r ki, m\u00fcbariz\u0259 aparan insanlar\u0131n \u0259ks\u0259riyy\u0259ti ki\u015fi cinsind\u0259ndir. Bu alovlu \u00e7\u0131x\u0131\u015f ed\u0259n analar\u0131n g\u0259nc oldu\u011fu d\u00f6vrd\u0259 d\u0259 el\u0259 idi. Sovet d\u00f6vr\u00fcnd\u0259n tan\u0131d\u0131\u011f\u0131m\u0131z dissidentl\u0259rin ne\u00e7\u0259 faizi qad\u0131n olub?! (\u0259n az\u0131 Brejnevin d\u00f6vr\u00fcnd\u0259n) Amma xeyli ki\u015fi m\u00fcbariz\u0259 apar\u0131b, tutulub. B\u0259s o ki\u015fil\u0259rin bac\u0131lar\u0131 harada idil\u0259r?\n<\/p>\n<p>\n  M\u0259nim g\u00f6rd\u00fcy\u00fcm m\u0259nz\u0259r\u0259 budur \u2013 qad\u0131nlar el\u0259 bitkil\u0259rd\u0259 oldu\u011fu kimi susurlar, sakitc\u0259 \u00f6zl\u0259rini qurban edirl\u0259r, \u00f6vladlar\u0131 is\u0259 onlar\u0131 yey\u0259r\u0259k, ir\u0259lil\u0259yirl\u0259r, m\u00fcbariz\u0259 apar\u0131rlar \u2013 ya\u015fay\u0131rlar.\n<\/p>\n<p>\n  O g\u00fcn Qiyas\u0131n anas\u0131 dan\u0131\u015f\u0131rd\u0131. O\u011flunun yan\u0131nda idi, rejimin d\u0259 qar\u015f\u0131s\u0131nda \u2013 n\u0259 q\u0259d\u0259r bacar\u0131rsa, o q\u0259d\u0259r. Qiyas kimi m\u00fcbariz\u0259 apar\u0131b h\u0259bs olunan g\u0259ncl\u0259rin ya\u015f\u0131dlar\u0131 olan q\u0131zlar n\u0259 edir b\u0259s? M\u0259nc\u0259, sakitc\u0259 g\u00f6zl\u0259yirl\u0259r. Onlar\u0131n da u\u015faqlar\u0131n\u0131n h\u0259bs olunaca\u011f\u0131n\u0131, d\u00f6y\u00fcl\u0259c\u0259yini, \u00f6ld\u00fcr\u00fcl\u0259c\u0259yini v\u0259 o zaman b\u00fct\u00fcn b\u0259d\u0259nl\u0259ri il\u0259 bitkil\u0259rin di\u015ficiyi kimi \u00f6vladlar\u0131na s\u0259rf olunacaqlar\u0131n\u0131 g\u00f6zl\u0259yirl\u0259r.\n<\/p>\n<p>\n  Bu yaz\u0131n\u0131 n\u0259 kimis\u0259 t\u0259rifl\u0259m\u0259k, n\u0259 d\u0259 q\u0131namaq \u00fc\u00e7\u00fcn yaz\u0131ram. H\u0259mi\u015f\u0259 qad\u0131n h\u00fcquqlar\u0131ndan yazm\u0131\u015fam, qad\u0131nlarla ki\u015fil\u0259rin h\u00fcquqca b\u0259rab\u0259rliyinin radikal t\u0259r\u0259fdar\u0131yam. Ona g\u00f6r\u0259 d\u0259 bu m\u0259nz\u0259r\u0259 ist\u0259r-ist\u0259m\u0259z diqq\u0259timi \u00e7\u0259kir. \u018fn az\u0131 bizim \u00f6lk\u0259d\u0259 qad\u0131nlar\u0131n \u0259ks\u0259riyy\u0259ti \u2013 ki\u015fil\u0259rd\u0259n daha \u00e7oxu susurlar, h\u0259lledici anda is\u0259 \u00f6zl\u0259rini qurban verirl\u0259r \u2013 sakitc\u0259, sanki on ill\u0259rdir buna haz\u0131rla\u015f\u0131rm\u0131\u015flar kimi, ba\u015flar\u0131n\u0131 dik tutub divar\u0131n \u0259ksin\u0259 gedirl\u0259r.\n<\/p>\n<p>\n  Bilmir\u0259m, bunun g\u0259l\u0259c\u0259k \u00fc\u00e7\u00fcn xeyri olacaq, ya yox. Sad\u0259c\u0259 onlar\u0131n bu sakit q\u0259tiyy\u0259tl\u0259ri \u00e7oxdan, lap \u00e7oxdan var kimi g\u0259lir m\u0259n\u0259. H\u0259l\u0259 ki\u015fil\u0259rin qad\u0131nlar\u0131 \u0259zm\u0259y\u0259 ba\u015flad\u0131\u011f\u0131, o matriarat\u0131n da\u011f\u0131lma\u011fa ba\u015fland\u0131\u011f\u0131 min ill\u0259r \u00f6nc\u0259d\u0259n. M\u00fcharib\u0259l\u0259ri, soyq\u0131r\u0131mlar\u0131 v\u0259 daha n\u0259 q\u0259d\u0259r iyr\u0259nclikl\u0259ri t\u00f6r\u0259d\u0259n insanlar\u0131n 99%-i ki\u015fil\u0259r olub. Qad\u0131nlar\u0131n n\u0259 onlar\u0131n qar\u015f\u0131s\u0131n\u0131 alma\u011fa g\u00fcc\u00fc \u00e7at\u0131b, n\u0259 dinm\u0259y\u0259 s\u0259sl\u0259ri. B\u0259\u015f\u0259riyy\u0259tin bu yar\u0131s\u0131 \u0259ks\u0259r vaxt sad\u0259c\u0259 susub. Amma i\u00e7l\u0259rind\u0259ki o t\u0259kam\u00fcl enerjisi b\u0259z\u0259n ortaya \u00e7\u0131x\u0131b. Ad\u0259t\u0259n \u00f6vladlar\u0131na qar\u015f\u0131 haqs\u0131zl\u0131q olanda. Min ill\u0259rin gizli bir \u0259n\u0259n\u0259si imi\u015f kimi susaraq \u00f6t\u00fcr\u00fcl\u0259n sirri b\u0259yan edirc\u0259sin\u0259 \u00e7\u0131x\u0131blar kameran\u0131n qaba\u011f\u0131na, deyibl\u0259r ki, &#8220;M\u0259nim o\u011flum n\u0259 edirs\u0259, d\u00fcz edir. M\u0259n onunlayam. M\u0259n onunla f\u0259xr edir\u0259m&#8221;.\n<\/p>\n<p>\n  O\u011fullar da bu d\u0259st\u0259kl\u0259 davam edibl\u0259r, d\u0259yi\u015fiklikl\u0259r edibl\u0259r, b\u0259z\u0259n el\u0259 qad\u0131nlar\u0131n s\u0259sini d\u0259 bo\u011fublar&#8230; H\u0259r n\u0259 edibl\u0259rs\u0259, edibl\u0259r. Amma b\u0259\u015f\u0259riyy\u0259tin b\u00fct\u00fcn proqresinin arxas\u0131nda daim \u0259zilmi\u015f, bo\u011fulmu\u015f qad\u0131n irad\u0259si, qad\u0131n s\u0259si, onlar\u0131n sakit t\u0259mkini g\u00f6r\u00fcn\u00fcr.<\/p>\n","protected":false},"excerpt":{"rendered":"<p>Cinsi yolla \u00e7oxalan bitkil\u0259rin \u0259ks\u0259riyy\u0259tinin nec\u0259 artmas\u0131n\u0131 biz\u0259 Botanika f\u0259nnind\u0259n \u00f6yr\u0259dibl\u0259r<\/p>\n","protected":false},"author":11,"featured_media":72139,"comment_status":"closed","ping_status":"open","sticky":false,"template":"","format":"standard","meta":{"_acf_changed":false,"_sitemap_exclude":false,"_sitemap_priority":"","_sitemap_frequency":"","footnotes":""},"categories":[57],"tags":[],"class_list":["post-180566","post","type-post","status-publish","format-standard","has-post-thumbnail","hentry","category-menim-fikrimce","infinite-scroll-item","generate-columns","tablet-grid-50","mobile-grid-100","grid-parent","grid-33","no-featured-image-padding"],"acf":[],"yoast_head":"<!-- This site is optimized with the Yoast SEO plugin v27.5 - https:\/\/yoast.com\/product\/yoast-seo-wordpress\/ -->\n<title>Min ilin sakitliyi - MEYDAN.TV<\/title>\n<meta name=\"robots\" content=\"index, follow, max-snippet:-1, max-image-preview:large, max-video-preview:-1\" \/>\n<link rel=\"canonical\" href=\"https:\/\/www.meydan.tv\/az\/article\/min-ilin-sakitliyi\/\" \/>\n<meta property=\"og:locale\" content=\"az_AZ\" \/>\n<meta property=\"og:type\" content=\"article\" \/>\n<meta property=\"og:title\" content=\"Min ilin sakitliyi - MEYDAN.TV\" \/>\n<meta property=\"og:description\" content=\"Cinsi yolla \u00e7oxalan bitkil\u0259rin \u0259ks\u0259riyy\u0259tinin nec\u0259 artmas\u0131n\u0131 biz\u0259 Botanika f\u0259nnind\u0259n \u00f6yr\u0259dibl\u0259r\" \/>\n<meta property=\"og:url\" content=\"https:\/\/www.meydan.tv\/az\/article\/min-ilin-sakitliyi\/\" \/>\n<meta property=\"og:site_name\" content=\"MEYDAN.TV\" \/>\n<meta property=\"article:published_time\" content=\"2016-11-20T14:51:59+00:00\" \/>\n<meta property=\"og:image\" content=\"https:\/\/www.meydan.tv\/wp-content\/uploads\/27670.jpg\" \/>\n\t<meta property=\"og:image:width\" content=\"500\" \/>\n\t<meta property=\"og:image:height\" content=\"350\" \/>\n\t<meta property=\"og:image:type\" content=\"image\/jpeg\" \/>\n<meta name=\"author\" content=\"user-manager\" \/>\n<meta name=\"twitter:card\" content=\"summary_large_image\" \/>\n<script type=\"application\/ld+json\" class=\"yoast-schema-graph\">{\"@context\":\"https:\\\/\\\/schema.org\",\"@graph\":[{\"@type\":\"Article\",\"@id\":\"https:\\\/\\\/www.meydan.tv\\\/az\\\/article\\\/min-ilin-sakitliyi\\\/#article\",\"isPartOf\":{\"@id\":\"https:\\\/\\\/www.meydan.tv\\\/az\\\/article\\\/min-ilin-sakitliyi\\\/\"},\"author\":{\"name\":\"user-manager\",\"@id\":\"https:\\\/\\\/www.meydan.tv\\\/az\\\/#\\\/schema\\\/person\\\/10d11eccf6da3662cf5fdab9806ea91a\"},\"headline\":\"Min ilin sakitliyi\",\"datePublished\":\"2016-11-20T14:51:59+00:00\",\"mainEntityOfPage\":{\"@id\":\"https:\\\/\\\/www.meydan.tv\\\/az\\\/article\\\/min-ilin-sakitliyi\\\/\"},\"wordCount\":826,\"publisher\":{\"@id\":\"https:\\\/\\\/www.meydan.tv\\\/az\\\/#organization\"},\"image\":{\"@id\":\"https:\\\/\\\/www.meydan.tv\\\/az\\\/article\\\/min-ilin-sakitliyi\\\/#primaryimage\"},\"thumbnailUrl\":\"https:\\\/\\\/www.meydan.tv\\\/wp-content\\\/uploads\\\/27670.jpg\",\"articleSection\":[\"M\u0259nim Fikrimc\u0259\"],\"inLanguage\":\"az\"},{\"@type\":\"WebPage\",\"@id\":\"https:\\\/\\\/www.meydan.tv\\\/az\\\/article\\\/min-ilin-sakitliyi\\\/\",\"url\":\"https:\\\/\\\/www.meydan.tv\\\/az\\\/article\\\/min-ilin-sakitliyi\\\/\",\"name\":\"Min ilin sakitliyi - MEYDAN.TV\",\"isPartOf\":{\"@id\":\"https:\\\/\\\/www.meydan.tv\\\/az\\\/#website\"},\"primaryImageOfPage\":{\"@id\":\"https:\\\/\\\/www.meydan.tv\\\/az\\\/article\\\/min-ilin-sakitliyi\\\/#primaryimage\"},\"image\":{\"@id\":\"https:\\\/\\\/www.meydan.tv\\\/az\\\/article\\\/min-ilin-sakitliyi\\\/#primaryimage\"},\"thumbnailUrl\":\"https:\\\/\\\/www.meydan.tv\\\/wp-content\\\/uploads\\\/27670.jpg\",\"datePublished\":\"2016-11-20T14:51:59+00:00\",\"breadcrumb\":{\"@id\":\"https:\\\/\\\/www.meydan.tv\\\/az\\\/article\\\/min-ilin-sakitliyi\\\/#breadcrumb\"},\"inLanguage\":\"az\",\"potentialAction\":[{\"@type\":\"ReadAction\",\"target\":[\"https:\\\/\\\/www.meydan.tv\\\/az\\\/article\\\/min-ilin-sakitliyi\\\/\"]}]},{\"@type\":\"ImageObject\",\"inLanguage\":\"az\",\"@id\":\"https:\\\/\\\/www.meydan.tv\\\/az\\\/article\\\/min-ilin-sakitliyi\\\/#primaryimage\",\"url\":\"https:\\\/\\\/www.meydan.tv\\\/wp-content\\\/uploads\\\/27670.jpg\",\"contentUrl\":\"https:\\\/\\\/www.meydan.tv\\\/wp-content\\\/uploads\\\/27670.jpg\",\"width\":500,\"height\":350,\"caption\":\"Source:\"},{\"@type\":\"BreadcrumbList\",\"@id\":\"https:\\\/\\\/www.meydan.tv\\\/az\\\/article\\\/min-ilin-sakitliyi\\\/#breadcrumb\",\"itemListElement\":[{\"@type\":\"ListItem\",\"position\":1,\"name\":\"Ana s\u0259hif\u0259\",\"item\":\"https:\\\/\\\/www.meydan.tv\\\/az\\\/\"},{\"@type\":\"ListItem\",\"position\":2,\"name\":\"M\u0259nim Fikrimc\u0259\",\"item\":\"https:\\\/\\\/www.meydan.tv\\\/az\\\/section\\\/menim-fikrimce\\\/\"},{\"@type\":\"ListItem\",\"position\":3,\"name\":\"Min ilin sakitliyi\"}]},{\"@type\":\"WebSite\",\"@id\":\"https:\\\/\\\/www.meydan.tv\\\/az\\\/#website\",\"url\":\"https:\\\/\\\/www.meydan.tv\\\/az\\\/\",\"name\":\"MEYDAN.TV\",\"description\":\"Meydan TV Az\u0259rbaycan\u0131n media m\u0259kan\u0131ndak\u0131 alternativ s\u0259sidir\",\"publisher\":{\"@id\":\"https:\\\/\\\/www.meydan.tv\\\/az\\\/#organization\"},\"potentialAction\":[{\"@type\":\"SearchAction\",\"target\":{\"@type\":\"EntryPoint\",\"urlTemplate\":\"https:\\\/\\\/www.meydan.tv\\\/az\\\/?s={search_term_string}\"},\"query-input\":{\"@type\":\"PropertyValueSpecification\",\"valueRequired\":true,\"valueName\":\"search_term_string\"}}],\"inLanguage\":\"az\"},{\"@type\":\"Organization\",\"@id\":\"https:\\\/\\\/www.meydan.tv\\\/az\\\/#organization\",\"name\":\"Meydan TV\",\"url\":\"https:\\\/\\\/www.meydan.tv\\\/az\\\/\",\"logo\":{\"@type\":\"ImageObject\",\"inLanguage\":\"az\",\"@id\":\"https:\\\/\\\/www.meydan.tv\\\/az\\\/#\\\/schema\\\/logo\\\/image\\\/\",\"url\":\"https:\\\/\\\/www.meydan.tv\\\/wp-content\\\/uploads\\\/2021\\\/07\\\/meydan-logo.svg\",\"contentUrl\":\"https:\\\/\\\/www.meydan.tv\\\/wp-content\\\/uploads\\\/2021\\\/07\\\/meydan-logo.svg\",\"width\":195,\"height\":46,\"caption\":\"Meydan TV\"},\"image\":{\"@id\":\"https:\\\/\\\/www.meydan.tv\\\/az\\\/#\\\/schema\\\/logo\\\/image\\\/\"}},{\"@type\":\"Person\",\"@id\":\"https:\\\/\\\/www.meydan.tv\\\/az\\\/#\\\/schema\\\/person\\\/10d11eccf6da3662cf5fdab9806ea91a\",\"name\":\"user-manager\"}]}<\/script>\n<!-- \/ Yoast SEO plugin. -->","yoast_head_json":{"title":"Min ilin sakitliyi - MEYDAN.TV","robots":{"index":"index","follow":"follow","max-snippet":"max-snippet:-1","max-image-preview":"max-image-preview:large","max-video-preview":"max-video-preview:-1"},"canonical":"https:\/\/www.meydan.tv\/az\/article\/min-ilin-sakitliyi\/","og_locale":"az_AZ","og_type":"article","og_title":"Min ilin sakitliyi - MEYDAN.TV","og_description":"Cinsi yolla \u00e7oxalan bitkil\u0259rin \u0259ks\u0259riyy\u0259tinin nec\u0259 artmas\u0131n\u0131 biz\u0259 Botanika f\u0259nnind\u0259n \u00f6yr\u0259dibl\u0259r","og_url":"https:\/\/www.meydan.tv\/az\/article\/min-ilin-sakitliyi\/","og_site_name":"MEYDAN.TV","article_published_time":"2016-11-20T14:51:59+00:00","og_image":[{"width":500,"height":350,"url":"https:\/\/www.meydan.tv\/wp-content\/uploads\/27670.jpg","type":"image\/jpeg"}],"author":"user-manager","twitter_card":"summary_large_image","schema":{"@context":"https:\/\/schema.org","@graph":[{"@type":"Article","@id":"https:\/\/www.meydan.tv\/az\/article\/min-ilin-sakitliyi\/#article","isPartOf":{"@id":"https:\/\/www.meydan.tv\/az\/article\/min-ilin-sakitliyi\/"},"author":{"name":"user-manager","@id":"https:\/\/www.meydan.tv\/az\/#\/schema\/person\/10d11eccf6da3662cf5fdab9806ea91a"},"headline":"Min ilin sakitliyi","datePublished":"2016-11-20T14:51:59+00:00","mainEntityOfPage":{"@id":"https:\/\/www.meydan.tv\/az\/article\/min-ilin-sakitliyi\/"},"wordCount":826,"publisher":{"@id":"https:\/\/www.meydan.tv\/az\/#organization"},"image":{"@id":"https:\/\/www.meydan.tv\/az\/article\/min-ilin-sakitliyi\/#primaryimage"},"thumbnailUrl":"https:\/\/www.meydan.tv\/wp-content\/uploads\/27670.jpg","articleSection":["M\u0259nim Fikrimc\u0259"],"inLanguage":"az"},{"@type":"WebPage","@id":"https:\/\/www.meydan.tv\/az\/article\/min-ilin-sakitliyi\/","url":"https:\/\/www.meydan.tv\/az\/article\/min-ilin-sakitliyi\/","name":"Min ilin sakitliyi - MEYDAN.TV","isPartOf":{"@id":"https:\/\/www.meydan.tv\/az\/#website"},"primaryImageOfPage":{"@id":"https:\/\/www.meydan.tv\/az\/article\/min-ilin-sakitliyi\/#primaryimage"},"image":{"@id":"https:\/\/www.meydan.tv\/az\/article\/min-ilin-sakitliyi\/#primaryimage"},"thumbnailUrl":"https:\/\/www.meydan.tv\/wp-content\/uploads\/27670.jpg","datePublished":"2016-11-20T14:51:59+00:00","breadcrumb":{"@id":"https:\/\/www.meydan.tv\/az\/article\/min-ilin-sakitliyi\/#breadcrumb"},"inLanguage":"az","potentialAction":[{"@type":"ReadAction","target":["https:\/\/www.meydan.tv\/az\/article\/min-ilin-sakitliyi\/"]}]},{"@type":"ImageObject","inLanguage":"az","@id":"https:\/\/www.meydan.tv\/az\/article\/min-ilin-sakitliyi\/#primaryimage","url":"https:\/\/www.meydan.tv\/wp-content\/uploads\/27670.jpg","contentUrl":"https:\/\/www.meydan.tv\/wp-content\/uploads\/27670.jpg","width":500,"height":350,"caption":"Source:"},{"@type":"BreadcrumbList","@id":"https:\/\/www.meydan.tv\/az\/article\/min-ilin-sakitliyi\/#breadcrumb","itemListElement":[{"@type":"ListItem","position":1,"name":"Ana s\u0259hif\u0259","item":"https:\/\/www.meydan.tv\/az\/"},{"@type":"ListItem","position":2,"name":"M\u0259nim Fikrimc\u0259","item":"https:\/\/www.meydan.tv\/az\/section\/menim-fikrimce\/"},{"@type":"ListItem","position":3,"name":"Min ilin sakitliyi"}]},{"@type":"WebSite","@id":"https:\/\/www.meydan.tv\/az\/#website","url":"https:\/\/www.meydan.tv\/az\/","name":"MEYDAN.TV","description":"Meydan TV Az\u0259rbaycan\u0131n media m\u0259kan\u0131ndak\u0131 alternativ s\u0259sidir","publisher":{"@id":"https:\/\/www.meydan.tv\/az\/#organization"},"potentialAction":[{"@type":"SearchAction","target":{"@type":"EntryPoint","urlTemplate":"https:\/\/www.meydan.tv\/az\/?s={search_term_string}"},"query-input":{"@type":"PropertyValueSpecification","valueRequired":true,"valueName":"search_term_string"}}],"inLanguage":"az"},{"@type":"Organization","@id":"https:\/\/www.meydan.tv\/az\/#organization","name":"Meydan TV","url":"https:\/\/www.meydan.tv\/az\/","logo":{"@type":"ImageObject","inLanguage":"az","@id":"https:\/\/www.meydan.tv\/az\/#\/schema\/logo\/image\/","url":"https:\/\/www.meydan.tv\/wp-content\/uploads\/2021\/07\/meydan-logo.svg","contentUrl":"https:\/\/www.meydan.tv\/wp-content\/uploads\/2021\/07\/meydan-logo.svg","width":195,"height":46,"caption":"Meydan TV"},"image":{"@id":"https:\/\/www.meydan.tv\/az\/#\/schema\/logo\/image\/"}},{"@type":"Person","@id":"https:\/\/www.meydan.tv\/az\/#\/schema\/person\/10d11eccf6da3662cf5fdab9806ea91a","name":"user-manager"}]}},"_links":{"self":[{"href":"https:\/\/www.meydan.tv\/az\/wp-json\/wp\/v2\/posts\/180566","targetHints":{"allow":["GET"]}}],"collection":[{"href":"https:\/\/www.meydan.tv\/az\/wp-json\/wp\/v2\/posts"}],"about":[{"href":"https:\/\/www.meydan.tv\/az\/wp-json\/wp\/v2\/types\/post"}],"author":[{"embeddable":true,"href":"https:\/\/www.meydan.tv\/az\/wp-json\/wp\/v2\/users\/11"}],"replies":[{"embeddable":true,"href":"https:\/\/www.meydan.tv\/az\/wp-json\/wp\/v2\/comments?post=180566"}],"version-history":[{"count":0,"href":"https:\/\/www.meydan.tv\/az\/wp-json\/wp\/v2\/posts\/180566\/revisions"}],"wp:featuredmedia":[{"embeddable":true,"href":"https:\/\/www.meydan.tv\/az\/wp-json\/wp\/v2\/media\/72139"}],"wp:attachment":[{"href":"https:\/\/www.meydan.tv\/az\/wp-json\/wp\/v2\/media?parent=180566"}],"wp:term":[{"taxonomy":"category","embeddable":true,"href":"https:\/\/www.meydan.tv\/az\/wp-json\/wp\/v2\/categories?post=180566"},{"taxonomy":"post_tag","embeddable":true,"href":"https:\/\/www.meydan.tv\/az\/wp-json\/wp\/v2\/tags?post=180566"}],"curies":[{"name":"wp","href":"https:\/\/api.w.org\/{rel}","templated":true}]}}