{"id":180564,"date":"2016-11-20T14:34:36","date_gmt":"2016-11-20T14:34:36","guid":{"rendered":"https:\/\/www.meydan.tv\/article\/sermaye-qeyri-beraber-bolunende-fesadlar-toredir\/"},"modified":"2016-11-20T14:34:36","modified_gmt":"2016-11-20T14:34:36","slug":"sermaye-qeyri-beraber-bolunende-fesadlar-toredir","status":"publish","type":"post","link":"https:\/\/www.meydan.tv\/az\/article\/sermaye-qeyri-beraber-bolunende-fesadlar-toredir\/","title":{"rendered":"&#8221;S\u0259rmay\u0259 qeyri-b\u0259rab\u0259r b\u00f6l\u00fcn\u0259nd\u0259 f\u0259sadlar t\u00f6r\u0259dir&#8221;"},"content":{"rendered":"<figure class=\"wp-block-image size-large\">\n  <img decoding=\"async\" src=\"https:\/\/www.meydan.tv\/az\/69220\/\" alt=\"\" class=\"wp-image-69220\"\/><figcaption><\/figcaption><\/figure>\n<p>\n  <i><br \/>\n    R\u00f6v\u015f\u0259n A\u011fayev: &#8221;D\u00fcnyan\u0131n 70-80 il \u0259vv\u0259l getdiyi, son 30-40 ild\u0259 imtina etdiyi yolu biz indi se\u00e7irik&#8221;<br \/>\n  <\/i>\n<\/p>\n<p>\n  \u201cS\u0259rmay\u0259 harda c\u0259ml\u0259nirs\u0259, inki\u015faf \u00fc\u00e7\u00fcn z\u0259min d\u0259 orda yaran\u0131r. Pul harda toplan\u0131rsa, h\u0259min \u0259razi nasos kimi yax\u0131n-uzaq \u0259trafdak\u0131 b\u00fct\u00fcn insanlar\u0131 sorub g\u00f6t\u00fcr\u00fcr.\n<\/p>\n<p>\n  Son 15 ild\u0259 \u00f6lk\u0259 \u0259razisinin c\u0259mi 5%-ni t\u0259\u015fkil ed\u0259n Ab\u015feron yar\u0131madas\u0131n\u0131n (Bak\u0131 v\u0259 Sumqay\u0131t \u015f\u0259h\u0259rl\u0259ri+Ab\u015feron rayonu) timsal\u0131nda bunu ayd\u0131n g\u00f6rd\u00fck\u201d.\n<\/p>\n<p>\n  Bunu iqtisad\u00e7\u0131 R\u00f6v\u015f\u0259n A\u011fayev \u00f6z \u201cFacebook\u201d s\u0259hif\u0259sind\u0259 yaz\u0131b. \u0130qtisad\u00e7\u0131 deyir ki, bu g\u00fcn iqtisadiyyat \u00fczr\u0259 milli g\u0259lirin t\u0259xmin\u0259n 80, vergi g\u0259lirl\u0259rinin 95, ixrac\u0131n az 96, investisiyalar\u0131n is\u0259 70 faizi bu co\u011frafiyan\u0131n pay\u0131na d\u00fc\u015f\u00fcr:<br \/>\n  <br \/>\n  \u201cAmma problem t\u0259kc\u0259 \u00f6lk\u0259nin b\u00fct\u00fcn iqtisadi potensial\u0131n az qala 90 faizinin onun c\u0259mi 5 faizlik \u0259razisind\u0259 formala\u015fmas\u0131 il\u0259 d\u0259 bitmir.\n<\/p>\n<p>\n  Ab\u015feron yar\u0131madas\u0131n\u0131n \u00e7ox ki\u00e7ik sah\u0259sinin da daxilind\u0259 &#8220;periferiya-m\u0259rk\u0259z&#8221; problemi k\u0259skindir. R\u0259smi statstikan\u0131n m\u0259lumat\u0131na g\u00f6r\u0259, S\u0259bail, N\u0259rimanov v\u0259 N\u0259simi rayonlar\u0131 Bak\u0131 \u015f\u0259h\u0259ri \u0259razisinin c\u0259mi 3 faizini t\u0259\u015fkil edir. Amma 2015-ci ild\u0259 paytaxt iqtisadiyat\u0131na qoyulan 11.5 milyard manat investisiyan\u0131n 75 faizi (8.5 milyard manat) h\u0259min 3 faizlik \u0259raziy\u0259 y\u00f6n\u0259lib\u201d.\n<\/p>\n<p>\n  R\u00f6v\u015f\u0259n A\u011fayevin fikrinc\u0259, s\u0259rmay\u0259 t\u0259kc\u0259 inki\u015faf yaratm\u0131r &#8211; bu c\u00fcr qeyri-b\u0259rab\u0259r b\u00f6l\u00fcn\u0259nd\u0259 f\u0259sadlar da t\u00f6r\u0259dir:<br \/>\n  <br \/>\n  \u201cM\u0259s\u0259l\u0259n, h\u0259r g\u00fcn \u015f\u0259h\u0259rin m\u0259rk\u0259zind\u0259 insanlar\u0131n\u0131 \u00f6mr\u00fcn\u00fc q\u0131saldan t\u0131xaclar kimi. Ya\u011f\u0131\u015f normal ya\u011fanda faydal\u0131d\u0131r &#8211; quraql\u0131q yaranma\u011fa qoymur, canl\u0131 t\u0259bi\u0259tin suya t\u0259l\u0259bat\u0131n\u0131 qar\u015f\u0131lay\u0131r. Amma sel\u0259 \u00e7evril\u0259nd\u0259 da\u011f\u0131nt\u0131lar yarad\u0131r.<br \/>\n  <br \/>\n  S\u0259rmay\u0259l\u0259ri b\u00fct\u00fcn \u0259razil\u0259r\u0259 tarazl\u0131 payla\u015fd\u0131rmaqla inki\u015faf\u0131 da b\u00fct\u00fcn \u00f6lk\u0259y\u0259 yayma\u011fa nail olmaq g\u0259r\u0259kdi. H\u00f6kum\u0259tin haz\u0131rlanmaqda olan Yol X\u0259rit\u0259sinin ana x\u0259ttini tarazl\u0131 b\u00f6lg\u0259 inki\u015faf\u0131 t\u0259\u015fkil etm\u0259li idi. Sektorial inki\u015faf is\u0259 b\u00f6lg\u0259 inki\u015faf\u0131n\u0131n \u0259traf\u0131nda alt istiqam\u0259tl\u0259r kimi h\u0259d\u0259fl\u0259nm\u0259liydi.\n<\/p>\n<p>\n  M\u0259lumat \u00fc\u00e7\u00fcn deyim ki, inki\u015faf etmi\u015f \u00f6lk\u0259l\u0259rd\u0259 art\u0131q son 30-40 ild\u0259 iqtisadiyyatda sektorial inki\u015faf prioritetini tarazl\u0131 \u0259razi inki\u015faf\u0131 \u0259v\u0259zl\u0259yib. Az\u0259rbaycanda n\u0259 zamansa pe\u015f\u0259kar h\u00f6kum\u0259t qurulanda \u00f6lk\u0259nin b\u00f6hrandan \u00e7\u0131xar\u0131b davaml\u0131 inki\u015faf yoluna \u00e7\u0131xmaq \u00fc\u00e7\u00fcn \u0259sas resept bu olacaq. D\u00fcnyan\u0131n 70-80 il \u0259vv\u0259l getdiyi, son 30-40 ild\u0259 imtina etdiyi yolu biz indi se\u00e7irik. H\u0259l\u0259 o yolu hans\u0131 keyfiyy\u0259tl\u0259 ged\u0259c\u0259yimiz d\u0259 bir ayr\u0131 m\u00f6vzudur.\n<\/p>\n<p>\n  \u0130ndiki hakimiyy\u0259t bu yolu se\u00e7\u0259 bilm\u0259z- t\u0259kc\u0259 ona g\u00f6r\u0259 yox ki, korrupsiya maraqlar\u0131 indiki idaretm\u0259 mexanizml\u0259rini d\u0259yi\u015fm\u0259k \u00fc\u00e7\u00fcn \u0259ng\u0259ldir. H\u0259m d\u0259 o s\u0259b\u0259bd\u0259n ki, qeyd el\u0259diyim prioritetin se\u00e7ilm\u0259si siyasi v\u0259 kapital t\u0259m\u0259rk\u00fczl\u0259\u015fm\u0259sind\u0259n imtinan\u0131 t\u0259l\u0259b edir. Halbuki, indiki siyasi sistemin m\u00f6vcudlu\u011fu y\u00fcs\u0259k siyasi m\u0259rk\u0259ziyy\u0259t\u0259 (h\u0259m\u00e7inin onun do\u011furdu\u011fu kapital t\u0259m\u0259rk\u00fczl\u0259\u015fm\u0259sin\u0259) \u0259saslan\u0131r\u201d.<\/p>\n","protected":false},"excerpt":{"rendered":"<p>R\u00f6v\u015f\u0259n A\u011fayev: &#8221;D\u00fcnyan\u0131n 70-80 il \u0259vv\u0259l getdiyi, son 30-40 ild\u0259 imtina etdiyi yolu biz indi se\u00e7irik&#8221;<\/p>\n","protected":false},"author":11,"featured_media":69220,"comment_status":"closed","ping_status":"open","sticky":false,"template":"","format":"standard","meta":{"_acf_changed":false,"_sitemap_exclude":false,"_sitemap_priority":"","_sitemap_frequency":"","footnotes":""},"categories":[51],"tags":[],"class_list":["post-180564","post","type-post","status-publish","format-standard","has-post-thumbnail","hentry","category-analitika","infinite-scroll-item","generate-columns","tablet-grid-50","mobile-grid-100","grid-parent","grid-33","no-featured-image-padding"],"acf":[],"yoast_head":"<!-- This site is optimized with the Yoast SEO plugin v27.5 - https:\/\/yoast.com\/product\/yoast-seo-wordpress\/ -->\n<title>&#039;&#039;S\u0259rmay\u0259 qeyri-b\u0259rab\u0259r b\u00f6l\u00fcn\u0259nd\u0259 f\u0259sadlar t\u00f6r\u0259dir&#039;&#039; - MEYDAN.TV<\/title>\n<meta name=\"robots\" content=\"index, follow, max-snippet:-1, max-image-preview:large, max-video-preview:-1\" \/>\n<link rel=\"canonical\" href=\"https:\/\/www.meydan.tv\/az\/article\/sermaye-qeyri-beraber-bolunende-fesadlar-toredir\/\" \/>\n<meta property=\"og:locale\" content=\"az_AZ\" \/>\n<meta property=\"og:type\" content=\"article\" \/>\n<meta property=\"og:title\" content=\"&#039;&#039;S\u0259rmay\u0259 qeyri-b\u0259rab\u0259r b\u00f6l\u00fcn\u0259nd\u0259 f\u0259sadlar t\u00f6r\u0259dir&#039;&#039; - MEYDAN.TV\" \/>\n<meta property=\"og:description\" content=\"R\u00f6v\u015f\u0259n A\u011fayev: &#039;&#039;D\u00fcnyan\u0131n 70-80 il \u0259vv\u0259l getdiyi, son 30-40 ild\u0259 imtina etdiyi yolu biz indi se\u00e7irik&#039;&#039;\" \/>\n<meta property=\"og:url\" content=\"https:\/\/www.meydan.tv\/az\/article\/sermaye-qeyri-beraber-bolunende-fesadlar-toredir\/\" \/>\n<meta property=\"og:site_name\" content=\"MEYDAN.TV\" \/>\n<meta property=\"article:published_time\" content=\"2016-11-20T14:34:36+00:00\" \/>\n<meta property=\"og:image\" content=\"https:\/\/www.meydan.tv\/wp-content\/uploads\/26482.jpg\" \/>\n\t<meta property=\"og:image:width\" content=\"773\" \/>\n\t<meta property=\"og:image:height\" content=\"420\" \/>\n\t<meta property=\"og:image:type\" content=\"image\/jpeg\" \/>\n<meta name=\"author\" content=\"user-manager\" \/>\n<meta name=\"twitter:card\" content=\"summary_large_image\" \/>\n<script type=\"application\/ld+json\" class=\"yoast-schema-graph\">{\"@context\":\"https:\\\/\\\/schema.org\",\"@graph\":[{\"@type\":\"Article\",\"@id\":\"https:\\\/\\\/www.meydan.tv\\\/az\\\/article\\\/sermaye-qeyri-beraber-bolunende-fesadlar-toredir\\\/#article\",\"isPartOf\":{\"@id\":\"https:\\\/\\\/www.meydan.tv\\\/az\\\/article\\\/sermaye-qeyri-beraber-bolunende-fesadlar-toredir\\\/\"},\"author\":{\"name\":\"user-manager\",\"@id\":\"https:\\\/\\\/www.meydan.tv\\\/az\\\/#\\\/schema\\\/person\\\/10d11eccf6da3662cf5fdab9806ea91a\"},\"headline\":\"&#8221;S\u0259rmay\u0259 qeyri-b\u0259rab\u0259r b\u00f6l\u00fcn\u0259nd\u0259 f\u0259sadlar t\u00f6r\u0259dir&#8221;\",\"datePublished\":\"2016-11-20T14:34:36+00:00\",\"mainEntityOfPage\":{\"@id\":\"https:\\\/\\\/www.meydan.tv\\\/az\\\/article\\\/sermaye-qeyri-beraber-bolunende-fesadlar-toredir\\\/\"},\"wordCount\":584,\"publisher\":{\"@id\":\"https:\\\/\\\/www.meydan.tv\\\/az\\\/#organization\"},\"image\":{\"@id\":\"https:\\\/\\\/www.meydan.tv\\\/az\\\/article\\\/sermaye-qeyri-beraber-bolunende-fesadlar-toredir\\\/#primaryimage\"},\"thumbnailUrl\":\"https:\\\/\\\/www.meydan.tv\\\/wp-content\\\/uploads\\\/26482.jpg\",\"articleSection\":[\"Analitika\"],\"inLanguage\":\"az\"},{\"@type\":\"WebPage\",\"@id\":\"https:\\\/\\\/www.meydan.tv\\\/az\\\/article\\\/sermaye-qeyri-beraber-bolunende-fesadlar-toredir\\\/\",\"url\":\"https:\\\/\\\/www.meydan.tv\\\/az\\\/article\\\/sermaye-qeyri-beraber-bolunende-fesadlar-toredir\\\/\",\"name\":\"''S\u0259rmay\u0259 qeyri-b\u0259rab\u0259r b\u00f6l\u00fcn\u0259nd\u0259 f\u0259sadlar t\u00f6r\u0259dir'' - MEYDAN.TV\",\"isPartOf\":{\"@id\":\"https:\\\/\\\/www.meydan.tv\\\/az\\\/#website\"},\"primaryImageOfPage\":{\"@id\":\"https:\\\/\\\/www.meydan.tv\\\/az\\\/article\\\/sermaye-qeyri-beraber-bolunende-fesadlar-toredir\\\/#primaryimage\"},\"image\":{\"@id\":\"https:\\\/\\\/www.meydan.tv\\\/az\\\/article\\\/sermaye-qeyri-beraber-bolunende-fesadlar-toredir\\\/#primaryimage\"},\"thumbnailUrl\":\"https:\\\/\\\/www.meydan.tv\\\/wp-content\\\/uploads\\\/26482.jpg\",\"datePublished\":\"2016-11-20T14:34:36+00:00\",\"breadcrumb\":{\"@id\":\"https:\\\/\\\/www.meydan.tv\\\/az\\\/article\\\/sermaye-qeyri-beraber-bolunende-fesadlar-toredir\\\/#breadcrumb\"},\"inLanguage\":\"az\",\"potentialAction\":[{\"@type\":\"ReadAction\",\"target\":[\"https:\\\/\\\/www.meydan.tv\\\/az\\\/article\\\/sermaye-qeyri-beraber-bolunende-fesadlar-toredir\\\/\"]}]},{\"@type\":\"ImageObject\",\"inLanguage\":\"az\",\"@id\":\"https:\\\/\\\/www.meydan.tv\\\/az\\\/article\\\/sermaye-qeyri-beraber-bolunende-fesadlar-toredir\\\/#primaryimage\",\"url\":\"https:\\\/\\\/www.meydan.tv\\\/wp-content\\\/uploads\\\/26482.jpg\",\"contentUrl\":\"https:\\\/\\\/www.meydan.tv\\\/wp-content\\\/uploads\\\/26482.jpg\",\"width\":773,\"height\":420,\"caption\":\"Source:\"},{\"@type\":\"BreadcrumbList\",\"@id\":\"https:\\\/\\\/www.meydan.tv\\\/az\\\/article\\\/sermaye-qeyri-beraber-bolunende-fesadlar-toredir\\\/#breadcrumb\",\"itemListElement\":[{\"@type\":\"ListItem\",\"position\":1,\"name\":\"Ana s\u0259hif\u0259\",\"item\":\"https:\\\/\\\/www.meydan.tv\\\/az\\\/\"},{\"@type\":\"ListItem\",\"position\":2,\"name\":\"Analitika\",\"item\":\"https:\\\/\\\/www.meydan.tv\\\/az\\\/section\\\/analitika\\\/\"},{\"@type\":\"ListItem\",\"position\":3,\"name\":\"&#8221;S\u0259rmay\u0259 qeyri-b\u0259rab\u0259r b\u00f6l\u00fcn\u0259nd\u0259 f\u0259sadlar t\u00f6r\u0259dir&#8221;\"}]},{\"@type\":\"WebSite\",\"@id\":\"https:\\\/\\\/www.meydan.tv\\\/az\\\/#website\",\"url\":\"https:\\\/\\\/www.meydan.tv\\\/az\\\/\",\"name\":\"MEYDAN.TV\",\"description\":\"Meydan TV Az\u0259rbaycan\u0131n media m\u0259kan\u0131ndak\u0131 alternativ s\u0259sidir\",\"publisher\":{\"@id\":\"https:\\\/\\\/www.meydan.tv\\\/az\\\/#organization\"},\"potentialAction\":[{\"@type\":\"SearchAction\",\"target\":{\"@type\":\"EntryPoint\",\"urlTemplate\":\"https:\\\/\\\/www.meydan.tv\\\/az\\\/?s={search_term_string}\"},\"query-input\":{\"@type\":\"PropertyValueSpecification\",\"valueRequired\":true,\"valueName\":\"search_term_string\"}}],\"inLanguage\":\"az\"},{\"@type\":\"Organization\",\"@id\":\"https:\\\/\\\/www.meydan.tv\\\/az\\\/#organization\",\"name\":\"Meydan TV\",\"url\":\"https:\\\/\\\/www.meydan.tv\\\/az\\\/\",\"logo\":{\"@type\":\"ImageObject\",\"inLanguage\":\"az\",\"@id\":\"https:\\\/\\\/www.meydan.tv\\\/az\\\/#\\\/schema\\\/logo\\\/image\\\/\",\"url\":\"https:\\\/\\\/www.meydan.tv\\\/wp-content\\\/uploads\\\/2021\\\/07\\\/meydan-logo.svg\",\"contentUrl\":\"https:\\\/\\\/www.meydan.tv\\\/wp-content\\\/uploads\\\/2021\\\/07\\\/meydan-logo.svg\",\"width\":195,\"height\":46,\"caption\":\"Meydan TV\"},\"image\":{\"@id\":\"https:\\\/\\\/www.meydan.tv\\\/az\\\/#\\\/schema\\\/logo\\\/image\\\/\"}},{\"@type\":\"Person\",\"@id\":\"https:\\\/\\\/www.meydan.tv\\\/az\\\/#\\\/schema\\\/person\\\/10d11eccf6da3662cf5fdab9806ea91a\",\"name\":\"user-manager\"}]}<\/script>\n<!-- \/ Yoast SEO plugin. -->","yoast_head_json":{"title":"''S\u0259rmay\u0259 qeyri-b\u0259rab\u0259r b\u00f6l\u00fcn\u0259nd\u0259 f\u0259sadlar t\u00f6r\u0259dir'' - MEYDAN.TV","robots":{"index":"index","follow":"follow","max-snippet":"max-snippet:-1","max-image-preview":"max-image-preview:large","max-video-preview":"max-video-preview:-1"},"canonical":"https:\/\/www.meydan.tv\/az\/article\/sermaye-qeyri-beraber-bolunende-fesadlar-toredir\/","og_locale":"az_AZ","og_type":"article","og_title":"''S\u0259rmay\u0259 qeyri-b\u0259rab\u0259r b\u00f6l\u00fcn\u0259nd\u0259 f\u0259sadlar t\u00f6r\u0259dir'' - MEYDAN.TV","og_description":"R\u00f6v\u015f\u0259n A\u011fayev: ''D\u00fcnyan\u0131n 70-80 il \u0259vv\u0259l getdiyi, son 30-40 ild\u0259 imtina etdiyi yolu biz indi se\u00e7irik''","og_url":"https:\/\/www.meydan.tv\/az\/article\/sermaye-qeyri-beraber-bolunende-fesadlar-toredir\/","og_site_name":"MEYDAN.TV","article_published_time":"2016-11-20T14:34:36+00:00","og_image":[{"width":773,"height":420,"url":"https:\/\/www.meydan.tv\/wp-content\/uploads\/26482.jpg","type":"image\/jpeg"}],"author":"user-manager","twitter_card":"summary_large_image","schema":{"@context":"https:\/\/schema.org","@graph":[{"@type":"Article","@id":"https:\/\/www.meydan.tv\/az\/article\/sermaye-qeyri-beraber-bolunende-fesadlar-toredir\/#article","isPartOf":{"@id":"https:\/\/www.meydan.tv\/az\/article\/sermaye-qeyri-beraber-bolunende-fesadlar-toredir\/"},"author":{"name":"user-manager","@id":"https:\/\/www.meydan.tv\/az\/#\/schema\/person\/10d11eccf6da3662cf5fdab9806ea91a"},"headline":"&#8221;S\u0259rmay\u0259 qeyri-b\u0259rab\u0259r b\u00f6l\u00fcn\u0259nd\u0259 f\u0259sadlar t\u00f6r\u0259dir&#8221;","datePublished":"2016-11-20T14:34:36+00:00","mainEntityOfPage":{"@id":"https:\/\/www.meydan.tv\/az\/article\/sermaye-qeyri-beraber-bolunende-fesadlar-toredir\/"},"wordCount":584,"publisher":{"@id":"https:\/\/www.meydan.tv\/az\/#organization"},"image":{"@id":"https:\/\/www.meydan.tv\/az\/article\/sermaye-qeyri-beraber-bolunende-fesadlar-toredir\/#primaryimage"},"thumbnailUrl":"https:\/\/www.meydan.tv\/wp-content\/uploads\/26482.jpg","articleSection":["Analitika"],"inLanguage":"az"},{"@type":"WebPage","@id":"https:\/\/www.meydan.tv\/az\/article\/sermaye-qeyri-beraber-bolunende-fesadlar-toredir\/","url":"https:\/\/www.meydan.tv\/az\/article\/sermaye-qeyri-beraber-bolunende-fesadlar-toredir\/","name":"''S\u0259rmay\u0259 qeyri-b\u0259rab\u0259r b\u00f6l\u00fcn\u0259nd\u0259 f\u0259sadlar t\u00f6r\u0259dir'' - MEYDAN.TV","isPartOf":{"@id":"https:\/\/www.meydan.tv\/az\/#website"},"primaryImageOfPage":{"@id":"https:\/\/www.meydan.tv\/az\/article\/sermaye-qeyri-beraber-bolunende-fesadlar-toredir\/#primaryimage"},"image":{"@id":"https:\/\/www.meydan.tv\/az\/article\/sermaye-qeyri-beraber-bolunende-fesadlar-toredir\/#primaryimage"},"thumbnailUrl":"https:\/\/www.meydan.tv\/wp-content\/uploads\/26482.jpg","datePublished":"2016-11-20T14:34:36+00:00","breadcrumb":{"@id":"https:\/\/www.meydan.tv\/az\/article\/sermaye-qeyri-beraber-bolunende-fesadlar-toredir\/#breadcrumb"},"inLanguage":"az","potentialAction":[{"@type":"ReadAction","target":["https:\/\/www.meydan.tv\/az\/article\/sermaye-qeyri-beraber-bolunende-fesadlar-toredir\/"]}]},{"@type":"ImageObject","inLanguage":"az","@id":"https:\/\/www.meydan.tv\/az\/article\/sermaye-qeyri-beraber-bolunende-fesadlar-toredir\/#primaryimage","url":"https:\/\/www.meydan.tv\/wp-content\/uploads\/26482.jpg","contentUrl":"https:\/\/www.meydan.tv\/wp-content\/uploads\/26482.jpg","width":773,"height":420,"caption":"Source:"},{"@type":"BreadcrumbList","@id":"https:\/\/www.meydan.tv\/az\/article\/sermaye-qeyri-beraber-bolunende-fesadlar-toredir\/#breadcrumb","itemListElement":[{"@type":"ListItem","position":1,"name":"Ana s\u0259hif\u0259","item":"https:\/\/www.meydan.tv\/az\/"},{"@type":"ListItem","position":2,"name":"Analitika","item":"https:\/\/www.meydan.tv\/az\/section\/analitika\/"},{"@type":"ListItem","position":3,"name":"&#8221;S\u0259rmay\u0259 qeyri-b\u0259rab\u0259r b\u00f6l\u00fcn\u0259nd\u0259 f\u0259sadlar t\u00f6r\u0259dir&#8221;"}]},{"@type":"WebSite","@id":"https:\/\/www.meydan.tv\/az\/#website","url":"https:\/\/www.meydan.tv\/az\/","name":"MEYDAN.TV","description":"Meydan TV Az\u0259rbaycan\u0131n media m\u0259kan\u0131ndak\u0131 alternativ s\u0259sidir","publisher":{"@id":"https:\/\/www.meydan.tv\/az\/#organization"},"potentialAction":[{"@type":"SearchAction","target":{"@type":"EntryPoint","urlTemplate":"https:\/\/www.meydan.tv\/az\/?s={search_term_string}"},"query-input":{"@type":"PropertyValueSpecification","valueRequired":true,"valueName":"search_term_string"}}],"inLanguage":"az"},{"@type":"Organization","@id":"https:\/\/www.meydan.tv\/az\/#organization","name":"Meydan TV","url":"https:\/\/www.meydan.tv\/az\/","logo":{"@type":"ImageObject","inLanguage":"az","@id":"https:\/\/www.meydan.tv\/az\/#\/schema\/logo\/image\/","url":"https:\/\/www.meydan.tv\/wp-content\/uploads\/2021\/07\/meydan-logo.svg","contentUrl":"https:\/\/www.meydan.tv\/wp-content\/uploads\/2021\/07\/meydan-logo.svg","width":195,"height":46,"caption":"Meydan TV"},"image":{"@id":"https:\/\/www.meydan.tv\/az\/#\/schema\/logo\/image\/"}},{"@type":"Person","@id":"https:\/\/www.meydan.tv\/az\/#\/schema\/person\/10d11eccf6da3662cf5fdab9806ea91a","name":"user-manager"}]}},"_links":{"self":[{"href":"https:\/\/www.meydan.tv\/az\/wp-json\/wp\/v2\/posts\/180564","targetHints":{"allow":["GET"]}}],"collection":[{"href":"https:\/\/www.meydan.tv\/az\/wp-json\/wp\/v2\/posts"}],"about":[{"href":"https:\/\/www.meydan.tv\/az\/wp-json\/wp\/v2\/types\/post"}],"author":[{"embeddable":true,"href":"https:\/\/www.meydan.tv\/az\/wp-json\/wp\/v2\/users\/11"}],"replies":[{"embeddable":true,"href":"https:\/\/www.meydan.tv\/az\/wp-json\/wp\/v2\/comments?post=180564"}],"version-history":[{"count":0,"href":"https:\/\/www.meydan.tv\/az\/wp-json\/wp\/v2\/posts\/180564\/revisions"}],"wp:featuredmedia":[{"embeddable":true,"href":"https:\/\/www.meydan.tv\/az\/wp-json\/wp\/v2\/media\/69220"}],"wp:attachment":[{"href":"https:\/\/www.meydan.tv\/az\/wp-json\/wp\/v2\/media?parent=180564"}],"wp:term":[{"taxonomy":"category","embeddable":true,"href":"https:\/\/www.meydan.tv\/az\/wp-json\/wp\/v2\/categories?post=180564"},{"taxonomy":"post_tag","embeddable":true,"href":"https:\/\/www.meydan.tv\/az\/wp-json\/wp\/v2\/tags?post=180564"}],"curies":[{"name":"wp","href":"https:\/\/api.w.org\/{rel}","templated":true}]}}